{"id":90720,"date":"2024-02-29T23:17:35","date_gmt":"2024-02-29T23:17:35","guid":{"rendered":"https:\/\/elregionalvm.com.ar\/noticias-villa-maria\/?p=90720"},"modified":"2024-03-02T04:25:00","modified_gmt":"2024-03-02T04:25:00","slug":"barrio-los-olmos-se-realizo-la-primera-edicion-del-canje-saludable","status":"publish","type":"post","link":"https:\/\/elregionalvm.com.ar\/noticias-villa-maria\/barrio-los-olmos-se-realizo-la-primera-edicion-del-canje-saludable\/","title":{"rendered":"Barrio Los Olmos: se realiz\u00f3 la primera edici\u00f3n del Canje Saludable"},"content":{"rendered":"\n<p>En una jornada de gran compromiso con el ambiente y el cuidado de la salud, el Municipio llev\u00f3 adelante la primera edici\u00f3n anual de Canje Saludable, que cont\u00f3 con la entusiasta respuesta de vecinos y vecinas del barrio Los Olmos. La iniciativa impulsada a trav\u00e9s de la Secretar\u00eda de Ambiente y el Instituto Libre del Ambiente (ILA), logr\u00f3 reunir una gran cantidad de materiales reciclables, incluyendo cart\u00f3n, papel, pl\u00e1stico y metal, gracias a la colaboraci\u00f3n activa de la comunidad.<\/p>\n\n\n\n<figure class=\"wp-block-image size-large\"><img data-recalc-dims=\"1\" fetchpriority=\"high\" decoding=\"async\" width=\"1024\" height=\"690\" src=\"https:\/\/i0.wp.com\/elregionalvm.com.ar\/noticias-villa-maria\/wp-content\/uploads\/2024\/02\/WhatsApp-Image-2024-02-29-at-2.29.21-PM.jpeg?resize=1024%2C690&#038;ssl=1\" alt=\"\" class=\"wp-image-90722\" srcset=\"https:\/\/i0.wp.com\/elregionalvm.com.ar\/noticias-villa-maria\/wp-content\/uploads\/2024\/02\/WhatsApp-Image-2024-02-29-at-2.29.21-PM.jpeg?resize=1024%2C690&amp;ssl=1 1024w, https:\/\/i0.wp.com\/elregionalvm.com.ar\/noticias-villa-maria\/wp-content\/uploads\/2024\/02\/WhatsApp-Image-2024-02-29-at-2.29.21-PM.jpeg?resize=300%2C202&amp;ssl=1 300w, https:\/\/i0.wp.com\/elregionalvm.com.ar\/noticias-villa-maria\/wp-content\/uploads\/2024\/02\/WhatsApp-Image-2024-02-29-at-2.29.21-PM.jpeg?resize=768%2C518&amp;ssl=1 768w, https:\/\/i0.wp.com\/elregionalvm.com.ar\/noticias-villa-maria\/wp-content\/uploads\/2024\/02\/WhatsApp-Image-2024-02-29-at-2.29.21-PM.jpeg?w=1280&amp;ssl=1 1280w\" sizes=\"(max-width: 1000px) 100vw, 1000px\" \/><\/figure>\n\n\n\n<p>Como parte del intercambio, cada vecino que deposit\u00f3 un m\u00ednimo de dos kilos de residuos recibi\u00f3 a cambio un bols\u00f3n de verduras compuesto por papas, zanahorias y cebollas, promoviendo as\u00ed el cuidado del ambiente y una alimentaci\u00f3n saludable.<\/p>\n\n\n\n<p>El personal del equipo municipal estuvo presente para registrar a los participantes en formularios, ya que se llevar\u00e1 a cabo el sorteo de una computadora reciclada entre todos los vecinos que se sumaron a la propuesta de econom\u00eda circular.<\/p>\n\n\n\n<figure class=\"wp-block-image size-large\"><img data-recalc-dims=\"1\" decoding=\"async\" width=\"1024\" height=\"682\" src=\"https:\/\/i0.wp.com\/elregionalvm.com.ar\/noticias-villa-maria\/wp-content\/uploads\/2024\/02\/WhatsApp-Image-2024-02-29-at-2.29.21-PM-1.jpeg?resize=1024%2C682&#038;ssl=1\" alt=\"\" class=\"wp-image-90721\" srcset=\"https:\/\/i0.wp.com\/elregionalvm.com.ar\/noticias-villa-maria\/wp-content\/uploads\/2024\/02\/WhatsApp-Image-2024-02-29-at-2.29.21-PM-1.jpeg?resize=1024%2C682&amp;ssl=1 1024w, https:\/\/i0.wp.com\/elregionalvm.com.ar\/noticias-villa-maria\/wp-content\/uploads\/2024\/02\/WhatsApp-Image-2024-02-29-at-2.29.21-PM-1.jpeg?resize=300%2C200&amp;ssl=1 300w, https:\/\/i0.wp.com\/elregionalvm.com.ar\/noticias-villa-maria\/wp-content\/uploads\/2024\/02\/WhatsApp-Image-2024-02-29-at-2.29.21-PM-1.jpeg?resize=768%2C512&amp;ssl=1 768w, https:\/\/i0.wp.com\/elregionalvm.com.ar\/noticias-villa-maria\/wp-content\/uploads\/2024\/02\/WhatsApp-Image-2024-02-29-at-2.29.21-PM-1.jpeg?w=1280&amp;ssl=1 1280w\" sizes=\"(max-width: 1000px) 100vw, 1000px\" \/><\/figure>\n\n\n\n<p>Adem\u00e1s del canje, se tiene prevista la realizaci\u00f3n de una charla informativa por parte del Municipio sobre la importancia y las t\u00e9cnicas adecuadas de separaci\u00f3n de residuos, reforzando as\u00ed los mensajes de concientizaci\u00f3n ambiental.<\/p>\n","protected":false},"excerpt":{"rendered":"<p>En una jornada de gran compromiso con el ambiente y el cuidado de la salud, el Municipio llev\u00f3 adelante la primera edici\u00f3n anual de Canje Saludable, que cont\u00f3 con la entusiasta respuesta de vecinos y vecinas del barrio Los Olmos. La iniciativa impulsada a trav\u00e9s de la Secretar\u00eda de Ambiente y el Instituto Libre del [&hellip;]<\/p>\n","protected":false},"author":4,"featured_media":90723,"comment_status":"open","ping_status":"open","sticky":false,"template":"","format":"standard","meta":{"site-sidebar-layout":"default","site-content-layout":"","ast-site-content-layout":"default","site-content-style":"default","site-sidebar-style":"default","ast-global-header-display":"","ast-banner-title-visibility":"","ast-main-header-display":"","ast-hfb-above-header-display":"","ast-hfb-below-header-display":"","ast-hfb-mobile-header-display":"","site-post-title":"","ast-breadcrumbs-content":"","ast-featured-img":"","footer-sml-layout":"","ast-disable-related-posts":"","theme-transparent-header-meta":"","adv-header-id-meta":"","stick-header-meta":"","header-above-stick-meta":"","header-main-stick-meta":"","header-below-stick-meta":"","astra-migrate-meta-layouts":"set","ast-page-background-enabled":"default","ast-page-background-meta":{"desktop":{"background-color":"","background-image":"","background-repeat":"repeat","background-position":"center center","background-size":"auto","background-attachment":"scroll","background-type":"","background-media":"","overlay-type":"","overlay-color":"","overlay-opacity":"","overlay-gradient":""},"tablet":{"background-color":"","background-image":"","background-repeat":"repeat","background-position":"center center","background-size":"auto","background-attachment":"scroll","background-type":"","background-media":"","overlay-type":"","overlay-color":"","overlay-opacity":"","overlay-gradient":""},"mobile":{"background-color":"","background-image":"","background-repeat":"repeat","background-position":"center center","background-size":"auto","background-attachment":"scroll","background-type":"","background-media":"","overlay-type":"","overlay-color":"","overlay-opacity":"","overlay-gradient":""}},"ast-content-background-meta":{"desktop":{"background-color":"var(--ast-global-color-5)","background-image":"","background-repeat":"repeat","background-position":"center center","background-size":"auto","background-attachment":"scroll","background-type":"","background-media":"","overlay-type":"","overlay-color":"","overlay-opacity":"","overlay-gradient":""},"tablet":{"background-color":"var(--ast-global-color-5)","background-image":"","background-repeat":"repeat","background-position":"center center","background-size":"auto","background-attachment":"scroll","background-type":"","background-media":"","overlay-type":"","overlay-color":"","overlay-opacity":"","overlay-gradient":""},"mobile":{"background-color":"var(--ast-global-color-5)","background-image":"","background-repeat":"repeat","background-position":"center center","background-size":"auto","background-attachment":"scroll","background-type":"","background-media":"","overlay-type":"","overlay-color":"","overlay-opacity":"","overlay-gradient":""}},"_jetpack_memberships_contains_paid_content":false,"_joinchat":[],"footnotes":""},"categories":[5,2],"tags":[],"class_list":["post-90720","post","type-post","status-publish","format-standard","has-post-thumbnail","hentry","category-sociedad","category-villa-maria"],"yoast_head":"<!-- This site is optimized with the Yoast SEO plugin v26.8 - https:\/\/yoast.com\/product\/yoast-seo-wordpress\/ -->\n<title>Barrio Los Olmos: se realiz\u00f3 la primera edici\u00f3n del Canje Saludable - El Regional<\/title>\n<meta name=\"robots\" content=\"index, follow, max-snippet:-1, max-image-preview:large, max-video-preview:-1\" \/>\n<link rel=\"canonical\" href=\"https:\/\/elregionalvm.com.ar\/noticias-villa-maria\/barrio-los-olmos-se-realizo-la-primera-edicion-del-canje-saludable\/\" \/>\n<meta property=\"og:locale\" content=\"es_ES\" \/>\n<meta property=\"og:type\" content=\"article\" \/>\n<meta property=\"og:title\" content=\"Barrio Los Olmos: se realiz\u00f3 la primera edici\u00f3n del Canje Saludable - El Regional\" \/>\n<meta property=\"og:description\" content=\"En una jornada de gran compromiso con el ambiente y el cuidado de la salud, el Municipio llev\u00f3 adelante la primera edici\u00f3n anual de Canje Saludable, que cont\u00f3 con la entusiasta respuesta de vecinos y vecinas del barrio Los Olmos. La iniciativa impulsada a trav\u00e9s de la Secretar\u00eda de Ambiente y el Instituto Libre del [&hellip;]\" \/>\n<meta property=\"og:url\" content=\"https:\/\/elregionalvm.com.ar\/noticias-villa-maria\/barrio-los-olmos-se-realizo-la-primera-edicion-del-canje-saludable\/\" \/>\n<meta property=\"og:site_name\" content=\"El Regional\" \/>\n<meta property=\"article:publisher\" content=\"https:\/\/www.facebook.com\/elregionalvm\" \/>\n<meta property=\"article:published_time\" content=\"2024-02-29T23:17:35+00:00\" \/>\n<meta property=\"article:modified_time\" content=\"2024-03-02T04:25:00+00:00\" \/>\n<meta property=\"og:image\" content=\"https:\/\/elregionalvm.com.ar\/noticias-villa-maria\/wp-content\/uploads\/2024\/02\/WhatsApp-Image-2024-02-29-at-2.29.20-PM.jpeg\" \/>\n\t<meta property=\"og:image:width\" content=\"1280\" \/>\n\t<meta property=\"og:image:height\" content=\"853\" \/>\n\t<meta property=\"og:image:type\" content=\"image\/jpeg\" \/>\n<meta name=\"author\" content=\"Contenidos El Regional\" \/>\n<meta name=\"twitter:card\" content=\"summary_large_image\" \/>\n<meta name=\"twitter:creator\" content=\"@elregionalvm1\" \/>\n<meta name=\"twitter:site\" content=\"@elregionalvm1\" \/>\n<meta name=\"twitter:label1\" content=\"Escrito por\" \/>\n\t<meta name=\"twitter:data1\" content=\"Contenidos El Regional\" \/>\n\t<meta name=\"twitter:label2\" content=\"Tiempo de lectura\" \/>\n\t<meta name=\"twitter:data2\" content=\"2 minutos\" \/>\n<script type=\"application\/ld+json\" class=\"yoast-schema-graph\">{\"@context\":\"https:\/\/schema.org\",\"@graph\":[{\"@type\":\"Article\",\"@id\":\"https:\/\/elregionalvm.com.ar\/noticias-villa-maria\/barrio-los-olmos-se-realizo-la-primera-edicion-del-canje-saludable\/#article\",\"isPartOf\":{\"@id\":\"https:\/\/elregionalvm.com.ar\/noticias-villa-maria\/barrio-los-olmos-se-realizo-la-primera-edicion-del-canje-saludable\/\"},\"author\":{\"name\":\"Contenidos El Regional\",\"@id\":\"http:\/\/elregionalvm.com.ar\/noticias-villa-maria\/#\/schema\/person\/a0fb9c422317faca23d50163151bc354\"},\"headline\":\"Barrio Los Olmos: se realiz\u00f3 la primera edici\u00f3n del Canje Saludable\",\"datePublished\":\"2024-02-29T23:17:35+00:00\",\"dateModified\":\"2024-03-02T04:25:00+00:00\",\"mainEntityOfPage\":{\"@id\":\"https:\/\/elregionalvm.com.ar\/noticias-villa-maria\/barrio-los-olmos-se-realizo-la-primera-edicion-del-canje-saludable\/\"},\"wordCount\":217,\"commentCount\":0,\"image\":{\"@id\":\"https:\/\/elregionalvm.com.ar\/noticias-villa-maria\/barrio-los-olmos-se-realizo-la-primera-edicion-del-canje-saludable\/#primaryimage\"},\"thumbnailUrl\":\"https:\/\/i0.wp.com\/elregionalvm.com.ar\/noticias-villa-maria\/wp-content\/uploads\/2024\/02\/WhatsApp-Image-2024-02-29-at-2.29.20-PM.jpeg?fit=1280%2C853&ssl=1\",\"articleSection\":[\"Sociedad\",\"Villa Mar\u00eda\"],\"inLanguage\":\"es\",\"potentialAction\":[{\"@type\":\"CommentAction\",\"name\":\"Comment\",\"target\":[\"https:\/\/elregionalvm.com.ar\/noticias-villa-maria\/barrio-los-olmos-se-realizo-la-primera-edicion-del-canje-saludable\/#respond\"]}]},{\"@type\":\"WebPage\",\"@id\":\"https:\/\/elregionalvm.com.ar\/noticias-villa-maria\/barrio-los-olmos-se-realizo-la-primera-edicion-del-canje-saludable\/\",\"url\":\"https:\/\/elregionalvm.com.ar\/noticias-villa-maria\/barrio-los-olmos-se-realizo-la-primera-edicion-del-canje-saludable\/\",\"name\":\"Barrio Los Olmos: se realiz\u00f3 la primera edici\u00f3n del Canje Saludable - El Regional\",\"isPartOf\":{\"@id\":\"http:\/\/elregionalvm.com.ar\/noticias-villa-maria\/#website\"},\"primaryImageOfPage\":{\"@id\":\"https:\/\/elregionalvm.com.ar\/noticias-villa-maria\/barrio-los-olmos-se-realizo-la-primera-edicion-del-canje-saludable\/#primaryimage\"},\"image\":{\"@id\":\"https:\/\/elregionalvm.com.ar\/noticias-villa-maria\/barrio-los-olmos-se-realizo-la-primera-edicion-del-canje-saludable\/#primaryimage\"},\"thumbnailUrl\":\"https:\/\/i0.wp.com\/elregionalvm.com.ar\/noticias-villa-maria\/wp-content\/uploads\/2024\/02\/WhatsApp-Image-2024-02-29-at-2.29.20-PM.jpeg?fit=1280%2C853&ssl=1\",\"datePublished\":\"2024-02-29T23:17:35+00:00\",\"dateModified\":\"2024-03-02T04:25:00+00:00\",\"author\":{\"@id\":\"http:\/\/elregionalvm.com.ar\/noticias-villa-maria\/#\/schema\/person\/a0fb9c422317faca23d50163151bc354\"},\"breadcrumb\":{\"@id\":\"https:\/\/elregionalvm.com.ar\/noticias-villa-maria\/barrio-los-olmos-se-realizo-la-primera-edicion-del-canje-saludable\/#breadcrumb\"},\"inLanguage\":\"es\",\"potentialAction\":[{\"@type\":\"ReadAction\",\"target\":[\"https:\/\/elregionalvm.com.ar\/noticias-villa-maria\/barrio-los-olmos-se-realizo-la-primera-edicion-del-canje-saludable\/\"]}]},{\"@type\":\"ImageObject\",\"inLanguage\":\"es\",\"@id\":\"https:\/\/elregionalvm.com.ar\/noticias-villa-maria\/barrio-los-olmos-se-realizo-la-primera-edicion-del-canje-saludable\/#primaryimage\",\"url\":\"https:\/\/i0.wp.com\/elregionalvm.com.ar\/noticias-villa-maria\/wp-content\/uploads\/2024\/02\/WhatsApp-Image-2024-02-29-at-2.29.20-PM.jpeg?fit=1280%2C853&ssl=1\",\"contentUrl\":\"https:\/\/i0.wp.com\/elregionalvm.com.ar\/noticias-villa-maria\/wp-content\/uploads\/2024\/02\/WhatsApp-Image-2024-02-29-at-2.29.20-PM.jpeg?fit=1280%2C853&ssl=1\",\"width\":1280,\"height\":853},{\"@type\":\"BreadcrumbList\",\"@id\":\"https:\/\/elregionalvm.com.ar\/noticias-villa-maria\/barrio-los-olmos-se-realizo-la-primera-edicion-del-canje-saludable\/#breadcrumb\",\"itemListElement\":[{\"@type\":\"ListItem\",\"position\":1,\"name\":\"Portada\",\"item\":\"https:\/\/elregionalvm.com.ar\/noticias-villa-maria\/\"},{\"@type\":\"ListItem\",\"position\":2,\"name\":\"Barrio Los Olmos: se realiz\u00f3 la primera edici\u00f3n del Canje Saludable\"}]},{\"@type\":\"WebSite\",\"@id\":\"http:\/\/elregionalvm.com.ar\/noticias-villa-maria\/#website\",\"url\":\"http:\/\/elregionalvm.com.ar\/noticias-villa-maria\/\",\"name\":\"El Regional\",\"description\":\"Mucho m\u00e1s que informaci\u00f3n\",\"potentialAction\":[{\"@type\":\"SearchAction\",\"target\":{\"@type\":\"EntryPoint\",\"urlTemplate\":\"http:\/\/elregionalvm.com.ar\/noticias-villa-maria\/?s={search_term_string}\"},\"query-input\":{\"@type\":\"PropertyValueSpecification\",\"valueRequired\":true,\"valueName\":\"search_term_string\"}}],\"inLanguage\":\"es\"},{\"@type\":\"Person\",\"@id\":\"http:\/\/elregionalvm.com.ar\/noticias-villa-maria\/#\/schema\/person\/a0fb9c422317faca23d50163151bc354\",\"name\":\"Contenidos El Regional\",\"image\":{\"@type\":\"ImageObject\",\"inLanguage\":\"es\",\"@id\":\"http:\/\/elregionalvm.com.ar\/noticias-villa-maria\/#\/schema\/person\/image\/\",\"url\":\"https:\/\/secure.gravatar.com\/avatar\/265b27cb2209af7bb3a1318f03305787d7981a5cc6e6cd08fe5a4ecdf99d4b48?s=96&d=mm&r=g\",\"contentUrl\":\"https:\/\/secure.gravatar.com\/avatar\/265b27cb2209af7bb3a1318f03305787d7981a5cc6e6cd08fe5a4ecdf99d4b48?s=96&d=mm&r=g\",\"caption\":\"Contenidos El Regional\"},\"url\":\"https:\/\/elregionalvm.com.ar\/noticias-villa-maria\/author\/contenido\/\"}]}<\/script>\n<!-- \/ Yoast SEO plugin. -->","yoast_head_json":{"title":"Barrio Los Olmos: se realiz\u00f3 la primera edici\u00f3n del Canje Saludable - El Regional","robots":{"index":"index","follow":"follow","max-snippet":"max-snippet:-1","max-image-preview":"max-image-preview:large","max-video-preview":"max-video-preview:-1"},"canonical":"https:\/\/elregionalvm.com.ar\/noticias-villa-maria\/barrio-los-olmos-se-realizo-la-primera-edicion-del-canje-saludable\/","og_locale":"es_ES","og_type":"article","og_title":"Barrio Los Olmos: se realiz\u00f3 la primera edici\u00f3n del Canje Saludable - El Regional","og_description":"En una jornada de gran compromiso con el ambiente y el cuidado de la salud, el Municipio llev\u00f3 adelante la primera edici\u00f3n anual de Canje Saludable, que cont\u00f3 con la entusiasta respuesta de vecinos y vecinas del barrio Los Olmos. La iniciativa impulsada a trav\u00e9s de la Secretar\u00eda de Ambiente y el Instituto Libre del [&hellip;]","og_url":"https:\/\/elregionalvm.com.ar\/noticias-villa-maria\/barrio-los-olmos-se-realizo-la-primera-edicion-del-canje-saludable\/","og_site_name":"El Regional","article_publisher":"https:\/\/www.facebook.com\/elregionalvm","article_published_time":"2024-02-29T23:17:35+00:00","article_modified_time":"2024-03-02T04:25:00+00:00","og_image":[{"width":1280,"height":853,"url":"https:\/\/elregionalvm.com.ar\/noticias-villa-maria\/wp-content\/uploads\/2024\/02\/WhatsApp-Image-2024-02-29-at-2.29.20-PM.jpeg","type":"image\/jpeg"}],"author":"Contenidos El Regional","twitter_card":"summary_large_image","twitter_creator":"@elregionalvm1","twitter_site":"@elregionalvm1","twitter_misc":{"Escrito por":"Contenidos El Regional","Tiempo de lectura":"2 minutos"},"schema":{"@context":"https:\/\/schema.org","@graph":[{"@type":"Article","@id":"https:\/\/elregionalvm.com.ar\/noticias-villa-maria\/barrio-los-olmos-se-realizo-la-primera-edicion-del-canje-saludable\/#article","isPartOf":{"@id":"https:\/\/elregionalvm.com.ar\/noticias-villa-maria\/barrio-los-olmos-se-realizo-la-primera-edicion-del-canje-saludable\/"},"author":{"name":"Contenidos El Regional","@id":"http:\/\/elregionalvm.com.ar\/noticias-villa-maria\/#\/schema\/person\/a0fb9c422317faca23d50163151bc354"},"headline":"Barrio Los Olmos: se realiz\u00f3 la primera edici\u00f3n del Canje Saludable","datePublished":"2024-02-29T23:17:35+00:00","dateModified":"2024-03-02T04:25:00+00:00","mainEntityOfPage":{"@id":"https:\/\/elregionalvm.com.ar\/noticias-villa-maria\/barrio-los-olmos-se-realizo-la-primera-edicion-del-canje-saludable\/"},"wordCount":217,"commentCount":0,"image":{"@id":"https:\/\/elregionalvm.com.ar\/noticias-villa-maria\/barrio-los-olmos-se-realizo-la-primera-edicion-del-canje-saludable\/#primaryimage"},"thumbnailUrl":"https:\/\/i0.wp.com\/elregionalvm.com.ar\/noticias-villa-maria\/wp-content\/uploads\/2024\/02\/WhatsApp-Image-2024-02-29-at-2.29.20-PM.jpeg?fit=1280%2C853&ssl=1","articleSection":["Sociedad","Villa Mar\u00eda"],"inLanguage":"es","potentialAction":[{"@type":"CommentAction","name":"Comment","target":["https:\/\/elregionalvm.com.ar\/noticias-villa-maria\/barrio-los-olmos-se-realizo-la-primera-edicion-del-canje-saludable\/#respond"]}]},{"@type":"WebPage","@id":"https:\/\/elregionalvm.com.ar\/noticias-villa-maria\/barrio-los-olmos-se-realizo-la-primera-edicion-del-canje-saludable\/","url":"https:\/\/elregionalvm.com.ar\/noticias-villa-maria\/barrio-los-olmos-se-realizo-la-primera-edicion-del-canje-saludable\/","name":"Barrio Los Olmos: se realiz\u00f3 la primera edici\u00f3n del Canje Saludable - El Regional","isPartOf":{"@id":"http:\/\/elregionalvm.com.ar\/noticias-villa-maria\/#website"},"primaryImageOfPage":{"@id":"https:\/\/elregionalvm.com.ar\/noticias-villa-maria\/barrio-los-olmos-se-realizo-la-primera-edicion-del-canje-saludable\/#primaryimage"},"image":{"@id":"https:\/\/elregionalvm.com.ar\/noticias-villa-maria\/barrio-los-olmos-se-realizo-la-primera-edicion-del-canje-saludable\/#primaryimage"},"thumbnailUrl":"https:\/\/i0.wp.com\/elregionalvm.com.ar\/noticias-villa-maria\/wp-content\/uploads\/2024\/02\/WhatsApp-Image-2024-02-29-at-2.29.20-PM.jpeg?fit=1280%2C853&ssl=1","datePublished":"2024-02-29T23:17:35+00:00","dateModified":"2024-03-02T04:25:00+00:00","author":{"@id":"http:\/\/elregionalvm.com.ar\/noticias-villa-maria\/#\/schema\/person\/a0fb9c422317faca23d50163151bc354"},"breadcrumb":{"@id":"https:\/\/elregionalvm.com.ar\/noticias-villa-maria\/barrio-los-olmos-se-realizo-la-primera-edicion-del-canje-saludable\/#breadcrumb"},"inLanguage":"es","potentialAction":[{"@type":"ReadAction","target":["https:\/\/elregionalvm.com.ar\/noticias-villa-maria\/barrio-los-olmos-se-realizo-la-primera-edicion-del-canje-saludable\/"]}]},{"@type":"ImageObject","inLanguage":"es","@id":"https:\/\/elregionalvm.com.ar\/noticias-villa-maria\/barrio-los-olmos-se-realizo-la-primera-edicion-del-canje-saludable\/#primaryimage","url":"https:\/\/i0.wp.com\/elregionalvm.com.ar\/noticias-villa-maria\/wp-content\/uploads\/2024\/02\/WhatsApp-Image-2024-02-29-at-2.29.20-PM.jpeg?fit=1280%2C853&ssl=1","contentUrl":"https:\/\/i0.wp.com\/elregionalvm.com.ar\/noticias-villa-maria\/wp-content\/uploads\/2024\/02\/WhatsApp-Image-2024-02-29-at-2.29.20-PM.jpeg?fit=1280%2C853&ssl=1","width":1280,"height":853},{"@type":"BreadcrumbList","@id":"https:\/\/elregionalvm.com.ar\/noticias-villa-maria\/barrio-los-olmos-se-realizo-la-primera-edicion-del-canje-saludable\/#breadcrumb","itemListElement":[{"@type":"ListItem","position":1,"name":"Portada","item":"https:\/\/elregionalvm.com.ar\/noticias-villa-maria\/"},{"@type":"ListItem","position":2,"name":"Barrio Los Olmos: se realiz\u00f3 la primera edici\u00f3n del Canje Saludable"}]},{"@type":"WebSite","@id":"http:\/\/elregionalvm.com.ar\/noticias-villa-maria\/#website","url":"http:\/\/elregionalvm.com.ar\/noticias-villa-maria\/","name":"El Regional","description":"Mucho m\u00e1s que informaci\u00f3n","potentialAction":[{"@type":"SearchAction","target":{"@type":"EntryPoint","urlTemplate":"http:\/\/elregionalvm.com.ar\/noticias-villa-maria\/?s={search_term_string}"},"query-input":{"@type":"PropertyValueSpecification","valueRequired":true,"valueName":"search_term_string"}}],"inLanguage":"es"},{"@type":"Person","@id":"http:\/\/elregionalvm.com.ar\/noticias-villa-maria\/#\/schema\/person\/a0fb9c422317faca23d50163151bc354","name":"Contenidos El Regional","image":{"@type":"ImageObject","inLanguage":"es","@id":"http:\/\/elregionalvm.com.ar\/noticias-villa-maria\/#\/schema\/person\/image\/","url":"https:\/\/secure.gravatar.com\/avatar\/265b27cb2209af7bb3a1318f03305787d7981a5cc6e6cd08fe5a4ecdf99d4b48?s=96&d=mm&r=g","contentUrl":"https:\/\/secure.gravatar.com\/avatar\/265b27cb2209af7bb3a1318f03305787d7981a5cc6e6cd08fe5a4ecdf99d4b48?s=96&d=mm&r=g","caption":"Contenidos El Regional"},"url":"https:\/\/elregionalvm.com.ar\/noticias-villa-maria\/author\/contenido\/"}]}},"jetpack_featured_media_url":"https:\/\/i0.wp.com\/elregionalvm.com.ar\/noticias-villa-maria\/wp-content\/uploads\/2024\/02\/WhatsApp-Image-2024-02-29-at-2.29.20-PM.jpeg?fit=1280%2C853&ssl=1","jetpack_sharing_enabled":true,"_links":{"self":[{"href":"https:\/\/elregionalvm.com.ar\/noticias-villa-maria\/wp-json\/wp\/v2\/posts\/90720","targetHints":{"allow":["GET"]}}],"collection":[{"href":"https:\/\/elregionalvm.com.ar\/noticias-villa-maria\/wp-json\/wp\/v2\/posts"}],"about":[{"href":"https:\/\/elregionalvm.com.ar\/noticias-villa-maria\/wp-json\/wp\/v2\/types\/post"}],"author":[{"embeddable":true,"href":"https:\/\/elregionalvm.com.ar\/noticias-villa-maria\/wp-json\/wp\/v2\/users\/4"}],"replies":[{"embeddable":true,"href":"https:\/\/elregionalvm.com.ar\/noticias-villa-maria\/wp-json\/wp\/v2\/comments?post=90720"}],"version-history":[{"count":1,"href":"https:\/\/elregionalvm.com.ar\/noticias-villa-maria\/wp-json\/wp\/v2\/posts\/90720\/revisions"}],"predecessor-version":[{"id":90724,"href":"https:\/\/elregionalvm.com.ar\/noticias-villa-maria\/wp-json\/wp\/v2\/posts\/90720\/revisions\/90724"}],"wp:featuredmedia":[{"embeddable":true,"href":"https:\/\/elregionalvm.com.ar\/noticias-villa-maria\/wp-json\/wp\/v2\/media\/90723"}],"wp:attachment":[{"href":"https:\/\/elregionalvm.com.ar\/noticias-villa-maria\/wp-json\/wp\/v2\/media?parent=90720"}],"wp:term":[{"taxonomy":"category","embeddable":true,"href":"https:\/\/elregionalvm.com.ar\/noticias-villa-maria\/wp-json\/wp\/v2\/categories?post=90720"},{"taxonomy":"post_tag","embeddable":true,"href":"https:\/\/elregionalvm.com.ar\/noticias-villa-maria\/wp-json\/wp\/v2\/tags?post=90720"}],"curies":[{"name":"wp","href":"https:\/\/api.w.org\/{rel}","templated":true}]}}