{"id":90740,"date":"2024-03-02T03:50:44","date_gmt":"2024-03-02T03:50:44","guid":{"rendered":"https:\/\/elregionalvm.com.ar\/noticias-villa-maria\/?p=90740"},"modified":"2024-03-02T17:58:30","modified_gmt":"2024-03-02T17:58:30","slug":"derechito-nomas-ya-no-se-estaciona-mas-a-45-grados-en-alem-e-yrigoyen","status":"publish","type":"post","link":"https:\/\/elregionalvm.com.ar\/noticias-villa-maria\/derechito-nomas-ya-no-se-estaciona-mas-a-45-grados-en-alem-e-yrigoyen\/","title":{"rendered":"Derechito nom\u00e1s: Ya no se estaciona m\u00e1s a 45 grados en Alem e Yrigoyen"},"content":{"rendered":"\n<p><\/p>\n\n\n\n<p>Desde el viernes 1 de marzo, qued\u00f3 sin efecto el estacionamiento a 45 grados en las avenidas Leandro N. Alem e Hip\u00f3lito Yrigoyen.<\/p>\n\n\n\n<p>Luego de varios reclamos de distintos actores sociales desde su implementaci\u00f3n, el municipio decidi\u00f3 eliminar la posibilidad de estacionar de esa manera.<\/p>\n\n\n\n<p>\u201cLa decisi\u00f3n forma parte del plan integral de ordenamiento urbano impulsado por el intendente Eduardo Accastello, y surge a partir de un diagn\u00f3stico elaborado por parte de especialistas en la materia\u201d, se inform\u00f3.<\/p>\n\n\n\n<p>En este sentido, se indic\u00f3 que se busca \u201cpriorizar la normal circulaci\u00f3n de veh\u00edculos y as\u00ed evitar obstrucciones por maniobras riesgosas y embotellamientos que puedan poner en riesgo la integridad f\u00edsica de conductores y conductoras\u201d.<\/p>\n\n\n\n<p><\/p>\n\n\n\n<figure class=\"wp-block-image size-large\"><img data-recalc-dims=\"1\" fetchpriority=\"high\" decoding=\"async\" width=\"1024\" height=\"683\" src=\"https:\/\/i0.wp.com\/elregionalvm.com.ar\/noticias-villa-maria\/wp-content\/uploads\/2024\/03\/Sin-Estacionamiento-45-grados.jpeg?resize=1024%2C683&#038;ssl=1\" alt=\"\" class=\"wp-image-90742\" srcset=\"https:\/\/i0.wp.com\/elregionalvm.com.ar\/noticias-villa-maria\/wp-content\/uploads\/2024\/03\/Sin-Estacionamiento-45-grados.jpeg?resize=1024%2C683&amp;ssl=1 1024w, https:\/\/i0.wp.com\/elregionalvm.com.ar\/noticias-villa-maria\/wp-content\/uploads\/2024\/03\/Sin-Estacionamiento-45-grados.jpeg?resize=300%2C200&amp;ssl=1 300w, https:\/\/i0.wp.com\/elregionalvm.com.ar\/noticias-villa-maria\/wp-content\/uploads\/2024\/03\/Sin-Estacionamiento-45-grados.jpeg?resize=768%2C512&amp;ssl=1 768w, https:\/\/i0.wp.com\/elregionalvm.com.ar\/noticias-villa-maria\/wp-content\/uploads\/2024\/03\/Sin-Estacionamiento-45-grados.jpeg?resize=1536%2C1024&amp;ssl=1 1536w, https:\/\/i0.wp.com\/elregionalvm.com.ar\/noticias-villa-maria\/wp-content\/uploads\/2024\/03\/Sin-Estacionamiento-45-grados.jpeg?w=1599&amp;ssl=1 1599w\" sizes=\"(max-width: 1000px) 100vw, 1000px\" \/><\/figure>\n\n\n\n<p><\/p>\n\n\n\n<p><strong>Vuelve el estacionamiento medido<\/strong><\/p>\n\n\n\n<p>En tanto, a partir del 1 de abril volver\u00e1 a funcionar el estacionamiento medido \u201ccomo herramienta de ordenamiento del tr\u00e1nsito\u201d.<\/p>\n\n\n\n<p>En principio, se aplicar\u00e1 en algunas cuadras del centro para luego ir ampliando el radio de cobertura.<\/p>\n","protected":false},"excerpt":{"rendered":"<p>Desde el viernes 1 de marzo, qued\u00f3 sin efecto el estacionamiento a 45 grados en las avenidas Leandro N. Alem e Hip\u00f3lito Yrigoyen. Luego de varios reclamos de distintos actores sociales desde su implementaci\u00f3n, el municipio decidi\u00f3 eliminar la posibilidad de estacionar de esa manera. \u201cLa decisi\u00f3n forma parte del plan integral de ordenamiento urbano [&hellip;]<\/p>\n","protected":false},"author":4,"featured_media":90743,"comment_status":"open","ping_status":"open","sticky":false,"template":"","format":"standard","meta":{"site-sidebar-layout":"default","site-content-layout":"","ast-site-content-layout":"default","site-content-style":"default","site-sidebar-style":"default","ast-global-header-display":"","ast-banner-title-visibility":"","ast-main-header-display":"","ast-hfb-above-header-display":"","ast-hfb-below-header-display":"","ast-hfb-mobile-header-display":"","site-post-title":"","ast-breadcrumbs-content":"","ast-featured-img":"","footer-sml-layout":"","ast-disable-related-posts":"","theme-transparent-header-meta":"","adv-header-id-meta":"","stick-header-meta":"","header-above-stick-meta":"","header-main-stick-meta":"","header-below-stick-meta":"","astra-migrate-meta-layouts":"set","ast-page-background-enabled":"default","ast-page-background-meta":{"desktop":{"background-color":"","background-image":"","background-repeat":"repeat","background-position":"center center","background-size":"auto","background-attachment":"scroll","background-type":"","background-media":"","overlay-type":"","overlay-color":"","overlay-opacity":"","overlay-gradient":""},"tablet":{"background-color":"","background-image":"","background-repeat":"repeat","background-position":"center center","background-size":"auto","background-attachment":"scroll","background-type":"","background-media":"","overlay-type":"","overlay-color":"","overlay-opacity":"","overlay-gradient":""},"mobile":{"background-color":"","background-image":"","background-repeat":"repeat","background-position":"center center","background-size":"auto","background-attachment":"scroll","background-type":"","background-media":"","overlay-type":"","overlay-color":"","overlay-opacity":"","overlay-gradient":""}},"ast-content-background-meta":{"desktop":{"background-color":"var(--ast-global-color-5)","background-image":"","background-repeat":"repeat","background-position":"center center","background-size":"auto","background-attachment":"scroll","background-type":"","background-media":"","overlay-type":"","overlay-color":"","overlay-opacity":"","overlay-gradient":""},"tablet":{"background-color":"var(--ast-global-color-5)","background-image":"","background-repeat":"repeat","background-position":"center center","background-size":"auto","background-attachment":"scroll","background-type":"","background-media":"","overlay-type":"","overlay-color":"","overlay-opacity":"","overlay-gradient":""},"mobile":{"background-color":"var(--ast-global-color-5)","background-image":"","background-repeat":"repeat","background-position":"center center","background-size":"auto","background-attachment":"scroll","background-type":"","background-media":"","overlay-type":"","overlay-color":"","overlay-opacity":"","overlay-gradient":""}},"_jetpack_memberships_contains_paid_content":false,"_joinchat":[],"footnotes":""},"categories":[2],"tags":[22624,13699,2874,1156,2219,16076,272],"class_list":["post-90740","post","type-post","status-publish","format-standard","has-post-thumbnail","hentry","category-villa-maria","tag-45-grados","tag-avenida-alem","tag-avenida-yrigoyen","tag-estacionamiento","tag-estacionamiento-medido","tag-ordenamiento","tag-transito"],"yoast_head":"<!-- This site is optimized with the Yoast SEO plugin v26.8 - https:\/\/yoast.com\/product\/yoast-seo-wordpress\/ -->\n<title>Derechito nom\u00e1s: Ya no se estaciona m\u00e1s a 45 grados en Alem e Yrigoyen - El Regional<\/title>\n<meta name=\"robots\" content=\"index, follow, max-snippet:-1, max-image-preview:large, max-video-preview:-1\" \/>\n<link rel=\"canonical\" href=\"https:\/\/elregionalvm.com.ar\/noticias-villa-maria\/derechito-nomas-ya-no-se-estaciona-mas-a-45-grados-en-alem-e-yrigoyen\/\" \/>\n<meta property=\"og:locale\" content=\"es_ES\" \/>\n<meta property=\"og:type\" content=\"article\" \/>\n<meta property=\"og:title\" content=\"Derechito nom\u00e1s: Ya no se estaciona m\u00e1s a 45 grados en Alem e Yrigoyen - El Regional\" \/>\n<meta property=\"og:description\" content=\"Desde el viernes 1 de marzo, qued\u00f3 sin efecto el estacionamiento a 45 grados en las avenidas Leandro N. Alem e Hip\u00f3lito Yrigoyen. Luego de varios reclamos de distintos actores sociales desde su implementaci\u00f3n, el municipio decidi\u00f3 eliminar la posibilidad de estacionar de esa manera. \u201cLa decisi\u00f3n forma parte del plan integral de ordenamiento urbano [&hellip;]\" \/>\n<meta property=\"og:url\" content=\"https:\/\/elregionalvm.com.ar\/noticias-villa-maria\/derechito-nomas-ya-no-se-estaciona-mas-a-45-grados-en-alem-e-yrigoyen\/\" \/>\n<meta property=\"og:site_name\" content=\"El Regional\" \/>\n<meta property=\"article:publisher\" content=\"https:\/\/www.facebook.com\/elregionalvm\" \/>\n<meta property=\"article:published_time\" content=\"2024-03-02T03:50:44+00:00\" \/>\n<meta property=\"article:modified_time\" content=\"2024-03-02T17:58:30+00:00\" \/>\n<meta property=\"og:image\" content=\"https:\/\/elregionalvm.com.ar\/noticias-villa-maria\/wp-content\/uploads\/2024\/03\/Sin-2-Estacionamiento-45-grados.jpeg\" \/>\n\t<meta property=\"og:image:width\" content=\"1066\" \/>\n\t<meta property=\"og:image:height\" content=\"858\" \/>\n\t<meta property=\"og:image:type\" content=\"image\/jpeg\" \/>\n<meta name=\"author\" content=\"Contenidos El Regional\" \/>\n<meta name=\"twitter:card\" content=\"summary_large_image\" \/>\n<meta name=\"twitter:creator\" content=\"@elregionalvm1\" \/>\n<meta name=\"twitter:site\" content=\"@elregionalvm1\" \/>\n<meta name=\"twitter:label1\" content=\"Escrito por\" \/>\n\t<meta name=\"twitter:data1\" content=\"Contenidos El Regional\" \/>\n\t<meta name=\"twitter:label2\" content=\"Tiempo de lectura\" \/>\n\t<meta name=\"twitter:data2\" content=\"2 minutos\" \/>\n<script type=\"application\/ld+json\" class=\"yoast-schema-graph\">{\"@context\":\"https:\/\/schema.org\",\"@graph\":[{\"@type\":\"Article\",\"@id\":\"https:\/\/elregionalvm.com.ar\/noticias-villa-maria\/derechito-nomas-ya-no-se-estaciona-mas-a-45-grados-en-alem-e-yrigoyen\/#article\",\"isPartOf\":{\"@id\":\"https:\/\/elregionalvm.com.ar\/noticias-villa-maria\/derechito-nomas-ya-no-se-estaciona-mas-a-45-grados-en-alem-e-yrigoyen\/\"},\"author\":{\"name\":\"Contenidos El Regional\",\"@id\":\"http:\/\/elregionalvm.com.ar\/noticias-villa-maria\/#\/schema\/person\/a0fb9c422317faca23d50163151bc354\"},\"headline\":\"Derechito nom\u00e1s: Ya no se estaciona m\u00e1s a 45 grados en Alem e Yrigoyen\",\"datePublished\":\"2024-03-02T03:50:44+00:00\",\"dateModified\":\"2024-03-02T17:58:30+00:00\",\"mainEntityOfPage\":{\"@id\":\"https:\/\/elregionalvm.com.ar\/noticias-villa-maria\/derechito-nomas-ya-no-se-estaciona-mas-a-45-grados-en-alem-e-yrigoyen\/\"},\"wordCount\":174,\"commentCount\":0,\"image\":{\"@id\":\"https:\/\/elregionalvm.com.ar\/noticias-villa-maria\/derechito-nomas-ya-no-se-estaciona-mas-a-45-grados-en-alem-e-yrigoyen\/#primaryimage\"},\"thumbnailUrl\":\"https:\/\/i0.wp.com\/elregionalvm.com.ar\/noticias-villa-maria\/wp-content\/uploads\/2024\/03\/Sin-2-Estacionamiento-45-grados.jpeg?fit=1066%2C858&ssl=1\",\"keywords\":[\"45 grados\",\"Avenida Alem\",\"Avenida Yrigoyen\",\"Estacionamiento\",\"Estacionamiento medido\",\"ordenamiento\",\"Tr\u00e1nsito\"],\"articleSection\":[\"Villa Mar\u00eda\"],\"inLanguage\":\"es\",\"potentialAction\":[{\"@type\":\"CommentAction\",\"name\":\"Comment\",\"target\":[\"https:\/\/elregionalvm.com.ar\/noticias-villa-maria\/derechito-nomas-ya-no-se-estaciona-mas-a-45-grados-en-alem-e-yrigoyen\/#respond\"]}]},{\"@type\":\"WebPage\",\"@id\":\"https:\/\/elregionalvm.com.ar\/noticias-villa-maria\/derechito-nomas-ya-no-se-estaciona-mas-a-45-grados-en-alem-e-yrigoyen\/\",\"url\":\"https:\/\/elregionalvm.com.ar\/noticias-villa-maria\/derechito-nomas-ya-no-se-estaciona-mas-a-45-grados-en-alem-e-yrigoyen\/\",\"name\":\"Derechito nom\u00e1s: Ya no se estaciona m\u00e1s a 45 grados en Alem e Yrigoyen - El Regional\",\"isPartOf\":{\"@id\":\"http:\/\/elregionalvm.com.ar\/noticias-villa-maria\/#website\"},\"primaryImageOfPage\":{\"@id\":\"https:\/\/elregionalvm.com.ar\/noticias-villa-maria\/derechito-nomas-ya-no-se-estaciona-mas-a-45-grados-en-alem-e-yrigoyen\/#primaryimage\"},\"image\":{\"@id\":\"https:\/\/elregionalvm.com.ar\/noticias-villa-maria\/derechito-nomas-ya-no-se-estaciona-mas-a-45-grados-en-alem-e-yrigoyen\/#primaryimage\"},\"thumbnailUrl\":\"https:\/\/i0.wp.com\/elregionalvm.com.ar\/noticias-villa-maria\/wp-content\/uploads\/2024\/03\/Sin-2-Estacionamiento-45-grados.jpeg?fit=1066%2C858&ssl=1\",\"datePublished\":\"2024-03-02T03:50:44+00:00\",\"dateModified\":\"2024-03-02T17:58:30+00:00\",\"author\":{\"@id\":\"http:\/\/elregionalvm.com.ar\/noticias-villa-maria\/#\/schema\/person\/a0fb9c422317faca23d50163151bc354\"},\"breadcrumb\":{\"@id\":\"https:\/\/elregionalvm.com.ar\/noticias-villa-maria\/derechito-nomas-ya-no-se-estaciona-mas-a-45-grados-en-alem-e-yrigoyen\/#breadcrumb\"},\"inLanguage\":\"es\",\"potentialAction\":[{\"@type\":\"ReadAction\",\"target\":[\"https:\/\/elregionalvm.com.ar\/noticias-villa-maria\/derechito-nomas-ya-no-se-estaciona-mas-a-45-grados-en-alem-e-yrigoyen\/\"]}]},{\"@type\":\"ImageObject\",\"inLanguage\":\"es\",\"@id\":\"https:\/\/elregionalvm.com.ar\/noticias-villa-maria\/derechito-nomas-ya-no-se-estaciona-mas-a-45-grados-en-alem-e-yrigoyen\/#primaryimage\",\"url\":\"https:\/\/i0.wp.com\/elregionalvm.com.ar\/noticias-villa-maria\/wp-content\/uploads\/2024\/03\/Sin-2-Estacionamiento-45-grados.jpeg?fit=1066%2C858&ssl=1\",\"contentUrl\":\"https:\/\/i0.wp.com\/elregionalvm.com.ar\/noticias-villa-maria\/wp-content\/uploads\/2024\/03\/Sin-2-Estacionamiento-45-grados.jpeg?fit=1066%2C858&ssl=1\",\"width\":1066,\"height\":858},{\"@type\":\"BreadcrumbList\",\"@id\":\"https:\/\/elregionalvm.com.ar\/noticias-villa-maria\/derechito-nomas-ya-no-se-estaciona-mas-a-45-grados-en-alem-e-yrigoyen\/#breadcrumb\",\"itemListElement\":[{\"@type\":\"ListItem\",\"position\":1,\"name\":\"Portada\",\"item\":\"https:\/\/elregionalvm.com.ar\/noticias-villa-maria\/\"},{\"@type\":\"ListItem\",\"position\":2,\"name\":\"Derechito nom\u00e1s: Ya no se estaciona m\u00e1s a 45 grados en Alem e Yrigoyen\"}]},{\"@type\":\"WebSite\",\"@id\":\"http:\/\/elregionalvm.com.ar\/noticias-villa-maria\/#website\",\"url\":\"http:\/\/elregionalvm.com.ar\/noticias-villa-maria\/\",\"name\":\"El Regional\",\"description\":\"Mucho m\u00e1s que informaci\u00f3n\",\"potentialAction\":[{\"@type\":\"SearchAction\",\"target\":{\"@type\":\"EntryPoint\",\"urlTemplate\":\"http:\/\/elregionalvm.com.ar\/noticias-villa-maria\/?s={search_term_string}\"},\"query-input\":{\"@type\":\"PropertyValueSpecification\",\"valueRequired\":true,\"valueName\":\"search_term_string\"}}],\"inLanguage\":\"es\"},{\"@type\":\"Person\",\"@id\":\"http:\/\/elregionalvm.com.ar\/noticias-villa-maria\/#\/schema\/person\/a0fb9c422317faca23d50163151bc354\",\"name\":\"Contenidos El Regional\",\"image\":{\"@type\":\"ImageObject\",\"inLanguage\":\"es\",\"@id\":\"http:\/\/elregionalvm.com.ar\/noticias-villa-maria\/#\/schema\/person\/image\/\",\"url\":\"https:\/\/secure.gravatar.com\/avatar\/265b27cb2209af7bb3a1318f03305787d7981a5cc6e6cd08fe5a4ecdf99d4b48?s=96&d=mm&r=g\",\"contentUrl\":\"https:\/\/secure.gravatar.com\/avatar\/265b27cb2209af7bb3a1318f03305787d7981a5cc6e6cd08fe5a4ecdf99d4b48?s=96&d=mm&r=g\",\"caption\":\"Contenidos El Regional\"},\"url\":\"https:\/\/elregionalvm.com.ar\/noticias-villa-maria\/author\/contenido\/\"}]}<\/script>\n<!-- \/ Yoast SEO plugin. -->","yoast_head_json":{"title":"Derechito nom\u00e1s: Ya no se estaciona m\u00e1s a 45 grados en Alem e Yrigoyen - El Regional","robots":{"index":"index","follow":"follow","max-snippet":"max-snippet:-1","max-image-preview":"max-image-preview:large","max-video-preview":"max-video-preview:-1"},"canonical":"https:\/\/elregionalvm.com.ar\/noticias-villa-maria\/derechito-nomas-ya-no-se-estaciona-mas-a-45-grados-en-alem-e-yrigoyen\/","og_locale":"es_ES","og_type":"article","og_title":"Derechito nom\u00e1s: Ya no se estaciona m\u00e1s a 45 grados en Alem e Yrigoyen - El Regional","og_description":"Desde el viernes 1 de marzo, qued\u00f3 sin efecto el estacionamiento a 45 grados en las avenidas Leandro N. Alem e Hip\u00f3lito Yrigoyen. Luego de varios reclamos de distintos actores sociales desde su implementaci\u00f3n, el municipio decidi\u00f3 eliminar la posibilidad de estacionar de esa manera. \u201cLa decisi\u00f3n forma parte del plan integral de ordenamiento urbano [&hellip;]","og_url":"https:\/\/elregionalvm.com.ar\/noticias-villa-maria\/derechito-nomas-ya-no-se-estaciona-mas-a-45-grados-en-alem-e-yrigoyen\/","og_site_name":"El Regional","article_publisher":"https:\/\/www.facebook.com\/elregionalvm","article_published_time":"2024-03-02T03:50:44+00:00","article_modified_time":"2024-03-02T17:58:30+00:00","og_image":[{"width":1066,"height":858,"url":"https:\/\/elregionalvm.com.ar\/noticias-villa-maria\/wp-content\/uploads\/2024\/03\/Sin-2-Estacionamiento-45-grados.jpeg","type":"image\/jpeg"}],"author":"Contenidos El Regional","twitter_card":"summary_large_image","twitter_creator":"@elregionalvm1","twitter_site":"@elregionalvm1","twitter_misc":{"Escrito por":"Contenidos El Regional","Tiempo de lectura":"2 minutos"},"schema":{"@context":"https:\/\/schema.org","@graph":[{"@type":"Article","@id":"https:\/\/elregionalvm.com.ar\/noticias-villa-maria\/derechito-nomas-ya-no-se-estaciona-mas-a-45-grados-en-alem-e-yrigoyen\/#article","isPartOf":{"@id":"https:\/\/elregionalvm.com.ar\/noticias-villa-maria\/derechito-nomas-ya-no-se-estaciona-mas-a-45-grados-en-alem-e-yrigoyen\/"},"author":{"name":"Contenidos El Regional","@id":"http:\/\/elregionalvm.com.ar\/noticias-villa-maria\/#\/schema\/person\/a0fb9c422317faca23d50163151bc354"},"headline":"Derechito nom\u00e1s: Ya no se estaciona m\u00e1s a 45 grados en Alem e Yrigoyen","datePublished":"2024-03-02T03:50:44+00:00","dateModified":"2024-03-02T17:58:30+00:00","mainEntityOfPage":{"@id":"https:\/\/elregionalvm.com.ar\/noticias-villa-maria\/derechito-nomas-ya-no-se-estaciona-mas-a-45-grados-en-alem-e-yrigoyen\/"},"wordCount":174,"commentCount":0,"image":{"@id":"https:\/\/elregionalvm.com.ar\/noticias-villa-maria\/derechito-nomas-ya-no-se-estaciona-mas-a-45-grados-en-alem-e-yrigoyen\/#primaryimage"},"thumbnailUrl":"https:\/\/i0.wp.com\/elregionalvm.com.ar\/noticias-villa-maria\/wp-content\/uploads\/2024\/03\/Sin-2-Estacionamiento-45-grados.jpeg?fit=1066%2C858&ssl=1","keywords":["45 grados","Avenida Alem","Avenida Yrigoyen","Estacionamiento","Estacionamiento medido","ordenamiento","Tr\u00e1nsito"],"articleSection":["Villa Mar\u00eda"],"inLanguage":"es","potentialAction":[{"@type":"CommentAction","name":"Comment","target":["https:\/\/elregionalvm.com.ar\/noticias-villa-maria\/derechito-nomas-ya-no-se-estaciona-mas-a-45-grados-en-alem-e-yrigoyen\/#respond"]}]},{"@type":"WebPage","@id":"https:\/\/elregionalvm.com.ar\/noticias-villa-maria\/derechito-nomas-ya-no-se-estaciona-mas-a-45-grados-en-alem-e-yrigoyen\/","url":"https:\/\/elregionalvm.com.ar\/noticias-villa-maria\/derechito-nomas-ya-no-se-estaciona-mas-a-45-grados-en-alem-e-yrigoyen\/","name":"Derechito nom\u00e1s: Ya no se estaciona m\u00e1s a 45 grados en Alem e Yrigoyen - El Regional","isPartOf":{"@id":"http:\/\/elregionalvm.com.ar\/noticias-villa-maria\/#website"},"primaryImageOfPage":{"@id":"https:\/\/elregionalvm.com.ar\/noticias-villa-maria\/derechito-nomas-ya-no-se-estaciona-mas-a-45-grados-en-alem-e-yrigoyen\/#primaryimage"},"image":{"@id":"https:\/\/elregionalvm.com.ar\/noticias-villa-maria\/derechito-nomas-ya-no-se-estaciona-mas-a-45-grados-en-alem-e-yrigoyen\/#primaryimage"},"thumbnailUrl":"https:\/\/i0.wp.com\/elregionalvm.com.ar\/noticias-villa-maria\/wp-content\/uploads\/2024\/03\/Sin-2-Estacionamiento-45-grados.jpeg?fit=1066%2C858&ssl=1","datePublished":"2024-03-02T03:50:44+00:00","dateModified":"2024-03-02T17:58:30+00:00","author":{"@id":"http:\/\/elregionalvm.com.ar\/noticias-villa-maria\/#\/schema\/person\/a0fb9c422317faca23d50163151bc354"},"breadcrumb":{"@id":"https:\/\/elregionalvm.com.ar\/noticias-villa-maria\/derechito-nomas-ya-no-se-estaciona-mas-a-45-grados-en-alem-e-yrigoyen\/#breadcrumb"},"inLanguage":"es","potentialAction":[{"@type":"ReadAction","target":["https:\/\/elregionalvm.com.ar\/noticias-villa-maria\/derechito-nomas-ya-no-se-estaciona-mas-a-45-grados-en-alem-e-yrigoyen\/"]}]},{"@type":"ImageObject","inLanguage":"es","@id":"https:\/\/elregionalvm.com.ar\/noticias-villa-maria\/derechito-nomas-ya-no-se-estaciona-mas-a-45-grados-en-alem-e-yrigoyen\/#primaryimage","url":"https:\/\/i0.wp.com\/elregionalvm.com.ar\/noticias-villa-maria\/wp-content\/uploads\/2024\/03\/Sin-2-Estacionamiento-45-grados.jpeg?fit=1066%2C858&ssl=1","contentUrl":"https:\/\/i0.wp.com\/elregionalvm.com.ar\/noticias-villa-maria\/wp-content\/uploads\/2024\/03\/Sin-2-Estacionamiento-45-grados.jpeg?fit=1066%2C858&ssl=1","width":1066,"height":858},{"@type":"BreadcrumbList","@id":"https:\/\/elregionalvm.com.ar\/noticias-villa-maria\/derechito-nomas-ya-no-se-estaciona-mas-a-45-grados-en-alem-e-yrigoyen\/#breadcrumb","itemListElement":[{"@type":"ListItem","position":1,"name":"Portada","item":"https:\/\/elregionalvm.com.ar\/noticias-villa-maria\/"},{"@type":"ListItem","position":2,"name":"Derechito nom\u00e1s: Ya no se estaciona m\u00e1s a 45 grados en Alem e Yrigoyen"}]},{"@type":"WebSite","@id":"http:\/\/elregionalvm.com.ar\/noticias-villa-maria\/#website","url":"http:\/\/elregionalvm.com.ar\/noticias-villa-maria\/","name":"El Regional","description":"Mucho m\u00e1s que informaci\u00f3n","potentialAction":[{"@type":"SearchAction","target":{"@type":"EntryPoint","urlTemplate":"http:\/\/elregionalvm.com.ar\/noticias-villa-maria\/?s={search_term_string}"},"query-input":{"@type":"PropertyValueSpecification","valueRequired":true,"valueName":"search_term_string"}}],"inLanguage":"es"},{"@type":"Person","@id":"http:\/\/elregionalvm.com.ar\/noticias-villa-maria\/#\/schema\/person\/a0fb9c422317faca23d50163151bc354","name":"Contenidos El Regional","image":{"@type":"ImageObject","inLanguage":"es","@id":"http:\/\/elregionalvm.com.ar\/noticias-villa-maria\/#\/schema\/person\/image\/","url":"https:\/\/secure.gravatar.com\/avatar\/265b27cb2209af7bb3a1318f03305787d7981a5cc6e6cd08fe5a4ecdf99d4b48?s=96&d=mm&r=g","contentUrl":"https:\/\/secure.gravatar.com\/avatar\/265b27cb2209af7bb3a1318f03305787d7981a5cc6e6cd08fe5a4ecdf99d4b48?s=96&d=mm&r=g","caption":"Contenidos El Regional"},"url":"https:\/\/elregionalvm.com.ar\/noticias-villa-maria\/author\/contenido\/"}]}},"jetpack_featured_media_url":"https:\/\/i0.wp.com\/elregionalvm.com.ar\/noticias-villa-maria\/wp-content\/uploads\/2024\/03\/Sin-2-Estacionamiento-45-grados.jpeg?fit=1066%2C858&ssl=1","jetpack_sharing_enabled":true,"_links":{"self":[{"href":"https:\/\/elregionalvm.com.ar\/noticias-villa-maria\/wp-json\/wp\/v2\/posts\/90740","targetHints":{"allow":["GET"]}}],"collection":[{"href":"https:\/\/elregionalvm.com.ar\/noticias-villa-maria\/wp-json\/wp\/v2\/posts"}],"about":[{"href":"https:\/\/elregionalvm.com.ar\/noticias-villa-maria\/wp-json\/wp\/v2\/types\/post"}],"author":[{"embeddable":true,"href":"https:\/\/elregionalvm.com.ar\/noticias-villa-maria\/wp-json\/wp\/v2\/users\/4"}],"replies":[{"embeddable":true,"href":"https:\/\/elregionalvm.com.ar\/noticias-villa-maria\/wp-json\/wp\/v2\/comments?post=90740"}],"version-history":[{"count":2,"href":"https:\/\/elregionalvm.com.ar\/noticias-villa-maria\/wp-json\/wp\/v2\/posts\/90740\/revisions"}],"predecessor-version":[{"id":90744,"href":"https:\/\/elregionalvm.com.ar\/noticias-villa-maria\/wp-json\/wp\/v2\/posts\/90740\/revisions\/90744"}],"wp:featuredmedia":[{"embeddable":true,"href":"https:\/\/elregionalvm.com.ar\/noticias-villa-maria\/wp-json\/wp\/v2\/media\/90743"}],"wp:attachment":[{"href":"https:\/\/elregionalvm.com.ar\/noticias-villa-maria\/wp-json\/wp\/v2\/media?parent=90740"}],"wp:term":[{"taxonomy":"category","embeddable":true,"href":"https:\/\/elregionalvm.com.ar\/noticias-villa-maria\/wp-json\/wp\/v2\/categories?post=90740"},{"taxonomy":"post_tag","embeddable":true,"href":"https:\/\/elregionalvm.com.ar\/noticias-villa-maria\/wp-json\/wp\/v2\/tags?post=90740"}],"curies":[{"name":"wp","href":"https:\/\/api.w.org\/{rel}","templated":true}]}}