{"id":90745,"date":"2024-03-02T04:02:57","date_gmt":"2024-03-02T04:02:57","guid":{"rendered":"https:\/\/elregionalvm.com.ar\/noticias-villa-maria\/?p=90745"},"modified":"2024-03-02T04:02:58","modified_gmt":"2024-03-02T04:02:58","slug":"agarraron-al-sujeto-que-ataco-a-una-docente-en-parque-norte-y-realizo-otros-arrebatos","status":"publish","type":"post","link":"https:\/\/elregionalvm.com.ar\/noticias-villa-maria\/agarraron-al-sujeto-que-ataco-a-una-docente-en-parque-norte-y-realizo-otros-arrebatos\/","title":{"rendered":"\u00a0Agarraron al sujeto que atac\u00f3 a una docente en Parque Norte y realiz\u00f3 otros arrebatos"},"content":{"rendered":"\n<p><\/p>\n\n\n\n<p>Un hombre de 27 a\u00f1os, que se conduc\u00eda en una moto Keller 110 gris, fue detenido por la polic\u00eda, acusado de ser el supuesto autor de cuatro hechos de robo, entre ellos el que tuvo como v\u00edctima a <a href=\"https:\/\/elregionalvm.com.ar\/noticias-villa-maria\/asaltaron-y-golpearon-a-una-maestra-en-barrio-parque-norte\/\">una docente en una plaza del barrio Parque Norte<\/a>.<\/p>\n\n\n\n<p>En su poder se encontr\u00f3 una cartera y un tel\u00e9fono celular, perteneciente a una de las damnificadas, adem\u00e1s de llevar prendas de vestir coincidentes con el autor de los arrebatos investigados.<\/p>\n\n\n\n<p><\/p>\n\n\n\n<figure class=\"wp-block-image size-large\"><img data-recalc-dims=\"1\" fetchpriority=\"high\" decoding=\"async\" width=\"1024\" height=\"768\" src=\"https:\/\/i0.wp.com\/elregionalvm.com.ar\/noticias-villa-maria\/wp-content\/uploads\/2024\/03\/Robo-parque-norte-2.jpeg?resize=1024%2C768&#038;ssl=1\" alt=\"\" class=\"wp-image-90747\" srcset=\"https:\/\/i0.wp.com\/elregionalvm.com.ar\/noticias-villa-maria\/wp-content\/uploads\/2024\/03\/Robo-parque-norte-2.jpeg?resize=1024%2C768&amp;ssl=1 1024w, https:\/\/i0.wp.com\/elregionalvm.com.ar\/noticias-villa-maria\/wp-content\/uploads\/2024\/03\/Robo-parque-norte-2.jpeg?resize=300%2C225&amp;ssl=1 300w, https:\/\/i0.wp.com\/elregionalvm.com.ar\/noticias-villa-maria\/wp-content\/uploads\/2024\/03\/Robo-parque-norte-2.jpeg?resize=768%2C576&amp;ssl=1 768w, https:\/\/i0.wp.com\/elregionalvm.com.ar\/noticias-villa-maria\/wp-content\/uploads\/2024\/03\/Robo-parque-norte-2.jpeg?w=1280&amp;ssl=1 1280w\" sizes=\"(max-width: 1000px) 100vw, 1000px\" \/><\/figure>\n\n\n\n<p><\/p>\n\n\n\n<p>En tanto, el fiscal Ren\u00e9 Bosio, orden\u00f3 un allanamiento en una vivienda de la ciudad, donde se procedi\u00f3 al secuestro de ropa que habr\u00eda sido utilizada en estos delitos.<\/p>\n\n\n\n<p><\/p>\n\n\n\n<h3 class=\"wp-block-heading\"><strong>Tambi\u00e9n pod\u00e9s ver: <\/strong><\/h3>\n\n\n\n<p><\/p>\n\n\n\n<figure class=\"wp-block-embed is-type-wp-embed is-provider-el-regional wp-block-embed-el-regional\"><div class=\"wp-block-embed__wrapper\">\n<blockquote class=\"wp-embedded-content\" data-secret=\"mh26qpQ3mW\"><a href=\"https:\/\/elregionalvm.com.ar\/noticias-villa-maria\/asaltaron-y-golpearon-a-una-maestra-en-barrio-parque-norte\/\">Asaltaron y golpearon a una maestra en barrio Parque Norte<\/a><\/blockquote><iframe class=\"wp-embedded-content\" sandbox=\"allow-scripts\" security=\"restricted\" style=\"position: absolute; clip: rect(1px, 1px, 1px, 1px);\" title=\"\u00abAsaltaron y golpearon a una maestra en barrio Parque Norte\u00bb \u2014 El Regional\" src=\"https:\/\/elregionalvm.com.ar\/noticias-villa-maria\/asaltaron-y-golpearon-a-una-maestra-en-barrio-parque-norte\/embed\/#?secret=t0OR6e57Bo#?secret=mh26qpQ3mW\" data-secret=\"mh26qpQ3mW\" width=\"500\" height=\"282\" frameborder=\"0\" marginwidth=\"0\" marginheight=\"0\" scrolling=\"no\"><\/iframe>\n<\/div><\/figure>\n","protected":false},"excerpt":{"rendered":"<p>Un hombre de 27 a\u00f1os, que se conduc\u00eda en una moto Keller 110 gris, fue detenido por la polic\u00eda, acusado de ser el supuesto autor de cuatro hechos de robo, entre ellos el que tuvo como v\u00edctima a una docente en una plaza del barrio Parque Norte. En su poder se encontr\u00f3 una cartera y [&hellip;]<\/p>\n","protected":false},"author":4,"featured_media":90748,"comment_status":"open","ping_status":"open","sticky":false,"template":"","format":"standard","meta":{"site-sidebar-layout":"default","site-content-layout":"","ast-site-content-layout":"default","site-content-style":"default","site-sidebar-style":"default","ast-global-header-display":"","ast-banner-title-visibility":"","ast-main-header-display":"","ast-hfb-above-header-display":"","ast-hfb-below-header-display":"","ast-hfb-mobile-header-display":"","site-post-title":"","ast-breadcrumbs-content":"","ast-featured-img":"","footer-sml-layout":"","ast-disable-related-posts":"","theme-transparent-header-meta":"","adv-header-id-meta":"","stick-header-meta":"","header-above-stick-meta":"","header-main-stick-meta":"","header-below-stick-meta":"","astra-migrate-meta-layouts":"set","ast-page-background-enabled":"default","ast-page-background-meta":{"desktop":{"background-color":"","background-image":"","background-repeat":"repeat","background-position":"center center","background-size":"auto","background-attachment":"scroll","background-type":"","background-media":"","overlay-type":"","overlay-color":"","overlay-opacity":"","overlay-gradient":""},"tablet":{"background-color":"","background-image":"","background-repeat":"repeat","background-position":"center center","background-size":"auto","background-attachment":"scroll","background-type":"","background-media":"","overlay-type":"","overlay-color":"","overlay-opacity":"","overlay-gradient":""},"mobile":{"background-color":"","background-image":"","background-repeat":"repeat","background-position":"center center","background-size":"auto","background-attachment":"scroll","background-type":"","background-media":"","overlay-type":"","overlay-color":"","overlay-opacity":"","overlay-gradient":""}},"ast-content-background-meta":{"desktop":{"background-color":"var(--ast-global-color-5)","background-image":"","background-repeat":"repeat","background-position":"center center","background-size":"auto","background-attachment":"scroll","background-type":"","background-media":"","overlay-type":"","overlay-color":"","overlay-opacity":"","overlay-gradient":""},"tablet":{"background-color":"var(--ast-global-color-5)","background-image":"","background-repeat":"repeat","background-position":"center center","background-size":"auto","background-attachment":"scroll","background-type":"","background-media":"","overlay-type":"","overlay-color":"","overlay-opacity":"","overlay-gradient":""},"mobile":{"background-color":"var(--ast-global-color-5)","background-image":"","background-repeat":"repeat","background-position":"center center","background-size":"auto","background-attachment":"scroll","background-type":"","background-media":"","overlay-type":"","overlay-color":"","overlay-opacity":"","overlay-gradient":""}},"_jetpack_memberships_contains_paid_content":false,"_joinchat":[],"footnotes":""},"categories":[15302,2234,2],"tags":[2325,23580,4497,2305,353,1515,995],"class_list":["post-90745","post","type-post","status-publish","format-standard","has-post-thumbnail","hentry","category-destacado","category-policiales","category-villa-maria","tag-allanamiento","tag-arrebatos","tag-barrio-parque-norte","tag-detenido","tag-policia","tag-robos","tag-violencia"],"yoast_head":"<!-- This site is optimized with the Yoast SEO plugin v26.8 - https:\/\/yoast.com\/product\/yoast-seo-wordpress\/ -->\n<title>\u00a0Agarraron al sujeto que atac\u00f3 a una docente en Parque Norte y realiz\u00f3 otros arrebatos - El Regional<\/title>\n<meta name=\"robots\" content=\"index, follow, max-snippet:-1, max-image-preview:large, max-video-preview:-1\" \/>\n<link rel=\"canonical\" href=\"https:\/\/elregionalvm.com.ar\/noticias-villa-maria\/agarraron-al-sujeto-que-ataco-a-una-docente-en-parque-norte-y-realizo-otros-arrebatos\/\" \/>\n<meta property=\"og:locale\" content=\"es_ES\" \/>\n<meta property=\"og:type\" content=\"article\" \/>\n<meta property=\"og:title\" content=\"\u00a0Agarraron al sujeto que atac\u00f3 a una docente en Parque Norte y realiz\u00f3 otros arrebatos - El Regional\" \/>\n<meta property=\"og:description\" content=\"Un hombre de 27 a\u00f1os, que se conduc\u00eda en una moto Keller 110 gris, fue detenido por la polic\u00eda, acusado de ser el supuesto autor de cuatro hechos de robo, entre ellos el que tuvo como v\u00edctima a una docente en una plaza del barrio Parque Norte. En su poder se encontr\u00f3 una cartera y [&hellip;]\" \/>\n<meta property=\"og:url\" content=\"https:\/\/elregionalvm.com.ar\/noticias-villa-maria\/agarraron-al-sujeto-que-ataco-a-una-docente-en-parque-norte-y-realizo-otros-arrebatos\/\" \/>\n<meta property=\"og:site_name\" content=\"El Regional\" \/>\n<meta property=\"article:publisher\" content=\"https:\/\/www.facebook.com\/elregionalvm\" \/>\n<meta property=\"article:published_time\" content=\"2024-03-02T04:02:57+00:00\" \/>\n<meta property=\"article:modified_time\" content=\"2024-03-02T04:02:58+00:00\" \/>\n<meta property=\"og:image\" content=\"https:\/\/elregionalvm.com.ar\/noticias-villa-maria\/wp-content\/uploads\/2024\/03\/Robo-parque-norte.jpeg\" \/>\n\t<meta property=\"og:image:width\" content=\"1439\" \/>\n\t<meta property=\"og:image:height\" content=\"873\" \/>\n\t<meta property=\"og:image:type\" content=\"image\/jpeg\" \/>\n<meta name=\"author\" content=\"Contenidos El Regional\" \/>\n<meta name=\"twitter:card\" content=\"summary_large_image\" \/>\n<meta name=\"twitter:creator\" content=\"@elregionalvm1\" \/>\n<meta name=\"twitter:site\" content=\"@elregionalvm1\" \/>\n<meta name=\"twitter:label1\" content=\"Escrito por\" \/>\n\t<meta name=\"twitter:data1\" content=\"Contenidos El Regional\" \/>\n\t<meta name=\"twitter:label2\" content=\"Tiempo de lectura\" \/>\n\t<meta name=\"twitter:data2\" content=\"1 minuto\" \/>\n<script type=\"application\/ld+json\" class=\"yoast-schema-graph\">{\"@context\":\"https:\/\/schema.org\",\"@graph\":[{\"@type\":\"Article\",\"@id\":\"https:\/\/elregionalvm.com.ar\/noticias-villa-maria\/agarraron-al-sujeto-que-ataco-a-una-docente-en-parque-norte-y-realizo-otros-arrebatos\/#article\",\"isPartOf\":{\"@id\":\"https:\/\/elregionalvm.com.ar\/noticias-villa-maria\/agarraron-al-sujeto-que-ataco-a-una-docente-en-parque-norte-y-realizo-otros-arrebatos\/\"},\"author\":{\"name\":\"Contenidos El Regional\",\"@id\":\"http:\/\/elregionalvm.com.ar\/noticias-villa-maria\/#\/schema\/person\/a0fb9c422317faca23d50163151bc354\"},\"headline\":\"\u00a0Agarraron al sujeto que atac\u00f3 a una docente en Parque Norte y realiz\u00f3 otros arrebatos\",\"datePublished\":\"2024-03-02T04:02:57+00:00\",\"dateModified\":\"2024-03-02T04:02:58+00:00\",\"mainEntityOfPage\":{\"@id\":\"https:\/\/elregionalvm.com.ar\/noticias-villa-maria\/agarraron-al-sujeto-que-ataco-a-una-docente-en-parque-norte-y-realizo-otros-arrebatos\/\"},\"wordCount\":138,\"commentCount\":0,\"image\":{\"@id\":\"https:\/\/elregionalvm.com.ar\/noticias-villa-maria\/agarraron-al-sujeto-que-ataco-a-una-docente-en-parque-norte-y-realizo-otros-arrebatos\/#primaryimage\"},\"thumbnailUrl\":\"https:\/\/i0.wp.com\/elregionalvm.com.ar\/noticias-villa-maria\/wp-content\/uploads\/2024\/03\/Robo-parque-norte.jpeg?fit=1439%2C873&ssl=1\",\"keywords\":[\"allanamiento\",\"arrebatos\",\"Barrio Parque Norte\",\"detenido\",\"polic\u00eda\",\"Robos\",\"Violencia\"],\"articleSection\":[\"destacado\",\"Policiales\",\"Villa Mar\u00eda\"],\"inLanguage\":\"es\",\"potentialAction\":[{\"@type\":\"CommentAction\",\"name\":\"Comment\",\"target\":[\"https:\/\/elregionalvm.com.ar\/noticias-villa-maria\/agarraron-al-sujeto-que-ataco-a-una-docente-en-parque-norte-y-realizo-otros-arrebatos\/#respond\"]}]},{\"@type\":\"WebPage\",\"@id\":\"https:\/\/elregionalvm.com.ar\/noticias-villa-maria\/agarraron-al-sujeto-que-ataco-a-una-docente-en-parque-norte-y-realizo-otros-arrebatos\/\",\"url\":\"https:\/\/elregionalvm.com.ar\/noticias-villa-maria\/agarraron-al-sujeto-que-ataco-a-una-docente-en-parque-norte-y-realizo-otros-arrebatos\/\",\"name\":\"\u00a0Agarraron al sujeto que atac\u00f3 a una docente en Parque Norte y realiz\u00f3 otros arrebatos - El Regional\",\"isPartOf\":{\"@id\":\"http:\/\/elregionalvm.com.ar\/noticias-villa-maria\/#website\"},\"primaryImageOfPage\":{\"@id\":\"https:\/\/elregionalvm.com.ar\/noticias-villa-maria\/agarraron-al-sujeto-que-ataco-a-una-docente-en-parque-norte-y-realizo-otros-arrebatos\/#primaryimage\"},\"image\":{\"@id\":\"https:\/\/elregionalvm.com.ar\/noticias-villa-maria\/agarraron-al-sujeto-que-ataco-a-una-docente-en-parque-norte-y-realizo-otros-arrebatos\/#primaryimage\"},\"thumbnailUrl\":\"https:\/\/i0.wp.com\/elregionalvm.com.ar\/noticias-villa-maria\/wp-content\/uploads\/2024\/03\/Robo-parque-norte.jpeg?fit=1439%2C873&ssl=1\",\"datePublished\":\"2024-03-02T04:02:57+00:00\",\"dateModified\":\"2024-03-02T04:02:58+00:00\",\"author\":{\"@id\":\"http:\/\/elregionalvm.com.ar\/noticias-villa-maria\/#\/schema\/person\/a0fb9c422317faca23d50163151bc354\"},\"breadcrumb\":{\"@id\":\"https:\/\/elregionalvm.com.ar\/noticias-villa-maria\/agarraron-al-sujeto-que-ataco-a-una-docente-en-parque-norte-y-realizo-otros-arrebatos\/#breadcrumb\"},\"inLanguage\":\"es\",\"potentialAction\":[{\"@type\":\"ReadAction\",\"target\":[\"https:\/\/elregionalvm.com.ar\/noticias-villa-maria\/agarraron-al-sujeto-que-ataco-a-una-docente-en-parque-norte-y-realizo-otros-arrebatos\/\"]}]},{\"@type\":\"ImageObject\",\"inLanguage\":\"es\",\"@id\":\"https:\/\/elregionalvm.com.ar\/noticias-villa-maria\/agarraron-al-sujeto-que-ataco-a-una-docente-en-parque-norte-y-realizo-otros-arrebatos\/#primaryimage\",\"url\":\"https:\/\/i0.wp.com\/elregionalvm.com.ar\/noticias-villa-maria\/wp-content\/uploads\/2024\/03\/Robo-parque-norte.jpeg?fit=1439%2C873&ssl=1\",\"contentUrl\":\"https:\/\/i0.wp.com\/elregionalvm.com.ar\/noticias-villa-maria\/wp-content\/uploads\/2024\/03\/Robo-parque-norte.jpeg?fit=1439%2C873&ssl=1\",\"width\":1439,\"height\":873},{\"@type\":\"BreadcrumbList\",\"@id\":\"https:\/\/elregionalvm.com.ar\/noticias-villa-maria\/agarraron-al-sujeto-que-ataco-a-una-docente-en-parque-norte-y-realizo-otros-arrebatos\/#breadcrumb\",\"itemListElement\":[{\"@type\":\"ListItem\",\"position\":1,\"name\":\"Portada\",\"item\":\"https:\/\/elregionalvm.com.ar\/noticias-villa-maria\/\"},{\"@type\":\"ListItem\",\"position\":2,\"name\":\"\u00a0Agarraron al sujeto que atac\u00f3 a una docente en Parque Norte y realiz\u00f3 otros arrebatos\"}]},{\"@type\":\"WebSite\",\"@id\":\"http:\/\/elregionalvm.com.ar\/noticias-villa-maria\/#website\",\"url\":\"http:\/\/elregionalvm.com.ar\/noticias-villa-maria\/\",\"name\":\"El Regional\",\"description\":\"Mucho m\u00e1s que informaci\u00f3n\",\"potentialAction\":[{\"@type\":\"SearchAction\",\"target\":{\"@type\":\"EntryPoint\",\"urlTemplate\":\"http:\/\/elregionalvm.com.ar\/noticias-villa-maria\/?s={search_term_string}\"},\"query-input\":{\"@type\":\"PropertyValueSpecification\",\"valueRequired\":true,\"valueName\":\"search_term_string\"}}],\"inLanguage\":\"es\"},{\"@type\":\"Person\",\"@id\":\"http:\/\/elregionalvm.com.ar\/noticias-villa-maria\/#\/schema\/person\/a0fb9c422317faca23d50163151bc354\",\"name\":\"Contenidos El Regional\",\"image\":{\"@type\":\"ImageObject\",\"inLanguage\":\"es\",\"@id\":\"http:\/\/elregionalvm.com.ar\/noticias-villa-maria\/#\/schema\/person\/image\/\",\"url\":\"https:\/\/secure.gravatar.com\/avatar\/265b27cb2209af7bb3a1318f03305787d7981a5cc6e6cd08fe5a4ecdf99d4b48?s=96&d=mm&r=g\",\"contentUrl\":\"https:\/\/secure.gravatar.com\/avatar\/265b27cb2209af7bb3a1318f03305787d7981a5cc6e6cd08fe5a4ecdf99d4b48?s=96&d=mm&r=g\",\"caption\":\"Contenidos El Regional\"},\"url\":\"https:\/\/elregionalvm.com.ar\/noticias-villa-maria\/author\/contenido\/\"}]}<\/script>\n<!-- \/ Yoast SEO plugin. -->","yoast_head_json":{"title":"\u00a0Agarraron al sujeto que atac\u00f3 a una docente en Parque Norte y realiz\u00f3 otros arrebatos - El Regional","robots":{"index":"index","follow":"follow","max-snippet":"max-snippet:-1","max-image-preview":"max-image-preview:large","max-video-preview":"max-video-preview:-1"},"canonical":"https:\/\/elregionalvm.com.ar\/noticias-villa-maria\/agarraron-al-sujeto-que-ataco-a-una-docente-en-parque-norte-y-realizo-otros-arrebatos\/","og_locale":"es_ES","og_type":"article","og_title":"\u00a0Agarraron al sujeto que atac\u00f3 a una docente en Parque Norte y realiz\u00f3 otros arrebatos - El Regional","og_description":"Un hombre de 27 a\u00f1os, que se conduc\u00eda en una moto Keller 110 gris, fue detenido por la polic\u00eda, acusado de ser el supuesto autor de cuatro hechos de robo, entre ellos el que tuvo como v\u00edctima a una docente en una plaza del barrio Parque Norte. En su poder se encontr\u00f3 una cartera y [&hellip;]","og_url":"https:\/\/elregionalvm.com.ar\/noticias-villa-maria\/agarraron-al-sujeto-que-ataco-a-una-docente-en-parque-norte-y-realizo-otros-arrebatos\/","og_site_name":"El Regional","article_publisher":"https:\/\/www.facebook.com\/elregionalvm","article_published_time":"2024-03-02T04:02:57+00:00","article_modified_time":"2024-03-02T04:02:58+00:00","og_image":[{"width":1439,"height":873,"url":"https:\/\/elregionalvm.com.ar\/noticias-villa-maria\/wp-content\/uploads\/2024\/03\/Robo-parque-norte.jpeg","type":"image\/jpeg"}],"author":"Contenidos El Regional","twitter_card":"summary_large_image","twitter_creator":"@elregionalvm1","twitter_site":"@elregionalvm1","twitter_misc":{"Escrito por":"Contenidos El Regional","Tiempo de lectura":"1 minuto"},"schema":{"@context":"https:\/\/schema.org","@graph":[{"@type":"Article","@id":"https:\/\/elregionalvm.com.ar\/noticias-villa-maria\/agarraron-al-sujeto-que-ataco-a-una-docente-en-parque-norte-y-realizo-otros-arrebatos\/#article","isPartOf":{"@id":"https:\/\/elregionalvm.com.ar\/noticias-villa-maria\/agarraron-al-sujeto-que-ataco-a-una-docente-en-parque-norte-y-realizo-otros-arrebatos\/"},"author":{"name":"Contenidos El Regional","@id":"http:\/\/elregionalvm.com.ar\/noticias-villa-maria\/#\/schema\/person\/a0fb9c422317faca23d50163151bc354"},"headline":"\u00a0Agarraron al sujeto que atac\u00f3 a una docente en Parque Norte y realiz\u00f3 otros arrebatos","datePublished":"2024-03-02T04:02:57+00:00","dateModified":"2024-03-02T04:02:58+00:00","mainEntityOfPage":{"@id":"https:\/\/elregionalvm.com.ar\/noticias-villa-maria\/agarraron-al-sujeto-que-ataco-a-una-docente-en-parque-norte-y-realizo-otros-arrebatos\/"},"wordCount":138,"commentCount":0,"image":{"@id":"https:\/\/elregionalvm.com.ar\/noticias-villa-maria\/agarraron-al-sujeto-que-ataco-a-una-docente-en-parque-norte-y-realizo-otros-arrebatos\/#primaryimage"},"thumbnailUrl":"https:\/\/i0.wp.com\/elregionalvm.com.ar\/noticias-villa-maria\/wp-content\/uploads\/2024\/03\/Robo-parque-norte.jpeg?fit=1439%2C873&ssl=1","keywords":["allanamiento","arrebatos","Barrio Parque Norte","detenido","polic\u00eda","Robos","Violencia"],"articleSection":["destacado","Policiales","Villa Mar\u00eda"],"inLanguage":"es","potentialAction":[{"@type":"CommentAction","name":"Comment","target":["https:\/\/elregionalvm.com.ar\/noticias-villa-maria\/agarraron-al-sujeto-que-ataco-a-una-docente-en-parque-norte-y-realizo-otros-arrebatos\/#respond"]}]},{"@type":"WebPage","@id":"https:\/\/elregionalvm.com.ar\/noticias-villa-maria\/agarraron-al-sujeto-que-ataco-a-una-docente-en-parque-norte-y-realizo-otros-arrebatos\/","url":"https:\/\/elregionalvm.com.ar\/noticias-villa-maria\/agarraron-al-sujeto-que-ataco-a-una-docente-en-parque-norte-y-realizo-otros-arrebatos\/","name":"\u00a0Agarraron al sujeto que atac\u00f3 a una docente en Parque Norte y realiz\u00f3 otros arrebatos - El Regional","isPartOf":{"@id":"http:\/\/elregionalvm.com.ar\/noticias-villa-maria\/#website"},"primaryImageOfPage":{"@id":"https:\/\/elregionalvm.com.ar\/noticias-villa-maria\/agarraron-al-sujeto-que-ataco-a-una-docente-en-parque-norte-y-realizo-otros-arrebatos\/#primaryimage"},"image":{"@id":"https:\/\/elregionalvm.com.ar\/noticias-villa-maria\/agarraron-al-sujeto-que-ataco-a-una-docente-en-parque-norte-y-realizo-otros-arrebatos\/#primaryimage"},"thumbnailUrl":"https:\/\/i0.wp.com\/elregionalvm.com.ar\/noticias-villa-maria\/wp-content\/uploads\/2024\/03\/Robo-parque-norte.jpeg?fit=1439%2C873&ssl=1","datePublished":"2024-03-02T04:02:57+00:00","dateModified":"2024-03-02T04:02:58+00:00","author":{"@id":"http:\/\/elregionalvm.com.ar\/noticias-villa-maria\/#\/schema\/person\/a0fb9c422317faca23d50163151bc354"},"breadcrumb":{"@id":"https:\/\/elregionalvm.com.ar\/noticias-villa-maria\/agarraron-al-sujeto-que-ataco-a-una-docente-en-parque-norte-y-realizo-otros-arrebatos\/#breadcrumb"},"inLanguage":"es","potentialAction":[{"@type":"ReadAction","target":["https:\/\/elregionalvm.com.ar\/noticias-villa-maria\/agarraron-al-sujeto-que-ataco-a-una-docente-en-parque-norte-y-realizo-otros-arrebatos\/"]}]},{"@type":"ImageObject","inLanguage":"es","@id":"https:\/\/elregionalvm.com.ar\/noticias-villa-maria\/agarraron-al-sujeto-que-ataco-a-una-docente-en-parque-norte-y-realizo-otros-arrebatos\/#primaryimage","url":"https:\/\/i0.wp.com\/elregionalvm.com.ar\/noticias-villa-maria\/wp-content\/uploads\/2024\/03\/Robo-parque-norte.jpeg?fit=1439%2C873&ssl=1","contentUrl":"https:\/\/i0.wp.com\/elregionalvm.com.ar\/noticias-villa-maria\/wp-content\/uploads\/2024\/03\/Robo-parque-norte.jpeg?fit=1439%2C873&ssl=1","width":1439,"height":873},{"@type":"BreadcrumbList","@id":"https:\/\/elregionalvm.com.ar\/noticias-villa-maria\/agarraron-al-sujeto-que-ataco-a-una-docente-en-parque-norte-y-realizo-otros-arrebatos\/#breadcrumb","itemListElement":[{"@type":"ListItem","position":1,"name":"Portada","item":"https:\/\/elregionalvm.com.ar\/noticias-villa-maria\/"},{"@type":"ListItem","position":2,"name":"\u00a0Agarraron al sujeto que atac\u00f3 a una docente en Parque Norte y realiz\u00f3 otros arrebatos"}]},{"@type":"WebSite","@id":"http:\/\/elregionalvm.com.ar\/noticias-villa-maria\/#website","url":"http:\/\/elregionalvm.com.ar\/noticias-villa-maria\/","name":"El Regional","description":"Mucho m\u00e1s que informaci\u00f3n","potentialAction":[{"@type":"SearchAction","target":{"@type":"EntryPoint","urlTemplate":"http:\/\/elregionalvm.com.ar\/noticias-villa-maria\/?s={search_term_string}"},"query-input":{"@type":"PropertyValueSpecification","valueRequired":true,"valueName":"search_term_string"}}],"inLanguage":"es"},{"@type":"Person","@id":"http:\/\/elregionalvm.com.ar\/noticias-villa-maria\/#\/schema\/person\/a0fb9c422317faca23d50163151bc354","name":"Contenidos El Regional","image":{"@type":"ImageObject","inLanguage":"es","@id":"http:\/\/elregionalvm.com.ar\/noticias-villa-maria\/#\/schema\/person\/image\/","url":"https:\/\/secure.gravatar.com\/avatar\/265b27cb2209af7bb3a1318f03305787d7981a5cc6e6cd08fe5a4ecdf99d4b48?s=96&d=mm&r=g","contentUrl":"https:\/\/secure.gravatar.com\/avatar\/265b27cb2209af7bb3a1318f03305787d7981a5cc6e6cd08fe5a4ecdf99d4b48?s=96&d=mm&r=g","caption":"Contenidos El Regional"},"url":"https:\/\/elregionalvm.com.ar\/noticias-villa-maria\/author\/contenido\/"}]}},"jetpack_featured_media_url":"https:\/\/i0.wp.com\/elregionalvm.com.ar\/noticias-villa-maria\/wp-content\/uploads\/2024\/03\/Robo-parque-norte.jpeg?fit=1439%2C873&ssl=1","jetpack_sharing_enabled":true,"_links":{"self":[{"href":"https:\/\/elregionalvm.com.ar\/noticias-villa-maria\/wp-json\/wp\/v2\/posts\/90745","targetHints":{"allow":["GET"]}}],"collection":[{"href":"https:\/\/elregionalvm.com.ar\/noticias-villa-maria\/wp-json\/wp\/v2\/posts"}],"about":[{"href":"https:\/\/elregionalvm.com.ar\/noticias-villa-maria\/wp-json\/wp\/v2\/types\/post"}],"author":[{"embeddable":true,"href":"https:\/\/elregionalvm.com.ar\/noticias-villa-maria\/wp-json\/wp\/v2\/users\/4"}],"replies":[{"embeddable":true,"href":"https:\/\/elregionalvm.com.ar\/noticias-villa-maria\/wp-json\/wp\/v2\/comments?post=90745"}],"version-history":[{"count":2,"href":"https:\/\/elregionalvm.com.ar\/noticias-villa-maria\/wp-json\/wp\/v2\/posts\/90745\/revisions"}],"predecessor-version":[{"id":90749,"href":"https:\/\/elregionalvm.com.ar\/noticias-villa-maria\/wp-json\/wp\/v2\/posts\/90745\/revisions\/90749"}],"wp:featuredmedia":[{"embeddable":true,"href":"https:\/\/elregionalvm.com.ar\/noticias-villa-maria\/wp-json\/wp\/v2\/media\/90748"}],"wp:attachment":[{"href":"https:\/\/elregionalvm.com.ar\/noticias-villa-maria\/wp-json\/wp\/v2\/media?parent=90745"}],"wp:term":[{"taxonomy":"category","embeddable":true,"href":"https:\/\/elregionalvm.com.ar\/noticias-villa-maria\/wp-json\/wp\/v2\/categories?post=90745"},{"taxonomy":"post_tag","embeddable":true,"href":"https:\/\/elregionalvm.com.ar\/noticias-villa-maria\/wp-json\/wp\/v2\/tags?post=90745"}],"curies":[{"name":"wp","href":"https:\/\/api.w.org\/{rel}","templated":true}]}}