{"id":90762,"date":"2024-03-02T17:50:50","date_gmt":"2024-03-02T17:50:50","guid":{"rendered":"https:\/\/elregionalvm.com.ar\/noticias-villa-maria\/?p=90762"},"modified":"2024-03-02T17:50:51","modified_gmt":"2024-03-02T17:50:51","slug":"vuelve-a-pasar-el-colectivo-por-ticino-y-pasco-lo-hara-por-primera-vez-en-la-palestina","status":"publish","type":"post","link":"https:\/\/elregionalvm.com.ar\/noticias-villa-maria\/vuelve-a-pasar-el-colectivo-por-ticino-y-pasco-lo-hara-por-primera-vez-en-la-palestina\/","title":{"rendered":"Vuelve a pasar el colectivo por Ticino y Pasco: Lo har\u00e1 por primera vez en La Palestina"},"content":{"rendered":"\n<p><\/p>\n\n\n\n<p>Desde este lunes 4 de marzo, la empresa C\u00f3rdoba Coata retomar\u00e1 el servicio por varias localidades de la regi\u00f3n, entre ellas, Ticino y Pasco. Tambi\u00e9n lo har\u00e1 por primera vez en su historia en La Palestina.<\/p>\n\n\n\n<p>El regreso del transporte interurbano a esa zona representa todo un logro a partir de un trabajo conjunto de los municipios con el gobierno de la provincia de C\u00f3rdoba y la empresa concesionaria del servicio.<\/p>\n\n\n\n<p>Se trata de cuatro recorridos, que comprenden el trayecto Villa Mar\u00eda \u2013 Monte Ma\u00edz (ida y vuelta), pasando por La Laguna, m\u00e1s el ida y vuelta a Villa Mar\u00eda pasando por rutas provinciales 4 y 6.<\/p>\n\n\n\n<p>En el primer caso incluye un itinerario por las localidades de Escalante, Laborde, Justiniano Posse, Ord\u00f3\u00f1ez, Idiaz\u00e1bal, La Laguna, Pasco, Ticino, La Palestina y Arroyo Cabral.<\/p>\n\n\n\n<p>En el segundo caso, comprende el paso por Villa Nueva, Sanabria, Ausonia, La Laguna, Pasco, Ticino, La Palestina y Arroyo Cabral.<\/p>\n\n\n\n<p><\/p>\n\n\n\n<figure class=\"wp-block-image size-full\"><img data-recalc-dims=\"1\" fetchpriority=\"high\" decoding=\"async\" width=\"552\" height=\"555\" src=\"https:\/\/i0.wp.com\/elregionalvm.com.ar\/noticias-villa-maria\/wp-content\/uploads\/2024\/01\/Canas-Becco-Pereyra-transporte-interurbano-Ticino.jpg?resize=552%2C555&#038;ssl=1\" alt=\"\" class=\"wp-image-89156\" srcset=\"https:\/\/i0.wp.com\/elregionalvm.com.ar\/noticias-villa-maria\/wp-content\/uploads\/2024\/01\/Canas-Becco-Pereyra-transporte-interurbano-Ticino.jpg?w=552&amp;ssl=1 552w, https:\/\/i0.wp.com\/elregionalvm.com.ar\/noticias-villa-maria\/wp-content\/uploads\/2024\/01\/Canas-Becco-Pereyra-transporte-interurbano-Ticino.jpg?resize=298%2C300&amp;ssl=1 298w\" sizes=\"(max-width: 552px) 100vw, 552px\" \/><figcaption class=\"wp-element-caption\"><em>Los intendentes de la regi\u00f3n con el secretario de Transporte. <\/em><\/figcaption><\/figure>\n\n\n\n<p><\/p>\n\n\n\n<p>En el caso de Ticino y Pasco, no contaban con transporte interurbano desde hac\u00eda un tiempo y a trav\u00e9s de las gestiones de tres intendentes ante el gobierno provincial y la empresa, se logr\u00f3 el retorno de la prestaci\u00f3n.<\/p>\n\n\n\n<p>Las gestiones fueron realizadas por los jefes comunales de Ticino, Gabriel Ca\u00f1as; Pasco, Dardo Pereyra; y La Palestina, Mayco Becco, ante el secretario de Transporte de la Provincia, Marcelo Rodio.<\/p>\n\n\n\n<p><\/p>\n\n\n\n<p><strong>Los horarios y recorridos<\/strong>: <\/p>\n\n\n\n<p><\/p>\n\n\n\n<div data-wp-interactive=\"core\/file\" class=\"wp-block-file\"><object data-wp-bind--hidden=\"!state.hasPdfPreview\" hidden class=\"wp-block-file__embed\" data=\"https:\/\/elregionalvm.com.ar\/noticias-villa-maria\/wp-content\/uploads\/2024\/03\/Nuevos-servicios-Coata-Cordoba-por-La-Palestina.pdf\" type=\"application\/pdf\" style=\"width:100%;height:600px\" aria-label=\"PDF incrustado\"><\/object><a href=\"https:\/\/elregionalvm.com.ar\/noticias-villa-maria\/wp-content\/uploads\/2024\/03\/Nuevos-servicios-Coata-Cordoba-por-La-Palestina.pdf\" class=\"wp-block-file__button wp-element-button\" download>Descarga<\/a><\/div>\n\n\n\n<p><\/p>\n\n\n\n<p><\/p>\n\n\n\n<p><\/p>\n","protected":false},"excerpt":{"rendered":"<p>Desde este lunes 4 de marzo, la empresa C\u00f3rdoba Coata retomar\u00e1 el servicio por varias localidades de la regi\u00f3n, entre ellas, Ticino y Pasco. Tambi\u00e9n lo har\u00e1 por primera vez en su historia en La Palestina. El regreso del transporte interurbano a esa zona representa todo un logro a partir de un trabajo conjunto de [&hellip;]<\/p>\n","protected":false},"author":4,"featured_media":60516,"comment_status":"open","ping_status":"open","sticky":false,"template":"","format":"standard","meta":{"site-sidebar-layout":"default","site-content-layout":"","ast-site-content-layout":"default","site-content-style":"default","site-sidebar-style":"default","ast-global-header-display":"","ast-banner-title-visibility":"","ast-main-header-display":"","ast-hfb-above-header-display":"","ast-hfb-below-header-display":"","ast-hfb-mobile-header-display":"","site-post-title":"","ast-breadcrumbs-content":"","ast-featured-img":"","footer-sml-layout":"","ast-disable-related-posts":"","theme-transparent-header-meta":"","adv-header-id-meta":"","stick-header-meta":"","header-above-stick-meta":"","header-main-stick-meta":"","header-below-stick-meta":"","astra-migrate-meta-layouts":"set","ast-page-background-enabled":"default","ast-page-background-meta":{"desktop":{"background-color":"","background-image":"","background-repeat":"repeat","background-position":"center center","background-size":"auto","background-attachment":"scroll","background-type":"","background-media":"","overlay-type":"","overlay-color":"","overlay-opacity":"","overlay-gradient":""},"tablet":{"background-color":"","background-image":"","background-repeat":"repeat","background-position":"center center","background-size":"auto","background-attachment":"scroll","background-type":"","background-media":"","overlay-type":"","overlay-color":"","overlay-opacity":"","overlay-gradient":""},"mobile":{"background-color":"","background-image":"","background-repeat":"repeat","background-position":"center center","background-size":"auto","background-attachment":"scroll","background-type":"","background-media":"","overlay-type":"","overlay-color":"","overlay-opacity":"","overlay-gradient":""}},"ast-content-background-meta":{"desktop":{"background-color":"var(--ast-global-color-5)","background-image":"","background-repeat":"repeat","background-position":"center center","background-size":"auto","background-attachment":"scroll","background-type":"","background-media":"","overlay-type":"","overlay-color":"","overlay-opacity":"","overlay-gradient":""},"tablet":{"background-color":"var(--ast-global-color-5)","background-image":"","background-repeat":"repeat","background-position":"center center","background-size":"auto","background-attachment":"scroll","background-type":"","background-media":"","overlay-type":"","overlay-color":"","overlay-opacity":"","overlay-gradient":""},"mobile":{"background-color":"var(--ast-global-color-5)","background-image":"","background-repeat":"repeat","background-position":"center center","background-size":"auto","background-attachment":"scroll","background-type":"","background-media":"","overlay-type":"","overlay-color":"","overlay-opacity":"","overlay-gradient":""}},"_jetpack_memberships_contains_paid_content":false,"_joinchat":[],"footnotes":""},"categories":[15302,16095,2091],"tags":[6772,6770,23584,131,539,1422,598,2198],"class_list":["post-90762","post","type-post","status-publish","format-standard","has-post-thumbnail","hentry","category-destacado","category-provinciales","category-region","tag-coata-cordoba","tag-colectivo","tag-frecuencias","tag-la-palestina","tag-pasco","tag-recorridos","tag-ticino","tag-transporte-interurbano"],"yoast_head":"<!-- This site is optimized with the Yoast SEO plugin v26.8 - https:\/\/yoast.com\/product\/yoast-seo-wordpress\/ -->\n<title>Vuelve a pasar el colectivo por Ticino y Pasco: Lo har\u00e1 por primera vez en La Palestina - El Regional<\/title>\n<meta name=\"robots\" content=\"index, follow, max-snippet:-1, max-image-preview:large, max-video-preview:-1\" \/>\n<link rel=\"canonical\" href=\"https:\/\/elregionalvm.com.ar\/noticias-villa-maria\/vuelve-a-pasar-el-colectivo-por-ticino-y-pasco-lo-hara-por-primera-vez-en-la-palestina\/\" \/>\n<meta property=\"og:locale\" content=\"es_ES\" \/>\n<meta property=\"og:type\" content=\"article\" \/>\n<meta property=\"og:title\" content=\"Vuelve a pasar el colectivo por Ticino y Pasco: Lo har\u00e1 por primera vez en La Palestina - El Regional\" \/>\n<meta property=\"og:description\" content=\"Desde este lunes 4 de marzo, la empresa C\u00f3rdoba Coata retomar\u00e1 el servicio por varias localidades de la regi\u00f3n, entre ellas, Ticino y Pasco. Tambi\u00e9n lo har\u00e1 por primera vez en su historia en La Palestina. El regreso del transporte interurbano a esa zona representa todo un logro a partir de un trabajo conjunto de [&hellip;]\" \/>\n<meta property=\"og:url\" content=\"https:\/\/elregionalvm.com.ar\/noticias-villa-maria\/vuelve-a-pasar-el-colectivo-por-ticino-y-pasco-lo-hara-por-primera-vez-en-la-palestina\/\" \/>\n<meta property=\"og:site_name\" content=\"El Regional\" \/>\n<meta property=\"article:publisher\" content=\"https:\/\/www.facebook.com\/elregionalvm\" \/>\n<meta property=\"article:published_time\" content=\"2024-03-02T17:50:50+00:00\" \/>\n<meta property=\"article:modified_time\" content=\"2024-03-02T17:50:51+00:00\" \/>\n<meta property=\"og:image\" content=\"https:\/\/elregionalvm.com.ar\/noticias-villa-maria\/wp-content\/uploads\/2022\/07\/Colectivo-coata-cordoba-terminal.jpg\" \/>\n\t<meta property=\"og:image:width\" content=\"1020\" \/>\n\t<meta property=\"og:image:height\" content=\"560\" \/>\n\t<meta property=\"og:image:type\" content=\"image\/jpeg\" \/>\n<meta name=\"author\" content=\"Contenidos El Regional\" \/>\n<meta name=\"twitter:card\" content=\"summary_large_image\" \/>\n<meta name=\"twitter:creator\" content=\"@elregionalvm1\" \/>\n<meta name=\"twitter:site\" content=\"@elregionalvm1\" \/>\n<meta name=\"twitter:label1\" content=\"Escrito por\" \/>\n\t<meta name=\"twitter:data1\" content=\"Contenidos El Regional\" \/>\n\t<meta name=\"twitter:label2\" content=\"Tiempo de lectura\" \/>\n\t<meta name=\"twitter:data2\" content=\"2 minutos\" \/>\n<script type=\"application\/ld+json\" class=\"yoast-schema-graph\">{\"@context\":\"https:\/\/schema.org\",\"@graph\":[{\"@type\":\"Article\",\"@id\":\"https:\/\/elregionalvm.com.ar\/noticias-villa-maria\/vuelve-a-pasar-el-colectivo-por-ticino-y-pasco-lo-hara-por-primera-vez-en-la-palestina\/#article\",\"isPartOf\":{\"@id\":\"https:\/\/elregionalvm.com.ar\/noticias-villa-maria\/vuelve-a-pasar-el-colectivo-por-ticino-y-pasco-lo-hara-por-primera-vez-en-la-palestina\/\"},\"author\":{\"name\":\"Contenidos El Regional\",\"@id\":\"http:\/\/elregionalvm.com.ar\/noticias-villa-maria\/#\/schema\/person\/a0fb9c422317faca23d50163151bc354\"},\"headline\":\"Vuelve a pasar el colectivo por Ticino y Pasco: Lo har\u00e1 por primera vez en La Palestina\",\"datePublished\":\"2024-03-02T17:50:50+00:00\",\"dateModified\":\"2024-03-02T17:50:51+00:00\",\"mainEntityOfPage\":{\"@id\":\"https:\/\/elregionalvm.com.ar\/noticias-villa-maria\/vuelve-a-pasar-el-colectivo-por-ticino-y-pasco-lo-hara-por-primera-vez-en-la-palestina\/\"},\"wordCount\":266,\"commentCount\":0,\"image\":{\"@id\":\"https:\/\/elregionalvm.com.ar\/noticias-villa-maria\/vuelve-a-pasar-el-colectivo-por-ticino-y-pasco-lo-hara-por-primera-vez-en-la-palestina\/#primaryimage\"},\"thumbnailUrl\":\"https:\/\/i0.wp.com\/elregionalvm.com.ar\/noticias-villa-maria\/wp-content\/uploads\/2022\/07\/Colectivo-coata-cordoba-terminal.jpg?fit=1020%2C560&ssl=1\",\"keywords\":[\"Coata C\u00f3rdoba\",\"Colectivo\",\"frecuencias\",\"La Palestina\",\"Pasco\",\"recorridos\",\"Ticino\",\"Transporte Interurbano\"],\"articleSection\":[\"destacado\",\"Provinciales\",\"Regi\u00f3n\"],\"inLanguage\":\"es\",\"potentialAction\":[{\"@type\":\"CommentAction\",\"name\":\"Comment\",\"target\":[\"https:\/\/elregionalvm.com.ar\/noticias-villa-maria\/vuelve-a-pasar-el-colectivo-por-ticino-y-pasco-lo-hara-por-primera-vez-en-la-palestina\/#respond\"]}]},{\"@type\":\"WebPage\",\"@id\":\"https:\/\/elregionalvm.com.ar\/noticias-villa-maria\/vuelve-a-pasar-el-colectivo-por-ticino-y-pasco-lo-hara-por-primera-vez-en-la-palestina\/\",\"url\":\"https:\/\/elregionalvm.com.ar\/noticias-villa-maria\/vuelve-a-pasar-el-colectivo-por-ticino-y-pasco-lo-hara-por-primera-vez-en-la-palestina\/\",\"name\":\"Vuelve a pasar el colectivo por Ticino y Pasco: Lo har\u00e1 por primera vez en La Palestina - El Regional\",\"isPartOf\":{\"@id\":\"http:\/\/elregionalvm.com.ar\/noticias-villa-maria\/#website\"},\"primaryImageOfPage\":{\"@id\":\"https:\/\/elregionalvm.com.ar\/noticias-villa-maria\/vuelve-a-pasar-el-colectivo-por-ticino-y-pasco-lo-hara-por-primera-vez-en-la-palestina\/#primaryimage\"},\"image\":{\"@id\":\"https:\/\/elregionalvm.com.ar\/noticias-villa-maria\/vuelve-a-pasar-el-colectivo-por-ticino-y-pasco-lo-hara-por-primera-vez-en-la-palestina\/#primaryimage\"},\"thumbnailUrl\":\"https:\/\/i0.wp.com\/elregionalvm.com.ar\/noticias-villa-maria\/wp-content\/uploads\/2022\/07\/Colectivo-coata-cordoba-terminal.jpg?fit=1020%2C560&ssl=1\",\"datePublished\":\"2024-03-02T17:50:50+00:00\",\"dateModified\":\"2024-03-02T17:50:51+00:00\",\"author\":{\"@id\":\"http:\/\/elregionalvm.com.ar\/noticias-villa-maria\/#\/schema\/person\/a0fb9c422317faca23d50163151bc354\"},\"breadcrumb\":{\"@id\":\"https:\/\/elregionalvm.com.ar\/noticias-villa-maria\/vuelve-a-pasar-el-colectivo-por-ticino-y-pasco-lo-hara-por-primera-vez-en-la-palestina\/#breadcrumb\"},\"inLanguage\":\"es\",\"potentialAction\":[{\"@type\":\"ReadAction\",\"target\":[\"https:\/\/elregionalvm.com.ar\/noticias-villa-maria\/vuelve-a-pasar-el-colectivo-por-ticino-y-pasco-lo-hara-por-primera-vez-en-la-palestina\/\"]}]},{\"@type\":\"ImageObject\",\"inLanguage\":\"es\",\"@id\":\"https:\/\/elregionalvm.com.ar\/noticias-villa-maria\/vuelve-a-pasar-el-colectivo-por-ticino-y-pasco-lo-hara-por-primera-vez-en-la-palestina\/#primaryimage\",\"url\":\"https:\/\/i0.wp.com\/elregionalvm.com.ar\/noticias-villa-maria\/wp-content\/uploads\/2022\/07\/Colectivo-coata-cordoba-terminal.jpg?fit=1020%2C560&ssl=1\",\"contentUrl\":\"https:\/\/i0.wp.com\/elregionalvm.com.ar\/noticias-villa-maria\/wp-content\/uploads\/2022\/07\/Colectivo-coata-cordoba-terminal.jpg?fit=1020%2C560&ssl=1\",\"width\":1020,\"height\":560},{\"@type\":\"BreadcrumbList\",\"@id\":\"https:\/\/elregionalvm.com.ar\/noticias-villa-maria\/vuelve-a-pasar-el-colectivo-por-ticino-y-pasco-lo-hara-por-primera-vez-en-la-palestina\/#breadcrumb\",\"itemListElement\":[{\"@type\":\"ListItem\",\"position\":1,\"name\":\"Portada\",\"item\":\"https:\/\/elregionalvm.com.ar\/noticias-villa-maria\/\"},{\"@type\":\"ListItem\",\"position\":2,\"name\":\"Vuelve a pasar el colectivo por Ticino y Pasco: Lo har\u00e1 por primera vez en La Palestina\"}]},{\"@type\":\"WebSite\",\"@id\":\"http:\/\/elregionalvm.com.ar\/noticias-villa-maria\/#website\",\"url\":\"http:\/\/elregionalvm.com.ar\/noticias-villa-maria\/\",\"name\":\"El Regional\",\"description\":\"Mucho m\u00e1s que informaci\u00f3n\",\"potentialAction\":[{\"@type\":\"SearchAction\",\"target\":{\"@type\":\"EntryPoint\",\"urlTemplate\":\"http:\/\/elregionalvm.com.ar\/noticias-villa-maria\/?s={search_term_string}\"},\"query-input\":{\"@type\":\"PropertyValueSpecification\",\"valueRequired\":true,\"valueName\":\"search_term_string\"}}],\"inLanguage\":\"es\"},{\"@type\":\"Person\",\"@id\":\"http:\/\/elregionalvm.com.ar\/noticias-villa-maria\/#\/schema\/person\/a0fb9c422317faca23d50163151bc354\",\"name\":\"Contenidos El Regional\",\"image\":{\"@type\":\"ImageObject\",\"inLanguage\":\"es\",\"@id\":\"http:\/\/elregionalvm.com.ar\/noticias-villa-maria\/#\/schema\/person\/image\/\",\"url\":\"https:\/\/secure.gravatar.com\/avatar\/265b27cb2209af7bb3a1318f03305787d7981a5cc6e6cd08fe5a4ecdf99d4b48?s=96&d=mm&r=g\",\"contentUrl\":\"https:\/\/secure.gravatar.com\/avatar\/265b27cb2209af7bb3a1318f03305787d7981a5cc6e6cd08fe5a4ecdf99d4b48?s=96&d=mm&r=g\",\"caption\":\"Contenidos El Regional\"},\"url\":\"https:\/\/elregionalvm.com.ar\/noticias-villa-maria\/author\/contenido\/\"}]}<\/script>\n<!-- \/ Yoast SEO plugin. -->","yoast_head_json":{"title":"Vuelve a pasar el colectivo por Ticino y Pasco: Lo har\u00e1 por primera vez en La Palestina - El Regional","robots":{"index":"index","follow":"follow","max-snippet":"max-snippet:-1","max-image-preview":"max-image-preview:large","max-video-preview":"max-video-preview:-1"},"canonical":"https:\/\/elregionalvm.com.ar\/noticias-villa-maria\/vuelve-a-pasar-el-colectivo-por-ticino-y-pasco-lo-hara-por-primera-vez-en-la-palestina\/","og_locale":"es_ES","og_type":"article","og_title":"Vuelve a pasar el colectivo por Ticino y Pasco: Lo har\u00e1 por primera vez en La Palestina - El Regional","og_description":"Desde este lunes 4 de marzo, la empresa C\u00f3rdoba Coata retomar\u00e1 el servicio por varias localidades de la regi\u00f3n, entre ellas, Ticino y Pasco. Tambi\u00e9n lo har\u00e1 por primera vez en su historia en La Palestina. El regreso del transporte interurbano a esa zona representa todo un logro a partir de un trabajo conjunto de [&hellip;]","og_url":"https:\/\/elregionalvm.com.ar\/noticias-villa-maria\/vuelve-a-pasar-el-colectivo-por-ticino-y-pasco-lo-hara-por-primera-vez-en-la-palestina\/","og_site_name":"El Regional","article_publisher":"https:\/\/www.facebook.com\/elregionalvm","article_published_time":"2024-03-02T17:50:50+00:00","article_modified_time":"2024-03-02T17:50:51+00:00","og_image":[{"width":1020,"height":560,"url":"https:\/\/elregionalvm.com.ar\/noticias-villa-maria\/wp-content\/uploads\/2022\/07\/Colectivo-coata-cordoba-terminal.jpg","type":"image\/jpeg"}],"author":"Contenidos El Regional","twitter_card":"summary_large_image","twitter_creator":"@elregionalvm1","twitter_site":"@elregionalvm1","twitter_misc":{"Escrito por":"Contenidos El Regional","Tiempo de lectura":"2 minutos"},"schema":{"@context":"https:\/\/schema.org","@graph":[{"@type":"Article","@id":"https:\/\/elregionalvm.com.ar\/noticias-villa-maria\/vuelve-a-pasar-el-colectivo-por-ticino-y-pasco-lo-hara-por-primera-vez-en-la-palestina\/#article","isPartOf":{"@id":"https:\/\/elregionalvm.com.ar\/noticias-villa-maria\/vuelve-a-pasar-el-colectivo-por-ticino-y-pasco-lo-hara-por-primera-vez-en-la-palestina\/"},"author":{"name":"Contenidos El Regional","@id":"http:\/\/elregionalvm.com.ar\/noticias-villa-maria\/#\/schema\/person\/a0fb9c422317faca23d50163151bc354"},"headline":"Vuelve a pasar el colectivo por Ticino y Pasco: Lo har\u00e1 por primera vez en La Palestina","datePublished":"2024-03-02T17:50:50+00:00","dateModified":"2024-03-02T17:50:51+00:00","mainEntityOfPage":{"@id":"https:\/\/elregionalvm.com.ar\/noticias-villa-maria\/vuelve-a-pasar-el-colectivo-por-ticino-y-pasco-lo-hara-por-primera-vez-en-la-palestina\/"},"wordCount":266,"commentCount":0,"image":{"@id":"https:\/\/elregionalvm.com.ar\/noticias-villa-maria\/vuelve-a-pasar-el-colectivo-por-ticino-y-pasco-lo-hara-por-primera-vez-en-la-palestina\/#primaryimage"},"thumbnailUrl":"https:\/\/i0.wp.com\/elregionalvm.com.ar\/noticias-villa-maria\/wp-content\/uploads\/2022\/07\/Colectivo-coata-cordoba-terminal.jpg?fit=1020%2C560&ssl=1","keywords":["Coata C\u00f3rdoba","Colectivo","frecuencias","La Palestina","Pasco","recorridos","Ticino","Transporte Interurbano"],"articleSection":["destacado","Provinciales","Regi\u00f3n"],"inLanguage":"es","potentialAction":[{"@type":"CommentAction","name":"Comment","target":["https:\/\/elregionalvm.com.ar\/noticias-villa-maria\/vuelve-a-pasar-el-colectivo-por-ticino-y-pasco-lo-hara-por-primera-vez-en-la-palestina\/#respond"]}]},{"@type":"WebPage","@id":"https:\/\/elregionalvm.com.ar\/noticias-villa-maria\/vuelve-a-pasar-el-colectivo-por-ticino-y-pasco-lo-hara-por-primera-vez-en-la-palestina\/","url":"https:\/\/elregionalvm.com.ar\/noticias-villa-maria\/vuelve-a-pasar-el-colectivo-por-ticino-y-pasco-lo-hara-por-primera-vez-en-la-palestina\/","name":"Vuelve a pasar el colectivo por Ticino y Pasco: Lo har\u00e1 por primera vez en La Palestina - El Regional","isPartOf":{"@id":"http:\/\/elregionalvm.com.ar\/noticias-villa-maria\/#website"},"primaryImageOfPage":{"@id":"https:\/\/elregionalvm.com.ar\/noticias-villa-maria\/vuelve-a-pasar-el-colectivo-por-ticino-y-pasco-lo-hara-por-primera-vez-en-la-palestina\/#primaryimage"},"image":{"@id":"https:\/\/elregionalvm.com.ar\/noticias-villa-maria\/vuelve-a-pasar-el-colectivo-por-ticino-y-pasco-lo-hara-por-primera-vez-en-la-palestina\/#primaryimage"},"thumbnailUrl":"https:\/\/i0.wp.com\/elregionalvm.com.ar\/noticias-villa-maria\/wp-content\/uploads\/2022\/07\/Colectivo-coata-cordoba-terminal.jpg?fit=1020%2C560&ssl=1","datePublished":"2024-03-02T17:50:50+00:00","dateModified":"2024-03-02T17:50:51+00:00","author":{"@id":"http:\/\/elregionalvm.com.ar\/noticias-villa-maria\/#\/schema\/person\/a0fb9c422317faca23d50163151bc354"},"breadcrumb":{"@id":"https:\/\/elregionalvm.com.ar\/noticias-villa-maria\/vuelve-a-pasar-el-colectivo-por-ticino-y-pasco-lo-hara-por-primera-vez-en-la-palestina\/#breadcrumb"},"inLanguage":"es","potentialAction":[{"@type":"ReadAction","target":["https:\/\/elregionalvm.com.ar\/noticias-villa-maria\/vuelve-a-pasar-el-colectivo-por-ticino-y-pasco-lo-hara-por-primera-vez-en-la-palestina\/"]}]},{"@type":"ImageObject","inLanguage":"es","@id":"https:\/\/elregionalvm.com.ar\/noticias-villa-maria\/vuelve-a-pasar-el-colectivo-por-ticino-y-pasco-lo-hara-por-primera-vez-en-la-palestina\/#primaryimage","url":"https:\/\/i0.wp.com\/elregionalvm.com.ar\/noticias-villa-maria\/wp-content\/uploads\/2022\/07\/Colectivo-coata-cordoba-terminal.jpg?fit=1020%2C560&ssl=1","contentUrl":"https:\/\/i0.wp.com\/elregionalvm.com.ar\/noticias-villa-maria\/wp-content\/uploads\/2022\/07\/Colectivo-coata-cordoba-terminal.jpg?fit=1020%2C560&ssl=1","width":1020,"height":560},{"@type":"BreadcrumbList","@id":"https:\/\/elregionalvm.com.ar\/noticias-villa-maria\/vuelve-a-pasar-el-colectivo-por-ticino-y-pasco-lo-hara-por-primera-vez-en-la-palestina\/#breadcrumb","itemListElement":[{"@type":"ListItem","position":1,"name":"Portada","item":"https:\/\/elregionalvm.com.ar\/noticias-villa-maria\/"},{"@type":"ListItem","position":2,"name":"Vuelve a pasar el colectivo por Ticino y Pasco: Lo har\u00e1 por primera vez en La Palestina"}]},{"@type":"WebSite","@id":"http:\/\/elregionalvm.com.ar\/noticias-villa-maria\/#website","url":"http:\/\/elregionalvm.com.ar\/noticias-villa-maria\/","name":"El Regional","description":"Mucho m\u00e1s que informaci\u00f3n","potentialAction":[{"@type":"SearchAction","target":{"@type":"EntryPoint","urlTemplate":"http:\/\/elregionalvm.com.ar\/noticias-villa-maria\/?s={search_term_string}"},"query-input":{"@type":"PropertyValueSpecification","valueRequired":true,"valueName":"search_term_string"}}],"inLanguage":"es"},{"@type":"Person","@id":"http:\/\/elregionalvm.com.ar\/noticias-villa-maria\/#\/schema\/person\/a0fb9c422317faca23d50163151bc354","name":"Contenidos El Regional","image":{"@type":"ImageObject","inLanguage":"es","@id":"http:\/\/elregionalvm.com.ar\/noticias-villa-maria\/#\/schema\/person\/image\/","url":"https:\/\/secure.gravatar.com\/avatar\/265b27cb2209af7bb3a1318f03305787d7981a5cc6e6cd08fe5a4ecdf99d4b48?s=96&d=mm&r=g","contentUrl":"https:\/\/secure.gravatar.com\/avatar\/265b27cb2209af7bb3a1318f03305787d7981a5cc6e6cd08fe5a4ecdf99d4b48?s=96&d=mm&r=g","caption":"Contenidos El Regional"},"url":"https:\/\/elregionalvm.com.ar\/noticias-villa-maria\/author\/contenido\/"}]}},"jetpack_featured_media_url":"https:\/\/i0.wp.com\/elregionalvm.com.ar\/noticias-villa-maria\/wp-content\/uploads\/2022\/07\/Colectivo-coata-cordoba-terminal.jpg?fit=1020%2C560&ssl=1","jetpack_sharing_enabled":true,"_links":{"self":[{"href":"https:\/\/elregionalvm.com.ar\/noticias-villa-maria\/wp-json\/wp\/v2\/posts\/90762","targetHints":{"allow":["GET"]}}],"collection":[{"href":"https:\/\/elregionalvm.com.ar\/noticias-villa-maria\/wp-json\/wp\/v2\/posts"}],"about":[{"href":"https:\/\/elregionalvm.com.ar\/noticias-villa-maria\/wp-json\/wp\/v2\/types\/post"}],"author":[{"embeddable":true,"href":"https:\/\/elregionalvm.com.ar\/noticias-villa-maria\/wp-json\/wp\/v2\/users\/4"}],"replies":[{"embeddable":true,"href":"https:\/\/elregionalvm.com.ar\/noticias-villa-maria\/wp-json\/wp\/v2\/comments?post=90762"}],"version-history":[{"count":2,"href":"https:\/\/elregionalvm.com.ar\/noticias-villa-maria\/wp-json\/wp\/v2\/posts\/90762\/revisions"}],"predecessor-version":[{"id":90766,"href":"https:\/\/elregionalvm.com.ar\/noticias-villa-maria\/wp-json\/wp\/v2\/posts\/90762\/revisions\/90766"}],"wp:featuredmedia":[{"embeddable":true,"href":"https:\/\/elregionalvm.com.ar\/noticias-villa-maria\/wp-json\/wp\/v2\/media\/60516"}],"wp:attachment":[{"href":"https:\/\/elregionalvm.com.ar\/noticias-villa-maria\/wp-json\/wp\/v2\/media?parent=90762"}],"wp:term":[{"taxonomy":"category","embeddable":true,"href":"https:\/\/elregionalvm.com.ar\/noticias-villa-maria\/wp-json\/wp\/v2\/categories?post=90762"},{"taxonomy":"post_tag","embeddable":true,"href":"https:\/\/elregionalvm.com.ar\/noticias-villa-maria\/wp-json\/wp\/v2\/tags?post=90762"}],"curies":[{"name":"wp","href":"https:\/\/api.w.org\/{rel}","templated":true}]}}