{"id":90907,"date":"2024-03-07T02:06:36","date_gmt":"2024-03-07T02:06:36","guid":{"rendered":"https:\/\/elregionalvm.com.ar\/noticias-villa-maria\/?p=90907"},"modified":"2024-03-07T20:54:29","modified_gmt":"2024-03-07T20:54:29","slug":"historias-el-rey-de-hierro-el-tren-futurista-que-ya-no-esta-pero-marco-una-epoca","status":"publish","type":"post","link":"https:\/\/elregionalvm.com.ar\/noticias-villa-maria\/historias-el-rey-de-hierro-el-tren-futurista-que-ya-no-esta-pero-marco-una-epoca\/","title":{"rendered":"[Historias] El Rey de Hierro, el tren futurista que ya no est\u00e1, pero marc\u00f3 una \u00e9poca"},"content":{"rendered":"\n<p class=\"wp-block-paragraph\"><\/p>\n\n\n\n<h3 class=\"wp-block-heading\"><strong>El siglo XX fue una \u00e9poca dorada para los ferrocarriles del mundo, que se instalaron como el medio de transporte ideal para trasladar pasajeros y mercader\u00edas, en forma r\u00e1pida, segura y a grandes distancias. El Mercury fue uno de ellos.<\/strong><\/h3>\n\n\n\n<p class=\"wp-block-paragraph\"><\/p>\n\n\n\n<p class=\"wp-block-paragraph\"><strong>Escribe: JULIO A. BEN\u00cdTEZ \u2013 benitezjulioalberto@gmail.com<\/strong><\/p>\n\n\n\n<p class=\"wp-block-paragraph\"><\/p>\n\n\n\n<p class=\"wp-block-paragraph\">A pedido de la Central de Ferrocarriles de E.E.U.U, don Henry Dreyfus construy\u00f3 al fabuloso y futurista \u201cMercury\u201d, apodado el Rey de Hierro, curvil\u00edneo, con 9 coches para 410 pasajeros, y otro coche para poder disfrutar por grandes ventanales todo el paisaje natural de los recorridos, que comenzaron el 15 de julio de 1936.<\/p>\n\n\n\n<p class=\"wp-block-paragraph\">Su primer viaje fue realizado, ida y vuelta, desde Cleveland a Detroit. Usaba el carb\u00f3n como combustible.<\/p>\n\n\n\n<p class=\"wp-block-paragraph\"><\/p>\n\n\n\n<figure class=\"wp-block-image size-full\"><img data-recalc-dims=\"1\" fetchpriority=\"high\" decoding=\"async\" width=\"1000\" height=\"763\" src=\"https:\/\/i0.wp.com\/elregionalvm.com.ar\/noticias-villa-maria\/wp-content\/uploads\/2024\/03\/Mercury-tren-blanco-y-negro.jpg?resize=1000%2C763&#038;ssl=1\" alt=\"\" class=\"wp-image-90910\" srcset=\"https:\/\/i0.wp.com\/elregionalvm.com.ar\/noticias-villa-maria\/wp-content\/uploads\/2024\/03\/Mercury-tren-blanco-y-negro.jpg?w=1000&amp;ssl=1 1000w, https:\/\/i0.wp.com\/elregionalvm.com.ar\/noticias-villa-maria\/wp-content\/uploads\/2024\/03\/Mercury-tren-blanco-y-negro.jpg?resize=300%2C229&amp;ssl=1 300w, https:\/\/i0.wp.com\/elregionalvm.com.ar\/noticias-villa-maria\/wp-content\/uploads\/2024\/03\/Mercury-tren-blanco-y-negro.jpg?resize=768%2C586&amp;ssl=1 768w\" sizes=\"(max-width: 1000px) 100vw, 1000px\" \/><\/figure>\n\n\n\n<p class=\"wp-block-paragraph\"><\/p>\n\n\n\n<p class=\"wp-block-paragraph\">El requerimiento de la poblaci\u00f3n exigi\u00f3 m\u00e1s trenes con estas caracter\u00edsticas, c\u00f3modos, con los asientos m\u00e1s grandes, alejados de las ventanillas, al centro, un poco m\u00e1s alejados unos de otros, con porta equipajes personales, bolsos, ropa de uso necesario, y las valijas.<\/p>\n\n\n\n<p class=\"wp-block-paragraph\">Y lo que fuera m\u00e1s grande se colocaba en un vag\u00f3n por orden de n\u00famero de asiento de su due\u00f1o, es decir al descender, todo r\u00e1pido, comodidad absoluta, digamos era como un club privado.<\/p>\n\n\n\n<p class=\"wp-block-paragraph\"><strong>Extensi\u00f3n de l\u00edneas<\/strong><\/p>\n\n\n\n<p class=\"wp-block-paragraph\">As\u00ed, ante el auge de este medio de transporte, el Mercury extendi\u00f3 sus l\u00edneas a Connecticut y Chicago, partiendo desde su central en Cleveland. Su velocidad media registrada era de 130 km\/hora, pero pod\u00eda llegar a desarrollar 160.<\/p>\n\n\n\n<p class=\"wp-block-paragraph\"><\/p>\n\n\n\n<figure class=\"wp-block-image size-full is-resized\"><img data-recalc-dims=\"1\" decoding=\"async\" width=\"820\" height=\"615\" src=\"https:\/\/i0.wp.com\/elregionalvm.com.ar\/noticias-villa-maria\/wp-content\/uploads\/2024\/03\/SALON-COMEDOR.jpeg?resize=820%2C615&#038;ssl=1\" alt=\"\" class=\"wp-image-90909\" style=\"width:910px;height:auto\" srcset=\"https:\/\/i0.wp.com\/elregionalvm.com.ar\/noticias-villa-maria\/wp-content\/uploads\/2024\/03\/SALON-COMEDOR.jpeg?w=820&amp;ssl=1 820w, https:\/\/i0.wp.com\/elregionalvm.com.ar\/noticias-villa-maria\/wp-content\/uploads\/2024\/03\/SALON-COMEDOR.jpeg?resize=300%2C225&amp;ssl=1 300w, https:\/\/i0.wp.com\/elregionalvm.com.ar\/noticias-villa-maria\/wp-content\/uploads\/2024\/03\/SALON-COMEDOR.jpeg?resize=768%2C576&amp;ssl=1 768w\" sizes=\"(max-width: 820px) 100vw, 820px\" \/><\/figure>\n\n\n\n<p class=\"wp-block-paragraph\"><\/p>\n\n\n\n<p class=\"wp-block-paragraph\">Pero, la l\u00ednea a Connecticut dej\u00f3 de funcionar en 1957, la que llegaba a Chicago baj\u00f3 sus barreras en 1958 y la f\u00e1brica cerr\u00f3 en 1959, posiblemente porque el futuro de la existencia de ese combustible comenzar\u00eda a escasear.<\/p>\n\n\n\n<p class=\"wp-block-paragraph\">Este \u00edcono que no se olvida en la historia ferroviaria de Estados Unidos.<\/p>\n\n\n\n<p class=\"wp-block-paragraph\"><\/p>\n\n\n\n<h3 class=\"wp-block-heading\"><strong>Tambi\u00e9n pod\u00e9s ver:<\/strong><\/h3>\n\n\n\n<figure class=\"wp-block-embed is-type-wp-embed is-provider-el-regional wp-block-embed-el-regional\"><div class=\"wp-block-embed__wrapper\">\n<blockquote class=\"wp-embedded-content\" data-secret=\"TKh7v4vgwX\"><a href=\"https:\/\/elregionalvm.com.ar\/noticias-villa-maria\/historias-el-vaticano-tiene-el-recorrido-en-tren-mas-corto-del-mundo\/\">[Historias] El Vaticano tiene el recorrido en tren m\u00e1s corto del mundo<\/a><\/blockquote><iframe class=\"wp-embedded-content\" sandbox=\"allow-scripts\" security=\"restricted\" style=\"position: absolute; clip: rect(1px, 1px, 1px, 1px);\" title=\"\u00ab[Historias] El Vaticano tiene el recorrido en tren m\u00e1s corto del mundo\u00bb \u2014 El Regional\" src=\"https:\/\/elregionalvm.com.ar\/noticias-villa-maria\/historias-el-vaticano-tiene-el-recorrido-en-tren-mas-corto-del-mundo\/embed\/#?secret=inkcVdkenV#?secret=TKh7v4vgwX\" data-secret=\"TKh7v4vgwX\" width=\"500\" height=\"282\" frameborder=\"0\" marginwidth=\"0\" marginheight=\"0\" scrolling=\"no\"><\/iframe>\n<\/div><\/figure>\n","protected":false},"excerpt":{"rendered":"<p>El siglo XX fue una \u00e9poca dorada para los ferrocarriles del mundo, que se instalaron como el medio de transporte ideal para trasladar pasajeros y mercader\u00edas, en forma r\u00e1pida, segura y a grandes distancias. El Mercury fue uno de ellos. Escribe: JULIO A. BEN\u00cdTEZ \u2013 benitezjulioalberto@gmail.com A pedido de la Central de Ferrocarriles de E.E.U.U, [&hellip;]<\/p>\n","protected":false},"author":4,"featured_media":90911,"comment_status":"open","ping_status":"open","sticky":false,"template":"","format":"standard","meta":{"site-sidebar-layout":"default","site-content-layout":"","ast-site-content-layout":"default","site-content-style":"default","site-sidebar-style":"default","ast-global-header-display":"","ast-banner-title-visibility":"","ast-main-header-display":"","ast-hfb-above-header-display":"","ast-hfb-below-header-display":"","ast-hfb-mobile-header-display":"","site-post-title":"","ast-breadcrumbs-content":"","ast-featured-img":"","footer-sml-layout":"","ast-disable-related-posts":"","theme-transparent-header-meta":"","adv-header-id-meta":"","stick-header-meta":"","header-above-stick-meta":"","header-main-stick-meta":"","header-below-stick-meta":"","astra-migrate-meta-layouts":"set","ast-page-background-enabled":"default","ast-page-background-meta":{"desktop":{"background-color":"","background-image":"","background-repeat":"repeat","background-position":"center center","background-size":"auto","background-attachment":"scroll","background-type":"","background-media":"","overlay-type":"","overlay-color":"","overlay-opacity":"","overlay-gradient":""},"tablet":{"background-color":"","background-image":"","background-repeat":"repeat","background-position":"center center","background-size":"auto","background-attachment":"scroll","background-type":"","background-media":"","overlay-type":"","overlay-color":"","overlay-opacity":"","overlay-gradient":""},"mobile":{"background-color":"","background-image":"","background-repeat":"repeat","background-position":"center center","background-size":"auto","background-attachment":"scroll","background-type":"","background-media":"","overlay-type":"","overlay-color":"","overlay-opacity":"","overlay-gradient":""}},"ast-content-background-meta":{"desktop":{"background-color":"var(--ast-global-color-5)","background-image":"","background-repeat":"repeat","background-position":"center center","background-size":"auto","background-attachment":"scroll","background-type":"","background-media":"","overlay-type":"","overlay-color":"","overlay-opacity":"","overlay-gradient":""},"tablet":{"background-color":"var(--ast-global-color-5)","background-image":"","background-repeat":"repeat","background-position":"center center","background-size":"auto","background-attachment":"scroll","background-type":"","background-media":"","overlay-type":"","overlay-color":"","overlay-opacity":"","overlay-gradient":""},"mobile":{"background-color":"var(--ast-global-color-5)","background-image":"","background-repeat":"repeat","background-position":"center center","background-size":"auto","background-attachment":"scroll","background-type":"","background-media":"","overlay-type":"","overlay-color":"","overlay-opacity":"","overlay-gradient":""}},"_jetpack_newsletter_access":"","_jetpack_dont_email_post_to_subs":false,"_jetpack_newsletter_tier_id":0,"_jetpack_memberships_contains_paywalled_content":false,"_jetpack_memberships_contains_paid_content":false,"_joinchat":[],"footnotes":""},"categories":[2098,3557],"tags":[1560,2290,23616,1386,23615,23617,2702],"class_list":["post-90907","post","type-post","status-publish","format-standard","has-post-thumbnail","hentry","category-historias","category-tercera","tag-estados-unidos","tag-ferrocarril","tag-futurista","tag-historias","tag-mercury","tag-rey-de-hierro","tag-tren"],"yoast_head":"<!-- This site is optimized with the Yoast SEO plugin v28.4 - https:\/\/yoast.com\/product\/yoast-seo-wordpress\/ -->\n<title>[Historias] El Rey de Hierro, el tren futurista que ya no est\u00e1, pero marc\u00f3 una \u00e9poca - El Regional<\/title>\n<meta name=\"robots\" content=\"index, follow, max-snippet:-1, max-image-preview:large, max-video-preview:-1\" \/>\n<link rel=\"canonical\" href=\"https:\/\/elregionalvm.com.ar\/noticias-villa-maria\/historias-el-rey-de-hierro-el-tren-futurista-que-ya-no-esta-pero-marco-una-epoca\/\" \/>\n<meta property=\"og:locale\" content=\"es_ES\" \/>\n<meta property=\"og:type\" content=\"article\" \/>\n<meta property=\"og:title\" content=\"[Historias] El Rey de Hierro, el tren futurista que ya no est\u00e1, pero marc\u00f3 una \u00e9poca - El Regional\" \/>\n<meta property=\"og:description\" content=\"El siglo XX fue una \u00e9poca dorada para los ferrocarriles del mundo, que se instalaron como el medio de transporte ideal para trasladar pasajeros y mercader\u00edas, en forma r\u00e1pida, segura y a grandes distancias. El Mercury fue uno de ellos. Escribe: JULIO A. BEN\u00cdTEZ \u2013 benitezjulioalberto@gmail.com A pedido de la Central de Ferrocarriles de E.E.U.U, [&hellip;]\" \/>\n<meta property=\"og:url\" content=\"https:\/\/elregionalvm.com.ar\/noticias-villa-maria\/historias-el-rey-de-hierro-el-tren-futurista-que-ya-no-esta-pero-marco-una-epoca\/\" \/>\n<meta property=\"og:site_name\" content=\"El Regional\" \/>\n<meta property=\"article:publisher\" content=\"https:\/\/www.facebook.com\/elregionalvm\" \/>\n<meta property=\"article:published_time\" content=\"2024-03-07T02:06:36+00:00\" \/>\n<meta property=\"article:modified_time\" content=\"2024-03-07T20:54:29+00:00\" \/>\n<meta property=\"og:image\" content=\"https:\/\/elregionalvm.com.ar\/noticias-villa-maria\/wp-content\/uploads\/2024\/03\/imagen-coloreada-del-mercury-en-las-vias-de-nueva-york_26333f28_1194x639.png\" \/>\n\t<meta property=\"og:image:width\" content=\"1194\" \/>\n\t<meta property=\"og:image:height\" content=\"639\" \/>\n\t<meta property=\"og:image:type\" content=\"image\/png\" \/>\n<meta name=\"author\" content=\"Contenidos El Regional\" \/>\n<meta name=\"twitter:card\" content=\"summary_large_image\" \/>\n<meta name=\"twitter:creator\" content=\"@elregionalvm1\" \/>\n<meta name=\"twitter:site\" content=\"@elregionalvm1\" \/>\n<meta name=\"twitter:label1\" content=\"Escrito por\" \/>\n\t<meta name=\"twitter:data1\" content=\"Contenidos El Regional\" \/>\n\t<meta name=\"twitter:label2\" content=\"Tiempo de lectura\" \/>\n\t<meta name=\"twitter:data2\" content=\"2 minutos\" \/>\n<script type=\"application\/ld+json\" class=\"yoast-schema-graph\">{\"@context\":\"https:\\\/\\\/schema.org\",\"@graph\":[{\"@type\":\"Article\",\"@id\":\"https:\\\/\\\/elregionalvm.com.ar\\\/noticias-villa-maria\\\/historias-el-rey-de-hierro-el-tren-futurista-que-ya-no-esta-pero-marco-una-epoca\\\/#article\",\"isPartOf\":{\"@id\":\"https:\\\/\\\/elregionalvm.com.ar\\\/noticias-villa-maria\\\/historias-el-rey-de-hierro-el-tren-futurista-que-ya-no-esta-pero-marco-una-epoca\\\/\"},\"author\":{\"name\":\"Contenidos El Regional\",\"@id\":\"http:\\\/\\\/elregionalvm.com.ar\\\/noticias-villa-maria\\\/#\\\/schema\\\/person\\\/a0fb9c422317faca23d50163151bc354\"},\"headline\":\"[Historias] El Rey de Hierro, el tren futurista que ya no est\u00e1, pero marc\u00f3 una \u00e9poca\",\"datePublished\":\"2024-03-07T02:06:36+00:00\",\"dateModified\":\"2024-03-07T20:54:29+00:00\",\"mainEntityOfPage\":{\"@id\":\"https:\\\/\\\/elregionalvm.com.ar\\\/noticias-villa-maria\\\/historias-el-rey-de-hierro-el-tren-futurista-que-ya-no-esta-pero-marco-una-epoca\\\/\"},\"wordCount\":332,\"commentCount\":0,\"image\":{\"@id\":\"https:\\\/\\\/elregionalvm.com.ar\\\/noticias-villa-maria\\\/historias-el-rey-de-hierro-el-tren-futurista-que-ya-no-esta-pero-marco-una-epoca\\\/#primaryimage\"},\"thumbnailUrl\":\"https:\\\/\\\/i0.wp.com\\\/elregionalvm.com.ar\\\/noticias-villa-maria\\\/wp-content\\\/uploads\\\/2024\\\/03\\\/imagen-coloreada-del-mercury-en-las-vias-de-nueva-york_26333f28_1194x639.png?fit=1194%2C639&ssl=1\",\"keywords\":[\"Estados unidos\",\"Ferrocarril\",\"futurista\",\"historias\",\"Mercury\",\"rey de hierro\",\"Tren\"],\"articleSection\":[\"Historias\",\"tercera\"],\"inLanguage\":\"es\",\"potentialAction\":[{\"@type\":\"CommentAction\",\"name\":\"Comment\",\"target\":[\"https:\\\/\\\/elregionalvm.com.ar\\\/noticias-villa-maria\\\/historias-el-rey-de-hierro-el-tren-futurista-que-ya-no-esta-pero-marco-una-epoca\\\/#respond\"]}]},{\"@type\":\"WebPage\",\"@id\":\"https:\\\/\\\/elregionalvm.com.ar\\\/noticias-villa-maria\\\/historias-el-rey-de-hierro-el-tren-futurista-que-ya-no-esta-pero-marco-una-epoca\\\/\",\"url\":\"https:\\\/\\\/elregionalvm.com.ar\\\/noticias-villa-maria\\\/historias-el-rey-de-hierro-el-tren-futurista-que-ya-no-esta-pero-marco-una-epoca\\\/\",\"name\":\"[Historias] El Rey de Hierro, el tren futurista que ya no est\u00e1, pero marc\u00f3 una \u00e9poca - El Regional\",\"isPartOf\":{\"@id\":\"http:\\\/\\\/elregionalvm.com.ar\\\/noticias-villa-maria\\\/#website\"},\"primaryImageOfPage\":{\"@id\":\"https:\\\/\\\/elregionalvm.com.ar\\\/noticias-villa-maria\\\/historias-el-rey-de-hierro-el-tren-futurista-que-ya-no-esta-pero-marco-una-epoca\\\/#primaryimage\"},\"image\":{\"@id\":\"https:\\\/\\\/elregionalvm.com.ar\\\/noticias-villa-maria\\\/historias-el-rey-de-hierro-el-tren-futurista-que-ya-no-esta-pero-marco-una-epoca\\\/#primaryimage\"},\"thumbnailUrl\":\"https:\\\/\\\/i0.wp.com\\\/elregionalvm.com.ar\\\/noticias-villa-maria\\\/wp-content\\\/uploads\\\/2024\\\/03\\\/imagen-coloreada-del-mercury-en-las-vias-de-nueva-york_26333f28_1194x639.png?fit=1194%2C639&ssl=1\",\"datePublished\":\"2024-03-07T02:06:36+00:00\",\"dateModified\":\"2024-03-07T20:54:29+00:00\",\"author\":{\"@id\":\"http:\\\/\\\/elregionalvm.com.ar\\\/noticias-villa-maria\\\/#\\\/schema\\\/person\\\/a0fb9c422317faca23d50163151bc354\"},\"breadcrumb\":{\"@id\":\"https:\\\/\\\/elregionalvm.com.ar\\\/noticias-villa-maria\\\/historias-el-rey-de-hierro-el-tren-futurista-que-ya-no-esta-pero-marco-una-epoca\\\/#breadcrumb\"},\"inLanguage\":\"es\",\"potentialAction\":[{\"@type\":\"ReadAction\",\"target\":[\"https:\\\/\\\/elregionalvm.com.ar\\\/noticias-villa-maria\\\/historias-el-rey-de-hierro-el-tren-futurista-que-ya-no-esta-pero-marco-una-epoca\\\/\"]}]},{\"@type\":\"ImageObject\",\"inLanguage\":\"es\",\"@id\":\"https:\\\/\\\/elregionalvm.com.ar\\\/noticias-villa-maria\\\/historias-el-rey-de-hierro-el-tren-futurista-que-ya-no-esta-pero-marco-una-epoca\\\/#primaryimage\",\"url\":\"https:\\\/\\\/i0.wp.com\\\/elregionalvm.com.ar\\\/noticias-villa-maria\\\/wp-content\\\/uploads\\\/2024\\\/03\\\/imagen-coloreada-del-mercury-en-las-vias-de-nueva-york_26333f28_1194x639.png?fit=1194%2C639&ssl=1\",\"contentUrl\":\"https:\\\/\\\/i0.wp.com\\\/elregionalvm.com.ar\\\/noticias-villa-maria\\\/wp-content\\\/uploads\\\/2024\\\/03\\\/imagen-coloreada-del-mercury-en-las-vias-de-nueva-york_26333f28_1194x639.png?fit=1194%2C639&ssl=1\",\"width\":1194,\"height\":639},{\"@type\":\"BreadcrumbList\",\"@id\":\"https:\\\/\\\/elregionalvm.com.ar\\\/noticias-villa-maria\\\/historias-el-rey-de-hierro-el-tren-futurista-que-ya-no-esta-pero-marco-una-epoca\\\/#breadcrumb\",\"itemListElement\":[{\"@type\":\"ListItem\",\"position\":1,\"name\":\"Portada\",\"item\":\"https:\\\/\\\/elregionalvm.com.ar\\\/noticias-villa-maria\\\/\"},{\"@type\":\"ListItem\",\"position\":2,\"name\":\"[Historias] El Rey de Hierro, el tren futurista que ya no est\u00e1, pero marc\u00f3 una \u00e9poca\"}]},{\"@type\":\"WebSite\",\"@id\":\"http:\\\/\\\/elregionalvm.com.ar\\\/noticias-villa-maria\\\/#website\",\"url\":\"http:\\\/\\\/elregionalvm.com.ar\\\/noticias-villa-maria\\\/\",\"name\":\"El Regional\",\"description\":\"Mucho m\u00e1s que informaci\u00f3n\",\"potentialAction\":[{\"@type\":\"SearchAction\",\"target\":{\"@type\":\"EntryPoint\",\"urlTemplate\":\"http:\\\/\\\/elregionalvm.com.ar\\\/noticias-villa-maria\\\/?s={search_term_string}\"},\"query-input\":{\"@type\":\"PropertyValueSpecification\",\"valueRequired\":true,\"valueName\":\"search_term_string\"}}],\"inLanguage\":\"es\"},{\"@type\":\"Person\",\"@id\":\"http:\\\/\\\/elregionalvm.com.ar\\\/noticias-villa-maria\\\/#\\\/schema\\\/person\\\/a0fb9c422317faca23d50163151bc354\",\"name\":\"Contenidos El Regional\",\"image\":{\"@type\":\"ImageObject\",\"inLanguage\":\"es\",\"@id\":\"https:\\\/\\\/secure.gravatar.com\\\/avatar\\\/265b27cb2209af7bb3a1318f03305787d7981a5cc6e6cd08fe5a4ecdf99d4b48?s=96&d=mm&r=g\",\"url\":\"https:\\\/\\\/secure.gravatar.com\\\/avatar\\\/265b27cb2209af7bb3a1318f03305787d7981a5cc6e6cd08fe5a4ecdf99d4b48?s=96&d=mm&r=g\",\"contentUrl\":\"https:\\\/\\\/secure.gravatar.com\\\/avatar\\\/265b27cb2209af7bb3a1318f03305787d7981a5cc6e6cd08fe5a4ecdf99d4b48?s=96&d=mm&r=g\",\"caption\":\"Contenidos El Regional\"},\"url\":\"https:\\\/\\\/elregionalvm.com.ar\\\/noticias-villa-maria\\\/author\\\/contenido\\\/\"}]}<\/script>\n<!-- \/ Yoast SEO plugin. -->","yoast_head_json":{"title":"[Historias] El Rey de Hierro, el tren futurista que ya no est\u00e1, pero marc\u00f3 una \u00e9poca - El Regional","robots":{"index":"index","follow":"follow","max-snippet":"max-snippet:-1","max-image-preview":"max-image-preview:large","max-video-preview":"max-video-preview:-1"},"canonical":"https:\/\/elregionalvm.com.ar\/noticias-villa-maria\/historias-el-rey-de-hierro-el-tren-futurista-que-ya-no-esta-pero-marco-una-epoca\/","og_locale":"es_ES","og_type":"article","og_title":"[Historias] El Rey de Hierro, el tren futurista que ya no est\u00e1, pero marc\u00f3 una \u00e9poca - El Regional","og_description":"El siglo XX fue una \u00e9poca dorada para los ferrocarriles del mundo, que se instalaron como el medio de transporte ideal para trasladar pasajeros y mercader\u00edas, en forma r\u00e1pida, segura y a grandes distancias. El Mercury fue uno de ellos. Escribe: JULIO A. BEN\u00cdTEZ \u2013 benitezjulioalberto@gmail.com A pedido de la Central de Ferrocarriles de E.E.U.U, [&hellip;]","og_url":"https:\/\/elregionalvm.com.ar\/noticias-villa-maria\/historias-el-rey-de-hierro-el-tren-futurista-que-ya-no-esta-pero-marco-una-epoca\/","og_site_name":"El Regional","article_publisher":"https:\/\/www.facebook.com\/elregionalvm","article_published_time":"2024-03-07T02:06:36+00:00","article_modified_time":"2024-03-07T20:54:29+00:00","og_image":[{"width":1194,"height":639,"url":"https:\/\/elregionalvm.com.ar\/noticias-villa-maria\/wp-content\/uploads\/2024\/03\/imagen-coloreada-del-mercury-en-las-vias-de-nueva-york_26333f28_1194x639.png","type":"image\/png"}],"author":"Contenidos El Regional","twitter_card":"summary_large_image","twitter_creator":"@elregionalvm1","twitter_site":"@elregionalvm1","twitter_misc":{"Escrito por":"Contenidos El Regional","Tiempo de lectura":"2 minutos"},"schema":{"@context":"https:\/\/schema.org","@graph":[{"@type":"Article","@id":"https:\/\/elregionalvm.com.ar\/noticias-villa-maria\/historias-el-rey-de-hierro-el-tren-futurista-que-ya-no-esta-pero-marco-una-epoca\/#article","isPartOf":{"@id":"https:\/\/elregionalvm.com.ar\/noticias-villa-maria\/historias-el-rey-de-hierro-el-tren-futurista-que-ya-no-esta-pero-marco-una-epoca\/"},"author":{"name":"Contenidos El Regional","@id":"http:\/\/elregionalvm.com.ar\/noticias-villa-maria\/#\/schema\/person\/a0fb9c422317faca23d50163151bc354"},"headline":"[Historias] El Rey de Hierro, el tren futurista que ya no est\u00e1, pero marc\u00f3 una \u00e9poca","datePublished":"2024-03-07T02:06:36+00:00","dateModified":"2024-03-07T20:54:29+00:00","mainEntityOfPage":{"@id":"https:\/\/elregionalvm.com.ar\/noticias-villa-maria\/historias-el-rey-de-hierro-el-tren-futurista-que-ya-no-esta-pero-marco-una-epoca\/"},"wordCount":332,"commentCount":0,"image":{"@id":"https:\/\/elregionalvm.com.ar\/noticias-villa-maria\/historias-el-rey-de-hierro-el-tren-futurista-que-ya-no-esta-pero-marco-una-epoca\/#primaryimage"},"thumbnailUrl":"https:\/\/i0.wp.com\/elregionalvm.com.ar\/noticias-villa-maria\/wp-content\/uploads\/2024\/03\/imagen-coloreada-del-mercury-en-las-vias-de-nueva-york_26333f28_1194x639.png?fit=1194%2C639&ssl=1","keywords":["Estados unidos","Ferrocarril","futurista","historias","Mercury","rey de hierro","Tren"],"articleSection":["Historias","tercera"],"inLanguage":"es","potentialAction":[{"@type":"CommentAction","name":"Comment","target":["https:\/\/elregionalvm.com.ar\/noticias-villa-maria\/historias-el-rey-de-hierro-el-tren-futurista-que-ya-no-esta-pero-marco-una-epoca\/#respond"]}]},{"@type":"WebPage","@id":"https:\/\/elregionalvm.com.ar\/noticias-villa-maria\/historias-el-rey-de-hierro-el-tren-futurista-que-ya-no-esta-pero-marco-una-epoca\/","url":"https:\/\/elregionalvm.com.ar\/noticias-villa-maria\/historias-el-rey-de-hierro-el-tren-futurista-que-ya-no-esta-pero-marco-una-epoca\/","name":"[Historias] El Rey de Hierro, el tren futurista que ya no est\u00e1, pero marc\u00f3 una \u00e9poca - El Regional","isPartOf":{"@id":"http:\/\/elregionalvm.com.ar\/noticias-villa-maria\/#website"},"primaryImageOfPage":{"@id":"https:\/\/elregionalvm.com.ar\/noticias-villa-maria\/historias-el-rey-de-hierro-el-tren-futurista-que-ya-no-esta-pero-marco-una-epoca\/#primaryimage"},"image":{"@id":"https:\/\/elregionalvm.com.ar\/noticias-villa-maria\/historias-el-rey-de-hierro-el-tren-futurista-que-ya-no-esta-pero-marco-una-epoca\/#primaryimage"},"thumbnailUrl":"https:\/\/i0.wp.com\/elregionalvm.com.ar\/noticias-villa-maria\/wp-content\/uploads\/2024\/03\/imagen-coloreada-del-mercury-en-las-vias-de-nueva-york_26333f28_1194x639.png?fit=1194%2C639&ssl=1","datePublished":"2024-03-07T02:06:36+00:00","dateModified":"2024-03-07T20:54:29+00:00","author":{"@id":"http:\/\/elregionalvm.com.ar\/noticias-villa-maria\/#\/schema\/person\/a0fb9c422317faca23d50163151bc354"},"breadcrumb":{"@id":"https:\/\/elregionalvm.com.ar\/noticias-villa-maria\/historias-el-rey-de-hierro-el-tren-futurista-que-ya-no-esta-pero-marco-una-epoca\/#breadcrumb"},"inLanguage":"es","potentialAction":[{"@type":"ReadAction","target":["https:\/\/elregionalvm.com.ar\/noticias-villa-maria\/historias-el-rey-de-hierro-el-tren-futurista-que-ya-no-esta-pero-marco-una-epoca\/"]}]},{"@type":"ImageObject","inLanguage":"es","@id":"https:\/\/elregionalvm.com.ar\/noticias-villa-maria\/historias-el-rey-de-hierro-el-tren-futurista-que-ya-no-esta-pero-marco-una-epoca\/#primaryimage","url":"https:\/\/i0.wp.com\/elregionalvm.com.ar\/noticias-villa-maria\/wp-content\/uploads\/2024\/03\/imagen-coloreada-del-mercury-en-las-vias-de-nueva-york_26333f28_1194x639.png?fit=1194%2C639&ssl=1","contentUrl":"https:\/\/i0.wp.com\/elregionalvm.com.ar\/noticias-villa-maria\/wp-content\/uploads\/2024\/03\/imagen-coloreada-del-mercury-en-las-vias-de-nueva-york_26333f28_1194x639.png?fit=1194%2C639&ssl=1","width":1194,"height":639},{"@type":"BreadcrumbList","@id":"https:\/\/elregionalvm.com.ar\/noticias-villa-maria\/historias-el-rey-de-hierro-el-tren-futurista-que-ya-no-esta-pero-marco-una-epoca\/#breadcrumb","itemListElement":[{"@type":"ListItem","position":1,"name":"Portada","item":"https:\/\/elregionalvm.com.ar\/noticias-villa-maria\/"},{"@type":"ListItem","position":2,"name":"[Historias] El Rey de Hierro, el tren futurista que ya no est\u00e1, pero marc\u00f3 una \u00e9poca"}]},{"@type":"WebSite","@id":"http:\/\/elregionalvm.com.ar\/noticias-villa-maria\/#website","url":"http:\/\/elregionalvm.com.ar\/noticias-villa-maria\/","name":"El Regional","description":"Mucho m\u00e1s que informaci\u00f3n","potentialAction":[{"@type":"SearchAction","target":{"@type":"EntryPoint","urlTemplate":"http:\/\/elregionalvm.com.ar\/noticias-villa-maria\/?s={search_term_string}"},"query-input":{"@type":"PropertyValueSpecification","valueRequired":true,"valueName":"search_term_string"}}],"inLanguage":"es"},{"@type":"Person","@id":"http:\/\/elregionalvm.com.ar\/noticias-villa-maria\/#\/schema\/person\/a0fb9c422317faca23d50163151bc354","name":"Contenidos El Regional","image":{"@type":"ImageObject","inLanguage":"es","@id":"https:\/\/secure.gravatar.com\/avatar\/265b27cb2209af7bb3a1318f03305787d7981a5cc6e6cd08fe5a4ecdf99d4b48?s=96&d=mm&r=g","url":"https:\/\/secure.gravatar.com\/avatar\/265b27cb2209af7bb3a1318f03305787d7981a5cc6e6cd08fe5a4ecdf99d4b48?s=96&d=mm&r=g","contentUrl":"https:\/\/secure.gravatar.com\/avatar\/265b27cb2209af7bb3a1318f03305787d7981a5cc6e6cd08fe5a4ecdf99d4b48?s=96&d=mm&r=g","caption":"Contenidos El Regional"},"url":"https:\/\/elregionalvm.com.ar\/noticias-villa-maria\/author\/contenido\/"}]}},"jetpack_sharing_enabled":true,"jetpack_featured_media_url":"https:\/\/i0.wp.com\/elregionalvm.com.ar\/noticias-villa-maria\/wp-content\/uploads\/2024\/03\/imagen-coloreada-del-mercury-en-las-vias-de-nueva-york_26333f28_1194x639.png?fit=1194%2C639&ssl=1","_links":{"self":[{"href":"https:\/\/elregionalvm.com.ar\/noticias-villa-maria\/wp-json\/wp\/v2\/posts\/90907","targetHints":{"allow":["GET"]}}],"collection":[{"href":"https:\/\/elregionalvm.com.ar\/noticias-villa-maria\/wp-json\/wp\/v2\/posts"}],"about":[{"href":"https:\/\/elregionalvm.com.ar\/noticias-villa-maria\/wp-json\/wp\/v2\/types\/post"}],"author":[{"embeddable":true,"href":"https:\/\/elregionalvm.com.ar\/noticias-villa-maria\/wp-json\/wp\/v2\/users\/4"}],"replies":[{"embeddable":true,"href":"https:\/\/elregionalvm.com.ar\/noticias-villa-maria\/wp-json\/wp\/v2\/comments?post=90907"}],"version-history":[{"count":2,"href":"https:\/\/elregionalvm.com.ar\/noticias-villa-maria\/wp-json\/wp\/v2\/posts\/90907\/revisions"}],"predecessor-version":[{"id":90912,"href":"https:\/\/elregionalvm.com.ar\/noticias-villa-maria\/wp-json\/wp\/v2\/posts\/90907\/revisions\/90912"}],"wp:featuredmedia":[{"embeddable":true,"href":"https:\/\/elregionalvm.com.ar\/noticias-villa-maria\/wp-json\/wp\/v2\/media\/90911"}],"wp:attachment":[{"href":"https:\/\/elregionalvm.com.ar\/noticias-villa-maria\/wp-json\/wp\/v2\/media?parent=90907"}],"wp:term":[{"taxonomy":"category","embeddable":true,"href":"https:\/\/elregionalvm.com.ar\/noticias-villa-maria\/wp-json\/wp\/v2\/categories?post=90907"},{"taxonomy":"post_tag","embeddable":true,"href":"https:\/\/elregionalvm.com.ar\/noticias-villa-maria\/wp-json\/wp\/v2\/tags?post=90907"}],"curies":[{"name":"wp","href":"https:\/\/api.w.org\/{rel}","templated":true}]}}