{"id":90951,"date":"2024-03-07T20:21:23","date_gmt":"2024-03-07T20:21:23","guid":{"rendered":"https:\/\/elregionalvm.com.ar\/noticias-villa-maria\/?p=90951"},"modified":"2024-03-07T20:21:25","modified_gmt":"2024-03-07T20:21:25","slug":"el-concejo-deliberante-aprobo-que-el-municipio-tome-un-prestamo-para-pagar-a-proveedores","status":"publish","type":"post","link":"https:\/\/elregionalvm.com.ar\/noticias-villa-maria\/el-concejo-deliberante-aprobo-que-el-municipio-tome-un-prestamo-para-pagar-a-proveedores\/","title":{"rendered":"El Concejo Deliberante aprob\u00f3 que el municipio tome un pr\u00e9stamo para pagar a proveedores"},"content":{"rendered":"\n<p class=\"wp-block-paragraph\"><\/p>\n\n\n\n<p class=\"wp-block-paragraph\">Concejales aprobaron el Proyecto que faculta al municipio a gestionar y tomar pr\u00e9stamo del Fondo Permanente para la Financiaci\u00f3n de Proyectos y Programas de los Gobiernos locales de la Provincia de C\u00f3rdoba.<\/p>\n\n\n\n<p class=\"wp-block-paragraph\">El pr\u00e9stamo ser\u00e1 por un monto 92.210.000 pesos con destino al pago de distintos proveedores de la Municipalidad que han verificado su cr\u00e9dito en el marco de la Ordenanza N\u00b0 8.020.<\/p>\n\n\n\n<p class=\"wp-block-paragraph\"><\/p>\n\n\n\n<figure class=\"wp-block-image size-full\"><img data-recalc-dims=\"1\" fetchpriority=\"high\" decoding=\"async\" width=\"960\" height=\"709\" src=\"https:\/\/i0.wp.com\/elregionalvm.com.ar\/noticias-villa-maria\/wp-content\/uploads\/2023\/09\/CONCEJO-DELIBERANTE-960x709-1.jpg?resize=960%2C709&#038;ssl=1\" alt=\"\" class=\"wp-image-82431\" srcset=\"https:\/\/i0.wp.com\/elregionalvm.com.ar\/noticias-villa-maria\/wp-content\/uploads\/2023\/09\/CONCEJO-DELIBERANTE-960x709-1.jpg?w=960&amp;ssl=1 960w, https:\/\/i0.wp.com\/elregionalvm.com.ar\/noticias-villa-maria\/wp-content\/uploads\/2023\/09\/CONCEJO-DELIBERANTE-960x709-1.jpg?resize=300%2C222&amp;ssl=1 300w, https:\/\/i0.wp.com\/elregionalvm.com.ar\/noticias-villa-maria\/wp-content\/uploads\/2023\/09\/CONCEJO-DELIBERANTE-960x709-1.jpg?resize=768%2C567&amp;ssl=1 768w\" sizes=\"(max-width: 960px) 100vw, 960px\" \/><\/figure>\n\n\n\n<p class=\"wp-block-paragraph\"><\/p>\n\n\n\n<p class=\"wp-block-paragraph\"><strong>Incremento salarial<\/strong><\/p>\n\n\n\n<p class=\"wp-block-paragraph\">Por otra parte, se ratific\u00f3 el acta acuerdo firmada por el municipio y el SUOEM que contempla un incremento remunerativo del 23,5% para ser percibido con la liquidaci\u00f3n de haberes del mes de febrero. Respecto a los meses sucesivos, el acuerdo contempla efectuar incrementos de la siguiente manera: 50% del \u00cdndice de Precios de Consumo (IPC) C\u00f3rdoba correspondiente al mes de febrero y con la liquidaci\u00f3n de haberes de marzo, y el \u00edndice de este mes, tomando un 50%, ser\u00e1 utilizado para liquidar los haberes de abril<\/p>\n","protected":false},"excerpt":{"rendered":"<p>Concejales aprobaron el Proyecto que faculta al municipio a gestionar y tomar pr\u00e9stamo del Fondo Permanente para la Financiaci\u00f3n de Proyectos y Programas de los Gobiernos locales de la Provincia de C\u00f3rdoba. El pr\u00e9stamo ser\u00e1 por un monto 92.210.000 pesos con destino al pago de distintos proveedores de la Municipalidad que han verificado su cr\u00e9dito [&hellip;]<\/p>\n","protected":false},"author":4,"featured_media":32046,"comment_status":"open","ping_status":"open","sticky":false,"template":"","format":"standard","meta":{"site-sidebar-layout":"default","site-content-layout":"","ast-site-content-layout":"default","site-content-style":"default","site-sidebar-style":"default","ast-global-header-display":"","ast-banner-title-visibility":"","ast-main-header-display":"","ast-hfb-above-header-display":"","ast-hfb-below-header-display":"","ast-hfb-mobile-header-display":"","site-post-title":"","ast-breadcrumbs-content":"","ast-featured-img":"","footer-sml-layout":"","ast-disable-related-posts":"","theme-transparent-header-meta":"","adv-header-id-meta":"","stick-header-meta":"","header-above-stick-meta":"","header-main-stick-meta":"","header-below-stick-meta":"","astra-migrate-meta-layouts":"set","ast-page-background-enabled":"default","ast-page-background-meta":{"desktop":{"background-color":"","background-image":"","background-repeat":"repeat","background-position":"center center","background-size":"auto","background-attachment":"scroll","background-type":"","background-media":"","overlay-type":"","overlay-color":"","overlay-opacity":"","overlay-gradient":""},"tablet":{"background-color":"","background-image":"","background-repeat":"repeat","background-position":"center center","background-size":"auto","background-attachment":"scroll","background-type":"","background-media":"","overlay-type":"","overlay-color":"","overlay-opacity":"","overlay-gradient":""},"mobile":{"background-color":"","background-image":"","background-repeat":"repeat","background-position":"center center","background-size":"auto","background-attachment":"scroll","background-type":"","background-media":"","overlay-type":"","overlay-color":"","overlay-opacity":"","overlay-gradient":""}},"ast-content-background-meta":{"desktop":{"background-color":"var(--ast-global-color-5)","background-image":"","background-repeat":"repeat","background-position":"center center","background-size":"auto","background-attachment":"scroll","background-type":"","background-media":"","overlay-type":"","overlay-color":"","overlay-opacity":"","overlay-gradient":""},"tablet":{"background-color":"var(--ast-global-color-5)","background-image":"","background-repeat":"repeat","background-position":"center center","background-size":"auto","background-attachment":"scroll","background-type":"","background-media":"","overlay-type":"","overlay-color":"","overlay-opacity":"","overlay-gradient":""},"mobile":{"background-color":"var(--ast-global-color-5)","background-image":"","background-repeat":"repeat","background-position":"center center","background-size":"auto","background-attachment":"scroll","background-type":"","background-media":"","overlay-type":"","overlay-color":"","overlay-opacity":"","overlay-gradient":""}},"_jetpack_newsletter_access":"","_jetpack_dont_email_post_to_subs":false,"_jetpack_newsletter_tier_id":0,"_jetpack_memberships_contains_paywalled_content":false,"_jetpack_memberships_contains_paid_content":false,"_joinchat":[],"footnotes":""},"categories":[15302,2],"tags":[12501,1597,2474,3115,15969,23625,6268,3086],"class_list":["post-90951","post","type-post","status-publish","format-standard","has-post-thumbnail","hentry","category-destacado","category-villa-maria","tag-acuerdo-salarial","tag-concejo-deliberante","tag-municipalidad-de-villa-maria","tag-pago","tag-prestamo","tag-proveedores","tag-salario","tag-suoem"],"yoast_head":"<!-- This site is optimized with the Yoast SEO plugin v28.4 - https:\/\/yoast.com\/product\/yoast-seo-wordpress\/ -->\n<title>El Concejo Deliberante aprob\u00f3 que el municipio tome un pr\u00e9stamo para pagar a proveedores - El Regional<\/title>\n<meta name=\"robots\" content=\"index, follow, max-snippet:-1, max-image-preview:large, max-video-preview:-1\" \/>\n<link rel=\"canonical\" href=\"https:\/\/elregionalvm.com.ar\/noticias-villa-maria\/el-concejo-deliberante-aprobo-que-el-municipio-tome-un-prestamo-para-pagar-a-proveedores\/\" \/>\n<meta property=\"og:locale\" content=\"es_ES\" \/>\n<meta property=\"og:type\" content=\"article\" \/>\n<meta property=\"og:title\" content=\"El Concejo Deliberante aprob\u00f3 que el municipio tome un pr\u00e9stamo para pagar a proveedores - El Regional\" \/>\n<meta property=\"og:description\" content=\"Concejales aprobaron el Proyecto que faculta al municipio a gestionar y tomar pr\u00e9stamo del Fondo Permanente para la Financiaci\u00f3n de Proyectos y Programas de los Gobiernos locales de la Provincia de C\u00f3rdoba. El pr\u00e9stamo ser\u00e1 por un monto 92.210.000 pesos con destino al pago de distintos proveedores de la Municipalidad que han verificado su cr\u00e9dito [&hellip;]\" \/>\n<meta property=\"og:url\" content=\"https:\/\/elregionalvm.com.ar\/noticias-villa-maria\/el-concejo-deliberante-aprobo-que-el-municipio-tome-un-prestamo-para-pagar-a-proveedores\/\" \/>\n<meta property=\"og:site_name\" content=\"El Regional\" \/>\n<meta property=\"article:publisher\" content=\"https:\/\/www.facebook.com\/elregionalvm\" \/>\n<meta property=\"article:published_time\" content=\"2024-03-07T20:21:23+00:00\" \/>\n<meta property=\"article:modified_time\" content=\"2024-03-07T20:21:25+00:00\" \/>\n<meta property=\"og:image\" content=\"https:\/\/elregionalvm.com.ar\/noticias-villa-maria\/wp-content\/uploads\/2021\/02\/Dinero-argentino-e1709842830859.jpg\" \/>\n\t<meta property=\"og:image:width\" content=\"1200\" \/>\n\t<meta property=\"og:image:height\" content=\"749\" \/>\n\t<meta property=\"og:image:type\" content=\"image\/jpeg\" \/>\n<meta name=\"author\" content=\"Contenidos El Regional\" \/>\n<meta name=\"twitter:card\" content=\"summary_large_image\" \/>\n<meta name=\"twitter:creator\" content=\"@elregionalvm1\" \/>\n<meta name=\"twitter:site\" content=\"@elregionalvm1\" \/>\n<meta name=\"twitter:label1\" content=\"Escrito por\" \/>\n\t<meta name=\"twitter:data1\" content=\"Contenidos El Regional\" \/>\n\t<meta name=\"twitter:label2\" content=\"Tiempo de lectura\" \/>\n\t<meta name=\"twitter:data2\" content=\"2 minutos\" \/>\n<script type=\"application\/ld+json\" class=\"yoast-schema-graph\">{\"@context\":\"https:\\\/\\\/schema.org\",\"@graph\":[{\"@type\":\"Article\",\"@id\":\"https:\\\/\\\/elregionalvm.com.ar\\\/noticias-villa-maria\\\/el-concejo-deliberante-aprobo-que-el-municipio-tome-un-prestamo-para-pagar-a-proveedores\\\/#article\",\"isPartOf\":{\"@id\":\"https:\\\/\\\/elregionalvm.com.ar\\\/noticias-villa-maria\\\/el-concejo-deliberante-aprobo-que-el-municipio-tome-un-prestamo-para-pagar-a-proveedores\\\/\"},\"author\":{\"name\":\"Contenidos El Regional\",\"@id\":\"http:\\\/\\\/elregionalvm.com.ar\\\/noticias-villa-maria\\\/#\\\/schema\\\/person\\\/a0fb9c422317faca23d50163151bc354\"},\"headline\":\"El Concejo Deliberante aprob\u00f3 que el municipio tome un pr\u00e9stamo para pagar a proveedores\",\"datePublished\":\"2024-03-07T20:21:23+00:00\",\"dateModified\":\"2024-03-07T20:21:25+00:00\",\"mainEntityOfPage\":{\"@id\":\"https:\\\/\\\/elregionalvm.com.ar\\\/noticias-villa-maria\\\/el-concejo-deliberante-aprobo-que-el-municipio-tome-un-prestamo-para-pagar-a-proveedores\\\/\"},\"wordCount\":170,\"commentCount\":0,\"image\":{\"@id\":\"https:\\\/\\\/elregionalvm.com.ar\\\/noticias-villa-maria\\\/el-concejo-deliberante-aprobo-que-el-municipio-tome-un-prestamo-para-pagar-a-proveedores\\\/#primaryimage\"},\"thumbnailUrl\":\"https:\\\/\\\/i0.wp.com\\\/elregionalvm.com.ar\\\/noticias-villa-maria\\\/wp-content\\\/uploads\\\/2021\\\/02\\\/Dinero-argentino-e1709842830859.jpg?fit=1200%2C749&ssl=1\",\"keywords\":[\"acuerdo salarial\",\"Concejo Deliberante\",\"Municipalidad de Villa Mar\u00eda\",\"Pago\",\"pr\u00e9stamo\",\"proveedores\",\"Salario\",\"SUOEM\"],\"articleSection\":[\"destacado\",\"Villa Mar\u00eda\"],\"inLanguage\":\"es\",\"potentialAction\":[{\"@type\":\"CommentAction\",\"name\":\"Comment\",\"target\":[\"https:\\\/\\\/elregionalvm.com.ar\\\/noticias-villa-maria\\\/el-concejo-deliberante-aprobo-que-el-municipio-tome-un-prestamo-para-pagar-a-proveedores\\\/#respond\"]}]},{\"@type\":\"WebPage\",\"@id\":\"https:\\\/\\\/elregionalvm.com.ar\\\/noticias-villa-maria\\\/el-concejo-deliberante-aprobo-que-el-municipio-tome-un-prestamo-para-pagar-a-proveedores\\\/\",\"url\":\"https:\\\/\\\/elregionalvm.com.ar\\\/noticias-villa-maria\\\/el-concejo-deliberante-aprobo-que-el-municipio-tome-un-prestamo-para-pagar-a-proveedores\\\/\",\"name\":\"El Concejo Deliberante aprob\u00f3 que el municipio tome un pr\u00e9stamo para pagar a proveedores - El Regional\",\"isPartOf\":{\"@id\":\"http:\\\/\\\/elregionalvm.com.ar\\\/noticias-villa-maria\\\/#website\"},\"primaryImageOfPage\":{\"@id\":\"https:\\\/\\\/elregionalvm.com.ar\\\/noticias-villa-maria\\\/el-concejo-deliberante-aprobo-que-el-municipio-tome-un-prestamo-para-pagar-a-proveedores\\\/#primaryimage\"},\"image\":{\"@id\":\"https:\\\/\\\/elregionalvm.com.ar\\\/noticias-villa-maria\\\/el-concejo-deliberante-aprobo-que-el-municipio-tome-un-prestamo-para-pagar-a-proveedores\\\/#primaryimage\"},\"thumbnailUrl\":\"https:\\\/\\\/i0.wp.com\\\/elregionalvm.com.ar\\\/noticias-villa-maria\\\/wp-content\\\/uploads\\\/2021\\\/02\\\/Dinero-argentino-e1709842830859.jpg?fit=1200%2C749&ssl=1\",\"datePublished\":\"2024-03-07T20:21:23+00:00\",\"dateModified\":\"2024-03-07T20:21:25+00:00\",\"author\":{\"@id\":\"http:\\\/\\\/elregionalvm.com.ar\\\/noticias-villa-maria\\\/#\\\/schema\\\/person\\\/a0fb9c422317faca23d50163151bc354\"},\"breadcrumb\":{\"@id\":\"https:\\\/\\\/elregionalvm.com.ar\\\/noticias-villa-maria\\\/el-concejo-deliberante-aprobo-que-el-municipio-tome-un-prestamo-para-pagar-a-proveedores\\\/#breadcrumb\"},\"inLanguage\":\"es\",\"potentialAction\":[{\"@type\":\"ReadAction\",\"target\":[\"https:\\\/\\\/elregionalvm.com.ar\\\/noticias-villa-maria\\\/el-concejo-deliberante-aprobo-que-el-municipio-tome-un-prestamo-para-pagar-a-proveedores\\\/\"]}]},{\"@type\":\"ImageObject\",\"inLanguage\":\"es\",\"@id\":\"https:\\\/\\\/elregionalvm.com.ar\\\/noticias-villa-maria\\\/el-concejo-deliberante-aprobo-que-el-municipio-tome-un-prestamo-para-pagar-a-proveedores\\\/#primaryimage\",\"url\":\"https:\\\/\\\/i0.wp.com\\\/elregionalvm.com.ar\\\/noticias-villa-maria\\\/wp-content\\\/uploads\\\/2021\\\/02\\\/Dinero-argentino-e1709842830859.jpg?fit=1200%2C749&ssl=1\",\"contentUrl\":\"https:\\\/\\\/i0.wp.com\\\/elregionalvm.com.ar\\\/noticias-villa-maria\\\/wp-content\\\/uploads\\\/2021\\\/02\\\/Dinero-argentino-e1709842830859.jpg?fit=1200%2C749&ssl=1\",\"width\":1200,\"height\":749},{\"@type\":\"BreadcrumbList\",\"@id\":\"https:\\\/\\\/elregionalvm.com.ar\\\/noticias-villa-maria\\\/el-concejo-deliberante-aprobo-que-el-municipio-tome-un-prestamo-para-pagar-a-proveedores\\\/#breadcrumb\",\"itemListElement\":[{\"@type\":\"ListItem\",\"position\":1,\"name\":\"Portada\",\"item\":\"https:\\\/\\\/elregionalvm.com.ar\\\/noticias-villa-maria\\\/\"},{\"@type\":\"ListItem\",\"position\":2,\"name\":\"El Concejo Deliberante aprob\u00f3 que el municipio tome un pr\u00e9stamo para pagar a proveedores\"}]},{\"@type\":\"WebSite\",\"@id\":\"http:\\\/\\\/elregionalvm.com.ar\\\/noticias-villa-maria\\\/#website\",\"url\":\"http:\\\/\\\/elregionalvm.com.ar\\\/noticias-villa-maria\\\/\",\"name\":\"El Regional\",\"description\":\"Mucho m\u00e1s que informaci\u00f3n\",\"potentialAction\":[{\"@type\":\"SearchAction\",\"target\":{\"@type\":\"EntryPoint\",\"urlTemplate\":\"http:\\\/\\\/elregionalvm.com.ar\\\/noticias-villa-maria\\\/?s={search_term_string}\"},\"query-input\":{\"@type\":\"PropertyValueSpecification\",\"valueRequired\":true,\"valueName\":\"search_term_string\"}}],\"inLanguage\":\"es\"},{\"@type\":\"Person\",\"@id\":\"http:\\\/\\\/elregionalvm.com.ar\\\/noticias-villa-maria\\\/#\\\/schema\\\/person\\\/a0fb9c422317faca23d50163151bc354\",\"name\":\"Contenidos El Regional\",\"image\":{\"@type\":\"ImageObject\",\"inLanguage\":\"es\",\"@id\":\"https:\\\/\\\/secure.gravatar.com\\\/avatar\\\/265b27cb2209af7bb3a1318f03305787d7981a5cc6e6cd08fe5a4ecdf99d4b48?s=96&d=mm&r=g\",\"url\":\"https:\\\/\\\/secure.gravatar.com\\\/avatar\\\/265b27cb2209af7bb3a1318f03305787d7981a5cc6e6cd08fe5a4ecdf99d4b48?s=96&d=mm&r=g\",\"contentUrl\":\"https:\\\/\\\/secure.gravatar.com\\\/avatar\\\/265b27cb2209af7bb3a1318f03305787d7981a5cc6e6cd08fe5a4ecdf99d4b48?s=96&d=mm&r=g\",\"caption\":\"Contenidos El Regional\"},\"url\":\"https:\\\/\\\/elregionalvm.com.ar\\\/noticias-villa-maria\\\/author\\\/contenido\\\/\"}]}<\/script>\n<!-- \/ Yoast SEO plugin. -->","yoast_head_json":{"title":"El Concejo Deliberante aprob\u00f3 que el municipio tome un pr\u00e9stamo para pagar a proveedores - El Regional","robots":{"index":"index","follow":"follow","max-snippet":"max-snippet:-1","max-image-preview":"max-image-preview:large","max-video-preview":"max-video-preview:-1"},"canonical":"https:\/\/elregionalvm.com.ar\/noticias-villa-maria\/el-concejo-deliberante-aprobo-que-el-municipio-tome-un-prestamo-para-pagar-a-proveedores\/","og_locale":"es_ES","og_type":"article","og_title":"El Concejo Deliberante aprob\u00f3 que el municipio tome un pr\u00e9stamo para pagar a proveedores - El Regional","og_description":"Concejales aprobaron el Proyecto que faculta al municipio a gestionar y tomar pr\u00e9stamo del Fondo Permanente para la Financiaci\u00f3n de Proyectos y Programas de los Gobiernos locales de la Provincia de C\u00f3rdoba. El pr\u00e9stamo ser\u00e1 por un monto 92.210.000 pesos con destino al pago de distintos proveedores de la Municipalidad que han verificado su cr\u00e9dito [&hellip;]","og_url":"https:\/\/elregionalvm.com.ar\/noticias-villa-maria\/el-concejo-deliberante-aprobo-que-el-municipio-tome-un-prestamo-para-pagar-a-proveedores\/","og_site_name":"El Regional","article_publisher":"https:\/\/www.facebook.com\/elregionalvm","article_published_time":"2024-03-07T20:21:23+00:00","article_modified_time":"2024-03-07T20:21:25+00:00","og_image":[{"width":1200,"height":749,"url":"https:\/\/elregionalvm.com.ar\/noticias-villa-maria\/wp-content\/uploads\/2021\/02\/Dinero-argentino-e1709842830859.jpg","type":"image\/jpeg"}],"author":"Contenidos El Regional","twitter_card":"summary_large_image","twitter_creator":"@elregionalvm1","twitter_site":"@elregionalvm1","twitter_misc":{"Escrito por":"Contenidos El Regional","Tiempo de lectura":"2 minutos"},"schema":{"@context":"https:\/\/schema.org","@graph":[{"@type":"Article","@id":"https:\/\/elregionalvm.com.ar\/noticias-villa-maria\/el-concejo-deliberante-aprobo-que-el-municipio-tome-un-prestamo-para-pagar-a-proveedores\/#article","isPartOf":{"@id":"https:\/\/elregionalvm.com.ar\/noticias-villa-maria\/el-concejo-deliberante-aprobo-que-el-municipio-tome-un-prestamo-para-pagar-a-proveedores\/"},"author":{"name":"Contenidos El Regional","@id":"http:\/\/elregionalvm.com.ar\/noticias-villa-maria\/#\/schema\/person\/a0fb9c422317faca23d50163151bc354"},"headline":"El Concejo Deliberante aprob\u00f3 que el municipio tome un pr\u00e9stamo para pagar a proveedores","datePublished":"2024-03-07T20:21:23+00:00","dateModified":"2024-03-07T20:21:25+00:00","mainEntityOfPage":{"@id":"https:\/\/elregionalvm.com.ar\/noticias-villa-maria\/el-concejo-deliberante-aprobo-que-el-municipio-tome-un-prestamo-para-pagar-a-proveedores\/"},"wordCount":170,"commentCount":0,"image":{"@id":"https:\/\/elregionalvm.com.ar\/noticias-villa-maria\/el-concejo-deliberante-aprobo-que-el-municipio-tome-un-prestamo-para-pagar-a-proveedores\/#primaryimage"},"thumbnailUrl":"https:\/\/i0.wp.com\/elregionalvm.com.ar\/noticias-villa-maria\/wp-content\/uploads\/2021\/02\/Dinero-argentino-e1709842830859.jpg?fit=1200%2C749&ssl=1","keywords":["acuerdo salarial","Concejo Deliberante","Municipalidad de Villa Mar\u00eda","Pago","pr\u00e9stamo","proveedores","Salario","SUOEM"],"articleSection":["destacado","Villa Mar\u00eda"],"inLanguage":"es","potentialAction":[{"@type":"CommentAction","name":"Comment","target":["https:\/\/elregionalvm.com.ar\/noticias-villa-maria\/el-concejo-deliberante-aprobo-que-el-municipio-tome-un-prestamo-para-pagar-a-proveedores\/#respond"]}]},{"@type":"WebPage","@id":"https:\/\/elregionalvm.com.ar\/noticias-villa-maria\/el-concejo-deliberante-aprobo-que-el-municipio-tome-un-prestamo-para-pagar-a-proveedores\/","url":"https:\/\/elregionalvm.com.ar\/noticias-villa-maria\/el-concejo-deliberante-aprobo-que-el-municipio-tome-un-prestamo-para-pagar-a-proveedores\/","name":"El Concejo Deliberante aprob\u00f3 que el municipio tome un pr\u00e9stamo para pagar a proveedores - El Regional","isPartOf":{"@id":"http:\/\/elregionalvm.com.ar\/noticias-villa-maria\/#website"},"primaryImageOfPage":{"@id":"https:\/\/elregionalvm.com.ar\/noticias-villa-maria\/el-concejo-deliberante-aprobo-que-el-municipio-tome-un-prestamo-para-pagar-a-proveedores\/#primaryimage"},"image":{"@id":"https:\/\/elregionalvm.com.ar\/noticias-villa-maria\/el-concejo-deliberante-aprobo-que-el-municipio-tome-un-prestamo-para-pagar-a-proveedores\/#primaryimage"},"thumbnailUrl":"https:\/\/i0.wp.com\/elregionalvm.com.ar\/noticias-villa-maria\/wp-content\/uploads\/2021\/02\/Dinero-argentino-e1709842830859.jpg?fit=1200%2C749&ssl=1","datePublished":"2024-03-07T20:21:23+00:00","dateModified":"2024-03-07T20:21:25+00:00","author":{"@id":"http:\/\/elregionalvm.com.ar\/noticias-villa-maria\/#\/schema\/person\/a0fb9c422317faca23d50163151bc354"},"breadcrumb":{"@id":"https:\/\/elregionalvm.com.ar\/noticias-villa-maria\/el-concejo-deliberante-aprobo-que-el-municipio-tome-un-prestamo-para-pagar-a-proveedores\/#breadcrumb"},"inLanguage":"es","potentialAction":[{"@type":"ReadAction","target":["https:\/\/elregionalvm.com.ar\/noticias-villa-maria\/el-concejo-deliberante-aprobo-que-el-municipio-tome-un-prestamo-para-pagar-a-proveedores\/"]}]},{"@type":"ImageObject","inLanguage":"es","@id":"https:\/\/elregionalvm.com.ar\/noticias-villa-maria\/el-concejo-deliberante-aprobo-que-el-municipio-tome-un-prestamo-para-pagar-a-proveedores\/#primaryimage","url":"https:\/\/i0.wp.com\/elregionalvm.com.ar\/noticias-villa-maria\/wp-content\/uploads\/2021\/02\/Dinero-argentino-e1709842830859.jpg?fit=1200%2C749&ssl=1","contentUrl":"https:\/\/i0.wp.com\/elregionalvm.com.ar\/noticias-villa-maria\/wp-content\/uploads\/2021\/02\/Dinero-argentino-e1709842830859.jpg?fit=1200%2C749&ssl=1","width":1200,"height":749},{"@type":"BreadcrumbList","@id":"https:\/\/elregionalvm.com.ar\/noticias-villa-maria\/el-concejo-deliberante-aprobo-que-el-municipio-tome-un-prestamo-para-pagar-a-proveedores\/#breadcrumb","itemListElement":[{"@type":"ListItem","position":1,"name":"Portada","item":"https:\/\/elregionalvm.com.ar\/noticias-villa-maria\/"},{"@type":"ListItem","position":2,"name":"El Concejo Deliberante aprob\u00f3 que el municipio tome un pr\u00e9stamo para pagar a proveedores"}]},{"@type":"WebSite","@id":"http:\/\/elregionalvm.com.ar\/noticias-villa-maria\/#website","url":"http:\/\/elregionalvm.com.ar\/noticias-villa-maria\/","name":"El Regional","description":"Mucho m\u00e1s que informaci\u00f3n","potentialAction":[{"@type":"SearchAction","target":{"@type":"EntryPoint","urlTemplate":"http:\/\/elregionalvm.com.ar\/noticias-villa-maria\/?s={search_term_string}"},"query-input":{"@type":"PropertyValueSpecification","valueRequired":true,"valueName":"search_term_string"}}],"inLanguage":"es"},{"@type":"Person","@id":"http:\/\/elregionalvm.com.ar\/noticias-villa-maria\/#\/schema\/person\/a0fb9c422317faca23d50163151bc354","name":"Contenidos El Regional","image":{"@type":"ImageObject","inLanguage":"es","@id":"https:\/\/secure.gravatar.com\/avatar\/265b27cb2209af7bb3a1318f03305787d7981a5cc6e6cd08fe5a4ecdf99d4b48?s=96&d=mm&r=g","url":"https:\/\/secure.gravatar.com\/avatar\/265b27cb2209af7bb3a1318f03305787d7981a5cc6e6cd08fe5a4ecdf99d4b48?s=96&d=mm&r=g","contentUrl":"https:\/\/secure.gravatar.com\/avatar\/265b27cb2209af7bb3a1318f03305787d7981a5cc6e6cd08fe5a4ecdf99d4b48?s=96&d=mm&r=g","caption":"Contenidos El Regional"},"url":"https:\/\/elregionalvm.com.ar\/noticias-villa-maria\/author\/contenido\/"}]}},"jetpack_sharing_enabled":true,"jetpack_featured_media_url":"https:\/\/i0.wp.com\/elregionalvm.com.ar\/noticias-villa-maria\/wp-content\/uploads\/2021\/02\/Dinero-argentino-e1709842830859.jpg?fit=1200%2C749&ssl=1","_links":{"self":[{"href":"https:\/\/elregionalvm.com.ar\/noticias-villa-maria\/wp-json\/wp\/v2\/posts\/90951","targetHints":{"allow":["GET"]}}],"collection":[{"href":"https:\/\/elregionalvm.com.ar\/noticias-villa-maria\/wp-json\/wp\/v2\/posts"}],"about":[{"href":"https:\/\/elregionalvm.com.ar\/noticias-villa-maria\/wp-json\/wp\/v2\/types\/post"}],"author":[{"embeddable":true,"href":"https:\/\/elregionalvm.com.ar\/noticias-villa-maria\/wp-json\/wp\/v2\/users\/4"}],"replies":[{"embeddable":true,"href":"https:\/\/elregionalvm.com.ar\/noticias-villa-maria\/wp-json\/wp\/v2\/comments?post=90951"}],"version-history":[{"count":2,"href":"https:\/\/elregionalvm.com.ar\/noticias-villa-maria\/wp-json\/wp\/v2\/posts\/90951\/revisions"}],"predecessor-version":[{"id":90953,"href":"https:\/\/elregionalvm.com.ar\/noticias-villa-maria\/wp-json\/wp\/v2\/posts\/90951\/revisions\/90953"}],"wp:featuredmedia":[{"embeddable":true,"href":"https:\/\/elregionalvm.com.ar\/noticias-villa-maria\/wp-json\/wp\/v2\/media\/32046"}],"wp:attachment":[{"href":"https:\/\/elregionalvm.com.ar\/noticias-villa-maria\/wp-json\/wp\/v2\/media?parent=90951"}],"wp:term":[{"taxonomy":"category","embeddable":true,"href":"https:\/\/elregionalvm.com.ar\/noticias-villa-maria\/wp-json\/wp\/v2\/categories?post=90951"},{"taxonomy":"post_tag","embeddable":true,"href":"https:\/\/elregionalvm.com.ar\/noticias-villa-maria\/wp-json\/wp\/v2\/tags?post=90951"}],"curies":[{"name":"wp","href":"https:\/\/api.w.org\/{rel}","templated":true}]}}