{"id":91114,"date":"2024-03-12T01:27:30","date_gmt":"2024-03-12T01:27:30","guid":{"rendered":"https:\/\/elregionalvm.com.ar\/noticias-villa-maria\/?p=91114"},"modified":"2024-03-13T17:33:34","modified_gmt":"2024-03-13T17:33:34","slug":"buena-vida-tenes-aranitas-celulitis-piernas-cansadas-lo-que-podes-hacer","status":"publish","type":"post","link":"https:\/\/elregionalvm.com.ar\/noticias-villa-maria\/buena-vida-tenes-aranitas-celulitis-piernas-cansadas-lo-que-podes-hacer\/","title":{"rendered":"[Buena Vida] \u00bfTen\u00e9s ara\u00f1itas, celulitis, piernas cansadas? Lo que pod\u00e9s hacer (VIDEO)"},"content":{"rendered":"\n<p><\/p>\n\n\n\n<p><strong>Escribe: Nutricionista Melisa Manzur<\/strong><\/p>\n\n\n\n<p><\/p>\n\n\n\n<p>\u00bfEst\u00e1s saliendo a caminar todos los d\u00edas?<\/p>\n\n\n\n<p>\u00bfSol\u00e9s tomar mucho caf\u00e9?<\/p>\n\n\n\n<p>La soluci\u00f3n es dejar de hacer un entrenamiento de impacto a nivel de la circulaci\u00f3n sangu\u00ednea en miembros inferiores, reducir la cafe\u00edna y aumentar la dosis de vitamina C.<\/p>\n\n\n\n<p>En el video te ense\u00f1o reemplazos y acciones concretas para que puedas solucionar este problema.<\/p>\n\n\n\n<p><\/p>\n\n\n\n<figure class=\"wp-block-image size-full\"><img data-recalc-dims=\"1\" fetchpriority=\"high\" decoding=\"async\" width=\"1000\" height=\"562\" src=\"https:\/\/i0.wp.com\/elregionalvm.com.ar\/noticias-villa-maria\/wp-content\/uploads\/2021\/08\/Entrenador-gimnasio-cinta.jpg?resize=1000%2C562&#038;ssl=1\" alt=\"\" class=\"wp-image-42261\" srcset=\"https:\/\/i0.wp.com\/elregionalvm.com.ar\/noticias-villa-maria\/wp-content\/uploads\/2021\/08\/Entrenador-gimnasio-cinta.jpg?w=1000&amp;ssl=1 1000w, https:\/\/i0.wp.com\/elregionalvm.com.ar\/noticias-villa-maria\/wp-content\/uploads\/2021\/08\/Entrenador-gimnasio-cinta.jpg?resize=300%2C169&amp;ssl=1 300w, https:\/\/i0.wp.com\/elregionalvm.com.ar\/noticias-villa-maria\/wp-content\/uploads\/2021\/08\/Entrenador-gimnasio-cinta.jpg?resize=768%2C432&amp;ssl=1 768w\" sizes=\"(max-width: 1000px) 100vw, 1000px\" \/><\/figure>\n\n\n\n<p><\/p>\n\n\n\n<p>Mi nombre es Melisa Manzur, soy nutricionista especialista en alimentaci\u00f3n funcional y antiinflamatoria.<\/p>\n\n\n\n<p>Seguime para aprender sobre c\u00f3mo incorporar alimentos funcionales a tu alimentaci\u00f3n.<\/p>\n\n\n\n<p><\/p>\n\n\n\n<figure class=\"wp-block-embed is-type-video is-provider-youtube wp-block-embed-youtube wp-embed-aspect-4-3 wp-has-aspect-ratio\"><div class=\"wp-block-embed__wrapper\">\n<iframe title=\"[Buena Vida] \u00bfTen\u00e9s ara\u00f1itas, celulitis, piernas cansadas? Lo que pod\u00e9s hacer\" width=\"500\" height=\"375\" src=\"https:\/\/www.youtube.com\/embed\/AQprfYyuvbI?feature=oembed\" frameborder=\"0\" allow=\"accelerometer; autoplay; clipboard-write; encrypted-media; gyroscope; picture-in-picture; web-share\" referrerpolicy=\"strict-origin-when-cross-origin\" allowfullscreen><\/iframe>\n<\/div><\/figure>\n\n\n\n<p><\/p>\n\n\n\n<p><\/p>\n\n\n\n<h3 class=\"wp-block-heading\"><strong>Tambi\u00e9n pod\u00e9s ver:<\/strong><\/h3>\n\n\n\n<p><\/p>\n\n\n\n<figure class=\"wp-block-embed is-type-wp-embed is-provider-el-regional wp-block-embed-el-regional\"><div class=\"wp-block-embed__wrapper\">\n<blockquote class=\"wp-embedded-content\" data-secret=\"ZFWxL33wTW\"><a href=\"https:\/\/elregionalvm.com.ar\/noticias-villa-maria\/buena-vida-jugo-de-naranja-exprimida-versus-naranja-entera-que-es-mas-saludable\/\">[Buena Vida] Jugo de naranja exprimida versus naranja entera: \u00bfQu\u00e9 es m\u00e1s saludable?<\/a><\/blockquote><iframe class=\"wp-embedded-content\" sandbox=\"allow-scripts\" security=\"restricted\" style=\"position: absolute; clip: rect(1px, 1px, 1px, 1px);\" title=\"\u00ab[Buena Vida] Jugo de naranja exprimida versus naranja entera: \u00bfQu\u00e9 es m\u00e1s saludable?\u00bb \u2014 El Regional\" src=\"https:\/\/elregionalvm.com.ar\/noticias-villa-maria\/buena-vida-jugo-de-naranja-exprimida-versus-naranja-entera-que-es-mas-saludable\/embed\/#?secret=uVtHdbj48Q#?secret=ZFWxL33wTW\" data-secret=\"ZFWxL33wTW\" width=\"500\" height=\"282\" frameborder=\"0\" marginwidth=\"0\" marginheight=\"0\" scrolling=\"no\"><\/iframe>\n<\/div><\/figure>\n","protected":false},"excerpt":{"rendered":"<p>Escribe: Nutricionista Melisa Manzur \u00bfEst\u00e1s saliendo a caminar todos los d\u00edas? \u00bfSol\u00e9s tomar mucho caf\u00e9? La soluci\u00f3n es dejar de hacer un entrenamiento de impacto a nivel de la circulaci\u00f3n sangu\u00ednea en miembros inferiores, reducir la cafe\u00edna y aumentar la dosis de vitamina C. En el video te ense\u00f1o reemplazos y acciones concretas para que [&hellip;]<\/p>\n","protected":false},"author":4,"featured_media":67715,"comment_status":"open","ping_status":"open","sticky":false,"template":"","format":"standard","meta":{"site-sidebar-layout":"default","site-content-layout":"","ast-site-content-layout":"default","site-content-style":"default","site-sidebar-style":"default","ast-global-header-display":"","ast-banner-title-visibility":"","ast-main-header-display":"","ast-hfb-above-header-display":"","ast-hfb-below-header-display":"","ast-hfb-mobile-header-display":"","site-post-title":"","ast-breadcrumbs-content":"","ast-featured-img":"","footer-sml-layout":"","ast-disable-related-posts":"","theme-transparent-header-meta":"","adv-header-id-meta":"","stick-header-meta":"","header-above-stick-meta":"","header-main-stick-meta":"","header-below-stick-meta":"","astra-migrate-meta-layouts":"set","ast-page-background-enabled":"default","ast-page-background-meta":{"desktop":{"background-color":"","background-image":"","background-repeat":"repeat","background-position":"center center","background-size":"auto","background-attachment":"scroll","background-type":"","background-media":"","overlay-type":"","overlay-color":"","overlay-opacity":"","overlay-gradient":""},"tablet":{"background-color":"","background-image":"","background-repeat":"repeat","background-position":"center center","background-size":"auto","background-attachment":"scroll","background-type":"","background-media":"","overlay-type":"","overlay-color":"","overlay-opacity":"","overlay-gradient":""},"mobile":{"background-color":"","background-image":"","background-repeat":"repeat","background-position":"center center","background-size":"auto","background-attachment":"scroll","background-type":"","background-media":"","overlay-type":"","overlay-color":"","overlay-opacity":"","overlay-gradient":""}},"ast-content-background-meta":{"desktop":{"background-color":"var(--ast-global-color-5)","background-image":"","background-repeat":"repeat","background-position":"center center","background-size":"auto","background-attachment":"scroll","background-type":"","background-media":"","overlay-type":"","overlay-color":"","overlay-opacity":"","overlay-gradient":""},"tablet":{"background-color":"var(--ast-global-color-5)","background-image":"","background-repeat":"repeat","background-position":"center center","background-size":"auto","background-attachment":"scroll","background-type":"","background-media":"","overlay-type":"","overlay-color":"","overlay-opacity":"","overlay-gradient":""},"mobile":{"background-color":"var(--ast-global-color-5)","background-image":"","background-repeat":"repeat","background-position":"center center","background-size":"auto","background-attachment":"scroll","background-type":"","background-media":"","overlay-type":"","overlay-color":"","overlay-opacity":"","overlay-gradient":""}},"_jetpack_memberships_contains_paid_content":false,"_joinchat":[],"footnotes":""},"categories":[9869,3557,2074],"tags":[5639,23660,9927,23661,23658,11718,23659,2133,7031,22844],"class_list":["post-91114","post","type-post","status-publish","format-standard","has-post-thumbnail","hentry","category-buena-vida","category-tercera","category-videos","tag-alimentacion","tag-aranitas","tag-buena-vida","tag-cafeina","tag-celulitis","tag-nutricion","tag-piernas-cansadas","tag-salud","tag-tips","tag-vitamina-c"],"yoast_head":"<!-- This site is optimized with the Yoast SEO plugin v26.8 - https:\/\/yoast.com\/product\/yoast-seo-wordpress\/ -->\n<title>[Buena Vida] \u00bfTen\u00e9s ara\u00f1itas, celulitis, piernas cansadas? Lo que pod\u00e9s hacer (VIDEO) - El Regional<\/title>\n<meta name=\"robots\" content=\"index, follow, max-snippet:-1, max-image-preview:large, max-video-preview:-1\" \/>\n<link rel=\"canonical\" href=\"https:\/\/elregionalvm.com.ar\/noticias-villa-maria\/buena-vida-tenes-aranitas-celulitis-piernas-cansadas-lo-que-podes-hacer\/\" \/>\n<meta property=\"og:locale\" content=\"es_ES\" \/>\n<meta property=\"og:type\" content=\"article\" \/>\n<meta property=\"og:title\" content=\"[Buena Vida] \u00bfTen\u00e9s ara\u00f1itas, celulitis, piernas cansadas? Lo que pod\u00e9s hacer (VIDEO) - El Regional\" \/>\n<meta property=\"og:description\" content=\"Escribe: Nutricionista Melisa Manzur \u00bfEst\u00e1s saliendo a caminar todos los d\u00edas? \u00bfSol\u00e9s tomar mucho caf\u00e9? La soluci\u00f3n es dejar de hacer un entrenamiento de impacto a nivel de la circulaci\u00f3n sangu\u00ednea en miembros inferiores, reducir la cafe\u00edna y aumentar la dosis de vitamina C. En el video te ense\u00f1o reemplazos y acciones concretas para que [&hellip;]\" \/>\n<meta property=\"og:url\" content=\"https:\/\/elregionalvm.com.ar\/noticias-villa-maria\/buena-vida-tenes-aranitas-celulitis-piernas-cansadas-lo-que-podes-hacer\/\" \/>\n<meta property=\"og:site_name\" content=\"El Regional\" \/>\n<meta property=\"article:publisher\" content=\"https:\/\/www.facebook.com\/elregionalvm\" \/>\n<meta property=\"article:published_time\" content=\"2024-03-12T01:27:30+00:00\" \/>\n<meta property=\"article:modified_time\" content=\"2024-03-13T17:33:34+00:00\" \/>\n<meta property=\"og:image\" content=\"https:\/\/elregionalvm.com.ar\/noticias-villa-maria\/wp-content\/uploads\/2022\/11\/gimnasio-correr-cansancio-mujer.jpg\" \/>\n\t<meta property=\"og:image:width\" content=\"1000\" \/>\n\t<meta property=\"og:image:height\" content=\"666\" \/>\n\t<meta property=\"og:image:type\" content=\"image\/jpeg\" \/>\n<meta name=\"author\" content=\"Contenidos El Regional\" \/>\n<meta name=\"twitter:card\" content=\"summary_large_image\" \/>\n<meta name=\"twitter:creator\" content=\"@elregionalvm1\" \/>\n<meta name=\"twitter:site\" content=\"@elregionalvm1\" \/>\n<meta name=\"twitter:label1\" content=\"Escrito por\" \/>\n\t<meta name=\"twitter:data1\" content=\"Contenidos El Regional\" \/>\n\t<meta name=\"twitter:label2\" content=\"Tiempo de lectura\" \/>\n\t<meta name=\"twitter:data2\" content=\"1 minuto\" \/>\n<script type=\"application\/ld+json\" class=\"yoast-schema-graph\">{\"@context\":\"https:\/\/schema.org\",\"@graph\":[{\"@type\":\"Article\",\"@id\":\"https:\/\/elregionalvm.com.ar\/noticias-villa-maria\/buena-vida-tenes-aranitas-celulitis-piernas-cansadas-lo-que-podes-hacer\/#article\",\"isPartOf\":{\"@id\":\"https:\/\/elregionalvm.com.ar\/noticias-villa-maria\/buena-vida-tenes-aranitas-celulitis-piernas-cansadas-lo-que-podes-hacer\/\"},\"author\":{\"name\":\"Contenidos El Regional\",\"@id\":\"http:\/\/elregionalvm.com.ar\/noticias-villa-maria\/#\/schema\/person\/a0fb9c422317faca23d50163151bc354\"},\"headline\":\"[Buena Vida] \u00bfTen\u00e9s ara\u00f1itas, celulitis, piernas cansadas? Lo que pod\u00e9s hacer (VIDEO)\",\"datePublished\":\"2024-03-12T01:27:30+00:00\",\"dateModified\":\"2024-03-13T17:33:34+00:00\",\"mainEntityOfPage\":{\"@id\":\"https:\/\/elregionalvm.com.ar\/noticias-villa-maria\/buena-vida-tenes-aranitas-celulitis-piernas-cansadas-lo-que-podes-hacer\/\"},\"wordCount\":124,\"commentCount\":0,\"image\":{\"@id\":\"https:\/\/elregionalvm.com.ar\/noticias-villa-maria\/buena-vida-tenes-aranitas-celulitis-piernas-cansadas-lo-que-podes-hacer\/#primaryimage\"},\"thumbnailUrl\":\"https:\/\/i0.wp.com\/elregionalvm.com.ar\/noticias-villa-maria\/wp-content\/uploads\/2022\/11\/gimnasio-correr-cansancio-mujer.jpg?fit=1000%2C666&ssl=1\",\"keywords\":[\"alimentaci\u00f3n\",\"ara\u00f1itas\",\"Buena Vida\",\"cafe\u00edna\",\"celulitis\",\"nutrici\u00f3n\",\"piernas cansadas\",\"salud\",\"Tips\",\"vitamina C\"],\"articleSection\":[\"Buena vida\",\"tercera\",\"Videos\"],\"inLanguage\":\"es\",\"potentialAction\":[{\"@type\":\"CommentAction\",\"name\":\"Comment\",\"target\":[\"https:\/\/elregionalvm.com.ar\/noticias-villa-maria\/buena-vida-tenes-aranitas-celulitis-piernas-cansadas-lo-que-podes-hacer\/#respond\"]}]},{\"@type\":\"WebPage\",\"@id\":\"https:\/\/elregionalvm.com.ar\/noticias-villa-maria\/buena-vida-tenes-aranitas-celulitis-piernas-cansadas-lo-que-podes-hacer\/\",\"url\":\"https:\/\/elregionalvm.com.ar\/noticias-villa-maria\/buena-vida-tenes-aranitas-celulitis-piernas-cansadas-lo-que-podes-hacer\/\",\"name\":\"[Buena Vida] \u00bfTen\u00e9s ara\u00f1itas, celulitis, piernas cansadas? Lo que pod\u00e9s hacer (VIDEO) - El Regional\",\"isPartOf\":{\"@id\":\"http:\/\/elregionalvm.com.ar\/noticias-villa-maria\/#website\"},\"primaryImageOfPage\":{\"@id\":\"https:\/\/elregionalvm.com.ar\/noticias-villa-maria\/buena-vida-tenes-aranitas-celulitis-piernas-cansadas-lo-que-podes-hacer\/#primaryimage\"},\"image\":{\"@id\":\"https:\/\/elregionalvm.com.ar\/noticias-villa-maria\/buena-vida-tenes-aranitas-celulitis-piernas-cansadas-lo-que-podes-hacer\/#primaryimage\"},\"thumbnailUrl\":\"https:\/\/i0.wp.com\/elregionalvm.com.ar\/noticias-villa-maria\/wp-content\/uploads\/2022\/11\/gimnasio-correr-cansancio-mujer.jpg?fit=1000%2C666&ssl=1\",\"datePublished\":\"2024-03-12T01:27:30+00:00\",\"dateModified\":\"2024-03-13T17:33:34+00:00\",\"author\":{\"@id\":\"http:\/\/elregionalvm.com.ar\/noticias-villa-maria\/#\/schema\/person\/a0fb9c422317faca23d50163151bc354\"},\"breadcrumb\":{\"@id\":\"https:\/\/elregionalvm.com.ar\/noticias-villa-maria\/buena-vida-tenes-aranitas-celulitis-piernas-cansadas-lo-que-podes-hacer\/#breadcrumb\"},\"inLanguage\":\"es\",\"potentialAction\":[{\"@type\":\"ReadAction\",\"target\":[\"https:\/\/elregionalvm.com.ar\/noticias-villa-maria\/buena-vida-tenes-aranitas-celulitis-piernas-cansadas-lo-que-podes-hacer\/\"]}]},{\"@type\":\"ImageObject\",\"inLanguage\":\"es\",\"@id\":\"https:\/\/elregionalvm.com.ar\/noticias-villa-maria\/buena-vida-tenes-aranitas-celulitis-piernas-cansadas-lo-que-podes-hacer\/#primaryimage\",\"url\":\"https:\/\/i0.wp.com\/elregionalvm.com.ar\/noticias-villa-maria\/wp-content\/uploads\/2022\/11\/gimnasio-correr-cansancio-mujer.jpg?fit=1000%2C666&ssl=1\",\"contentUrl\":\"https:\/\/i0.wp.com\/elregionalvm.com.ar\/noticias-villa-maria\/wp-content\/uploads\/2022\/11\/gimnasio-correr-cansancio-mujer.jpg?fit=1000%2C666&ssl=1\",\"width\":1000,\"height\":666},{\"@type\":\"BreadcrumbList\",\"@id\":\"https:\/\/elregionalvm.com.ar\/noticias-villa-maria\/buena-vida-tenes-aranitas-celulitis-piernas-cansadas-lo-que-podes-hacer\/#breadcrumb\",\"itemListElement\":[{\"@type\":\"ListItem\",\"position\":1,\"name\":\"Portada\",\"item\":\"https:\/\/elregionalvm.com.ar\/noticias-villa-maria\/\"},{\"@type\":\"ListItem\",\"position\":2,\"name\":\"[Buena Vida] \u00bfTen\u00e9s ara\u00f1itas, celulitis, piernas cansadas? Lo que pod\u00e9s hacer (VIDEO)\"}]},{\"@type\":\"WebSite\",\"@id\":\"http:\/\/elregionalvm.com.ar\/noticias-villa-maria\/#website\",\"url\":\"http:\/\/elregionalvm.com.ar\/noticias-villa-maria\/\",\"name\":\"El Regional\",\"description\":\"Mucho m\u00e1s que informaci\u00f3n\",\"potentialAction\":[{\"@type\":\"SearchAction\",\"target\":{\"@type\":\"EntryPoint\",\"urlTemplate\":\"http:\/\/elregionalvm.com.ar\/noticias-villa-maria\/?s={search_term_string}\"},\"query-input\":{\"@type\":\"PropertyValueSpecification\",\"valueRequired\":true,\"valueName\":\"search_term_string\"}}],\"inLanguage\":\"es\"},{\"@type\":\"Person\",\"@id\":\"http:\/\/elregionalvm.com.ar\/noticias-villa-maria\/#\/schema\/person\/a0fb9c422317faca23d50163151bc354\",\"name\":\"Contenidos El Regional\",\"image\":{\"@type\":\"ImageObject\",\"inLanguage\":\"es\",\"@id\":\"http:\/\/elregionalvm.com.ar\/noticias-villa-maria\/#\/schema\/person\/image\/\",\"url\":\"https:\/\/secure.gravatar.com\/avatar\/265b27cb2209af7bb3a1318f03305787d7981a5cc6e6cd08fe5a4ecdf99d4b48?s=96&d=mm&r=g\",\"contentUrl\":\"https:\/\/secure.gravatar.com\/avatar\/265b27cb2209af7bb3a1318f03305787d7981a5cc6e6cd08fe5a4ecdf99d4b48?s=96&d=mm&r=g\",\"caption\":\"Contenidos El Regional\"},\"url\":\"https:\/\/elregionalvm.com.ar\/noticias-villa-maria\/author\/contenido\/\"}]}<\/script>\n<!-- \/ Yoast SEO plugin. -->","yoast_head_json":{"title":"[Buena Vida] \u00bfTen\u00e9s ara\u00f1itas, celulitis, piernas cansadas? Lo que pod\u00e9s hacer (VIDEO) - El Regional","robots":{"index":"index","follow":"follow","max-snippet":"max-snippet:-1","max-image-preview":"max-image-preview:large","max-video-preview":"max-video-preview:-1"},"canonical":"https:\/\/elregionalvm.com.ar\/noticias-villa-maria\/buena-vida-tenes-aranitas-celulitis-piernas-cansadas-lo-que-podes-hacer\/","og_locale":"es_ES","og_type":"article","og_title":"[Buena Vida] \u00bfTen\u00e9s ara\u00f1itas, celulitis, piernas cansadas? Lo que pod\u00e9s hacer (VIDEO) - El Regional","og_description":"Escribe: Nutricionista Melisa Manzur \u00bfEst\u00e1s saliendo a caminar todos los d\u00edas? \u00bfSol\u00e9s tomar mucho caf\u00e9? La soluci\u00f3n es dejar de hacer un entrenamiento de impacto a nivel de la circulaci\u00f3n sangu\u00ednea en miembros inferiores, reducir la cafe\u00edna y aumentar la dosis de vitamina C. En el video te ense\u00f1o reemplazos y acciones concretas para que [&hellip;]","og_url":"https:\/\/elregionalvm.com.ar\/noticias-villa-maria\/buena-vida-tenes-aranitas-celulitis-piernas-cansadas-lo-que-podes-hacer\/","og_site_name":"El Regional","article_publisher":"https:\/\/www.facebook.com\/elregionalvm","article_published_time":"2024-03-12T01:27:30+00:00","article_modified_time":"2024-03-13T17:33:34+00:00","og_image":[{"width":1000,"height":666,"url":"https:\/\/elregionalvm.com.ar\/noticias-villa-maria\/wp-content\/uploads\/2022\/11\/gimnasio-correr-cansancio-mujer.jpg","type":"image\/jpeg"}],"author":"Contenidos El Regional","twitter_card":"summary_large_image","twitter_creator":"@elregionalvm1","twitter_site":"@elregionalvm1","twitter_misc":{"Escrito por":"Contenidos El Regional","Tiempo de lectura":"1 minuto"},"schema":{"@context":"https:\/\/schema.org","@graph":[{"@type":"Article","@id":"https:\/\/elregionalvm.com.ar\/noticias-villa-maria\/buena-vida-tenes-aranitas-celulitis-piernas-cansadas-lo-que-podes-hacer\/#article","isPartOf":{"@id":"https:\/\/elregionalvm.com.ar\/noticias-villa-maria\/buena-vida-tenes-aranitas-celulitis-piernas-cansadas-lo-que-podes-hacer\/"},"author":{"name":"Contenidos El Regional","@id":"http:\/\/elregionalvm.com.ar\/noticias-villa-maria\/#\/schema\/person\/a0fb9c422317faca23d50163151bc354"},"headline":"[Buena Vida] \u00bfTen\u00e9s ara\u00f1itas, celulitis, piernas cansadas? Lo que pod\u00e9s hacer (VIDEO)","datePublished":"2024-03-12T01:27:30+00:00","dateModified":"2024-03-13T17:33:34+00:00","mainEntityOfPage":{"@id":"https:\/\/elregionalvm.com.ar\/noticias-villa-maria\/buena-vida-tenes-aranitas-celulitis-piernas-cansadas-lo-que-podes-hacer\/"},"wordCount":124,"commentCount":0,"image":{"@id":"https:\/\/elregionalvm.com.ar\/noticias-villa-maria\/buena-vida-tenes-aranitas-celulitis-piernas-cansadas-lo-que-podes-hacer\/#primaryimage"},"thumbnailUrl":"https:\/\/i0.wp.com\/elregionalvm.com.ar\/noticias-villa-maria\/wp-content\/uploads\/2022\/11\/gimnasio-correr-cansancio-mujer.jpg?fit=1000%2C666&ssl=1","keywords":["alimentaci\u00f3n","ara\u00f1itas","Buena Vida","cafe\u00edna","celulitis","nutrici\u00f3n","piernas cansadas","salud","Tips","vitamina C"],"articleSection":["Buena vida","tercera","Videos"],"inLanguage":"es","potentialAction":[{"@type":"CommentAction","name":"Comment","target":["https:\/\/elregionalvm.com.ar\/noticias-villa-maria\/buena-vida-tenes-aranitas-celulitis-piernas-cansadas-lo-que-podes-hacer\/#respond"]}]},{"@type":"WebPage","@id":"https:\/\/elregionalvm.com.ar\/noticias-villa-maria\/buena-vida-tenes-aranitas-celulitis-piernas-cansadas-lo-que-podes-hacer\/","url":"https:\/\/elregionalvm.com.ar\/noticias-villa-maria\/buena-vida-tenes-aranitas-celulitis-piernas-cansadas-lo-que-podes-hacer\/","name":"[Buena Vida] \u00bfTen\u00e9s ara\u00f1itas, celulitis, piernas cansadas? Lo que pod\u00e9s hacer (VIDEO) - El Regional","isPartOf":{"@id":"http:\/\/elregionalvm.com.ar\/noticias-villa-maria\/#website"},"primaryImageOfPage":{"@id":"https:\/\/elregionalvm.com.ar\/noticias-villa-maria\/buena-vida-tenes-aranitas-celulitis-piernas-cansadas-lo-que-podes-hacer\/#primaryimage"},"image":{"@id":"https:\/\/elregionalvm.com.ar\/noticias-villa-maria\/buena-vida-tenes-aranitas-celulitis-piernas-cansadas-lo-que-podes-hacer\/#primaryimage"},"thumbnailUrl":"https:\/\/i0.wp.com\/elregionalvm.com.ar\/noticias-villa-maria\/wp-content\/uploads\/2022\/11\/gimnasio-correr-cansancio-mujer.jpg?fit=1000%2C666&ssl=1","datePublished":"2024-03-12T01:27:30+00:00","dateModified":"2024-03-13T17:33:34+00:00","author":{"@id":"http:\/\/elregionalvm.com.ar\/noticias-villa-maria\/#\/schema\/person\/a0fb9c422317faca23d50163151bc354"},"breadcrumb":{"@id":"https:\/\/elregionalvm.com.ar\/noticias-villa-maria\/buena-vida-tenes-aranitas-celulitis-piernas-cansadas-lo-que-podes-hacer\/#breadcrumb"},"inLanguage":"es","potentialAction":[{"@type":"ReadAction","target":["https:\/\/elregionalvm.com.ar\/noticias-villa-maria\/buena-vida-tenes-aranitas-celulitis-piernas-cansadas-lo-que-podes-hacer\/"]}]},{"@type":"ImageObject","inLanguage":"es","@id":"https:\/\/elregionalvm.com.ar\/noticias-villa-maria\/buena-vida-tenes-aranitas-celulitis-piernas-cansadas-lo-que-podes-hacer\/#primaryimage","url":"https:\/\/i0.wp.com\/elregionalvm.com.ar\/noticias-villa-maria\/wp-content\/uploads\/2022\/11\/gimnasio-correr-cansancio-mujer.jpg?fit=1000%2C666&ssl=1","contentUrl":"https:\/\/i0.wp.com\/elregionalvm.com.ar\/noticias-villa-maria\/wp-content\/uploads\/2022\/11\/gimnasio-correr-cansancio-mujer.jpg?fit=1000%2C666&ssl=1","width":1000,"height":666},{"@type":"BreadcrumbList","@id":"https:\/\/elregionalvm.com.ar\/noticias-villa-maria\/buena-vida-tenes-aranitas-celulitis-piernas-cansadas-lo-que-podes-hacer\/#breadcrumb","itemListElement":[{"@type":"ListItem","position":1,"name":"Portada","item":"https:\/\/elregionalvm.com.ar\/noticias-villa-maria\/"},{"@type":"ListItem","position":2,"name":"[Buena Vida] \u00bfTen\u00e9s ara\u00f1itas, celulitis, piernas cansadas? Lo que pod\u00e9s hacer (VIDEO)"}]},{"@type":"WebSite","@id":"http:\/\/elregionalvm.com.ar\/noticias-villa-maria\/#website","url":"http:\/\/elregionalvm.com.ar\/noticias-villa-maria\/","name":"El Regional","description":"Mucho m\u00e1s que informaci\u00f3n","potentialAction":[{"@type":"SearchAction","target":{"@type":"EntryPoint","urlTemplate":"http:\/\/elregionalvm.com.ar\/noticias-villa-maria\/?s={search_term_string}"},"query-input":{"@type":"PropertyValueSpecification","valueRequired":true,"valueName":"search_term_string"}}],"inLanguage":"es"},{"@type":"Person","@id":"http:\/\/elregionalvm.com.ar\/noticias-villa-maria\/#\/schema\/person\/a0fb9c422317faca23d50163151bc354","name":"Contenidos El Regional","image":{"@type":"ImageObject","inLanguage":"es","@id":"http:\/\/elregionalvm.com.ar\/noticias-villa-maria\/#\/schema\/person\/image\/","url":"https:\/\/secure.gravatar.com\/avatar\/265b27cb2209af7bb3a1318f03305787d7981a5cc6e6cd08fe5a4ecdf99d4b48?s=96&d=mm&r=g","contentUrl":"https:\/\/secure.gravatar.com\/avatar\/265b27cb2209af7bb3a1318f03305787d7981a5cc6e6cd08fe5a4ecdf99d4b48?s=96&d=mm&r=g","caption":"Contenidos El Regional"},"url":"https:\/\/elregionalvm.com.ar\/noticias-villa-maria\/author\/contenido\/"}]}},"jetpack_featured_media_url":"https:\/\/i0.wp.com\/elregionalvm.com.ar\/noticias-villa-maria\/wp-content\/uploads\/2022\/11\/gimnasio-correr-cansancio-mujer.jpg?fit=1000%2C666&ssl=1","jetpack_sharing_enabled":true,"_links":{"self":[{"href":"https:\/\/elregionalvm.com.ar\/noticias-villa-maria\/wp-json\/wp\/v2\/posts\/91114","targetHints":{"allow":["GET"]}}],"collection":[{"href":"https:\/\/elregionalvm.com.ar\/noticias-villa-maria\/wp-json\/wp\/v2\/posts"}],"about":[{"href":"https:\/\/elregionalvm.com.ar\/noticias-villa-maria\/wp-json\/wp\/v2\/types\/post"}],"author":[{"embeddable":true,"href":"https:\/\/elregionalvm.com.ar\/noticias-villa-maria\/wp-json\/wp\/v2\/users\/4"}],"replies":[{"embeddable":true,"href":"https:\/\/elregionalvm.com.ar\/noticias-villa-maria\/wp-json\/wp\/v2\/comments?post=91114"}],"version-history":[{"count":3,"href":"https:\/\/elregionalvm.com.ar\/noticias-villa-maria\/wp-json\/wp\/v2\/posts\/91114\/revisions"}],"predecessor-version":[{"id":91125,"href":"https:\/\/elregionalvm.com.ar\/noticias-villa-maria\/wp-json\/wp\/v2\/posts\/91114\/revisions\/91125"}],"wp:featuredmedia":[{"embeddable":true,"href":"https:\/\/elregionalvm.com.ar\/noticias-villa-maria\/wp-json\/wp\/v2\/media\/67715"}],"wp:attachment":[{"href":"https:\/\/elregionalvm.com.ar\/noticias-villa-maria\/wp-json\/wp\/v2\/media?parent=91114"}],"wp:term":[{"taxonomy":"category","embeddable":true,"href":"https:\/\/elregionalvm.com.ar\/noticias-villa-maria\/wp-json\/wp\/v2\/categories?post=91114"},{"taxonomy":"post_tag","embeddable":true,"href":"https:\/\/elregionalvm.com.ar\/noticias-villa-maria\/wp-json\/wp\/v2\/tags?post=91114"}],"curies":[{"name":"wp","href":"https:\/\/api.w.org\/{rel}","templated":true}]}}