{"id":91185,"date":"2024-03-13T02:56:24","date_gmt":"2024-03-13T02:56:24","guid":{"rendered":"https:\/\/elregionalvm.com.ar\/noticias-villa-maria\/?p=91185"},"modified":"2024-03-14T20:55:04","modified_gmt":"2024-03-14T20:55:04","slug":"celebrar-la-inflacion-el-indice-bajo-en-febrero-pero-en-los-bolsillos-no-se-nota","status":"publish","type":"post","link":"https:\/\/elregionalvm.com.ar\/noticias-villa-maria\/celebrar-la-inflacion-el-indice-bajo-en-febrero-pero-en-los-bolsillos-no-se-nota\/","title":{"rendered":"Celebrar la inflaci\u00f3n: El \u00edndice baj\u00f3 en febrero, pero en los bolsillos no se nota"},"content":{"rendered":"\n<p><\/p>\n\n\n\n<p>\u201cUn numerazo\u201d. Para el presidente Javier Milei, el nuevo \u00edndice inflacionario inferior a 15% es algo para celebrar. Hizo lo mismo cuando la inflaci\u00f3n fue del 20,6% en enero y del 25,5% en diciembre, alentando desde antes de asumir el fantasma de la hiperinflaci\u00f3n.<\/p>\n\n\n\n<p>En febrero, el \u00cdndice de Precios al Consumidor (IPC) se ubic\u00f3 en 13,2%, casi siete puntos y medio debajo de la medici\u00f3n de enero. La variaci\u00f3n interanual se ubic\u00f3 as\u00ed en 276,2% y sum\u00f3 un total de 59,3% durante los tres primeros meses de gesti\u00f3n del libertario.<\/p>\n\n\n\n<p>Los precios que ven\u00edan en subida libre antes del cambio de gobierno, devaluaci\u00f3n mediante, comenzaron a no tener techo. Y esta desaceleraci\u00f3n difundida por el Indec no es m\u00e1s que una muestra de un efecto buscado por el Gobierno: un estancamiento en la econom\u00eda, ca\u00edda de las ventas, poder adquisitivo disminuido y obvio indicador inflacionario menos abultado.<\/p>\n\n\n\n<p>Los precios suben menos que antes porque la gente compra menos. \u201cNo hay plata\u201d, obvio.<\/p>\n\n\n\n<p><\/p>\n\n\n\n<figure class=\"wp-block-image size-large\"><img data-recalc-dims=\"1\" fetchpriority=\"high\" decoding=\"async\" width=\"1024\" height=\"575\" src=\"https:\/\/i0.wp.com\/elregionalvm.com.ar\/noticias-villa-maria\/wp-content\/uploads\/2023\/05\/billete-dinero-billetera-inflacion.jpg?resize=1024%2C575&#038;ssl=1\" alt=\"\" class=\"wp-image-76694\" srcset=\"https:\/\/i0.wp.com\/elregionalvm.com.ar\/noticias-villa-maria\/wp-content\/uploads\/2023\/05\/billete-dinero-billetera-inflacion.jpg?resize=1024%2C575&amp;ssl=1 1024w, https:\/\/i0.wp.com\/elregionalvm.com.ar\/noticias-villa-maria\/wp-content\/uploads\/2023\/05\/billete-dinero-billetera-inflacion.jpg?resize=300%2C168&amp;ssl=1 300w, https:\/\/i0.wp.com\/elregionalvm.com.ar\/noticias-villa-maria\/wp-content\/uploads\/2023\/05\/billete-dinero-billetera-inflacion.jpg?resize=768%2C431&amp;ssl=1 768w, https:\/\/i0.wp.com\/elregionalvm.com.ar\/noticias-villa-maria\/wp-content\/uploads\/2023\/05\/billete-dinero-billetera-inflacion.jpg?w=1197&amp;ssl=1 1197w\" sizes=\"(max-width: 1000px) 100vw, 1000px\" \/><\/figure>\n\n\n\n<p><\/p>\n\n\n\n<p>Las entidades empresariales e industriales, organizaciones que agrupan a Pymes y gran parte del arco productivo exponen una crisis como hace tiempo no se viv\u00eda. Pero, son \u201cnumerazos\u201d seg\u00fan la l\u00f3gica mile\u00edsta.<\/p>\n\n\n\n<p>El Gobierno conf\u00eda que a mitad de a\u00f1o \u201cla situaci\u00f3n mejorar\u00e1\u201d y la inflaci\u00f3n se ubicar\u00e1 en torno a un d\u00edgito. El ministro Luis Caputo desborda tanta felicidad que en una reuni\u00f3n de negocios con Estados Unidos descerraj\u00f3 que no hace falta esperar unos meses m\u00e1s, que ahora mismo \u201cla inflaci\u00f3n es de un d\u00edgito, pero la medici\u00f3n no lo refleja\u201d.<\/p>\n\n\n\n<p>\u201cTeniendo en cuenta la inflaci\u00f3n de marzo, si le sac\u00e1s el arrastre y lo que ha sido la recomposici\u00f3n de precios relativos como transporte y prepagas, ya estamos en un d\u00edgito\u201d, remarc\u00f3 el titular del Palacio de Hacienda.<\/p>\n\n\n\n<p><\/p>\n\n\n\n<figure class=\"wp-block-image size-large\"><img data-recalc-dims=\"1\" decoding=\"async\" width=\"1024\" height=\"682\" src=\"https:\/\/i0.wp.com\/elregionalvm.com.ar\/noticias-villa-maria\/wp-content\/uploads\/2022\/03\/Changuito-supermercado-inflacion.jpg?resize=1024%2C682&#038;ssl=1\" alt=\"\" class=\"wp-image-54237\"\/><\/figure>\n\n\n\n<p><\/p>\n\n\n\n<p>\u201cEl \u00edndice no refleja cabalmente lo que fue la baja en la inflaci\u00f3n. Nunca nadie imagin\u00f3 el d\u00f3lar bajando de $1300 a menos de $1000. Entonces, los precios quedaron totalmente desfasados en d\u00f3lares y la forma de combatir esto es con las promociones\u201d, argument\u00f3 sin ponerse colorado.<\/p>\n\n\n\n<p><\/p>\n\n\n\n<figure class=\"wp-block-pullquote\"><blockquote><p><strong>Por ahora, las bondades de las medidas ejecutadas y las estad\u00edsticas tan celebradas no tienen un espejo en la realidad cotidiana<\/strong><\/p><\/blockquote><\/figure>\n\n\n\n<p><\/p>\n\n\n\n<p>Por ahora, las bondades de las medidas ejecutadas y las estad\u00edsticas tan celebradas no tienen un espejo en la realidad cotidiana. Es como festejar latigazos en la espalda, total un d\u00eda se van a acabar.<\/p>\n\n\n\n<p>Lo saben los trabajadores con bolsillos pulverizados y paritarias vergonzosas; los empleados en blanco por debajo de la l\u00ednea de pobreza; los desocupados al borde de la indigencia; los hambreados de siempre; y los jubilados que padecieron el peor ajuste en sus haberes en d\u00e9cadas en pos de la reducci\u00f3n del d\u00e9ficit.<\/p>\n\n\n\n<p>Por favor, que alguien le d\u00e9 aviso al Presidente y a su ministro, porque algo no anda tan bien como les parece.<\/p>\n","protected":false},"excerpt":{"rendered":"<p>\u201cUn numerazo\u201d. Para el presidente Javier Milei, el nuevo \u00edndice inflacionario inferior a 15% es algo para celebrar. Hizo lo mismo cuando la inflaci\u00f3n fue del 20,6% en enero y del 25,5% en diciembre, alentando desde antes de asumir el fantasma de la hiperinflaci\u00f3n. En febrero, el \u00cdndice de Precios al Consumidor (IPC) se ubic\u00f3 [&hellip;]<\/p>\n","protected":false},"author":6,"featured_media":91187,"comment_status":"open","ping_status":"open","sticky":false,"template":"","format":"standard","meta":{"site-sidebar-layout":"default","site-content-layout":"","ast-site-content-layout":"default","site-content-style":"default","site-sidebar-style":"default","ast-global-header-display":"","ast-banner-title-visibility":"","ast-main-header-display":"","ast-hfb-above-header-display":"","ast-hfb-below-header-display":"","ast-hfb-mobile-header-display":"","site-post-title":"","ast-breadcrumbs-content":"","ast-featured-img":"","footer-sml-layout":"","ast-disable-related-posts":"","theme-transparent-header-meta":"","adv-header-id-meta":"","stick-header-meta":"","header-above-stick-meta":"","header-main-stick-meta":"","header-below-stick-meta":"","astra-migrate-meta-layouts":"set","ast-page-background-enabled":"default","ast-page-background-meta":{"desktop":{"background-color":"","background-image":"","background-repeat":"repeat","background-position":"center center","background-size":"auto","background-attachment":"scroll","background-type":"","background-media":"","overlay-type":"","overlay-color":"","overlay-opacity":"","overlay-gradient":""},"tablet":{"background-color":"","background-image":"","background-repeat":"repeat","background-position":"center center","background-size":"auto","background-attachment":"scroll","background-type":"","background-media":"","overlay-type":"","overlay-color":"","overlay-opacity":"","overlay-gradient":""},"mobile":{"background-color":"","background-image":"","background-repeat":"repeat","background-position":"center center","background-size":"auto","background-attachment":"scroll","background-type":"","background-media":"","overlay-type":"","overlay-color":"","overlay-opacity":"","overlay-gradient":""}},"ast-content-background-meta":{"desktop":{"background-color":"var(--ast-global-color-5)","background-image":"","background-repeat":"repeat","background-position":"center center","background-size":"auto","background-attachment":"scroll","background-type":"","background-media":"","overlay-type":"","overlay-color":"","overlay-opacity":"","overlay-gradient":""},"tablet":{"background-color":"var(--ast-global-color-5)","background-image":"","background-repeat":"repeat","background-position":"center center","background-size":"auto","background-attachment":"scroll","background-type":"","background-media":"","overlay-type":"","overlay-color":"","overlay-opacity":"","overlay-gradient":""},"mobile":{"background-color":"var(--ast-global-color-5)","background-image":"","background-repeat":"repeat","background-position":"center center","background-size":"auto","background-attachment":"scroll","background-type":"","background-media":"","overlay-type":"","overlay-color":"","overlay-opacity":"","overlay-gradient":""}},"_jetpack_memberships_contains_paid_content":false,"_joinchat":[],"footnotes":""},"categories":[365,3557],"tags":[16895,7519,814,13456,2784,2467,5053,23219,583,61],"class_list":["post-91185","post","type-post","status-publish","format-standard","has-post-thumbnail","hentry","category-opinion","category-tercera","tag-bolsillos","tag-celebracion","tag-crisis","tag-febrero","tag-indec","tag-inflacion","tag-javier-milei","tag-luis-caputo","tag-pobres","tag-trabajadores"],"yoast_head":"<!-- This site is optimized with the Yoast SEO plugin v26.8 - https:\/\/yoast.com\/product\/yoast-seo-wordpress\/ -->\n<title>Celebrar la inflaci\u00f3n: El \u00edndice baj\u00f3 en febrero, pero en los bolsillos no se nota - El Regional<\/title>\n<meta name=\"robots\" content=\"index, follow, max-snippet:-1, max-image-preview:large, max-video-preview:-1\" \/>\n<link rel=\"canonical\" href=\"https:\/\/elregionalvm.com.ar\/noticias-villa-maria\/celebrar-la-inflacion-el-indice-bajo-en-febrero-pero-en-los-bolsillos-no-se-nota\/\" \/>\n<meta property=\"og:locale\" content=\"es_ES\" \/>\n<meta property=\"og:type\" content=\"article\" \/>\n<meta property=\"og:title\" content=\"Celebrar la inflaci\u00f3n: El \u00edndice baj\u00f3 en febrero, pero en los bolsillos no se nota - El Regional\" \/>\n<meta property=\"og:description\" content=\"\u201cUn numerazo\u201d. Para el presidente Javier Milei, el nuevo \u00edndice inflacionario inferior a 15% es algo para celebrar. Hizo lo mismo cuando la inflaci\u00f3n fue del 20,6% en enero y del 25,5% en diciembre, alentando desde antes de asumir el fantasma de la hiperinflaci\u00f3n. En febrero, el \u00cdndice de Precios al Consumidor (IPC) se ubic\u00f3 [&hellip;]\" \/>\n<meta property=\"og:url\" content=\"https:\/\/elregionalvm.com.ar\/noticias-villa-maria\/celebrar-la-inflacion-el-indice-bajo-en-febrero-pero-en-los-bolsillos-no-se-nota\/\" \/>\n<meta property=\"og:site_name\" content=\"El Regional\" \/>\n<meta property=\"article:publisher\" content=\"https:\/\/www.facebook.com\/elregionalvm\" \/>\n<meta property=\"article:published_time\" content=\"2024-03-13T02:56:24+00:00\" \/>\n<meta property=\"article:modified_time\" content=\"2024-03-14T20:55:04+00:00\" \/>\n<meta property=\"og:image\" content=\"https:\/\/elregionalvm.com.ar\/noticias-villa-maria\/wp-content\/uploads\/2024\/03\/Milei-celebra-festejo.png\" \/>\n\t<meta property=\"og:image:width\" content=\"800\" \/>\n\t<meta property=\"og:image:height\" content=\"450\" \/>\n\t<meta property=\"og:image:type\" content=\"image\/png\" \/>\n<meta name=\"author\" content=\"Germ\u00e1n Giacchero\" \/>\n<meta name=\"twitter:card\" content=\"summary_large_image\" \/>\n<meta name=\"twitter:creator\" content=\"@elregionalvm1\" \/>\n<meta name=\"twitter:site\" content=\"@elregionalvm1\" \/>\n<meta name=\"twitter:label1\" content=\"Escrito por\" \/>\n\t<meta name=\"twitter:data1\" content=\"Germ\u00e1n Giacchero\" \/>\n\t<meta name=\"twitter:label2\" content=\"Tiempo de lectura\" \/>\n\t<meta name=\"twitter:data2\" content=\"3 minutos\" \/>\n<script type=\"application\/ld+json\" class=\"yoast-schema-graph\">{\"@context\":\"https:\/\/schema.org\",\"@graph\":[{\"@type\":\"Article\",\"@id\":\"https:\/\/elregionalvm.com.ar\/noticias-villa-maria\/celebrar-la-inflacion-el-indice-bajo-en-febrero-pero-en-los-bolsillos-no-se-nota\/#article\",\"isPartOf\":{\"@id\":\"https:\/\/elregionalvm.com.ar\/noticias-villa-maria\/celebrar-la-inflacion-el-indice-bajo-en-febrero-pero-en-los-bolsillos-no-se-nota\/\"},\"author\":{\"name\":\"Germ\u00e1n Giacchero\",\"@id\":\"http:\/\/elregionalvm.com.ar\/noticias-villa-maria\/#\/schema\/person\/d5e4b04966154131701e52c45d3efec9\"},\"headline\":\"Celebrar la inflaci\u00f3n: El \u00edndice baj\u00f3 en febrero, pero en los bolsillos no se nota\",\"datePublished\":\"2024-03-13T02:56:24+00:00\",\"dateModified\":\"2024-03-14T20:55:04+00:00\",\"mainEntityOfPage\":{\"@id\":\"https:\/\/elregionalvm.com.ar\/noticias-villa-maria\/celebrar-la-inflacion-el-indice-bajo-en-febrero-pero-en-los-bolsillos-no-se-nota\/\"},\"wordCount\":518,\"commentCount\":0,\"image\":{\"@id\":\"https:\/\/elregionalvm.com.ar\/noticias-villa-maria\/celebrar-la-inflacion-el-indice-bajo-en-febrero-pero-en-los-bolsillos-no-se-nota\/#primaryimage\"},\"thumbnailUrl\":\"https:\/\/i0.wp.com\/elregionalvm.com.ar\/noticias-villa-maria\/wp-content\/uploads\/2024\/03\/Milei-celebra-festejo.png?fit=800%2C450&ssl=1\",\"keywords\":[\"bolsillos\",\"celebraci\u00f3n\",\"crisis\",\"febrero\",\"Indec\",\"Inflaci\u00f3n\",\"Javier Milei\",\"Luis Caputo\",\"Pobres\",\"trabajadores\"],\"articleSection\":[\"Opini\u00f3n\",\"tercera\"],\"inLanguage\":\"es\",\"potentialAction\":[{\"@type\":\"CommentAction\",\"name\":\"Comment\",\"target\":[\"https:\/\/elregionalvm.com.ar\/noticias-villa-maria\/celebrar-la-inflacion-el-indice-bajo-en-febrero-pero-en-los-bolsillos-no-se-nota\/#respond\"]}]},{\"@type\":\"WebPage\",\"@id\":\"https:\/\/elregionalvm.com.ar\/noticias-villa-maria\/celebrar-la-inflacion-el-indice-bajo-en-febrero-pero-en-los-bolsillos-no-se-nota\/\",\"url\":\"https:\/\/elregionalvm.com.ar\/noticias-villa-maria\/celebrar-la-inflacion-el-indice-bajo-en-febrero-pero-en-los-bolsillos-no-se-nota\/\",\"name\":\"Celebrar la inflaci\u00f3n: El \u00edndice baj\u00f3 en febrero, pero en los bolsillos no se nota - El Regional\",\"isPartOf\":{\"@id\":\"http:\/\/elregionalvm.com.ar\/noticias-villa-maria\/#website\"},\"primaryImageOfPage\":{\"@id\":\"https:\/\/elregionalvm.com.ar\/noticias-villa-maria\/celebrar-la-inflacion-el-indice-bajo-en-febrero-pero-en-los-bolsillos-no-se-nota\/#primaryimage\"},\"image\":{\"@id\":\"https:\/\/elregionalvm.com.ar\/noticias-villa-maria\/celebrar-la-inflacion-el-indice-bajo-en-febrero-pero-en-los-bolsillos-no-se-nota\/#primaryimage\"},\"thumbnailUrl\":\"https:\/\/i0.wp.com\/elregionalvm.com.ar\/noticias-villa-maria\/wp-content\/uploads\/2024\/03\/Milei-celebra-festejo.png?fit=800%2C450&ssl=1\",\"datePublished\":\"2024-03-13T02:56:24+00:00\",\"dateModified\":\"2024-03-14T20:55:04+00:00\",\"author\":{\"@id\":\"http:\/\/elregionalvm.com.ar\/noticias-villa-maria\/#\/schema\/person\/d5e4b04966154131701e52c45d3efec9\"},\"breadcrumb\":{\"@id\":\"https:\/\/elregionalvm.com.ar\/noticias-villa-maria\/celebrar-la-inflacion-el-indice-bajo-en-febrero-pero-en-los-bolsillos-no-se-nota\/#breadcrumb\"},\"inLanguage\":\"es\",\"potentialAction\":[{\"@type\":\"ReadAction\",\"target\":[\"https:\/\/elregionalvm.com.ar\/noticias-villa-maria\/celebrar-la-inflacion-el-indice-bajo-en-febrero-pero-en-los-bolsillos-no-se-nota\/\"]}]},{\"@type\":\"ImageObject\",\"inLanguage\":\"es\",\"@id\":\"https:\/\/elregionalvm.com.ar\/noticias-villa-maria\/celebrar-la-inflacion-el-indice-bajo-en-febrero-pero-en-los-bolsillos-no-se-nota\/#primaryimage\",\"url\":\"https:\/\/i0.wp.com\/elregionalvm.com.ar\/noticias-villa-maria\/wp-content\/uploads\/2024\/03\/Milei-celebra-festejo.png?fit=800%2C450&ssl=1\",\"contentUrl\":\"https:\/\/i0.wp.com\/elregionalvm.com.ar\/noticias-villa-maria\/wp-content\/uploads\/2024\/03\/Milei-celebra-festejo.png?fit=800%2C450&ssl=1\",\"width\":800,\"height\":450},{\"@type\":\"BreadcrumbList\",\"@id\":\"https:\/\/elregionalvm.com.ar\/noticias-villa-maria\/celebrar-la-inflacion-el-indice-bajo-en-febrero-pero-en-los-bolsillos-no-se-nota\/#breadcrumb\",\"itemListElement\":[{\"@type\":\"ListItem\",\"position\":1,\"name\":\"Portada\",\"item\":\"https:\/\/elregionalvm.com.ar\/noticias-villa-maria\/\"},{\"@type\":\"ListItem\",\"position\":2,\"name\":\"Celebrar la inflaci\u00f3n: El \u00edndice baj\u00f3 en febrero, pero en los bolsillos no se nota\"}]},{\"@type\":\"WebSite\",\"@id\":\"http:\/\/elregionalvm.com.ar\/noticias-villa-maria\/#website\",\"url\":\"http:\/\/elregionalvm.com.ar\/noticias-villa-maria\/\",\"name\":\"El Regional\",\"description\":\"Mucho m\u00e1s que informaci\u00f3n\",\"potentialAction\":[{\"@type\":\"SearchAction\",\"target\":{\"@type\":\"EntryPoint\",\"urlTemplate\":\"http:\/\/elregionalvm.com.ar\/noticias-villa-maria\/?s={search_term_string}\"},\"query-input\":{\"@type\":\"PropertyValueSpecification\",\"valueRequired\":true,\"valueName\":\"search_term_string\"}}],\"inLanguage\":\"es\"},{\"@type\":\"Person\",\"@id\":\"http:\/\/elregionalvm.com.ar\/noticias-villa-maria\/#\/schema\/person\/d5e4b04966154131701e52c45d3efec9\",\"name\":\"Germ\u00e1n Giacchero\",\"image\":{\"@type\":\"ImageObject\",\"inLanguage\":\"es\",\"@id\":\"http:\/\/elregionalvm.com.ar\/noticias-villa-maria\/#\/schema\/person\/image\/\",\"url\":\"https:\/\/secure.gravatar.com\/avatar\/fda163ba5ef0307ee5be9846e10f83b6e83d0cfb260d3b2464830318894c6b04?s=96&d=mm&r=g\",\"contentUrl\":\"https:\/\/secure.gravatar.com\/avatar\/fda163ba5ef0307ee5be9846e10f83b6e83d0cfb260d3b2464830318894c6b04?s=96&d=mm&r=g\",\"caption\":\"Germ\u00e1n Giacchero\"},\"url\":\"https:\/\/elregionalvm.com.ar\/noticias-villa-maria\/author\/germangiacchero\/\"}]}<\/script>\n<!-- \/ Yoast SEO plugin. -->","yoast_head_json":{"title":"Celebrar la inflaci\u00f3n: El \u00edndice baj\u00f3 en febrero, pero en los bolsillos no se nota - El Regional","robots":{"index":"index","follow":"follow","max-snippet":"max-snippet:-1","max-image-preview":"max-image-preview:large","max-video-preview":"max-video-preview:-1"},"canonical":"https:\/\/elregionalvm.com.ar\/noticias-villa-maria\/celebrar-la-inflacion-el-indice-bajo-en-febrero-pero-en-los-bolsillos-no-se-nota\/","og_locale":"es_ES","og_type":"article","og_title":"Celebrar la inflaci\u00f3n: El \u00edndice baj\u00f3 en febrero, pero en los bolsillos no se nota - El Regional","og_description":"\u201cUn numerazo\u201d. Para el presidente Javier Milei, el nuevo \u00edndice inflacionario inferior a 15% es algo para celebrar. Hizo lo mismo cuando la inflaci\u00f3n fue del 20,6% en enero y del 25,5% en diciembre, alentando desde antes de asumir el fantasma de la hiperinflaci\u00f3n. En febrero, el \u00cdndice de Precios al Consumidor (IPC) se ubic\u00f3 [&hellip;]","og_url":"https:\/\/elregionalvm.com.ar\/noticias-villa-maria\/celebrar-la-inflacion-el-indice-bajo-en-febrero-pero-en-los-bolsillos-no-se-nota\/","og_site_name":"El Regional","article_publisher":"https:\/\/www.facebook.com\/elregionalvm","article_published_time":"2024-03-13T02:56:24+00:00","article_modified_time":"2024-03-14T20:55:04+00:00","og_image":[{"width":800,"height":450,"url":"https:\/\/elregionalvm.com.ar\/noticias-villa-maria\/wp-content\/uploads\/2024\/03\/Milei-celebra-festejo.png","type":"image\/png"}],"author":"Germ\u00e1n Giacchero","twitter_card":"summary_large_image","twitter_creator":"@elregionalvm1","twitter_site":"@elregionalvm1","twitter_misc":{"Escrito por":"Germ\u00e1n Giacchero","Tiempo de lectura":"3 minutos"},"schema":{"@context":"https:\/\/schema.org","@graph":[{"@type":"Article","@id":"https:\/\/elregionalvm.com.ar\/noticias-villa-maria\/celebrar-la-inflacion-el-indice-bajo-en-febrero-pero-en-los-bolsillos-no-se-nota\/#article","isPartOf":{"@id":"https:\/\/elregionalvm.com.ar\/noticias-villa-maria\/celebrar-la-inflacion-el-indice-bajo-en-febrero-pero-en-los-bolsillos-no-se-nota\/"},"author":{"name":"Germ\u00e1n Giacchero","@id":"http:\/\/elregionalvm.com.ar\/noticias-villa-maria\/#\/schema\/person\/d5e4b04966154131701e52c45d3efec9"},"headline":"Celebrar la inflaci\u00f3n: El \u00edndice baj\u00f3 en febrero, pero en los bolsillos no se nota","datePublished":"2024-03-13T02:56:24+00:00","dateModified":"2024-03-14T20:55:04+00:00","mainEntityOfPage":{"@id":"https:\/\/elregionalvm.com.ar\/noticias-villa-maria\/celebrar-la-inflacion-el-indice-bajo-en-febrero-pero-en-los-bolsillos-no-se-nota\/"},"wordCount":518,"commentCount":0,"image":{"@id":"https:\/\/elregionalvm.com.ar\/noticias-villa-maria\/celebrar-la-inflacion-el-indice-bajo-en-febrero-pero-en-los-bolsillos-no-se-nota\/#primaryimage"},"thumbnailUrl":"https:\/\/i0.wp.com\/elregionalvm.com.ar\/noticias-villa-maria\/wp-content\/uploads\/2024\/03\/Milei-celebra-festejo.png?fit=800%2C450&ssl=1","keywords":["bolsillos","celebraci\u00f3n","crisis","febrero","Indec","Inflaci\u00f3n","Javier Milei","Luis Caputo","Pobres","trabajadores"],"articleSection":["Opini\u00f3n","tercera"],"inLanguage":"es","potentialAction":[{"@type":"CommentAction","name":"Comment","target":["https:\/\/elregionalvm.com.ar\/noticias-villa-maria\/celebrar-la-inflacion-el-indice-bajo-en-febrero-pero-en-los-bolsillos-no-se-nota\/#respond"]}]},{"@type":"WebPage","@id":"https:\/\/elregionalvm.com.ar\/noticias-villa-maria\/celebrar-la-inflacion-el-indice-bajo-en-febrero-pero-en-los-bolsillos-no-se-nota\/","url":"https:\/\/elregionalvm.com.ar\/noticias-villa-maria\/celebrar-la-inflacion-el-indice-bajo-en-febrero-pero-en-los-bolsillos-no-se-nota\/","name":"Celebrar la inflaci\u00f3n: El \u00edndice baj\u00f3 en febrero, pero en los bolsillos no se nota - El Regional","isPartOf":{"@id":"http:\/\/elregionalvm.com.ar\/noticias-villa-maria\/#website"},"primaryImageOfPage":{"@id":"https:\/\/elregionalvm.com.ar\/noticias-villa-maria\/celebrar-la-inflacion-el-indice-bajo-en-febrero-pero-en-los-bolsillos-no-se-nota\/#primaryimage"},"image":{"@id":"https:\/\/elregionalvm.com.ar\/noticias-villa-maria\/celebrar-la-inflacion-el-indice-bajo-en-febrero-pero-en-los-bolsillos-no-se-nota\/#primaryimage"},"thumbnailUrl":"https:\/\/i0.wp.com\/elregionalvm.com.ar\/noticias-villa-maria\/wp-content\/uploads\/2024\/03\/Milei-celebra-festejo.png?fit=800%2C450&ssl=1","datePublished":"2024-03-13T02:56:24+00:00","dateModified":"2024-03-14T20:55:04+00:00","author":{"@id":"http:\/\/elregionalvm.com.ar\/noticias-villa-maria\/#\/schema\/person\/d5e4b04966154131701e52c45d3efec9"},"breadcrumb":{"@id":"https:\/\/elregionalvm.com.ar\/noticias-villa-maria\/celebrar-la-inflacion-el-indice-bajo-en-febrero-pero-en-los-bolsillos-no-se-nota\/#breadcrumb"},"inLanguage":"es","potentialAction":[{"@type":"ReadAction","target":["https:\/\/elregionalvm.com.ar\/noticias-villa-maria\/celebrar-la-inflacion-el-indice-bajo-en-febrero-pero-en-los-bolsillos-no-se-nota\/"]}]},{"@type":"ImageObject","inLanguage":"es","@id":"https:\/\/elregionalvm.com.ar\/noticias-villa-maria\/celebrar-la-inflacion-el-indice-bajo-en-febrero-pero-en-los-bolsillos-no-se-nota\/#primaryimage","url":"https:\/\/i0.wp.com\/elregionalvm.com.ar\/noticias-villa-maria\/wp-content\/uploads\/2024\/03\/Milei-celebra-festejo.png?fit=800%2C450&ssl=1","contentUrl":"https:\/\/i0.wp.com\/elregionalvm.com.ar\/noticias-villa-maria\/wp-content\/uploads\/2024\/03\/Milei-celebra-festejo.png?fit=800%2C450&ssl=1","width":800,"height":450},{"@type":"BreadcrumbList","@id":"https:\/\/elregionalvm.com.ar\/noticias-villa-maria\/celebrar-la-inflacion-el-indice-bajo-en-febrero-pero-en-los-bolsillos-no-se-nota\/#breadcrumb","itemListElement":[{"@type":"ListItem","position":1,"name":"Portada","item":"https:\/\/elregionalvm.com.ar\/noticias-villa-maria\/"},{"@type":"ListItem","position":2,"name":"Celebrar la inflaci\u00f3n: El \u00edndice baj\u00f3 en febrero, pero en los bolsillos no se nota"}]},{"@type":"WebSite","@id":"http:\/\/elregionalvm.com.ar\/noticias-villa-maria\/#website","url":"http:\/\/elregionalvm.com.ar\/noticias-villa-maria\/","name":"El Regional","description":"Mucho m\u00e1s que informaci\u00f3n","potentialAction":[{"@type":"SearchAction","target":{"@type":"EntryPoint","urlTemplate":"http:\/\/elregionalvm.com.ar\/noticias-villa-maria\/?s={search_term_string}"},"query-input":{"@type":"PropertyValueSpecification","valueRequired":true,"valueName":"search_term_string"}}],"inLanguage":"es"},{"@type":"Person","@id":"http:\/\/elregionalvm.com.ar\/noticias-villa-maria\/#\/schema\/person\/d5e4b04966154131701e52c45d3efec9","name":"Germ\u00e1n Giacchero","image":{"@type":"ImageObject","inLanguage":"es","@id":"http:\/\/elregionalvm.com.ar\/noticias-villa-maria\/#\/schema\/person\/image\/","url":"https:\/\/secure.gravatar.com\/avatar\/fda163ba5ef0307ee5be9846e10f83b6e83d0cfb260d3b2464830318894c6b04?s=96&d=mm&r=g","contentUrl":"https:\/\/secure.gravatar.com\/avatar\/fda163ba5ef0307ee5be9846e10f83b6e83d0cfb260d3b2464830318894c6b04?s=96&d=mm&r=g","caption":"Germ\u00e1n Giacchero"},"url":"https:\/\/elregionalvm.com.ar\/noticias-villa-maria\/author\/germangiacchero\/"}]}},"jetpack_featured_media_url":"https:\/\/i0.wp.com\/elregionalvm.com.ar\/noticias-villa-maria\/wp-content\/uploads\/2024\/03\/Milei-celebra-festejo.png?fit=800%2C450&ssl=1","jetpack_sharing_enabled":true,"_links":{"self":[{"href":"https:\/\/elregionalvm.com.ar\/noticias-villa-maria\/wp-json\/wp\/v2\/posts\/91185","targetHints":{"allow":["GET"]}}],"collection":[{"href":"https:\/\/elregionalvm.com.ar\/noticias-villa-maria\/wp-json\/wp\/v2\/posts"}],"about":[{"href":"https:\/\/elregionalvm.com.ar\/noticias-villa-maria\/wp-json\/wp\/v2\/types\/post"}],"author":[{"embeddable":true,"href":"https:\/\/elregionalvm.com.ar\/noticias-villa-maria\/wp-json\/wp\/v2\/users\/6"}],"replies":[{"embeddable":true,"href":"https:\/\/elregionalvm.com.ar\/noticias-villa-maria\/wp-json\/wp\/v2\/comments?post=91185"}],"version-history":[{"count":2,"href":"https:\/\/elregionalvm.com.ar\/noticias-villa-maria\/wp-json\/wp\/v2\/posts\/91185\/revisions"}],"predecessor-version":[{"id":91188,"href":"https:\/\/elregionalvm.com.ar\/noticias-villa-maria\/wp-json\/wp\/v2\/posts\/91185\/revisions\/91188"}],"wp:featuredmedia":[{"embeddable":true,"href":"https:\/\/elregionalvm.com.ar\/noticias-villa-maria\/wp-json\/wp\/v2\/media\/91187"}],"wp:attachment":[{"href":"https:\/\/elregionalvm.com.ar\/noticias-villa-maria\/wp-json\/wp\/v2\/media?parent=91185"}],"wp:term":[{"taxonomy":"category","embeddable":true,"href":"https:\/\/elregionalvm.com.ar\/noticias-villa-maria\/wp-json\/wp\/v2\/categories?post=91185"},{"taxonomy":"post_tag","embeddable":true,"href":"https:\/\/elregionalvm.com.ar\/noticias-villa-maria\/wp-json\/wp\/v2\/tags?post=91185"}],"curies":[{"name":"wp","href":"https:\/\/api.w.org\/{rel}","templated":true}]}}