{"id":91256,"date":"2024-03-14T03:11:54","date_gmt":"2024-03-14T03:11:54","guid":{"rendered":"https:\/\/elregionalvm.com.ar\/noticias-villa-maria\/?p=91256"},"modified":"2024-03-14T21:11:56","modified_gmt":"2024-03-14T21:11:56","slug":"grito-contra-la-lentitud-y-la-impunidad-familiares-de-victimas-reclamaron-en-tribunales-de-villa-maria-video","status":"publish","type":"post","link":"https:\/\/elregionalvm.com.ar\/noticias-villa-maria\/grito-contra-la-lentitud-y-la-impunidad-familiares-de-victimas-reclamaron-en-tribunales-de-villa-maria-video\/","title":{"rendered":"Grito contra la lentitud y la impunidad: Familiares de v\u00edctimas reclamaron en Tribunales de Villa Mar\u00eda (VIDEO)"},"content":{"rendered":"\n<p>Bajo el lema \u201cLa uni\u00f3n hace la fuerza\u201d, un grupo de familiares y allegados a v\u00edctimas de distintos hechos pidieron avances en las causas judiciales que se tramitan en la ciudad.<\/p>\n\n\n\n<p>Con carteles, banderas y tambores, se concentraron frente al edificio de Tribunales para solicitar celeridad en las causas que se desarrollan desde hace un tiempo en las distintas Fiscal\u00edas locales.<\/p>\n\n\n\n<p><\/p>\n\n\n\n<figure class=\"wp-block-embed is-type-video is-provider-youtube wp-block-embed-youtube wp-embed-aspect-16-9 wp-has-aspect-ratio\"><div class=\"wp-block-embed__wrapper\">\n<iframe title=\"Contra la lentitud y la impunidad: Reclamo de familiares de v\u00edctimas  en Tribunales de Villa Mar\u00eda\" width=\"500\" height=\"281\" src=\"https:\/\/www.youtube.com\/embed\/69eaQleJ65s?feature=oembed\" frameborder=\"0\" allow=\"accelerometer; autoplay; clipboard-write; encrypted-media; gyroscope; picture-in-picture; web-share\" referrerpolicy=\"strict-origin-when-cross-origin\" allowfullscreen><\/iframe>\n<\/div><\/figure>\n\n\n\n<p><\/p>\n\n\n\n<p>Los reclamos, entre otros, corresponden con los siguientes casos:<\/p>\n\n\n\n<ul class=\"wp-block-list\">\n<li>Narella P\u00e9rez, de 22 a\u00f1os, quien muri\u00f3 tras un choque entre una moto y un cami\u00f3n en ruta 9. La joven iba como acompa\u00f1ante en el rodado menor y falleci\u00f3 producto de las heridas.<\/li>\n<\/ul>\n\n\n\n<ul class=\"wp-block-list\">\n<li>Agustina Cuzcueta recibi\u00f3 un golpe en la cabeza con un fierro mientras circulaba en una moto. Se encuentra con diversos tratamientos de salud y cotin\u00faa en una lenta recuperaci\u00f3n. Su familia remarca que recibe amenazas de los responsables de la agresi\u00f3n, que se encuentran en libertad.<\/li>\n<\/ul>\n\n\n\n<ul class=\"wp-block-list\">\n<li>Laureano Guerra fue encontrado sin vida en la zona rural de La Playosa el 8 de diciembre de 2022. Su familia cree que lo mataron y piden la reconstrucci\u00f3n del momento de su muerte para poder llegar a la verdad. Una medida que viene demorada desde hace tiempo.<\/li>\n<\/ul>\n\n\n\n<ul class=\"wp-block-list\">\n<li>Iara Medina ten\u00eda 12 a\u00f1os cuando viajaba con su familia en un auto que fue impactado de frente por un Ford Ka conducido por un joven alcoholizado oriundo de Arroyo Cabral.<\/li>\n<\/ul>\n\n\n\n<p><\/p>\n\n\n\n<div class=\"wp-block-jetpack-slideshow aligncenter\" data-effect=\"slide\"><div class=\"wp-block-jetpack-slideshow_container swiper-container\"><ul class=\"wp-block-jetpack-slideshow_swiper-wrapper swiper-wrapper\"><li class=\"wp-block-jetpack-slideshow_slide swiper-slide\"><figure><img data-recalc-dims=\"1\" fetchpriority=\"high\" decoding=\"async\" width=\"1024\" height=\"691\" alt=\"\" class=\"wp-block-jetpack-slideshow_image wp-image-91263\" data-id=\"91263\" src=\"https:\/\/i0.wp.com\/elregionalvm.com.ar\/noticias-villa-maria\/wp-content\/uploads\/2024\/03\/Reclamo-familiares-Tribunales-24-2.jpeg?resize=1024%2C691&#038;ssl=1\" srcset=\"https:\/\/i0.wp.com\/elregionalvm.com.ar\/noticias-villa-maria\/wp-content\/uploads\/2024\/03\/Reclamo-familiares-Tribunales-24-2.jpeg?resize=1024%2C691&amp;ssl=1 1024w, https:\/\/i0.wp.com\/elregionalvm.com.ar\/noticias-villa-maria\/wp-content\/uploads\/2024\/03\/Reclamo-familiares-Tribunales-24-2.jpeg?resize=300%2C203&amp;ssl=1 300w, https:\/\/i0.wp.com\/elregionalvm.com.ar\/noticias-villa-maria\/wp-content\/uploads\/2024\/03\/Reclamo-familiares-Tribunales-24-2.jpeg?resize=768%2C518&amp;ssl=1 768w, https:\/\/i0.wp.com\/elregionalvm.com.ar\/noticias-villa-maria\/wp-content\/uploads\/2024\/03\/Reclamo-familiares-Tribunales-24-2.jpeg?w=1280&amp;ssl=1 1280w\" sizes=\"(max-width: 1000px) 100vw, 1000px\" \/><\/figure><\/li><li class=\"wp-block-jetpack-slideshow_slide swiper-slide\"><figure><img data-recalc-dims=\"1\" decoding=\"async\" width=\"1024\" height=\"569\" alt=\"\" class=\"wp-block-jetpack-slideshow_image wp-image-91262\" data-id=\"91262\" src=\"https:\/\/i0.wp.com\/elregionalvm.com.ar\/noticias-villa-maria\/wp-content\/uploads\/2024\/03\/Reclamo-familiares-Tribunales-24-1.jpeg?resize=1024%2C569&#038;ssl=1\" srcset=\"https:\/\/i0.wp.com\/elregionalvm.com.ar\/noticias-villa-maria\/wp-content\/uploads\/2024\/03\/Reclamo-familiares-Tribunales-24-1.jpeg?resize=1024%2C569&amp;ssl=1 1024w, https:\/\/i0.wp.com\/elregionalvm.com.ar\/noticias-villa-maria\/wp-content\/uploads\/2024\/03\/Reclamo-familiares-Tribunales-24-1.jpeg?resize=300%2C167&amp;ssl=1 300w, https:\/\/i0.wp.com\/elregionalvm.com.ar\/noticias-villa-maria\/wp-content\/uploads\/2024\/03\/Reclamo-familiares-Tribunales-24-1.jpeg?resize=768%2C426&amp;ssl=1 768w, https:\/\/i0.wp.com\/elregionalvm.com.ar\/noticias-villa-maria\/wp-content\/uploads\/2024\/03\/Reclamo-familiares-Tribunales-24-1.jpeg?w=1196&amp;ssl=1 1196w\" sizes=\"(max-width: 1000px) 100vw, 1000px\" \/><\/figure><\/li><li class=\"wp-block-jetpack-slideshow_slide swiper-slide\"><figure><img data-recalc-dims=\"1\" decoding=\"async\" width=\"1024\" height=\"734\" alt=\"\" class=\"wp-block-jetpack-slideshow_image wp-image-91264\" data-id=\"91264\" src=\"https:\/\/i0.wp.com\/elregionalvm.com.ar\/noticias-villa-maria\/wp-content\/uploads\/2024\/03\/Reclamo-familiares-Tribunales-24-3.jpeg?resize=1024%2C734&#038;ssl=1\" srcset=\"https:\/\/i0.wp.com\/elregionalvm.com.ar\/noticias-villa-maria\/wp-content\/uploads\/2024\/03\/Reclamo-familiares-Tribunales-24-3.jpeg?resize=1024%2C734&amp;ssl=1 1024w, https:\/\/i0.wp.com\/elregionalvm.com.ar\/noticias-villa-maria\/wp-content\/uploads\/2024\/03\/Reclamo-familiares-Tribunales-24-3.jpeg?resize=300%2C215&amp;ssl=1 300w, https:\/\/i0.wp.com\/elregionalvm.com.ar\/noticias-villa-maria\/wp-content\/uploads\/2024\/03\/Reclamo-familiares-Tribunales-24-3.jpeg?resize=768%2C551&amp;ssl=1 768w, https:\/\/i0.wp.com\/elregionalvm.com.ar\/noticias-villa-maria\/wp-content\/uploads\/2024\/03\/Reclamo-familiares-Tribunales-24-3.jpeg?w=1280&amp;ssl=1 1280w\" sizes=\"(max-width: 1000px) 100vw, 1000px\" \/><\/figure><\/li><li class=\"wp-block-jetpack-slideshow_slide swiper-slide\"><figure><img data-recalc-dims=\"1\" loading=\"lazy\" decoding=\"async\" width=\"1024\" height=\"585\" alt=\"\" class=\"wp-block-jetpack-slideshow_image wp-image-91259\" data-id=\"91259\" src=\"https:\/\/i0.wp.com\/elregionalvm.com.ar\/noticias-villa-maria\/wp-content\/uploads\/2024\/03\/Reclamo-familiares-Tribunales-24-5.jpeg?resize=1024%2C585&#038;ssl=1\" srcset=\"https:\/\/i0.wp.com\/elregionalvm.com.ar\/noticias-villa-maria\/wp-content\/uploads\/2024\/03\/Reclamo-familiares-Tribunales-24-5.jpeg?resize=1024%2C585&amp;ssl=1 1024w, https:\/\/i0.wp.com\/elregionalvm.com.ar\/noticias-villa-maria\/wp-content\/uploads\/2024\/03\/Reclamo-familiares-Tribunales-24-5.jpeg?resize=300%2C171&amp;ssl=1 300w, https:\/\/i0.wp.com\/elregionalvm.com.ar\/noticias-villa-maria\/wp-content\/uploads\/2024\/03\/Reclamo-familiares-Tribunales-24-5.jpeg?resize=768%2C439&amp;ssl=1 768w, https:\/\/i0.wp.com\/elregionalvm.com.ar\/noticias-villa-maria\/wp-content\/uploads\/2024\/03\/Reclamo-familiares-Tribunales-24-5.jpeg?w=1280&amp;ssl=1 1280w\" sizes=\"(max-width: 1000px) 100vw, 1000px\" \/><\/figure><\/li><li class=\"wp-block-jetpack-slideshow_slide swiper-slide\"><figure><img data-recalc-dims=\"1\" loading=\"lazy\" decoding=\"async\" width=\"1024\" height=\"584\" alt=\"\" class=\"wp-block-jetpack-slideshow_image wp-image-91265\" data-id=\"91265\" src=\"https:\/\/i0.wp.com\/elregionalvm.com.ar\/noticias-villa-maria\/wp-content\/uploads\/2024\/03\/Reclamo-familiares-Tribunales-24-4.jpeg?resize=1024%2C584&#038;ssl=1\" srcset=\"https:\/\/i0.wp.com\/elregionalvm.com.ar\/noticias-villa-maria\/wp-content\/uploads\/2024\/03\/Reclamo-familiares-Tribunales-24-4.jpeg?resize=1024%2C584&amp;ssl=1 1024w, https:\/\/i0.wp.com\/elregionalvm.com.ar\/noticias-villa-maria\/wp-content\/uploads\/2024\/03\/Reclamo-familiares-Tribunales-24-4.jpeg?resize=300%2C171&amp;ssl=1 300w, https:\/\/i0.wp.com\/elregionalvm.com.ar\/noticias-villa-maria\/wp-content\/uploads\/2024\/03\/Reclamo-familiares-Tribunales-24-4.jpeg?resize=768%2C438&amp;ssl=1 768w, https:\/\/i0.wp.com\/elregionalvm.com.ar\/noticias-villa-maria\/wp-content\/uploads\/2024\/03\/Reclamo-familiares-Tribunales-24-4.jpeg?w=1280&amp;ssl=1 1280w\" sizes=\"(max-width: 1000px) 100vw, 1000px\" \/><\/figure><\/li><li class=\"wp-block-jetpack-slideshow_slide swiper-slide\"><figure><img data-recalc-dims=\"1\" loading=\"lazy\" decoding=\"async\" width=\"1024\" height=\"695\" alt=\"\" class=\"wp-block-jetpack-slideshow_image wp-image-91261\" data-id=\"91261\" src=\"https:\/\/i0.wp.com\/elregionalvm.com.ar\/noticias-villa-maria\/wp-content\/uploads\/2024\/03\/Reclamo-familiares-Tribunales-24-7.jpeg?resize=1024%2C695&#038;ssl=1\" srcset=\"https:\/\/i0.wp.com\/elregionalvm.com.ar\/noticias-villa-maria\/wp-content\/uploads\/2024\/03\/Reclamo-familiares-Tribunales-24-7.jpeg?resize=1024%2C695&amp;ssl=1 1024w, https:\/\/i0.wp.com\/elregionalvm.com.ar\/noticias-villa-maria\/wp-content\/uploads\/2024\/03\/Reclamo-familiares-Tribunales-24-7.jpeg?resize=300%2C204&amp;ssl=1 300w, https:\/\/i0.wp.com\/elregionalvm.com.ar\/noticias-villa-maria\/wp-content\/uploads\/2024\/03\/Reclamo-familiares-Tribunales-24-7.jpeg?resize=768%2C521&amp;ssl=1 768w, https:\/\/i0.wp.com\/elregionalvm.com.ar\/noticias-villa-maria\/wp-content\/uploads\/2024\/03\/Reclamo-familiares-Tribunales-24-7.jpeg?w=1067&amp;ssl=1 1067w\" sizes=\"(max-width: 1000px) 100vw, 1000px\" \/><\/figure><\/li><\/ul><a class=\"wp-block-jetpack-slideshow_button-prev swiper-button-prev swiper-button-white\" role=\"button\"><\/a><a class=\"wp-block-jetpack-slideshow_button-next swiper-button-next swiper-button-white\" role=\"button\"><\/a><a aria-label=\"Pause Slideshow\" class=\"wp-block-jetpack-slideshow_button-pause\" role=\"button\"><\/a><div class=\"wp-block-jetpack-slideshow_pagination swiper-pagination swiper-pagination-white\"><\/div><\/div><\/div>\n\n\n\n<p><\/p>\n\n\n\n<p><\/p>\n\n\n\n<ul class=\"wp-block-list\">\n<li>Ramiro D\u00edaz ten\u00eda 18 a\u00f1os cuando muri\u00f3 tras accidentarse en el corral\u00f3n municipal El hecho ocurri\u00f3 en Ausonia el 22 de marzo de 2023. Falleci\u00f3 algunos d\u00edas despu\u00e9s del incidente en el Hospital Pasteur. No hay imputados en la causa.<\/li>\n<\/ul>\n\n\n\n<ul class=\"wp-block-list\">\n<li>Natalia Resser era una joven mam\u00e1 de 30 a\u00f1os, quien falleci\u00f3 junto con su beb\u00e9 a\u00fan sin nacer en el Hospital Pasteur.<\/li>\n<\/ul>\n\n\n\n<ul class=\"wp-block-list\">\n<li>Mayco Pont era un mec\u00e1nico de 29 a\u00f1os cuando en la ruta 158 perdi\u00f3 la vida tras ser arrollado por un cami\u00f3n.<\/li>\n<\/ul>\n","protected":false},"excerpt":{"rendered":"<p>Bajo el lema \u201cLa uni\u00f3n hace la fuerza\u201d, un grupo de familiares y allegados a v\u00edctimas de distintos hechos pidieron avances en las causas judiciales que se tramitan en la ciudad. Con carteles, banderas y tambores, se concentraron frente al edificio de Tribunales para solicitar celeridad en las causas que se desarrollan desde hace un [&hellip;]<\/p>\n","protected":false},"author":4,"featured_media":91260,"comment_status":"open","ping_status":"open","sticky":false,"template":"","format":"standard","meta":{"site-sidebar-layout":"default","site-content-layout":"","ast-site-content-layout":"default","site-content-style":"default","site-sidebar-style":"default","ast-global-header-display":"","ast-banner-title-visibility":"","ast-main-header-display":"","ast-hfb-above-header-display":"","ast-hfb-below-header-display":"","ast-hfb-mobile-header-display":"","site-post-title":"","ast-breadcrumbs-content":"","ast-featured-img":"","footer-sml-layout":"","ast-disable-related-posts":"","theme-transparent-header-meta":"","adv-header-id-meta":"","stick-header-meta":"","header-above-stick-meta":"","header-main-stick-meta":"","header-below-stick-meta":"","astra-migrate-meta-layouts":"set","ast-page-background-enabled":"default","ast-page-background-meta":{"desktop":{"background-color":"","background-image":"","background-repeat":"repeat","background-position":"center center","background-size":"auto","background-attachment":"scroll","background-type":"","background-media":"","overlay-type":"","overlay-color":"","overlay-opacity":"","overlay-gradient":""},"tablet":{"background-color":"","background-image":"","background-repeat":"repeat","background-position":"center center","background-size":"auto","background-attachment":"scroll","background-type":"","background-media":"","overlay-type":"","overlay-color":"","overlay-opacity":"","overlay-gradient":""},"mobile":{"background-color":"","background-image":"","background-repeat":"repeat","background-position":"center center","background-size":"auto","background-attachment":"scroll","background-type":"","background-media":"","overlay-type":"","overlay-color":"","overlay-opacity":"","overlay-gradient":""}},"ast-content-background-meta":{"desktop":{"background-color":"var(--ast-global-color-5)","background-image":"","background-repeat":"repeat","background-position":"center center","background-size":"auto","background-attachment":"scroll","background-type":"","background-media":"","overlay-type":"","overlay-color":"","overlay-opacity":"","overlay-gradient":""},"tablet":{"background-color":"var(--ast-global-color-5)","background-image":"","background-repeat":"repeat","background-position":"center center","background-size":"auto","background-attachment":"scroll","background-type":"","background-media":"","overlay-type":"","overlay-color":"","overlay-opacity":"","overlay-gradient":""},"mobile":{"background-color":"var(--ast-global-color-5)","background-image":"","background-repeat":"repeat","background-position":"center center","background-size":"auto","background-attachment":"scroll","background-type":"","background-media":"","overlay-type":"","overlay-color":"","overlay-opacity":"","overlay-gradient":""}},"_jetpack_memberships_contains_paid_content":false,"_joinchat":[],"footnotes":""},"categories":[3557,2074,2],"tags":[11862,324,99,13338,2788,277,4648],"class_list":["post-91256","post","type-post","status-publish","format-standard","has-post-thumbnail","hentry","category-tercera","category-videos","category-villa-maria","tag-familiares","tag-fiscal","tag-justicia","tag-lentitud","tag-reclamo","tag-tribunales","tag-victimas"],"yoast_head":"<!-- This site is optimized with the Yoast SEO plugin v26.8 - https:\/\/yoast.com\/product\/yoast-seo-wordpress\/ -->\n<title>Grito contra la lentitud y la impunidad: Familiares de v\u00edctimas reclamaron en Tribunales de Villa Mar\u00eda (VIDEO) - El Regional<\/title>\n<meta name=\"robots\" content=\"index, follow, max-snippet:-1, max-image-preview:large, max-video-preview:-1\" \/>\n<link rel=\"canonical\" href=\"https:\/\/elregionalvm.com.ar\/noticias-villa-maria\/grito-contra-la-lentitud-y-la-impunidad-familiares-de-victimas-reclamaron-en-tribunales-de-villa-maria-video\/\" \/>\n<meta property=\"og:locale\" content=\"es_ES\" \/>\n<meta property=\"og:type\" content=\"article\" \/>\n<meta property=\"og:title\" content=\"Grito contra la lentitud y la impunidad: Familiares de v\u00edctimas reclamaron en Tribunales de Villa Mar\u00eda (VIDEO) - El Regional\" \/>\n<meta property=\"og:description\" content=\"Bajo el lema \u201cLa uni\u00f3n hace la fuerza\u201d, un grupo de familiares y allegados a v\u00edctimas de distintos hechos pidieron avances en las causas judiciales que se tramitan en la ciudad. Con carteles, banderas y tambores, se concentraron frente al edificio de Tribunales para solicitar celeridad en las causas que se desarrollan desde hace un [&hellip;]\" \/>\n<meta property=\"og:url\" content=\"https:\/\/elregionalvm.com.ar\/noticias-villa-maria\/grito-contra-la-lentitud-y-la-impunidad-familiares-de-victimas-reclamaron-en-tribunales-de-villa-maria-video\/\" \/>\n<meta property=\"og:site_name\" content=\"El Regional\" \/>\n<meta property=\"article:publisher\" content=\"https:\/\/www.facebook.com\/elregionalvm\" \/>\n<meta property=\"article:published_time\" content=\"2024-03-14T03:11:54+00:00\" \/>\n<meta property=\"article:modified_time\" content=\"2024-03-14T21:11:56+00:00\" \/>\n<meta property=\"og:image\" content=\"https:\/\/elregionalvm.com.ar\/noticias-villa-maria\/wp-content\/uploads\/2024\/03\/Reclamo-familiares-Tribunales-24-6.jpeg\" \/>\n\t<meta property=\"og:image:width\" content=\"1176\" \/>\n\t<meta property=\"og:image:height\" content=\"787\" \/>\n\t<meta property=\"og:image:type\" content=\"image\/jpeg\" \/>\n<meta name=\"author\" content=\"Contenidos El Regional\" \/>\n<meta name=\"twitter:card\" content=\"summary_large_image\" \/>\n<meta name=\"twitter:creator\" content=\"@elregionalvm1\" \/>\n<meta name=\"twitter:site\" content=\"@elregionalvm1\" \/>\n<meta name=\"twitter:label1\" content=\"Escrito por\" \/>\n\t<meta name=\"twitter:data1\" content=\"Contenidos El Regional\" \/>\n\t<meta name=\"twitter:label2\" content=\"Tiempo de lectura\" \/>\n\t<meta name=\"twitter:data2\" content=\"3 minutos\" \/>\n<script type=\"application\/ld+json\" class=\"yoast-schema-graph\">{\"@context\":\"https:\/\/schema.org\",\"@graph\":[{\"@type\":\"Article\",\"@id\":\"https:\/\/elregionalvm.com.ar\/noticias-villa-maria\/grito-contra-la-lentitud-y-la-impunidad-familiares-de-victimas-reclamaron-en-tribunales-de-villa-maria-video\/#article\",\"isPartOf\":{\"@id\":\"https:\/\/elregionalvm.com.ar\/noticias-villa-maria\/grito-contra-la-lentitud-y-la-impunidad-familiares-de-victimas-reclamaron-en-tribunales-de-villa-maria-video\/\"},\"author\":{\"name\":\"Contenidos El Regional\",\"@id\":\"http:\/\/elregionalvm.com.ar\/noticias-villa-maria\/#\/schema\/person\/a0fb9c422317faca23d50163151bc354\"},\"headline\":\"Grito contra la lentitud y la impunidad: Familiares de v\u00edctimas reclamaron en Tribunales de Villa Mar\u00eda (VIDEO)\",\"datePublished\":\"2024-03-14T03:11:54+00:00\",\"dateModified\":\"2024-03-14T21:11:56+00:00\",\"mainEntityOfPage\":{\"@id\":\"https:\/\/elregionalvm.com.ar\/noticias-villa-maria\/grito-contra-la-lentitud-y-la-impunidad-familiares-de-victimas-reclamaron-en-tribunales-de-villa-maria-video\/\"},\"wordCount\":350,\"commentCount\":0,\"image\":{\"@id\":\"https:\/\/elregionalvm.com.ar\/noticias-villa-maria\/grito-contra-la-lentitud-y-la-impunidad-familiares-de-victimas-reclamaron-en-tribunales-de-villa-maria-video\/#primaryimage\"},\"thumbnailUrl\":\"https:\/\/i0.wp.com\/elregionalvm.com.ar\/noticias-villa-maria\/wp-content\/uploads\/2024\/03\/Reclamo-familiares-Tribunales-24-6.jpeg?fit=1176%2C787&ssl=1\",\"keywords\":[\"familiares\",\"fiscal\",\"Justicia\",\"lentitud\",\"Reclamo\",\"tribunales\",\"v\u00edctimas\"],\"articleSection\":[\"tercera\",\"Videos\",\"Villa Mar\u00eda\"],\"inLanguage\":\"es\",\"potentialAction\":[{\"@type\":\"CommentAction\",\"name\":\"Comment\",\"target\":[\"https:\/\/elregionalvm.com.ar\/noticias-villa-maria\/grito-contra-la-lentitud-y-la-impunidad-familiares-de-victimas-reclamaron-en-tribunales-de-villa-maria-video\/#respond\"]}]},{\"@type\":\"WebPage\",\"@id\":\"https:\/\/elregionalvm.com.ar\/noticias-villa-maria\/grito-contra-la-lentitud-y-la-impunidad-familiares-de-victimas-reclamaron-en-tribunales-de-villa-maria-video\/\",\"url\":\"https:\/\/elregionalvm.com.ar\/noticias-villa-maria\/grito-contra-la-lentitud-y-la-impunidad-familiares-de-victimas-reclamaron-en-tribunales-de-villa-maria-video\/\",\"name\":\"Grito contra la lentitud y la impunidad: Familiares de v\u00edctimas reclamaron en Tribunales de Villa Mar\u00eda (VIDEO) - El Regional\",\"isPartOf\":{\"@id\":\"http:\/\/elregionalvm.com.ar\/noticias-villa-maria\/#website\"},\"primaryImageOfPage\":{\"@id\":\"https:\/\/elregionalvm.com.ar\/noticias-villa-maria\/grito-contra-la-lentitud-y-la-impunidad-familiares-de-victimas-reclamaron-en-tribunales-de-villa-maria-video\/#primaryimage\"},\"image\":{\"@id\":\"https:\/\/elregionalvm.com.ar\/noticias-villa-maria\/grito-contra-la-lentitud-y-la-impunidad-familiares-de-victimas-reclamaron-en-tribunales-de-villa-maria-video\/#primaryimage\"},\"thumbnailUrl\":\"https:\/\/i0.wp.com\/elregionalvm.com.ar\/noticias-villa-maria\/wp-content\/uploads\/2024\/03\/Reclamo-familiares-Tribunales-24-6.jpeg?fit=1176%2C787&ssl=1\",\"datePublished\":\"2024-03-14T03:11:54+00:00\",\"dateModified\":\"2024-03-14T21:11:56+00:00\",\"author\":{\"@id\":\"http:\/\/elregionalvm.com.ar\/noticias-villa-maria\/#\/schema\/person\/a0fb9c422317faca23d50163151bc354\"},\"breadcrumb\":{\"@id\":\"https:\/\/elregionalvm.com.ar\/noticias-villa-maria\/grito-contra-la-lentitud-y-la-impunidad-familiares-de-victimas-reclamaron-en-tribunales-de-villa-maria-video\/#breadcrumb\"},\"inLanguage\":\"es\",\"potentialAction\":[{\"@type\":\"ReadAction\",\"target\":[\"https:\/\/elregionalvm.com.ar\/noticias-villa-maria\/grito-contra-la-lentitud-y-la-impunidad-familiares-de-victimas-reclamaron-en-tribunales-de-villa-maria-video\/\"]}]},{\"@type\":\"ImageObject\",\"inLanguage\":\"es\",\"@id\":\"https:\/\/elregionalvm.com.ar\/noticias-villa-maria\/grito-contra-la-lentitud-y-la-impunidad-familiares-de-victimas-reclamaron-en-tribunales-de-villa-maria-video\/#primaryimage\",\"url\":\"https:\/\/i0.wp.com\/elregionalvm.com.ar\/noticias-villa-maria\/wp-content\/uploads\/2024\/03\/Reclamo-familiares-Tribunales-24-6.jpeg?fit=1176%2C787&ssl=1\",\"contentUrl\":\"https:\/\/i0.wp.com\/elregionalvm.com.ar\/noticias-villa-maria\/wp-content\/uploads\/2024\/03\/Reclamo-familiares-Tribunales-24-6.jpeg?fit=1176%2C787&ssl=1\",\"width\":1176,\"height\":787},{\"@type\":\"BreadcrumbList\",\"@id\":\"https:\/\/elregionalvm.com.ar\/noticias-villa-maria\/grito-contra-la-lentitud-y-la-impunidad-familiares-de-victimas-reclamaron-en-tribunales-de-villa-maria-video\/#breadcrumb\",\"itemListElement\":[{\"@type\":\"ListItem\",\"position\":1,\"name\":\"Portada\",\"item\":\"https:\/\/elregionalvm.com.ar\/noticias-villa-maria\/\"},{\"@type\":\"ListItem\",\"position\":2,\"name\":\"Grito contra la lentitud y la impunidad: Familiares de v\u00edctimas reclamaron en Tribunales de Villa Mar\u00eda (VIDEO)\"}]},{\"@type\":\"WebSite\",\"@id\":\"http:\/\/elregionalvm.com.ar\/noticias-villa-maria\/#website\",\"url\":\"http:\/\/elregionalvm.com.ar\/noticias-villa-maria\/\",\"name\":\"El Regional\",\"description\":\"Mucho m\u00e1s que informaci\u00f3n\",\"potentialAction\":[{\"@type\":\"SearchAction\",\"target\":{\"@type\":\"EntryPoint\",\"urlTemplate\":\"http:\/\/elregionalvm.com.ar\/noticias-villa-maria\/?s={search_term_string}\"},\"query-input\":{\"@type\":\"PropertyValueSpecification\",\"valueRequired\":true,\"valueName\":\"search_term_string\"}}],\"inLanguage\":\"es\"},{\"@type\":\"Person\",\"@id\":\"http:\/\/elregionalvm.com.ar\/noticias-villa-maria\/#\/schema\/person\/a0fb9c422317faca23d50163151bc354\",\"name\":\"Contenidos El Regional\",\"image\":{\"@type\":\"ImageObject\",\"inLanguage\":\"es\",\"@id\":\"http:\/\/elregionalvm.com.ar\/noticias-villa-maria\/#\/schema\/person\/image\/\",\"url\":\"https:\/\/secure.gravatar.com\/avatar\/265b27cb2209af7bb3a1318f03305787d7981a5cc6e6cd08fe5a4ecdf99d4b48?s=96&d=mm&r=g\",\"contentUrl\":\"https:\/\/secure.gravatar.com\/avatar\/265b27cb2209af7bb3a1318f03305787d7981a5cc6e6cd08fe5a4ecdf99d4b48?s=96&d=mm&r=g\",\"caption\":\"Contenidos El Regional\"},\"url\":\"https:\/\/elregionalvm.com.ar\/noticias-villa-maria\/author\/contenido\/\"}]}<\/script>\n<!-- \/ Yoast SEO plugin. -->","yoast_head_json":{"title":"Grito contra la lentitud y la impunidad: Familiares de v\u00edctimas reclamaron en Tribunales de Villa Mar\u00eda (VIDEO) - El Regional","robots":{"index":"index","follow":"follow","max-snippet":"max-snippet:-1","max-image-preview":"max-image-preview:large","max-video-preview":"max-video-preview:-1"},"canonical":"https:\/\/elregionalvm.com.ar\/noticias-villa-maria\/grito-contra-la-lentitud-y-la-impunidad-familiares-de-victimas-reclamaron-en-tribunales-de-villa-maria-video\/","og_locale":"es_ES","og_type":"article","og_title":"Grito contra la lentitud y la impunidad: Familiares de v\u00edctimas reclamaron en Tribunales de Villa Mar\u00eda (VIDEO) - El Regional","og_description":"Bajo el lema \u201cLa uni\u00f3n hace la fuerza\u201d, un grupo de familiares y allegados a v\u00edctimas de distintos hechos pidieron avances en las causas judiciales que se tramitan en la ciudad. Con carteles, banderas y tambores, se concentraron frente al edificio de Tribunales para solicitar celeridad en las causas que se desarrollan desde hace un [&hellip;]","og_url":"https:\/\/elregionalvm.com.ar\/noticias-villa-maria\/grito-contra-la-lentitud-y-la-impunidad-familiares-de-victimas-reclamaron-en-tribunales-de-villa-maria-video\/","og_site_name":"El Regional","article_publisher":"https:\/\/www.facebook.com\/elregionalvm","article_published_time":"2024-03-14T03:11:54+00:00","article_modified_time":"2024-03-14T21:11:56+00:00","og_image":[{"width":1176,"height":787,"url":"https:\/\/elregionalvm.com.ar\/noticias-villa-maria\/wp-content\/uploads\/2024\/03\/Reclamo-familiares-Tribunales-24-6.jpeg","type":"image\/jpeg"}],"author":"Contenidos El Regional","twitter_card":"summary_large_image","twitter_creator":"@elregionalvm1","twitter_site":"@elregionalvm1","twitter_misc":{"Escrito por":"Contenidos El Regional","Tiempo de lectura":"3 minutos"},"schema":{"@context":"https:\/\/schema.org","@graph":[{"@type":"Article","@id":"https:\/\/elregionalvm.com.ar\/noticias-villa-maria\/grito-contra-la-lentitud-y-la-impunidad-familiares-de-victimas-reclamaron-en-tribunales-de-villa-maria-video\/#article","isPartOf":{"@id":"https:\/\/elregionalvm.com.ar\/noticias-villa-maria\/grito-contra-la-lentitud-y-la-impunidad-familiares-de-victimas-reclamaron-en-tribunales-de-villa-maria-video\/"},"author":{"name":"Contenidos El Regional","@id":"http:\/\/elregionalvm.com.ar\/noticias-villa-maria\/#\/schema\/person\/a0fb9c422317faca23d50163151bc354"},"headline":"Grito contra la lentitud y la impunidad: Familiares de v\u00edctimas reclamaron en Tribunales de Villa Mar\u00eda (VIDEO)","datePublished":"2024-03-14T03:11:54+00:00","dateModified":"2024-03-14T21:11:56+00:00","mainEntityOfPage":{"@id":"https:\/\/elregionalvm.com.ar\/noticias-villa-maria\/grito-contra-la-lentitud-y-la-impunidad-familiares-de-victimas-reclamaron-en-tribunales-de-villa-maria-video\/"},"wordCount":350,"commentCount":0,"image":{"@id":"https:\/\/elregionalvm.com.ar\/noticias-villa-maria\/grito-contra-la-lentitud-y-la-impunidad-familiares-de-victimas-reclamaron-en-tribunales-de-villa-maria-video\/#primaryimage"},"thumbnailUrl":"https:\/\/i0.wp.com\/elregionalvm.com.ar\/noticias-villa-maria\/wp-content\/uploads\/2024\/03\/Reclamo-familiares-Tribunales-24-6.jpeg?fit=1176%2C787&ssl=1","keywords":["familiares","fiscal","Justicia","lentitud","Reclamo","tribunales","v\u00edctimas"],"articleSection":["tercera","Videos","Villa Mar\u00eda"],"inLanguage":"es","potentialAction":[{"@type":"CommentAction","name":"Comment","target":["https:\/\/elregionalvm.com.ar\/noticias-villa-maria\/grito-contra-la-lentitud-y-la-impunidad-familiares-de-victimas-reclamaron-en-tribunales-de-villa-maria-video\/#respond"]}]},{"@type":"WebPage","@id":"https:\/\/elregionalvm.com.ar\/noticias-villa-maria\/grito-contra-la-lentitud-y-la-impunidad-familiares-de-victimas-reclamaron-en-tribunales-de-villa-maria-video\/","url":"https:\/\/elregionalvm.com.ar\/noticias-villa-maria\/grito-contra-la-lentitud-y-la-impunidad-familiares-de-victimas-reclamaron-en-tribunales-de-villa-maria-video\/","name":"Grito contra la lentitud y la impunidad: Familiares de v\u00edctimas reclamaron en Tribunales de Villa Mar\u00eda (VIDEO) - El Regional","isPartOf":{"@id":"http:\/\/elregionalvm.com.ar\/noticias-villa-maria\/#website"},"primaryImageOfPage":{"@id":"https:\/\/elregionalvm.com.ar\/noticias-villa-maria\/grito-contra-la-lentitud-y-la-impunidad-familiares-de-victimas-reclamaron-en-tribunales-de-villa-maria-video\/#primaryimage"},"image":{"@id":"https:\/\/elregionalvm.com.ar\/noticias-villa-maria\/grito-contra-la-lentitud-y-la-impunidad-familiares-de-victimas-reclamaron-en-tribunales-de-villa-maria-video\/#primaryimage"},"thumbnailUrl":"https:\/\/i0.wp.com\/elregionalvm.com.ar\/noticias-villa-maria\/wp-content\/uploads\/2024\/03\/Reclamo-familiares-Tribunales-24-6.jpeg?fit=1176%2C787&ssl=1","datePublished":"2024-03-14T03:11:54+00:00","dateModified":"2024-03-14T21:11:56+00:00","author":{"@id":"http:\/\/elregionalvm.com.ar\/noticias-villa-maria\/#\/schema\/person\/a0fb9c422317faca23d50163151bc354"},"breadcrumb":{"@id":"https:\/\/elregionalvm.com.ar\/noticias-villa-maria\/grito-contra-la-lentitud-y-la-impunidad-familiares-de-victimas-reclamaron-en-tribunales-de-villa-maria-video\/#breadcrumb"},"inLanguage":"es","potentialAction":[{"@type":"ReadAction","target":["https:\/\/elregionalvm.com.ar\/noticias-villa-maria\/grito-contra-la-lentitud-y-la-impunidad-familiares-de-victimas-reclamaron-en-tribunales-de-villa-maria-video\/"]}]},{"@type":"ImageObject","inLanguage":"es","@id":"https:\/\/elregionalvm.com.ar\/noticias-villa-maria\/grito-contra-la-lentitud-y-la-impunidad-familiares-de-victimas-reclamaron-en-tribunales-de-villa-maria-video\/#primaryimage","url":"https:\/\/i0.wp.com\/elregionalvm.com.ar\/noticias-villa-maria\/wp-content\/uploads\/2024\/03\/Reclamo-familiares-Tribunales-24-6.jpeg?fit=1176%2C787&ssl=1","contentUrl":"https:\/\/i0.wp.com\/elregionalvm.com.ar\/noticias-villa-maria\/wp-content\/uploads\/2024\/03\/Reclamo-familiares-Tribunales-24-6.jpeg?fit=1176%2C787&ssl=1","width":1176,"height":787},{"@type":"BreadcrumbList","@id":"https:\/\/elregionalvm.com.ar\/noticias-villa-maria\/grito-contra-la-lentitud-y-la-impunidad-familiares-de-victimas-reclamaron-en-tribunales-de-villa-maria-video\/#breadcrumb","itemListElement":[{"@type":"ListItem","position":1,"name":"Portada","item":"https:\/\/elregionalvm.com.ar\/noticias-villa-maria\/"},{"@type":"ListItem","position":2,"name":"Grito contra la lentitud y la impunidad: Familiares de v\u00edctimas reclamaron en Tribunales de Villa Mar\u00eda (VIDEO)"}]},{"@type":"WebSite","@id":"http:\/\/elregionalvm.com.ar\/noticias-villa-maria\/#website","url":"http:\/\/elregionalvm.com.ar\/noticias-villa-maria\/","name":"El Regional","description":"Mucho m\u00e1s que informaci\u00f3n","potentialAction":[{"@type":"SearchAction","target":{"@type":"EntryPoint","urlTemplate":"http:\/\/elregionalvm.com.ar\/noticias-villa-maria\/?s={search_term_string}"},"query-input":{"@type":"PropertyValueSpecification","valueRequired":true,"valueName":"search_term_string"}}],"inLanguage":"es"},{"@type":"Person","@id":"http:\/\/elregionalvm.com.ar\/noticias-villa-maria\/#\/schema\/person\/a0fb9c422317faca23d50163151bc354","name":"Contenidos El Regional","image":{"@type":"ImageObject","inLanguage":"es","@id":"http:\/\/elregionalvm.com.ar\/noticias-villa-maria\/#\/schema\/person\/image\/","url":"https:\/\/secure.gravatar.com\/avatar\/265b27cb2209af7bb3a1318f03305787d7981a5cc6e6cd08fe5a4ecdf99d4b48?s=96&d=mm&r=g","contentUrl":"https:\/\/secure.gravatar.com\/avatar\/265b27cb2209af7bb3a1318f03305787d7981a5cc6e6cd08fe5a4ecdf99d4b48?s=96&d=mm&r=g","caption":"Contenidos El Regional"},"url":"https:\/\/elregionalvm.com.ar\/noticias-villa-maria\/author\/contenido\/"}]}},"jetpack_featured_media_url":"https:\/\/i0.wp.com\/elregionalvm.com.ar\/noticias-villa-maria\/wp-content\/uploads\/2024\/03\/Reclamo-familiares-Tribunales-24-6.jpeg?fit=1176%2C787&ssl=1","jetpack_sharing_enabled":true,"_links":{"self":[{"href":"https:\/\/elregionalvm.com.ar\/noticias-villa-maria\/wp-json\/wp\/v2\/posts\/91256","targetHints":{"allow":["GET"]}}],"collection":[{"href":"https:\/\/elregionalvm.com.ar\/noticias-villa-maria\/wp-json\/wp\/v2\/posts"}],"about":[{"href":"https:\/\/elregionalvm.com.ar\/noticias-villa-maria\/wp-json\/wp\/v2\/types\/post"}],"author":[{"embeddable":true,"href":"https:\/\/elregionalvm.com.ar\/noticias-villa-maria\/wp-json\/wp\/v2\/users\/4"}],"replies":[{"embeddable":true,"href":"https:\/\/elregionalvm.com.ar\/noticias-villa-maria\/wp-json\/wp\/v2\/comments?post=91256"}],"version-history":[{"count":3,"href":"https:\/\/elregionalvm.com.ar\/noticias-villa-maria\/wp-json\/wp\/v2\/posts\/91256\/revisions"}],"predecessor-version":[{"id":91267,"href":"https:\/\/elregionalvm.com.ar\/noticias-villa-maria\/wp-json\/wp\/v2\/posts\/91256\/revisions\/91267"}],"wp:featuredmedia":[{"embeddable":true,"href":"https:\/\/elregionalvm.com.ar\/noticias-villa-maria\/wp-json\/wp\/v2\/media\/91260"}],"wp:attachment":[{"href":"https:\/\/elregionalvm.com.ar\/noticias-villa-maria\/wp-json\/wp\/v2\/media?parent=91256"}],"wp:term":[{"taxonomy":"category","embeddable":true,"href":"https:\/\/elregionalvm.com.ar\/noticias-villa-maria\/wp-json\/wp\/v2\/categories?post=91256"},{"taxonomy":"post_tag","embeddable":true,"href":"https:\/\/elregionalvm.com.ar\/noticias-villa-maria\/wp-json\/wp\/v2\/tags?post=91256"}],"curies":[{"name":"wp","href":"https:\/\/api.w.org\/{rel}","templated":true}]}}