{"id":91279,"date":"2024-03-14T15:49:29","date_gmt":"2024-03-14T15:49:29","guid":{"rendered":"https:\/\/elregionalvm.com.ar\/noticias-villa-maria\/?p=91279"},"modified":"2024-03-14T15:49:30","modified_gmt":"2024-03-14T15:49:30","slug":"movilizacion-al-frente-del-rectorado-de-la-unvm","status":"publish","type":"post","link":"https:\/\/elregionalvm.com.ar\/noticias-villa-maria\/movilizacion-al-frente-del-rectorado-de-la-unvm\/","title":{"rendered":"Movilizaci\u00f3n al frente del Rectorado de la UNVM"},"content":{"rendered":"\n<p>Integrantes de la comunidad universitaria, gremialistas, pol\u00edticos, vecinos y vecinas de la ciudad, se movilizaron frente al Rectorado de la Universidad Nacional Villa Mar\u00eda, en una jornada de paro contra el ajuste que lleva adelante el gobierno de Javier Milei.<\/p>\n\n\n\n<p>En el acto, que se realiz\u00f3 sobre la vereda y parte de la calle Entre R\u00edos (la gente se dividi\u00f3 para no cortar el paso del tr\u00e1nsito), hubo manifestaciones sobre la realidad de la instituci\u00f3n y fuertes cr\u00edticas a quienes \u201cquieren destruir la educaci\u00f3n p\u00fablica\u201d.<\/p>\n\n\n\n<p>El secretario general de la CGT local, Edgardo Garmendia, se hizo presente y fue el primero en hablar. Tambi\u00e9n dijeron lo suyo representantes de Centros de Estudiantes, la dirigente del gremio docente (Adiuvim), Gimena Loza, y el secretario general del gremio nodocente (Apuvim), Diego Vilches.&nbsp;<\/p>\n\n\n\n<p>Finalmente, el rector Luis Negretti cerr\u00f3 con las alocuciones, reflejando el dif\u00edcil momento que atraviesa la universidad con un n\u00famero lapidario: la instituci\u00f3n recibe $32 millones, de los cuales $20 millones se van con la \u00faltima factura de la luz.<\/p>\n\n\n\n<p>Negretti remarc\u00f3 tambi\u00e9n que la realidad es peor que en 2001, cuando el pueblo sali\u00f3 a tomar las calles.<\/p>\n\n\n\n<p>\u00abLa situaci\u00f3n es desesperante\u201d, afirm\u00f3.<\/p>\n\n\n\n<p>El paro universitario se lleva adelante en estos momentos en todo el pa\u00eds.<\/p>\n\n\n\n<p>Gentileza: El Diario <\/p>\n","protected":false},"excerpt":{"rendered":"<p>Integrantes de la comunidad universitaria, gremialistas, pol\u00edticos, vecinos y vecinas de la ciudad, se movilizaron frente al Rectorado de la Universidad Nacional Villa Mar\u00eda, en una jornada de paro contra el ajuste que lleva adelante el gobierno de Javier Milei. En el acto, que se realiz\u00f3 sobre la vereda y parte de la calle Entre [&hellip;]<\/p>\n","protected":false},"author":4,"featured_media":91280,"comment_status":"open","ping_status":"open","sticky":false,"template":"","format":"standard","meta":{"site-sidebar-layout":"default","site-content-layout":"","ast-site-content-layout":"default","site-content-style":"default","site-sidebar-style":"default","ast-global-header-display":"","ast-banner-title-visibility":"","ast-main-header-display":"","ast-hfb-above-header-display":"","ast-hfb-below-header-display":"","ast-hfb-mobile-header-display":"","site-post-title":"","ast-breadcrumbs-content":"","ast-featured-img":"","footer-sml-layout":"","ast-disable-related-posts":"","theme-transparent-header-meta":"","adv-header-id-meta":"","stick-header-meta":"","header-above-stick-meta":"","header-main-stick-meta":"","header-below-stick-meta":"","astra-migrate-meta-layouts":"set","ast-page-background-enabled":"default","ast-page-background-meta":{"desktop":{"background-color":"","background-image":"","background-repeat":"repeat","background-position":"center center","background-size":"auto","background-attachment":"scroll","background-type":"","background-media":"","overlay-type":"","overlay-color":"","overlay-opacity":"","overlay-gradient":""},"tablet":{"background-color":"","background-image":"","background-repeat":"repeat","background-position":"center center","background-size":"auto","background-attachment":"scroll","background-type":"","background-media":"","overlay-type":"","overlay-color":"","overlay-opacity":"","overlay-gradient":""},"mobile":{"background-color":"","background-image":"","background-repeat":"repeat","background-position":"center center","background-size":"auto","background-attachment":"scroll","background-type":"","background-media":"","overlay-type":"","overlay-color":"","overlay-opacity":"","overlay-gradient":""}},"ast-content-background-meta":{"desktop":{"background-color":"var(--ast-global-color-5)","background-image":"","background-repeat":"repeat","background-position":"center center","background-size":"auto","background-attachment":"scroll","background-type":"","background-media":"","overlay-type":"","overlay-color":"","overlay-opacity":"","overlay-gradient":""},"tablet":{"background-color":"var(--ast-global-color-5)","background-image":"","background-repeat":"repeat","background-position":"center center","background-size":"auto","background-attachment":"scroll","background-type":"","background-media":"","overlay-type":"","overlay-color":"","overlay-opacity":"","overlay-gradient":""},"mobile":{"background-color":"var(--ast-global-color-5)","background-image":"","background-repeat":"repeat","background-position":"center center","background-size":"auto","background-attachment":"scroll","background-type":"","background-media":"","overlay-type":"","overlay-color":"","overlay-opacity":"","overlay-gradient":""}},"_jetpack_memberships_contains_paid_content":false,"_joinchat":[],"footnotes":""},"categories":[15302,5,2],"tags":[],"class_list":["post-91279","post","type-post","status-publish","format-standard","has-post-thumbnail","hentry","category-destacado","category-sociedad","category-villa-maria"],"yoast_head":"<!-- This site is optimized with the Yoast SEO plugin v26.8 - https:\/\/yoast.com\/product\/yoast-seo-wordpress\/ -->\n<title>Movilizaci\u00f3n al frente del Rectorado de la UNVM - El Regional<\/title>\n<meta name=\"robots\" content=\"index, follow, max-snippet:-1, max-image-preview:large, max-video-preview:-1\" \/>\n<link rel=\"canonical\" href=\"https:\/\/elregionalvm.com.ar\/noticias-villa-maria\/movilizacion-al-frente-del-rectorado-de-la-unvm\/\" \/>\n<meta property=\"og:locale\" content=\"es_ES\" \/>\n<meta property=\"og:type\" content=\"article\" \/>\n<meta property=\"og:title\" content=\"Movilizaci\u00f3n al frente del Rectorado de la UNVM - El Regional\" \/>\n<meta property=\"og:description\" content=\"Integrantes de la comunidad universitaria, gremialistas, pol\u00edticos, vecinos y vecinas de la ciudad, se movilizaron frente al Rectorado de la Universidad Nacional Villa Mar\u00eda, en una jornada de paro contra el ajuste que lleva adelante el gobierno de Javier Milei. En el acto, que se realiz\u00f3 sobre la vereda y parte de la calle Entre [&hellip;]\" \/>\n<meta property=\"og:url\" content=\"https:\/\/elregionalvm.com.ar\/noticias-villa-maria\/movilizacion-al-frente-del-rectorado-de-la-unvm\/\" \/>\n<meta property=\"og:site_name\" content=\"El Regional\" \/>\n<meta property=\"article:publisher\" content=\"https:\/\/www.facebook.com\/elregionalvm\" \/>\n<meta property=\"article:published_time\" content=\"2024-03-14T15:49:29+00:00\" \/>\n<meta property=\"article:modified_time\" content=\"2024-03-14T15:49:30+00:00\" \/>\n<meta property=\"og:image\" content=\"https:\/\/elregionalvm.com.ar\/noticias-villa-maria\/wp-content\/uploads\/2024\/03\/f685x385-122500_160193_5050.jpg\" \/>\n\t<meta property=\"og:image:width\" content=\"685\" \/>\n\t<meta property=\"og:image:height\" content=\"385\" \/>\n\t<meta property=\"og:image:type\" content=\"image\/jpeg\" \/>\n<meta name=\"author\" content=\"Contenidos El Regional\" \/>\n<meta name=\"twitter:card\" content=\"summary_large_image\" \/>\n<meta name=\"twitter:creator\" content=\"@elregionalvm1\" \/>\n<meta name=\"twitter:site\" content=\"@elregionalvm1\" \/>\n<meta name=\"twitter:label1\" content=\"Escrito por\" \/>\n\t<meta name=\"twitter:data1\" content=\"Contenidos El Regional\" \/>\n\t<meta name=\"twitter:label2\" content=\"Tiempo de lectura\" \/>\n\t<meta name=\"twitter:data2\" content=\"2 minutos\" \/>\n<script type=\"application\/ld+json\" class=\"yoast-schema-graph\">{\"@context\":\"https:\/\/schema.org\",\"@graph\":[{\"@type\":\"Article\",\"@id\":\"https:\/\/elregionalvm.com.ar\/noticias-villa-maria\/movilizacion-al-frente-del-rectorado-de-la-unvm\/#article\",\"isPartOf\":{\"@id\":\"https:\/\/elregionalvm.com.ar\/noticias-villa-maria\/movilizacion-al-frente-del-rectorado-de-la-unvm\/\"},\"author\":{\"name\":\"Contenidos El Regional\",\"@id\":\"http:\/\/elregionalvm.com.ar\/noticias-villa-maria\/#\/schema\/person\/a0fb9c422317faca23d50163151bc354\"},\"headline\":\"Movilizaci\u00f3n al frente del Rectorado de la UNVM\",\"datePublished\":\"2024-03-14T15:49:29+00:00\",\"dateModified\":\"2024-03-14T15:49:30+00:00\",\"mainEntityOfPage\":{\"@id\":\"https:\/\/elregionalvm.com.ar\/noticias-villa-maria\/movilizacion-al-frente-del-rectorado-de-la-unvm\/\"},\"wordCount\":232,\"commentCount\":0,\"image\":{\"@id\":\"https:\/\/elregionalvm.com.ar\/noticias-villa-maria\/movilizacion-al-frente-del-rectorado-de-la-unvm\/#primaryimage\"},\"thumbnailUrl\":\"https:\/\/i0.wp.com\/elregionalvm.com.ar\/noticias-villa-maria\/wp-content\/uploads\/2024\/03\/f685x385-122500_160193_5050.jpg?fit=685%2C385&ssl=1\",\"articleSection\":[\"destacado\",\"Sociedad\",\"Villa Mar\u00eda\"],\"inLanguage\":\"es\",\"potentialAction\":[{\"@type\":\"CommentAction\",\"name\":\"Comment\",\"target\":[\"https:\/\/elregionalvm.com.ar\/noticias-villa-maria\/movilizacion-al-frente-del-rectorado-de-la-unvm\/#respond\"]}]},{\"@type\":\"WebPage\",\"@id\":\"https:\/\/elregionalvm.com.ar\/noticias-villa-maria\/movilizacion-al-frente-del-rectorado-de-la-unvm\/\",\"url\":\"https:\/\/elregionalvm.com.ar\/noticias-villa-maria\/movilizacion-al-frente-del-rectorado-de-la-unvm\/\",\"name\":\"Movilizaci\u00f3n al frente del Rectorado de la UNVM - El Regional\",\"isPartOf\":{\"@id\":\"http:\/\/elregionalvm.com.ar\/noticias-villa-maria\/#website\"},\"primaryImageOfPage\":{\"@id\":\"https:\/\/elregionalvm.com.ar\/noticias-villa-maria\/movilizacion-al-frente-del-rectorado-de-la-unvm\/#primaryimage\"},\"image\":{\"@id\":\"https:\/\/elregionalvm.com.ar\/noticias-villa-maria\/movilizacion-al-frente-del-rectorado-de-la-unvm\/#primaryimage\"},\"thumbnailUrl\":\"https:\/\/i0.wp.com\/elregionalvm.com.ar\/noticias-villa-maria\/wp-content\/uploads\/2024\/03\/f685x385-122500_160193_5050.jpg?fit=685%2C385&ssl=1\",\"datePublished\":\"2024-03-14T15:49:29+00:00\",\"dateModified\":\"2024-03-14T15:49:30+00:00\",\"author\":{\"@id\":\"http:\/\/elregionalvm.com.ar\/noticias-villa-maria\/#\/schema\/person\/a0fb9c422317faca23d50163151bc354\"},\"breadcrumb\":{\"@id\":\"https:\/\/elregionalvm.com.ar\/noticias-villa-maria\/movilizacion-al-frente-del-rectorado-de-la-unvm\/#breadcrumb\"},\"inLanguage\":\"es\",\"potentialAction\":[{\"@type\":\"ReadAction\",\"target\":[\"https:\/\/elregionalvm.com.ar\/noticias-villa-maria\/movilizacion-al-frente-del-rectorado-de-la-unvm\/\"]}]},{\"@type\":\"ImageObject\",\"inLanguage\":\"es\",\"@id\":\"https:\/\/elregionalvm.com.ar\/noticias-villa-maria\/movilizacion-al-frente-del-rectorado-de-la-unvm\/#primaryimage\",\"url\":\"https:\/\/i0.wp.com\/elregionalvm.com.ar\/noticias-villa-maria\/wp-content\/uploads\/2024\/03\/f685x385-122500_160193_5050.jpg?fit=685%2C385&ssl=1\",\"contentUrl\":\"https:\/\/i0.wp.com\/elregionalvm.com.ar\/noticias-villa-maria\/wp-content\/uploads\/2024\/03\/f685x385-122500_160193_5050.jpg?fit=685%2C385&ssl=1\",\"width\":685,\"height\":385},{\"@type\":\"BreadcrumbList\",\"@id\":\"https:\/\/elregionalvm.com.ar\/noticias-villa-maria\/movilizacion-al-frente-del-rectorado-de-la-unvm\/#breadcrumb\",\"itemListElement\":[{\"@type\":\"ListItem\",\"position\":1,\"name\":\"Portada\",\"item\":\"https:\/\/elregionalvm.com.ar\/noticias-villa-maria\/\"},{\"@type\":\"ListItem\",\"position\":2,\"name\":\"Movilizaci\u00f3n al frente del Rectorado de la UNVM\"}]},{\"@type\":\"WebSite\",\"@id\":\"http:\/\/elregionalvm.com.ar\/noticias-villa-maria\/#website\",\"url\":\"http:\/\/elregionalvm.com.ar\/noticias-villa-maria\/\",\"name\":\"El Regional\",\"description\":\"Mucho m\u00e1s que informaci\u00f3n\",\"potentialAction\":[{\"@type\":\"SearchAction\",\"target\":{\"@type\":\"EntryPoint\",\"urlTemplate\":\"http:\/\/elregionalvm.com.ar\/noticias-villa-maria\/?s={search_term_string}\"},\"query-input\":{\"@type\":\"PropertyValueSpecification\",\"valueRequired\":true,\"valueName\":\"search_term_string\"}}],\"inLanguage\":\"es\"},{\"@type\":\"Person\",\"@id\":\"http:\/\/elregionalvm.com.ar\/noticias-villa-maria\/#\/schema\/person\/a0fb9c422317faca23d50163151bc354\",\"name\":\"Contenidos El Regional\",\"image\":{\"@type\":\"ImageObject\",\"inLanguage\":\"es\",\"@id\":\"http:\/\/elregionalvm.com.ar\/noticias-villa-maria\/#\/schema\/person\/image\/\",\"url\":\"https:\/\/secure.gravatar.com\/avatar\/265b27cb2209af7bb3a1318f03305787d7981a5cc6e6cd08fe5a4ecdf99d4b48?s=96&d=mm&r=g\",\"contentUrl\":\"https:\/\/secure.gravatar.com\/avatar\/265b27cb2209af7bb3a1318f03305787d7981a5cc6e6cd08fe5a4ecdf99d4b48?s=96&d=mm&r=g\",\"caption\":\"Contenidos El Regional\"},\"url\":\"https:\/\/elregionalvm.com.ar\/noticias-villa-maria\/author\/contenido\/\"}]}<\/script>\n<!-- \/ Yoast SEO plugin. -->","yoast_head_json":{"title":"Movilizaci\u00f3n al frente del Rectorado de la UNVM - El Regional","robots":{"index":"index","follow":"follow","max-snippet":"max-snippet:-1","max-image-preview":"max-image-preview:large","max-video-preview":"max-video-preview:-1"},"canonical":"https:\/\/elregionalvm.com.ar\/noticias-villa-maria\/movilizacion-al-frente-del-rectorado-de-la-unvm\/","og_locale":"es_ES","og_type":"article","og_title":"Movilizaci\u00f3n al frente del Rectorado de la UNVM - El Regional","og_description":"Integrantes de la comunidad universitaria, gremialistas, pol\u00edticos, vecinos y vecinas de la ciudad, se movilizaron frente al Rectorado de la Universidad Nacional Villa Mar\u00eda, en una jornada de paro contra el ajuste que lleva adelante el gobierno de Javier Milei. En el acto, que se realiz\u00f3 sobre la vereda y parte de la calle Entre [&hellip;]","og_url":"https:\/\/elregionalvm.com.ar\/noticias-villa-maria\/movilizacion-al-frente-del-rectorado-de-la-unvm\/","og_site_name":"El Regional","article_publisher":"https:\/\/www.facebook.com\/elregionalvm","article_published_time":"2024-03-14T15:49:29+00:00","article_modified_time":"2024-03-14T15:49:30+00:00","og_image":[{"width":685,"height":385,"url":"https:\/\/elregionalvm.com.ar\/noticias-villa-maria\/wp-content\/uploads\/2024\/03\/f685x385-122500_160193_5050.jpg","type":"image\/jpeg"}],"author":"Contenidos El Regional","twitter_card":"summary_large_image","twitter_creator":"@elregionalvm1","twitter_site":"@elregionalvm1","twitter_misc":{"Escrito por":"Contenidos El Regional","Tiempo de lectura":"2 minutos"},"schema":{"@context":"https:\/\/schema.org","@graph":[{"@type":"Article","@id":"https:\/\/elregionalvm.com.ar\/noticias-villa-maria\/movilizacion-al-frente-del-rectorado-de-la-unvm\/#article","isPartOf":{"@id":"https:\/\/elregionalvm.com.ar\/noticias-villa-maria\/movilizacion-al-frente-del-rectorado-de-la-unvm\/"},"author":{"name":"Contenidos El Regional","@id":"http:\/\/elregionalvm.com.ar\/noticias-villa-maria\/#\/schema\/person\/a0fb9c422317faca23d50163151bc354"},"headline":"Movilizaci\u00f3n al frente del Rectorado de la UNVM","datePublished":"2024-03-14T15:49:29+00:00","dateModified":"2024-03-14T15:49:30+00:00","mainEntityOfPage":{"@id":"https:\/\/elregionalvm.com.ar\/noticias-villa-maria\/movilizacion-al-frente-del-rectorado-de-la-unvm\/"},"wordCount":232,"commentCount":0,"image":{"@id":"https:\/\/elregionalvm.com.ar\/noticias-villa-maria\/movilizacion-al-frente-del-rectorado-de-la-unvm\/#primaryimage"},"thumbnailUrl":"https:\/\/i0.wp.com\/elregionalvm.com.ar\/noticias-villa-maria\/wp-content\/uploads\/2024\/03\/f685x385-122500_160193_5050.jpg?fit=685%2C385&ssl=1","articleSection":["destacado","Sociedad","Villa Mar\u00eda"],"inLanguage":"es","potentialAction":[{"@type":"CommentAction","name":"Comment","target":["https:\/\/elregionalvm.com.ar\/noticias-villa-maria\/movilizacion-al-frente-del-rectorado-de-la-unvm\/#respond"]}]},{"@type":"WebPage","@id":"https:\/\/elregionalvm.com.ar\/noticias-villa-maria\/movilizacion-al-frente-del-rectorado-de-la-unvm\/","url":"https:\/\/elregionalvm.com.ar\/noticias-villa-maria\/movilizacion-al-frente-del-rectorado-de-la-unvm\/","name":"Movilizaci\u00f3n al frente del Rectorado de la UNVM - El Regional","isPartOf":{"@id":"http:\/\/elregionalvm.com.ar\/noticias-villa-maria\/#website"},"primaryImageOfPage":{"@id":"https:\/\/elregionalvm.com.ar\/noticias-villa-maria\/movilizacion-al-frente-del-rectorado-de-la-unvm\/#primaryimage"},"image":{"@id":"https:\/\/elregionalvm.com.ar\/noticias-villa-maria\/movilizacion-al-frente-del-rectorado-de-la-unvm\/#primaryimage"},"thumbnailUrl":"https:\/\/i0.wp.com\/elregionalvm.com.ar\/noticias-villa-maria\/wp-content\/uploads\/2024\/03\/f685x385-122500_160193_5050.jpg?fit=685%2C385&ssl=1","datePublished":"2024-03-14T15:49:29+00:00","dateModified":"2024-03-14T15:49:30+00:00","author":{"@id":"http:\/\/elregionalvm.com.ar\/noticias-villa-maria\/#\/schema\/person\/a0fb9c422317faca23d50163151bc354"},"breadcrumb":{"@id":"https:\/\/elregionalvm.com.ar\/noticias-villa-maria\/movilizacion-al-frente-del-rectorado-de-la-unvm\/#breadcrumb"},"inLanguage":"es","potentialAction":[{"@type":"ReadAction","target":["https:\/\/elregionalvm.com.ar\/noticias-villa-maria\/movilizacion-al-frente-del-rectorado-de-la-unvm\/"]}]},{"@type":"ImageObject","inLanguage":"es","@id":"https:\/\/elregionalvm.com.ar\/noticias-villa-maria\/movilizacion-al-frente-del-rectorado-de-la-unvm\/#primaryimage","url":"https:\/\/i0.wp.com\/elregionalvm.com.ar\/noticias-villa-maria\/wp-content\/uploads\/2024\/03\/f685x385-122500_160193_5050.jpg?fit=685%2C385&ssl=1","contentUrl":"https:\/\/i0.wp.com\/elregionalvm.com.ar\/noticias-villa-maria\/wp-content\/uploads\/2024\/03\/f685x385-122500_160193_5050.jpg?fit=685%2C385&ssl=1","width":685,"height":385},{"@type":"BreadcrumbList","@id":"https:\/\/elregionalvm.com.ar\/noticias-villa-maria\/movilizacion-al-frente-del-rectorado-de-la-unvm\/#breadcrumb","itemListElement":[{"@type":"ListItem","position":1,"name":"Portada","item":"https:\/\/elregionalvm.com.ar\/noticias-villa-maria\/"},{"@type":"ListItem","position":2,"name":"Movilizaci\u00f3n al frente del Rectorado de la UNVM"}]},{"@type":"WebSite","@id":"http:\/\/elregionalvm.com.ar\/noticias-villa-maria\/#website","url":"http:\/\/elregionalvm.com.ar\/noticias-villa-maria\/","name":"El Regional","description":"Mucho m\u00e1s que informaci\u00f3n","potentialAction":[{"@type":"SearchAction","target":{"@type":"EntryPoint","urlTemplate":"http:\/\/elregionalvm.com.ar\/noticias-villa-maria\/?s={search_term_string}"},"query-input":{"@type":"PropertyValueSpecification","valueRequired":true,"valueName":"search_term_string"}}],"inLanguage":"es"},{"@type":"Person","@id":"http:\/\/elregionalvm.com.ar\/noticias-villa-maria\/#\/schema\/person\/a0fb9c422317faca23d50163151bc354","name":"Contenidos El Regional","image":{"@type":"ImageObject","inLanguage":"es","@id":"http:\/\/elregionalvm.com.ar\/noticias-villa-maria\/#\/schema\/person\/image\/","url":"https:\/\/secure.gravatar.com\/avatar\/265b27cb2209af7bb3a1318f03305787d7981a5cc6e6cd08fe5a4ecdf99d4b48?s=96&d=mm&r=g","contentUrl":"https:\/\/secure.gravatar.com\/avatar\/265b27cb2209af7bb3a1318f03305787d7981a5cc6e6cd08fe5a4ecdf99d4b48?s=96&d=mm&r=g","caption":"Contenidos El Regional"},"url":"https:\/\/elregionalvm.com.ar\/noticias-villa-maria\/author\/contenido\/"}]}},"jetpack_featured_media_url":"https:\/\/i0.wp.com\/elregionalvm.com.ar\/noticias-villa-maria\/wp-content\/uploads\/2024\/03\/f685x385-122500_160193_5050.jpg?fit=685%2C385&ssl=1","jetpack_sharing_enabled":true,"_links":{"self":[{"href":"https:\/\/elregionalvm.com.ar\/noticias-villa-maria\/wp-json\/wp\/v2\/posts\/91279","targetHints":{"allow":["GET"]}}],"collection":[{"href":"https:\/\/elregionalvm.com.ar\/noticias-villa-maria\/wp-json\/wp\/v2\/posts"}],"about":[{"href":"https:\/\/elregionalvm.com.ar\/noticias-villa-maria\/wp-json\/wp\/v2\/types\/post"}],"author":[{"embeddable":true,"href":"https:\/\/elregionalvm.com.ar\/noticias-villa-maria\/wp-json\/wp\/v2\/users\/4"}],"replies":[{"embeddable":true,"href":"https:\/\/elregionalvm.com.ar\/noticias-villa-maria\/wp-json\/wp\/v2\/comments?post=91279"}],"version-history":[{"count":1,"href":"https:\/\/elregionalvm.com.ar\/noticias-villa-maria\/wp-json\/wp\/v2\/posts\/91279\/revisions"}],"predecessor-version":[{"id":91281,"href":"https:\/\/elregionalvm.com.ar\/noticias-villa-maria\/wp-json\/wp\/v2\/posts\/91279\/revisions\/91281"}],"wp:featuredmedia":[{"embeddable":true,"href":"https:\/\/elregionalvm.com.ar\/noticias-villa-maria\/wp-json\/wp\/v2\/media\/91280"}],"wp:attachment":[{"href":"https:\/\/elregionalvm.com.ar\/noticias-villa-maria\/wp-json\/wp\/v2\/media?parent=91279"}],"wp:term":[{"taxonomy":"category","embeddable":true,"href":"https:\/\/elregionalvm.com.ar\/noticias-villa-maria\/wp-json\/wp\/v2\/categories?post=91279"},{"taxonomy":"post_tag","embeddable":true,"href":"https:\/\/elregionalvm.com.ar\/noticias-villa-maria\/wp-json\/wp\/v2\/tags?post=91279"}],"curies":[{"name":"wp","href":"https:\/\/api.w.org\/{rel}","templated":true}]}}