{"id":91284,"date":"2024-03-14T16:09:04","date_gmt":"2024-03-14T16:09:04","guid":{"rendered":"https:\/\/elregionalvm.com.ar\/noticias-villa-maria\/?p=91284"},"modified":"2024-03-14T21:16:00","modified_gmt":"2024-03-14T21:16:00","slug":"curso-profesional-entrenadores-as-de-futbol-en-la-unvm","status":"publish","type":"post","link":"https:\/\/elregionalvm.com.ar\/noticias-villa-maria\/curso-profesional-entrenadores-as-de-futbol-en-la-unvm\/","title":{"rendered":"Inscriben para curso profesional de entrenadores\/as de f\u00fatbol en la UNVM"},"content":{"rendered":"\n<h3 class=\"wp-block-heading\"><strong>Una nueva edici\u00f3n de esta propuesta inicia el pr\u00f3ximo 18 de marzo. Inscripciones abiertas.&nbsp;<\/strong><\/h3>\n\n\n\n<p>El&nbsp;<strong>Instituto de Ciencias Humanas<\/strong>&nbsp;de la&nbsp;<strong>Universidad Nacional de Villa Mar\u00eda (UNVM)<\/strong>&nbsp;en conjunto con la&nbsp;<strong>Liga Villamariense de F\u00fatbol<\/strong>&nbsp;abri\u00f3 las&nbsp;<strong>inscripciones 2024<\/strong>&nbsp;para el&nbsp;<strong>Curso Profesional de Entrenadores\/as de F\u00fatbol<\/strong>, que ser\u00e1 de&nbsp;<strong>modalidad presencial\/virtual<\/strong>&nbsp;y comenzar\u00e1 a partir del&nbsp;<strong>18 de marzo<\/strong>.<\/p>\n\n\n\n<p>La formaci\u00f3n est\u00e1 avalada por la&nbsp;<strong>Asociaci\u00f3n de T\u00e9cnicos del F\u00fatbol Argentina (ATFA)<\/strong>&nbsp;como&nbsp;<strong>Escuela Oficial<\/strong>&nbsp;bajo el n\u00famero de inscripci\u00f3n 238. Ser\u00e1 dictada en el&nbsp;<strong>Campus de la UNVM<\/strong>&nbsp;con instancias virtuales y coordinada por&nbsp;<strong>Jos\u00e9 Suarez<\/strong>, responsable del \u00e1rea de entrenadores.<\/p>\n\n\n\n<p>En esta ocasi\u00f3n, se dictar\u00e1 el primero a\u00f1o (que consta de primer cuatrimestre Licencia \u00abC\u00bb y segundo cuatrimestre Licencia \u00abB\u00bb) y el segundo a\u00f1o (Anual Licencia \u00abA\u00bb).<\/p>\n\n\n\n<p>Podr\u00e1n anotarse aquellos\/as que cumplan con los siguientes&nbsp;<strong>requisitos<\/strong>: ser mayor de 18 a\u00f1os de edad y tener el secundario completo o tener aprobado el 75 por ciento de dicho nivel educativo. Por otro lado, los mayores de 25 a\u00f1os de edad con secundario incompleto pueden acceder a realizar el curso rindiendo un examen de ingreso.<\/p>\n\n\n\n<p>La<strong>&nbsp;documentaci\u00f3n a presentar<\/strong>&nbsp;debe incluir una foto carnet (4\u00d74), fotocopia o foto del DNI o pasaporte extranjero, fotocopia o foto del titulo anal\u00edtico de estudios secundarios, certificado de apto m\u00e9dico que los autorice a realizar ejercicios f\u00edsicos, emitido por un m\u00e9dico y sellado por el profesional de la salud.<\/p>\n\n\n\n<p>El&nbsp;<strong>cuerpo docente<\/strong>&nbsp;estar\u00e1 compuesto por Mart\u00edn Conti, Jorge Alfonso, Jos\u00e9 Mart\u00ednez, Andr\u00e9s Lepori, Luciano Pereyra, David Reano, Juan Capelli, Carolina Bernardi, German Fassetta, entre otros.<\/p>\n\n\n\n<p><strong>ARANCELES*<\/strong><\/p>\n\n\n\n<p>-Inscripci\u00f3n: $35.000<\/p>\n\n\n\n<p>-Cuota: $35.000<\/p>\n\n\n\n<p>*Los aranceles pueden sufrir variaciones seg\u00fan las disposiciones de ATFA de acuerdo a la inflaci\u00f3n del periodo.<\/p>\n\n\n\n<p><strong>INSCRIPCIONES<\/strong><\/p>\n\n\n\n<p><a href=\"http:\/\/bit.ly\/curso-entrenador-futbol\" target=\"_blank\" rel=\"noreferrer noopener\">bit.ly\/curso-entrenador-futbol<\/a><\/p>\n\n\n\n<p><strong>CONSULTAS<\/strong><\/p>\n\n\n\n<p><strong>lvfcarreras@gmail.com<\/strong><\/p>\n","protected":false},"excerpt":{"rendered":"<p>Una nueva edici\u00f3n de esta propuesta inicia el pr\u00f3ximo 18 de marzo. Inscripciones abiertas.&nbsp; El&nbsp;Instituto de Ciencias Humanas&nbsp;de la&nbsp;Universidad Nacional de Villa Mar\u00eda (UNVM)&nbsp;en conjunto con la&nbsp;Liga Villamariense de F\u00fatbol&nbsp;abri\u00f3 las&nbsp;inscripciones 2024&nbsp;para el&nbsp;Curso Profesional de Entrenadores\/as de F\u00fatbol, que ser\u00e1 de&nbsp;modalidad presencial\/virtual&nbsp;y comenzar\u00e1 a partir del&nbsp;18 de marzo. La formaci\u00f3n est\u00e1 avalada por la&nbsp;Asociaci\u00f3n de [&hellip;]<\/p>\n","protected":false},"author":4,"featured_media":34241,"comment_status":"open","ping_status":"open","sticky":false,"template":"","format":"standard","meta":{"site-sidebar-layout":"default","site-content-layout":"","ast-site-content-layout":"default","site-content-style":"default","site-sidebar-style":"default","ast-global-header-display":"","ast-banner-title-visibility":"","ast-main-header-display":"","ast-hfb-above-header-display":"","ast-hfb-below-header-display":"","ast-hfb-mobile-header-display":"","site-post-title":"","ast-breadcrumbs-content":"","ast-featured-img":"","footer-sml-layout":"","ast-disable-related-posts":"","theme-transparent-header-meta":"","adv-header-id-meta":"","stick-header-meta":"","header-above-stick-meta":"","header-main-stick-meta":"","header-below-stick-meta":"","astra-migrate-meta-layouts":"set","ast-page-background-enabled":"default","ast-page-background-meta":{"desktop":{"background-color":"","background-image":"","background-repeat":"repeat","background-position":"center center","background-size":"auto","background-attachment":"scroll","background-type":"","background-media":"","overlay-type":"","overlay-color":"","overlay-opacity":"","overlay-gradient":""},"tablet":{"background-color":"","background-image":"","background-repeat":"repeat","background-position":"center center","background-size":"auto","background-attachment":"scroll","background-type":"","background-media":"","overlay-type":"","overlay-color":"","overlay-opacity":"","overlay-gradient":""},"mobile":{"background-color":"","background-image":"","background-repeat":"repeat","background-position":"center center","background-size":"auto","background-attachment":"scroll","background-type":"","background-media":"","overlay-type":"","overlay-color":"","overlay-opacity":"","overlay-gradient":""}},"ast-content-background-meta":{"desktop":{"background-color":"var(--ast-global-color-5)","background-image":"","background-repeat":"repeat","background-position":"center center","background-size":"auto","background-attachment":"scroll","background-type":"","background-media":"","overlay-type":"","overlay-color":"","overlay-opacity":"","overlay-gradient":""},"tablet":{"background-color":"var(--ast-global-color-5)","background-image":"","background-repeat":"repeat","background-position":"center center","background-size":"auto","background-attachment":"scroll","background-type":"","background-media":"","overlay-type":"","overlay-color":"","overlay-opacity":"","overlay-gradient":""},"mobile":{"background-color":"var(--ast-global-color-5)","background-image":"","background-repeat":"repeat","background-position":"center center","background-size":"auto","background-attachment":"scroll","background-type":"","background-media":"","overlay-type":"","overlay-color":"","overlay-opacity":"","overlay-gradient":""}},"_jetpack_memberships_contains_paid_content":false,"_joinchat":[],"footnotes":""},"categories":[15158,15302,2],"tags":[4016,10438,340],"class_list":["post-91284","post","type-post","status-publish","format-standard","has-post-thumbnail","hentry","category-deporte","category-destacado","category-villa-maria","tag-dt","tag-entrenador","tag-futbol"],"yoast_head":"<!-- This site is optimized with the Yoast SEO plugin v26.8 - https:\/\/yoast.com\/product\/yoast-seo-wordpress\/ -->\n<title>Inscriben para curso profesional de entrenadores\/as de f\u00fatbol en la UNVM - El Regional<\/title>\n<meta name=\"robots\" content=\"index, follow, max-snippet:-1, max-image-preview:large, max-video-preview:-1\" \/>\n<link rel=\"canonical\" href=\"https:\/\/elregionalvm.com.ar\/noticias-villa-maria\/curso-profesional-entrenadores-as-de-futbol-en-la-unvm\/\" \/>\n<meta property=\"og:locale\" content=\"es_ES\" \/>\n<meta property=\"og:type\" content=\"article\" \/>\n<meta property=\"og:title\" content=\"Inscriben para curso profesional de entrenadores\/as de f\u00fatbol en la UNVM - El Regional\" \/>\n<meta property=\"og:description\" content=\"Una nueva edici\u00f3n de esta propuesta inicia el pr\u00f3ximo 18 de marzo. Inscripciones abiertas.&nbsp; El&nbsp;Instituto de Ciencias Humanas&nbsp;de la&nbsp;Universidad Nacional de Villa Mar\u00eda (UNVM)&nbsp;en conjunto con la&nbsp;Liga Villamariense de F\u00fatbol&nbsp;abri\u00f3 las&nbsp;inscripciones 2024&nbsp;para el&nbsp;Curso Profesional de Entrenadores\/as de F\u00fatbol, que ser\u00e1 de&nbsp;modalidad presencial\/virtual&nbsp;y comenzar\u00e1 a partir del&nbsp;18 de marzo. La formaci\u00f3n est\u00e1 avalada por la&nbsp;Asociaci\u00f3n de [&hellip;]\" \/>\n<meta property=\"og:url\" content=\"https:\/\/elregionalvm.com.ar\/noticias-villa-maria\/curso-profesional-entrenadores-as-de-futbol-en-la-unvm\/\" \/>\n<meta property=\"og:site_name\" content=\"El Regional\" \/>\n<meta property=\"article:publisher\" content=\"https:\/\/www.facebook.com\/elregionalvm\" \/>\n<meta property=\"article:published_time\" content=\"2024-03-14T16:09:04+00:00\" \/>\n<meta property=\"article:modified_time\" content=\"2024-03-14T21:16:00+00:00\" \/>\n<meta property=\"og:image\" content=\"https:\/\/elregionalvm.com.ar\/noticias-villa-maria\/wp-content\/uploads\/2021\/03\/Partido-futbol-Liga-Villamariense.jpg\" \/>\n\t<meta property=\"og:image:width\" content=\"1200\" \/>\n\t<meta property=\"og:image:height\" content=\"800\" \/>\n\t<meta property=\"og:image:type\" content=\"image\/jpeg\" \/>\n<meta name=\"author\" content=\"Contenidos El Regional\" \/>\n<meta name=\"twitter:card\" content=\"summary_large_image\" \/>\n<meta name=\"twitter:creator\" content=\"@elregionalvm1\" \/>\n<meta name=\"twitter:site\" content=\"@elregionalvm1\" \/>\n<meta name=\"twitter:label1\" content=\"Escrito por\" \/>\n\t<meta name=\"twitter:data1\" content=\"Contenidos El Regional\" \/>\n\t<meta name=\"twitter:label2\" content=\"Tiempo de lectura\" \/>\n\t<meta name=\"twitter:data2\" content=\"2 minutos\" \/>\n<script type=\"application\/ld+json\" class=\"yoast-schema-graph\">{\"@context\":\"https:\/\/schema.org\",\"@graph\":[{\"@type\":\"Article\",\"@id\":\"https:\/\/elregionalvm.com.ar\/noticias-villa-maria\/curso-profesional-entrenadores-as-de-futbol-en-la-unvm\/#article\",\"isPartOf\":{\"@id\":\"https:\/\/elregionalvm.com.ar\/noticias-villa-maria\/curso-profesional-entrenadores-as-de-futbol-en-la-unvm\/\"},\"author\":{\"name\":\"Contenidos El Regional\",\"@id\":\"http:\/\/elregionalvm.com.ar\/noticias-villa-maria\/#\/schema\/person\/a0fb9c422317faca23d50163151bc354\"},\"headline\":\"Inscriben para curso profesional de entrenadores\/as de f\u00fatbol en la UNVM\",\"datePublished\":\"2024-03-14T16:09:04+00:00\",\"dateModified\":\"2024-03-14T21:16:00+00:00\",\"mainEntityOfPage\":{\"@id\":\"https:\/\/elregionalvm.com.ar\/noticias-villa-maria\/curso-profesional-entrenadores-as-de-futbol-en-la-unvm\/\"},\"wordCount\":351,\"commentCount\":0,\"image\":{\"@id\":\"https:\/\/elregionalvm.com.ar\/noticias-villa-maria\/curso-profesional-entrenadores-as-de-futbol-en-la-unvm\/#primaryimage\"},\"thumbnailUrl\":\"https:\/\/i0.wp.com\/elregionalvm.com.ar\/noticias-villa-maria\/wp-content\/uploads\/2021\/03\/Partido-futbol-Liga-Villamariense.jpg?fit=1200%2C800&ssl=1\",\"keywords\":[\"DT\",\"entrenador\",\"f\u00fatbol\"],\"articleSection\":[\"Deporte\",\"destacado\",\"Villa Mar\u00eda\"],\"inLanguage\":\"es\",\"potentialAction\":[{\"@type\":\"CommentAction\",\"name\":\"Comment\",\"target\":[\"https:\/\/elregionalvm.com.ar\/noticias-villa-maria\/curso-profesional-entrenadores-as-de-futbol-en-la-unvm\/#respond\"]}]},{\"@type\":\"WebPage\",\"@id\":\"https:\/\/elregionalvm.com.ar\/noticias-villa-maria\/curso-profesional-entrenadores-as-de-futbol-en-la-unvm\/\",\"url\":\"https:\/\/elregionalvm.com.ar\/noticias-villa-maria\/curso-profesional-entrenadores-as-de-futbol-en-la-unvm\/\",\"name\":\"Inscriben para curso profesional de entrenadores\/as de f\u00fatbol en la UNVM - El Regional\",\"isPartOf\":{\"@id\":\"http:\/\/elregionalvm.com.ar\/noticias-villa-maria\/#website\"},\"primaryImageOfPage\":{\"@id\":\"https:\/\/elregionalvm.com.ar\/noticias-villa-maria\/curso-profesional-entrenadores-as-de-futbol-en-la-unvm\/#primaryimage\"},\"image\":{\"@id\":\"https:\/\/elregionalvm.com.ar\/noticias-villa-maria\/curso-profesional-entrenadores-as-de-futbol-en-la-unvm\/#primaryimage\"},\"thumbnailUrl\":\"https:\/\/i0.wp.com\/elregionalvm.com.ar\/noticias-villa-maria\/wp-content\/uploads\/2021\/03\/Partido-futbol-Liga-Villamariense.jpg?fit=1200%2C800&ssl=1\",\"datePublished\":\"2024-03-14T16:09:04+00:00\",\"dateModified\":\"2024-03-14T21:16:00+00:00\",\"author\":{\"@id\":\"http:\/\/elregionalvm.com.ar\/noticias-villa-maria\/#\/schema\/person\/a0fb9c422317faca23d50163151bc354\"},\"breadcrumb\":{\"@id\":\"https:\/\/elregionalvm.com.ar\/noticias-villa-maria\/curso-profesional-entrenadores-as-de-futbol-en-la-unvm\/#breadcrumb\"},\"inLanguage\":\"es\",\"potentialAction\":[{\"@type\":\"ReadAction\",\"target\":[\"https:\/\/elregionalvm.com.ar\/noticias-villa-maria\/curso-profesional-entrenadores-as-de-futbol-en-la-unvm\/\"]}]},{\"@type\":\"ImageObject\",\"inLanguage\":\"es\",\"@id\":\"https:\/\/elregionalvm.com.ar\/noticias-villa-maria\/curso-profesional-entrenadores-as-de-futbol-en-la-unvm\/#primaryimage\",\"url\":\"https:\/\/i0.wp.com\/elregionalvm.com.ar\/noticias-villa-maria\/wp-content\/uploads\/2021\/03\/Partido-futbol-Liga-Villamariense.jpg?fit=1200%2C800&ssl=1\",\"contentUrl\":\"https:\/\/i0.wp.com\/elregionalvm.com.ar\/noticias-villa-maria\/wp-content\/uploads\/2021\/03\/Partido-futbol-Liga-Villamariense.jpg?fit=1200%2C800&ssl=1\",\"width\":1200,\"height\":800},{\"@type\":\"BreadcrumbList\",\"@id\":\"https:\/\/elregionalvm.com.ar\/noticias-villa-maria\/curso-profesional-entrenadores-as-de-futbol-en-la-unvm\/#breadcrumb\",\"itemListElement\":[{\"@type\":\"ListItem\",\"position\":1,\"name\":\"Portada\",\"item\":\"https:\/\/elregionalvm.com.ar\/noticias-villa-maria\/\"},{\"@type\":\"ListItem\",\"position\":2,\"name\":\"Inscriben para curso profesional de entrenadores\/as de f\u00fatbol en la UNVM\"}]},{\"@type\":\"WebSite\",\"@id\":\"http:\/\/elregionalvm.com.ar\/noticias-villa-maria\/#website\",\"url\":\"http:\/\/elregionalvm.com.ar\/noticias-villa-maria\/\",\"name\":\"El Regional\",\"description\":\"Mucho m\u00e1s que informaci\u00f3n\",\"potentialAction\":[{\"@type\":\"SearchAction\",\"target\":{\"@type\":\"EntryPoint\",\"urlTemplate\":\"http:\/\/elregionalvm.com.ar\/noticias-villa-maria\/?s={search_term_string}\"},\"query-input\":{\"@type\":\"PropertyValueSpecification\",\"valueRequired\":true,\"valueName\":\"search_term_string\"}}],\"inLanguage\":\"es\"},{\"@type\":\"Person\",\"@id\":\"http:\/\/elregionalvm.com.ar\/noticias-villa-maria\/#\/schema\/person\/a0fb9c422317faca23d50163151bc354\",\"name\":\"Contenidos El Regional\",\"image\":{\"@type\":\"ImageObject\",\"inLanguage\":\"es\",\"@id\":\"http:\/\/elregionalvm.com.ar\/noticias-villa-maria\/#\/schema\/person\/image\/\",\"url\":\"https:\/\/secure.gravatar.com\/avatar\/265b27cb2209af7bb3a1318f03305787d7981a5cc6e6cd08fe5a4ecdf99d4b48?s=96&d=mm&r=g\",\"contentUrl\":\"https:\/\/secure.gravatar.com\/avatar\/265b27cb2209af7bb3a1318f03305787d7981a5cc6e6cd08fe5a4ecdf99d4b48?s=96&d=mm&r=g\",\"caption\":\"Contenidos El Regional\"},\"url\":\"https:\/\/elregionalvm.com.ar\/noticias-villa-maria\/author\/contenido\/\"}]}<\/script>\n<!-- \/ Yoast SEO plugin. -->","yoast_head_json":{"title":"Inscriben para curso profesional de entrenadores\/as de f\u00fatbol en la UNVM - El Regional","robots":{"index":"index","follow":"follow","max-snippet":"max-snippet:-1","max-image-preview":"max-image-preview:large","max-video-preview":"max-video-preview:-1"},"canonical":"https:\/\/elregionalvm.com.ar\/noticias-villa-maria\/curso-profesional-entrenadores-as-de-futbol-en-la-unvm\/","og_locale":"es_ES","og_type":"article","og_title":"Inscriben para curso profesional de entrenadores\/as de f\u00fatbol en la UNVM - El Regional","og_description":"Una nueva edici\u00f3n de esta propuesta inicia el pr\u00f3ximo 18 de marzo. Inscripciones abiertas.&nbsp; El&nbsp;Instituto de Ciencias Humanas&nbsp;de la&nbsp;Universidad Nacional de Villa Mar\u00eda (UNVM)&nbsp;en conjunto con la&nbsp;Liga Villamariense de F\u00fatbol&nbsp;abri\u00f3 las&nbsp;inscripciones 2024&nbsp;para el&nbsp;Curso Profesional de Entrenadores\/as de F\u00fatbol, que ser\u00e1 de&nbsp;modalidad presencial\/virtual&nbsp;y comenzar\u00e1 a partir del&nbsp;18 de marzo. La formaci\u00f3n est\u00e1 avalada por la&nbsp;Asociaci\u00f3n de [&hellip;]","og_url":"https:\/\/elregionalvm.com.ar\/noticias-villa-maria\/curso-profesional-entrenadores-as-de-futbol-en-la-unvm\/","og_site_name":"El Regional","article_publisher":"https:\/\/www.facebook.com\/elregionalvm","article_published_time":"2024-03-14T16:09:04+00:00","article_modified_time":"2024-03-14T21:16:00+00:00","og_image":[{"width":1200,"height":800,"url":"https:\/\/elregionalvm.com.ar\/noticias-villa-maria\/wp-content\/uploads\/2021\/03\/Partido-futbol-Liga-Villamariense.jpg","type":"image\/jpeg"}],"author":"Contenidos El Regional","twitter_card":"summary_large_image","twitter_creator":"@elregionalvm1","twitter_site":"@elregionalvm1","twitter_misc":{"Escrito por":"Contenidos El Regional","Tiempo de lectura":"2 minutos"},"schema":{"@context":"https:\/\/schema.org","@graph":[{"@type":"Article","@id":"https:\/\/elregionalvm.com.ar\/noticias-villa-maria\/curso-profesional-entrenadores-as-de-futbol-en-la-unvm\/#article","isPartOf":{"@id":"https:\/\/elregionalvm.com.ar\/noticias-villa-maria\/curso-profesional-entrenadores-as-de-futbol-en-la-unvm\/"},"author":{"name":"Contenidos El Regional","@id":"http:\/\/elregionalvm.com.ar\/noticias-villa-maria\/#\/schema\/person\/a0fb9c422317faca23d50163151bc354"},"headline":"Inscriben para curso profesional de entrenadores\/as de f\u00fatbol en la UNVM","datePublished":"2024-03-14T16:09:04+00:00","dateModified":"2024-03-14T21:16:00+00:00","mainEntityOfPage":{"@id":"https:\/\/elregionalvm.com.ar\/noticias-villa-maria\/curso-profesional-entrenadores-as-de-futbol-en-la-unvm\/"},"wordCount":351,"commentCount":0,"image":{"@id":"https:\/\/elregionalvm.com.ar\/noticias-villa-maria\/curso-profesional-entrenadores-as-de-futbol-en-la-unvm\/#primaryimage"},"thumbnailUrl":"https:\/\/i0.wp.com\/elregionalvm.com.ar\/noticias-villa-maria\/wp-content\/uploads\/2021\/03\/Partido-futbol-Liga-Villamariense.jpg?fit=1200%2C800&ssl=1","keywords":["DT","entrenador","f\u00fatbol"],"articleSection":["Deporte","destacado","Villa Mar\u00eda"],"inLanguage":"es","potentialAction":[{"@type":"CommentAction","name":"Comment","target":["https:\/\/elregionalvm.com.ar\/noticias-villa-maria\/curso-profesional-entrenadores-as-de-futbol-en-la-unvm\/#respond"]}]},{"@type":"WebPage","@id":"https:\/\/elregionalvm.com.ar\/noticias-villa-maria\/curso-profesional-entrenadores-as-de-futbol-en-la-unvm\/","url":"https:\/\/elregionalvm.com.ar\/noticias-villa-maria\/curso-profesional-entrenadores-as-de-futbol-en-la-unvm\/","name":"Inscriben para curso profesional de entrenadores\/as de f\u00fatbol en la UNVM - El Regional","isPartOf":{"@id":"http:\/\/elregionalvm.com.ar\/noticias-villa-maria\/#website"},"primaryImageOfPage":{"@id":"https:\/\/elregionalvm.com.ar\/noticias-villa-maria\/curso-profesional-entrenadores-as-de-futbol-en-la-unvm\/#primaryimage"},"image":{"@id":"https:\/\/elregionalvm.com.ar\/noticias-villa-maria\/curso-profesional-entrenadores-as-de-futbol-en-la-unvm\/#primaryimage"},"thumbnailUrl":"https:\/\/i0.wp.com\/elregionalvm.com.ar\/noticias-villa-maria\/wp-content\/uploads\/2021\/03\/Partido-futbol-Liga-Villamariense.jpg?fit=1200%2C800&ssl=1","datePublished":"2024-03-14T16:09:04+00:00","dateModified":"2024-03-14T21:16:00+00:00","author":{"@id":"http:\/\/elregionalvm.com.ar\/noticias-villa-maria\/#\/schema\/person\/a0fb9c422317faca23d50163151bc354"},"breadcrumb":{"@id":"https:\/\/elregionalvm.com.ar\/noticias-villa-maria\/curso-profesional-entrenadores-as-de-futbol-en-la-unvm\/#breadcrumb"},"inLanguage":"es","potentialAction":[{"@type":"ReadAction","target":["https:\/\/elregionalvm.com.ar\/noticias-villa-maria\/curso-profesional-entrenadores-as-de-futbol-en-la-unvm\/"]}]},{"@type":"ImageObject","inLanguage":"es","@id":"https:\/\/elregionalvm.com.ar\/noticias-villa-maria\/curso-profesional-entrenadores-as-de-futbol-en-la-unvm\/#primaryimage","url":"https:\/\/i0.wp.com\/elregionalvm.com.ar\/noticias-villa-maria\/wp-content\/uploads\/2021\/03\/Partido-futbol-Liga-Villamariense.jpg?fit=1200%2C800&ssl=1","contentUrl":"https:\/\/i0.wp.com\/elregionalvm.com.ar\/noticias-villa-maria\/wp-content\/uploads\/2021\/03\/Partido-futbol-Liga-Villamariense.jpg?fit=1200%2C800&ssl=1","width":1200,"height":800},{"@type":"BreadcrumbList","@id":"https:\/\/elregionalvm.com.ar\/noticias-villa-maria\/curso-profesional-entrenadores-as-de-futbol-en-la-unvm\/#breadcrumb","itemListElement":[{"@type":"ListItem","position":1,"name":"Portada","item":"https:\/\/elregionalvm.com.ar\/noticias-villa-maria\/"},{"@type":"ListItem","position":2,"name":"Inscriben para curso profesional de entrenadores\/as de f\u00fatbol en la UNVM"}]},{"@type":"WebSite","@id":"http:\/\/elregionalvm.com.ar\/noticias-villa-maria\/#website","url":"http:\/\/elregionalvm.com.ar\/noticias-villa-maria\/","name":"El Regional","description":"Mucho m\u00e1s que informaci\u00f3n","potentialAction":[{"@type":"SearchAction","target":{"@type":"EntryPoint","urlTemplate":"http:\/\/elregionalvm.com.ar\/noticias-villa-maria\/?s={search_term_string}"},"query-input":{"@type":"PropertyValueSpecification","valueRequired":true,"valueName":"search_term_string"}}],"inLanguage":"es"},{"@type":"Person","@id":"http:\/\/elregionalvm.com.ar\/noticias-villa-maria\/#\/schema\/person\/a0fb9c422317faca23d50163151bc354","name":"Contenidos El Regional","image":{"@type":"ImageObject","inLanguage":"es","@id":"http:\/\/elregionalvm.com.ar\/noticias-villa-maria\/#\/schema\/person\/image\/","url":"https:\/\/secure.gravatar.com\/avatar\/265b27cb2209af7bb3a1318f03305787d7981a5cc6e6cd08fe5a4ecdf99d4b48?s=96&d=mm&r=g","contentUrl":"https:\/\/secure.gravatar.com\/avatar\/265b27cb2209af7bb3a1318f03305787d7981a5cc6e6cd08fe5a4ecdf99d4b48?s=96&d=mm&r=g","caption":"Contenidos El Regional"},"url":"https:\/\/elregionalvm.com.ar\/noticias-villa-maria\/author\/contenido\/"}]}},"jetpack_featured_media_url":"https:\/\/i0.wp.com\/elregionalvm.com.ar\/noticias-villa-maria\/wp-content\/uploads\/2021\/03\/Partido-futbol-Liga-Villamariense.jpg?fit=1200%2C800&ssl=1","jetpack_sharing_enabled":true,"_links":{"self":[{"href":"https:\/\/elregionalvm.com.ar\/noticias-villa-maria\/wp-json\/wp\/v2\/posts\/91284","targetHints":{"allow":["GET"]}}],"collection":[{"href":"https:\/\/elregionalvm.com.ar\/noticias-villa-maria\/wp-json\/wp\/v2\/posts"}],"about":[{"href":"https:\/\/elregionalvm.com.ar\/noticias-villa-maria\/wp-json\/wp\/v2\/types\/post"}],"author":[{"embeddable":true,"href":"https:\/\/elregionalvm.com.ar\/noticias-villa-maria\/wp-json\/wp\/v2\/users\/4"}],"replies":[{"embeddable":true,"href":"https:\/\/elregionalvm.com.ar\/noticias-villa-maria\/wp-json\/wp\/v2\/comments?post=91284"}],"version-history":[{"count":3,"href":"https:\/\/elregionalvm.com.ar\/noticias-villa-maria\/wp-json\/wp\/v2\/posts\/91284\/revisions"}],"predecessor-version":[{"id":91304,"href":"https:\/\/elregionalvm.com.ar\/noticias-villa-maria\/wp-json\/wp\/v2\/posts\/91284\/revisions\/91304"}],"wp:featuredmedia":[{"embeddable":true,"href":"https:\/\/elregionalvm.com.ar\/noticias-villa-maria\/wp-json\/wp\/v2\/media\/34241"}],"wp:attachment":[{"href":"https:\/\/elregionalvm.com.ar\/noticias-villa-maria\/wp-json\/wp\/v2\/media?parent=91284"}],"wp:term":[{"taxonomy":"category","embeddable":true,"href":"https:\/\/elregionalvm.com.ar\/noticias-villa-maria\/wp-json\/wp\/v2\/categories?post=91284"},{"taxonomy":"post_tag","embeddable":true,"href":"https:\/\/elregionalvm.com.ar\/noticias-villa-maria\/wp-json\/wp\/v2\/tags?post=91284"}],"curies":[{"name":"wp","href":"https:\/\/api.w.org\/{rel}","templated":true}]}}