{"id":91289,"date":"2024-03-14T20:50:19","date_gmt":"2024-03-14T20:50:19","guid":{"rendered":"https:\/\/elregionalvm.com.ar\/noticias-villa-maria\/?p=91289"},"modified":"2024-03-18T00:36:29","modified_gmt":"2024-03-18T00:36:29","slug":"opinion-cronica-de-una-carpa-blanca","status":"publish","type":"post","link":"https:\/\/elregionalvm.com.ar\/noticias-villa-maria\/opinion-cronica-de-una-carpa-blanca\/","title":{"rendered":"[Opini\u00f3n] Cr\u00f3nica de una carpa blanca"},"content":{"rendered":"\n<h3 class=\"wp-block-heading\"><strong>El colectivo de Docentes Autoconvocados envi\u00f3 a nuestra Redacci\u00f3n el siguiente texto para ser publicado. El grupo de docentes de distintos puntos de la provincia viene manifestando su desacuerdo con la pol\u00edtica salarial del Gobierno provincial y con el accionar del gremio docente UEPC.<\/strong><\/h3>\n\n\n\n<p><\/p>\n\n\n\n<p>\u201cEl martes 5 de marzo, los docentes de C\u00f3rdoba adherimos a un paro convocado por UEPC y marchamos por las calles para clamar ante el o\u00eddo indiferente del Gobernador. Es que nos encontramos en un momento de esos repetidos en la historia de la educaci\u00f3n en Argentina, con una inflaci\u00f3n tremenda, con aumento de toda clase de tarifas, con salarios por debajo de la l\u00ednea de indigencia, con jubilaciones paup\u00e9rrimas, con descuentos usureros de nuestros sueldos.<\/p>\n\n\n\n<p>A los autoconvocados se nos ocurri\u00f3 la idea loca de armar una carpa frente al Panal. Y fuimos por ella, recaudando fondos para conseguirla. La cantidad de gente que aport\u00f3 dinero fue numerosa, por lo que no hubo dificultades para tenerla lista el lunes a la tardecita.<\/p>\n\n\n\n<p>Pero claro, la polic\u00eda no la quer\u00eda all\u00ed, porque las \u00f3rdenes son no permitir da\u00f1os a la imagen del Gobernador. De todos modos, manifestando buena predisposici\u00f3n, los guardias sugirieron que se armara el mismo d\u00eda del paro, que entonces s\u00ed lo permitir\u00edan.<\/p>\n\n\n\n<p>Por las dudas, la representaci\u00f3n de autoconvocados, junto con la abogada, visitaron dependencias oficiales para conseguir sellos y permisos. Ni s\u00ed, ni no\u2026hab\u00eda que intentarlo.<br><\/p>\n\n\n\n<figure class=\"wp-block-image size-large\"><img data-recalc-dims=\"1\" fetchpriority=\"high\" decoding=\"async\" width=\"1024\" height=\"576\" src=\"https:\/\/i0.wp.com\/elregionalvm.com.ar\/noticias-villa-maria\/wp-content\/uploads\/2024\/03\/Carpa-Blanca-Panal-docentes-2.jpeg?resize=1024%2C576&#038;ssl=1\" alt=\"\" class=\"wp-image-91291\" srcset=\"https:\/\/i0.wp.com\/elregionalvm.com.ar\/noticias-villa-maria\/wp-content\/uploads\/2024\/03\/Carpa-Blanca-Panal-docentes-2.jpeg?resize=1024%2C576&amp;ssl=1 1024w, https:\/\/i0.wp.com\/elregionalvm.com.ar\/noticias-villa-maria\/wp-content\/uploads\/2024\/03\/Carpa-Blanca-Panal-docentes-2.jpeg?resize=300%2C169&amp;ssl=1 300w, https:\/\/i0.wp.com\/elregionalvm.com.ar\/noticias-villa-maria\/wp-content\/uploads\/2024\/03\/Carpa-Blanca-Panal-docentes-2.jpeg?resize=768%2C432&amp;ssl=1 768w, https:\/\/i0.wp.com\/elregionalvm.com.ar\/noticias-villa-maria\/wp-content\/uploads\/2024\/03\/Carpa-Blanca-Panal-docentes-2.jpeg?w=1280&amp;ssl=1 1280w\" sizes=\"(max-width: 1000px) 100vw, 1000px\" \/><\/figure>\n\n\n\n<p><\/p>\n\n\n\n<p>En esta cr\u00f3nica, vamos a aclarar que justo en esa jornada, a los organizadores de la marcha se les ocurri\u00f3 no acercarse ni al Panal, ni a la Legislatura. La idea de la carpa como fondo de la protesta, era muy simb\u00f3lica. Pero, quedamos pocos para sostener su armado ante todos los cuerpos de la seguridad de C\u00f3rdoba: Polic\u00eda Urbana, Polic\u00eda de la provincia, Divisi\u00f3n Antidisturbios, Infanter\u00eda y otros cuerpos especiales si existieran.<\/p>\n\n\n\n<p>No qued\u00f3 un agente en la ciudad: todos se concentraron para defender el frente de la Sede de Gobierno de semejante escrache. Mientras, los marchantes golpeaban la puerta de Apross despu\u00e9s de a\u00f1os de mala praxis.<\/p>\n\n\n\n<p>Divididos, porque en esta instancia no se necesitan votos para nada. La carpa, ante la amenaza de secuestro del cami\u00f3n de la empresa propietaria y de detenci\u00f3n del empleado, obviamente no se arm\u00f3.<\/p>\n\n\n\n<p>De todos modos, 30 o 40 personas llamaron tanto la atenci\u00f3n que vali\u00f3 la pena el intento. Inclusive, se acercaron a compartir las penas del hambre algunos legisladores de la oposici\u00f3n, que prestaron su o\u00eddo unos minutos y siguieron para otra foto.<\/p>\n\n\n\n<p><\/p>\n\n\n\n<figure class=\"wp-block-pullquote\"><blockquote><p><strong>Lo llamativo fue que el gobierno tardara 8 d\u00edas en ofrecer una nueva propuesta para arreglar con el gremio docente, unas horitas antes de una nueva medida de fuerza<\/strong><\/p><\/blockquote><\/figure>\n\n\n\n<p><\/p>\n\n\n\n<p>El paro fue contundente. Lo llamativo fue que el gobierno tardara 8 d\u00edas en ofrecer una nueva propuesta para arreglar con el gremio docente, unas horitas antes de una nueva medida de fuerza.<\/p>\n\n\n\n<p>Nosotros entendemos que el gobernador de Cba. tenga su rosca con el Presidente; que este mandatario est\u00e9 empecinado en subordinarlo, que no nos reconozca a los trabajadores de la educaci\u00f3n porque a pesar de que es el jefe de Estado, no cree en el Estado\u2026 pero tambi\u00e9n recordamos que Menem transfiri\u00f3 las escuelas de Naci\u00f3n a las provincias sin otorgar las partidas necesarias, que existi\u00f3 un Ministerio de Educaci\u00f3n con presupuesto y sin escuelas, que dilapidaron los fondos de educaci\u00f3n y los previsionales para campa\u00f1as, que crearon una ley para subsanar con el Fonid las miserias de sueldos que tuvimos toda la vida, con la excusa de la vocaci\u00f3n; que ese Fonid fue caballito de batalla todos estos a\u00f1os, porque era parte de los aumentos, se incorporaba dentro del porcentaje paup\u00e9rrimo que nos ofrec\u00edan en cada paritaria\u2026 podr\u00edamos seguir por varios d\u00edas enumerando entuertos.<\/p>\n\n\n\n<p>Pero nos detendremos en marzo de 2024. Un momento cr\u00edtico para toda la sociedad. Aumentos excesivos de tarifas, de servicios municipales y provinciales, de obras sociales, combustible, alimentos, medicamentos\u2026absolutamente todo se dispar\u00f3. Al extremo de que el estimado Gobernador ofrece entre las ocurrentes soluciones, pagar la luz en cuotas.<\/p>\n\n\n\n<p><\/p>\n\n\n\n<figure class=\"wp-block-image size-large\"><img data-recalc-dims=\"1\" decoding=\"async\" width=\"1024\" height=\"576\" src=\"https:\/\/i0.wp.com\/elregionalvm.com.ar\/noticias-villa-maria\/wp-content\/uploads\/2021\/05\/Aula-vacia.jpg?resize=1024%2C576&#038;ssl=1\" alt=\"\" class=\"wp-image-37945\" srcset=\"https:\/\/i0.wp.com\/elregionalvm.com.ar\/noticias-villa-maria\/wp-content\/uploads\/2021\/05\/Aula-vacia.jpg?resize=1024%2C576&amp;ssl=1 1024w, https:\/\/i0.wp.com\/elregionalvm.com.ar\/noticias-villa-maria\/wp-content\/uploads\/2021\/05\/Aula-vacia.jpg?resize=300%2C169&amp;ssl=1 300w, https:\/\/i0.wp.com\/elregionalvm.com.ar\/noticias-villa-maria\/wp-content\/uploads\/2021\/05\/Aula-vacia.jpg?resize=768%2C432&amp;ssl=1 768w, https:\/\/i0.wp.com\/elregionalvm.com.ar\/noticias-villa-maria\/wp-content\/uploads\/2021\/05\/Aula-vacia.jpg?w=1200&amp;ssl=1 1200w\" sizes=\"(max-width: 1000px) 100vw, 1000px\" \/><\/figure>\n\n\n\n<p><\/p>\n\n\n\n<p>Pero tuvo m\u00e1s ocurrencias para engordar las arcas: aument\u00f3 el aporte jubilatorio (de los empleados p\u00fablicos), aument\u00f3 el porcentaje de aporte al Apross (no vamos a explicar de nuevo la situaci\u00f3n de esta caja negra) y aument\u00f3 el aporte de cada afiliado para solidarizarnos con las enfermedades catastr\u00f3ficas de las que rogamos que Dios nos guarde, porque no se sabe bien cu\u00e1les son y c\u00f3mo las gestiona Apross, que todo lo gestiona muy mal).<\/p>\n\n\n\n<p>Por las dudas nos sobre alg\u00fan dinero, tambi\u00e9n ide\u00f3 un nuevo aporte solidario de casi 5000 pesos por afiliado, para enfermedades emergentes no sabemos de d\u00f3nde. Con esta ingenier\u00eda, cada mes cobramos menos. Los activos y los pobres jubilados para los que tambi\u00e9n tuvo varias ideas innovadoras: diferimiento otra vez, descuentos, pase al b\u00e1sico para descontar m\u00e1s, aportes solidarios, etc. etc.<\/p>\n\n\n\n<p><\/p>\n\n\n\n<figure class=\"wp-block-pullquote\"><blockquote><p><strong>Ya no sabemos cu\u00e1l es la estrategia, de qu\u00e9 sector vendr\u00e1 el pr\u00f3ximo machetazo<\/strong><\/p><\/blockquote><\/figure>\n\n\n\n<p><\/p>\n\n\n\n<p>M\u00e1s all\u00e1 de este relato algo ir\u00f3nico, estamos hartos. Ya no sabemos cu\u00e1l es la estrategia, de qu\u00e9 sector vendr\u00e1 el pr\u00f3ximo machetazo. Qu\u00e9 ser\u00e1 lo que ofrecen como propuesta superadora para mitigar el hambre, s\u00ed, el hambre literal de muchos docentes.<\/p>\n\n\n\n<p>La angustia de muchas mujeres sost\u00e9n de familia que no pueden pagar un alquiler, o llegar a mitad de mes con un sueldo que est\u00e1 debajo de la tan temida indigencia, a pesar de que trabajan todos los d\u00edas.<\/p>\n\n\n\n<p>Merece una lectura esto de que el gremio docente es predominantemente femenino, aunque la mayor\u00eda de los sindicalistas y ministros con poder de decisi\u00f3n fueron hist\u00f3ricamente varones. Y desde las instituciones tambi\u00e9n les llegan a estas mujeres las obligaciones de no faltar a clases porque se pierde presentismo o no justifican el ausente, a pesar de que todos saben que a veces faltar es necesidad.<\/p>\n\n\n\n<p>Las obligaciones que involucran m\u00e1s aportes siguen\u2026seguramente los padres no saben que, en muchas escuelas, cada maestro tiene que comprar el registro de su propio bolsillo a pesar de que no le corresponde ese gasto administrativo. O que la escuela los obliga a vender, a cocinar, a hacer aportes para rifas y despu\u00e9s venderlas, a invertir en decoraci\u00f3n de actos, de carteleras, y tantas cuestiones m\u00e1s que debilitan el maltrecho bolsillo.<\/p>\n\n\n\n<p>Es la \u00fanica profesi\u00f3n en la que el empleado colabora econ\u00f3micamente con el patr\u00f3n. Trabaja con sus propias herramientas.<\/p>\n\n\n\n<p><\/p>\n\n\n\n<figure class=\"wp-block-pullquote\"><blockquote><p><strong>Los trabajadores de la educaci\u00f3n de la provincia de C\u00f3rdoba autoconvocados, no somos \u00f1oquis, no somos ninguna casta, no somos vagos<\/strong><\/p><\/blockquote><\/figure>\n\n\n\n<p><\/p>\n\n\n\n<p>Para concluir esta catarsis, agregar\u00eda que los trabajadores de la educaci\u00f3n de la provincia de C\u00f3rdoba autoconvocados, no somos \u00f1oquis, no somos ninguna casta, no somos vagos\u2026Los que estamos en el aula, no tenemos amigos en el Ministerio, ni aspiramos a serrucharle el piso a nadie.<\/p>\n\n\n\n<p>S\u00f3lo tenemos el descaro de no querer migajas. Queremos el respeto de quienes representan a todos los docentes en las reuniones con las autoridades. No queremos esas propuestas tramposas que desde antes de difundirse huelen mal. Necesitamos que expresen el sentimiento de toda la masa trabajadora frente al robo del Apross, al que no estamos dispuestos a cederle m\u00e1s dinero del poco que tenemos.<\/p>\n\n\n\n<p>Exigimos que se transparente la situaci\u00f3n y la administraci\u00f3n de nuestros aportes, que se brinde un mejor servicio especialmente para nuestros jubilados, ya que esa obra social no los acompa\u00f1a para nada.<\/p>\n\n\n\n<p><\/p>\n\n\n\n<figure class=\"wp-block-image size-full\"><img data-recalc-dims=\"1\" decoding=\"async\" width=\"993\" height=\"660\" src=\"https:\/\/i0.wp.com\/elregionalvm.com.ar\/noticias-villa-maria\/wp-content\/uploads\/2020\/07\/aulas-vac%C3%ADas.jpg?resize=993%2C660&#038;ssl=1\" alt=\"\" class=\"wp-image-21010\" srcset=\"https:\/\/i0.wp.com\/elregionalvm.com.ar\/noticias-villa-maria\/wp-content\/uploads\/2020\/07\/aulas-vac%C3%ADas.jpg?w=993&amp;ssl=1 993w, https:\/\/i0.wp.com\/elregionalvm.com.ar\/noticias-villa-maria\/wp-content\/uploads\/2020\/07\/aulas-vac%C3%ADas.jpg?resize=300%2C199&amp;ssl=1 300w, https:\/\/i0.wp.com\/elregionalvm.com.ar\/noticias-villa-maria\/wp-content\/uploads\/2020\/07\/aulas-vac%C3%ADas.jpg?resize=768%2C510&amp;ssl=1 768w\" sizes=\"(max-width: 993px) 100vw, 993px\" \/><\/figure>\n\n\n\n<p><\/p>\n\n\n\n<p>Queremos recuperar el monto total del incentivo, un b\u00e1sico acorde a las circunstancias y a nuestro trabajo diario.<\/p>\n\n\n\n<p>Reiteramos los mismos pedidos de siempre: ning\u00fan docente bajo la l\u00ednea de pobreza, todos los aumentos al b\u00e1sico, no a la extorsi\u00f3n del presentismo, 82 por ciento m\u00f3vil y desaparici\u00f3n de aportes solidarios.<\/p>\n\n\n\n<p>Por una vez, que el Gobernador de C\u00f3rdoba tenga la honestidad de reconocer nuestro reclamo, y que intente mejorar la educaci\u00f3n antes de desfilar por los canales de la capital ofreciendo soluciones a problemas ajenos, cuando sus problemas son bastante graves\u201d.<\/p>\n\n\n\n<p><\/p>\n\n\n\n<p><strong><em>14 de marzo de 2024 -Docentes autoconvocados-<\/em><\/strong><\/p>\n","protected":false},"excerpt":{"rendered":"<p>El colectivo de Docentes Autoconvocados envi\u00f3 a nuestra Redacci\u00f3n el siguiente texto para ser publicado. El grupo de docentes de distintos puntos de la provincia viene manifestando su desacuerdo con la pol\u00edtica salarial del Gobierno provincial y con el accionar del gremio docente UEPC. \u201cEl martes 5 de marzo, los docentes de C\u00f3rdoba adherimos a [&hellip;]<\/p>\n","protected":false},"author":4,"featured_media":91292,"comment_status":"open","ping_status":"open","sticky":false,"template":"","format":"standard","meta":{"site-sidebar-layout":"default","site-content-layout":"","ast-site-content-layout":"default","site-content-style":"default","site-sidebar-style":"default","ast-global-header-display":"","ast-banner-title-visibility":"","ast-main-header-display":"","ast-hfb-above-header-display":"","ast-hfb-below-header-display":"","ast-hfb-mobile-header-display":"","site-post-title":"","ast-breadcrumbs-content":"","ast-featured-img":"","footer-sml-layout":"","ast-disable-related-posts":"","theme-transparent-header-meta":"","adv-header-id-meta":"","stick-header-meta":"","header-above-stick-meta":"","header-main-stick-meta":"","header-below-stick-meta":"","astra-migrate-meta-layouts":"set","ast-page-background-enabled":"default","ast-page-background-meta":{"desktop":{"background-color":"","background-image":"","background-repeat":"repeat","background-position":"center center","background-size":"auto","background-attachment":"scroll","background-type":"","background-media":"","overlay-type":"","overlay-color":"","overlay-opacity":"","overlay-gradient":""},"tablet":{"background-color":"","background-image":"","background-repeat":"repeat","background-position":"center center","background-size":"auto","background-attachment":"scroll","background-type":"","background-media":"","overlay-type":"","overlay-color":"","overlay-opacity":"","overlay-gradient":""},"mobile":{"background-color":"","background-image":"","background-repeat":"repeat","background-position":"center center","background-size":"auto","background-attachment":"scroll","background-type":"","background-media":"","overlay-type":"","overlay-color":"","overlay-opacity":"","overlay-gradient":""}},"ast-content-background-meta":{"desktop":{"background-color":"var(--ast-global-color-5)","background-image":"","background-repeat":"repeat","background-position":"center center","background-size":"auto","background-attachment":"scroll","background-type":"","background-media":"","overlay-type":"","overlay-color":"","overlay-opacity":"","overlay-gradient":""},"tablet":{"background-color":"var(--ast-global-color-5)","background-image":"","background-repeat":"repeat","background-position":"center center","background-size":"auto","background-attachment":"scroll","background-type":"","background-media":"","overlay-type":"","overlay-color":"","overlay-opacity":"","overlay-gradient":""},"mobile":{"background-color":"var(--ast-global-color-5)","background-image":"","background-repeat":"repeat","background-position":"center center","background-size":"auto","background-attachment":"scroll","background-type":"","background-media":"","overlay-type":"","overlay-color":"","overlay-opacity":"","overlay-gradient":""}},"_jetpack_memberships_contains_paid_content":false,"_joinchat":[],"footnotes":""},"categories":[365,3557],"tags":[23670,525,21946,161,16022,23671,7685,609,2788,6268,3689],"class_list":["post-91289","post","type-post","status-publish","format-standard","has-post-thumbnail","hentry","category-opinion","category-tercera","tag-carpa-blanca","tag-cronica","tag-docentes-autoconvocados","tag-gobernador","tag-martin-llaryora","tag-panal","tag-paritarias","tag-pobreza","tag-reclamo","tag-salario","tag-uepc"],"yoast_head":"<!-- This site is optimized with the Yoast SEO plugin v26.8 - https:\/\/yoast.com\/product\/yoast-seo-wordpress\/ -->\n<title>[Opini\u00f3n] Cr\u00f3nica de una carpa blanca - El Regional<\/title>\n<meta name=\"robots\" content=\"index, follow, max-snippet:-1, max-image-preview:large, max-video-preview:-1\" \/>\n<link rel=\"canonical\" href=\"https:\/\/elregionalvm.com.ar\/noticias-villa-maria\/opinion-cronica-de-una-carpa-blanca\/\" \/>\n<meta property=\"og:locale\" content=\"es_ES\" \/>\n<meta property=\"og:type\" content=\"article\" \/>\n<meta property=\"og:title\" content=\"[Opini\u00f3n] Cr\u00f3nica de una carpa blanca - El Regional\" \/>\n<meta property=\"og:description\" content=\"El colectivo de Docentes Autoconvocados envi\u00f3 a nuestra Redacci\u00f3n el siguiente texto para ser publicado. El grupo de docentes de distintos puntos de la provincia viene manifestando su desacuerdo con la pol\u00edtica salarial del Gobierno provincial y con el accionar del gremio docente UEPC. \u201cEl martes 5 de marzo, los docentes de C\u00f3rdoba adherimos a [&hellip;]\" \/>\n<meta property=\"og:url\" content=\"https:\/\/elregionalvm.com.ar\/noticias-villa-maria\/opinion-cronica-de-una-carpa-blanca\/\" \/>\n<meta property=\"og:site_name\" content=\"El Regional\" \/>\n<meta property=\"article:publisher\" content=\"https:\/\/www.facebook.com\/elregionalvm\" \/>\n<meta property=\"article:published_time\" content=\"2024-03-14T20:50:19+00:00\" \/>\n<meta property=\"article:modified_time\" content=\"2024-03-18T00:36:29+00:00\" \/>\n<meta property=\"og:image\" content=\"https:\/\/elregionalvm.com.ar\/noticias-villa-maria\/wp-content\/uploads\/2024\/03\/Carpa-Blanca-Panal-docentes.jpeg\" \/>\n\t<meta property=\"og:image:width\" content=\"1420\" \/>\n\t<meta property=\"og:image:height\" content=\"770\" \/>\n\t<meta property=\"og:image:type\" content=\"image\/jpeg\" \/>\n<meta name=\"author\" content=\"Contenidos El Regional\" \/>\n<meta name=\"twitter:card\" content=\"summary_large_image\" \/>\n<meta name=\"twitter:creator\" content=\"@elregionalvm1\" \/>\n<meta name=\"twitter:site\" content=\"@elregionalvm1\" \/>\n<meta name=\"twitter:label1\" content=\"Escrito por\" \/>\n\t<meta name=\"twitter:data1\" content=\"Contenidos El Regional\" \/>\n\t<meta name=\"twitter:label2\" content=\"Tiempo de lectura\" \/>\n\t<meta name=\"twitter:data2\" content=\"7 minutos\" \/>\n<script type=\"application\/ld+json\" class=\"yoast-schema-graph\">{\"@context\":\"https:\/\/schema.org\",\"@graph\":[{\"@type\":\"Article\",\"@id\":\"https:\/\/elregionalvm.com.ar\/noticias-villa-maria\/opinion-cronica-de-una-carpa-blanca\/#article\",\"isPartOf\":{\"@id\":\"https:\/\/elregionalvm.com.ar\/noticias-villa-maria\/opinion-cronica-de-una-carpa-blanca\/\"},\"author\":{\"name\":\"Contenidos El Regional\",\"@id\":\"http:\/\/elregionalvm.com.ar\/noticias-villa-maria\/#\/schema\/person\/a0fb9c422317faca23d50163151bc354\"},\"headline\":\"[Opini\u00f3n] Cr\u00f3nica de una carpa blanca\",\"datePublished\":\"2024-03-14T20:50:19+00:00\",\"dateModified\":\"2024-03-18T00:36:29+00:00\",\"mainEntityOfPage\":{\"@id\":\"https:\/\/elregionalvm.com.ar\/noticias-villa-maria\/opinion-cronica-de-una-carpa-blanca\/\"},\"wordCount\":1418,\"commentCount\":0,\"image\":{\"@id\":\"https:\/\/elregionalvm.com.ar\/noticias-villa-maria\/opinion-cronica-de-una-carpa-blanca\/#primaryimage\"},\"thumbnailUrl\":\"https:\/\/i0.wp.com\/elregionalvm.com.ar\/noticias-villa-maria\/wp-content\/uploads\/2024\/03\/Carpa-Blanca-Panal-docentes.jpeg?fit=1420%2C770&ssl=1\",\"keywords\":[\"carpa blanca\",\"Cr\u00f3nica\",\"docentes autoconvocados\",\"Gobernador\",\"Mart\u00edn Llaryora\",\"Panal\",\"Paritarias\",\"Pobreza\",\"Reclamo\",\"Salario\",\"UEPC\"],\"articleSection\":[\"Opini\u00f3n\",\"tercera\"],\"inLanguage\":\"es\",\"potentialAction\":[{\"@type\":\"CommentAction\",\"name\":\"Comment\",\"target\":[\"https:\/\/elregionalvm.com.ar\/noticias-villa-maria\/opinion-cronica-de-una-carpa-blanca\/#respond\"]}]},{\"@type\":\"WebPage\",\"@id\":\"https:\/\/elregionalvm.com.ar\/noticias-villa-maria\/opinion-cronica-de-una-carpa-blanca\/\",\"url\":\"https:\/\/elregionalvm.com.ar\/noticias-villa-maria\/opinion-cronica-de-una-carpa-blanca\/\",\"name\":\"[Opini\u00f3n] Cr\u00f3nica de una carpa blanca - El Regional\",\"isPartOf\":{\"@id\":\"http:\/\/elregionalvm.com.ar\/noticias-villa-maria\/#website\"},\"primaryImageOfPage\":{\"@id\":\"https:\/\/elregionalvm.com.ar\/noticias-villa-maria\/opinion-cronica-de-una-carpa-blanca\/#primaryimage\"},\"image\":{\"@id\":\"https:\/\/elregionalvm.com.ar\/noticias-villa-maria\/opinion-cronica-de-una-carpa-blanca\/#primaryimage\"},\"thumbnailUrl\":\"https:\/\/i0.wp.com\/elregionalvm.com.ar\/noticias-villa-maria\/wp-content\/uploads\/2024\/03\/Carpa-Blanca-Panal-docentes.jpeg?fit=1420%2C770&ssl=1\",\"datePublished\":\"2024-03-14T20:50:19+00:00\",\"dateModified\":\"2024-03-18T00:36:29+00:00\",\"author\":{\"@id\":\"http:\/\/elregionalvm.com.ar\/noticias-villa-maria\/#\/schema\/person\/a0fb9c422317faca23d50163151bc354\"},\"breadcrumb\":{\"@id\":\"https:\/\/elregionalvm.com.ar\/noticias-villa-maria\/opinion-cronica-de-una-carpa-blanca\/#breadcrumb\"},\"inLanguage\":\"es\",\"potentialAction\":[{\"@type\":\"ReadAction\",\"target\":[\"https:\/\/elregionalvm.com.ar\/noticias-villa-maria\/opinion-cronica-de-una-carpa-blanca\/\"]}]},{\"@type\":\"ImageObject\",\"inLanguage\":\"es\",\"@id\":\"https:\/\/elregionalvm.com.ar\/noticias-villa-maria\/opinion-cronica-de-una-carpa-blanca\/#primaryimage\",\"url\":\"https:\/\/i0.wp.com\/elregionalvm.com.ar\/noticias-villa-maria\/wp-content\/uploads\/2024\/03\/Carpa-Blanca-Panal-docentes.jpeg?fit=1420%2C770&ssl=1\",\"contentUrl\":\"https:\/\/i0.wp.com\/elregionalvm.com.ar\/noticias-villa-maria\/wp-content\/uploads\/2024\/03\/Carpa-Blanca-Panal-docentes.jpeg?fit=1420%2C770&ssl=1\",\"width\":1420,\"height\":770},{\"@type\":\"BreadcrumbList\",\"@id\":\"https:\/\/elregionalvm.com.ar\/noticias-villa-maria\/opinion-cronica-de-una-carpa-blanca\/#breadcrumb\",\"itemListElement\":[{\"@type\":\"ListItem\",\"position\":1,\"name\":\"Portada\",\"item\":\"https:\/\/elregionalvm.com.ar\/noticias-villa-maria\/\"},{\"@type\":\"ListItem\",\"position\":2,\"name\":\"[Opini\u00f3n] Cr\u00f3nica de una carpa blanca\"}]},{\"@type\":\"WebSite\",\"@id\":\"http:\/\/elregionalvm.com.ar\/noticias-villa-maria\/#website\",\"url\":\"http:\/\/elregionalvm.com.ar\/noticias-villa-maria\/\",\"name\":\"El Regional\",\"description\":\"Mucho m\u00e1s que informaci\u00f3n\",\"potentialAction\":[{\"@type\":\"SearchAction\",\"target\":{\"@type\":\"EntryPoint\",\"urlTemplate\":\"http:\/\/elregionalvm.com.ar\/noticias-villa-maria\/?s={search_term_string}\"},\"query-input\":{\"@type\":\"PropertyValueSpecification\",\"valueRequired\":true,\"valueName\":\"search_term_string\"}}],\"inLanguage\":\"es\"},{\"@type\":\"Person\",\"@id\":\"http:\/\/elregionalvm.com.ar\/noticias-villa-maria\/#\/schema\/person\/a0fb9c422317faca23d50163151bc354\",\"name\":\"Contenidos El Regional\",\"image\":{\"@type\":\"ImageObject\",\"inLanguage\":\"es\",\"@id\":\"http:\/\/elregionalvm.com.ar\/noticias-villa-maria\/#\/schema\/person\/image\/\",\"url\":\"https:\/\/secure.gravatar.com\/avatar\/265b27cb2209af7bb3a1318f03305787d7981a5cc6e6cd08fe5a4ecdf99d4b48?s=96&d=mm&r=g\",\"contentUrl\":\"https:\/\/secure.gravatar.com\/avatar\/265b27cb2209af7bb3a1318f03305787d7981a5cc6e6cd08fe5a4ecdf99d4b48?s=96&d=mm&r=g\",\"caption\":\"Contenidos El Regional\"},\"url\":\"https:\/\/elregionalvm.com.ar\/noticias-villa-maria\/author\/contenido\/\"}]}<\/script>\n<!-- \/ Yoast SEO plugin. -->","yoast_head_json":{"title":"[Opini\u00f3n] Cr\u00f3nica de una carpa blanca - El Regional","robots":{"index":"index","follow":"follow","max-snippet":"max-snippet:-1","max-image-preview":"max-image-preview:large","max-video-preview":"max-video-preview:-1"},"canonical":"https:\/\/elregionalvm.com.ar\/noticias-villa-maria\/opinion-cronica-de-una-carpa-blanca\/","og_locale":"es_ES","og_type":"article","og_title":"[Opini\u00f3n] Cr\u00f3nica de una carpa blanca - El Regional","og_description":"El colectivo de Docentes Autoconvocados envi\u00f3 a nuestra Redacci\u00f3n el siguiente texto para ser publicado. El grupo de docentes de distintos puntos de la provincia viene manifestando su desacuerdo con la pol\u00edtica salarial del Gobierno provincial y con el accionar del gremio docente UEPC. \u201cEl martes 5 de marzo, los docentes de C\u00f3rdoba adherimos a [&hellip;]","og_url":"https:\/\/elregionalvm.com.ar\/noticias-villa-maria\/opinion-cronica-de-una-carpa-blanca\/","og_site_name":"El Regional","article_publisher":"https:\/\/www.facebook.com\/elregionalvm","article_published_time":"2024-03-14T20:50:19+00:00","article_modified_time":"2024-03-18T00:36:29+00:00","og_image":[{"width":1420,"height":770,"url":"https:\/\/elregionalvm.com.ar\/noticias-villa-maria\/wp-content\/uploads\/2024\/03\/Carpa-Blanca-Panal-docentes.jpeg","type":"image\/jpeg"}],"author":"Contenidos El Regional","twitter_card":"summary_large_image","twitter_creator":"@elregionalvm1","twitter_site":"@elregionalvm1","twitter_misc":{"Escrito por":"Contenidos El Regional","Tiempo de lectura":"7 minutos"},"schema":{"@context":"https:\/\/schema.org","@graph":[{"@type":"Article","@id":"https:\/\/elregionalvm.com.ar\/noticias-villa-maria\/opinion-cronica-de-una-carpa-blanca\/#article","isPartOf":{"@id":"https:\/\/elregionalvm.com.ar\/noticias-villa-maria\/opinion-cronica-de-una-carpa-blanca\/"},"author":{"name":"Contenidos El Regional","@id":"http:\/\/elregionalvm.com.ar\/noticias-villa-maria\/#\/schema\/person\/a0fb9c422317faca23d50163151bc354"},"headline":"[Opini\u00f3n] Cr\u00f3nica de una carpa blanca","datePublished":"2024-03-14T20:50:19+00:00","dateModified":"2024-03-18T00:36:29+00:00","mainEntityOfPage":{"@id":"https:\/\/elregionalvm.com.ar\/noticias-villa-maria\/opinion-cronica-de-una-carpa-blanca\/"},"wordCount":1418,"commentCount":0,"image":{"@id":"https:\/\/elregionalvm.com.ar\/noticias-villa-maria\/opinion-cronica-de-una-carpa-blanca\/#primaryimage"},"thumbnailUrl":"https:\/\/i0.wp.com\/elregionalvm.com.ar\/noticias-villa-maria\/wp-content\/uploads\/2024\/03\/Carpa-Blanca-Panal-docentes.jpeg?fit=1420%2C770&ssl=1","keywords":["carpa blanca","Cr\u00f3nica","docentes autoconvocados","Gobernador","Mart\u00edn Llaryora","Panal","Paritarias","Pobreza","Reclamo","Salario","UEPC"],"articleSection":["Opini\u00f3n","tercera"],"inLanguage":"es","potentialAction":[{"@type":"CommentAction","name":"Comment","target":["https:\/\/elregionalvm.com.ar\/noticias-villa-maria\/opinion-cronica-de-una-carpa-blanca\/#respond"]}]},{"@type":"WebPage","@id":"https:\/\/elregionalvm.com.ar\/noticias-villa-maria\/opinion-cronica-de-una-carpa-blanca\/","url":"https:\/\/elregionalvm.com.ar\/noticias-villa-maria\/opinion-cronica-de-una-carpa-blanca\/","name":"[Opini\u00f3n] Cr\u00f3nica de una carpa blanca - El Regional","isPartOf":{"@id":"http:\/\/elregionalvm.com.ar\/noticias-villa-maria\/#website"},"primaryImageOfPage":{"@id":"https:\/\/elregionalvm.com.ar\/noticias-villa-maria\/opinion-cronica-de-una-carpa-blanca\/#primaryimage"},"image":{"@id":"https:\/\/elregionalvm.com.ar\/noticias-villa-maria\/opinion-cronica-de-una-carpa-blanca\/#primaryimage"},"thumbnailUrl":"https:\/\/i0.wp.com\/elregionalvm.com.ar\/noticias-villa-maria\/wp-content\/uploads\/2024\/03\/Carpa-Blanca-Panal-docentes.jpeg?fit=1420%2C770&ssl=1","datePublished":"2024-03-14T20:50:19+00:00","dateModified":"2024-03-18T00:36:29+00:00","author":{"@id":"http:\/\/elregionalvm.com.ar\/noticias-villa-maria\/#\/schema\/person\/a0fb9c422317faca23d50163151bc354"},"breadcrumb":{"@id":"https:\/\/elregionalvm.com.ar\/noticias-villa-maria\/opinion-cronica-de-una-carpa-blanca\/#breadcrumb"},"inLanguage":"es","potentialAction":[{"@type":"ReadAction","target":["https:\/\/elregionalvm.com.ar\/noticias-villa-maria\/opinion-cronica-de-una-carpa-blanca\/"]}]},{"@type":"ImageObject","inLanguage":"es","@id":"https:\/\/elregionalvm.com.ar\/noticias-villa-maria\/opinion-cronica-de-una-carpa-blanca\/#primaryimage","url":"https:\/\/i0.wp.com\/elregionalvm.com.ar\/noticias-villa-maria\/wp-content\/uploads\/2024\/03\/Carpa-Blanca-Panal-docentes.jpeg?fit=1420%2C770&ssl=1","contentUrl":"https:\/\/i0.wp.com\/elregionalvm.com.ar\/noticias-villa-maria\/wp-content\/uploads\/2024\/03\/Carpa-Blanca-Panal-docentes.jpeg?fit=1420%2C770&ssl=1","width":1420,"height":770},{"@type":"BreadcrumbList","@id":"https:\/\/elregionalvm.com.ar\/noticias-villa-maria\/opinion-cronica-de-una-carpa-blanca\/#breadcrumb","itemListElement":[{"@type":"ListItem","position":1,"name":"Portada","item":"https:\/\/elregionalvm.com.ar\/noticias-villa-maria\/"},{"@type":"ListItem","position":2,"name":"[Opini\u00f3n] Cr\u00f3nica de una carpa blanca"}]},{"@type":"WebSite","@id":"http:\/\/elregionalvm.com.ar\/noticias-villa-maria\/#website","url":"http:\/\/elregionalvm.com.ar\/noticias-villa-maria\/","name":"El Regional","description":"Mucho m\u00e1s que informaci\u00f3n","potentialAction":[{"@type":"SearchAction","target":{"@type":"EntryPoint","urlTemplate":"http:\/\/elregionalvm.com.ar\/noticias-villa-maria\/?s={search_term_string}"},"query-input":{"@type":"PropertyValueSpecification","valueRequired":true,"valueName":"search_term_string"}}],"inLanguage":"es"},{"@type":"Person","@id":"http:\/\/elregionalvm.com.ar\/noticias-villa-maria\/#\/schema\/person\/a0fb9c422317faca23d50163151bc354","name":"Contenidos El Regional","image":{"@type":"ImageObject","inLanguage":"es","@id":"http:\/\/elregionalvm.com.ar\/noticias-villa-maria\/#\/schema\/person\/image\/","url":"https:\/\/secure.gravatar.com\/avatar\/265b27cb2209af7bb3a1318f03305787d7981a5cc6e6cd08fe5a4ecdf99d4b48?s=96&d=mm&r=g","contentUrl":"https:\/\/secure.gravatar.com\/avatar\/265b27cb2209af7bb3a1318f03305787d7981a5cc6e6cd08fe5a4ecdf99d4b48?s=96&d=mm&r=g","caption":"Contenidos El Regional"},"url":"https:\/\/elregionalvm.com.ar\/noticias-villa-maria\/author\/contenido\/"}]}},"jetpack_featured_media_url":"https:\/\/i0.wp.com\/elregionalvm.com.ar\/noticias-villa-maria\/wp-content\/uploads\/2024\/03\/Carpa-Blanca-Panal-docentes.jpeg?fit=1420%2C770&ssl=1","jetpack_sharing_enabled":true,"_links":{"self":[{"href":"https:\/\/elregionalvm.com.ar\/noticias-villa-maria\/wp-json\/wp\/v2\/posts\/91289","targetHints":{"allow":["GET"]}}],"collection":[{"href":"https:\/\/elregionalvm.com.ar\/noticias-villa-maria\/wp-json\/wp\/v2\/posts"}],"about":[{"href":"https:\/\/elregionalvm.com.ar\/noticias-villa-maria\/wp-json\/wp\/v2\/types\/post"}],"author":[{"embeddable":true,"href":"https:\/\/elregionalvm.com.ar\/noticias-villa-maria\/wp-json\/wp\/v2\/users\/4"}],"replies":[{"embeddable":true,"href":"https:\/\/elregionalvm.com.ar\/noticias-villa-maria\/wp-json\/wp\/v2\/comments?post=91289"}],"version-history":[{"count":2,"href":"https:\/\/elregionalvm.com.ar\/noticias-villa-maria\/wp-json\/wp\/v2\/posts\/91289\/revisions"}],"predecessor-version":[{"id":91293,"href":"https:\/\/elregionalvm.com.ar\/noticias-villa-maria\/wp-json\/wp\/v2\/posts\/91289\/revisions\/91293"}],"wp:featuredmedia":[{"embeddable":true,"href":"https:\/\/elregionalvm.com.ar\/noticias-villa-maria\/wp-json\/wp\/v2\/media\/91292"}],"wp:attachment":[{"href":"https:\/\/elregionalvm.com.ar\/noticias-villa-maria\/wp-json\/wp\/v2\/media?parent=91289"}],"wp:term":[{"taxonomy":"category","embeddable":true,"href":"https:\/\/elregionalvm.com.ar\/noticias-villa-maria\/wp-json\/wp\/v2\/categories?post=91289"},{"taxonomy":"post_tag","embeddable":true,"href":"https:\/\/elregionalvm.com.ar\/noticias-villa-maria\/wp-json\/wp\/v2\/tags?post=91289"}],"curies":[{"name":"wp","href":"https:\/\/api.w.org\/{rel}","templated":true}]}}