{"id":91294,"date":"2024-03-14T21:11:25","date_gmt":"2024-03-14T21:11:25","guid":{"rendered":"https:\/\/elregionalvm.com.ar\/noticias-villa-maria\/?p=91294"},"modified":"2024-03-18T00:36:42","modified_gmt":"2024-03-18T00:36:42","slug":"historias-el-hombre-con-el-pulmon-de-acero-que-no-se-rindio-nunca","status":"publish","type":"post","link":"https:\/\/elregionalvm.com.ar\/noticias-villa-maria\/historias-el-hombre-con-el-pulmon-de-acero-que-no-se-rindio-nunca\/","title":{"rendered":"[Historias] El hombre con el pulm\u00f3n de acero que no se rindi\u00f3 nunca"},"content":{"rendered":"\n<h3 class=\"wp-block-heading\"><strong>Paul \u00abPulm\u00f3n de acero\u00bb Alexander, muri\u00f3 a los 78 a\u00f1os, dejando un claro ejemplo de amor por la vida. Incapaz de respirar por s\u00ed mismo, Paul dependi\u00f3 desde entonces de una m\u00e1quina para sobrevivir. La utiliz\u00f3 durante m\u00e1s de siete d\u00e9cadas, incluso cuando aparecieron nuevas tecnolog\u00edas<\/strong>.<\/h3>\n\n\n\n<p><\/p>\n\n\n\n<p>Uno de los casos m\u00e1s llamativos en el mundo, no s\u00f3lo por su singularidad sino por el desaf\u00edo que emprendi\u00f3 un hombre hace 70 a\u00f1os y que lleg\u00f3 a su fin. Paul Alexander vivi\u00f3 hasta los 78 a\u00f1os en un \u201cpulm\u00f3n de acero\u201d, muri\u00f3 el lunes 11 de marzo. La noticia fue dada a conocer por Christopher Ulmer, activista por los derechos de los discapacitados, quien estuvo en contacto con \u00e9l los \u00faltimos a\u00f1os.<\/p>\n\n\n\n<p>Paul Richard Alexander naci\u00f3 el 30 de enero de 1946 y creci\u00f3 en Dallas, Texas, donde enfrent\u00f3 uno de los desaf\u00edos m\u00e1s dif\u00edciles: a los seis a\u00f1os contrajo poliomielitis, una enfermedad que lo dej\u00f3 paralizado del cuello hasta los pies, por lo que no pod\u00eda respirar por s\u00ed mismo y tuvo que depender del pulm\u00f3n de acero para hacerlo.<\/p>\n\n\n\n<p>A pesar de estos desaf\u00edos, Paul no permiti\u00f3 que su condici\u00f3n definiera su vida. Demostr\u00f3 una capacidad extraordinaria para adaptarse y superar obst\u00e1culos.<\/p>\n\n\n\n<p><\/p>\n\n\n\n<figure class=\"wp-block-image size-full is-resized\"><img data-recalc-dims=\"1\" fetchpriority=\"high\" decoding=\"async\" width=\"807\" height=\"454\" src=\"https:\/\/i0.wp.com\/elregionalvm.com.ar\/noticias-villa-maria\/wp-content\/uploads\/2024\/03\/pulmon-acero-1.jpg?resize=807%2C454&#038;ssl=1\" alt=\"\" class=\"wp-image-91298\" style=\"width:910px;height:auto\" srcset=\"https:\/\/i0.wp.com\/elregionalvm.com.ar\/noticias-villa-maria\/wp-content\/uploads\/2024\/03\/pulmon-acero-1.jpg?w=807&amp;ssl=1 807w, https:\/\/i0.wp.com\/elregionalvm.com.ar\/noticias-villa-maria\/wp-content\/uploads\/2024\/03\/pulmon-acero-1.jpg?resize=300%2C169&amp;ssl=1 300w, https:\/\/i0.wp.com\/elregionalvm.com.ar\/noticias-villa-maria\/wp-content\/uploads\/2024\/03\/pulmon-acero-1.jpg?resize=768%2C432&amp;ssl=1 768w\" sizes=\"(max-width: 807px) 100vw, 807px\" \/><\/figure>\n\n\n\n<p><\/p>\n\n\n\n<p><strong>Su historia<\/strong><\/p>\n\n\n\n<p>La poliomielitis, una enfermedad que asol\u00f3 a miles durante el siglo XX, ataca el sistema nervioso central y puede causar par\u00e1lisis.<\/p>\n\n\n\n<p>Durante la epidemia de polio de principios de los a\u00f1os 50, muchos ni\u00f1os en Dallas, incluido Paul Alexander, fueron ingresados en el Hospital Parkland, donde los trataron en una sala llena de pulmones de acero.<\/p>\n\n\n\n<p>A los seis a\u00f1os, Paul contrajo la enfermedad y qued\u00f3 paralizado del cuello para abajo de por vida. La vacuna contra esta enfermedad fue descubierta apenas unos meses despu\u00e9s de la infecci\u00f3n de Alexander.<\/p>\n\n\n\n<p>Muchos han sido los reportajes que se le hicieron, pero uno de ellos fue el cineasta Mitch Summers, fue cuando regres\u00f3 del hospital despu\u00e9s de la primera operaci\u00f3n, cuando el entonces apenas ni\u00f1o Paul se dijo a s\u00ed mismo que la enfermedad no lo doblegar\u00eda. \u201cNunca me he rendido y no lo voy a hacer\u201d, dijo Alexander en la entrevista que qued\u00f3 inmortalizada.<\/p>\n\n\n\n<p>De ni\u00f1o, no le gustaba estar en su casa mirando televisi\u00f3n todo el d\u00eda, por lo que decidi\u00f3 que empezar\u00eda a estudiar. Despu\u00e9s de convertirse en uno de los primeros ni\u00f1os en recibir educaci\u00f3n primaria y media en su hogar, intent\u00f3 llegar a la universidad. Pero fue rechazado debido a su discapacidad.<\/p>\n\n\n\n<p>Sin embargo, no se detuvo en sus intentos por graduarse y su tenacidad e insistencia hicieron que la Universidad Metodista del Sur le otorgara una beca y lograra en 1984 graduarse como Doctor en Derecho de la Universidad de Texas en Austin. \u201cPor fin ocurri\u00f3 algo bueno, quer\u00eda ser abogado desde hac\u00eda mucho tiempo\u201d, record\u00f3. \u201cY tambi\u00e9n fui uno muy bueno\u201d, agreg\u00f3 en el video.<\/p>\n\n\n\n<p><\/p>\n\n\n\n<figure class=\"wp-block-image size-full is-resized\"><img data-recalc-dims=\"1\" decoding=\"async\" width=\"807\" height=\"454\" src=\"https:\/\/i0.wp.com\/elregionalvm.com.ar\/noticias-villa-maria\/wp-content\/uploads\/2024\/03\/Paul-Richard-Alexander-pulmon-acero.jpeg?resize=807%2C454&#038;ssl=1\" alt=\"\" class=\"wp-image-91300\" style=\"width:910px;height:auto\" srcset=\"https:\/\/i0.wp.com\/elregionalvm.com.ar\/noticias-villa-maria\/wp-content\/uploads\/2024\/03\/Paul-Richard-Alexander-pulmon-acero.jpeg?w=807&amp;ssl=1 807w, https:\/\/i0.wp.com\/elregionalvm.com.ar\/noticias-villa-maria\/wp-content\/uploads\/2024\/03\/Paul-Richard-Alexander-pulmon-acero.jpeg?resize=300%2C169&amp;ssl=1 300w, https:\/\/i0.wp.com\/elregionalvm.com.ar\/noticias-villa-maria\/wp-content\/uploads\/2024\/03\/Paul-Richard-Alexander-pulmon-acero.jpeg?resize=768%2C432&amp;ssl=1 768w\" sizes=\"(max-width: 807px) 100vw, 807px\" \/><\/figure>\n\n\n\n<p><\/p>\n\n\n\n<p>En la universidad conoci\u00f3 a Claire, con la que m\u00e1s tarde se comprometi\u00f3. M\u00e1s adelante, Alexander entabl\u00f3 una estrecha relaci\u00f3n con Kathy Gaines, que se convirti\u00f3 en su cuidadora, o \u201cbrazos y piernas\u201d, seg\u00fan sus propias palabras. Gaines empez\u00f3 a ayudarlo cuando Alexander se licenci\u00f3 en Derecho, y lo apoy\u00f3 durante m\u00e1s de tres d\u00e9cadas. Seg\u00fan Alexander, los dos \u201ccrecieron juntos\u201d, ya que Gaines es legalmente ciega a causa de una diabetes de tipo 1.<\/p>\n\n\n\n<p>Escribi\u00f3 su libro \u00abThree Minutes for a Dog: My Life in an Iron Lung\u00bb (\u00abTres minutos para un perro: mi vida en un pulm\u00f3n de hierro\u00bb), que fue publicado en el 2020 despu\u00e9s de que pasara 5 a\u00f1os tratando de escribirlo.<\/p>\n\n\n\n<p>Su historia, que se ha convertido en un ejemplo de resistencia y lucha, hoy sirve para miles de personas en todo el mundo. Paul Alexander escribi\u00f3 cada palabra con un bol\u00edgrafo sujeto a un palo que sosten\u00eda con la boca o dict\u00e1ndolas a un amigo.<\/p>\n\n\n\n<p><strong>C\u00f3mo funcionaba el artefacto que lo manten\u00eda vivo<\/strong><\/p>\n\n\n\n<p>El tanque de acero ten\u00eda la funci\u00f3n de suplir los pulmones de este hombre, por lo que incorporaba un enorme ventilador que creaba un vac\u00edo al interior. De esta forma, el dispositivo generaba un flujo de ox\u00edgeno a los pulmones del paciente ya que su sistema nervioso y respiratorio fueron destruidos por el virus del polio.<\/p>\n\n\n\n<p><\/p>\n\n\n\n<figure class=\"wp-block-image size-full is-resized\"><img data-recalc-dims=\"1\" decoding=\"async\" width=\"807\" height=\"454\" src=\"https:\/\/i0.wp.com\/elregionalvm.com.ar\/noticias-villa-maria\/wp-content\/uploads\/2024\/03\/pulmon-acero-3.jpg?resize=807%2C454&#038;ssl=1\" alt=\"\" class=\"wp-image-91299\" style=\"width:910px;height:auto\" srcset=\"https:\/\/i0.wp.com\/elregionalvm.com.ar\/noticias-villa-maria\/wp-content\/uploads\/2024\/03\/pulmon-acero-3.jpg?w=807&amp;ssl=1 807w, https:\/\/i0.wp.com\/elregionalvm.com.ar\/noticias-villa-maria\/wp-content\/uploads\/2024\/03\/pulmon-acero-3.jpg?resize=300%2C169&amp;ssl=1 300w, https:\/\/i0.wp.com\/elregionalvm.com.ar\/noticias-villa-maria\/wp-content\/uploads\/2024\/03\/pulmon-acero-3.jpg?resize=768%2C432&amp;ssl=1 768w\" sizes=\"(max-width: 807px) 100vw, 807px\" \/><\/figure>\n\n\n\n<p><\/p>\n\n\n\n<p>El tanque es conocido como un ventilador de presi\u00f3n negativa debido a creaba artificialmente la respiraci\u00f3n ejerciendo una presi\u00f3n sobre los pulmones para que se expandan y contraigan.<\/p>\n\n\n\n<p>Este respirador era usado por solo unas semanas, pero algunos pacientes como Paul lograron vivir durante d\u00e9cadas con este dispositivo. Los avances cient\u00edficos han permitido mejorar estos sistemas con ventiladores mucho m\u00e1s modernos y eficientes, como los que se usaron durante la pandemia del COVID-19.<\/p>\n\n\n\n<p><\/p>\n\n\n\n<p><em>Fuente: Jornada<\/em><\/p>\n","protected":false},"excerpt":{"rendered":"<p>Paul \u00abPulm\u00f3n de acero\u00bb Alexander, muri\u00f3 a los 78 a\u00f1os, dejando un claro ejemplo de amor por la vida. Incapaz de respirar por s\u00ed mismo, Paul dependi\u00f3 desde entonces de una m\u00e1quina para sobrevivir. La utiliz\u00f3 durante m\u00e1s de siete d\u00e9cadas, incluso cuando aparecieron nuevas tecnolog\u00edas. Uno de los casos m\u00e1s llamativos en el mundo, [&hellip;]<\/p>\n","protected":false},"author":4,"featured_media":91296,"comment_status":"open","ping_status":"open","sticky":false,"template":"","format":"standard","meta":{"site-sidebar-layout":"default","site-content-layout":"","ast-site-content-layout":"default","site-content-style":"default","site-sidebar-style":"default","ast-global-header-display":"","ast-banner-title-visibility":"","ast-main-header-display":"","ast-hfb-above-header-display":"","ast-hfb-below-header-display":"","ast-hfb-mobile-header-display":"","site-post-title":"","ast-breadcrumbs-content":"","ast-featured-img":"","footer-sml-layout":"","ast-disable-related-posts":"","theme-transparent-header-meta":"","adv-header-id-meta":"","stick-header-meta":"","header-above-stick-meta":"","header-main-stick-meta":"","header-below-stick-meta":"","astra-migrate-meta-layouts":"set","ast-page-background-enabled":"default","ast-page-background-meta":{"desktop":{"background-color":"","background-image":"","background-repeat":"repeat","background-position":"center center","background-size":"auto","background-attachment":"scroll","background-type":"","background-media":"","overlay-type":"","overlay-color":"","overlay-opacity":"","overlay-gradient":""},"tablet":{"background-color":"","background-image":"","background-repeat":"repeat","background-position":"center center","background-size":"auto","background-attachment":"scroll","background-type":"","background-media":"","overlay-type":"","overlay-color":"","overlay-opacity":"","overlay-gradient":""},"mobile":{"background-color":"","background-image":"","background-repeat":"repeat","background-position":"center center","background-size":"auto","background-attachment":"scroll","background-type":"","background-media":"","overlay-type":"","overlay-color":"","overlay-opacity":"","overlay-gradient":""}},"ast-content-background-meta":{"desktop":{"background-color":"var(--ast-global-color-5)","background-image":"","background-repeat":"repeat","background-position":"center center","background-size":"auto","background-attachment":"scroll","background-type":"","background-media":"","overlay-type":"","overlay-color":"","overlay-opacity":"","overlay-gradient":""},"tablet":{"background-color":"var(--ast-global-color-5)","background-image":"","background-repeat":"repeat","background-position":"center center","background-size":"auto","background-attachment":"scroll","background-type":"","background-media":"","overlay-type":"","overlay-color":"","overlay-opacity":"","overlay-gradient":""},"mobile":{"background-color":"var(--ast-global-color-5)","background-image":"","background-repeat":"repeat","background-position":"center center","background-size":"auto","background-attachment":"scroll","background-type":"","background-media":"","overlay-type":"","overlay-color":"","overlay-opacity":"","overlay-gradient":""}},"_jetpack_memberships_contains_paid_content":false,"_joinchat":[],"footnotes":""},"categories":[2098,3557],"tags":[23673,23675,2603,261,1386,20988,23672,23674],"class_list":["post-91294","post","type-post","status-publish","format-standard","has-post-thumbnail","hentry","category-historias","category-tercera","tag-alexander","tag-amor-por-la-vida","tag-discapacidad","tag-fallecimiento","tag-historias","tag-polio","tag-pulmon-de-acero","tag-superacion"],"yoast_head":"<!-- This site is optimized with the Yoast SEO plugin v26.8 - https:\/\/yoast.com\/product\/yoast-seo-wordpress\/ -->\n<title>[Historias] El hombre con el pulm\u00f3n de acero que no se rindi\u00f3 nunca - El Regional<\/title>\n<meta name=\"robots\" content=\"index, follow, max-snippet:-1, max-image-preview:large, max-video-preview:-1\" \/>\n<link rel=\"canonical\" href=\"https:\/\/elregionalvm.com.ar\/noticias-villa-maria\/historias-el-hombre-con-el-pulmon-de-acero-que-no-se-rindio-nunca\/\" \/>\n<meta property=\"og:locale\" content=\"es_ES\" \/>\n<meta property=\"og:type\" content=\"article\" \/>\n<meta property=\"og:title\" content=\"[Historias] El hombre con el pulm\u00f3n de acero que no se rindi\u00f3 nunca - El Regional\" \/>\n<meta property=\"og:description\" content=\"Paul \u00abPulm\u00f3n de acero\u00bb Alexander, muri\u00f3 a los 78 a\u00f1os, dejando un claro ejemplo de amor por la vida. Incapaz de respirar por s\u00ed mismo, Paul dependi\u00f3 desde entonces de una m\u00e1quina para sobrevivir. La utiliz\u00f3 durante m\u00e1s de siete d\u00e9cadas, incluso cuando aparecieron nuevas tecnolog\u00edas. Uno de los casos m\u00e1s llamativos en el mundo, [&hellip;]\" \/>\n<meta property=\"og:url\" content=\"https:\/\/elregionalvm.com.ar\/noticias-villa-maria\/historias-el-hombre-con-el-pulmon-de-acero-que-no-se-rindio-nunca\/\" \/>\n<meta property=\"og:site_name\" content=\"El Regional\" \/>\n<meta property=\"article:publisher\" content=\"https:\/\/www.facebook.com\/elregionalvm\" \/>\n<meta property=\"article:published_time\" content=\"2024-03-14T21:11:25+00:00\" \/>\n<meta property=\"article:modified_time\" content=\"2024-03-18T00:36:42+00:00\" \/>\n<meta property=\"og:image\" content=\"https:\/\/elregionalvm.com.ar\/noticias-villa-maria\/wp-content\/uploads\/2024\/03\/pulmon-de-acero.jpg\" \/>\n\t<meta property=\"og:image:width\" content=\"807\" \/>\n\t<meta property=\"og:image:height\" content=\"454\" \/>\n\t<meta property=\"og:image:type\" content=\"image\/jpeg\" \/>\n<meta name=\"author\" content=\"Contenidos El Regional\" \/>\n<meta name=\"twitter:card\" content=\"summary_large_image\" \/>\n<meta name=\"twitter:creator\" content=\"@elregionalvm1\" \/>\n<meta name=\"twitter:site\" content=\"@elregionalvm1\" \/>\n<meta name=\"twitter:label1\" content=\"Escrito por\" \/>\n\t<meta name=\"twitter:data1\" content=\"Contenidos El Regional\" \/>\n\t<meta name=\"twitter:label2\" content=\"Tiempo de lectura\" \/>\n\t<meta name=\"twitter:data2\" content=\"5 minutos\" \/>\n<script type=\"application\/ld+json\" class=\"yoast-schema-graph\">{\"@context\":\"https:\/\/schema.org\",\"@graph\":[{\"@type\":\"Article\",\"@id\":\"https:\/\/elregionalvm.com.ar\/noticias-villa-maria\/historias-el-hombre-con-el-pulmon-de-acero-que-no-se-rindio-nunca\/#article\",\"isPartOf\":{\"@id\":\"https:\/\/elregionalvm.com.ar\/noticias-villa-maria\/historias-el-hombre-con-el-pulmon-de-acero-que-no-se-rindio-nunca\/\"},\"author\":{\"name\":\"Contenidos El Regional\",\"@id\":\"http:\/\/elregionalvm.com.ar\/noticias-villa-maria\/#\/schema\/person\/a0fb9c422317faca23d50163151bc354\"},\"headline\":\"[Historias] El hombre con el pulm\u00f3n de acero que no se rindi\u00f3 nunca\",\"datePublished\":\"2024-03-14T21:11:25+00:00\",\"dateModified\":\"2024-03-18T00:36:42+00:00\",\"mainEntityOfPage\":{\"@id\":\"https:\/\/elregionalvm.com.ar\/noticias-villa-maria\/historias-el-hombre-con-el-pulmon-de-acero-que-no-se-rindio-nunca\/\"},\"wordCount\":844,\"commentCount\":0,\"image\":{\"@id\":\"https:\/\/elregionalvm.com.ar\/noticias-villa-maria\/historias-el-hombre-con-el-pulmon-de-acero-que-no-se-rindio-nunca\/#primaryimage\"},\"thumbnailUrl\":\"https:\/\/i0.wp.com\/elregionalvm.com.ar\/noticias-villa-maria\/wp-content\/uploads\/2024\/03\/pulmon-de-acero.jpg?fit=807%2C454&ssl=1\",\"keywords\":[\"Alexander\",\"amor por la vida\",\"discapacidad\",\"fallecimiento\",\"historias\",\"polio\",\"pulm\u00f3n de acero\",\"superaci\u00f3n\"],\"articleSection\":[\"Historias\",\"tercera\"],\"inLanguage\":\"es\",\"potentialAction\":[{\"@type\":\"CommentAction\",\"name\":\"Comment\",\"target\":[\"https:\/\/elregionalvm.com.ar\/noticias-villa-maria\/historias-el-hombre-con-el-pulmon-de-acero-que-no-se-rindio-nunca\/#respond\"]}]},{\"@type\":\"WebPage\",\"@id\":\"https:\/\/elregionalvm.com.ar\/noticias-villa-maria\/historias-el-hombre-con-el-pulmon-de-acero-que-no-se-rindio-nunca\/\",\"url\":\"https:\/\/elregionalvm.com.ar\/noticias-villa-maria\/historias-el-hombre-con-el-pulmon-de-acero-que-no-se-rindio-nunca\/\",\"name\":\"[Historias] El hombre con el pulm\u00f3n de acero que no se rindi\u00f3 nunca - El Regional\",\"isPartOf\":{\"@id\":\"http:\/\/elregionalvm.com.ar\/noticias-villa-maria\/#website\"},\"primaryImageOfPage\":{\"@id\":\"https:\/\/elregionalvm.com.ar\/noticias-villa-maria\/historias-el-hombre-con-el-pulmon-de-acero-que-no-se-rindio-nunca\/#primaryimage\"},\"image\":{\"@id\":\"https:\/\/elregionalvm.com.ar\/noticias-villa-maria\/historias-el-hombre-con-el-pulmon-de-acero-que-no-se-rindio-nunca\/#primaryimage\"},\"thumbnailUrl\":\"https:\/\/i0.wp.com\/elregionalvm.com.ar\/noticias-villa-maria\/wp-content\/uploads\/2024\/03\/pulmon-de-acero.jpg?fit=807%2C454&ssl=1\",\"datePublished\":\"2024-03-14T21:11:25+00:00\",\"dateModified\":\"2024-03-18T00:36:42+00:00\",\"author\":{\"@id\":\"http:\/\/elregionalvm.com.ar\/noticias-villa-maria\/#\/schema\/person\/a0fb9c422317faca23d50163151bc354\"},\"breadcrumb\":{\"@id\":\"https:\/\/elregionalvm.com.ar\/noticias-villa-maria\/historias-el-hombre-con-el-pulmon-de-acero-que-no-se-rindio-nunca\/#breadcrumb\"},\"inLanguage\":\"es\",\"potentialAction\":[{\"@type\":\"ReadAction\",\"target\":[\"https:\/\/elregionalvm.com.ar\/noticias-villa-maria\/historias-el-hombre-con-el-pulmon-de-acero-que-no-se-rindio-nunca\/\"]}]},{\"@type\":\"ImageObject\",\"inLanguage\":\"es\",\"@id\":\"https:\/\/elregionalvm.com.ar\/noticias-villa-maria\/historias-el-hombre-con-el-pulmon-de-acero-que-no-se-rindio-nunca\/#primaryimage\",\"url\":\"https:\/\/i0.wp.com\/elregionalvm.com.ar\/noticias-villa-maria\/wp-content\/uploads\/2024\/03\/pulmon-de-acero.jpg?fit=807%2C454&ssl=1\",\"contentUrl\":\"https:\/\/i0.wp.com\/elregionalvm.com.ar\/noticias-villa-maria\/wp-content\/uploads\/2024\/03\/pulmon-de-acero.jpg?fit=807%2C454&ssl=1\",\"width\":807,\"height\":454},{\"@type\":\"BreadcrumbList\",\"@id\":\"https:\/\/elregionalvm.com.ar\/noticias-villa-maria\/historias-el-hombre-con-el-pulmon-de-acero-que-no-se-rindio-nunca\/#breadcrumb\",\"itemListElement\":[{\"@type\":\"ListItem\",\"position\":1,\"name\":\"Portada\",\"item\":\"https:\/\/elregionalvm.com.ar\/noticias-villa-maria\/\"},{\"@type\":\"ListItem\",\"position\":2,\"name\":\"[Historias] El hombre con el pulm\u00f3n de acero que no se rindi\u00f3 nunca\"}]},{\"@type\":\"WebSite\",\"@id\":\"http:\/\/elregionalvm.com.ar\/noticias-villa-maria\/#website\",\"url\":\"http:\/\/elregionalvm.com.ar\/noticias-villa-maria\/\",\"name\":\"El Regional\",\"description\":\"Mucho m\u00e1s que informaci\u00f3n\",\"potentialAction\":[{\"@type\":\"SearchAction\",\"target\":{\"@type\":\"EntryPoint\",\"urlTemplate\":\"http:\/\/elregionalvm.com.ar\/noticias-villa-maria\/?s={search_term_string}\"},\"query-input\":{\"@type\":\"PropertyValueSpecification\",\"valueRequired\":true,\"valueName\":\"search_term_string\"}}],\"inLanguage\":\"es\"},{\"@type\":\"Person\",\"@id\":\"http:\/\/elregionalvm.com.ar\/noticias-villa-maria\/#\/schema\/person\/a0fb9c422317faca23d50163151bc354\",\"name\":\"Contenidos El Regional\",\"image\":{\"@type\":\"ImageObject\",\"inLanguage\":\"es\",\"@id\":\"http:\/\/elregionalvm.com.ar\/noticias-villa-maria\/#\/schema\/person\/image\/\",\"url\":\"https:\/\/secure.gravatar.com\/avatar\/265b27cb2209af7bb3a1318f03305787d7981a5cc6e6cd08fe5a4ecdf99d4b48?s=96&d=mm&r=g\",\"contentUrl\":\"https:\/\/secure.gravatar.com\/avatar\/265b27cb2209af7bb3a1318f03305787d7981a5cc6e6cd08fe5a4ecdf99d4b48?s=96&d=mm&r=g\",\"caption\":\"Contenidos El Regional\"},\"url\":\"https:\/\/elregionalvm.com.ar\/noticias-villa-maria\/author\/contenido\/\"}]}<\/script>\n<!-- \/ Yoast SEO plugin. -->","yoast_head_json":{"title":"[Historias] El hombre con el pulm\u00f3n de acero que no se rindi\u00f3 nunca - El Regional","robots":{"index":"index","follow":"follow","max-snippet":"max-snippet:-1","max-image-preview":"max-image-preview:large","max-video-preview":"max-video-preview:-1"},"canonical":"https:\/\/elregionalvm.com.ar\/noticias-villa-maria\/historias-el-hombre-con-el-pulmon-de-acero-que-no-se-rindio-nunca\/","og_locale":"es_ES","og_type":"article","og_title":"[Historias] El hombre con el pulm\u00f3n de acero que no se rindi\u00f3 nunca - El Regional","og_description":"Paul \u00abPulm\u00f3n de acero\u00bb Alexander, muri\u00f3 a los 78 a\u00f1os, dejando un claro ejemplo de amor por la vida. Incapaz de respirar por s\u00ed mismo, Paul dependi\u00f3 desde entonces de una m\u00e1quina para sobrevivir. La utiliz\u00f3 durante m\u00e1s de siete d\u00e9cadas, incluso cuando aparecieron nuevas tecnolog\u00edas. Uno de los casos m\u00e1s llamativos en el mundo, [&hellip;]","og_url":"https:\/\/elregionalvm.com.ar\/noticias-villa-maria\/historias-el-hombre-con-el-pulmon-de-acero-que-no-se-rindio-nunca\/","og_site_name":"El Regional","article_publisher":"https:\/\/www.facebook.com\/elregionalvm","article_published_time":"2024-03-14T21:11:25+00:00","article_modified_time":"2024-03-18T00:36:42+00:00","og_image":[{"width":807,"height":454,"url":"https:\/\/elregionalvm.com.ar\/noticias-villa-maria\/wp-content\/uploads\/2024\/03\/pulmon-de-acero.jpg","type":"image\/jpeg"}],"author":"Contenidos El Regional","twitter_card":"summary_large_image","twitter_creator":"@elregionalvm1","twitter_site":"@elregionalvm1","twitter_misc":{"Escrito por":"Contenidos El Regional","Tiempo de lectura":"5 minutos"},"schema":{"@context":"https:\/\/schema.org","@graph":[{"@type":"Article","@id":"https:\/\/elregionalvm.com.ar\/noticias-villa-maria\/historias-el-hombre-con-el-pulmon-de-acero-que-no-se-rindio-nunca\/#article","isPartOf":{"@id":"https:\/\/elregionalvm.com.ar\/noticias-villa-maria\/historias-el-hombre-con-el-pulmon-de-acero-que-no-se-rindio-nunca\/"},"author":{"name":"Contenidos El Regional","@id":"http:\/\/elregionalvm.com.ar\/noticias-villa-maria\/#\/schema\/person\/a0fb9c422317faca23d50163151bc354"},"headline":"[Historias] El hombre con el pulm\u00f3n de acero que no se rindi\u00f3 nunca","datePublished":"2024-03-14T21:11:25+00:00","dateModified":"2024-03-18T00:36:42+00:00","mainEntityOfPage":{"@id":"https:\/\/elregionalvm.com.ar\/noticias-villa-maria\/historias-el-hombre-con-el-pulmon-de-acero-que-no-se-rindio-nunca\/"},"wordCount":844,"commentCount":0,"image":{"@id":"https:\/\/elregionalvm.com.ar\/noticias-villa-maria\/historias-el-hombre-con-el-pulmon-de-acero-que-no-se-rindio-nunca\/#primaryimage"},"thumbnailUrl":"https:\/\/i0.wp.com\/elregionalvm.com.ar\/noticias-villa-maria\/wp-content\/uploads\/2024\/03\/pulmon-de-acero.jpg?fit=807%2C454&ssl=1","keywords":["Alexander","amor por la vida","discapacidad","fallecimiento","historias","polio","pulm\u00f3n de acero","superaci\u00f3n"],"articleSection":["Historias","tercera"],"inLanguage":"es","potentialAction":[{"@type":"CommentAction","name":"Comment","target":["https:\/\/elregionalvm.com.ar\/noticias-villa-maria\/historias-el-hombre-con-el-pulmon-de-acero-que-no-se-rindio-nunca\/#respond"]}]},{"@type":"WebPage","@id":"https:\/\/elregionalvm.com.ar\/noticias-villa-maria\/historias-el-hombre-con-el-pulmon-de-acero-que-no-se-rindio-nunca\/","url":"https:\/\/elregionalvm.com.ar\/noticias-villa-maria\/historias-el-hombre-con-el-pulmon-de-acero-que-no-se-rindio-nunca\/","name":"[Historias] El hombre con el pulm\u00f3n de acero que no se rindi\u00f3 nunca - El Regional","isPartOf":{"@id":"http:\/\/elregionalvm.com.ar\/noticias-villa-maria\/#website"},"primaryImageOfPage":{"@id":"https:\/\/elregionalvm.com.ar\/noticias-villa-maria\/historias-el-hombre-con-el-pulmon-de-acero-que-no-se-rindio-nunca\/#primaryimage"},"image":{"@id":"https:\/\/elregionalvm.com.ar\/noticias-villa-maria\/historias-el-hombre-con-el-pulmon-de-acero-que-no-se-rindio-nunca\/#primaryimage"},"thumbnailUrl":"https:\/\/i0.wp.com\/elregionalvm.com.ar\/noticias-villa-maria\/wp-content\/uploads\/2024\/03\/pulmon-de-acero.jpg?fit=807%2C454&ssl=1","datePublished":"2024-03-14T21:11:25+00:00","dateModified":"2024-03-18T00:36:42+00:00","author":{"@id":"http:\/\/elregionalvm.com.ar\/noticias-villa-maria\/#\/schema\/person\/a0fb9c422317faca23d50163151bc354"},"breadcrumb":{"@id":"https:\/\/elregionalvm.com.ar\/noticias-villa-maria\/historias-el-hombre-con-el-pulmon-de-acero-que-no-se-rindio-nunca\/#breadcrumb"},"inLanguage":"es","potentialAction":[{"@type":"ReadAction","target":["https:\/\/elregionalvm.com.ar\/noticias-villa-maria\/historias-el-hombre-con-el-pulmon-de-acero-que-no-se-rindio-nunca\/"]}]},{"@type":"ImageObject","inLanguage":"es","@id":"https:\/\/elregionalvm.com.ar\/noticias-villa-maria\/historias-el-hombre-con-el-pulmon-de-acero-que-no-se-rindio-nunca\/#primaryimage","url":"https:\/\/i0.wp.com\/elregionalvm.com.ar\/noticias-villa-maria\/wp-content\/uploads\/2024\/03\/pulmon-de-acero.jpg?fit=807%2C454&ssl=1","contentUrl":"https:\/\/i0.wp.com\/elregionalvm.com.ar\/noticias-villa-maria\/wp-content\/uploads\/2024\/03\/pulmon-de-acero.jpg?fit=807%2C454&ssl=1","width":807,"height":454},{"@type":"BreadcrumbList","@id":"https:\/\/elregionalvm.com.ar\/noticias-villa-maria\/historias-el-hombre-con-el-pulmon-de-acero-que-no-se-rindio-nunca\/#breadcrumb","itemListElement":[{"@type":"ListItem","position":1,"name":"Portada","item":"https:\/\/elregionalvm.com.ar\/noticias-villa-maria\/"},{"@type":"ListItem","position":2,"name":"[Historias] El hombre con el pulm\u00f3n de acero que no se rindi\u00f3 nunca"}]},{"@type":"WebSite","@id":"http:\/\/elregionalvm.com.ar\/noticias-villa-maria\/#website","url":"http:\/\/elregionalvm.com.ar\/noticias-villa-maria\/","name":"El Regional","description":"Mucho m\u00e1s que informaci\u00f3n","potentialAction":[{"@type":"SearchAction","target":{"@type":"EntryPoint","urlTemplate":"http:\/\/elregionalvm.com.ar\/noticias-villa-maria\/?s={search_term_string}"},"query-input":{"@type":"PropertyValueSpecification","valueRequired":true,"valueName":"search_term_string"}}],"inLanguage":"es"},{"@type":"Person","@id":"http:\/\/elregionalvm.com.ar\/noticias-villa-maria\/#\/schema\/person\/a0fb9c422317faca23d50163151bc354","name":"Contenidos El Regional","image":{"@type":"ImageObject","inLanguage":"es","@id":"http:\/\/elregionalvm.com.ar\/noticias-villa-maria\/#\/schema\/person\/image\/","url":"https:\/\/secure.gravatar.com\/avatar\/265b27cb2209af7bb3a1318f03305787d7981a5cc6e6cd08fe5a4ecdf99d4b48?s=96&d=mm&r=g","contentUrl":"https:\/\/secure.gravatar.com\/avatar\/265b27cb2209af7bb3a1318f03305787d7981a5cc6e6cd08fe5a4ecdf99d4b48?s=96&d=mm&r=g","caption":"Contenidos El Regional"},"url":"https:\/\/elregionalvm.com.ar\/noticias-villa-maria\/author\/contenido\/"}]}},"jetpack_featured_media_url":"https:\/\/i0.wp.com\/elregionalvm.com.ar\/noticias-villa-maria\/wp-content\/uploads\/2024\/03\/pulmon-de-acero.jpg?fit=807%2C454&ssl=1","jetpack_sharing_enabled":true,"_links":{"self":[{"href":"https:\/\/elregionalvm.com.ar\/noticias-villa-maria\/wp-json\/wp\/v2\/posts\/91294","targetHints":{"allow":["GET"]}}],"collection":[{"href":"https:\/\/elregionalvm.com.ar\/noticias-villa-maria\/wp-json\/wp\/v2\/posts"}],"about":[{"href":"https:\/\/elregionalvm.com.ar\/noticias-villa-maria\/wp-json\/wp\/v2\/types\/post"}],"author":[{"embeddable":true,"href":"https:\/\/elregionalvm.com.ar\/noticias-villa-maria\/wp-json\/wp\/v2\/users\/4"}],"replies":[{"embeddable":true,"href":"https:\/\/elregionalvm.com.ar\/noticias-villa-maria\/wp-json\/wp\/v2\/comments?post=91294"}],"version-history":[{"count":2,"href":"https:\/\/elregionalvm.com.ar\/noticias-villa-maria\/wp-json\/wp\/v2\/posts\/91294\/revisions"}],"predecessor-version":[{"id":91301,"href":"https:\/\/elregionalvm.com.ar\/noticias-villa-maria\/wp-json\/wp\/v2\/posts\/91294\/revisions\/91301"}],"wp:featuredmedia":[{"embeddable":true,"href":"https:\/\/elregionalvm.com.ar\/noticias-villa-maria\/wp-json\/wp\/v2\/media\/91296"}],"wp:attachment":[{"href":"https:\/\/elregionalvm.com.ar\/noticias-villa-maria\/wp-json\/wp\/v2\/media?parent=91294"}],"wp:term":[{"taxonomy":"category","embeddable":true,"href":"https:\/\/elregionalvm.com.ar\/noticias-villa-maria\/wp-json\/wp\/v2\/categories?post=91294"},{"taxonomy":"post_tag","embeddable":true,"href":"https:\/\/elregionalvm.com.ar\/noticias-villa-maria\/wp-json\/wp\/v2\/tags?post=91294"}],"curies":[{"name":"wp","href":"https:\/\/api.w.org\/{rel}","templated":true}]}}