{"id":91579,"date":"2024-03-21T02:12:00","date_gmt":"2024-03-21T02:12:00","guid":{"rendered":"https:\/\/elregionalvm.com.ar\/noticias-villa-maria\/?p=91579"},"modified":"2024-03-22T02:38:11","modified_gmt":"2024-03-22T02:38:11","slug":"historias-la-otra-grieta-una-falla-en-el-oceano-pacifico-que-parte-el-planeta-en-dos","status":"publish","type":"post","link":"https:\/\/elregionalvm.com.ar\/noticias-villa-maria\/historias-la-otra-grieta-una-falla-en-el-oceano-pacifico-que-parte-el-planeta-en-dos\/","title":{"rendered":"[Historias] La otra grieta: Una falla en el Oc\u00e9ano Pac\u00edfico que parte el planeta en dos"},"content":{"rendered":"\n<p><\/p>\n\n\n\n<h3 class=\"wp-block-heading\"><strong>Est\u00e1 partiendo a la tierra en dos desde adentro y los resultados hallados fueron publicados en la revista <em>Geophysical Research Letters<\/em>, se\u00f1alando que las fallas alcanzan profundidades de miles de metros.<\/strong><\/h3>\n\n\n\n<p><\/p>\n\n\n\n<p><strong>Escribe: JULIO A. BEN\u00cdTEZ \u2013 benitezjulioalberto@gmail.com<\/strong><\/p>\n\n\n\n<p><\/p>\n\n\n\n<p>Del total de cinco oc\u00e9anos que existen, el Pac\u00edfico se destaca como el m\u00e1s extenso, y a pesar de ser objeto de exhaustivos estudios debido a esta caracter\u00edstica, no todas sus \u00e1reas son accesibles, convirti\u00e9ndose en un misterio para los investigadores de esas zonas inaccesibles.<\/p>\n\n\n\n<p>El nombre del Oc\u00e9ano Pac\u00edfico fue otorgado por el navegante portugu\u00e9s Fernando de Magallanes, quien lo cruz\u00f3 en condiciones de calma durante su traves\u00eda y aunque aparenta tranquilidad, alberga las \u00e1reas m\u00e1s profundas del planeta, siendo el abismo de Challenger el punto m\u00e1s remoto de la superficie, con una profundidad de 11.034 metros, un poco m\u00e1s que la altura del monte Everest.<\/p>\n\n\n\n<p>Estas caracter\u00edsticas han sido objeto de an\u00e1lisis para los cient\u00edficos, quienes se centraron en investigar su composici\u00f3n y las \u00faltimas investigaciones realizadas por la Universidad de Toronto, revelaron nuevos detalles sobre su estructura interna, destac\u00e1ndose el descubrimiento de fallas submarinas que lo est\u00e1n fragmentando y esta cuesti\u00f3n revela la teor\u00eda que sosten\u00eda que sus placas oce\u00e1nicas se desplazan uniformemente sobre el manto terrestre.<\/p>\n\n\n\n<p>Y completando la informaci\u00f3n, la citada revista, dice que la placa se desplaza hacia el oeste, pero que no es tan uniforme como se pensaba inicialmente, sino que est\u00e1 delimitada por formaciones geol\u00f3gicas, similar a lo que ocurre con las placas continentales.<\/p>\n\n\n\n<p><\/p>\n\n\n\n<figure class=\"wp-block-image size-large\"><img data-recalc-dims=\"1\" fetchpriority=\"high\" decoding=\"async\" width=\"1024\" height=\"576\" src=\"https:\/\/i0.wp.com\/elregionalvm.com.ar\/noticias-villa-maria\/wp-content\/uploads\/2024\/03\/grieta-en-el-oceano-pacifico.jpg?resize=1024%2C576&#038;ssl=1\" alt=\"\" class=\"wp-image-91581\"\/><\/figure>\n\n\n\n<p><\/p>\n\n\n\n<p>\u201cSe sabe que las deformaciones geol\u00f3gicas, como las fallas, ocurren en el interior de las placas continentales, lejos de sus l\u00edmites\u201d, menciona Erkan G\u00fcn, uno de los autores del estudio, \u201cPero no sab\u00edamos que estaba sucediendo lo mismo con las placas oce\u00e1nicas\u201d, agrega.<\/p>\n\n\n\n<p><strong>Tensiones y grietas<\/strong><\/p>\n\n\n\n<p>La aparici\u00f3n de este fen\u00f3meno est\u00e1 vinculada a las trincheras submarinas cercanas y su origen radica en la interacci\u00f3n entre placas tect\u00f3nicas y las carpas internas de la Tierra, que se sumergen en las placas internas del planeta a lo largo de las \u00e1reas conocidas como zonas de subducci\u00f3n, arrastrando consigo al resto de la placa y generando tensiones que provocan la formaci\u00f3n de grietas.<\/p>\n\n\n\n<p>Estos descubrimientos son cruciales para una comprensi\u00f3n m\u00e1s profunda de la tect\u00f3nica de placas y su funcionamiento interno. Asimismo, mejoran la capacidad de prever la actividad s\u00edsmica y volc\u00e1nica relacionada con las placas oce\u00e1nicas, ya que se cree que las mesetas suboce\u00e1nicas, al ser m\u00e1s fr\u00e1giles y propensas a resquebrajarse, tienen una conexi\u00f3n directa con la intensidad de los terremotos y las erupciones volc\u00e1nicas en las regiones cercanas a estas estructuras y que, a pesar de su mayor grosor, las mesetas suboce\u00e1nicas no resultan ser formaciones resistentes, seg\u00fan datos s\u00edsmicos.<\/p>\n\n\n\n<p><\/p>\n\n\n\n<figure class=\"wp-block-image size-large\"><img data-recalc-dims=\"1\" decoding=\"async\" width=\"1024\" height=\"577\" src=\"https:\/\/i0.wp.com\/elregionalvm.com.ar\/noticias-villa-maria\/wp-content\/uploads\/2024\/03\/fondo-del-mar-oceano.jpg?resize=1024%2C577&#038;ssl=1\" alt=\"\" class=\"wp-image-91583\"\/><\/figure>\n\n\n\n<p><\/p>\n\n\n\n<p>El estudio revela que las placas del Oc\u00e9ano Pac\u00edfico est\u00e1n experimentando deformaciones, asociadas particularmente con la f\u00e1brica de subducci\u00f3n del Pac\u00edfico Occidental.<\/p>\n\n\n\n<p>Cuatro mesetas suboce\u00e1nicas (Meseta de Ontong Java, Shatsky, Hess y Manihiki) comparten caracter\u00edsticas de deformaci\u00f3n y magmatismo comunes, indicando una tect\u00f3nica extensional sustancial durante su desplazamiento hacia las zonas de subducci\u00f3n del Pac\u00edfico.<\/p>\n\n\n\n<p>Estas zonas tambi\u00e9n desempe\u00f1an un papel crucial en la actividad s\u00edsmica y volc\u00e1nica de la Tierra cuando las placas oce\u00e1nicas continentales interact\u00faan s\u00edsmica y volc\u00e1nicamente en el planeta.<\/p>\n\n\n\n<p><\/p>\n\n\n\n<p><em>NOTA: Subducci\u00f3n quiere decir \u201cDeslizamiento del borde de una placa de la corteza terrestre por debajo del borde de otra\u201d<\/em><\/p>\n\n\n\n<p><\/p>\n\n\n\n<h3 class=\"wp-block-heading\"><strong>Tambi\u00e9n pod\u00e9s ver: <\/strong><\/h3>\n\n\n\n<p><\/p>\n\n\n\n<p><\/p>\n\n\n\n<figure class=\"wp-block-embed is-type-wp-embed is-provider-el-regional wp-block-embed-el-regional\"><div class=\"wp-block-embed__wrapper\">\n<blockquote class=\"wp-embedded-content\" data-secret=\"ht3vQFwxhc\"><a href=\"https:\/\/elregionalvm.com.ar\/noticias-villa-maria\/historias-esta-que-se-parte-africa-quedara-dividida-en-dos-por-una-gran-grieta\/\">[Historias] \u00a1Est\u00e1 que se parte! \u00c1frica quedar\u00e1 dividida en dos por una gran grieta<\/a><\/blockquote><iframe class=\"wp-embedded-content\" sandbox=\"allow-scripts\" security=\"restricted\" style=\"position: absolute; clip: rect(1px, 1px, 1px, 1px);\" title=\"\u00ab[Historias] \u00a1Est\u00e1 que se parte! \u00c1frica quedar\u00e1 dividida en dos por una gran grieta\u00bb \u2014 El Regional\" src=\"https:\/\/elregionalvm.com.ar\/noticias-villa-maria\/historias-esta-que-se-parte-africa-quedara-dividida-en-dos-por-una-gran-grieta\/embed\/#?secret=iwwR3OXQsd#?secret=ht3vQFwxhc\" data-secret=\"ht3vQFwxhc\" width=\"500\" height=\"282\" frameborder=\"0\" marginwidth=\"0\" marginheight=\"0\" scrolling=\"no\"><\/iframe>\n<\/div><\/figure>\n\n\n\n<p><\/p>\n\n\n\n<p><\/p>\n\n\n\n<p><strong><em>Fuente: P\u00e1g. Web Explorer Ocean With Rovs\/Econo\/sur<\/em><\/strong><\/p>\n","protected":false},"excerpt":{"rendered":"<p>Est\u00e1 partiendo a la tierra en dos desde adentro y los resultados hallados fueron publicados en la revista Geophysical Research Letters, se\u00f1alando que las fallas alcanzan profundidades de miles de metros. Escribe: JULIO A. BEN\u00cdTEZ \u2013 benitezjulioalberto@gmail.com Del total de cinco oc\u00e9anos que existen, el Pac\u00edfico se destaca como el m\u00e1s extenso, y a pesar [&hellip;]<\/p>\n","protected":false},"author":4,"featured_media":91582,"comment_status":"open","ping_status":"open","sticky":false,"template":"","format":"standard","meta":{"site-sidebar-layout":"default","site-content-layout":"","ast-site-content-layout":"default","site-content-style":"default","site-sidebar-style":"default","ast-global-header-display":"","ast-banner-title-visibility":"","ast-main-header-display":"","ast-hfb-above-header-display":"","ast-hfb-below-header-display":"","ast-hfb-mobile-header-display":"","site-post-title":"","ast-breadcrumbs-content":"","ast-featured-img":"","footer-sml-layout":"","ast-disable-related-posts":"","theme-transparent-header-meta":"","adv-header-id-meta":"","stick-header-meta":"","header-above-stick-meta":"","header-main-stick-meta":"","header-below-stick-meta":"","astra-migrate-meta-layouts":"set","ast-page-background-enabled":"default","ast-page-background-meta":{"desktop":{"background-color":"","background-image":"","background-repeat":"repeat","background-position":"center center","background-size":"auto","background-attachment":"scroll","background-type":"","background-media":"","overlay-type":"","overlay-color":"","overlay-opacity":"","overlay-gradient":""},"tablet":{"background-color":"","background-image":"","background-repeat":"repeat","background-position":"center center","background-size":"auto","background-attachment":"scroll","background-type":"","background-media":"","overlay-type":"","overlay-color":"","overlay-opacity":"","overlay-gradient":""},"mobile":{"background-color":"","background-image":"","background-repeat":"repeat","background-position":"center center","background-size":"auto","background-attachment":"scroll","background-type":"","background-media":"","overlay-type":"","overlay-color":"","overlay-opacity":"","overlay-gradient":""}},"ast-content-background-meta":{"desktop":{"background-color":"var(--ast-global-color-5)","background-image":"","background-repeat":"repeat","background-position":"center center","background-size":"auto","background-attachment":"scroll","background-type":"","background-media":"","overlay-type":"","overlay-color":"","overlay-opacity":"","overlay-gradient":""},"tablet":{"background-color":"var(--ast-global-color-5)","background-image":"","background-repeat":"repeat","background-position":"center center","background-size":"auto","background-attachment":"scroll","background-type":"","background-media":"","overlay-type":"","overlay-color":"","overlay-opacity":"","overlay-gradient":""},"mobile":{"background-color":"var(--ast-global-color-5)","background-image":"","background-repeat":"repeat","background-position":"center center","background-size":"auto","background-attachment":"scroll","background-type":"","background-media":"","overlay-type":"","overlay-color":"","overlay-opacity":"","overlay-gradient":""}},"_jetpack_memberships_contains_paid_content":false,"_joinchat":[],"footnotes":""},"categories":[2098,3557],"tags":[8440,23705,8233,877,2536,17971,23193,17970],"class_list":["post-91579","post","type-post","status-publish","format-standard","has-post-thumbnail","hentry","category-historias","category-tercera","tag-estudio","tag-falla-tectonica","tag-fallas","tag-grieta","tag-investigacion","tag-oceano-pacifico","tag-placas","tag-profundidad"],"yoast_head":"<!-- This site is optimized with the Yoast SEO plugin v26.8 - https:\/\/yoast.com\/product\/yoast-seo-wordpress\/ -->\n<title>[Historias] La otra grieta: Una falla en el Oc\u00e9ano Pac\u00edfico que parte el planeta en dos - El Regional<\/title>\n<meta name=\"robots\" content=\"index, follow, max-snippet:-1, max-image-preview:large, max-video-preview:-1\" \/>\n<link rel=\"canonical\" href=\"https:\/\/elregionalvm.com.ar\/noticias-villa-maria\/historias-la-otra-grieta-una-falla-en-el-oceano-pacifico-que-parte-el-planeta-en-dos\/\" \/>\n<meta property=\"og:locale\" content=\"es_ES\" \/>\n<meta property=\"og:type\" content=\"article\" \/>\n<meta property=\"og:title\" content=\"[Historias] La otra grieta: Una falla en el Oc\u00e9ano Pac\u00edfico que parte el planeta en dos - El Regional\" \/>\n<meta property=\"og:description\" content=\"Est\u00e1 partiendo a la tierra en dos desde adentro y los resultados hallados fueron publicados en la revista Geophysical Research Letters, se\u00f1alando que las fallas alcanzan profundidades de miles de metros. Escribe: JULIO A. BEN\u00cdTEZ \u2013 benitezjulioalberto@gmail.com Del total de cinco oc\u00e9anos que existen, el Pac\u00edfico se destaca como el m\u00e1s extenso, y a pesar [&hellip;]\" \/>\n<meta property=\"og:url\" content=\"https:\/\/elregionalvm.com.ar\/noticias-villa-maria\/historias-la-otra-grieta-una-falla-en-el-oceano-pacifico-que-parte-el-planeta-en-dos\/\" \/>\n<meta property=\"og:site_name\" content=\"El Regional\" \/>\n<meta property=\"article:publisher\" content=\"https:\/\/www.facebook.com\/elregionalvm\" \/>\n<meta property=\"article:published_time\" content=\"2024-03-21T02:12:00+00:00\" \/>\n<meta property=\"article:modified_time\" content=\"2024-03-22T02:38:11+00:00\" \/>\n<meta property=\"og:image\" content=\"https:\/\/elregionalvm.com.ar\/noticias-villa-maria\/wp-content\/uploads\/2024\/03\/oceano-pacifico-e1710987046337.jpg\" \/>\n\t<meta property=\"og:image:width\" content=\"1200\" \/>\n\t<meta property=\"og:image:height\" content=\"675\" \/>\n\t<meta property=\"og:image:type\" content=\"image\/jpeg\" \/>\n<meta name=\"author\" content=\"Contenidos El Regional\" \/>\n<meta name=\"twitter:card\" content=\"summary_large_image\" \/>\n<meta name=\"twitter:creator\" content=\"@elregionalvm1\" \/>\n<meta name=\"twitter:site\" content=\"@elregionalvm1\" \/>\n<meta name=\"twitter:label1\" content=\"Escrito por\" \/>\n\t<meta name=\"twitter:data1\" content=\"Contenidos El Regional\" \/>\n\t<meta name=\"twitter:label2\" content=\"Tiempo de lectura\" \/>\n\t<meta name=\"twitter:data2\" content=\"4 minutos\" \/>\n<script type=\"application\/ld+json\" class=\"yoast-schema-graph\">{\"@context\":\"https:\/\/schema.org\",\"@graph\":[{\"@type\":\"Article\",\"@id\":\"https:\/\/elregionalvm.com.ar\/noticias-villa-maria\/historias-la-otra-grieta-una-falla-en-el-oceano-pacifico-que-parte-el-planeta-en-dos\/#article\",\"isPartOf\":{\"@id\":\"https:\/\/elregionalvm.com.ar\/noticias-villa-maria\/historias-la-otra-grieta-una-falla-en-el-oceano-pacifico-que-parte-el-planeta-en-dos\/\"},\"author\":{\"name\":\"Contenidos El Regional\",\"@id\":\"http:\/\/elregionalvm.com.ar\/noticias-villa-maria\/#\/schema\/person\/a0fb9c422317faca23d50163151bc354\"},\"headline\":\"[Historias] La otra grieta: Una falla en el Oc\u00e9ano Pac\u00edfico que parte el planeta en dos\",\"datePublished\":\"2024-03-21T02:12:00+00:00\",\"dateModified\":\"2024-03-22T02:38:11+00:00\",\"mainEntityOfPage\":{\"@id\":\"https:\/\/elregionalvm.com.ar\/noticias-villa-maria\/historias-la-otra-grieta-una-falla-en-el-oceano-pacifico-que-parte-el-planeta-en-dos\/\"},\"wordCount\":664,\"commentCount\":0,\"image\":{\"@id\":\"https:\/\/elregionalvm.com.ar\/noticias-villa-maria\/historias-la-otra-grieta-una-falla-en-el-oceano-pacifico-que-parte-el-planeta-en-dos\/#primaryimage\"},\"thumbnailUrl\":\"https:\/\/i0.wp.com\/elregionalvm.com.ar\/noticias-villa-maria\/wp-content\/uploads\/2024\/03\/oceano-pacifico-e1710987046337.jpg?fit=1200%2C675&ssl=1\",\"keywords\":[\"estudio\",\"falla tect\u00f3nica\",\"fallas\",\"grieta\",\"Investigaci\u00f3n\",\"Oc\u00e9ano Pac\u00edfico\",\"placas\",\"profundidad\"],\"articleSection\":[\"Historias\",\"tercera\"],\"inLanguage\":\"es\",\"potentialAction\":[{\"@type\":\"CommentAction\",\"name\":\"Comment\",\"target\":[\"https:\/\/elregionalvm.com.ar\/noticias-villa-maria\/historias-la-otra-grieta-una-falla-en-el-oceano-pacifico-que-parte-el-planeta-en-dos\/#respond\"]}]},{\"@type\":\"WebPage\",\"@id\":\"https:\/\/elregionalvm.com.ar\/noticias-villa-maria\/historias-la-otra-grieta-una-falla-en-el-oceano-pacifico-que-parte-el-planeta-en-dos\/\",\"url\":\"https:\/\/elregionalvm.com.ar\/noticias-villa-maria\/historias-la-otra-grieta-una-falla-en-el-oceano-pacifico-que-parte-el-planeta-en-dos\/\",\"name\":\"[Historias] La otra grieta: Una falla en el Oc\u00e9ano Pac\u00edfico que parte el planeta en dos - El Regional\",\"isPartOf\":{\"@id\":\"http:\/\/elregionalvm.com.ar\/noticias-villa-maria\/#website\"},\"primaryImageOfPage\":{\"@id\":\"https:\/\/elregionalvm.com.ar\/noticias-villa-maria\/historias-la-otra-grieta-una-falla-en-el-oceano-pacifico-que-parte-el-planeta-en-dos\/#primaryimage\"},\"image\":{\"@id\":\"https:\/\/elregionalvm.com.ar\/noticias-villa-maria\/historias-la-otra-grieta-una-falla-en-el-oceano-pacifico-que-parte-el-planeta-en-dos\/#primaryimage\"},\"thumbnailUrl\":\"https:\/\/i0.wp.com\/elregionalvm.com.ar\/noticias-villa-maria\/wp-content\/uploads\/2024\/03\/oceano-pacifico-e1710987046337.jpg?fit=1200%2C675&ssl=1\",\"datePublished\":\"2024-03-21T02:12:00+00:00\",\"dateModified\":\"2024-03-22T02:38:11+00:00\",\"author\":{\"@id\":\"http:\/\/elregionalvm.com.ar\/noticias-villa-maria\/#\/schema\/person\/a0fb9c422317faca23d50163151bc354\"},\"breadcrumb\":{\"@id\":\"https:\/\/elregionalvm.com.ar\/noticias-villa-maria\/historias-la-otra-grieta-una-falla-en-el-oceano-pacifico-que-parte-el-planeta-en-dos\/#breadcrumb\"},\"inLanguage\":\"es\",\"potentialAction\":[{\"@type\":\"ReadAction\",\"target\":[\"https:\/\/elregionalvm.com.ar\/noticias-villa-maria\/historias-la-otra-grieta-una-falla-en-el-oceano-pacifico-que-parte-el-planeta-en-dos\/\"]}]},{\"@type\":\"ImageObject\",\"inLanguage\":\"es\",\"@id\":\"https:\/\/elregionalvm.com.ar\/noticias-villa-maria\/historias-la-otra-grieta-una-falla-en-el-oceano-pacifico-que-parte-el-planeta-en-dos\/#primaryimage\",\"url\":\"https:\/\/i0.wp.com\/elregionalvm.com.ar\/noticias-villa-maria\/wp-content\/uploads\/2024\/03\/oceano-pacifico-e1710987046337.jpg?fit=1200%2C675&ssl=1\",\"contentUrl\":\"https:\/\/i0.wp.com\/elregionalvm.com.ar\/noticias-villa-maria\/wp-content\/uploads\/2024\/03\/oceano-pacifico-e1710987046337.jpg?fit=1200%2C675&ssl=1\",\"width\":1200,\"height\":675},{\"@type\":\"BreadcrumbList\",\"@id\":\"https:\/\/elregionalvm.com.ar\/noticias-villa-maria\/historias-la-otra-grieta-una-falla-en-el-oceano-pacifico-que-parte-el-planeta-en-dos\/#breadcrumb\",\"itemListElement\":[{\"@type\":\"ListItem\",\"position\":1,\"name\":\"Portada\",\"item\":\"https:\/\/elregionalvm.com.ar\/noticias-villa-maria\/\"},{\"@type\":\"ListItem\",\"position\":2,\"name\":\"[Historias] La otra grieta: Una falla en el Oc\u00e9ano Pac\u00edfico que parte el planeta en dos\"}]},{\"@type\":\"WebSite\",\"@id\":\"http:\/\/elregionalvm.com.ar\/noticias-villa-maria\/#website\",\"url\":\"http:\/\/elregionalvm.com.ar\/noticias-villa-maria\/\",\"name\":\"El Regional\",\"description\":\"Mucho m\u00e1s que informaci\u00f3n\",\"potentialAction\":[{\"@type\":\"SearchAction\",\"target\":{\"@type\":\"EntryPoint\",\"urlTemplate\":\"http:\/\/elregionalvm.com.ar\/noticias-villa-maria\/?s={search_term_string}\"},\"query-input\":{\"@type\":\"PropertyValueSpecification\",\"valueRequired\":true,\"valueName\":\"search_term_string\"}}],\"inLanguage\":\"es\"},{\"@type\":\"Person\",\"@id\":\"http:\/\/elregionalvm.com.ar\/noticias-villa-maria\/#\/schema\/person\/a0fb9c422317faca23d50163151bc354\",\"name\":\"Contenidos El Regional\",\"image\":{\"@type\":\"ImageObject\",\"inLanguage\":\"es\",\"@id\":\"http:\/\/elregionalvm.com.ar\/noticias-villa-maria\/#\/schema\/person\/image\/\",\"url\":\"https:\/\/secure.gravatar.com\/avatar\/265b27cb2209af7bb3a1318f03305787d7981a5cc6e6cd08fe5a4ecdf99d4b48?s=96&d=mm&r=g\",\"contentUrl\":\"https:\/\/secure.gravatar.com\/avatar\/265b27cb2209af7bb3a1318f03305787d7981a5cc6e6cd08fe5a4ecdf99d4b48?s=96&d=mm&r=g\",\"caption\":\"Contenidos El Regional\"},\"url\":\"https:\/\/elregionalvm.com.ar\/noticias-villa-maria\/author\/contenido\/\"}]}<\/script>\n<!-- \/ Yoast SEO plugin. -->","yoast_head_json":{"title":"[Historias] La otra grieta: Una falla en el Oc\u00e9ano Pac\u00edfico que parte el planeta en dos - El Regional","robots":{"index":"index","follow":"follow","max-snippet":"max-snippet:-1","max-image-preview":"max-image-preview:large","max-video-preview":"max-video-preview:-1"},"canonical":"https:\/\/elregionalvm.com.ar\/noticias-villa-maria\/historias-la-otra-grieta-una-falla-en-el-oceano-pacifico-que-parte-el-planeta-en-dos\/","og_locale":"es_ES","og_type":"article","og_title":"[Historias] La otra grieta: Una falla en el Oc\u00e9ano Pac\u00edfico que parte el planeta en dos - El Regional","og_description":"Est\u00e1 partiendo a la tierra en dos desde adentro y los resultados hallados fueron publicados en la revista Geophysical Research Letters, se\u00f1alando que las fallas alcanzan profundidades de miles de metros. Escribe: JULIO A. BEN\u00cdTEZ \u2013 benitezjulioalberto@gmail.com Del total de cinco oc\u00e9anos que existen, el Pac\u00edfico se destaca como el m\u00e1s extenso, y a pesar [&hellip;]","og_url":"https:\/\/elregionalvm.com.ar\/noticias-villa-maria\/historias-la-otra-grieta-una-falla-en-el-oceano-pacifico-que-parte-el-planeta-en-dos\/","og_site_name":"El Regional","article_publisher":"https:\/\/www.facebook.com\/elregionalvm","article_published_time":"2024-03-21T02:12:00+00:00","article_modified_time":"2024-03-22T02:38:11+00:00","og_image":[{"width":1200,"height":675,"url":"https:\/\/elregionalvm.com.ar\/noticias-villa-maria\/wp-content\/uploads\/2024\/03\/oceano-pacifico-e1710987046337.jpg","type":"image\/jpeg"}],"author":"Contenidos El Regional","twitter_card":"summary_large_image","twitter_creator":"@elregionalvm1","twitter_site":"@elregionalvm1","twitter_misc":{"Escrito por":"Contenidos El Regional","Tiempo de lectura":"4 minutos"},"schema":{"@context":"https:\/\/schema.org","@graph":[{"@type":"Article","@id":"https:\/\/elregionalvm.com.ar\/noticias-villa-maria\/historias-la-otra-grieta-una-falla-en-el-oceano-pacifico-que-parte-el-planeta-en-dos\/#article","isPartOf":{"@id":"https:\/\/elregionalvm.com.ar\/noticias-villa-maria\/historias-la-otra-grieta-una-falla-en-el-oceano-pacifico-que-parte-el-planeta-en-dos\/"},"author":{"name":"Contenidos El Regional","@id":"http:\/\/elregionalvm.com.ar\/noticias-villa-maria\/#\/schema\/person\/a0fb9c422317faca23d50163151bc354"},"headline":"[Historias] La otra grieta: Una falla en el Oc\u00e9ano Pac\u00edfico que parte el planeta en dos","datePublished":"2024-03-21T02:12:00+00:00","dateModified":"2024-03-22T02:38:11+00:00","mainEntityOfPage":{"@id":"https:\/\/elregionalvm.com.ar\/noticias-villa-maria\/historias-la-otra-grieta-una-falla-en-el-oceano-pacifico-que-parte-el-planeta-en-dos\/"},"wordCount":664,"commentCount":0,"image":{"@id":"https:\/\/elregionalvm.com.ar\/noticias-villa-maria\/historias-la-otra-grieta-una-falla-en-el-oceano-pacifico-que-parte-el-planeta-en-dos\/#primaryimage"},"thumbnailUrl":"https:\/\/i0.wp.com\/elregionalvm.com.ar\/noticias-villa-maria\/wp-content\/uploads\/2024\/03\/oceano-pacifico-e1710987046337.jpg?fit=1200%2C675&ssl=1","keywords":["estudio","falla tect\u00f3nica","fallas","grieta","Investigaci\u00f3n","Oc\u00e9ano Pac\u00edfico","placas","profundidad"],"articleSection":["Historias","tercera"],"inLanguage":"es","potentialAction":[{"@type":"CommentAction","name":"Comment","target":["https:\/\/elregionalvm.com.ar\/noticias-villa-maria\/historias-la-otra-grieta-una-falla-en-el-oceano-pacifico-que-parte-el-planeta-en-dos\/#respond"]}]},{"@type":"WebPage","@id":"https:\/\/elregionalvm.com.ar\/noticias-villa-maria\/historias-la-otra-grieta-una-falla-en-el-oceano-pacifico-que-parte-el-planeta-en-dos\/","url":"https:\/\/elregionalvm.com.ar\/noticias-villa-maria\/historias-la-otra-grieta-una-falla-en-el-oceano-pacifico-que-parte-el-planeta-en-dos\/","name":"[Historias] La otra grieta: Una falla en el Oc\u00e9ano Pac\u00edfico que parte el planeta en dos - El Regional","isPartOf":{"@id":"http:\/\/elregionalvm.com.ar\/noticias-villa-maria\/#website"},"primaryImageOfPage":{"@id":"https:\/\/elregionalvm.com.ar\/noticias-villa-maria\/historias-la-otra-grieta-una-falla-en-el-oceano-pacifico-que-parte-el-planeta-en-dos\/#primaryimage"},"image":{"@id":"https:\/\/elregionalvm.com.ar\/noticias-villa-maria\/historias-la-otra-grieta-una-falla-en-el-oceano-pacifico-que-parte-el-planeta-en-dos\/#primaryimage"},"thumbnailUrl":"https:\/\/i0.wp.com\/elregionalvm.com.ar\/noticias-villa-maria\/wp-content\/uploads\/2024\/03\/oceano-pacifico-e1710987046337.jpg?fit=1200%2C675&ssl=1","datePublished":"2024-03-21T02:12:00+00:00","dateModified":"2024-03-22T02:38:11+00:00","author":{"@id":"http:\/\/elregionalvm.com.ar\/noticias-villa-maria\/#\/schema\/person\/a0fb9c422317faca23d50163151bc354"},"breadcrumb":{"@id":"https:\/\/elregionalvm.com.ar\/noticias-villa-maria\/historias-la-otra-grieta-una-falla-en-el-oceano-pacifico-que-parte-el-planeta-en-dos\/#breadcrumb"},"inLanguage":"es","potentialAction":[{"@type":"ReadAction","target":["https:\/\/elregionalvm.com.ar\/noticias-villa-maria\/historias-la-otra-grieta-una-falla-en-el-oceano-pacifico-que-parte-el-planeta-en-dos\/"]}]},{"@type":"ImageObject","inLanguage":"es","@id":"https:\/\/elregionalvm.com.ar\/noticias-villa-maria\/historias-la-otra-grieta-una-falla-en-el-oceano-pacifico-que-parte-el-planeta-en-dos\/#primaryimage","url":"https:\/\/i0.wp.com\/elregionalvm.com.ar\/noticias-villa-maria\/wp-content\/uploads\/2024\/03\/oceano-pacifico-e1710987046337.jpg?fit=1200%2C675&ssl=1","contentUrl":"https:\/\/i0.wp.com\/elregionalvm.com.ar\/noticias-villa-maria\/wp-content\/uploads\/2024\/03\/oceano-pacifico-e1710987046337.jpg?fit=1200%2C675&ssl=1","width":1200,"height":675},{"@type":"BreadcrumbList","@id":"https:\/\/elregionalvm.com.ar\/noticias-villa-maria\/historias-la-otra-grieta-una-falla-en-el-oceano-pacifico-que-parte-el-planeta-en-dos\/#breadcrumb","itemListElement":[{"@type":"ListItem","position":1,"name":"Portada","item":"https:\/\/elregionalvm.com.ar\/noticias-villa-maria\/"},{"@type":"ListItem","position":2,"name":"[Historias] La otra grieta: Una falla en el Oc\u00e9ano Pac\u00edfico que parte el planeta en dos"}]},{"@type":"WebSite","@id":"http:\/\/elregionalvm.com.ar\/noticias-villa-maria\/#website","url":"http:\/\/elregionalvm.com.ar\/noticias-villa-maria\/","name":"El Regional","description":"Mucho m\u00e1s que informaci\u00f3n","potentialAction":[{"@type":"SearchAction","target":{"@type":"EntryPoint","urlTemplate":"http:\/\/elregionalvm.com.ar\/noticias-villa-maria\/?s={search_term_string}"},"query-input":{"@type":"PropertyValueSpecification","valueRequired":true,"valueName":"search_term_string"}}],"inLanguage":"es"},{"@type":"Person","@id":"http:\/\/elregionalvm.com.ar\/noticias-villa-maria\/#\/schema\/person\/a0fb9c422317faca23d50163151bc354","name":"Contenidos El Regional","image":{"@type":"ImageObject","inLanguage":"es","@id":"http:\/\/elregionalvm.com.ar\/noticias-villa-maria\/#\/schema\/person\/image\/","url":"https:\/\/secure.gravatar.com\/avatar\/265b27cb2209af7bb3a1318f03305787d7981a5cc6e6cd08fe5a4ecdf99d4b48?s=96&d=mm&r=g","contentUrl":"https:\/\/secure.gravatar.com\/avatar\/265b27cb2209af7bb3a1318f03305787d7981a5cc6e6cd08fe5a4ecdf99d4b48?s=96&d=mm&r=g","caption":"Contenidos El Regional"},"url":"https:\/\/elregionalvm.com.ar\/noticias-villa-maria\/author\/contenido\/"}]}},"jetpack_featured_media_url":"https:\/\/i0.wp.com\/elregionalvm.com.ar\/noticias-villa-maria\/wp-content\/uploads\/2024\/03\/oceano-pacifico-e1710987046337.jpg?fit=1200%2C675&ssl=1","jetpack_sharing_enabled":true,"_links":{"self":[{"href":"https:\/\/elregionalvm.com.ar\/noticias-villa-maria\/wp-json\/wp\/v2\/posts\/91579","targetHints":{"allow":["GET"]}}],"collection":[{"href":"https:\/\/elregionalvm.com.ar\/noticias-villa-maria\/wp-json\/wp\/v2\/posts"}],"about":[{"href":"https:\/\/elregionalvm.com.ar\/noticias-villa-maria\/wp-json\/wp\/v2\/types\/post"}],"author":[{"embeddable":true,"href":"https:\/\/elregionalvm.com.ar\/noticias-villa-maria\/wp-json\/wp\/v2\/users\/4"}],"replies":[{"embeddable":true,"href":"https:\/\/elregionalvm.com.ar\/noticias-villa-maria\/wp-json\/wp\/v2\/comments?post=91579"}],"version-history":[{"count":2,"href":"https:\/\/elregionalvm.com.ar\/noticias-villa-maria\/wp-json\/wp\/v2\/posts\/91579\/revisions"}],"predecessor-version":[{"id":91585,"href":"https:\/\/elregionalvm.com.ar\/noticias-villa-maria\/wp-json\/wp\/v2\/posts\/91579\/revisions\/91585"}],"wp:featuredmedia":[{"embeddable":true,"href":"https:\/\/elregionalvm.com.ar\/noticias-villa-maria\/wp-json\/wp\/v2\/media\/91582"}],"wp:attachment":[{"href":"https:\/\/elregionalvm.com.ar\/noticias-villa-maria\/wp-json\/wp\/v2\/media?parent=91579"}],"wp:term":[{"taxonomy":"category","embeddable":true,"href":"https:\/\/elregionalvm.com.ar\/noticias-villa-maria\/wp-json\/wp\/v2\/categories?post=91579"},{"taxonomy":"post_tag","embeddable":true,"href":"https:\/\/elregionalvm.com.ar\/noticias-villa-maria\/wp-json\/wp\/v2\/tags?post=91579"}],"curies":[{"name":"wp","href":"https:\/\/api.w.org\/{rel}","templated":true}]}}