{"id":91586,"date":"2024-03-21T13:05:09","date_gmt":"2024-03-21T13:05:09","guid":{"rendered":"https:\/\/elregionalvm.com.ar\/noticias-villa-maria\/?p=91586"},"modified":"2024-03-21T13:05:10","modified_gmt":"2024-03-21T13:05:10","slug":"etruria-se-viene-la-segunda-maraton-para-grandes-y-chicos","status":"publish","type":"post","link":"https:\/\/elregionalvm.com.ar\/noticias-villa-maria\/etruria-se-viene-la-segunda-maraton-para-grandes-y-chicos\/","title":{"rendered":"Etruria: Se viene la segunda marat\u00f3n para grandes y chicos"},"content":{"rendered":"\n<p>El domingo 14 de abril se realizar\u00e1 la segunda edici\u00f3n de la Marat\u00f3n organizada por la Direcci\u00f3n de Deportes de la Municipalidad de Etruria.<\/p>\n\n\n\n<p>Las inscripciones para participar ya se encuentran abiertas y las acreditaciones se desarrollar\u00e1n el mismo d\u00eda de la competencia entre las 7 y las 9 horas.<\/p>\n\n\n\n<p>El inicio ser\u00e1 a las 10 de la ma\u00f1ana desde el polideportivo municipal, punto de partida y de llegada en la carrera que recorrer\u00e1 distintas calles de la localidad.<\/p>\n\n\n\n<p>Podr\u00e1n participar de las distancias de 10 kil\u00f3metros competitivo con premiaci\u00f3n tanto en la general como en categor\u00edas o en los 5 kil\u00f3metros participativo, con premiaci\u00f3n solo a la general. Los tres primeros puestos obtendr\u00e1n como recompensa dinero en efectivo.<\/p>\n\n\n\n<p>Adem\u00e1s, se entregar\u00e1 medallas a todos los participantes que arriben a la meta final.<\/p>\n\n\n\n<p>La organizaci\u00f3n indic\u00f3 que habr\u00e1 puestos de hidrataci\u00f3n en el recorrido con agua y en la llegada.<\/p>\n\n\n\n<p><\/p>\n\n\n\n<figure class=\"wp-block-image size-large\"><img data-recalc-dims=\"1\" fetchpriority=\"high\" decoding=\"async\" width=\"1024\" height=\"684\" src=\"https:\/\/i0.wp.com\/elregionalvm.com.ar\/noticias-villa-maria\/wp-content\/uploads\/2023\/03\/Etruria-maraton-ninos-1.jpeg?resize=1024%2C684&#038;ssl=1\" alt=\"\" class=\"wp-image-73523\" srcset=\"https:\/\/i0.wp.com\/elregionalvm.com.ar\/noticias-villa-maria\/wp-content\/uploads\/2023\/03\/Etruria-maraton-ninos-1.jpeg?resize=1024%2C684&amp;ssl=1 1024w, https:\/\/i0.wp.com\/elregionalvm.com.ar\/noticias-villa-maria\/wp-content\/uploads\/2023\/03\/Etruria-maraton-ninos-1.jpeg?resize=300%2C200&amp;ssl=1 300w, https:\/\/i0.wp.com\/elregionalvm.com.ar\/noticias-villa-maria\/wp-content\/uploads\/2023\/03\/Etruria-maraton-ninos-1.jpeg?resize=768%2C513&amp;ssl=1 768w, https:\/\/i0.wp.com\/elregionalvm.com.ar\/noticias-villa-maria\/wp-content\/uploads\/2023\/03\/Etruria-maraton-ninos-1.jpeg?resize=1536%2C1025&amp;ssl=1 1536w, https:\/\/i0.wp.com\/elregionalvm.com.ar\/noticias-villa-maria\/wp-content\/uploads\/2023\/03\/Etruria-maraton-ninos-1.jpeg?w=1600&amp;ssl=1 1600w\" sizes=\"(max-width: 1000px) 100vw, 1000px\" \/><\/figure>\n\n\n\n<p><\/p>\n\n\n\n<p><strong>Inscripciones<\/strong><\/p>\n\n\n\n<p>Para las competencias en 10k, 5k, desde el link de inscripci\u00f3n: <a href=\"https:\/\/sites.google.com\/view\/maraton-etruria-2-edicion\/inicio\">https:\/\/sites.google.com\/view\/maraton-etruria-2-edicion\/inicio <\/a><\/p>\n\n\n\n<p>Recreativo o Kid (de 8 a 13 a\u00f1os) inscripci\u00f3n gratuita previa en la Municipalidad o el d\u00eda del evento de 7 a 9 hs.<\/p>\n\n\n\n<p>Los interesados en obtener informaci\u00f3n por categor\u00eda e inscripci\u00f3n, pueden llamar al 353 563-4557<\/p>\n\n\n\n<p><strong>Cronograma<\/strong><\/p>\n\n\n\n<p>&#8211; 7hs Apertura de Acreditaciones.<\/p>\n\n\n\n<p>&#8211; 9hs Cierre de Acreditaciones.<\/p>\n\n\n\n<p>&#8211; 9:05hs Comienzo del evento<\/p>\n\n\n\n<p>&#8211; 9:45hs Entrada en calor a los participantes de ambas distancias<\/p>\n\n\n\n<p>&#8211; 10hs Largada de la carrera en todas las distancias.<\/p>\n\n\n\n<p>&#8211; 11:15hs Aproximadamente (una vez que finalice la carrera de los mayores) Largada de Running Kid<\/p>\n\n\n\n<p>&#8211; 11:30hs Aproximadamente Comienzo de entrega de Premios y Sorteos. (Se comienza con la entrega de premios una vez finalizada la carrera de los ni\u00f1os)&nbsp;<\/p>\n\n\n\n<p>&#8211; 12hs Aproximadamente Fin de la Jornada.<\/p>\n\n\n\n<p><\/p>\n","protected":false},"excerpt":{"rendered":"<p>El domingo 14 de abril se realizar\u00e1 la segunda edici\u00f3n de la Marat\u00f3n organizada por la Direcci\u00f3n de Deportes de la Municipalidad de Etruria. Las inscripciones para participar ya se encuentran abiertas y las acreditaciones se desarrollar\u00e1n el mismo d\u00eda de la competencia entre las 7 y las 9 horas. El inicio ser\u00e1 a las [&hellip;]<\/p>\n","protected":false},"author":4,"featured_media":91588,"comment_status":"open","ping_status":"open","sticky":false,"template":"","format":"standard","meta":{"site-sidebar-layout":"default","site-content-layout":"","ast-site-content-layout":"default","site-content-style":"default","site-sidebar-style":"default","ast-global-header-display":"","ast-banner-title-visibility":"","ast-main-header-display":"","ast-hfb-above-header-display":"","ast-hfb-below-header-display":"","ast-hfb-mobile-header-display":"","site-post-title":"","ast-breadcrumbs-content":"","ast-featured-img":"","footer-sml-layout":"","ast-disable-related-posts":"","theme-transparent-header-meta":"","adv-header-id-meta":"","stick-header-meta":"","header-above-stick-meta":"","header-main-stick-meta":"","header-below-stick-meta":"","astra-migrate-meta-layouts":"set","ast-page-background-enabled":"default","ast-page-background-meta":{"desktop":{"background-color":"","background-image":"","background-repeat":"repeat","background-position":"center center","background-size":"auto","background-attachment":"scroll","background-type":"","background-media":"","overlay-type":"","overlay-color":"","overlay-opacity":"","overlay-gradient":""},"tablet":{"background-color":"","background-image":"","background-repeat":"repeat","background-position":"center center","background-size":"auto","background-attachment":"scroll","background-type":"","background-media":"","overlay-type":"","overlay-color":"","overlay-opacity":"","overlay-gradient":""},"mobile":{"background-color":"","background-image":"","background-repeat":"repeat","background-position":"center center","background-size":"auto","background-attachment":"scroll","background-type":"","background-media":"","overlay-type":"","overlay-color":"","overlay-opacity":"","overlay-gradient":""}},"ast-content-background-meta":{"desktop":{"background-color":"var(--ast-global-color-5)","background-image":"","background-repeat":"repeat","background-position":"center center","background-size":"auto","background-attachment":"scroll","background-type":"","background-media":"","overlay-type":"","overlay-color":"","overlay-opacity":"","overlay-gradient":""},"tablet":{"background-color":"var(--ast-global-color-5)","background-image":"","background-repeat":"repeat","background-position":"center center","background-size":"auto","background-attachment":"scroll","background-type":"","background-media":"","overlay-type":"","overlay-color":"","overlay-opacity":"","overlay-gradient":""},"mobile":{"background-color":"var(--ast-global-color-5)","background-image":"","background-repeat":"repeat","background-position":"center center","background-size":"auto","background-attachment":"scroll","background-type":"","background-media":"","overlay-type":"","overlay-color":"","overlay-opacity":"","overlay-gradient":""}},"_jetpack_memberships_contains_paid_content":false,"_joinchat":[],"footnotes":""},"categories":[15158,15302,2091],"tags":[74,10521,638,1096,4928,13858],"class_list":["post-91586","post","type-post","status-publish","format-standard","has-post-thumbnail","hentry","category-deporte","category-destacado","category-region","tag-competencia","tag-correr","tag-deporte","tag-etruria","tag-maraton","tag-municipalidad-de-etruria"],"yoast_head":"<!-- This site is optimized with the Yoast SEO plugin v26.8 - https:\/\/yoast.com\/product\/yoast-seo-wordpress\/ -->\n<title>Etruria: Se viene la segunda marat\u00f3n para grandes y chicos - El Regional<\/title>\n<meta name=\"robots\" content=\"index, follow, max-snippet:-1, max-image-preview:large, max-video-preview:-1\" \/>\n<link rel=\"canonical\" href=\"https:\/\/elregionalvm.com.ar\/noticias-villa-maria\/etruria-se-viene-la-segunda-maraton-para-grandes-y-chicos\/\" \/>\n<meta property=\"og:locale\" content=\"es_ES\" \/>\n<meta property=\"og:type\" content=\"article\" \/>\n<meta property=\"og:title\" content=\"Etruria: Se viene la segunda marat\u00f3n para grandes y chicos - El Regional\" \/>\n<meta property=\"og:description\" content=\"El domingo 14 de abril se realizar\u00e1 la segunda edici\u00f3n de la Marat\u00f3n organizada por la Direcci\u00f3n de Deportes de la Municipalidad de Etruria. Las inscripciones para participar ya se encuentran abiertas y las acreditaciones se desarrollar\u00e1n el mismo d\u00eda de la competencia entre las 7 y las 9 horas. El inicio ser\u00e1 a las [&hellip;]\" \/>\n<meta property=\"og:url\" content=\"https:\/\/elregionalvm.com.ar\/noticias-villa-maria\/etruria-se-viene-la-segunda-maraton-para-grandes-y-chicos\/\" \/>\n<meta property=\"og:site_name\" content=\"El Regional\" \/>\n<meta property=\"article:publisher\" content=\"https:\/\/www.facebook.com\/elregionalvm\" \/>\n<meta property=\"article:published_time\" content=\"2024-03-21T13:05:09+00:00\" \/>\n<meta property=\"article:modified_time\" content=\"2024-03-21T13:05:10+00:00\" \/>\n<meta property=\"og:image\" content=\"https:\/\/elregionalvm.com.ar\/noticias-villa-maria\/wp-content\/uploads\/2024\/03\/Maraton-Etruria.jpeg\" \/>\n\t<meta property=\"og:image:width\" content=\"1080\" \/>\n\t<meta property=\"og:image:height\" content=\"721\" \/>\n\t<meta property=\"og:image:type\" content=\"image\/jpeg\" \/>\n<meta name=\"author\" content=\"Contenidos El Regional\" \/>\n<meta name=\"twitter:card\" content=\"summary_large_image\" \/>\n<meta name=\"twitter:creator\" content=\"@elregionalvm1\" \/>\n<meta name=\"twitter:site\" content=\"@elregionalvm1\" \/>\n<meta name=\"twitter:label1\" content=\"Escrito por\" \/>\n\t<meta name=\"twitter:data1\" content=\"Contenidos El Regional\" \/>\n\t<meta name=\"twitter:label2\" content=\"Tiempo de lectura\" \/>\n\t<meta name=\"twitter:data2\" content=\"2 minutos\" \/>\n<script type=\"application\/ld+json\" class=\"yoast-schema-graph\">{\"@context\":\"https:\/\/schema.org\",\"@graph\":[{\"@type\":\"Article\",\"@id\":\"https:\/\/elregionalvm.com.ar\/noticias-villa-maria\/etruria-se-viene-la-segunda-maraton-para-grandes-y-chicos\/#article\",\"isPartOf\":{\"@id\":\"https:\/\/elregionalvm.com.ar\/noticias-villa-maria\/etruria-se-viene-la-segunda-maraton-para-grandes-y-chicos\/\"},\"author\":{\"name\":\"Contenidos El Regional\",\"@id\":\"http:\/\/elregionalvm.com.ar\/noticias-villa-maria\/#\/schema\/person\/a0fb9c422317faca23d50163151bc354\"},\"headline\":\"Etruria: Se viene la segunda marat\u00f3n para grandes y chicos\",\"datePublished\":\"2024-03-21T13:05:09+00:00\",\"dateModified\":\"2024-03-21T13:05:10+00:00\",\"mainEntityOfPage\":{\"@id\":\"https:\/\/elregionalvm.com.ar\/noticias-villa-maria\/etruria-se-viene-la-segunda-maraton-para-grandes-y-chicos\/\"},\"wordCount\":318,\"commentCount\":0,\"image\":{\"@id\":\"https:\/\/elregionalvm.com.ar\/noticias-villa-maria\/etruria-se-viene-la-segunda-maraton-para-grandes-y-chicos\/#primaryimage\"},\"thumbnailUrl\":\"https:\/\/i0.wp.com\/elregionalvm.com.ar\/noticias-villa-maria\/wp-content\/uploads\/2024\/03\/Maraton-Etruria.jpeg?fit=1080%2C721&ssl=1\",\"keywords\":[\"competencia\",\"Correr\",\"Deporte\",\"Etruria\",\"marat\u00f3n\",\"Municipalidad de Etruria\"],\"articleSection\":[\"Deporte\",\"destacado\",\"Regi\u00f3n\"],\"inLanguage\":\"es\",\"potentialAction\":[{\"@type\":\"CommentAction\",\"name\":\"Comment\",\"target\":[\"https:\/\/elregionalvm.com.ar\/noticias-villa-maria\/etruria-se-viene-la-segunda-maraton-para-grandes-y-chicos\/#respond\"]}]},{\"@type\":\"WebPage\",\"@id\":\"https:\/\/elregionalvm.com.ar\/noticias-villa-maria\/etruria-se-viene-la-segunda-maraton-para-grandes-y-chicos\/\",\"url\":\"https:\/\/elregionalvm.com.ar\/noticias-villa-maria\/etruria-se-viene-la-segunda-maraton-para-grandes-y-chicos\/\",\"name\":\"Etruria: Se viene la segunda marat\u00f3n para grandes y chicos - El Regional\",\"isPartOf\":{\"@id\":\"http:\/\/elregionalvm.com.ar\/noticias-villa-maria\/#website\"},\"primaryImageOfPage\":{\"@id\":\"https:\/\/elregionalvm.com.ar\/noticias-villa-maria\/etruria-se-viene-la-segunda-maraton-para-grandes-y-chicos\/#primaryimage\"},\"image\":{\"@id\":\"https:\/\/elregionalvm.com.ar\/noticias-villa-maria\/etruria-se-viene-la-segunda-maraton-para-grandes-y-chicos\/#primaryimage\"},\"thumbnailUrl\":\"https:\/\/i0.wp.com\/elregionalvm.com.ar\/noticias-villa-maria\/wp-content\/uploads\/2024\/03\/Maraton-Etruria.jpeg?fit=1080%2C721&ssl=1\",\"datePublished\":\"2024-03-21T13:05:09+00:00\",\"dateModified\":\"2024-03-21T13:05:10+00:00\",\"author\":{\"@id\":\"http:\/\/elregionalvm.com.ar\/noticias-villa-maria\/#\/schema\/person\/a0fb9c422317faca23d50163151bc354\"},\"breadcrumb\":{\"@id\":\"https:\/\/elregionalvm.com.ar\/noticias-villa-maria\/etruria-se-viene-la-segunda-maraton-para-grandes-y-chicos\/#breadcrumb\"},\"inLanguage\":\"es\",\"potentialAction\":[{\"@type\":\"ReadAction\",\"target\":[\"https:\/\/elregionalvm.com.ar\/noticias-villa-maria\/etruria-se-viene-la-segunda-maraton-para-grandes-y-chicos\/\"]}]},{\"@type\":\"ImageObject\",\"inLanguage\":\"es\",\"@id\":\"https:\/\/elregionalvm.com.ar\/noticias-villa-maria\/etruria-se-viene-la-segunda-maraton-para-grandes-y-chicos\/#primaryimage\",\"url\":\"https:\/\/i0.wp.com\/elregionalvm.com.ar\/noticias-villa-maria\/wp-content\/uploads\/2024\/03\/Maraton-Etruria.jpeg?fit=1080%2C721&ssl=1\",\"contentUrl\":\"https:\/\/i0.wp.com\/elregionalvm.com.ar\/noticias-villa-maria\/wp-content\/uploads\/2024\/03\/Maraton-Etruria.jpeg?fit=1080%2C721&ssl=1\",\"width\":1080,\"height\":721},{\"@type\":\"BreadcrumbList\",\"@id\":\"https:\/\/elregionalvm.com.ar\/noticias-villa-maria\/etruria-se-viene-la-segunda-maraton-para-grandes-y-chicos\/#breadcrumb\",\"itemListElement\":[{\"@type\":\"ListItem\",\"position\":1,\"name\":\"Portada\",\"item\":\"https:\/\/elregionalvm.com.ar\/noticias-villa-maria\/\"},{\"@type\":\"ListItem\",\"position\":2,\"name\":\"Etruria: Se viene la segunda marat\u00f3n para grandes y chicos\"}]},{\"@type\":\"WebSite\",\"@id\":\"http:\/\/elregionalvm.com.ar\/noticias-villa-maria\/#website\",\"url\":\"http:\/\/elregionalvm.com.ar\/noticias-villa-maria\/\",\"name\":\"El Regional\",\"description\":\"Mucho m\u00e1s que informaci\u00f3n\",\"potentialAction\":[{\"@type\":\"SearchAction\",\"target\":{\"@type\":\"EntryPoint\",\"urlTemplate\":\"http:\/\/elregionalvm.com.ar\/noticias-villa-maria\/?s={search_term_string}\"},\"query-input\":{\"@type\":\"PropertyValueSpecification\",\"valueRequired\":true,\"valueName\":\"search_term_string\"}}],\"inLanguage\":\"es\"},{\"@type\":\"Person\",\"@id\":\"http:\/\/elregionalvm.com.ar\/noticias-villa-maria\/#\/schema\/person\/a0fb9c422317faca23d50163151bc354\",\"name\":\"Contenidos El Regional\",\"image\":{\"@type\":\"ImageObject\",\"inLanguage\":\"es\",\"@id\":\"http:\/\/elregionalvm.com.ar\/noticias-villa-maria\/#\/schema\/person\/image\/\",\"url\":\"https:\/\/secure.gravatar.com\/avatar\/265b27cb2209af7bb3a1318f03305787d7981a5cc6e6cd08fe5a4ecdf99d4b48?s=96&d=mm&r=g\",\"contentUrl\":\"https:\/\/secure.gravatar.com\/avatar\/265b27cb2209af7bb3a1318f03305787d7981a5cc6e6cd08fe5a4ecdf99d4b48?s=96&d=mm&r=g\",\"caption\":\"Contenidos El Regional\"},\"url\":\"https:\/\/elregionalvm.com.ar\/noticias-villa-maria\/author\/contenido\/\"}]}<\/script>\n<!-- \/ Yoast SEO plugin. -->","yoast_head_json":{"title":"Etruria: Se viene la segunda marat\u00f3n para grandes y chicos - El Regional","robots":{"index":"index","follow":"follow","max-snippet":"max-snippet:-1","max-image-preview":"max-image-preview:large","max-video-preview":"max-video-preview:-1"},"canonical":"https:\/\/elregionalvm.com.ar\/noticias-villa-maria\/etruria-se-viene-la-segunda-maraton-para-grandes-y-chicos\/","og_locale":"es_ES","og_type":"article","og_title":"Etruria: Se viene la segunda marat\u00f3n para grandes y chicos - El Regional","og_description":"El domingo 14 de abril se realizar\u00e1 la segunda edici\u00f3n de la Marat\u00f3n organizada por la Direcci\u00f3n de Deportes de la Municipalidad de Etruria. Las inscripciones para participar ya se encuentran abiertas y las acreditaciones se desarrollar\u00e1n el mismo d\u00eda de la competencia entre las 7 y las 9 horas. El inicio ser\u00e1 a las [&hellip;]","og_url":"https:\/\/elregionalvm.com.ar\/noticias-villa-maria\/etruria-se-viene-la-segunda-maraton-para-grandes-y-chicos\/","og_site_name":"El Regional","article_publisher":"https:\/\/www.facebook.com\/elregionalvm","article_published_time":"2024-03-21T13:05:09+00:00","article_modified_time":"2024-03-21T13:05:10+00:00","og_image":[{"width":1080,"height":721,"url":"https:\/\/elregionalvm.com.ar\/noticias-villa-maria\/wp-content\/uploads\/2024\/03\/Maraton-Etruria.jpeg","type":"image\/jpeg"}],"author":"Contenidos El Regional","twitter_card":"summary_large_image","twitter_creator":"@elregionalvm1","twitter_site":"@elregionalvm1","twitter_misc":{"Escrito por":"Contenidos El Regional","Tiempo de lectura":"2 minutos"},"schema":{"@context":"https:\/\/schema.org","@graph":[{"@type":"Article","@id":"https:\/\/elregionalvm.com.ar\/noticias-villa-maria\/etruria-se-viene-la-segunda-maraton-para-grandes-y-chicos\/#article","isPartOf":{"@id":"https:\/\/elregionalvm.com.ar\/noticias-villa-maria\/etruria-se-viene-la-segunda-maraton-para-grandes-y-chicos\/"},"author":{"name":"Contenidos El Regional","@id":"http:\/\/elregionalvm.com.ar\/noticias-villa-maria\/#\/schema\/person\/a0fb9c422317faca23d50163151bc354"},"headline":"Etruria: Se viene la segunda marat\u00f3n para grandes y chicos","datePublished":"2024-03-21T13:05:09+00:00","dateModified":"2024-03-21T13:05:10+00:00","mainEntityOfPage":{"@id":"https:\/\/elregionalvm.com.ar\/noticias-villa-maria\/etruria-se-viene-la-segunda-maraton-para-grandes-y-chicos\/"},"wordCount":318,"commentCount":0,"image":{"@id":"https:\/\/elregionalvm.com.ar\/noticias-villa-maria\/etruria-se-viene-la-segunda-maraton-para-grandes-y-chicos\/#primaryimage"},"thumbnailUrl":"https:\/\/i0.wp.com\/elregionalvm.com.ar\/noticias-villa-maria\/wp-content\/uploads\/2024\/03\/Maraton-Etruria.jpeg?fit=1080%2C721&ssl=1","keywords":["competencia","Correr","Deporte","Etruria","marat\u00f3n","Municipalidad de Etruria"],"articleSection":["Deporte","destacado","Regi\u00f3n"],"inLanguage":"es","potentialAction":[{"@type":"CommentAction","name":"Comment","target":["https:\/\/elregionalvm.com.ar\/noticias-villa-maria\/etruria-se-viene-la-segunda-maraton-para-grandes-y-chicos\/#respond"]}]},{"@type":"WebPage","@id":"https:\/\/elregionalvm.com.ar\/noticias-villa-maria\/etruria-se-viene-la-segunda-maraton-para-grandes-y-chicos\/","url":"https:\/\/elregionalvm.com.ar\/noticias-villa-maria\/etruria-se-viene-la-segunda-maraton-para-grandes-y-chicos\/","name":"Etruria: Se viene la segunda marat\u00f3n para grandes y chicos - El Regional","isPartOf":{"@id":"http:\/\/elregionalvm.com.ar\/noticias-villa-maria\/#website"},"primaryImageOfPage":{"@id":"https:\/\/elregionalvm.com.ar\/noticias-villa-maria\/etruria-se-viene-la-segunda-maraton-para-grandes-y-chicos\/#primaryimage"},"image":{"@id":"https:\/\/elregionalvm.com.ar\/noticias-villa-maria\/etruria-se-viene-la-segunda-maraton-para-grandes-y-chicos\/#primaryimage"},"thumbnailUrl":"https:\/\/i0.wp.com\/elregionalvm.com.ar\/noticias-villa-maria\/wp-content\/uploads\/2024\/03\/Maraton-Etruria.jpeg?fit=1080%2C721&ssl=1","datePublished":"2024-03-21T13:05:09+00:00","dateModified":"2024-03-21T13:05:10+00:00","author":{"@id":"http:\/\/elregionalvm.com.ar\/noticias-villa-maria\/#\/schema\/person\/a0fb9c422317faca23d50163151bc354"},"breadcrumb":{"@id":"https:\/\/elregionalvm.com.ar\/noticias-villa-maria\/etruria-se-viene-la-segunda-maraton-para-grandes-y-chicos\/#breadcrumb"},"inLanguage":"es","potentialAction":[{"@type":"ReadAction","target":["https:\/\/elregionalvm.com.ar\/noticias-villa-maria\/etruria-se-viene-la-segunda-maraton-para-grandes-y-chicos\/"]}]},{"@type":"ImageObject","inLanguage":"es","@id":"https:\/\/elregionalvm.com.ar\/noticias-villa-maria\/etruria-se-viene-la-segunda-maraton-para-grandes-y-chicos\/#primaryimage","url":"https:\/\/i0.wp.com\/elregionalvm.com.ar\/noticias-villa-maria\/wp-content\/uploads\/2024\/03\/Maraton-Etruria.jpeg?fit=1080%2C721&ssl=1","contentUrl":"https:\/\/i0.wp.com\/elregionalvm.com.ar\/noticias-villa-maria\/wp-content\/uploads\/2024\/03\/Maraton-Etruria.jpeg?fit=1080%2C721&ssl=1","width":1080,"height":721},{"@type":"BreadcrumbList","@id":"https:\/\/elregionalvm.com.ar\/noticias-villa-maria\/etruria-se-viene-la-segunda-maraton-para-grandes-y-chicos\/#breadcrumb","itemListElement":[{"@type":"ListItem","position":1,"name":"Portada","item":"https:\/\/elregionalvm.com.ar\/noticias-villa-maria\/"},{"@type":"ListItem","position":2,"name":"Etruria: Se viene la segunda marat\u00f3n para grandes y chicos"}]},{"@type":"WebSite","@id":"http:\/\/elregionalvm.com.ar\/noticias-villa-maria\/#website","url":"http:\/\/elregionalvm.com.ar\/noticias-villa-maria\/","name":"El Regional","description":"Mucho m\u00e1s que informaci\u00f3n","potentialAction":[{"@type":"SearchAction","target":{"@type":"EntryPoint","urlTemplate":"http:\/\/elregionalvm.com.ar\/noticias-villa-maria\/?s={search_term_string}"},"query-input":{"@type":"PropertyValueSpecification","valueRequired":true,"valueName":"search_term_string"}}],"inLanguage":"es"},{"@type":"Person","@id":"http:\/\/elregionalvm.com.ar\/noticias-villa-maria\/#\/schema\/person\/a0fb9c422317faca23d50163151bc354","name":"Contenidos El Regional","image":{"@type":"ImageObject","inLanguage":"es","@id":"http:\/\/elregionalvm.com.ar\/noticias-villa-maria\/#\/schema\/person\/image\/","url":"https:\/\/secure.gravatar.com\/avatar\/265b27cb2209af7bb3a1318f03305787d7981a5cc6e6cd08fe5a4ecdf99d4b48?s=96&d=mm&r=g","contentUrl":"https:\/\/secure.gravatar.com\/avatar\/265b27cb2209af7bb3a1318f03305787d7981a5cc6e6cd08fe5a4ecdf99d4b48?s=96&d=mm&r=g","caption":"Contenidos El Regional"},"url":"https:\/\/elregionalvm.com.ar\/noticias-villa-maria\/author\/contenido\/"}]}},"jetpack_featured_media_url":"https:\/\/i0.wp.com\/elregionalvm.com.ar\/noticias-villa-maria\/wp-content\/uploads\/2024\/03\/Maraton-Etruria.jpeg?fit=1080%2C721&ssl=1","jetpack_sharing_enabled":true,"_links":{"self":[{"href":"https:\/\/elregionalvm.com.ar\/noticias-villa-maria\/wp-json\/wp\/v2\/posts\/91586","targetHints":{"allow":["GET"]}}],"collection":[{"href":"https:\/\/elregionalvm.com.ar\/noticias-villa-maria\/wp-json\/wp\/v2\/posts"}],"about":[{"href":"https:\/\/elregionalvm.com.ar\/noticias-villa-maria\/wp-json\/wp\/v2\/types\/post"}],"author":[{"embeddable":true,"href":"https:\/\/elregionalvm.com.ar\/noticias-villa-maria\/wp-json\/wp\/v2\/users\/4"}],"replies":[{"embeddable":true,"href":"https:\/\/elregionalvm.com.ar\/noticias-villa-maria\/wp-json\/wp\/v2\/comments?post=91586"}],"version-history":[{"count":2,"href":"https:\/\/elregionalvm.com.ar\/noticias-villa-maria\/wp-json\/wp\/v2\/posts\/91586\/revisions"}],"predecessor-version":[{"id":91589,"href":"https:\/\/elregionalvm.com.ar\/noticias-villa-maria\/wp-json\/wp\/v2\/posts\/91586\/revisions\/91589"}],"wp:featuredmedia":[{"embeddable":true,"href":"https:\/\/elregionalvm.com.ar\/noticias-villa-maria\/wp-json\/wp\/v2\/media\/91588"}],"wp:attachment":[{"href":"https:\/\/elregionalvm.com.ar\/noticias-villa-maria\/wp-json\/wp\/v2\/media?parent=91586"}],"wp:term":[{"taxonomy":"category","embeddable":true,"href":"https:\/\/elregionalvm.com.ar\/noticias-villa-maria\/wp-json\/wp\/v2\/categories?post=91586"},{"taxonomy":"post_tag","embeddable":true,"href":"https:\/\/elregionalvm.com.ar\/noticias-villa-maria\/wp-json\/wp\/v2\/tags?post=91586"}],"curies":[{"name":"wp","href":"https:\/\/api.w.org\/{rel}","templated":true}]}}