{"id":91590,"date":"2024-03-21T23:03:19","date_gmt":"2024-03-21T23:03:19","guid":{"rendered":"https:\/\/elregionalvm.com.ar\/noticias-villa-maria\/?p=91590"},"modified":"2024-03-22T02:36:13","modified_gmt":"2024-03-22T02:36:13","slug":"el-municipio-y-el-hospital-pasteur-firmaron-un-convenio-para-crear-un-centro-de-documentacion-rapida-en-el-nosocomio","status":"publish","type":"post","link":"https:\/\/elregionalvm.com.ar\/noticias-villa-maria\/el-municipio-y-el-hospital-pasteur-firmaron-un-convenio-para-crear-un-centro-de-documentacion-rapida-en-el-nosocomio\/","title":{"rendered":"El Municipio y el Hospital Pasteur firmaron un convenio para crear un centro de documentaci\u00f3n r\u00e1pida"},"content":{"rendered":"\n<p>En la ma\u00f1ana de hoy, el intendente Eduardo Accastello junto a autoridades del Gobierno local y del Hospital Pasteur, firmaron un convenio para crear una dependencia instrumental del Registro Civil dentro del nosocomio local, con el objetivo de registrar nacimientos y defunciones que all\u00ed se efect\u00faan.<\/p>\n\n\n\n<p>En conferencia con medios de prensa, el intendente Accastello, coment\u00f3: \u201cEstamos muy orgullosos del Hospital Pasteur, porque tiene un gran reconocimiento social en todo el \u00e1mbito de la provincia de C\u00f3rdoba. En lo que va del a\u00f1o, han nacido 136 beb\u00e9s en Villa Mar\u00eda, tanto de familias locales como de la regi\u00f3n, por lo que contar con la posibilidad de generar la documentaci\u00f3n de los ni\u00f1os y ni\u00f1as en el mismo lugar en el que nacen, es un hecho muy significativo\u201d.<\/p>\n\n\n\n<p>Luego, agreg\u00f3: \u201cEs parte de la evoluci\u00f3n y del trabajo conjunto que tenemos entre el Hospital y el Municipio, y de la misma manera en la que se coordinan pol\u00edticas p\u00fablicas en materia de salud, tambi\u00e9n lo hacemos en materia de los servicios que requieren las personas que se atienden en nuestra ciudad\u201d.<\/p>\n\n\n\n<p>Asimismo, se destac\u00f3 la colaboraci\u00f3n y el trabajo compartido entre la Secretar\u00eda de Salud y el Hospital Pasteur, en todo lo relativo a la urgencia sanitaria declarada por el Dengue, donde tanto el nosocomio como el Municipio, a trav\u00e9s de los Centros de Atenci\u00f3n Primaria de la Salud (CAPS) y la Asistencia P\u00fablica, han determinado m\u00e1s prestaciones y horarios de atenci\u00f3n, y el esfuerzo que est\u00e1 haciendo Villa Mar\u00eda a trav\u00e9s de los referentes sanitarios del Gobierno local y el Hospital.<\/p>\n\n\n\n<p>\u201cTrabajando juntos, de manera cooperativa y en cohesi\u00f3n comunitaria, se da respuesta a las necesidades de los vecinos y vecinas, donde la salud es uno de los temas mas importantes\u201d, cerr\u00f3 el jefe comunal.<\/p>\n\n\n\n<p>Estuvieron presentes la Legisladora Provincial, Ver\u00f3nica Navarro; el secretario de Unidad Intendencia, Agust\u00edn Turletti Mino; la directora del Registro Civil, Valeria Gudi\u00f1o; la directora y el subdirector del Hospital Pasteur, Liliana Abraham y Dar\u00edo Quinodoz.<\/p>\n","protected":false},"excerpt":{"rendered":"<p>En la ma\u00f1ana de hoy, el intendente Eduardo Accastello junto a autoridades del Gobierno local y del Hospital Pasteur, firmaron un convenio para crear una dependencia instrumental del Registro Civil dentro del nosocomio local, con el objetivo de registrar nacimientos y defunciones que all\u00ed se efect\u00faan. En conferencia con medios de prensa, el intendente Accastello, [&hellip;]<\/p>\n","protected":false},"author":4,"featured_media":91591,"comment_status":"open","ping_status":"open","sticky":false,"template":"","format":"standard","meta":{"site-sidebar-layout":"default","site-content-layout":"","ast-site-content-layout":"default","site-content-style":"default","site-sidebar-style":"default","ast-global-header-display":"","ast-banner-title-visibility":"","ast-main-header-display":"","ast-hfb-above-header-display":"","ast-hfb-below-header-display":"","ast-hfb-mobile-header-display":"","site-post-title":"","ast-breadcrumbs-content":"","ast-featured-img":"","footer-sml-layout":"","ast-disable-related-posts":"","theme-transparent-header-meta":"","adv-header-id-meta":"","stick-header-meta":"","header-above-stick-meta":"","header-main-stick-meta":"","header-below-stick-meta":"","astra-migrate-meta-layouts":"set","ast-page-background-enabled":"default","ast-page-background-meta":{"desktop":{"background-color":"","background-image":"","background-repeat":"repeat","background-position":"center center","background-size":"auto","background-attachment":"scroll","background-type":"","background-media":"","overlay-type":"","overlay-color":"","overlay-opacity":"","overlay-gradient":""},"tablet":{"background-color":"","background-image":"","background-repeat":"repeat","background-position":"center center","background-size":"auto","background-attachment":"scroll","background-type":"","background-media":"","overlay-type":"","overlay-color":"","overlay-opacity":"","overlay-gradient":""},"mobile":{"background-color":"","background-image":"","background-repeat":"repeat","background-position":"center center","background-size":"auto","background-attachment":"scroll","background-type":"","background-media":"","overlay-type":"","overlay-color":"","overlay-opacity":"","overlay-gradient":""}},"ast-content-background-meta":{"desktop":{"background-color":"var(--ast-global-color-5)","background-image":"","background-repeat":"repeat","background-position":"center center","background-size":"auto","background-attachment":"scroll","background-type":"","background-media":"","overlay-type":"","overlay-color":"","overlay-opacity":"","overlay-gradient":""},"tablet":{"background-color":"var(--ast-global-color-5)","background-image":"","background-repeat":"repeat","background-position":"center center","background-size":"auto","background-attachment":"scroll","background-type":"","background-media":"","overlay-type":"","overlay-color":"","overlay-opacity":"","overlay-gradient":""},"mobile":{"background-color":"var(--ast-global-color-5)","background-image":"","background-repeat":"repeat","background-position":"center center","background-size":"auto","background-attachment":"scroll","background-type":"","background-media":"","overlay-type":"","overlay-color":"","overlay-opacity":"","overlay-gradient":""}},"_jetpack_memberships_contains_paid_content":false,"_joinchat":[],"footnotes":""},"categories":[15302,5,2],"tags":[],"class_list":["post-91590","post","type-post","status-publish","format-standard","has-post-thumbnail","hentry","category-destacado","category-sociedad","category-villa-maria"],"yoast_head":"<!-- This site is optimized with the Yoast SEO plugin v26.8 - https:\/\/yoast.com\/product\/yoast-seo-wordpress\/ -->\n<title>El Municipio y el Hospital Pasteur firmaron un convenio para crear un centro de documentaci\u00f3n r\u00e1pida - El Regional<\/title>\n<meta name=\"robots\" content=\"index, follow, max-snippet:-1, max-image-preview:large, max-video-preview:-1\" \/>\n<link rel=\"canonical\" href=\"https:\/\/elregionalvm.com.ar\/noticias-villa-maria\/el-municipio-y-el-hospital-pasteur-firmaron-un-convenio-para-crear-un-centro-de-documentacion-rapida-en-el-nosocomio\/\" \/>\n<meta property=\"og:locale\" content=\"es_ES\" \/>\n<meta property=\"og:type\" content=\"article\" \/>\n<meta property=\"og:title\" content=\"El Municipio y el Hospital Pasteur firmaron un convenio para crear un centro de documentaci\u00f3n r\u00e1pida - El Regional\" \/>\n<meta property=\"og:description\" content=\"En la ma\u00f1ana de hoy, el intendente Eduardo Accastello junto a autoridades del Gobierno local y del Hospital Pasteur, firmaron un convenio para crear una dependencia instrumental del Registro Civil dentro del nosocomio local, con el objetivo de registrar nacimientos y defunciones que all\u00ed se efect\u00faan. En conferencia con medios de prensa, el intendente Accastello, [&hellip;]\" \/>\n<meta property=\"og:url\" content=\"https:\/\/elregionalvm.com.ar\/noticias-villa-maria\/el-municipio-y-el-hospital-pasteur-firmaron-un-convenio-para-crear-un-centro-de-documentacion-rapida-en-el-nosocomio\/\" \/>\n<meta property=\"og:site_name\" content=\"El Regional\" \/>\n<meta property=\"article:publisher\" content=\"https:\/\/www.facebook.com\/elregionalvm\" \/>\n<meta property=\"article:published_time\" content=\"2024-03-21T23:03:19+00:00\" \/>\n<meta property=\"article:modified_time\" content=\"2024-03-22T02:36:13+00:00\" \/>\n<meta property=\"og:image\" content=\"https:\/\/elregionalvm.com.ar\/noticias-villa-maria\/wp-content\/uploads\/2024\/03\/WhatsApp-Image-2024-03-21-at-1.04.37-PM.jpeg\" \/>\n\t<meta property=\"og:image:width\" content=\"1600\" \/>\n\t<meta property=\"og:image:height\" content=\"1069\" \/>\n\t<meta property=\"og:image:type\" content=\"image\/jpeg\" \/>\n<meta name=\"author\" content=\"Contenidos El Regional\" \/>\n<meta name=\"twitter:card\" content=\"summary_large_image\" \/>\n<meta name=\"twitter:creator\" content=\"@elregionalvm1\" \/>\n<meta name=\"twitter:site\" content=\"@elregionalvm1\" \/>\n<meta name=\"twitter:label1\" content=\"Escrito por\" \/>\n\t<meta name=\"twitter:data1\" content=\"Contenidos El Regional\" \/>\n\t<meta name=\"twitter:label2\" content=\"Tiempo de lectura\" \/>\n\t<meta name=\"twitter:data2\" content=\"2 minutos\" \/>\n<script type=\"application\/ld+json\" class=\"yoast-schema-graph\">{\"@context\":\"https:\/\/schema.org\",\"@graph\":[{\"@type\":\"Article\",\"@id\":\"https:\/\/elregionalvm.com.ar\/noticias-villa-maria\/el-municipio-y-el-hospital-pasteur-firmaron-un-convenio-para-crear-un-centro-de-documentacion-rapida-en-el-nosocomio\/#article\",\"isPartOf\":{\"@id\":\"https:\/\/elregionalvm.com.ar\/noticias-villa-maria\/el-municipio-y-el-hospital-pasteur-firmaron-un-convenio-para-crear-un-centro-de-documentacion-rapida-en-el-nosocomio\/\"},\"author\":{\"name\":\"Contenidos El Regional\",\"@id\":\"http:\/\/elregionalvm.com.ar\/noticias-villa-maria\/#\/schema\/person\/a0fb9c422317faca23d50163151bc354\"},\"headline\":\"El Municipio y el Hospital Pasteur firmaron un convenio para crear un centro de documentaci\u00f3n r\u00e1pida\",\"datePublished\":\"2024-03-21T23:03:19+00:00\",\"dateModified\":\"2024-03-22T02:36:13+00:00\",\"mainEntityOfPage\":{\"@id\":\"https:\/\/elregionalvm.com.ar\/noticias-villa-maria\/el-municipio-y-el-hospital-pasteur-firmaron-un-convenio-para-crear-un-centro-de-documentacion-rapida-en-el-nosocomio\/\"},\"wordCount\":375,\"commentCount\":0,\"image\":{\"@id\":\"https:\/\/elregionalvm.com.ar\/noticias-villa-maria\/el-municipio-y-el-hospital-pasteur-firmaron-un-convenio-para-crear-un-centro-de-documentacion-rapida-en-el-nosocomio\/#primaryimage\"},\"thumbnailUrl\":\"https:\/\/i0.wp.com\/elregionalvm.com.ar\/noticias-villa-maria\/wp-content\/uploads\/2024\/03\/WhatsApp-Image-2024-03-21-at-1.04.37-PM.jpeg?fit=1600%2C1069&ssl=1\",\"articleSection\":[\"destacado\",\"Sociedad\",\"Villa Mar\u00eda\"],\"inLanguage\":\"es\",\"potentialAction\":[{\"@type\":\"CommentAction\",\"name\":\"Comment\",\"target\":[\"https:\/\/elregionalvm.com.ar\/noticias-villa-maria\/el-municipio-y-el-hospital-pasteur-firmaron-un-convenio-para-crear-un-centro-de-documentacion-rapida-en-el-nosocomio\/#respond\"]}]},{\"@type\":\"WebPage\",\"@id\":\"https:\/\/elregionalvm.com.ar\/noticias-villa-maria\/el-municipio-y-el-hospital-pasteur-firmaron-un-convenio-para-crear-un-centro-de-documentacion-rapida-en-el-nosocomio\/\",\"url\":\"https:\/\/elregionalvm.com.ar\/noticias-villa-maria\/el-municipio-y-el-hospital-pasteur-firmaron-un-convenio-para-crear-un-centro-de-documentacion-rapida-en-el-nosocomio\/\",\"name\":\"El Municipio y el Hospital Pasteur firmaron un convenio para crear un centro de documentaci\u00f3n r\u00e1pida - El Regional\",\"isPartOf\":{\"@id\":\"http:\/\/elregionalvm.com.ar\/noticias-villa-maria\/#website\"},\"primaryImageOfPage\":{\"@id\":\"https:\/\/elregionalvm.com.ar\/noticias-villa-maria\/el-municipio-y-el-hospital-pasteur-firmaron-un-convenio-para-crear-un-centro-de-documentacion-rapida-en-el-nosocomio\/#primaryimage\"},\"image\":{\"@id\":\"https:\/\/elregionalvm.com.ar\/noticias-villa-maria\/el-municipio-y-el-hospital-pasteur-firmaron-un-convenio-para-crear-un-centro-de-documentacion-rapida-en-el-nosocomio\/#primaryimage\"},\"thumbnailUrl\":\"https:\/\/i0.wp.com\/elregionalvm.com.ar\/noticias-villa-maria\/wp-content\/uploads\/2024\/03\/WhatsApp-Image-2024-03-21-at-1.04.37-PM.jpeg?fit=1600%2C1069&ssl=1\",\"datePublished\":\"2024-03-21T23:03:19+00:00\",\"dateModified\":\"2024-03-22T02:36:13+00:00\",\"author\":{\"@id\":\"http:\/\/elregionalvm.com.ar\/noticias-villa-maria\/#\/schema\/person\/a0fb9c422317faca23d50163151bc354\"},\"breadcrumb\":{\"@id\":\"https:\/\/elregionalvm.com.ar\/noticias-villa-maria\/el-municipio-y-el-hospital-pasteur-firmaron-un-convenio-para-crear-un-centro-de-documentacion-rapida-en-el-nosocomio\/#breadcrumb\"},\"inLanguage\":\"es\",\"potentialAction\":[{\"@type\":\"ReadAction\",\"target\":[\"https:\/\/elregionalvm.com.ar\/noticias-villa-maria\/el-municipio-y-el-hospital-pasteur-firmaron-un-convenio-para-crear-un-centro-de-documentacion-rapida-en-el-nosocomio\/\"]}]},{\"@type\":\"ImageObject\",\"inLanguage\":\"es\",\"@id\":\"https:\/\/elregionalvm.com.ar\/noticias-villa-maria\/el-municipio-y-el-hospital-pasteur-firmaron-un-convenio-para-crear-un-centro-de-documentacion-rapida-en-el-nosocomio\/#primaryimage\",\"url\":\"https:\/\/i0.wp.com\/elregionalvm.com.ar\/noticias-villa-maria\/wp-content\/uploads\/2024\/03\/WhatsApp-Image-2024-03-21-at-1.04.37-PM.jpeg?fit=1600%2C1069&ssl=1\",\"contentUrl\":\"https:\/\/i0.wp.com\/elregionalvm.com.ar\/noticias-villa-maria\/wp-content\/uploads\/2024\/03\/WhatsApp-Image-2024-03-21-at-1.04.37-PM.jpeg?fit=1600%2C1069&ssl=1\",\"width\":1600,\"height\":1069},{\"@type\":\"BreadcrumbList\",\"@id\":\"https:\/\/elregionalvm.com.ar\/noticias-villa-maria\/el-municipio-y-el-hospital-pasteur-firmaron-un-convenio-para-crear-un-centro-de-documentacion-rapida-en-el-nosocomio\/#breadcrumb\",\"itemListElement\":[{\"@type\":\"ListItem\",\"position\":1,\"name\":\"Portada\",\"item\":\"https:\/\/elregionalvm.com.ar\/noticias-villa-maria\/\"},{\"@type\":\"ListItem\",\"position\":2,\"name\":\"El Municipio y el Hospital Pasteur firmaron un convenio para crear un centro de documentaci\u00f3n r\u00e1pida\"}]},{\"@type\":\"WebSite\",\"@id\":\"http:\/\/elregionalvm.com.ar\/noticias-villa-maria\/#website\",\"url\":\"http:\/\/elregionalvm.com.ar\/noticias-villa-maria\/\",\"name\":\"El Regional\",\"description\":\"Mucho m\u00e1s que informaci\u00f3n\",\"potentialAction\":[{\"@type\":\"SearchAction\",\"target\":{\"@type\":\"EntryPoint\",\"urlTemplate\":\"http:\/\/elregionalvm.com.ar\/noticias-villa-maria\/?s={search_term_string}\"},\"query-input\":{\"@type\":\"PropertyValueSpecification\",\"valueRequired\":true,\"valueName\":\"search_term_string\"}}],\"inLanguage\":\"es\"},{\"@type\":\"Person\",\"@id\":\"http:\/\/elregionalvm.com.ar\/noticias-villa-maria\/#\/schema\/person\/a0fb9c422317faca23d50163151bc354\",\"name\":\"Contenidos El Regional\",\"image\":{\"@type\":\"ImageObject\",\"inLanguage\":\"es\",\"@id\":\"http:\/\/elregionalvm.com.ar\/noticias-villa-maria\/#\/schema\/person\/image\/\",\"url\":\"https:\/\/secure.gravatar.com\/avatar\/265b27cb2209af7bb3a1318f03305787d7981a5cc6e6cd08fe5a4ecdf99d4b48?s=96&d=mm&r=g\",\"contentUrl\":\"https:\/\/secure.gravatar.com\/avatar\/265b27cb2209af7bb3a1318f03305787d7981a5cc6e6cd08fe5a4ecdf99d4b48?s=96&d=mm&r=g\",\"caption\":\"Contenidos El Regional\"},\"url\":\"https:\/\/elregionalvm.com.ar\/noticias-villa-maria\/author\/contenido\/\"}]}<\/script>\n<!-- \/ Yoast SEO plugin. -->","yoast_head_json":{"title":"El Municipio y el Hospital Pasteur firmaron un convenio para crear un centro de documentaci\u00f3n r\u00e1pida - El Regional","robots":{"index":"index","follow":"follow","max-snippet":"max-snippet:-1","max-image-preview":"max-image-preview:large","max-video-preview":"max-video-preview:-1"},"canonical":"https:\/\/elregionalvm.com.ar\/noticias-villa-maria\/el-municipio-y-el-hospital-pasteur-firmaron-un-convenio-para-crear-un-centro-de-documentacion-rapida-en-el-nosocomio\/","og_locale":"es_ES","og_type":"article","og_title":"El Municipio y el Hospital Pasteur firmaron un convenio para crear un centro de documentaci\u00f3n r\u00e1pida - El Regional","og_description":"En la ma\u00f1ana de hoy, el intendente Eduardo Accastello junto a autoridades del Gobierno local y del Hospital Pasteur, firmaron un convenio para crear una dependencia instrumental del Registro Civil dentro del nosocomio local, con el objetivo de registrar nacimientos y defunciones que all\u00ed se efect\u00faan. En conferencia con medios de prensa, el intendente Accastello, [&hellip;]","og_url":"https:\/\/elregionalvm.com.ar\/noticias-villa-maria\/el-municipio-y-el-hospital-pasteur-firmaron-un-convenio-para-crear-un-centro-de-documentacion-rapida-en-el-nosocomio\/","og_site_name":"El Regional","article_publisher":"https:\/\/www.facebook.com\/elregionalvm","article_published_time":"2024-03-21T23:03:19+00:00","article_modified_time":"2024-03-22T02:36:13+00:00","og_image":[{"width":1600,"height":1069,"url":"https:\/\/elregionalvm.com.ar\/noticias-villa-maria\/wp-content\/uploads\/2024\/03\/WhatsApp-Image-2024-03-21-at-1.04.37-PM.jpeg","type":"image\/jpeg"}],"author":"Contenidos El Regional","twitter_card":"summary_large_image","twitter_creator":"@elregionalvm1","twitter_site":"@elregionalvm1","twitter_misc":{"Escrito por":"Contenidos El Regional","Tiempo de lectura":"2 minutos"},"schema":{"@context":"https:\/\/schema.org","@graph":[{"@type":"Article","@id":"https:\/\/elregionalvm.com.ar\/noticias-villa-maria\/el-municipio-y-el-hospital-pasteur-firmaron-un-convenio-para-crear-un-centro-de-documentacion-rapida-en-el-nosocomio\/#article","isPartOf":{"@id":"https:\/\/elregionalvm.com.ar\/noticias-villa-maria\/el-municipio-y-el-hospital-pasteur-firmaron-un-convenio-para-crear-un-centro-de-documentacion-rapida-en-el-nosocomio\/"},"author":{"name":"Contenidos El Regional","@id":"http:\/\/elregionalvm.com.ar\/noticias-villa-maria\/#\/schema\/person\/a0fb9c422317faca23d50163151bc354"},"headline":"El Municipio y el Hospital Pasteur firmaron un convenio para crear un centro de documentaci\u00f3n r\u00e1pida","datePublished":"2024-03-21T23:03:19+00:00","dateModified":"2024-03-22T02:36:13+00:00","mainEntityOfPage":{"@id":"https:\/\/elregionalvm.com.ar\/noticias-villa-maria\/el-municipio-y-el-hospital-pasteur-firmaron-un-convenio-para-crear-un-centro-de-documentacion-rapida-en-el-nosocomio\/"},"wordCount":375,"commentCount":0,"image":{"@id":"https:\/\/elregionalvm.com.ar\/noticias-villa-maria\/el-municipio-y-el-hospital-pasteur-firmaron-un-convenio-para-crear-un-centro-de-documentacion-rapida-en-el-nosocomio\/#primaryimage"},"thumbnailUrl":"https:\/\/i0.wp.com\/elregionalvm.com.ar\/noticias-villa-maria\/wp-content\/uploads\/2024\/03\/WhatsApp-Image-2024-03-21-at-1.04.37-PM.jpeg?fit=1600%2C1069&ssl=1","articleSection":["destacado","Sociedad","Villa Mar\u00eda"],"inLanguage":"es","potentialAction":[{"@type":"CommentAction","name":"Comment","target":["https:\/\/elregionalvm.com.ar\/noticias-villa-maria\/el-municipio-y-el-hospital-pasteur-firmaron-un-convenio-para-crear-un-centro-de-documentacion-rapida-en-el-nosocomio\/#respond"]}]},{"@type":"WebPage","@id":"https:\/\/elregionalvm.com.ar\/noticias-villa-maria\/el-municipio-y-el-hospital-pasteur-firmaron-un-convenio-para-crear-un-centro-de-documentacion-rapida-en-el-nosocomio\/","url":"https:\/\/elregionalvm.com.ar\/noticias-villa-maria\/el-municipio-y-el-hospital-pasteur-firmaron-un-convenio-para-crear-un-centro-de-documentacion-rapida-en-el-nosocomio\/","name":"El Municipio y el Hospital Pasteur firmaron un convenio para crear un centro de documentaci\u00f3n r\u00e1pida - El Regional","isPartOf":{"@id":"http:\/\/elregionalvm.com.ar\/noticias-villa-maria\/#website"},"primaryImageOfPage":{"@id":"https:\/\/elregionalvm.com.ar\/noticias-villa-maria\/el-municipio-y-el-hospital-pasteur-firmaron-un-convenio-para-crear-un-centro-de-documentacion-rapida-en-el-nosocomio\/#primaryimage"},"image":{"@id":"https:\/\/elregionalvm.com.ar\/noticias-villa-maria\/el-municipio-y-el-hospital-pasteur-firmaron-un-convenio-para-crear-un-centro-de-documentacion-rapida-en-el-nosocomio\/#primaryimage"},"thumbnailUrl":"https:\/\/i0.wp.com\/elregionalvm.com.ar\/noticias-villa-maria\/wp-content\/uploads\/2024\/03\/WhatsApp-Image-2024-03-21-at-1.04.37-PM.jpeg?fit=1600%2C1069&ssl=1","datePublished":"2024-03-21T23:03:19+00:00","dateModified":"2024-03-22T02:36:13+00:00","author":{"@id":"http:\/\/elregionalvm.com.ar\/noticias-villa-maria\/#\/schema\/person\/a0fb9c422317faca23d50163151bc354"},"breadcrumb":{"@id":"https:\/\/elregionalvm.com.ar\/noticias-villa-maria\/el-municipio-y-el-hospital-pasteur-firmaron-un-convenio-para-crear-un-centro-de-documentacion-rapida-en-el-nosocomio\/#breadcrumb"},"inLanguage":"es","potentialAction":[{"@type":"ReadAction","target":["https:\/\/elregionalvm.com.ar\/noticias-villa-maria\/el-municipio-y-el-hospital-pasteur-firmaron-un-convenio-para-crear-un-centro-de-documentacion-rapida-en-el-nosocomio\/"]}]},{"@type":"ImageObject","inLanguage":"es","@id":"https:\/\/elregionalvm.com.ar\/noticias-villa-maria\/el-municipio-y-el-hospital-pasteur-firmaron-un-convenio-para-crear-un-centro-de-documentacion-rapida-en-el-nosocomio\/#primaryimage","url":"https:\/\/i0.wp.com\/elregionalvm.com.ar\/noticias-villa-maria\/wp-content\/uploads\/2024\/03\/WhatsApp-Image-2024-03-21-at-1.04.37-PM.jpeg?fit=1600%2C1069&ssl=1","contentUrl":"https:\/\/i0.wp.com\/elregionalvm.com.ar\/noticias-villa-maria\/wp-content\/uploads\/2024\/03\/WhatsApp-Image-2024-03-21-at-1.04.37-PM.jpeg?fit=1600%2C1069&ssl=1","width":1600,"height":1069},{"@type":"BreadcrumbList","@id":"https:\/\/elregionalvm.com.ar\/noticias-villa-maria\/el-municipio-y-el-hospital-pasteur-firmaron-un-convenio-para-crear-un-centro-de-documentacion-rapida-en-el-nosocomio\/#breadcrumb","itemListElement":[{"@type":"ListItem","position":1,"name":"Portada","item":"https:\/\/elregionalvm.com.ar\/noticias-villa-maria\/"},{"@type":"ListItem","position":2,"name":"El Municipio y el Hospital Pasteur firmaron un convenio para crear un centro de documentaci\u00f3n r\u00e1pida"}]},{"@type":"WebSite","@id":"http:\/\/elregionalvm.com.ar\/noticias-villa-maria\/#website","url":"http:\/\/elregionalvm.com.ar\/noticias-villa-maria\/","name":"El Regional","description":"Mucho m\u00e1s que informaci\u00f3n","potentialAction":[{"@type":"SearchAction","target":{"@type":"EntryPoint","urlTemplate":"http:\/\/elregionalvm.com.ar\/noticias-villa-maria\/?s={search_term_string}"},"query-input":{"@type":"PropertyValueSpecification","valueRequired":true,"valueName":"search_term_string"}}],"inLanguage":"es"},{"@type":"Person","@id":"http:\/\/elregionalvm.com.ar\/noticias-villa-maria\/#\/schema\/person\/a0fb9c422317faca23d50163151bc354","name":"Contenidos El Regional","image":{"@type":"ImageObject","inLanguage":"es","@id":"http:\/\/elregionalvm.com.ar\/noticias-villa-maria\/#\/schema\/person\/image\/","url":"https:\/\/secure.gravatar.com\/avatar\/265b27cb2209af7bb3a1318f03305787d7981a5cc6e6cd08fe5a4ecdf99d4b48?s=96&d=mm&r=g","contentUrl":"https:\/\/secure.gravatar.com\/avatar\/265b27cb2209af7bb3a1318f03305787d7981a5cc6e6cd08fe5a4ecdf99d4b48?s=96&d=mm&r=g","caption":"Contenidos El Regional"},"url":"https:\/\/elregionalvm.com.ar\/noticias-villa-maria\/author\/contenido\/"}]}},"jetpack_featured_media_url":"https:\/\/i0.wp.com\/elregionalvm.com.ar\/noticias-villa-maria\/wp-content\/uploads\/2024\/03\/WhatsApp-Image-2024-03-21-at-1.04.37-PM.jpeg?fit=1600%2C1069&ssl=1","jetpack_sharing_enabled":true,"_links":{"self":[{"href":"https:\/\/elregionalvm.com.ar\/noticias-villa-maria\/wp-json\/wp\/v2\/posts\/91590","targetHints":{"allow":["GET"]}}],"collection":[{"href":"https:\/\/elregionalvm.com.ar\/noticias-villa-maria\/wp-json\/wp\/v2\/posts"}],"about":[{"href":"https:\/\/elregionalvm.com.ar\/noticias-villa-maria\/wp-json\/wp\/v2\/types\/post"}],"author":[{"embeddable":true,"href":"https:\/\/elregionalvm.com.ar\/noticias-villa-maria\/wp-json\/wp\/v2\/users\/4"}],"replies":[{"embeddable":true,"href":"https:\/\/elregionalvm.com.ar\/noticias-villa-maria\/wp-json\/wp\/v2\/comments?post=91590"}],"version-history":[{"count":2,"href":"https:\/\/elregionalvm.com.ar\/noticias-villa-maria\/wp-json\/wp\/v2\/posts\/91590\/revisions"}],"predecessor-version":[{"id":91634,"href":"https:\/\/elregionalvm.com.ar\/noticias-villa-maria\/wp-json\/wp\/v2\/posts\/91590\/revisions\/91634"}],"wp:featuredmedia":[{"embeddable":true,"href":"https:\/\/elregionalvm.com.ar\/noticias-villa-maria\/wp-json\/wp\/v2\/media\/91591"}],"wp:attachment":[{"href":"https:\/\/elregionalvm.com.ar\/noticias-villa-maria\/wp-json\/wp\/v2\/media?parent=91590"}],"wp:term":[{"taxonomy":"category","embeddable":true,"href":"https:\/\/elregionalvm.com.ar\/noticias-villa-maria\/wp-json\/wp\/v2\/categories?post=91590"},{"taxonomy":"post_tag","embeddable":true,"href":"https:\/\/elregionalvm.com.ar\/noticias-villa-maria\/wp-json\/wp\/v2\/tags?post=91590"}],"curies":[{"name":"wp","href":"https:\/\/api.w.org\/{rel}","templated":true}]}}