{"id":91593,"date":"2024-03-21T23:06:56","date_gmt":"2024-03-21T23:06:56","guid":{"rendered":"https:\/\/elregionalvm.com.ar\/noticias-villa-maria\/?p=91593"},"modified":"2024-03-22T02:37:34","modified_gmt":"2024-03-22T02:37:34","slug":"en-el-dia-mundial-del-sindrome-de-down-concejales-de-la-ciudad-recibieron-a-integrantes-de-avisdown","status":"publish","type":"post","link":"https:\/\/elregionalvm.com.ar\/noticias-villa-maria\/en-el-dia-mundial-del-sindrome-de-down-concejales-de-la-ciudad-recibieron-a-integrantes-de-avisdown\/","title":{"rendered":"En el D\u00eda del S\u00edndrome de Down, concejales recibieron a integrantes de AVISDOWN"},"content":{"rendered":"\n<p>En la jornada de hoy, 21 de marzo, y enmarcando el inicio de la sesi\u00f3n ordinaria, concejales recibieron a integrantes de AVISDOWN, con motivo de la celebraci\u00f3n del \u201cD\u00eda Mundial del S\u00edndrome de Down\u201d.<\/p>\n\n\n\n<p>La iniciativa surgi\u00f3 de la asociaci\u00f3n que planificaron esta instancia de visibilizaci\u00f3n en el recinto legislativo con el desarrollo de la campa\u00f1a de sensibilizaci\u00f3n de \u201cMuchos Calcetines\u201d.<\/p>\n\n\n\n<p>Esta campa\u00f1a invita a mostrar la diversidad, usando medias o calcetines, de diferentes colores, de colores brillantes, largos, estampados, incluso 3 calcetines para 3 cromosomas.<\/p>\n\n\n\n<p>Por tal motivo, y acompa\u00f1ados de familias, profesionales, docentes, e integrantes del Centro Dr. Leo Kanner, de la Fundaci\u00f3n \u201cEl Principito\u201d, se sumaron a la actividad de sensibilizaci\u00f3n, colmando el recinto de risas, contando experiencias y mostrando las medias de diferentes colores que cada uno tra\u00eda.<\/p>\n\n\n\n<p>Al respecto, la concejala Os\u00e9s, al momento de solicitar un cuarto intermedio dijo \u201cquisiera aprovechar para reconocer en su trabajo, la tarea cotidiana, el esfuerzo, compromiso y dedicaci\u00f3n en abogar por el reconocimiento de derechos de las personas con S\u00edndrome de Down. Este arduo trabajo ha tenido como resultado, no s\u00f3lo m\u00faltiples acciones y campa\u00f1as llevadas adelante, y se han plasmado en la aprobaci\u00f3n de la ordenanza N\u00ba 7387 en el a\u00f1o 2019\u201d.<\/p>\n\n\n\n<p>Cabe destacar que el presidente del cuerpo legislativo remarc\u00f3 la significaci\u00f3n de que estuvieran presentes, \u201cEsta casona, es la casa del Pueblo, y por eso es de ustedes tambi\u00e9n. Siempre encontrar\u00e1n en nosotros la posibilidad de seguir avanzando en normativas y legislaci\u00f3n que contribuyan a mejorar la calidad de vida y los derechos de las personas con S\u00edndrome de Down\u201d. Con estas palabras, invit\u00f3 a todos los espacios pol\u00edticos y bloques a trabajar en este sentido y conjuntamente con las instituciones, para alcanzar esos objetivos.<\/p>\n\n\n\n<p>Posteriormente, se retom\u00f3 la sesi\u00f3n y se aprobaron ordenanzas que ratificaban convenios entre la Municipalidad y la Agencia para la Competitividad C\u00f3rdoba, Convenio de Colaboraci\u00f3n con el Ministerio de Ambiente y Econom\u00eda Circular, el Ministerio de Infraestructura y Servicios P\u00fablicos, EPEC, la Agencia C\u00f3rdoba Cultura S.E, y la firma Las Chilcas S.A, y un Convenio celebrado con EPEC.<\/p>\n\n\n\n<p>Tambi\u00e9n se declar\u00f3 de Inter\u00e9s Municipal la participaci\u00f3n del nadador Facundo Scaraf\u00eda en la traves\u00eda de nado Paso de Alonso a Puerto Ruiz, y se le brind\u00f3 un reconocimiento por tal logro.<\/p>\n","protected":false},"excerpt":{"rendered":"<p>En la jornada de hoy, 21 de marzo, y enmarcando el inicio de la sesi\u00f3n ordinaria, concejales recibieron a integrantes de AVISDOWN, con motivo de la celebraci\u00f3n del \u201cD\u00eda Mundial del S\u00edndrome de Down\u201d. La iniciativa surgi\u00f3 de la asociaci\u00f3n que planificaron esta instancia de visibilizaci\u00f3n en el recinto legislativo con el desarrollo de la [&hellip;]<\/p>\n","protected":false},"author":4,"featured_media":91594,"comment_status":"open","ping_status":"open","sticky":false,"template":"","format":"standard","meta":{"site-sidebar-layout":"default","site-content-layout":"","ast-site-content-layout":"default","site-content-style":"default","site-sidebar-style":"default","ast-global-header-display":"","ast-banner-title-visibility":"","ast-main-header-display":"","ast-hfb-above-header-display":"","ast-hfb-below-header-display":"","ast-hfb-mobile-header-display":"","site-post-title":"","ast-breadcrumbs-content":"","ast-featured-img":"","footer-sml-layout":"","ast-disable-related-posts":"","theme-transparent-header-meta":"","adv-header-id-meta":"","stick-header-meta":"","header-above-stick-meta":"","header-main-stick-meta":"","header-below-stick-meta":"","astra-migrate-meta-layouts":"set","ast-page-background-enabled":"default","ast-page-background-meta":{"desktop":{"background-color":"","background-image":"","background-repeat":"repeat","background-position":"center center","background-size":"auto","background-attachment":"scroll","background-type":"","background-media":"","overlay-type":"","overlay-color":"","overlay-opacity":"","overlay-gradient":""},"tablet":{"background-color":"","background-image":"","background-repeat":"repeat","background-position":"center center","background-size":"auto","background-attachment":"scroll","background-type":"","background-media":"","overlay-type":"","overlay-color":"","overlay-opacity":"","overlay-gradient":""},"mobile":{"background-color":"","background-image":"","background-repeat":"repeat","background-position":"center center","background-size":"auto","background-attachment":"scroll","background-type":"","background-media":"","overlay-type":"","overlay-color":"","overlay-opacity":"","overlay-gradient":""}},"ast-content-background-meta":{"desktop":{"background-color":"var(--ast-global-color-5)","background-image":"","background-repeat":"repeat","background-position":"center center","background-size":"auto","background-attachment":"scroll","background-type":"","background-media":"","overlay-type":"","overlay-color":"","overlay-opacity":"","overlay-gradient":""},"tablet":{"background-color":"var(--ast-global-color-5)","background-image":"","background-repeat":"repeat","background-position":"center center","background-size":"auto","background-attachment":"scroll","background-type":"","background-media":"","overlay-type":"","overlay-color":"","overlay-opacity":"","overlay-gradient":""},"mobile":{"background-color":"var(--ast-global-color-5)","background-image":"","background-repeat":"repeat","background-position":"center center","background-size":"auto","background-attachment":"scroll","background-type":"","background-media":"","overlay-type":"","overlay-color":"","overlay-opacity":"","overlay-gradient":""}},"_jetpack_memberships_contains_paid_content":false,"_joinchat":[],"footnotes":""},"categories":[15302,5,2],"tags":[],"class_list":["post-91593","post","type-post","status-publish","format-standard","has-post-thumbnail","hentry","category-destacado","category-sociedad","category-villa-maria"],"yoast_head":"<!-- This site is optimized with the Yoast SEO plugin v26.8 - https:\/\/yoast.com\/product\/yoast-seo-wordpress\/ -->\n<title>En el D\u00eda del S\u00edndrome de Down, concejales recibieron a integrantes de AVISDOWN - El Regional<\/title>\n<meta name=\"robots\" content=\"index, follow, max-snippet:-1, max-image-preview:large, max-video-preview:-1\" \/>\n<link rel=\"canonical\" href=\"https:\/\/elregionalvm.com.ar\/noticias-villa-maria\/en-el-dia-mundial-del-sindrome-de-down-concejales-de-la-ciudad-recibieron-a-integrantes-de-avisdown\/\" \/>\n<meta property=\"og:locale\" content=\"es_ES\" \/>\n<meta property=\"og:type\" content=\"article\" \/>\n<meta property=\"og:title\" content=\"En el D\u00eda del S\u00edndrome de Down, concejales recibieron a integrantes de AVISDOWN - El Regional\" \/>\n<meta property=\"og:description\" content=\"En la jornada de hoy, 21 de marzo, y enmarcando el inicio de la sesi\u00f3n ordinaria, concejales recibieron a integrantes de AVISDOWN, con motivo de la celebraci\u00f3n del \u201cD\u00eda Mundial del S\u00edndrome de Down\u201d. La iniciativa surgi\u00f3 de la asociaci\u00f3n que planificaron esta instancia de visibilizaci\u00f3n en el recinto legislativo con el desarrollo de la [&hellip;]\" \/>\n<meta property=\"og:url\" content=\"https:\/\/elregionalvm.com.ar\/noticias-villa-maria\/en-el-dia-mundial-del-sindrome-de-down-concejales-de-la-ciudad-recibieron-a-integrantes-de-avisdown\/\" \/>\n<meta property=\"og:site_name\" content=\"El Regional\" \/>\n<meta property=\"article:publisher\" content=\"https:\/\/www.facebook.com\/elregionalvm\" \/>\n<meta property=\"article:published_time\" content=\"2024-03-21T23:06:56+00:00\" \/>\n<meta property=\"article:modified_time\" content=\"2024-03-22T02:37:34+00:00\" \/>\n<meta property=\"og:image\" content=\"https:\/\/elregionalvm.com.ar\/noticias-villa-maria\/wp-content\/uploads\/2024\/03\/WhatsApp-Image-2024-03-21-at-2.24.51-PM.jpeg\" \/>\n\t<meta property=\"og:image:width\" content=\"1280\" \/>\n\t<meta property=\"og:image:height\" content=\"1600\" \/>\n\t<meta property=\"og:image:type\" content=\"image\/jpeg\" \/>\n<meta name=\"author\" content=\"Contenidos El Regional\" \/>\n<meta name=\"twitter:card\" content=\"summary_large_image\" \/>\n<meta name=\"twitter:creator\" content=\"@elregionalvm1\" \/>\n<meta name=\"twitter:site\" content=\"@elregionalvm1\" \/>\n<meta name=\"twitter:label1\" content=\"Escrito por\" \/>\n\t<meta name=\"twitter:data1\" content=\"Contenidos El Regional\" \/>\n\t<meta name=\"twitter:label2\" content=\"Tiempo de lectura\" \/>\n\t<meta name=\"twitter:data2\" content=\"2 minutos\" \/>\n<script type=\"application\/ld+json\" class=\"yoast-schema-graph\">{\"@context\":\"https:\/\/schema.org\",\"@graph\":[{\"@type\":\"Article\",\"@id\":\"https:\/\/elregionalvm.com.ar\/noticias-villa-maria\/en-el-dia-mundial-del-sindrome-de-down-concejales-de-la-ciudad-recibieron-a-integrantes-de-avisdown\/#article\",\"isPartOf\":{\"@id\":\"https:\/\/elregionalvm.com.ar\/noticias-villa-maria\/en-el-dia-mundial-del-sindrome-de-down-concejales-de-la-ciudad-recibieron-a-integrantes-de-avisdown\/\"},\"author\":{\"name\":\"Contenidos El Regional\",\"@id\":\"http:\/\/elregionalvm.com.ar\/noticias-villa-maria\/#\/schema\/person\/a0fb9c422317faca23d50163151bc354\"},\"headline\":\"En el D\u00eda del S\u00edndrome de Down, concejales recibieron a integrantes de AVISDOWN\",\"datePublished\":\"2024-03-21T23:06:56+00:00\",\"dateModified\":\"2024-03-22T02:37:34+00:00\",\"mainEntityOfPage\":{\"@id\":\"https:\/\/elregionalvm.com.ar\/noticias-villa-maria\/en-el-dia-mundial-del-sindrome-de-down-concejales-de-la-ciudad-recibieron-a-integrantes-de-avisdown\/\"},\"wordCount\":430,\"commentCount\":0,\"image\":{\"@id\":\"https:\/\/elregionalvm.com.ar\/noticias-villa-maria\/en-el-dia-mundial-del-sindrome-de-down-concejales-de-la-ciudad-recibieron-a-integrantes-de-avisdown\/#primaryimage\"},\"thumbnailUrl\":\"https:\/\/i0.wp.com\/elregionalvm.com.ar\/noticias-villa-maria\/wp-content\/uploads\/2024\/03\/WhatsApp-Image-2024-03-21-at-2.24.51-PM.jpeg?fit=1280%2C1600&ssl=1\",\"articleSection\":[\"destacado\",\"Sociedad\",\"Villa Mar\u00eda\"],\"inLanguage\":\"es\",\"potentialAction\":[{\"@type\":\"CommentAction\",\"name\":\"Comment\",\"target\":[\"https:\/\/elregionalvm.com.ar\/noticias-villa-maria\/en-el-dia-mundial-del-sindrome-de-down-concejales-de-la-ciudad-recibieron-a-integrantes-de-avisdown\/#respond\"]}]},{\"@type\":\"WebPage\",\"@id\":\"https:\/\/elregionalvm.com.ar\/noticias-villa-maria\/en-el-dia-mundial-del-sindrome-de-down-concejales-de-la-ciudad-recibieron-a-integrantes-de-avisdown\/\",\"url\":\"https:\/\/elregionalvm.com.ar\/noticias-villa-maria\/en-el-dia-mundial-del-sindrome-de-down-concejales-de-la-ciudad-recibieron-a-integrantes-de-avisdown\/\",\"name\":\"En el D\u00eda del S\u00edndrome de Down, concejales recibieron a integrantes de AVISDOWN - El Regional\",\"isPartOf\":{\"@id\":\"http:\/\/elregionalvm.com.ar\/noticias-villa-maria\/#website\"},\"primaryImageOfPage\":{\"@id\":\"https:\/\/elregionalvm.com.ar\/noticias-villa-maria\/en-el-dia-mundial-del-sindrome-de-down-concejales-de-la-ciudad-recibieron-a-integrantes-de-avisdown\/#primaryimage\"},\"image\":{\"@id\":\"https:\/\/elregionalvm.com.ar\/noticias-villa-maria\/en-el-dia-mundial-del-sindrome-de-down-concejales-de-la-ciudad-recibieron-a-integrantes-de-avisdown\/#primaryimage\"},\"thumbnailUrl\":\"https:\/\/i0.wp.com\/elregionalvm.com.ar\/noticias-villa-maria\/wp-content\/uploads\/2024\/03\/WhatsApp-Image-2024-03-21-at-2.24.51-PM.jpeg?fit=1280%2C1600&ssl=1\",\"datePublished\":\"2024-03-21T23:06:56+00:00\",\"dateModified\":\"2024-03-22T02:37:34+00:00\",\"author\":{\"@id\":\"http:\/\/elregionalvm.com.ar\/noticias-villa-maria\/#\/schema\/person\/a0fb9c422317faca23d50163151bc354\"},\"breadcrumb\":{\"@id\":\"https:\/\/elregionalvm.com.ar\/noticias-villa-maria\/en-el-dia-mundial-del-sindrome-de-down-concejales-de-la-ciudad-recibieron-a-integrantes-de-avisdown\/#breadcrumb\"},\"inLanguage\":\"es\",\"potentialAction\":[{\"@type\":\"ReadAction\",\"target\":[\"https:\/\/elregionalvm.com.ar\/noticias-villa-maria\/en-el-dia-mundial-del-sindrome-de-down-concejales-de-la-ciudad-recibieron-a-integrantes-de-avisdown\/\"]}]},{\"@type\":\"ImageObject\",\"inLanguage\":\"es\",\"@id\":\"https:\/\/elregionalvm.com.ar\/noticias-villa-maria\/en-el-dia-mundial-del-sindrome-de-down-concejales-de-la-ciudad-recibieron-a-integrantes-de-avisdown\/#primaryimage\",\"url\":\"https:\/\/i0.wp.com\/elregionalvm.com.ar\/noticias-villa-maria\/wp-content\/uploads\/2024\/03\/WhatsApp-Image-2024-03-21-at-2.24.51-PM.jpeg?fit=1280%2C1600&ssl=1\",\"contentUrl\":\"https:\/\/i0.wp.com\/elregionalvm.com.ar\/noticias-villa-maria\/wp-content\/uploads\/2024\/03\/WhatsApp-Image-2024-03-21-at-2.24.51-PM.jpeg?fit=1280%2C1600&ssl=1\",\"width\":1280,\"height\":1600},{\"@type\":\"BreadcrumbList\",\"@id\":\"https:\/\/elregionalvm.com.ar\/noticias-villa-maria\/en-el-dia-mundial-del-sindrome-de-down-concejales-de-la-ciudad-recibieron-a-integrantes-de-avisdown\/#breadcrumb\",\"itemListElement\":[{\"@type\":\"ListItem\",\"position\":1,\"name\":\"Portada\",\"item\":\"https:\/\/elregionalvm.com.ar\/noticias-villa-maria\/\"},{\"@type\":\"ListItem\",\"position\":2,\"name\":\"En el D\u00eda del S\u00edndrome de Down, concejales recibieron a integrantes de AVISDOWN\"}]},{\"@type\":\"WebSite\",\"@id\":\"http:\/\/elregionalvm.com.ar\/noticias-villa-maria\/#website\",\"url\":\"http:\/\/elregionalvm.com.ar\/noticias-villa-maria\/\",\"name\":\"El Regional\",\"description\":\"Mucho m\u00e1s que informaci\u00f3n\",\"potentialAction\":[{\"@type\":\"SearchAction\",\"target\":{\"@type\":\"EntryPoint\",\"urlTemplate\":\"http:\/\/elregionalvm.com.ar\/noticias-villa-maria\/?s={search_term_string}\"},\"query-input\":{\"@type\":\"PropertyValueSpecification\",\"valueRequired\":true,\"valueName\":\"search_term_string\"}}],\"inLanguage\":\"es\"},{\"@type\":\"Person\",\"@id\":\"http:\/\/elregionalvm.com.ar\/noticias-villa-maria\/#\/schema\/person\/a0fb9c422317faca23d50163151bc354\",\"name\":\"Contenidos El Regional\",\"image\":{\"@type\":\"ImageObject\",\"inLanguage\":\"es\",\"@id\":\"http:\/\/elregionalvm.com.ar\/noticias-villa-maria\/#\/schema\/person\/image\/\",\"url\":\"https:\/\/secure.gravatar.com\/avatar\/265b27cb2209af7bb3a1318f03305787d7981a5cc6e6cd08fe5a4ecdf99d4b48?s=96&d=mm&r=g\",\"contentUrl\":\"https:\/\/secure.gravatar.com\/avatar\/265b27cb2209af7bb3a1318f03305787d7981a5cc6e6cd08fe5a4ecdf99d4b48?s=96&d=mm&r=g\",\"caption\":\"Contenidos El Regional\"},\"url\":\"https:\/\/elregionalvm.com.ar\/noticias-villa-maria\/author\/contenido\/\"}]}<\/script>\n<!-- \/ Yoast SEO plugin. -->","yoast_head_json":{"title":"En el D\u00eda del S\u00edndrome de Down, concejales recibieron a integrantes de AVISDOWN - El Regional","robots":{"index":"index","follow":"follow","max-snippet":"max-snippet:-1","max-image-preview":"max-image-preview:large","max-video-preview":"max-video-preview:-1"},"canonical":"https:\/\/elregionalvm.com.ar\/noticias-villa-maria\/en-el-dia-mundial-del-sindrome-de-down-concejales-de-la-ciudad-recibieron-a-integrantes-de-avisdown\/","og_locale":"es_ES","og_type":"article","og_title":"En el D\u00eda del S\u00edndrome de Down, concejales recibieron a integrantes de AVISDOWN - El Regional","og_description":"En la jornada de hoy, 21 de marzo, y enmarcando el inicio de la sesi\u00f3n ordinaria, concejales recibieron a integrantes de AVISDOWN, con motivo de la celebraci\u00f3n del \u201cD\u00eda Mundial del S\u00edndrome de Down\u201d. La iniciativa surgi\u00f3 de la asociaci\u00f3n que planificaron esta instancia de visibilizaci\u00f3n en el recinto legislativo con el desarrollo de la [&hellip;]","og_url":"https:\/\/elregionalvm.com.ar\/noticias-villa-maria\/en-el-dia-mundial-del-sindrome-de-down-concejales-de-la-ciudad-recibieron-a-integrantes-de-avisdown\/","og_site_name":"El Regional","article_publisher":"https:\/\/www.facebook.com\/elregionalvm","article_published_time":"2024-03-21T23:06:56+00:00","article_modified_time":"2024-03-22T02:37:34+00:00","og_image":[{"width":1280,"height":1600,"url":"https:\/\/elregionalvm.com.ar\/noticias-villa-maria\/wp-content\/uploads\/2024\/03\/WhatsApp-Image-2024-03-21-at-2.24.51-PM.jpeg","type":"image\/jpeg"}],"author":"Contenidos El Regional","twitter_card":"summary_large_image","twitter_creator":"@elregionalvm1","twitter_site":"@elregionalvm1","twitter_misc":{"Escrito por":"Contenidos El Regional","Tiempo de lectura":"2 minutos"},"schema":{"@context":"https:\/\/schema.org","@graph":[{"@type":"Article","@id":"https:\/\/elregionalvm.com.ar\/noticias-villa-maria\/en-el-dia-mundial-del-sindrome-de-down-concejales-de-la-ciudad-recibieron-a-integrantes-de-avisdown\/#article","isPartOf":{"@id":"https:\/\/elregionalvm.com.ar\/noticias-villa-maria\/en-el-dia-mundial-del-sindrome-de-down-concejales-de-la-ciudad-recibieron-a-integrantes-de-avisdown\/"},"author":{"name":"Contenidos El Regional","@id":"http:\/\/elregionalvm.com.ar\/noticias-villa-maria\/#\/schema\/person\/a0fb9c422317faca23d50163151bc354"},"headline":"En el D\u00eda del S\u00edndrome de Down, concejales recibieron a integrantes de AVISDOWN","datePublished":"2024-03-21T23:06:56+00:00","dateModified":"2024-03-22T02:37:34+00:00","mainEntityOfPage":{"@id":"https:\/\/elregionalvm.com.ar\/noticias-villa-maria\/en-el-dia-mundial-del-sindrome-de-down-concejales-de-la-ciudad-recibieron-a-integrantes-de-avisdown\/"},"wordCount":430,"commentCount":0,"image":{"@id":"https:\/\/elregionalvm.com.ar\/noticias-villa-maria\/en-el-dia-mundial-del-sindrome-de-down-concejales-de-la-ciudad-recibieron-a-integrantes-de-avisdown\/#primaryimage"},"thumbnailUrl":"https:\/\/i0.wp.com\/elregionalvm.com.ar\/noticias-villa-maria\/wp-content\/uploads\/2024\/03\/WhatsApp-Image-2024-03-21-at-2.24.51-PM.jpeg?fit=1280%2C1600&ssl=1","articleSection":["destacado","Sociedad","Villa Mar\u00eda"],"inLanguage":"es","potentialAction":[{"@type":"CommentAction","name":"Comment","target":["https:\/\/elregionalvm.com.ar\/noticias-villa-maria\/en-el-dia-mundial-del-sindrome-de-down-concejales-de-la-ciudad-recibieron-a-integrantes-de-avisdown\/#respond"]}]},{"@type":"WebPage","@id":"https:\/\/elregionalvm.com.ar\/noticias-villa-maria\/en-el-dia-mundial-del-sindrome-de-down-concejales-de-la-ciudad-recibieron-a-integrantes-de-avisdown\/","url":"https:\/\/elregionalvm.com.ar\/noticias-villa-maria\/en-el-dia-mundial-del-sindrome-de-down-concejales-de-la-ciudad-recibieron-a-integrantes-de-avisdown\/","name":"En el D\u00eda del S\u00edndrome de Down, concejales recibieron a integrantes de AVISDOWN - El Regional","isPartOf":{"@id":"http:\/\/elregionalvm.com.ar\/noticias-villa-maria\/#website"},"primaryImageOfPage":{"@id":"https:\/\/elregionalvm.com.ar\/noticias-villa-maria\/en-el-dia-mundial-del-sindrome-de-down-concejales-de-la-ciudad-recibieron-a-integrantes-de-avisdown\/#primaryimage"},"image":{"@id":"https:\/\/elregionalvm.com.ar\/noticias-villa-maria\/en-el-dia-mundial-del-sindrome-de-down-concejales-de-la-ciudad-recibieron-a-integrantes-de-avisdown\/#primaryimage"},"thumbnailUrl":"https:\/\/i0.wp.com\/elregionalvm.com.ar\/noticias-villa-maria\/wp-content\/uploads\/2024\/03\/WhatsApp-Image-2024-03-21-at-2.24.51-PM.jpeg?fit=1280%2C1600&ssl=1","datePublished":"2024-03-21T23:06:56+00:00","dateModified":"2024-03-22T02:37:34+00:00","author":{"@id":"http:\/\/elregionalvm.com.ar\/noticias-villa-maria\/#\/schema\/person\/a0fb9c422317faca23d50163151bc354"},"breadcrumb":{"@id":"https:\/\/elregionalvm.com.ar\/noticias-villa-maria\/en-el-dia-mundial-del-sindrome-de-down-concejales-de-la-ciudad-recibieron-a-integrantes-de-avisdown\/#breadcrumb"},"inLanguage":"es","potentialAction":[{"@type":"ReadAction","target":["https:\/\/elregionalvm.com.ar\/noticias-villa-maria\/en-el-dia-mundial-del-sindrome-de-down-concejales-de-la-ciudad-recibieron-a-integrantes-de-avisdown\/"]}]},{"@type":"ImageObject","inLanguage":"es","@id":"https:\/\/elregionalvm.com.ar\/noticias-villa-maria\/en-el-dia-mundial-del-sindrome-de-down-concejales-de-la-ciudad-recibieron-a-integrantes-de-avisdown\/#primaryimage","url":"https:\/\/i0.wp.com\/elregionalvm.com.ar\/noticias-villa-maria\/wp-content\/uploads\/2024\/03\/WhatsApp-Image-2024-03-21-at-2.24.51-PM.jpeg?fit=1280%2C1600&ssl=1","contentUrl":"https:\/\/i0.wp.com\/elregionalvm.com.ar\/noticias-villa-maria\/wp-content\/uploads\/2024\/03\/WhatsApp-Image-2024-03-21-at-2.24.51-PM.jpeg?fit=1280%2C1600&ssl=1","width":1280,"height":1600},{"@type":"BreadcrumbList","@id":"https:\/\/elregionalvm.com.ar\/noticias-villa-maria\/en-el-dia-mundial-del-sindrome-de-down-concejales-de-la-ciudad-recibieron-a-integrantes-de-avisdown\/#breadcrumb","itemListElement":[{"@type":"ListItem","position":1,"name":"Portada","item":"https:\/\/elregionalvm.com.ar\/noticias-villa-maria\/"},{"@type":"ListItem","position":2,"name":"En el D\u00eda del S\u00edndrome de Down, concejales recibieron a integrantes de AVISDOWN"}]},{"@type":"WebSite","@id":"http:\/\/elregionalvm.com.ar\/noticias-villa-maria\/#website","url":"http:\/\/elregionalvm.com.ar\/noticias-villa-maria\/","name":"El Regional","description":"Mucho m\u00e1s que informaci\u00f3n","potentialAction":[{"@type":"SearchAction","target":{"@type":"EntryPoint","urlTemplate":"http:\/\/elregionalvm.com.ar\/noticias-villa-maria\/?s={search_term_string}"},"query-input":{"@type":"PropertyValueSpecification","valueRequired":true,"valueName":"search_term_string"}}],"inLanguage":"es"},{"@type":"Person","@id":"http:\/\/elregionalvm.com.ar\/noticias-villa-maria\/#\/schema\/person\/a0fb9c422317faca23d50163151bc354","name":"Contenidos El Regional","image":{"@type":"ImageObject","inLanguage":"es","@id":"http:\/\/elregionalvm.com.ar\/noticias-villa-maria\/#\/schema\/person\/image\/","url":"https:\/\/secure.gravatar.com\/avatar\/265b27cb2209af7bb3a1318f03305787d7981a5cc6e6cd08fe5a4ecdf99d4b48?s=96&d=mm&r=g","contentUrl":"https:\/\/secure.gravatar.com\/avatar\/265b27cb2209af7bb3a1318f03305787d7981a5cc6e6cd08fe5a4ecdf99d4b48?s=96&d=mm&r=g","caption":"Contenidos El Regional"},"url":"https:\/\/elregionalvm.com.ar\/noticias-villa-maria\/author\/contenido\/"}]}},"jetpack_featured_media_url":"https:\/\/i0.wp.com\/elregionalvm.com.ar\/noticias-villa-maria\/wp-content\/uploads\/2024\/03\/WhatsApp-Image-2024-03-21-at-2.24.51-PM.jpeg?fit=1280%2C1600&ssl=1","jetpack_sharing_enabled":true,"_links":{"self":[{"href":"https:\/\/elregionalvm.com.ar\/noticias-villa-maria\/wp-json\/wp\/v2\/posts\/91593","targetHints":{"allow":["GET"]}}],"collection":[{"href":"https:\/\/elregionalvm.com.ar\/noticias-villa-maria\/wp-json\/wp\/v2\/posts"}],"about":[{"href":"https:\/\/elregionalvm.com.ar\/noticias-villa-maria\/wp-json\/wp\/v2\/types\/post"}],"author":[{"embeddable":true,"href":"https:\/\/elregionalvm.com.ar\/noticias-villa-maria\/wp-json\/wp\/v2\/users\/4"}],"replies":[{"embeddable":true,"href":"https:\/\/elregionalvm.com.ar\/noticias-villa-maria\/wp-json\/wp\/v2\/comments?post=91593"}],"version-history":[{"count":2,"href":"https:\/\/elregionalvm.com.ar\/noticias-villa-maria\/wp-json\/wp\/v2\/posts\/91593\/revisions"}],"predecessor-version":[{"id":91637,"href":"https:\/\/elregionalvm.com.ar\/noticias-villa-maria\/wp-json\/wp\/v2\/posts\/91593\/revisions\/91637"}],"wp:featuredmedia":[{"embeddable":true,"href":"https:\/\/elregionalvm.com.ar\/noticias-villa-maria\/wp-json\/wp\/v2\/media\/91594"}],"wp:attachment":[{"href":"https:\/\/elregionalvm.com.ar\/noticias-villa-maria\/wp-json\/wp\/v2\/media?parent=91593"}],"wp:term":[{"taxonomy":"category","embeddable":true,"href":"https:\/\/elregionalvm.com.ar\/noticias-villa-maria\/wp-json\/wp\/v2\/categories?post=91593"},{"taxonomy":"post_tag","embeddable":true,"href":"https:\/\/elregionalvm.com.ar\/noticias-villa-maria\/wp-json\/wp\/v2\/tags?post=91593"}],"curies":[{"name":"wp","href":"https:\/\/api.w.org\/{rel}","templated":true}]}}