{"id":91596,"date":"2024-03-21T23:08:57","date_gmt":"2024-03-21T23:08:57","guid":{"rendered":"https:\/\/elregionalvm.com.ar\/noticias-villa-maria\/?p=91596"},"modified":"2024-03-22T02:37:15","modified_gmt":"2024-03-22T02:37:15","slug":"con-mas-de-30-reuniones-culmino-la-primera-ronda-de-negocios-soluciones-tecnologicas","status":"publish","type":"post","link":"https:\/\/elregionalvm.com.ar\/noticias-villa-maria\/con-mas-de-30-reuniones-culmino-la-primera-ronda-de-negocios-soluciones-tecnologicas\/","title":{"rendered":"AERCA: Con m\u00e1s de 30 reuniones, culmin\u00f3 la primera ronda de negocios Soluciones Tecnol\u00f3gicas"},"content":{"rendered":"\n<p>Empresas socias del Cluster de Impulso Tecnol\u00f3gico (CIT) y AERCA mantuvieron los intercambios durante la jornada de hoy en las instalaciones de la gremial empresaria.<\/p>\n\n\n\n<figure class=\"wp-block-image size-large\"><img data-recalc-dims=\"1\" fetchpriority=\"high\" decoding=\"async\" width=\"1024\" height=\"576\" src=\"https:\/\/i0.wp.com\/elregionalvm.com.ar\/noticias-villa-maria\/wp-content\/uploads\/2024\/03\/WhatsApp-Image-2024-03-21-at-5.59.59-PM.jpeg?resize=1024%2C576&#038;ssl=1\" alt=\"\" class=\"wp-image-91598\" srcset=\"https:\/\/i0.wp.com\/elregionalvm.com.ar\/noticias-villa-maria\/wp-content\/uploads\/2024\/03\/WhatsApp-Image-2024-03-21-at-5.59.59-PM.jpeg?resize=1024%2C576&amp;ssl=1 1024w, https:\/\/i0.wp.com\/elregionalvm.com.ar\/noticias-villa-maria\/wp-content\/uploads\/2024\/03\/WhatsApp-Image-2024-03-21-at-5.59.59-PM.jpeg?resize=300%2C169&amp;ssl=1 300w, https:\/\/i0.wp.com\/elregionalvm.com.ar\/noticias-villa-maria\/wp-content\/uploads\/2024\/03\/WhatsApp-Image-2024-03-21-at-5.59.59-PM.jpeg?resize=768%2C432&amp;ssl=1 768w, https:\/\/i0.wp.com\/elregionalvm.com.ar\/noticias-villa-maria\/wp-content\/uploads\/2024\/03\/WhatsApp-Image-2024-03-21-at-5.59.59-PM.jpeg?resize=1536%2C864&amp;ssl=1 1536w, https:\/\/i0.wp.com\/elregionalvm.com.ar\/noticias-villa-maria\/wp-content\/uploads\/2024\/03\/WhatsApp-Image-2024-03-21-at-5.59.59-PM.jpeg?w=1600&amp;ssl=1 1600w\" sizes=\"(max-width: 1000px) 100vw, 1000px\" \/><\/figure>\n\n\n\n<p>Hoy, tuvo lugar la primera de ronda de negocios Soluciones Tecnol\u00f3gicas durante la cual empresas socias del CIT y AERCA, en car\u00e1cter de oferentes y demandantes, respectivamente, generaron m\u00e1s de 30 intercambios comerciales.<\/p>\n\n\n\n<p>Este primer contacto entre las firmas permiti\u00f3 conocer en profundidad las necesidades tecnol\u00f3gicas de las industrias y comercios, y el abanico de soluciones disponibles. <\/p>\n\n\n\n<p>A partir del matcheo entre las partes, se determin\u00f3 que la mayor demanda fue: software de gesti\u00f3n, inteligencia de negocios, marketing digital, e-commerce y redes sociales.<\/p>\n\n\n\n<p>La iniciativa de la primera ronda tuvo por objetivo fomentar la transformaci\u00f3n digital e innovaci\u00f3n en los negocios para mejorar la eficiencia y el posicionamiento en el mercado. <\/p>\n\n\n\n<p>Asimismo, y continuando en el marco de la actividad, se coordinar\u00e1n reuniones entre las empresas del CIT y otros comercios e industrias que se han visto imposibilitadas de participar en la fecha.<\/p>\n\n\n\n<p>Dada la respuesta positiva por parte de las empresas participantes, las entidades organizadoras continuar\u00e1n comprometidos en la organizaci\u00f3n de nuevas ediciones de esta ronda de negocios y actividades que posibiliten el desarrollo de tecnol\u00f3gico del sector empresarial.<\/p>\n\n\n\n<figure class=\"wp-block-image size-large\"><img data-recalc-dims=\"1\" decoding=\"async\" width=\"1024\" height=\"576\" src=\"https:\/\/i0.wp.com\/elregionalvm.com.ar\/noticias-villa-maria\/wp-content\/uploads\/2024\/03\/WhatsApp-Image-2024-03-21-at-5.59.58-PM.jpeg?resize=1024%2C576&#038;ssl=1\" alt=\"\" class=\"wp-image-91599\" srcset=\"https:\/\/i0.wp.com\/elregionalvm.com.ar\/noticias-villa-maria\/wp-content\/uploads\/2024\/03\/WhatsApp-Image-2024-03-21-at-5.59.58-PM.jpeg?resize=1024%2C576&amp;ssl=1 1024w, https:\/\/i0.wp.com\/elregionalvm.com.ar\/noticias-villa-maria\/wp-content\/uploads\/2024\/03\/WhatsApp-Image-2024-03-21-at-5.59.58-PM.jpeg?resize=300%2C169&amp;ssl=1 300w, https:\/\/i0.wp.com\/elregionalvm.com.ar\/noticias-villa-maria\/wp-content\/uploads\/2024\/03\/WhatsApp-Image-2024-03-21-at-5.59.58-PM.jpeg?resize=768%2C432&amp;ssl=1 768w, https:\/\/i0.wp.com\/elregionalvm.com.ar\/noticias-villa-maria\/wp-content\/uploads\/2024\/03\/WhatsApp-Image-2024-03-21-at-5.59.58-PM.jpeg?resize=1536%2C864&amp;ssl=1 1536w, https:\/\/i0.wp.com\/elregionalvm.com.ar\/noticias-villa-maria\/wp-content\/uploads\/2024\/03\/WhatsApp-Image-2024-03-21-at-5.59.58-PM.jpeg?w=1600&amp;ssl=1 1600w\" sizes=\"(max-width: 1000px) 100vw, 1000px\" \/><\/figure>\n\n\n\n<p>Sobre el evento y su impacto en el sector, la coordinadora de relaciones institucionales y asuntos internos, Daniela Pe\u00f1a, remarc\u00f3: \u00abDesde AERCA, uno de los ejes centrales de trabajo es afianzar la competitividad de nuestras empresas, por lo que, en la agenda institucional ser\u00e1 prioritario este tipo de vinculaciones con el sector tecnol\u00f3gico\u00bb. Y agreg\u00f3: \u00abValoramos la participaci\u00f3n de las empresas socias de ambas instituciones y bregamos que en las nuevas ediciones de esta ronda se sigan sumando\u00bb.<\/p>\n\n\n\n<p>Por su parte, el presidente del Cluster de Impulso Tecnol\u00f3gico, Marcos Vega, afirm\u00f3: \u201cDesde nuestro Cluster de Impulso Tencol\u00f3gico estamos muy contentos con la actividad que llevamos a cabo en conjunto con AERCA. <\/p>\n\n\n\n<p>Creemos que mostrar los desarrollos de productos y servicios tecnol\u00f3gicos a las empresas locales es un orgullo y una excelente ocasi\u00f3n para mejorar la competitividad de las empresas mediante la incorporaci\u00f3n de tecnolog\u00eda.<\/p>\n\n\n\n<p>Nuestros socios no s\u00f3lo tienen alcance regional y nacional, sino que, adem\u00e1s, proveemos a otros pa\u00edses. <\/p>\n\n\n\n<p>Esperamos poder replicar esta actividad prontamente. <\/p>\n\n\n\n<p>Este primer encuentro ha sido muy positivo en t\u00e9rminos de conectar la oferta con la demanda\u201d.<\/p>\n","protected":false},"excerpt":{"rendered":"<p>Empresas socias del Cluster de Impulso Tecnol\u00f3gico (CIT) y AERCA mantuvieron los intercambios durante la jornada de hoy en las instalaciones de la gremial empresaria. Hoy, tuvo lugar la primera de ronda de negocios Soluciones Tecnol\u00f3gicas durante la cual empresas socias del CIT y AERCA, en car\u00e1cter de oferentes y demandantes, respectivamente, generaron m\u00e1s de [&hellip;]<\/p>\n","protected":false},"author":4,"featured_media":91597,"comment_status":"open","ping_status":"open","sticky":false,"template":"","format":"standard","meta":{"site-sidebar-layout":"default","site-content-layout":"","ast-site-content-layout":"default","site-content-style":"default","site-sidebar-style":"default","ast-global-header-display":"","ast-banner-title-visibility":"","ast-main-header-display":"","ast-hfb-above-header-display":"","ast-hfb-below-header-display":"","ast-hfb-mobile-header-display":"","site-post-title":"","ast-breadcrumbs-content":"","ast-featured-img":"","footer-sml-layout":"","ast-disable-related-posts":"","theme-transparent-header-meta":"","adv-header-id-meta":"","stick-header-meta":"","header-above-stick-meta":"","header-main-stick-meta":"","header-below-stick-meta":"","astra-migrate-meta-layouts":"set","ast-page-background-enabled":"default","ast-page-background-meta":{"desktop":{"background-color":"","background-image":"","background-repeat":"repeat","background-position":"center center","background-size":"auto","background-attachment":"scroll","background-type":"","background-media":"","overlay-type":"","overlay-color":"","overlay-opacity":"","overlay-gradient":""},"tablet":{"background-color":"","background-image":"","background-repeat":"repeat","background-position":"center center","background-size":"auto","background-attachment":"scroll","background-type":"","background-media":"","overlay-type":"","overlay-color":"","overlay-opacity":"","overlay-gradient":""},"mobile":{"background-color":"","background-image":"","background-repeat":"repeat","background-position":"center center","background-size":"auto","background-attachment":"scroll","background-type":"","background-media":"","overlay-type":"","overlay-color":"","overlay-opacity":"","overlay-gradient":""}},"ast-content-background-meta":{"desktop":{"background-color":"var(--ast-global-color-5)","background-image":"","background-repeat":"repeat","background-position":"center center","background-size":"auto","background-attachment":"scroll","background-type":"","background-media":"","overlay-type":"","overlay-color":"","overlay-opacity":"","overlay-gradient":""},"tablet":{"background-color":"var(--ast-global-color-5)","background-image":"","background-repeat":"repeat","background-position":"center center","background-size":"auto","background-attachment":"scroll","background-type":"","background-media":"","overlay-type":"","overlay-color":"","overlay-opacity":"","overlay-gradient":""},"mobile":{"background-color":"var(--ast-global-color-5)","background-image":"","background-repeat":"repeat","background-position":"center center","background-size":"auto","background-attachment":"scroll","background-type":"","background-media":"","overlay-type":"","overlay-color":"","overlay-opacity":"","overlay-gradient":""}},"_jetpack_memberships_contains_paid_content":false,"_joinchat":[],"footnotes":""},"categories":[15302,5,2],"tags":[],"class_list":["post-91596","post","type-post","status-publish","format-standard","has-post-thumbnail","hentry","category-destacado","category-sociedad","category-villa-maria"],"yoast_head":"<!-- This site is optimized with the Yoast SEO plugin v26.8 - https:\/\/yoast.com\/product\/yoast-seo-wordpress\/ -->\n<title>AERCA: Con m\u00e1s de 30 reuniones, culmin\u00f3 la primera ronda de negocios Soluciones Tecnol\u00f3gicas - El Regional<\/title>\n<meta name=\"robots\" content=\"index, follow, max-snippet:-1, max-image-preview:large, max-video-preview:-1\" \/>\n<link rel=\"canonical\" href=\"https:\/\/elregionalvm.com.ar\/noticias-villa-maria\/con-mas-de-30-reuniones-culmino-la-primera-ronda-de-negocios-soluciones-tecnologicas\/\" \/>\n<meta property=\"og:locale\" content=\"es_ES\" \/>\n<meta property=\"og:type\" content=\"article\" \/>\n<meta property=\"og:title\" content=\"AERCA: Con m\u00e1s de 30 reuniones, culmin\u00f3 la primera ronda de negocios Soluciones Tecnol\u00f3gicas - El Regional\" \/>\n<meta property=\"og:description\" content=\"Empresas socias del Cluster de Impulso Tecnol\u00f3gico (CIT) y AERCA mantuvieron los intercambios durante la jornada de hoy en las instalaciones de la gremial empresaria. Hoy, tuvo lugar la primera de ronda de negocios Soluciones Tecnol\u00f3gicas durante la cual empresas socias del CIT y AERCA, en car\u00e1cter de oferentes y demandantes, respectivamente, generaron m\u00e1s de [&hellip;]\" \/>\n<meta property=\"og:url\" content=\"https:\/\/elregionalvm.com.ar\/noticias-villa-maria\/con-mas-de-30-reuniones-culmino-la-primera-ronda-de-negocios-soluciones-tecnologicas\/\" \/>\n<meta property=\"og:site_name\" content=\"El Regional\" \/>\n<meta property=\"article:publisher\" content=\"https:\/\/www.facebook.com\/elregionalvm\" \/>\n<meta property=\"article:published_time\" content=\"2024-03-21T23:08:57+00:00\" \/>\n<meta property=\"article:modified_time\" content=\"2024-03-22T02:37:15+00:00\" \/>\n<meta property=\"og:image\" content=\"https:\/\/elregionalvm.com.ar\/noticias-villa-maria\/wp-content\/uploads\/2024\/03\/WhatsApp-Image-2024-03-21-at-5.59.59-PM-1.jpeg\" \/>\n\t<meta property=\"og:image:width\" content=\"1600\" \/>\n\t<meta property=\"og:image:height\" content=\"900\" \/>\n\t<meta property=\"og:image:type\" content=\"image\/jpeg\" \/>\n<meta name=\"author\" content=\"Contenidos El Regional\" \/>\n<meta name=\"twitter:card\" content=\"summary_large_image\" \/>\n<meta name=\"twitter:creator\" content=\"@elregionalvm1\" \/>\n<meta name=\"twitter:site\" content=\"@elregionalvm1\" \/>\n<meta name=\"twitter:label1\" content=\"Escrito por\" \/>\n\t<meta name=\"twitter:data1\" content=\"Contenidos El Regional\" \/>\n\t<meta name=\"twitter:label2\" content=\"Tiempo de lectura\" \/>\n\t<meta name=\"twitter:data2\" content=\"3 minutos\" \/>\n<script type=\"application\/ld+json\" class=\"yoast-schema-graph\">{\"@context\":\"https:\/\/schema.org\",\"@graph\":[{\"@type\":\"Article\",\"@id\":\"https:\/\/elregionalvm.com.ar\/noticias-villa-maria\/con-mas-de-30-reuniones-culmino-la-primera-ronda-de-negocios-soluciones-tecnologicas\/#article\",\"isPartOf\":{\"@id\":\"https:\/\/elregionalvm.com.ar\/noticias-villa-maria\/con-mas-de-30-reuniones-culmino-la-primera-ronda-de-negocios-soluciones-tecnologicas\/\"},\"author\":{\"name\":\"Contenidos El Regional\",\"@id\":\"http:\/\/elregionalvm.com.ar\/noticias-villa-maria\/#\/schema\/person\/a0fb9c422317faca23d50163151bc354\"},\"headline\":\"AERCA: Con m\u00e1s de 30 reuniones, culmin\u00f3 la primera ronda de negocios Soluciones Tecnol\u00f3gicas\",\"datePublished\":\"2024-03-21T23:08:57+00:00\",\"dateModified\":\"2024-03-22T02:37:15+00:00\",\"mainEntityOfPage\":{\"@id\":\"https:\/\/elregionalvm.com.ar\/noticias-villa-maria\/con-mas-de-30-reuniones-culmino-la-primera-ronda-de-negocios-soluciones-tecnologicas\/\"},\"wordCount\":426,\"commentCount\":0,\"image\":{\"@id\":\"https:\/\/elregionalvm.com.ar\/noticias-villa-maria\/con-mas-de-30-reuniones-culmino-la-primera-ronda-de-negocios-soluciones-tecnologicas\/#primaryimage\"},\"thumbnailUrl\":\"https:\/\/i0.wp.com\/elregionalvm.com.ar\/noticias-villa-maria\/wp-content\/uploads\/2024\/03\/WhatsApp-Image-2024-03-21-at-5.59.59-PM-1.jpeg?fit=1600%2C900&ssl=1\",\"articleSection\":[\"destacado\",\"Sociedad\",\"Villa Mar\u00eda\"],\"inLanguage\":\"es\",\"potentialAction\":[{\"@type\":\"CommentAction\",\"name\":\"Comment\",\"target\":[\"https:\/\/elregionalvm.com.ar\/noticias-villa-maria\/con-mas-de-30-reuniones-culmino-la-primera-ronda-de-negocios-soluciones-tecnologicas\/#respond\"]}]},{\"@type\":\"WebPage\",\"@id\":\"https:\/\/elregionalvm.com.ar\/noticias-villa-maria\/con-mas-de-30-reuniones-culmino-la-primera-ronda-de-negocios-soluciones-tecnologicas\/\",\"url\":\"https:\/\/elregionalvm.com.ar\/noticias-villa-maria\/con-mas-de-30-reuniones-culmino-la-primera-ronda-de-negocios-soluciones-tecnologicas\/\",\"name\":\"AERCA: Con m\u00e1s de 30 reuniones, culmin\u00f3 la primera ronda de negocios Soluciones Tecnol\u00f3gicas - El Regional\",\"isPartOf\":{\"@id\":\"http:\/\/elregionalvm.com.ar\/noticias-villa-maria\/#website\"},\"primaryImageOfPage\":{\"@id\":\"https:\/\/elregionalvm.com.ar\/noticias-villa-maria\/con-mas-de-30-reuniones-culmino-la-primera-ronda-de-negocios-soluciones-tecnologicas\/#primaryimage\"},\"image\":{\"@id\":\"https:\/\/elregionalvm.com.ar\/noticias-villa-maria\/con-mas-de-30-reuniones-culmino-la-primera-ronda-de-negocios-soluciones-tecnologicas\/#primaryimage\"},\"thumbnailUrl\":\"https:\/\/i0.wp.com\/elregionalvm.com.ar\/noticias-villa-maria\/wp-content\/uploads\/2024\/03\/WhatsApp-Image-2024-03-21-at-5.59.59-PM-1.jpeg?fit=1600%2C900&ssl=1\",\"datePublished\":\"2024-03-21T23:08:57+00:00\",\"dateModified\":\"2024-03-22T02:37:15+00:00\",\"author\":{\"@id\":\"http:\/\/elregionalvm.com.ar\/noticias-villa-maria\/#\/schema\/person\/a0fb9c422317faca23d50163151bc354\"},\"breadcrumb\":{\"@id\":\"https:\/\/elregionalvm.com.ar\/noticias-villa-maria\/con-mas-de-30-reuniones-culmino-la-primera-ronda-de-negocios-soluciones-tecnologicas\/#breadcrumb\"},\"inLanguage\":\"es\",\"potentialAction\":[{\"@type\":\"ReadAction\",\"target\":[\"https:\/\/elregionalvm.com.ar\/noticias-villa-maria\/con-mas-de-30-reuniones-culmino-la-primera-ronda-de-negocios-soluciones-tecnologicas\/\"]}]},{\"@type\":\"ImageObject\",\"inLanguage\":\"es\",\"@id\":\"https:\/\/elregionalvm.com.ar\/noticias-villa-maria\/con-mas-de-30-reuniones-culmino-la-primera-ronda-de-negocios-soluciones-tecnologicas\/#primaryimage\",\"url\":\"https:\/\/i0.wp.com\/elregionalvm.com.ar\/noticias-villa-maria\/wp-content\/uploads\/2024\/03\/WhatsApp-Image-2024-03-21-at-5.59.59-PM-1.jpeg?fit=1600%2C900&ssl=1\",\"contentUrl\":\"https:\/\/i0.wp.com\/elregionalvm.com.ar\/noticias-villa-maria\/wp-content\/uploads\/2024\/03\/WhatsApp-Image-2024-03-21-at-5.59.59-PM-1.jpeg?fit=1600%2C900&ssl=1\",\"width\":1600,\"height\":900},{\"@type\":\"BreadcrumbList\",\"@id\":\"https:\/\/elregionalvm.com.ar\/noticias-villa-maria\/con-mas-de-30-reuniones-culmino-la-primera-ronda-de-negocios-soluciones-tecnologicas\/#breadcrumb\",\"itemListElement\":[{\"@type\":\"ListItem\",\"position\":1,\"name\":\"Portada\",\"item\":\"https:\/\/elregionalvm.com.ar\/noticias-villa-maria\/\"},{\"@type\":\"ListItem\",\"position\":2,\"name\":\"AERCA: Con m\u00e1s de 30 reuniones, culmin\u00f3 la primera ronda de negocios Soluciones Tecnol\u00f3gicas\"}]},{\"@type\":\"WebSite\",\"@id\":\"http:\/\/elregionalvm.com.ar\/noticias-villa-maria\/#website\",\"url\":\"http:\/\/elregionalvm.com.ar\/noticias-villa-maria\/\",\"name\":\"El Regional\",\"description\":\"Mucho m\u00e1s que informaci\u00f3n\",\"potentialAction\":[{\"@type\":\"SearchAction\",\"target\":{\"@type\":\"EntryPoint\",\"urlTemplate\":\"http:\/\/elregionalvm.com.ar\/noticias-villa-maria\/?s={search_term_string}\"},\"query-input\":{\"@type\":\"PropertyValueSpecification\",\"valueRequired\":true,\"valueName\":\"search_term_string\"}}],\"inLanguage\":\"es\"},{\"@type\":\"Person\",\"@id\":\"http:\/\/elregionalvm.com.ar\/noticias-villa-maria\/#\/schema\/person\/a0fb9c422317faca23d50163151bc354\",\"name\":\"Contenidos El Regional\",\"image\":{\"@type\":\"ImageObject\",\"inLanguage\":\"es\",\"@id\":\"http:\/\/elregionalvm.com.ar\/noticias-villa-maria\/#\/schema\/person\/image\/\",\"url\":\"https:\/\/secure.gravatar.com\/avatar\/265b27cb2209af7bb3a1318f03305787d7981a5cc6e6cd08fe5a4ecdf99d4b48?s=96&d=mm&r=g\",\"contentUrl\":\"https:\/\/secure.gravatar.com\/avatar\/265b27cb2209af7bb3a1318f03305787d7981a5cc6e6cd08fe5a4ecdf99d4b48?s=96&d=mm&r=g\",\"caption\":\"Contenidos El Regional\"},\"url\":\"https:\/\/elregionalvm.com.ar\/noticias-villa-maria\/author\/contenido\/\"}]}<\/script>\n<!-- \/ Yoast SEO plugin. -->","yoast_head_json":{"title":"AERCA: Con m\u00e1s de 30 reuniones, culmin\u00f3 la primera ronda de negocios Soluciones Tecnol\u00f3gicas - El Regional","robots":{"index":"index","follow":"follow","max-snippet":"max-snippet:-1","max-image-preview":"max-image-preview:large","max-video-preview":"max-video-preview:-1"},"canonical":"https:\/\/elregionalvm.com.ar\/noticias-villa-maria\/con-mas-de-30-reuniones-culmino-la-primera-ronda-de-negocios-soluciones-tecnologicas\/","og_locale":"es_ES","og_type":"article","og_title":"AERCA: Con m\u00e1s de 30 reuniones, culmin\u00f3 la primera ronda de negocios Soluciones Tecnol\u00f3gicas - El Regional","og_description":"Empresas socias del Cluster de Impulso Tecnol\u00f3gico (CIT) y AERCA mantuvieron los intercambios durante la jornada de hoy en las instalaciones de la gremial empresaria. Hoy, tuvo lugar la primera de ronda de negocios Soluciones Tecnol\u00f3gicas durante la cual empresas socias del CIT y AERCA, en car\u00e1cter de oferentes y demandantes, respectivamente, generaron m\u00e1s de [&hellip;]","og_url":"https:\/\/elregionalvm.com.ar\/noticias-villa-maria\/con-mas-de-30-reuniones-culmino-la-primera-ronda-de-negocios-soluciones-tecnologicas\/","og_site_name":"El Regional","article_publisher":"https:\/\/www.facebook.com\/elregionalvm","article_published_time":"2024-03-21T23:08:57+00:00","article_modified_time":"2024-03-22T02:37:15+00:00","og_image":[{"width":1600,"height":900,"url":"https:\/\/elregionalvm.com.ar\/noticias-villa-maria\/wp-content\/uploads\/2024\/03\/WhatsApp-Image-2024-03-21-at-5.59.59-PM-1.jpeg","type":"image\/jpeg"}],"author":"Contenidos El Regional","twitter_card":"summary_large_image","twitter_creator":"@elregionalvm1","twitter_site":"@elregionalvm1","twitter_misc":{"Escrito por":"Contenidos El Regional","Tiempo de lectura":"3 minutos"},"schema":{"@context":"https:\/\/schema.org","@graph":[{"@type":"Article","@id":"https:\/\/elregionalvm.com.ar\/noticias-villa-maria\/con-mas-de-30-reuniones-culmino-la-primera-ronda-de-negocios-soluciones-tecnologicas\/#article","isPartOf":{"@id":"https:\/\/elregionalvm.com.ar\/noticias-villa-maria\/con-mas-de-30-reuniones-culmino-la-primera-ronda-de-negocios-soluciones-tecnologicas\/"},"author":{"name":"Contenidos El Regional","@id":"http:\/\/elregionalvm.com.ar\/noticias-villa-maria\/#\/schema\/person\/a0fb9c422317faca23d50163151bc354"},"headline":"AERCA: Con m\u00e1s de 30 reuniones, culmin\u00f3 la primera ronda de negocios Soluciones Tecnol\u00f3gicas","datePublished":"2024-03-21T23:08:57+00:00","dateModified":"2024-03-22T02:37:15+00:00","mainEntityOfPage":{"@id":"https:\/\/elregionalvm.com.ar\/noticias-villa-maria\/con-mas-de-30-reuniones-culmino-la-primera-ronda-de-negocios-soluciones-tecnologicas\/"},"wordCount":426,"commentCount":0,"image":{"@id":"https:\/\/elregionalvm.com.ar\/noticias-villa-maria\/con-mas-de-30-reuniones-culmino-la-primera-ronda-de-negocios-soluciones-tecnologicas\/#primaryimage"},"thumbnailUrl":"https:\/\/i0.wp.com\/elregionalvm.com.ar\/noticias-villa-maria\/wp-content\/uploads\/2024\/03\/WhatsApp-Image-2024-03-21-at-5.59.59-PM-1.jpeg?fit=1600%2C900&ssl=1","articleSection":["destacado","Sociedad","Villa Mar\u00eda"],"inLanguage":"es","potentialAction":[{"@type":"CommentAction","name":"Comment","target":["https:\/\/elregionalvm.com.ar\/noticias-villa-maria\/con-mas-de-30-reuniones-culmino-la-primera-ronda-de-negocios-soluciones-tecnologicas\/#respond"]}]},{"@type":"WebPage","@id":"https:\/\/elregionalvm.com.ar\/noticias-villa-maria\/con-mas-de-30-reuniones-culmino-la-primera-ronda-de-negocios-soluciones-tecnologicas\/","url":"https:\/\/elregionalvm.com.ar\/noticias-villa-maria\/con-mas-de-30-reuniones-culmino-la-primera-ronda-de-negocios-soluciones-tecnologicas\/","name":"AERCA: Con m\u00e1s de 30 reuniones, culmin\u00f3 la primera ronda de negocios Soluciones Tecnol\u00f3gicas - El Regional","isPartOf":{"@id":"http:\/\/elregionalvm.com.ar\/noticias-villa-maria\/#website"},"primaryImageOfPage":{"@id":"https:\/\/elregionalvm.com.ar\/noticias-villa-maria\/con-mas-de-30-reuniones-culmino-la-primera-ronda-de-negocios-soluciones-tecnologicas\/#primaryimage"},"image":{"@id":"https:\/\/elregionalvm.com.ar\/noticias-villa-maria\/con-mas-de-30-reuniones-culmino-la-primera-ronda-de-negocios-soluciones-tecnologicas\/#primaryimage"},"thumbnailUrl":"https:\/\/i0.wp.com\/elregionalvm.com.ar\/noticias-villa-maria\/wp-content\/uploads\/2024\/03\/WhatsApp-Image-2024-03-21-at-5.59.59-PM-1.jpeg?fit=1600%2C900&ssl=1","datePublished":"2024-03-21T23:08:57+00:00","dateModified":"2024-03-22T02:37:15+00:00","author":{"@id":"http:\/\/elregionalvm.com.ar\/noticias-villa-maria\/#\/schema\/person\/a0fb9c422317faca23d50163151bc354"},"breadcrumb":{"@id":"https:\/\/elregionalvm.com.ar\/noticias-villa-maria\/con-mas-de-30-reuniones-culmino-la-primera-ronda-de-negocios-soluciones-tecnologicas\/#breadcrumb"},"inLanguage":"es","potentialAction":[{"@type":"ReadAction","target":["https:\/\/elregionalvm.com.ar\/noticias-villa-maria\/con-mas-de-30-reuniones-culmino-la-primera-ronda-de-negocios-soluciones-tecnologicas\/"]}]},{"@type":"ImageObject","inLanguage":"es","@id":"https:\/\/elregionalvm.com.ar\/noticias-villa-maria\/con-mas-de-30-reuniones-culmino-la-primera-ronda-de-negocios-soluciones-tecnologicas\/#primaryimage","url":"https:\/\/i0.wp.com\/elregionalvm.com.ar\/noticias-villa-maria\/wp-content\/uploads\/2024\/03\/WhatsApp-Image-2024-03-21-at-5.59.59-PM-1.jpeg?fit=1600%2C900&ssl=1","contentUrl":"https:\/\/i0.wp.com\/elregionalvm.com.ar\/noticias-villa-maria\/wp-content\/uploads\/2024\/03\/WhatsApp-Image-2024-03-21-at-5.59.59-PM-1.jpeg?fit=1600%2C900&ssl=1","width":1600,"height":900},{"@type":"BreadcrumbList","@id":"https:\/\/elregionalvm.com.ar\/noticias-villa-maria\/con-mas-de-30-reuniones-culmino-la-primera-ronda-de-negocios-soluciones-tecnologicas\/#breadcrumb","itemListElement":[{"@type":"ListItem","position":1,"name":"Portada","item":"https:\/\/elregionalvm.com.ar\/noticias-villa-maria\/"},{"@type":"ListItem","position":2,"name":"AERCA: Con m\u00e1s de 30 reuniones, culmin\u00f3 la primera ronda de negocios Soluciones Tecnol\u00f3gicas"}]},{"@type":"WebSite","@id":"http:\/\/elregionalvm.com.ar\/noticias-villa-maria\/#website","url":"http:\/\/elregionalvm.com.ar\/noticias-villa-maria\/","name":"El Regional","description":"Mucho m\u00e1s que informaci\u00f3n","potentialAction":[{"@type":"SearchAction","target":{"@type":"EntryPoint","urlTemplate":"http:\/\/elregionalvm.com.ar\/noticias-villa-maria\/?s={search_term_string}"},"query-input":{"@type":"PropertyValueSpecification","valueRequired":true,"valueName":"search_term_string"}}],"inLanguage":"es"},{"@type":"Person","@id":"http:\/\/elregionalvm.com.ar\/noticias-villa-maria\/#\/schema\/person\/a0fb9c422317faca23d50163151bc354","name":"Contenidos El Regional","image":{"@type":"ImageObject","inLanguage":"es","@id":"http:\/\/elregionalvm.com.ar\/noticias-villa-maria\/#\/schema\/person\/image\/","url":"https:\/\/secure.gravatar.com\/avatar\/265b27cb2209af7bb3a1318f03305787d7981a5cc6e6cd08fe5a4ecdf99d4b48?s=96&d=mm&r=g","contentUrl":"https:\/\/secure.gravatar.com\/avatar\/265b27cb2209af7bb3a1318f03305787d7981a5cc6e6cd08fe5a4ecdf99d4b48?s=96&d=mm&r=g","caption":"Contenidos El Regional"},"url":"https:\/\/elregionalvm.com.ar\/noticias-villa-maria\/author\/contenido\/"}]}},"jetpack_featured_media_url":"https:\/\/i0.wp.com\/elregionalvm.com.ar\/noticias-villa-maria\/wp-content\/uploads\/2024\/03\/WhatsApp-Image-2024-03-21-at-5.59.59-PM-1.jpeg?fit=1600%2C900&ssl=1","jetpack_sharing_enabled":true,"_links":{"self":[{"href":"https:\/\/elregionalvm.com.ar\/noticias-villa-maria\/wp-json\/wp\/v2\/posts\/91596","targetHints":{"allow":["GET"]}}],"collection":[{"href":"https:\/\/elregionalvm.com.ar\/noticias-villa-maria\/wp-json\/wp\/v2\/posts"}],"about":[{"href":"https:\/\/elregionalvm.com.ar\/noticias-villa-maria\/wp-json\/wp\/v2\/types\/post"}],"author":[{"embeddable":true,"href":"https:\/\/elregionalvm.com.ar\/noticias-villa-maria\/wp-json\/wp\/v2\/users\/4"}],"replies":[{"embeddable":true,"href":"https:\/\/elregionalvm.com.ar\/noticias-villa-maria\/wp-json\/wp\/v2\/comments?post=91596"}],"version-history":[{"count":2,"href":"https:\/\/elregionalvm.com.ar\/noticias-villa-maria\/wp-json\/wp\/v2\/posts\/91596\/revisions"}],"predecessor-version":[{"id":91636,"href":"https:\/\/elregionalvm.com.ar\/noticias-villa-maria\/wp-json\/wp\/v2\/posts\/91596\/revisions\/91636"}],"wp:featuredmedia":[{"embeddable":true,"href":"https:\/\/elregionalvm.com.ar\/noticias-villa-maria\/wp-json\/wp\/v2\/media\/91597"}],"wp:attachment":[{"href":"https:\/\/elregionalvm.com.ar\/noticias-villa-maria\/wp-json\/wp\/v2\/media?parent=91596"}],"wp:term":[{"taxonomy":"category","embeddable":true,"href":"https:\/\/elregionalvm.com.ar\/noticias-villa-maria\/wp-json\/wp\/v2\/categories?post=91596"},{"taxonomy":"post_tag","embeddable":true,"href":"https:\/\/elregionalvm.com.ar\/noticias-villa-maria\/wp-json\/wp\/v2\/tags?post=91596"}],"curies":[{"name":"wp","href":"https:\/\/api.w.org\/{rel}","templated":true}]}}