{"id":91611,"date":"2024-03-21T23:19:39","date_gmt":"2024-03-21T23:19:39","guid":{"rendered":"https:\/\/elregionalvm.com.ar\/noticias-villa-maria\/?p=91611"},"modified":"2024-03-22T02:35:09","modified_gmt":"2024-03-22T02:35:09","slug":"la-municipalidad-habilito-las-inscripciones-para-finalizar-el-secundario","status":"publish","type":"post","link":"https:\/\/elregionalvm.com.ar\/noticias-villa-maria\/la-municipalidad-habilito-las-inscripciones-para-finalizar-el-secundario\/","title":{"rendered":"La Municipalidad habilit\u00f3 las inscripciones para finalizar el secundario"},"content":{"rendered":"\n<p>La Municipalidad, por medio de la Secretar\u00eda de Educaci\u00f3n e Igualdad, invita a j\u00f3venes y adultos que no finalizaron sus estudios secundarios a completarlos a trav\u00e9s de esta iniciativa<\/p>\n\n\n\n<p>El Gobierno local, coordinado por el intendente Eduardo Accastello, tiene como pol\u00edtica central el acceso a la educaci\u00f3n. Por lo tanto, desde el Municipio se garantiza que cada vecino y vecina cuente con el acompa\u00f1amiento necesario para continuar con sus estudios, por lo que quienes deseen finalizar sus estudios secundarios podr\u00e1n hacerlo en distintas modalidades y, en el caso de que lo requieran, dispondr\u00e1n de los Centros de Promoci\u00f3n Familiar y jardines maternales para el cuidado de sus hijos e hijas, donde profesionales les brindar\u00e1n el acompa\u00f1amiento necesario.<\/p>\n\n\n\n<p>En este sentido, las y los interesados deber\u00e1n inscribirse para cursar en alguna de las propuestas que ofrece la Modalidad Educaci\u00f3n de J\u00f3venes y Adultos de la provincia de C\u00f3rdoba: Presencial, Semipresencial y Combinado en L\u00ednea.<\/p>\n\n\n\n<p><\/p>\n\n\n\n<figure class=\"wp-block-image size-full\"><img data-recalc-dims=\"1\" fetchpriority=\"high\" decoding=\"async\" width=\"993\" height=\"660\" src=\"https:\/\/i0.wp.com\/elregionalvm.com.ar\/noticias-villa-maria\/wp-content\/uploads\/2021\/02\/Aula-vacia-escuela-cordobesa.jpg?resize=993%2C660&#038;ssl=1\" alt=\"\" class=\"wp-image-32971\" srcset=\"https:\/\/i0.wp.com\/elregionalvm.com.ar\/noticias-villa-maria\/wp-content\/uploads\/2021\/02\/Aula-vacia-escuela-cordobesa.jpg?w=993&amp;ssl=1 993w, https:\/\/i0.wp.com\/elregionalvm.com.ar\/noticias-villa-maria\/wp-content\/uploads\/2021\/02\/Aula-vacia-escuela-cordobesa.jpg?resize=300%2C199&amp;ssl=1 300w, https:\/\/i0.wp.com\/elregionalvm.com.ar\/noticias-villa-maria\/wp-content\/uploads\/2021\/02\/Aula-vacia-escuela-cordobesa.jpg?resize=768%2C510&amp;ssl=1 768w\" sizes=\"(max-width: 993px) 100vw, 993px\" \/><\/figure>\n\n\n\n<p><\/p>\n\n\n\n<p>Para esto, deber\u00e1n elegir una instituci\u00f3n y modalidas que se ajuste a sus necesidades, tanto en d\u00edas y horarios de cursado, como en la proximidad a su domicilio. Entre las instituciones que integran el programa, se encuentran:<\/p>\n\n\n\n<p><strong>Modalidad Presencial<\/strong><\/p>\n\n\n\n<ul class=\"wp-block-list\">\n<li>CENMA N\u00b0 96 ; Santa Fe 643, barrio Centro: cursado de lunes a viernes, de 16:45 a 22:45 horas.<\/li>\n\n\n\n<li>CENMA N\u00b0 96 Extensi\u00f3n \u00c1ulica B\u00b0 San Mart\u00edn; Buenos Aires 2314, Escuela \u201cNicol\u00e1s Avellaneda\u201d, barrio San Mart\u00edn: cursado de lunes a viernes de 19:05 a 22:05 horas.<\/li>\n\n\n\n<li>CENMA M.A.O.; Estados Unidos 111, barrio Centro: cursado de lunes a viernes, de 17:15 a 23:15 horas.<\/li>\n<\/ul>\n\n\n\n<p>Modalidad Semipresencial\/ Distancia<\/p>\n\n\n\n<ul class=\"wp-block-list\">\n<li>CENMA N\u00b0 96; Santa Fe 643, barrio Centro: tutor\u00edas los d\u00edas martes y jueves de 15:30 a 18:00 horas<\/li>\n\n\n\n<li>CENMA N\u00b0 96 Sede \u201cCentro Empleados de Comercio\u201d; Buenos Aires 1341, barrio Centro: tutor\u00edas mi\u00e9rcoles y jueves de 20:00 a 22:40 horas.<\/li>\n\n\n\n<li>CENMA M.A.O. Sede \u201cPolo de la Mujer\u201d; Independencia 825, barrio Carlos Pellegrini: propuesta destinada solo a mujeres, tutor\u00edas d\u00edas martes y jueves de 14:00 a 17:00 horas.<\/li>\n\n\n\n<li>Sede U.O.M.; Buenos Aires 1471, barrio Centro.<\/li>\n<\/ul>\n\n\n\n<p>Adem\u00e1s, una vez tramitada la inscripci\u00f3n, las y los estudiantes podr\u00e1n solicitar el Boleto Educativo Cordob\u00e9s para asistir a la instituci\u00f3n.<\/p>\n\n\n\n<p>Ante cualquier duda, el municipio dispuso el WhatsApp n\u00famero 3534 128235 para cualquier consulta.<\/p>\n","protected":false},"excerpt":{"rendered":"<p>La Municipalidad, por medio de la Secretar\u00eda de Educaci\u00f3n e Igualdad, invita a j\u00f3venes y adultos que no finalizaron sus estudios secundarios a completarlos a trav\u00e9s de esta iniciativa El Gobierno local, coordinado por el intendente Eduardo Accastello, tiene como pol\u00edtica central el acceso a la educaci\u00f3n. Por lo tanto, desde el Municipio se garantiza [&hellip;]<\/p>\n","protected":false},"author":4,"featured_media":84756,"comment_status":"open","ping_status":"open","sticky":false,"template":"","format":"standard","meta":{"site-sidebar-layout":"default","site-content-layout":"","ast-site-content-layout":"default","site-content-style":"default","site-sidebar-style":"default","ast-global-header-display":"","ast-banner-title-visibility":"","ast-main-header-display":"","ast-hfb-above-header-display":"","ast-hfb-below-header-display":"","ast-hfb-mobile-header-display":"","site-post-title":"","ast-breadcrumbs-content":"","ast-featured-img":"","footer-sml-layout":"","ast-disable-related-posts":"","theme-transparent-header-meta":"","adv-header-id-meta":"","stick-header-meta":"","header-above-stick-meta":"","header-main-stick-meta":"","header-below-stick-meta":"","astra-migrate-meta-layouts":"set","ast-page-background-enabled":"default","ast-page-background-meta":{"desktop":{"background-color":"","background-image":"","background-repeat":"repeat","background-position":"center center","background-size":"auto","background-attachment":"scroll","background-type":"","background-media":"","overlay-type":"","overlay-color":"","overlay-opacity":"","overlay-gradient":""},"tablet":{"background-color":"","background-image":"","background-repeat":"repeat","background-position":"center center","background-size":"auto","background-attachment":"scroll","background-type":"","background-media":"","overlay-type":"","overlay-color":"","overlay-opacity":"","overlay-gradient":""},"mobile":{"background-color":"","background-image":"","background-repeat":"repeat","background-position":"center center","background-size":"auto","background-attachment":"scroll","background-type":"","background-media":"","overlay-type":"","overlay-color":"","overlay-opacity":"","overlay-gradient":""}},"ast-content-background-meta":{"desktop":{"background-color":"var(--ast-global-color-5)","background-image":"","background-repeat":"repeat","background-position":"center center","background-size":"auto","background-attachment":"scroll","background-type":"","background-media":"","overlay-type":"","overlay-color":"","overlay-opacity":"","overlay-gradient":""},"tablet":{"background-color":"var(--ast-global-color-5)","background-image":"","background-repeat":"repeat","background-position":"center center","background-size":"auto","background-attachment":"scroll","background-type":"","background-media":"","overlay-type":"","overlay-color":"","overlay-opacity":"","overlay-gradient":""},"mobile":{"background-color":"var(--ast-global-color-5)","background-image":"","background-repeat":"repeat","background-position":"center center","background-size":"auto","background-attachment":"scroll","background-type":"","background-media":"","overlay-type":"","overlay-color":"","overlay-opacity":"","overlay-gradient":""}},"_jetpack_memberships_contains_paid_content":false,"_joinchat":[],"footnotes":""},"categories":[15302,5,2],"tags":[],"class_list":["post-91611","post","type-post","status-publish","format-standard","has-post-thumbnail","hentry","category-destacado","category-sociedad","category-villa-maria"],"yoast_head":"<!-- This site is optimized with the Yoast SEO plugin v26.8 - https:\/\/yoast.com\/product\/yoast-seo-wordpress\/ -->\n<title>La Municipalidad habilit\u00f3 las inscripciones para finalizar el secundario - El Regional<\/title>\n<meta name=\"robots\" content=\"index, follow, max-snippet:-1, max-image-preview:large, max-video-preview:-1\" \/>\n<link rel=\"canonical\" href=\"https:\/\/elregionalvm.com.ar\/noticias-villa-maria\/la-municipalidad-habilito-las-inscripciones-para-finalizar-el-secundario\/\" \/>\n<meta property=\"og:locale\" content=\"es_ES\" \/>\n<meta property=\"og:type\" content=\"article\" \/>\n<meta property=\"og:title\" content=\"La Municipalidad habilit\u00f3 las inscripciones para finalizar el secundario - El Regional\" \/>\n<meta property=\"og:description\" content=\"La Municipalidad, por medio de la Secretar\u00eda de Educaci\u00f3n e Igualdad, invita a j\u00f3venes y adultos que no finalizaron sus estudios secundarios a completarlos a trav\u00e9s de esta iniciativa El Gobierno local, coordinado por el intendente Eduardo Accastello, tiene como pol\u00edtica central el acceso a la educaci\u00f3n. Por lo tanto, desde el Municipio se garantiza [&hellip;]\" \/>\n<meta property=\"og:url\" content=\"https:\/\/elregionalvm.com.ar\/noticias-villa-maria\/la-municipalidad-habilito-las-inscripciones-para-finalizar-el-secundario\/\" \/>\n<meta property=\"og:site_name\" content=\"El Regional\" \/>\n<meta property=\"article:publisher\" content=\"https:\/\/www.facebook.com\/elregionalvm\" \/>\n<meta property=\"article:published_time\" content=\"2024-03-21T23:19:39+00:00\" \/>\n<meta property=\"article:modified_time\" content=\"2024-03-22T02:35:09+00:00\" \/>\n<meta property=\"og:image\" content=\"https:\/\/elregionalvm.com.ar\/noticias-villa-maria\/wp-content\/uploads\/2023\/10\/habilidades-estudiante-exitoso.jpg\" \/>\n\t<meta property=\"og:image:width\" content=\"1200\" \/>\n\t<meta property=\"og:image:height\" content=\"800\" \/>\n\t<meta property=\"og:image:type\" content=\"image\/jpeg\" \/>\n<meta name=\"author\" content=\"Contenidos El Regional\" \/>\n<meta name=\"twitter:card\" content=\"summary_large_image\" \/>\n<meta name=\"twitter:creator\" content=\"@elregionalvm1\" \/>\n<meta name=\"twitter:site\" content=\"@elregionalvm1\" \/>\n<meta name=\"twitter:label1\" content=\"Escrito por\" \/>\n\t<meta name=\"twitter:data1\" content=\"Contenidos El Regional\" \/>\n\t<meta name=\"twitter:label2\" content=\"Tiempo de lectura\" \/>\n\t<meta name=\"twitter:data2\" content=\"3 minutos\" \/>\n<script type=\"application\/ld+json\" class=\"yoast-schema-graph\">{\"@context\":\"https:\/\/schema.org\",\"@graph\":[{\"@type\":\"Article\",\"@id\":\"https:\/\/elregionalvm.com.ar\/noticias-villa-maria\/la-municipalidad-habilito-las-inscripciones-para-finalizar-el-secundario\/#article\",\"isPartOf\":{\"@id\":\"https:\/\/elregionalvm.com.ar\/noticias-villa-maria\/la-municipalidad-habilito-las-inscripciones-para-finalizar-el-secundario\/\"},\"author\":{\"name\":\"Contenidos El Regional\",\"@id\":\"http:\/\/elregionalvm.com.ar\/noticias-villa-maria\/#\/schema\/person\/a0fb9c422317faca23d50163151bc354\"},\"headline\":\"La Municipalidad habilit\u00f3 las inscripciones para finalizar el secundario\",\"datePublished\":\"2024-03-21T23:19:39+00:00\",\"dateModified\":\"2024-03-22T02:35:09+00:00\",\"mainEntityOfPage\":{\"@id\":\"https:\/\/elregionalvm.com.ar\/noticias-villa-maria\/la-municipalidad-habilito-las-inscripciones-para-finalizar-el-secundario\/\"},\"wordCount\":393,\"commentCount\":0,\"image\":{\"@id\":\"https:\/\/elregionalvm.com.ar\/noticias-villa-maria\/la-municipalidad-habilito-las-inscripciones-para-finalizar-el-secundario\/#primaryimage\"},\"thumbnailUrl\":\"https:\/\/i0.wp.com\/elregionalvm.com.ar\/noticias-villa-maria\/wp-content\/uploads\/2023\/10\/habilidades-estudiante-exitoso.jpg?fit=1200%2C800&ssl=1\",\"articleSection\":[\"destacado\",\"Sociedad\",\"Villa Mar\u00eda\"],\"inLanguage\":\"es\",\"potentialAction\":[{\"@type\":\"CommentAction\",\"name\":\"Comment\",\"target\":[\"https:\/\/elregionalvm.com.ar\/noticias-villa-maria\/la-municipalidad-habilito-las-inscripciones-para-finalizar-el-secundario\/#respond\"]}]},{\"@type\":\"WebPage\",\"@id\":\"https:\/\/elregionalvm.com.ar\/noticias-villa-maria\/la-municipalidad-habilito-las-inscripciones-para-finalizar-el-secundario\/\",\"url\":\"https:\/\/elregionalvm.com.ar\/noticias-villa-maria\/la-municipalidad-habilito-las-inscripciones-para-finalizar-el-secundario\/\",\"name\":\"La Municipalidad habilit\u00f3 las inscripciones para finalizar el secundario - El Regional\",\"isPartOf\":{\"@id\":\"http:\/\/elregionalvm.com.ar\/noticias-villa-maria\/#website\"},\"primaryImageOfPage\":{\"@id\":\"https:\/\/elregionalvm.com.ar\/noticias-villa-maria\/la-municipalidad-habilito-las-inscripciones-para-finalizar-el-secundario\/#primaryimage\"},\"image\":{\"@id\":\"https:\/\/elregionalvm.com.ar\/noticias-villa-maria\/la-municipalidad-habilito-las-inscripciones-para-finalizar-el-secundario\/#primaryimage\"},\"thumbnailUrl\":\"https:\/\/i0.wp.com\/elregionalvm.com.ar\/noticias-villa-maria\/wp-content\/uploads\/2023\/10\/habilidades-estudiante-exitoso.jpg?fit=1200%2C800&ssl=1\",\"datePublished\":\"2024-03-21T23:19:39+00:00\",\"dateModified\":\"2024-03-22T02:35:09+00:00\",\"author\":{\"@id\":\"http:\/\/elregionalvm.com.ar\/noticias-villa-maria\/#\/schema\/person\/a0fb9c422317faca23d50163151bc354\"},\"breadcrumb\":{\"@id\":\"https:\/\/elregionalvm.com.ar\/noticias-villa-maria\/la-municipalidad-habilito-las-inscripciones-para-finalizar-el-secundario\/#breadcrumb\"},\"inLanguage\":\"es\",\"potentialAction\":[{\"@type\":\"ReadAction\",\"target\":[\"https:\/\/elregionalvm.com.ar\/noticias-villa-maria\/la-municipalidad-habilito-las-inscripciones-para-finalizar-el-secundario\/\"]}]},{\"@type\":\"ImageObject\",\"inLanguage\":\"es\",\"@id\":\"https:\/\/elregionalvm.com.ar\/noticias-villa-maria\/la-municipalidad-habilito-las-inscripciones-para-finalizar-el-secundario\/#primaryimage\",\"url\":\"https:\/\/i0.wp.com\/elregionalvm.com.ar\/noticias-villa-maria\/wp-content\/uploads\/2023\/10\/habilidades-estudiante-exitoso.jpg?fit=1200%2C800&ssl=1\",\"contentUrl\":\"https:\/\/i0.wp.com\/elregionalvm.com.ar\/noticias-villa-maria\/wp-content\/uploads\/2023\/10\/habilidades-estudiante-exitoso.jpg?fit=1200%2C800&ssl=1\",\"width\":1200,\"height\":800},{\"@type\":\"BreadcrumbList\",\"@id\":\"https:\/\/elregionalvm.com.ar\/noticias-villa-maria\/la-municipalidad-habilito-las-inscripciones-para-finalizar-el-secundario\/#breadcrumb\",\"itemListElement\":[{\"@type\":\"ListItem\",\"position\":1,\"name\":\"Portada\",\"item\":\"https:\/\/elregionalvm.com.ar\/noticias-villa-maria\/\"},{\"@type\":\"ListItem\",\"position\":2,\"name\":\"La Municipalidad habilit\u00f3 las inscripciones para finalizar el secundario\"}]},{\"@type\":\"WebSite\",\"@id\":\"http:\/\/elregionalvm.com.ar\/noticias-villa-maria\/#website\",\"url\":\"http:\/\/elregionalvm.com.ar\/noticias-villa-maria\/\",\"name\":\"El Regional\",\"description\":\"Mucho m\u00e1s que informaci\u00f3n\",\"potentialAction\":[{\"@type\":\"SearchAction\",\"target\":{\"@type\":\"EntryPoint\",\"urlTemplate\":\"http:\/\/elregionalvm.com.ar\/noticias-villa-maria\/?s={search_term_string}\"},\"query-input\":{\"@type\":\"PropertyValueSpecification\",\"valueRequired\":true,\"valueName\":\"search_term_string\"}}],\"inLanguage\":\"es\"},{\"@type\":\"Person\",\"@id\":\"http:\/\/elregionalvm.com.ar\/noticias-villa-maria\/#\/schema\/person\/a0fb9c422317faca23d50163151bc354\",\"name\":\"Contenidos El Regional\",\"image\":{\"@type\":\"ImageObject\",\"inLanguage\":\"es\",\"@id\":\"http:\/\/elregionalvm.com.ar\/noticias-villa-maria\/#\/schema\/person\/image\/\",\"url\":\"https:\/\/secure.gravatar.com\/avatar\/265b27cb2209af7bb3a1318f03305787d7981a5cc6e6cd08fe5a4ecdf99d4b48?s=96&d=mm&r=g\",\"contentUrl\":\"https:\/\/secure.gravatar.com\/avatar\/265b27cb2209af7bb3a1318f03305787d7981a5cc6e6cd08fe5a4ecdf99d4b48?s=96&d=mm&r=g\",\"caption\":\"Contenidos El Regional\"},\"url\":\"https:\/\/elregionalvm.com.ar\/noticias-villa-maria\/author\/contenido\/\"}]}<\/script>\n<!-- \/ Yoast SEO plugin. -->","yoast_head_json":{"title":"La Municipalidad habilit\u00f3 las inscripciones para finalizar el secundario - El Regional","robots":{"index":"index","follow":"follow","max-snippet":"max-snippet:-1","max-image-preview":"max-image-preview:large","max-video-preview":"max-video-preview:-1"},"canonical":"https:\/\/elregionalvm.com.ar\/noticias-villa-maria\/la-municipalidad-habilito-las-inscripciones-para-finalizar-el-secundario\/","og_locale":"es_ES","og_type":"article","og_title":"La Municipalidad habilit\u00f3 las inscripciones para finalizar el secundario - El Regional","og_description":"La Municipalidad, por medio de la Secretar\u00eda de Educaci\u00f3n e Igualdad, invita a j\u00f3venes y adultos que no finalizaron sus estudios secundarios a completarlos a trav\u00e9s de esta iniciativa El Gobierno local, coordinado por el intendente Eduardo Accastello, tiene como pol\u00edtica central el acceso a la educaci\u00f3n. Por lo tanto, desde el Municipio se garantiza [&hellip;]","og_url":"https:\/\/elregionalvm.com.ar\/noticias-villa-maria\/la-municipalidad-habilito-las-inscripciones-para-finalizar-el-secundario\/","og_site_name":"El Regional","article_publisher":"https:\/\/www.facebook.com\/elregionalvm","article_published_time":"2024-03-21T23:19:39+00:00","article_modified_time":"2024-03-22T02:35:09+00:00","og_image":[{"width":1200,"height":800,"url":"https:\/\/elregionalvm.com.ar\/noticias-villa-maria\/wp-content\/uploads\/2023\/10\/habilidades-estudiante-exitoso.jpg","type":"image\/jpeg"}],"author":"Contenidos El Regional","twitter_card":"summary_large_image","twitter_creator":"@elregionalvm1","twitter_site":"@elregionalvm1","twitter_misc":{"Escrito por":"Contenidos El Regional","Tiempo de lectura":"3 minutos"},"schema":{"@context":"https:\/\/schema.org","@graph":[{"@type":"Article","@id":"https:\/\/elregionalvm.com.ar\/noticias-villa-maria\/la-municipalidad-habilito-las-inscripciones-para-finalizar-el-secundario\/#article","isPartOf":{"@id":"https:\/\/elregionalvm.com.ar\/noticias-villa-maria\/la-municipalidad-habilito-las-inscripciones-para-finalizar-el-secundario\/"},"author":{"name":"Contenidos El Regional","@id":"http:\/\/elregionalvm.com.ar\/noticias-villa-maria\/#\/schema\/person\/a0fb9c422317faca23d50163151bc354"},"headline":"La Municipalidad habilit\u00f3 las inscripciones para finalizar el secundario","datePublished":"2024-03-21T23:19:39+00:00","dateModified":"2024-03-22T02:35:09+00:00","mainEntityOfPage":{"@id":"https:\/\/elregionalvm.com.ar\/noticias-villa-maria\/la-municipalidad-habilito-las-inscripciones-para-finalizar-el-secundario\/"},"wordCount":393,"commentCount":0,"image":{"@id":"https:\/\/elregionalvm.com.ar\/noticias-villa-maria\/la-municipalidad-habilito-las-inscripciones-para-finalizar-el-secundario\/#primaryimage"},"thumbnailUrl":"https:\/\/i0.wp.com\/elregionalvm.com.ar\/noticias-villa-maria\/wp-content\/uploads\/2023\/10\/habilidades-estudiante-exitoso.jpg?fit=1200%2C800&ssl=1","articleSection":["destacado","Sociedad","Villa Mar\u00eda"],"inLanguage":"es","potentialAction":[{"@type":"CommentAction","name":"Comment","target":["https:\/\/elregionalvm.com.ar\/noticias-villa-maria\/la-municipalidad-habilito-las-inscripciones-para-finalizar-el-secundario\/#respond"]}]},{"@type":"WebPage","@id":"https:\/\/elregionalvm.com.ar\/noticias-villa-maria\/la-municipalidad-habilito-las-inscripciones-para-finalizar-el-secundario\/","url":"https:\/\/elregionalvm.com.ar\/noticias-villa-maria\/la-municipalidad-habilito-las-inscripciones-para-finalizar-el-secundario\/","name":"La Municipalidad habilit\u00f3 las inscripciones para finalizar el secundario - El Regional","isPartOf":{"@id":"http:\/\/elregionalvm.com.ar\/noticias-villa-maria\/#website"},"primaryImageOfPage":{"@id":"https:\/\/elregionalvm.com.ar\/noticias-villa-maria\/la-municipalidad-habilito-las-inscripciones-para-finalizar-el-secundario\/#primaryimage"},"image":{"@id":"https:\/\/elregionalvm.com.ar\/noticias-villa-maria\/la-municipalidad-habilito-las-inscripciones-para-finalizar-el-secundario\/#primaryimage"},"thumbnailUrl":"https:\/\/i0.wp.com\/elregionalvm.com.ar\/noticias-villa-maria\/wp-content\/uploads\/2023\/10\/habilidades-estudiante-exitoso.jpg?fit=1200%2C800&ssl=1","datePublished":"2024-03-21T23:19:39+00:00","dateModified":"2024-03-22T02:35:09+00:00","author":{"@id":"http:\/\/elregionalvm.com.ar\/noticias-villa-maria\/#\/schema\/person\/a0fb9c422317faca23d50163151bc354"},"breadcrumb":{"@id":"https:\/\/elregionalvm.com.ar\/noticias-villa-maria\/la-municipalidad-habilito-las-inscripciones-para-finalizar-el-secundario\/#breadcrumb"},"inLanguage":"es","potentialAction":[{"@type":"ReadAction","target":["https:\/\/elregionalvm.com.ar\/noticias-villa-maria\/la-municipalidad-habilito-las-inscripciones-para-finalizar-el-secundario\/"]}]},{"@type":"ImageObject","inLanguage":"es","@id":"https:\/\/elregionalvm.com.ar\/noticias-villa-maria\/la-municipalidad-habilito-las-inscripciones-para-finalizar-el-secundario\/#primaryimage","url":"https:\/\/i0.wp.com\/elregionalvm.com.ar\/noticias-villa-maria\/wp-content\/uploads\/2023\/10\/habilidades-estudiante-exitoso.jpg?fit=1200%2C800&ssl=1","contentUrl":"https:\/\/i0.wp.com\/elregionalvm.com.ar\/noticias-villa-maria\/wp-content\/uploads\/2023\/10\/habilidades-estudiante-exitoso.jpg?fit=1200%2C800&ssl=1","width":1200,"height":800},{"@type":"BreadcrumbList","@id":"https:\/\/elregionalvm.com.ar\/noticias-villa-maria\/la-municipalidad-habilito-las-inscripciones-para-finalizar-el-secundario\/#breadcrumb","itemListElement":[{"@type":"ListItem","position":1,"name":"Portada","item":"https:\/\/elregionalvm.com.ar\/noticias-villa-maria\/"},{"@type":"ListItem","position":2,"name":"La Municipalidad habilit\u00f3 las inscripciones para finalizar el secundario"}]},{"@type":"WebSite","@id":"http:\/\/elregionalvm.com.ar\/noticias-villa-maria\/#website","url":"http:\/\/elregionalvm.com.ar\/noticias-villa-maria\/","name":"El Regional","description":"Mucho m\u00e1s que informaci\u00f3n","potentialAction":[{"@type":"SearchAction","target":{"@type":"EntryPoint","urlTemplate":"http:\/\/elregionalvm.com.ar\/noticias-villa-maria\/?s={search_term_string}"},"query-input":{"@type":"PropertyValueSpecification","valueRequired":true,"valueName":"search_term_string"}}],"inLanguage":"es"},{"@type":"Person","@id":"http:\/\/elregionalvm.com.ar\/noticias-villa-maria\/#\/schema\/person\/a0fb9c422317faca23d50163151bc354","name":"Contenidos El Regional","image":{"@type":"ImageObject","inLanguage":"es","@id":"http:\/\/elregionalvm.com.ar\/noticias-villa-maria\/#\/schema\/person\/image\/","url":"https:\/\/secure.gravatar.com\/avatar\/265b27cb2209af7bb3a1318f03305787d7981a5cc6e6cd08fe5a4ecdf99d4b48?s=96&d=mm&r=g","contentUrl":"https:\/\/secure.gravatar.com\/avatar\/265b27cb2209af7bb3a1318f03305787d7981a5cc6e6cd08fe5a4ecdf99d4b48?s=96&d=mm&r=g","caption":"Contenidos El Regional"},"url":"https:\/\/elregionalvm.com.ar\/noticias-villa-maria\/author\/contenido\/"}]}},"jetpack_featured_media_url":"https:\/\/i0.wp.com\/elregionalvm.com.ar\/noticias-villa-maria\/wp-content\/uploads\/2023\/10\/habilidades-estudiante-exitoso.jpg?fit=1200%2C800&ssl=1","jetpack_sharing_enabled":true,"_links":{"self":[{"href":"https:\/\/elregionalvm.com.ar\/noticias-villa-maria\/wp-json\/wp\/v2\/posts\/91611","targetHints":{"allow":["GET"]}}],"collection":[{"href":"https:\/\/elregionalvm.com.ar\/noticias-villa-maria\/wp-json\/wp\/v2\/posts"}],"about":[{"href":"https:\/\/elregionalvm.com.ar\/noticias-villa-maria\/wp-json\/wp\/v2\/types\/post"}],"author":[{"embeddable":true,"href":"https:\/\/elregionalvm.com.ar\/noticias-villa-maria\/wp-json\/wp\/v2\/users\/4"}],"replies":[{"embeddable":true,"href":"https:\/\/elregionalvm.com.ar\/noticias-villa-maria\/wp-json\/wp\/v2\/comments?post=91611"}],"version-history":[{"count":2,"href":"https:\/\/elregionalvm.com.ar\/noticias-villa-maria\/wp-json\/wp\/v2\/posts\/91611\/revisions"}],"predecessor-version":[{"id":91631,"href":"https:\/\/elregionalvm.com.ar\/noticias-villa-maria\/wp-json\/wp\/v2\/posts\/91611\/revisions\/91631"}],"wp:featuredmedia":[{"embeddable":true,"href":"https:\/\/elregionalvm.com.ar\/noticias-villa-maria\/wp-json\/wp\/v2\/media\/84756"}],"wp:attachment":[{"href":"https:\/\/elregionalvm.com.ar\/noticias-villa-maria\/wp-json\/wp\/v2\/media?parent=91611"}],"wp:term":[{"taxonomy":"category","embeddable":true,"href":"https:\/\/elregionalvm.com.ar\/noticias-villa-maria\/wp-json\/wp\/v2\/categories?post=91611"},{"taxonomy":"post_tag","embeddable":true,"href":"https:\/\/elregionalvm.com.ar\/noticias-villa-maria\/wp-json\/wp\/v2\/tags?post=91611"}],"curies":[{"name":"wp","href":"https:\/\/api.w.org\/{rel}","templated":true}]}}