{"id":91619,"date":"2024-03-22T02:05:58","date_gmt":"2024-03-22T02:05:58","guid":{"rendered":"https:\/\/elregionalvm.com.ar\/noticias-villa-maria\/?p=91619"},"modified":"2024-03-26T03:15:20","modified_gmt":"2024-03-26T03:15:20","slug":"television-y-poder-mentira-la-verdad-el-caso-del-escritor-que-nunca-existio","status":"publish","type":"post","link":"https:\/\/elregionalvm.com.ar\/noticias-villa-maria\/television-y-poder-mentira-la-verdad-el-caso-del-escritor-que-nunca-existio\/","title":{"rendered":"Televisi\u00f3n y poder, mentira la verdad: El caso del escritor que nunca existi\u00f3"},"content":{"rendered":"\n<h3 class=\"wp-block-heading\"><strong>El 6 de noviembre de 1988, por el Canal 13 se emit\u00eda el programa \u00abEl monitor argentino\u00bb dedicado a la memoria del escritor argentino Jos\u00e9 M\u00e1ximo Balbastro provocando un furor por su obra, rese\u00f1as en diarios y notas en otros programas, algo curioso siendo que ese escritor no exist\u00eda.<\/strong><\/h3>\n\n\n\n<p><\/p>\n\n\n\n<p>El programa era conducido por Jorge Dorio y Mart\u00edn Caparr\u00f3s, dos j\u00f3venes periodistas talentosos e irreverentes.<\/p>\n\n\n\n<p>La emisi\u00f3n del 6 de noviembre se dedic\u00f3 a la memoria de un autor injustamente olvidado, Jos\u00e9 M\u00e1ximo Balbastro. Nacido en 1896 y fallecido el 1 de Julio de 1974, el mismo d\u00eda que Juan Domingo Per\u00f3n, hecho por el cual su muerte pas\u00f3 desapercibida.<\/p>\n\n\n\n<p>A lo largo del programa se emitieron reportajes a figuras que resaltaban su importancia e influencia como Luis Alberto Spinetta, Federico Storani y el mism\u00edsimo Jorge Luis Borges.<\/p>\n\n\n\n<p><\/p>\n\n\n\n<figure class=\"wp-block-image size-large\"><img data-recalc-dims=\"1\" fetchpriority=\"high\" decoding=\"async\" width=\"1024\" height=\"505\" src=\"https:\/\/i0.wp.com\/elregionalvm.com.ar\/noticias-villa-maria\/wp-content\/uploads\/2024\/03\/Martin-Caparros.jpg?resize=1024%2C505&#038;ssl=1\" alt=\"\" class=\"wp-image-91623\" srcset=\"https:\/\/i0.wp.com\/elregionalvm.com.ar\/noticias-villa-maria\/wp-content\/uploads\/2024\/03\/Martin-Caparros.jpg?resize=1024%2C505&amp;ssl=1 1024w, https:\/\/i0.wp.com\/elregionalvm.com.ar\/noticias-villa-maria\/wp-content\/uploads\/2024\/03\/Martin-Caparros.jpg?resize=300%2C148&amp;ssl=1 300w, https:\/\/i0.wp.com\/elregionalvm.com.ar\/noticias-villa-maria\/wp-content\/uploads\/2024\/03\/Martin-Caparros.jpg?resize=768%2C379&amp;ssl=1 768w, https:\/\/i0.wp.com\/elregionalvm.com.ar\/noticias-villa-maria\/wp-content\/uploads\/2024\/03\/Martin-Caparros.jpg?w=1256&amp;ssl=1 1256w\" sizes=\"(max-width: 1000px) 100vw, 1000px\" \/><figcaption class=\"wp-element-caption\"><em>El escritor y periodista Mart\u00edn Caparr\u00f3s.<\/em><\/figcaption><\/figure>\n\n\n\n<p><\/p>\n\n\n\n<p>Se le atribu\u00edan simpat\u00edas con el Comunismo y un relato exhaustivo de su exilio en Par\u00eds. Se mostraron dos ejemplares de sus obras m\u00e1s c\u00e9lebres \u00abLas barricadas del sudor\u00bb y \u00abA la sombra de otros soles\u00bb.<\/p>\n\n\n\n<p>El programa conclu\u00eda que su olvido por parte de la sociedad se deb\u00eda a su militancia en los bandos perdedores de la batalla cultural. Al d\u00eda siguiente las librer\u00edas de Buenos Aires se abarrotaron de lectores en busca de sus obras.<\/p>\n\n\n\n<p><\/p>\n\n\n\n<figure class=\"wp-block-pullquote\"><blockquote><p><strong>Este programa no fue el primero en explorar la manipulaci\u00f3n medi\u00e1tica\u2026<\/strong><\/p><\/blockquote><\/figure>\n\n\n\n<p><\/p>\n\n\n\n<p>Durante la semana en varios diarios aparecieron cartas de lectores exigiendo notas sobre el autor, en dos de ellos se publicaron biograf\u00edas basadas en los datos del programa.<\/p>\n\n\n\n<p>Hubo cuatro programas de otros canales que realizaron debates sobre su obra. El domingo siguiente, Dorio y Caparr\u00f3s, develaron el enga\u00f1o y dedicaron el programa al poder de los medios en el manejo de la opini\u00f3n p\u00fablica.<\/p>\n\n\n\n<p><\/p>\n\n\n\n<figure class=\"wp-block-image size-large\"><img data-recalc-dims=\"1\" decoding=\"async\" width=\"1024\" height=\"640\" src=\"https:\/\/i0.wp.com\/elregionalvm.com.ar\/noticias-villa-maria\/wp-content\/uploads\/2024\/03\/Jorge-Dorio.jpg?resize=1024%2C640&#038;ssl=1\" alt=\"\" class=\"wp-image-91622\" srcset=\"https:\/\/i0.wp.com\/elregionalvm.com.ar\/noticias-villa-maria\/wp-content\/uploads\/2024\/03\/Jorge-Dorio.jpg?resize=1024%2C640&amp;ssl=1 1024w, https:\/\/i0.wp.com\/elregionalvm.com.ar\/noticias-villa-maria\/wp-content\/uploads\/2024\/03\/Jorge-Dorio.jpg?resize=300%2C187&amp;ssl=1 300w, https:\/\/i0.wp.com\/elregionalvm.com.ar\/noticias-villa-maria\/wp-content\/uploads\/2024\/03\/Jorge-Dorio.jpg?resize=768%2C480&amp;ssl=1 768w, https:\/\/i0.wp.com\/elregionalvm.com.ar\/noticias-villa-maria\/wp-content\/uploads\/2024\/03\/Jorge-Dorio.jpg?w=1047&amp;ssl=1 1047w\" sizes=\"(max-width: 1000px) 100vw, 1000px\" \/><figcaption class=\"wp-element-caption\"><em>Jorge Dorio, recientemente fallecido. <\/em><\/figcaption><\/figure>\n\n\n\n<p><\/p>\n\n\n\n<p>La foto de Balbastro era una imagen poco conocida del cineasta Luis Bu\u00f1uel y las notas correspond\u00edan a entrevistas sobre otros escritores, pero debidamente editadas.<\/p>\n\n\n\n<p>Las opiniones eruditas sobre un escritor inexistente hicieron tambalear el puesto del editor de cultura de uno de los diarios m\u00e1s prestigiosos del pa\u00eds y pulveriz\u00f3 el prestigio de varios periodistas de la TV.<\/p>\n\n\n\n<p>Este programa no fue el primero en explorar la manipulaci\u00f3n medi\u00e1tica, el a\u00f1o anterior Carlos Sor\u00edn hab\u00eda estrenado \u00abLa era del \u00f1and\u00fa\u00bb, biograf\u00eda de un falso descubridor de una droga rejuvenecedora de la d\u00e9cada del &#8217;50.<\/p>\n\n\n\n<p><\/p>\n\n\n\n<p><strong><em>Fuente: Efem\u00e9rides Hist\u00f3ricas<\/em><\/strong><\/p>\n\n\n\n<p><\/p>\n","protected":false},"excerpt":{"rendered":"<p>El 6 de noviembre de 1988, por el Canal 13 se emit\u00eda el programa \u00abEl monitor argentino\u00bb dedicado a la memoria del escritor argentino Jos\u00e9 M\u00e1ximo Balbastro provocando un furor por su obra, rese\u00f1as en diarios y notas en otros programas, algo curioso siendo que ese escritor no exist\u00eda. El programa era conducido por Jorge [&hellip;]<\/p>\n","protected":false},"author":4,"featured_media":91621,"comment_status":"open","ping_status":"open","sticky":false,"template":"","format":"standard","meta":{"site-sidebar-layout":"default","site-content-layout":"","ast-site-content-layout":"default","site-content-style":"default","site-sidebar-style":"default","ast-global-header-display":"","ast-banner-title-visibility":"","ast-main-header-display":"","ast-hfb-above-header-display":"","ast-hfb-below-header-display":"","ast-hfb-mobile-header-display":"","site-post-title":"","ast-breadcrumbs-content":"","ast-featured-img":"","footer-sml-layout":"","ast-disable-related-posts":"","theme-transparent-header-meta":"","adv-header-id-meta":"","stick-header-meta":"","header-above-stick-meta":"","header-main-stick-meta":"","header-below-stick-meta":"","astra-migrate-meta-layouts":"set","ast-page-background-enabled":"default","ast-page-background-meta":{"desktop":{"background-color":"","background-image":"","background-repeat":"repeat","background-position":"center center","background-size":"auto","background-attachment":"scroll","background-type":"","background-media":"","overlay-type":"","overlay-color":"","overlay-opacity":"","overlay-gradient":""},"tablet":{"background-color":"","background-image":"","background-repeat":"repeat","background-position":"center center","background-size":"auto","background-attachment":"scroll","background-type":"","background-media":"","overlay-type":"","overlay-color":"","overlay-opacity":"","overlay-gradient":""},"mobile":{"background-color":"","background-image":"","background-repeat":"repeat","background-position":"center center","background-size":"auto","background-attachment":"scroll","background-type":"","background-media":"","overlay-type":"","overlay-color":"","overlay-opacity":"","overlay-gradient":""}},"ast-content-background-meta":{"desktop":{"background-color":"var(--ast-global-color-5)","background-image":"","background-repeat":"repeat","background-position":"center center","background-size":"auto","background-attachment":"scroll","background-type":"","background-media":"","overlay-type":"","overlay-color":"","overlay-opacity":"","overlay-gradient":""},"tablet":{"background-color":"var(--ast-global-color-5)","background-image":"","background-repeat":"repeat","background-position":"center center","background-size":"auto","background-attachment":"scroll","background-type":"","background-media":"","overlay-type":"","overlay-color":"","overlay-opacity":"","overlay-gradient":""},"mobile":{"background-color":"var(--ast-global-color-5)","background-image":"","background-repeat":"repeat","background-position":"center center","background-size":"auto","background-attachment":"scroll","background-type":"","background-media":"","overlay-type":"","overlay-color":"","overlay-opacity":"","overlay-gradient":""}},"_jetpack_memberships_contains_paid_content":false,"_joinchat":[],"footnotes":""},"categories":[2098,3557],"tags":[2591,23707,8046,23709,23706,23710,10735,44,14218,7844],"class_list":["post-91619","post","type-post","status-publish","format-standard","has-post-thumbnail","hentry","category-historias","category-tercera","tag-cultura","tag-el-monitor-argentino","tag-escritor","tag-jorge-dorio","tag-jose-maximo-balbastro","tag-martin-caparros","tag-mentira","tag-poder","tag-television","tag-verdad"],"yoast_head":"<!-- This site is optimized with the Yoast SEO plugin v26.8 - https:\/\/yoast.com\/product\/yoast-seo-wordpress\/ -->\n<title>Televisi\u00f3n y poder, mentira la verdad: El caso del escritor que nunca existi\u00f3 - El Regional<\/title>\n<meta name=\"robots\" content=\"index, follow, max-snippet:-1, max-image-preview:large, max-video-preview:-1\" \/>\n<link rel=\"canonical\" href=\"https:\/\/elregionalvm.com.ar\/noticias-villa-maria\/television-y-poder-mentira-la-verdad-el-caso-del-escritor-que-nunca-existio\/\" \/>\n<meta property=\"og:locale\" content=\"es_ES\" \/>\n<meta property=\"og:type\" content=\"article\" \/>\n<meta property=\"og:title\" content=\"Televisi\u00f3n y poder, mentira la verdad: El caso del escritor que nunca existi\u00f3 - El Regional\" \/>\n<meta property=\"og:description\" content=\"El 6 de noviembre de 1988, por el Canal 13 se emit\u00eda el programa \u00abEl monitor argentino\u00bb dedicado a la memoria del escritor argentino Jos\u00e9 M\u00e1ximo Balbastro provocando un furor por su obra, rese\u00f1as en diarios y notas en otros programas, algo curioso siendo que ese escritor no exist\u00eda. El programa era conducido por Jorge [&hellip;]\" \/>\n<meta property=\"og:url\" content=\"https:\/\/elregionalvm.com.ar\/noticias-villa-maria\/television-y-poder-mentira-la-verdad-el-caso-del-escritor-que-nunca-existio\/\" \/>\n<meta property=\"og:site_name\" content=\"El Regional\" \/>\n<meta property=\"article:publisher\" content=\"https:\/\/www.facebook.com\/elregionalvm\" \/>\n<meta property=\"article:published_time\" content=\"2024-03-22T02:05:58+00:00\" \/>\n<meta property=\"article:modified_time\" content=\"2024-03-26T03:15:20+00:00\" \/>\n<meta property=\"og:image\" content=\"https:\/\/elregionalvm.com.ar\/noticias-villa-maria\/wp-content\/uploads\/2024\/03\/Caparros-Dorio-escritor-inventado.jpg\" \/>\n\t<meta property=\"og:image:width\" content=\"801\" \/>\n\t<meta property=\"og:image:height\" content=\"648\" \/>\n\t<meta property=\"og:image:type\" content=\"image\/jpeg\" \/>\n<meta name=\"author\" content=\"Contenidos El Regional\" \/>\n<meta name=\"twitter:card\" content=\"summary_large_image\" \/>\n<meta name=\"twitter:creator\" content=\"@elregionalvm1\" \/>\n<meta name=\"twitter:site\" content=\"@elregionalvm1\" \/>\n<meta name=\"twitter:label1\" content=\"Escrito por\" \/>\n\t<meta name=\"twitter:data1\" content=\"Contenidos El Regional\" \/>\n\t<meta name=\"twitter:label2\" content=\"Tiempo de lectura\" \/>\n\t<meta name=\"twitter:data2\" content=\"3 minutos\" \/>\n<script type=\"application\/ld+json\" class=\"yoast-schema-graph\">{\"@context\":\"https:\/\/schema.org\",\"@graph\":[{\"@type\":\"Article\",\"@id\":\"https:\/\/elregionalvm.com.ar\/noticias-villa-maria\/television-y-poder-mentira-la-verdad-el-caso-del-escritor-que-nunca-existio\/#article\",\"isPartOf\":{\"@id\":\"https:\/\/elregionalvm.com.ar\/noticias-villa-maria\/television-y-poder-mentira-la-verdad-el-caso-del-escritor-que-nunca-existio\/\"},\"author\":{\"name\":\"Contenidos El Regional\",\"@id\":\"http:\/\/elregionalvm.com.ar\/noticias-villa-maria\/#\/schema\/person\/a0fb9c422317faca23d50163151bc354\"},\"headline\":\"Televisi\u00f3n y poder, mentira la verdad: El caso del escritor que nunca existi\u00f3\",\"datePublished\":\"2024-03-22T02:05:58+00:00\",\"dateModified\":\"2024-03-26T03:15:20+00:00\",\"mainEntityOfPage\":{\"@id\":\"https:\/\/elregionalvm.com.ar\/noticias-villa-maria\/television-y-poder-mentira-la-verdad-el-caso-del-escritor-que-nunca-existio\/\"},\"wordCount\":448,\"commentCount\":0,\"image\":{\"@id\":\"https:\/\/elregionalvm.com.ar\/noticias-villa-maria\/television-y-poder-mentira-la-verdad-el-caso-del-escritor-que-nunca-existio\/#primaryimage\"},\"thumbnailUrl\":\"https:\/\/i0.wp.com\/elregionalvm.com.ar\/noticias-villa-maria\/wp-content\/uploads\/2024\/03\/Caparros-Dorio-escritor-inventado.jpg?fit=801%2C648&ssl=1\",\"keywords\":[\"Cultura\",\"El monitor argentino\",\"escritor\",\"Jorge Dorio\",\"Jos\u00e9 M\u00e1ximo Balbastro\",\"Mart\u00edn Caparr\u00f3s\",\"Mentira\",\"poder\",\"televisi\u00f3n\",\"Verdad\"],\"articleSection\":[\"Historias\",\"tercera\"],\"inLanguage\":\"es\",\"potentialAction\":[{\"@type\":\"CommentAction\",\"name\":\"Comment\",\"target\":[\"https:\/\/elregionalvm.com.ar\/noticias-villa-maria\/television-y-poder-mentira-la-verdad-el-caso-del-escritor-que-nunca-existio\/#respond\"]}]},{\"@type\":\"WebPage\",\"@id\":\"https:\/\/elregionalvm.com.ar\/noticias-villa-maria\/television-y-poder-mentira-la-verdad-el-caso-del-escritor-que-nunca-existio\/\",\"url\":\"https:\/\/elregionalvm.com.ar\/noticias-villa-maria\/television-y-poder-mentira-la-verdad-el-caso-del-escritor-que-nunca-existio\/\",\"name\":\"Televisi\u00f3n y poder, mentira la verdad: El caso del escritor que nunca existi\u00f3 - El Regional\",\"isPartOf\":{\"@id\":\"http:\/\/elregionalvm.com.ar\/noticias-villa-maria\/#website\"},\"primaryImageOfPage\":{\"@id\":\"https:\/\/elregionalvm.com.ar\/noticias-villa-maria\/television-y-poder-mentira-la-verdad-el-caso-del-escritor-que-nunca-existio\/#primaryimage\"},\"image\":{\"@id\":\"https:\/\/elregionalvm.com.ar\/noticias-villa-maria\/television-y-poder-mentira-la-verdad-el-caso-del-escritor-que-nunca-existio\/#primaryimage\"},\"thumbnailUrl\":\"https:\/\/i0.wp.com\/elregionalvm.com.ar\/noticias-villa-maria\/wp-content\/uploads\/2024\/03\/Caparros-Dorio-escritor-inventado.jpg?fit=801%2C648&ssl=1\",\"datePublished\":\"2024-03-22T02:05:58+00:00\",\"dateModified\":\"2024-03-26T03:15:20+00:00\",\"author\":{\"@id\":\"http:\/\/elregionalvm.com.ar\/noticias-villa-maria\/#\/schema\/person\/a0fb9c422317faca23d50163151bc354\"},\"breadcrumb\":{\"@id\":\"https:\/\/elregionalvm.com.ar\/noticias-villa-maria\/television-y-poder-mentira-la-verdad-el-caso-del-escritor-que-nunca-existio\/#breadcrumb\"},\"inLanguage\":\"es\",\"potentialAction\":[{\"@type\":\"ReadAction\",\"target\":[\"https:\/\/elregionalvm.com.ar\/noticias-villa-maria\/television-y-poder-mentira-la-verdad-el-caso-del-escritor-que-nunca-existio\/\"]}]},{\"@type\":\"ImageObject\",\"inLanguage\":\"es\",\"@id\":\"https:\/\/elregionalvm.com.ar\/noticias-villa-maria\/television-y-poder-mentira-la-verdad-el-caso-del-escritor-que-nunca-existio\/#primaryimage\",\"url\":\"https:\/\/i0.wp.com\/elregionalvm.com.ar\/noticias-villa-maria\/wp-content\/uploads\/2024\/03\/Caparros-Dorio-escritor-inventado.jpg?fit=801%2C648&ssl=1\",\"contentUrl\":\"https:\/\/i0.wp.com\/elregionalvm.com.ar\/noticias-villa-maria\/wp-content\/uploads\/2024\/03\/Caparros-Dorio-escritor-inventado.jpg?fit=801%2C648&ssl=1\",\"width\":801,\"height\":648},{\"@type\":\"BreadcrumbList\",\"@id\":\"https:\/\/elregionalvm.com.ar\/noticias-villa-maria\/television-y-poder-mentira-la-verdad-el-caso-del-escritor-que-nunca-existio\/#breadcrumb\",\"itemListElement\":[{\"@type\":\"ListItem\",\"position\":1,\"name\":\"Portada\",\"item\":\"https:\/\/elregionalvm.com.ar\/noticias-villa-maria\/\"},{\"@type\":\"ListItem\",\"position\":2,\"name\":\"Televisi\u00f3n y poder, mentira la verdad: El caso del escritor que nunca existi\u00f3\"}]},{\"@type\":\"WebSite\",\"@id\":\"http:\/\/elregionalvm.com.ar\/noticias-villa-maria\/#website\",\"url\":\"http:\/\/elregionalvm.com.ar\/noticias-villa-maria\/\",\"name\":\"El Regional\",\"description\":\"Mucho m\u00e1s que informaci\u00f3n\",\"potentialAction\":[{\"@type\":\"SearchAction\",\"target\":{\"@type\":\"EntryPoint\",\"urlTemplate\":\"http:\/\/elregionalvm.com.ar\/noticias-villa-maria\/?s={search_term_string}\"},\"query-input\":{\"@type\":\"PropertyValueSpecification\",\"valueRequired\":true,\"valueName\":\"search_term_string\"}}],\"inLanguage\":\"es\"},{\"@type\":\"Person\",\"@id\":\"http:\/\/elregionalvm.com.ar\/noticias-villa-maria\/#\/schema\/person\/a0fb9c422317faca23d50163151bc354\",\"name\":\"Contenidos El Regional\",\"image\":{\"@type\":\"ImageObject\",\"inLanguage\":\"es\",\"@id\":\"http:\/\/elregionalvm.com.ar\/noticias-villa-maria\/#\/schema\/person\/image\/\",\"url\":\"https:\/\/secure.gravatar.com\/avatar\/265b27cb2209af7bb3a1318f03305787d7981a5cc6e6cd08fe5a4ecdf99d4b48?s=96&d=mm&r=g\",\"contentUrl\":\"https:\/\/secure.gravatar.com\/avatar\/265b27cb2209af7bb3a1318f03305787d7981a5cc6e6cd08fe5a4ecdf99d4b48?s=96&d=mm&r=g\",\"caption\":\"Contenidos El Regional\"},\"url\":\"https:\/\/elregionalvm.com.ar\/noticias-villa-maria\/author\/contenido\/\"}]}<\/script>\n<!-- \/ Yoast SEO plugin. -->","yoast_head_json":{"title":"Televisi\u00f3n y poder, mentira la verdad: El caso del escritor que nunca existi\u00f3 - El Regional","robots":{"index":"index","follow":"follow","max-snippet":"max-snippet:-1","max-image-preview":"max-image-preview:large","max-video-preview":"max-video-preview:-1"},"canonical":"https:\/\/elregionalvm.com.ar\/noticias-villa-maria\/television-y-poder-mentira-la-verdad-el-caso-del-escritor-que-nunca-existio\/","og_locale":"es_ES","og_type":"article","og_title":"Televisi\u00f3n y poder, mentira la verdad: El caso del escritor que nunca existi\u00f3 - El Regional","og_description":"El 6 de noviembre de 1988, por el Canal 13 se emit\u00eda el programa \u00abEl monitor argentino\u00bb dedicado a la memoria del escritor argentino Jos\u00e9 M\u00e1ximo Balbastro provocando un furor por su obra, rese\u00f1as en diarios y notas en otros programas, algo curioso siendo que ese escritor no exist\u00eda. El programa era conducido por Jorge [&hellip;]","og_url":"https:\/\/elregionalvm.com.ar\/noticias-villa-maria\/television-y-poder-mentira-la-verdad-el-caso-del-escritor-que-nunca-existio\/","og_site_name":"El Regional","article_publisher":"https:\/\/www.facebook.com\/elregionalvm","article_published_time":"2024-03-22T02:05:58+00:00","article_modified_time":"2024-03-26T03:15:20+00:00","og_image":[{"width":801,"height":648,"url":"https:\/\/elregionalvm.com.ar\/noticias-villa-maria\/wp-content\/uploads\/2024\/03\/Caparros-Dorio-escritor-inventado.jpg","type":"image\/jpeg"}],"author":"Contenidos El Regional","twitter_card":"summary_large_image","twitter_creator":"@elregionalvm1","twitter_site":"@elregionalvm1","twitter_misc":{"Escrito por":"Contenidos El Regional","Tiempo de lectura":"3 minutos"},"schema":{"@context":"https:\/\/schema.org","@graph":[{"@type":"Article","@id":"https:\/\/elregionalvm.com.ar\/noticias-villa-maria\/television-y-poder-mentira-la-verdad-el-caso-del-escritor-que-nunca-existio\/#article","isPartOf":{"@id":"https:\/\/elregionalvm.com.ar\/noticias-villa-maria\/television-y-poder-mentira-la-verdad-el-caso-del-escritor-que-nunca-existio\/"},"author":{"name":"Contenidos El Regional","@id":"http:\/\/elregionalvm.com.ar\/noticias-villa-maria\/#\/schema\/person\/a0fb9c422317faca23d50163151bc354"},"headline":"Televisi\u00f3n y poder, mentira la verdad: El caso del escritor que nunca existi\u00f3","datePublished":"2024-03-22T02:05:58+00:00","dateModified":"2024-03-26T03:15:20+00:00","mainEntityOfPage":{"@id":"https:\/\/elregionalvm.com.ar\/noticias-villa-maria\/television-y-poder-mentira-la-verdad-el-caso-del-escritor-que-nunca-existio\/"},"wordCount":448,"commentCount":0,"image":{"@id":"https:\/\/elregionalvm.com.ar\/noticias-villa-maria\/television-y-poder-mentira-la-verdad-el-caso-del-escritor-que-nunca-existio\/#primaryimage"},"thumbnailUrl":"https:\/\/i0.wp.com\/elregionalvm.com.ar\/noticias-villa-maria\/wp-content\/uploads\/2024\/03\/Caparros-Dorio-escritor-inventado.jpg?fit=801%2C648&ssl=1","keywords":["Cultura","El monitor argentino","escritor","Jorge Dorio","Jos\u00e9 M\u00e1ximo Balbastro","Mart\u00edn Caparr\u00f3s","Mentira","poder","televisi\u00f3n","Verdad"],"articleSection":["Historias","tercera"],"inLanguage":"es","potentialAction":[{"@type":"CommentAction","name":"Comment","target":["https:\/\/elregionalvm.com.ar\/noticias-villa-maria\/television-y-poder-mentira-la-verdad-el-caso-del-escritor-que-nunca-existio\/#respond"]}]},{"@type":"WebPage","@id":"https:\/\/elregionalvm.com.ar\/noticias-villa-maria\/television-y-poder-mentira-la-verdad-el-caso-del-escritor-que-nunca-existio\/","url":"https:\/\/elregionalvm.com.ar\/noticias-villa-maria\/television-y-poder-mentira-la-verdad-el-caso-del-escritor-que-nunca-existio\/","name":"Televisi\u00f3n y poder, mentira la verdad: El caso del escritor que nunca existi\u00f3 - El Regional","isPartOf":{"@id":"http:\/\/elregionalvm.com.ar\/noticias-villa-maria\/#website"},"primaryImageOfPage":{"@id":"https:\/\/elregionalvm.com.ar\/noticias-villa-maria\/television-y-poder-mentira-la-verdad-el-caso-del-escritor-que-nunca-existio\/#primaryimage"},"image":{"@id":"https:\/\/elregionalvm.com.ar\/noticias-villa-maria\/television-y-poder-mentira-la-verdad-el-caso-del-escritor-que-nunca-existio\/#primaryimage"},"thumbnailUrl":"https:\/\/i0.wp.com\/elregionalvm.com.ar\/noticias-villa-maria\/wp-content\/uploads\/2024\/03\/Caparros-Dorio-escritor-inventado.jpg?fit=801%2C648&ssl=1","datePublished":"2024-03-22T02:05:58+00:00","dateModified":"2024-03-26T03:15:20+00:00","author":{"@id":"http:\/\/elregionalvm.com.ar\/noticias-villa-maria\/#\/schema\/person\/a0fb9c422317faca23d50163151bc354"},"breadcrumb":{"@id":"https:\/\/elregionalvm.com.ar\/noticias-villa-maria\/television-y-poder-mentira-la-verdad-el-caso-del-escritor-que-nunca-existio\/#breadcrumb"},"inLanguage":"es","potentialAction":[{"@type":"ReadAction","target":["https:\/\/elregionalvm.com.ar\/noticias-villa-maria\/television-y-poder-mentira-la-verdad-el-caso-del-escritor-que-nunca-existio\/"]}]},{"@type":"ImageObject","inLanguage":"es","@id":"https:\/\/elregionalvm.com.ar\/noticias-villa-maria\/television-y-poder-mentira-la-verdad-el-caso-del-escritor-que-nunca-existio\/#primaryimage","url":"https:\/\/i0.wp.com\/elregionalvm.com.ar\/noticias-villa-maria\/wp-content\/uploads\/2024\/03\/Caparros-Dorio-escritor-inventado.jpg?fit=801%2C648&ssl=1","contentUrl":"https:\/\/i0.wp.com\/elregionalvm.com.ar\/noticias-villa-maria\/wp-content\/uploads\/2024\/03\/Caparros-Dorio-escritor-inventado.jpg?fit=801%2C648&ssl=1","width":801,"height":648},{"@type":"BreadcrumbList","@id":"https:\/\/elregionalvm.com.ar\/noticias-villa-maria\/television-y-poder-mentira-la-verdad-el-caso-del-escritor-que-nunca-existio\/#breadcrumb","itemListElement":[{"@type":"ListItem","position":1,"name":"Portada","item":"https:\/\/elregionalvm.com.ar\/noticias-villa-maria\/"},{"@type":"ListItem","position":2,"name":"Televisi\u00f3n y poder, mentira la verdad: El caso del escritor que nunca existi\u00f3"}]},{"@type":"WebSite","@id":"http:\/\/elregionalvm.com.ar\/noticias-villa-maria\/#website","url":"http:\/\/elregionalvm.com.ar\/noticias-villa-maria\/","name":"El Regional","description":"Mucho m\u00e1s que informaci\u00f3n","potentialAction":[{"@type":"SearchAction","target":{"@type":"EntryPoint","urlTemplate":"http:\/\/elregionalvm.com.ar\/noticias-villa-maria\/?s={search_term_string}"},"query-input":{"@type":"PropertyValueSpecification","valueRequired":true,"valueName":"search_term_string"}}],"inLanguage":"es"},{"@type":"Person","@id":"http:\/\/elregionalvm.com.ar\/noticias-villa-maria\/#\/schema\/person\/a0fb9c422317faca23d50163151bc354","name":"Contenidos El Regional","image":{"@type":"ImageObject","inLanguage":"es","@id":"http:\/\/elregionalvm.com.ar\/noticias-villa-maria\/#\/schema\/person\/image\/","url":"https:\/\/secure.gravatar.com\/avatar\/265b27cb2209af7bb3a1318f03305787d7981a5cc6e6cd08fe5a4ecdf99d4b48?s=96&d=mm&r=g","contentUrl":"https:\/\/secure.gravatar.com\/avatar\/265b27cb2209af7bb3a1318f03305787d7981a5cc6e6cd08fe5a4ecdf99d4b48?s=96&d=mm&r=g","caption":"Contenidos El Regional"},"url":"https:\/\/elregionalvm.com.ar\/noticias-villa-maria\/author\/contenido\/"}]}},"jetpack_featured_media_url":"https:\/\/i0.wp.com\/elregionalvm.com.ar\/noticias-villa-maria\/wp-content\/uploads\/2024\/03\/Caparros-Dorio-escritor-inventado.jpg?fit=801%2C648&ssl=1","jetpack_sharing_enabled":true,"_links":{"self":[{"href":"https:\/\/elregionalvm.com.ar\/noticias-villa-maria\/wp-json\/wp\/v2\/posts\/91619","targetHints":{"allow":["GET"]}}],"collection":[{"href":"https:\/\/elregionalvm.com.ar\/noticias-villa-maria\/wp-json\/wp\/v2\/posts"}],"about":[{"href":"https:\/\/elregionalvm.com.ar\/noticias-villa-maria\/wp-json\/wp\/v2\/types\/post"}],"author":[{"embeddable":true,"href":"https:\/\/elregionalvm.com.ar\/noticias-villa-maria\/wp-json\/wp\/v2\/users\/4"}],"replies":[{"embeddable":true,"href":"https:\/\/elregionalvm.com.ar\/noticias-villa-maria\/wp-json\/wp\/v2\/comments?post=91619"}],"version-history":[{"count":2,"href":"https:\/\/elregionalvm.com.ar\/noticias-villa-maria\/wp-json\/wp\/v2\/posts\/91619\/revisions"}],"predecessor-version":[{"id":91624,"href":"https:\/\/elregionalvm.com.ar\/noticias-villa-maria\/wp-json\/wp\/v2\/posts\/91619\/revisions\/91624"}],"wp:featuredmedia":[{"embeddable":true,"href":"https:\/\/elregionalvm.com.ar\/noticias-villa-maria\/wp-json\/wp\/v2\/media\/91621"}],"wp:attachment":[{"href":"https:\/\/elregionalvm.com.ar\/noticias-villa-maria\/wp-json\/wp\/v2\/media?parent=91619"}],"wp:term":[{"taxonomy":"category","embeddable":true,"href":"https:\/\/elregionalvm.com.ar\/noticias-villa-maria\/wp-json\/wp\/v2\/categories?post=91619"},{"taxonomy":"post_tag","embeddable":true,"href":"https:\/\/elregionalvm.com.ar\/noticias-villa-maria\/wp-json\/wp\/v2\/tags?post=91619"}],"curies":[{"name":"wp","href":"https:\/\/api.w.org\/{rel}","templated":true}]}}