{"id":91640,"date":"2024-03-22T17:21:00","date_gmt":"2024-03-22T17:21:00","guid":{"rendered":"https:\/\/elregionalvm.com.ar\/noticias-villa-maria\/?p=91640"},"modified":"2024-03-25T01:45:16","modified_gmt":"2024-03-25T01:45:16","slug":"el-intendente-ignacio-tagni-participo-de-las-actividades-por-el-dia-internacional-del-sindrome-de-down","status":"publish","type":"post","link":"https:\/\/elregionalvm.com.ar\/noticias-villa-maria\/el-intendente-ignacio-tagni-participo-de-las-actividades-por-el-dia-internacional-del-sindrome-de-down\/","title":{"rendered":"El intendente Ignacio Tagni particip\u00f3 de las actividades por el D\u00eda Internacional del S\u00edndrome de Down"},"content":{"rendered":"\n<p>Fue una jornada de sensibilizaci\u00f3n en la que se realizaron actividades art\u00edsticas y recreativas y adem\u00e1s se comparti\u00f3 una merienda entre los vecinos y vecinas presentes.<\/p>\n\n\n\n<figure class=\"wp-block-image size-large is-resized\"><img data-recalc-dims=\"1\" fetchpriority=\"high\" decoding=\"async\" width=\"1024\" height=\"683\" src=\"https:\/\/i0.wp.com\/elregionalvm.com.ar\/noticias-villa-maria\/wp-content\/uploads\/2024\/03\/WhatsApp-Image-2024-03-21-at-8.57.11-PM.jpeg?resize=1024%2C683&#038;ssl=1\" alt=\"\" class=\"wp-image-91642\" style=\"width:669px;height:auto\" srcset=\"https:\/\/i0.wp.com\/elregionalvm.com.ar\/noticias-villa-maria\/wp-content\/uploads\/2024\/03\/WhatsApp-Image-2024-03-21-at-8.57.11-PM.jpeg?resize=1024%2C683&amp;ssl=1 1024w, https:\/\/i0.wp.com\/elregionalvm.com.ar\/noticias-villa-maria\/wp-content\/uploads\/2024\/03\/WhatsApp-Image-2024-03-21-at-8.57.11-PM.jpeg?resize=300%2C200&amp;ssl=1 300w, https:\/\/i0.wp.com\/elregionalvm.com.ar\/noticias-villa-maria\/wp-content\/uploads\/2024\/03\/WhatsApp-Image-2024-03-21-at-8.57.11-PM.jpeg?resize=768%2C512&amp;ssl=1 768w, https:\/\/i0.wp.com\/elregionalvm.com.ar\/noticias-villa-maria\/wp-content\/uploads\/2024\/03\/WhatsApp-Image-2024-03-21-at-8.57.11-PM.jpeg?resize=1536%2C1024&amp;ssl=1 1536w, https:\/\/i0.wp.com\/elregionalvm.com.ar\/noticias-villa-maria\/wp-content\/uploads\/2024\/03\/WhatsApp-Image-2024-03-21-at-8.57.11-PM.jpeg?w=1599&amp;ssl=1 1599w\" sizes=\"(max-width: 1000px) 100vw, 1000px\" \/><\/figure>\n\n\n\n<figure class=\"wp-block-image size-large\"><img data-recalc-dims=\"1\" decoding=\"async\" width=\"1024\" height=\"683\" src=\"https:\/\/i0.wp.com\/elregionalvm.com.ar\/noticias-villa-maria\/wp-content\/uploads\/2024\/03\/WhatsApp-Image-2024-03-21-at-8.57.10-PM.jpeg?resize=1024%2C683&#038;ssl=1\" alt=\"\" class=\"wp-image-91643\" srcset=\"https:\/\/i0.wp.com\/elregionalvm.com.ar\/noticias-villa-maria\/wp-content\/uploads\/2024\/03\/WhatsApp-Image-2024-03-21-at-8.57.10-PM.jpeg?resize=1024%2C683&amp;ssl=1 1024w, https:\/\/i0.wp.com\/elregionalvm.com.ar\/noticias-villa-maria\/wp-content\/uploads\/2024\/03\/WhatsApp-Image-2024-03-21-at-8.57.10-PM.jpeg?resize=300%2C200&amp;ssl=1 300w, https:\/\/i0.wp.com\/elregionalvm.com.ar\/noticias-villa-maria\/wp-content\/uploads\/2024\/03\/WhatsApp-Image-2024-03-21-at-8.57.10-PM.jpeg?resize=768%2C512&amp;ssl=1 768w, https:\/\/i0.wp.com\/elregionalvm.com.ar\/noticias-villa-maria\/wp-content\/uploads\/2024\/03\/WhatsApp-Image-2024-03-21-at-8.57.10-PM.jpeg?resize=1536%2C1024&amp;ssl=1 1536w, https:\/\/i0.wp.com\/elregionalvm.com.ar\/noticias-villa-maria\/wp-content\/uploads\/2024\/03\/WhatsApp-Image-2024-03-21-at-8.57.10-PM.jpeg?w=1599&amp;ssl=1 1599w\" sizes=\"(max-width: 1000px) 100vw, 1000px\" \/><\/figure>\n\n\n\n<p>Participaron del encuentro adem\u00e1s del Intendente Tagni, la Coordinadora del<br>Hospital Comunitario Lucrecia Calstrom, representantes del \u00c1rea de Discapacidad y familias villanovenses<\/p>\n","protected":false},"excerpt":{"rendered":"<p>Fue una jornada de sensibilizaci\u00f3n en la que se realizaron actividades art\u00edsticas y recreativas y adem\u00e1s se comparti\u00f3 una merienda entre los vecinos y vecinas presentes. Participaron del encuentro adem\u00e1s del Intendente Tagni, la Coordinadora delHospital Comunitario Lucrecia Calstrom, representantes del \u00c1rea de Discapacidad y familias villanovenses<\/p>\n","protected":false},"author":4,"featured_media":91641,"comment_status":"open","ping_status":"open","sticky":false,"template":"","format":"standard","meta":{"site-sidebar-layout":"default","site-content-layout":"","ast-site-content-layout":"default","site-content-style":"default","site-sidebar-style":"default","ast-global-header-display":"","ast-banner-title-visibility":"","ast-main-header-display":"","ast-hfb-above-header-display":"","ast-hfb-below-header-display":"","ast-hfb-mobile-header-display":"","site-post-title":"","ast-breadcrumbs-content":"","ast-featured-img":"","footer-sml-layout":"","ast-disable-related-posts":"","theme-transparent-header-meta":"","adv-header-id-meta":"","stick-header-meta":"","header-above-stick-meta":"","header-main-stick-meta":"","header-below-stick-meta":"","astra-migrate-meta-layouts":"set","ast-page-background-enabled":"default","ast-page-background-meta":{"desktop":{"background-color":"","background-image":"","background-repeat":"repeat","background-position":"center center","background-size":"auto","background-attachment":"scroll","background-type":"","background-media":"","overlay-type":"","overlay-color":"","overlay-opacity":"","overlay-gradient":""},"tablet":{"background-color":"","background-image":"","background-repeat":"repeat","background-position":"center center","background-size":"auto","background-attachment":"scroll","background-type":"","background-media":"","overlay-type":"","overlay-color":"","overlay-opacity":"","overlay-gradient":""},"mobile":{"background-color":"","background-image":"","background-repeat":"repeat","background-position":"center center","background-size":"auto","background-attachment":"scroll","background-type":"","background-media":"","overlay-type":"","overlay-color":"","overlay-opacity":"","overlay-gradient":""}},"ast-content-background-meta":{"desktop":{"background-color":"var(--ast-global-color-5)","background-image":"","background-repeat":"repeat","background-position":"center center","background-size":"auto","background-attachment":"scroll","background-type":"","background-media":"","overlay-type":"","overlay-color":"","overlay-opacity":"","overlay-gradient":""},"tablet":{"background-color":"var(--ast-global-color-5)","background-image":"","background-repeat":"repeat","background-position":"center center","background-size":"auto","background-attachment":"scroll","background-type":"","background-media":"","overlay-type":"","overlay-color":"","overlay-opacity":"","overlay-gradient":""},"mobile":{"background-color":"var(--ast-global-color-5)","background-image":"","background-repeat":"repeat","background-position":"center center","background-size":"auto","background-attachment":"scroll","background-type":"","background-media":"","overlay-type":"","overlay-color":"","overlay-opacity":"","overlay-gradient":""}},"_jetpack_memberships_contains_paid_content":false,"_joinchat":[],"footnotes":""},"categories":[5,1408],"tags":[],"class_list":["post-91640","post","type-post","status-publish","format-standard","has-post-thumbnail","hentry","category-sociedad","category-villa-nueva"],"yoast_head":"<!-- This site is optimized with the Yoast SEO plugin v26.8 - https:\/\/yoast.com\/product\/yoast-seo-wordpress\/ -->\n<title>El intendente Ignacio Tagni particip\u00f3 de las actividades por el D\u00eda Internacional del S\u00edndrome de Down - El Regional<\/title>\n<meta name=\"robots\" content=\"index, follow, max-snippet:-1, max-image-preview:large, max-video-preview:-1\" \/>\n<link rel=\"canonical\" href=\"https:\/\/elregionalvm.com.ar\/noticias-villa-maria\/el-intendente-ignacio-tagni-participo-de-las-actividades-por-el-dia-internacional-del-sindrome-de-down\/\" \/>\n<meta property=\"og:locale\" content=\"es_ES\" \/>\n<meta property=\"og:type\" content=\"article\" \/>\n<meta property=\"og:title\" content=\"El intendente Ignacio Tagni particip\u00f3 de las actividades por el D\u00eda Internacional del S\u00edndrome de Down - El Regional\" \/>\n<meta property=\"og:description\" content=\"Fue una jornada de sensibilizaci\u00f3n en la que se realizaron actividades art\u00edsticas y recreativas y adem\u00e1s se comparti\u00f3 una merienda entre los vecinos y vecinas presentes. Participaron del encuentro adem\u00e1s del Intendente Tagni, la Coordinadora delHospital Comunitario Lucrecia Calstrom, representantes del \u00c1rea de Discapacidad y familias villanovenses\" \/>\n<meta property=\"og:url\" content=\"https:\/\/elregionalvm.com.ar\/noticias-villa-maria\/el-intendente-ignacio-tagni-participo-de-las-actividades-por-el-dia-internacional-del-sindrome-de-down\/\" \/>\n<meta property=\"og:site_name\" content=\"El Regional\" \/>\n<meta property=\"article:publisher\" content=\"https:\/\/www.facebook.com\/elregionalvm\" \/>\n<meta property=\"article:published_time\" content=\"2024-03-22T17:21:00+00:00\" \/>\n<meta property=\"article:modified_time\" content=\"2024-03-25T01:45:16+00:00\" \/>\n<meta property=\"og:image\" content=\"https:\/\/elregionalvm.com.ar\/noticias-villa-maria\/wp-content\/uploads\/2024\/03\/WhatsApp-Image-2024-03-21-at-8.57.12-PM.jpeg\" \/>\n\t<meta property=\"og:image:width\" content=\"1599\" \/>\n\t<meta property=\"og:image:height\" content=\"1066\" \/>\n\t<meta property=\"og:image:type\" content=\"image\/jpeg\" \/>\n<meta name=\"author\" content=\"Contenidos El Regional\" \/>\n<meta name=\"twitter:card\" content=\"summary_large_image\" \/>\n<meta name=\"twitter:creator\" content=\"@elregionalvm1\" \/>\n<meta name=\"twitter:site\" content=\"@elregionalvm1\" \/>\n<meta name=\"twitter:label1\" content=\"Escrito por\" \/>\n\t<meta name=\"twitter:data1\" content=\"Contenidos El Regional\" \/>\n\t<meta name=\"twitter:label2\" content=\"Tiempo de lectura\" \/>\n\t<meta name=\"twitter:data2\" content=\"1 minuto\" \/>\n<script type=\"application\/ld+json\" class=\"yoast-schema-graph\">{\"@context\":\"https:\/\/schema.org\",\"@graph\":[{\"@type\":\"Article\",\"@id\":\"https:\/\/elregionalvm.com.ar\/noticias-villa-maria\/el-intendente-ignacio-tagni-participo-de-las-actividades-por-el-dia-internacional-del-sindrome-de-down\/#article\",\"isPartOf\":{\"@id\":\"https:\/\/elregionalvm.com.ar\/noticias-villa-maria\/el-intendente-ignacio-tagni-participo-de-las-actividades-por-el-dia-internacional-del-sindrome-de-down\/\"},\"author\":{\"name\":\"Contenidos El Regional\",\"@id\":\"http:\/\/elregionalvm.com.ar\/noticias-villa-maria\/#\/schema\/person\/a0fb9c422317faca23d50163151bc354\"},\"headline\":\"El intendente Ignacio Tagni particip\u00f3 de las actividades por el D\u00eda Internacional del S\u00edndrome de Down\",\"datePublished\":\"2024-03-22T17:21:00+00:00\",\"dateModified\":\"2024-03-25T01:45:16+00:00\",\"mainEntityOfPage\":{\"@id\":\"https:\/\/elregionalvm.com.ar\/noticias-villa-maria\/el-intendente-ignacio-tagni-participo-de-las-actividades-por-el-dia-internacional-del-sindrome-de-down\/\"},\"wordCount\":69,\"commentCount\":0,\"image\":{\"@id\":\"https:\/\/elregionalvm.com.ar\/noticias-villa-maria\/el-intendente-ignacio-tagni-participo-de-las-actividades-por-el-dia-internacional-del-sindrome-de-down\/#primaryimage\"},\"thumbnailUrl\":\"https:\/\/i0.wp.com\/elregionalvm.com.ar\/noticias-villa-maria\/wp-content\/uploads\/2024\/03\/WhatsApp-Image-2024-03-21-at-8.57.12-PM.jpeg?fit=1599%2C1066&ssl=1\",\"articleSection\":[\"Sociedad\",\"Villa Nueva\"],\"inLanguage\":\"es\",\"potentialAction\":[{\"@type\":\"CommentAction\",\"name\":\"Comment\",\"target\":[\"https:\/\/elregionalvm.com.ar\/noticias-villa-maria\/el-intendente-ignacio-tagni-participo-de-las-actividades-por-el-dia-internacional-del-sindrome-de-down\/#respond\"]}]},{\"@type\":\"WebPage\",\"@id\":\"https:\/\/elregionalvm.com.ar\/noticias-villa-maria\/el-intendente-ignacio-tagni-participo-de-las-actividades-por-el-dia-internacional-del-sindrome-de-down\/\",\"url\":\"https:\/\/elregionalvm.com.ar\/noticias-villa-maria\/el-intendente-ignacio-tagni-participo-de-las-actividades-por-el-dia-internacional-del-sindrome-de-down\/\",\"name\":\"El intendente Ignacio Tagni particip\u00f3 de las actividades por el D\u00eda Internacional del S\u00edndrome de Down - El Regional\",\"isPartOf\":{\"@id\":\"http:\/\/elregionalvm.com.ar\/noticias-villa-maria\/#website\"},\"primaryImageOfPage\":{\"@id\":\"https:\/\/elregionalvm.com.ar\/noticias-villa-maria\/el-intendente-ignacio-tagni-participo-de-las-actividades-por-el-dia-internacional-del-sindrome-de-down\/#primaryimage\"},\"image\":{\"@id\":\"https:\/\/elregionalvm.com.ar\/noticias-villa-maria\/el-intendente-ignacio-tagni-participo-de-las-actividades-por-el-dia-internacional-del-sindrome-de-down\/#primaryimage\"},\"thumbnailUrl\":\"https:\/\/i0.wp.com\/elregionalvm.com.ar\/noticias-villa-maria\/wp-content\/uploads\/2024\/03\/WhatsApp-Image-2024-03-21-at-8.57.12-PM.jpeg?fit=1599%2C1066&ssl=1\",\"datePublished\":\"2024-03-22T17:21:00+00:00\",\"dateModified\":\"2024-03-25T01:45:16+00:00\",\"author\":{\"@id\":\"http:\/\/elregionalvm.com.ar\/noticias-villa-maria\/#\/schema\/person\/a0fb9c422317faca23d50163151bc354\"},\"breadcrumb\":{\"@id\":\"https:\/\/elregionalvm.com.ar\/noticias-villa-maria\/el-intendente-ignacio-tagni-participo-de-las-actividades-por-el-dia-internacional-del-sindrome-de-down\/#breadcrumb\"},\"inLanguage\":\"es\",\"potentialAction\":[{\"@type\":\"ReadAction\",\"target\":[\"https:\/\/elregionalvm.com.ar\/noticias-villa-maria\/el-intendente-ignacio-tagni-participo-de-las-actividades-por-el-dia-internacional-del-sindrome-de-down\/\"]}]},{\"@type\":\"ImageObject\",\"inLanguage\":\"es\",\"@id\":\"https:\/\/elregionalvm.com.ar\/noticias-villa-maria\/el-intendente-ignacio-tagni-participo-de-las-actividades-por-el-dia-internacional-del-sindrome-de-down\/#primaryimage\",\"url\":\"https:\/\/i0.wp.com\/elregionalvm.com.ar\/noticias-villa-maria\/wp-content\/uploads\/2024\/03\/WhatsApp-Image-2024-03-21-at-8.57.12-PM.jpeg?fit=1599%2C1066&ssl=1\",\"contentUrl\":\"https:\/\/i0.wp.com\/elregionalvm.com.ar\/noticias-villa-maria\/wp-content\/uploads\/2024\/03\/WhatsApp-Image-2024-03-21-at-8.57.12-PM.jpeg?fit=1599%2C1066&ssl=1\",\"width\":1599,\"height\":1066},{\"@type\":\"BreadcrumbList\",\"@id\":\"https:\/\/elregionalvm.com.ar\/noticias-villa-maria\/el-intendente-ignacio-tagni-participo-de-las-actividades-por-el-dia-internacional-del-sindrome-de-down\/#breadcrumb\",\"itemListElement\":[{\"@type\":\"ListItem\",\"position\":1,\"name\":\"Portada\",\"item\":\"https:\/\/elregionalvm.com.ar\/noticias-villa-maria\/\"},{\"@type\":\"ListItem\",\"position\":2,\"name\":\"El intendente Ignacio Tagni particip\u00f3 de las actividades por el D\u00eda Internacional del S\u00edndrome de Down\"}]},{\"@type\":\"WebSite\",\"@id\":\"http:\/\/elregionalvm.com.ar\/noticias-villa-maria\/#website\",\"url\":\"http:\/\/elregionalvm.com.ar\/noticias-villa-maria\/\",\"name\":\"El Regional\",\"description\":\"Mucho m\u00e1s que informaci\u00f3n\",\"potentialAction\":[{\"@type\":\"SearchAction\",\"target\":{\"@type\":\"EntryPoint\",\"urlTemplate\":\"http:\/\/elregionalvm.com.ar\/noticias-villa-maria\/?s={search_term_string}\"},\"query-input\":{\"@type\":\"PropertyValueSpecification\",\"valueRequired\":true,\"valueName\":\"search_term_string\"}}],\"inLanguage\":\"es\"},{\"@type\":\"Person\",\"@id\":\"http:\/\/elregionalvm.com.ar\/noticias-villa-maria\/#\/schema\/person\/a0fb9c422317faca23d50163151bc354\",\"name\":\"Contenidos El Regional\",\"image\":{\"@type\":\"ImageObject\",\"inLanguage\":\"es\",\"@id\":\"http:\/\/elregionalvm.com.ar\/noticias-villa-maria\/#\/schema\/person\/image\/\",\"url\":\"https:\/\/secure.gravatar.com\/avatar\/265b27cb2209af7bb3a1318f03305787d7981a5cc6e6cd08fe5a4ecdf99d4b48?s=96&d=mm&r=g\",\"contentUrl\":\"https:\/\/secure.gravatar.com\/avatar\/265b27cb2209af7bb3a1318f03305787d7981a5cc6e6cd08fe5a4ecdf99d4b48?s=96&d=mm&r=g\",\"caption\":\"Contenidos El Regional\"},\"url\":\"https:\/\/elregionalvm.com.ar\/noticias-villa-maria\/author\/contenido\/\"}]}<\/script>\n<!-- \/ Yoast SEO plugin. -->","yoast_head_json":{"title":"El intendente Ignacio Tagni particip\u00f3 de las actividades por el D\u00eda Internacional del S\u00edndrome de Down - El Regional","robots":{"index":"index","follow":"follow","max-snippet":"max-snippet:-1","max-image-preview":"max-image-preview:large","max-video-preview":"max-video-preview:-1"},"canonical":"https:\/\/elregionalvm.com.ar\/noticias-villa-maria\/el-intendente-ignacio-tagni-participo-de-las-actividades-por-el-dia-internacional-del-sindrome-de-down\/","og_locale":"es_ES","og_type":"article","og_title":"El intendente Ignacio Tagni particip\u00f3 de las actividades por el D\u00eda Internacional del S\u00edndrome de Down - El Regional","og_description":"Fue una jornada de sensibilizaci\u00f3n en la que se realizaron actividades art\u00edsticas y recreativas y adem\u00e1s se comparti\u00f3 una merienda entre los vecinos y vecinas presentes. Participaron del encuentro adem\u00e1s del Intendente Tagni, la Coordinadora delHospital Comunitario Lucrecia Calstrom, representantes del \u00c1rea de Discapacidad y familias villanovenses","og_url":"https:\/\/elregionalvm.com.ar\/noticias-villa-maria\/el-intendente-ignacio-tagni-participo-de-las-actividades-por-el-dia-internacional-del-sindrome-de-down\/","og_site_name":"El Regional","article_publisher":"https:\/\/www.facebook.com\/elregionalvm","article_published_time":"2024-03-22T17:21:00+00:00","article_modified_time":"2024-03-25T01:45:16+00:00","og_image":[{"width":1599,"height":1066,"url":"https:\/\/elregionalvm.com.ar\/noticias-villa-maria\/wp-content\/uploads\/2024\/03\/WhatsApp-Image-2024-03-21-at-8.57.12-PM.jpeg","type":"image\/jpeg"}],"author":"Contenidos El Regional","twitter_card":"summary_large_image","twitter_creator":"@elregionalvm1","twitter_site":"@elregionalvm1","twitter_misc":{"Escrito por":"Contenidos El Regional","Tiempo de lectura":"1 minuto"},"schema":{"@context":"https:\/\/schema.org","@graph":[{"@type":"Article","@id":"https:\/\/elregionalvm.com.ar\/noticias-villa-maria\/el-intendente-ignacio-tagni-participo-de-las-actividades-por-el-dia-internacional-del-sindrome-de-down\/#article","isPartOf":{"@id":"https:\/\/elregionalvm.com.ar\/noticias-villa-maria\/el-intendente-ignacio-tagni-participo-de-las-actividades-por-el-dia-internacional-del-sindrome-de-down\/"},"author":{"name":"Contenidos El Regional","@id":"http:\/\/elregionalvm.com.ar\/noticias-villa-maria\/#\/schema\/person\/a0fb9c422317faca23d50163151bc354"},"headline":"El intendente Ignacio Tagni particip\u00f3 de las actividades por el D\u00eda Internacional del S\u00edndrome de Down","datePublished":"2024-03-22T17:21:00+00:00","dateModified":"2024-03-25T01:45:16+00:00","mainEntityOfPage":{"@id":"https:\/\/elregionalvm.com.ar\/noticias-villa-maria\/el-intendente-ignacio-tagni-participo-de-las-actividades-por-el-dia-internacional-del-sindrome-de-down\/"},"wordCount":69,"commentCount":0,"image":{"@id":"https:\/\/elregionalvm.com.ar\/noticias-villa-maria\/el-intendente-ignacio-tagni-participo-de-las-actividades-por-el-dia-internacional-del-sindrome-de-down\/#primaryimage"},"thumbnailUrl":"https:\/\/i0.wp.com\/elregionalvm.com.ar\/noticias-villa-maria\/wp-content\/uploads\/2024\/03\/WhatsApp-Image-2024-03-21-at-8.57.12-PM.jpeg?fit=1599%2C1066&ssl=1","articleSection":["Sociedad","Villa Nueva"],"inLanguage":"es","potentialAction":[{"@type":"CommentAction","name":"Comment","target":["https:\/\/elregionalvm.com.ar\/noticias-villa-maria\/el-intendente-ignacio-tagni-participo-de-las-actividades-por-el-dia-internacional-del-sindrome-de-down\/#respond"]}]},{"@type":"WebPage","@id":"https:\/\/elregionalvm.com.ar\/noticias-villa-maria\/el-intendente-ignacio-tagni-participo-de-las-actividades-por-el-dia-internacional-del-sindrome-de-down\/","url":"https:\/\/elregionalvm.com.ar\/noticias-villa-maria\/el-intendente-ignacio-tagni-participo-de-las-actividades-por-el-dia-internacional-del-sindrome-de-down\/","name":"El intendente Ignacio Tagni particip\u00f3 de las actividades por el D\u00eda Internacional del S\u00edndrome de Down - El Regional","isPartOf":{"@id":"http:\/\/elregionalvm.com.ar\/noticias-villa-maria\/#website"},"primaryImageOfPage":{"@id":"https:\/\/elregionalvm.com.ar\/noticias-villa-maria\/el-intendente-ignacio-tagni-participo-de-las-actividades-por-el-dia-internacional-del-sindrome-de-down\/#primaryimage"},"image":{"@id":"https:\/\/elregionalvm.com.ar\/noticias-villa-maria\/el-intendente-ignacio-tagni-participo-de-las-actividades-por-el-dia-internacional-del-sindrome-de-down\/#primaryimage"},"thumbnailUrl":"https:\/\/i0.wp.com\/elregionalvm.com.ar\/noticias-villa-maria\/wp-content\/uploads\/2024\/03\/WhatsApp-Image-2024-03-21-at-8.57.12-PM.jpeg?fit=1599%2C1066&ssl=1","datePublished":"2024-03-22T17:21:00+00:00","dateModified":"2024-03-25T01:45:16+00:00","author":{"@id":"http:\/\/elregionalvm.com.ar\/noticias-villa-maria\/#\/schema\/person\/a0fb9c422317faca23d50163151bc354"},"breadcrumb":{"@id":"https:\/\/elregionalvm.com.ar\/noticias-villa-maria\/el-intendente-ignacio-tagni-participo-de-las-actividades-por-el-dia-internacional-del-sindrome-de-down\/#breadcrumb"},"inLanguage":"es","potentialAction":[{"@type":"ReadAction","target":["https:\/\/elregionalvm.com.ar\/noticias-villa-maria\/el-intendente-ignacio-tagni-participo-de-las-actividades-por-el-dia-internacional-del-sindrome-de-down\/"]}]},{"@type":"ImageObject","inLanguage":"es","@id":"https:\/\/elregionalvm.com.ar\/noticias-villa-maria\/el-intendente-ignacio-tagni-participo-de-las-actividades-por-el-dia-internacional-del-sindrome-de-down\/#primaryimage","url":"https:\/\/i0.wp.com\/elregionalvm.com.ar\/noticias-villa-maria\/wp-content\/uploads\/2024\/03\/WhatsApp-Image-2024-03-21-at-8.57.12-PM.jpeg?fit=1599%2C1066&ssl=1","contentUrl":"https:\/\/i0.wp.com\/elregionalvm.com.ar\/noticias-villa-maria\/wp-content\/uploads\/2024\/03\/WhatsApp-Image-2024-03-21-at-8.57.12-PM.jpeg?fit=1599%2C1066&ssl=1","width":1599,"height":1066},{"@type":"BreadcrumbList","@id":"https:\/\/elregionalvm.com.ar\/noticias-villa-maria\/el-intendente-ignacio-tagni-participo-de-las-actividades-por-el-dia-internacional-del-sindrome-de-down\/#breadcrumb","itemListElement":[{"@type":"ListItem","position":1,"name":"Portada","item":"https:\/\/elregionalvm.com.ar\/noticias-villa-maria\/"},{"@type":"ListItem","position":2,"name":"El intendente Ignacio Tagni particip\u00f3 de las actividades por el D\u00eda Internacional del S\u00edndrome de Down"}]},{"@type":"WebSite","@id":"http:\/\/elregionalvm.com.ar\/noticias-villa-maria\/#website","url":"http:\/\/elregionalvm.com.ar\/noticias-villa-maria\/","name":"El Regional","description":"Mucho m\u00e1s que informaci\u00f3n","potentialAction":[{"@type":"SearchAction","target":{"@type":"EntryPoint","urlTemplate":"http:\/\/elregionalvm.com.ar\/noticias-villa-maria\/?s={search_term_string}"},"query-input":{"@type":"PropertyValueSpecification","valueRequired":true,"valueName":"search_term_string"}}],"inLanguage":"es"},{"@type":"Person","@id":"http:\/\/elregionalvm.com.ar\/noticias-villa-maria\/#\/schema\/person\/a0fb9c422317faca23d50163151bc354","name":"Contenidos El Regional","image":{"@type":"ImageObject","inLanguage":"es","@id":"http:\/\/elregionalvm.com.ar\/noticias-villa-maria\/#\/schema\/person\/image\/","url":"https:\/\/secure.gravatar.com\/avatar\/265b27cb2209af7bb3a1318f03305787d7981a5cc6e6cd08fe5a4ecdf99d4b48?s=96&d=mm&r=g","contentUrl":"https:\/\/secure.gravatar.com\/avatar\/265b27cb2209af7bb3a1318f03305787d7981a5cc6e6cd08fe5a4ecdf99d4b48?s=96&d=mm&r=g","caption":"Contenidos El Regional"},"url":"https:\/\/elregionalvm.com.ar\/noticias-villa-maria\/author\/contenido\/"}]}},"jetpack_featured_media_url":"https:\/\/i0.wp.com\/elregionalvm.com.ar\/noticias-villa-maria\/wp-content\/uploads\/2024\/03\/WhatsApp-Image-2024-03-21-at-8.57.12-PM.jpeg?fit=1599%2C1066&ssl=1","jetpack_sharing_enabled":true,"_links":{"self":[{"href":"https:\/\/elregionalvm.com.ar\/noticias-villa-maria\/wp-json\/wp\/v2\/posts\/91640","targetHints":{"allow":["GET"]}}],"collection":[{"href":"https:\/\/elregionalvm.com.ar\/noticias-villa-maria\/wp-json\/wp\/v2\/posts"}],"about":[{"href":"https:\/\/elregionalvm.com.ar\/noticias-villa-maria\/wp-json\/wp\/v2\/types\/post"}],"author":[{"embeddable":true,"href":"https:\/\/elregionalvm.com.ar\/noticias-villa-maria\/wp-json\/wp\/v2\/users\/4"}],"replies":[{"embeddable":true,"href":"https:\/\/elregionalvm.com.ar\/noticias-villa-maria\/wp-json\/wp\/v2\/comments?post=91640"}],"version-history":[{"count":1,"href":"https:\/\/elregionalvm.com.ar\/noticias-villa-maria\/wp-json\/wp\/v2\/posts\/91640\/revisions"}],"predecessor-version":[{"id":91644,"href":"https:\/\/elregionalvm.com.ar\/noticias-villa-maria\/wp-json\/wp\/v2\/posts\/91640\/revisions\/91644"}],"wp:featuredmedia":[{"embeddable":true,"href":"https:\/\/elregionalvm.com.ar\/noticias-villa-maria\/wp-json\/wp\/v2\/media\/91641"}],"wp:attachment":[{"href":"https:\/\/elregionalvm.com.ar\/noticias-villa-maria\/wp-json\/wp\/v2\/media?parent=91640"}],"wp:term":[{"taxonomy":"category","embeddable":true,"href":"https:\/\/elregionalvm.com.ar\/noticias-villa-maria\/wp-json\/wp\/v2\/categories?post=91640"},{"taxonomy":"post_tag","embeddable":true,"href":"https:\/\/elregionalvm.com.ar\/noticias-villa-maria\/wp-json\/wp\/v2\/tags?post=91640"}],"curies":[{"name":"wp","href":"https:\/\/api.w.org\/{rel}","templated":true}]}}