{"id":91645,"date":"2024-03-22T17:28:05","date_gmt":"2024-03-22T17:28:05","guid":{"rendered":"https:\/\/elregionalvm.com.ar\/noticias-villa-maria\/?p=91645"},"modified":"2024-03-25T01:45:10","modified_gmt":"2024-03-25T01:45:10","slug":"sabado-megaoperativo-de-descacharreo-contra-el-dengue","status":"publish","type":"post","link":"https:\/\/elregionalvm.com.ar\/noticias-villa-maria\/sabado-megaoperativo-de-descacharreo-contra-el-dengue\/","title":{"rendered":"S\u00e1bado: megaoperativo de descacharreo contra el dengue"},"content":{"rendered":"\n<p>En el marco de la urgencia sanitaria por Dengue declarada por el Municipio, personal de la Secretar\u00eda de Infraestructura, Desarrollo Urbano y Ambiente, recorrer\u00e1 este s\u00e1bado, a partir de las 7 de la ma\u00f1ana, cuatro barrios de nuestra ciudad llevando adelante un amplio plan de descacharreo.<\/p>\n\n\n\n<p>Cabe destacar que personal del Corral\u00f3n Municipal y cooperativas de limpieza, contar\u00e1n con el apoyo de 6 palas cargadores, 3 semiemolques, 4 camiones y 4 contenedores.<\/p>\n\n\n\n<p>En este sentido, la acci\u00f3n prev\u00e9 recorrer los barrios San Mart\u00edn, Botta, San Nicol\u00e1s y Nicol\u00e1s Avellaneda.<\/p>\n\n\n\n<p>Se solicita a vecinos y vecinas que, desde la tarde del viernes hasta las 10 horas del s\u00e1bado, coloquen sobre la calle, frente a sus viviendas, baldes, latas, neum\u00e1ticos, macetas y otros objetos dom\u00e9sticos donde los mosquitos puedan depositar sus huevos y reproducirse.<\/p>\n\n\n\n<p>Tambi\u00e9n se recomienda limpiar frecuentemente elementos que puedan ser futuros criaderos, como floreros y bebederos de mascotas, y cortar el c\u00e9sped en sus domicilios. En caso de conservar ciertos recipientes, la recomendaci\u00f3n es darlos vuelta o taparlos para que no acumulen l\u00edquido.<\/p>\n\n\n\n<p>La especie de mosquito que contagia el Dengue es hogare\u00f1a, es decir, vive dentro de casas y departamentos; y pone huevos en recipientes con bordes lisos, donde se acumula agua o hay humedad.<\/p>\n\n\n\n<p>Por eso, el rol del vecino es esencial: eliminar estos criaderos es la forma m\u00e1s efectiva de evitar su proliferaci\u00f3n y as\u00ed reducir la poblaci\u00f3n, los riesgos de picadura y de contraer la enfermedad.<\/p>\n\n\n\n<p>Al Dengue lo prevenimos entre todos<\/p>\n","protected":false},"excerpt":{"rendered":"<p>En el marco de la urgencia sanitaria por Dengue declarada por el Municipio, personal de la Secretar\u00eda de Infraestructura, Desarrollo Urbano y Ambiente, recorrer\u00e1 este s\u00e1bado, a partir de las 7 de la ma\u00f1ana, cuatro barrios de nuestra ciudad llevando adelante un amplio plan de descacharreo. Cabe destacar que personal del Corral\u00f3n Municipal y cooperativas [&hellip;]<\/p>\n","protected":false},"author":4,"featured_media":91646,"comment_status":"open","ping_status":"open","sticky":false,"template":"","format":"standard","meta":{"site-sidebar-layout":"default","site-content-layout":"","ast-site-content-layout":"default","site-content-style":"default","site-sidebar-style":"default","ast-global-header-display":"","ast-banner-title-visibility":"","ast-main-header-display":"","ast-hfb-above-header-display":"","ast-hfb-below-header-display":"","ast-hfb-mobile-header-display":"","site-post-title":"","ast-breadcrumbs-content":"","ast-featured-img":"","footer-sml-layout":"","ast-disable-related-posts":"","theme-transparent-header-meta":"","adv-header-id-meta":"","stick-header-meta":"","header-above-stick-meta":"","header-main-stick-meta":"","header-below-stick-meta":"","astra-migrate-meta-layouts":"set","ast-page-background-enabled":"default","ast-page-background-meta":{"desktop":{"background-color":"","background-image":"","background-repeat":"repeat","background-position":"center center","background-size":"auto","background-attachment":"scroll","background-type":"","background-media":"","overlay-type":"","overlay-color":"","overlay-opacity":"","overlay-gradient":""},"tablet":{"background-color":"","background-image":"","background-repeat":"repeat","background-position":"center center","background-size":"auto","background-attachment":"scroll","background-type":"","background-media":"","overlay-type":"","overlay-color":"","overlay-opacity":"","overlay-gradient":""},"mobile":{"background-color":"","background-image":"","background-repeat":"repeat","background-position":"center center","background-size":"auto","background-attachment":"scroll","background-type":"","background-media":"","overlay-type":"","overlay-color":"","overlay-opacity":"","overlay-gradient":""}},"ast-content-background-meta":{"desktop":{"background-color":"var(--ast-global-color-5)","background-image":"","background-repeat":"repeat","background-position":"center center","background-size":"auto","background-attachment":"scroll","background-type":"","background-media":"","overlay-type":"","overlay-color":"","overlay-opacity":"","overlay-gradient":""},"tablet":{"background-color":"var(--ast-global-color-5)","background-image":"","background-repeat":"repeat","background-position":"center center","background-size":"auto","background-attachment":"scroll","background-type":"","background-media":"","overlay-type":"","overlay-color":"","overlay-opacity":"","overlay-gradient":""},"mobile":{"background-color":"var(--ast-global-color-5)","background-image":"","background-repeat":"repeat","background-position":"center center","background-size":"auto","background-attachment":"scroll","background-type":"","background-media":"","overlay-type":"","overlay-color":"","overlay-opacity":"","overlay-gradient":""}},"_jetpack_memberships_contains_paid_content":false,"_joinchat":[],"footnotes":""},"categories":[5,2],"tags":[],"class_list":["post-91645","post","type-post","status-publish","format-standard","has-post-thumbnail","hentry","category-sociedad","category-villa-maria"],"yoast_head":"<!-- This site is optimized with the Yoast SEO plugin v26.8 - https:\/\/yoast.com\/product\/yoast-seo-wordpress\/ -->\n<title>S\u00e1bado: megaoperativo de descacharreo contra el dengue - El Regional<\/title>\n<meta name=\"robots\" content=\"index, follow, max-snippet:-1, max-image-preview:large, max-video-preview:-1\" \/>\n<link rel=\"canonical\" href=\"https:\/\/elregionalvm.com.ar\/noticias-villa-maria\/sabado-megaoperativo-de-descacharreo-contra-el-dengue\/\" \/>\n<meta property=\"og:locale\" content=\"es_ES\" \/>\n<meta property=\"og:type\" content=\"article\" \/>\n<meta property=\"og:title\" content=\"S\u00e1bado: megaoperativo de descacharreo contra el dengue - El Regional\" \/>\n<meta property=\"og:description\" content=\"En el marco de la urgencia sanitaria por Dengue declarada por el Municipio, personal de la Secretar\u00eda de Infraestructura, Desarrollo Urbano y Ambiente, recorrer\u00e1 este s\u00e1bado, a partir de las 7 de la ma\u00f1ana, cuatro barrios de nuestra ciudad llevando adelante un amplio plan de descacharreo. Cabe destacar que personal del Corral\u00f3n Municipal y cooperativas [&hellip;]\" \/>\n<meta property=\"og:url\" content=\"https:\/\/elregionalvm.com.ar\/noticias-villa-maria\/sabado-megaoperativo-de-descacharreo-contra-el-dengue\/\" \/>\n<meta property=\"og:site_name\" content=\"El Regional\" \/>\n<meta property=\"article:publisher\" content=\"https:\/\/www.facebook.com\/elregionalvm\" \/>\n<meta property=\"article:published_time\" content=\"2024-03-22T17:28:05+00:00\" \/>\n<meta property=\"article:modified_time\" content=\"2024-03-25T01:45:10+00:00\" \/>\n<meta property=\"og:image\" content=\"https:\/\/elregionalvm.com.ar\/noticias-villa-maria\/wp-content\/uploads\/2024\/03\/WhatsApp-Image-2024-03-22-at-12.22.17-PM.jpeg\" \/>\n\t<meta property=\"og:image:width\" content=\"844\" \/>\n\t<meta property=\"og:image:height\" content=\"1503\" \/>\n\t<meta property=\"og:image:type\" content=\"image\/jpeg\" \/>\n<meta name=\"author\" content=\"Contenidos El Regional\" \/>\n<meta name=\"twitter:card\" content=\"summary_large_image\" \/>\n<meta name=\"twitter:creator\" content=\"@elregionalvm1\" \/>\n<meta name=\"twitter:site\" content=\"@elregionalvm1\" \/>\n<meta name=\"twitter:label1\" content=\"Escrito por\" \/>\n\t<meta name=\"twitter:data1\" content=\"Contenidos El Regional\" \/>\n\t<meta name=\"twitter:label2\" content=\"Tiempo de lectura\" \/>\n\t<meta name=\"twitter:data2\" content=\"2 minutos\" \/>\n<script type=\"application\/ld+json\" class=\"yoast-schema-graph\">{\"@context\":\"https:\/\/schema.org\",\"@graph\":[{\"@type\":\"Article\",\"@id\":\"https:\/\/elregionalvm.com.ar\/noticias-villa-maria\/sabado-megaoperativo-de-descacharreo-contra-el-dengue\/#article\",\"isPartOf\":{\"@id\":\"https:\/\/elregionalvm.com.ar\/noticias-villa-maria\/sabado-megaoperativo-de-descacharreo-contra-el-dengue\/\"},\"author\":{\"name\":\"Contenidos El Regional\",\"@id\":\"http:\/\/elregionalvm.com.ar\/noticias-villa-maria\/#\/schema\/person\/a0fb9c422317faca23d50163151bc354\"},\"headline\":\"S\u00e1bado: megaoperativo de descacharreo contra el dengue\",\"datePublished\":\"2024-03-22T17:28:05+00:00\",\"dateModified\":\"2024-03-25T01:45:10+00:00\",\"mainEntityOfPage\":{\"@id\":\"https:\/\/elregionalvm.com.ar\/noticias-villa-maria\/sabado-megaoperativo-de-descacharreo-contra-el-dengue\/\"},\"wordCount\":269,\"commentCount\":0,\"image\":{\"@id\":\"https:\/\/elregionalvm.com.ar\/noticias-villa-maria\/sabado-megaoperativo-de-descacharreo-contra-el-dengue\/#primaryimage\"},\"thumbnailUrl\":\"https:\/\/i0.wp.com\/elregionalvm.com.ar\/noticias-villa-maria\/wp-content\/uploads\/2024\/03\/WhatsApp-Image-2024-03-22-at-12.22.17-PM.jpeg?fit=844%2C1503&ssl=1\",\"articleSection\":[\"Sociedad\",\"Villa Mar\u00eda\"],\"inLanguage\":\"es\",\"potentialAction\":[{\"@type\":\"CommentAction\",\"name\":\"Comment\",\"target\":[\"https:\/\/elregionalvm.com.ar\/noticias-villa-maria\/sabado-megaoperativo-de-descacharreo-contra-el-dengue\/#respond\"]}]},{\"@type\":\"WebPage\",\"@id\":\"https:\/\/elregionalvm.com.ar\/noticias-villa-maria\/sabado-megaoperativo-de-descacharreo-contra-el-dengue\/\",\"url\":\"https:\/\/elregionalvm.com.ar\/noticias-villa-maria\/sabado-megaoperativo-de-descacharreo-contra-el-dengue\/\",\"name\":\"S\u00e1bado: megaoperativo de descacharreo contra el dengue - El Regional\",\"isPartOf\":{\"@id\":\"http:\/\/elregionalvm.com.ar\/noticias-villa-maria\/#website\"},\"primaryImageOfPage\":{\"@id\":\"https:\/\/elregionalvm.com.ar\/noticias-villa-maria\/sabado-megaoperativo-de-descacharreo-contra-el-dengue\/#primaryimage\"},\"image\":{\"@id\":\"https:\/\/elregionalvm.com.ar\/noticias-villa-maria\/sabado-megaoperativo-de-descacharreo-contra-el-dengue\/#primaryimage\"},\"thumbnailUrl\":\"https:\/\/i0.wp.com\/elregionalvm.com.ar\/noticias-villa-maria\/wp-content\/uploads\/2024\/03\/WhatsApp-Image-2024-03-22-at-12.22.17-PM.jpeg?fit=844%2C1503&ssl=1\",\"datePublished\":\"2024-03-22T17:28:05+00:00\",\"dateModified\":\"2024-03-25T01:45:10+00:00\",\"author\":{\"@id\":\"http:\/\/elregionalvm.com.ar\/noticias-villa-maria\/#\/schema\/person\/a0fb9c422317faca23d50163151bc354\"},\"breadcrumb\":{\"@id\":\"https:\/\/elregionalvm.com.ar\/noticias-villa-maria\/sabado-megaoperativo-de-descacharreo-contra-el-dengue\/#breadcrumb\"},\"inLanguage\":\"es\",\"potentialAction\":[{\"@type\":\"ReadAction\",\"target\":[\"https:\/\/elregionalvm.com.ar\/noticias-villa-maria\/sabado-megaoperativo-de-descacharreo-contra-el-dengue\/\"]}]},{\"@type\":\"ImageObject\",\"inLanguage\":\"es\",\"@id\":\"https:\/\/elregionalvm.com.ar\/noticias-villa-maria\/sabado-megaoperativo-de-descacharreo-contra-el-dengue\/#primaryimage\",\"url\":\"https:\/\/i0.wp.com\/elregionalvm.com.ar\/noticias-villa-maria\/wp-content\/uploads\/2024\/03\/WhatsApp-Image-2024-03-22-at-12.22.17-PM.jpeg?fit=844%2C1503&ssl=1\",\"contentUrl\":\"https:\/\/i0.wp.com\/elregionalvm.com.ar\/noticias-villa-maria\/wp-content\/uploads\/2024\/03\/WhatsApp-Image-2024-03-22-at-12.22.17-PM.jpeg?fit=844%2C1503&ssl=1\",\"width\":844,\"height\":1503},{\"@type\":\"BreadcrumbList\",\"@id\":\"https:\/\/elregionalvm.com.ar\/noticias-villa-maria\/sabado-megaoperativo-de-descacharreo-contra-el-dengue\/#breadcrumb\",\"itemListElement\":[{\"@type\":\"ListItem\",\"position\":1,\"name\":\"Portada\",\"item\":\"https:\/\/elregionalvm.com.ar\/noticias-villa-maria\/\"},{\"@type\":\"ListItem\",\"position\":2,\"name\":\"S\u00e1bado: megaoperativo de descacharreo contra el dengue\"}]},{\"@type\":\"WebSite\",\"@id\":\"http:\/\/elregionalvm.com.ar\/noticias-villa-maria\/#website\",\"url\":\"http:\/\/elregionalvm.com.ar\/noticias-villa-maria\/\",\"name\":\"El Regional\",\"description\":\"Mucho m\u00e1s que informaci\u00f3n\",\"potentialAction\":[{\"@type\":\"SearchAction\",\"target\":{\"@type\":\"EntryPoint\",\"urlTemplate\":\"http:\/\/elregionalvm.com.ar\/noticias-villa-maria\/?s={search_term_string}\"},\"query-input\":{\"@type\":\"PropertyValueSpecification\",\"valueRequired\":true,\"valueName\":\"search_term_string\"}}],\"inLanguage\":\"es\"},{\"@type\":\"Person\",\"@id\":\"http:\/\/elregionalvm.com.ar\/noticias-villa-maria\/#\/schema\/person\/a0fb9c422317faca23d50163151bc354\",\"name\":\"Contenidos El Regional\",\"image\":{\"@type\":\"ImageObject\",\"inLanguage\":\"es\",\"@id\":\"http:\/\/elregionalvm.com.ar\/noticias-villa-maria\/#\/schema\/person\/image\/\",\"url\":\"https:\/\/secure.gravatar.com\/avatar\/265b27cb2209af7bb3a1318f03305787d7981a5cc6e6cd08fe5a4ecdf99d4b48?s=96&d=mm&r=g\",\"contentUrl\":\"https:\/\/secure.gravatar.com\/avatar\/265b27cb2209af7bb3a1318f03305787d7981a5cc6e6cd08fe5a4ecdf99d4b48?s=96&d=mm&r=g\",\"caption\":\"Contenidos El Regional\"},\"url\":\"https:\/\/elregionalvm.com.ar\/noticias-villa-maria\/author\/contenido\/\"}]}<\/script>\n<!-- \/ Yoast SEO plugin. -->","yoast_head_json":{"title":"S\u00e1bado: megaoperativo de descacharreo contra el dengue - El Regional","robots":{"index":"index","follow":"follow","max-snippet":"max-snippet:-1","max-image-preview":"max-image-preview:large","max-video-preview":"max-video-preview:-1"},"canonical":"https:\/\/elregionalvm.com.ar\/noticias-villa-maria\/sabado-megaoperativo-de-descacharreo-contra-el-dengue\/","og_locale":"es_ES","og_type":"article","og_title":"S\u00e1bado: megaoperativo de descacharreo contra el dengue - El Regional","og_description":"En el marco de la urgencia sanitaria por Dengue declarada por el Municipio, personal de la Secretar\u00eda de Infraestructura, Desarrollo Urbano y Ambiente, recorrer\u00e1 este s\u00e1bado, a partir de las 7 de la ma\u00f1ana, cuatro barrios de nuestra ciudad llevando adelante un amplio plan de descacharreo. Cabe destacar que personal del Corral\u00f3n Municipal y cooperativas [&hellip;]","og_url":"https:\/\/elregionalvm.com.ar\/noticias-villa-maria\/sabado-megaoperativo-de-descacharreo-contra-el-dengue\/","og_site_name":"El Regional","article_publisher":"https:\/\/www.facebook.com\/elregionalvm","article_published_time":"2024-03-22T17:28:05+00:00","article_modified_time":"2024-03-25T01:45:10+00:00","og_image":[{"width":844,"height":1503,"url":"https:\/\/elregionalvm.com.ar\/noticias-villa-maria\/wp-content\/uploads\/2024\/03\/WhatsApp-Image-2024-03-22-at-12.22.17-PM.jpeg","type":"image\/jpeg"}],"author":"Contenidos El Regional","twitter_card":"summary_large_image","twitter_creator":"@elregionalvm1","twitter_site":"@elregionalvm1","twitter_misc":{"Escrito por":"Contenidos El Regional","Tiempo de lectura":"2 minutos"},"schema":{"@context":"https:\/\/schema.org","@graph":[{"@type":"Article","@id":"https:\/\/elregionalvm.com.ar\/noticias-villa-maria\/sabado-megaoperativo-de-descacharreo-contra-el-dengue\/#article","isPartOf":{"@id":"https:\/\/elregionalvm.com.ar\/noticias-villa-maria\/sabado-megaoperativo-de-descacharreo-contra-el-dengue\/"},"author":{"name":"Contenidos El Regional","@id":"http:\/\/elregionalvm.com.ar\/noticias-villa-maria\/#\/schema\/person\/a0fb9c422317faca23d50163151bc354"},"headline":"S\u00e1bado: megaoperativo de descacharreo contra el dengue","datePublished":"2024-03-22T17:28:05+00:00","dateModified":"2024-03-25T01:45:10+00:00","mainEntityOfPage":{"@id":"https:\/\/elregionalvm.com.ar\/noticias-villa-maria\/sabado-megaoperativo-de-descacharreo-contra-el-dengue\/"},"wordCount":269,"commentCount":0,"image":{"@id":"https:\/\/elregionalvm.com.ar\/noticias-villa-maria\/sabado-megaoperativo-de-descacharreo-contra-el-dengue\/#primaryimage"},"thumbnailUrl":"https:\/\/i0.wp.com\/elregionalvm.com.ar\/noticias-villa-maria\/wp-content\/uploads\/2024\/03\/WhatsApp-Image-2024-03-22-at-12.22.17-PM.jpeg?fit=844%2C1503&ssl=1","articleSection":["Sociedad","Villa Mar\u00eda"],"inLanguage":"es","potentialAction":[{"@type":"CommentAction","name":"Comment","target":["https:\/\/elregionalvm.com.ar\/noticias-villa-maria\/sabado-megaoperativo-de-descacharreo-contra-el-dengue\/#respond"]}]},{"@type":"WebPage","@id":"https:\/\/elregionalvm.com.ar\/noticias-villa-maria\/sabado-megaoperativo-de-descacharreo-contra-el-dengue\/","url":"https:\/\/elregionalvm.com.ar\/noticias-villa-maria\/sabado-megaoperativo-de-descacharreo-contra-el-dengue\/","name":"S\u00e1bado: megaoperativo de descacharreo contra el dengue - El Regional","isPartOf":{"@id":"http:\/\/elregionalvm.com.ar\/noticias-villa-maria\/#website"},"primaryImageOfPage":{"@id":"https:\/\/elregionalvm.com.ar\/noticias-villa-maria\/sabado-megaoperativo-de-descacharreo-contra-el-dengue\/#primaryimage"},"image":{"@id":"https:\/\/elregionalvm.com.ar\/noticias-villa-maria\/sabado-megaoperativo-de-descacharreo-contra-el-dengue\/#primaryimage"},"thumbnailUrl":"https:\/\/i0.wp.com\/elregionalvm.com.ar\/noticias-villa-maria\/wp-content\/uploads\/2024\/03\/WhatsApp-Image-2024-03-22-at-12.22.17-PM.jpeg?fit=844%2C1503&ssl=1","datePublished":"2024-03-22T17:28:05+00:00","dateModified":"2024-03-25T01:45:10+00:00","author":{"@id":"http:\/\/elregionalvm.com.ar\/noticias-villa-maria\/#\/schema\/person\/a0fb9c422317faca23d50163151bc354"},"breadcrumb":{"@id":"https:\/\/elregionalvm.com.ar\/noticias-villa-maria\/sabado-megaoperativo-de-descacharreo-contra-el-dengue\/#breadcrumb"},"inLanguage":"es","potentialAction":[{"@type":"ReadAction","target":["https:\/\/elregionalvm.com.ar\/noticias-villa-maria\/sabado-megaoperativo-de-descacharreo-contra-el-dengue\/"]}]},{"@type":"ImageObject","inLanguage":"es","@id":"https:\/\/elregionalvm.com.ar\/noticias-villa-maria\/sabado-megaoperativo-de-descacharreo-contra-el-dengue\/#primaryimage","url":"https:\/\/i0.wp.com\/elregionalvm.com.ar\/noticias-villa-maria\/wp-content\/uploads\/2024\/03\/WhatsApp-Image-2024-03-22-at-12.22.17-PM.jpeg?fit=844%2C1503&ssl=1","contentUrl":"https:\/\/i0.wp.com\/elregionalvm.com.ar\/noticias-villa-maria\/wp-content\/uploads\/2024\/03\/WhatsApp-Image-2024-03-22-at-12.22.17-PM.jpeg?fit=844%2C1503&ssl=1","width":844,"height":1503},{"@type":"BreadcrumbList","@id":"https:\/\/elregionalvm.com.ar\/noticias-villa-maria\/sabado-megaoperativo-de-descacharreo-contra-el-dengue\/#breadcrumb","itemListElement":[{"@type":"ListItem","position":1,"name":"Portada","item":"https:\/\/elregionalvm.com.ar\/noticias-villa-maria\/"},{"@type":"ListItem","position":2,"name":"S\u00e1bado: megaoperativo de descacharreo contra el dengue"}]},{"@type":"WebSite","@id":"http:\/\/elregionalvm.com.ar\/noticias-villa-maria\/#website","url":"http:\/\/elregionalvm.com.ar\/noticias-villa-maria\/","name":"El Regional","description":"Mucho m\u00e1s que informaci\u00f3n","potentialAction":[{"@type":"SearchAction","target":{"@type":"EntryPoint","urlTemplate":"http:\/\/elregionalvm.com.ar\/noticias-villa-maria\/?s={search_term_string}"},"query-input":{"@type":"PropertyValueSpecification","valueRequired":true,"valueName":"search_term_string"}}],"inLanguage":"es"},{"@type":"Person","@id":"http:\/\/elregionalvm.com.ar\/noticias-villa-maria\/#\/schema\/person\/a0fb9c422317faca23d50163151bc354","name":"Contenidos El Regional","image":{"@type":"ImageObject","inLanguage":"es","@id":"http:\/\/elregionalvm.com.ar\/noticias-villa-maria\/#\/schema\/person\/image\/","url":"https:\/\/secure.gravatar.com\/avatar\/265b27cb2209af7bb3a1318f03305787d7981a5cc6e6cd08fe5a4ecdf99d4b48?s=96&d=mm&r=g","contentUrl":"https:\/\/secure.gravatar.com\/avatar\/265b27cb2209af7bb3a1318f03305787d7981a5cc6e6cd08fe5a4ecdf99d4b48?s=96&d=mm&r=g","caption":"Contenidos El Regional"},"url":"https:\/\/elregionalvm.com.ar\/noticias-villa-maria\/author\/contenido\/"}]}},"jetpack_featured_media_url":"https:\/\/i0.wp.com\/elregionalvm.com.ar\/noticias-villa-maria\/wp-content\/uploads\/2024\/03\/WhatsApp-Image-2024-03-22-at-12.22.17-PM.jpeg?fit=844%2C1503&ssl=1","jetpack_sharing_enabled":true,"_links":{"self":[{"href":"https:\/\/elregionalvm.com.ar\/noticias-villa-maria\/wp-json\/wp\/v2\/posts\/91645","targetHints":{"allow":["GET"]}}],"collection":[{"href":"https:\/\/elregionalvm.com.ar\/noticias-villa-maria\/wp-json\/wp\/v2\/posts"}],"about":[{"href":"https:\/\/elregionalvm.com.ar\/noticias-villa-maria\/wp-json\/wp\/v2\/types\/post"}],"author":[{"embeddable":true,"href":"https:\/\/elregionalvm.com.ar\/noticias-villa-maria\/wp-json\/wp\/v2\/users\/4"}],"replies":[{"embeddable":true,"href":"https:\/\/elregionalvm.com.ar\/noticias-villa-maria\/wp-json\/wp\/v2\/comments?post=91645"}],"version-history":[{"count":1,"href":"https:\/\/elregionalvm.com.ar\/noticias-villa-maria\/wp-json\/wp\/v2\/posts\/91645\/revisions"}],"predecessor-version":[{"id":91647,"href":"https:\/\/elregionalvm.com.ar\/noticias-villa-maria\/wp-json\/wp\/v2\/posts\/91645\/revisions\/91647"}],"wp:featuredmedia":[{"embeddable":true,"href":"https:\/\/elregionalvm.com.ar\/noticias-villa-maria\/wp-json\/wp\/v2\/media\/91646"}],"wp:attachment":[{"href":"https:\/\/elregionalvm.com.ar\/noticias-villa-maria\/wp-json\/wp\/v2\/media?parent=91645"}],"wp:term":[{"taxonomy":"category","embeddable":true,"href":"https:\/\/elregionalvm.com.ar\/noticias-villa-maria\/wp-json\/wp\/v2\/categories?post=91645"},{"taxonomy":"post_tag","embeddable":true,"href":"https:\/\/elregionalvm.com.ar\/noticias-villa-maria\/wp-json\/wp\/v2\/tags?post=91645"}],"curies":[{"name":"wp","href":"https:\/\/api.w.org\/{rel}","templated":true}]}}