{"id":91651,"date":"2024-03-22T17:40:37","date_gmt":"2024-03-22T17:40:37","guid":{"rendered":"https:\/\/elregionalvm.com.ar\/noticias-villa-maria\/?p=91651"},"modified":"2024-03-25T01:44:56","modified_gmt":"2024-03-25T01:44:56","slug":"la-fiscal-companys-comenzo-la-indagacion-a-martin-gill-por-hechos-de-violencia-de-genero","status":"publish","type":"post","link":"https:\/\/elregionalvm.com.ar\/noticias-villa-maria\/la-fiscal-companys-comenzo-la-indagacion-a-martin-gill-por-hechos-de-violencia-de-genero\/","title":{"rendered":"La fiscal Companys  indag\u00f3 a Mart\u00edn Gill por hechos de violencia de g\u00e9nero"},"content":{"rendered":"\n<p>El exintendente Mart\u00edn Gill est\u00e1 siendo indagado, durante la ma\u00f1ana de este viernes, por\u00a0la fiscal de Segundo Turno, a cargo de Juliana Companys, en los Tribunales de Villa Mar\u00eda.<\/p>\n\n\n\n<p>Cabe recordar que el actual ministro de Cooperativas y Mutuales de la Provincia se encuentra imputado por dos hechos de \u201clesiones leves calificadas por el v\u00ednculo\u201d en una causa que se investiga en el marco de violencia de g\u00e9nero.<\/p>\n\n\n\n<p>En agosto del a\u00f1o pasado, Gill hab\u00eda declarado ante la misma fiscal y hab\u00eda negado los hechos que se le imputaban.<\/p>\n\n\n\n<p><strong>Los<\/strong>&nbsp;<strong>hechos<\/strong><\/p>\n\n\n\n<p>La investigaci\u00f3n comenz\u00f3 en marzo de 2023, cuando la mujer que hab\u00eda formado pareja con Mart\u00edn Gill, se present\u00f3 ante la Justicia para dar a conocer la situaci\u00f3n que viv\u00eda frente a hechos de violencia f\u00edsica y de amenazas de las que era v\u00edctima.<\/p>\n\n\n\n<p>El domingo 21 de marzo, despu\u00e9s de la denuncia, Mart\u00edn Gill se present\u00f3 en la Unidad Judicial, dependencia ubicada en la exsede de la Departamental San Mart\u00edn de Polic\u00eda, para devolver elementos que la mujer hab\u00eda dejado en la casa del mandatario y que por la situaci\u00f3n denunciada estaba impedida de ir a buscarlos.<\/p>\n\n\n\n<p>Ese d\u00eda, se conoci\u00f3 que el intendente de Villa Mar\u00eda estaba imputado por lesiones leves y amenazas en contra de quien era su novia.<\/p>\n\n\n\n<p>En un primer momento, la v\u00edctima tuvo custodia policial, dado que manifest\u00f3 su temor por el entorno del intendente, pero luego ces\u00f3 esa custodia.<\/p>\n\n\n\n<p><strong>Viralizaci\u00f3n<\/strong><\/p>\n\n\n\n<p>Otro hecho que preocup\u00f3 en torno a este caso, fue la difusi\u00f3n del documento en el que qued\u00f3 asentada la denuncia original.<\/p>\n\n\n\n<p>Si bien todav\u00eda no se sabe desde qu\u00e9 computadora se baj\u00f3 el documento oficial, lo cierto es que comenz\u00f3 a viralizarse\u00a0 y motiv\u00f3 no solo una investigaci\u00f3n interna dentro de Tribunales, sino restricciones para acceder a las denuncias penales desde distintas oficinas del Poder Judicial.<\/p>\n\n\n\n<p>Gentileza: El Diario <\/p>\n","protected":false},"excerpt":{"rendered":"<p>El exintendente Mart\u00edn Gill est\u00e1 siendo indagado, durante la ma\u00f1ana de este viernes, por\u00a0la fiscal de Segundo Turno, a cargo de Juliana Companys, en los Tribunales de Villa Mar\u00eda. Cabe recordar que el actual ministro de Cooperativas y Mutuales de la Provincia se encuentra imputado por dos hechos de \u201clesiones leves calificadas por el v\u00ednculo\u201d [&hellip;]<\/p>\n","protected":false},"author":4,"featured_media":29368,"comment_status":"open","ping_status":"open","sticky":false,"template":"","format":"standard","meta":{"site-sidebar-layout":"default","site-content-layout":"","ast-site-content-layout":"default","site-content-style":"default","site-sidebar-style":"default","ast-global-header-display":"","ast-banner-title-visibility":"","ast-main-header-display":"","ast-hfb-above-header-display":"","ast-hfb-below-header-display":"","ast-hfb-mobile-header-display":"","site-post-title":"","ast-breadcrumbs-content":"","ast-featured-img":"","footer-sml-layout":"","ast-disable-related-posts":"","theme-transparent-header-meta":"","adv-header-id-meta":"","stick-header-meta":"","header-above-stick-meta":"","header-main-stick-meta":"","header-below-stick-meta":"","astra-migrate-meta-layouts":"set","ast-page-background-enabled":"default","ast-page-background-meta":{"desktop":{"background-color":"","background-image":"","background-repeat":"repeat","background-position":"center center","background-size":"auto","background-attachment":"scroll","background-type":"","background-media":"","overlay-type":"","overlay-color":"","overlay-opacity":"","overlay-gradient":""},"tablet":{"background-color":"","background-image":"","background-repeat":"repeat","background-position":"center center","background-size":"auto","background-attachment":"scroll","background-type":"","background-media":"","overlay-type":"","overlay-color":"","overlay-opacity":"","overlay-gradient":""},"mobile":{"background-color":"","background-image":"","background-repeat":"repeat","background-position":"center center","background-size":"auto","background-attachment":"scroll","background-type":"","background-media":"","overlay-type":"","overlay-color":"","overlay-opacity":"","overlay-gradient":""}},"ast-content-background-meta":{"desktop":{"background-color":"var(--ast-global-color-5)","background-image":"","background-repeat":"repeat","background-position":"center center","background-size":"auto","background-attachment":"scroll","background-type":"","background-media":"","overlay-type":"","overlay-color":"","overlay-opacity":"","overlay-gradient":""},"tablet":{"background-color":"var(--ast-global-color-5)","background-image":"","background-repeat":"repeat","background-position":"center center","background-size":"auto","background-attachment":"scroll","background-type":"","background-media":"","overlay-type":"","overlay-color":"","overlay-opacity":"","overlay-gradient":""},"mobile":{"background-color":"var(--ast-global-color-5)","background-image":"","background-repeat":"repeat","background-position":"center center","background-size":"auto","background-attachment":"scroll","background-type":"","background-media":"","overlay-type":"","overlay-color":"","overlay-opacity":"","overlay-gradient":""}},"_jetpack_memberships_contains_paid_content":false,"_joinchat":[],"footnotes":""},"categories":[5,2],"tags":[],"class_list":["post-91651","post","type-post","status-publish","format-standard","has-post-thumbnail","hentry","category-sociedad","category-villa-maria"],"yoast_head":"<!-- This site is optimized with the Yoast SEO plugin v26.8 - https:\/\/yoast.com\/product\/yoast-seo-wordpress\/ -->\n<title>La fiscal Companys indag\u00f3 a Mart\u00edn Gill por hechos de violencia de g\u00e9nero - El Regional<\/title>\n<meta name=\"robots\" content=\"index, follow, max-snippet:-1, max-image-preview:large, max-video-preview:-1\" \/>\n<link rel=\"canonical\" href=\"https:\/\/elregionalvm.com.ar\/noticias-villa-maria\/la-fiscal-companys-comenzo-la-indagacion-a-martin-gill-por-hechos-de-violencia-de-genero\/\" \/>\n<meta property=\"og:locale\" content=\"es_ES\" \/>\n<meta property=\"og:type\" content=\"article\" \/>\n<meta property=\"og:title\" content=\"La fiscal Companys indag\u00f3 a Mart\u00edn Gill por hechos de violencia de g\u00e9nero - El Regional\" \/>\n<meta property=\"og:description\" content=\"El exintendente Mart\u00edn Gill est\u00e1 siendo indagado, durante la ma\u00f1ana de este viernes, por\u00a0la fiscal de Segundo Turno, a cargo de Juliana Companys, en los Tribunales de Villa Mar\u00eda. Cabe recordar que el actual ministro de Cooperativas y Mutuales de la Provincia se encuentra imputado por dos hechos de \u201clesiones leves calificadas por el v\u00ednculo\u201d [&hellip;]\" \/>\n<meta property=\"og:url\" content=\"https:\/\/elregionalvm.com.ar\/noticias-villa-maria\/la-fiscal-companys-comenzo-la-indagacion-a-martin-gill-por-hechos-de-violencia-de-genero\/\" \/>\n<meta property=\"og:site_name\" content=\"El Regional\" \/>\n<meta property=\"article:publisher\" content=\"https:\/\/www.facebook.com\/elregionalvm\" \/>\n<meta property=\"article:published_time\" content=\"2024-03-22T17:40:37+00:00\" \/>\n<meta property=\"article:modified_time\" content=\"2024-03-25T01:44:56+00:00\" \/>\n<meta property=\"og:image\" content=\"https:\/\/elregionalvm.com.ar\/noticias-villa-maria\/wp-content\/uploads\/2020\/12\/martin-gill-tercera-licencia.jpg\" \/>\n\t<meta property=\"og:image:width\" content=\"1157\" \/>\n\t<meta property=\"og:image:height\" content=\"720\" \/>\n\t<meta property=\"og:image:type\" content=\"image\/jpeg\" \/>\n<meta name=\"author\" content=\"Contenidos El Regional\" \/>\n<meta name=\"twitter:card\" content=\"summary_large_image\" \/>\n<meta name=\"twitter:creator\" content=\"@elregionalvm1\" \/>\n<meta name=\"twitter:site\" content=\"@elregionalvm1\" \/>\n<meta name=\"twitter:label1\" content=\"Escrito por\" \/>\n\t<meta name=\"twitter:data1\" content=\"Contenidos El Regional\" \/>\n\t<meta name=\"twitter:label2\" content=\"Tiempo de lectura\" \/>\n\t<meta name=\"twitter:data2\" content=\"2 minutos\" \/>\n<script type=\"application\/ld+json\" class=\"yoast-schema-graph\">{\"@context\":\"https:\/\/schema.org\",\"@graph\":[{\"@type\":\"Article\",\"@id\":\"https:\/\/elregionalvm.com.ar\/noticias-villa-maria\/la-fiscal-companys-comenzo-la-indagacion-a-martin-gill-por-hechos-de-violencia-de-genero\/#article\",\"isPartOf\":{\"@id\":\"https:\/\/elregionalvm.com.ar\/noticias-villa-maria\/la-fiscal-companys-comenzo-la-indagacion-a-martin-gill-por-hechos-de-violencia-de-genero\/\"},\"author\":{\"name\":\"Contenidos El Regional\",\"@id\":\"http:\/\/elregionalvm.com.ar\/noticias-villa-maria\/#\/schema\/person\/a0fb9c422317faca23d50163151bc354\"},\"headline\":\"La fiscal Companys indag\u00f3 a Mart\u00edn Gill por hechos de violencia de g\u00e9nero\",\"datePublished\":\"2024-03-22T17:40:37+00:00\",\"dateModified\":\"2024-03-25T01:44:56+00:00\",\"mainEntityOfPage\":{\"@id\":\"https:\/\/elregionalvm.com.ar\/noticias-villa-maria\/la-fiscal-companys-comenzo-la-indagacion-a-martin-gill-por-hechos-de-violencia-de-genero\/\"},\"wordCount\":351,\"commentCount\":0,\"image\":{\"@id\":\"https:\/\/elregionalvm.com.ar\/noticias-villa-maria\/la-fiscal-companys-comenzo-la-indagacion-a-martin-gill-por-hechos-de-violencia-de-genero\/#primaryimage\"},\"thumbnailUrl\":\"https:\/\/i0.wp.com\/elregionalvm.com.ar\/noticias-villa-maria\/wp-content\/uploads\/2020\/12\/martin-gill-tercera-licencia.jpg?fit=1157%2C720&ssl=1\",\"articleSection\":[\"Sociedad\",\"Villa Mar\u00eda\"],\"inLanguage\":\"es\",\"potentialAction\":[{\"@type\":\"CommentAction\",\"name\":\"Comment\",\"target\":[\"https:\/\/elregionalvm.com.ar\/noticias-villa-maria\/la-fiscal-companys-comenzo-la-indagacion-a-martin-gill-por-hechos-de-violencia-de-genero\/#respond\"]}]},{\"@type\":\"WebPage\",\"@id\":\"https:\/\/elregionalvm.com.ar\/noticias-villa-maria\/la-fiscal-companys-comenzo-la-indagacion-a-martin-gill-por-hechos-de-violencia-de-genero\/\",\"url\":\"https:\/\/elregionalvm.com.ar\/noticias-villa-maria\/la-fiscal-companys-comenzo-la-indagacion-a-martin-gill-por-hechos-de-violencia-de-genero\/\",\"name\":\"La fiscal Companys indag\u00f3 a Mart\u00edn Gill por hechos de violencia de g\u00e9nero - El Regional\",\"isPartOf\":{\"@id\":\"http:\/\/elregionalvm.com.ar\/noticias-villa-maria\/#website\"},\"primaryImageOfPage\":{\"@id\":\"https:\/\/elregionalvm.com.ar\/noticias-villa-maria\/la-fiscal-companys-comenzo-la-indagacion-a-martin-gill-por-hechos-de-violencia-de-genero\/#primaryimage\"},\"image\":{\"@id\":\"https:\/\/elregionalvm.com.ar\/noticias-villa-maria\/la-fiscal-companys-comenzo-la-indagacion-a-martin-gill-por-hechos-de-violencia-de-genero\/#primaryimage\"},\"thumbnailUrl\":\"https:\/\/i0.wp.com\/elregionalvm.com.ar\/noticias-villa-maria\/wp-content\/uploads\/2020\/12\/martin-gill-tercera-licencia.jpg?fit=1157%2C720&ssl=1\",\"datePublished\":\"2024-03-22T17:40:37+00:00\",\"dateModified\":\"2024-03-25T01:44:56+00:00\",\"author\":{\"@id\":\"http:\/\/elregionalvm.com.ar\/noticias-villa-maria\/#\/schema\/person\/a0fb9c422317faca23d50163151bc354\"},\"breadcrumb\":{\"@id\":\"https:\/\/elregionalvm.com.ar\/noticias-villa-maria\/la-fiscal-companys-comenzo-la-indagacion-a-martin-gill-por-hechos-de-violencia-de-genero\/#breadcrumb\"},\"inLanguage\":\"es\",\"potentialAction\":[{\"@type\":\"ReadAction\",\"target\":[\"https:\/\/elregionalvm.com.ar\/noticias-villa-maria\/la-fiscal-companys-comenzo-la-indagacion-a-martin-gill-por-hechos-de-violencia-de-genero\/\"]}]},{\"@type\":\"ImageObject\",\"inLanguage\":\"es\",\"@id\":\"https:\/\/elregionalvm.com.ar\/noticias-villa-maria\/la-fiscal-companys-comenzo-la-indagacion-a-martin-gill-por-hechos-de-violencia-de-genero\/#primaryimage\",\"url\":\"https:\/\/i0.wp.com\/elregionalvm.com.ar\/noticias-villa-maria\/wp-content\/uploads\/2020\/12\/martin-gill-tercera-licencia.jpg?fit=1157%2C720&ssl=1\",\"contentUrl\":\"https:\/\/i0.wp.com\/elregionalvm.com.ar\/noticias-villa-maria\/wp-content\/uploads\/2020\/12\/martin-gill-tercera-licencia.jpg?fit=1157%2C720&ssl=1\",\"width\":1157,\"height\":720},{\"@type\":\"BreadcrumbList\",\"@id\":\"https:\/\/elregionalvm.com.ar\/noticias-villa-maria\/la-fiscal-companys-comenzo-la-indagacion-a-martin-gill-por-hechos-de-violencia-de-genero\/#breadcrumb\",\"itemListElement\":[{\"@type\":\"ListItem\",\"position\":1,\"name\":\"Portada\",\"item\":\"https:\/\/elregionalvm.com.ar\/noticias-villa-maria\/\"},{\"@type\":\"ListItem\",\"position\":2,\"name\":\"La fiscal Companys indag\u00f3 a Mart\u00edn Gill por hechos de violencia de g\u00e9nero\"}]},{\"@type\":\"WebSite\",\"@id\":\"http:\/\/elregionalvm.com.ar\/noticias-villa-maria\/#website\",\"url\":\"http:\/\/elregionalvm.com.ar\/noticias-villa-maria\/\",\"name\":\"El Regional\",\"description\":\"Mucho m\u00e1s que informaci\u00f3n\",\"potentialAction\":[{\"@type\":\"SearchAction\",\"target\":{\"@type\":\"EntryPoint\",\"urlTemplate\":\"http:\/\/elregionalvm.com.ar\/noticias-villa-maria\/?s={search_term_string}\"},\"query-input\":{\"@type\":\"PropertyValueSpecification\",\"valueRequired\":true,\"valueName\":\"search_term_string\"}}],\"inLanguage\":\"es\"},{\"@type\":\"Person\",\"@id\":\"http:\/\/elregionalvm.com.ar\/noticias-villa-maria\/#\/schema\/person\/a0fb9c422317faca23d50163151bc354\",\"name\":\"Contenidos El Regional\",\"image\":{\"@type\":\"ImageObject\",\"inLanguage\":\"es\",\"@id\":\"http:\/\/elregionalvm.com.ar\/noticias-villa-maria\/#\/schema\/person\/image\/\",\"url\":\"https:\/\/secure.gravatar.com\/avatar\/265b27cb2209af7bb3a1318f03305787d7981a5cc6e6cd08fe5a4ecdf99d4b48?s=96&d=mm&r=g\",\"contentUrl\":\"https:\/\/secure.gravatar.com\/avatar\/265b27cb2209af7bb3a1318f03305787d7981a5cc6e6cd08fe5a4ecdf99d4b48?s=96&d=mm&r=g\",\"caption\":\"Contenidos El Regional\"},\"url\":\"https:\/\/elregionalvm.com.ar\/noticias-villa-maria\/author\/contenido\/\"}]}<\/script>\n<!-- \/ Yoast SEO plugin. -->","yoast_head_json":{"title":"La fiscal Companys indag\u00f3 a Mart\u00edn Gill por hechos de violencia de g\u00e9nero - El Regional","robots":{"index":"index","follow":"follow","max-snippet":"max-snippet:-1","max-image-preview":"max-image-preview:large","max-video-preview":"max-video-preview:-1"},"canonical":"https:\/\/elregionalvm.com.ar\/noticias-villa-maria\/la-fiscal-companys-comenzo-la-indagacion-a-martin-gill-por-hechos-de-violencia-de-genero\/","og_locale":"es_ES","og_type":"article","og_title":"La fiscal Companys indag\u00f3 a Mart\u00edn Gill por hechos de violencia de g\u00e9nero - El Regional","og_description":"El exintendente Mart\u00edn Gill est\u00e1 siendo indagado, durante la ma\u00f1ana de este viernes, por\u00a0la fiscal de Segundo Turno, a cargo de Juliana Companys, en los Tribunales de Villa Mar\u00eda. Cabe recordar que el actual ministro de Cooperativas y Mutuales de la Provincia se encuentra imputado por dos hechos de \u201clesiones leves calificadas por el v\u00ednculo\u201d [&hellip;]","og_url":"https:\/\/elregionalvm.com.ar\/noticias-villa-maria\/la-fiscal-companys-comenzo-la-indagacion-a-martin-gill-por-hechos-de-violencia-de-genero\/","og_site_name":"El Regional","article_publisher":"https:\/\/www.facebook.com\/elregionalvm","article_published_time":"2024-03-22T17:40:37+00:00","article_modified_time":"2024-03-25T01:44:56+00:00","og_image":[{"width":1157,"height":720,"url":"https:\/\/elregionalvm.com.ar\/noticias-villa-maria\/wp-content\/uploads\/2020\/12\/martin-gill-tercera-licencia.jpg","type":"image\/jpeg"}],"author":"Contenidos El Regional","twitter_card":"summary_large_image","twitter_creator":"@elregionalvm1","twitter_site":"@elregionalvm1","twitter_misc":{"Escrito por":"Contenidos El Regional","Tiempo de lectura":"2 minutos"},"schema":{"@context":"https:\/\/schema.org","@graph":[{"@type":"Article","@id":"https:\/\/elregionalvm.com.ar\/noticias-villa-maria\/la-fiscal-companys-comenzo-la-indagacion-a-martin-gill-por-hechos-de-violencia-de-genero\/#article","isPartOf":{"@id":"https:\/\/elregionalvm.com.ar\/noticias-villa-maria\/la-fiscal-companys-comenzo-la-indagacion-a-martin-gill-por-hechos-de-violencia-de-genero\/"},"author":{"name":"Contenidos El Regional","@id":"http:\/\/elregionalvm.com.ar\/noticias-villa-maria\/#\/schema\/person\/a0fb9c422317faca23d50163151bc354"},"headline":"La fiscal Companys indag\u00f3 a Mart\u00edn Gill por hechos de violencia de g\u00e9nero","datePublished":"2024-03-22T17:40:37+00:00","dateModified":"2024-03-25T01:44:56+00:00","mainEntityOfPage":{"@id":"https:\/\/elregionalvm.com.ar\/noticias-villa-maria\/la-fiscal-companys-comenzo-la-indagacion-a-martin-gill-por-hechos-de-violencia-de-genero\/"},"wordCount":351,"commentCount":0,"image":{"@id":"https:\/\/elregionalvm.com.ar\/noticias-villa-maria\/la-fiscal-companys-comenzo-la-indagacion-a-martin-gill-por-hechos-de-violencia-de-genero\/#primaryimage"},"thumbnailUrl":"https:\/\/i0.wp.com\/elregionalvm.com.ar\/noticias-villa-maria\/wp-content\/uploads\/2020\/12\/martin-gill-tercera-licencia.jpg?fit=1157%2C720&ssl=1","articleSection":["Sociedad","Villa Mar\u00eda"],"inLanguage":"es","potentialAction":[{"@type":"CommentAction","name":"Comment","target":["https:\/\/elregionalvm.com.ar\/noticias-villa-maria\/la-fiscal-companys-comenzo-la-indagacion-a-martin-gill-por-hechos-de-violencia-de-genero\/#respond"]}]},{"@type":"WebPage","@id":"https:\/\/elregionalvm.com.ar\/noticias-villa-maria\/la-fiscal-companys-comenzo-la-indagacion-a-martin-gill-por-hechos-de-violencia-de-genero\/","url":"https:\/\/elregionalvm.com.ar\/noticias-villa-maria\/la-fiscal-companys-comenzo-la-indagacion-a-martin-gill-por-hechos-de-violencia-de-genero\/","name":"La fiscal Companys indag\u00f3 a Mart\u00edn Gill por hechos de violencia de g\u00e9nero - El Regional","isPartOf":{"@id":"http:\/\/elregionalvm.com.ar\/noticias-villa-maria\/#website"},"primaryImageOfPage":{"@id":"https:\/\/elregionalvm.com.ar\/noticias-villa-maria\/la-fiscal-companys-comenzo-la-indagacion-a-martin-gill-por-hechos-de-violencia-de-genero\/#primaryimage"},"image":{"@id":"https:\/\/elregionalvm.com.ar\/noticias-villa-maria\/la-fiscal-companys-comenzo-la-indagacion-a-martin-gill-por-hechos-de-violencia-de-genero\/#primaryimage"},"thumbnailUrl":"https:\/\/i0.wp.com\/elregionalvm.com.ar\/noticias-villa-maria\/wp-content\/uploads\/2020\/12\/martin-gill-tercera-licencia.jpg?fit=1157%2C720&ssl=1","datePublished":"2024-03-22T17:40:37+00:00","dateModified":"2024-03-25T01:44:56+00:00","author":{"@id":"http:\/\/elregionalvm.com.ar\/noticias-villa-maria\/#\/schema\/person\/a0fb9c422317faca23d50163151bc354"},"breadcrumb":{"@id":"https:\/\/elregionalvm.com.ar\/noticias-villa-maria\/la-fiscal-companys-comenzo-la-indagacion-a-martin-gill-por-hechos-de-violencia-de-genero\/#breadcrumb"},"inLanguage":"es","potentialAction":[{"@type":"ReadAction","target":["https:\/\/elregionalvm.com.ar\/noticias-villa-maria\/la-fiscal-companys-comenzo-la-indagacion-a-martin-gill-por-hechos-de-violencia-de-genero\/"]}]},{"@type":"ImageObject","inLanguage":"es","@id":"https:\/\/elregionalvm.com.ar\/noticias-villa-maria\/la-fiscal-companys-comenzo-la-indagacion-a-martin-gill-por-hechos-de-violencia-de-genero\/#primaryimage","url":"https:\/\/i0.wp.com\/elregionalvm.com.ar\/noticias-villa-maria\/wp-content\/uploads\/2020\/12\/martin-gill-tercera-licencia.jpg?fit=1157%2C720&ssl=1","contentUrl":"https:\/\/i0.wp.com\/elregionalvm.com.ar\/noticias-villa-maria\/wp-content\/uploads\/2020\/12\/martin-gill-tercera-licencia.jpg?fit=1157%2C720&ssl=1","width":1157,"height":720},{"@type":"BreadcrumbList","@id":"https:\/\/elregionalvm.com.ar\/noticias-villa-maria\/la-fiscal-companys-comenzo-la-indagacion-a-martin-gill-por-hechos-de-violencia-de-genero\/#breadcrumb","itemListElement":[{"@type":"ListItem","position":1,"name":"Portada","item":"https:\/\/elregionalvm.com.ar\/noticias-villa-maria\/"},{"@type":"ListItem","position":2,"name":"La fiscal Companys indag\u00f3 a Mart\u00edn Gill por hechos de violencia de g\u00e9nero"}]},{"@type":"WebSite","@id":"http:\/\/elregionalvm.com.ar\/noticias-villa-maria\/#website","url":"http:\/\/elregionalvm.com.ar\/noticias-villa-maria\/","name":"El Regional","description":"Mucho m\u00e1s que informaci\u00f3n","potentialAction":[{"@type":"SearchAction","target":{"@type":"EntryPoint","urlTemplate":"http:\/\/elregionalvm.com.ar\/noticias-villa-maria\/?s={search_term_string}"},"query-input":{"@type":"PropertyValueSpecification","valueRequired":true,"valueName":"search_term_string"}}],"inLanguage":"es"},{"@type":"Person","@id":"http:\/\/elregionalvm.com.ar\/noticias-villa-maria\/#\/schema\/person\/a0fb9c422317faca23d50163151bc354","name":"Contenidos El Regional","image":{"@type":"ImageObject","inLanguage":"es","@id":"http:\/\/elregionalvm.com.ar\/noticias-villa-maria\/#\/schema\/person\/image\/","url":"https:\/\/secure.gravatar.com\/avatar\/265b27cb2209af7bb3a1318f03305787d7981a5cc6e6cd08fe5a4ecdf99d4b48?s=96&d=mm&r=g","contentUrl":"https:\/\/secure.gravatar.com\/avatar\/265b27cb2209af7bb3a1318f03305787d7981a5cc6e6cd08fe5a4ecdf99d4b48?s=96&d=mm&r=g","caption":"Contenidos El Regional"},"url":"https:\/\/elregionalvm.com.ar\/noticias-villa-maria\/author\/contenido\/"}]}},"jetpack_featured_media_url":"https:\/\/i0.wp.com\/elregionalvm.com.ar\/noticias-villa-maria\/wp-content\/uploads\/2020\/12\/martin-gill-tercera-licencia.jpg?fit=1157%2C720&ssl=1","jetpack_sharing_enabled":true,"_links":{"self":[{"href":"https:\/\/elregionalvm.com.ar\/noticias-villa-maria\/wp-json\/wp\/v2\/posts\/91651","targetHints":{"allow":["GET"]}}],"collection":[{"href":"https:\/\/elregionalvm.com.ar\/noticias-villa-maria\/wp-json\/wp\/v2\/posts"}],"about":[{"href":"https:\/\/elregionalvm.com.ar\/noticias-villa-maria\/wp-json\/wp\/v2\/types\/post"}],"author":[{"embeddable":true,"href":"https:\/\/elregionalvm.com.ar\/noticias-villa-maria\/wp-json\/wp\/v2\/users\/4"}],"replies":[{"embeddable":true,"href":"https:\/\/elregionalvm.com.ar\/noticias-villa-maria\/wp-json\/wp\/v2\/comments?post=91651"}],"version-history":[{"count":3,"href":"https:\/\/elregionalvm.com.ar\/noticias-villa-maria\/wp-json\/wp\/v2\/posts\/91651\/revisions"}],"predecessor-version":[{"id":91713,"href":"https:\/\/elregionalvm.com.ar\/noticias-villa-maria\/wp-json\/wp\/v2\/posts\/91651\/revisions\/91713"}],"wp:featuredmedia":[{"embeddable":true,"href":"https:\/\/elregionalvm.com.ar\/noticias-villa-maria\/wp-json\/wp\/v2\/media\/29368"}],"wp:attachment":[{"href":"https:\/\/elregionalvm.com.ar\/noticias-villa-maria\/wp-json\/wp\/v2\/media?parent=91651"}],"wp:term":[{"taxonomy":"category","embeddable":true,"href":"https:\/\/elregionalvm.com.ar\/noticias-villa-maria\/wp-json\/wp\/v2\/categories?post=91651"},{"taxonomy":"post_tag","embeddable":true,"href":"https:\/\/elregionalvm.com.ar\/noticias-villa-maria\/wp-json\/wp\/v2\/tags?post=91651"}],"curies":[{"name":"wp","href":"https:\/\/api.w.org\/{rel}","templated":true}]}}