{"id":91669,"date":"2024-03-22T18:00:20","date_gmt":"2024-03-22T18:00:20","guid":{"rendered":"https:\/\/elregionalvm.com.ar\/noticias-villa-maria\/?p=91669"},"modified":"2024-03-25T01:44:33","modified_gmt":"2024-03-25T01:44:33","slug":"rio-segundo-llaryora-anuncio-inversiones-en-obra-publica-por-mas-de-185-millones-de-pesos","status":"publish","type":"post","link":"https:\/\/elregionalvm.com.ar\/noticias-villa-maria\/rio-segundo-llaryora-anuncio-inversiones-en-obra-publica-por-mas-de-185-millones-de-pesos\/","title":{"rendered":"R\u00edo Segundo: Llaryora anunci\u00f3 inversiones en obra p\u00fablica por m\u00e1s de 185 millones de pesos"},"content":{"rendered":"\n<p>El gobernador Mart\u00edn Llaryora visit\u00f3 R\u00edo Segundo, donde entreg\u00f3 un aporte de 100 millones de pesos para obras de pavimentaci\u00f3n, cord\u00f3n cuneta y puesta en valor de la plaza Sarmiento. Adem\u00e1s, anunci\u00f3 la construcci\u00f3n de salas de Jard\u00edn de Infantes para dos colegios de la localidad, con una inversi\u00f3n total de $86.497.360.<\/p>\n\n\n\n<p><em>\u201cSon obras que ingresan a la comunidad de R\u00edo Segundo y que van a mover la econom\u00eda y el empleo local. Para m\u00ed es fundamental reforzar la educaci\u00f3n. Entonces, a\u00fan en este momento de crisis tan dif\u00edcil, C\u00f3rdoba avanza y la perspectiva educativa se vuelve central\u201d<\/em>, expres\u00f3 el mandatario provincial.<\/p>\n\n\n\n<p>Recordemos que en febrero pasado, el mandatario provincial encabez\u00f3 la firma de un convenio en el marco del Fondo Complementario de Obras de Infraestructura para Municipios y Comunas (FOCOM).<\/p>\n\n\n\n<p>En esta oportunidad, se concret\u00f3 el aporte de $50 millones para obras de pavimento articulado y de puesta en valor de la plaza Sarmiento. Otros $50 millones fueron destinados para cord\u00f3n cuneta, adoquinado y a su vez, para las escuelas San Roque y Jos\u00e9 Manuel de Estrada.<\/p>\n\n\n\n<h3 class=\"wp-block-heading\">Salas para ni\u00f1os de 3 a\u00f1os<\/h3>\n\n\n\n<p>Durante su visita a R\u00edo Segundo, Mart\u00edn Llaryora anunci\u00f3 la construcci\u00f3n de una sala para el jard\u00edn de infantes \u201cPrimer Gobierno Patrio\u201d y otra para el \u201cManuel Belgrano\u201d. La inversi\u00f3n por cada obra es de $43.248.680, totalizando $86.497.360.<\/p>\n\n\n\n<p>Al respecto, Llaryora subray\u00f3:<em>\u00a0\u201cEsto es parte de la transformaci\u00f3n que queremos hacer para que C\u00f3rdoba lidere en educaci\u00f3n. Uno de los pilares es terminar la gesti\u00f3n con todos los chicos de la provincia escolarizados a los 3 a\u00f1os\u201d.<\/em><\/p>\n\n\n\n<p>A su turno, el intendente Dar\u00edo Chesta agradeci\u00f3 al gobernador y puso en valor el trabajo conjunto entre el gobierno provincial y municipal. Adem\u00e1s, destac\u00f3 el aporte econ\u00f3mico realizado por la Provincia:&nbsp;<em>\u00abEs una herramienta de trabajo para que con mano de obra local podamos generar trabajo y a la vez mejorar la educaci\u00f3n, con la construcci\u00f3n de dos aulas nuevas para salas de 3 a\u00f1os\u00bb.<\/em><\/p>\n\n\n\n<p>Los anuncios que realiz\u00f3 el gobernador en la ciudad del departamento R\u00edo Segundo comprenden un monto de 185 millones de pesos que la Provincia girar\u00e1 al municipio.<\/p>\n\n\n\n<p>Por \u00faltimo, el gobernador afirm\u00f3 que m\u00e1s all\u00e1 de la crisis que afecta al pa\u00eds en C\u00f3rdoba la obra p\u00fablica contin\u00faa, tanto la que hace la Provincia como la que se lleva a cabo de manera mancomunada con los municipios.<\/p>\n\n\n\n<p><audio src=\"https:\/\/prensa.cba.gov.ar\/wp-content\/uploads\/2024\/03\/Martin-Llaryora-Rio-Segundo.mp3\"><\/audio><\/p>\n","protected":false},"excerpt":{"rendered":"<p>El gobernador Mart\u00edn Llaryora visit\u00f3 R\u00edo Segundo, donde entreg\u00f3 un aporte de 100 millones de pesos para obras de pavimentaci\u00f3n, cord\u00f3n cuneta y puesta en valor de la plaza Sarmiento. Adem\u00e1s, anunci\u00f3 la construcci\u00f3n de salas de Jard\u00edn de Infantes para dos colegios de la localidad, con una inversi\u00f3n total de $86.497.360. \u201cSon obras que [&hellip;]<\/p>\n","protected":false},"author":4,"featured_media":91670,"comment_status":"open","ping_status":"open","sticky":false,"template":"","format":"standard","meta":{"site-sidebar-layout":"default","site-content-layout":"","ast-site-content-layout":"default","site-content-style":"default","site-sidebar-style":"default","ast-global-header-display":"","ast-banner-title-visibility":"","ast-main-header-display":"","ast-hfb-above-header-display":"","ast-hfb-below-header-display":"","ast-hfb-mobile-header-display":"","site-post-title":"","ast-breadcrumbs-content":"","ast-featured-img":"","footer-sml-layout":"","ast-disable-related-posts":"","theme-transparent-header-meta":"","adv-header-id-meta":"","stick-header-meta":"","header-above-stick-meta":"","header-main-stick-meta":"","header-below-stick-meta":"","astra-migrate-meta-layouts":"set","ast-page-background-enabled":"default","ast-page-background-meta":{"desktop":{"background-color":"","background-image":"","background-repeat":"repeat","background-position":"center center","background-size":"auto","background-attachment":"scroll","background-type":"","background-media":"","overlay-type":"","overlay-color":"","overlay-opacity":"","overlay-gradient":""},"tablet":{"background-color":"","background-image":"","background-repeat":"repeat","background-position":"center center","background-size":"auto","background-attachment":"scroll","background-type":"","background-media":"","overlay-type":"","overlay-color":"","overlay-opacity":"","overlay-gradient":""},"mobile":{"background-color":"","background-image":"","background-repeat":"repeat","background-position":"center center","background-size":"auto","background-attachment":"scroll","background-type":"","background-media":"","overlay-type":"","overlay-color":"","overlay-opacity":"","overlay-gradient":""}},"ast-content-background-meta":{"desktop":{"background-color":"var(--ast-global-color-5)","background-image":"","background-repeat":"repeat","background-position":"center center","background-size":"auto","background-attachment":"scroll","background-type":"","background-media":"","overlay-type":"","overlay-color":"","overlay-opacity":"","overlay-gradient":""},"tablet":{"background-color":"var(--ast-global-color-5)","background-image":"","background-repeat":"repeat","background-position":"center center","background-size":"auto","background-attachment":"scroll","background-type":"","background-media":"","overlay-type":"","overlay-color":"","overlay-opacity":"","overlay-gradient":""},"mobile":{"background-color":"var(--ast-global-color-5)","background-image":"","background-repeat":"repeat","background-position":"center center","background-size":"auto","background-attachment":"scroll","background-type":"","background-media":"","overlay-type":"","overlay-color":"","overlay-opacity":"","overlay-gradient":""}},"_jetpack_memberships_contains_paid_content":false,"_joinchat":[],"footnotes":""},"categories":[16095,2091,5],"tags":[],"class_list":["post-91669","post","type-post","status-publish","format-standard","has-post-thumbnail","hentry","category-provinciales","category-region","category-sociedad"],"yoast_head":"<!-- This site is optimized with the Yoast SEO plugin v26.8 - https:\/\/yoast.com\/product\/yoast-seo-wordpress\/ -->\n<title>R\u00edo Segundo: Llaryora anunci\u00f3 inversiones en obra p\u00fablica por m\u00e1s de 185 millones de pesos - El Regional<\/title>\n<meta name=\"robots\" content=\"index, follow, max-snippet:-1, max-image-preview:large, max-video-preview:-1\" \/>\n<link rel=\"canonical\" href=\"https:\/\/elregionalvm.com.ar\/noticias-villa-maria\/rio-segundo-llaryora-anuncio-inversiones-en-obra-publica-por-mas-de-185-millones-de-pesos\/\" \/>\n<meta property=\"og:locale\" content=\"es_ES\" \/>\n<meta property=\"og:type\" content=\"article\" \/>\n<meta property=\"og:title\" content=\"R\u00edo Segundo: Llaryora anunci\u00f3 inversiones en obra p\u00fablica por m\u00e1s de 185 millones de pesos - El Regional\" \/>\n<meta property=\"og:description\" content=\"El gobernador Mart\u00edn Llaryora visit\u00f3 R\u00edo Segundo, donde entreg\u00f3 un aporte de 100 millones de pesos para obras de pavimentaci\u00f3n, cord\u00f3n cuneta y puesta en valor de la plaza Sarmiento. Adem\u00e1s, anunci\u00f3 la construcci\u00f3n de salas de Jard\u00edn de Infantes para dos colegios de la localidad, con una inversi\u00f3n total de $86.497.360. \u201cSon obras que [&hellip;]\" \/>\n<meta property=\"og:url\" content=\"https:\/\/elregionalvm.com.ar\/noticias-villa-maria\/rio-segundo-llaryora-anuncio-inversiones-en-obra-publica-por-mas-de-185-millones-de-pesos\/\" \/>\n<meta property=\"og:site_name\" content=\"El Regional\" \/>\n<meta property=\"article:publisher\" content=\"https:\/\/www.facebook.com\/elregionalvm\" \/>\n<meta property=\"article:published_time\" content=\"2024-03-22T18:00:20+00:00\" \/>\n<meta property=\"article:modified_time\" content=\"2024-03-25T01:44:33+00:00\" \/>\n<meta property=\"og:image\" content=\"https:\/\/elregionalvm.com.ar\/noticias-villa-maria\/wp-content\/uploads\/2024\/03\/WhatsApp-Image-2024-03-22-at-14.41.41-1.jpeg\" \/>\n\t<meta property=\"og:image:width\" content=\"1600\" \/>\n\t<meta property=\"og:image:height\" content=\"1063\" \/>\n\t<meta property=\"og:image:type\" content=\"image\/jpeg\" \/>\n<meta name=\"author\" content=\"Contenidos El Regional\" \/>\n<meta name=\"twitter:card\" content=\"summary_large_image\" \/>\n<meta name=\"twitter:creator\" content=\"@elregionalvm1\" \/>\n<meta name=\"twitter:site\" content=\"@elregionalvm1\" \/>\n<meta name=\"twitter:label1\" content=\"Escrito por\" \/>\n\t<meta name=\"twitter:data1\" content=\"Contenidos El Regional\" \/>\n\t<meta name=\"twitter:label2\" content=\"Tiempo de lectura\" \/>\n\t<meta name=\"twitter:data2\" content=\"3 minutos\" \/>\n<script type=\"application\/ld+json\" class=\"yoast-schema-graph\">{\"@context\":\"https:\/\/schema.org\",\"@graph\":[{\"@type\":\"Article\",\"@id\":\"https:\/\/elregionalvm.com.ar\/noticias-villa-maria\/rio-segundo-llaryora-anuncio-inversiones-en-obra-publica-por-mas-de-185-millones-de-pesos\/#article\",\"isPartOf\":{\"@id\":\"https:\/\/elregionalvm.com.ar\/noticias-villa-maria\/rio-segundo-llaryora-anuncio-inversiones-en-obra-publica-por-mas-de-185-millones-de-pesos\/\"},\"author\":{\"name\":\"Contenidos El Regional\",\"@id\":\"http:\/\/elregionalvm.com.ar\/noticias-villa-maria\/#\/schema\/person\/a0fb9c422317faca23d50163151bc354\"},\"headline\":\"R\u00edo Segundo: Llaryora anunci\u00f3 inversiones en obra p\u00fablica por m\u00e1s de 185 millones de pesos\",\"datePublished\":\"2024-03-22T18:00:20+00:00\",\"dateModified\":\"2024-03-25T01:44:33+00:00\",\"mainEntityOfPage\":{\"@id\":\"https:\/\/elregionalvm.com.ar\/noticias-villa-maria\/rio-segundo-llaryora-anuncio-inversiones-en-obra-publica-por-mas-de-185-millones-de-pesos\/\"},\"wordCount\":441,\"commentCount\":0,\"image\":{\"@id\":\"https:\/\/elregionalvm.com.ar\/noticias-villa-maria\/rio-segundo-llaryora-anuncio-inversiones-en-obra-publica-por-mas-de-185-millones-de-pesos\/#primaryimage\"},\"thumbnailUrl\":\"https:\/\/i0.wp.com\/elregionalvm.com.ar\/noticias-villa-maria\/wp-content\/uploads\/2024\/03\/WhatsApp-Image-2024-03-22-at-14.41.41-1.jpeg?fit=1600%2C1063&ssl=1\",\"articleSection\":[\"Provinciales\",\"Regi\u00f3n\",\"Sociedad\"],\"inLanguage\":\"es\",\"potentialAction\":[{\"@type\":\"CommentAction\",\"name\":\"Comment\",\"target\":[\"https:\/\/elregionalvm.com.ar\/noticias-villa-maria\/rio-segundo-llaryora-anuncio-inversiones-en-obra-publica-por-mas-de-185-millones-de-pesos\/#respond\"]}]},{\"@type\":\"WebPage\",\"@id\":\"https:\/\/elregionalvm.com.ar\/noticias-villa-maria\/rio-segundo-llaryora-anuncio-inversiones-en-obra-publica-por-mas-de-185-millones-de-pesos\/\",\"url\":\"https:\/\/elregionalvm.com.ar\/noticias-villa-maria\/rio-segundo-llaryora-anuncio-inversiones-en-obra-publica-por-mas-de-185-millones-de-pesos\/\",\"name\":\"R\u00edo Segundo: Llaryora anunci\u00f3 inversiones en obra p\u00fablica por m\u00e1s de 185 millones de pesos - El Regional\",\"isPartOf\":{\"@id\":\"http:\/\/elregionalvm.com.ar\/noticias-villa-maria\/#website\"},\"primaryImageOfPage\":{\"@id\":\"https:\/\/elregionalvm.com.ar\/noticias-villa-maria\/rio-segundo-llaryora-anuncio-inversiones-en-obra-publica-por-mas-de-185-millones-de-pesos\/#primaryimage\"},\"image\":{\"@id\":\"https:\/\/elregionalvm.com.ar\/noticias-villa-maria\/rio-segundo-llaryora-anuncio-inversiones-en-obra-publica-por-mas-de-185-millones-de-pesos\/#primaryimage\"},\"thumbnailUrl\":\"https:\/\/i0.wp.com\/elregionalvm.com.ar\/noticias-villa-maria\/wp-content\/uploads\/2024\/03\/WhatsApp-Image-2024-03-22-at-14.41.41-1.jpeg?fit=1600%2C1063&ssl=1\",\"datePublished\":\"2024-03-22T18:00:20+00:00\",\"dateModified\":\"2024-03-25T01:44:33+00:00\",\"author\":{\"@id\":\"http:\/\/elregionalvm.com.ar\/noticias-villa-maria\/#\/schema\/person\/a0fb9c422317faca23d50163151bc354\"},\"breadcrumb\":{\"@id\":\"https:\/\/elregionalvm.com.ar\/noticias-villa-maria\/rio-segundo-llaryora-anuncio-inversiones-en-obra-publica-por-mas-de-185-millones-de-pesos\/#breadcrumb\"},\"inLanguage\":\"es\",\"potentialAction\":[{\"@type\":\"ReadAction\",\"target\":[\"https:\/\/elregionalvm.com.ar\/noticias-villa-maria\/rio-segundo-llaryora-anuncio-inversiones-en-obra-publica-por-mas-de-185-millones-de-pesos\/\"]}]},{\"@type\":\"ImageObject\",\"inLanguage\":\"es\",\"@id\":\"https:\/\/elregionalvm.com.ar\/noticias-villa-maria\/rio-segundo-llaryora-anuncio-inversiones-en-obra-publica-por-mas-de-185-millones-de-pesos\/#primaryimage\",\"url\":\"https:\/\/i0.wp.com\/elregionalvm.com.ar\/noticias-villa-maria\/wp-content\/uploads\/2024\/03\/WhatsApp-Image-2024-03-22-at-14.41.41-1.jpeg?fit=1600%2C1063&ssl=1\",\"contentUrl\":\"https:\/\/i0.wp.com\/elregionalvm.com.ar\/noticias-villa-maria\/wp-content\/uploads\/2024\/03\/WhatsApp-Image-2024-03-22-at-14.41.41-1.jpeg?fit=1600%2C1063&ssl=1\",\"width\":1600,\"height\":1063},{\"@type\":\"BreadcrumbList\",\"@id\":\"https:\/\/elregionalvm.com.ar\/noticias-villa-maria\/rio-segundo-llaryora-anuncio-inversiones-en-obra-publica-por-mas-de-185-millones-de-pesos\/#breadcrumb\",\"itemListElement\":[{\"@type\":\"ListItem\",\"position\":1,\"name\":\"Portada\",\"item\":\"https:\/\/elregionalvm.com.ar\/noticias-villa-maria\/\"},{\"@type\":\"ListItem\",\"position\":2,\"name\":\"R\u00edo Segundo: Llaryora anunci\u00f3 inversiones en obra p\u00fablica por m\u00e1s de 185 millones de pesos\"}]},{\"@type\":\"WebSite\",\"@id\":\"http:\/\/elregionalvm.com.ar\/noticias-villa-maria\/#website\",\"url\":\"http:\/\/elregionalvm.com.ar\/noticias-villa-maria\/\",\"name\":\"El Regional\",\"description\":\"Mucho m\u00e1s que informaci\u00f3n\",\"potentialAction\":[{\"@type\":\"SearchAction\",\"target\":{\"@type\":\"EntryPoint\",\"urlTemplate\":\"http:\/\/elregionalvm.com.ar\/noticias-villa-maria\/?s={search_term_string}\"},\"query-input\":{\"@type\":\"PropertyValueSpecification\",\"valueRequired\":true,\"valueName\":\"search_term_string\"}}],\"inLanguage\":\"es\"},{\"@type\":\"Person\",\"@id\":\"http:\/\/elregionalvm.com.ar\/noticias-villa-maria\/#\/schema\/person\/a0fb9c422317faca23d50163151bc354\",\"name\":\"Contenidos El Regional\",\"image\":{\"@type\":\"ImageObject\",\"inLanguage\":\"es\",\"@id\":\"http:\/\/elregionalvm.com.ar\/noticias-villa-maria\/#\/schema\/person\/image\/\",\"url\":\"https:\/\/secure.gravatar.com\/avatar\/265b27cb2209af7bb3a1318f03305787d7981a5cc6e6cd08fe5a4ecdf99d4b48?s=96&d=mm&r=g\",\"contentUrl\":\"https:\/\/secure.gravatar.com\/avatar\/265b27cb2209af7bb3a1318f03305787d7981a5cc6e6cd08fe5a4ecdf99d4b48?s=96&d=mm&r=g\",\"caption\":\"Contenidos El Regional\"},\"url\":\"https:\/\/elregionalvm.com.ar\/noticias-villa-maria\/author\/contenido\/\"}]}<\/script>\n<!-- \/ Yoast SEO plugin. -->","yoast_head_json":{"title":"R\u00edo Segundo: Llaryora anunci\u00f3 inversiones en obra p\u00fablica por m\u00e1s de 185 millones de pesos - El Regional","robots":{"index":"index","follow":"follow","max-snippet":"max-snippet:-1","max-image-preview":"max-image-preview:large","max-video-preview":"max-video-preview:-1"},"canonical":"https:\/\/elregionalvm.com.ar\/noticias-villa-maria\/rio-segundo-llaryora-anuncio-inversiones-en-obra-publica-por-mas-de-185-millones-de-pesos\/","og_locale":"es_ES","og_type":"article","og_title":"R\u00edo Segundo: Llaryora anunci\u00f3 inversiones en obra p\u00fablica por m\u00e1s de 185 millones de pesos - El Regional","og_description":"El gobernador Mart\u00edn Llaryora visit\u00f3 R\u00edo Segundo, donde entreg\u00f3 un aporte de 100 millones de pesos para obras de pavimentaci\u00f3n, cord\u00f3n cuneta y puesta en valor de la plaza Sarmiento. Adem\u00e1s, anunci\u00f3 la construcci\u00f3n de salas de Jard\u00edn de Infantes para dos colegios de la localidad, con una inversi\u00f3n total de $86.497.360. \u201cSon obras que [&hellip;]","og_url":"https:\/\/elregionalvm.com.ar\/noticias-villa-maria\/rio-segundo-llaryora-anuncio-inversiones-en-obra-publica-por-mas-de-185-millones-de-pesos\/","og_site_name":"El Regional","article_publisher":"https:\/\/www.facebook.com\/elregionalvm","article_published_time":"2024-03-22T18:00:20+00:00","article_modified_time":"2024-03-25T01:44:33+00:00","og_image":[{"width":1600,"height":1063,"url":"https:\/\/elregionalvm.com.ar\/noticias-villa-maria\/wp-content\/uploads\/2024\/03\/WhatsApp-Image-2024-03-22-at-14.41.41-1.jpeg","type":"image\/jpeg"}],"author":"Contenidos El Regional","twitter_card":"summary_large_image","twitter_creator":"@elregionalvm1","twitter_site":"@elregionalvm1","twitter_misc":{"Escrito por":"Contenidos El Regional","Tiempo de lectura":"3 minutos"},"schema":{"@context":"https:\/\/schema.org","@graph":[{"@type":"Article","@id":"https:\/\/elregionalvm.com.ar\/noticias-villa-maria\/rio-segundo-llaryora-anuncio-inversiones-en-obra-publica-por-mas-de-185-millones-de-pesos\/#article","isPartOf":{"@id":"https:\/\/elregionalvm.com.ar\/noticias-villa-maria\/rio-segundo-llaryora-anuncio-inversiones-en-obra-publica-por-mas-de-185-millones-de-pesos\/"},"author":{"name":"Contenidos El Regional","@id":"http:\/\/elregionalvm.com.ar\/noticias-villa-maria\/#\/schema\/person\/a0fb9c422317faca23d50163151bc354"},"headline":"R\u00edo Segundo: Llaryora anunci\u00f3 inversiones en obra p\u00fablica por m\u00e1s de 185 millones de pesos","datePublished":"2024-03-22T18:00:20+00:00","dateModified":"2024-03-25T01:44:33+00:00","mainEntityOfPage":{"@id":"https:\/\/elregionalvm.com.ar\/noticias-villa-maria\/rio-segundo-llaryora-anuncio-inversiones-en-obra-publica-por-mas-de-185-millones-de-pesos\/"},"wordCount":441,"commentCount":0,"image":{"@id":"https:\/\/elregionalvm.com.ar\/noticias-villa-maria\/rio-segundo-llaryora-anuncio-inversiones-en-obra-publica-por-mas-de-185-millones-de-pesos\/#primaryimage"},"thumbnailUrl":"https:\/\/i0.wp.com\/elregionalvm.com.ar\/noticias-villa-maria\/wp-content\/uploads\/2024\/03\/WhatsApp-Image-2024-03-22-at-14.41.41-1.jpeg?fit=1600%2C1063&ssl=1","articleSection":["Provinciales","Regi\u00f3n","Sociedad"],"inLanguage":"es","potentialAction":[{"@type":"CommentAction","name":"Comment","target":["https:\/\/elregionalvm.com.ar\/noticias-villa-maria\/rio-segundo-llaryora-anuncio-inversiones-en-obra-publica-por-mas-de-185-millones-de-pesos\/#respond"]}]},{"@type":"WebPage","@id":"https:\/\/elregionalvm.com.ar\/noticias-villa-maria\/rio-segundo-llaryora-anuncio-inversiones-en-obra-publica-por-mas-de-185-millones-de-pesos\/","url":"https:\/\/elregionalvm.com.ar\/noticias-villa-maria\/rio-segundo-llaryora-anuncio-inversiones-en-obra-publica-por-mas-de-185-millones-de-pesos\/","name":"R\u00edo Segundo: Llaryora anunci\u00f3 inversiones en obra p\u00fablica por m\u00e1s de 185 millones de pesos - El Regional","isPartOf":{"@id":"http:\/\/elregionalvm.com.ar\/noticias-villa-maria\/#website"},"primaryImageOfPage":{"@id":"https:\/\/elregionalvm.com.ar\/noticias-villa-maria\/rio-segundo-llaryora-anuncio-inversiones-en-obra-publica-por-mas-de-185-millones-de-pesos\/#primaryimage"},"image":{"@id":"https:\/\/elregionalvm.com.ar\/noticias-villa-maria\/rio-segundo-llaryora-anuncio-inversiones-en-obra-publica-por-mas-de-185-millones-de-pesos\/#primaryimage"},"thumbnailUrl":"https:\/\/i0.wp.com\/elregionalvm.com.ar\/noticias-villa-maria\/wp-content\/uploads\/2024\/03\/WhatsApp-Image-2024-03-22-at-14.41.41-1.jpeg?fit=1600%2C1063&ssl=1","datePublished":"2024-03-22T18:00:20+00:00","dateModified":"2024-03-25T01:44:33+00:00","author":{"@id":"http:\/\/elregionalvm.com.ar\/noticias-villa-maria\/#\/schema\/person\/a0fb9c422317faca23d50163151bc354"},"breadcrumb":{"@id":"https:\/\/elregionalvm.com.ar\/noticias-villa-maria\/rio-segundo-llaryora-anuncio-inversiones-en-obra-publica-por-mas-de-185-millones-de-pesos\/#breadcrumb"},"inLanguage":"es","potentialAction":[{"@type":"ReadAction","target":["https:\/\/elregionalvm.com.ar\/noticias-villa-maria\/rio-segundo-llaryora-anuncio-inversiones-en-obra-publica-por-mas-de-185-millones-de-pesos\/"]}]},{"@type":"ImageObject","inLanguage":"es","@id":"https:\/\/elregionalvm.com.ar\/noticias-villa-maria\/rio-segundo-llaryora-anuncio-inversiones-en-obra-publica-por-mas-de-185-millones-de-pesos\/#primaryimage","url":"https:\/\/i0.wp.com\/elregionalvm.com.ar\/noticias-villa-maria\/wp-content\/uploads\/2024\/03\/WhatsApp-Image-2024-03-22-at-14.41.41-1.jpeg?fit=1600%2C1063&ssl=1","contentUrl":"https:\/\/i0.wp.com\/elregionalvm.com.ar\/noticias-villa-maria\/wp-content\/uploads\/2024\/03\/WhatsApp-Image-2024-03-22-at-14.41.41-1.jpeg?fit=1600%2C1063&ssl=1","width":1600,"height":1063},{"@type":"BreadcrumbList","@id":"https:\/\/elregionalvm.com.ar\/noticias-villa-maria\/rio-segundo-llaryora-anuncio-inversiones-en-obra-publica-por-mas-de-185-millones-de-pesos\/#breadcrumb","itemListElement":[{"@type":"ListItem","position":1,"name":"Portada","item":"https:\/\/elregionalvm.com.ar\/noticias-villa-maria\/"},{"@type":"ListItem","position":2,"name":"R\u00edo Segundo: Llaryora anunci\u00f3 inversiones en obra p\u00fablica por m\u00e1s de 185 millones de pesos"}]},{"@type":"WebSite","@id":"http:\/\/elregionalvm.com.ar\/noticias-villa-maria\/#website","url":"http:\/\/elregionalvm.com.ar\/noticias-villa-maria\/","name":"El Regional","description":"Mucho m\u00e1s que informaci\u00f3n","potentialAction":[{"@type":"SearchAction","target":{"@type":"EntryPoint","urlTemplate":"http:\/\/elregionalvm.com.ar\/noticias-villa-maria\/?s={search_term_string}"},"query-input":{"@type":"PropertyValueSpecification","valueRequired":true,"valueName":"search_term_string"}}],"inLanguage":"es"},{"@type":"Person","@id":"http:\/\/elregionalvm.com.ar\/noticias-villa-maria\/#\/schema\/person\/a0fb9c422317faca23d50163151bc354","name":"Contenidos El Regional","image":{"@type":"ImageObject","inLanguage":"es","@id":"http:\/\/elregionalvm.com.ar\/noticias-villa-maria\/#\/schema\/person\/image\/","url":"https:\/\/secure.gravatar.com\/avatar\/265b27cb2209af7bb3a1318f03305787d7981a5cc6e6cd08fe5a4ecdf99d4b48?s=96&d=mm&r=g","contentUrl":"https:\/\/secure.gravatar.com\/avatar\/265b27cb2209af7bb3a1318f03305787d7981a5cc6e6cd08fe5a4ecdf99d4b48?s=96&d=mm&r=g","caption":"Contenidos El Regional"},"url":"https:\/\/elregionalvm.com.ar\/noticias-villa-maria\/author\/contenido\/"}]}},"jetpack_featured_media_url":"https:\/\/i0.wp.com\/elregionalvm.com.ar\/noticias-villa-maria\/wp-content\/uploads\/2024\/03\/WhatsApp-Image-2024-03-22-at-14.41.41-1.jpeg?fit=1600%2C1063&ssl=1","jetpack_sharing_enabled":true,"_links":{"self":[{"href":"https:\/\/elregionalvm.com.ar\/noticias-villa-maria\/wp-json\/wp\/v2\/posts\/91669","targetHints":{"allow":["GET"]}}],"collection":[{"href":"https:\/\/elregionalvm.com.ar\/noticias-villa-maria\/wp-json\/wp\/v2\/posts"}],"about":[{"href":"https:\/\/elregionalvm.com.ar\/noticias-villa-maria\/wp-json\/wp\/v2\/types\/post"}],"author":[{"embeddable":true,"href":"https:\/\/elregionalvm.com.ar\/noticias-villa-maria\/wp-json\/wp\/v2\/users\/4"}],"replies":[{"embeddable":true,"href":"https:\/\/elregionalvm.com.ar\/noticias-villa-maria\/wp-json\/wp\/v2\/comments?post=91669"}],"version-history":[{"count":1,"href":"https:\/\/elregionalvm.com.ar\/noticias-villa-maria\/wp-json\/wp\/v2\/posts\/91669\/revisions"}],"predecessor-version":[{"id":91671,"href":"https:\/\/elregionalvm.com.ar\/noticias-villa-maria\/wp-json\/wp\/v2\/posts\/91669\/revisions\/91671"}],"wp:featuredmedia":[{"embeddable":true,"href":"https:\/\/elregionalvm.com.ar\/noticias-villa-maria\/wp-json\/wp\/v2\/media\/91670"}],"wp:attachment":[{"href":"https:\/\/elregionalvm.com.ar\/noticias-villa-maria\/wp-json\/wp\/v2\/media?parent=91669"}],"wp:term":[{"taxonomy":"category","embeddable":true,"href":"https:\/\/elregionalvm.com.ar\/noticias-villa-maria\/wp-json\/wp\/v2\/categories?post=91669"},{"taxonomy":"post_tag","embeddable":true,"href":"https:\/\/elregionalvm.com.ar\/noticias-villa-maria\/wp-json\/wp\/v2\/tags?post=91669"}],"curies":[{"name":"wp","href":"https:\/\/api.w.org\/{rel}","templated":true}]}}