{"id":91677,"date":"2024-03-22T18:07:40","date_gmt":"2024-03-22T18:07:40","guid":{"rendered":"https:\/\/elregionalvm.com.ar\/noticias-villa-maria\/?p=91677"},"modified":"2024-03-25T01:44:26","modified_gmt":"2024-03-25T01:44:26","slug":"el-instituto-de-humanas-de-la-unvm-y-el-municipio-firmaron-un-acuerdo-para-articular-acciones-de-salud-y-educacion","status":"publish","type":"post","link":"https:\/\/elregionalvm.com.ar\/noticias-villa-maria\/el-instituto-de-humanas-de-la-unvm-y-el-municipio-firmaron-un-acuerdo-para-articular-acciones-de-salud-y-educacion\/","title":{"rendered":"La UNVM y el municipio firmaron un acuerdo para articular acciones de salud y educaci\u00f3n"},"content":{"rendered":"\n<p>En la ma\u00f1ana de hoy, el intendente Eduardo Accastello, junto a integrantes de su Gabinete, recibieron a la decana del Instituto Acad\u00e9mico Pedag\u00f3gico de Ciencias Humanas de la Universidad Nacional de Villa Mar\u00eda, Daniela Dubois, para rubricar un convenio de trabajo que tiene por objetivo que las y los estudiantes de carreras correspondientes al \u00e1mbito de salud y educaci\u00f3n, puedan desarrollar pr\u00e1cticas pre-profesionales en dependencias municipales.<\/p>\n\n\n\n<figure class=\"wp-block-image size-large\"><img data-recalc-dims=\"1\" fetchpriority=\"high\" decoding=\"async\" width=\"1024\" height=\"684\" src=\"https:\/\/i0.wp.com\/elregionalvm.com.ar\/noticias-villa-maria\/wp-content\/uploads\/2024\/03\/WhatsApp-Image-2024-03-22-at-2.11.05-PM-1.jpeg?resize=1024%2C684&#038;ssl=1\" alt=\"\" class=\"wp-image-91678\" srcset=\"https:\/\/i0.wp.com\/elregionalvm.com.ar\/noticias-villa-maria\/wp-content\/uploads\/2024\/03\/WhatsApp-Image-2024-03-22-at-2.11.05-PM-1.jpeg?resize=1024%2C684&amp;ssl=1 1024w, https:\/\/i0.wp.com\/elregionalvm.com.ar\/noticias-villa-maria\/wp-content\/uploads\/2024\/03\/WhatsApp-Image-2024-03-22-at-2.11.05-PM-1.jpeg?resize=300%2C200&amp;ssl=1 300w, https:\/\/i0.wp.com\/elregionalvm.com.ar\/noticias-villa-maria\/wp-content\/uploads\/2024\/03\/WhatsApp-Image-2024-03-22-at-2.11.05-PM-1.jpeg?resize=768%2C513&amp;ssl=1 768w, https:\/\/i0.wp.com\/elregionalvm.com.ar\/noticias-villa-maria\/wp-content\/uploads\/2024\/03\/WhatsApp-Image-2024-03-22-at-2.11.05-PM-1.jpeg?w=1280&amp;ssl=1 1280w\" sizes=\"(max-width: 1000px) 100vw, 1000px\" \/><\/figure>\n\n\n\n<p>De esta forma, estudiantes de Enfermer\u00eda, Terapia Ocupacional, Psicopedagog\u00eda y de Medicina, podr\u00e1n potenciar su formaci\u00f3n en los Centros de Atenci\u00f3n Primaria de la Salud (CAPS) y la Asistencia P\u00fablica.<\/p>\n\n\n\n<p>En este sentido, el intendente Accastello mencion\u00f3: \u00abLas instituciones tenemos que unirnos en estos momentos, es necesario trabajar sobre los elementos que nos unen y avanzar juntos para que cada vez mas estudiantes elijan formarse en Villa Mar\u00eda\u00bb..<\/p>\n\n\n\n<p>Por su parte la decana del IAPCH, Daniela Dubois, expres\u00f3: \u201cEstamos convencidos de que la articulaci\u00f3n entre las instituciones es fundamental. Consolidar lo que ya se est\u00e1 haciendo, y generar nuevas respuestas a la comunidad, aportan a que podamos cumplir con los objetivos que tienen tanto la Universidad como el Municipio para la sociedad\u201c.<\/p>\n\n\n\n<p>Cabe se\u00f1alar que ambas instituciones tambi\u00e9n acordaron delinear acciones conjuntas en materia art\u00edstica y deportiva.<\/p>\n\n\n\n<p>Estuvieron presentes, por parte del municipio, la secretaria de Educaci\u00f3n e Igualdad, Adela Guirardelli; la subsecretaria de Pol\u00edticas de Igualdad, Melina Mosquera; el subsecretario de Salud, Juli\u00e1n L\u00f3pez. En representaci\u00f3n del Instituto Acad\u00e9mico Pedag\u00f3gico de Ciencias Humanas participaron la Secretaria Acad\u00e9mica, Silvia Paredes; el Secretario de Investigaci\u00f3n y Extensi\u00f3n, Jorge Anunciata y la Secretaria de Vinculaci\u00f3n, Cristina Siragusa.<\/p>\n","protected":false},"excerpt":{"rendered":"<p>En la ma\u00f1ana de hoy, el intendente Eduardo Accastello, junto a integrantes de su Gabinete, recibieron a la decana del Instituto Acad\u00e9mico Pedag\u00f3gico de Ciencias Humanas de la Universidad Nacional de Villa Mar\u00eda, Daniela Dubois, para rubricar un convenio de trabajo que tiene por objetivo que las y los estudiantes de carreras correspondientes al \u00e1mbito [&hellip;]<\/p>\n","protected":false},"author":4,"featured_media":91679,"comment_status":"open","ping_status":"open","sticky":false,"template":"","format":"standard","meta":{"site-sidebar-layout":"default","site-content-layout":"","ast-site-content-layout":"default","site-content-style":"default","site-sidebar-style":"default","ast-global-header-display":"","ast-banner-title-visibility":"","ast-main-header-display":"","ast-hfb-above-header-display":"","ast-hfb-below-header-display":"","ast-hfb-mobile-header-display":"","site-post-title":"","ast-breadcrumbs-content":"","ast-featured-img":"","footer-sml-layout":"","ast-disable-related-posts":"","theme-transparent-header-meta":"","adv-header-id-meta":"","stick-header-meta":"","header-above-stick-meta":"","header-main-stick-meta":"","header-below-stick-meta":"","astra-migrate-meta-layouts":"set","ast-page-background-enabled":"default","ast-page-background-meta":{"desktop":{"background-color":"","background-image":"","background-repeat":"repeat","background-position":"center center","background-size":"auto","background-attachment":"scroll","background-type":"","background-media":"","overlay-type":"","overlay-color":"","overlay-opacity":"","overlay-gradient":""},"tablet":{"background-color":"","background-image":"","background-repeat":"repeat","background-position":"center center","background-size":"auto","background-attachment":"scroll","background-type":"","background-media":"","overlay-type":"","overlay-color":"","overlay-opacity":"","overlay-gradient":""},"mobile":{"background-color":"","background-image":"","background-repeat":"repeat","background-position":"center center","background-size":"auto","background-attachment":"scroll","background-type":"","background-media":"","overlay-type":"","overlay-color":"","overlay-opacity":"","overlay-gradient":""}},"ast-content-background-meta":{"desktop":{"background-color":"var(--ast-global-color-5)","background-image":"","background-repeat":"repeat","background-position":"center center","background-size":"auto","background-attachment":"scroll","background-type":"","background-media":"","overlay-type":"","overlay-color":"","overlay-opacity":"","overlay-gradient":""},"tablet":{"background-color":"var(--ast-global-color-5)","background-image":"","background-repeat":"repeat","background-position":"center center","background-size":"auto","background-attachment":"scroll","background-type":"","background-media":"","overlay-type":"","overlay-color":"","overlay-opacity":"","overlay-gradient":""},"mobile":{"background-color":"var(--ast-global-color-5)","background-image":"","background-repeat":"repeat","background-position":"center center","background-size":"auto","background-attachment":"scroll","background-type":"","background-media":"","overlay-type":"","overlay-color":"","overlay-opacity":"","overlay-gradient":""}},"_jetpack_memberships_contains_paid_content":false,"_joinchat":[],"footnotes":""},"categories":[15302,5,2],"tags":[],"class_list":["post-91677","post","type-post","status-publish","format-standard","has-post-thumbnail","hentry","category-destacado","category-sociedad","category-villa-maria"],"yoast_head":"<!-- This site is optimized with the Yoast SEO plugin v26.8 - https:\/\/yoast.com\/product\/yoast-seo-wordpress\/ -->\n<title>La UNVM y el municipio firmaron un acuerdo para articular acciones de salud y educaci\u00f3n - El Regional<\/title>\n<meta name=\"robots\" content=\"index, follow, max-snippet:-1, max-image-preview:large, max-video-preview:-1\" \/>\n<link rel=\"canonical\" href=\"https:\/\/elregionalvm.com.ar\/noticias-villa-maria\/el-instituto-de-humanas-de-la-unvm-y-el-municipio-firmaron-un-acuerdo-para-articular-acciones-de-salud-y-educacion\/\" \/>\n<meta property=\"og:locale\" content=\"es_ES\" \/>\n<meta property=\"og:type\" content=\"article\" \/>\n<meta property=\"og:title\" content=\"La UNVM y el municipio firmaron un acuerdo para articular acciones de salud y educaci\u00f3n - El Regional\" \/>\n<meta property=\"og:description\" content=\"En la ma\u00f1ana de hoy, el intendente Eduardo Accastello, junto a integrantes de su Gabinete, recibieron a la decana del Instituto Acad\u00e9mico Pedag\u00f3gico de Ciencias Humanas de la Universidad Nacional de Villa Mar\u00eda, Daniela Dubois, para rubricar un convenio de trabajo que tiene por objetivo que las y los estudiantes de carreras correspondientes al \u00e1mbito [&hellip;]\" \/>\n<meta property=\"og:url\" content=\"https:\/\/elregionalvm.com.ar\/noticias-villa-maria\/el-instituto-de-humanas-de-la-unvm-y-el-municipio-firmaron-un-acuerdo-para-articular-acciones-de-salud-y-educacion\/\" \/>\n<meta property=\"og:site_name\" content=\"El Regional\" \/>\n<meta property=\"article:publisher\" content=\"https:\/\/www.facebook.com\/elregionalvm\" \/>\n<meta property=\"article:published_time\" content=\"2024-03-22T18:07:40+00:00\" \/>\n<meta property=\"article:modified_time\" content=\"2024-03-25T01:44:26+00:00\" \/>\n<meta property=\"og:image\" content=\"https:\/\/elregionalvm.com.ar\/noticias-villa-maria\/wp-content\/uploads\/2024\/03\/WhatsApp-Image-2024-03-22-at-2.11.05-PM.jpeg\" \/>\n\t<meta property=\"og:image:width\" content=\"1600\" \/>\n\t<meta property=\"og:image:height\" content=\"1069\" \/>\n\t<meta property=\"og:image:type\" content=\"image\/jpeg\" \/>\n<meta name=\"author\" content=\"Contenidos El Regional\" \/>\n<meta name=\"twitter:card\" content=\"summary_large_image\" \/>\n<meta name=\"twitter:creator\" content=\"@elregionalvm1\" \/>\n<meta name=\"twitter:site\" content=\"@elregionalvm1\" \/>\n<meta name=\"twitter:label1\" content=\"Escrito por\" \/>\n\t<meta name=\"twitter:data1\" content=\"Contenidos El Regional\" \/>\n\t<meta name=\"twitter:label2\" content=\"Tiempo de lectura\" \/>\n\t<meta name=\"twitter:data2\" content=\"2 minutos\" \/>\n<script type=\"application\/ld+json\" class=\"yoast-schema-graph\">{\"@context\":\"https:\/\/schema.org\",\"@graph\":[{\"@type\":\"Article\",\"@id\":\"https:\/\/elregionalvm.com.ar\/noticias-villa-maria\/el-instituto-de-humanas-de-la-unvm-y-el-municipio-firmaron-un-acuerdo-para-articular-acciones-de-salud-y-educacion\/#article\",\"isPartOf\":{\"@id\":\"https:\/\/elregionalvm.com.ar\/noticias-villa-maria\/el-instituto-de-humanas-de-la-unvm-y-el-municipio-firmaron-un-acuerdo-para-articular-acciones-de-salud-y-educacion\/\"},\"author\":{\"name\":\"Contenidos El Regional\",\"@id\":\"http:\/\/elregionalvm.com.ar\/noticias-villa-maria\/#\/schema\/person\/a0fb9c422317faca23d50163151bc354\"},\"headline\":\"La UNVM y el municipio firmaron un acuerdo para articular acciones de salud y educaci\u00f3n\",\"datePublished\":\"2024-03-22T18:07:40+00:00\",\"dateModified\":\"2024-03-25T01:44:26+00:00\",\"mainEntityOfPage\":{\"@id\":\"https:\/\/elregionalvm.com.ar\/noticias-villa-maria\/el-instituto-de-humanas-de-la-unvm-y-el-municipio-firmaron-un-acuerdo-para-articular-acciones-de-salud-y-educacion\/\"},\"wordCount\":305,\"commentCount\":0,\"image\":{\"@id\":\"https:\/\/elregionalvm.com.ar\/noticias-villa-maria\/el-instituto-de-humanas-de-la-unvm-y-el-municipio-firmaron-un-acuerdo-para-articular-acciones-de-salud-y-educacion\/#primaryimage\"},\"thumbnailUrl\":\"https:\/\/i0.wp.com\/elregionalvm.com.ar\/noticias-villa-maria\/wp-content\/uploads\/2024\/03\/WhatsApp-Image-2024-03-22-at-2.11.05-PM.jpeg?fit=1600%2C1069&ssl=1\",\"articleSection\":[\"destacado\",\"Sociedad\",\"Villa Mar\u00eda\"],\"inLanguage\":\"es\",\"potentialAction\":[{\"@type\":\"CommentAction\",\"name\":\"Comment\",\"target\":[\"https:\/\/elregionalvm.com.ar\/noticias-villa-maria\/el-instituto-de-humanas-de-la-unvm-y-el-municipio-firmaron-un-acuerdo-para-articular-acciones-de-salud-y-educacion\/#respond\"]}]},{\"@type\":\"WebPage\",\"@id\":\"https:\/\/elregionalvm.com.ar\/noticias-villa-maria\/el-instituto-de-humanas-de-la-unvm-y-el-municipio-firmaron-un-acuerdo-para-articular-acciones-de-salud-y-educacion\/\",\"url\":\"https:\/\/elregionalvm.com.ar\/noticias-villa-maria\/el-instituto-de-humanas-de-la-unvm-y-el-municipio-firmaron-un-acuerdo-para-articular-acciones-de-salud-y-educacion\/\",\"name\":\"La UNVM y el municipio firmaron un acuerdo para articular acciones de salud y educaci\u00f3n - El Regional\",\"isPartOf\":{\"@id\":\"http:\/\/elregionalvm.com.ar\/noticias-villa-maria\/#website\"},\"primaryImageOfPage\":{\"@id\":\"https:\/\/elregionalvm.com.ar\/noticias-villa-maria\/el-instituto-de-humanas-de-la-unvm-y-el-municipio-firmaron-un-acuerdo-para-articular-acciones-de-salud-y-educacion\/#primaryimage\"},\"image\":{\"@id\":\"https:\/\/elregionalvm.com.ar\/noticias-villa-maria\/el-instituto-de-humanas-de-la-unvm-y-el-municipio-firmaron-un-acuerdo-para-articular-acciones-de-salud-y-educacion\/#primaryimage\"},\"thumbnailUrl\":\"https:\/\/i0.wp.com\/elregionalvm.com.ar\/noticias-villa-maria\/wp-content\/uploads\/2024\/03\/WhatsApp-Image-2024-03-22-at-2.11.05-PM.jpeg?fit=1600%2C1069&ssl=1\",\"datePublished\":\"2024-03-22T18:07:40+00:00\",\"dateModified\":\"2024-03-25T01:44:26+00:00\",\"author\":{\"@id\":\"http:\/\/elregionalvm.com.ar\/noticias-villa-maria\/#\/schema\/person\/a0fb9c422317faca23d50163151bc354\"},\"breadcrumb\":{\"@id\":\"https:\/\/elregionalvm.com.ar\/noticias-villa-maria\/el-instituto-de-humanas-de-la-unvm-y-el-municipio-firmaron-un-acuerdo-para-articular-acciones-de-salud-y-educacion\/#breadcrumb\"},\"inLanguage\":\"es\",\"potentialAction\":[{\"@type\":\"ReadAction\",\"target\":[\"https:\/\/elregionalvm.com.ar\/noticias-villa-maria\/el-instituto-de-humanas-de-la-unvm-y-el-municipio-firmaron-un-acuerdo-para-articular-acciones-de-salud-y-educacion\/\"]}]},{\"@type\":\"ImageObject\",\"inLanguage\":\"es\",\"@id\":\"https:\/\/elregionalvm.com.ar\/noticias-villa-maria\/el-instituto-de-humanas-de-la-unvm-y-el-municipio-firmaron-un-acuerdo-para-articular-acciones-de-salud-y-educacion\/#primaryimage\",\"url\":\"https:\/\/i0.wp.com\/elregionalvm.com.ar\/noticias-villa-maria\/wp-content\/uploads\/2024\/03\/WhatsApp-Image-2024-03-22-at-2.11.05-PM.jpeg?fit=1600%2C1069&ssl=1\",\"contentUrl\":\"https:\/\/i0.wp.com\/elregionalvm.com.ar\/noticias-villa-maria\/wp-content\/uploads\/2024\/03\/WhatsApp-Image-2024-03-22-at-2.11.05-PM.jpeg?fit=1600%2C1069&ssl=1\",\"width\":1600,\"height\":1069},{\"@type\":\"BreadcrumbList\",\"@id\":\"https:\/\/elregionalvm.com.ar\/noticias-villa-maria\/el-instituto-de-humanas-de-la-unvm-y-el-municipio-firmaron-un-acuerdo-para-articular-acciones-de-salud-y-educacion\/#breadcrumb\",\"itemListElement\":[{\"@type\":\"ListItem\",\"position\":1,\"name\":\"Portada\",\"item\":\"https:\/\/elregionalvm.com.ar\/noticias-villa-maria\/\"},{\"@type\":\"ListItem\",\"position\":2,\"name\":\"La UNVM y el municipio firmaron un acuerdo para articular acciones de salud y educaci\u00f3n\"}]},{\"@type\":\"WebSite\",\"@id\":\"http:\/\/elregionalvm.com.ar\/noticias-villa-maria\/#website\",\"url\":\"http:\/\/elregionalvm.com.ar\/noticias-villa-maria\/\",\"name\":\"El Regional\",\"description\":\"Mucho m\u00e1s que informaci\u00f3n\",\"potentialAction\":[{\"@type\":\"SearchAction\",\"target\":{\"@type\":\"EntryPoint\",\"urlTemplate\":\"http:\/\/elregionalvm.com.ar\/noticias-villa-maria\/?s={search_term_string}\"},\"query-input\":{\"@type\":\"PropertyValueSpecification\",\"valueRequired\":true,\"valueName\":\"search_term_string\"}}],\"inLanguage\":\"es\"},{\"@type\":\"Person\",\"@id\":\"http:\/\/elregionalvm.com.ar\/noticias-villa-maria\/#\/schema\/person\/a0fb9c422317faca23d50163151bc354\",\"name\":\"Contenidos El Regional\",\"image\":{\"@type\":\"ImageObject\",\"inLanguage\":\"es\",\"@id\":\"http:\/\/elregionalvm.com.ar\/noticias-villa-maria\/#\/schema\/person\/image\/\",\"url\":\"https:\/\/secure.gravatar.com\/avatar\/265b27cb2209af7bb3a1318f03305787d7981a5cc6e6cd08fe5a4ecdf99d4b48?s=96&d=mm&r=g\",\"contentUrl\":\"https:\/\/secure.gravatar.com\/avatar\/265b27cb2209af7bb3a1318f03305787d7981a5cc6e6cd08fe5a4ecdf99d4b48?s=96&d=mm&r=g\",\"caption\":\"Contenidos El Regional\"},\"url\":\"https:\/\/elregionalvm.com.ar\/noticias-villa-maria\/author\/contenido\/\"}]}<\/script>\n<!-- \/ Yoast SEO plugin. -->","yoast_head_json":{"title":"La UNVM y el municipio firmaron un acuerdo para articular acciones de salud y educaci\u00f3n - El Regional","robots":{"index":"index","follow":"follow","max-snippet":"max-snippet:-1","max-image-preview":"max-image-preview:large","max-video-preview":"max-video-preview:-1"},"canonical":"https:\/\/elregionalvm.com.ar\/noticias-villa-maria\/el-instituto-de-humanas-de-la-unvm-y-el-municipio-firmaron-un-acuerdo-para-articular-acciones-de-salud-y-educacion\/","og_locale":"es_ES","og_type":"article","og_title":"La UNVM y el municipio firmaron un acuerdo para articular acciones de salud y educaci\u00f3n - El Regional","og_description":"En la ma\u00f1ana de hoy, el intendente Eduardo Accastello, junto a integrantes de su Gabinete, recibieron a la decana del Instituto Acad\u00e9mico Pedag\u00f3gico de Ciencias Humanas de la Universidad Nacional de Villa Mar\u00eda, Daniela Dubois, para rubricar un convenio de trabajo que tiene por objetivo que las y los estudiantes de carreras correspondientes al \u00e1mbito [&hellip;]","og_url":"https:\/\/elregionalvm.com.ar\/noticias-villa-maria\/el-instituto-de-humanas-de-la-unvm-y-el-municipio-firmaron-un-acuerdo-para-articular-acciones-de-salud-y-educacion\/","og_site_name":"El Regional","article_publisher":"https:\/\/www.facebook.com\/elregionalvm","article_published_time":"2024-03-22T18:07:40+00:00","article_modified_time":"2024-03-25T01:44:26+00:00","og_image":[{"width":1600,"height":1069,"url":"https:\/\/elregionalvm.com.ar\/noticias-villa-maria\/wp-content\/uploads\/2024\/03\/WhatsApp-Image-2024-03-22-at-2.11.05-PM.jpeg","type":"image\/jpeg"}],"author":"Contenidos El Regional","twitter_card":"summary_large_image","twitter_creator":"@elregionalvm1","twitter_site":"@elregionalvm1","twitter_misc":{"Escrito por":"Contenidos El Regional","Tiempo de lectura":"2 minutos"},"schema":{"@context":"https:\/\/schema.org","@graph":[{"@type":"Article","@id":"https:\/\/elregionalvm.com.ar\/noticias-villa-maria\/el-instituto-de-humanas-de-la-unvm-y-el-municipio-firmaron-un-acuerdo-para-articular-acciones-de-salud-y-educacion\/#article","isPartOf":{"@id":"https:\/\/elregionalvm.com.ar\/noticias-villa-maria\/el-instituto-de-humanas-de-la-unvm-y-el-municipio-firmaron-un-acuerdo-para-articular-acciones-de-salud-y-educacion\/"},"author":{"name":"Contenidos El Regional","@id":"http:\/\/elregionalvm.com.ar\/noticias-villa-maria\/#\/schema\/person\/a0fb9c422317faca23d50163151bc354"},"headline":"La UNVM y el municipio firmaron un acuerdo para articular acciones de salud y educaci\u00f3n","datePublished":"2024-03-22T18:07:40+00:00","dateModified":"2024-03-25T01:44:26+00:00","mainEntityOfPage":{"@id":"https:\/\/elregionalvm.com.ar\/noticias-villa-maria\/el-instituto-de-humanas-de-la-unvm-y-el-municipio-firmaron-un-acuerdo-para-articular-acciones-de-salud-y-educacion\/"},"wordCount":305,"commentCount":0,"image":{"@id":"https:\/\/elregionalvm.com.ar\/noticias-villa-maria\/el-instituto-de-humanas-de-la-unvm-y-el-municipio-firmaron-un-acuerdo-para-articular-acciones-de-salud-y-educacion\/#primaryimage"},"thumbnailUrl":"https:\/\/i0.wp.com\/elregionalvm.com.ar\/noticias-villa-maria\/wp-content\/uploads\/2024\/03\/WhatsApp-Image-2024-03-22-at-2.11.05-PM.jpeg?fit=1600%2C1069&ssl=1","articleSection":["destacado","Sociedad","Villa Mar\u00eda"],"inLanguage":"es","potentialAction":[{"@type":"CommentAction","name":"Comment","target":["https:\/\/elregionalvm.com.ar\/noticias-villa-maria\/el-instituto-de-humanas-de-la-unvm-y-el-municipio-firmaron-un-acuerdo-para-articular-acciones-de-salud-y-educacion\/#respond"]}]},{"@type":"WebPage","@id":"https:\/\/elregionalvm.com.ar\/noticias-villa-maria\/el-instituto-de-humanas-de-la-unvm-y-el-municipio-firmaron-un-acuerdo-para-articular-acciones-de-salud-y-educacion\/","url":"https:\/\/elregionalvm.com.ar\/noticias-villa-maria\/el-instituto-de-humanas-de-la-unvm-y-el-municipio-firmaron-un-acuerdo-para-articular-acciones-de-salud-y-educacion\/","name":"La UNVM y el municipio firmaron un acuerdo para articular acciones de salud y educaci\u00f3n - El Regional","isPartOf":{"@id":"http:\/\/elregionalvm.com.ar\/noticias-villa-maria\/#website"},"primaryImageOfPage":{"@id":"https:\/\/elregionalvm.com.ar\/noticias-villa-maria\/el-instituto-de-humanas-de-la-unvm-y-el-municipio-firmaron-un-acuerdo-para-articular-acciones-de-salud-y-educacion\/#primaryimage"},"image":{"@id":"https:\/\/elregionalvm.com.ar\/noticias-villa-maria\/el-instituto-de-humanas-de-la-unvm-y-el-municipio-firmaron-un-acuerdo-para-articular-acciones-de-salud-y-educacion\/#primaryimage"},"thumbnailUrl":"https:\/\/i0.wp.com\/elregionalvm.com.ar\/noticias-villa-maria\/wp-content\/uploads\/2024\/03\/WhatsApp-Image-2024-03-22-at-2.11.05-PM.jpeg?fit=1600%2C1069&ssl=1","datePublished":"2024-03-22T18:07:40+00:00","dateModified":"2024-03-25T01:44:26+00:00","author":{"@id":"http:\/\/elregionalvm.com.ar\/noticias-villa-maria\/#\/schema\/person\/a0fb9c422317faca23d50163151bc354"},"breadcrumb":{"@id":"https:\/\/elregionalvm.com.ar\/noticias-villa-maria\/el-instituto-de-humanas-de-la-unvm-y-el-municipio-firmaron-un-acuerdo-para-articular-acciones-de-salud-y-educacion\/#breadcrumb"},"inLanguage":"es","potentialAction":[{"@type":"ReadAction","target":["https:\/\/elregionalvm.com.ar\/noticias-villa-maria\/el-instituto-de-humanas-de-la-unvm-y-el-municipio-firmaron-un-acuerdo-para-articular-acciones-de-salud-y-educacion\/"]}]},{"@type":"ImageObject","inLanguage":"es","@id":"https:\/\/elregionalvm.com.ar\/noticias-villa-maria\/el-instituto-de-humanas-de-la-unvm-y-el-municipio-firmaron-un-acuerdo-para-articular-acciones-de-salud-y-educacion\/#primaryimage","url":"https:\/\/i0.wp.com\/elregionalvm.com.ar\/noticias-villa-maria\/wp-content\/uploads\/2024\/03\/WhatsApp-Image-2024-03-22-at-2.11.05-PM.jpeg?fit=1600%2C1069&ssl=1","contentUrl":"https:\/\/i0.wp.com\/elregionalvm.com.ar\/noticias-villa-maria\/wp-content\/uploads\/2024\/03\/WhatsApp-Image-2024-03-22-at-2.11.05-PM.jpeg?fit=1600%2C1069&ssl=1","width":1600,"height":1069},{"@type":"BreadcrumbList","@id":"https:\/\/elregionalvm.com.ar\/noticias-villa-maria\/el-instituto-de-humanas-de-la-unvm-y-el-municipio-firmaron-un-acuerdo-para-articular-acciones-de-salud-y-educacion\/#breadcrumb","itemListElement":[{"@type":"ListItem","position":1,"name":"Portada","item":"https:\/\/elregionalvm.com.ar\/noticias-villa-maria\/"},{"@type":"ListItem","position":2,"name":"La UNVM y el municipio firmaron un acuerdo para articular acciones de salud y educaci\u00f3n"}]},{"@type":"WebSite","@id":"http:\/\/elregionalvm.com.ar\/noticias-villa-maria\/#website","url":"http:\/\/elregionalvm.com.ar\/noticias-villa-maria\/","name":"El Regional","description":"Mucho m\u00e1s que informaci\u00f3n","potentialAction":[{"@type":"SearchAction","target":{"@type":"EntryPoint","urlTemplate":"http:\/\/elregionalvm.com.ar\/noticias-villa-maria\/?s={search_term_string}"},"query-input":{"@type":"PropertyValueSpecification","valueRequired":true,"valueName":"search_term_string"}}],"inLanguage":"es"},{"@type":"Person","@id":"http:\/\/elregionalvm.com.ar\/noticias-villa-maria\/#\/schema\/person\/a0fb9c422317faca23d50163151bc354","name":"Contenidos El Regional","image":{"@type":"ImageObject","inLanguage":"es","@id":"http:\/\/elregionalvm.com.ar\/noticias-villa-maria\/#\/schema\/person\/image\/","url":"https:\/\/secure.gravatar.com\/avatar\/265b27cb2209af7bb3a1318f03305787d7981a5cc6e6cd08fe5a4ecdf99d4b48?s=96&d=mm&r=g","contentUrl":"https:\/\/secure.gravatar.com\/avatar\/265b27cb2209af7bb3a1318f03305787d7981a5cc6e6cd08fe5a4ecdf99d4b48?s=96&d=mm&r=g","caption":"Contenidos El Regional"},"url":"https:\/\/elregionalvm.com.ar\/noticias-villa-maria\/author\/contenido\/"}]}},"jetpack_featured_media_url":"https:\/\/i0.wp.com\/elregionalvm.com.ar\/noticias-villa-maria\/wp-content\/uploads\/2024\/03\/WhatsApp-Image-2024-03-22-at-2.11.05-PM.jpeg?fit=1600%2C1069&ssl=1","jetpack_sharing_enabled":true,"_links":{"self":[{"href":"https:\/\/elregionalvm.com.ar\/noticias-villa-maria\/wp-json\/wp\/v2\/posts\/91677","targetHints":{"allow":["GET"]}}],"collection":[{"href":"https:\/\/elregionalvm.com.ar\/noticias-villa-maria\/wp-json\/wp\/v2\/posts"}],"about":[{"href":"https:\/\/elregionalvm.com.ar\/noticias-villa-maria\/wp-json\/wp\/v2\/types\/post"}],"author":[{"embeddable":true,"href":"https:\/\/elregionalvm.com.ar\/noticias-villa-maria\/wp-json\/wp\/v2\/users\/4"}],"replies":[{"embeddable":true,"href":"https:\/\/elregionalvm.com.ar\/noticias-villa-maria\/wp-json\/wp\/v2\/comments?post=91677"}],"version-history":[{"count":2,"href":"https:\/\/elregionalvm.com.ar\/noticias-villa-maria\/wp-json\/wp\/v2\/posts\/91677\/revisions"}],"predecessor-version":[{"id":91727,"href":"https:\/\/elregionalvm.com.ar\/noticias-villa-maria\/wp-json\/wp\/v2\/posts\/91677\/revisions\/91727"}],"wp:featuredmedia":[{"embeddable":true,"href":"https:\/\/elregionalvm.com.ar\/noticias-villa-maria\/wp-json\/wp\/v2\/media\/91679"}],"wp:attachment":[{"href":"https:\/\/elregionalvm.com.ar\/noticias-villa-maria\/wp-json\/wp\/v2\/media?parent=91677"}],"wp:term":[{"taxonomy":"category","embeddable":true,"href":"https:\/\/elregionalvm.com.ar\/noticias-villa-maria\/wp-json\/wp\/v2\/categories?post=91677"},{"taxonomy":"post_tag","embeddable":true,"href":"https:\/\/elregionalvm.com.ar\/noticias-villa-maria\/wp-json\/wp\/v2\/tags?post=91677"}],"curies":[{"name":"wp","href":"https:\/\/api.w.org\/{rel}","templated":true}]}}