{"id":91716,"date":"2024-03-25T01:21:03","date_gmt":"2024-03-25T01:21:03","guid":{"rendered":"https:\/\/elregionalvm.com.ar\/noticias-villa-maria\/?p=91716"},"modified":"2024-03-25T01:21:05","modified_gmt":"2024-03-25T01:21:05","slug":"la-nueva-escuela-proa-dispondra-de-150-lugares-para-formarse-en-tecnologia","status":"publish","type":"post","link":"https:\/\/elregionalvm.com.ar\/noticias-villa-maria\/la-nueva-escuela-proa-dispondra-de-150-lugares-para-formarse-en-tecnologia\/","title":{"rendered":"La nueva escuela PROA dispondr\u00e1 de 150 lugares para formarse en tecnolog\u00eda"},"content":{"rendered":"\n<p>El intendente Eduardo Accastello, acompa\u00f1ado por el secretario de Unidad Intendencia, Agust\u00edn Turletti Mino, visit\u00f3 las obras del edificio de lo que ser\u00e1 una nueva Escuela Secundaria ProA emplazada en barrio Solares del Norte, sobre calle Sucre, entre Urtubey y Poretti.&nbsp;<\/p>\n\n\n\n<p>El nuevo espacio educativo contara con 150 bancos para estudiantes de la ciudad. Ser\u00e1 de orientaci\u00f3n tecnol\u00f3gica, en sinton\u00eda con el desarrollo de software y biotecnolog\u00eda, existentes en la oferta acad\u00e9mica de los institutos Proa de la ciudad.<\/p>\n\n\n\n<p><\/p>\n\n\n\n<figure class=\"wp-block-image size-large\"><img data-recalc-dims=\"1\" fetchpriority=\"high\" decoding=\"async\" width=\"1024\" height=\"683\" src=\"https:\/\/i0.wp.com\/elregionalvm.com.ar\/noticias-villa-maria\/wp-content\/uploads\/2024\/03\/Escuela-Proa-solares-del-norte-Accastello.jpg?resize=1024%2C683&#038;ssl=1\" alt=\"\" class=\"wp-image-91719\" srcset=\"https:\/\/i0.wp.com\/elregionalvm.com.ar\/noticias-villa-maria\/wp-content\/uploads\/2024\/03\/Escuela-Proa-solares-del-norte-Accastello.jpg?resize=1024%2C683&amp;ssl=1 1024w, https:\/\/i0.wp.com\/elregionalvm.com.ar\/noticias-villa-maria\/wp-content\/uploads\/2024\/03\/Escuela-Proa-solares-del-norte-Accastello.jpg?resize=300%2C200&amp;ssl=1 300w, https:\/\/i0.wp.com\/elregionalvm.com.ar\/noticias-villa-maria\/wp-content\/uploads\/2024\/03\/Escuela-Proa-solares-del-norte-Accastello.jpg?resize=768%2C512&amp;ssl=1 768w, https:\/\/i0.wp.com\/elregionalvm.com.ar\/noticias-villa-maria\/wp-content\/uploads\/2024\/03\/Escuela-Proa-solares-del-norte-Accastello.jpg?w=1200&amp;ssl=1 1200w\" sizes=\"(max-width: 1000px) 100vw, 1000px\" \/><\/figure>\n\n\n\n<p><\/p>\n\n\n\n<p>\u201cDe esa manera, vamos a integrar a nuestros j\u00f3venes con actividades culturales, con actividades deportivas y tambi\u00e9n con actividades emprendedoras. Si a los j\u00f3venes les damos oportunidades, Villa Mar\u00eda va a tener m\u00e1s empleo, mejor educaci\u00f3n y m\u00e1s seguridad\u201d, expres\u00f3 el jefe comunal.<\/p>\n\n\n\n<p><\/p>\n","protected":false},"excerpt":{"rendered":"<p>El intendente Eduardo Accastello, acompa\u00f1ado por el secretario de Unidad Intendencia, Agust\u00edn Turletti Mino, visit\u00f3 las obras del edificio de lo que ser\u00e1 una nueva Escuela Secundaria ProA emplazada en barrio Solares del Norte, sobre calle Sucre, entre Urtubey y Poretti.&nbsp; El nuevo espacio educativo contara con 150 bancos para estudiantes de la ciudad. Ser\u00e1 [&hellip;]<\/p>\n","protected":false},"author":6,"featured_media":91718,"comment_status":"open","ping_status":"open","sticky":false,"template":"","format":"standard","meta":{"site-sidebar-layout":"default","site-content-layout":"","ast-site-content-layout":"default","site-content-style":"default","site-sidebar-style":"default","ast-global-header-display":"","ast-banner-title-visibility":"","ast-main-header-display":"","ast-hfb-above-header-display":"","ast-hfb-below-header-display":"","ast-hfb-mobile-header-display":"","site-post-title":"","ast-breadcrumbs-content":"","ast-featured-img":"","footer-sml-layout":"","ast-disable-related-posts":"","theme-transparent-header-meta":"","adv-header-id-meta":"","stick-header-meta":"","header-above-stick-meta":"","header-main-stick-meta":"","header-below-stick-meta":"","astra-migrate-meta-layouts":"set","ast-page-background-enabled":"default","ast-page-background-meta":{"desktop":{"background-color":"","background-image":"","background-repeat":"repeat","background-position":"center center","background-size":"auto","background-attachment":"scroll","background-type":"","background-media":"","overlay-type":"","overlay-color":"","overlay-opacity":"","overlay-gradient":""},"tablet":{"background-color":"","background-image":"","background-repeat":"repeat","background-position":"center center","background-size":"auto","background-attachment":"scroll","background-type":"","background-media":"","overlay-type":"","overlay-color":"","overlay-opacity":"","overlay-gradient":""},"mobile":{"background-color":"","background-image":"","background-repeat":"repeat","background-position":"center center","background-size":"auto","background-attachment":"scroll","background-type":"","background-media":"","overlay-type":"","overlay-color":"","overlay-opacity":"","overlay-gradient":""}},"ast-content-background-meta":{"desktop":{"background-color":"var(--ast-global-color-5)","background-image":"","background-repeat":"repeat","background-position":"center center","background-size":"auto","background-attachment":"scroll","background-type":"","background-media":"","overlay-type":"","overlay-color":"","overlay-opacity":"","overlay-gradient":""},"tablet":{"background-color":"var(--ast-global-color-5)","background-image":"","background-repeat":"repeat","background-position":"center center","background-size":"auto","background-attachment":"scroll","background-type":"","background-media":"","overlay-type":"","overlay-color":"","overlay-opacity":"","overlay-gradient":""},"mobile":{"background-color":"var(--ast-global-color-5)","background-image":"","background-repeat":"repeat","background-position":"center center","background-size":"auto","background-attachment":"scroll","background-type":"","background-media":"","overlay-type":"","overlay-color":"","overlay-opacity":"","overlay-gradient":""}},"_jetpack_memberships_contains_paid_content":false,"_joinchat":[],"footnotes":""},"categories":[15302,2],"tags":[2156,2038,2157,4029,12],"class_list":["post-91716","post","type-post","status-publish","format-standard","has-post-thumbnail","hentry","category-destacado","category-villa-maria","tag-clases","tag-eduardo-accastello","tag-educacion","tag-escuela-proa","tag-obras"],"yoast_head":"<!-- This site is optimized with the Yoast SEO plugin v26.8 - https:\/\/yoast.com\/product\/yoast-seo-wordpress\/ -->\n<title>La nueva escuela PROA dispondr\u00e1 de 150 lugares para formarse en tecnolog\u00eda - El Regional<\/title>\n<meta name=\"robots\" content=\"index, follow, max-snippet:-1, max-image-preview:large, max-video-preview:-1\" \/>\n<link rel=\"canonical\" href=\"https:\/\/elregionalvm.com.ar\/noticias-villa-maria\/la-nueva-escuela-proa-dispondra-de-150-lugares-para-formarse-en-tecnologia\/\" \/>\n<meta property=\"og:locale\" content=\"es_ES\" \/>\n<meta property=\"og:type\" content=\"article\" \/>\n<meta property=\"og:title\" content=\"La nueva escuela PROA dispondr\u00e1 de 150 lugares para formarse en tecnolog\u00eda - El Regional\" \/>\n<meta property=\"og:description\" content=\"El intendente Eduardo Accastello, acompa\u00f1ado por el secretario de Unidad Intendencia, Agust\u00edn Turletti Mino, visit\u00f3 las obras del edificio de lo que ser\u00e1 una nueva Escuela Secundaria ProA emplazada en barrio Solares del Norte, sobre calle Sucre, entre Urtubey y Poretti.&nbsp; El nuevo espacio educativo contara con 150 bancos para estudiantes de la ciudad. Ser\u00e1 [&hellip;]\" \/>\n<meta property=\"og:url\" content=\"https:\/\/elregionalvm.com.ar\/noticias-villa-maria\/la-nueva-escuela-proa-dispondra-de-150-lugares-para-formarse-en-tecnologia\/\" \/>\n<meta property=\"og:site_name\" content=\"El Regional\" \/>\n<meta property=\"article:publisher\" content=\"https:\/\/www.facebook.com\/elregionalvm\" \/>\n<meta property=\"article:published_time\" content=\"2024-03-25T01:21:03+00:00\" \/>\n<meta property=\"article:modified_time\" content=\"2024-03-25T01:21:05+00:00\" \/>\n<meta property=\"og:image\" content=\"https:\/\/elregionalvm.com.ar\/noticias-villa-maria\/wp-content\/uploads\/2024\/03\/Escuela-Proa-solares-del-norte.jpg\" \/>\n\t<meta property=\"og:image:width\" content=\"1200\" \/>\n\t<meta property=\"og:image:height\" content=\"694\" \/>\n\t<meta property=\"og:image:type\" content=\"image\/jpeg\" \/>\n<meta name=\"author\" content=\"Germ\u00e1n Giacchero\" \/>\n<meta name=\"twitter:card\" content=\"summary_large_image\" \/>\n<meta name=\"twitter:creator\" content=\"@elregionalvm1\" \/>\n<meta name=\"twitter:site\" content=\"@elregionalvm1\" \/>\n<meta name=\"twitter:label1\" content=\"Escrito por\" \/>\n\t<meta name=\"twitter:data1\" content=\"Germ\u00e1n Giacchero\" \/>\n\t<meta name=\"twitter:label2\" content=\"Tiempo de lectura\" \/>\n\t<meta name=\"twitter:data2\" content=\"1 minuto\" \/>\n<script type=\"application\/ld+json\" class=\"yoast-schema-graph\">{\"@context\":\"https:\/\/schema.org\",\"@graph\":[{\"@type\":\"Article\",\"@id\":\"https:\/\/elregionalvm.com.ar\/noticias-villa-maria\/la-nueva-escuela-proa-dispondra-de-150-lugares-para-formarse-en-tecnologia\/#article\",\"isPartOf\":{\"@id\":\"https:\/\/elregionalvm.com.ar\/noticias-villa-maria\/la-nueva-escuela-proa-dispondra-de-150-lugares-para-formarse-en-tecnologia\/\"},\"author\":{\"name\":\"Germ\u00e1n Giacchero\",\"@id\":\"http:\/\/elregionalvm.com.ar\/noticias-villa-maria\/#\/schema\/person\/d5e4b04966154131701e52c45d3efec9\"},\"headline\":\"La nueva escuela PROA dispondr\u00e1 de 150 lugares para formarse en tecnolog\u00eda\",\"datePublished\":\"2024-03-25T01:21:03+00:00\",\"dateModified\":\"2024-03-25T01:21:05+00:00\",\"mainEntityOfPage\":{\"@id\":\"https:\/\/elregionalvm.com.ar\/noticias-villa-maria\/la-nueva-escuela-proa-dispondra-de-150-lugares-para-formarse-en-tecnologia\/\"},\"wordCount\":148,\"commentCount\":0,\"image\":{\"@id\":\"https:\/\/elregionalvm.com.ar\/noticias-villa-maria\/la-nueva-escuela-proa-dispondra-de-150-lugares-para-formarse-en-tecnologia\/#primaryimage\"},\"thumbnailUrl\":\"https:\/\/i0.wp.com\/elregionalvm.com.ar\/noticias-villa-maria\/wp-content\/uploads\/2024\/03\/Escuela-Proa-solares-del-norte.jpg?fit=1200%2C694&ssl=1\",\"keywords\":[\"Clases\",\"Eduardo Accastello\",\"Educaci\u00f3n\",\"Escuela Proa\",\"obras\"],\"articleSection\":[\"destacado\",\"Villa Mar\u00eda\"],\"inLanguage\":\"es\",\"potentialAction\":[{\"@type\":\"CommentAction\",\"name\":\"Comment\",\"target\":[\"https:\/\/elregionalvm.com.ar\/noticias-villa-maria\/la-nueva-escuela-proa-dispondra-de-150-lugares-para-formarse-en-tecnologia\/#respond\"]}]},{\"@type\":\"WebPage\",\"@id\":\"https:\/\/elregionalvm.com.ar\/noticias-villa-maria\/la-nueva-escuela-proa-dispondra-de-150-lugares-para-formarse-en-tecnologia\/\",\"url\":\"https:\/\/elregionalvm.com.ar\/noticias-villa-maria\/la-nueva-escuela-proa-dispondra-de-150-lugares-para-formarse-en-tecnologia\/\",\"name\":\"La nueva escuela PROA dispondr\u00e1 de 150 lugares para formarse en tecnolog\u00eda - El Regional\",\"isPartOf\":{\"@id\":\"http:\/\/elregionalvm.com.ar\/noticias-villa-maria\/#website\"},\"primaryImageOfPage\":{\"@id\":\"https:\/\/elregionalvm.com.ar\/noticias-villa-maria\/la-nueva-escuela-proa-dispondra-de-150-lugares-para-formarse-en-tecnologia\/#primaryimage\"},\"image\":{\"@id\":\"https:\/\/elregionalvm.com.ar\/noticias-villa-maria\/la-nueva-escuela-proa-dispondra-de-150-lugares-para-formarse-en-tecnologia\/#primaryimage\"},\"thumbnailUrl\":\"https:\/\/i0.wp.com\/elregionalvm.com.ar\/noticias-villa-maria\/wp-content\/uploads\/2024\/03\/Escuela-Proa-solares-del-norte.jpg?fit=1200%2C694&ssl=1\",\"datePublished\":\"2024-03-25T01:21:03+00:00\",\"dateModified\":\"2024-03-25T01:21:05+00:00\",\"author\":{\"@id\":\"http:\/\/elregionalvm.com.ar\/noticias-villa-maria\/#\/schema\/person\/d5e4b04966154131701e52c45d3efec9\"},\"breadcrumb\":{\"@id\":\"https:\/\/elregionalvm.com.ar\/noticias-villa-maria\/la-nueva-escuela-proa-dispondra-de-150-lugares-para-formarse-en-tecnologia\/#breadcrumb\"},\"inLanguage\":\"es\",\"potentialAction\":[{\"@type\":\"ReadAction\",\"target\":[\"https:\/\/elregionalvm.com.ar\/noticias-villa-maria\/la-nueva-escuela-proa-dispondra-de-150-lugares-para-formarse-en-tecnologia\/\"]}]},{\"@type\":\"ImageObject\",\"inLanguage\":\"es\",\"@id\":\"https:\/\/elregionalvm.com.ar\/noticias-villa-maria\/la-nueva-escuela-proa-dispondra-de-150-lugares-para-formarse-en-tecnologia\/#primaryimage\",\"url\":\"https:\/\/i0.wp.com\/elregionalvm.com.ar\/noticias-villa-maria\/wp-content\/uploads\/2024\/03\/Escuela-Proa-solares-del-norte.jpg?fit=1200%2C694&ssl=1\",\"contentUrl\":\"https:\/\/i0.wp.com\/elregionalvm.com.ar\/noticias-villa-maria\/wp-content\/uploads\/2024\/03\/Escuela-Proa-solares-del-norte.jpg?fit=1200%2C694&ssl=1\",\"width\":1200,\"height\":694},{\"@type\":\"BreadcrumbList\",\"@id\":\"https:\/\/elregionalvm.com.ar\/noticias-villa-maria\/la-nueva-escuela-proa-dispondra-de-150-lugares-para-formarse-en-tecnologia\/#breadcrumb\",\"itemListElement\":[{\"@type\":\"ListItem\",\"position\":1,\"name\":\"Portada\",\"item\":\"https:\/\/elregionalvm.com.ar\/noticias-villa-maria\/\"},{\"@type\":\"ListItem\",\"position\":2,\"name\":\"La nueva escuela PROA dispondr\u00e1 de 150 lugares para formarse en tecnolog\u00eda\"}]},{\"@type\":\"WebSite\",\"@id\":\"http:\/\/elregionalvm.com.ar\/noticias-villa-maria\/#website\",\"url\":\"http:\/\/elregionalvm.com.ar\/noticias-villa-maria\/\",\"name\":\"El Regional\",\"description\":\"Mucho m\u00e1s que informaci\u00f3n\",\"potentialAction\":[{\"@type\":\"SearchAction\",\"target\":{\"@type\":\"EntryPoint\",\"urlTemplate\":\"http:\/\/elregionalvm.com.ar\/noticias-villa-maria\/?s={search_term_string}\"},\"query-input\":{\"@type\":\"PropertyValueSpecification\",\"valueRequired\":true,\"valueName\":\"search_term_string\"}}],\"inLanguage\":\"es\"},{\"@type\":\"Person\",\"@id\":\"http:\/\/elregionalvm.com.ar\/noticias-villa-maria\/#\/schema\/person\/d5e4b04966154131701e52c45d3efec9\",\"name\":\"Germ\u00e1n Giacchero\",\"image\":{\"@type\":\"ImageObject\",\"inLanguage\":\"es\",\"@id\":\"http:\/\/elregionalvm.com.ar\/noticias-villa-maria\/#\/schema\/person\/image\/\",\"url\":\"https:\/\/secure.gravatar.com\/avatar\/fda163ba5ef0307ee5be9846e10f83b6e83d0cfb260d3b2464830318894c6b04?s=96&d=mm&r=g\",\"contentUrl\":\"https:\/\/secure.gravatar.com\/avatar\/fda163ba5ef0307ee5be9846e10f83b6e83d0cfb260d3b2464830318894c6b04?s=96&d=mm&r=g\",\"caption\":\"Germ\u00e1n Giacchero\"},\"url\":\"https:\/\/elregionalvm.com.ar\/noticias-villa-maria\/author\/germangiacchero\/\"}]}<\/script>\n<!-- \/ Yoast SEO plugin. -->","yoast_head_json":{"title":"La nueva escuela PROA dispondr\u00e1 de 150 lugares para formarse en tecnolog\u00eda - El Regional","robots":{"index":"index","follow":"follow","max-snippet":"max-snippet:-1","max-image-preview":"max-image-preview:large","max-video-preview":"max-video-preview:-1"},"canonical":"https:\/\/elregionalvm.com.ar\/noticias-villa-maria\/la-nueva-escuela-proa-dispondra-de-150-lugares-para-formarse-en-tecnologia\/","og_locale":"es_ES","og_type":"article","og_title":"La nueva escuela PROA dispondr\u00e1 de 150 lugares para formarse en tecnolog\u00eda - El Regional","og_description":"El intendente Eduardo Accastello, acompa\u00f1ado por el secretario de Unidad Intendencia, Agust\u00edn Turletti Mino, visit\u00f3 las obras del edificio de lo que ser\u00e1 una nueva Escuela Secundaria ProA emplazada en barrio Solares del Norte, sobre calle Sucre, entre Urtubey y Poretti.&nbsp; El nuevo espacio educativo contara con 150 bancos para estudiantes de la ciudad. Ser\u00e1 [&hellip;]","og_url":"https:\/\/elregionalvm.com.ar\/noticias-villa-maria\/la-nueva-escuela-proa-dispondra-de-150-lugares-para-formarse-en-tecnologia\/","og_site_name":"El Regional","article_publisher":"https:\/\/www.facebook.com\/elregionalvm","article_published_time":"2024-03-25T01:21:03+00:00","article_modified_time":"2024-03-25T01:21:05+00:00","og_image":[{"width":1200,"height":694,"url":"https:\/\/elregionalvm.com.ar\/noticias-villa-maria\/wp-content\/uploads\/2024\/03\/Escuela-Proa-solares-del-norte.jpg","type":"image\/jpeg"}],"author":"Germ\u00e1n Giacchero","twitter_card":"summary_large_image","twitter_creator":"@elregionalvm1","twitter_site":"@elregionalvm1","twitter_misc":{"Escrito por":"Germ\u00e1n Giacchero","Tiempo de lectura":"1 minuto"},"schema":{"@context":"https:\/\/schema.org","@graph":[{"@type":"Article","@id":"https:\/\/elregionalvm.com.ar\/noticias-villa-maria\/la-nueva-escuela-proa-dispondra-de-150-lugares-para-formarse-en-tecnologia\/#article","isPartOf":{"@id":"https:\/\/elregionalvm.com.ar\/noticias-villa-maria\/la-nueva-escuela-proa-dispondra-de-150-lugares-para-formarse-en-tecnologia\/"},"author":{"name":"Germ\u00e1n Giacchero","@id":"http:\/\/elregionalvm.com.ar\/noticias-villa-maria\/#\/schema\/person\/d5e4b04966154131701e52c45d3efec9"},"headline":"La nueva escuela PROA dispondr\u00e1 de 150 lugares para formarse en tecnolog\u00eda","datePublished":"2024-03-25T01:21:03+00:00","dateModified":"2024-03-25T01:21:05+00:00","mainEntityOfPage":{"@id":"https:\/\/elregionalvm.com.ar\/noticias-villa-maria\/la-nueva-escuela-proa-dispondra-de-150-lugares-para-formarse-en-tecnologia\/"},"wordCount":148,"commentCount":0,"image":{"@id":"https:\/\/elregionalvm.com.ar\/noticias-villa-maria\/la-nueva-escuela-proa-dispondra-de-150-lugares-para-formarse-en-tecnologia\/#primaryimage"},"thumbnailUrl":"https:\/\/i0.wp.com\/elregionalvm.com.ar\/noticias-villa-maria\/wp-content\/uploads\/2024\/03\/Escuela-Proa-solares-del-norte.jpg?fit=1200%2C694&ssl=1","keywords":["Clases","Eduardo Accastello","Educaci\u00f3n","Escuela Proa","obras"],"articleSection":["destacado","Villa Mar\u00eda"],"inLanguage":"es","potentialAction":[{"@type":"CommentAction","name":"Comment","target":["https:\/\/elregionalvm.com.ar\/noticias-villa-maria\/la-nueva-escuela-proa-dispondra-de-150-lugares-para-formarse-en-tecnologia\/#respond"]}]},{"@type":"WebPage","@id":"https:\/\/elregionalvm.com.ar\/noticias-villa-maria\/la-nueva-escuela-proa-dispondra-de-150-lugares-para-formarse-en-tecnologia\/","url":"https:\/\/elregionalvm.com.ar\/noticias-villa-maria\/la-nueva-escuela-proa-dispondra-de-150-lugares-para-formarse-en-tecnologia\/","name":"La nueva escuela PROA dispondr\u00e1 de 150 lugares para formarse en tecnolog\u00eda - El Regional","isPartOf":{"@id":"http:\/\/elregionalvm.com.ar\/noticias-villa-maria\/#website"},"primaryImageOfPage":{"@id":"https:\/\/elregionalvm.com.ar\/noticias-villa-maria\/la-nueva-escuela-proa-dispondra-de-150-lugares-para-formarse-en-tecnologia\/#primaryimage"},"image":{"@id":"https:\/\/elregionalvm.com.ar\/noticias-villa-maria\/la-nueva-escuela-proa-dispondra-de-150-lugares-para-formarse-en-tecnologia\/#primaryimage"},"thumbnailUrl":"https:\/\/i0.wp.com\/elregionalvm.com.ar\/noticias-villa-maria\/wp-content\/uploads\/2024\/03\/Escuela-Proa-solares-del-norte.jpg?fit=1200%2C694&ssl=1","datePublished":"2024-03-25T01:21:03+00:00","dateModified":"2024-03-25T01:21:05+00:00","author":{"@id":"http:\/\/elregionalvm.com.ar\/noticias-villa-maria\/#\/schema\/person\/d5e4b04966154131701e52c45d3efec9"},"breadcrumb":{"@id":"https:\/\/elregionalvm.com.ar\/noticias-villa-maria\/la-nueva-escuela-proa-dispondra-de-150-lugares-para-formarse-en-tecnologia\/#breadcrumb"},"inLanguage":"es","potentialAction":[{"@type":"ReadAction","target":["https:\/\/elregionalvm.com.ar\/noticias-villa-maria\/la-nueva-escuela-proa-dispondra-de-150-lugares-para-formarse-en-tecnologia\/"]}]},{"@type":"ImageObject","inLanguage":"es","@id":"https:\/\/elregionalvm.com.ar\/noticias-villa-maria\/la-nueva-escuela-proa-dispondra-de-150-lugares-para-formarse-en-tecnologia\/#primaryimage","url":"https:\/\/i0.wp.com\/elregionalvm.com.ar\/noticias-villa-maria\/wp-content\/uploads\/2024\/03\/Escuela-Proa-solares-del-norte.jpg?fit=1200%2C694&ssl=1","contentUrl":"https:\/\/i0.wp.com\/elregionalvm.com.ar\/noticias-villa-maria\/wp-content\/uploads\/2024\/03\/Escuela-Proa-solares-del-norte.jpg?fit=1200%2C694&ssl=1","width":1200,"height":694},{"@type":"BreadcrumbList","@id":"https:\/\/elregionalvm.com.ar\/noticias-villa-maria\/la-nueva-escuela-proa-dispondra-de-150-lugares-para-formarse-en-tecnologia\/#breadcrumb","itemListElement":[{"@type":"ListItem","position":1,"name":"Portada","item":"https:\/\/elregionalvm.com.ar\/noticias-villa-maria\/"},{"@type":"ListItem","position":2,"name":"La nueva escuela PROA dispondr\u00e1 de 150 lugares para formarse en tecnolog\u00eda"}]},{"@type":"WebSite","@id":"http:\/\/elregionalvm.com.ar\/noticias-villa-maria\/#website","url":"http:\/\/elregionalvm.com.ar\/noticias-villa-maria\/","name":"El Regional","description":"Mucho m\u00e1s que informaci\u00f3n","potentialAction":[{"@type":"SearchAction","target":{"@type":"EntryPoint","urlTemplate":"http:\/\/elregionalvm.com.ar\/noticias-villa-maria\/?s={search_term_string}"},"query-input":{"@type":"PropertyValueSpecification","valueRequired":true,"valueName":"search_term_string"}}],"inLanguage":"es"},{"@type":"Person","@id":"http:\/\/elregionalvm.com.ar\/noticias-villa-maria\/#\/schema\/person\/d5e4b04966154131701e52c45d3efec9","name":"Germ\u00e1n Giacchero","image":{"@type":"ImageObject","inLanguage":"es","@id":"http:\/\/elregionalvm.com.ar\/noticias-villa-maria\/#\/schema\/person\/image\/","url":"https:\/\/secure.gravatar.com\/avatar\/fda163ba5ef0307ee5be9846e10f83b6e83d0cfb260d3b2464830318894c6b04?s=96&d=mm&r=g","contentUrl":"https:\/\/secure.gravatar.com\/avatar\/fda163ba5ef0307ee5be9846e10f83b6e83d0cfb260d3b2464830318894c6b04?s=96&d=mm&r=g","caption":"Germ\u00e1n Giacchero"},"url":"https:\/\/elregionalvm.com.ar\/noticias-villa-maria\/author\/germangiacchero\/"}]}},"jetpack_featured_media_url":"https:\/\/i0.wp.com\/elregionalvm.com.ar\/noticias-villa-maria\/wp-content\/uploads\/2024\/03\/Escuela-Proa-solares-del-norte.jpg?fit=1200%2C694&ssl=1","jetpack_sharing_enabled":true,"_links":{"self":[{"href":"https:\/\/elregionalvm.com.ar\/noticias-villa-maria\/wp-json\/wp\/v2\/posts\/91716","targetHints":{"allow":["GET"]}}],"collection":[{"href":"https:\/\/elregionalvm.com.ar\/noticias-villa-maria\/wp-json\/wp\/v2\/posts"}],"about":[{"href":"https:\/\/elregionalvm.com.ar\/noticias-villa-maria\/wp-json\/wp\/v2\/types\/post"}],"author":[{"embeddable":true,"href":"https:\/\/elregionalvm.com.ar\/noticias-villa-maria\/wp-json\/wp\/v2\/users\/6"}],"replies":[{"embeddable":true,"href":"https:\/\/elregionalvm.com.ar\/noticias-villa-maria\/wp-json\/wp\/v2\/comments?post=91716"}],"version-history":[{"count":2,"href":"https:\/\/elregionalvm.com.ar\/noticias-villa-maria\/wp-json\/wp\/v2\/posts\/91716\/revisions"}],"predecessor-version":[{"id":91720,"href":"https:\/\/elregionalvm.com.ar\/noticias-villa-maria\/wp-json\/wp\/v2\/posts\/91716\/revisions\/91720"}],"wp:featuredmedia":[{"embeddable":true,"href":"https:\/\/elregionalvm.com.ar\/noticias-villa-maria\/wp-json\/wp\/v2\/media\/91718"}],"wp:attachment":[{"href":"https:\/\/elregionalvm.com.ar\/noticias-villa-maria\/wp-json\/wp\/v2\/media?parent=91716"}],"wp:term":[{"taxonomy":"category","embeddable":true,"href":"https:\/\/elregionalvm.com.ar\/noticias-villa-maria\/wp-json\/wp\/v2\/categories?post=91716"},{"taxonomy":"post_tag","embeddable":true,"href":"https:\/\/elregionalvm.com.ar\/noticias-villa-maria\/wp-json\/wp\/v2\/tags?post=91716"}],"curies":[{"name":"wp","href":"https:\/\/api.w.org\/{rel}","templated":true}]}}