{"id":91721,"date":"2024-03-25T01:36:15","date_gmt":"2024-03-25T01:36:15","guid":{"rendered":"https:\/\/elregionalvm.com.ar\/noticias-villa-maria\/?p=91721"},"modified":"2024-03-25T01:36:16","modified_gmt":"2024-03-25T01:36:16","slug":"tarifazos-cooperativa-de-la-region-postergara-un-aumento-y-ofrecera-un-descuento-a-sus-asociados","status":"publish","type":"post","link":"https:\/\/elregionalvm.com.ar\/noticias-villa-maria\/tarifazos-cooperativa-de-la-region-postergara-un-aumento-y-ofrecera-un-descuento-a-sus-asociados\/","title":{"rendered":"[Tarifazos] Cooperativa de la regi\u00f3n postergar\u00e1 un aumento y ofrecer\u00e1 un descuento a sus asociados"},"content":{"rendered":"\n<p><\/p>\n\n\n\n<p>La Cooperativa Ticinense anunci\u00f3 un par de acciones de \u201cacompa\u00f1amiento a los asociados\u201d, en virtud de los incrementos tarifarios por el servicio de energ\u00eda el\u00e9ctrica.<\/p>\n\n\n\n<p>En este sentido, la entidad de Ticino anunci\u00f3 que diferir\u00e1 un aumento, que usuarios de otras cooperativas ya recibieron en el mes de marzo.<\/p>\n\n\n\n<p>Esto permitir\u00e1 \u201ca sus asociados que puedan hacer alg\u00fan ahorro este mes para pagar el mes pr\u00f3ximo\u201d, remarc\u00f3 la cooperativa local en un comunicado.<\/p>\n\n\n\n<p>Tambi\u00e9n anticip\u00f3 que aplicar\u00e1 un descuento en las facturas, \u201cconsistente en el 8,33% de los KWh consumidos durante el semestre de julio a diciembre de 2023, lo que implica aproximadamente bonificar el 50% del consumo\u201d.<\/p>\n\n\n\n<p>\u201cEsto implica un gran esfuerzo para la Cooperativa, pero somos conscientes que en estos momentos debemos estar junto al asociado y acompa\u00f1arlo para que no sufra todo el ajuste en las tarifas de la energ\u00eda el\u00e9ctrica\u201d, concluy\u00f3 el Consejo de Administraci\u00f3n.<\/p>\n\n\n\n<p><\/p>\n\n\n\n<p><\/p>\n\n\n\n<h3 class=\"wp-block-heading\"><strong>Le\u00e9 el comunicado: <\/strong><\/h3>\n\n\n\n<p><\/p>\n\n\n\n<figure class=\"wp-block-image size-large\"><img data-recalc-dims=\"1\" fetchpriority=\"high\" decoding=\"async\" width=\"1024\" height=\"1024\" src=\"https:\/\/i0.wp.com\/elregionalvm.com.ar\/noticias-villa-maria\/wp-content\/uploads\/2024\/03\/Comunicado-tarifas-Coop.-Ticinense.jpeg?resize=1024%2C1024&#038;ssl=1\" alt=\"\" class=\"wp-image-91722\" srcset=\"https:\/\/i0.wp.com\/elregionalvm.com.ar\/noticias-villa-maria\/wp-content\/uploads\/2024\/03\/Comunicado-tarifas-Coop.-Ticinense.jpeg?resize=1024%2C1024&amp;ssl=1 1024w, https:\/\/i0.wp.com\/elregionalvm.com.ar\/noticias-villa-maria\/wp-content\/uploads\/2024\/03\/Comunicado-tarifas-Coop.-Ticinense.jpeg?resize=300%2C300&amp;ssl=1 300w, https:\/\/i0.wp.com\/elregionalvm.com.ar\/noticias-villa-maria\/wp-content\/uploads\/2024\/03\/Comunicado-tarifas-Coop.-Ticinense.jpeg?resize=768%2C768&amp;ssl=1 768w, https:\/\/i0.wp.com\/elregionalvm.com.ar\/noticias-villa-maria\/wp-content\/uploads\/2024\/03\/Comunicado-tarifas-Coop.-Ticinense.jpeg?w=1080&amp;ssl=1 1080w\" sizes=\"(max-width: 1000px) 100vw, 1000px\" \/><\/figure>\n","protected":false},"excerpt":{"rendered":"<p>La Cooperativa Ticinense anunci\u00f3 un par de acciones de \u201cacompa\u00f1amiento a los asociados\u201d, en virtud de los incrementos tarifarios por el servicio de energ\u00eda el\u00e9ctrica. En este sentido, la entidad de Ticino anunci\u00f3 que diferir\u00e1 un aumento, que usuarios de otras cooperativas ya recibieron en el mes de marzo. Esto permitir\u00e1 \u201ca sus asociados que [&hellip;]<\/p>\n","protected":false},"author":6,"featured_media":91723,"comment_status":"open","ping_status":"open","sticky":false,"template":"","format":"standard","meta":{"site-sidebar-layout":"default","site-content-layout":"","ast-site-content-layout":"default","site-content-style":"default","site-sidebar-style":"default","ast-global-header-display":"","ast-banner-title-visibility":"","ast-main-header-display":"","ast-hfb-above-header-display":"","ast-hfb-below-header-display":"","ast-hfb-mobile-header-display":"","site-post-title":"","ast-breadcrumbs-content":"","ast-featured-img":"","footer-sml-layout":"","ast-disable-related-posts":"","theme-transparent-header-meta":"","adv-header-id-meta":"","stick-header-meta":"","header-above-stick-meta":"","header-main-stick-meta":"","header-below-stick-meta":"","astra-migrate-meta-layouts":"set","ast-page-background-enabled":"default","ast-page-background-meta":{"desktop":{"background-color":"","background-image":"","background-repeat":"repeat","background-position":"center center","background-size":"auto","background-attachment":"scroll","background-type":"","background-media":"","overlay-type":"","overlay-color":"","overlay-opacity":"","overlay-gradient":""},"tablet":{"background-color":"","background-image":"","background-repeat":"repeat","background-position":"center center","background-size":"auto","background-attachment":"scroll","background-type":"","background-media":"","overlay-type":"","overlay-color":"","overlay-opacity":"","overlay-gradient":""},"mobile":{"background-color":"","background-image":"","background-repeat":"repeat","background-position":"center center","background-size":"auto","background-attachment":"scroll","background-type":"","background-media":"","overlay-type":"","overlay-color":"","overlay-opacity":"","overlay-gradient":""}},"ast-content-background-meta":{"desktop":{"background-color":"var(--ast-global-color-5)","background-image":"","background-repeat":"repeat","background-position":"center center","background-size":"auto","background-attachment":"scroll","background-type":"","background-media":"","overlay-type":"","overlay-color":"","overlay-opacity":"","overlay-gradient":""},"tablet":{"background-color":"var(--ast-global-color-5)","background-image":"","background-repeat":"repeat","background-position":"center center","background-size":"auto","background-attachment":"scroll","background-type":"","background-media":"","overlay-type":"","overlay-color":"","overlay-opacity":"","overlay-gradient":""},"mobile":{"background-color":"var(--ast-global-color-5)","background-image":"","background-repeat":"repeat","background-position":"center center","background-size":"auto","background-attachment":"scroll","background-type":"","background-media":"","overlay-type":"","overlay-color":"","overlay-opacity":"","overlay-gradient":""}},"_jetpack_memberships_contains_paid_content":false,"_joinchat":[],"footnotes":""},"categories":[15302,2091],"tags":[2545,2464,23628,2890,23700,3999,2368,5844,598],"class_list":["post-91721","post","type-post","status-publish","format-standard","has-post-thumbnail","hentry","category-destacado","category-region","tag-aumento","tag-cooperativa-ticinense","tag-descuento","tag-energia-electrica","tag-factura","tag-incremento","tag-servicios","tag-tarifazos","tag-ticino"],"yoast_head":"<!-- This site is optimized with the Yoast SEO plugin v26.8 - https:\/\/yoast.com\/product\/yoast-seo-wordpress\/ -->\n<title>[Tarifazos] Cooperativa de la regi\u00f3n postergar\u00e1 un aumento y ofrecer\u00e1 un descuento a sus asociados - El Regional<\/title>\n<meta name=\"robots\" content=\"index, follow, max-snippet:-1, max-image-preview:large, max-video-preview:-1\" \/>\n<link rel=\"canonical\" href=\"https:\/\/elregionalvm.com.ar\/noticias-villa-maria\/tarifazos-cooperativa-de-la-region-postergara-un-aumento-y-ofrecera-un-descuento-a-sus-asociados\/\" \/>\n<meta property=\"og:locale\" content=\"es_ES\" \/>\n<meta property=\"og:type\" content=\"article\" \/>\n<meta property=\"og:title\" content=\"[Tarifazos] Cooperativa de la regi\u00f3n postergar\u00e1 un aumento y ofrecer\u00e1 un descuento a sus asociados - El Regional\" \/>\n<meta property=\"og:description\" content=\"La Cooperativa Ticinense anunci\u00f3 un par de acciones de \u201cacompa\u00f1amiento a los asociados\u201d, en virtud de los incrementos tarifarios por el servicio de energ\u00eda el\u00e9ctrica. En este sentido, la entidad de Ticino anunci\u00f3 que diferir\u00e1 un aumento, que usuarios de otras cooperativas ya recibieron en el mes de marzo. Esto permitir\u00e1 \u201ca sus asociados que [&hellip;]\" \/>\n<meta property=\"og:url\" content=\"https:\/\/elregionalvm.com.ar\/noticias-villa-maria\/tarifazos-cooperativa-de-la-region-postergara-un-aumento-y-ofrecera-un-descuento-a-sus-asociados\/\" \/>\n<meta property=\"og:site_name\" content=\"El Regional\" \/>\n<meta property=\"article:publisher\" content=\"https:\/\/www.facebook.com\/elregionalvm\" \/>\n<meta property=\"article:published_time\" content=\"2024-03-25T01:36:15+00:00\" \/>\n<meta property=\"article:modified_time\" content=\"2024-03-25T01:36:16+00:00\" \/>\n<meta property=\"og:image\" content=\"https:\/\/elregionalvm.com.ar\/noticias-villa-maria\/wp-content\/uploads\/2024\/03\/Cooperativa-Ticinense.jpg\" \/>\n\t<meta property=\"og:image:width\" content=\"1280\" \/>\n\t<meta property=\"og:image:height\" content=\"841\" \/>\n\t<meta property=\"og:image:type\" content=\"image\/jpeg\" \/>\n<meta name=\"author\" content=\"Germ\u00e1n Giacchero\" \/>\n<meta name=\"twitter:card\" content=\"summary_large_image\" \/>\n<meta name=\"twitter:creator\" content=\"@elregionalvm1\" \/>\n<meta name=\"twitter:site\" content=\"@elregionalvm1\" \/>\n<meta name=\"twitter:label1\" content=\"Escrito por\" \/>\n\t<meta name=\"twitter:data1\" content=\"Germ\u00e1n Giacchero\" \/>\n\t<meta name=\"twitter:label2\" content=\"Tiempo de lectura\" \/>\n\t<meta name=\"twitter:data2\" content=\"2 minutos\" \/>\n<script type=\"application\/ld+json\" class=\"yoast-schema-graph\">{\"@context\":\"https:\/\/schema.org\",\"@graph\":[{\"@type\":\"Article\",\"@id\":\"https:\/\/elregionalvm.com.ar\/noticias-villa-maria\/tarifazos-cooperativa-de-la-region-postergara-un-aumento-y-ofrecera-un-descuento-a-sus-asociados\/#article\",\"isPartOf\":{\"@id\":\"https:\/\/elregionalvm.com.ar\/noticias-villa-maria\/tarifazos-cooperativa-de-la-region-postergara-un-aumento-y-ofrecera-un-descuento-a-sus-asociados\/\"},\"author\":{\"name\":\"Germ\u00e1n Giacchero\",\"@id\":\"http:\/\/elregionalvm.com.ar\/noticias-villa-maria\/#\/schema\/person\/d5e4b04966154131701e52c45d3efec9\"},\"headline\":\"[Tarifazos] Cooperativa de la regi\u00f3n postergar\u00e1 un aumento y ofrecer\u00e1 un descuento a sus asociados\",\"datePublished\":\"2024-03-25T01:36:15+00:00\",\"dateModified\":\"2024-03-25T01:36:16+00:00\",\"mainEntityOfPage\":{\"@id\":\"https:\/\/elregionalvm.com.ar\/noticias-villa-maria\/tarifazos-cooperativa-de-la-region-postergara-un-aumento-y-ofrecera-un-descuento-a-sus-asociados\/\"},\"wordCount\":175,\"commentCount\":0,\"image\":{\"@id\":\"https:\/\/elregionalvm.com.ar\/noticias-villa-maria\/tarifazos-cooperativa-de-la-region-postergara-un-aumento-y-ofrecera-un-descuento-a-sus-asociados\/#primaryimage\"},\"thumbnailUrl\":\"https:\/\/i0.wp.com\/elregionalvm.com.ar\/noticias-villa-maria\/wp-content\/uploads\/2024\/03\/Cooperativa-Ticinense.jpg?fit=1280%2C841&ssl=1\",\"keywords\":[\"aumento\",\"Cooperativa Ticinense\",\"descuento\",\"Energ\u00eda el\u00e9ctrica\",\"factura\",\"incremento\",\"Servicios\",\"Tarifazos\",\"Ticino\"],\"articleSection\":[\"destacado\",\"Regi\u00f3n\"],\"inLanguage\":\"es\",\"potentialAction\":[{\"@type\":\"CommentAction\",\"name\":\"Comment\",\"target\":[\"https:\/\/elregionalvm.com.ar\/noticias-villa-maria\/tarifazos-cooperativa-de-la-region-postergara-un-aumento-y-ofrecera-un-descuento-a-sus-asociados\/#respond\"]}]},{\"@type\":\"WebPage\",\"@id\":\"https:\/\/elregionalvm.com.ar\/noticias-villa-maria\/tarifazos-cooperativa-de-la-region-postergara-un-aumento-y-ofrecera-un-descuento-a-sus-asociados\/\",\"url\":\"https:\/\/elregionalvm.com.ar\/noticias-villa-maria\/tarifazos-cooperativa-de-la-region-postergara-un-aumento-y-ofrecera-un-descuento-a-sus-asociados\/\",\"name\":\"[Tarifazos] Cooperativa de la regi\u00f3n postergar\u00e1 un aumento y ofrecer\u00e1 un descuento a sus asociados - El Regional\",\"isPartOf\":{\"@id\":\"http:\/\/elregionalvm.com.ar\/noticias-villa-maria\/#website\"},\"primaryImageOfPage\":{\"@id\":\"https:\/\/elregionalvm.com.ar\/noticias-villa-maria\/tarifazos-cooperativa-de-la-region-postergara-un-aumento-y-ofrecera-un-descuento-a-sus-asociados\/#primaryimage\"},\"image\":{\"@id\":\"https:\/\/elregionalvm.com.ar\/noticias-villa-maria\/tarifazos-cooperativa-de-la-region-postergara-un-aumento-y-ofrecera-un-descuento-a-sus-asociados\/#primaryimage\"},\"thumbnailUrl\":\"https:\/\/i0.wp.com\/elregionalvm.com.ar\/noticias-villa-maria\/wp-content\/uploads\/2024\/03\/Cooperativa-Ticinense.jpg?fit=1280%2C841&ssl=1\",\"datePublished\":\"2024-03-25T01:36:15+00:00\",\"dateModified\":\"2024-03-25T01:36:16+00:00\",\"author\":{\"@id\":\"http:\/\/elregionalvm.com.ar\/noticias-villa-maria\/#\/schema\/person\/d5e4b04966154131701e52c45d3efec9\"},\"breadcrumb\":{\"@id\":\"https:\/\/elregionalvm.com.ar\/noticias-villa-maria\/tarifazos-cooperativa-de-la-region-postergara-un-aumento-y-ofrecera-un-descuento-a-sus-asociados\/#breadcrumb\"},\"inLanguage\":\"es\",\"potentialAction\":[{\"@type\":\"ReadAction\",\"target\":[\"https:\/\/elregionalvm.com.ar\/noticias-villa-maria\/tarifazos-cooperativa-de-la-region-postergara-un-aumento-y-ofrecera-un-descuento-a-sus-asociados\/\"]}]},{\"@type\":\"ImageObject\",\"inLanguage\":\"es\",\"@id\":\"https:\/\/elregionalvm.com.ar\/noticias-villa-maria\/tarifazos-cooperativa-de-la-region-postergara-un-aumento-y-ofrecera-un-descuento-a-sus-asociados\/#primaryimage\",\"url\":\"https:\/\/i0.wp.com\/elregionalvm.com.ar\/noticias-villa-maria\/wp-content\/uploads\/2024\/03\/Cooperativa-Ticinense.jpg?fit=1280%2C841&ssl=1\",\"contentUrl\":\"https:\/\/i0.wp.com\/elregionalvm.com.ar\/noticias-villa-maria\/wp-content\/uploads\/2024\/03\/Cooperativa-Ticinense.jpg?fit=1280%2C841&ssl=1\",\"width\":1280,\"height\":841},{\"@type\":\"BreadcrumbList\",\"@id\":\"https:\/\/elregionalvm.com.ar\/noticias-villa-maria\/tarifazos-cooperativa-de-la-region-postergara-un-aumento-y-ofrecera-un-descuento-a-sus-asociados\/#breadcrumb\",\"itemListElement\":[{\"@type\":\"ListItem\",\"position\":1,\"name\":\"Portada\",\"item\":\"https:\/\/elregionalvm.com.ar\/noticias-villa-maria\/\"},{\"@type\":\"ListItem\",\"position\":2,\"name\":\"[Tarifazos] Cooperativa de la regi\u00f3n postergar\u00e1 un aumento y ofrecer\u00e1 un descuento a sus asociados\"}]},{\"@type\":\"WebSite\",\"@id\":\"http:\/\/elregionalvm.com.ar\/noticias-villa-maria\/#website\",\"url\":\"http:\/\/elregionalvm.com.ar\/noticias-villa-maria\/\",\"name\":\"El Regional\",\"description\":\"Mucho m\u00e1s que informaci\u00f3n\",\"potentialAction\":[{\"@type\":\"SearchAction\",\"target\":{\"@type\":\"EntryPoint\",\"urlTemplate\":\"http:\/\/elregionalvm.com.ar\/noticias-villa-maria\/?s={search_term_string}\"},\"query-input\":{\"@type\":\"PropertyValueSpecification\",\"valueRequired\":true,\"valueName\":\"search_term_string\"}}],\"inLanguage\":\"es\"},{\"@type\":\"Person\",\"@id\":\"http:\/\/elregionalvm.com.ar\/noticias-villa-maria\/#\/schema\/person\/d5e4b04966154131701e52c45d3efec9\",\"name\":\"Germ\u00e1n Giacchero\",\"image\":{\"@type\":\"ImageObject\",\"inLanguage\":\"es\",\"@id\":\"http:\/\/elregionalvm.com.ar\/noticias-villa-maria\/#\/schema\/person\/image\/\",\"url\":\"https:\/\/secure.gravatar.com\/avatar\/fda163ba5ef0307ee5be9846e10f83b6e83d0cfb260d3b2464830318894c6b04?s=96&d=mm&r=g\",\"contentUrl\":\"https:\/\/secure.gravatar.com\/avatar\/fda163ba5ef0307ee5be9846e10f83b6e83d0cfb260d3b2464830318894c6b04?s=96&d=mm&r=g\",\"caption\":\"Germ\u00e1n Giacchero\"},\"url\":\"https:\/\/elregionalvm.com.ar\/noticias-villa-maria\/author\/germangiacchero\/\"}]}<\/script>\n<!-- \/ Yoast SEO plugin. -->","yoast_head_json":{"title":"[Tarifazos] Cooperativa de la regi\u00f3n postergar\u00e1 un aumento y ofrecer\u00e1 un descuento a sus asociados - El Regional","robots":{"index":"index","follow":"follow","max-snippet":"max-snippet:-1","max-image-preview":"max-image-preview:large","max-video-preview":"max-video-preview:-1"},"canonical":"https:\/\/elregionalvm.com.ar\/noticias-villa-maria\/tarifazos-cooperativa-de-la-region-postergara-un-aumento-y-ofrecera-un-descuento-a-sus-asociados\/","og_locale":"es_ES","og_type":"article","og_title":"[Tarifazos] Cooperativa de la regi\u00f3n postergar\u00e1 un aumento y ofrecer\u00e1 un descuento a sus asociados - El Regional","og_description":"La Cooperativa Ticinense anunci\u00f3 un par de acciones de \u201cacompa\u00f1amiento a los asociados\u201d, en virtud de los incrementos tarifarios por el servicio de energ\u00eda el\u00e9ctrica. En este sentido, la entidad de Ticino anunci\u00f3 que diferir\u00e1 un aumento, que usuarios de otras cooperativas ya recibieron en el mes de marzo. Esto permitir\u00e1 \u201ca sus asociados que [&hellip;]","og_url":"https:\/\/elregionalvm.com.ar\/noticias-villa-maria\/tarifazos-cooperativa-de-la-region-postergara-un-aumento-y-ofrecera-un-descuento-a-sus-asociados\/","og_site_name":"El Regional","article_publisher":"https:\/\/www.facebook.com\/elregionalvm","article_published_time":"2024-03-25T01:36:15+00:00","article_modified_time":"2024-03-25T01:36:16+00:00","og_image":[{"width":1280,"height":841,"url":"https:\/\/elregionalvm.com.ar\/noticias-villa-maria\/wp-content\/uploads\/2024\/03\/Cooperativa-Ticinense.jpg","type":"image\/jpeg"}],"author":"Germ\u00e1n Giacchero","twitter_card":"summary_large_image","twitter_creator":"@elregionalvm1","twitter_site":"@elregionalvm1","twitter_misc":{"Escrito por":"Germ\u00e1n Giacchero","Tiempo de lectura":"2 minutos"},"schema":{"@context":"https:\/\/schema.org","@graph":[{"@type":"Article","@id":"https:\/\/elregionalvm.com.ar\/noticias-villa-maria\/tarifazos-cooperativa-de-la-region-postergara-un-aumento-y-ofrecera-un-descuento-a-sus-asociados\/#article","isPartOf":{"@id":"https:\/\/elregionalvm.com.ar\/noticias-villa-maria\/tarifazos-cooperativa-de-la-region-postergara-un-aumento-y-ofrecera-un-descuento-a-sus-asociados\/"},"author":{"name":"Germ\u00e1n Giacchero","@id":"http:\/\/elregionalvm.com.ar\/noticias-villa-maria\/#\/schema\/person\/d5e4b04966154131701e52c45d3efec9"},"headline":"[Tarifazos] Cooperativa de la regi\u00f3n postergar\u00e1 un aumento y ofrecer\u00e1 un descuento a sus asociados","datePublished":"2024-03-25T01:36:15+00:00","dateModified":"2024-03-25T01:36:16+00:00","mainEntityOfPage":{"@id":"https:\/\/elregionalvm.com.ar\/noticias-villa-maria\/tarifazos-cooperativa-de-la-region-postergara-un-aumento-y-ofrecera-un-descuento-a-sus-asociados\/"},"wordCount":175,"commentCount":0,"image":{"@id":"https:\/\/elregionalvm.com.ar\/noticias-villa-maria\/tarifazos-cooperativa-de-la-region-postergara-un-aumento-y-ofrecera-un-descuento-a-sus-asociados\/#primaryimage"},"thumbnailUrl":"https:\/\/i0.wp.com\/elregionalvm.com.ar\/noticias-villa-maria\/wp-content\/uploads\/2024\/03\/Cooperativa-Ticinense.jpg?fit=1280%2C841&ssl=1","keywords":["aumento","Cooperativa Ticinense","descuento","Energ\u00eda el\u00e9ctrica","factura","incremento","Servicios","Tarifazos","Ticino"],"articleSection":["destacado","Regi\u00f3n"],"inLanguage":"es","potentialAction":[{"@type":"CommentAction","name":"Comment","target":["https:\/\/elregionalvm.com.ar\/noticias-villa-maria\/tarifazos-cooperativa-de-la-region-postergara-un-aumento-y-ofrecera-un-descuento-a-sus-asociados\/#respond"]}]},{"@type":"WebPage","@id":"https:\/\/elregionalvm.com.ar\/noticias-villa-maria\/tarifazos-cooperativa-de-la-region-postergara-un-aumento-y-ofrecera-un-descuento-a-sus-asociados\/","url":"https:\/\/elregionalvm.com.ar\/noticias-villa-maria\/tarifazos-cooperativa-de-la-region-postergara-un-aumento-y-ofrecera-un-descuento-a-sus-asociados\/","name":"[Tarifazos] Cooperativa de la regi\u00f3n postergar\u00e1 un aumento y ofrecer\u00e1 un descuento a sus asociados - El Regional","isPartOf":{"@id":"http:\/\/elregionalvm.com.ar\/noticias-villa-maria\/#website"},"primaryImageOfPage":{"@id":"https:\/\/elregionalvm.com.ar\/noticias-villa-maria\/tarifazos-cooperativa-de-la-region-postergara-un-aumento-y-ofrecera-un-descuento-a-sus-asociados\/#primaryimage"},"image":{"@id":"https:\/\/elregionalvm.com.ar\/noticias-villa-maria\/tarifazos-cooperativa-de-la-region-postergara-un-aumento-y-ofrecera-un-descuento-a-sus-asociados\/#primaryimage"},"thumbnailUrl":"https:\/\/i0.wp.com\/elregionalvm.com.ar\/noticias-villa-maria\/wp-content\/uploads\/2024\/03\/Cooperativa-Ticinense.jpg?fit=1280%2C841&ssl=1","datePublished":"2024-03-25T01:36:15+00:00","dateModified":"2024-03-25T01:36:16+00:00","author":{"@id":"http:\/\/elregionalvm.com.ar\/noticias-villa-maria\/#\/schema\/person\/d5e4b04966154131701e52c45d3efec9"},"breadcrumb":{"@id":"https:\/\/elregionalvm.com.ar\/noticias-villa-maria\/tarifazos-cooperativa-de-la-region-postergara-un-aumento-y-ofrecera-un-descuento-a-sus-asociados\/#breadcrumb"},"inLanguage":"es","potentialAction":[{"@type":"ReadAction","target":["https:\/\/elregionalvm.com.ar\/noticias-villa-maria\/tarifazos-cooperativa-de-la-region-postergara-un-aumento-y-ofrecera-un-descuento-a-sus-asociados\/"]}]},{"@type":"ImageObject","inLanguage":"es","@id":"https:\/\/elregionalvm.com.ar\/noticias-villa-maria\/tarifazos-cooperativa-de-la-region-postergara-un-aumento-y-ofrecera-un-descuento-a-sus-asociados\/#primaryimage","url":"https:\/\/i0.wp.com\/elregionalvm.com.ar\/noticias-villa-maria\/wp-content\/uploads\/2024\/03\/Cooperativa-Ticinense.jpg?fit=1280%2C841&ssl=1","contentUrl":"https:\/\/i0.wp.com\/elregionalvm.com.ar\/noticias-villa-maria\/wp-content\/uploads\/2024\/03\/Cooperativa-Ticinense.jpg?fit=1280%2C841&ssl=1","width":1280,"height":841},{"@type":"BreadcrumbList","@id":"https:\/\/elregionalvm.com.ar\/noticias-villa-maria\/tarifazos-cooperativa-de-la-region-postergara-un-aumento-y-ofrecera-un-descuento-a-sus-asociados\/#breadcrumb","itemListElement":[{"@type":"ListItem","position":1,"name":"Portada","item":"https:\/\/elregionalvm.com.ar\/noticias-villa-maria\/"},{"@type":"ListItem","position":2,"name":"[Tarifazos] Cooperativa de la regi\u00f3n postergar\u00e1 un aumento y ofrecer\u00e1 un descuento a sus asociados"}]},{"@type":"WebSite","@id":"http:\/\/elregionalvm.com.ar\/noticias-villa-maria\/#website","url":"http:\/\/elregionalvm.com.ar\/noticias-villa-maria\/","name":"El Regional","description":"Mucho m\u00e1s que informaci\u00f3n","potentialAction":[{"@type":"SearchAction","target":{"@type":"EntryPoint","urlTemplate":"http:\/\/elregionalvm.com.ar\/noticias-villa-maria\/?s={search_term_string}"},"query-input":{"@type":"PropertyValueSpecification","valueRequired":true,"valueName":"search_term_string"}}],"inLanguage":"es"},{"@type":"Person","@id":"http:\/\/elregionalvm.com.ar\/noticias-villa-maria\/#\/schema\/person\/d5e4b04966154131701e52c45d3efec9","name":"Germ\u00e1n Giacchero","image":{"@type":"ImageObject","inLanguage":"es","@id":"http:\/\/elregionalvm.com.ar\/noticias-villa-maria\/#\/schema\/person\/image\/","url":"https:\/\/secure.gravatar.com\/avatar\/fda163ba5ef0307ee5be9846e10f83b6e83d0cfb260d3b2464830318894c6b04?s=96&d=mm&r=g","contentUrl":"https:\/\/secure.gravatar.com\/avatar\/fda163ba5ef0307ee5be9846e10f83b6e83d0cfb260d3b2464830318894c6b04?s=96&d=mm&r=g","caption":"Germ\u00e1n Giacchero"},"url":"https:\/\/elregionalvm.com.ar\/noticias-villa-maria\/author\/germangiacchero\/"}]}},"jetpack_featured_media_url":"https:\/\/i0.wp.com\/elregionalvm.com.ar\/noticias-villa-maria\/wp-content\/uploads\/2024\/03\/Cooperativa-Ticinense.jpg?fit=1280%2C841&ssl=1","jetpack_sharing_enabled":true,"_links":{"self":[{"href":"https:\/\/elregionalvm.com.ar\/noticias-villa-maria\/wp-json\/wp\/v2\/posts\/91721","targetHints":{"allow":["GET"]}}],"collection":[{"href":"https:\/\/elregionalvm.com.ar\/noticias-villa-maria\/wp-json\/wp\/v2\/posts"}],"about":[{"href":"https:\/\/elregionalvm.com.ar\/noticias-villa-maria\/wp-json\/wp\/v2\/types\/post"}],"author":[{"embeddable":true,"href":"https:\/\/elregionalvm.com.ar\/noticias-villa-maria\/wp-json\/wp\/v2\/users\/6"}],"replies":[{"embeddable":true,"href":"https:\/\/elregionalvm.com.ar\/noticias-villa-maria\/wp-json\/wp\/v2\/comments?post=91721"}],"version-history":[{"count":1,"href":"https:\/\/elregionalvm.com.ar\/noticias-villa-maria\/wp-json\/wp\/v2\/posts\/91721\/revisions"}],"predecessor-version":[{"id":91724,"href":"https:\/\/elregionalvm.com.ar\/noticias-villa-maria\/wp-json\/wp\/v2\/posts\/91721\/revisions\/91724"}],"wp:featuredmedia":[{"embeddable":true,"href":"https:\/\/elregionalvm.com.ar\/noticias-villa-maria\/wp-json\/wp\/v2\/media\/91723"}],"wp:attachment":[{"href":"https:\/\/elregionalvm.com.ar\/noticias-villa-maria\/wp-json\/wp\/v2\/media?parent=91721"}],"wp:term":[{"taxonomy":"category","embeddable":true,"href":"https:\/\/elregionalvm.com.ar\/noticias-villa-maria\/wp-json\/wp\/v2\/categories?post=91721"},{"taxonomy":"post_tag","embeddable":true,"href":"https:\/\/elregionalvm.com.ar\/noticias-villa-maria\/wp-json\/wp\/v2\/tags?post=91721"}],"curies":[{"name":"wp","href":"https:\/\/api.w.org\/{rel}","templated":true}]}}