{"id":91749,"date":"2024-03-25T23:29:46","date_gmt":"2024-03-25T23:29:46","guid":{"rendered":"https:\/\/elregionalvm.com.ar\/noticias-villa-maria\/?p=91749"},"modified":"2024-03-25T23:29:48","modified_gmt":"2024-03-25T23:29:48","slug":"mas-de-500-personas-se-sumaron-a-la-escuela-municipal-de-deportes","status":"publish","type":"post","link":"https:\/\/elregionalvm.com.ar\/noticias-villa-maria\/mas-de-500-personas-se-sumaron-a-la-escuela-municipal-de-deportes\/","title":{"rendered":"M\u00e1s de 500 personas se sumaron a la escuela municipal de deportes"},"content":{"rendered":"\n<p>El intendente municipal Eduardo Accastello present\u00f3 la agenda 2024 de la Escuela Municipal de Deportes.<\/p>\n\n\n\n<figure class=\"wp-block-image size-large\"><img data-recalc-dims=\"1\" fetchpriority=\"high\" decoding=\"async\" width=\"1024\" height=\"783\" src=\"https:\/\/i0.wp.com\/elregionalvm.com.ar\/noticias-villa-maria\/wp-content\/uploads\/2024\/03\/WhatsApp-Image-2024-03-25-at-12.58.59-PM.jpeg?resize=1024%2C783&#038;ssl=1\" alt=\"\" class=\"wp-image-91752\" srcset=\"https:\/\/i0.wp.com\/elregionalvm.com.ar\/noticias-villa-maria\/wp-content\/uploads\/2024\/03\/WhatsApp-Image-2024-03-25-at-12.58.59-PM.jpeg?resize=1024%2C783&amp;ssl=1 1024w, https:\/\/i0.wp.com\/elregionalvm.com.ar\/noticias-villa-maria\/wp-content\/uploads\/2024\/03\/WhatsApp-Image-2024-03-25-at-12.58.59-PM.jpeg?resize=300%2C229&amp;ssl=1 300w, https:\/\/i0.wp.com\/elregionalvm.com.ar\/noticias-villa-maria\/wp-content\/uploads\/2024\/03\/WhatsApp-Image-2024-03-25-at-12.58.59-PM.jpeg?resize=768%2C587&amp;ssl=1 768w, https:\/\/i0.wp.com\/elregionalvm.com.ar\/noticias-villa-maria\/wp-content\/uploads\/2024\/03\/WhatsApp-Image-2024-03-25-at-12.58.59-PM.jpeg?w=1394&amp;ssl=1 1394w\" sizes=\"(max-width: 1000px) 100vw, 1000px\" \/><\/figure>\n\n\n\n<p>Las actividades, desarrolladas en 14 espacios de la ciudad, son organizadas por el Ente Deporte y Turismo con el ofrecen m\u00e1s de 30 propuestas deportivas en 4 polos geogr\u00e1ficos de la ciudad.<\/p>\n\n\n\n<p>En tal sentido, Accastello junto al presidente del Ente Deporte y Turismo, Alejandro Mana y el director de Deportes, Fernando Badr\u00e1n, brindaron detalles de las propuestas.<\/p>\n\n\n\n<p>Al respecto, Accastello dijo: \u201cla pr\u00e1ctica deportiva y las actividades recreativas en los barrios propician participaci\u00f3n, porque el deporte hace al desarrollo social. Promoveremos adem\u00e1s para los m\u00e1s peque\u00f1os la pr\u00e1ctica de ajedrez, una propuesta que impuls\u00e9 como ministro de Gobierno, y que estimula la concentraci\u00f3n, el pensamiento l\u00f3gico y la creatividad\u201d.<\/p>\n\n\n\n<p>A su tiempo, Alejandro Mana dijo: \u00abtodos los villamarienses tendr\u00e1n acceso a la pr\u00e1ctica deportiva que les permitir\u00e1 adquirir conocimientos para potenciar un h\u00e1bito de vida saludable\u201d.<\/p>\n\n\n\n<p>Por \u00faltimo, Fernando Badr\u00e1n agreg\u00f3: \u201cesta actividad comenz\u00f3 en la primera gesti\u00f3n de Eduardo Accastello como intendente con el fin de descentralizar las actividades y que, mediante costos accesibles, vecinos de distintos barrios puedan realizar la pr\u00e1ctica de 30 propuestas\u201d.<\/p>\n\n\n\n<figure class=\"wp-block-image size-large\"><img data-recalc-dims=\"1\" decoding=\"async\" width=\"1024\" height=\"682\" src=\"https:\/\/i0.wp.com\/elregionalvm.com.ar\/noticias-villa-maria\/wp-content\/uploads\/2024\/03\/WhatsApp-Image-2024-03-25-at-12.59.01-PM.jpeg?resize=1024%2C682&#038;ssl=1\" alt=\"\" class=\"wp-image-91750\" srcset=\"https:\/\/i0.wp.com\/elregionalvm.com.ar\/noticias-villa-maria\/wp-content\/uploads\/2024\/03\/WhatsApp-Image-2024-03-25-at-12.59.01-PM.jpeg?resize=1024%2C682&amp;ssl=1 1024w, https:\/\/i0.wp.com\/elregionalvm.com.ar\/noticias-villa-maria\/wp-content\/uploads\/2024\/03\/WhatsApp-Image-2024-03-25-at-12.59.01-PM.jpeg?resize=300%2C200&amp;ssl=1 300w, https:\/\/i0.wp.com\/elregionalvm.com.ar\/noticias-villa-maria\/wp-content\/uploads\/2024\/03\/WhatsApp-Image-2024-03-25-at-12.59.01-PM.jpeg?resize=768%2C512&amp;ssl=1 768w, https:\/\/i0.wp.com\/elregionalvm.com.ar\/noticias-villa-maria\/wp-content\/uploads\/2024\/03\/WhatsApp-Image-2024-03-25-at-12.59.01-PM.jpeg?resize=1536%2C1023&amp;ssl=1 1536w, https:\/\/i0.wp.com\/elregionalvm.com.ar\/noticias-villa-maria\/wp-content\/uploads\/2024\/03\/WhatsApp-Image-2024-03-25-at-12.59.01-PM.jpeg?w=1600&amp;ssl=1 1600w\" sizes=\"(max-width: 1000px) 100vw, 1000px\" \/><\/figure>\n\n\n\n<p>Las inscripciones para formar parte de las actividades permanecen abiertas y para ello, los interesados&nbsp; deber\u00e1n consultar en las redes sociales de \u201cVilla Mar\u00eda Deporte\u201d.<\/p>\n\n\n\n<p><em>Actividades en toda la ciudad<\/em><\/p>\n\n\n\n<p>En este marco, en el Polo 1, las propuestas deportivas se realizan en el Sal\u00f3n de los Deportes (Arturo Jauretche y Prol. Bv. Espa\u00f1a), Centro Vecinal B\u00b0 Trinitarios (Gral. Lonardi 1690), Centro Promoci\u00f3n Familiar Ram\u00f3n Carrillo (Lisandro de la Torre 1863).<\/p>\n\n\n\n<p>All\u00ed, los vecinos tienen la posibilidad de practicar: newcom, gimnasia r\u00edtmica y art\u00edstica, handball, v\u00f3ley, ritmos, iniciaci\u00f3n deportiva, gimnasia para adultos; y desarrollo integral para personas con discapacidad y powerchair<\/p>\n\n\n\n<p>Por su parte, en el Polo 2, los incentivos semanales se dictan en la Pileta Comunitaria \u201cEva Per\u00f3n\u201d (Av. Mercedarios S\/N), Centro de Gesti\u00f3n Comunitaria N\u00ba 1 &#8211; CPF \u201cDr. Ram\u00f3n C\u00e1rcano\u201d (Salta y La Quiaca), Centro Vecinal B\u00b0 Bello Horizonte (Monte Hermoso 118) y Plaza de Barrio Evita (2 de Abril y Hait\u00ed).<\/p>\n\n\n\n<p>En el mencionado polo, se brindan clases de: atletismo, f\u00fatbol, handball, mini b\u00e1squet, ritmos e iniciaci\u00f3n deportiva.<\/p>\n\n\n\n<p>Por otro lado, en el Polo 3, se realiza la pr\u00e1ctica de atletismo en el Polideportivo \u201cGuillermo Evans\u201d (Santa Fe y M\u00fcller), Judo en el Sal\u00f3n Hexagonal (Anfiteatro Municipal) y Deportes N\u00e1uticos en el Lago (Sargento Cabral y Costanera)<\/p>\n\n\n\n<p>Finalmente, en el Polo 4, se puede practicar f\u00fatbol en el Play\u00f3n Deportivo de La Calera (Marcos Ju\u00e1rez y Estados Unidos), en barrio Las Acacias (Las Magnolias 275) y en Fundaci\u00f3n Ciclo (Ramiro Su\u00e1rez y Prol. Bv. Italia); mientras que se dicta Ritmo Infantil y juvenil en el Centro Vecinal de B\u00ba La Calera (Marcos Ju\u00e1rez y Estados Unidos).<\/p>\n\n\n\n<p>De la actividad participaron tambi\u00e9n el director del Ente Deporte y Turismo, Eduardo Piazza y los coordinadores de la actividades, Agust\u00edn Abellonio y Nicol\u00e1s Garc\u00eda.<\/p>\n","protected":false},"excerpt":{"rendered":"<p>El intendente municipal Eduardo Accastello present\u00f3 la agenda 2024 de la Escuela Municipal de Deportes. Las actividades, desarrolladas en 14 espacios de la ciudad, son organizadas por el Ente Deporte y Turismo con el ofrecen m\u00e1s de 30 propuestas deportivas en 4 polos geogr\u00e1ficos de la ciudad. En tal sentido, Accastello junto al presidente del [&hellip;]<\/p>\n","protected":false},"author":4,"featured_media":91751,"comment_status":"open","ping_status":"open","sticky":false,"template":"","format":"standard","meta":{"site-sidebar-layout":"default","site-content-layout":"","ast-site-content-layout":"default","site-content-style":"default","site-sidebar-style":"default","ast-global-header-display":"","ast-banner-title-visibility":"","ast-main-header-display":"","ast-hfb-above-header-display":"","ast-hfb-below-header-display":"","ast-hfb-mobile-header-display":"","site-post-title":"","ast-breadcrumbs-content":"","ast-featured-img":"","footer-sml-layout":"","ast-disable-related-posts":"","theme-transparent-header-meta":"","adv-header-id-meta":"","stick-header-meta":"","header-above-stick-meta":"","header-main-stick-meta":"","header-below-stick-meta":"","astra-migrate-meta-layouts":"set","ast-page-background-enabled":"default","ast-page-background-meta":{"desktop":{"background-color":"","background-image":"","background-repeat":"repeat","background-position":"center center","background-size":"auto","background-attachment":"scroll","background-type":"","background-media":"","overlay-type":"","overlay-color":"","overlay-opacity":"","overlay-gradient":""},"tablet":{"background-color":"","background-image":"","background-repeat":"repeat","background-position":"center center","background-size":"auto","background-attachment":"scroll","background-type":"","background-media":"","overlay-type":"","overlay-color":"","overlay-opacity":"","overlay-gradient":""},"mobile":{"background-color":"","background-image":"","background-repeat":"repeat","background-position":"center center","background-size":"auto","background-attachment":"scroll","background-type":"","background-media":"","overlay-type":"","overlay-color":"","overlay-opacity":"","overlay-gradient":""}},"ast-content-background-meta":{"desktop":{"background-color":"var(--ast-global-color-5)","background-image":"","background-repeat":"repeat","background-position":"center center","background-size":"auto","background-attachment":"scroll","background-type":"","background-media":"","overlay-type":"","overlay-color":"","overlay-opacity":"","overlay-gradient":""},"tablet":{"background-color":"var(--ast-global-color-5)","background-image":"","background-repeat":"repeat","background-position":"center center","background-size":"auto","background-attachment":"scroll","background-type":"","background-media":"","overlay-type":"","overlay-color":"","overlay-opacity":"","overlay-gradient":""},"mobile":{"background-color":"var(--ast-global-color-5)","background-image":"","background-repeat":"repeat","background-position":"center center","background-size":"auto","background-attachment":"scroll","background-type":"","background-media":"","overlay-type":"","overlay-color":"","overlay-opacity":"","overlay-gradient":""}},"_jetpack_memberships_contains_paid_content":false,"_joinchat":[],"footnotes":""},"categories":[15158,15302,5,2],"tags":[],"class_list":["post-91749","post","type-post","status-publish","format-standard","has-post-thumbnail","hentry","category-deporte","category-destacado","category-sociedad","category-villa-maria"],"yoast_head":"<!-- This site is optimized with the Yoast SEO plugin v26.8 - https:\/\/yoast.com\/product\/yoast-seo-wordpress\/ -->\n<title>M\u00e1s de 500 personas se sumaron a la escuela municipal de deportes - El Regional<\/title>\n<meta name=\"robots\" content=\"index, follow, max-snippet:-1, max-image-preview:large, max-video-preview:-1\" \/>\n<link rel=\"canonical\" href=\"https:\/\/elregionalvm.com.ar\/noticias-villa-maria\/mas-de-500-personas-se-sumaron-a-la-escuela-municipal-de-deportes\/\" \/>\n<meta property=\"og:locale\" content=\"es_ES\" \/>\n<meta property=\"og:type\" content=\"article\" \/>\n<meta property=\"og:title\" content=\"M\u00e1s de 500 personas se sumaron a la escuela municipal de deportes - El Regional\" \/>\n<meta property=\"og:description\" content=\"El intendente municipal Eduardo Accastello present\u00f3 la agenda 2024 de la Escuela Municipal de Deportes. Las actividades, desarrolladas en 14 espacios de la ciudad, son organizadas por el Ente Deporte y Turismo con el ofrecen m\u00e1s de 30 propuestas deportivas en 4 polos geogr\u00e1ficos de la ciudad. En tal sentido, Accastello junto al presidente del [&hellip;]\" \/>\n<meta property=\"og:url\" content=\"https:\/\/elregionalvm.com.ar\/noticias-villa-maria\/mas-de-500-personas-se-sumaron-a-la-escuela-municipal-de-deportes\/\" \/>\n<meta property=\"og:site_name\" content=\"El Regional\" \/>\n<meta property=\"article:publisher\" content=\"https:\/\/www.facebook.com\/elregionalvm\" \/>\n<meta property=\"article:published_time\" content=\"2024-03-25T23:29:46+00:00\" \/>\n<meta property=\"article:modified_time\" content=\"2024-03-25T23:29:48+00:00\" \/>\n<meta property=\"og:image\" content=\"https:\/\/elregionalvm.com.ar\/noticias-villa-maria\/wp-content\/uploads\/2024\/03\/WhatsApp-Image-2024-03-25-at-12.59.00-PM.jpeg\" \/>\n\t<meta property=\"og:image:width\" content=\"1600\" \/>\n\t<meta property=\"og:image:height\" content=\"1066\" \/>\n\t<meta property=\"og:image:type\" content=\"image\/jpeg\" \/>\n<meta name=\"author\" content=\"Contenidos El Regional\" \/>\n<meta name=\"twitter:card\" content=\"summary_large_image\" \/>\n<meta name=\"twitter:creator\" content=\"@elregionalvm1\" \/>\n<meta name=\"twitter:site\" content=\"@elregionalvm1\" \/>\n<meta name=\"twitter:label1\" content=\"Escrito por\" \/>\n\t<meta name=\"twitter:data1\" content=\"Contenidos El Regional\" \/>\n\t<meta name=\"twitter:label2\" content=\"Tiempo de lectura\" \/>\n\t<meta name=\"twitter:data2\" content=\"3 minutos\" \/>\n<script type=\"application\/ld+json\" class=\"yoast-schema-graph\">{\"@context\":\"https:\/\/schema.org\",\"@graph\":[{\"@type\":\"Article\",\"@id\":\"https:\/\/elregionalvm.com.ar\/noticias-villa-maria\/mas-de-500-personas-se-sumaron-a-la-escuela-municipal-de-deportes\/#article\",\"isPartOf\":{\"@id\":\"https:\/\/elregionalvm.com.ar\/noticias-villa-maria\/mas-de-500-personas-se-sumaron-a-la-escuela-municipal-de-deportes\/\"},\"author\":{\"name\":\"Contenidos El Regional\",\"@id\":\"http:\/\/elregionalvm.com.ar\/noticias-villa-maria\/#\/schema\/person\/a0fb9c422317faca23d50163151bc354\"},\"headline\":\"M\u00e1s de 500 personas se sumaron a la escuela municipal de deportes\",\"datePublished\":\"2024-03-25T23:29:46+00:00\",\"dateModified\":\"2024-03-25T23:29:48+00:00\",\"mainEntityOfPage\":{\"@id\":\"https:\/\/elregionalvm.com.ar\/noticias-villa-maria\/mas-de-500-personas-se-sumaron-a-la-escuela-municipal-de-deportes\/\"},\"wordCount\":534,\"commentCount\":0,\"image\":{\"@id\":\"https:\/\/elregionalvm.com.ar\/noticias-villa-maria\/mas-de-500-personas-se-sumaron-a-la-escuela-municipal-de-deportes\/#primaryimage\"},\"thumbnailUrl\":\"https:\/\/i0.wp.com\/elregionalvm.com.ar\/noticias-villa-maria\/wp-content\/uploads\/2024\/03\/WhatsApp-Image-2024-03-25-at-12.59.00-PM.jpeg?fit=1600%2C1066&ssl=1\",\"articleSection\":[\"Deporte\",\"destacado\",\"Sociedad\",\"Villa Mar\u00eda\"],\"inLanguage\":\"es\",\"potentialAction\":[{\"@type\":\"CommentAction\",\"name\":\"Comment\",\"target\":[\"https:\/\/elregionalvm.com.ar\/noticias-villa-maria\/mas-de-500-personas-se-sumaron-a-la-escuela-municipal-de-deportes\/#respond\"]}]},{\"@type\":\"WebPage\",\"@id\":\"https:\/\/elregionalvm.com.ar\/noticias-villa-maria\/mas-de-500-personas-se-sumaron-a-la-escuela-municipal-de-deportes\/\",\"url\":\"https:\/\/elregionalvm.com.ar\/noticias-villa-maria\/mas-de-500-personas-se-sumaron-a-la-escuela-municipal-de-deportes\/\",\"name\":\"M\u00e1s de 500 personas se sumaron a la escuela municipal de deportes - El Regional\",\"isPartOf\":{\"@id\":\"http:\/\/elregionalvm.com.ar\/noticias-villa-maria\/#website\"},\"primaryImageOfPage\":{\"@id\":\"https:\/\/elregionalvm.com.ar\/noticias-villa-maria\/mas-de-500-personas-se-sumaron-a-la-escuela-municipal-de-deportes\/#primaryimage\"},\"image\":{\"@id\":\"https:\/\/elregionalvm.com.ar\/noticias-villa-maria\/mas-de-500-personas-se-sumaron-a-la-escuela-municipal-de-deportes\/#primaryimage\"},\"thumbnailUrl\":\"https:\/\/i0.wp.com\/elregionalvm.com.ar\/noticias-villa-maria\/wp-content\/uploads\/2024\/03\/WhatsApp-Image-2024-03-25-at-12.59.00-PM.jpeg?fit=1600%2C1066&ssl=1\",\"datePublished\":\"2024-03-25T23:29:46+00:00\",\"dateModified\":\"2024-03-25T23:29:48+00:00\",\"author\":{\"@id\":\"http:\/\/elregionalvm.com.ar\/noticias-villa-maria\/#\/schema\/person\/a0fb9c422317faca23d50163151bc354\"},\"breadcrumb\":{\"@id\":\"https:\/\/elregionalvm.com.ar\/noticias-villa-maria\/mas-de-500-personas-se-sumaron-a-la-escuela-municipal-de-deportes\/#breadcrumb\"},\"inLanguage\":\"es\",\"potentialAction\":[{\"@type\":\"ReadAction\",\"target\":[\"https:\/\/elregionalvm.com.ar\/noticias-villa-maria\/mas-de-500-personas-se-sumaron-a-la-escuela-municipal-de-deportes\/\"]}]},{\"@type\":\"ImageObject\",\"inLanguage\":\"es\",\"@id\":\"https:\/\/elregionalvm.com.ar\/noticias-villa-maria\/mas-de-500-personas-se-sumaron-a-la-escuela-municipal-de-deportes\/#primaryimage\",\"url\":\"https:\/\/i0.wp.com\/elregionalvm.com.ar\/noticias-villa-maria\/wp-content\/uploads\/2024\/03\/WhatsApp-Image-2024-03-25-at-12.59.00-PM.jpeg?fit=1600%2C1066&ssl=1\",\"contentUrl\":\"https:\/\/i0.wp.com\/elregionalvm.com.ar\/noticias-villa-maria\/wp-content\/uploads\/2024\/03\/WhatsApp-Image-2024-03-25-at-12.59.00-PM.jpeg?fit=1600%2C1066&ssl=1\",\"width\":1600,\"height\":1066},{\"@type\":\"BreadcrumbList\",\"@id\":\"https:\/\/elregionalvm.com.ar\/noticias-villa-maria\/mas-de-500-personas-se-sumaron-a-la-escuela-municipal-de-deportes\/#breadcrumb\",\"itemListElement\":[{\"@type\":\"ListItem\",\"position\":1,\"name\":\"Portada\",\"item\":\"https:\/\/elregionalvm.com.ar\/noticias-villa-maria\/\"},{\"@type\":\"ListItem\",\"position\":2,\"name\":\"M\u00e1s de 500 personas se sumaron a la escuela municipal de deportes\"}]},{\"@type\":\"WebSite\",\"@id\":\"http:\/\/elregionalvm.com.ar\/noticias-villa-maria\/#website\",\"url\":\"http:\/\/elregionalvm.com.ar\/noticias-villa-maria\/\",\"name\":\"El Regional\",\"description\":\"Mucho m\u00e1s que informaci\u00f3n\",\"potentialAction\":[{\"@type\":\"SearchAction\",\"target\":{\"@type\":\"EntryPoint\",\"urlTemplate\":\"http:\/\/elregionalvm.com.ar\/noticias-villa-maria\/?s={search_term_string}\"},\"query-input\":{\"@type\":\"PropertyValueSpecification\",\"valueRequired\":true,\"valueName\":\"search_term_string\"}}],\"inLanguage\":\"es\"},{\"@type\":\"Person\",\"@id\":\"http:\/\/elregionalvm.com.ar\/noticias-villa-maria\/#\/schema\/person\/a0fb9c422317faca23d50163151bc354\",\"name\":\"Contenidos El Regional\",\"image\":{\"@type\":\"ImageObject\",\"inLanguage\":\"es\",\"@id\":\"http:\/\/elregionalvm.com.ar\/noticias-villa-maria\/#\/schema\/person\/image\/\",\"url\":\"https:\/\/secure.gravatar.com\/avatar\/265b27cb2209af7bb3a1318f03305787d7981a5cc6e6cd08fe5a4ecdf99d4b48?s=96&d=mm&r=g\",\"contentUrl\":\"https:\/\/secure.gravatar.com\/avatar\/265b27cb2209af7bb3a1318f03305787d7981a5cc6e6cd08fe5a4ecdf99d4b48?s=96&d=mm&r=g\",\"caption\":\"Contenidos El Regional\"},\"url\":\"https:\/\/elregionalvm.com.ar\/noticias-villa-maria\/author\/contenido\/\"}]}<\/script>\n<!-- \/ Yoast SEO plugin. -->","yoast_head_json":{"title":"M\u00e1s de 500 personas se sumaron a la escuela municipal de deportes - El Regional","robots":{"index":"index","follow":"follow","max-snippet":"max-snippet:-1","max-image-preview":"max-image-preview:large","max-video-preview":"max-video-preview:-1"},"canonical":"https:\/\/elregionalvm.com.ar\/noticias-villa-maria\/mas-de-500-personas-se-sumaron-a-la-escuela-municipal-de-deportes\/","og_locale":"es_ES","og_type":"article","og_title":"M\u00e1s de 500 personas se sumaron a la escuela municipal de deportes - El Regional","og_description":"El intendente municipal Eduardo Accastello present\u00f3 la agenda 2024 de la Escuela Municipal de Deportes. Las actividades, desarrolladas en 14 espacios de la ciudad, son organizadas por el Ente Deporte y Turismo con el ofrecen m\u00e1s de 30 propuestas deportivas en 4 polos geogr\u00e1ficos de la ciudad. En tal sentido, Accastello junto al presidente del [&hellip;]","og_url":"https:\/\/elregionalvm.com.ar\/noticias-villa-maria\/mas-de-500-personas-se-sumaron-a-la-escuela-municipal-de-deportes\/","og_site_name":"El Regional","article_publisher":"https:\/\/www.facebook.com\/elregionalvm","article_published_time":"2024-03-25T23:29:46+00:00","article_modified_time":"2024-03-25T23:29:48+00:00","og_image":[{"width":1600,"height":1066,"url":"https:\/\/elregionalvm.com.ar\/noticias-villa-maria\/wp-content\/uploads\/2024\/03\/WhatsApp-Image-2024-03-25-at-12.59.00-PM.jpeg","type":"image\/jpeg"}],"author":"Contenidos El Regional","twitter_card":"summary_large_image","twitter_creator":"@elregionalvm1","twitter_site":"@elregionalvm1","twitter_misc":{"Escrito por":"Contenidos El Regional","Tiempo de lectura":"3 minutos"},"schema":{"@context":"https:\/\/schema.org","@graph":[{"@type":"Article","@id":"https:\/\/elregionalvm.com.ar\/noticias-villa-maria\/mas-de-500-personas-se-sumaron-a-la-escuela-municipal-de-deportes\/#article","isPartOf":{"@id":"https:\/\/elregionalvm.com.ar\/noticias-villa-maria\/mas-de-500-personas-se-sumaron-a-la-escuela-municipal-de-deportes\/"},"author":{"name":"Contenidos El Regional","@id":"http:\/\/elregionalvm.com.ar\/noticias-villa-maria\/#\/schema\/person\/a0fb9c422317faca23d50163151bc354"},"headline":"M\u00e1s de 500 personas se sumaron a la escuela municipal de deportes","datePublished":"2024-03-25T23:29:46+00:00","dateModified":"2024-03-25T23:29:48+00:00","mainEntityOfPage":{"@id":"https:\/\/elregionalvm.com.ar\/noticias-villa-maria\/mas-de-500-personas-se-sumaron-a-la-escuela-municipal-de-deportes\/"},"wordCount":534,"commentCount":0,"image":{"@id":"https:\/\/elregionalvm.com.ar\/noticias-villa-maria\/mas-de-500-personas-se-sumaron-a-la-escuela-municipal-de-deportes\/#primaryimage"},"thumbnailUrl":"https:\/\/i0.wp.com\/elregionalvm.com.ar\/noticias-villa-maria\/wp-content\/uploads\/2024\/03\/WhatsApp-Image-2024-03-25-at-12.59.00-PM.jpeg?fit=1600%2C1066&ssl=1","articleSection":["Deporte","destacado","Sociedad","Villa Mar\u00eda"],"inLanguage":"es","potentialAction":[{"@type":"CommentAction","name":"Comment","target":["https:\/\/elregionalvm.com.ar\/noticias-villa-maria\/mas-de-500-personas-se-sumaron-a-la-escuela-municipal-de-deportes\/#respond"]}]},{"@type":"WebPage","@id":"https:\/\/elregionalvm.com.ar\/noticias-villa-maria\/mas-de-500-personas-se-sumaron-a-la-escuela-municipal-de-deportes\/","url":"https:\/\/elregionalvm.com.ar\/noticias-villa-maria\/mas-de-500-personas-se-sumaron-a-la-escuela-municipal-de-deportes\/","name":"M\u00e1s de 500 personas se sumaron a la escuela municipal de deportes - El Regional","isPartOf":{"@id":"http:\/\/elregionalvm.com.ar\/noticias-villa-maria\/#website"},"primaryImageOfPage":{"@id":"https:\/\/elregionalvm.com.ar\/noticias-villa-maria\/mas-de-500-personas-se-sumaron-a-la-escuela-municipal-de-deportes\/#primaryimage"},"image":{"@id":"https:\/\/elregionalvm.com.ar\/noticias-villa-maria\/mas-de-500-personas-se-sumaron-a-la-escuela-municipal-de-deportes\/#primaryimage"},"thumbnailUrl":"https:\/\/i0.wp.com\/elregionalvm.com.ar\/noticias-villa-maria\/wp-content\/uploads\/2024\/03\/WhatsApp-Image-2024-03-25-at-12.59.00-PM.jpeg?fit=1600%2C1066&ssl=1","datePublished":"2024-03-25T23:29:46+00:00","dateModified":"2024-03-25T23:29:48+00:00","author":{"@id":"http:\/\/elregionalvm.com.ar\/noticias-villa-maria\/#\/schema\/person\/a0fb9c422317faca23d50163151bc354"},"breadcrumb":{"@id":"https:\/\/elregionalvm.com.ar\/noticias-villa-maria\/mas-de-500-personas-se-sumaron-a-la-escuela-municipal-de-deportes\/#breadcrumb"},"inLanguage":"es","potentialAction":[{"@type":"ReadAction","target":["https:\/\/elregionalvm.com.ar\/noticias-villa-maria\/mas-de-500-personas-se-sumaron-a-la-escuela-municipal-de-deportes\/"]}]},{"@type":"ImageObject","inLanguage":"es","@id":"https:\/\/elregionalvm.com.ar\/noticias-villa-maria\/mas-de-500-personas-se-sumaron-a-la-escuela-municipal-de-deportes\/#primaryimage","url":"https:\/\/i0.wp.com\/elregionalvm.com.ar\/noticias-villa-maria\/wp-content\/uploads\/2024\/03\/WhatsApp-Image-2024-03-25-at-12.59.00-PM.jpeg?fit=1600%2C1066&ssl=1","contentUrl":"https:\/\/i0.wp.com\/elregionalvm.com.ar\/noticias-villa-maria\/wp-content\/uploads\/2024\/03\/WhatsApp-Image-2024-03-25-at-12.59.00-PM.jpeg?fit=1600%2C1066&ssl=1","width":1600,"height":1066},{"@type":"BreadcrumbList","@id":"https:\/\/elregionalvm.com.ar\/noticias-villa-maria\/mas-de-500-personas-se-sumaron-a-la-escuela-municipal-de-deportes\/#breadcrumb","itemListElement":[{"@type":"ListItem","position":1,"name":"Portada","item":"https:\/\/elregionalvm.com.ar\/noticias-villa-maria\/"},{"@type":"ListItem","position":2,"name":"M\u00e1s de 500 personas se sumaron a la escuela municipal de deportes"}]},{"@type":"WebSite","@id":"http:\/\/elregionalvm.com.ar\/noticias-villa-maria\/#website","url":"http:\/\/elregionalvm.com.ar\/noticias-villa-maria\/","name":"El Regional","description":"Mucho m\u00e1s que informaci\u00f3n","potentialAction":[{"@type":"SearchAction","target":{"@type":"EntryPoint","urlTemplate":"http:\/\/elregionalvm.com.ar\/noticias-villa-maria\/?s={search_term_string}"},"query-input":{"@type":"PropertyValueSpecification","valueRequired":true,"valueName":"search_term_string"}}],"inLanguage":"es"},{"@type":"Person","@id":"http:\/\/elregionalvm.com.ar\/noticias-villa-maria\/#\/schema\/person\/a0fb9c422317faca23d50163151bc354","name":"Contenidos El Regional","image":{"@type":"ImageObject","inLanguage":"es","@id":"http:\/\/elregionalvm.com.ar\/noticias-villa-maria\/#\/schema\/person\/image\/","url":"https:\/\/secure.gravatar.com\/avatar\/265b27cb2209af7bb3a1318f03305787d7981a5cc6e6cd08fe5a4ecdf99d4b48?s=96&d=mm&r=g","contentUrl":"https:\/\/secure.gravatar.com\/avatar\/265b27cb2209af7bb3a1318f03305787d7981a5cc6e6cd08fe5a4ecdf99d4b48?s=96&d=mm&r=g","caption":"Contenidos El Regional"},"url":"https:\/\/elregionalvm.com.ar\/noticias-villa-maria\/author\/contenido\/"}]}},"jetpack_featured_media_url":"https:\/\/i0.wp.com\/elregionalvm.com.ar\/noticias-villa-maria\/wp-content\/uploads\/2024\/03\/WhatsApp-Image-2024-03-25-at-12.59.00-PM.jpeg?fit=1600%2C1066&ssl=1","jetpack_sharing_enabled":true,"_links":{"self":[{"href":"https:\/\/elregionalvm.com.ar\/noticias-villa-maria\/wp-json\/wp\/v2\/posts\/91749","targetHints":{"allow":["GET"]}}],"collection":[{"href":"https:\/\/elregionalvm.com.ar\/noticias-villa-maria\/wp-json\/wp\/v2\/posts"}],"about":[{"href":"https:\/\/elregionalvm.com.ar\/noticias-villa-maria\/wp-json\/wp\/v2\/types\/post"}],"author":[{"embeddable":true,"href":"https:\/\/elregionalvm.com.ar\/noticias-villa-maria\/wp-json\/wp\/v2\/users\/4"}],"replies":[{"embeddable":true,"href":"https:\/\/elregionalvm.com.ar\/noticias-villa-maria\/wp-json\/wp\/v2\/comments?post=91749"}],"version-history":[{"count":1,"href":"https:\/\/elregionalvm.com.ar\/noticias-villa-maria\/wp-json\/wp\/v2\/posts\/91749\/revisions"}],"predecessor-version":[{"id":91753,"href":"https:\/\/elregionalvm.com.ar\/noticias-villa-maria\/wp-json\/wp\/v2\/posts\/91749\/revisions\/91753"}],"wp:featuredmedia":[{"embeddable":true,"href":"https:\/\/elregionalvm.com.ar\/noticias-villa-maria\/wp-json\/wp\/v2\/media\/91751"}],"wp:attachment":[{"href":"https:\/\/elregionalvm.com.ar\/noticias-villa-maria\/wp-json\/wp\/v2\/media?parent=91749"}],"wp:term":[{"taxonomy":"category","embeddable":true,"href":"https:\/\/elregionalvm.com.ar\/noticias-villa-maria\/wp-json\/wp\/v2\/categories?post=91749"},{"taxonomy":"post_tag","embeddable":true,"href":"https:\/\/elregionalvm.com.ar\/noticias-villa-maria\/wp-json\/wp\/v2\/tags?post=91749"}],"curies":[{"name":"wp","href":"https:\/\/api.w.org\/{rel}","templated":true}]}}