{"id":91790,"date":"2024-03-26T17:41:29","date_gmt":"2024-03-26T17:41:29","guid":{"rendered":"https:\/\/elregionalvm.com.ar\/noticias-villa-maria\/?p=91790"},"modified":"2024-03-27T02:06:20","modified_gmt":"2024-03-27T02:06:20","slug":"vuelve-el-estacionamiento-tarifado-costos-horarios-y-como-pagar","status":"publish","type":"post","link":"https:\/\/elregionalvm.com.ar\/noticias-villa-maria\/vuelve-el-estacionamiento-tarifado-costos-horarios-y-como-pagar\/","title":{"rendered":"Vuelve el estacionamiento tarifado: Costos, horarios y c\u00f3mo pagar"},"content":{"rendered":"\n<p>Desde el mi\u00e9rcoles 3 de abril comenzar\u00e1 a funcionar en Villa Mar\u00eda el estacionamiento medido y tarifado. <\/p>\n\n\n\n<p>Seg\u00fan el municipio, el objetivo es controlar el tr\u00e1nsito y mejorar su fluidez. <\/p>\n\n\n\n<p>Durante un mes correr\u00e1 un periodo de prueba y adaptaci\u00f3n.<\/p>\n\n\n\n<p>El \u00e1rea de cobertura estar\u00e1 comprendida entre calles Salta y San Luis, bulevares Alvear y Espa\u00f1a, y calles Rucci y Mariano Moreno en ambas manos.<\/p>\n\n\n\n<p><\/p>\n\n\n\n<figure class=\"wp-block-image size-full\"><img data-recalc-dims=\"1\" fetchpriority=\"high\" decoding=\"async\" width=\"905\" height=\"609\" src=\"https:\/\/i0.wp.com\/elregionalvm.com.ar\/noticias-villa-maria\/wp-content\/uploads\/2024\/03\/Area-cobertura-estacionamiento-tarifado.jpg?resize=905%2C609&#038;ssl=1\" alt=\"\" class=\"wp-image-91794\" srcset=\"https:\/\/i0.wp.com\/elregionalvm.com.ar\/noticias-villa-maria\/wp-content\/uploads\/2024\/03\/Area-cobertura-estacionamiento-tarifado.jpg?w=905&amp;ssl=1 905w, https:\/\/i0.wp.com\/elregionalvm.com.ar\/noticias-villa-maria\/wp-content\/uploads\/2024\/03\/Area-cobertura-estacionamiento-tarifado.jpg?resize=300%2C202&amp;ssl=1 300w, https:\/\/i0.wp.com\/elregionalvm.com.ar\/noticias-villa-maria\/wp-content\/uploads\/2024\/03\/Area-cobertura-estacionamiento-tarifado.jpg?resize=768%2C517&amp;ssl=1 768w\" sizes=\"(max-width: 905px) 100vw, 905px\" \/><\/figure>\n\n\n\n<p><\/p>\n\n\n\n<p>Los autos pagar\u00e1n 360 pesos la hora, mientras que las motos abonar\u00e1n 100 pesos por hora.<\/p>\n\n\n\n<p>Los primeros 10 minutos no tienen costo, pero luego se cobra proporcional al tiempo que el veh\u00edculo se mantiene estacionado.<\/p>\n\n\n\n<p>El cobro del estacionamiento correr\u00e1 de lunes a s\u00e1bados de 8 a 13 y de 15 a 20.<\/p>\n\n\n\n<p>Para poder pagar se deber\u00e1 descargar la aplicaci\u00f3n Villa Mar\u00eda Ciudad en el tel\u00e9fono, con cuenta electr\u00f3nica y luego \u00aben 4 simples pasos\u00bb.<\/p>\n\n\n\n<p>1 \u2013 Cargar cr\u00e9dito en \u201cMi Billetera\u201d utilizando todas las modalidades de pago<\/p>\n\n\n\n<p>2- Agregar el dominio del veh\u00edculo en el bot\u00f3n \u201cestacionamiento\u201d<\/p>\n\n\n\n<p>3 \u2013 Presionar el bot\u00f3n estacionar y luego aceptar<\/p>\n\n\n\n<p>4 \u2013 Finalizado el servicio presionar el bot\u00f3n \u201cfinalizar estacionamiento\u201d, confirmando con el aceptar.<\/p>\n\n\n\n<p><\/p>\n\n\n\n<figure class=\"wp-block-image size-large\"><img data-recalc-dims=\"1\" decoding=\"async\" width=\"1024\" height=\"649\" src=\"https:\/\/i0.wp.com\/elregionalvm.com.ar\/noticias-villa-maria\/wp-content\/uploads\/2024\/03\/Autos-estacionados-1024x649.jpg?resize=1024%2C649&#038;ssl=1\" alt=\"\" class=\"wp-image-91796\" srcset=\"https:\/\/i0.wp.com\/elregionalvm.com.ar\/noticias-villa-maria\/wp-content\/uploads\/2024\/03\/Autos-estacionados.jpg?resize=1024%2C649&amp;ssl=1 1024w, https:\/\/i0.wp.com\/elregionalvm.com.ar\/noticias-villa-maria\/wp-content\/uploads\/2024\/03\/Autos-estacionados.jpg?resize=300%2C190&amp;ssl=1 300w, https:\/\/i0.wp.com\/elregionalvm.com.ar\/noticias-villa-maria\/wp-content\/uploads\/2024\/03\/Autos-estacionados.jpg?resize=768%2C486&amp;ssl=1 768w, https:\/\/i0.wp.com\/elregionalvm.com.ar\/noticias-villa-maria\/wp-content\/uploads\/2024\/03\/Autos-estacionados.jpg?w=1200&amp;ssl=1 1200w\" sizes=\"(max-width: 1000px) 100vw, 1000px\" \/><\/figure>\n\n\n\n<p><\/p>\n\n\n\n<p><strong>Frentistas<\/strong><\/p>\n\n\n\n<p>Deben acreditar ser titular o locatario del inmueble para estacionar el veh\u00edculo frente a su garaje, mediante un tr\u00e1mite ingresando a:&nbsp;<a href=\"http:\/\/app.villamaria.gob.ar\/\">http:\/\/app.villamaria.gob.ar<\/a>&nbsp;. El autom\u00f3vil debe encontrarse radicado en la ciudad y no tener deudas en la contribuci\u00f3n por rodados.<\/p>\n\n\n\n<p><strong>Donde va destinada la recaudaci\u00f3n<\/strong><\/p>\n\n\n\n<p>Tal como lo aprobaron por unanimidad los concejales de la ciudad, un porcentaje de lo recaudado por el servicio ser\u00e1 destinado a instituciones vinculadas a personas con discapacidad, a Bomberos Voluntarios y al Sistema de Transporte Urbano de Pasajeros.<\/p>\n\n\n\n<p>El personal encargado de controlar el servicio contar\u00e1 con una caracterizaci\u00f3n visible y su correspondiente uniforme para la identificaci\u00f3n de los usuarios.<\/p>\n\n\n\n<p><\/p>\n\n\n\n<h3 class=\"wp-block-heading\"><strong>Conoc\u00e9 m\u00e1s: <\/strong><\/h3>\n\n\n\n<p><\/p>\n\n\n\n<p><\/p>\n\n\n\n<div data-wp-interactive=\"core\/file\" class=\"wp-block-file\"><object data-wp-bind--hidden=\"!state.hasPdfPreview\" hidden class=\"wp-block-file__embed\" data=\"https:\/\/elregionalvm.com.ar\/noticias-villa-maria\/wp-content\/uploads\/2024\/03\/Estacionamiento-tarifado.pdf\" type=\"application\/pdf\" style=\"width:100%;height:600px\" aria-label=\"Incrustado de Estacionamiento-tarifado.\"><\/object><a id=\"wp-block-file--media-38744199-6acf-415d-9e35-4699b1cb32d8\" href=\"https:\/\/elregionalvm.com.ar\/noticias-villa-maria\/wp-content\/uploads\/2024\/03\/Estacionamiento-tarifado.pdf\">Estacionamiento-tarifado<\/a><a href=\"https:\/\/elregionalvm.com.ar\/noticias-villa-maria\/wp-content\/uploads\/2024\/03\/Estacionamiento-tarifado.pdf\" class=\"wp-block-file__button wp-element-button\" download aria-describedby=\"wp-block-file--media-38744199-6acf-415d-9e35-4699b1cb32d8\">Descarga<\/a><\/div>\n","protected":false},"excerpt":{"rendered":"<p>Desde el mi\u00e9rcoles 3 de abril comenzar\u00e1 a funcionar en Villa Mar\u00eda el estacionamiento medido y tarifado. Seg\u00fan el municipio, el objetivo es controlar el tr\u00e1nsito y mejorar su fluidez. Durante un mes correr\u00e1 un periodo de prueba y adaptaci\u00f3n. El \u00e1rea de cobertura estar\u00e1 comprendida entre calles Salta y San Luis, bulevares Alvear y [&hellip;]<\/p>\n","protected":false},"author":6,"featured_media":91797,"comment_status":"open","ping_status":"open","sticky":false,"template":"","format":"standard","meta":{"site-sidebar-layout":"default","site-content-layout":"","ast-site-content-layout":"default","site-content-style":"default","site-sidebar-style":"default","ast-global-header-display":"","ast-banner-title-visibility":"","ast-main-header-display":"","ast-hfb-above-header-display":"","ast-hfb-below-header-display":"","ast-hfb-mobile-header-display":"","site-post-title":"","ast-breadcrumbs-content":"","ast-featured-img":"","footer-sml-layout":"","ast-disable-related-posts":"","theme-transparent-header-meta":"","adv-header-id-meta":"","stick-header-meta":"","header-above-stick-meta":"","header-main-stick-meta":"","header-below-stick-meta":"","astra-migrate-meta-layouts":"set","ast-page-background-enabled":"default","ast-page-background-meta":{"desktop":{"background-color":"","background-image":"","background-repeat":"repeat","background-position":"center center","background-size":"auto","background-attachment":"scroll","background-type":"","background-media":"","overlay-type":"","overlay-color":"","overlay-opacity":"","overlay-gradient":""},"tablet":{"background-color":"","background-image":"","background-repeat":"repeat","background-position":"center center","background-size":"auto","background-attachment":"scroll","background-type":"","background-media":"","overlay-type":"","overlay-color":"","overlay-opacity":"","overlay-gradient":""},"mobile":{"background-color":"","background-image":"","background-repeat":"repeat","background-position":"center center","background-size":"auto","background-attachment":"scroll","background-type":"","background-media":"","overlay-type":"","overlay-color":"","overlay-opacity":"","overlay-gradient":""}},"ast-content-background-meta":{"desktop":{"background-color":"var(--ast-global-color-5)","background-image":"","background-repeat":"repeat","background-position":"center center","background-size":"auto","background-attachment":"scroll","background-type":"","background-media":"","overlay-type":"","overlay-color":"","overlay-opacity":"","overlay-gradient":""},"tablet":{"background-color":"var(--ast-global-color-5)","background-image":"","background-repeat":"repeat","background-position":"center center","background-size":"auto","background-attachment":"scroll","background-type":"","background-media":"","overlay-type":"","overlay-color":"","overlay-opacity":"","overlay-gradient":""},"mobile":{"background-color":"var(--ast-global-color-5)","background-image":"","background-repeat":"repeat","background-position":"center center","background-size":"auto","background-attachment":"scroll","background-type":"","background-media":"","overlay-type":"","overlay-color":"","overlay-opacity":"","overlay-gradient":""}},"_jetpack_memberships_contains_paid_content":false,"_joinchat":[],"footnotes":""},"categories":[15302,2],"tags":[15115,3167,2598,3998,305,2189,3115,272],"class_list":["post-91790","post","type-post","status-publish","format-standard","has-post-thumbnail","hentry","category-destacado","category-villa-maria","tag-abril","tag-app","tag-control","tag-costos","tag-estacionamiento-tarifado","tag-horarios","tag-pago","tag-transito"],"yoast_head":"<!-- This site is optimized with the Yoast SEO plugin v26.8 - https:\/\/yoast.com\/product\/yoast-seo-wordpress\/ -->\n<title>Vuelve el estacionamiento tarifado: Costos, horarios y c\u00f3mo pagar - El Regional<\/title>\n<meta name=\"robots\" content=\"index, follow, max-snippet:-1, max-image-preview:large, max-video-preview:-1\" \/>\n<link rel=\"canonical\" href=\"https:\/\/elregionalvm.com.ar\/noticias-villa-maria\/vuelve-el-estacionamiento-tarifado-costos-horarios-y-como-pagar\/\" \/>\n<meta property=\"og:locale\" content=\"es_ES\" \/>\n<meta property=\"og:type\" content=\"article\" \/>\n<meta property=\"og:title\" content=\"Vuelve el estacionamiento tarifado: Costos, horarios y c\u00f3mo pagar - El Regional\" \/>\n<meta property=\"og:description\" content=\"Desde el mi\u00e9rcoles 3 de abril comenzar\u00e1 a funcionar en Villa Mar\u00eda el estacionamiento medido y tarifado. Seg\u00fan el municipio, el objetivo es controlar el tr\u00e1nsito y mejorar su fluidez. Durante un mes correr\u00e1 un periodo de prueba y adaptaci\u00f3n. El \u00e1rea de cobertura estar\u00e1 comprendida entre calles Salta y San Luis, bulevares Alvear y [&hellip;]\" \/>\n<meta property=\"og:url\" content=\"https:\/\/elregionalvm.com.ar\/noticias-villa-maria\/vuelve-el-estacionamiento-tarifado-costos-horarios-y-como-pagar\/\" \/>\n<meta property=\"og:site_name\" content=\"El Regional\" \/>\n<meta property=\"article:publisher\" content=\"https:\/\/www.facebook.com\/elregionalvm\" \/>\n<meta property=\"article:published_time\" content=\"2024-03-26T17:41:29+00:00\" \/>\n<meta property=\"article:modified_time\" content=\"2024-03-27T02:06:20+00:00\" \/>\n<meta property=\"og:image\" content=\"https:\/\/elregionalvm.com.ar\/noticias-villa-maria\/wp-content\/uploads\/2024\/03\/autos-estacionados-estacionamiento-medido-tarifado.jpg\" \/>\n\t<meta property=\"og:image:width\" content=\"1200\" \/>\n\t<meta property=\"og:image:height\" content=\"900\" \/>\n\t<meta property=\"og:image:type\" content=\"image\/jpeg\" \/>\n<meta name=\"author\" content=\"Germ\u00e1n Giacchero\" \/>\n<meta name=\"twitter:card\" content=\"summary_large_image\" \/>\n<meta name=\"twitter:creator\" content=\"@elregionalvm1\" \/>\n<meta name=\"twitter:site\" content=\"@elregionalvm1\" \/>\n<meta name=\"twitter:label1\" content=\"Escrito por\" \/>\n\t<meta name=\"twitter:data1\" content=\"Germ\u00e1n Giacchero\" \/>\n\t<meta name=\"twitter:label2\" content=\"Tiempo de lectura\" \/>\n\t<meta name=\"twitter:data2\" content=\"2 minutos\" \/>\n<script type=\"application\/ld+json\" class=\"yoast-schema-graph\">{\"@context\":\"https:\/\/schema.org\",\"@graph\":[{\"@type\":\"Article\",\"@id\":\"https:\/\/elregionalvm.com.ar\/noticias-villa-maria\/vuelve-el-estacionamiento-tarifado-costos-horarios-y-como-pagar\/#article\",\"isPartOf\":{\"@id\":\"https:\/\/elregionalvm.com.ar\/noticias-villa-maria\/vuelve-el-estacionamiento-tarifado-costos-horarios-y-como-pagar\/\"},\"author\":{\"name\":\"Germ\u00e1n Giacchero\",\"@id\":\"http:\/\/elregionalvm.com.ar\/noticias-villa-maria\/#\/schema\/person\/d5e4b04966154131701e52c45d3efec9\"},\"headline\":\"Vuelve el estacionamiento tarifado: Costos, horarios y c\u00f3mo pagar\",\"datePublished\":\"2024-03-26T17:41:29+00:00\",\"dateModified\":\"2024-03-27T02:06:20+00:00\",\"mainEntityOfPage\":{\"@id\":\"https:\/\/elregionalvm.com.ar\/noticias-villa-maria\/vuelve-el-estacionamiento-tarifado-costos-horarios-y-como-pagar\/\"},\"wordCount\":326,\"commentCount\":0,\"image\":{\"@id\":\"https:\/\/elregionalvm.com.ar\/noticias-villa-maria\/vuelve-el-estacionamiento-tarifado-costos-horarios-y-como-pagar\/#primaryimage\"},\"thumbnailUrl\":\"https:\/\/i0.wp.com\/elregionalvm.com.ar\/noticias-villa-maria\/wp-content\/uploads\/2024\/03\/autos-estacionados-estacionamiento-medido-tarifado.jpg?fit=1200%2C900&ssl=1\",\"keywords\":[\"Abril\",\"app\",\"Control\",\"costos\",\"estacionamiento tarifado\",\"Horarios\",\"Pago\",\"Tr\u00e1nsito\"],\"articleSection\":[\"destacado\",\"Villa Mar\u00eda\"],\"inLanguage\":\"es\",\"potentialAction\":[{\"@type\":\"CommentAction\",\"name\":\"Comment\",\"target\":[\"https:\/\/elregionalvm.com.ar\/noticias-villa-maria\/vuelve-el-estacionamiento-tarifado-costos-horarios-y-como-pagar\/#respond\"]}]},{\"@type\":\"WebPage\",\"@id\":\"https:\/\/elregionalvm.com.ar\/noticias-villa-maria\/vuelve-el-estacionamiento-tarifado-costos-horarios-y-como-pagar\/\",\"url\":\"https:\/\/elregionalvm.com.ar\/noticias-villa-maria\/vuelve-el-estacionamiento-tarifado-costos-horarios-y-como-pagar\/\",\"name\":\"Vuelve el estacionamiento tarifado: Costos, horarios y c\u00f3mo pagar - El Regional\",\"isPartOf\":{\"@id\":\"http:\/\/elregionalvm.com.ar\/noticias-villa-maria\/#website\"},\"primaryImageOfPage\":{\"@id\":\"https:\/\/elregionalvm.com.ar\/noticias-villa-maria\/vuelve-el-estacionamiento-tarifado-costos-horarios-y-como-pagar\/#primaryimage\"},\"image\":{\"@id\":\"https:\/\/elregionalvm.com.ar\/noticias-villa-maria\/vuelve-el-estacionamiento-tarifado-costos-horarios-y-como-pagar\/#primaryimage\"},\"thumbnailUrl\":\"https:\/\/i0.wp.com\/elregionalvm.com.ar\/noticias-villa-maria\/wp-content\/uploads\/2024\/03\/autos-estacionados-estacionamiento-medido-tarifado.jpg?fit=1200%2C900&ssl=1\",\"datePublished\":\"2024-03-26T17:41:29+00:00\",\"dateModified\":\"2024-03-27T02:06:20+00:00\",\"author\":{\"@id\":\"http:\/\/elregionalvm.com.ar\/noticias-villa-maria\/#\/schema\/person\/d5e4b04966154131701e52c45d3efec9\"},\"breadcrumb\":{\"@id\":\"https:\/\/elregionalvm.com.ar\/noticias-villa-maria\/vuelve-el-estacionamiento-tarifado-costos-horarios-y-como-pagar\/#breadcrumb\"},\"inLanguage\":\"es\",\"potentialAction\":[{\"@type\":\"ReadAction\",\"target\":[\"https:\/\/elregionalvm.com.ar\/noticias-villa-maria\/vuelve-el-estacionamiento-tarifado-costos-horarios-y-como-pagar\/\"]}]},{\"@type\":\"ImageObject\",\"inLanguage\":\"es\",\"@id\":\"https:\/\/elregionalvm.com.ar\/noticias-villa-maria\/vuelve-el-estacionamiento-tarifado-costos-horarios-y-como-pagar\/#primaryimage\",\"url\":\"https:\/\/i0.wp.com\/elregionalvm.com.ar\/noticias-villa-maria\/wp-content\/uploads\/2024\/03\/autos-estacionados-estacionamiento-medido-tarifado.jpg?fit=1200%2C900&ssl=1\",\"contentUrl\":\"https:\/\/i0.wp.com\/elregionalvm.com.ar\/noticias-villa-maria\/wp-content\/uploads\/2024\/03\/autos-estacionados-estacionamiento-medido-tarifado.jpg?fit=1200%2C900&ssl=1\",\"width\":1200,\"height\":900},{\"@type\":\"BreadcrumbList\",\"@id\":\"https:\/\/elregionalvm.com.ar\/noticias-villa-maria\/vuelve-el-estacionamiento-tarifado-costos-horarios-y-como-pagar\/#breadcrumb\",\"itemListElement\":[{\"@type\":\"ListItem\",\"position\":1,\"name\":\"Portada\",\"item\":\"https:\/\/elregionalvm.com.ar\/noticias-villa-maria\/\"},{\"@type\":\"ListItem\",\"position\":2,\"name\":\"Vuelve el estacionamiento tarifado: Costos, horarios y c\u00f3mo pagar\"}]},{\"@type\":\"WebSite\",\"@id\":\"http:\/\/elregionalvm.com.ar\/noticias-villa-maria\/#website\",\"url\":\"http:\/\/elregionalvm.com.ar\/noticias-villa-maria\/\",\"name\":\"El Regional\",\"description\":\"Mucho m\u00e1s que informaci\u00f3n\",\"potentialAction\":[{\"@type\":\"SearchAction\",\"target\":{\"@type\":\"EntryPoint\",\"urlTemplate\":\"http:\/\/elregionalvm.com.ar\/noticias-villa-maria\/?s={search_term_string}\"},\"query-input\":{\"@type\":\"PropertyValueSpecification\",\"valueRequired\":true,\"valueName\":\"search_term_string\"}}],\"inLanguage\":\"es\"},{\"@type\":\"Person\",\"@id\":\"http:\/\/elregionalvm.com.ar\/noticias-villa-maria\/#\/schema\/person\/d5e4b04966154131701e52c45d3efec9\",\"name\":\"Germ\u00e1n Giacchero\",\"image\":{\"@type\":\"ImageObject\",\"inLanguage\":\"es\",\"@id\":\"http:\/\/elregionalvm.com.ar\/noticias-villa-maria\/#\/schema\/person\/image\/\",\"url\":\"https:\/\/secure.gravatar.com\/avatar\/fda163ba5ef0307ee5be9846e10f83b6e83d0cfb260d3b2464830318894c6b04?s=96&d=mm&r=g\",\"contentUrl\":\"https:\/\/secure.gravatar.com\/avatar\/fda163ba5ef0307ee5be9846e10f83b6e83d0cfb260d3b2464830318894c6b04?s=96&d=mm&r=g\",\"caption\":\"Germ\u00e1n Giacchero\"},\"url\":\"https:\/\/elregionalvm.com.ar\/noticias-villa-maria\/author\/germangiacchero\/\"}]}<\/script>\n<!-- \/ Yoast SEO plugin. -->","yoast_head_json":{"title":"Vuelve el estacionamiento tarifado: Costos, horarios y c\u00f3mo pagar - El Regional","robots":{"index":"index","follow":"follow","max-snippet":"max-snippet:-1","max-image-preview":"max-image-preview:large","max-video-preview":"max-video-preview:-1"},"canonical":"https:\/\/elregionalvm.com.ar\/noticias-villa-maria\/vuelve-el-estacionamiento-tarifado-costos-horarios-y-como-pagar\/","og_locale":"es_ES","og_type":"article","og_title":"Vuelve el estacionamiento tarifado: Costos, horarios y c\u00f3mo pagar - El Regional","og_description":"Desde el mi\u00e9rcoles 3 de abril comenzar\u00e1 a funcionar en Villa Mar\u00eda el estacionamiento medido y tarifado. Seg\u00fan el municipio, el objetivo es controlar el tr\u00e1nsito y mejorar su fluidez. Durante un mes correr\u00e1 un periodo de prueba y adaptaci\u00f3n. El \u00e1rea de cobertura estar\u00e1 comprendida entre calles Salta y San Luis, bulevares Alvear y [&hellip;]","og_url":"https:\/\/elregionalvm.com.ar\/noticias-villa-maria\/vuelve-el-estacionamiento-tarifado-costos-horarios-y-como-pagar\/","og_site_name":"El Regional","article_publisher":"https:\/\/www.facebook.com\/elregionalvm","article_published_time":"2024-03-26T17:41:29+00:00","article_modified_time":"2024-03-27T02:06:20+00:00","og_image":[{"width":1200,"height":900,"url":"https:\/\/elregionalvm.com.ar\/noticias-villa-maria\/wp-content\/uploads\/2024\/03\/autos-estacionados-estacionamiento-medido-tarifado.jpg","type":"image\/jpeg"}],"author":"Germ\u00e1n Giacchero","twitter_card":"summary_large_image","twitter_creator":"@elregionalvm1","twitter_site":"@elregionalvm1","twitter_misc":{"Escrito por":"Germ\u00e1n Giacchero","Tiempo de lectura":"2 minutos"},"schema":{"@context":"https:\/\/schema.org","@graph":[{"@type":"Article","@id":"https:\/\/elregionalvm.com.ar\/noticias-villa-maria\/vuelve-el-estacionamiento-tarifado-costos-horarios-y-como-pagar\/#article","isPartOf":{"@id":"https:\/\/elregionalvm.com.ar\/noticias-villa-maria\/vuelve-el-estacionamiento-tarifado-costos-horarios-y-como-pagar\/"},"author":{"name":"Germ\u00e1n Giacchero","@id":"http:\/\/elregionalvm.com.ar\/noticias-villa-maria\/#\/schema\/person\/d5e4b04966154131701e52c45d3efec9"},"headline":"Vuelve el estacionamiento tarifado: Costos, horarios y c\u00f3mo pagar","datePublished":"2024-03-26T17:41:29+00:00","dateModified":"2024-03-27T02:06:20+00:00","mainEntityOfPage":{"@id":"https:\/\/elregionalvm.com.ar\/noticias-villa-maria\/vuelve-el-estacionamiento-tarifado-costos-horarios-y-como-pagar\/"},"wordCount":326,"commentCount":0,"image":{"@id":"https:\/\/elregionalvm.com.ar\/noticias-villa-maria\/vuelve-el-estacionamiento-tarifado-costos-horarios-y-como-pagar\/#primaryimage"},"thumbnailUrl":"https:\/\/i0.wp.com\/elregionalvm.com.ar\/noticias-villa-maria\/wp-content\/uploads\/2024\/03\/autos-estacionados-estacionamiento-medido-tarifado.jpg?fit=1200%2C900&ssl=1","keywords":["Abril","app","Control","costos","estacionamiento tarifado","Horarios","Pago","Tr\u00e1nsito"],"articleSection":["destacado","Villa Mar\u00eda"],"inLanguage":"es","potentialAction":[{"@type":"CommentAction","name":"Comment","target":["https:\/\/elregionalvm.com.ar\/noticias-villa-maria\/vuelve-el-estacionamiento-tarifado-costos-horarios-y-como-pagar\/#respond"]}]},{"@type":"WebPage","@id":"https:\/\/elregionalvm.com.ar\/noticias-villa-maria\/vuelve-el-estacionamiento-tarifado-costos-horarios-y-como-pagar\/","url":"https:\/\/elregionalvm.com.ar\/noticias-villa-maria\/vuelve-el-estacionamiento-tarifado-costos-horarios-y-como-pagar\/","name":"Vuelve el estacionamiento tarifado: Costos, horarios y c\u00f3mo pagar - El Regional","isPartOf":{"@id":"http:\/\/elregionalvm.com.ar\/noticias-villa-maria\/#website"},"primaryImageOfPage":{"@id":"https:\/\/elregionalvm.com.ar\/noticias-villa-maria\/vuelve-el-estacionamiento-tarifado-costos-horarios-y-como-pagar\/#primaryimage"},"image":{"@id":"https:\/\/elregionalvm.com.ar\/noticias-villa-maria\/vuelve-el-estacionamiento-tarifado-costos-horarios-y-como-pagar\/#primaryimage"},"thumbnailUrl":"https:\/\/i0.wp.com\/elregionalvm.com.ar\/noticias-villa-maria\/wp-content\/uploads\/2024\/03\/autos-estacionados-estacionamiento-medido-tarifado.jpg?fit=1200%2C900&ssl=1","datePublished":"2024-03-26T17:41:29+00:00","dateModified":"2024-03-27T02:06:20+00:00","author":{"@id":"http:\/\/elregionalvm.com.ar\/noticias-villa-maria\/#\/schema\/person\/d5e4b04966154131701e52c45d3efec9"},"breadcrumb":{"@id":"https:\/\/elregionalvm.com.ar\/noticias-villa-maria\/vuelve-el-estacionamiento-tarifado-costos-horarios-y-como-pagar\/#breadcrumb"},"inLanguage":"es","potentialAction":[{"@type":"ReadAction","target":["https:\/\/elregionalvm.com.ar\/noticias-villa-maria\/vuelve-el-estacionamiento-tarifado-costos-horarios-y-como-pagar\/"]}]},{"@type":"ImageObject","inLanguage":"es","@id":"https:\/\/elregionalvm.com.ar\/noticias-villa-maria\/vuelve-el-estacionamiento-tarifado-costos-horarios-y-como-pagar\/#primaryimage","url":"https:\/\/i0.wp.com\/elregionalvm.com.ar\/noticias-villa-maria\/wp-content\/uploads\/2024\/03\/autos-estacionados-estacionamiento-medido-tarifado.jpg?fit=1200%2C900&ssl=1","contentUrl":"https:\/\/i0.wp.com\/elregionalvm.com.ar\/noticias-villa-maria\/wp-content\/uploads\/2024\/03\/autos-estacionados-estacionamiento-medido-tarifado.jpg?fit=1200%2C900&ssl=1","width":1200,"height":900},{"@type":"BreadcrumbList","@id":"https:\/\/elregionalvm.com.ar\/noticias-villa-maria\/vuelve-el-estacionamiento-tarifado-costos-horarios-y-como-pagar\/#breadcrumb","itemListElement":[{"@type":"ListItem","position":1,"name":"Portada","item":"https:\/\/elregionalvm.com.ar\/noticias-villa-maria\/"},{"@type":"ListItem","position":2,"name":"Vuelve el estacionamiento tarifado: Costos, horarios y c\u00f3mo pagar"}]},{"@type":"WebSite","@id":"http:\/\/elregionalvm.com.ar\/noticias-villa-maria\/#website","url":"http:\/\/elregionalvm.com.ar\/noticias-villa-maria\/","name":"El Regional","description":"Mucho m\u00e1s que informaci\u00f3n","potentialAction":[{"@type":"SearchAction","target":{"@type":"EntryPoint","urlTemplate":"http:\/\/elregionalvm.com.ar\/noticias-villa-maria\/?s={search_term_string}"},"query-input":{"@type":"PropertyValueSpecification","valueRequired":true,"valueName":"search_term_string"}}],"inLanguage":"es"},{"@type":"Person","@id":"http:\/\/elregionalvm.com.ar\/noticias-villa-maria\/#\/schema\/person\/d5e4b04966154131701e52c45d3efec9","name":"Germ\u00e1n Giacchero","image":{"@type":"ImageObject","inLanguage":"es","@id":"http:\/\/elregionalvm.com.ar\/noticias-villa-maria\/#\/schema\/person\/image\/","url":"https:\/\/secure.gravatar.com\/avatar\/fda163ba5ef0307ee5be9846e10f83b6e83d0cfb260d3b2464830318894c6b04?s=96&d=mm&r=g","contentUrl":"https:\/\/secure.gravatar.com\/avatar\/fda163ba5ef0307ee5be9846e10f83b6e83d0cfb260d3b2464830318894c6b04?s=96&d=mm&r=g","caption":"Germ\u00e1n Giacchero"},"url":"https:\/\/elregionalvm.com.ar\/noticias-villa-maria\/author\/germangiacchero\/"}]}},"jetpack_featured_media_url":"https:\/\/i0.wp.com\/elregionalvm.com.ar\/noticias-villa-maria\/wp-content\/uploads\/2024\/03\/autos-estacionados-estacionamiento-medido-tarifado.jpg?fit=1200%2C900&ssl=1","jetpack_sharing_enabled":true,"_links":{"self":[{"href":"https:\/\/elregionalvm.com.ar\/noticias-villa-maria\/wp-json\/wp\/v2\/posts\/91790","targetHints":{"allow":["GET"]}}],"collection":[{"href":"https:\/\/elregionalvm.com.ar\/noticias-villa-maria\/wp-json\/wp\/v2\/posts"}],"about":[{"href":"https:\/\/elregionalvm.com.ar\/noticias-villa-maria\/wp-json\/wp\/v2\/types\/post"}],"author":[{"embeddable":true,"href":"https:\/\/elregionalvm.com.ar\/noticias-villa-maria\/wp-json\/wp\/v2\/users\/6"}],"replies":[{"embeddable":true,"href":"https:\/\/elregionalvm.com.ar\/noticias-villa-maria\/wp-json\/wp\/v2\/comments?post=91790"}],"version-history":[{"count":4,"href":"https:\/\/elregionalvm.com.ar\/noticias-villa-maria\/wp-json\/wp\/v2\/posts\/91790\/revisions"}],"predecessor-version":[{"id":91833,"href":"https:\/\/elregionalvm.com.ar\/noticias-villa-maria\/wp-json\/wp\/v2\/posts\/91790\/revisions\/91833"}],"wp:featuredmedia":[{"embeddable":true,"href":"https:\/\/elregionalvm.com.ar\/noticias-villa-maria\/wp-json\/wp\/v2\/media\/91797"}],"wp:attachment":[{"href":"https:\/\/elregionalvm.com.ar\/noticias-villa-maria\/wp-json\/wp\/v2\/media?parent=91790"}],"wp:term":[{"taxonomy":"category","embeddable":true,"href":"https:\/\/elregionalvm.com.ar\/noticias-villa-maria\/wp-json\/wp\/v2\/categories?post=91790"},{"taxonomy":"post_tag","embeddable":true,"href":"https:\/\/elregionalvm.com.ar\/noticias-villa-maria\/wp-json\/wp\/v2\/tags?post=91790"}],"curies":[{"name":"wp","href":"https:\/\/api.w.org\/{rel}","templated":true}]}}