{"id":91819,"date":"2024-03-26T22:44:13","date_gmt":"2024-03-26T22:44:13","guid":{"rendered":"https:\/\/elregionalvm.com.ar\/noticias-villa-maria\/?p=91819"},"modified":"2024-03-27T02:00:08","modified_gmt":"2024-03-27T02:00:08","slug":"oncativo-fpa-detuvo-a-un-sujeto-y-secuestro-cocaina","status":"publish","type":"post","link":"https:\/\/elregionalvm.com.ar\/noticias-villa-maria\/oncativo-fpa-detuvo-a-un-sujeto-y-secuestro-cocaina\/","title":{"rendered":"Oncativo: FPA detuvo a un sujeto y secuestr\u00f3 coca\u00edna"},"content":{"rendered":"\n<p>Personal de la Fuerza Policial Antinarcotr\u00e1fico efectu\u00f3 un allanamiento y detuvo a un sujeto en la ciudad de Oncativo.<\/p>\n\n\n\n<p>El operativo fue llevado a cabo en calle Rep\u00fablica Dominicana al 1000. En el domicilio, se logr\u00f3 el secuestro de varios elementos que estar\u00edan relacionados al fraccionamiento y venta ilegal de sustancias il\u00edcitas.<\/p>\n\n\n\n<p>Dicho allanamiento, efectuados por la FPA, se encuentra relacionado con controles realizados por los efectivos de la Fuerza sobre calle Roque S\u00e1enz Pe\u00f1a esquina Bv. Buenos Aires de la ciudad mencionada, en donde quedo detenido un sujeto mayor de edad (35) y se logr\u00f3 la incautaci\u00f3n de varias dosis de coca\u00edna, dinero y un veh\u00edculo.<\/p>\n\n\n\n<p>La totalidad del dispositivo estuvo supervisada por autoridades de la Fiscal\u00eda de Lucha Contra el Narcotr\u00e1fico del Segundo Turno, quienes dispusieron el traslado del investigado a sede judicial por infracci\u00f3n a la Ley Nacional 23.737.<\/p>\n","protected":false},"excerpt":{"rendered":"<p>Personal de la Fuerza Policial Antinarcotr\u00e1fico efectu\u00f3 un allanamiento y detuvo a un sujeto en la ciudad de Oncativo. El operativo fue llevado a cabo en calle Rep\u00fablica Dominicana al 1000. En el domicilio, se logr\u00f3 el secuestro de varios elementos que estar\u00edan relacionados al fraccionamiento y venta ilegal de sustancias il\u00edcitas. Dicho allanamiento, efectuados [&hellip;]<\/p>\n","protected":false},"author":4,"featured_media":91820,"comment_status":"open","ping_status":"open","sticky":false,"template":"","format":"standard","meta":{"site-sidebar-layout":"default","site-content-layout":"","ast-site-content-layout":"default","site-content-style":"default","site-sidebar-style":"default","ast-global-header-display":"","ast-banner-title-visibility":"","ast-main-header-display":"","ast-hfb-above-header-display":"","ast-hfb-below-header-display":"","ast-hfb-mobile-header-display":"","site-post-title":"","ast-breadcrumbs-content":"","ast-featured-img":"","footer-sml-layout":"","ast-disable-related-posts":"","theme-transparent-header-meta":"","adv-header-id-meta":"","stick-header-meta":"","header-above-stick-meta":"","header-main-stick-meta":"","header-below-stick-meta":"","astra-migrate-meta-layouts":"set","ast-page-background-enabled":"default","ast-page-background-meta":{"desktop":{"background-color":"","background-image":"","background-repeat":"repeat","background-position":"center center","background-size":"auto","background-attachment":"scroll","background-type":"","background-media":"","overlay-type":"","overlay-color":"","overlay-opacity":"","overlay-gradient":""},"tablet":{"background-color":"","background-image":"","background-repeat":"repeat","background-position":"center center","background-size":"auto","background-attachment":"scroll","background-type":"","background-media":"","overlay-type":"","overlay-color":"","overlay-opacity":"","overlay-gradient":""},"mobile":{"background-color":"","background-image":"","background-repeat":"repeat","background-position":"center center","background-size":"auto","background-attachment":"scroll","background-type":"","background-media":"","overlay-type":"","overlay-color":"","overlay-opacity":"","overlay-gradient":""}},"ast-content-background-meta":{"desktop":{"background-color":"var(--ast-global-color-5)","background-image":"","background-repeat":"repeat","background-position":"center center","background-size":"auto","background-attachment":"scroll","background-type":"","background-media":"","overlay-type":"","overlay-color":"","overlay-opacity":"","overlay-gradient":""},"tablet":{"background-color":"var(--ast-global-color-5)","background-image":"","background-repeat":"repeat","background-position":"center center","background-size":"auto","background-attachment":"scroll","background-type":"","background-media":"","overlay-type":"","overlay-color":"","overlay-opacity":"","overlay-gradient":""},"mobile":{"background-color":"var(--ast-global-color-5)","background-image":"","background-repeat":"repeat","background-position":"center center","background-size":"auto","background-attachment":"scroll","background-type":"","background-media":"","overlay-type":"","overlay-color":"","overlay-opacity":"","overlay-gradient":""}},"_jetpack_memberships_contains_paid_content":false,"_joinchat":[],"footnotes":""},"categories":[2234,2091],"tags":[],"class_list":["post-91819","post","type-post","status-publish","format-standard","has-post-thumbnail","hentry","category-policiales","category-region"],"yoast_head":"<!-- This site is optimized with the Yoast SEO plugin v26.8 - https:\/\/yoast.com\/product\/yoast-seo-wordpress\/ -->\n<title>Oncativo: FPA detuvo a un sujeto y secuestr\u00f3 coca\u00edna - El Regional<\/title>\n<meta name=\"robots\" content=\"index, follow, max-snippet:-1, max-image-preview:large, max-video-preview:-1\" \/>\n<link rel=\"canonical\" href=\"https:\/\/elregionalvm.com.ar\/noticias-villa-maria\/oncativo-fpa-detuvo-a-un-sujeto-y-secuestro-cocaina\/\" \/>\n<meta property=\"og:locale\" content=\"es_ES\" \/>\n<meta property=\"og:type\" content=\"article\" \/>\n<meta property=\"og:title\" content=\"Oncativo: FPA detuvo a un sujeto y secuestr\u00f3 coca\u00edna - El Regional\" \/>\n<meta property=\"og:description\" content=\"Personal de la Fuerza Policial Antinarcotr\u00e1fico efectu\u00f3 un allanamiento y detuvo a un sujeto en la ciudad de Oncativo. El operativo fue llevado a cabo en calle Rep\u00fablica Dominicana al 1000. En el domicilio, se logr\u00f3 el secuestro de varios elementos que estar\u00edan relacionados al fraccionamiento y venta ilegal de sustancias il\u00edcitas. Dicho allanamiento, efectuados [&hellip;]\" \/>\n<meta property=\"og:url\" content=\"https:\/\/elregionalvm.com.ar\/noticias-villa-maria\/oncativo-fpa-detuvo-a-un-sujeto-y-secuestro-cocaina\/\" \/>\n<meta property=\"og:site_name\" content=\"El Regional\" \/>\n<meta property=\"article:publisher\" content=\"https:\/\/www.facebook.com\/elregionalvm\" \/>\n<meta property=\"article:published_time\" content=\"2024-03-26T22:44:13+00:00\" \/>\n<meta property=\"article:modified_time\" content=\"2024-03-27T02:00:08+00:00\" \/>\n<meta property=\"og:image\" content=\"https:\/\/elregionalvm.com.ar\/noticias-villa-maria\/wp-content\/uploads\/2024\/03\/WhatsApp-Image-2024-03-25-at-08.10.27.jpeg\" \/>\n\t<meta property=\"og:image:width\" content=\"1600\" \/>\n\t<meta property=\"og:image:height\" content=\"1200\" \/>\n\t<meta property=\"og:image:type\" content=\"image\/jpeg\" \/>\n<meta name=\"author\" content=\"Contenidos El Regional\" \/>\n<meta name=\"twitter:card\" content=\"summary_large_image\" \/>\n<meta name=\"twitter:creator\" content=\"@elregionalvm1\" \/>\n<meta name=\"twitter:site\" content=\"@elregionalvm1\" \/>\n<meta name=\"twitter:label1\" content=\"Escrito por\" \/>\n\t<meta name=\"twitter:data1\" content=\"Contenidos El Regional\" \/>\n\t<meta name=\"twitter:label2\" content=\"Tiempo de lectura\" \/>\n\t<meta name=\"twitter:data2\" content=\"1 minuto\" \/>\n<script type=\"application\/ld+json\" class=\"yoast-schema-graph\">{\"@context\":\"https:\/\/schema.org\",\"@graph\":[{\"@type\":\"Article\",\"@id\":\"https:\/\/elregionalvm.com.ar\/noticias-villa-maria\/oncativo-fpa-detuvo-a-un-sujeto-y-secuestro-cocaina\/#article\",\"isPartOf\":{\"@id\":\"https:\/\/elregionalvm.com.ar\/noticias-villa-maria\/oncativo-fpa-detuvo-a-un-sujeto-y-secuestro-cocaina\/\"},\"author\":{\"name\":\"Contenidos El Regional\",\"@id\":\"http:\/\/elregionalvm.com.ar\/noticias-villa-maria\/#\/schema\/person\/a0fb9c422317faca23d50163151bc354\"},\"headline\":\"Oncativo: FPA detuvo a un sujeto y secuestr\u00f3 coca\u00edna\",\"datePublished\":\"2024-03-26T22:44:13+00:00\",\"dateModified\":\"2024-03-27T02:00:08+00:00\",\"mainEntityOfPage\":{\"@id\":\"https:\/\/elregionalvm.com.ar\/noticias-villa-maria\/oncativo-fpa-detuvo-a-un-sujeto-y-secuestro-cocaina\/\"},\"wordCount\":161,\"commentCount\":0,\"image\":{\"@id\":\"https:\/\/elregionalvm.com.ar\/noticias-villa-maria\/oncativo-fpa-detuvo-a-un-sujeto-y-secuestro-cocaina\/#primaryimage\"},\"thumbnailUrl\":\"https:\/\/i0.wp.com\/elregionalvm.com.ar\/noticias-villa-maria\/wp-content\/uploads\/2024\/03\/WhatsApp-Image-2024-03-25-at-08.10.27.jpeg?fit=1600%2C1200&ssl=1\",\"articleSection\":[\"Policiales\",\"Regi\u00f3n\"],\"inLanguage\":\"es\",\"potentialAction\":[{\"@type\":\"CommentAction\",\"name\":\"Comment\",\"target\":[\"https:\/\/elregionalvm.com.ar\/noticias-villa-maria\/oncativo-fpa-detuvo-a-un-sujeto-y-secuestro-cocaina\/#respond\"]}]},{\"@type\":\"WebPage\",\"@id\":\"https:\/\/elregionalvm.com.ar\/noticias-villa-maria\/oncativo-fpa-detuvo-a-un-sujeto-y-secuestro-cocaina\/\",\"url\":\"https:\/\/elregionalvm.com.ar\/noticias-villa-maria\/oncativo-fpa-detuvo-a-un-sujeto-y-secuestro-cocaina\/\",\"name\":\"Oncativo: FPA detuvo a un sujeto y secuestr\u00f3 coca\u00edna - El Regional\",\"isPartOf\":{\"@id\":\"http:\/\/elregionalvm.com.ar\/noticias-villa-maria\/#website\"},\"primaryImageOfPage\":{\"@id\":\"https:\/\/elregionalvm.com.ar\/noticias-villa-maria\/oncativo-fpa-detuvo-a-un-sujeto-y-secuestro-cocaina\/#primaryimage\"},\"image\":{\"@id\":\"https:\/\/elregionalvm.com.ar\/noticias-villa-maria\/oncativo-fpa-detuvo-a-un-sujeto-y-secuestro-cocaina\/#primaryimage\"},\"thumbnailUrl\":\"https:\/\/i0.wp.com\/elregionalvm.com.ar\/noticias-villa-maria\/wp-content\/uploads\/2024\/03\/WhatsApp-Image-2024-03-25-at-08.10.27.jpeg?fit=1600%2C1200&ssl=1\",\"datePublished\":\"2024-03-26T22:44:13+00:00\",\"dateModified\":\"2024-03-27T02:00:08+00:00\",\"author\":{\"@id\":\"http:\/\/elregionalvm.com.ar\/noticias-villa-maria\/#\/schema\/person\/a0fb9c422317faca23d50163151bc354\"},\"breadcrumb\":{\"@id\":\"https:\/\/elregionalvm.com.ar\/noticias-villa-maria\/oncativo-fpa-detuvo-a-un-sujeto-y-secuestro-cocaina\/#breadcrumb\"},\"inLanguage\":\"es\",\"potentialAction\":[{\"@type\":\"ReadAction\",\"target\":[\"https:\/\/elregionalvm.com.ar\/noticias-villa-maria\/oncativo-fpa-detuvo-a-un-sujeto-y-secuestro-cocaina\/\"]}]},{\"@type\":\"ImageObject\",\"inLanguage\":\"es\",\"@id\":\"https:\/\/elregionalvm.com.ar\/noticias-villa-maria\/oncativo-fpa-detuvo-a-un-sujeto-y-secuestro-cocaina\/#primaryimage\",\"url\":\"https:\/\/i0.wp.com\/elregionalvm.com.ar\/noticias-villa-maria\/wp-content\/uploads\/2024\/03\/WhatsApp-Image-2024-03-25-at-08.10.27.jpeg?fit=1600%2C1200&ssl=1\",\"contentUrl\":\"https:\/\/i0.wp.com\/elregionalvm.com.ar\/noticias-villa-maria\/wp-content\/uploads\/2024\/03\/WhatsApp-Image-2024-03-25-at-08.10.27.jpeg?fit=1600%2C1200&ssl=1\",\"width\":1600,\"height\":1200},{\"@type\":\"BreadcrumbList\",\"@id\":\"https:\/\/elregionalvm.com.ar\/noticias-villa-maria\/oncativo-fpa-detuvo-a-un-sujeto-y-secuestro-cocaina\/#breadcrumb\",\"itemListElement\":[{\"@type\":\"ListItem\",\"position\":1,\"name\":\"Portada\",\"item\":\"https:\/\/elregionalvm.com.ar\/noticias-villa-maria\/\"},{\"@type\":\"ListItem\",\"position\":2,\"name\":\"Oncativo: FPA detuvo a un sujeto y secuestr\u00f3 coca\u00edna\"}]},{\"@type\":\"WebSite\",\"@id\":\"http:\/\/elregionalvm.com.ar\/noticias-villa-maria\/#website\",\"url\":\"http:\/\/elregionalvm.com.ar\/noticias-villa-maria\/\",\"name\":\"El Regional\",\"description\":\"Mucho m\u00e1s que informaci\u00f3n\",\"potentialAction\":[{\"@type\":\"SearchAction\",\"target\":{\"@type\":\"EntryPoint\",\"urlTemplate\":\"http:\/\/elregionalvm.com.ar\/noticias-villa-maria\/?s={search_term_string}\"},\"query-input\":{\"@type\":\"PropertyValueSpecification\",\"valueRequired\":true,\"valueName\":\"search_term_string\"}}],\"inLanguage\":\"es\"},{\"@type\":\"Person\",\"@id\":\"http:\/\/elregionalvm.com.ar\/noticias-villa-maria\/#\/schema\/person\/a0fb9c422317faca23d50163151bc354\",\"name\":\"Contenidos El Regional\",\"image\":{\"@type\":\"ImageObject\",\"inLanguage\":\"es\",\"@id\":\"http:\/\/elregionalvm.com.ar\/noticias-villa-maria\/#\/schema\/person\/image\/\",\"url\":\"https:\/\/secure.gravatar.com\/avatar\/265b27cb2209af7bb3a1318f03305787d7981a5cc6e6cd08fe5a4ecdf99d4b48?s=96&d=mm&r=g\",\"contentUrl\":\"https:\/\/secure.gravatar.com\/avatar\/265b27cb2209af7bb3a1318f03305787d7981a5cc6e6cd08fe5a4ecdf99d4b48?s=96&d=mm&r=g\",\"caption\":\"Contenidos El Regional\"},\"url\":\"https:\/\/elregionalvm.com.ar\/noticias-villa-maria\/author\/contenido\/\"}]}<\/script>\n<!-- \/ Yoast SEO plugin. -->","yoast_head_json":{"title":"Oncativo: FPA detuvo a un sujeto y secuestr\u00f3 coca\u00edna - El Regional","robots":{"index":"index","follow":"follow","max-snippet":"max-snippet:-1","max-image-preview":"max-image-preview:large","max-video-preview":"max-video-preview:-1"},"canonical":"https:\/\/elregionalvm.com.ar\/noticias-villa-maria\/oncativo-fpa-detuvo-a-un-sujeto-y-secuestro-cocaina\/","og_locale":"es_ES","og_type":"article","og_title":"Oncativo: FPA detuvo a un sujeto y secuestr\u00f3 coca\u00edna - El Regional","og_description":"Personal de la Fuerza Policial Antinarcotr\u00e1fico efectu\u00f3 un allanamiento y detuvo a un sujeto en la ciudad de Oncativo. El operativo fue llevado a cabo en calle Rep\u00fablica Dominicana al 1000. En el domicilio, se logr\u00f3 el secuestro de varios elementos que estar\u00edan relacionados al fraccionamiento y venta ilegal de sustancias il\u00edcitas. Dicho allanamiento, efectuados [&hellip;]","og_url":"https:\/\/elregionalvm.com.ar\/noticias-villa-maria\/oncativo-fpa-detuvo-a-un-sujeto-y-secuestro-cocaina\/","og_site_name":"El Regional","article_publisher":"https:\/\/www.facebook.com\/elregionalvm","article_published_time":"2024-03-26T22:44:13+00:00","article_modified_time":"2024-03-27T02:00:08+00:00","og_image":[{"width":1600,"height":1200,"url":"https:\/\/elregionalvm.com.ar\/noticias-villa-maria\/wp-content\/uploads\/2024\/03\/WhatsApp-Image-2024-03-25-at-08.10.27.jpeg","type":"image\/jpeg"}],"author":"Contenidos El Regional","twitter_card":"summary_large_image","twitter_creator":"@elregionalvm1","twitter_site":"@elregionalvm1","twitter_misc":{"Escrito por":"Contenidos El Regional","Tiempo de lectura":"1 minuto"},"schema":{"@context":"https:\/\/schema.org","@graph":[{"@type":"Article","@id":"https:\/\/elregionalvm.com.ar\/noticias-villa-maria\/oncativo-fpa-detuvo-a-un-sujeto-y-secuestro-cocaina\/#article","isPartOf":{"@id":"https:\/\/elregionalvm.com.ar\/noticias-villa-maria\/oncativo-fpa-detuvo-a-un-sujeto-y-secuestro-cocaina\/"},"author":{"name":"Contenidos El Regional","@id":"http:\/\/elregionalvm.com.ar\/noticias-villa-maria\/#\/schema\/person\/a0fb9c422317faca23d50163151bc354"},"headline":"Oncativo: FPA detuvo a un sujeto y secuestr\u00f3 coca\u00edna","datePublished":"2024-03-26T22:44:13+00:00","dateModified":"2024-03-27T02:00:08+00:00","mainEntityOfPage":{"@id":"https:\/\/elregionalvm.com.ar\/noticias-villa-maria\/oncativo-fpa-detuvo-a-un-sujeto-y-secuestro-cocaina\/"},"wordCount":161,"commentCount":0,"image":{"@id":"https:\/\/elregionalvm.com.ar\/noticias-villa-maria\/oncativo-fpa-detuvo-a-un-sujeto-y-secuestro-cocaina\/#primaryimage"},"thumbnailUrl":"https:\/\/i0.wp.com\/elregionalvm.com.ar\/noticias-villa-maria\/wp-content\/uploads\/2024\/03\/WhatsApp-Image-2024-03-25-at-08.10.27.jpeg?fit=1600%2C1200&ssl=1","articleSection":["Policiales","Regi\u00f3n"],"inLanguage":"es","potentialAction":[{"@type":"CommentAction","name":"Comment","target":["https:\/\/elregionalvm.com.ar\/noticias-villa-maria\/oncativo-fpa-detuvo-a-un-sujeto-y-secuestro-cocaina\/#respond"]}]},{"@type":"WebPage","@id":"https:\/\/elregionalvm.com.ar\/noticias-villa-maria\/oncativo-fpa-detuvo-a-un-sujeto-y-secuestro-cocaina\/","url":"https:\/\/elregionalvm.com.ar\/noticias-villa-maria\/oncativo-fpa-detuvo-a-un-sujeto-y-secuestro-cocaina\/","name":"Oncativo: FPA detuvo a un sujeto y secuestr\u00f3 coca\u00edna - El Regional","isPartOf":{"@id":"http:\/\/elregionalvm.com.ar\/noticias-villa-maria\/#website"},"primaryImageOfPage":{"@id":"https:\/\/elregionalvm.com.ar\/noticias-villa-maria\/oncativo-fpa-detuvo-a-un-sujeto-y-secuestro-cocaina\/#primaryimage"},"image":{"@id":"https:\/\/elregionalvm.com.ar\/noticias-villa-maria\/oncativo-fpa-detuvo-a-un-sujeto-y-secuestro-cocaina\/#primaryimage"},"thumbnailUrl":"https:\/\/i0.wp.com\/elregionalvm.com.ar\/noticias-villa-maria\/wp-content\/uploads\/2024\/03\/WhatsApp-Image-2024-03-25-at-08.10.27.jpeg?fit=1600%2C1200&ssl=1","datePublished":"2024-03-26T22:44:13+00:00","dateModified":"2024-03-27T02:00:08+00:00","author":{"@id":"http:\/\/elregionalvm.com.ar\/noticias-villa-maria\/#\/schema\/person\/a0fb9c422317faca23d50163151bc354"},"breadcrumb":{"@id":"https:\/\/elregionalvm.com.ar\/noticias-villa-maria\/oncativo-fpa-detuvo-a-un-sujeto-y-secuestro-cocaina\/#breadcrumb"},"inLanguage":"es","potentialAction":[{"@type":"ReadAction","target":["https:\/\/elregionalvm.com.ar\/noticias-villa-maria\/oncativo-fpa-detuvo-a-un-sujeto-y-secuestro-cocaina\/"]}]},{"@type":"ImageObject","inLanguage":"es","@id":"https:\/\/elregionalvm.com.ar\/noticias-villa-maria\/oncativo-fpa-detuvo-a-un-sujeto-y-secuestro-cocaina\/#primaryimage","url":"https:\/\/i0.wp.com\/elregionalvm.com.ar\/noticias-villa-maria\/wp-content\/uploads\/2024\/03\/WhatsApp-Image-2024-03-25-at-08.10.27.jpeg?fit=1600%2C1200&ssl=1","contentUrl":"https:\/\/i0.wp.com\/elregionalvm.com.ar\/noticias-villa-maria\/wp-content\/uploads\/2024\/03\/WhatsApp-Image-2024-03-25-at-08.10.27.jpeg?fit=1600%2C1200&ssl=1","width":1600,"height":1200},{"@type":"BreadcrumbList","@id":"https:\/\/elregionalvm.com.ar\/noticias-villa-maria\/oncativo-fpa-detuvo-a-un-sujeto-y-secuestro-cocaina\/#breadcrumb","itemListElement":[{"@type":"ListItem","position":1,"name":"Portada","item":"https:\/\/elregionalvm.com.ar\/noticias-villa-maria\/"},{"@type":"ListItem","position":2,"name":"Oncativo: FPA detuvo a un sujeto y secuestr\u00f3 coca\u00edna"}]},{"@type":"WebSite","@id":"http:\/\/elregionalvm.com.ar\/noticias-villa-maria\/#website","url":"http:\/\/elregionalvm.com.ar\/noticias-villa-maria\/","name":"El Regional","description":"Mucho m\u00e1s que informaci\u00f3n","potentialAction":[{"@type":"SearchAction","target":{"@type":"EntryPoint","urlTemplate":"http:\/\/elregionalvm.com.ar\/noticias-villa-maria\/?s={search_term_string}"},"query-input":{"@type":"PropertyValueSpecification","valueRequired":true,"valueName":"search_term_string"}}],"inLanguage":"es"},{"@type":"Person","@id":"http:\/\/elregionalvm.com.ar\/noticias-villa-maria\/#\/schema\/person\/a0fb9c422317faca23d50163151bc354","name":"Contenidos El Regional","image":{"@type":"ImageObject","inLanguage":"es","@id":"http:\/\/elregionalvm.com.ar\/noticias-villa-maria\/#\/schema\/person\/image\/","url":"https:\/\/secure.gravatar.com\/avatar\/265b27cb2209af7bb3a1318f03305787d7981a5cc6e6cd08fe5a4ecdf99d4b48?s=96&d=mm&r=g","contentUrl":"https:\/\/secure.gravatar.com\/avatar\/265b27cb2209af7bb3a1318f03305787d7981a5cc6e6cd08fe5a4ecdf99d4b48?s=96&d=mm&r=g","caption":"Contenidos El Regional"},"url":"https:\/\/elregionalvm.com.ar\/noticias-villa-maria\/author\/contenido\/"}]}},"jetpack_featured_media_url":"https:\/\/i0.wp.com\/elregionalvm.com.ar\/noticias-villa-maria\/wp-content\/uploads\/2024\/03\/WhatsApp-Image-2024-03-25-at-08.10.27.jpeg?fit=1600%2C1200&ssl=1","jetpack_sharing_enabled":true,"_links":{"self":[{"href":"https:\/\/elregionalvm.com.ar\/noticias-villa-maria\/wp-json\/wp\/v2\/posts\/91819","targetHints":{"allow":["GET"]}}],"collection":[{"href":"https:\/\/elregionalvm.com.ar\/noticias-villa-maria\/wp-json\/wp\/v2\/posts"}],"about":[{"href":"https:\/\/elregionalvm.com.ar\/noticias-villa-maria\/wp-json\/wp\/v2\/types\/post"}],"author":[{"embeddable":true,"href":"https:\/\/elregionalvm.com.ar\/noticias-villa-maria\/wp-json\/wp\/v2\/users\/4"}],"replies":[{"embeddable":true,"href":"https:\/\/elregionalvm.com.ar\/noticias-villa-maria\/wp-json\/wp\/v2\/comments?post=91819"}],"version-history":[{"count":1,"href":"https:\/\/elregionalvm.com.ar\/noticias-villa-maria\/wp-json\/wp\/v2\/posts\/91819\/revisions"}],"predecessor-version":[{"id":91821,"href":"https:\/\/elregionalvm.com.ar\/noticias-villa-maria\/wp-json\/wp\/v2\/posts\/91819\/revisions\/91821"}],"wp:featuredmedia":[{"embeddable":true,"href":"https:\/\/elregionalvm.com.ar\/noticias-villa-maria\/wp-json\/wp\/v2\/media\/91820"}],"wp:attachment":[{"href":"https:\/\/elregionalvm.com.ar\/noticias-villa-maria\/wp-json\/wp\/v2\/media?parent=91819"}],"wp:term":[{"taxonomy":"category","embeddable":true,"href":"https:\/\/elregionalvm.com.ar\/noticias-villa-maria\/wp-json\/wp\/v2\/categories?post=91819"},{"taxonomy":"post_tag","embeddable":true,"href":"https:\/\/elregionalvm.com.ar\/noticias-villa-maria\/wp-json\/wp\/v2\/tags?post=91819"}],"curies":[{"name":"wp","href":"https:\/\/api.w.org\/{rel}","templated":true}]}}