{"id":91829,"date":"2024-03-27T01:58:05","date_gmt":"2024-03-27T01:58:05","guid":{"rendered":"https:\/\/elregionalvm.com.ar\/noticias-villa-maria\/?p=91829"},"modified":"2024-03-31T23:30:11","modified_gmt":"2024-03-31T23:30:11","slug":"cambio-climatico-y-contaminacion-del-agua-los-problemas-ambientales-que-mas-preocupan-a-los-argentinos","status":"publish","type":"post","link":"https:\/\/elregionalvm.com.ar\/noticias-villa-maria\/cambio-climatico-y-contaminacion-del-agua-los-problemas-ambientales-que-mas-preocupan-a-los-argentinos\/","title":{"rendered":"Cambio clim\u00e1tico y contaminaci\u00f3n del agua, los problemas ambientales que m\u00e1s preocupan a los argentinos"},"content":{"rendered":"\n<h3 class=\"wp-block-heading\"><strong>As\u00ed se desprende de un nuevo estudio de Fundaci\u00f3n COLSECOR, que indag\u00f3 en h\u00e1bitos, problemas e imaginarios respecto a pr\u00e1cticas ambientales en nuestro pa\u00eds. El 49,1% de los consultados indic\u00f3 que separa sus residuos.<\/strong><\/h3>\n\n\n\n<p><\/p>\n\n\n\n<p>La Fundaci\u00f3n COLSECOR difundi\u00f3 el estudio Problemas y percepciones respecto a pr\u00e1cticas ambientales y gesti\u00f3n de residuos en Argentina.<\/p>\n\n\n\n<p>Del trabajo se desprende que los cinco principales problemas ambientales para los argentinos son el cambio clim\u00e1tico (17,9%), la contaminaci\u00f3n del agua (13,1%), los residuos (9,9%), la contaminaci\u00f3n del aire (8,2%) y la deforestaci\u00f3n (7,6%).<\/p>\n\n\n\n<p>El cambio clim\u00e1tico preocupa m\u00e1s a las mujeres, en tanto para los varones es m\u00e1s preocupante la contaminaci\u00f3n del agua y el destino de los residuos. Las personas de 60 a\u00f1os o m\u00e1s manifestaron m\u00e1s preocupaci\u00f3n por el cambio clim\u00e1tico que los j\u00f3venes. A su vez, los j\u00f3venes est\u00e1n mucho m\u00e1s preocupados por el tema de los residuos que las personas adultas.<\/p>\n\n\n\n<p><\/p>\n\n\n\n<figure class=\"wp-block-image size-full\"><img data-recalc-dims=\"1\" fetchpriority=\"high\" decoding=\"async\" width=\"1000\" height=\"661\" src=\"https:\/\/i0.wp.com\/elregionalvm.com.ar\/noticias-villa-maria\/wp-content\/uploads\/2022\/10\/Desertificacion-cambio-climatico.jpg?resize=1000%2C661&#038;ssl=1\" alt=\"\" class=\"wp-image-65028\" srcset=\"https:\/\/i0.wp.com\/elregionalvm.com.ar\/noticias-villa-maria\/wp-content\/uploads\/2022\/10\/Desertificacion-cambio-climatico.jpg?w=1000&amp;ssl=1 1000w, https:\/\/i0.wp.com\/elregionalvm.com.ar\/noticias-villa-maria\/wp-content\/uploads\/2022\/10\/Desertificacion-cambio-climatico.jpg?resize=300%2C198&amp;ssl=1 300w, https:\/\/i0.wp.com\/elregionalvm.com.ar\/noticias-villa-maria\/wp-content\/uploads\/2022\/10\/Desertificacion-cambio-climatico.jpg?resize=768%2C508&amp;ssl=1 768w\" sizes=\"(max-width: 1000px) 100vw, 1000px\" \/><\/figure>\n\n\n\n<p><\/p>\n\n\n\n<p>En cuanto al tama\u00f1o de las ciudades, no parece incidir en la selecci\u00f3n de las diferentes problem\u00e1ticas ambientales, aunque se observ\u00f3 que en las grandes ciudades la mayor preocupaci\u00f3n de los habitantes es la contaminaci\u00f3n del aire.<\/p>\n\n\n\n<p><strong>Conciencia ambiental<\/strong><\/p>\n\n\n\n<p>Frente a una serie de opciones valorativas, las personas consultadas acordaron ampliamente (ya sea porque est\u00e1n \u201cmuy de acuerdo\u201d o \u201calgo de acuerdo\u201d) en que el ambiente debe ser protegido cueste lo que cueste (94,1%).<\/p>\n\n\n\n<p>Tambi\u00e9n hay amplio acuerdo con que el deterioro ambiental puede detenerse con un cambio en el modo de vida (93,4%) y con que en los \u00faltimos diez a\u00f1os la situaci\u00f3n ambiental empeor\u00f3 considerablemente en el pa\u00eds (90,4%).<\/p>\n\n\n\n<p>Las otras dos afirmaciones que recogen los mayores porcentajes de acuerdo son \u00b4creo en las cuestiones ambientales porque tengo conciencia ambiental\u00b4 (90%) y \u00b4la elecci\u00f3n de un consumo energ\u00e9tico se relaciona con el estilo de vida\u00b4 (89,2%).<\/p>\n\n\n\n<p><\/p>\n\n\n\n<figure class=\"wp-block-image size-large\"><img data-recalc-dims=\"1\" decoding=\"async\" width=\"1024\" height=\"614\" src=\"https:\/\/i0.wp.com\/elregionalvm.com.ar\/noticias-villa-maria\/wp-content\/uploads\/2023\/09\/medio-ambiente-educacion-1024x614.jpg?resize=1024%2C614&#038;ssl=1\" alt=\"\" class=\"wp-image-81985\" srcset=\"https:\/\/i0.wp.com\/elregionalvm.com.ar\/noticias-villa-maria\/wp-content\/uploads\/2023\/09\/medio-ambiente-educacion.jpg?resize=1024%2C614&amp;ssl=1 1024w, https:\/\/i0.wp.com\/elregionalvm.com.ar\/noticias-villa-maria\/wp-content\/uploads\/2023\/09\/medio-ambiente-educacion.jpg?resize=300%2C180&amp;ssl=1 300w, https:\/\/i0.wp.com\/elregionalvm.com.ar\/noticias-villa-maria\/wp-content\/uploads\/2023\/09\/medio-ambiente-educacion.jpg?resize=768%2C461&amp;ssl=1 768w, https:\/\/i0.wp.com\/elregionalvm.com.ar\/noticias-villa-maria\/wp-content\/uploads\/2023\/09\/medio-ambiente-educacion.jpg?w=1240&amp;ssl=1 1240w\" sizes=\"(max-width: 1000px) 100vw, 1000px\" \/><\/figure>\n\n\n\n<p><\/p>\n\n\n\n<p>Las mujeres est\u00e1n m\u00e1s de acuerdo que los varones en estas afirmaciones. Solo un 20,8% de los encuestados est\u00e1 de acuerdo con que el cambio clim\u00e1tico no es un problema del que haya que ocuparse.<\/p>\n\n\n\n<p>Las personas de 60 a\u00f1os o m\u00e1s y las mujeres est\u00e1n m\u00e1s preocupadas por el cambio clim\u00e1tico. A su vez, son quienes indican tener h\u00e1bitos saludables con el ambiente.<\/p>\n\n\n\n<p><strong>\u00bfSepar\u00e1s los residuos?<\/strong><\/p>\n\n\n\n<p>El 49,1% de las personas que participaron del estudio respondi\u00f3 afirmativamente a la pregunta. Al ser consultados sobre qu\u00e9 separan y c\u00f3mo lo hacen, el 58,3% indic\u00f3 que deja papeles y cartones por separado, en tanto un 57,2% dijo hacer lo propio con los vidrios.<\/p>\n\n\n\n<p>El 51,7% manifest\u00f3 separar el pl\u00e1stico, mientras que el 41,3% declar\u00f3 disponer los residuos secos todos juntos.<\/p>\n\n\n\n<p>Con respecto a los residuos org\u00e1nicos, el 50,3% de las personas sostuvo que los separa. Las mujeres son m\u00e1s propensas a hacerlo que los varones, ya que ellos responden en mayor proporci\u00f3n que disponen los residuos secos todos juntos.<\/p>\n\n\n\n<p><\/p>\n\n\n\n<figure class=\"wp-block-image size-full\"><img data-recalc-dims=\"1\" decoding=\"async\" width=\"999\" height=\"750\" src=\"https:\/\/i0.wp.com\/elregionalvm.com.ar\/noticias-villa-maria\/wp-content\/uploads\/2023\/10\/separacion-de-residuos-costanera.jpg?resize=999%2C750&#038;ssl=1\" alt=\"\" class=\"wp-image-84952\" srcset=\"https:\/\/i0.wp.com\/elregionalvm.com.ar\/noticias-villa-maria\/wp-content\/uploads\/2023\/10\/separacion-de-residuos-costanera.jpg?w=999&amp;ssl=1 999w, https:\/\/i0.wp.com\/elregionalvm.com.ar\/noticias-villa-maria\/wp-content\/uploads\/2023\/10\/separacion-de-residuos-costanera.jpg?resize=300%2C225&amp;ssl=1 300w, https:\/\/i0.wp.com\/elregionalvm.com.ar\/noticias-villa-maria\/wp-content\/uploads\/2023\/10\/separacion-de-residuos-costanera.jpg?resize=768%2C577&amp;ssl=1 768w\" sizes=\"(max-width: 999px) 100vw, 999px\" \/><\/figure>\n\n\n\n<p><\/p>\n\n\n\n<p>Por otro lado, dentro del grupo de personas que no separa los residuos, la mayor\u00eda indic\u00f3 que es por falta de costumbre (48,6%). Tambi\u00e9n se mencion\u00f3 que no hay d\u00f3nde dejar los residuos cerca de su casa (26,1%).<\/p>\n\n\n\n<p>Un porcentaje menor asegur\u00f3 que no separa por comodidad (8,3%) o porque \u00b4despu\u00e9s se junta todo\u00b4 (6,4%) o por falta de informaci\u00f3n (6,1%). En menor medida se aduce falta de tiempo (2,5%) y porque no le importa el tema del reciclaje (1,8%).<\/p>\n\n\n\n<p>Quienes mencionaron en mayor medida la falta de costumbre son las personas j\u00f3venes, quienes han completado estudios secundarios y quienes viven en ciudades de menos de 10.000 habitantes.<\/p>\n\n\n\n<p><strong>Residuos electr\u00f3nicos<\/strong><\/p>\n\n\n\n<p>El estudio tambi\u00e9n consult\u00f3 sobre las estrategias m\u00e1s usadas para desechar los residuos de aparatos el\u00e9ctricos y electr\u00f3nicos (RAEE). Estas son dejarlos en un contenedor previsto a tal efecto y donarlos. Es un dato alentador que solo un 19,1% indic\u00f3 dejarlos en la calle, aunque el porcentaje debiera ser 0.<\/p>\n\n\n\n<p>Las mujeres, las personas de 60 a\u00f1os o m\u00e1s y quienes completaron estudios superiores indicaron tener estas pr\u00e1cticas en mayor medida que otros grupos que dejan estos residuos en los contenedores correspondientes.<\/p>\n\n\n\n<p><\/p>\n\n\n\n<figure class=\"wp-block-image size-full\"><img data-recalc-dims=\"1\" loading=\"lazy\" decoding=\"async\" width=\"1024\" height=\"576\" src=\"https:\/\/i0.wp.com\/elregionalvm.com.ar\/noticias-villa-maria\/wp-content\/uploads\/2023\/01\/residuos-tecnologicos.jpg?resize=1024%2C576&#038;ssl=1\" alt=\"\" class=\"wp-image-71113\" srcset=\"https:\/\/i0.wp.com\/elregionalvm.com.ar\/noticias-villa-maria\/wp-content\/uploads\/2023\/01\/residuos-tecnologicos.jpg?w=1024&amp;ssl=1 1024w, https:\/\/i0.wp.com\/elregionalvm.com.ar\/noticias-villa-maria\/wp-content\/uploads\/2023\/01\/residuos-tecnologicos.jpg?resize=300%2C169&amp;ssl=1 300w, https:\/\/i0.wp.com\/elregionalvm.com.ar\/noticias-villa-maria\/wp-content\/uploads\/2023\/01\/residuos-tecnologicos.jpg?resize=768%2C432&amp;ssl=1 768w\" sizes=\"(max-width: 1000px) 100vw, 1000px\" \/><\/figure>\n\n\n\n<p><\/p>\n\n\n\n<p>El 42,4% de las personas encuestadas indic\u00f3 que en su localidad no hay un espacio dispuesto espec\u00edficamente para desechar residuos electr\u00f3nicos.<\/p>\n\n\n\n<p>Quienes viven en ciudades de m\u00e1s de 100.000 habitantes indicaron en menor medida tener esos espacios en sus localidades, s\u00f3lo el 37,6% dice que esos espacios existen.<\/p>\n\n\n\n<p><strong>\u00bfQui\u00e9nes son los principales responsables del cuidado ambiental?<\/strong><\/p>\n\n\n\n<p>Frente a esta pregunta, al sumar las opciones \u201cmuy responsable\u201d y \u201cbastante responsable\u201d, las personas que participaron del trabajo indicaron en un 79,4% que los principales responsables son las comunidades, el municipio (78,9%) y las personas individualmente consideradas (78,4%).<\/p>\n\n\n\n<p>Por otro lado, solo el 8% indic\u00f3 que participa y opina frecuentemente en la creaci\u00f3n de pol\u00edticas p\u00fablicas ambientales, mientras que el 18,8% sostuvo que no participa en ese sentido, pero que lo har\u00eda si supiera d\u00f3nde hacerlo.<\/p>\n\n\n\n<p><\/p>\n\n\n\n<figure class=\"wp-block-image size-full is-resized\"><img data-recalc-dims=\"1\" loading=\"lazy\" decoding=\"async\" width=\"900\" height=\"506\" src=\"https:\/\/i0.wp.com\/elregionalvm.com.ar\/noticias-villa-maria\/wp-content\/uploads\/2022\/05\/Cambio-climatico-humo-fabrica.jpg?resize=900%2C506&#038;ssl=1\" alt=\"\" class=\"wp-image-57619\" style=\"width:910px;height:auto\" srcset=\"https:\/\/i0.wp.com\/elregionalvm.com.ar\/noticias-villa-maria\/wp-content\/uploads\/2022\/05\/Cambio-climatico-humo-fabrica.jpg?w=900&amp;ssl=1 900w, https:\/\/i0.wp.com\/elregionalvm.com.ar\/noticias-villa-maria\/wp-content\/uploads\/2022\/05\/Cambio-climatico-humo-fabrica.jpg?resize=300%2C169&amp;ssl=1 300w, https:\/\/i0.wp.com\/elregionalvm.com.ar\/noticias-villa-maria\/wp-content\/uploads\/2022\/05\/Cambio-climatico-humo-fabrica.jpg?resize=768%2C432&amp;ssl=1 768w\" sizes=\"(max-width: 900px) 100vw, 900px\" \/><\/figure>\n\n\n\n<p><\/p>\n\n\n\n<p>Las personas le dan mucha importancia a la responsabilidad individual en el cuidado del ambiente, pero se involucran s\u00f3lo parcialmente en las pol\u00edticas p\u00fablicas y en organizaciones o actividades medioambientales. As\u00ed, parece ser m\u00e1s relevante el comportamiento micro de acciones individuales.<\/p>\n\n\n\n<p><strong>La investigaci\u00f3n<\/strong><\/p>\n\n\n\n<p>El trabajo de campo del estudio Problemas y percepciones respecto a pr\u00e1cticas ambientales y gesti\u00f3n de residuos en Argentina se realiz\u00f3 entre el 6 y el 27 de noviembre del 2023 a trav\u00e9s de una encuesta digital (CAWI) implementada en territorio nacional.<\/p>\n\n\n\n<p>La muestra de localidades se dise\u00f1\u00f3 como un cuestionario estructurado, con 1465 casos y se calibr\u00f3 seg\u00fan par\u00e1metros censales de sexo, edad, nivel educativo y tama\u00f1o de ciudad.<\/p>\n\n\n\n<p>Los responsables del dise\u00f1o y metodolog\u00eda fueron los polit\u00f3logos Mario Riorda (Director de la Maestr\u00eda en Comunicaci\u00f3n Pol\u00edtica de la Universidad Austral) y Griselda Iba\u00f1a (Directora del Instituto Federal de Gobierno de la Universidad Cat\u00f3lica de C\u00f3rdoba).<\/p>\n\n\n\n<p>Alberto Calvo, del \u00e1rea de Relaciones Institucionales de la Fundaci\u00f3n COLSECOR, se refiri\u00f3 a la investigaci\u00f3n al indicar que \u201cComo Fundaci\u00f3n Cooperativa, consideramos que es fundamental producir informaci\u00f3n y poner en agenda el tema ambiental, teniendo en cuenta su importancia para la salud, el bienestar y la calidad de vida de las personas. Cabe resaltar que el estudio se presenta adem\u00e1s en clave territorial, lo que significa que sus resultados est\u00e1n detallados seg\u00fan cantidad de habitantes. Al dise\u00f1ar el estudio, tuvimos en cuenta la importancia que tiene el cuidado del medioambiente para nuestro Presidente Honorario Jos\u00e9 \u201cPepe\u201d Mujica\u201d.<\/p>\n\n\n\n<p><\/p>\n\n\n\n<h4 class=\"wp-block-heading\"><strong>Fundaci\u00f3n COLSECOR<\/strong><\/h4>\n\n\n\n<p>La Fundaci\u00f3n COLSECOR naci\u00f3 en 2018 con el fin de promover a la Econom\u00eda Social como factor de desarrollo para las localidades donde las cooperativas de prestaci\u00f3n de servicios audiovisuales y digitales se encuentran insertas. Su presidente honorario es Jos\u00e9 \u00abPepe\u00bb Mujica.<\/p>\n\n\n\n<p>COLSECOR es una integraci\u00f3n de cooperativas y PyMEs que, desde 1995, re\u00fane a entidades que prestan servicios de televisi\u00f3n por cable y telecomunicaciones en 270 comunidades de Argentina.<\/p>\n","protected":false},"excerpt":{"rendered":"<p>As\u00ed se desprende de un nuevo estudio de Fundaci\u00f3n COLSECOR, que indag\u00f3 en h\u00e1bitos, problemas e imaginarios respecto a pr\u00e1cticas ambientales en nuestro pa\u00eds. El 49,1% de los consultados indic\u00f3 que separa sus residuos. La Fundaci\u00f3n COLSECOR difundi\u00f3 el estudio Problemas y percepciones respecto a pr\u00e1cticas ambientales y gesti\u00f3n de residuos en Argentina. Del trabajo [&hellip;]<\/p>\n","protected":false},"author":6,"featured_media":75055,"comment_status":"open","ping_status":"open","sticky":false,"template":"","format":"standard","meta":{"site-sidebar-layout":"default","site-content-layout":"","ast-site-content-layout":"default","site-content-style":"default","site-sidebar-style":"default","ast-global-header-display":"","ast-banner-title-visibility":"","ast-main-header-display":"","ast-hfb-above-header-display":"","ast-hfb-below-header-display":"","ast-hfb-mobile-header-display":"","site-post-title":"","ast-breadcrumbs-content":"","ast-featured-img":"","footer-sml-layout":"","ast-disable-related-posts":"","theme-transparent-header-meta":"","adv-header-id-meta":"","stick-header-meta":"","header-above-stick-meta":"","header-main-stick-meta":"","header-below-stick-meta":"","astra-migrate-meta-layouts":"set","ast-page-background-enabled":"default","ast-page-background-meta":{"desktop":{"background-color":"","background-image":"","background-repeat":"repeat","background-position":"center center","background-size":"auto","background-attachment":"scroll","background-type":"","background-media":"","overlay-type":"","overlay-color":"","overlay-opacity":"","overlay-gradient":""},"tablet":{"background-color":"","background-image":"","background-repeat":"repeat","background-position":"center center","background-size":"auto","background-attachment":"scroll","background-type":"","background-media":"","overlay-type":"","overlay-color":"","overlay-opacity":"","overlay-gradient":""},"mobile":{"background-color":"","background-image":"","background-repeat":"repeat","background-position":"center center","background-size":"auto","background-attachment":"scroll","background-type":"","background-media":"","overlay-type":"","overlay-color":"","overlay-opacity":"","overlay-gradient":""}},"ast-content-background-meta":{"desktop":{"background-color":"var(--ast-global-color-5)","background-image":"","background-repeat":"repeat","background-position":"center center","background-size":"auto","background-attachment":"scroll","background-type":"","background-media":"","overlay-type":"","overlay-color":"","overlay-opacity":"","overlay-gradient":""},"tablet":{"background-color":"var(--ast-global-color-5)","background-image":"","background-repeat":"repeat","background-position":"center center","background-size":"auto","background-attachment":"scroll","background-type":"","background-media":"","overlay-type":"","overlay-color":"","overlay-opacity":"","overlay-gradient":""},"mobile":{"background-color":"var(--ast-global-color-5)","background-image":"","background-repeat":"repeat","background-position":"center center","background-size":"auto","background-attachment":"scroll","background-type":"","background-media":"","overlay-type":"","overlay-color":"","overlay-opacity":"","overlay-gradient":""}},"_jetpack_memberships_contains_paid_content":false,"_joinchat":[],"footnotes":""},"categories":[4777,365,3557],"tags":[9816,8875,23725,23727,1392,23726,3132],"class_list":["post-91829","post","type-post","status-publish","format-standard","has-post-thumbnail","hentry","category-econotas","category-opinion","category-tercera","tag-argentinos","tag-cambio-climatico","tag-contaminacion-del-agua","tag-fundacion-colsecor","tag-preocupacion","tag-problemas-ambientales","tag-residuos"],"yoast_head":"<!-- This site is optimized with the Yoast SEO plugin v26.8 - https:\/\/yoast.com\/product\/yoast-seo-wordpress\/ -->\n<title>Cambio clim\u00e1tico y contaminaci\u00f3n del agua, los problemas ambientales que m\u00e1s preocupan a los argentinos - El Regional<\/title>\n<meta name=\"robots\" content=\"index, follow, max-snippet:-1, max-image-preview:large, max-video-preview:-1\" \/>\n<link rel=\"canonical\" href=\"https:\/\/elregionalvm.com.ar\/noticias-villa-maria\/cambio-climatico-y-contaminacion-del-agua-los-problemas-ambientales-que-mas-preocupan-a-los-argentinos\/\" \/>\n<meta property=\"og:locale\" content=\"es_ES\" \/>\n<meta property=\"og:type\" content=\"article\" \/>\n<meta property=\"og:title\" content=\"Cambio clim\u00e1tico y contaminaci\u00f3n del agua, los problemas ambientales que m\u00e1s preocupan a los argentinos - El Regional\" \/>\n<meta property=\"og:description\" content=\"As\u00ed se desprende de un nuevo estudio de Fundaci\u00f3n COLSECOR, que indag\u00f3 en h\u00e1bitos, problemas e imaginarios respecto a pr\u00e1cticas ambientales en nuestro pa\u00eds. El 49,1% de los consultados indic\u00f3 que separa sus residuos. La Fundaci\u00f3n COLSECOR difundi\u00f3 el estudio Problemas y percepciones respecto a pr\u00e1cticas ambientales y gesti\u00f3n de residuos en Argentina. Del trabajo [&hellip;]\" \/>\n<meta property=\"og:url\" content=\"https:\/\/elregionalvm.com.ar\/noticias-villa-maria\/cambio-climatico-y-contaminacion-del-agua-los-problemas-ambientales-que-mas-preocupan-a-los-argentinos\/\" \/>\n<meta property=\"og:site_name\" content=\"El Regional\" \/>\n<meta property=\"article:publisher\" content=\"https:\/\/www.facebook.com\/elregionalvm\" \/>\n<meta property=\"article:published_time\" content=\"2024-03-27T01:58:05+00:00\" \/>\n<meta property=\"article:modified_time\" content=\"2024-03-31T23:30:11+00:00\" \/>\n<meta property=\"og:image\" content=\"https:\/\/elregionalvm.com.ar\/noticias-villa-maria\/wp-content\/uploads\/2023\/04\/Cambio-climatico-desertificacion.jpg\" \/>\n\t<meta property=\"og:image:width\" content=\"1193\" \/>\n\t<meta property=\"og:image:height\" content=\"796\" \/>\n\t<meta property=\"og:image:type\" content=\"image\/jpeg\" \/>\n<meta name=\"author\" content=\"Germ\u00e1n Giacchero\" \/>\n<meta name=\"twitter:card\" content=\"summary_large_image\" \/>\n<meta name=\"twitter:creator\" content=\"@elregionalvm1\" \/>\n<meta name=\"twitter:site\" content=\"@elregionalvm1\" \/>\n<meta name=\"twitter:label1\" content=\"Escrito por\" \/>\n\t<meta name=\"twitter:data1\" content=\"Germ\u00e1n Giacchero\" \/>\n\t<meta name=\"twitter:label2\" content=\"Tiempo de lectura\" \/>\n\t<meta name=\"twitter:data2\" content=\"7 minutos\" \/>\n<script type=\"application\/ld+json\" class=\"yoast-schema-graph\">{\"@context\":\"https:\/\/schema.org\",\"@graph\":[{\"@type\":\"Article\",\"@id\":\"https:\/\/elregionalvm.com.ar\/noticias-villa-maria\/cambio-climatico-y-contaminacion-del-agua-los-problemas-ambientales-que-mas-preocupan-a-los-argentinos\/#article\",\"isPartOf\":{\"@id\":\"https:\/\/elregionalvm.com.ar\/noticias-villa-maria\/cambio-climatico-y-contaminacion-del-agua-los-problemas-ambientales-que-mas-preocupan-a-los-argentinos\/\"},\"author\":{\"name\":\"Germ\u00e1n Giacchero\",\"@id\":\"http:\/\/elregionalvm.com.ar\/noticias-villa-maria\/#\/schema\/person\/d5e4b04966154131701e52c45d3efec9\"},\"headline\":\"Cambio clim\u00e1tico y contaminaci\u00f3n del agua, los problemas ambientales que m\u00e1s preocupan a los argentinos\",\"datePublished\":\"2024-03-27T01:58:05+00:00\",\"dateModified\":\"2024-03-31T23:30:11+00:00\",\"mainEntityOfPage\":{\"@id\":\"https:\/\/elregionalvm.com.ar\/noticias-villa-maria\/cambio-climatico-y-contaminacion-del-agua-los-problemas-ambientales-que-mas-preocupan-a-los-argentinos\/\"},\"wordCount\":1193,\"commentCount\":0,\"image\":{\"@id\":\"https:\/\/elregionalvm.com.ar\/noticias-villa-maria\/cambio-climatico-y-contaminacion-del-agua-los-problemas-ambientales-que-mas-preocupan-a-los-argentinos\/#primaryimage\"},\"thumbnailUrl\":\"https:\/\/i0.wp.com\/elregionalvm.com.ar\/noticias-villa-maria\/wp-content\/uploads\/2023\/04\/Cambio-climatico-desertificacion.jpg?fit=1193%2C796&ssl=1\",\"keywords\":[\"Argentinos\",\"cambio clim\u00e1tico\",\"contaminaci\u00f3n del agua\",\"Fundaci\u00f3n Colsecor\",\"Preocupaci\u00f3n\",\"problemas ambientales\",\"residuos\"],\"articleSection\":[\"Econotas\",\"Opini\u00f3n\",\"tercera\"],\"inLanguage\":\"es\",\"potentialAction\":[{\"@type\":\"CommentAction\",\"name\":\"Comment\",\"target\":[\"https:\/\/elregionalvm.com.ar\/noticias-villa-maria\/cambio-climatico-y-contaminacion-del-agua-los-problemas-ambientales-que-mas-preocupan-a-los-argentinos\/#respond\"]}]},{\"@type\":\"WebPage\",\"@id\":\"https:\/\/elregionalvm.com.ar\/noticias-villa-maria\/cambio-climatico-y-contaminacion-del-agua-los-problemas-ambientales-que-mas-preocupan-a-los-argentinos\/\",\"url\":\"https:\/\/elregionalvm.com.ar\/noticias-villa-maria\/cambio-climatico-y-contaminacion-del-agua-los-problemas-ambientales-que-mas-preocupan-a-los-argentinos\/\",\"name\":\"Cambio clim\u00e1tico y contaminaci\u00f3n del agua, los problemas ambientales que m\u00e1s preocupan a los argentinos - El Regional\",\"isPartOf\":{\"@id\":\"http:\/\/elregionalvm.com.ar\/noticias-villa-maria\/#website\"},\"primaryImageOfPage\":{\"@id\":\"https:\/\/elregionalvm.com.ar\/noticias-villa-maria\/cambio-climatico-y-contaminacion-del-agua-los-problemas-ambientales-que-mas-preocupan-a-los-argentinos\/#primaryimage\"},\"image\":{\"@id\":\"https:\/\/elregionalvm.com.ar\/noticias-villa-maria\/cambio-climatico-y-contaminacion-del-agua-los-problemas-ambientales-que-mas-preocupan-a-los-argentinos\/#primaryimage\"},\"thumbnailUrl\":\"https:\/\/i0.wp.com\/elregionalvm.com.ar\/noticias-villa-maria\/wp-content\/uploads\/2023\/04\/Cambio-climatico-desertificacion.jpg?fit=1193%2C796&ssl=1\",\"datePublished\":\"2024-03-27T01:58:05+00:00\",\"dateModified\":\"2024-03-31T23:30:11+00:00\",\"author\":{\"@id\":\"http:\/\/elregionalvm.com.ar\/noticias-villa-maria\/#\/schema\/person\/d5e4b04966154131701e52c45d3efec9\"},\"breadcrumb\":{\"@id\":\"https:\/\/elregionalvm.com.ar\/noticias-villa-maria\/cambio-climatico-y-contaminacion-del-agua-los-problemas-ambientales-que-mas-preocupan-a-los-argentinos\/#breadcrumb\"},\"inLanguage\":\"es\",\"potentialAction\":[{\"@type\":\"ReadAction\",\"target\":[\"https:\/\/elregionalvm.com.ar\/noticias-villa-maria\/cambio-climatico-y-contaminacion-del-agua-los-problemas-ambientales-que-mas-preocupan-a-los-argentinos\/\"]}]},{\"@type\":\"ImageObject\",\"inLanguage\":\"es\",\"@id\":\"https:\/\/elregionalvm.com.ar\/noticias-villa-maria\/cambio-climatico-y-contaminacion-del-agua-los-problemas-ambientales-que-mas-preocupan-a-los-argentinos\/#primaryimage\",\"url\":\"https:\/\/i0.wp.com\/elregionalvm.com.ar\/noticias-villa-maria\/wp-content\/uploads\/2023\/04\/Cambio-climatico-desertificacion.jpg?fit=1193%2C796&ssl=1\",\"contentUrl\":\"https:\/\/i0.wp.com\/elregionalvm.com.ar\/noticias-villa-maria\/wp-content\/uploads\/2023\/04\/Cambio-climatico-desertificacion.jpg?fit=1193%2C796&ssl=1\",\"width\":1193,\"height\":796},{\"@type\":\"BreadcrumbList\",\"@id\":\"https:\/\/elregionalvm.com.ar\/noticias-villa-maria\/cambio-climatico-y-contaminacion-del-agua-los-problemas-ambientales-que-mas-preocupan-a-los-argentinos\/#breadcrumb\",\"itemListElement\":[{\"@type\":\"ListItem\",\"position\":1,\"name\":\"Portada\",\"item\":\"https:\/\/elregionalvm.com.ar\/noticias-villa-maria\/\"},{\"@type\":\"ListItem\",\"position\":2,\"name\":\"Cambio clim\u00e1tico y contaminaci\u00f3n del agua, los problemas ambientales que m\u00e1s preocupan a los argentinos\"}]},{\"@type\":\"WebSite\",\"@id\":\"http:\/\/elregionalvm.com.ar\/noticias-villa-maria\/#website\",\"url\":\"http:\/\/elregionalvm.com.ar\/noticias-villa-maria\/\",\"name\":\"El Regional\",\"description\":\"Mucho m\u00e1s que informaci\u00f3n\",\"potentialAction\":[{\"@type\":\"SearchAction\",\"target\":{\"@type\":\"EntryPoint\",\"urlTemplate\":\"http:\/\/elregionalvm.com.ar\/noticias-villa-maria\/?s={search_term_string}\"},\"query-input\":{\"@type\":\"PropertyValueSpecification\",\"valueRequired\":true,\"valueName\":\"search_term_string\"}}],\"inLanguage\":\"es\"},{\"@type\":\"Person\",\"@id\":\"http:\/\/elregionalvm.com.ar\/noticias-villa-maria\/#\/schema\/person\/d5e4b04966154131701e52c45d3efec9\",\"name\":\"Germ\u00e1n Giacchero\",\"image\":{\"@type\":\"ImageObject\",\"inLanguage\":\"es\",\"@id\":\"http:\/\/elregionalvm.com.ar\/noticias-villa-maria\/#\/schema\/person\/image\/\",\"url\":\"https:\/\/secure.gravatar.com\/avatar\/fda163ba5ef0307ee5be9846e10f83b6e83d0cfb260d3b2464830318894c6b04?s=96&d=mm&r=g\",\"contentUrl\":\"https:\/\/secure.gravatar.com\/avatar\/fda163ba5ef0307ee5be9846e10f83b6e83d0cfb260d3b2464830318894c6b04?s=96&d=mm&r=g\",\"caption\":\"Germ\u00e1n Giacchero\"},\"url\":\"https:\/\/elregionalvm.com.ar\/noticias-villa-maria\/author\/germangiacchero\/\"}]}<\/script>\n<!-- \/ Yoast SEO plugin. -->","yoast_head_json":{"title":"Cambio clim\u00e1tico y contaminaci\u00f3n del agua, los problemas ambientales que m\u00e1s preocupan a los argentinos - El Regional","robots":{"index":"index","follow":"follow","max-snippet":"max-snippet:-1","max-image-preview":"max-image-preview:large","max-video-preview":"max-video-preview:-1"},"canonical":"https:\/\/elregionalvm.com.ar\/noticias-villa-maria\/cambio-climatico-y-contaminacion-del-agua-los-problemas-ambientales-que-mas-preocupan-a-los-argentinos\/","og_locale":"es_ES","og_type":"article","og_title":"Cambio clim\u00e1tico y contaminaci\u00f3n del agua, los problemas ambientales que m\u00e1s preocupan a los argentinos - El Regional","og_description":"As\u00ed se desprende de un nuevo estudio de Fundaci\u00f3n COLSECOR, que indag\u00f3 en h\u00e1bitos, problemas e imaginarios respecto a pr\u00e1cticas ambientales en nuestro pa\u00eds. El 49,1% de los consultados indic\u00f3 que separa sus residuos. La Fundaci\u00f3n COLSECOR difundi\u00f3 el estudio Problemas y percepciones respecto a pr\u00e1cticas ambientales y gesti\u00f3n de residuos en Argentina. Del trabajo [&hellip;]","og_url":"https:\/\/elregionalvm.com.ar\/noticias-villa-maria\/cambio-climatico-y-contaminacion-del-agua-los-problemas-ambientales-que-mas-preocupan-a-los-argentinos\/","og_site_name":"El Regional","article_publisher":"https:\/\/www.facebook.com\/elregionalvm","article_published_time":"2024-03-27T01:58:05+00:00","article_modified_time":"2024-03-31T23:30:11+00:00","og_image":[{"width":1193,"height":796,"url":"https:\/\/elregionalvm.com.ar\/noticias-villa-maria\/wp-content\/uploads\/2023\/04\/Cambio-climatico-desertificacion.jpg","type":"image\/jpeg"}],"author":"Germ\u00e1n Giacchero","twitter_card":"summary_large_image","twitter_creator":"@elregionalvm1","twitter_site":"@elregionalvm1","twitter_misc":{"Escrito por":"Germ\u00e1n Giacchero","Tiempo de lectura":"7 minutos"},"schema":{"@context":"https:\/\/schema.org","@graph":[{"@type":"Article","@id":"https:\/\/elregionalvm.com.ar\/noticias-villa-maria\/cambio-climatico-y-contaminacion-del-agua-los-problemas-ambientales-que-mas-preocupan-a-los-argentinos\/#article","isPartOf":{"@id":"https:\/\/elregionalvm.com.ar\/noticias-villa-maria\/cambio-climatico-y-contaminacion-del-agua-los-problemas-ambientales-que-mas-preocupan-a-los-argentinos\/"},"author":{"name":"Germ\u00e1n Giacchero","@id":"http:\/\/elregionalvm.com.ar\/noticias-villa-maria\/#\/schema\/person\/d5e4b04966154131701e52c45d3efec9"},"headline":"Cambio clim\u00e1tico y contaminaci\u00f3n del agua, los problemas ambientales que m\u00e1s preocupan a los argentinos","datePublished":"2024-03-27T01:58:05+00:00","dateModified":"2024-03-31T23:30:11+00:00","mainEntityOfPage":{"@id":"https:\/\/elregionalvm.com.ar\/noticias-villa-maria\/cambio-climatico-y-contaminacion-del-agua-los-problemas-ambientales-que-mas-preocupan-a-los-argentinos\/"},"wordCount":1193,"commentCount":0,"image":{"@id":"https:\/\/elregionalvm.com.ar\/noticias-villa-maria\/cambio-climatico-y-contaminacion-del-agua-los-problemas-ambientales-que-mas-preocupan-a-los-argentinos\/#primaryimage"},"thumbnailUrl":"https:\/\/i0.wp.com\/elregionalvm.com.ar\/noticias-villa-maria\/wp-content\/uploads\/2023\/04\/Cambio-climatico-desertificacion.jpg?fit=1193%2C796&ssl=1","keywords":["Argentinos","cambio clim\u00e1tico","contaminaci\u00f3n del agua","Fundaci\u00f3n Colsecor","Preocupaci\u00f3n","problemas ambientales","residuos"],"articleSection":["Econotas","Opini\u00f3n","tercera"],"inLanguage":"es","potentialAction":[{"@type":"CommentAction","name":"Comment","target":["https:\/\/elregionalvm.com.ar\/noticias-villa-maria\/cambio-climatico-y-contaminacion-del-agua-los-problemas-ambientales-que-mas-preocupan-a-los-argentinos\/#respond"]}]},{"@type":"WebPage","@id":"https:\/\/elregionalvm.com.ar\/noticias-villa-maria\/cambio-climatico-y-contaminacion-del-agua-los-problemas-ambientales-que-mas-preocupan-a-los-argentinos\/","url":"https:\/\/elregionalvm.com.ar\/noticias-villa-maria\/cambio-climatico-y-contaminacion-del-agua-los-problemas-ambientales-que-mas-preocupan-a-los-argentinos\/","name":"Cambio clim\u00e1tico y contaminaci\u00f3n del agua, los problemas ambientales que m\u00e1s preocupan a los argentinos - El Regional","isPartOf":{"@id":"http:\/\/elregionalvm.com.ar\/noticias-villa-maria\/#website"},"primaryImageOfPage":{"@id":"https:\/\/elregionalvm.com.ar\/noticias-villa-maria\/cambio-climatico-y-contaminacion-del-agua-los-problemas-ambientales-que-mas-preocupan-a-los-argentinos\/#primaryimage"},"image":{"@id":"https:\/\/elregionalvm.com.ar\/noticias-villa-maria\/cambio-climatico-y-contaminacion-del-agua-los-problemas-ambientales-que-mas-preocupan-a-los-argentinos\/#primaryimage"},"thumbnailUrl":"https:\/\/i0.wp.com\/elregionalvm.com.ar\/noticias-villa-maria\/wp-content\/uploads\/2023\/04\/Cambio-climatico-desertificacion.jpg?fit=1193%2C796&ssl=1","datePublished":"2024-03-27T01:58:05+00:00","dateModified":"2024-03-31T23:30:11+00:00","author":{"@id":"http:\/\/elregionalvm.com.ar\/noticias-villa-maria\/#\/schema\/person\/d5e4b04966154131701e52c45d3efec9"},"breadcrumb":{"@id":"https:\/\/elregionalvm.com.ar\/noticias-villa-maria\/cambio-climatico-y-contaminacion-del-agua-los-problemas-ambientales-que-mas-preocupan-a-los-argentinos\/#breadcrumb"},"inLanguage":"es","potentialAction":[{"@type":"ReadAction","target":["https:\/\/elregionalvm.com.ar\/noticias-villa-maria\/cambio-climatico-y-contaminacion-del-agua-los-problemas-ambientales-que-mas-preocupan-a-los-argentinos\/"]}]},{"@type":"ImageObject","inLanguage":"es","@id":"https:\/\/elregionalvm.com.ar\/noticias-villa-maria\/cambio-climatico-y-contaminacion-del-agua-los-problemas-ambientales-que-mas-preocupan-a-los-argentinos\/#primaryimage","url":"https:\/\/i0.wp.com\/elregionalvm.com.ar\/noticias-villa-maria\/wp-content\/uploads\/2023\/04\/Cambio-climatico-desertificacion.jpg?fit=1193%2C796&ssl=1","contentUrl":"https:\/\/i0.wp.com\/elregionalvm.com.ar\/noticias-villa-maria\/wp-content\/uploads\/2023\/04\/Cambio-climatico-desertificacion.jpg?fit=1193%2C796&ssl=1","width":1193,"height":796},{"@type":"BreadcrumbList","@id":"https:\/\/elregionalvm.com.ar\/noticias-villa-maria\/cambio-climatico-y-contaminacion-del-agua-los-problemas-ambientales-que-mas-preocupan-a-los-argentinos\/#breadcrumb","itemListElement":[{"@type":"ListItem","position":1,"name":"Portada","item":"https:\/\/elregionalvm.com.ar\/noticias-villa-maria\/"},{"@type":"ListItem","position":2,"name":"Cambio clim\u00e1tico y contaminaci\u00f3n del agua, los problemas ambientales que m\u00e1s preocupan a los argentinos"}]},{"@type":"WebSite","@id":"http:\/\/elregionalvm.com.ar\/noticias-villa-maria\/#website","url":"http:\/\/elregionalvm.com.ar\/noticias-villa-maria\/","name":"El Regional","description":"Mucho m\u00e1s que informaci\u00f3n","potentialAction":[{"@type":"SearchAction","target":{"@type":"EntryPoint","urlTemplate":"http:\/\/elregionalvm.com.ar\/noticias-villa-maria\/?s={search_term_string}"},"query-input":{"@type":"PropertyValueSpecification","valueRequired":true,"valueName":"search_term_string"}}],"inLanguage":"es"},{"@type":"Person","@id":"http:\/\/elregionalvm.com.ar\/noticias-villa-maria\/#\/schema\/person\/d5e4b04966154131701e52c45d3efec9","name":"Germ\u00e1n Giacchero","image":{"@type":"ImageObject","inLanguage":"es","@id":"http:\/\/elregionalvm.com.ar\/noticias-villa-maria\/#\/schema\/person\/image\/","url":"https:\/\/secure.gravatar.com\/avatar\/fda163ba5ef0307ee5be9846e10f83b6e83d0cfb260d3b2464830318894c6b04?s=96&d=mm&r=g","contentUrl":"https:\/\/secure.gravatar.com\/avatar\/fda163ba5ef0307ee5be9846e10f83b6e83d0cfb260d3b2464830318894c6b04?s=96&d=mm&r=g","caption":"Germ\u00e1n Giacchero"},"url":"https:\/\/elregionalvm.com.ar\/noticias-villa-maria\/author\/germangiacchero\/"}]}},"jetpack_featured_media_url":"https:\/\/i0.wp.com\/elregionalvm.com.ar\/noticias-villa-maria\/wp-content\/uploads\/2023\/04\/Cambio-climatico-desertificacion.jpg?fit=1193%2C796&ssl=1","jetpack_sharing_enabled":true,"_links":{"self":[{"href":"https:\/\/elregionalvm.com.ar\/noticias-villa-maria\/wp-json\/wp\/v2\/posts\/91829","targetHints":{"allow":["GET"]}}],"collection":[{"href":"https:\/\/elregionalvm.com.ar\/noticias-villa-maria\/wp-json\/wp\/v2\/posts"}],"about":[{"href":"https:\/\/elregionalvm.com.ar\/noticias-villa-maria\/wp-json\/wp\/v2\/types\/post"}],"author":[{"embeddable":true,"href":"https:\/\/elregionalvm.com.ar\/noticias-villa-maria\/wp-json\/wp\/v2\/users\/6"}],"replies":[{"embeddable":true,"href":"https:\/\/elregionalvm.com.ar\/noticias-villa-maria\/wp-json\/wp\/v2\/comments?post=91829"}],"version-history":[{"count":1,"href":"https:\/\/elregionalvm.com.ar\/noticias-villa-maria\/wp-json\/wp\/v2\/posts\/91829\/revisions"}],"predecessor-version":[{"id":91830,"href":"https:\/\/elregionalvm.com.ar\/noticias-villa-maria\/wp-json\/wp\/v2\/posts\/91829\/revisions\/91830"}],"wp:featuredmedia":[{"embeddable":true,"href":"https:\/\/elregionalvm.com.ar\/noticias-villa-maria\/wp-json\/wp\/v2\/media\/75055"}],"wp:attachment":[{"href":"https:\/\/elregionalvm.com.ar\/noticias-villa-maria\/wp-json\/wp\/v2\/media?parent=91829"}],"wp:term":[{"taxonomy":"category","embeddable":true,"href":"https:\/\/elregionalvm.com.ar\/noticias-villa-maria\/wp-json\/wp\/v2\/categories?post=91829"},{"taxonomy":"post_tag","embeddable":true,"href":"https:\/\/elregionalvm.com.ar\/noticias-villa-maria\/wp-json\/wp\/v2\/tags?post=91829"}],"curies":[{"name":"wp","href":"https:\/\/api.w.org\/{rel}","templated":true}]}}