{"id":91844,"date":"2024-03-27T18:16:50","date_gmt":"2024-03-27T18:16:50","guid":{"rendered":"https:\/\/elregionalvm.com.ar\/noticias-villa-maria\/?p=91844"},"modified":"2024-03-27T18:16:51","modified_gmt":"2024-03-27T18:16:51","slug":"se-presento-el-instituto-municipal-de-las-artes","status":"publish","type":"post","link":"https:\/\/elregionalvm.com.ar\/noticias-villa-maria\/se-presento-el-instituto-municipal-de-las-artes\/","title":{"rendered":"Se present\u00f3 el Instituto Municipal de las Artes"},"content":{"rendered":"\n<p>El intendente municipal Eduardo Accastello present\u00f3 el Instituto Municipal de las Artes, dependiente de la secretar\u00eda de Gobierno, Cultura y Relaciones Institucionales.<\/p>\n\n\n\n<figure class=\"wp-block-image size-large\"><img data-recalc-dims=\"1\" fetchpriority=\"high\" decoding=\"async\" width=\"1024\" height=\"682\" src=\"https:\/\/i0.wp.com\/elregionalvm.com.ar\/noticias-villa-maria\/wp-content\/uploads\/2024\/03\/WhatsApp-Image-2024-03-27-at-1.27.32-PM.jpeg?resize=1024%2C682&#038;ssl=1\" alt=\"\" class=\"wp-image-91849\" srcset=\"https:\/\/i0.wp.com\/elregionalvm.com.ar\/noticias-villa-maria\/wp-content\/uploads\/2024\/03\/WhatsApp-Image-2024-03-27-at-1.27.32-PM.jpeg?resize=1024%2C682&amp;ssl=1 1024w, https:\/\/i0.wp.com\/elregionalvm.com.ar\/noticias-villa-maria\/wp-content\/uploads\/2024\/03\/WhatsApp-Image-2024-03-27-at-1.27.32-PM.jpeg?resize=300%2C200&amp;ssl=1 300w, https:\/\/i0.wp.com\/elregionalvm.com.ar\/noticias-villa-maria\/wp-content\/uploads\/2024\/03\/WhatsApp-Image-2024-03-27-at-1.27.32-PM.jpeg?resize=768%2C512&amp;ssl=1 768w, https:\/\/i0.wp.com\/elregionalvm.com.ar\/noticias-villa-maria\/wp-content\/uploads\/2024\/03\/WhatsApp-Image-2024-03-27-at-1.27.32-PM.jpeg?resize=1536%2C1023&amp;ssl=1 1536w, https:\/\/i0.wp.com\/elregionalvm.com.ar\/noticias-villa-maria\/wp-content\/uploads\/2024\/03\/WhatsApp-Image-2024-03-27-at-1.27.32-PM.jpeg?w=1600&amp;ssl=1 1600w\" sizes=\"(max-width: 1000px) 100vw, 1000px\" \/><\/figure>\n\n\n\n<p>La actividad tuvo lugar en el Sal\u00f3n Blanco del Palacio Municipal en una conferencia de prensa de la que tambi\u00e9n participaron el secretario de Gobierno, Cultura y Relaciones Institucionales, Marcos Bovo; la secretaria de Prevenci\u00f3n, Seguridad y Convivencia Urbana, Guadalupe V\u00e1zquez; la subsecretaria de Cultura, Virginia Reyneri y la coordinadora del citado Instituto, \u00c1ngela Parodi.<\/p>\n\n\n\n<p>En la oportunidad se brindaron detalles de la propuesta p\u00fablica y gratuita que incluir\u00e1 90 talleres distribuidos en 5 escuelas de arte y a cargo de 51 talleristas.<\/p>\n\n\n\n<p>Las inscripciones estar\u00e1n abiertas desde el mi\u00e9rcoles 3 de abril y las clases comenzar\u00e1n el lunes 8.<\/p>\n\n\n\n<p>Sobre la iniciativa, el intendente Accastello dijo: \u201cconsideramos a la cultura como un elemento primordial de los procesos de integraci\u00f3n comunitaria y, en este sentido, llevamos adelante pol\u00edticas guiadas por una concepci\u00f3n integral para el desarrollo humano y la participaci\u00f3n ciudadana\u201d.<\/p>\n\n\n\n<figure class=\"wp-block-image size-large\"><img data-recalc-dims=\"1\" decoding=\"async\" width=\"1024\" height=\"682\" src=\"https:\/\/i0.wp.com\/elregionalvm.com.ar\/noticias-villa-maria\/wp-content\/uploads\/2024\/03\/WhatsApp-Image-2024-03-27-at-1.27.32-PM-1.jpeg?resize=1024%2C682&#038;ssl=1\" alt=\"\" class=\"wp-image-91848\" srcset=\"https:\/\/i0.wp.com\/elregionalvm.com.ar\/noticias-villa-maria\/wp-content\/uploads\/2024\/03\/WhatsApp-Image-2024-03-27-at-1.27.32-PM-1.jpeg?resize=1024%2C682&amp;ssl=1 1024w, https:\/\/i0.wp.com\/elregionalvm.com.ar\/noticias-villa-maria\/wp-content\/uploads\/2024\/03\/WhatsApp-Image-2024-03-27-at-1.27.32-PM-1.jpeg?resize=300%2C200&amp;ssl=1 300w, https:\/\/i0.wp.com\/elregionalvm.com.ar\/noticias-villa-maria\/wp-content\/uploads\/2024\/03\/WhatsApp-Image-2024-03-27-at-1.27.32-PM-1.jpeg?resize=768%2C512&amp;ssl=1 768w, https:\/\/i0.wp.com\/elregionalvm.com.ar\/noticias-villa-maria\/wp-content\/uploads\/2024\/03\/WhatsApp-Image-2024-03-27-at-1.27.32-PM-1.jpeg?resize=1536%2C1023&amp;ssl=1 1536w, https:\/\/i0.wp.com\/elregionalvm.com.ar\/noticias-villa-maria\/wp-content\/uploads\/2024\/03\/WhatsApp-Image-2024-03-27-at-1.27.32-PM-1.jpeg?w=1600&amp;ssl=1 1600w\" sizes=\"(max-width: 1000px) 100vw, 1000px\" \/><\/figure>\n\n\n\n<p>Mientras que Marcos Bovo agreg\u00f3: \u201cpromovemos y compartimos el arte como una herramienta de transformaci\u00f3n de la vida de las personas, como un derecho y una fuente de trabajo. Este Instituto es una demostraci\u00f3n que la decisi\u00f3n pol\u00edtica de esta gesti\u00f3n es potenciar y consolidar la cultura a trav\u00e9s de sus diversas expresiones\u201d.<\/p>\n\n\n\n<p>Cabe se\u00f1alar que el Instituto Municipal de las Artes propone diversas l\u00edneas de acci\u00f3n que realizan de cada espacio, proyecto y programa una herramienta de transformaci\u00f3n social y fomento de las diferentes disciplinas art\u00edsticas en sus distintos niveles.<\/p>\n\n\n\n<p>A trav\u00e9s de este programa se busca fortalecer las acciones de redes, colectivos y organizaciones de anclaje territorial, para el apoyo de sus actividades comunitarias, capacitaciones y proyectos art\u00edsticos para fortalecer la circularidad.<\/p>\n\n\n\n<p>Los talleres se desarrollar\u00e1n en Centros Vecinales, Municerca, Centros Culturales, Bibliotecas, Centros de Promoci\u00f3n Familiar, Hogar Municipal de D\u00eda e Iglesias, entre otros espacios.<\/p>\n\n\n\n<p><em>Propuestas<\/em><\/p>\n\n\n\n<p><em>Escuela de M\u00fasica:<\/em> Piano para ni\u00f1os, Batucada, Bater\u00eda y percusi\u00f3n, Lenguaje Musical, Coro para j\u00f3venes y adultos, Canto Grupal para j\u00f3venes y adultos, Canto Grupal para adultos mayores, Composici\u00f3n de canciones, Viol\u00edn-Viola para j\u00f3venes y adultos, Guitarra inicial, Guitarra y bajo avanzados, Guitarra, Guitarra y Ukelele para ni\u00f1os, Violoncello, M\u00fasica para infancias, Producci\u00f3n musical, Piano para j\u00f3venes y adultos, Canto con caja, y Viol\u00edn para ni\u00f1os.<\/p>\n\n\n\n<p><em>Escuela de Artes Visuales:<\/em> Taller de historietas para infancias y j\u00f3venes, Cer\u00e1mica para infancias y adultos, Artes visuales para infancias, Textil sustentable y serigraf\u00eda, Dibujo en textil para j\u00f3venes y adultos, Taller de Ilustraci\u00f3n para j\u00f3venes y Manualidades para infancias.<\/p>\n\n\n\n<p><em>Escuela de Circo:<\/em> Parada de manos y Acrobacia a\u00e9rea en tela para todas las edades, Malabares, Acrobacia de piso, Acrotela y Estiramientos.<\/p>\n\n\n\n<p><em>Escuela de Artes Esc\u00e9nicas:<\/em> Entrenamiento y Creaci\u00f3n en Danza para adultos, Danza para ni\u00f1os, Danza Teatro para todas las edades, Danzas circulares, Iniciaci\u00f3n a la danza, Tango, Juego y Movimiento, Danza manija, Teatro para todas las edades, Radioteatro, Danza en la diversidad, Lectura y escritura creativa, Escritura y Autopublicaci\u00f3n, Cuenta Cuentos, Ritmos Latinos, Zumba, Yoga y Folklore.<\/p>\n\n\n\n<p><em>Escuela de Teatro de T\u00edteres:<\/em> Propuestas itinerantes con escuelas, centros culturales, docentes, artistas y Taller de Pedagog\u00eda de la Memoria.<\/p>\n\n\n\n<p><em>Capacitaci\u00f3n<\/em><\/p>\n\n\n\n<p>A trav\u00e9s de articulaciones con diversas instituciones locales, regionales, provinciales y nacionales, estas propuestas de formaci\u00f3n tienen como objetivo habilitar procesos de articulaci\u00f3n de saberes, pr\u00e1cticas y construcci\u00f3n de conocimientos a trav\u00e9s cl\u00ednicas, conversatorios y talleres de especializaci\u00f3n.<\/p>\n\n\n\n<p>Estas propuestas est\u00e1 destinada a artistas, gestores culturales, docentes, estudiantes avanzados, gestores institucionales, investigadores y p\u00fablico en general.<\/p>\n\n\n\n<p>Es pertinente destacar que las principales actividades del Instituto Municipal de las Artes tienen por objetivo fomentar el desarrollo integral de ni\u00f1os, j\u00f3venes y adultos a partir de la recreaci\u00f3n de los v\u00ednculos comunitarios, del fortalecimiento de sus capacidades expresivas y de la generaci\u00f3n de una cultura democr\u00e1tica.<\/p>\n\n\n\n<p>De la presentaci\u00f3n del Instituto Municipal de las Artes participaron referentes culturales y vecinalistas de la ciudad. En la previa, se eraliz\u00f3 una muestra de cer\u00e1mica de profesores que dictan talleres muniicpales y actuaron los artistas Gabiel R\u00edos, Rafaela Mosoni, Maga Supertino y B\u00e1rbara L\u00f3pez.<\/p>\n","protected":false},"excerpt":{"rendered":"<p>El intendente municipal Eduardo Accastello present\u00f3 el Instituto Municipal de las Artes, dependiente de la secretar\u00eda de Gobierno, Cultura y Relaciones Institucionales. La actividad tuvo lugar en el Sal\u00f3n Blanco del Palacio Municipal en una conferencia de prensa de la que tambi\u00e9n participaron el secretario de Gobierno, Cultura y Relaciones Institucionales, Marcos Bovo; la secretaria [&hellip;]<\/p>\n","protected":false},"author":4,"featured_media":91847,"comment_status":"open","ping_status":"open","sticky":false,"template":"","format":"standard","meta":{"site-sidebar-layout":"default","site-content-layout":"","ast-site-content-layout":"default","site-content-style":"default","site-sidebar-style":"default","ast-global-header-display":"","ast-banner-title-visibility":"","ast-main-header-display":"","ast-hfb-above-header-display":"","ast-hfb-below-header-display":"","ast-hfb-mobile-header-display":"","site-post-title":"","ast-breadcrumbs-content":"","ast-featured-img":"","footer-sml-layout":"","ast-disable-related-posts":"","theme-transparent-header-meta":"","adv-header-id-meta":"","stick-header-meta":"","header-above-stick-meta":"","header-main-stick-meta":"","header-below-stick-meta":"","astra-migrate-meta-layouts":"set","ast-page-background-enabled":"default","ast-page-background-meta":{"desktop":{"background-color":"","background-image":"","background-repeat":"repeat","background-position":"center center","background-size":"auto","background-attachment":"scroll","background-type":"","background-media":"","overlay-type":"","overlay-color":"","overlay-opacity":"","overlay-gradient":""},"tablet":{"background-color":"","background-image":"","background-repeat":"repeat","background-position":"center center","background-size":"auto","background-attachment":"scroll","background-type":"","background-media":"","overlay-type":"","overlay-color":"","overlay-opacity":"","overlay-gradient":""},"mobile":{"background-color":"","background-image":"","background-repeat":"repeat","background-position":"center center","background-size":"auto","background-attachment":"scroll","background-type":"","background-media":"","overlay-type":"","overlay-color":"","overlay-opacity":"","overlay-gradient":""}},"ast-content-background-meta":{"desktop":{"background-color":"var(--ast-global-color-5)","background-image":"","background-repeat":"repeat","background-position":"center center","background-size":"auto","background-attachment":"scroll","background-type":"","background-media":"","overlay-type":"","overlay-color":"","overlay-opacity":"","overlay-gradient":""},"tablet":{"background-color":"var(--ast-global-color-5)","background-image":"","background-repeat":"repeat","background-position":"center center","background-size":"auto","background-attachment":"scroll","background-type":"","background-media":"","overlay-type":"","overlay-color":"","overlay-opacity":"","overlay-gradient":""},"mobile":{"background-color":"var(--ast-global-color-5)","background-image":"","background-repeat":"repeat","background-position":"center center","background-size":"auto","background-attachment":"scroll","background-type":"","background-media":"","overlay-type":"","overlay-color":"","overlay-opacity":"","overlay-gradient":""}},"_jetpack_memberships_contains_paid_content":false,"_joinchat":[],"footnotes":""},"categories":[15302,5,2],"tags":[],"class_list":["post-91844","post","type-post","status-publish","format-standard","has-post-thumbnail","hentry","category-destacado","category-sociedad","category-villa-maria"],"yoast_head":"<!-- This site is optimized with the Yoast SEO plugin v26.8 - https:\/\/yoast.com\/product\/yoast-seo-wordpress\/ -->\n<title>Se present\u00f3 el Instituto Municipal de las Artes - El Regional<\/title>\n<meta name=\"robots\" content=\"index, follow, max-snippet:-1, max-image-preview:large, max-video-preview:-1\" \/>\n<link rel=\"canonical\" href=\"https:\/\/elregionalvm.com.ar\/noticias-villa-maria\/se-presento-el-instituto-municipal-de-las-artes\/\" \/>\n<meta property=\"og:locale\" content=\"es_ES\" \/>\n<meta property=\"og:type\" content=\"article\" \/>\n<meta property=\"og:title\" content=\"Se present\u00f3 el Instituto Municipal de las Artes - El Regional\" \/>\n<meta property=\"og:description\" content=\"El intendente municipal Eduardo Accastello present\u00f3 el Instituto Municipal de las Artes, dependiente de la secretar\u00eda de Gobierno, Cultura y Relaciones Institucionales. La actividad tuvo lugar en el Sal\u00f3n Blanco del Palacio Municipal en una conferencia de prensa de la que tambi\u00e9n participaron el secretario de Gobierno, Cultura y Relaciones Institucionales, Marcos Bovo; la secretaria [&hellip;]\" \/>\n<meta property=\"og:url\" content=\"https:\/\/elregionalvm.com.ar\/noticias-villa-maria\/se-presento-el-instituto-municipal-de-las-artes\/\" \/>\n<meta property=\"og:site_name\" content=\"El Regional\" \/>\n<meta property=\"article:publisher\" content=\"https:\/\/www.facebook.com\/elregionalvm\" \/>\n<meta property=\"article:published_time\" content=\"2024-03-27T18:16:50+00:00\" \/>\n<meta property=\"article:modified_time\" content=\"2024-03-27T18:16:51+00:00\" \/>\n<meta property=\"og:image\" content=\"https:\/\/elregionalvm.com.ar\/noticias-villa-maria\/wp-content\/uploads\/2024\/03\/WhatsApp-Image-2024-03-27-at-1.27.33-PM.jpeg\" \/>\n\t<meta property=\"og:image:width\" content=\"1600\" \/>\n\t<meta property=\"og:image:height\" content=\"1066\" \/>\n\t<meta property=\"og:image:type\" content=\"image\/jpeg\" \/>\n<meta name=\"author\" content=\"Contenidos El Regional\" \/>\n<meta name=\"twitter:card\" content=\"summary_large_image\" \/>\n<meta name=\"twitter:creator\" content=\"@elregionalvm1\" \/>\n<meta name=\"twitter:site\" content=\"@elregionalvm1\" \/>\n<meta name=\"twitter:label1\" content=\"Escrito por\" \/>\n\t<meta name=\"twitter:data1\" content=\"Contenidos El Regional\" \/>\n\t<meta name=\"twitter:label2\" content=\"Tiempo de lectura\" \/>\n\t<meta name=\"twitter:data2\" content=\"4 minutos\" \/>\n<script type=\"application\/ld+json\" class=\"yoast-schema-graph\">{\"@context\":\"https:\/\/schema.org\",\"@graph\":[{\"@type\":\"Article\",\"@id\":\"https:\/\/elregionalvm.com.ar\/noticias-villa-maria\/se-presento-el-instituto-municipal-de-las-artes\/#article\",\"isPartOf\":{\"@id\":\"https:\/\/elregionalvm.com.ar\/noticias-villa-maria\/se-presento-el-instituto-municipal-de-las-artes\/\"},\"author\":{\"name\":\"Contenidos El Regional\",\"@id\":\"http:\/\/elregionalvm.com.ar\/noticias-villa-maria\/#\/schema\/person\/a0fb9c422317faca23d50163151bc354\"},\"headline\":\"Se present\u00f3 el Instituto Municipal de las Artes\",\"datePublished\":\"2024-03-27T18:16:50+00:00\",\"dateModified\":\"2024-03-27T18:16:51+00:00\",\"mainEntityOfPage\":{\"@id\":\"https:\/\/elregionalvm.com.ar\/noticias-villa-maria\/se-presento-el-instituto-municipal-de-las-artes\/\"},\"wordCount\":749,\"commentCount\":0,\"image\":{\"@id\":\"https:\/\/elregionalvm.com.ar\/noticias-villa-maria\/se-presento-el-instituto-municipal-de-las-artes\/#primaryimage\"},\"thumbnailUrl\":\"https:\/\/i0.wp.com\/elregionalvm.com.ar\/noticias-villa-maria\/wp-content\/uploads\/2024\/03\/WhatsApp-Image-2024-03-27-at-1.27.33-PM.jpeg?fit=1600%2C1066&ssl=1\",\"articleSection\":[\"destacado\",\"Sociedad\",\"Villa Mar\u00eda\"],\"inLanguage\":\"es\",\"potentialAction\":[{\"@type\":\"CommentAction\",\"name\":\"Comment\",\"target\":[\"https:\/\/elregionalvm.com.ar\/noticias-villa-maria\/se-presento-el-instituto-municipal-de-las-artes\/#respond\"]}]},{\"@type\":\"WebPage\",\"@id\":\"https:\/\/elregionalvm.com.ar\/noticias-villa-maria\/se-presento-el-instituto-municipal-de-las-artes\/\",\"url\":\"https:\/\/elregionalvm.com.ar\/noticias-villa-maria\/se-presento-el-instituto-municipal-de-las-artes\/\",\"name\":\"Se present\u00f3 el Instituto Municipal de las Artes - El Regional\",\"isPartOf\":{\"@id\":\"http:\/\/elregionalvm.com.ar\/noticias-villa-maria\/#website\"},\"primaryImageOfPage\":{\"@id\":\"https:\/\/elregionalvm.com.ar\/noticias-villa-maria\/se-presento-el-instituto-municipal-de-las-artes\/#primaryimage\"},\"image\":{\"@id\":\"https:\/\/elregionalvm.com.ar\/noticias-villa-maria\/se-presento-el-instituto-municipal-de-las-artes\/#primaryimage\"},\"thumbnailUrl\":\"https:\/\/i0.wp.com\/elregionalvm.com.ar\/noticias-villa-maria\/wp-content\/uploads\/2024\/03\/WhatsApp-Image-2024-03-27-at-1.27.33-PM.jpeg?fit=1600%2C1066&ssl=1\",\"datePublished\":\"2024-03-27T18:16:50+00:00\",\"dateModified\":\"2024-03-27T18:16:51+00:00\",\"author\":{\"@id\":\"http:\/\/elregionalvm.com.ar\/noticias-villa-maria\/#\/schema\/person\/a0fb9c422317faca23d50163151bc354\"},\"breadcrumb\":{\"@id\":\"https:\/\/elregionalvm.com.ar\/noticias-villa-maria\/se-presento-el-instituto-municipal-de-las-artes\/#breadcrumb\"},\"inLanguage\":\"es\",\"potentialAction\":[{\"@type\":\"ReadAction\",\"target\":[\"https:\/\/elregionalvm.com.ar\/noticias-villa-maria\/se-presento-el-instituto-municipal-de-las-artes\/\"]}]},{\"@type\":\"ImageObject\",\"inLanguage\":\"es\",\"@id\":\"https:\/\/elregionalvm.com.ar\/noticias-villa-maria\/se-presento-el-instituto-municipal-de-las-artes\/#primaryimage\",\"url\":\"https:\/\/i0.wp.com\/elregionalvm.com.ar\/noticias-villa-maria\/wp-content\/uploads\/2024\/03\/WhatsApp-Image-2024-03-27-at-1.27.33-PM.jpeg?fit=1600%2C1066&ssl=1\",\"contentUrl\":\"https:\/\/i0.wp.com\/elregionalvm.com.ar\/noticias-villa-maria\/wp-content\/uploads\/2024\/03\/WhatsApp-Image-2024-03-27-at-1.27.33-PM.jpeg?fit=1600%2C1066&ssl=1\",\"width\":1600,\"height\":1066},{\"@type\":\"BreadcrumbList\",\"@id\":\"https:\/\/elregionalvm.com.ar\/noticias-villa-maria\/se-presento-el-instituto-municipal-de-las-artes\/#breadcrumb\",\"itemListElement\":[{\"@type\":\"ListItem\",\"position\":1,\"name\":\"Portada\",\"item\":\"https:\/\/elregionalvm.com.ar\/noticias-villa-maria\/\"},{\"@type\":\"ListItem\",\"position\":2,\"name\":\"Se present\u00f3 el Instituto Municipal de las Artes\"}]},{\"@type\":\"WebSite\",\"@id\":\"http:\/\/elregionalvm.com.ar\/noticias-villa-maria\/#website\",\"url\":\"http:\/\/elregionalvm.com.ar\/noticias-villa-maria\/\",\"name\":\"El Regional\",\"description\":\"Mucho m\u00e1s que informaci\u00f3n\",\"potentialAction\":[{\"@type\":\"SearchAction\",\"target\":{\"@type\":\"EntryPoint\",\"urlTemplate\":\"http:\/\/elregionalvm.com.ar\/noticias-villa-maria\/?s={search_term_string}\"},\"query-input\":{\"@type\":\"PropertyValueSpecification\",\"valueRequired\":true,\"valueName\":\"search_term_string\"}}],\"inLanguage\":\"es\"},{\"@type\":\"Person\",\"@id\":\"http:\/\/elregionalvm.com.ar\/noticias-villa-maria\/#\/schema\/person\/a0fb9c422317faca23d50163151bc354\",\"name\":\"Contenidos El Regional\",\"image\":{\"@type\":\"ImageObject\",\"inLanguage\":\"es\",\"@id\":\"http:\/\/elregionalvm.com.ar\/noticias-villa-maria\/#\/schema\/person\/image\/\",\"url\":\"https:\/\/secure.gravatar.com\/avatar\/265b27cb2209af7bb3a1318f03305787d7981a5cc6e6cd08fe5a4ecdf99d4b48?s=96&d=mm&r=g\",\"contentUrl\":\"https:\/\/secure.gravatar.com\/avatar\/265b27cb2209af7bb3a1318f03305787d7981a5cc6e6cd08fe5a4ecdf99d4b48?s=96&d=mm&r=g\",\"caption\":\"Contenidos El Regional\"},\"url\":\"https:\/\/elregionalvm.com.ar\/noticias-villa-maria\/author\/contenido\/\"}]}<\/script>\n<!-- \/ Yoast SEO plugin. -->","yoast_head_json":{"title":"Se present\u00f3 el Instituto Municipal de las Artes - El Regional","robots":{"index":"index","follow":"follow","max-snippet":"max-snippet:-1","max-image-preview":"max-image-preview:large","max-video-preview":"max-video-preview:-1"},"canonical":"https:\/\/elregionalvm.com.ar\/noticias-villa-maria\/se-presento-el-instituto-municipal-de-las-artes\/","og_locale":"es_ES","og_type":"article","og_title":"Se present\u00f3 el Instituto Municipal de las Artes - El Regional","og_description":"El intendente municipal Eduardo Accastello present\u00f3 el Instituto Municipal de las Artes, dependiente de la secretar\u00eda de Gobierno, Cultura y Relaciones Institucionales. La actividad tuvo lugar en el Sal\u00f3n Blanco del Palacio Municipal en una conferencia de prensa de la que tambi\u00e9n participaron el secretario de Gobierno, Cultura y Relaciones Institucionales, Marcos Bovo; la secretaria [&hellip;]","og_url":"https:\/\/elregionalvm.com.ar\/noticias-villa-maria\/se-presento-el-instituto-municipal-de-las-artes\/","og_site_name":"El Regional","article_publisher":"https:\/\/www.facebook.com\/elregionalvm","article_published_time":"2024-03-27T18:16:50+00:00","article_modified_time":"2024-03-27T18:16:51+00:00","og_image":[{"width":1600,"height":1066,"url":"https:\/\/elregionalvm.com.ar\/noticias-villa-maria\/wp-content\/uploads\/2024\/03\/WhatsApp-Image-2024-03-27-at-1.27.33-PM.jpeg","type":"image\/jpeg"}],"author":"Contenidos El Regional","twitter_card":"summary_large_image","twitter_creator":"@elregionalvm1","twitter_site":"@elregionalvm1","twitter_misc":{"Escrito por":"Contenidos El Regional","Tiempo de lectura":"4 minutos"},"schema":{"@context":"https:\/\/schema.org","@graph":[{"@type":"Article","@id":"https:\/\/elregionalvm.com.ar\/noticias-villa-maria\/se-presento-el-instituto-municipal-de-las-artes\/#article","isPartOf":{"@id":"https:\/\/elregionalvm.com.ar\/noticias-villa-maria\/se-presento-el-instituto-municipal-de-las-artes\/"},"author":{"name":"Contenidos El Regional","@id":"http:\/\/elregionalvm.com.ar\/noticias-villa-maria\/#\/schema\/person\/a0fb9c422317faca23d50163151bc354"},"headline":"Se present\u00f3 el Instituto Municipal de las Artes","datePublished":"2024-03-27T18:16:50+00:00","dateModified":"2024-03-27T18:16:51+00:00","mainEntityOfPage":{"@id":"https:\/\/elregionalvm.com.ar\/noticias-villa-maria\/se-presento-el-instituto-municipal-de-las-artes\/"},"wordCount":749,"commentCount":0,"image":{"@id":"https:\/\/elregionalvm.com.ar\/noticias-villa-maria\/se-presento-el-instituto-municipal-de-las-artes\/#primaryimage"},"thumbnailUrl":"https:\/\/i0.wp.com\/elregionalvm.com.ar\/noticias-villa-maria\/wp-content\/uploads\/2024\/03\/WhatsApp-Image-2024-03-27-at-1.27.33-PM.jpeg?fit=1600%2C1066&ssl=1","articleSection":["destacado","Sociedad","Villa Mar\u00eda"],"inLanguage":"es","potentialAction":[{"@type":"CommentAction","name":"Comment","target":["https:\/\/elregionalvm.com.ar\/noticias-villa-maria\/se-presento-el-instituto-municipal-de-las-artes\/#respond"]}]},{"@type":"WebPage","@id":"https:\/\/elregionalvm.com.ar\/noticias-villa-maria\/se-presento-el-instituto-municipal-de-las-artes\/","url":"https:\/\/elregionalvm.com.ar\/noticias-villa-maria\/se-presento-el-instituto-municipal-de-las-artes\/","name":"Se present\u00f3 el Instituto Municipal de las Artes - El Regional","isPartOf":{"@id":"http:\/\/elregionalvm.com.ar\/noticias-villa-maria\/#website"},"primaryImageOfPage":{"@id":"https:\/\/elregionalvm.com.ar\/noticias-villa-maria\/se-presento-el-instituto-municipal-de-las-artes\/#primaryimage"},"image":{"@id":"https:\/\/elregionalvm.com.ar\/noticias-villa-maria\/se-presento-el-instituto-municipal-de-las-artes\/#primaryimage"},"thumbnailUrl":"https:\/\/i0.wp.com\/elregionalvm.com.ar\/noticias-villa-maria\/wp-content\/uploads\/2024\/03\/WhatsApp-Image-2024-03-27-at-1.27.33-PM.jpeg?fit=1600%2C1066&ssl=1","datePublished":"2024-03-27T18:16:50+00:00","dateModified":"2024-03-27T18:16:51+00:00","author":{"@id":"http:\/\/elregionalvm.com.ar\/noticias-villa-maria\/#\/schema\/person\/a0fb9c422317faca23d50163151bc354"},"breadcrumb":{"@id":"https:\/\/elregionalvm.com.ar\/noticias-villa-maria\/se-presento-el-instituto-municipal-de-las-artes\/#breadcrumb"},"inLanguage":"es","potentialAction":[{"@type":"ReadAction","target":["https:\/\/elregionalvm.com.ar\/noticias-villa-maria\/se-presento-el-instituto-municipal-de-las-artes\/"]}]},{"@type":"ImageObject","inLanguage":"es","@id":"https:\/\/elregionalvm.com.ar\/noticias-villa-maria\/se-presento-el-instituto-municipal-de-las-artes\/#primaryimage","url":"https:\/\/i0.wp.com\/elregionalvm.com.ar\/noticias-villa-maria\/wp-content\/uploads\/2024\/03\/WhatsApp-Image-2024-03-27-at-1.27.33-PM.jpeg?fit=1600%2C1066&ssl=1","contentUrl":"https:\/\/i0.wp.com\/elregionalvm.com.ar\/noticias-villa-maria\/wp-content\/uploads\/2024\/03\/WhatsApp-Image-2024-03-27-at-1.27.33-PM.jpeg?fit=1600%2C1066&ssl=1","width":1600,"height":1066},{"@type":"BreadcrumbList","@id":"https:\/\/elregionalvm.com.ar\/noticias-villa-maria\/se-presento-el-instituto-municipal-de-las-artes\/#breadcrumb","itemListElement":[{"@type":"ListItem","position":1,"name":"Portada","item":"https:\/\/elregionalvm.com.ar\/noticias-villa-maria\/"},{"@type":"ListItem","position":2,"name":"Se present\u00f3 el Instituto Municipal de las Artes"}]},{"@type":"WebSite","@id":"http:\/\/elregionalvm.com.ar\/noticias-villa-maria\/#website","url":"http:\/\/elregionalvm.com.ar\/noticias-villa-maria\/","name":"El Regional","description":"Mucho m\u00e1s que informaci\u00f3n","potentialAction":[{"@type":"SearchAction","target":{"@type":"EntryPoint","urlTemplate":"http:\/\/elregionalvm.com.ar\/noticias-villa-maria\/?s={search_term_string}"},"query-input":{"@type":"PropertyValueSpecification","valueRequired":true,"valueName":"search_term_string"}}],"inLanguage":"es"},{"@type":"Person","@id":"http:\/\/elregionalvm.com.ar\/noticias-villa-maria\/#\/schema\/person\/a0fb9c422317faca23d50163151bc354","name":"Contenidos El Regional","image":{"@type":"ImageObject","inLanguage":"es","@id":"http:\/\/elregionalvm.com.ar\/noticias-villa-maria\/#\/schema\/person\/image\/","url":"https:\/\/secure.gravatar.com\/avatar\/265b27cb2209af7bb3a1318f03305787d7981a5cc6e6cd08fe5a4ecdf99d4b48?s=96&d=mm&r=g","contentUrl":"https:\/\/secure.gravatar.com\/avatar\/265b27cb2209af7bb3a1318f03305787d7981a5cc6e6cd08fe5a4ecdf99d4b48?s=96&d=mm&r=g","caption":"Contenidos El Regional"},"url":"https:\/\/elregionalvm.com.ar\/noticias-villa-maria\/author\/contenido\/"}]}},"jetpack_featured_media_url":"https:\/\/i0.wp.com\/elregionalvm.com.ar\/noticias-villa-maria\/wp-content\/uploads\/2024\/03\/WhatsApp-Image-2024-03-27-at-1.27.33-PM.jpeg?fit=1600%2C1066&ssl=1","jetpack_sharing_enabled":true,"_links":{"self":[{"href":"https:\/\/elregionalvm.com.ar\/noticias-villa-maria\/wp-json\/wp\/v2\/posts\/91844","targetHints":{"allow":["GET"]}}],"collection":[{"href":"https:\/\/elregionalvm.com.ar\/noticias-villa-maria\/wp-json\/wp\/v2\/posts"}],"about":[{"href":"https:\/\/elregionalvm.com.ar\/noticias-villa-maria\/wp-json\/wp\/v2\/types\/post"}],"author":[{"embeddable":true,"href":"https:\/\/elregionalvm.com.ar\/noticias-villa-maria\/wp-json\/wp\/v2\/users\/4"}],"replies":[{"embeddable":true,"href":"https:\/\/elregionalvm.com.ar\/noticias-villa-maria\/wp-json\/wp\/v2\/comments?post=91844"}],"version-history":[{"count":1,"href":"https:\/\/elregionalvm.com.ar\/noticias-villa-maria\/wp-json\/wp\/v2\/posts\/91844\/revisions"}],"predecessor-version":[{"id":91850,"href":"https:\/\/elregionalvm.com.ar\/noticias-villa-maria\/wp-json\/wp\/v2\/posts\/91844\/revisions\/91850"}],"wp:featuredmedia":[{"embeddable":true,"href":"https:\/\/elregionalvm.com.ar\/noticias-villa-maria\/wp-json\/wp\/v2\/media\/91847"}],"wp:attachment":[{"href":"https:\/\/elregionalvm.com.ar\/noticias-villa-maria\/wp-json\/wp\/v2\/media?parent=91844"}],"wp:term":[{"taxonomy":"category","embeddable":true,"href":"https:\/\/elregionalvm.com.ar\/noticias-villa-maria\/wp-json\/wp\/v2\/categories?post=91844"},{"taxonomy":"post_tag","embeddable":true,"href":"https:\/\/elregionalvm.com.ar\/noticias-villa-maria\/wp-json\/wp\/v2\/tags?post=91844"}],"curies":[{"name":"wp","href":"https:\/\/api.w.org\/{rel}","templated":true}]}}