{"id":91858,"date":"2024-03-27T19:05:56","date_gmt":"2024-03-27T19:05:56","guid":{"rendered":"https:\/\/elregionalvm.com.ar\/noticias-villa-maria\/?p=91858"},"modified":"2024-03-28T02:49:33","modified_gmt":"2024-03-28T02:49:33","slug":"fuerte-apoyo-de-llaryora-a-la-policia-de-cordoba-en-la-lucha-contra-la-delincuencia","status":"publish","type":"post","link":"https:\/\/elregionalvm.com.ar\/noticias-villa-maria\/fuerte-apoyo-de-llaryora-a-la-policia-de-cordoba-en-la-lucha-contra-la-delincuencia\/","title":{"rendered":"Fuerte apoyo de Llaryora a la Polic\u00eda de C\u00f3rdoba en la lucha contra la delincuencia"},"content":{"rendered":"\n<p>El gobernador Mart\u00edn Llaryora encabez\u00f3 el acto de entrega de certificados a m\u00e1s de 1.062 agentes de la Polic\u00eda de C\u00f3rdoba, egresados de la tercera cohorte de la Diplomatura en Derechos Humanos y Diversidad.<\/p>\n\n\n\n<figure class=\"wp-block-image size-full\"><img data-recalc-dims=\"1\" fetchpriority=\"high\" decoding=\"async\" width=\"990\" height=\"662\" src=\"https:\/\/i0.wp.com\/elregionalvm.com.ar\/noticias-villa-maria\/wp-content\/uploads\/2024\/03\/WhatsApp-Image-2024-03-27-at-09.46.20-1-1.jpg?resize=990%2C662&#038;ssl=1\" alt=\"\" class=\"wp-image-91869\" srcset=\"https:\/\/i0.wp.com\/elregionalvm.com.ar\/noticias-villa-maria\/wp-content\/uploads\/2024\/03\/WhatsApp-Image-2024-03-27-at-09.46.20-1-1.jpg?w=990&amp;ssl=1 990w, https:\/\/i0.wp.com\/elregionalvm.com.ar\/noticias-villa-maria\/wp-content\/uploads\/2024\/03\/WhatsApp-Image-2024-03-27-at-09.46.20-1-1.jpg?resize=300%2C201&amp;ssl=1 300w, https:\/\/i0.wp.com\/elregionalvm.com.ar\/noticias-villa-maria\/wp-content\/uploads\/2024\/03\/WhatsApp-Image-2024-03-27-at-09.46.20-1-1.jpg?resize=768%2C514&amp;ssl=1 768w\" sizes=\"(max-width: 990px) 100vw, 990px\" \/><\/figure>\n\n\n\n<p>Este trayecto formativo es dictado por la Universidad Provincial de C\u00f3rdoba (UPC), en conjunto con el Ministerio de Desarrollo Humano.<\/p>\n\n\n\n<p>El mandatario provincial, quien estuvo acompa\u00f1ado por la ministra de Desarrollo Humano, Liliana Montero; y sus pares de Seguridad, Juan Pablo Quinteros; y de Justicia y Trabajo, Juli\u00e1n L\u00f3pez; destac\u00f3 la tarea que realizan los agentes policiales d\u00eda a d\u00eda en la protecci\u00f3n de los cordobeses, a trav\u00e9s del mantenimiento del orden p\u00fablico y resalt\u00f3 la importancia que significa capacitarse en Derechos Humanos.<\/p>\n\n\n\n<p><em>\u00abEstoy aqu\u00ed al lado de ustedes, de nuestra fuerza policial que lucha contra la delincuencia, para felicitarlos por el compromiso que d\u00eda a d\u00eda ponen de manifiesto cuidando a los cordobeses, arriesgando su vida para proteger la de nuestros vecinos\u00bb,<\/em>&nbsp;se\u00f1al\u00f3 el gobernador.<\/p>\n\n\n\n<p>En su discurso, Llaryora inst\u00f3 a los agentes de la fuerza a\u00a0<em>\u00abactuar con integridad, profesionalismo y respeto hacia todos los individuos, sin importar su origen \u00e9tnico, religi\u00f3n, g\u00e9nero u orientaci\u00f3n sexual\u00bb.<\/em><\/p>\n\n\n\n<figure class=\"wp-block-image size-full\"><img data-recalc-dims=\"1\" decoding=\"async\" width=\"1024\" height=\"682\" src=\"https:\/\/i0.wp.com\/elregionalvm.com.ar\/noticias-villa-maria\/wp-content\/uploads\/2024\/03\/WhatsApp-Image-2024-03-27-at-09.46.19-1-1024x682-1.jpeg?resize=1024%2C682&#038;ssl=1\" alt=\"\" class=\"wp-image-91860\" srcset=\"https:\/\/i0.wp.com\/elregionalvm.com.ar\/noticias-villa-maria\/wp-content\/uploads\/2024\/03\/WhatsApp-Image-2024-03-27-at-09.46.19-1-1024x682-1.jpeg?w=1024&amp;ssl=1 1024w, https:\/\/i0.wp.com\/elregionalvm.com.ar\/noticias-villa-maria\/wp-content\/uploads\/2024\/03\/WhatsApp-Image-2024-03-27-at-09.46.19-1-1024x682-1.jpeg?resize=300%2C200&amp;ssl=1 300w, https:\/\/i0.wp.com\/elregionalvm.com.ar\/noticias-villa-maria\/wp-content\/uploads\/2024\/03\/WhatsApp-Image-2024-03-27-at-09.46.19-1-1024x682-1.jpeg?resize=768%2C512&amp;ssl=1 768w\" sizes=\"(max-width: 1000px) 100vw, 1000px\" \/><\/figure>\n\n\n\n<p>Para ello, indic\u00f3 el gobernador,&nbsp;<em>\u00abes muy importante la formaci\u00f3n en Derechos Humanos de nuestros agentes. Esta formaci\u00f3n, que debe ser continua, incluye aspectos esenciales en la vida y en la integridad f\u00edsica de las personas, el trato humano y digno, la prohibici\u00f3n de la tortura y cualquier trato inhumano y degradante contra terceros\u00bb.<\/em><\/p>\n\n\n\n<p><em>\u00abComo gobierno -continu\u00f3- nos comprometemos a fortalecer los programas de formaci\u00f3n dentro de nuestra fuerza policial, garantizando que cada agente est\u00e9 plenamente capacitado para proteger y respetar los derechos fundamentales de toda nuestra ciudadan\u00eda\u201d<\/em>.<\/p>\n\n\n\n<p>La ministra de Desarrollo Humano, Liliana Montero, rescat\u00f3 la presencia de Soledad Laciar, mam\u00e1 de Blas Correas, quien particip\u00f3 como asistente en el acto institucional que se llev\u00f3 a cabo en el Parque del Kempes.<\/p>\n\n\n\n<p>En este sentido, la funcionaria record\u00f3 que esta diplomatura incorpor\u00f3 el m\u00f3dulo de Violencia Institucional.&nbsp;<em>\u201cQue sean ustedes la primera cohorte de la fuerza policial, debe ser un lugar de orgullo, porque aportan un granito de arena para que la polic\u00eda de C\u00f3rdoba sea cada d\u00eda mejor\u201d<\/em>, agreg\u00f3 Montero.<\/p>\n\n\n\n<p>Por su parte, el ministro de Seguridad, Juan Pablo Quinteros puso a esta iniciativa en el marco de la decisi\u00f3n pol\u00edtica del gobierno provincial de \u201c<em>avanzar hacia una fuerza policial comprometida, emp\u00e1tica, cerca del vecino, profesional y b\u00e1sicamente apegada a la ley\u201d.<\/em><\/p>\n\n\n\n<p>Como m\u00e1xima autoridad de la casa de estudios provincial, la rectora de la Universidad Provincial de C\u00f3rdoba, Julia Oliva Cuneo, subray\u00f3:&nbsp;<em>\u201cEsta diplomatura en DD.&nbsp;HH. es una propuesta de formaci\u00f3n continua porque es cada vez m\u00e1s necesaria la construcci\u00f3n con una perspectiva humanista y acompa\u00f1ando buenas pr\u00e1cticas de los servidores p\u00fablicos\u201d.<\/em><\/p>\n\n\n\n<p>Durante la ceremonia, que se desarroll\u00f3 en el marco de la Semana de la Memoria, recibieron tambi\u00e9n m\u00e1s de 600 civiles su certificado por cursar la asignatura.<\/p>\n\n\n\n<p>El gobernador tambi\u00e9n estuvo acompa\u00f1ado por la secretar\u00eda de Derechos Humanos, Tamara Pez; el jefe de la Polic\u00eda de C\u00f3rdoba, Leonardo Guti\u00e9rrez; y el viceintendente de la Municipalidad de C\u00f3rdoba, Javier Pretto.<\/p>\n\n\n\n<p><strong>Tercera cohorte<\/strong><\/p>\n\n\n\n<p>En esta tercera cohorte, a diferencia de las dos anteriores, se dio cumplimiento a una instrucci\u00f3n del entonces gobernador Juan Schiaretti para hacer obligatoria la profundizaci\u00f3n en la formaci\u00f3n en Derechos Humanos para determinadas jerarqu\u00edas de la Polic\u00eda de la Provincia de C\u00f3rdoba.<\/p>\n\n\n\n<p>En el a\u00f1o 2020, se firm\u00f3 la resoluci\u00f3n para la creaci\u00f3n de la Escuela de Derechos Humanos, con el objetivo de generar un espacio p\u00fablico y gratuito de formaci\u00f3n que contribuya a formaci\u00f3n acad\u00e9mica, reflexi\u00f3n, la difusi\u00f3n y respeto de los derechos humanos.<\/p>\n\n\n\n<p>Cont\u00f3 con el apoyo fundamental de la Universidad Provincial de C\u00f3rdoba, que en las diferentes gestiones sostuvo su compromiso y participaci\u00f3n para impartir estos contenidos con perspectiva de derechos humanos e incidencia en las pol\u00edticas p\u00fablicas.<\/p>\n\n\n\n<p>El equipo docente estuvo integrado por: Lucas Crisafulli, Laura Villa, Celeste Giacchetta, Juan Jos\u00e9 Castellano, Pablo Reyna, Janneth Clavijo, Miriam Abascal y Paula Rubiolo.<\/p>\n\n\n\n<p>Al ser una pol\u00edtica p\u00fablica, desde el ministerio de Desarrollo Humano se inform\u00f3 que pr\u00f3ximamente se abrir\u00e1 la inscripci\u00f3n para la cuarta edici\u00f3n de esta Diplomatura en DD.&nbsp;HH.<\/p>\n","protected":false},"excerpt":{"rendered":"<p>El gobernador Mart\u00edn Llaryora encabez\u00f3 el acto de entrega de certificados a m\u00e1s de 1.062 agentes de la Polic\u00eda de C\u00f3rdoba, egresados de la tercera cohorte de la Diplomatura en Derechos Humanos y Diversidad. Este trayecto formativo es dictado por la Universidad Provincial de C\u00f3rdoba (UPC), en conjunto con el Ministerio de Desarrollo Humano. El [&hellip;]<\/p>\n","protected":false},"author":4,"featured_media":91861,"comment_status":"open","ping_status":"open","sticky":false,"template":"","format":"standard","meta":{"site-sidebar-layout":"default","site-content-layout":"","ast-site-content-layout":"default","site-content-style":"default","site-sidebar-style":"default","ast-global-header-display":"","ast-banner-title-visibility":"","ast-main-header-display":"","ast-hfb-above-header-display":"","ast-hfb-below-header-display":"","ast-hfb-mobile-header-display":"","site-post-title":"","ast-breadcrumbs-content":"","ast-featured-img":"","footer-sml-layout":"","ast-disable-related-posts":"","theme-transparent-header-meta":"","adv-header-id-meta":"","stick-header-meta":"","header-above-stick-meta":"","header-main-stick-meta":"","header-below-stick-meta":"","astra-migrate-meta-layouts":"set","ast-page-background-enabled":"default","ast-page-background-meta":{"desktop":{"background-color":"","background-image":"","background-repeat":"repeat","background-position":"center center","background-size":"auto","background-attachment":"scroll","background-type":"","background-media":"","overlay-type":"","overlay-color":"","overlay-opacity":"","overlay-gradient":""},"tablet":{"background-color":"","background-image":"","background-repeat":"repeat","background-position":"center center","background-size":"auto","background-attachment":"scroll","background-type":"","background-media":"","overlay-type":"","overlay-color":"","overlay-opacity":"","overlay-gradient":""},"mobile":{"background-color":"","background-image":"","background-repeat":"repeat","background-position":"center center","background-size":"auto","background-attachment":"scroll","background-type":"","background-media":"","overlay-type":"","overlay-color":"","overlay-opacity":"","overlay-gradient":""}},"ast-content-background-meta":{"desktop":{"background-color":"var(--ast-global-color-5)","background-image":"","background-repeat":"repeat","background-position":"center center","background-size":"auto","background-attachment":"scroll","background-type":"","background-media":"","overlay-type":"","overlay-color":"","overlay-opacity":"","overlay-gradient":""},"tablet":{"background-color":"var(--ast-global-color-5)","background-image":"","background-repeat":"repeat","background-position":"center center","background-size":"auto","background-attachment":"scroll","background-type":"","background-media":"","overlay-type":"","overlay-color":"","overlay-opacity":"","overlay-gradient":""},"mobile":{"background-color":"var(--ast-global-color-5)","background-image":"","background-repeat":"repeat","background-position":"center center","background-size":"auto","background-attachment":"scroll","background-type":"","background-media":"","overlay-type":"","overlay-color":"","overlay-opacity":"","overlay-gradient":""}},"_jetpack_memberships_contains_paid_content":false,"_joinchat":[],"footnotes":""},"categories":[16095,1,5],"tags":[],"class_list":["post-91858","post","type-post","status-publish","format-standard","has-post-thumbnail","hentry","category-provinciales","category-sin-categoria","category-sociedad"],"yoast_head":"<!-- This site is optimized with the Yoast SEO plugin v26.8 - https:\/\/yoast.com\/product\/yoast-seo-wordpress\/ -->\n<title>Fuerte apoyo de Llaryora a la Polic\u00eda de C\u00f3rdoba en la lucha contra la delincuencia - El Regional<\/title>\n<meta name=\"robots\" content=\"index, follow, max-snippet:-1, max-image-preview:large, max-video-preview:-1\" \/>\n<link rel=\"canonical\" href=\"https:\/\/elregionalvm.com.ar\/noticias-villa-maria\/fuerte-apoyo-de-llaryora-a-la-policia-de-cordoba-en-la-lucha-contra-la-delincuencia\/\" \/>\n<meta property=\"og:locale\" content=\"es_ES\" \/>\n<meta property=\"og:type\" content=\"article\" \/>\n<meta property=\"og:title\" content=\"Fuerte apoyo de Llaryora a la Polic\u00eda de C\u00f3rdoba en la lucha contra la delincuencia - El Regional\" \/>\n<meta property=\"og:description\" content=\"El gobernador Mart\u00edn Llaryora encabez\u00f3 el acto de entrega de certificados a m\u00e1s de 1.062 agentes de la Polic\u00eda de C\u00f3rdoba, egresados de la tercera cohorte de la Diplomatura en Derechos Humanos y Diversidad. Este trayecto formativo es dictado por la Universidad Provincial de C\u00f3rdoba (UPC), en conjunto con el Ministerio de Desarrollo Humano. El [&hellip;]\" \/>\n<meta property=\"og:url\" content=\"https:\/\/elregionalvm.com.ar\/noticias-villa-maria\/fuerte-apoyo-de-llaryora-a-la-policia-de-cordoba-en-la-lucha-contra-la-delincuencia\/\" \/>\n<meta property=\"og:site_name\" content=\"El Regional\" \/>\n<meta property=\"article:publisher\" content=\"https:\/\/www.facebook.com\/elregionalvm\" \/>\n<meta property=\"article:published_time\" content=\"2024-03-27T19:05:56+00:00\" \/>\n<meta property=\"article:modified_time\" content=\"2024-03-28T02:49:33+00:00\" \/>\n<meta property=\"og:image\" content=\"https:\/\/elregionalvm.com.ar\/noticias-villa-maria\/wp-content\/uploads\/2024\/03\/WhatsApp-Image-2024-03-27-at-09.46.19.jpeg\" \/>\n\t<meta property=\"og:image:width\" content=\"1600\" \/>\n\t<meta property=\"og:image:height\" content=\"1066\" \/>\n\t<meta property=\"og:image:type\" content=\"image\/jpeg\" \/>\n<meta name=\"author\" content=\"Contenidos El Regional\" \/>\n<meta name=\"twitter:card\" content=\"summary_large_image\" \/>\n<meta name=\"twitter:creator\" content=\"@elregionalvm1\" \/>\n<meta name=\"twitter:site\" content=\"@elregionalvm1\" \/>\n<meta name=\"twitter:label1\" content=\"Escrito por\" \/>\n\t<meta name=\"twitter:data1\" content=\"Contenidos El Regional\" \/>\n\t<meta name=\"twitter:label2\" content=\"Tiempo de lectura\" \/>\n\t<meta name=\"twitter:data2\" content=\"4 minutos\" \/>\n<script type=\"application\/ld+json\" class=\"yoast-schema-graph\">{\"@context\":\"https:\/\/schema.org\",\"@graph\":[{\"@type\":\"Article\",\"@id\":\"https:\/\/elregionalvm.com.ar\/noticias-villa-maria\/fuerte-apoyo-de-llaryora-a-la-policia-de-cordoba-en-la-lucha-contra-la-delincuencia\/#article\",\"isPartOf\":{\"@id\":\"https:\/\/elregionalvm.com.ar\/noticias-villa-maria\/fuerte-apoyo-de-llaryora-a-la-policia-de-cordoba-en-la-lucha-contra-la-delincuencia\/\"},\"author\":{\"name\":\"Contenidos El Regional\",\"@id\":\"http:\/\/elregionalvm.com.ar\/noticias-villa-maria\/#\/schema\/person\/a0fb9c422317faca23d50163151bc354\"},\"headline\":\"Fuerte apoyo de Llaryora a la Polic\u00eda de C\u00f3rdoba en la lucha contra la delincuencia\",\"datePublished\":\"2024-03-27T19:05:56+00:00\",\"dateModified\":\"2024-03-28T02:49:33+00:00\",\"mainEntityOfPage\":{\"@id\":\"https:\/\/elregionalvm.com.ar\/noticias-villa-maria\/fuerte-apoyo-de-llaryora-a-la-policia-de-cordoba-en-la-lucha-contra-la-delincuencia\/\"},\"wordCount\":789,\"commentCount\":0,\"image\":{\"@id\":\"https:\/\/elregionalvm.com.ar\/noticias-villa-maria\/fuerte-apoyo-de-llaryora-a-la-policia-de-cordoba-en-la-lucha-contra-la-delincuencia\/#primaryimage\"},\"thumbnailUrl\":\"https:\/\/i0.wp.com\/elregionalvm.com.ar\/noticias-villa-maria\/wp-content\/uploads\/2024\/03\/WhatsApp-Image-2024-03-27-at-09.46.19.jpeg?fit=1600%2C1066&ssl=1\",\"articleSection\":{\"0\":\"Provinciales\",\"2\":\"Sociedad\"},\"inLanguage\":\"es\",\"potentialAction\":[{\"@type\":\"CommentAction\",\"name\":\"Comment\",\"target\":[\"https:\/\/elregionalvm.com.ar\/noticias-villa-maria\/fuerte-apoyo-de-llaryora-a-la-policia-de-cordoba-en-la-lucha-contra-la-delincuencia\/#respond\"]}]},{\"@type\":\"WebPage\",\"@id\":\"https:\/\/elregionalvm.com.ar\/noticias-villa-maria\/fuerte-apoyo-de-llaryora-a-la-policia-de-cordoba-en-la-lucha-contra-la-delincuencia\/\",\"url\":\"https:\/\/elregionalvm.com.ar\/noticias-villa-maria\/fuerte-apoyo-de-llaryora-a-la-policia-de-cordoba-en-la-lucha-contra-la-delincuencia\/\",\"name\":\"Fuerte apoyo de Llaryora a la Polic\u00eda de C\u00f3rdoba en la lucha contra la delincuencia - El Regional\",\"isPartOf\":{\"@id\":\"http:\/\/elregionalvm.com.ar\/noticias-villa-maria\/#website\"},\"primaryImageOfPage\":{\"@id\":\"https:\/\/elregionalvm.com.ar\/noticias-villa-maria\/fuerte-apoyo-de-llaryora-a-la-policia-de-cordoba-en-la-lucha-contra-la-delincuencia\/#primaryimage\"},\"image\":{\"@id\":\"https:\/\/elregionalvm.com.ar\/noticias-villa-maria\/fuerte-apoyo-de-llaryora-a-la-policia-de-cordoba-en-la-lucha-contra-la-delincuencia\/#primaryimage\"},\"thumbnailUrl\":\"https:\/\/i0.wp.com\/elregionalvm.com.ar\/noticias-villa-maria\/wp-content\/uploads\/2024\/03\/WhatsApp-Image-2024-03-27-at-09.46.19.jpeg?fit=1600%2C1066&ssl=1\",\"datePublished\":\"2024-03-27T19:05:56+00:00\",\"dateModified\":\"2024-03-28T02:49:33+00:00\",\"author\":{\"@id\":\"http:\/\/elregionalvm.com.ar\/noticias-villa-maria\/#\/schema\/person\/a0fb9c422317faca23d50163151bc354\"},\"breadcrumb\":{\"@id\":\"https:\/\/elregionalvm.com.ar\/noticias-villa-maria\/fuerte-apoyo-de-llaryora-a-la-policia-de-cordoba-en-la-lucha-contra-la-delincuencia\/#breadcrumb\"},\"inLanguage\":\"es\",\"potentialAction\":[{\"@type\":\"ReadAction\",\"target\":[\"https:\/\/elregionalvm.com.ar\/noticias-villa-maria\/fuerte-apoyo-de-llaryora-a-la-policia-de-cordoba-en-la-lucha-contra-la-delincuencia\/\"]}]},{\"@type\":\"ImageObject\",\"inLanguage\":\"es\",\"@id\":\"https:\/\/elregionalvm.com.ar\/noticias-villa-maria\/fuerte-apoyo-de-llaryora-a-la-policia-de-cordoba-en-la-lucha-contra-la-delincuencia\/#primaryimage\",\"url\":\"https:\/\/i0.wp.com\/elregionalvm.com.ar\/noticias-villa-maria\/wp-content\/uploads\/2024\/03\/WhatsApp-Image-2024-03-27-at-09.46.19.jpeg?fit=1600%2C1066&ssl=1\",\"contentUrl\":\"https:\/\/i0.wp.com\/elregionalvm.com.ar\/noticias-villa-maria\/wp-content\/uploads\/2024\/03\/WhatsApp-Image-2024-03-27-at-09.46.19.jpeg?fit=1600%2C1066&ssl=1\",\"width\":1600,\"height\":1066},{\"@type\":\"BreadcrumbList\",\"@id\":\"https:\/\/elregionalvm.com.ar\/noticias-villa-maria\/fuerte-apoyo-de-llaryora-a-la-policia-de-cordoba-en-la-lucha-contra-la-delincuencia\/#breadcrumb\",\"itemListElement\":[{\"@type\":\"ListItem\",\"position\":1,\"name\":\"Portada\",\"item\":\"https:\/\/elregionalvm.com.ar\/noticias-villa-maria\/\"},{\"@type\":\"ListItem\",\"position\":2,\"name\":\"Fuerte apoyo de Llaryora a la Polic\u00eda de C\u00f3rdoba en la lucha contra la delincuencia\"}]},{\"@type\":\"WebSite\",\"@id\":\"http:\/\/elregionalvm.com.ar\/noticias-villa-maria\/#website\",\"url\":\"http:\/\/elregionalvm.com.ar\/noticias-villa-maria\/\",\"name\":\"El Regional\",\"description\":\"Mucho m\u00e1s que informaci\u00f3n\",\"potentialAction\":[{\"@type\":\"SearchAction\",\"target\":{\"@type\":\"EntryPoint\",\"urlTemplate\":\"http:\/\/elregionalvm.com.ar\/noticias-villa-maria\/?s={search_term_string}\"},\"query-input\":{\"@type\":\"PropertyValueSpecification\",\"valueRequired\":true,\"valueName\":\"search_term_string\"}}],\"inLanguage\":\"es\"},{\"@type\":\"Person\",\"@id\":\"http:\/\/elregionalvm.com.ar\/noticias-villa-maria\/#\/schema\/person\/a0fb9c422317faca23d50163151bc354\",\"name\":\"Contenidos El Regional\",\"image\":{\"@type\":\"ImageObject\",\"inLanguage\":\"es\",\"@id\":\"http:\/\/elregionalvm.com.ar\/noticias-villa-maria\/#\/schema\/person\/image\/\",\"url\":\"https:\/\/secure.gravatar.com\/avatar\/265b27cb2209af7bb3a1318f03305787d7981a5cc6e6cd08fe5a4ecdf99d4b48?s=96&d=mm&r=g\",\"contentUrl\":\"https:\/\/secure.gravatar.com\/avatar\/265b27cb2209af7bb3a1318f03305787d7981a5cc6e6cd08fe5a4ecdf99d4b48?s=96&d=mm&r=g\",\"caption\":\"Contenidos El Regional\"},\"url\":\"https:\/\/elregionalvm.com.ar\/noticias-villa-maria\/author\/contenido\/\"}]}<\/script>\n<!-- \/ Yoast SEO plugin. -->","yoast_head_json":{"title":"Fuerte apoyo de Llaryora a la Polic\u00eda de C\u00f3rdoba en la lucha contra la delincuencia - El Regional","robots":{"index":"index","follow":"follow","max-snippet":"max-snippet:-1","max-image-preview":"max-image-preview:large","max-video-preview":"max-video-preview:-1"},"canonical":"https:\/\/elregionalvm.com.ar\/noticias-villa-maria\/fuerte-apoyo-de-llaryora-a-la-policia-de-cordoba-en-la-lucha-contra-la-delincuencia\/","og_locale":"es_ES","og_type":"article","og_title":"Fuerte apoyo de Llaryora a la Polic\u00eda de C\u00f3rdoba en la lucha contra la delincuencia - El Regional","og_description":"El gobernador Mart\u00edn Llaryora encabez\u00f3 el acto de entrega de certificados a m\u00e1s de 1.062 agentes de la Polic\u00eda de C\u00f3rdoba, egresados de la tercera cohorte de la Diplomatura en Derechos Humanos y Diversidad. Este trayecto formativo es dictado por la Universidad Provincial de C\u00f3rdoba (UPC), en conjunto con el Ministerio de Desarrollo Humano. El [&hellip;]","og_url":"https:\/\/elregionalvm.com.ar\/noticias-villa-maria\/fuerte-apoyo-de-llaryora-a-la-policia-de-cordoba-en-la-lucha-contra-la-delincuencia\/","og_site_name":"El Regional","article_publisher":"https:\/\/www.facebook.com\/elregionalvm","article_published_time":"2024-03-27T19:05:56+00:00","article_modified_time":"2024-03-28T02:49:33+00:00","og_image":[{"width":1600,"height":1066,"url":"https:\/\/elregionalvm.com.ar\/noticias-villa-maria\/wp-content\/uploads\/2024\/03\/WhatsApp-Image-2024-03-27-at-09.46.19.jpeg","type":"image\/jpeg"}],"author":"Contenidos El Regional","twitter_card":"summary_large_image","twitter_creator":"@elregionalvm1","twitter_site":"@elregionalvm1","twitter_misc":{"Escrito por":"Contenidos El Regional","Tiempo de lectura":"4 minutos"},"schema":{"@context":"https:\/\/schema.org","@graph":[{"@type":"Article","@id":"https:\/\/elregionalvm.com.ar\/noticias-villa-maria\/fuerte-apoyo-de-llaryora-a-la-policia-de-cordoba-en-la-lucha-contra-la-delincuencia\/#article","isPartOf":{"@id":"https:\/\/elregionalvm.com.ar\/noticias-villa-maria\/fuerte-apoyo-de-llaryora-a-la-policia-de-cordoba-en-la-lucha-contra-la-delincuencia\/"},"author":{"name":"Contenidos El Regional","@id":"http:\/\/elregionalvm.com.ar\/noticias-villa-maria\/#\/schema\/person\/a0fb9c422317faca23d50163151bc354"},"headline":"Fuerte apoyo de Llaryora a la Polic\u00eda de C\u00f3rdoba en la lucha contra la delincuencia","datePublished":"2024-03-27T19:05:56+00:00","dateModified":"2024-03-28T02:49:33+00:00","mainEntityOfPage":{"@id":"https:\/\/elregionalvm.com.ar\/noticias-villa-maria\/fuerte-apoyo-de-llaryora-a-la-policia-de-cordoba-en-la-lucha-contra-la-delincuencia\/"},"wordCount":789,"commentCount":0,"image":{"@id":"https:\/\/elregionalvm.com.ar\/noticias-villa-maria\/fuerte-apoyo-de-llaryora-a-la-policia-de-cordoba-en-la-lucha-contra-la-delincuencia\/#primaryimage"},"thumbnailUrl":"https:\/\/i0.wp.com\/elregionalvm.com.ar\/noticias-villa-maria\/wp-content\/uploads\/2024\/03\/WhatsApp-Image-2024-03-27-at-09.46.19.jpeg?fit=1600%2C1066&ssl=1","articleSection":{"0":"Provinciales","2":"Sociedad"},"inLanguage":"es","potentialAction":[{"@type":"CommentAction","name":"Comment","target":["https:\/\/elregionalvm.com.ar\/noticias-villa-maria\/fuerte-apoyo-de-llaryora-a-la-policia-de-cordoba-en-la-lucha-contra-la-delincuencia\/#respond"]}]},{"@type":"WebPage","@id":"https:\/\/elregionalvm.com.ar\/noticias-villa-maria\/fuerte-apoyo-de-llaryora-a-la-policia-de-cordoba-en-la-lucha-contra-la-delincuencia\/","url":"https:\/\/elregionalvm.com.ar\/noticias-villa-maria\/fuerte-apoyo-de-llaryora-a-la-policia-de-cordoba-en-la-lucha-contra-la-delincuencia\/","name":"Fuerte apoyo de Llaryora a la Polic\u00eda de C\u00f3rdoba en la lucha contra la delincuencia - El Regional","isPartOf":{"@id":"http:\/\/elregionalvm.com.ar\/noticias-villa-maria\/#website"},"primaryImageOfPage":{"@id":"https:\/\/elregionalvm.com.ar\/noticias-villa-maria\/fuerte-apoyo-de-llaryora-a-la-policia-de-cordoba-en-la-lucha-contra-la-delincuencia\/#primaryimage"},"image":{"@id":"https:\/\/elregionalvm.com.ar\/noticias-villa-maria\/fuerte-apoyo-de-llaryora-a-la-policia-de-cordoba-en-la-lucha-contra-la-delincuencia\/#primaryimage"},"thumbnailUrl":"https:\/\/i0.wp.com\/elregionalvm.com.ar\/noticias-villa-maria\/wp-content\/uploads\/2024\/03\/WhatsApp-Image-2024-03-27-at-09.46.19.jpeg?fit=1600%2C1066&ssl=1","datePublished":"2024-03-27T19:05:56+00:00","dateModified":"2024-03-28T02:49:33+00:00","author":{"@id":"http:\/\/elregionalvm.com.ar\/noticias-villa-maria\/#\/schema\/person\/a0fb9c422317faca23d50163151bc354"},"breadcrumb":{"@id":"https:\/\/elregionalvm.com.ar\/noticias-villa-maria\/fuerte-apoyo-de-llaryora-a-la-policia-de-cordoba-en-la-lucha-contra-la-delincuencia\/#breadcrumb"},"inLanguage":"es","potentialAction":[{"@type":"ReadAction","target":["https:\/\/elregionalvm.com.ar\/noticias-villa-maria\/fuerte-apoyo-de-llaryora-a-la-policia-de-cordoba-en-la-lucha-contra-la-delincuencia\/"]}]},{"@type":"ImageObject","inLanguage":"es","@id":"https:\/\/elregionalvm.com.ar\/noticias-villa-maria\/fuerte-apoyo-de-llaryora-a-la-policia-de-cordoba-en-la-lucha-contra-la-delincuencia\/#primaryimage","url":"https:\/\/i0.wp.com\/elregionalvm.com.ar\/noticias-villa-maria\/wp-content\/uploads\/2024\/03\/WhatsApp-Image-2024-03-27-at-09.46.19.jpeg?fit=1600%2C1066&ssl=1","contentUrl":"https:\/\/i0.wp.com\/elregionalvm.com.ar\/noticias-villa-maria\/wp-content\/uploads\/2024\/03\/WhatsApp-Image-2024-03-27-at-09.46.19.jpeg?fit=1600%2C1066&ssl=1","width":1600,"height":1066},{"@type":"BreadcrumbList","@id":"https:\/\/elregionalvm.com.ar\/noticias-villa-maria\/fuerte-apoyo-de-llaryora-a-la-policia-de-cordoba-en-la-lucha-contra-la-delincuencia\/#breadcrumb","itemListElement":[{"@type":"ListItem","position":1,"name":"Portada","item":"https:\/\/elregionalvm.com.ar\/noticias-villa-maria\/"},{"@type":"ListItem","position":2,"name":"Fuerte apoyo de Llaryora a la Polic\u00eda de C\u00f3rdoba en la lucha contra la delincuencia"}]},{"@type":"WebSite","@id":"http:\/\/elregionalvm.com.ar\/noticias-villa-maria\/#website","url":"http:\/\/elregionalvm.com.ar\/noticias-villa-maria\/","name":"El Regional","description":"Mucho m\u00e1s que informaci\u00f3n","potentialAction":[{"@type":"SearchAction","target":{"@type":"EntryPoint","urlTemplate":"http:\/\/elregionalvm.com.ar\/noticias-villa-maria\/?s={search_term_string}"},"query-input":{"@type":"PropertyValueSpecification","valueRequired":true,"valueName":"search_term_string"}}],"inLanguage":"es"},{"@type":"Person","@id":"http:\/\/elregionalvm.com.ar\/noticias-villa-maria\/#\/schema\/person\/a0fb9c422317faca23d50163151bc354","name":"Contenidos El Regional","image":{"@type":"ImageObject","inLanguage":"es","@id":"http:\/\/elregionalvm.com.ar\/noticias-villa-maria\/#\/schema\/person\/image\/","url":"https:\/\/secure.gravatar.com\/avatar\/265b27cb2209af7bb3a1318f03305787d7981a5cc6e6cd08fe5a4ecdf99d4b48?s=96&d=mm&r=g","contentUrl":"https:\/\/secure.gravatar.com\/avatar\/265b27cb2209af7bb3a1318f03305787d7981a5cc6e6cd08fe5a4ecdf99d4b48?s=96&d=mm&r=g","caption":"Contenidos El Regional"},"url":"https:\/\/elregionalvm.com.ar\/noticias-villa-maria\/author\/contenido\/"}]}},"jetpack_featured_media_url":"https:\/\/i0.wp.com\/elregionalvm.com.ar\/noticias-villa-maria\/wp-content\/uploads\/2024\/03\/WhatsApp-Image-2024-03-27-at-09.46.19.jpeg?fit=1600%2C1066&ssl=1","jetpack_sharing_enabled":true,"_links":{"self":[{"href":"https:\/\/elregionalvm.com.ar\/noticias-villa-maria\/wp-json\/wp\/v2\/posts\/91858","targetHints":{"allow":["GET"]}}],"collection":[{"href":"https:\/\/elregionalvm.com.ar\/noticias-villa-maria\/wp-json\/wp\/v2\/posts"}],"about":[{"href":"https:\/\/elregionalvm.com.ar\/noticias-villa-maria\/wp-json\/wp\/v2\/types\/post"}],"author":[{"embeddable":true,"href":"https:\/\/elregionalvm.com.ar\/noticias-villa-maria\/wp-json\/wp\/v2\/users\/4"}],"replies":[{"embeddable":true,"href":"https:\/\/elregionalvm.com.ar\/noticias-villa-maria\/wp-json\/wp\/v2\/comments?post=91858"}],"version-history":[{"count":1,"href":"https:\/\/elregionalvm.com.ar\/noticias-villa-maria\/wp-json\/wp\/v2\/posts\/91858\/revisions"}],"predecessor-version":[{"id":91870,"href":"https:\/\/elregionalvm.com.ar\/noticias-villa-maria\/wp-json\/wp\/v2\/posts\/91858\/revisions\/91870"}],"wp:featuredmedia":[{"embeddable":true,"href":"https:\/\/elregionalvm.com.ar\/noticias-villa-maria\/wp-json\/wp\/v2\/media\/91861"}],"wp:attachment":[{"href":"https:\/\/elregionalvm.com.ar\/noticias-villa-maria\/wp-json\/wp\/v2\/media?parent=91858"}],"wp:term":[{"taxonomy":"category","embeddable":true,"href":"https:\/\/elregionalvm.com.ar\/noticias-villa-maria\/wp-json\/wp\/v2\/categories?post=91858"},{"taxonomy":"post_tag","embeddable":true,"href":"https:\/\/elregionalvm.com.ar\/noticias-villa-maria\/wp-json\/wp\/v2\/tags?post=91858"}],"curies":[{"name":"wp","href":"https:\/\/api.w.org\/{rel}","templated":true}]}}