{"id":91862,"date":"2024-03-27T18:38:06","date_gmt":"2024-03-27T18:38:06","guid":{"rendered":"https:\/\/elregionalvm.com.ar\/noticias-villa-maria\/?p=91862"},"modified":"2024-03-27T18:38:07","modified_gmt":"2024-03-27T18:38:07","slug":"polemica-quitaron-un-monumento-de-madres-de-plaza-de-mayo-en-marcos-juarez","status":"publish","type":"post","link":"https:\/\/elregionalvm.com.ar\/noticias-villa-maria\/polemica-quitaron-un-monumento-de-madres-de-plaza-de-mayo-en-marcos-juarez\/","title":{"rendered":"[Pol\u00e9mica] Quitaron un monumento de Madres de Plaza de Mayo en Marcos Ju\u00e1rez"},"content":{"rendered":"\n<p><\/p>\n\n\n\n<p>La Municipalidad de Marcos Ju\u00e1rez orden\u00f3 quitar un monumento de Madres y Abuelas de Plaza de Mayo, instalado en un espacio p\u00fablico conocido como Paseo de los Escritores.<\/p>\n\n\n\n<p>La \u200b\u200bestructura de hormig\u00f3n, que representaba el ic\u00f3nico pa\u00f1uelo blanco, hab\u00eda sido ubicada la semana pasada, en la previa al 24 de marzo.<\/p>\n\n\n\n<p><\/p>\n\n\n\n<figure class=\"wp-block-image size-large\"><img data-recalc-dims=\"1\" fetchpriority=\"high\" decoding=\"async\" width=\"1024\" height=\"570\" src=\"https:\/\/i0.wp.com\/elregionalvm.com.ar\/noticias-villa-maria\/wp-content\/uploads\/2024\/03\/Marcos-Juarez-monumento-madres-plaza-mayo.jpg?resize=1024%2C570&#038;ssl=1\" alt=\"\" class=\"wp-image-91865\" srcset=\"https:\/\/i0.wp.com\/elregionalvm.com.ar\/noticias-villa-maria\/wp-content\/uploads\/2024\/03\/Marcos-Juarez-monumento-madres-plaza-mayo.jpg?resize=1024%2C570&amp;ssl=1 1024w, https:\/\/i0.wp.com\/elregionalvm.com.ar\/noticias-villa-maria\/wp-content\/uploads\/2024\/03\/Marcos-Juarez-monumento-madres-plaza-mayo.jpg?resize=300%2C167&amp;ssl=1 300w, https:\/\/i0.wp.com\/elregionalvm.com.ar\/noticias-villa-maria\/wp-content\/uploads\/2024\/03\/Marcos-Juarez-monumento-madres-plaza-mayo.jpg?resize=768%2C427&amp;ssl=1 768w, https:\/\/i0.wp.com\/elregionalvm.com.ar\/noticias-villa-maria\/wp-content\/uploads\/2024\/03\/Marcos-Juarez-monumento-madres-plaza-mayo.jpg?w=1195&amp;ssl=1 1195w\" sizes=\"(max-width: 1000px) 100vw, 1000px\" \/><\/figure>\n\n\n\n<p><\/p>\n\n\n\n<p>Sin embargo, apenas 48 horas despu\u00e9s de los actos conmemorativos la intendenta Sara Majorel decidi\u00f3 quitarla.<\/p>\n\n\n\n<p>El presidente del Concejo Deliberante, Javier Barletta, dijo a medios locales que la obra fue colocada por los artistas sin los permisos correspondientes.<\/p>\n\n\n\n<p>Por otro lado, trascendi\u00f3 que los impulsores de esta iniciativa pertenecen a una agrupaci\u00f3n cercana a Madres de Plaza de Mayo y no participaron de los actos conmemorativos oficiales organizados por el municipio.<\/p>\n","protected":false},"excerpt":{"rendered":"<p>La Municipalidad de Marcos Ju\u00e1rez orden\u00f3 quitar un monumento de Madres y Abuelas de Plaza de Mayo, instalado en un espacio p\u00fablico conocido como Paseo de los Escritores. La \u200b\u200bestructura de hormig\u00f3n, que representaba el ic\u00f3nico pa\u00f1uelo blanco, hab\u00eda sido ubicada la semana pasada, en la previa al 24 de marzo. Sin embargo, apenas 48 [&hellip;]<\/p>\n","protected":false},"author":6,"featured_media":91864,"comment_status":"open","ping_status":"open","sticky":false,"template":"","format":"standard","meta":{"site-sidebar-layout":"default","site-content-layout":"","ast-site-content-layout":"default","site-content-style":"default","site-sidebar-style":"default","ast-global-header-display":"","ast-banner-title-visibility":"","ast-main-header-display":"","ast-hfb-above-header-display":"","ast-hfb-below-header-display":"","ast-hfb-mobile-header-display":"","site-post-title":"","ast-breadcrumbs-content":"","ast-featured-img":"","footer-sml-layout":"","ast-disable-related-posts":"","theme-transparent-header-meta":"","adv-header-id-meta":"","stick-header-meta":"","header-above-stick-meta":"","header-main-stick-meta":"","header-below-stick-meta":"","astra-migrate-meta-layouts":"set","ast-page-background-enabled":"default","ast-page-background-meta":{"desktop":{"background-color":"","background-image":"","background-repeat":"repeat","background-position":"center center","background-size":"auto","background-attachment":"scroll","background-type":"","background-media":"","overlay-type":"","overlay-color":"","overlay-opacity":"","overlay-gradient":""},"tablet":{"background-color":"","background-image":"","background-repeat":"repeat","background-position":"center center","background-size":"auto","background-attachment":"scroll","background-type":"","background-media":"","overlay-type":"","overlay-color":"","overlay-opacity":"","overlay-gradient":""},"mobile":{"background-color":"","background-image":"","background-repeat":"repeat","background-position":"center center","background-size":"auto","background-attachment":"scroll","background-type":"","background-media":"","overlay-type":"","overlay-color":"","overlay-opacity":"","overlay-gradient":""}},"ast-content-background-meta":{"desktop":{"background-color":"var(--ast-global-color-5)","background-image":"","background-repeat":"repeat","background-position":"center center","background-size":"auto","background-attachment":"scroll","background-type":"","background-media":"","overlay-type":"","overlay-color":"","overlay-opacity":"","overlay-gradient":""},"tablet":{"background-color":"var(--ast-global-color-5)","background-image":"","background-repeat":"repeat","background-position":"center center","background-size":"auto","background-attachment":"scroll","background-type":"","background-media":"","overlay-type":"","overlay-color":"","overlay-opacity":"","overlay-gradient":""},"mobile":{"background-color":"var(--ast-global-color-5)","background-image":"","background-repeat":"repeat","background-position":"center center","background-size":"auto","background-attachment":"scroll","background-type":"","background-media":"","overlay-type":"","overlay-color":"","overlay-opacity":"","overlay-gradient":""}},"_jetpack_memberships_contains_paid_content":false,"_joinchat":[],"footnotes":""},"categories":[15302,2091],"tags":[258,6334,19867,2370,4194,2416],"class_list":["post-91862","post","type-post","status-publish","format-standard","has-post-thumbnail","hentry","category-destacado","category-region","tag-24-de-marzo","tag-destruccion","tag-madres-de-plaza-de-mayo","tag-marcos-juarez-2","tag-monumento","tag-polemica"],"yoast_head":"<!-- This site is optimized with the Yoast SEO plugin v26.8 - https:\/\/yoast.com\/product\/yoast-seo-wordpress\/ -->\n<title>[Pol\u00e9mica] Quitaron un monumento de Madres de Plaza de Mayo en Marcos Ju\u00e1rez - El Regional<\/title>\n<meta name=\"robots\" content=\"index, follow, max-snippet:-1, max-image-preview:large, max-video-preview:-1\" \/>\n<link rel=\"canonical\" href=\"https:\/\/elregionalvm.com.ar\/noticias-villa-maria\/polemica-quitaron-un-monumento-de-madres-de-plaza-de-mayo-en-marcos-juarez\/\" \/>\n<meta property=\"og:locale\" content=\"es_ES\" \/>\n<meta property=\"og:type\" content=\"article\" \/>\n<meta property=\"og:title\" content=\"[Pol\u00e9mica] Quitaron un monumento de Madres de Plaza de Mayo en Marcos Ju\u00e1rez - El Regional\" \/>\n<meta property=\"og:description\" content=\"La Municipalidad de Marcos Ju\u00e1rez orden\u00f3 quitar un monumento de Madres y Abuelas de Plaza de Mayo, instalado en un espacio p\u00fablico conocido como Paseo de los Escritores. La \u200b\u200bestructura de hormig\u00f3n, que representaba el ic\u00f3nico pa\u00f1uelo blanco, hab\u00eda sido ubicada la semana pasada, en la previa al 24 de marzo. Sin embargo, apenas 48 [&hellip;]\" \/>\n<meta property=\"og:url\" content=\"https:\/\/elregionalvm.com.ar\/noticias-villa-maria\/polemica-quitaron-un-monumento-de-madres-de-plaza-de-mayo-en-marcos-juarez\/\" \/>\n<meta property=\"og:site_name\" content=\"El Regional\" \/>\n<meta property=\"article:publisher\" content=\"https:\/\/www.facebook.com\/elregionalvm\" \/>\n<meta property=\"article:published_time\" content=\"2024-03-27T18:38:06+00:00\" \/>\n<meta property=\"article:modified_time\" content=\"2024-03-27T18:38:07+00:00\" \/>\n<meta property=\"og:image\" content=\"https:\/\/elregionalvm.com.ar\/noticias-villa-maria\/wp-content\/uploads\/2024\/03\/Monumento-madres-Marcos-Juarez.jpg\" \/>\n\t<meta property=\"og:image:width\" content=\"1300\" \/>\n\t<meta property=\"og:image:height\" content=\"867\" \/>\n\t<meta property=\"og:image:type\" content=\"image\/jpeg\" \/>\n<meta name=\"author\" content=\"Germ\u00e1n Giacchero\" \/>\n<meta name=\"twitter:card\" content=\"summary_large_image\" \/>\n<meta name=\"twitter:creator\" content=\"@elregionalvm1\" \/>\n<meta name=\"twitter:site\" content=\"@elregionalvm1\" \/>\n<meta name=\"twitter:label1\" content=\"Escrito por\" \/>\n\t<meta name=\"twitter:data1\" content=\"Germ\u00e1n Giacchero\" \/>\n\t<meta name=\"twitter:label2\" content=\"Tiempo de lectura\" \/>\n\t<meta name=\"twitter:data2\" content=\"1 minuto\" \/>\n<script type=\"application\/ld+json\" class=\"yoast-schema-graph\">{\"@context\":\"https:\/\/schema.org\",\"@graph\":[{\"@type\":\"Article\",\"@id\":\"https:\/\/elregionalvm.com.ar\/noticias-villa-maria\/polemica-quitaron-un-monumento-de-madres-de-plaza-de-mayo-en-marcos-juarez\/#article\",\"isPartOf\":{\"@id\":\"https:\/\/elregionalvm.com.ar\/noticias-villa-maria\/polemica-quitaron-un-monumento-de-madres-de-plaza-de-mayo-en-marcos-juarez\/\"},\"author\":{\"name\":\"Germ\u00e1n Giacchero\",\"@id\":\"http:\/\/elregionalvm.com.ar\/noticias-villa-maria\/#\/schema\/person\/d5e4b04966154131701e52c45d3efec9\"},\"headline\":\"[Pol\u00e9mica] Quitaron un monumento de Madres de Plaza de Mayo en Marcos Ju\u00e1rez\",\"datePublished\":\"2024-03-27T18:38:06+00:00\",\"dateModified\":\"2024-03-27T18:38:07+00:00\",\"mainEntityOfPage\":{\"@id\":\"https:\/\/elregionalvm.com.ar\/noticias-villa-maria\/polemica-quitaron-un-monumento-de-madres-de-plaza-de-mayo-en-marcos-juarez\/\"},\"wordCount\":144,\"commentCount\":0,\"image\":{\"@id\":\"https:\/\/elregionalvm.com.ar\/noticias-villa-maria\/polemica-quitaron-un-monumento-de-madres-de-plaza-de-mayo-en-marcos-juarez\/#primaryimage\"},\"thumbnailUrl\":\"https:\/\/i0.wp.com\/elregionalvm.com.ar\/noticias-villa-maria\/wp-content\/uploads\/2024\/03\/Monumento-madres-Marcos-Juarez.jpg?fit=1300%2C867&ssl=1\",\"keywords\":[\"24 de marzo\",\"destrucci\u00f3n\",\"Madres de Plaza de Mayo\",\"Marcos Ju\u00e1rez\",\"Monumento\",\"pol\u00e9mica\"],\"articleSection\":[\"destacado\",\"Regi\u00f3n\"],\"inLanguage\":\"es\",\"potentialAction\":[{\"@type\":\"CommentAction\",\"name\":\"Comment\",\"target\":[\"https:\/\/elregionalvm.com.ar\/noticias-villa-maria\/polemica-quitaron-un-monumento-de-madres-de-plaza-de-mayo-en-marcos-juarez\/#respond\"]}]},{\"@type\":\"WebPage\",\"@id\":\"https:\/\/elregionalvm.com.ar\/noticias-villa-maria\/polemica-quitaron-un-monumento-de-madres-de-plaza-de-mayo-en-marcos-juarez\/\",\"url\":\"https:\/\/elregionalvm.com.ar\/noticias-villa-maria\/polemica-quitaron-un-monumento-de-madres-de-plaza-de-mayo-en-marcos-juarez\/\",\"name\":\"[Pol\u00e9mica] Quitaron un monumento de Madres de Plaza de Mayo en Marcos Ju\u00e1rez - El Regional\",\"isPartOf\":{\"@id\":\"http:\/\/elregionalvm.com.ar\/noticias-villa-maria\/#website\"},\"primaryImageOfPage\":{\"@id\":\"https:\/\/elregionalvm.com.ar\/noticias-villa-maria\/polemica-quitaron-un-monumento-de-madres-de-plaza-de-mayo-en-marcos-juarez\/#primaryimage\"},\"image\":{\"@id\":\"https:\/\/elregionalvm.com.ar\/noticias-villa-maria\/polemica-quitaron-un-monumento-de-madres-de-plaza-de-mayo-en-marcos-juarez\/#primaryimage\"},\"thumbnailUrl\":\"https:\/\/i0.wp.com\/elregionalvm.com.ar\/noticias-villa-maria\/wp-content\/uploads\/2024\/03\/Monumento-madres-Marcos-Juarez.jpg?fit=1300%2C867&ssl=1\",\"datePublished\":\"2024-03-27T18:38:06+00:00\",\"dateModified\":\"2024-03-27T18:38:07+00:00\",\"author\":{\"@id\":\"http:\/\/elregionalvm.com.ar\/noticias-villa-maria\/#\/schema\/person\/d5e4b04966154131701e52c45d3efec9\"},\"breadcrumb\":{\"@id\":\"https:\/\/elregionalvm.com.ar\/noticias-villa-maria\/polemica-quitaron-un-monumento-de-madres-de-plaza-de-mayo-en-marcos-juarez\/#breadcrumb\"},\"inLanguage\":\"es\",\"potentialAction\":[{\"@type\":\"ReadAction\",\"target\":[\"https:\/\/elregionalvm.com.ar\/noticias-villa-maria\/polemica-quitaron-un-monumento-de-madres-de-plaza-de-mayo-en-marcos-juarez\/\"]}]},{\"@type\":\"ImageObject\",\"inLanguage\":\"es\",\"@id\":\"https:\/\/elregionalvm.com.ar\/noticias-villa-maria\/polemica-quitaron-un-monumento-de-madres-de-plaza-de-mayo-en-marcos-juarez\/#primaryimage\",\"url\":\"https:\/\/i0.wp.com\/elregionalvm.com.ar\/noticias-villa-maria\/wp-content\/uploads\/2024\/03\/Monumento-madres-Marcos-Juarez.jpg?fit=1300%2C867&ssl=1\",\"contentUrl\":\"https:\/\/i0.wp.com\/elregionalvm.com.ar\/noticias-villa-maria\/wp-content\/uploads\/2024\/03\/Monumento-madres-Marcos-Juarez.jpg?fit=1300%2C867&ssl=1\",\"width\":1300,\"height\":867},{\"@type\":\"BreadcrumbList\",\"@id\":\"https:\/\/elregionalvm.com.ar\/noticias-villa-maria\/polemica-quitaron-un-monumento-de-madres-de-plaza-de-mayo-en-marcos-juarez\/#breadcrumb\",\"itemListElement\":[{\"@type\":\"ListItem\",\"position\":1,\"name\":\"Portada\",\"item\":\"https:\/\/elregionalvm.com.ar\/noticias-villa-maria\/\"},{\"@type\":\"ListItem\",\"position\":2,\"name\":\"[Pol\u00e9mica] Quitaron un monumento de Madres de Plaza de Mayo en Marcos Ju\u00e1rez\"}]},{\"@type\":\"WebSite\",\"@id\":\"http:\/\/elregionalvm.com.ar\/noticias-villa-maria\/#website\",\"url\":\"http:\/\/elregionalvm.com.ar\/noticias-villa-maria\/\",\"name\":\"El Regional\",\"description\":\"Mucho m\u00e1s que informaci\u00f3n\",\"potentialAction\":[{\"@type\":\"SearchAction\",\"target\":{\"@type\":\"EntryPoint\",\"urlTemplate\":\"http:\/\/elregionalvm.com.ar\/noticias-villa-maria\/?s={search_term_string}\"},\"query-input\":{\"@type\":\"PropertyValueSpecification\",\"valueRequired\":true,\"valueName\":\"search_term_string\"}}],\"inLanguage\":\"es\"},{\"@type\":\"Person\",\"@id\":\"http:\/\/elregionalvm.com.ar\/noticias-villa-maria\/#\/schema\/person\/d5e4b04966154131701e52c45d3efec9\",\"name\":\"Germ\u00e1n Giacchero\",\"image\":{\"@type\":\"ImageObject\",\"inLanguage\":\"es\",\"@id\":\"http:\/\/elregionalvm.com.ar\/noticias-villa-maria\/#\/schema\/person\/image\/\",\"url\":\"https:\/\/secure.gravatar.com\/avatar\/fda163ba5ef0307ee5be9846e10f83b6e83d0cfb260d3b2464830318894c6b04?s=96&d=mm&r=g\",\"contentUrl\":\"https:\/\/secure.gravatar.com\/avatar\/fda163ba5ef0307ee5be9846e10f83b6e83d0cfb260d3b2464830318894c6b04?s=96&d=mm&r=g\",\"caption\":\"Germ\u00e1n Giacchero\"},\"url\":\"https:\/\/elregionalvm.com.ar\/noticias-villa-maria\/author\/germangiacchero\/\"}]}<\/script>\n<!-- \/ Yoast SEO plugin. -->","yoast_head_json":{"title":"[Pol\u00e9mica] Quitaron un monumento de Madres de Plaza de Mayo en Marcos Ju\u00e1rez - El Regional","robots":{"index":"index","follow":"follow","max-snippet":"max-snippet:-1","max-image-preview":"max-image-preview:large","max-video-preview":"max-video-preview:-1"},"canonical":"https:\/\/elregionalvm.com.ar\/noticias-villa-maria\/polemica-quitaron-un-monumento-de-madres-de-plaza-de-mayo-en-marcos-juarez\/","og_locale":"es_ES","og_type":"article","og_title":"[Pol\u00e9mica] Quitaron un monumento de Madres de Plaza de Mayo en Marcos Ju\u00e1rez - El Regional","og_description":"La Municipalidad de Marcos Ju\u00e1rez orden\u00f3 quitar un monumento de Madres y Abuelas de Plaza de Mayo, instalado en un espacio p\u00fablico conocido como Paseo de los Escritores. La \u200b\u200bestructura de hormig\u00f3n, que representaba el ic\u00f3nico pa\u00f1uelo blanco, hab\u00eda sido ubicada la semana pasada, en la previa al 24 de marzo. Sin embargo, apenas 48 [&hellip;]","og_url":"https:\/\/elregionalvm.com.ar\/noticias-villa-maria\/polemica-quitaron-un-monumento-de-madres-de-plaza-de-mayo-en-marcos-juarez\/","og_site_name":"El Regional","article_publisher":"https:\/\/www.facebook.com\/elregionalvm","article_published_time":"2024-03-27T18:38:06+00:00","article_modified_time":"2024-03-27T18:38:07+00:00","og_image":[{"width":1300,"height":867,"url":"https:\/\/elregionalvm.com.ar\/noticias-villa-maria\/wp-content\/uploads\/2024\/03\/Monumento-madres-Marcos-Juarez.jpg","type":"image\/jpeg"}],"author":"Germ\u00e1n Giacchero","twitter_card":"summary_large_image","twitter_creator":"@elregionalvm1","twitter_site":"@elregionalvm1","twitter_misc":{"Escrito por":"Germ\u00e1n Giacchero","Tiempo de lectura":"1 minuto"},"schema":{"@context":"https:\/\/schema.org","@graph":[{"@type":"Article","@id":"https:\/\/elregionalvm.com.ar\/noticias-villa-maria\/polemica-quitaron-un-monumento-de-madres-de-plaza-de-mayo-en-marcos-juarez\/#article","isPartOf":{"@id":"https:\/\/elregionalvm.com.ar\/noticias-villa-maria\/polemica-quitaron-un-monumento-de-madres-de-plaza-de-mayo-en-marcos-juarez\/"},"author":{"name":"Germ\u00e1n Giacchero","@id":"http:\/\/elregionalvm.com.ar\/noticias-villa-maria\/#\/schema\/person\/d5e4b04966154131701e52c45d3efec9"},"headline":"[Pol\u00e9mica] Quitaron un monumento de Madres de Plaza de Mayo en Marcos Ju\u00e1rez","datePublished":"2024-03-27T18:38:06+00:00","dateModified":"2024-03-27T18:38:07+00:00","mainEntityOfPage":{"@id":"https:\/\/elregionalvm.com.ar\/noticias-villa-maria\/polemica-quitaron-un-monumento-de-madres-de-plaza-de-mayo-en-marcos-juarez\/"},"wordCount":144,"commentCount":0,"image":{"@id":"https:\/\/elregionalvm.com.ar\/noticias-villa-maria\/polemica-quitaron-un-monumento-de-madres-de-plaza-de-mayo-en-marcos-juarez\/#primaryimage"},"thumbnailUrl":"https:\/\/i0.wp.com\/elregionalvm.com.ar\/noticias-villa-maria\/wp-content\/uploads\/2024\/03\/Monumento-madres-Marcos-Juarez.jpg?fit=1300%2C867&ssl=1","keywords":["24 de marzo","destrucci\u00f3n","Madres de Plaza de Mayo","Marcos Ju\u00e1rez","Monumento","pol\u00e9mica"],"articleSection":["destacado","Regi\u00f3n"],"inLanguage":"es","potentialAction":[{"@type":"CommentAction","name":"Comment","target":["https:\/\/elregionalvm.com.ar\/noticias-villa-maria\/polemica-quitaron-un-monumento-de-madres-de-plaza-de-mayo-en-marcos-juarez\/#respond"]}]},{"@type":"WebPage","@id":"https:\/\/elregionalvm.com.ar\/noticias-villa-maria\/polemica-quitaron-un-monumento-de-madres-de-plaza-de-mayo-en-marcos-juarez\/","url":"https:\/\/elregionalvm.com.ar\/noticias-villa-maria\/polemica-quitaron-un-monumento-de-madres-de-plaza-de-mayo-en-marcos-juarez\/","name":"[Pol\u00e9mica] Quitaron un monumento de Madres de Plaza de Mayo en Marcos Ju\u00e1rez - El Regional","isPartOf":{"@id":"http:\/\/elregionalvm.com.ar\/noticias-villa-maria\/#website"},"primaryImageOfPage":{"@id":"https:\/\/elregionalvm.com.ar\/noticias-villa-maria\/polemica-quitaron-un-monumento-de-madres-de-plaza-de-mayo-en-marcos-juarez\/#primaryimage"},"image":{"@id":"https:\/\/elregionalvm.com.ar\/noticias-villa-maria\/polemica-quitaron-un-monumento-de-madres-de-plaza-de-mayo-en-marcos-juarez\/#primaryimage"},"thumbnailUrl":"https:\/\/i0.wp.com\/elregionalvm.com.ar\/noticias-villa-maria\/wp-content\/uploads\/2024\/03\/Monumento-madres-Marcos-Juarez.jpg?fit=1300%2C867&ssl=1","datePublished":"2024-03-27T18:38:06+00:00","dateModified":"2024-03-27T18:38:07+00:00","author":{"@id":"http:\/\/elregionalvm.com.ar\/noticias-villa-maria\/#\/schema\/person\/d5e4b04966154131701e52c45d3efec9"},"breadcrumb":{"@id":"https:\/\/elregionalvm.com.ar\/noticias-villa-maria\/polemica-quitaron-un-monumento-de-madres-de-plaza-de-mayo-en-marcos-juarez\/#breadcrumb"},"inLanguage":"es","potentialAction":[{"@type":"ReadAction","target":["https:\/\/elregionalvm.com.ar\/noticias-villa-maria\/polemica-quitaron-un-monumento-de-madres-de-plaza-de-mayo-en-marcos-juarez\/"]}]},{"@type":"ImageObject","inLanguage":"es","@id":"https:\/\/elregionalvm.com.ar\/noticias-villa-maria\/polemica-quitaron-un-monumento-de-madres-de-plaza-de-mayo-en-marcos-juarez\/#primaryimage","url":"https:\/\/i0.wp.com\/elregionalvm.com.ar\/noticias-villa-maria\/wp-content\/uploads\/2024\/03\/Monumento-madres-Marcos-Juarez.jpg?fit=1300%2C867&ssl=1","contentUrl":"https:\/\/i0.wp.com\/elregionalvm.com.ar\/noticias-villa-maria\/wp-content\/uploads\/2024\/03\/Monumento-madres-Marcos-Juarez.jpg?fit=1300%2C867&ssl=1","width":1300,"height":867},{"@type":"BreadcrumbList","@id":"https:\/\/elregionalvm.com.ar\/noticias-villa-maria\/polemica-quitaron-un-monumento-de-madres-de-plaza-de-mayo-en-marcos-juarez\/#breadcrumb","itemListElement":[{"@type":"ListItem","position":1,"name":"Portada","item":"https:\/\/elregionalvm.com.ar\/noticias-villa-maria\/"},{"@type":"ListItem","position":2,"name":"[Pol\u00e9mica] Quitaron un monumento de Madres de Plaza de Mayo en Marcos Ju\u00e1rez"}]},{"@type":"WebSite","@id":"http:\/\/elregionalvm.com.ar\/noticias-villa-maria\/#website","url":"http:\/\/elregionalvm.com.ar\/noticias-villa-maria\/","name":"El Regional","description":"Mucho m\u00e1s que informaci\u00f3n","potentialAction":[{"@type":"SearchAction","target":{"@type":"EntryPoint","urlTemplate":"http:\/\/elregionalvm.com.ar\/noticias-villa-maria\/?s={search_term_string}"},"query-input":{"@type":"PropertyValueSpecification","valueRequired":true,"valueName":"search_term_string"}}],"inLanguage":"es"},{"@type":"Person","@id":"http:\/\/elregionalvm.com.ar\/noticias-villa-maria\/#\/schema\/person\/d5e4b04966154131701e52c45d3efec9","name":"Germ\u00e1n Giacchero","image":{"@type":"ImageObject","inLanguage":"es","@id":"http:\/\/elregionalvm.com.ar\/noticias-villa-maria\/#\/schema\/person\/image\/","url":"https:\/\/secure.gravatar.com\/avatar\/fda163ba5ef0307ee5be9846e10f83b6e83d0cfb260d3b2464830318894c6b04?s=96&d=mm&r=g","contentUrl":"https:\/\/secure.gravatar.com\/avatar\/fda163ba5ef0307ee5be9846e10f83b6e83d0cfb260d3b2464830318894c6b04?s=96&d=mm&r=g","caption":"Germ\u00e1n Giacchero"},"url":"https:\/\/elregionalvm.com.ar\/noticias-villa-maria\/author\/germangiacchero\/"}]}},"jetpack_featured_media_url":"https:\/\/i0.wp.com\/elregionalvm.com.ar\/noticias-villa-maria\/wp-content\/uploads\/2024\/03\/Monumento-madres-Marcos-Juarez.jpg?fit=1300%2C867&ssl=1","jetpack_sharing_enabled":true,"_links":{"self":[{"href":"https:\/\/elregionalvm.com.ar\/noticias-villa-maria\/wp-json\/wp\/v2\/posts\/91862","targetHints":{"allow":["GET"]}}],"collection":[{"href":"https:\/\/elregionalvm.com.ar\/noticias-villa-maria\/wp-json\/wp\/v2\/posts"}],"about":[{"href":"https:\/\/elregionalvm.com.ar\/noticias-villa-maria\/wp-json\/wp\/v2\/types\/post"}],"author":[{"embeddable":true,"href":"https:\/\/elregionalvm.com.ar\/noticias-villa-maria\/wp-json\/wp\/v2\/users\/6"}],"replies":[{"embeddable":true,"href":"https:\/\/elregionalvm.com.ar\/noticias-villa-maria\/wp-json\/wp\/v2\/comments?post=91862"}],"version-history":[{"count":2,"href":"https:\/\/elregionalvm.com.ar\/noticias-villa-maria\/wp-json\/wp\/v2\/posts\/91862\/revisions"}],"predecessor-version":[{"id":91866,"href":"https:\/\/elregionalvm.com.ar\/noticias-villa-maria\/wp-json\/wp\/v2\/posts\/91862\/revisions\/91866"}],"wp:featuredmedia":[{"embeddable":true,"href":"https:\/\/elregionalvm.com.ar\/noticias-villa-maria\/wp-json\/wp\/v2\/media\/91864"}],"wp:attachment":[{"href":"https:\/\/elregionalvm.com.ar\/noticias-villa-maria\/wp-json\/wp\/v2\/media?parent=91862"}],"wp:term":[{"taxonomy":"category","embeddable":true,"href":"https:\/\/elregionalvm.com.ar\/noticias-villa-maria\/wp-json\/wp\/v2\/categories?post=91862"},{"taxonomy":"post_tag","embeddable":true,"href":"https:\/\/elregionalvm.com.ar\/noticias-villa-maria\/wp-json\/wp\/v2\/tags?post=91862"}],"curies":[{"name":"wp","href":"https:\/\/api.w.org\/{rel}","templated":true}]}}