{"id":91871,"date":"2024-03-27T19:08:27","date_gmt":"2024-03-27T19:08:27","guid":{"rendered":"https:\/\/elregionalvm.com.ar\/noticias-villa-maria\/?p=91871"},"modified":"2024-03-27T19:08:28","modified_gmt":"2024-03-27T19:08:28","slug":"dictaran-la-primera-diplomatura-de-habla-hispana-sobre-enfermedad-cardiovascular-en-la-mujer","status":"publish","type":"post","link":"https:\/\/elregionalvm.com.ar\/noticias-villa-maria\/dictaran-la-primera-diplomatura-de-habla-hispana-sobre-enfermedad-cardiovascular-en-la-mujer\/","title":{"rendered":"Dictar\u00e1n la primera Diplomatura de habla hispana sobre enfermedad cardiovascular en la mujer"},"content":{"rendered":"\n<p>Desde el Instituto A.P. de Ciencias Humanas de la Universidad Nacional de Villa Mar\u00eda (UNVM), en conjunto con la Federaci\u00f3n Argentina de Cardiolog\u00eda y la Asociaci\u00f3n Nacional de Cardi\u00f3logos de M\u00e9xico, se present\u00f3 la Diplomatura Superior Universitaria en Enfermedad Cardiovascular en la Mujer, que Inicia en en modalidad a distancia. Las inscricpiones se encuentran abiertas.<\/p>\n\n\n\n<figure class=\"wp-block-image size-large\"><img data-recalc-dims=\"1\" fetchpriority=\"high\" decoding=\"async\" width=\"1024\" height=\"682\" src=\"https:\/\/i0.wp.com\/elregionalvm.com.ar\/noticias-villa-maria\/wp-content\/uploads\/2024\/03\/WhatsApp-Image-2024-03-27-at-3.53.23-PM.jpeg?resize=1024%2C682&#038;ssl=1\" alt=\"\" class=\"wp-image-91873\" srcset=\"https:\/\/i0.wp.com\/elregionalvm.com.ar\/noticias-villa-maria\/wp-content\/uploads\/2024\/03\/WhatsApp-Image-2024-03-27-at-3.53.23-PM.jpeg?resize=1024%2C682&amp;ssl=1 1024w, https:\/\/i0.wp.com\/elregionalvm.com.ar\/noticias-villa-maria\/wp-content\/uploads\/2024\/03\/WhatsApp-Image-2024-03-27-at-3.53.23-PM.jpeg?resize=300%2C200&amp;ssl=1 300w, https:\/\/i0.wp.com\/elregionalvm.com.ar\/noticias-villa-maria\/wp-content\/uploads\/2024\/03\/WhatsApp-Image-2024-03-27-at-3.53.23-PM.jpeg?resize=768%2C512&amp;ssl=1 768w, https:\/\/i0.wp.com\/elregionalvm.com.ar\/noticias-villa-maria\/wp-content\/uploads\/2024\/03\/WhatsApp-Image-2024-03-27-at-3.53.23-PM.jpeg?resize=1536%2C1023&amp;ssl=1 1536w, https:\/\/i0.wp.com\/elregionalvm.com.ar\/noticias-villa-maria\/wp-content\/uploads\/2024\/03\/WhatsApp-Image-2024-03-27-at-3.53.23-PM.jpeg?w=1600&amp;ssl=1 1600w\" sizes=\"(max-width: 1000px) 100vw, 1000px\" \/><\/figure>\n\n\n\n<p>Existe una necesidad de trasmitir a la comunidad m\u00e9dica en general y a otros profesionales de la salud, informaci\u00f3n actualizada acerca de la importancia que tiene la enfermedad cardiovascular (ECV) en la mujer, lo que conducir\u00e1, en \u00faltima instancia a realizar un mejor reconocimiento y atenci\u00f3n m\u00e9dica de la misma, mejorando la salud y calidad de vida en la mujer.<\/p>\n\n\n\n<p>En este sentido la Diplomatura tiene el objetivo de actualizar los conocimientos necesarios y mejorar las competencias profesionales del m\u00e9dico participante, para realizar una correcta estratificaci\u00f3n de riesgo, as\u00ed como un diagn\u00f3stico oportuno y manejo \u00f3ptimo de las enfermedades cardiovasculares en la mujer, que permita subsecuentemente contribuir a la disminuci\u00f3n de la morbi-mortalidad.<\/p>\n\n\n\n<p>Esta formaci\u00f3n es la primera de habla hispana de su tipo en abordar la enfermedad cardiovascular en la mujer y su equipo docente est\u00e1 compuesto por referentes en la materia de todo el contienente americano y de Espa\u00f1a. La misma est\u00e1 destinada a profesionales de la medicina y de ciencias de la salud.<\/p>\n\n\n\n<p>Participaron de la presentaci\u00f3n el rector de la UNVM Luis Negretti, el presidente de la Asociaci\u00f3n Nacional de Cardi\u00f3logos de M\u00e9xico arturo Guerra L\u00f3pez, el presidente de la Federaci\u00f3n Argentina de Cardiolog\u00eda Gerardo Zapata, el secretario Acad\u00e9mico Javier D\u00edaz Araujo, la decana del IAPCH Daniela Dubois, la secretaria de Vinculaci\u00f3n Humanas Cristina Siragusa, la secretaria Acad\u00e9mica Humanas Silvia Paredes, el secretario de Investigaci\u00f3n Humanas Jorge Anunziata, la directora de la carrera de Medicina Gloria Vadori y la co-directora de la diplomatura en cuesti\u00f3n Mildren del Sueldo.<\/p>\n\n\n\n<figure class=\"wp-block-image size-large\"><img data-recalc-dims=\"1\" decoding=\"async\" width=\"1024\" height=\"682\" src=\"https:\/\/i0.wp.com\/elregionalvm.com.ar\/noticias-villa-maria\/wp-content\/uploads\/2024\/03\/WhatsApp-Image-2024-03-27-at-3.53.23-PM-1.jpeg?resize=1024%2C682&#038;ssl=1\" alt=\"\" class=\"wp-image-91872\" srcset=\"https:\/\/i0.wp.com\/elregionalvm.com.ar\/noticias-villa-maria\/wp-content\/uploads\/2024\/03\/WhatsApp-Image-2024-03-27-at-3.53.23-PM-1.jpeg?resize=1024%2C682&amp;ssl=1 1024w, https:\/\/i0.wp.com\/elregionalvm.com.ar\/noticias-villa-maria\/wp-content\/uploads\/2024\/03\/WhatsApp-Image-2024-03-27-at-3.53.23-PM-1.jpeg?resize=300%2C200&amp;ssl=1 300w, https:\/\/i0.wp.com\/elregionalvm.com.ar\/noticias-villa-maria\/wp-content\/uploads\/2024\/03\/WhatsApp-Image-2024-03-27-at-3.53.23-PM-1.jpeg?resize=768%2C512&amp;ssl=1 768w, https:\/\/i0.wp.com\/elregionalvm.com.ar\/noticias-villa-maria\/wp-content\/uploads\/2024\/03\/WhatsApp-Image-2024-03-27-at-3.53.23-PM-1.jpeg?resize=1536%2C1023&amp;ssl=1 1536w, https:\/\/i0.wp.com\/elregionalvm.com.ar\/noticias-villa-maria\/wp-content\/uploads\/2024\/03\/WhatsApp-Image-2024-03-27-at-3.53.23-PM-1.jpeg?w=1600&amp;ssl=1 1600w\" sizes=\"(max-width: 1000px) 100vw, 1000px\" \/><\/figure>\n\n\n\n<p>La decana de Humanas, Daniela Dubois expres\u00f3:\u00bbEs un orgullo para nuestro Instituto, siendo del interior del interior del pa\u00eds contar con esta formaci\u00f3n de caracter internacional y en conjunto con federaciones y asociaciones de tanto prestigio como lo son las de cardiolog\u00eda de nuestro pa\u00eds y de M\u00e9xico, respectivamente\u00bb y agreg\u00f3: \u00abEs una propuesta viene a saldar un espacio de formaci\u00f3n para cardiologos y cardiologas de dentro como de fuera del pa\u00eds que cuenta con m\u00f3dulos de posgrado\u00bb.<\/p>\n\n\n\n<p>Por su parte, el presidente de la Federaci\u00f3n Argentina de Cardiolog\u00eda Gerardo Zapata coment\u00f3: \u00abEsta diplomatura encuentra su valor en que la enfermedad cardiovascular es la primera causa de muerte en todo el mundo, con m\u00e1s de 20 millones de muertes por a\u00f1o, lo que representa un tercio de todas las muertes en total\u00bb y continu\u00f3: \u00abEs un honor estar junto a estas organizaciones emprendiendo este gran desaf\u00edo que no tengo ninguna duda de que ser\u00e1 un \u00e9xito\u00bb.&nbsp;<\/p>\n\n\n\n<p>Por \u00faltimo, la doctora Mildren del Sueldo afirm\u00f3:\u00bbLa formaci\u00f3n brindar\u00e1 los contenidos sobre todo lo que un profesional de la salud tiene que saber la enfermedad cardiovascular en la mujer desde epidemiolog\u00eda, formas de presentaci\u00f3n, factores de riesgo de la mujer, que son \u00fanicos y que muchos profesionales no los tienen en cuenta a la hora de clasificar el riesgo de esa persona y para actuar en consecuencia\u00bb y concluy\u00f3: \u00abAdem\u00e1s tendremos un m\u00f3dulo especial sobre cardio-obstetricia que est\u00e1 dedicado a los problemas que tienen las mujeres cuando se embarazan porque la ECV es la principal causa de muerte en embarazadas\u00bb.<\/p>\n\n\n\n<p>La enfermedad cardiovascular (ECV) sigue siendo la principal causa de morbi-mortalidad en mujeres a nivel mundial.En general, 1 de cada 3 mujeres muere de ECV y el 45% de las mujeres mayores de 20 a\u00f1os tendr\u00e1n alg\u00fan tipo de ECV. El 50% de las ECV son debidas a cardiopat\u00eda isqu\u00e9mica. El reconocimiento temprano de los s\u00edntomas es la clave para el diagn\u00f3stico temprano y una reducci\u00f3n de las complicaciones cardiovasculares, lo cual impacta en la reducci\u00f3n del riesgo cardiovascular y abre nuevas oportunidades ala realizaci\u00f3n de tratamientosoportunos, con disminuci\u00f3n de la mortalidad subsecuente.<\/p>\n\n\n\n<p>Resulta importante mencionar que la diplomatura en cuesti\u00f3n permite acceder a la recertificaci\u00f3n para los\/as especialistas en cardiolg\u00eda, se compone por m\u00f3dulos de nivel de posgrado y tiene una duraci\u00f3n de ocho meses y una carga horaria de trescientas horas. Es coordinada por la Dra. Mildren del Sueldo y la Dra. Adriana Cecilia Puente Barrag\u00e1n.<\/p>\n\n\n\n<p>Inscripciones: bit.ly\/diplo-cardiovascular<\/p>\n\n\n\n<p>Consultas: extensionhumanas@unvm.edu.ar<\/p>\n","protected":false},"excerpt":{"rendered":"<p>Desde el Instituto A.P. de Ciencias Humanas de la Universidad Nacional de Villa Mar\u00eda (UNVM), en conjunto con la Federaci\u00f3n Argentina de Cardiolog\u00eda y la Asociaci\u00f3n Nacional de Cardi\u00f3logos de M\u00e9xico, se present\u00f3 la Diplomatura Superior Universitaria en Enfermedad Cardiovascular en la Mujer, que Inicia en en modalidad a distancia. Las inscricpiones se encuentran abiertas. [&hellip;]<\/p>\n","protected":false},"author":4,"featured_media":91874,"comment_status":"open","ping_status":"open","sticky":false,"template":"","format":"standard","meta":{"site-sidebar-layout":"default","site-content-layout":"","ast-site-content-layout":"default","site-content-style":"default","site-sidebar-style":"default","ast-global-header-display":"","ast-banner-title-visibility":"","ast-main-header-display":"","ast-hfb-above-header-display":"","ast-hfb-below-header-display":"","ast-hfb-mobile-header-display":"","site-post-title":"","ast-breadcrumbs-content":"","ast-featured-img":"","footer-sml-layout":"","ast-disable-related-posts":"","theme-transparent-header-meta":"","adv-header-id-meta":"","stick-header-meta":"","header-above-stick-meta":"","header-main-stick-meta":"","header-below-stick-meta":"","astra-migrate-meta-layouts":"set","ast-page-background-enabled":"default","ast-page-background-meta":{"desktop":{"background-color":"","background-image":"","background-repeat":"repeat","background-position":"center center","background-size":"auto","background-attachment":"scroll","background-type":"","background-media":"","overlay-type":"","overlay-color":"","overlay-opacity":"","overlay-gradient":""},"tablet":{"background-color":"","background-image":"","background-repeat":"repeat","background-position":"center center","background-size":"auto","background-attachment":"scroll","background-type":"","background-media":"","overlay-type":"","overlay-color":"","overlay-opacity":"","overlay-gradient":""},"mobile":{"background-color":"","background-image":"","background-repeat":"repeat","background-position":"center center","background-size":"auto","background-attachment":"scroll","background-type":"","background-media":"","overlay-type":"","overlay-color":"","overlay-opacity":"","overlay-gradient":""}},"ast-content-background-meta":{"desktop":{"background-color":"var(--ast-global-color-5)","background-image":"","background-repeat":"repeat","background-position":"center center","background-size":"auto","background-attachment":"scroll","background-type":"","background-media":"","overlay-type":"","overlay-color":"","overlay-opacity":"","overlay-gradient":""},"tablet":{"background-color":"var(--ast-global-color-5)","background-image":"","background-repeat":"repeat","background-position":"center center","background-size":"auto","background-attachment":"scroll","background-type":"","background-media":"","overlay-type":"","overlay-color":"","overlay-opacity":"","overlay-gradient":""},"mobile":{"background-color":"var(--ast-global-color-5)","background-image":"","background-repeat":"repeat","background-position":"center center","background-size":"auto","background-attachment":"scroll","background-type":"","background-media":"","overlay-type":"","overlay-color":"","overlay-opacity":"","overlay-gradient":""}},"_jetpack_memberships_contains_paid_content":false,"_joinchat":[],"footnotes":""},"categories":[15302,5,2],"tags":[],"class_list":["post-91871","post","type-post","status-publish","format-standard","has-post-thumbnail","hentry","category-destacado","category-sociedad","category-villa-maria"],"yoast_head":"<!-- This site is optimized with the Yoast SEO plugin v26.8 - https:\/\/yoast.com\/product\/yoast-seo-wordpress\/ -->\n<title>Dictar\u00e1n la primera Diplomatura de habla hispana sobre enfermedad cardiovascular en la mujer - El Regional<\/title>\n<meta name=\"robots\" content=\"index, follow, max-snippet:-1, max-image-preview:large, max-video-preview:-1\" \/>\n<link rel=\"canonical\" href=\"https:\/\/elregionalvm.com.ar\/noticias-villa-maria\/dictaran-la-primera-diplomatura-de-habla-hispana-sobre-enfermedad-cardiovascular-en-la-mujer\/\" \/>\n<meta property=\"og:locale\" content=\"es_ES\" \/>\n<meta property=\"og:type\" content=\"article\" \/>\n<meta property=\"og:title\" content=\"Dictar\u00e1n la primera Diplomatura de habla hispana sobre enfermedad cardiovascular en la mujer - El Regional\" \/>\n<meta property=\"og:description\" content=\"Desde el Instituto A.P. de Ciencias Humanas de la Universidad Nacional de Villa Mar\u00eda (UNVM), en conjunto con la Federaci\u00f3n Argentina de Cardiolog\u00eda y la Asociaci\u00f3n Nacional de Cardi\u00f3logos de M\u00e9xico, se present\u00f3 la Diplomatura Superior Universitaria en Enfermedad Cardiovascular en la Mujer, que Inicia en en modalidad a distancia. Las inscricpiones se encuentran abiertas. [&hellip;]\" \/>\n<meta property=\"og:url\" content=\"https:\/\/elregionalvm.com.ar\/noticias-villa-maria\/dictaran-la-primera-diplomatura-de-habla-hispana-sobre-enfermedad-cardiovascular-en-la-mujer\/\" \/>\n<meta property=\"og:site_name\" content=\"El Regional\" \/>\n<meta property=\"article:publisher\" content=\"https:\/\/www.facebook.com\/elregionalvm\" \/>\n<meta property=\"article:published_time\" content=\"2024-03-27T19:08:27+00:00\" \/>\n<meta property=\"article:modified_time\" content=\"2024-03-27T19:08:28+00:00\" \/>\n<meta property=\"og:image\" content=\"https:\/\/elregionalvm.com.ar\/noticias-villa-maria\/wp-content\/uploads\/2024\/03\/WhatsApp-Image-2024-03-27-at-3.53.22-PM.jpeg\" \/>\n\t<meta property=\"og:image:width\" content=\"1600\" \/>\n\t<meta property=\"og:image:height\" content=\"1066\" \/>\n\t<meta property=\"og:image:type\" content=\"image\/jpeg\" \/>\n<meta name=\"author\" content=\"Contenidos El Regional\" \/>\n<meta name=\"twitter:card\" content=\"summary_large_image\" \/>\n<meta name=\"twitter:creator\" content=\"@elregionalvm1\" \/>\n<meta name=\"twitter:site\" content=\"@elregionalvm1\" \/>\n<meta name=\"twitter:label1\" content=\"Escrito por\" \/>\n\t<meta name=\"twitter:data1\" content=\"Contenidos El Regional\" \/>\n\t<meta name=\"twitter:label2\" content=\"Tiempo de lectura\" \/>\n\t<meta name=\"twitter:data2\" content=\"4 minutos\" \/>\n<script type=\"application\/ld+json\" class=\"yoast-schema-graph\">{\"@context\":\"https:\/\/schema.org\",\"@graph\":[{\"@type\":\"Article\",\"@id\":\"https:\/\/elregionalvm.com.ar\/noticias-villa-maria\/dictaran-la-primera-diplomatura-de-habla-hispana-sobre-enfermedad-cardiovascular-en-la-mujer\/#article\",\"isPartOf\":{\"@id\":\"https:\/\/elregionalvm.com.ar\/noticias-villa-maria\/dictaran-la-primera-diplomatura-de-habla-hispana-sobre-enfermedad-cardiovascular-en-la-mujer\/\"},\"author\":{\"name\":\"Contenidos El Regional\",\"@id\":\"http:\/\/elregionalvm.com.ar\/noticias-villa-maria\/#\/schema\/person\/a0fb9c422317faca23d50163151bc354\"},\"headline\":\"Dictar\u00e1n la primera Diplomatura de habla hispana sobre enfermedad cardiovascular en la mujer\",\"datePublished\":\"2024-03-27T19:08:27+00:00\",\"dateModified\":\"2024-03-27T19:08:28+00:00\",\"mainEntityOfPage\":{\"@id\":\"https:\/\/elregionalvm.com.ar\/noticias-villa-maria\/dictaran-la-primera-diplomatura-de-habla-hispana-sobre-enfermedad-cardiovascular-en-la-mujer\/\"},\"wordCount\":799,\"commentCount\":0,\"image\":{\"@id\":\"https:\/\/elregionalvm.com.ar\/noticias-villa-maria\/dictaran-la-primera-diplomatura-de-habla-hispana-sobre-enfermedad-cardiovascular-en-la-mujer\/#primaryimage\"},\"thumbnailUrl\":\"https:\/\/i0.wp.com\/elregionalvm.com.ar\/noticias-villa-maria\/wp-content\/uploads\/2024\/03\/WhatsApp-Image-2024-03-27-at-3.53.22-PM.jpeg?fit=1600%2C1066&ssl=1\",\"articleSection\":[\"destacado\",\"Sociedad\",\"Villa Mar\u00eda\"],\"inLanguage\":\"es\",\"potentialAction\":[{\"@type\":\"CommentAction\",\"name\":\"Comment\",\"target\":[\"https:\/\/elregionalvm.com.ar\/noticias-villa-maria\/dictaran-la-primera-diplomatura-de-habla-hispana-sobre-enfermedad-cardiovascular-en-la-mujer\/#respond\"]}]},{\"@type\":\"WebPage\",\"@id\":\"https:\/\/elregionalvm.com.ar\/noticias-villa-maria\/dictaran-la-primera-diplomatura-de-habla-hispana-sobre-enfermedad-cardiovascular-en-la-mujer\/\",\"url\":\"https:\/\/elregionalvm.com.ar\/noticias-villa-maria\/dictaran-la-primera-diplomatura-de-habla-hispana-sobre-enfermedad-cardiovascular-en-la-mujer\/\",\"name\":\"Dictar\u00e1n la primera Diplomatura de habla hispana sobre enfermedad cardiovascular en la mujer - El Regional\",\"isPartOf\":{\"@id\":\"http:\/\/elregionalvm.com.ar\/noticias-villa-maria\/#website\"},\"primaryImageOfPage\":{\"@id\":\"https:\/\/elregionalvm.com.ar\/noticias-villa-maria\/dictaran-la-primera-diplomatura-de-habla-hispana-sobre-enfermedad-cardiovascular-en-la-mujer\/#primaryimage\"},\"image\":{\"@id\":\"https:\/\/elregionalvm.com.ar\/noticias-villa-maria\/dictaran-la-primera-diplomatura-de-habla-hispana-sobre-enfermedad-cardiovascular-en-la-mujer\/#primaryimage\"},\"thumbnailUrl\":\"https:\/\/i0.wp.com\/elregionalvm.com.ar\/noticias-villa-maria\/wp-content\/uploads\/2024\/03\/WhatsApp-Image-2024-03-27-at-3.53.22-PM.jpeg?fit=1600%2C1066&ssl=1\",\"datePublished\":\"2024-03-27T19:08:27+00:00\",\"dateModified\":\"2024-03-27T19:08:28+00:00\",\"author\":{\"@id\":\"http:\/\/elregionalvm.com.ar\/noticias-villa-maria\/#\/schema\/person\/a0fb9c422317faca23d50163151bc354\"},\"breadcrumb\":{\"@id\":\"https:\/\/elregionalvm.com.ar\/noticias-villa-maria\/dictaran-la-primera-diplomatura-de-habla-hispana-sobre-enfermedad-cardiovascular-en-la-mujer\/#breadcrumb\"},\"inLanguage\":\"es\",\"potentialAction\":[{\"@type\":\"ReadAction\",\"target\":[\"https:\/\/elregionalvm.com.ar\/noticias-villa-maria\/dictaran-la-primera-diplomatura-de-habla-hispana-sobre-enfermedad-cardiovascular-en-la-mujer\/\"]}]},{\"@type\":\"ImageObject\",\"inLanguage\":\"es\",\"@id\":\"https:\/\/elregionalvm.com.ar\/noticias-villa-maria\/dictaran-la-primera-diplomatura-de-habla-hispana-sobre-enfermedad-cardiovascular-en-la-mujer\/#primaryimage\",\"url\":\"https:\/\/i0.wp.com\/elregionalvm.com.ar\/noticias-villa-maria\/wp-content\/uploads\/2024\/03\/WhatsApp-Image-2024-03-27-at-3.53.22-PM.jpeg?fit=1600%2C1066&ssl=1\",\"contentUrl\":\"https:\/\/i0.wp.com\/elregionalvm.com.ar\/noticias-villa-maria\/wp-content\/uploads\/2024\/03\/WhatsApp-Image-2024-03-27-at-3.53.22-PM.jpeg?fit=1600%2C1066&ssl=1\",\"width\":1600,\"height\":1066},{\"@type\":\"BreadcrumbList\",\"@id\":\"https:\/\/elregionalvm.com.ar\/noticias-villa-maria\/dictaran-la-primera-diplomatura-de-habla-hispana-sobre-enfermedad-cardiovascular-en-la-mujer\/#breadcrumb\",\"itemListElement\":[{\"@type\":\"ListItem\",\"position\":1,\"name\":\"Portada\",\"item\":\"https:\/\/elregionalvm.com.ar\/noticias-villa-maria\/\"},{\"@type\":\"ListItem\",\"position\":2,\"name\":\"Dictar\u00e1n la primera Diplomatura de habla hispana sobre enfermedad cardiovascular en la mujer\"}]},{\"@type\":\"WebSite\",\"@id\":\"http:\/\/elregionalvm.com.ar\/noticias-villa-maria\/#website\",\"url\":\"http:\/\/elregionalvm.com.ar\/noticias-villa-maria\/\",\"name\":\"El Regional\",\"description\":\"Mucho m\u00e1s que informaci\u00f3n\",\"potentialAction\":[{\"@type\":\"SearchAction\",\"target\":{\"@type\":\"EntryPoint\",\"urlTemplate\":\"http:\/\/elregionalvm.com.ar\/noticias-villa-maria\/?s={search_term_string}\"},\"query-input\":{\"@type\":\"PropertyValueSpecification\",\"valueRequired\":true,\"valueName\":\"search_term_string\"}}],\"inLanguage\":\"es\"},{\"@type\":\"Person\",\"@id\":\"http:\/\/elregionalvm.com.ar\/noticias-villa-maria\/#\/schema\/person\/a0fb9c422317faca23d50163151bc354\",\"name\":\"Contenidos El Regional\",\"image\":{\"@type\":\"ImageObject\",\"inLanguage\":\"es\",\"@id\":\"http:\/\/elregionalvm.com.ar\/noticias-villa-maria\/#\/schema\/person\/image\/\",\"url\":\"https:\/\/secure.gravatar.com\/avatar\/265b27cb2209af7bb3a1318f03305787d7981a5cc6e6cd08fe5a4ecdf99d4b48?s=96&d=mm&r=g\",\"contentUrl\":\"https:\/\/secure.gravatar.com\/avatar\/265b27cb2209af7bb3a1318f03305787d7981a5cc6e6cd08fe5a4ecdf99d4b48?s=96&d=mm&r=g\",\"caption\":\"Contenidos El Regional\"},\"url\":\"https:\/\/elregionalvm.com.ar\/noticias-villa-maria\/author\/contenido\/\"}]}<\/script>\n<!-- \/ Yoast SEO plugin. -->","yoast_head_json":{"title":"Dictar\u00e1n la primera Diplomatura de habla hispana sobre enfermedad cardiovascular en la mujer - El Regional","robots":{"index":"index","follow":"follow","max-snippet":"max-snippet:-1","max-image-preview":"max-image-preview:large","max-video-preview":"max-video-preview:-1"},"canonical":"https:\/\/elregionalvm.com.ar\/noticias-villa-maria\/dictaran-la-primera-diplomatura-de-habla-hispana-sobre-enfermedad-cardiovascular-en-la-mujer\/","og_locale":"es_ES","og_type":"article","og_title":"Dictar\u00e1n la primera Diplomatura de habla hispana sobre enfermedad cardiovascular en la mujer - El Regional","og_description":"Desde el Instituto A.P. de Ciencias Humanas de la Universidad Nacional de Villa Mar\u00eda (UNVM), en conjunto con la Federaci\u00f3n Argentina de Cardiolog\u00eda y la Asociaci\u00f3n Nacional de Cardi\u00f3logos de M\u00e9xico, se present\u00f3 la Diplomatura Superior Universitaria en Enfermedad Cardiovascular en la Mujer, que Inicia en en modalidad a distancia. Las inscricpiones se encuentran abiertas. [&hellip;]","og_url":"https:\/\/elregionalvm.com.ar\/noticias-villa-maria\/dictaran-la-primera-diplomatura-de-habla-hispana-sobre-enfermedad-cardiovascular-en-la-mujer\/","og_site_name":"El Regional","article_publisher":"https:\/\/www.facebook.com\/elregionalvm","article_published_time":"2024-03-27T19:08:27+00:00","article_modified_time":"2024-03-27T19:08:28+00:00","og_image":[{"width":1600,"height":1066,"url":"https:\/\/elregionalvm.com.ar\/noticias-villa-maria\/wp-content\/uploads\/2024\/03\/WhatsApp-Image-2024-03-27-at-3.53.22-PM.jpeg","type":"image\/jpeg"}],"author":"Contenidos El Regional","twitter_card":"summary_large_image","twitter_creator":"@elregionalvm1","twitter_site":"@elregionalvm1","twitter_misc":{"Escrito por":"Contenidos El Regional","Tiempo de lectura":"4 minutos"},"schema":{"@context":"https:\/\/schema.org","@graph":[{"@type":"Article","@id":"https:\/\/elregionalvm.com.ar\/noticias-villa-maria\/dictaran-la-primera-diplomatura-de-habla-hispana-sobre-enfermedad-cardiovascular-en-la-mujer\/#article","isPartOf":{"@id":"https:\/\/elregionalvm.com.ar\/noticias-villa-maria\/dictaran-la-primera-diplomatura-de-habla-hispana-sobre-enfermedad-cardiovascular-en-la-mujer\/"},"author":{"name":"Contenidos El Regional","@id":"http:\/\/elregionalvm.com.ar\/noticias-villa-maria\/#\/schema\/person\/a0fb9c422317faca23d50163151bc354"},"headline":"Dictar\u00e1n la primera Diplomatura de habla hispana sobre enfermedad cardiovascular en la mujer","datePublished":"2024-03-27T19:08:27+00:00","dateModified":"2024-03-27T19:08:28+00:00","mainEntityOfPage":{"@id":"https:\/\/elregionalvm.com.ar\/noticias-villa-maria\/dictaran-la-primera-diplomatura-de-habla-hispana-sobre-enfermedad-cardiovascular-en-la-mujer\/"},"wordCount":799,"commentCount":0,"image":{"@id":"https:\/\/elregionalvm.com.ar\/noticias-villa-maria\/dictaran-la-primera-diplomatura-de-habla-hispana-sobre-enfermedad-cardiovascular-en-la-mujer\/#primaryimage"},"thumbnailUrl":"https:\/\/i0.wp.com\/elregionalvm.com.ar\/noticias-villa-maria\/wp-content\/uploads\/2024\/03\/WhatsApp-Image-2024-03-27-at-3.53.22-PM.jpeg?fit=1600%2C1066&ssl=1","articleSection":["destacado","Sociedad","Villa Mar\u00eda"],"inLanguage":"es","potentialAction":[{"@type":"CommentAction","name":"Comment","target":["https:\/\/elregionalvm.com.ar\/noticias-villa-maria\/dictaran-la-primera-diplomatura-de-habla-hispana-sobre-enfermedad-cardiovascular-en-la-mujer\/#respond"]}]},{"@type":"WebPage","@id":"https:\/\/elregionalvm.com.ar\/noticias-villa-maria\/dictaran-la-primera-diplomatura-de-habla-hispana-sobre-enfermedad-cardiovascular-en-la-mujer\/","url":"https:\/\/elregionalvm.com.ar\/noticias-villa-maria\/dictaran-la-primera-diplomatura-de-habla-hispana-sobre-enfermedad-cardiovascular-en-la-mujer\/","name":"Dictar\u00e1n la primera Diplomatura de habla hispana sobre enfermedad cardiovascular en la mujer - El Regional","isPartOf":{"@id":"http:\/\/elregionalvm.com.ar\/noticias-villa-maria\/#website"},"primaryImageOfPage":{"@id":"https:\/\/elregionalvm.com.ar\/noticias-villa-maria\/dictaran-la-primera-diplomatura-de-habla-hispana-sobre-enfermedad-cardiovascular-en-la-mujer\/#primaryimage"},"image":{"@id":"https:\/\/elregionalvm.com.ar\/noticias-villa-maria\/dictaran-la-primera-diplomatura-de-habla-hispana-sobre-enfermedad-cardiovascular-en-la-mujer\/#primaryimage"},"thumbnailUrl":"https:\/\/i0.wp.com\/elregionalvm.com.ar\/noticias-villa-maria\/wp-content\/uploads\/2024\/03\/WhatsApp-Image-2024-03-27-at-3.53.22-PM.jpeg?fit=1600%2C1066&ssl=1","datePublished":"2024-03-27T19:08:27+00:00","dateModified":"2024-03-27T19:08:28+00:00","author":{"@id":"http:\/\/elregionalvm.com.ar\/noticias-villa-maria\/#\/schema\/person\/a0fb9c422317faca23d50163151bc354"},"breadcrumb":{"@id":"https:\/\/elregionalvm.com.ar\/noticias-villa-maria\/dictaran-la-primera-diplomatura-de-habla-hispana-sobre-enfermedad-cardiovascular-en-la-mujer\/#breadcrumb"},"inLanguage":"es","potentialAction":[{"@type":"ReadAction","target":["https:\/\/elregionalvm.com.ar\/noticias-villa-maria\/dictaran-la-primera-diplomatura-de-habla-hispana-sobre-enfermedad-cardiovascular-en-la-mujer\/"]}]},{"@type":"ImageObject","inLanguage":"es","@id":"https:\/\/elregionalvm.com.ar\/noticias-villa-maria\/dictaran-la-primera-diplomatura-de-habla-hispana-sobre-enfermedad-cardiovascular-en-la-mujer\/#primaryimage","url":"https:\/\/i0.wp.com\/elregionalvm.com.ar\/noticias-villa-maria\/wp-content\/uploads\/2024\/03\/WhatsApp-Image-2024-03-27-at-3.53.22-PM.jpeg?fit=1600%2C1066&ssl=1","contentUrl":"https:\/\/i0.wp.com\/elregionalvm.com.ar\/noticias-villa-maria\/wp-content\/uploads\/2024\/03\/WhatsApp-Image-2024-03-27-at-3.53.22-PM.jpeg?fit=1600%2C1066&ssl=1","width":1600,"height":1066},{"@type":"BreadcrumbList","@id":"https:\/\/elregionalvm.com.ar\/noticias-villa-maria\/dictaran-la-primera-diplomatura-de-habla-hispana-sobre-enfermedad-cardiovascular-en-la-mujer\/#breadcrumb","itemListElement":[{"@type":"ListItem","position":1,"name":"Portada","item":"https:\/\/elregionalvm.com.ar\/noticias-villa-maria\/"},{"@type":"ListItem","position":2,"name":"Dictar\u00e1n la primera Diplomatura de habla hispana sobre enfermedad cardiovascular en la mujer"}]},{"@type":"WebSite","@id":"http:\/\/elregionalvm.com.ar\/noticias-villa-maria\/#website","url":"http:\/\/elregionalvm.com.ar\/noticias-villa-maria\/","name":"El Regional","description":"Mucho m\u00e1s que informaci\u00f3n","potentialAction":[{"@type":"SearchAction","target":{"@type":"EntryPoint","urlTemplate":"http:\/\/elregionalvm.com.ar\/noticias-villa-maria\/?s={search_term_string}"},"query-input":{"@type":"PropertyValueSpecification","valueRequired":true,"valueName":"search_term_string"}}],"inLanguage":"es"},{"@type":"Person","@id":"http:\/\/elregionalvm.com.ar\/noticias-villa-maria\/#\/schema\/person\/a0fb9c422317faca23d50163151bc354","name":"Contenidos El Regional","image":{"@type":"ImageObject","inLanguage":"es","@id":"http:\/\/elregionalvm.com.ar\/noticias-villa-maria\/#\/schema\/person\/image\/","url":"https:\/\/secure.gravatar.com\/avatar\/265b27cb2209af7bb3a1318f03305787d7981a5cc6e6cd08fe5a4ecdf99d4b48?s=96&d=mm&r=g","contentUrl":"https:\/\/secure.gravatar.com\/avatar\/265b27cb2209af7bb3a1318f03305787d7981a5cc6e6cd08fe5a4ecdf99d4b48?s=96&d=mm&r=g","caption":"Contenidos El Regional"},"url":"https:\/\/elregionalvm.com.ar\/noticias-villa-maria\/author\/contenido\/"}]}},"jetpack_featured_media_url":"https:\/\/i0.wp.com\/elregionalvm.com.ar\/noticias-villa-maria\/wp-content\/uploads\/2024\/03\/WhatsApp-Image-2024-03-27-at-3.53.22-PM.jpeg?fit=1600%2C1066&ssl=1","jetpack_sharing_enabled":true,"_links":{"self":[{"href":"https:\/\/elregionalvm.com.ar\/noticias-villa-maria\/wp-json\/wp\/v2\/posts\/91871","targetHints":{"allow":["GET"]}}],"collection":[{"href":"https:\/\/elregionalvm.com.ar\/noticias-villa-maria\/wp-json\/wp\/v2\/posts"}],"about":[{"href":"https:\/\/elregionalvm.com.ar\/noticias-villa-maria\/wp-json\/wp\/v2\/types\/post"}],"author":[{"embeddable":true,"href":"https:\/\/elregionalvm.com.ar\/noticias-villa-maria\/wp-json\/wp\/v2\/users\/4"}],"replies":[{"embeddable":true,"href":"https:\/\/elregionalvm.com.ar\/noticias-villa-maria\/wp-json\/wp\/v2\/comments?post=91871"}],"version-history":[{"count":1,"href":"https:\/\/elregionalvm.com.ar\/noticias-villa-maria\/wp-json\/wp\/v2\/posts\/91871\/revisions"}],"predecessor-version":[{"id":91875,"href":"https:\/\/elregionalvm.com.ar\/noticias-villa-maria\/wp-json\/wp\/v2\/posts\/91871\/revisions\/91875"}],"wp:featuredmedia":[{"embeddable":true,"href":"https:\/\/elregionalvm.com.ar\/noticias-villa-maria\/wp-json\/wp\/v2\/media\/91874"}],"wp:attachment":[{"href":"https:\/\/elregionalvm.com.ar\/noticias-villa-maria\/wp-json\/wp\/v2\/media?parent=91871"}],"wp:term":[{"taxonomy":"category","embeddable":true,"href":"https:\/\/elregionalvm.com.ar\/noticias-villa-maria\/wp-json\/wp\/v2\/categories?post=91871"},{"taxonomy":"post_tag","embeddable":true,"href":"https:\/\/elregionalvm.com.ar\/noticias-villa-maria\/wp-json\/wp\/v2\/tags?post=91871"}],"curies":[{"name":"wp","href":"https:\/\/api.w.org\/{rel}","templated":true}]}}