{"id":91960,"date":"2024-03-31T22:49:40","date_gmt":"2024-03-31T22:49:40","guid":{"rendered":"https:\/\/elregionalvm.com.ar\/noticias-villa-maria\/?p=91960"},"modified":"2024-04-02T22:57:47","modified_gmt":"2024-04-02T22:57:47","slug":"cambio-de-nombre-del-centro-cultural-kirchner-una-oportunidad-para-victoria-ocampo","status":"publish","type":"post","link":"https:\/\/elregionalvm.com.ar\/noticias-villa-maria\/cambio-de-nombre-del-centro-cultural-kirchner-una-oportunidad-para-victoria-ocampo\/","title":{"rendered":"Cambio de nombre del Centro Cultural Kirchner: Una oportunidad para Victoria Ocampo"},"content":{"rendered":"\n<h3 class=\"wp-block-heading\"><strong>En una cruzada m\u00e1s del Gobierno sobre el giro cultural en la actual gesti\u00f3n, el vocero presidencial Manuel Adorni anunci\u00f3 que le cambiar\u00e1n el nombre al Centro Cultural Kirchner (CCK).<\/strong><\/h3>\n\n\n\n<p><\/p>\n\n\n\n<p><strong>Escribe: Julio C\u00e9sar Nieto<\/strong><\/p>\n\n\n\n<p><\/p>\n\n\n\n<p>Sin indicios sobre el nuevo nombre que llevar\u00e1 el ex Palacio de correos y tel\u00e9grafos, se sabe solo que ser\u00e1 reemplazado por \u201calguien que sea de la cultura\u201d. Y aunque no hay nada concreto, el nombre que empez\u00f3 a sonar fuerte- y tambi\u00e9n merecido- es el de Jorge Luis Borges.<\/p>\n\n\n\n<p>El ex Palacio de Correos y Telecomunicaciones de la ciudad de Buenos Aires fue un plan original del ex gobernador cordob\u00e9s Ram\u00f3n J. C\u00e1rcano, quien en ese entonces se desempe\u00f1aba como director de Correos de la Argentina bajo la presidencia de Miguel Ju\u00e1rez Celman en 1888.<\/p>\n\n\n\n<p>Tras muchas idas y vueltas, debido a su imponente calidad arquitect\u00f3nica e importancia hist\u00f3rica se lo declar\u00f3 en 1997 Monumento Hist\u00f3rico Nacional cambiando su nombre en 2010 a Centro Cultural del Bicentenario, en conmemoraci\u00f3n por los doscientos a\u00f1os de la Revoluci\u00f3n de Mayo.<\/p>\n\n\n\n<p><strong>El inicio de la pol\u00e9mica<\/strong><\/p>\n\n\n\n<p>Tras el fallecimiento del expresidente Nestor Kirchner en 2011, una ley del Congreso (26.794) sancion\u00f3 en 2012 su cambio de nombre quedando oficializada con la del exmandatario.<\/p>\n\n\n\n<p>El debate sobre la incongruencia de nombrar a pol\u00edticos o expresidentes en espacios sumamente emblem\u00e1ticos de nuestro pa\u00eds estuvo a la orden del d\u00eda.<\/p>\n\n\n\n<p><\/p>\n\n\n\n<figure class=\"wp-block-image size-large\"><img data-recalc-dims=\"1\" fetchpriority=\"high\" decoding=\"async\" width=\"1024\" height=\"682\" src=\"https:\/\/i0.wp.com\/elregionalvm.com.ar\/noticias-villa-maria\/wp-content\/uploads\/2024\/03\/Centro-Cultural-Kirchner.jpg?resize=1024%2C682&#038;ssl=1\" alt=\"\" class=\"wp-image-91962\" srcset=\"https:\/\/i0.wp.com\/elregionalvm.com.ar\/noticias-villa-maria\/wp-content\/uploads\/2024\/03\/Centro-Cultural-Kirchner.jpg?resize=1024%2C682&amp;ssl=1 1024w, https:\/\/i0.wp.com\/elregionalvm.com.ar\/noticias-villa-maria\/wp-content\/uploads\/2024\/03\/Centro-Cultural-Kirchner.jpg?resize=300%2C200&amp;ssl=1 300w, https:\/\/i0.wp.com\/elregionalvm.com.ar\/noticias-villa-maria\/wp-content\/uploads\/2024\/03\/Centro-Cultural-Kirchner.jpg?resize=768%2C511&amp;ssl=1 768w, https:\/\/i0.wp.com\/elregionalvm.com.ar\/noticias-villa-maria\/wp-content\/uploads\/2024\/03\/Centro-Cultural-Kirchner.jpg?w=1200&amp;ssl=1 1200w\" sizes=\"(max-width: 1000px) 100vw, 1000px\" \/><\/figure>\n\n\n\n<p><\/p>\n\n\n\n<p>Iniciaba por aquellos a\u00f1os la epopeya de glorificaci\u00f3n del kirchnerismo con la \u00abD\u00e9cada Ganada\u00bb y el culto a una persona totalmente ajena a la producci\u00f3n cultural.<\/p>\n\n\n\n<p>Con la asunci\u00f3n de Mauricio Macri en 2015, se propuso en m\u00e1s de una oportunidad cambiar el nombre al hist\u00f3rico edificio, pero no prosper\u00f3, ya que se necesitaba derogar una ley, y los tiempos e inter\u00e9s del momento no ameritaba para tal medida.&nbsp;&nbsp;<\/p>\n\n\n\n<p><strong>La danza de nombres<\/strong><\/p>\n\n\n\n<p>Borges, Cort\u00e1zar, S\u00e1bato, Favaloro, Piazzolla son algunos de los nombres en danza de la mayor\u00eda del p\u00fablico en redes o foros de opini\u00f3n; pero un nombre pas\u00f3 por alto, y que la historia cultural le debe todo: Victoria Ocampo.<\/p>\n\n\n\n<p><strong>La empresaria cultural m\u00e1s importante del siglo XX<\/strong><\/p>\n\n\n\n<p>El nombre de Victoria Ocampo siempre aparece escondido o en la \u00faltima fila a la hora de hablar de grandes mujeres de nuestra historia.<\/p>\n\n\n\n<p>Siendo la mayor de seis hermanas; su apellido retrotrae toda una genealog\u00eda en la historia de nuestro pa\u00eds, siendo su hermana menor, Silvina, la m\u00e1s reconocida por su intensa labor literaria; adem\u00e1s de haber sido esposa y estrecha colaboradora de Adolfo Bioy Casares.<\/p>\n\n\n\n<p><\/p>\n\n\n\n<figure class=\"wp-block-image size-large\"><img data-recalc-dims=\"1\" decoding=\"async\" width=\"1024\" height=\"683\" src=\"https:\/\/i0.wp.com\/elregionalvm.com.ar\/noticias-villa-maria\/wp-content\/uploads\/2024\/03\/victoria-ocampo-escritora-y-filantropa.jpg?resize=1024%2C683&#038;ssl=1\" alt=\"\" class=\"wp-image-91964\" srcset=\"https:\/\/i0.wp.com\/elregionalvm.com.ar\/noticias-villa-maria\/wp-content\/uploads\/2024\/03\/victoria-ocampo-escritora-y-filantropa.jpg?resize=1024%2C683&amp;ssl=1 1024w, https:\/\/i0.wp.com\/elregionalvm.com.ar\/noticias-villa-maria\/wp-content\/uploads\/2024\/03\/victoria-ocampo-escritora-y-filantropa.jpg?resize=300%2C200&amp;ssl=1 300w, https:\/\/i0.wp.com\/elregionalvm.com.ar\/noticias-villa-maria\/wp-content\/uploads\/2024\/03\/victoria-ocampo-escritora-y-filantropa.jpg?resize=768%2C512&amp;ssl=1 768w, https:\/\/i0.wp.com\/elregionalvm.com.ar\/noticias-villa-maria\/wp-content\/uploads\/2024\/03\/victoria-ocampo-escritora-y-filantropa.jpg?resize=1536%2C1025&amp;ssl=1 1536w, https:\/\/i0.wp.com\/elregionalvm.com.ar\/noticias-villa-maria\/wp-content\/uploads\/2024\/03\/victoria-ocampo-escritora-y-filantropa.jpg?w=1727&amp;ssl=1 1727w\" sizes=\"(max-width: 1000px) 100vw, 1000px\" \/><\/figure>\n\n\n\n<p><\/p>\n\n\n\n<p>Pero cuando hablamos de Victoria, debemos centrarnos en su obra, que m\u00e1s que literaria, fue de empresaria y como un \u00abcazatalentos\u00bb de nuestro tiempo descubri\u00f3 y difundi\u00f3 por el mundo a escritores como Borges, S\u00e1bato, Bioy Casares o Cort\u00e1zar.<\/p>\n\n\n\n<p>Victoria, esa mujer que, en un mundo de hombres, en plena d\u00e9cada del &#8217;30 fund\u00f3 la revista y luego Editorial m\u00e1s importante de habla hispana. Destac\u00f3 para quienes la conocieron, por su personalidad avasallante y de mujer decidida, muy avanzada para su \u00e9poca.<\/p>\n\n\n\n<p>En un siglo donde la reivindicaci\u00f3n de la mujer est\u00e1 en boga, Ramona Victoria Epifan\u00eda Rufina Ocampo Aguirre, nacida hace m\u00e1s de 130 a\u00f1os, no puede quedar excluida en los debates culturales si de reconocimientos se trata.<\/p>\n\n\n\n<p>La \u00abEdad de Oro\u00bb de cultura argentina tuvo lugar en su residencia de San Isidro (hoy Villa Ocampo), donde lleg\u00f3 albergar, patrocinar y difundir a los autores m\u00e1s imponentes del siglo XX, tales como Jos\u00e9 Ortega y Gasset, Pablo Neruda, Octavio Paz, Jaques Lacan, Igor Stravinsky, Rabindranath Tagore, entre otros nombres de fuste.<\/p>\n\n\n\n<p><\/p>\n\n\n\n<figure class=\"wp-block-image size-full\"><img data-recalc-dims=\"1\" decoding=\"async\" width=\"960\" height=\"640\" src=\"https:\/\/i0.wp.com\/elregionalvm.com.ar\/noticias-villa-maria\/wp-content\/uploads\/2024\/03\/Victoria-Ocampo-Borges-y-Bioy-Casares.jpg?resize=960%2C640&#038;ssl=1\" alt=\"\" class=\"wp-image-91963\" srcset=\"https:\/\/i0.wp.com\/elregionalvm.com.ar\/noticias-villa-maria\/wp-content\/uploads\/2024\/03\/Victoria-Ocampo-Borges-y-Bioy-Casares.jpg?w=960&amp;ssl=1 960w, https:\/\/i0.wp.com\/elregionalvm.com.ar\/noticias-villa-maria\/wp-content\/uploads\/2024\/03\/Victoria-Ocampo-Borges-y-Bioy-Casares.jpg?resize=300%2C200&amp;ssl=1 300w, https:\/\/i0.wp.com\/elregionalvm.com.ar\/noticias-villa-maria\/wp-content\/uploads\/2024\/03\/Victoria-Ocampo-Borges-y-Bioy-Casares.jpg?resize=768%2C512&amp;ssl=1 768w\" sizes=\"(max-width: 960px) 100vw, 960px\" \/><figcaption class=\"wp-element-caption\"><strong>Literatura argentina. <\/strong><em>Victoria Ocampo con Borges y Bioy Casares. <\/em><\/figcaption><\/figure>\n\n\n\n<p><\/p>\n\n\n\n<p>Su reconocimiento estuvo m\u00e1s presente afuera que adentro. Recibi\u00f3 por su labor en el mundo de la cultura condecoraciones poco habitual en mujeres, a mencionar la Oficial de la Legi\u00f3n de Honor y Comandante de las Artes y las Letras, otorgadas en 1962 por el gobierno franc\u00e9s, la distinci\u00f3n Comandante de la Orden del Imperio Brit\u00e1nico y la Medalla de Oro de la Academia Francesa.<\/p>\n\n\n\n<p>Adem\u00e1s, fue distinguida con el Premio Mar\u00eda Moors Cabot de la Universidad de Columbia, y su Doctor Honoris Causa por la Universidad de Harvard y por la Universidad Visva-Bharati de la India.<\/p>\n\n\n\n<p>Fue la \u00fanica mujer designada como miembro de la Academia Argentina de Letras en 1977, poco antes de su muerte.<\/p>\n\n\n\n<p>Su nombre es sin\u00f3nimo de una \u00e9poca, la consecuencia del mayor florecimiento literario y art\u00edstico de gesti\u00f3n privada en toda la historia argentina.&nbsp;<\/p>\n\n\n\n<p>Sin dudas, merece una oportunidad.<\/p>\n","protected":false},"excerpt":{"rendered":"<p>En una cruzada m\u00e1s del Gobierno sobre el giro cultural en la actual gesti\u00f3n, el vocero presidencial Manuel Adorni anunci\u00f3 que le cambiar\u00e1n el nombre al Centro Cultural Kirchner (CCK). Escribe: Julio C\u00e9sar Nieto Sin indicios sobre el nuevo nombre que llevar\u00e1 el ex Palacio de correos y tel\u00e9grafos, se sabe solo que ser\u00e1 reemplazado [&hellip;]<\/p>\n","protected":false},"author":6,"featured_media":91965,"comment_status":"open","ping_status":"open","sticky":false,"template":"","format":"standard","meta":{"site-sidebar-layout":"default","site-content-layout":"","ast-site-content-layout":"default","site-content-style":"default","site-sidebar-style":"default","ast-global-header-display":"","ast-banner-title-visibility":"","ast-main-header-display":"","ast-hfb-above-header-display":"","ast-hfb-below-header-display":"","ast-hfb-mobile-header-display":"","site-post-title":"","ast-breadcrumbs-content":"","ast-featured-img":"","footer-sml-layout":"","ast-disable-related-posts":"","theme-transparent-header-meta":"","adv-header-id-meta":"","stick-header-meta":"","header-above-stick-meta":"","header-main-stick-meta":"","header-below-stick-meta":"","astra-migrate-meta-layouts":"set","ast-page-background-enabled":"default","ast-page-background-meta":{"desktop":{"background-color":"","background-image":"","background-repeat":"repeat","background-position":"center center","background-size":"auto","background-attachment":"scroll","background-type":"","background-media":"","overlay-type":"","overlay-color":"","overlay-opacity":"","overlay-gradient":""},"tablet":{"background-color":"","background-image":"","background-repeat":"repeat","background-position":"center center","background-size":"auto","background-attachment":"scroll","background-type":"","background-media":"","overlay-type":"","overlay-color":"","overlay-opacity":"","overlay-gradient":""},"mobile":{"background-color":"","background-image":"","background-repeat":"repeat","background-position":"center center","background-size":"auto","background-attachment":"scroll","background-type":"","background-media":"","overlay-type":"","overlay-color":"","overlay-opacity":"","overlay-gradient":""}},"ast-content-background-meta":{"desktop":{"background-color":"var(--ast-global-color-5)","background-image":"","background-repeat":"repeat","background-position":"center center","background-size":"auto","background-attachment":"scroll","background-type":"","background-media":"","overlay-type":"","overlay-color":"","overlay-opacity":"","overlay-gradient":""},"tablet":{"background-color":"var(--ast-global-color-5)","background-image":"","background-repeat":"repeat","background-position":"center center","background-size":"auto","background-attachment":"scroll","background-type":"","background-media":"","overlay-type":"","overlay-color":"","overlay-opacity":"","overlay-gradient":""},"mobile":{"background-color":"var(--ast-global-color-5)","background-image":"","background-repeat":"repeat","background-position":"center center","background-size":"auto","background-attachment":"scroll","background-type":"","background-media":"","overlay-type":"","overlay-color":"","overlay-opacity":"","overlay-gradient":""}},"_jetpack_memberships_contains_paid_content":false,"_joinchat":[],"footnotes":""},"categories":[2068,365,3557],"tags":[4442,23749,21556,23751,23752,23750,5053,4448,23753,23748],"class_list":["post-91960","post","type-post","status-publish","format-standard","has-post-thumbnail","hentry","category-cultura-deporte","category-opinion","category-tercera","tag-borges","tag-centro-cultural-kirchner","tag-cortazar","tag-editora","tag-empresaria-cultural","tag-giro-cultural","tag-javier-milei","tag-sabato","tag-silvina-ocampo","tag-victoria-ocampo"],"yoast_head":"<!-- This site is optimized with the Yoast SEO plugin v26.8 - https:\/\/yoast.com\/product\/yoast-seo-wordpress\/ -->\n<title>Cambio de nombre del Centro Cultural Kirchner: Una oportunidad para Victoria Ocampo - El Regional<\/title>\n<meta name=\"robots\" content=\"index, follow, max-snippet:-1, max-image-preview:large, max-video-preview:-1\" \/>\n<link rel=\"canonical\" href=\"https:\/\/elregionalvm.com.ar\/noticias-villa-maria\/cambio-de-nombre-del-centro-cultural-kirchner-una-oportunidad-para-victoria-ocampo\/\" \/>\n<meta property=\"og:locale\" content=\"es_ES\" \/>\n<meta property=\"og:type\" content=\"article\" \/>\n<meta property=\"og:title\" content=\"Cambio de nombre del Centro Cultural Kirchner: Una oportunidad para Victoria Ocampo - El Regional\" \/>\n<meta property=\"og:description\" content=\"En una cruzada m\u00e1s del Gobierno sobre el giro cultural en la actual gesti\u00f3n, el vocero presidencial Manuel Adorni anunci\u00f3 que le cambiar\u00e1n el nombre al Centro Cultural Kirchner (CCK). Escribe: Julio C\u00e9sar Nieto Sin indicios sobre el nuevo nombre que llevar\u00e1 el ex Palacio de correos y tel\u00e9grafos, se sabe solo que ser\u00e1 reemplazado [&hellip;]\" \/>\n<meta property=\"og:url\" content=\"https:\/\/elregionalvm.com.ar\/noticias-villa-maria\/cambio-de-nombre-del-centro-cultural-kirchner-una-oportunidad-para-victoria-ocampo\/\" \/>\n<meta property=\"og:site_name\" content=\"El Regional\" \/>\n<meta property=\"article:publisher\" content=\"https:\/\/www.facebook.com\/elregionalvm\" \/>\n<meta property=\"article:published_time\" content=\"2024-03-31T22:49:40+00:00\" \/>\n<meta property=\"article:modified_time\" content=\"2024-04-02T22:57:47+00:00\" \/>\n<meta property=\"og:image\" content=\"https:\/\/elregionalvm.com.ar\/noticias-villa-maria\/wp-content\/uploads\/2024\/03\/Centro-Cultural-Kirchner-2.jpg\" \/>\n\t<meta property=\"og:image:width\" content=\"2000\" \/>\n\t<meta property=\"og:image:height\" content=\"1333\" \/>\n\t<meta property=\"og:image:type\" content=\"image\/jpeg\" \/>\n<meta name=\"author\" content=\"Germ\u00e1n Giacchero\" \/>\n<meta name=\"twitter:card\" content=\"summary_large_image\" \/>\n<meta name=\"twitter:creator\" content=\"@elregionalvm1\" \/>\n<meta name=\"twitter:site\" content=\"@elregionalvm1\" \/>\n<meta name=\"twitter:label1\" content=\"Escrito por\" \/>\n\t<meta name=\"twitter:data1\" content=\"Germ\u00e1n Giacchero\" \/>\n\t<meta name=\"twitter:label2\" content=\"Tiempo de lectura\" \/>\n\t<meta name=\"twitter:data2\" content=\"5 minutos\" \/>\n<script type=\"application\/ld+json\" class=\"yoast-schema-graph\">{\"@context\":\"https:\/\/schema.org\",\"@graph\":[{\"@type\":\"Article\",\"@id\":\"https:\/\/elregionalvm.com.ar\/noticias-villa-maria\/cambio-de-nombre-del-centro-cultural-kirchner-una-oportunidad-para-victoria-ocampo\/#article\",\"isPartOf\":{\"@id\":\"https:\/\/elregionalvm.com.ar\/noticias-villa-maria\/cambio-de-nombre-del-centro-cultural-kirchner-una-oportunidad-para-victoria-ocampo\/\"},\"author\":{\"name\":\"Germ\u00e1n Giacchero\",\"@id\":\"http:\/\/elregionalvm.com.ar\/noticias-villa-maria\/#\/schema\/person\/d5e4b04966154131701e52c45d3efec9\"},\"headline\":\"Cambio de nombre del Centro Cultural Kirchner: Una oportunidad para Victoria Ocampo\",\"datePublished\":\"2024-03-31T22:49:40+00:00\",\"dateModified\":\"2024-04-02T22:57:47+00:00\",\"mainEntityOfPage\":{\"@id\":\"https:\/\/elregionalvm.com.ar\/noticias-villa-maria\/cambio-de-nombre-del-centro-cultural-kirchner-una-oportunidad-para-victoria-ocampo\/\"},\"wordCount\":806,\"commentCount\":0,\"image\":{\"@id\":\"https:\/\/elregionalvm.com.ar\/noticias-villa-maria\/cambio-de-nombre-del-centro-cultural-kirchner-una-oportunidad-para-victoria-ocampo\/#primaryimage\"},\"thumbnailUrl\":\"https:\/\/i0.wp.com\/elregionalvm.com.ar\/noticias-villa-maria\/wp-content\/uploads\/2024\/03\/Centro-Cultural-Kirchner-2.jpg?fit=2000%2C1333&ssl=1\",\"keywords\":[\"Borges\",\"Centro Cultural Kirchner\",\"Cort\u00e1zar\",\"editora\",\"empresaria cultural\",\"giro cultural\",\"Javier Milei\",\"S\u00e1bato\",\"Silvina Ocampo\",\"Victoria Ocampo\"],\"articleSection\":[\"Cultura\",\"Opini\u00f3n\",\"tercera\"],\"inLanguage\":\"es\",\"potentialAction\":[{\"@type\":\"CommentAction\",\"name\":\"Comment\",\"target\":[\"https:\/\/elregionalvm.com.ar\/noticias-villa-maria\/cambio-de-nombre-del-centro-cultural-kirchner-una-oportunidad-para-victoria-ocampo\/#respond\"]}]},{\"@type\":\"WebPage\",\"@id\":\"https:\/\/elregionalvm.com.ar\/noticias-villa-maria\/cambio-de-nombre-del-centro-cultural-kirchner-una-oportunidad-para-victoria-ocampo\/\",\"url\":\"https:\/\/elregionalvm.com.ar\/noticias-villa-maria\/cambio-de-nombre-del-centro-cultural-kirchner-una-oportunidad-para-victoria-ocampo\/\",\"name\":\"Cambio de nombre del Centro Cultural Kirchner: Una oportunidad para Victoria Ocampo - El Regional\",\"isPartOf\":{\"@id\":\"http:\/\/elregionalvm.com.ar\/noticias-villa-maria\/#website\"},\"primaryImageOfPage\":{\"@id\":\"https:\/\/elregionalvm.com.ar\/noticias-villa-maria\/cambio-de-nombre-del-centro-cultural-kirchner-una-oportunidad-para-victoria-ocampo\/#primaryimage\"},\"image\":{\"@id\":\"https:\/\/elregionalvm.com.ar\/noticias-villa-maria\/cambio-de-nombre-del-centro-cultural-kirchner-una-oportunidad-para-victoria-ocampo\/#primaryimage\"},\"thumbnailUrl\":\"https:\/\/i0.wp.com\/elregionalvm.com.ar\/noticias-villa-maria\/wp-content\/uploads\/2024\/03\/Centro-Cultural-Kirchner-2.jpg?fit=2000%2C1333&ssl=1\",\"datePublished\":\"2024-03-31T22:49:40+00:00\",\"dateModified\":\"2024-04-02T22:57:47+00:00\",\"author\":{\"@id\":\"http:\/\/elregionalvm.com.ar\/noticias-villa-maria\/#\/schema\/person\/d5e4b04966154131701e52c45d3efec9\"},\"breadcrumb\":{\"@id\":\"https:\/\/elregionalvm.com.ar\/noticias-villa-maria\/cambio-de-nombre-del-centro-cultural-kirchner-una-oportunidad-para-victoria-ocampo\/#breadcrumb\"},\"inLanguage\":\"es\",\"potentialAction\":[{\"@type\":\"ReadAction\",\"target\":[\"https:\/\/elregionalvm.com.ar\/noticias-villa-maria\/cambio-de-nombre-del-centro-cultural-kirchner-una-oportunidad-para-victoria-ocampo\/\"]}]},{\"@type\":\"ImageObject\",\"inLanguage\":\"es\",\"@id\":\"https:\/\/elregionalvm.com.ar\/noticias-villa-maria\/cambio-de-nombre-del-centro-cultural-kirchner-una-oportunidad-para-victoria-ocampo\/#primaryimage\",\"url\":\"https:\/\/i0.wp.com\/elregionalvm.com.ar\/noticias-villa-maria\/wp-content\/uploads\/2024\/03\/Centro-Cultural-Kirchner-2.jpg?fit=2000%2C1333&ssl=1\",\"contentUrl\":\"https:\/\/i0.wp.com\/elregionalvm.com.ar\/noticias-villa-maria\/wp-content\/uploads\/2024\/03\/Centro-Cultural-Kirchner-2.jpg?fit=2000%2C1333&ssl=1\",\"width\":2000,\"height\":1333},{\"@type\":\"BreadcrumbList\",\"@id\":\"https:\/\/elregionalvm.com.ar\/noticias-villa-maria\/cambio-de-nombre-del-centro-cultural-kirchner-una-oportunidad-para-victoria-ocampo\/#breadcrumb\",\"itemListElement\":[{\"@type\":\"ListItem\",\"position\":1,\"name\":\"Portada\",\"item\":\"https:\/\/elregionalvm.com.ar\/noticias-villa-maria\/\"},{\"@type\":\"ListItem\",\"position\":2,\"name\":\"Cambio de nombre del Centro Cultural Kirchner: Una oportunidad para Victoria Ocampo\"}]},{\"@type\":\"WebSite\",\"@id\":\"http:\/\/elregionalvm.com.ar\/noticias-villa-maria\/#website\",\"url\":\"http:\/\/elregionalvm.com.ar\/noticias-villa-maria\/\",\"name\":\"El Regional\",\"description\":\"Mucho m\u00e1s que informaci\u00f3n\",\"potentialAction\":[{\"@type\":\"SearchAction\",\"target\":{\"@type\":\"EntryPoint\",\"urlTemplate\":\"http:\/\/elregionalvm.com.ar\/noticias-villa-maria\/?s={search_term_string}\"},\"query-input\":{\"@type\":\"PropertyValueSpecification\",\"valueRequired\":true,\"valueName\":\"search_term_string\"}}],\"inLanguage\":\"es\"},{\"@type\":\"Person\",\"@id\":\"http:\/\/elregionalvm.com.ar\/noticias-villa-maria\/#\/schema\/person\/d5e4b04966154131701e52c45d3efec9\",\"name\":\"Germ\u00e1n Giacchero\",\"image\":{\"@type\":\"ImageObject\",\"inLanguage\":\"es\",\"@id\":\"http:\/\/elregionalvm.com.ar\/noticias-villa-maria\/#\/schema\/person\/image\/\",\"url\":\"https:\/\/secure.gravatar.com\/avatar\/fda163ba5ef0307ee5be9846e10f83b6e83d0cfb260d3b2464830318894c6b04?s=96&d=mm&r=g\",\"contentUrl\":\"https:\/\/secure.gravatar.com\/avatar\/fda163ba5ef0307ee5be9846e10f83b6e83d0cfb260d3b2464830318894c6b04?s=96&d=mm&r=g\",\"caption\":\"Germ\u00e1n Giacchero\"},\"url\":\"https:\/\/elregionalvm.com.ar\/noticias-villa-maria\/author\/germangiacchero\/\"}]}<\/script>\n<!-- \/ Yoast SEO plugin. -->","yoast_head_json":{"title":"Cambio de nombre del Centro Cultural Kirchner: Una oportunidad para Victoria Ocampo - El Regional","robots":{"index":"index","follow":"follow","max-snippet":"max-snippet:-1","max-image-preview":"max-image-preview:large","max-video-preview":"max-video-preview:-1"},"canonical":"https:\/\/elregionalvm.com.ar\/noticias-villa-maria\/cambio-de-nombre-del-centro-cultural-kirchner-una-oportunidad-para-victoria-ocampo\/","og_locale":"es_ES","og_type":"article","og_title":"Cambio de nombre del Centro Cultural Kirchner: Una oportunidad para Victoria Ocampo - El Regional","og_description":"En una cruzada m\u00e1s del Gobierno sobre el giro cultural en la actual gesti\u00f3n, el vocero presidencial Manuel Adorni anunci\u00f3 que le cambiar\u00e1n el nombre al Centro Cultural Kirchner (CCK). Escribe: Julio C\u00e9sar Nieto Sin indicios sobre el nuevo nombre que llevar\u00e1 el ex Palacio de correos y tel\u00e9grafos, se sabe solo que ser\u00e1 reemplazado [&hellip;]","og_url":"https:\/\/elregionalvm.com.ar\/noticias-villa-maria\/cambio-de-nombre-del-centro-cultural-kirchner-una-oportunidad-para-victoria-ocampo\/","og_site_name":"El Regional","article_publisher":"https:\/\/www.facebook.com\/elregionalvm","article_published_time":"2024-03-31T22:49:40+00:00","article_modified_time":"2024-04-02T22:57:47+00:00","og_image":[{"width":2000,"height":1333,"url":"https:\/\/elregionalvm.com.ar\/noticias-villa-maria\/wp-content\/uploads\/2024\/03\/Centro-Cultural-Kirchner-2.jpg","type":"image\/jpeg"}],"author":"Germ\u00e1n Giacchero","twitter_card":"summary_large_image","twitter_creator":"@elregionalvm1","twitter_site":"@elregionalvm1","twitter_misc":{"Escrito por":"Germ\u00e1n Giacchero","Tiempo de lectura":"5 minutos"},"schema":{"@context":"https:\/\/schema.org","@graph":[{"@type":"Article","@id":"https:\/\/elregionalvm.com.ar\/noticias-villa-maria\/cambio-de-nombre-del-centro-cultural-kirchner-una-oportunidad-para-victoria-ocampo\/#article","isPartOf":{"@id":"https:\/\/elregionalvm.com.ar\/noticias-villa-maria\/cambio-de-nombre-del-centro-cultural-kirchner-una-oportunidad-para-victoria-ocampo\/"},"author":{"name":"Germ\u00e1n Giacchero","@id":"http:\/\/elregionalvm.com.ar\/noticias-villa-maria\/#\/schema\/person\/d5e4b04966154131701e52c45d3efec9"},"headline":"Cambio de nombre del Centro Cultural Kirchner: Una oportunidad para Victoria Ocampo","datePublished":"2024-03-31T22:49:40+00:00","dateModified":"2024-04-02T22:57:47+00:00","mainEntityOfPage":{"@id":"https:\/\/elregionalvm.com.ar\/noticias-villa-maria\/cambio-de-nombre-del-centro-cultural-kirchner-una-oportunidad-para-victoria-ocampo\/"},"wordCount":806,"commentCount":0,"image":{"@id":"https:\/\/elregionalvm.com.ar\/noticias-villa-maria\/cambio-de-nombre-del-centro-cultural-kirchner-una-oportunidad-para-victoria-ocampo\/#primaryimage"},"thumbnailUrl":"https:\/\/i0.wp.com\/elregionalvm.com.ar\/noticias-villa-maria\/wp-content\/uploads\/2024\/03\/Centro-Cultural-Kirchner-2.jpg?fit=2000%2C1333&ssl=1","keywords":["Borges","Centro Cultural Kirchner","Cort\u00e1zar","editora","empresaria cultural","giro cultural","Javier Milei","S\u00e1bato","Silvina Ocampo","Victoria Ocampo"],"articleSection":["Cultura","Opini\u00f3n","tercera"],"inLanguage":"es","potentialAction":[{"@type":"CommentAction","name":"Comment","target":["https:\/\/elregionalvm.com.ar\/noticias-villa-maria\/cambio-de-nombre-del-centro-cultural-kirchner-una-oportunidad-para-victoria-ocampo\/#respond"]}]},{"@type":"WebPage","@id":"https:\/\/elregionalvm.com.ar\/noticias-villa-maria\/cambio-de-nombre-del-centro-cultural-kirchner-una-oportunidad-para-victoria-ocampo\/","url":"https:\/\/elregionalvm.com.ar\/noticias-villa-maria\/cambio-de-nombre-del-centro-cultural-kirchner-una-oportunidad-para-victoria-ocampo\/","name":"Cambio de nombre del Centro Cultural Kirchner: Una oportunidad para Victoria Ocampo - El Regional","isPartOf":{"@id":"http:\/\/elregionalvm.com.ar\/noticias-villa-maria\/#website"},"primaryImageOfPage":{"@id":"https:\/\/elregionalvm.com.ar\/noticias-villa-maria\/cambio-de-nombre-del-centro-cultural-kirchner-una-oportunidad-para-victoria-ocampo\/#primaryimage"},"image":{"@id":"https:\/\/elregionalvm.com.ar\/noticias-villa-maria\/cambio-de-nombre-del-centro-cultural-kirchner-una-oportunidad-para-victoria-ocampo\/#primaryimage"},"thumbnailUrl":"https:\/\/i0.wp.com\/elregionalvm.com.ar\/noticias-villa-maria\/wp-content\/uploads\/2024\/03\/Centro-Cultural-Kirchner-2.jpg?fit=2000%2C1333&ssl=1","datePublished":"2024-03-31T22:49:40+00:00","dateModified":"2024-04-02T22:57:47+00:00","author":{"@id":"http:\/\/elregionalvm.com.ar\/noticias-villa-maria\/#\/schema\/person\/d5e4b04966154131701e52c45d3efec9"},"breadcrumb":{"@id":"https:\/\/elregionalvm.com.ar\/noticias-villa-maria\/cambio-de-nombre-del-centro-cultural-kirchner-una-oportunidad-para-victoria-ocampo\/#breadcrumb"},"inLanguage":"es","potentialAction":[{"@type":"ReadAction","target":["https:\/\/elregionalvm.com.ar\/noticias-villa-maria\/cambio-de-nombre-del-centro-cultural-kirchner-una-oportunidad-para-victoria-ocampo\/"]}]},{"@type":"ImageObject","inLanguage":"es","@id":"https:\/\/elregionalvm.com.ar\/noticias-villa-maria\/cambio-de-nombre-del-centro-cultural-kirchner-una-oportunidad-para-victoria-ocampo\/#primaryimage","url":"https:\/\/i0.wp.com\/elregionalvm.com.ar\/noticias-villa-maria\/wp-content\/uploads\/2024\/03\/Centro-Cultural-Kirchner-2.jpg?fit=2000%2C1333&ssl=1","contentUrl":"https:\/\/i0.wp.com\/elregionalvm.com.ar\/noticias-villa-maria\/wp-content\/uploads\/2024\/03\/Centro-Cultural-Kirchner-2.jpg?fit=2000%2C1333&ssl=1","width":2000,"height":1333},{"@type":"BreadcrumbList","@id":"https:\/\/elregionalvm.com.ar\/noticias-villa-maria\/cambio-de-nombre-del-centro-cultural-kirchner-una-oportunidad-para-victoria-ocampo\/#breadcrumb","itemListElement":[{"@type":"ListItem","position":1,"name":"Portada","item":"https:\/\/elregionalvm.com.ar\/noticias-villa-maria\/"},{"@type":"ListItem","position":2,"name":"Cambio de nombre del Centro Cultural Kirchner: Una oportunidad para Victoria Ocampo"}]},{"@type":"WebSite","@id":"http:\/\/elregionalvm.com.ar\/noticias-villa-maria\/#website","url":"http:\/\/elregionalvm.com.ar\/noticias-villa-maria\/","name":"El Regional","description":"Mucho m\u00e1s que informaci\u00f3n","potentialAction":[{"@type":"SearchAction","target":{"@type":"EntryPoint","urlTemplate":"http:\/\/elregionalvm.com.ar\/noticias-villa-maria\/?s={search_term_string}"},"query-input":{"@type":"PropertyValueSpecification","valueRequired":true,"valueName":"search_term_string"}}],"inLanguage":"es"},{"@type":"Person","@id":"http:\/\/elregionalvm.com.ar\/noticias-villa-maria\/#\/schema\/person\/d5e4b04966154131701e52c45d3efec9","name":"Germ\u00e1n Giacchero","image":{"@type":"ImageObject","inLanguage":"es","@id":"http:\/\/elregionalvm.com.ar\/noticias-villa-maria\/#\/schema\/person\/image\/","url":"https:\/\/secure.gravatar.com\/avatar\/fda163ba5ef0307ee5be9846e10f83b6e83d0cfb260d3b2464830318894c6b04?s=96&d=mm&r=g","contentUrl":"https:\/\/secure.gravatar.com\/avatar\/fda163ba5ef0307ee5be9846e10f83b6e83d0cfb260d3b2464830318894c6b04?s=96&d=mm&r=g","caption":"Germ\u00e1n Giacchero"},"url":"https:\/\/elregionalvm.com.ar\/noticias-villa-maria\/author\/germangiacchero\/"}]}},"jetpack_featured_media_url":"https:\/\/i0.wp.com\/elregionalvm.com.ar\/noticias-villa-maria\/wp-content\/uploads\/2024\/03\/Centro-Cultural-Kirchner-2.jpg?fit=2000%2C1333&ssl=1","jetpack_sharing_enabled":true,"_links":{"self":[{"href":"https:\/\/elregionalvm.com.ar\/noticias-villa-maria\/wp-json\/wp\/v2\/posts\/91960","targetHints":{"allow":["GET"]}}],"collection":[{"href":"https:\/\/elregionalvm.com.ar\/noticias-villa-maria\/wp-json\/wp\/v2\/posts"}],"about":[{"href":"https:\/\/elregionalvm.com.ar\/noticias-villa-maria\/wp-json\/wp\/v2\/types\/post"}],"author":[{"embeddable":true,"href":"https:\/\/elregionalvm.com.ar\/noticias-villa-maria\/wp-json\/wp\/v2\/users\/6"}],"replies":[{"embeddable":true,"href":"https:\/\/elregionalvm.com.ar\/noticias-villa-maria\/wp-json\/wp\/v2\/comments?post=91960"}],"version-history":[{"count":2,"href":"https:\/\/elregionalvm.com.ar\/noticias-villa-maria\/wp-json\/wp\/v2\/posts\/91960\/revisions"}],"predecessor-version":[{"id":91966,"href":"https:\/\/elregionalvm.com.ar\/noticias-villa-maria\/wp-json\/wp\/v2\/posts\/91960\/revisions\/91966"}],"wp:featuredmedia":[{"embeddable":true,"href":"https:\/\/elregionalvm.com.ar\/noticias-villa-maria\/wp-json\/wp\/v2\/media\/91965"}],"wp:attachment":[{"href":"https:\/\/elregionalvm.com.ar\/noticias-villa-maria\/wp-json\/wp\/v2\/media?parent=91960"}],"wp:term":[{"taxonomy":"category","embeddable":true,"href":"https:\/\/elregionalvm.com.ar\/noticias-villa-maria\/wp-json\/wp\/v2\/categories?post=91960"},{"taxonomy":"post_tag","embeddable":true,"href":"https:\/\/elregionalvm.com.ar\/noticias-villa-maria\/wp-json\/wp\/v2\/tags?post=91960"}],"curies":[{"name":"wp","href":"https:\/\/api.w.org\/{rel}","templated":true}]}}