{"id":92031,"date":"2024-04-03T02:14:53","date_gmt":"2024-04-03T02:14:53","guid":{"rendered":"https:\/\/elregionalvm.com.ar\/noticias-villa-maria\/?p=92031"},"modified":"2024-04-03T02:14:55","modified_gmt":"2024-04-03T02:14:55","slug":"inscriben-para-las-capacitaciones-de-la-escuela-de-formacion-profesional-de-la-unvm","status":"publish","type":"post","link":"https:\/\/elregionalvm.com.ar\/noticias-villa-maria\/inscriben-para-las-capacitaciones-de-la-escuela-de-formacion-profesional-de-la-unvm\/","title":{"rendered":"Inscriben para las capacitaciones de la Escuela de Formaci\u00f3n Profesional de la UNVM"},"content":{"rendered":"\n<p>La Escuela de Formaci\u00f3n Profesional OBRA de la Universidad Nacional Villa Mar\u00eda (UNVM) present\u00f3 las propuestas de formaci\u00f3n que comienzan este mes en nuestra ciudad. Ya se encuentran abiertas las inscripciones.<\/p>\n\n\n\n<p>En primer lugar, el viernes 19 de abril iniciar\u00e1 una nueva edici\u00f3n del Taller de Fotograf\u00eda de producto y generaci\u00f3n de contenidos creativos para redes en el Campus de la UNVM.<\/p>\n\n\n\n<p>Este a\u00f1o se ofrecer\u00e1 conjuntamente con los Institutos Acad\u00e9micos Pedag\u00f3gicos de Ciencias Humanas y Cs. Sociales.<\/p>\n\n\n\n<p>Por otro lado, junto al I.A.P. de Cs. B\u00e1sicas y Aplicadas se brindar\u00e1 el Curso Instalaci\u00f3n de Termotanques Solares, que tiene como objetivo que las y los participantes adquieran habilidades en el asesoramiento e instalaci\u00f3n de sistemas solares t\u00e9rmicos compactos. Este curso comenzar\u00e1 el s\u00e1bado 20 de abril en el Campus universitario.<\/p>\n\n\n\n<p><\/p>\n\n\n\n<figure class=\"wp-block-image size-large\"><img data-recalc-dims=\"1\" fetchpriority=\"high\" decoding=\"async\" width=\"1024\" height=\"640\" src=\"https:\/\/i0.wp.com\/elregionalvm.com.ar\/noticias-villa-maria\/wp-content\/uploads\/2022\/09\/unvm.jpg?resize=1024%2C640&#038;ssl=1\" alt=\"\" class=\"wp-image-64462\" srcset=\"https:\/\/i0.wp.com\/elregionalvm.com.ar\/noticias-villa-maria\/wp-content\/uploads\/2022\/09\/unvm.jpg?resize=1024%2C640&amp;ssl=1 1024w, https:\/\/i0.wp.com\/elregionalvm.com.ar\/noticias-villa-maria\/wp-content\/uploads\/2022\/09\/unvm.jpg?resize=300%2C188&amp;ssl=1 300w, https:\/\/i0.wp.com\/elregionalvm.com.ar\/noticias-villa-maria\/wp-content\/uploads\/2022\/09\/unvm.jpg?resize=768%2C480&amp;ssl=1 768w, https:\/\/i0.wp.com\/elregionalvm.com.ar\/noticias-villa-maria\/wp-content\/uploads\/2022\/09\/unvm.jpg?w=1080&amp;ssl=1 1080w\" sizes=\"(max-width: 1000px) 100vw, 1000px\" \/><\/figure>\n\n\n\n<p><\/p>\n\n\n\n<p>Como novedad, se brindar\u00e1 en mayo la Diplomatura Universitaria en Secretariado Administrativo, una iniciativa ofrecida junto al Instituto Acad\u00e9mico Pedag\u00f3gico de Cs. Sociales.<\/p>\n\n\n\n<p>Su prop\u00f3sito es proporcionar a las\/los estudiantes las herramientas y conocimientos necesarios para navegar y prosperar en entornos de trabajo modernos. Al integrar habilidades socioemocionales, tecnol\u00f3gicas y contables, el programa no solo aumenta la empleabilidad de los estudiantes, sino que tambi\u00e9n los prepara para enfrentar desaf\u00edos emergentes en el \u00e1mbito laboral.<\/p>\n\n\n\n<p>Por \u00faltimo, se desarrollar\u00e1 una nueva edici\u00f3n del curso Asistente Administrativo de Farmacia con el objetivo de brindar las competencias para desempe\u00f1arse en tareas de apoyo en la oficina de farmacia, bajo la supervisi\u00f3n personal, directa e inmediata de un profesional farmac\u00e9utico.<\/p>\n\n\n\n<p>Este a\u00f1o, la modalidad ser\u00e1 semipresencial. El primer encuentro presencial se realizar\u00e1 el s\u00e1bado 4 de mayo en el Campus de la UNVM. Esta propuesta se desarrolla junto al Instituto Acad\u00e9mico Pedag\u00f3gico de Ciencias Humanas, la C\u00e1mara de Farmacias del Centro Argentino, la Red de Farmacias Moderna y con el aval acad\u00e9mico de la Facultad de Ciencias Qu\u00edmicas de la Universidad Nacional de C\u00f3rdoba.<\/p>\n\n\n\n<p>Los detalles sobre cada capacitaci\u00f3n, costos e inscripci\u00f3n est\u00e1n disponibles obra.unvm.edu.ar.<\/p>\n\n\n\n<p><\/p>\n","protected":false},"excerpt":{"rendered":"<p>La Escuela de Formaci\u00f3n Profesional OBRA de la Universidad Nacional Villa Mar\u00eda (UNVM) present\u00f3 las propuestas de formaci\u00f3n que comienzan este mes en nuestra ciudad. Ya se encuentran abiertas las inscripciones. En primer lugar, el viernes 19 de abril iniciar\u00e1 una nueva edici\u00f3n del Taller de Fotograf\u00eda de producto y generaci\u00f3n de contenidos creativos para [&hellip;]<\/p>\n","protected":false},"author":6,"featured_media":92033,"comment_status":"open","ping_status":"open","sticky":false,"template":"","format":"standard","meta":{"site-sidebar-layout":"default","site-content-layout":"","ast-site-content-layout":"default","site-content-style":"default","site-sidebar-style":"default","ast-global-header-display":"","ast-banner-title-visibility":"","ast-main-header-display":"","ast-hfb-above-header-display":"","ast-hfb-below-header-display":"","ast-hfb-mobile-header-display":"","site-post-title":"","ast-breadcrumbs-content":"","ast-featured-img":"","footer-sml-layout":"","ast-disable-related-posts":"","theme-transparent-header-meta":"","adv-header-id-meta":"","stick-header-meta":"","header-above-stick-meta":"","header-main-stick-meta":"","header-below-stick-meta":"","astra-migrate-meta-layouts":"set","ast-page-background-enabled":"default","ast-page-background-meta":{"desktop":{"background-color":"","background-image":"","background-repeat":"repeat","background-position":"center center","background-size":"auto","background-attachment":"scroll","background-type":"","background-media":"","overlay-type":"","overlay-color":"","overlay-opacity":"","overlay-gradient":""},"tablet":{"background-color":"","background-image":"","background-repeat":"repeat","background-position":"center center","background-size":"auto","background-attachment":"scroll","background-type":"","background-media":"","overlay-type":"","overlay-color":"","overlay-opacity":"","overlay-gradient":""},"mobile":{"background-color":"","background-image":"","background-repeat":"repeat","background-position":"center center","background-size":"auto","background-attachment":"scroll","background-type":"","background-media":"","overlay-type":"","overlay-color":"","overlay-opacity":"","overlay-gradient":""}},"ast-content-background-meta":{"desktop":{"background-color":"var(--ast-global-color-5)","background-image":"","background-repeat":"repeat","background-position":"center center","background-size":"auto","background-attachment":"scroll","background-type":"","background-media":"","overlay-type":"","overlay-color":"","overlay-opacity":"","overlay-gradient":""},"tablet":{"background-color":"var(--ast-global-color-5)","background-image":"","background-repeat":"repeat","background-position":"center center","background-size":"auto","background-attachment":"scroll","background-type":"","background-media":"","overlay-type":"","overlay-color":"","overlay-opacity":"","overlay-gradient":""},"mobile":{"background-color":"var(--ast-global-color-5)","background-image":"","background-repeat":"repeat","background-position":"center center","background-size":"auto","background-attachment":"scroll","background-type":"","background-media":"","overlay-type":"","overlay-color":"","overlay-opacity":"","overlay-gradient":""}},"_jetpack_memberships_contains_paid_content":false,"_joinchat":[],"footnotes":""},"categories":[15302,2],"tags":[4138,7883,23773,5241,7471,459],"class_list":["post-92031","post","type-post","status-publish","format-standard","has-post-thumbnail","hentry","category-destacado","category-villa-maria","tag-capacitaciones","tag-cursos","tag-escuela-de-formacion-profesional","tag-inscripciones","tag-talleres","tag-unvm"],"yoast_head":"<!-- This site is optimized with the Yoast SEO plugin v26.8 - https:\/\/yoast.com\/product\/yoast-seo-wordpress\/ -->\n<title>Inscriben para las capacitaciones de la Escuela de Formaci\u00f3n Profesional de la UNVM - El Regional<\/title>\n<meta name=\"robots\" content=\"index, follow, max-snippet:-1, max-image-preview:large, max-video-preview:-1\" \/>\n<link rel=\"canonical\" href=\"https:\/\/elregionalvm.com.ar\/noticias-villa-maria\/inscriben-para-las-capacitaciones-de-la-escuela-de-formacion-profesional-de-la-unvm\/\" \/>\n<meta property=\"og:locale\" content=\"es_ES\" \/>\n<meta property=\"og:type\" content=\"article\" \/>\n<meta property=\"og:title\" content=\"Inscriben para las capacitaciones de la Escuela de Formaci\u00f3n Profesional de la UNVM - El Regional\" \/>\n<meta property=\"og:description\" content=\"La Escuela de Formaci\u00f3n Profesional OBRA de la Universidad Nacional Villa Mar\u00eda (UNVM) present\u00f3 las propuestas de formaci\u00f3n que comienzan este mes en nuestra ciudad. Ya se encuentran abiertas las inscripciones. En primer lugar, el viernes 19 de abril iniciar\u00e1 una nueva edici\u00f3n del Taller de Fotograf\u00eda de producto y generaci\u00f3n de contenidos creativos para [&hellip;]\" \/>\n<meta property=\"og:url\" content=\"https:\/\/elregionalvm.com.ar\/noticias-villa-maria\/inscriben-para-las-capacitaciones-de-la-escuela-de-formacion-profesional-de-la-unvm\/\" \/>\n<meta property=\"og:site_name\" content=\"El Regional\" \/>\n<meta property=\"article:publisher\" content=\"https:\/\/www.facebook.com\/elregionalvm\" \/>\n<meta property=\"article:published_time\" content=\"2024-04-03T02:14:53+00:00\" \/>\n<meta property=\"article:modified_time\" content=\"2024-04-03T02:14:55+00:00\" \/>\n<meta property=\"og:image\" content=\"https:\/\/elregionalvm.com.ar\/noticias-villa-maria\/wp-content\/uploads\/2024\/04\/asistente-farmacia-empleados.jpg\" \/>\n\t<meta property=\"og:image:width\" content=\"1000\" \/>\n\t<meta property=\"og:image:height\" content=\"645\" \/>\n\t<meta property=\"og:image:type\" content=\"image\/jpeg\" \/>\n<meta name=\"author\" content=\"Germ\u00e1n Giacchero\" \/>\n<meta name=\"twitter:card\" content=\"summary_large_image\" \/>\n<meta name=\"twitter:creator\" content=\"@elregionalvm1\" \/>\n<meta name=\"twitter:site\" content=\"@elregionalvm1\" \/>\n<meta name=\"twitter:label1\" content=\"Escrito por\" \/>\n\t<meta name=\"twitter:data1\" content=\"Germ\u00e1n Giacchero\" \/>\n\t<meta name=\"twitter:label2\" content=\"Tiempo de lectura\" \/>\n\t<meta name=\"twitter:data2\" content=\"2 minutos\" \/>\n<script type=\"application\/ld+json\" class=\"yoast-schema-graph\">{\"@context\":\"https:\/\/schema.org\",\"@graph\":[{\"@type\":\"Article\",\"@id\":\"https:\/\/elregionalvm.com.ar\/noticias-villa-maria\/inscriben-para-las-capacitaciones-de-la-escuela-de-formacion-profesional-de-la-unvm\/#article\",\"isPartOf\":{\"@id\":\"https:\/\/elregionalvm.com.ar\/noticias-villa-maria\/inscriben-para-las-capacitaciones-de-la-escuela-de-formacion-profesional-de-la-unvm\/\"},\"author\":{\"name\":\"Germ\u00e1n Giacchero\",\"@id\":\"http:\/\/elregionalvm.com.ar\/noticias-villa-maria\/#\/schema\/person\/d5e4b04966154131701e52c45d3efec9\"},\"headline\":\"Inscriben para las capacitaciones de la Escuela de Formaci\u00f3n Profesional de la UNVM\",\"datePublished\":\"2024-04-03T02:14:53+00:00\",\"dateModified\":\"2024-04-03T02:14:55+00:00\",\"mainEntityOfPage\":{\"@id\":\"https:\/\/elregionalvm.com.ar\/noticias-villa-maria\/inscriben-para-las-capacitaciones-de-la-escuela-de-formacion-profesional-de-la-unvm\/\"},\"wordCount\":373,\"commentCount\":0,\"image\":{\"@id\":\"https:\/\/elregionalvm.com.ar\/noticias-villa-maria\/inscriben-para-las-capacitaciones-de-la-escuela-de-formacion-profesional-de-la-unvm\/#primaryimage\"},\"thumbnailUrl\":\"https:\/\/i0.wp.com\/elregionalvm.com.ar\/noticias-villa-maria\/wp-content\/uploads\/2024\/04\/asistente-farmacia-empleados.jpg?fit=1000%2C645&ssl=1\",\"keywords\":[\"Capacitaciones\",\"cursos\",\"Escuela de Formaci\u00f3n Profesional\",\"inscripciones\",\"talleres\",\"UNVM\"],\"articleSection\":[\"destacado\",\"Villa Mar\u00eda\"],\"inLanguage\":\"es\",\"potentialAction\":[{\"@type\":\"CommentAction\",\"name\":\"Comment\",\"target\":[\"https:\/\/elregionalvm.com.ar\/noticias-villa-maria\/inscriben-para-las-capacitaciones-de-la-escuela-de-formacion-profesional-de-la-unvm\/#respond\"]}]},{\"@type\":\"WebPage\",\"@id\":\"https:\/\/elregionalvm.com.ar\/noticias-villa-maria\/inscriben-para-las-capacitaciones-de-la-escuela-de-formacion-profesional-de-la-unvm\/\",\"url\":\"https:\/\/elregionalvm.com.ar\/noticias-villa-maria\/inscriben-para-las-capacitaciones-de-la-escuela-de-formacion-profesional-de-la-unvm\/\",\"name\":\"Inscriben para las capacitaciones de la Escuela de Formaci\u00f3n Profesional de la UNVM - El Regional\",\"isPartOf\":{\"@id\":\"http:\/\/elregionalvm.com.ar\/noticias-villa-maria\/#website\"},\"primaryImageOfPage\":{\"@id\":\"https:\/\/elregionalvm.com.ar\/noticias-villa-maria\/inscriben-para-las-capacitaciones-de-la-escuela-de-formacion-profesional-de-la-unvm\/#primaryimage\"},\"image\":{\"@id\":\"https:\/\/elregionalvm.com.ar\/noticias-villa-maria\/inscriben-para-las-capacitaciones-de-la-escuela-de-formacion-profesional-de-la-unvm\/#primaryimage\"},\"thumbnailUrl\":\"https:\/\/i0.wp.com\/elregionalvm.com.ar\/noticias-villa-maria\/wp-content\/uploads\/2024\/04\/asistente-farmacia-empleados.jpg?fit=1000%2C645&ssl=1\",\"datePublished\":\"2024-04-03T02:14:53+00:00\",\"dateModified\":\"2024-04-03T02:14:55+00:00\",\"author\":{\"@id\":\"http:\/\/elregionalvm.com.ar\/noticias-villa-maria\/#\/schema\/person\/d5e4b04966154131701e52c45d3efec9\"},\"breadcrumb\":{\"@id\":\"https:\/\/elregionalvm.com.ar\/noticias-villa-maria\/inscriben-para-las-capacitaciones-de-la-escuela-de-formacion-profesional-de-la-unvm\/#breadcrumb\"},\"inLanguage\":\"es\",\"potentialAction\":[{\"@type\":\"ReadAction\",\"target\":[\"https:\/\/elregionalvm.com.ar\/noticias-villa-maria\/inscriben-para-las-capacitaciones-de-la-escuela-de-formacion-profesional-de-la-unvm\/\"]}]},{\"@type\":\"ImageObject\",\"inLanguage\":\"es\",\"@id\":\"https:\/\/elregionalvm.com.ar\/noticias-villa-maria\/inscriben-para-las-capacitaciones-de-la-escuela-de-formacion-profesional-de-la-unvm\/#primaryimage\",\"url\":\"https:\/\/i0.wp.com\/elregionalvm.com.ar\/noticias-villa-maria\/wp-content\/uploads\/2024\/04\/asistente-farmacia-empleados.jpg?fit=1000%2C645&ssl=1\",\"contentUrl\":\"https:\/\/i0.wp.com\/elregionalvm.com.ar\/noticias-villa-maria\/wp-content\/uploads\/2024\/04\/asistente-farmacia-empleados.jpg?fit=1000%2C645&ssl=1\",\"width\":1000,\"height\":645},{\"@type\":\"BreadcrumbList\",\"@id\":\"https:\/\/elregionalvm.com.ar\/noticias-villa-maria\/inscriben-para-las-capacitaciones-de-la-escuela-de-formacion-profesional-de-la-unvm\/#breadcrumb\",\"itemListElement\":[{\"@type\":\"ListItem\",\"position\":1,\"name\":\"Portada\",\"item\":\"https:\/\/elregionalvm.com.ar\/noticias-villa-maria\/\"},{\"@type\":\"ListItem\",\"position\":2,\"name\":\"Inscriben para las capacitaciones de la Escuela de Formaci\u00f3n Profesional de la UNVM\"}]},{\"@type\":\"WebSite\",\"@id\":\"http:\/\/elregionalvm.com.ar\/noticias-villa-maria\/#website\",\"url\":\"http:\/\/elregionalvm.com.ar\/noticias-villa-maria\/\",\"name\":\"El Regional\",\"description\":\"Mucho m\u00e1s que informaci\u00f3n\",\"potentialAction\":[{\"@type\":\"SearchAction\",\"target\":{\"@type\":\"EntryPoint\",\"urlTemplate\":\"http:\/\/elregionalvm.com.ar\/noticias-villa-maria\/?s={search_term_string}\"},\"query-input\":{\"@type\":\"PropertyValueSpecification\",\"valueRequired\":true,\"valueName\":\"search_term_string\"}}],\"inLanguage\":\"es\"},{\"@type\":\"Person\",\"@id\":\"http:\/\/elregionalvm.com.ar\/noticias-villa-maria\/#\/schema\/person\/d5e4b04966154131701e52c45d3efec9\",\"name\":\"Germ\u00e1n Giacchero\",\"image\":{\"@type\":\"ImageObject\",\"inLanguage\":\"es\",\"@id\":\"http:\/\/elregionalvm.com.ar\/noticias-villa-maria\/#\/schema\/person\/image\/\",\"url\":\"https:\/\/secure.gravatar.com\/avatar\/fda163ba5ef0307ee5be9846e10f83b6e83d0cfb260d3b2464830318894c6b04?s=96&d=mm&r=g\",\"contentUrl\":\"https:\/\/secure.gravatar.com\/avatar\/fda163ba5ef0307ee5be9846e10f83b6e83d0cfb260d3b2464830318894c6b04?s=96&d=mm&r=g\",\"caption\":\"Germ\u00e1n Giacchero\"},\"url\":\"https:\/\/elregionalvm.com.ar\/noticias-villa-maria\/author\/germangiacchero\/\"}]}<\/script>\n<!-- \/ Yoast SEO plugin. -->","yoast_head_json":{"title":"Inscriben para las capacitaciones de la Escuela de Formaci\u00f3n Profesional de la UNVM - El Regional","robots":{"index":"index","follow":"follow","max-snippet":"max-snippet:-1","max-image-preview":"max-image-preview:large","max-video-preview":"max-video-preview:-1"},"canonical":"https:\/\/elregionalvm.com.ar\/noticias-villa-maria\/inscriben-para-las-capacitaciones-de-la-escuela-de-formacion-profesional-de-la-unvm\/","og_locale":"es_ES","og_type":"article","og_title":"Inscriben para las capacitaciones de la Escuela de Formaci\u00f3n Profesional de la UNVM - El Regional","og_description":"La Escuela de Formaci\u00f3n Profesional OBRA de la Universidad Nacional Villa Mar\u00eda (UNVM) present\u00f3 las propuestas de formaci\u00f3n que comienzan este mes en nuestra ciudad. Ya se encuentran abiertas las inscripciones. En primer lugar, el viernes 19 de abril iniciar\u00e1 una nueva edici\u00f3n del Taller de Fotograf\u00eda de producto y generaci\u00f3n de contenidos creativos para [&hellip;]","og_url":"https:\/\/elregionalvm.com.ar\/noticias-villa-maria\/inscriben-para-las-capacitaciones-de-la-escuela-de-formacion-profesional-de-la-unvm\/","og_site_name":"El Regional","article_publisher":"https:\/\/www.facebook.com\/elregionalvm","article_published_time":"2024-04-03T02:14:53+00:00","article_modified_time":"2024-04-03T02:14:55+00:00","og_image":[{"width":1000,"height":645,"url":"https:\/\/elregionalvm.com.ar\/noticias-villa-maria\/wp-content\/uploads\/2024\/04\/asistente-farmacia-empleados.jpg","type":"image\/jpeg"}],"author":"Germ\u00e1n Giacchero","twitter_card":"summary_large_image","twitter_creator":"@elregionalvm1","twitter_site":"@elregionalvm1","twitter_misc":{"Escrito por":"Germ\u00e1n Giacchero","Tiempo de lectura":"2 minutos"},"schema":{"@context":"https:\/\/schema.org","@graph":[{"@type":"Article","@id":"https:\/\/elregionalvm.com.ar\/noticias-villa-maria\/inscriben-para-las-capacitaciones-de-la-escuela-de-formacion-profesional-de-la-unvm\/#article","isPartOf":{"@id":"https:\/\/elregionalvm.com.ar\/noticias-villa-maria\/inscriben-para-las-capacitaciones-de-la-escuela-de-formacion-profesional-de-la-unvm\/"},"author":{"name":"Germ\u00e1n Giacchero","@id":"http:\/\/elregionalvm.com.ar\/noticias-villa-maria\/#\/schema\/person\/d5e4b04966154131701e52c45d3efec9"},"headline":"Inscriben para las capacitaciones de la Escuela de Formaci\u00f3n Profesional de la UNVM","datePublished":"2024-04-03T02:14:53+00:00","dateModified":"2024-04-03T02:14:55+00:00","mainEntityOfPage":{"@id":"https:\/\/elregionalvm.com.ar\/noticias-villa-maria\/inscriben-para-las-capacitaciones-de-la-escuela-de-formacion-profesional-de-la-unvm\/"},"wordCount":373,"commentCount":0,"image":{"@id":"https:\/\/elregionalvm.com.ar\/noticias-villa-maria\/inscriben-para-las-capacitaciones-de-la-escuela-de-formacion-profesional-de-la-unvm\/#primaryimage"},"thumbnailUrl":"https:\/\/i0.wp.com\/elregionalvm.com.ar\/noticias-villa-maria\/wp-content\/uploads\/2024\/04\/asistente-farmacia-empleados.jpg?fit=1000%2C645&ssl=1","keywords":["Capacitaciones","cursos","Escuela de Formaci\u00f3n Profesional","inscripciones","talleres","UNVM"],"articleSection":["destacado","Villa Mar\u00eda"],"inLanguage":"es","potentialAction":[{"@type":"CommentAction","name":"Comment","target":["https:\/\/elregionalvm.com.ar\/noticias-villa-maria\/inscriben-para-las-capacitaciones-de-la-escuela-de-formacion-profesional-de-la-unvm\/#respond"]}]},{"@type":"WebPage","@id":"https:\/\/elregionalvm.com.ar\/noticias-villa-maria\/inscriben-para-las-capacitaciones-de-la-escuela-de-formacion-profesional-de-la-unvm\/","url":"https:\/\/elregionalvm.com.ar\/noticias-villa-maria\/inscriben-para-las-capacitaciones-de-la-escuela-de-formacion-profesional-de-la-unvm\/","name":"Inscriben para las capacitaciones de la Escuela de Formaci\u00f3n Profesional de la UNVM - El Regional","isPartOf":{"@id":"http:\/\/elregionalvm.com.ar\/noticias-villa-maria\/#website"},"primaryImageOfPage":{"@id":"https:\/\/elregionalvm.com.ar\/noticias-villa-maria\/inscriben-para-las-capacitaciones-de-la-escuela-de-formacion-profesional-de-la-unvm\/#primaryimage"},"image":{"@id":"https:\/\/elregionalvm.com.ar\/noticias-villa-maria\/inscriben-para-las-capacitaciones-de-la-escuela-de-formacion-profesional-de-la-unvm\/#primaryimage"},"thumbnailUrl":"https:\/\/i0.wp.com\/elregionalvm.com.ar\/noticias-villa-maria\/wp-content\/uploads\/2024\/04\/asistente-farmacia-empleados.jpg?fit=1000%2C645&ssl=1","datePublished":"2024-04-03T02:14:53+00:00","dateModified":"2024-04-03T02:14:55+00:00","author":{"@id":"http:\/\/elregionalvm.com.ar\/noticias-villa-maria\/#\/schema\/person\/d5e4b04966154131701e52c45d3efec9"},"breadcrumb":{"@id":"https:\/\/elregionalvm.com.ar\/noticias-villa-maria\/inscriben-para-las-capacitaciones-de-la-escuela-de-formacion-profesional-de-la-unvm\/#breadcrumb"},"inLanguage":"es","potentialAction":[{"@type":"ReadAction","target":["https:\/\/elregionalvm.com.ar\/noticias-villa-maria\/inscriben-para-las-capacitaciones-de-la-escuela-de-formacion-profesional-de-la-unvm\/"]}]},{"@type":"ImageObject","inLanguage":"es","@id":"https:\/\/elregionalvm.com.ar\/noticias-villa-maria\/inscriben-para-las-capacitaciones-de-la-escuela-de-formacion-profesional-de-la-unvm\/#primaryimage","url":"https:\/\/i0.wp.com\/elregionalvm.com.ar\/noticias-villa-maria\/wp-content\/uploads\/2024\/04\/asistente-farmacia-empleados.jpg?fit=1000%2C645&ssl=1","contentUrl":"https:\/\/i0.wp.com\/elregionalvm.com.ar\/noticias-villa-maria\/wp-content\/uploads\/2024\/04\/asistente-farmacia-empleados.jpg?fit=1000%2C645&ssl=1","width":1000,"height":645},{"@type":"BreadcrumbList","@id":"https:\/\/elregionalvm.com.ar\/noticias-villa-maria\/inscriben-para-las-capacitaciones-de-la-escuela-de-formacion-profesional-de-la-unvm\/#breadcrumb","itemListElement":[{"@type":"ListItem","position":1,"name":"Portada","item":"https:\/\/elregionalvm.com.ar\/noticias-villa-maria\/"},{"@type":"ListItem","position":2,"name":"Inscriben para las capacitaciones de la Escuela de Formaci\u00f3n Profesional de la UNVM"}]},{"@type":"WebSite","@id":"http:\/\/elregionalvm.com.ar\/noticias-villa-maria\/#website","url":"http:\/\/elregionalvm.com.ar\/noticias-villa-maria\/","name":"El Regional","description":"Mucho m\u00e1s que informaci\u00f3n","potentialAction":[{"@type":"SearchAction","target":{"@type":"EntryPoint","urlTemplate":"http:\/\/elregionalvm.com.ar\/noticias-villa-maria\/?s={search_term_string}"},"query-input":{"@type":"PropertyValueSpecification","valueRequired":true,"valueName":"search_term_string"}}],"inLanguage":"es"},{"@type":"Person","@id":"http:\/\/elregionalvm.com.ar\/noticias-villa-maria\/#\/schema\/person\/d5e4b04966154131701e52c45d3efec9","name":"Germ\u00e1n Giacchero","image":{"@type":"ImageObject","inLanguage":"es","@id":"http:\/\/elregionalvm.com.ar\/noticias-villa-maria\/#\/schema\/person\/image\/","url":"https:\/\/secure.gravatar.com\/avatar\/fda163ba5ef0307ee5be9846e10f83b6e83d0cfb260d3b2464830318894c6b04?s=96&d=mm&r=g","contentUrl":"https:\/\/secure.gravatar.com\/avatar\/fda163ba5ef0307ee5be9846e10f83b6e83d0cfb260d3b2464830318894c6b04?s=96&d=mm&r=g","caption":"Germ\u00e1n Giacchero"},"url":"https:\/\/elregionalvm.com.ar\/noticias-villa-maria\/author\/germangiacchero\/"}]}},"jetpack_featured_media_url":"https:\/\/i0.wp.com\/elregionalvm.com.ar\/noticias-villa-maria\/wp-content\/uploads\/2024\/04\/asistente-farmacia-empleados.jpg?fit=1000%2C645&ssl=1","jetpack_sharing_enabled":true,"_links":{"self":[{"href":"https:\/\/elregionalvm.com.ar\/noticias-villa-maria\/wp-json\/wp\/v2\/posts\/92031","targetHints":{"allow":["GET"]}}],"collection":[{"href":"https:\/\/elregionalvm.com.ar\/noticias-villa-maria\/wp-json\/wp\/v2\/posts"}],"about":[{"href":"https:\/\/elregionalvm.com.ar\/noticias-villa-maria\/wp-json\/wp\/v2\/types\/post"}],"author":[{"embeddable":true,"href":"https:\/\/elregionalvm.com.ar\/noticias-villa-maria\/wp-json\/wp\/v2\/users\/6"}],"replies":[{"embeddable":true,"href":"https:\/\/elregionalvm.com.ar\/noticias-villa-maria\/wp-json\/wp\/v2\/comments?post=92031"}],"version-history":[{"count":2,"href":"https:\/\/elregionalvm.com.ar\/noticias-villa-maria\/wp-json\/wp\/v2\/posts\/92031\/revisions"}],"predecessor-version":[{"id":92034,"href":"https:\/\/elregionalvm.com.ar\/noticias-villa-maria\/wp-json\/wp\/v2\/posts\/92031\/revisions\/92034"}],"wp:featuredmedia":[{"embeddable":true,"href":"https:\/\/elregionalvm.com.ar\/noticias-villa-maria\/wp-json\/wp\/v2\/media\/92033"}],"wp:attachment":[{"href":"https:\/\/elregionalvm.com.ar\/noticias-villa-maria\/wp-json\/wp\/v2\/media?parent=92031"}],"wp:term":[{"taxonomy":"category","embeddable":true,"href":"https:\/\/elregionalvm.com.ar\/noticias-villa-maria\/wp-json\/wp\/v2\/categories?post=92031"},{"taxonomy":"post_tag","embeddable":true,"href":"https:\/\/elregionalvm.com.ar\/noticias-villa-maria\/wp-json\/wp\/v2\/tags?post=92031"}],"curies":[{"name":"wp","href":"https:\/\/api.w.org\/{rel}","templated":true}]}}