{"id":92302,"date":"2024-04-09T01:28:40","date_gmt":"2024-04-09T01:28:40","guid":{"rendered":"https:\/\/elregionalvm.com.ar\/noticias-villa-maria\/?p=92302"},"modified":"2024-04-09T01:28:41","modified_gmt":"2024-04-09T01:28:41","slug":"un-pitbull-ataco-a-un-nino-de-11-anos-en-villa-maria-imputaron-a-la-duena","status":"publish","type":"post","link":"https:\/\/elregionalvm.com.ar\/noticias-villa-maria\/un-pitbull-ataco-a-un-nino-de-11-anos-en-villa-maria-imputaron-a-la-duena\/","title":{"rendered":"Un pitbull atac\u00f3 a un ni\u00f1o de 11 a\u00f1os en Villa Mar\u00eda: Imputaron a la due\u00f1a"},"content":{"rendered":"\n<p>Un ni\u00f1o de 11 a\u00f1os fue atacado por un perro de raza pitbull mientras andaba en bicicleta. A ra\u00edz de esto, el menor cay\u00f3 de la bicicleta y, en su intento de huida, fue mordido en uno de sus pies por el can.<\/p>\n\n\n\n<p>El incidente ocurri\u00f3 este lunes 8 de abril alrededor de las 19.30 horas, en calles Mirotti y Constancio Vigil.<\/p>\n\n\n\n<p>Producto de la lesi\u00f3n recibida, el ni\u00f1o fue trasladado al Hospital Pasteur por personal de Bomberos Voluntarios.<\/p>\n\n\n\n<p><\/p>\n\n\n\n<figure class=\"wp-block-image size-large\"><img data-recalc-dims=\"1\" fetchpriority=\"high\" decoding=\"async\" width=\"1024\" height=\"678\" src=\"https:\/\/i0.wp.com\/elregionalvm.com.ar\/noticias-villa-maria\/wp-content\/uploads\/2024\/04\/Pitbull-mordio-nino-2.jpeg?resize=1024%2C678&#038;ssl=1\" alt=\"\" class=\"wp-image-92304\" srcset=\"https:\/\/i0.wp.com\/elregionalvm.com.ar\/noticias-villa-maria\/wp-content\/uploads\/2024\/04\/Pitbull-mordio-nino-2.jpeg?resize=1024%2C678&amp;ssl=1 1024w, https:\/\/i0.wp.com\/elregionalvm.com.ar\/noticias-villa-maria\/wp-content\/uploads\/2024\/04\/Pitbull-mordio-nino-2.jpeg?resize=300%2C199&amp;ssl=1 300w, https:\/\/i0.wp.com\/elregionalvm.com.ar\/noticias-villa-maria\/wp-content\/uploads\/2024\/04\/Pitbull-mordio-nino-2.jpeg?resize=768%2C509&amp;ssl=1 768w, https:\/\/i0.wp.com\/elregionalvm.com.ar\/noticias-villa-maria\/wp-content\/uploads\/2024\/04\/Pitbull-mordio-nino-2.jpeg?w=1099&amp;ssl=1 1099w\" sizes=\"(max-width: 1000px) 100vw, 1000px\" \/><\/figure>\n\n\n\n<p><\/p>\n\n\n\n<p>El fiscal Ren\u00e9 Bosio dispuso el secuestro del perro y su alojamiento en el Centro de Adopci\u00f3n Municipal (CAM), para ser revisado por los m\u00e9dicos veterinarios y saber si presenta las vacunas correspondientes.<\/p>\n\n\n\n<p>Adem\u00e1s, dispuso el traslado de su propietaria, una mujer de 39 a\u00f1os, a la Unidad Judicial donde se le imput\u00f3 el delito de lesiones culposas.<\/p>\n","protected":false},"excerpt":{"rendered":"<p>Un ni\u00f1o de 11 a\u00f1os fue atacado por un perro de raza pitbull mientras andaba en bicicleta. A ra\u00edz de esto, el menor cay\u00f3 de la bicicleta y, en su intento de huida, fue mordido en uno de sus pies por el can. El incidente ocurri\u00f3 este lunes 8 de abril alrededor de las 19.30 [&hellip;]<\/p>\n","protected":false},"author":6,"featured_media":92303,"comment_status":"open","ping_status":"open","sticky":false,"template":"","format":"standard","meta":{"site-sidebar-layout":"default","site-content-layout":"","ast-site-content-layout":"default","site-content-style":"default","site-sidebar-style":"default","ast-global-header-display":"","ast-banner-title-visibility":"","ast-main-header-display":"","ast-hfb-above-header-display":"","ast-hfb-below-header-display":"","ast-hfb-mobile-header-display":"","site-post-title":"","ast-breadcrumbs-content":"","ast-featured-img":"","footer-sml-layout":"","ast-disable-related-posts":"","theme-transparent-header-meta":"","adv-header-id-meta":"","stick-header-meta":"","header-above-stick-meta":"","header-main-stick-meta":"","header-below-stick-meta":"","astra-migrate-meta-layouts":"set","ast-page-background-enabled":"default","ast-page-background-meta":{"desktop":{"background-color":"","background-image":"","background-repeat":"repeat","background-position":"center center","background-size":"auto","background-attachment":"scroll","background-type":"","background-media":"","overlay-type":"","overlay-color":"","overlay-opacity":"","overlay-gradient":""},"tablet":{"background-color":"","background-image":"","background-repeat":"repeat","background-position":"center center","background-size":"auto","background-attachment":"scroll","background-type":"","background-media":"","overlay-type":"","overlay-color":"","overlay-opacity":"","overlay-gradient":""},"mobile":{"background-color":"","background-image":"","background-repeat":"repeat","background-position":"center center","background-size":"auto","background-attachment":"scroll","background-type":"","background-media":"","overlay-type":"","overlay-color":"","overlay-opacity":"","overlay-gradient":""}},"ast-content-background-meta":{"desktop":{"background-color":"var(--ast-global-color-5)","background-image":"","background-repeat":"repeat","background-position":"center center","background-size":"auto","background-attachment":"scroll","background-type":"","background-media":"","overlay-type":"","overlay-color":"","overlay-opacity":"","overlay-gradient":""},"tablet":{"background-color":"var(--ast-global-color-5)","background-image":"","background-repeat":"repeat","background-position":"center center","background-size":"auto","background-attachment":"scroll","background-type":"","background-media":"","overlay-type":"","overlay-color":"","overlay-opacity":"","overlay-gradient":""},"mobile":{"background-color":"var(--ast-global-color-5)","background-image":"","background-repeat":"repeat","background-position":"center center","background-size":"auto","background-attachment":"scroll","background-type":"","background-media":"","overlay-type":"","overlay-color":"","overlay-opacity":"","overlay-gradient":""}},"_jetpack_memberships_contains_paid_content":false,"_joinchat":[],"footnotes":""},"categories":[15302,2234,2],"tags":[1217,1912,2421,2487,23814,23813,1509,2883,16807],"class_list":["post-92302","post","type-post","status-publish","format-standard","has-post-thumbnail","hentry","category-destacado","category-policiales","category-villa-maria","tag-ataque","tag-bicicleta","tag-imputacion","tag-lesiones","tag-lesiones-culposas","tag-mordida","tag-nino","tag-perro","tag-pitbull"],"yoast_head":"<!-- This site is optimized with the Yoast SEO plugin v26.8 - https:\/\/yoast.com\/product\/yoast-seo-wordpress\/ -->\n<title>Un pitbull atac\u00f3 a un ni\u00f1o de 11 a\u00f1os en Villa Mar\u00eda: Imputaron a la due\u00f1a - El Regional<\/title>\n<meta name=\"robots\" content=\"index, follow, max-snippet:-1, max-image-preview:large, max-video-preview:-1\" \/>\n<link rel=\"canonical\" href=\"https:\/\/elregionalvm.com.ar\/noticias-villa-maria\/un-pitbull-ataco-a-un-nino-de-11-anos-en-villa-maria-imputaron-a-la-duena\/\" \/>\n<meta property=\"og:locale\" content=\"es_ES\" \/>\n<meta property=\"og:type\" content=\"article\" \/>\n<meta property=\"og:title\" content=\"Un pitbull atac\u00f3 a un ni\u00f1o de 11 a\u00f1os en Villa Mar\u00eda: Imputaron a la due\u00f1a - El Regional\" \/>\n<meta property=\"og:description\" content=\"Un ni\u00f1o de 11 a\u00f1os fue atacado por un perro de raza pitbull mientras andaba en bicicleta. A ra\u00edz de esto, el menor cay\u00f3 de la bicicleta y, en su intento de huida, fue mordido en uno de sus pies por el can. El incidente ocurri\u00f3 este lunes 8 de abril alrededor de las 19.30 [&hellip;]\" \/>\n<meta property=\"og:url\" content=\"https:\/\/elregionalvm.com.ar\/noticias-villa-maria\/un-pitbull-ataco-a-un-nino-de-11-anos-en-villa-maria-imputaron-a-la-duena\/\" \/>\n<meta property=\"og:site_name\" content=\"El Regional\" \/>\n<meta property=\"article:publisher\" content=\"https:\/\/www.facebook.com\/elregionalvm\" \/>\n<meta property=\"article:published_time\" content=\"2024-04-09T01:28:40+00:00\" \/>\n<meta property=\"article:modified_time\" content=\"2024-04-09T01:28:41+00:00\" \/>\n<meta property=\"og:image\" content=\"https:\/\/elregionalvm.com.ar\/noticias-villa-maria\/wp-content\/uploads\/2024\/04\/Pitbull-mordio-nino.jpeg\" \/>\n\t<meta property=\"og:image:width\" content=\"1200\" \/>\n\t<meta property=\"og:image:height\" content=\"933\" \/>\n\t<meta property=\"og:image:type\" content=\"image\/jpeg\" \/>\n<meta name=\"author\" content=\"Germ\u00e1n Giacchero\" \/>\n<meta name=\"twitter:card\" content=\"summary_large_image\" \/>\n<meta name=\"twitter:creator\" content=\"@elregionalvm1\" \/>\n<meta name=\"twitter:site\" content=\"@elregionalvm1\" \/>\n<meta name=\"twitter:label1\" content=\"Escrito por\" \/>\n\t<meta name=\"twitter:data1\" content=\"Germ\u00e1n Giacchero\" \/>\n\t<meta name=\"twitter:label2\" content=\"Tiempo de lectura\" \/>\n\t<meta name=\"twitter:data2\" content=\"2 minutos\" \/>\n<script type=\"application\/ld+json\" class=\"yoast-schema-graph\">{\"@context\":\"https:\/\/schema.org\",\"@graph\":[{\"@type\":\"Article\",\"@id\":\"https:\/\/elregionalvm.com.ar\/noticias-villa-maria\/un-pitbull-ataco-a-un-nino-de-11-anos-en-villa-maria-imputaron-a-la-duena\/#article\",\"isPartOf\":{\"@id\":\"https:\/\/elregionalvm.com.ar\/noticias-villa-maria\/un-pitbull-ataco-a-un-nino-de-11-anos-en-villa-maria-imputaron-a-la-duena\/\"},\"author\":{\"name\":\"Germ\u00e1n Giacchero\",\"@id\":\"http:\/\/elregionalvm.com.ar\/noticias-villa-maria\/#\/schema\/person\/d5e4b04966154131701e52c45d3efec9\"},\"headline\":\"Un pitbull atac\u00f3 a un ni\u00f1o de 11 a\u00f1os en Villa Mar\u00eda: Imputaron a la due\u00f1a\",\"datePublished\":\"2024-04-09T01:28:40+00:00\",\"dateModified\":\"2024-04-09T01:28:41+00:00\",\"mainEntityOfPage\":{\"@id\":\"https:\/\/elregionalvm.com.ar\/noticias-villa-maria\/un-pitbull-ataco-a-un-nino-de-11-anos-en-villa-maria-imputaron-a-la-duena\/\"},\"wordCount\":161,\"commentCount\":0,\"image\":{\"@id\":\"https:\/\/elregionalvm.com.ar\/noticias-villa-maria\/un-pitbull-ataco-a-un-nino-de-11-anos-en-villa-maria-imputaron-a-la-duena\/#primaryimage\"},\"thumbnailUrl\":\"https:\/\/i0.wp.com\/elregionalvm.com.ar\/noticias-villa-maria\/wp-content\/uploads\/2024\/04\/Pitbull-mordio-nino.jpeg?fit=1200%2C933&ssl=1\",\"keywords\":[\"ataque\",\"bicicleta\",\"Imputaci\u00f3n\",\"lesiones\",\"lesiones culposas\",\"mordida\",\"Ni\u00f1o\",\"perro\",\"pitbull\"],\"articleSection\":[\"destacado\",\"Policiales\",\"Villa Mar\u00eda\"],\"inLanguage\":\"es\",\"potentialAction\":[{\"@type\":\"CommentAction\",\"name\":\"Comment\",\"target\":[\"https:\/\/elregionalvm.com.ar\/noticias-villa-maria\/un-pitbull-ataco-a-un-nino-de-11-anos-en-villa-maria-imputaron-a-la-duena\/#respond\"]}]},{\"@type\":\"WebPage\",\"@id\":\"https:\/\/elregionalvm.com.ar\/noticias-villa-maria\/un-pitbull-ataco-a-un-nino-de-11-anos-en-villa-maria-imputaron-a-la-duena\/\",\"url\":\"https:\/\/elregionalvm.com.ar\/noticias-villa-maria\/un-pitbull-ataco-a-un-nino-de-11-anos-en-villa-maria-imputaron-a-la-duena\/\",\"name\":\"Un pitbull atac\u00f3 a un ni\u00f1o de 11 a\u00f1os en Villa Mar\u00eda: Imputaron a la due\u00f1a - El Regional\",\"isPartOf\":{\"@id\":\"http:\/\/elregionalvm.com.ar\/noticias-villa-maria\/#website\"},\"primaryImageOfPage\":{\"@id\":\"https:\/\/elregionalvm.com.ar\/noticias-villa-maria\/un-pitbull-ataco-a-un-nino-de-11-anos-en-villa-maria-imputaron-a-la-duena\/#primaryimage\"},\"image\":{\"@id\":\"https:\/\/elregionalvm.com.ar\/noticias-villa-maria\/un-pitbull-ataco-a-un-nino-de-11-anos-en-villa-maria-imputaron-a-la-duena\/#primaryimage\"},\"thumbnailUrl\":\"https:\/\/i0.wp.com\/elregionalvm.com.ar\/noticias-villa-maria\/wp-content\/uploads\/2024\/04\/Pitbull-mordio-nino.jpeg?fit=1200%2C933&ssl=1\",\"datePublished\":\"2024-04-09T01:28:40+00:00\",\"dateModified\":\"2024-04-09T01:28:41+00:00\",\"author\":{\"@id\":\"http:\/\/elregionalvm.com.ar\/noticias-villa-maria\/#\/schema\/person\/d5e4b04966154131701e52c45d3efec9\"},\"breadcrumb\":{\"@id\":\"https:\/\/elregionalvm.com.ar\/noticias-villa-maria\/un-pitbull-ataco-a-un-nino-de-11-anos-en-villa-maria-imputaron-a-la-duena\/#breadcrumb\"},\"inLanguage\":\"es\",\"potentialAction\":[{\"@type\":\"ReadAction\",\"target\":[\"https:\/\/elregionalvm.com.ar\/noticias-villa-maria\/un-pitbull-ataco-a-un-nino-de-11-anos-en-villa-maria-imputaron-a-la-duena\/\"]}]},{\"@type\":\"ImageObject\",\"inLanguage\":\"es\",\"@id\":\"https:\/\/elregionalvm.com.ar\/noticias-villa-maria\/un-pitbull-ataco-a-un-nino-de-11-anos-en-villa-maria-imputaron-a-la-duena\/#primaryimage\",\"url\":\"https:\/\/i0.wp.com\/elregionalvm.com.ar\/noticias-villa-maria\/wp-content\/uploads\/2024\/04\/Pitbull-mordio-nino.jpeg?fit=1200%2C933&ssl=1\",\"contentUrl\":\"https:\/\/i0.wp.com\/elregionalvm.com.ar\/noticias-villa-maria\/wp-content\/uploads\/2024\/04\/Pitbull-mordio-nino.jpeg?fit=1200%2C933&ssl=1\",\"width\":1200,\"height\":933},{\"@type\":\"BreadcrumbList\",\"@id\":\"https:\/\/elregionalvm.com.ar\/noticias-villa-maria\/un-pitbull-ataco-a-un-nino-de-11-anos-en-villa-maria-imputaron-a-la-duena\/#breadcrumb\",\"itemListElement\":[{\"@type\":\"ListItem\",\"position\":1,\"name\":\"Portada\",\"item\":\"https:\/\/elregionalvm.com.ar\/noticias-villa-maria\/\"},{\"@type\":\"ListItem\",\"position\":2,\"name\":\"Un pitbull atac\u00f3 a un ni\u00f1o de 11 a\u00f1os en Villa Mar\u00eda: Imputaron a la due\u00f1a\"}]},{\"@type\":\"WebSite\",\"@id\":\"http:\/\/elregionalvm.com.ar\/noticias-villa-maria\/#website\",\"url\":\"http:\/\/elregionalvm.com.ar\/noticias-villa-maria\/\",\"name\":\"El Regional\",\"description\":\"Mucho m\u00e1s que informaci\u00f3n\",\"potentialAction\":[{\"@type\":\"SearchAction\",\"target\":{\"@type\":\"EntryPoint\",\"urlTemplate\":\"http:\/\/elregionalvm.com.ar\/noticias-villa-maria\/?s={search_term_string}\"},\"query-input\":{\"@type\":\"PropertyValueSpecification\",\"valueRequired\":true,\"valueName\":\"search_term_string\"}}],\"inLanguage\":\"es\"},{\"@type\":\"Person\",\"@id\":\"http:\/\/elregionalvm.com.ar\/noticias-villa-maria\/#\/schema\/person\/d5e4b04966154131701e52c45d3efec9\",\"name\":\"Germ\u00e1n Giacchero\",\"image\":{\"@type\":\"ImageObject\",\"inLanguage\":\"es\",\"@id\":\"http:\/\/elregionalvm.com.ar\/noticias-villa-maria\/#\/schema\/person\/image\/\",\"url\":\"https:\/\/secure.gravatar.com\/avatar\/fda163ba5ef0307ee5be9846e10f83b6e83d0cfb260d3b2464830318894c6b04?s=96&d=mm&r=g\",\"contentUrl\":\"https:\/\/secure.gravatar.com\/avatar\/fda163ba5ef0307ee5be9846e10f83b6e83d0cfb260d3b2464830318894c6b04?s=96&d=mm&r=g\",\"caption\":\"Germ\u00e1n Giacchero\"},\"url\":\"https:\/\/elregionalvm.com.ar\/noticias-villa-maria\/author\/germangiacchero\/\"}]}<\/script>\n<!-- \/ Yoast SEO plugin. -->","yoast_head_json":{"title":"Un pitbull atac\u00f3 a un ni\u00f1o de 11 a\u00f1os en Villa Mar\u00eda: Imputaron a la due\u00f1a - El Regional","robots":{"index":"index","follow":"follow","max-snippet":"max-snippet:-1","max-image-preview":"max-image-preview:large","max-video-preview":"max-video-preview:-1"},"canonical":"https:\/\/elregionalvm.com.ar\/noticias-villa-maria\/un-pitbull-ataco-a-un-nino-de-11-anos-en-villa-maria-imputaron-a-la-duena\/","og_locale":"es_ES","og_type":"article","og_title":"Un pitbull atac\u00f3 a un ni\u00f1o de 11 a\u00f1os en Villa Mar\u00eda: Imputaron a la due\u00f1a - El Regional","og_description":"Un ni\u00f1o de 11 a\u00f1os fue atacado por un perro de raza pitbull mientras andaba en bicicleta. A ra\u00edz de esto, el menor cay\u00f3 de la bicicleta y, en su intento de huida, fue mordido en uno de sus pies por el can. El incidente ocurri\u00f3 este lunes 8 de abril alrededor de las 19.30 [&hellip;]","og_url":"https:\/\/elregionalvm.com.ar\/noticias-villa-maria\/un-pitbull-ataco-a-un-nino-de-11-anos-en-villa-maria-imputaron-a-la-duena\/","og_site_name":"El Regional","article_publisher":"https:\/\/www.facebook.com\/elregionalvm","article_published_time":"2024-04-09T01:28:40+00:00","article_modified_time":"2024-04-09T01:28:41+00:00","og_image":[{"width":1200,"height":933,"url":"https:\/\/elregionalvm.com.ar\/noticias-villa-maria\/wp-content\/uploads\/2024\/04\/Pitbull-mordio-nino.jpeg","type":"image\/jpeg"}],"author":"Germ\u00e1n Giacchero","twitter_card":"summary_large_image","twitter_creator":"@elregionalvm1","twitter_site":"@elregionalvm1","twitter_misc":{"Escrito por":"Germ\u00e1n Giacchero","Tiempo de lectura":"2 minutos"},"schema":{"@context":"https:\/\/schema.org","@graph":[{"@type":"Article","@id":"https:\/\/elregionalvm.com.ar\/noticias-villa-maria\/un-pitbull-ataco-a-un-nino-de-11-anos-en-villa-maria-imputaron-a-la-duena\/#article","isPartOf":{"@id":"https:\/\/elregionalvm.com.ar\/noticias-villa-maria\/un-pitbull-ataco-a-un-nino-de-11-anos-en-villa-maria-imputaron-a-la-duena\/"},"author":{"name":"Germ\u00e1n Giacchero","@id":"http:\/\/elregionalvm.com.ar\/noticias-villa-maria\/#\/schema\/person\/d5e4b04966154131701e52c45d3efec9"},"headline":"Un pitbull atac\u00f3 a un ni\u00f1o de 11 a\u00f1os en Villa Mar\u00eda: Imputaron a la due\u00f1a","datePublished":"2024-04-09T01:28:40+00:00","dateModified":"2024-04-09T01:28:41+00:00","mainEntityOfPage":{"@id":"https:\/\/elregionalvm.com.ar\/noticias-villa-maria\/un-pitbull-ataco-a-un-nino-de-11-anos-en-villa-maria-imputaron-a-la-duena\/"},"wordCount":161,"commentCount":0,"image":{"@id":"https:\/\/elregionalvm.com.ar\/noticias-villa-maria\/un-pitbull-ataco-a-un-nino-de-11-anos-en-villa-maria-imputaron-a-la-duena\/#primaryimage"},"thumbnailUrl":"https:\/\/i0.wp.com\/elregionalvm.com.ar\/noticias-villa-maria\/wp-content\/uploads\/2024\/04\/Pitbull-mordio-nino.jpeg?fit=1200%2C933&ssl=1","keywords":["ataque","bicicleta","Imputaci\u00f3n","lesiones","lesiones culposas","mordida","Ni\u00f1o","perro","pitbull"],"articleSection":["destacado","Policiales","Villa Mar\u00eda"],"inLanguage":"es","potentialAction":[{"@type":"CommentAction","name":"Comment","target":["https:\/\/elregionalvm.com.ar\/noticias-villa-maria\/un-pitbull-ataco-a-un-nino-de-11-anos-en-villa-maria-imputaron-a-la-duena\/#respond"]}]},{"@type":"WebPage","@id":"https:\/\/elregionalvm.com.ar\/noticias-villa-maria\/un-pitbull-ataco-a-un-nino-de-11-anos-en-villa-maria-imputaron-a-la-duena\/","url":"https:\/\/elregionalvm.com.ar\/noticias-villa-maria\/un-pitbull-ataco-a-un-nino-de-11-anos-en-villa-maria-imputaron-a-la-duena\/","name":"Un pitbull atac\u00f3 a un ni\u00f1o de 11 a\u00f1os en Villa Mar\u00eda: Imputaron a la due\u00f1a - El Regional","isPartOf":{"@id":"http:\/\/elregionalvm.com.ar\/noticias-villa-maria\/#website"},"primaryImageOfPage":{"@id":"https:\/\/elregionalvm.com.ar\/noticias-villa-maria\/un-pitbull-ataco-a-un-nino-de-11-anos-en-villa-maria-imputaron-a-la-duena\/#primaryimage"},"image":{"@id":"https:\/\/elregionalvm.com.ar\/noticias-villa-maria\/un-pitbull-ataco-a-un-nino-de-11-anos-en-villa-maria-imputaron-a-la-duena\/#primaryimage"},"thumbnailUrl":"https:\/\/i0.wp.com\/elregionalvm.com.ar\/noticias-villa-maria\/wp-content\/uploads\/2024\/04\/Pitbull-mordio-nino.jpeg?fit=1200%2C933&ssl=1","datePublished":"2024-04-09T01:28:40+00:00","dateModified":"2024-04-09T01:28:41+00:00","author":{"@id":"http:\/\/elregionalvm.com.ar\/noticias-villa-maria\/#\/schema\/person\/d5e4b04966154131701e52c45d3efec9"},"breadcrumb":{"@id":"https:\/\/elregionalvm.com.ar\/noticias-villa-maria\/un-pitbull-ataco-a-un-nino-de-11-anos-en-villa-maria-imputaron-a-la-duena\/#breadcrumb"},"inLanguage":"es","potentialAction":[{"@type":"ReadAction","target":["https:\/\/elregionalvm.com.ar\/noticias-villa-maria\/un-pitbull-ataco-a-un-nino-de-11-anos-en-villa-maria-imputaron-a-la-duena\/"]}]},{"@type":"ImageObject","inLanguage":"es","@id":"https:\/\/elregionalvm.com.ar\/noticias-villa-maria\/un-pitbull-ataco-a-un-nino-de-11-anos-en-villa-maria-imputaron-a-la-duena\/#primaryimage","url":"https:\/\/i0.wp.com\/elregionalvm.com.ar\/noticias-villa-maria\/wp-content\/uploads\/2024\/04\/Pitbull-mordio-nino.jpeg?fit=1200%2C933&ssl=1","contentUrl":"https:\/\/i0.wp.com\/elregionalvm.com.ar\/noticias-villa-maria\/wp-content\/uploads\/2024\/04\/Pitbull-mordio-nino.jpeg?fit=1200%2C933&ssl=1","width":1200,"height":933},{"@type":"BreadcrumbList","@id":"https:\/\/elregionalvm.com.ar\/noticias-villa-maria\/un-pitbull-ataco-a-un-nino-de-11-anos-en-villa-maria-imputaron-a-la-duena\/#breadcrumb","itemListElement":[{"@type":"ListItem","position":1,"name":"Portada","item":"https:\/\/elregionalvm.com.ar\/noticias-villa-maria\/"},{"@type":"ListItem","position":2,"name":"Un pitbull atac\u00f3 a un ni\u00f1o de 11 a\u00f1os en Villa Mar\u00eda: Imputaron a la due\u00f1a"}]},{"@type":"WebSite","@id":"http:\/\/elregionalvm.com.ar\/noticias-villa-maria\/#website","url":"http:\/\/elregionalvm.com.ar\/noticias-villa-maria\/","name":"El Regional","description":"Mucho m\u00e1s que informaci\u00f3n","potentialAction":[{"@type":"SearchAction","target":{"@type":"EntryPoint","urlTemplate":"http:\/\/elregionalvm.com.ar\/noticias-villa-maria\/?s={search_term_string}"},"query-input":{"@type":"PropertyValueSpecification","valueRequired":true,"valueName":"search_term_string"}}],"inLanguage":"es"},{"@type":"Person","@id":"http:\/\/elregionalvm.com.ar\/noticias-villa-maria\/#\/schema\/person\/d5e4b04966154131701e52c45d3efec9","name":"Germ\u00e1n Giacchero","image":{"@type":"ImageObject","inLanguage":"es","@id":"http:\/\/elregionalvm.com.ar\/noticias-villa-maria\/#\/schema\/person\/image\/","url":"https:\/\/secure.gravatar.com\/avatar\/fda163ba5ef0307ee5be9846e10f83b6e83d0cfb260d3b2464830318894c6b04?s=96&d=mm&r=g","contentUrl":"https:\/\/secure.gravatar.com\/avatar\/fda163ba5ef0307ee5be9846e10f83b6e83d0cfb260d3b2464830318894c6b04?s=96&d=mm&r=g","caption":"Germ\u00e1n Giacchero"},"url":"https:\/\/elregionalvm.com.ar\/noticias-villa-maria\/author\/germangiacchero\/"}]}},"jetpack_featured_media_url":"https:\/\/i0.wp.com\/elregionalvm.com.ar\/noticias-villa-maria\/wp-content\/uploads\/2024\/04\/Pitbull-mordio-nino.jpeg?fit=1200%2C933&ssl=1","jetpack_sharing_enabled":true,"_links":{"self":[{"href":"https:\/\/elregionalvm.com.ar\/noticias-villa-maria\/wp-json\/wp\/v2\/posts\/92302","targetHints":{"allow":["GET"]}}],"collection":[{"href":"https:\/\/elregionalvm.com.ar\/noticias-villa-maria\/wp-json\/wp\/v2\/posts"}],"about":[{"href":"https:\/\/elregionalvm.com.ar\/noticias-villa-maria\/wp-json\/wp\/v2\/types\/post"}],"author":[{"embeddable":true,"href":"https:\/\/elregionalvm.com.ar\/noticias-villa-maria\/wp-json\/wp\/v2\/users\/6"}],"replies":[{"embeddable":true,"href":"https:\/\/elregionalvm.com.ar\/noticias-villa-maria\/wp-json\/wp\/v2\/comments?post=92302"}],"version-history":[{"count":1,"href":"https:\/\/elregionalvm.com.ar\/noticias-villa-maria\/wp-json\/wp\/v2\/posts\/92302\/revisions"}],"predecessor-version":[{"id":92305,"href":"https:\/\/elregionalvm.com.ar\/noticias-villa-maria\/wp-json\/wp\/v2\/posts\/92302\/revisions\/92305"}],"wp:featuredmedia":[{"embeddable":true,"href":"https:\/\/elregionalvm.com.ar\/noticias-villa-maria\/wp-json\/wp\/v2\/media\/92303"}],"wp:attachment":[{"href":"https:\/\/elregionalvm.com.ar\/noticias-villa-maria\/wp-json\/wp\/v2\/media?parent=92302"}],"wp:term":[{"taxonomy":"category","embeddable":true,"href":"https:\/\/elregionalvm.com.ar\/noticias-villa-maria\/wp-json\/wp\/v2\/categories?post=92302"},{"taxonomy":"post_tag","embeddable":true,"href":"https:\/\/elregionalvm.com.ar\/noticias-villa-maria\/wp-json\/wp\/v2\/tags?post=92302"}],"curies":[{"name":"wp","href":"https:\/\/api.w.org\/{rel}","templated":true}]}}