{"id":92519,"date":"2024-04-13T16:10:02","date_gmt":"2024-04-13T16:10:02","guid":{"rendered":"https:\/\/elregionalvm.com.ar\/noticias-villa-maria\/?p=92519"},"modified":"2024-04-17T03:22:27","modified_gmt":"2024-04-17T03:22:27","slug":"el-deschave-hay-algo-detras-del-dengue-una-mezcla-con-el-covid","status":"publish","type":"post","link":"https:\/\/elregionalvm.com.ar\/noticias-villa-maria\/el-deschave-hay-algo-detras-del-dengue-una-mezcla-con-el-covid\/","title":{"rendered":"[El Deschave] \u00bfHay algo detr\u00e1s del Dengue? \u00bfUna mezcla con el Covid?"},"content":{"rendered":"\n<h3 class=\"wp-block-heading\"><strong>Sin dudas, estamos detr\u00e1s de una epidemia de las m\u00e1s esparcidas en muchos a\u00f1os con escas\u00edsima mortalidad. Al menos en nuestro pa\u00eds. Quiz\u00e1s que en lo cuantitativo nos encontramos que el dengue haya tenido o tenga mayor contagio que el mismo y temido COVID, calamidad esta que se llev\u00f3 solamente de nuestro pa\u00eds m\u00e1s de 130 mil vidas. Siempre tomando los datos oficiales. Lo que no quiere decir que sea exactamente as\u00ed.<\/strong><\/h3>\n\n\n\n<p><\/p>\n\n\n\n<p><strong>Escribe: Miguel Andreis<\/strong><\/p>\n\n\n\n<p><strong>\u00a1Bravos los \u201cpatas largas\u201d manchados!<\/strong><\/p>\n\n\n\n<p>Seg\u00fan los libros sobre el Dengue, el registro m\u00e1s antiguo se remonta a la Dinast\u00eda Jin (265 a 420 DC) en China. En Am\u00e9rica, se conoci\u00f3 a fines del siglo XVIII y se convirti\u00f3 en un problema mundial en el siglo XX.<\/p>\n\n\n\n<p>Cada a\u00f1o, se producen 390 millones de infecciones por dengue. No es poca la informaci\u00f3n en el argumento, ya de los a\u00f1os treinta, se alude al mismo, solo que jam\u00e1s que con tanta agresividad en las personas.<\/p>\n\n\n\n<p>Tomaba a un porcentaje baj\u00edsimo de la sociedad. No es solo Argentina quien est\u00e1 padeciendo en grandes cantidades este mal. Antiguamente definido como \u201cQuebranta huesos\u201d por los poderosos dolores que generaba, especialmente en los mismos.&nbsp;<\/p>\n\n\n\n<p>No opinar\u00e9 sobre el mismo desde la perspectiva cient\u00edfica, primero porque no lo soy y segundo que mi desconocimiento en dicho marco es notorio.<\/p>\n\n\n\n<p><\/p>\n\n\n\n<figure class=\"wp-block-image size-large\"><img data-recalc-dims=\"1\" fetchpriority=\"high\" decoding=\"async\" width=\"1024\" height=\"576\" src=\"https:\/\/i0.wp.com\/elregionalvm.com.ar\/noticias-villa-maria\/wp-content\/uploads\/2024\/04\/vacuna-dengue-1.jpg?resize=1024%2C576&#038;ssl=1\" alt=\"\" class=\"wp-image-92029\" srcset=\"https:\/\/i0.wp.com\/elregionalvm.com.ar\/noticias-villa-maria\/wp-content\/uploads\/2024\/04\/vacuna-dengue-1.jpg?resize=1024%2C576&amp;ssl=1 1024w, https:\/\/i0.wp.com\/elregionalvm.com.ar\/noticias-villa-maria\/wp-content\/uploads\/2024\/04\/vacuna-dengue-1.jpg?resize=300%2C169&amp;ssl=1 300w, https:\/\/i0.wp.com\/elregionalvm.com.ar\/noticias-villa-maria\/wp-content\/uploads\/2024\/04\/vacuna-dengue-1.jpg?resize=768%2C432&amp;ssl=1 768w, https:\/\/i0.wp.com\/elregionalvm.com.ar\/noticias-villa-maria\/wp-content\/uploads\/2024\/04\/vacuna-dengue-1.jpg?w=1200&amp;ssl=1 1200w\" sizes=\"(max-width: 1000px) 100vw, 1000px\" \/><\/figure>\n\n\n\n<p><\/p>\n\n\n\n<p>La \u00fanica intenci\u00f3n es dejar fluir uno o varios interrogantes en cuanto al por qu\u00e9 estamos viviendo en este tiempo tantos infectados, donde una gran cantidad de personas soporta las dolencias y achaques de lo que, para la gran comunidad, hasta este a\u00f1o, no significaba ni temores ni cuidados especiales.<\/p>\n\n\n\n<p>Tal vez la subestimamos. La realidad es que los casos fatales comenzaron a generar cierto escozor y no menor temor.<\/p>\n\n\n\n<p>Algunos estudiosos de la ciencia m\u00e9dica comenzaron a sospechar y a investigar, si el mal solo lo genera solamente ese mosquito de patas rayadas que vuela a baja altura -unos 40 cms de altura-, que tiene, seg\u00fan estudios, entre tres y cuatro variedades.<\/p>\n\n\n\n<p><strong>Eruditos europeos sospechan que se ha dado una mutaci\u00f3n vir\u00f3sica que los vuelve un vector de alto riesgo para la salud humana.<\/strong><\/p>\n\n\n\n<p>Ya se anunci\u00f3 la creaci\u00f3n de una vacuna. Hay pol\u00e9mica sobre la eficacia de la misma. &nbsp;La pregunta que subyace es, \u00bfpodr\u00edamos estar ante una mutaci\u00f3n del dengue con el COVID? No la descartar\u00edan. &nbsp;Insisto, siempre planteado como interrogante. Muchos de los s\u00edntomas tienen similitud y peligrosidad, como la neumon\u00eda multilateral entre otros.<\/p>\n\n\n\n<p>Ser\u00eda bueno que se comenzaran a conocer, ya que de hecho hay lugares donde los estudios o seguimientos se est\u00e1n haciendo, el que se publiquen tales rastreos, como lo es el medir si entre los padecientes de la picadura, que porcentaje existir\u00edan de aquellos inoculados en m\u00e1s de tres oportunidades contra el Covid.<\/p>\n\n\n\n<p><\/p>\n\n\n\n<figure class=\"wp-block-image size-full\"><img data-recalc-dims=\"1\" decoding=\"async\" width=\"1024\" height=\"679\" src=\"https:\/\/i0.wp.com\/elregionalvm.com.ar\/noticias-villa-maria\/wp-content\/uploads\/2024\/03\/Mosquito-Dengue.jpg?resize=1024%2C679&#038;ssl=1\" alt=\"\" class=\"wp-image-90730\" srcset=\"https:\/\/i0.wp.com\/elregionalvm.com.ar\/noticias-villa-maria\/wp-content\/uploads\/2024\/03\/Mosquito-Dengue.jpg?w=1024&amp;ssl=1 1024w, https:\/\/i0.wp.com\/elregionalvm.com.ar\/noticias-villa-maria\/wp-content\/uploads\/2024\/03\/Mosquito-Dengue.jpg?resize=300%2C199&amp;ssl=1 300w, https:\/\/i0.wp.com\/elregionalvm.com.ar\/noticias-villa-maria\/wp-content\/uploads\/2024\/03\/Mosquito-Dengue.jpg?resize=768%2C509&amp;ssl=1 768w\" sizes=\"(max-width: 1000px) 100vw, 1000px\" \/><\/figure>\n\n\n\n<p><\/p>\n\n\n\n<p>Los primeros datos indican que son mucho menos, pero que tambi\u00e9n hay vacunados que padecen las \u201ctravesuras\u201d de ese bichito patas largas.<\/p>\n\n\n\n<p>El planteo es un interrogante donde se mezclan los intereses cient\u00edficos y tambi\u00e9n recaen suspicacias sobre los econ\u00f3micos y, quiz\u00e1s, algunos otros que la sociedad desconoce.<\/p>\n\n\n\n<p><\/p>\n\n\n\n<figure class=\"wp-block-pullquote\"><blockquote><p><strong>Estamos casi frente a un enemigo invisible\u2026 y lo invisible suelen ser buenos negocios\u2026<\/strong><\/p><\/blockquote><\/figure>\n\n\n\n<p><\/p>\n\n\n\n<p>Por otra parte, se indica que el valor de la vacuna contra el Dengue oscilar\u00eda en los 70 mil pesos. Prohibitivo para el 80% o m\u00e1s de la poblaci\u00f3n. Una discriminaci\u00f3n que demuestra las falacias pol\u00edticas que demag\u00f3gicamente se utilizan desde el poder.<\/p>\n\n\n\n<p>Mientras las sospechas sobre los grandes negociados de las industrias farmac\u00e9uticas parecen no tener fin.&nbsp; No deja de llamar la atenci\u00f3n el vac\u00edo de respuestas de la ciencia oficial tambi\u00e9n (bueh, no conocemos la inmensa mayor\u00eda de los ciudadanos a qui\u00e9n tenemos como ministro de Salud), el saber con certeza si los vacunados -repito- contra el Covid tienen mucho menos riesgos de contagiarse que aquellos que no lo est\u00e1n.<\/p>\n\n\n\n<p>Muy posiblemente tal metamorfosis se trate de los cambios clim\u00e1ticos u otros factores influyentes como ha ocurrido a lo largo de la historia en distintas pendientes, pero da la impresi\u00f3n que desconocemos todo lo que se mueve detr\u00e1s de este bichito que nos habita desde siempre y jam\u00e1s hizo tanto da\u00f1o como este a\u00f1o.<\/p>\n\n\n\n<p>Es tan extra\u00f1o todo, que no sabemos de qui\u00e9n o quienes cuidarnos\u2026 Estamos casi frente a un enemigo invisible\u2026 y lo invisible suelen ser buenos negocios\u2026<\/p>\n\n\n\n<p><\/p>\n\n\n\n<h3 class=\"wp-block-heading\"><strong>Tambi\u00e9n pod\u00e9s ver:<\/strong><\/h3>\n\n\n\n<p><\/p>\n\n\n\n<p><\/p>\n\n\n\n<figure class=\"wp-block-embed is-type-wp-embed is-provider-el-regional wp-block-embed-el-regional\"><div class=\"wp-block-embed__wrapper\">\n<blockquote class=\"wp-embedded-content\" data-secret=\"8vnxxWWzI9\"><a href=\"https:\/\/elregionalvm.com.ar\/noticias-villa-maria\/el-deschavela-premonicion-de-kennedy-en-el-63-se-va-cumpliendo\/\">[El Deschave]La premonici\u00f3n de Kennedy en el 63\u2026 se va cumpliendo<\/a><\/blockquote><iframe class=\"wp-embedded-content\" sandbox=\"allow-scripts\" security=\"restricted\" style=\"position: absolute; clip: rect(1px, 1px, 1px, 1px);\" title=\"\u00ab[El Deschave]La premonici\u00f3n de Kennedy en el 63\u2026 se va cumpliendo\u00bb \u2014 El Regional\" src=\"https:\/\/elregionalvm.com.ar\/noticias-villa-maria\/el-deschavela-premonicion-de-kennedy-en-el-63-se-va-cumpliendo\/embed\/#?secret=dSqy6XT3E5#?secret=8vnxxWWzI9\" data-secret=\"8vnxxWWzI9\" width=\"500\" height=\"282\" frameborder=\"0\" marginwidth=\"0\" marginheight=\"0\" scrolling=\"no\"><\/iframe>\n<\/div><\/figure>\n","protected":false},"excerpt":{"rendered":"<p>Sin dudas, estamos detr\u00e1s de una epidemia de las m\u00e1s esparcidas en muchos a\u00f1os con escas\u00edsima mortalidad. Al menos en nuestro pa\u00eds. Quiz\u00e1s que en lo cuantitativo nos encontramos que el dengue haya tenido o tenga mayor contagio que el mismo y temido COVID, calamidad esta que se llev\u00f3 solamente de nuestro pa\u00eds m\u00e1s de [&hellip;]<\/p>\n","protected":false},"author":5,"featured_media":92521,"comment_status":"open","ping_status":"open","sticky":false,"template":"","format":"standard","meta":{"site-sidebar-layout":"default","site-content-layout":"","ast-site-content-layout":"default","site-content-style":"default","site-sidebar-style":"default","ast-global-header-display":"","ast-banner-title-visibility":"","ast-main-header-display":"","ast-hfb-above-header-display":"","ast-hfb-below-header-display":"","ast-hfb-mobile-header-display":"","site-post-title":"","ast-breadcrumbs-content":"","ast-featured-img":"","footer-sml-layout":"","ast-disable-related-posts":"","theme-transparent-header-meta":"","adv-header-id-meta":"","stick-header-meta":"","header-above-stick-meta":"","header-main-stick-meta":"","header-below-stick-meta":"","astra-migrate-meta-layouts":"set","ast-page-background-enabled":"default","ast-page-background-meta":{"desktop":{"background-color":"","background-image":"","background-repeat":"repeat","background-position":"center center","background-size":"auto","background-attachment":"scroll","background-type":"","background-media":"","overlay-type":"","overlay-color":"","overlay-opacity":"","overlay-gradient":""},"tablet":{"background-color":"","background-image":"","background-repeat":"repeat","background-position":"center center","background-size":"auto","background-attachment":"scroll","background-type":"","background-media":"","overlay-type":"","overlay-color":"","overlay-opacity":"","overlay-gradient":""},"mobile":{"background-color":"","background-image":"","background-repeat":"repeat","background-position":"center center","background-size":"auto","background-attachment":"scroll","background-type":"","background-media":"","overlay-type":"","overlay-color":"","overlay-opacity":"","overlay-gradient":""}},"ast-content-background-meta":{"desktop":{"background-color":"var(--ast-global-color-5)","background-image":"","background-repeat":"repeat","background-position":"center center","background-size":"auto","background-attachment":"scroll","background-type":"","background-media":"","overlay-type":"","overlay-color":"","overlay-opacity":"","overlay-gradient":""},"tablet":{"background-color":"var(--ast-global-color-5)","background-image":"","background-repeat":"repeat","background-position":"center center","background-size":"auto","background-attachment":"scroll","background-type":"","background-media":"","overlay-type":"","overlay-color":"","overlay-opacity":"","overlay-gradient":""},"mobile":{"background-color":"var(--ast-global-color-5)","background-image":"","background-repeat":"repeat","background-position":"center center","background-size":"auto","background-attachment":"scroll","background-type":"","background-media":"","overlay-type":"","overlay-color":"","overlay-opacity":"","overlay-gradient":""}},"_jetpack_memberships_contains_paid_content":false,"_joinchat":[],"footnotes":""},"categories":[365,3557],"tags":[2367,3863,2296,12449,1211,23355,23826,352,2133],"class_list":["post-92519","post","type-post","status-publish","format-standard","has-post-thumbnail","hentry","category-opinion","category-tercera","tag-contagios","tag-covid","tag-dengue","tag-enfermedad","tag-medicina","tag-mosquitos","tag-mutacion","tag-negocios","tag-salud"],"yoast_head":"<!-- This site is optimized with the Yoast SEO plugin v26.8 - https:\/\/yoast.com\/product\/yoast-seo-wordpress\/ -->\n<title>[El Deschave] \u00bfHay algo detr\u00e1s del Dengue? \u00bfUna mezcla con el Covid? - El Regional<\/title>\n<meta name=\"robots\" content=\"index, follow, max-snippet:-1, max-image-preview:large, max-video-preview:-1\" \/>\n<link rel=\"canonical\" href=\"https:\/\/elregionalvm.com.ar\/noticias-villa-maria\/el-deschave-hay-algo-detras-del-dengue-una-mezcla-con-el-covid\/\" \/>\n<meta property=\"og:locale\" content=\"es_ES\" \/>\n<meta property=\"og:type\" content=\"article\" \/>\n<meta property=\"og:title\" content=\"[El Deschave] \u00bfHay algo detr\u00e1s del Dengue? \u00bfUna mezcla con el Covid? - El Regional\" \/>\n<meta property=\"og:description\" content=\"Sin dudas, estamos detr\u00e1s de una epidemia de las m\u00e1s esparcidas en muchos a\u00f1os con escas\u00edsima mortalidad. Al menos en nuestro pa\u00eds. Quiz\u00e1s que en lo cuantitativo nos encontramos que el dengue haya tenido o tenga mayor contagio que el mismo y temido COVID, calamidad esta que se llev\u00f3 solamente de nuestro pa\u00eds m\u00e1s de [&hellip;]\" \/>\n<meta property=\"og:url\" content=\"https:\/\/elregionalvm.com.ar\/noticias-villa-maria\/el-deschave-hay-algo-detras-del-dengue-una-mezcla-con-el-covid\/\" \/>\n<meta property=\"og:site_name\" content=\"El Regional\" \/>\n<meta property=\"article:publisher\" content=\"https:\/\/www.facebook.com\/elregionalvm\" \/>\n<meta property=\"article:published_time\" content=\"2024-04-13T16:10:02+00:00\" \/>\n<meta property=\"article:modified_time\" content=\"2024-04-17T03:22:27+00:00\" \/>\n<meta property=\"og:image\" content=\"https:\/\/elregionalvm.com.ar\/noticias-villa-maria\/wp-content\/uploads\/2024\/04\/Dengue-fumigacion.jpg\" \/>\n\t<meta property=\"og:image:width\" content=\"900\" \/>\n\t<meta property=\"og:image:height\" content=\"500\" \/>\n\t<meta property=\"og:image:type\" content=\"image\/jpeg\" \/>\n<meta name=\"author\" content=\"Miguel Andreis\" \/>\n<meta name=\"twitter:card\" content=\"summary_large_image\" \/>\n<meta name=\"twitter:creator\" content=\"@elregionalvm1\" \/>\n<meta name=\"twitter:site\" content=\"@elregionalvm1\" \/>\n<meta name=\"twitter:label1\" content=\"Escrito por\" \/>\n\t<meta name=\"twitter:data1\" content=\"Miguel Andreis\" \/>\n\t<meta name=\"twitter:label2\" content=\"Tiempo de lectura\" \/>\n\t<meta name=\"twitter:data2\" content=\"4 minutos\" \/>\n<script type=\"application\/ld+json\" class=\"yoast-schema-graph\">{\"@context\":\"https:\/\/schema.org\",\"@graph\":[{\"@type\":\"Article\",\"@id\":\"https:\/\/elregionalvm.com.ar\/noticias-villa-maria\/el-deschave-hay-algo-detras-del-dengue-una-mezcla-con-el-covid\/#article\",\"isPartOf\":{\"@id\":\"https:\/\/elregionalvm.com.ar\/noticias-villa-maria\/el-deschave-hay-algo-detras-del-dengue-una-mezcla-con-el-covid\/\"},\"author\":{\"name\":\"Miguel Andreis\",\"@id\":\"http:\/\/elregionalvm.com.ar\/noticias-villa-maria\/#\/schema\/person\/df5ff3f005acf29788aed9cb359f1193\"},\"headline\":\"[El Deschave] \u00bfHay algo detr\u00e1s del Dengue? \u00bfUna mezcla con el Covid?\",\"datePublished\":\"2024-04-13T16:10:02+00:00\",\"dateModified\":\"2024-04-17T03:22:27+00:00\",\"mainEntityOfPage\":{\"@id\":\"https:\/\/elregionalvm.com.ar\/noticias-villa-maria\/el-deschave-hay-algo-detras-del-dengue-una-mezcla-con-el-covid\/\"},\"wordCount\":796,\"commentCount\":0,\"image\":{\"@id\":\"https:\/\/elregionalvm.com.ar\/noticias-villa-maria\/el-deschave-hay-algo-detras-del-dengue-una-mezcla-con-el-covid\/#primaryimage\"},\"thumbnailUrl\":\"https:\/\/i0.wp.com\/elregionalvm.com.ar\/noticias-villa-maria\/wp-content\/uploads\/2024\/04\/Dengue-fumigacion.jpg?fit=900%2C500&ssl=1\",\"keywords\":[\"Contagios\",\"covid\",\"dengue\",\"enfermedad\",\"Medicina\",\"mosquitos\",\"mutaci\u00f3n\",\"negocios\",\"salud\"],\"articleSection\":[\"Opini\u00f3n\",\"tercera\"],\"inLanguage\":\"es\",\"potentialAction\":[{\"@type\":\"CommentAction\",\"name\":\"Comment\",\"target\":[\"https:\/\/elregionalvm.com.ar\/noticias-villa-maria\/el-deschave-hay-algo-detras-del-dengue-una-mezcla-con-el-covid\/#respond\"]}]},{\"@type\":\"WebPage\",\"@id\":\"https:\/\/elregionalvm.com.ar\/noticias-villa-maria\/el-deschave-hay-algo-detras-del-dengue-una-mezcla-con-el-covid\/\",\"url\":\"https:\/\/elregionalvm.com.ar\/noticias-villa-maria\/el-deschave-hay-algo-detras-del-dengue-una-mezcla-con-el-covid\/\",\"name\":\"[El Deschave] \u00bfHay algo detr\u00e1s del Dengue? \u00bfUna mezcla con el Covid? - El Regional\",\"isPartOf\":{\"@id\":\"http:\/\/elregionalvm.com.ar\/noticias-villa-maria\/#website\"},\"primaryImageOfPage\":{\"@id\":\"https:\/\/elregionalvm.com.ar\/noticias-villa-maria\/el-deschave-hay-algo-detras-del-dengue-una-mezcla-con-el-covid\/#primaryimage\"},\"image\":{\"@id\":\"https:\/\/elregionalvm.com.ar\/noticias-villa-maria\/el-deschave-hay-algo-detras-del-dengue-una-mezcla-con-el-covid\/#primaryimage\"},\"thumbnailUrl\":\"https:\/\/i0.wp.com\/elregionalvm.com.ar\/noticias-villa-maria\/wp-content\/uploads\/2024\/04\/Dengue-fumigacion.jpg?fit=900%2C500&ssl=1\",\"datePublished\":\"2024-04-13T16:10:02+00:00\",\"dateModified\":\"2024-04-17T03:22:27+00:00\",\"author\":{\"@id\":\"http:\/\/elregionalvm.com.ar\/noticias-villa-maria\/#\/schema\/person\/df5ff3f005acf29788aed9cb359f1193\"},\"breadcrumb\":{\"@id\":\"https:\/\/elregionalvm.com.ar\/noticias-villa-maria\/el-deschave-hay-algo-detras-del-dengue-una-mezcla-con-el-covid\/#breadcrumb\"},\"inLanguage\":\"es\",\"potentialAction\":[{\"@type\":\"ReadAction\",\"target\":[\"https:\/\/elregionalvm.com.ar\/noticias-villa-maria\/el-deschave-hay-algo-detras-del-dengue-una-mezcla-con-el-covid\/\"]}]},{\"@type\":\"ImageObject\",\"inLanguage\":\"es\",\"@id\":\"https:\/\/elregionalvm.com.ar\/noticias-villa-maria\/el-deschave-hay-algo-detras-del-dengue-una-mezcla-con-el-covid\/#primaryimage\",\"url\":\"https:\/\/i0.wp.com\/elregionalvm.com.ar\/noticias-villa-maria\/wp-content\/uploads\/2024\/04\/Dengue-fumigacion.jpg?fit=900%2C500&ssl=1\",\"contentUrl\":\"https:\/\/i0.wp.com\/elregionalvm.com.ar\/noticias-villa-maria\/wp-content\/uploads\/2024\/04\/Dengue-fumigacion.jpg?fit=900%2C500&ssl=1\",\"width\":900,\"height\":500},{\"@type\":\"BreadcrumbList\",\"@id\":\"https:\/\/elregionalvm.com.ar\/noticias-villa-maria\/el-deschave-hay-algo-detras-del-dengue-una-mezcla-con-el-covid\/#breadcrumb\",\"itemListElement\":[{\"@type\":\"ListItem\",\"position\":1,\"name\":\"Portada\",\"item\":\"https:\/\/elregionalvm.com.ar\/noticias-villa-maria\/\"},{\"@type\":\"ListItem\",\"position\":2,\"name\":\"[El Deschave] \u00bfHay algo detr\u00e1s del Dengue? \u00bfUna mezcla con el Covid?\"}]},{\"@type\":\"WebSite\",\"@id\":\"http:\/\/elregionalvm.com.ar\/noticias-villa-maria\/#website\",\"url\":\"http:\/\/elregionalvm.com.ar\/noticias-villa-maria\/\",\"name\":\"El Regional\",\"description\":\"Mucho m\u00e1s que informaci\u00f3n\",\"potentialAction\":[{\"@type\":\"SearchAction\",\"target\":{\"@type\":\"EntryPoint\",\"urlTemplate\":\"http:\/\/elregionalvm.com.ar\/noticias-villa-maria\/?s={search_term_string}\"},\"query-input\":{\"@type\":\"PropertyValueSpecification\",\"valueRequired\":true,\"valueName\":\"search_term_string\"}}],\"inLanguage\":\"es\"},{\"@type\":\"Person\",\"@id\":\"http:\/\/elregionalvm.com.ar\/noticias-villa-maria\/#\/schema\/person\/df5ff3f005acf29788aed9cb359f1193\",\"name\":\"Miguel Andreis\",\"image\":{\"@type\":\"ImageObject\",\"inLanguage\":\"es\",\"@id\":\"http:\/\/elregionalvm.com.ar\/noticias-villa-maria\/#\/schema\/person\/image\/\",\"url\":\"https:\/\/secure.gravatar.com\/avatar\/c643381cd03da38327c6407e6886e7182d881f2ecf94a7902ca262c41f9d8884?s=96&d=mm&r=g\",\"contentUrl\":\"https:\/\/secure.gravatar.com\/avatar\/c643381cd03da38327c6407e6886e7182d881f2ecf94a7902ca262c41f9d8884?s=96&d=mm&r=g\",\"caption\":\"Miguel Andreis\"},\"url\":\"https:\/\/elregionalvm.com.ar\/noticias-villa-maria\/author\/miguelandreis\/\"}]}<\/script>\n<!-- \/ Yoast SEO plugin. -->","yoast_head_json":{"title":"[El Deschave] \u00bfHay algo detr\u00e1s del Dengue? \u00bfUna mezcla con el Covid? - El Regional","robots":{"index":"index","follow":"follow","max-snippet":"max-snippet:-1","max-image-preview":"max-image-preview:large","max-video-preview":"max-video-preview:-1"},"canonical":"https:\/\/elregionalvm.com.ar\/noticias-villa-maria\/el-deschave-hay-algo-detras-del-dengue-una-mezcla-con-el-covid\/","og_locale":"es_ES","og_type":"article","og_title":"[El Deschave] \u00bfHay algo detr\u00e1s del Dengue? \u00bfUna mezcla con el Covid? - El Regional","og_description":"Sin dudas, estamos detr\u00e1s de una epidemia de las m\u00e1s esparcidas en muchos a\u00f1os con escas\u00edsima mortalidad. Al menos en nuestro pa\u00eds. Quiz\u00e1s que en lo cuantitativo nos encontramos que el dengue haya tenido o tenga mayor contagio que el mismo y temido COVID, calamidad esta que se llev\u00f3 solamente de nuestro pa\u00eds m\u00e1s de [&hellip;]","og_url":"https:\/\/elregionalvm.com.ar\/noticias-villa-maria\/el-deschave-hay-algo-detras-del-dengue-una-mezcla-con-el-covid\/","og_site_name":"El Regional","article_publisher":"https:\/\/www.facebook.com\/elregionalvm","article_published_time":"2024-04-13T16:10:02+00:00","article_modified_time":"2024-04-17T03:22:27+00:00","og_image":[{"width":900,"height":500,"url":"https:\/\/elregionalvm.com.ar\/noticias-villa-maria\/wp-content\/uploads\/2024\/04\/Dengue-fumigacion.jpg","type":"image\/jpeg"}],"author":"Miguel Andreis","twitter_card":"summary_large_image","twitter_creator":"@elregionalvm1","twitter_site":"@elregionalvm1","twitter_misc":{"Escrito por":"Miguel Andreis","Tiempo de lectura":"4 minutos"},"schema":{"@context":"https:\/\/schema.org","@graph":[{"@type":"Article","@id":"https:\/\/elregionalvm.com.ar\/noticias-villa-maria\/el-deschave-hay-algo-detras-del-dengue-una-mezcla-con-el-covid\/#article","isPartOf":{"@id":"https:\/\/elregionalvm.com.ar\/noticias-villa-maria\/el-deschave-hay-algo-detras-del-dengue-una-mezcla-con-el-covid\/"},"author":{"name":"Miguel Andreis","@id":"http:\/\/elregionalvm.com.ar\/noticias-villa-maria\/#\/schema\/person\/df5ff3f005acf29788aed9cb359f1193"},"headline":"[El Deschave] \u00bfHay algo detr\u00e1s del Dengue? \u00bfUna mezcla con el Covid?","datePublished":"2024-04-13T16:10:02+00:00","dateModified":"2024-04-17T03:22:27+00:00","mainEntityOfPage":{"@id":"https:\/\/elregionalvm.com.ar\/noticias-villa-maria\/el-deschave-hay-algo-detras-del-dengue-una-mezcla-con-el-covid\/"},"wordCount":796,"commentCount":0,"image":{"@id":"https:\/\/elregionalvm.com.ar\/noticias-villa-maria\/el-deschave-hay-algo-detras-del-dengue-una-mezcla-con-el-covid\/#primaryimage"},"thumbnailUrl":"https:\/\/i0.wp.com\/elregionalvm.com.ar\/noticias-villa-maria\/wp-content\/uploads\/2024\/04\/Dengue-fumigacion.jpg?fit=900%2C500&ssl=1","keywords":["Contagios","covid","dengue","enfermedad","Medicina","mosquitos","mutaci\u00f3n","negocios","salud"],"articleSection":["Opini\u00f3n","tercera"],"inLanguage":"es","potentialAction":[{"@type":"CommentAction","name":"Comment","target":["https:\/\/elregionalvm.com.ar\/noticias-villa-maria\/el-deschave-hay-algo-detras-del-dengue-una-mezcla-con-el-covid\/#respond"]}]},{"@type":"WebPage","@id":"https:\/\/elregionalvm.com.ar\/noticias-villa-maria\/el-deschave-hay-algo-detras-del-dengue-una-mezcla-con-el-covid\/","url":"https:\/\/elregionalvm.com.ar\/noticias-villa-maria\/el-deschave-hay-algo-detras-del-dengue-una-mezcla-con-el-covid\/","name":"[El Deschave] \u00bfHay algo detr\u00e1s del Dengue? \u00bfUna mezcla con el Covid? - El Regional","isPartOf":{"@id":"http:\/\/elregionalvm.com.ar\/noticias-villa-maria\/#website"},"primaryImageOfPage":{"@id":"https:\/\/elregionalvm.com.ar\/noticias-villa-maria\/el-deschave-hay-algo-detras-del-dengue-una-mezcla-con-el-covid\/#primaryimage"},"image":{"@id":"https:\/\/elregionalvm.com.ar\/noticias-villa-maria\/el-deschave-hay-algo-detras-del-dengue-una-mezcla-con-el-covid\/#primaryimage"},"thumbnailUrl":"https:\/\/i0.wp.com\/elregionalvm.com.ar\/noticias-villa-maria\/wp-content\/uploads\/2024\/04\/Dengue-fumigacion.jpg?fit=900%2C500&ssl=1","datePublished":"2024-04-13T16:10:02+00:00","dateModified":"2024-04-17T03:22:27+00:00","author":{"@id":"http:\/\/elregionalvm.com.ar\/noticias-villa-maria\/#\/schema\/person\/df5ff3f005acf29788aed9cb359f1193"},"breadcrumb":{"@id":"https:\/\/elregionalvm.com.ar\/noticias-villa-maria\/el-deschave-hay-algo-detras-del-dengue-una-mezcla-con-el-covid\/#breadcrumb"},"inLanguage":"es","potentialAction":[{"@type":"ReadAction","target":["https:\/\/elregionalvm.com.ar\/noticias-villa-maria\/el-deschave-hay-algo-detras-del-dengue-una-mezcla-con-el-covid\/"]}]},{"@type":"ImageObject","inLanguage":"es","@id":"https:\/\/elregionalvm.com.ar\/noticias-villa-maria\/el-deschave-hay-algo-detras-del-dengue-una-mezcla-con-el-covid\/#primaryimage","url":"https:\/\/i0.wp.com\/elregionalvm.com.ar\/noticias-villa-maria\/wp-content\/uploads\/2024\/04\/Dengue-fumigacion.jpg?fit=900%2C500&ssl=1","contentUrl":"https:\/\/i0.wp.com\/elregionalvm.com.ar\/noticias-villa-maria\/wp-content\/uploads\/2024\/04\/Dengue-fumigacion.jpg?fit=900%2C500&ssl=1","width":900,"height":500},{"@type":"BreadcrumbList","@id":"https:\/\/elregionalvm.com.ar\/noticias-villa-maria\/el-deschave-hay-algo-detras-del-dengue-una-mezcla-con-el-covid\/#breadcrumb","itemListElement":[{"@type":"ListItem","position":1,"name":"Portada","item":"https:\/\/elregionalvm.com.ar\/noticias-villa-maria\/"},{"@type":"ListItem","position":2,"name":"[El Deschave] \u00bfHay algo detr\u00e1s del Dengue? \u00bfUna mezcla con el Covid?"}]},{"@type":"WebSite","@id":"http:\/\/elregionalvm.com.ar\/noticias-villa-maria\/#website","url":"http:\/\/elregionalvm.com.ar\/noticias-villa-maria\/","name":"El Regional","description":"Mucho m\u00e1s que informaci\u00f3n","potentialAction":[{"@type":"SearchAction","target":{"@type":"EntryPoint","urlTemplate":"http:\/\/elregionalvm.com.ar\/noticias-villa-maria\/?s={search_term_string}"},"query-input":{"@type":"PropertyValueSpecification","valueRequired":true,"valueName":"search_term_string"}}],"inLanguage":"es"},{"@type":"Person","@id":"http:\/\/elregionalvm.com.ar\/noticias-villa-maria\/#\/schema\/person\/df5ff3f005acf29788aed9cb359f1193","name":"Miguel Andreis","image":{"@type":"ImageObject","inLanguage":"es","@id":"http:\/\/elregionalvm.com.ar\/noticias-villa-maria\/#\/schema\/person\/image\/","url":"https:\/\/secure.gravatar.com\/avatar\/c643381cd03da38327c6407e6886e7182d881f2ecf94a7902ca262c41f9d8884?s=96&d=mm&r=g","contentUrl":"https:\/\/secure.gravatar.com\/avatar\/c643381cd03da38327c6407e6886e7182d881f2ecf94a7902ca262c41f9d8884?s=96&d=mm&r=g","caption":"Miguel Andreis"},"url":"https:\/\/elregionalvm.com.ar\/noticias-villa-maria\/author\/miguelandreis\/"}]}},"jetpack_featured_media_url":"https:\/\/i0.wp.com\/elregionalvm.com.ar\/noticias-villa-maria\/wp-content\/uploads\/2024\/04\/Dengue-fumigacion.jpg?fit=900%2C500&ssl=1","jetpack_sharing_enabled":true,"_links":{"self":[{"href":"https:\/\/elregionalvm.com.ar\/noticias-villa-maria\/wp-json\/wp\/v2\/posts\/92519","targetHints":{"allow":["GET"]}}],"collection":[{"href":"https:\/\/elregionalvm.com.ar\/noticias-villa-maria\/wp-json\/wp\/v2\/posts"}],"about":[{"href":"https:\/\/elregionalvm.com.ar\/noticias-villa-maria\/wp-json\/wp\/v2\/types\/post"}],"author":[{"embeddable":true,"href":"https:\/\/elregionalvm.com.ar\/noticias-villa-maria\/wp-json\/wp\/v2\/users\/5"}],"replies":[{"embeddable":true,"href":"https:\/\/elregionalvm.com.ar\/noticias-villa-maria\/wp-json\/wp\/v2\/comments?post=92519"}],"version-history":[{"count":2,"href":"https:\/\/elregionalvm.com.ar\/noticias-villa-maria\/wp-json\/wp\/v2\/posts\/92519\/revisions"}],"predecessor-version":[{"id":92523,"href":"https:\/\/elregionalvm.com.ar\/noticias-villa-maria\/wp-json\/wp\/v2\/posts\/92519\/revisions\/92523"}],"wp:featuredmedia":[{"embeddable":true,"href":"https:\/\/elregionalvm.com.ar\/noticias-villa-maria\/wp-json\/wp\/v2\/media\/92521"}],"wp:attachment":[{"href":"https:\/\/elregionalvm.com.ar\/noticias-villa-maria\/wp-json\/wp\/v2\/media?parent=92519"}],"wp:term":[{"taxonomy":"category","embeddable":true,"href":"https:\/\/elregionalvm.com.ar\/noticias-villa-maria\/wp-json\/wp\/v2\/categories?post=92519"},{"taxonomy":"post_tag","embeddable":true,"href":"https:\/\/elregionalvm.com.ar\/noticias-villa-maria\/wp-json\/wp\/v2\/tags?post=92519"}],"curies":[{"name":"wp","href":"https:\/\/api.w.org\/{rel}","templated":true}]}}