{"id":92662,"date":"2024-04-17T02:54:55","date_gmt":"2024-04-17T02:54:55","guid":{"rendered":"https:\/\/elregionalvm.com.ar\/noticias-villa-maria\/?p=92662"},"modified":"2024-04-19T02:03:50","modified_gmt":"2024-04-19T02:03:50","slug":"informe-el-agua-un-tesoro-incalculable-cada-vez-mas-escaso-y-con-falta-de-control-del-estado","status":"publish","type":"post","link":"https:\/\/elregionalvm.com.ar\/noticias-villa-maria\/informe-el-agua-un-tesoro-incalculable-cada-vez-mas-escaso-y-con-falta-de-control-del-estado\/","title":{"rendered":"[Informe] El agua: Un tesoro incalculable, cada vez m\u00e1s escaso y con falta de control del estado"},"content":{"rendered":"\n<h3 class=\"wp-block-heading\"><strong>\u00bfCu\u00e1les son los principales contaminantes y pr\u00e1cticas nocivas sobre las fuentes de agua dulce? \u00bfNos ocupamos en la pr\u00e1ctica de cambiar nuestros h\u00e1bitos? Nueve de cada 10 argentinos cree que las leyes no son estrictas ante delitos ambientales. La lista de los r\u00edos m\u00e1s contaminados de Argentina, seg\u00fan un informe de la Fundaci\u00f3n COLSECOR.<\/strong><\/h3>\n\n\n\n<p><\/p>\n\n\n\n<p>Si hay algo que caracteriza a la sociedad actual es la extendida preocupaci\u00f3n por ciertos temas que apenas unas d\u00e9cadas atr\u00e1s se desconoc\u00edan o se ignoraban. Uno de ellos se vincula con la contaminaci\u00f3n del agua.<\/p>\n\n\n\n<p>As\u00ed lo manifiestan tambi\u00e9n los argentinos a trav\u00e9s del estudio \u201cProblemas y percepciones respecto a pr\u00e1cticas ambientales y gesti\u00f3n de residuos en Argentina\u201d realizado por la Fundaci\u00f3n COLSECOR.<\/p>\n\n\n\n<p>Seg\u00fan este trabajo realizado en noviembre de 2023, los principales problemas ambientales son, en primer lugar, el cambio clim\u00e1tico (17,9%), en segundo t\u00e9rmino, la contaminaci\u00f3n del agua (13,1%), seguido por los residuos (9,9%), la contaminaci\u00f3n del aire (8,2%) y la deforestaci\u00f3n (7,6%).<\/p>\n\n\n\n<p>En las localidades m\u00e1s peque\u00f1as (de menos de 10 mil habitantes) la brecha de preocupaci\u00f3n entre cambio clim\u00e1tico (15,8%) y contaminaci\u00f3n del agua (13,3 %) es menor que en las grandes ciudades (m\u00e1s de 100 mil habitantes), donde optaron en mayor porcentaje por seleccionar el cambio clim\u00e1tico como el mayor problema (18,5%) y, en segundo lugar, el agua (12,4%).<\/p>\n\n\n\n<p><\/p>\n\n\n\n<figure class=\"wp-block-image size-large\"><img data-recalc-dims=\"1\" fetchpriority=\"high\" decoding=\"async\" width=\"1024\" height=\"768\" src=\"https:\/\/i0.wp.com\/elregionalvm.com.ar\/noticias-villa-maria\/wp-content\/uploads\/2023\/03\/cambio-climatico-medio-ambiente-nino-arboles-secos.jpg?resize=1024%2C768&#038;ssl=1\" alt=\"\" class=\"wp-image-73899\" srcset=\"https:\/\/i0.wp.com\/elregionalvm.com.ar\/noticias-villa-maria\/wp-content\/uploads\/2023\/03\/cambio-climatico-medio-ambiente-nino-arboles-secos.jpg?resize=1024%2C768&amp;ssl=1 1024w, https:\/\/i0.wp.com\/elregionalvm.com.ar\/noticias-villa-maria\/wp-content\/uploads\/2023\/03\/cambio-climatico-medio-ambiente-nino-arboles-secos.jpg?resize=300%2C225&amp;ssl=1 300w, https:\/\/i0.wp.com\/elregionalvm.com.ar\/noticias-villa-maria\/wp-content\/uploads\/2023\/03\/cambio-climatico-medio-ambiente-nino-arboles-secos.jpg?resize=768%2C576&amp;ssl=1 768w, https:\/\/i0.wp.com\/elregionalvm.com.ar\/noticias-villa-maria\/wp-content\/uploads\/2023\/03\/cambio-climatico-medio-ambiente-nino-arboles-secos.jpg?w=1040&amp;ssl=1 1040w\" sizes=\"(max-width: 1000px) 100vw, 1000px\" \/><\/figure>\n\n\n\n<p><\/p>\n\n\n\n<p><strong>Disponibilidad y calidad del agua<\/strong><\/p>\n\n\n\n<p>Los estudios sobre condiciones y deterioro medioambiental con base cient\u00edfica, dan cuenta del desgaste en la calidad de los entornos naturales, especialmente en lo que concierne a la disponibilidad y calidad del agua.<\/p>\n\n\n\n<p>Ahora bien, \u00bfnos ocupamos en la pr\u00e1ctica de cambiar nuestro consumo? Seg\u00fan el informe de la Fundaci\u00f3n COLSECOR, que se bas\u00f3 en 1465 casos distribuidos en diferentes regiones del pa\u00eds, el 56,6% respondi\u00f3 tomar medidas frecuentemente para economizar el agua como realizar duchas cortas, reutilizar o no regar, entre otras. Un 35, 4% respondi\u00f3 hacerlo de vez en cuando y solo un 7% reconoci\u00f3 no hacerlo nunca.<\/p>\n\n\n\n<p>Ahora bien, otras medidas que colaboran en reducir el impacto sobre nuestros recursos h\u00eddricos tuvieron respuestas variadas.<\/p>\n\n\n\n<p><\/p>\n\n\n\n<figure class=\"wp-block-image size-large\"><img data-recalc-dims=\"1\" decoding=\"async\" width=\"1024\" height=\"673\" src=\"https:\/\/i0.wp.com\/elregionalvm.com.ar\/noticias-villa-maria\/wp-content\/uploads\/2023\/09\/nina-vaso-agua.png?resize=1024%2C673&#038;ssl=1\" alt=\"\" class=\"wp-image-83386\" srcset=\"https:\/\/i0.wp.com\/elregionalvm.com.ar\/noticias-villa-maria\/wp-content\/uploads\/2023\/09\/nina-vaso-agua.png?resize=1024%2C673&amp;ssl=1 1024w, https:\/\/i0.wp.com\/elregionalvm.com.ar\/noticias-villa-maria\/wp-content\/uploads\/2023\/09\/nina-vaso-agua.png?resize=300%2C197&amp;ssl=1 300w, https:\/\/i0.wp.com\/elregionalvm.com.ar\/noticias-villa-maria\/wp-content\/uploads\/2023\/09\/nina-vaso-agua.png?resize=768%2C505&amp;ssl=1 768w, https:\/\/i0.wp.com\/elregionalvm.com.ar\/noticias-villa-maria\/wp-content\/uploads\/2023\/09\/nina-vaso-agua.png?w=1184&amp;ssl=1 1184w\" sizes=\"(max-width: 1000px) 100vw, 1000px\" \/><\/figure>\n\n\n\n<p><\/p>\n\n\n\n<p>Mientras que 9 de cada 10 encuestados mencionaron tener \u201cfrecuentemente\u201d o \u201cde vez en cuando\u201d h\u00e1bitos amigables con el ambiente (uso de bolsas reutilizables para hacer las compras, compra de productos con un empaquetado m\u00ednimo, entre otras), es menor el porcentaje de quienes separan la basura (49% los hace frecuentemente, 35,5% de vez en cuando y un 15% nunca lo hace) y menor a\u00fan quienes realizan compostaje de los residuos org\u00e1nicos (el 40% manifest\u00f3 que nunca lo hace, contra el 27,5% que lo implementa frecuentemente y el 29,7% de vez en cuando).<\/p>\n\n\n\n<p>Una incorrecta o insuficiente gesti\u00f3n de los residuos impacta de modo directo en los cursos de agua. Naciones Unidas precisa que \u201cla meta de poner fin a basurales a cielo abierto se vincula con varios Objetivos de Desarrollo Sostenible (ODS), entre ellos el numero 6: agua limpia y saneamiento\u201d.<\/p>\n\n\n\n<p><strong>Principales causas de contaminaci\u00f3n<\/strong><\/p>\n\n\n\n<p>El incremento poblacional alrededor de los recursos h\u00eddricos, la extensi\u00f3n de la frontera agropecuaria, la cr\u00eda intensiva de animales, el vertido de contaminantes de numerosas industrias, el calentamiento global, la desertificaci\u00f3n y el derrame de hidrocarburos constituyen el listado de las causas m\u00e1s relevantes de contaminaci\u00f3n del agua dulce.<\/p>\n\n\n\n<p>La urbanizaci\u00f3n es el desarrollo en suelos naturales o inutilizados, de zonas residenciales, comerciales e industriales. Este proceso influye sobre el ciclo hidrol\u00f3gico, la mayor\u00eda de las veces de forma negativa.<\/p>\n\n\n\n<p>En lo que hace a la calidad del agua, las actividades humanas producen un gran volumen de residuos de muy diversa naturaleza que en muchos casos son depositados sobre la superficie de las cuencas urbanas y, posteriormente, con las precipitaciones, arrastrados hacia los cauces receptores. Esto hace que aumente la carga de contaminantes; var\u00eden las temperaturas de las aguas y disminuya la diversidad de la vida acu\u00e1tica.<\/p>\n\n\n\n<p>Sobre el impacto de la urbanizaci\u00f3n, Pedro Carriquiriborde, investigador de Conicet, entrevistado el a\u00f1o pasado por la Fundaci\u00f3n COLSECOR en el proyecto Redacci\u00f3n Mayo, explic\u00f3: \u201cCuando la gente se va a vivir a las afueras de la ciudad, la comunidad de peces se ve significativamente alterada; hay un deterioro muy grande de las cuencas h\u00eddricas a partir de la urbanizaci\u00f3n, lugares donde en un plazo corto de tiempo se pas\u00f3 de tener 20 especies a tener s\u00f3lo una o dos especies\u201d.<\/p>\n\n\n\n<p><\/p>\n\n\n\n<figure class=\"wp-block-image size-large\"><img data-recalc-dims=\"1\" decoding=\"async\" width=\"1024\" height=\"576\" src=\"https:\/\/i0.wp.com\/elregionalvm.com.ar\/noticias-villa-maria\/wp-content\/uploads\/2024\/04\/lago-San-Roque-algas-contaminacion.jpeg?resize=1024%2C576&#038;ssl=1\" alt=\"\" class=\"wp-image-92666\" srcset=\"https:\/\/i0.wp.com\/elregionalvm.com.ar\/noticias-villa-maria\/wp-content\/uploads\/2024\/04\/lago-San-Roque-algas-contaminacion.jpeg?resize=1024%2C576&amp;ssl=1 1024w, https:\/\/i0.wp.com\/elregionalvm.com.ar\/noticias-villa-maria\/wp-content\/uploads\/2024\/04\/lago-San-Roque-algas-contaminacion.jpeg?resize=300%2C169&amp;ssl=1 300w, https:\/\/i0.wp.com\/elregionalvm.com.ar\/noticias-villa-maria\/wp-content\/uploads\/2024\/04\/lago-San-Roque-algas-contaminacion.jpeg?resize=768%2C432&amp;ssl=1 768w, https:\/\/i0.wp.com\/elregionalvm.com.ar\/noticias-villa-maria\/wp-content\/uploads\/2024\/04\/lago-San-Roque-algas-contaminacion.jpeg?resize=1536%2C864&amp;ssl=1 1536w, https:\/\/i0.wp.com\/elregionalvm.com.ar\/noticias-villa-maria\/wp-content\/uploads\/2024\/04\/lago-San-Roque-algas-contaminacion.jpeg?w=1600&amp;ssl=1 1600w\" sizes=\"(max-width: 1000px) 100vw, 1000px\" \/><\/figure>\n\n\n\n<p><\/p>\n\n\n\n<p>No es casual que los afluentes m\u00e1s contaminados del pa\u00eds se encuentren cerca de grandes \u00e1reas urbanas como Matanza Riachuelo y el Reconquista que cruzan la Ciudad Aut\u00f3noma de Buenos Aires y municipios del conurbano bonaerense, Sal\u00ed-Dulce en la provincia de Tucum\u00e1n (producto de la contaminaci\u00f3n industrial, especialmente de ingenios azucareros) y Suqu\u00eda y Lago San Roque en C\u00f3rdoba.<\/p>\n\n\n\n<p>Sobre estas \u00faltimas cuencas, un reciente estudio del Laboratorio de Investigaciones en Contaminaci\u00f3n Acu\u00e1tica y Ecotoxicolog\u00eda (Licae) de la Universidad Nacional de C\u00f3rdoba y Conicet, recopila datos a partir de una treintena de investigaciones que desarrollaron a lo largo de 20 a\u00f1os.<\/p>\n\n\n\n<p>En esa secuencia estacional hist\u00f3rica, el estudio da cuenta de los altos niveles y la amplia variedad de contaminantes que concentran las dos cuencas hidrogr\u00e1ficas m\u00e1s importantes de la provincia de C\u00f3rdoba: en el r\u00edo Suqu\u00eda el resultado sorprendi\u00f3 por el riesgo alto ante la presencia de contaminantes farmac\u00e9uticos y en el Lago San Roque, en el Valle de Punilla, el riesgo por cianotoxinas, bacterias que ponen en riesgo la salud humana, en tanto el San Roque es la principal fuente de abastecimiento de agua potable de la ciudad de C\u00f3rdoba, que tambi\u00e9n posee uso recreativo durante el verano.<\/p>\n\n\n\n<p><strong>Producci\u00f3n agr\u00edcola<\/strong><\/p>\n\n\n\n<p>Por otro lado, el sector agr\u00edcola industrial es responsable del 70% del total de las extracciones de agua dulce del mundo y el que utiliza mayor cantidad de agua, a lo que hay que agregar que su impacto en la contaminaci\u00f3n de este recurso natural es relevante.<\/p>\n\n\n\n<p>Sin embargo, seg\u00fan una reciente encuesta de la ONG internacional OXFAM, tan solo el 28% de las empresas agroalimentarias m\u00e1s influyentes del mundo afirma estar reduciendo sus extracciones de agua, y \u00fanicamente el 23% dice estar tomando medidas para reducir la contaminaci\u00f3n del agua.<\/p>\n\n\n\n<p>Sobre esto, el 75,8% de las personas que participaron de la investigaci\u00f3n de la Fundaci\u00f3n COLSECOR respondi\u00f3 que las industrias y empresas son \u201cmuy o algo responsables\u201d del cuidado ambiental.<\/p>\n\n\n\n<p>Aunque los negacionistas insistan en que se trata de un mito, el cambio clim\u00e1tico representa una de las mayores amenazas a las que se enfrenta el ser humano. Y una de sus consecuencias m\u00e1s graves es la contaminaci\u00f3n del agua.<\/p>\n\n\n\n<p><\/p>\n\n\n\n<figure class=\"wp-block-image size-large\"><img data-recalc-dims=\"1\" loading=\"lazy\" decoding=\"async\" width=\"1024\" height=\"576\" src=\"https:\/\/i0.wp.com\/elregionalvm.com.ar\/noticias-villa-maria\/wp-content\/uploads\/2021\/04\/Soja.jpg?resize=1024%2C576&#038;ssl=1\" alt=\"\" class=\"wp-image-35552\" srcset=\"https:\/\/i0.wp.com\/elregionalvm.com.ar\/noticias-villa-maria\/wp-content\/uploads\/2021\/04\/Soja.jpg?resize=1024%2C576&amp;ssl=1 1024w, https:\/\/i0.wp.com\/elregionalvm.com.ar\/noticias-villa-maria\/wp-content\/uploads\/2021\/04\/Soja.jpg?resize=300%2C169&amp;ssl=1 300w, https:\/\/i0.wp.com\/elregionalvm.com.ar\/noticias-villa-maria\/wp-content\/uploads\/2021\/04\/Soja.jpg?resize=768%2C432&amp;ssl=1 768w, https:\/\/i0.wp.com\/elregionalvm.com.ar\/noticias-villa-maria\/wp-content\/uploads\/2021\/04\/Soja.jpg?w=1200&amp;ssl=1 1200w\" sizes=\"(max-width: 1000px) 100vw, 1000px\" \/><\/figure>\n\n\n\n<p><\/p>\n\n\n\n<p><strong>Derrame de hidrocarburos<\/strong><\/p>\n\n\n\n<p>Por otro lado, el derrame de hidrocarburos es una de las fuentes de mayor peligrosidad para el ambiente acu\u00e1tico. Vale recordar que el 15 de enero pasado se cumplieron 25 a\u00f1os del mayor ecocidio de ese tipo en aguas dulces: fue en las costas de la ciudad de Magdalena, provincia de Buenos Aires, cuando el barco Sea Paran\u00e1, de bandera alemana, impact\u00f3 contra el buque Estrella Pampeana de la empresa Shell.<\/p>\n\n\n\n<p>Aunque este suceso marc\u00f3 un hito hist\u00f3rico en la normativa que regula la materia en nuestro pa\u00eds y la posterior ratificaci\u00f3n de los Convenios Internacionales que rigen la materia, los habitantes de Magdalena a\u00fan esperan que haya una reparaci\u00f3n por parte de la Justicia. Pas\u00f3 un cuarto de siglo y la empresa Shell nunca fue multada por haber provocado el mayor ecocidio en aguas dulces en la historia mundial.<\/p>\n\n\n\n<p><strong>Escasez e inequidad en el acceso<\/strong><\/p>\n\n\n\n<p>El agua es un bien com\u00fan no renovable, que en su mayor proporci\u00f3n no resulta apto para el consumo humano. Adem\u00e1s de los problemas de contaminaci\u00f3n, preocupan la escasez e inequidad en el acceso a este bien. Se trata de un derecho humano, esencial, que no disponen todos: seg\u00fan la ONU, actualmente alrededor de 2.000 millones de personas no tienen acceso al agua, de las cuales 7 de cada 10 viven en zonas rurales y un tercio en los pa\u00edses menos adelantados.<\/p>\n\n\n\n<p>Bajo el actual escenario de cambio clim\u00e1tico, se calcula que cerca de la mitad de la poblaci\u00f3n vivir\u00e1 en \u00e1reas afectadas por un alto grado de estr\u00e9s por d\u00e9ficit h\u00eddrico para 2030.<\/p>\n\n\n\n<p><\/p>\n\n\n\n<figure class=\"wp-block-image size-full is-resized\"><img data-recalc-dims=\"1\" loading=\"lazy\" decoding=\"async\" width=\"789\" height=\"964\" src=\"https:\/\/i0.wp.com\/elregionalvm.com.ar\/noticias-villa-maria\/wp-content\/uploads\/2020\/12\/Nino-bebiendo-agua-de-charco-vertical.jpg?resize=789%2C964&#038;ssl=1\" alt=\"\" class=\"wp-image-29241\" style=\"width:910px;height:auto\" srcset=\"https:\/\/i0.wp.com\/elregionalvm.com.ar\/noticias-villa-maria\/wp-content\/uploads\/2020\/12\/Nino-bebiendo-agua-de-charco-vertical.jpg?w=789&amp;ssl=1 789w, https:\/\/i0.wp.com\/elregionalvm.com.ar\/noticias-villa-maria\/wp-content\/uploads\/2020\/12\/Nino-bebiendo-agua-de-charco-vertical.jpg?resize=246%2C300&amp;ssl=1 246w, https:\/\/i0.wp.com\/elregionalvm.com.ar\/noticias-villa-maria\/wp-content\/uploads\/2020\/12\/Nino-bebiendo-agua-de-charco-vertical.jpg?resize=768%2C938&amp;ssl=1 768w\" sizes=\"(max-width: 789px) 100vw, 789px\" \/><\/figure>\n\n\n\n<p><\/p>\n\n\n\n<p>Y al menos una de cada cuatro personas probablemente vivir\u00e1 en un pa\u00eds afectado por la escasez cr\u00f3nica y reiterada de agua dulce para el 2050.<\/p>\n\n\n\n<p>El problema podr\u00eda escalar a conflictos entre pa\u00edses, porque m\u00e1s de 3000 millones de personas en todo el mundo dependen de agua que atraviesa las fronteras nacionales. Sin embargo, solo 24 pa\u00edses tienen acuerdos de cooperaci\u00f3n para todos los recursos h\u00eddricos que comparten, public\u00f3 Naciones Unidas en un mensaje por el D\u00eda Mundial del Agua en 2024, celebrado el pasado 22 de marzo.<\/p>\n\n\n\n<p><strong>\u00bfQu\u00e9 podemos hacer para cuidar el agua?<\/strong><\/p>\n\n\n\n<p>En primer lugar, partir de la conciencia de que \u201ces imposible cuidar el medio ambiente con una cultura basada en el despilfarro\u201d, tal como sostiene el presidente honorario de la Fundaci\u00f3n Colsecor Jos\u00e9 \u201cPepe\u201dMujica.<\/p>\n\n\n\n<p>Algunos h\u00e1bitos sustentables los podemos hacer en casa: desde reutilizar el agua, colocar el modo econ\u00f3mico o ecol\u00f3gico en el lavarropas o reparar canillas que goteen (ya que se estima que estos desperfectos derrochan m\u00e1s de 50 litros en un d\u00eda), hasta cuidar el agua de las piletas, pues pueden demandar m\u00e1s de 20.000 litros.<\/p>\n\n\n\n<p>Seg\u00fan el sondeo de Fundaci\u00f3n COLSECOR, la gran mayor\u00eda de los encuestados respondi\u00f3 estar muy de acuerdo (62,5%) o algo de acuerdo (30,9%) con la siguiente afirmaci\u00f3n: \u201cel deterioro ambiental puede detenerse con un cambio en el modo de vida\u201d.<\/p>\n\n\n\n<p>M\u00e1s all\u00e1 de lo que se puede hacer en t\u00e9rminos individuales, para conseguir verdaderos cambios es necesario pensar el ambiente desde una perspectiva social.<\/p>\n\n\n\n<p>Los humedales, adem\u00e1s de ser un reservorio de agua dulce, amortiguan los impactos de las lluvias, controlan la erosi\u00f3n y son destacados sumideros de carbono. Argentina todav\u00eda sigue sin Ley de Humedales.<\/p>\n\n\n\n<p>Reclamar que el Estado tome medidas de adaptaci\u00f3n al cambio clim\u00e1tico, acciones preventivas, campa\u00f1as de concientizaci\u00f3n sobre el cuidado de los recursos naturales, como el agua, es fundamental en la lucha por un ambiente m\u00e1s sano desde una perspectiva comunitaria.<\/p>\n\n\n\n<p>Adem\u00e1s, Argentina es uno de los pa\u00edses de Am\u00e9rica Latina que se encuentra m\u00e1s rezagado en materia de normativa ambiental. Las propias respuestas del sondeo de la Fundaci\u00f3n COLSECOR dan cuenta de esa deuda: casi 9 de cada 10 encuestados considera que las leyes en el pa\u00eds no son suficientemente estrictas para castigar a quienes da\u00f1an el ambiente (87,6% entre quienes est\u00e1n \u201cmuy y algo de acuerdo\u201d).<\/p>\n\n\n\n<p><\/p>\n\n\n\n<figure class=\"wp-block-image size-full\"><img data-recalc-dims=\"1\" loading=\"lazy\" decoding=\"async\" width=\"1023\" height=\"651\" src=\"https:\/\/i0.wp.com\/elregionalvm.com.ar\/noticias-villa-maria\/wp-content\/uploads\/2021\/04\/Rio-Ctalamochita-isla.jpg?resize=1023%2C651&#038;ssl=1\" alt=\"\" class=\"wp-image-36195\" srcset=\"https:\/\/i0.wp.com\/elregionalvm.com.ar\/noticias-villa-maria\/wp-content\/uploads\/2021\/04\/Rio-Ctalamochita-isla.jpg?w=1023&amp;ssl=1 1023w, https:\/\/i0.wp.com\/elregionalvm.com.ar\/noticias-villa-maria\/wp-content\/uploads\/2021\/04\/Rio-Ctalamochita-isla.jpg?resize=300%2C191&amp;ssl=1 300w, https:\/\/i0.wp.com\/elregionalvm.com.ar\/noticias-villa-maria\/wp-content\/uploads\/2021\/04\/Rio-Ctalamochita-isla.jpg?resize=768%2C489&amp;ssl=1 768w\" sizes=\"(max-width: 1000px) 100vw, 1000px\" \/><\/figure>\n\n\n\n<p><\/p>\n\n\n\n<p>La amenaza a recursos no renovables como el agua dulce no es solo a futuro, tambi\u00e9n es inmediata.<\/p>\n\n\n\n<p>Argentina es uno de los pa\u00edses con mayor reserva de agua dulce. Se ubica a nivel mundial en el puesto 16 del ranking. Una de las razones de esta gran abundancia es la existencia del Acu\u00edfero Guaran\u00ed que se comparte con Brasil, Paraguay y Uruguay.<\/p>\n\n\n\n<p>A contramano de lo que dijo en campa\u00f1a el presidente Javier Milei sobre la contaminaci\u00f3n de los r\u00edos (\u201c\u00bfcu\u00e1l es el problema de que una empresa contamine un r\u00edo?\u201d), este recurso h\u00eddrico tiene un valor incalculable y la protecci\u00f3n de su accesibilidad y calidad una responsabilidad de todos (fundamentalmente de los gobernantes).<\/p>\n\n\n\n<p><em>Fuente: Fundaci\u00f3n Colsecor<\/em><\/p>\n\n\n\n<p><\/p>\n\n\n\n<h3 class=\"wp-block-heading\"><strong>Tambi\u00e9n pod\u00e9s ver:<\/strong><\/h3>\n\n\n\n<p><\/p>\n\n\n\n<p><\/p>\n\n\n\n<figure class=\"wp-block-embed is-type-wp-embed is-provider-el-regional wp-block-embed-el-regional\"><div class=\"wp-block-embed__wrapper\">\n<blockquote class=\"wp-embedded-content\" data-secret=\"pPys5QfxY4\"><a href=\"https:\/\/elregionalvm.com.ar\/noticias-villa-maria\/cambio-climatico-y-contaminacion-del-agua-los-problemas-ambientales-que-mas-preocupan-a-los-argentinos\/\">Cambio clim\u00e1tico y contaminaci\u00f3n del agua, los problemas ambientales que m\u00e1s preocupan a los argentinos<\/a><\/blockquote><iframe class=\"wp-embedded-content\" sandbox=\"allow-scripts\" security=\"restricted\" style=\"position: absolute; clip: rect(1px, 1px, 1px, 1px);\" title=\"\u00abCambio clim\u00e1tico y contaminaci\u00f3n del agua, los problemas ambientales que m\u00e1s preocupan a los argentinos\u00bb \u2014 El Regional\" src=\"https:\/\/elregionalvm.com.ar\/noticias-villa-maria\/cambio-climatico-y-contaminacion-del-agua-los-problemas-ambientales-que-mas-preocupan-a-los-argentinos\/embed\/#?secret=F4na5WD7VI#?secret=pPys5QfxY4\" data-secret=\"pPys5QfxY4\" width=\"500\" height=\"282\" frameborder=\"0\" marginwidth=\"0\" marginheight=\"0\" scrolling=\"no\"><\/iframe>\n<\/div><\/figure>\n","protected":false},"excerpt":{"rendered":"<p>\u00bfCu\u00e1les son los principales contaminantes y pr\u00e1cticas nocivas sobre las fuentes de agua dulce? \u00bfNos ocupamos en la pr\u00e1ctica de cambiar nuestros h\u00e1bitos? Nueve de cada 10 argentinos cree que las leyes no son estrictas ante delitos ambientales. La lista de los r\u00edos m\u00e1s contaminados de Argentina, seg\u00fan un informe de la Fundaci\u00f3n COLSECOR. Si [&hellip;]<\/p>\n","protected":false},"author":4,"featured_media":92664,"comment_status":"open","ping_status":"open","sticky":false,"template":"","format":"standard","meta":{"site-sidebar-layout":"default","site-content-layout":"","ast-site-content-layout":"default","site-content-style":"default","site-sidebar-style":"default","ast-global-header-display":"","ast-banner-title-visibility":"","ast-main-header-display":"","ast-hfb-above-header-display":"","ast-hfb-below-header-display":"","ast-hfb-mobile-header-display":"","site-post-title":"","ast-breadcrumbs-content":"","ast-featured-img":"","footer-sml-layout":"","ast-disable-related-posts":"","theme-transparent-header-meta":"","adv-header-id-meta":"","stick-header-meta":"","header-above-stick-meta":"","header-main-stick-meta":"","header-below-stick-meta":"","astra-migrate-meta-layouts":"set","ast-page-background-enabled":"default","ast-page-background-meta":{"desktop":{"background-color":"","background-image":"","background-repeat":"repeat","background-position":"center center","background-size":"auto","background-attachment":"scroll","background-type":"","background-media":"","overlay-type":"","overlay-color":"","overlay-opacity":"","overlay-gradient":""},"tablet":{"background-color":"","background-image":"","background-repeat":"repeat","background-position":"center center","background-size":"auto","background-attachment":"scroll","background-type":"","background-media":"","overlay-type":"","overlay-color":"","overlay-opacity":"","overlay-gradient":""},"mobile":{"background-color":"","background-image":"","background-repeat":"repeat","background-position":"center center","background-size":"auto","background-attachment":"scroll","background-type":"","background-media":"","overlay-type":"","overlay-color":"","overlay-opacity":"","overlay-gradient":""}},"ast-content-background-meta":{"desktop":{"background-color":"var(--ast-global-color-5)","background-image":"","background-repeat":"repeat","background-position":"center center","background-size":"auto","background-attachment":"scroll","background-type":"","background-media":"","overlay-type":"","overlay-color":"","overlay-opacity":"","overlay-gradient":""},"tablet":{"background-color":"var(--ast-global-color-5)","background-image":"","background-repeat":"repeat","background-position":"center center","background-size":"auto","background-attachment":"scroll","background-type":"","background-media":"","overlay-type":"","overlay-color":"","overlay-opacity":"","overlay-gradient":""},"mobile":{"background-color":"var(--ast-global-color-5)","background-image":"","background-repeat":"repeat","background-position":"center center","background-size":"auto","background-attachment":"scroll","background-type":"","background-media":"","overlay-type":"","overlay-color":"","overlay-opacity":"","overlay-gradient":""}},"_jetpack_memberships_contains_paid_content":false,"_joinchat":[],"footnotes":""},"categories":[4777,365,3557],"tags":[1418,245,8875,6097,20068,23727,23854,15315,23852,23851,3132],"class_list":["post-92662","post","type-post","status-publish","format-standard","has-post-thumbnail","hentry","category-econotas","category-opinion","category-tercera","tag-acceso","tag-agua","tag-cambio-climatico","tag-contaminacion","tag-escasez","tag-fundacion-colsecor","tag-habitos","tag-hidrocarburos","tag-produccion-agricola","tag-recurso","tag-residuos"],"yoast_head":"<!-- This site is optimized with the Yoast SEO plugin v26.8 - https:\/\/yoast.com\/product\/yoast-seo-wordpress\/ -->\n<title>[Informe] El agua: Un tesoro incalculable, cada vez m\u00e1s escaso y con falta de control del estado - El Regional<\/title>\n<meta name=\"robots\" content=\"index, follow, max-snippet:-1, max-image-preview:large, max-video-preview:-1\" \/>\n<link rel=\"canonical\" href=\"https:\/\/elregionalvm.com.ar\/noticias-villa-maria\/informe-el-agua-un-tesoro-incalculable-cada-vez-mas-escaso-y-con-falta-de-control-del-estado\/\" \/>\n<meta property=\"og:locale\" content=\"es_ES\" \/>\n<meta property=\"og:type\" content=\"article\" \/>\n<meta property=\"og:title\" content=\"[Informe] El agua: Un tesoro incalculable, cada vez m\u00e1s escaso y con falta de control del estado - El Regional\" \/>\n<meta property=\"og:description\" content=\"\u00bfCu\u00e1les son los principales contaminantes y pr\u00e1cticas nocivas sobre las fuentes de agua dulce? \u00bfNos ocupamos en la pr\u00e1ctica de cambiar nuestros h\u00e1bitos? Nueve de cada 10 argentinos cree que las leyes no son estrictas ante delitos ambientales. La lista de los r\u00edos m\u00e1s contaminados de Argentina, seg\u00fan un informe de la Fundaci\u00f3n COLSECOR. Si [&hellip;]\" \/>\n<meta property=\"og:url\" content=\"https:\/\/elregionalvm.com.ar\/noticias-villa-maria\/informe-el-agua-un-tesoro-incalculable-cada-vez-mas-escaso-y-con-falta-de-control-del-estado\/\" \/>\n<meta property=\"og:site_name\" content=\"El Regional\" \/>\n<meta property=\"article:publisher\" content=\"https:\/\/www.facebook.com\/elregionalvm\" \/>\n<meta property=\"article:published_time\" content=\"2024-04-17T02:54:55+00:00\" \/>\n<meta property=\"article:modified_time\" content=\"2024-04-19T02:03:50+00:00\" \/>\n<meta property=\"og:image\" content=\"https:\/\/elregionalvm.com.ar\/noticias-villa-maria\/wp-content\/uploads\/2024\/04\/agua-canilla-escasez-sed-manos-sucias-contaminacion.jpg\" \/>\n\t<meta property=\"og:image:width\" content=\"1200\" \/>\n\t<meta property=\"og:image:height\" content=\"640\" \/>\n\t<meta property=\"og:image:type\" content=\"image\/jpeg\" \/>\n<meta name=\"author\" content=\"Contenidos El Regional\" \/>\n<meta name=\"twitter:card\" content=\"summary_large_image\" \/>\n<meta name=\"twitter:creator\" content=\"@elregionalvm1\" \/>\n<meta name=\"twitter:site\" content=\"@elregionalvm1\" \/>\n<meta name=\"twitter:label1\" content=\"Escrito por\" \/>\n\t<meta name=\"twitter:data1\" content=\"Contenidos El Regional\" \/>\n\t<meta name=\"twitter:label2\" content=\"Tiempo de lectura\" \/>\n\t<meta name=\"twitter:data2\" content=\"10 minutos\" \/>\n<script type=\"application\/ld+json\" class=\"yoast-schema-graph\">{\"@context\":\"https:\/\/schema.org\",\"@graph\":[{\"@type\":\"Article\",\"@id\":\"https:\/\/elregionalvm.com.ar\/noticias-villa-maria\/informe-el-agua-un-tesoro-incalculable-cada-vez-mas-escaso-y-con-falta-de-control-del-estado\/#article\",\"isPartOf\":{\"@id\":\"https:\/\/elregionalvm.com.ar\/noticias-villa-maria\/informe-el-agua-un-tesoro-incalculable-cada-vez-mas-escaso-y-con-falta-de-control-del-estado\/\"},\"author\":{\"name\":\"Contenidos El Regional\",\"@id\":\"http:\/\/elregionalvm.com.ar\/noticias-villa-maria\/#\/schema\/person\/a0fb9c422317faca23d50163151bc354\"},\"headline\":\"[Informe] El agua: Un tesoro incalculable, cada vez m\u00e1s escaso y con falta de control del estado\",\"datePublished\":\"2024-04-17T02:54:55+00:00\",\"dateModified\":\"2024-04-19T02:03:50+00:00\",\"mainEntityOfPage\":{\"@id\":\"https:\/\/elregionalvm.com.ar\/noticias-villa-maria\/informe-el-agua-un-tesoro-incalculable-cada-vez-mas-escaso-y-con-falta-de-control-del-estado\/\"},\"wordCount\":1985,\"commentCount\":0,\"image\":{\"@id\":\"https:\/\/elregionalvm.com.ar\/noticias-villa-maria\/informe-el-agua-un-tesoro-incalculable-cada-vez-mas-escaso-y-con-falta-de-control-del-estado\/#primaryimage\"},\"thumbnailUrl\":\"https:\/\/i0.wp.com\/elregionalvm.com.ar\/noticias-villa-maria\/wp-content\/uploads\/2024\/04\/agua-canilla-escasez-sed-manos-sucias-contaminacion.jpg?fit=1200%2C640&ssl=1\",\"keywords\":[\"Acceso\",\"agua\",\"cambio clim\u00e1tico\",\"contaminaci\u00f3n\",\"escasez\",\"Fundaci\u00f3n Colsecor\",\"h\u00e1bitos\",\"hidrocarburos\",\"producci\u00f3n agricola\",\"recurso\",\"residuos\"],\"articleSection\":[\"Econotas\",\"Opini\u00f3n\",\"tercera\"],\"inLanguage\":\"es\",\"potentialAction\":[{\"@type\":\"CommentAction\",\"name\":\"Comment\",\"target\":[\"https:\/\/elregionalvm.com.ar\/noticias-villa-maria\/informe-el-agua-un-tesoro-incalculable-cada-vez-mas-escaso-y-con-falta-de-control-del-estado\/#respond\"]}]},{\"@type\":\"WebPage\",\"@id\":\"https:\/\/elregionalvm.com.ar\/noticias-villa-maria\/informe-el-agua-un-tesoro-incalculable-cada-vez-mas-escaso-y-con-falta-de-control-del-estado\/\",\"url\":\"https:\/\/elregionalvm.com.ar\/noticias-villa-maria\/informe-el-agua-un-tesoro-incalculable-cada-vez-mas-escaso-y-con-falta-de-control-del-estado\/\",\"name\":\"[Informe] El agua: Un tesoro incalculable, cada vez m\u00e1s escaso y con falta de control del estado - El Regional\",\"isPartOf\":{\"@id\":\"http:\/\/elregionalvm.com.ar\/noticias-villa-maria\/#website\"},\"primaryImageOfPage\":{\"@id\":\"https:\/\/elregionalvm.com.ar\/noticias-villa-maria\/informe-el-agua-un-tesoro-incalculable-cada-vez-mas-escaso-y-con-falta-de-control-del-estado\/#primaryimage\"},\"image\":{\"@id\":\"https:\/\/elregionalvm.com.ar\/noticias-villa-maria\/informe-el-agua-un-tesoro-incalculable-cada-vez-mas-escaso-y-con-falta-de-control-del-estado\/#primaryimage\"},\"thumbnailUrl\":\"https:\/\/i0.wp.com\/elregionalvm.com.ar\/noticias-villa-maria\/wp-content\/uploads\/2024\/04\/agua-canilla-escasez-sed-manos-sucias-contaminacion.jpg?fit=1200%2C640&ssl=1\",\"datePublished\":\"2024-04-17T02:54:55+00:00\",\"dateModified\":\"2024-04-19T02:03:50+00:00\",\"author\":{\"@id\":\"http:\/\/elregionalvm.com.ar\/noticias-villa-maria\/#\/schema\/person\/a0fb9c422317faca23d50163151bc354\"},\"breadcrumb\":{\"@id\":\"https:\/\/elregionalvm.com.ar\/noticias-villa-maria\/informe-el-agua-un-tesoro-incalculable-cada-vez-mas-escaso-y-con-falta-de-control-del-estado\/#breadcrumb\"},\"inLanguage\":\"es\",\"potentialAction\":[{\"@type\":\"ReadAction\",\"target\":[\"https:\/\/elregionalvm.com.ar\/noticias-villa-maria\/informe-el-agua-un-tesoro-incalculable-cada-vez-mas-escaso-y-con-falta-de-control-del-estado\/\"]}]},{\"@type\":\"ImageObject\",\"inLanguage\":\"es\",\"@id\":\"https:\/\/elregionalvm.com.ar\/noticias-villa-maria\/informe-el-agua-un-tesoro-incalculable-cada-vez-mas-escaso-y-con-falta-de-control-del-estado\/#primaryimage\",\"url\":\"https:\/\/i0.wp.com\/elregionalvm.com.ar\/noticias-villa-maria\/wp-content\/uploads\/2024\/04\/agua-canilla-escasez-sed-manos-sucias-contaminacion.jpg?fit=1200%2C640&ssl=1\",\"contentUrl\":\"https:\/\/i0.wp.com\/elregionalvm.com.ar\/noticias-villa-maria\/wp-content\/uploads\/2024\/04\/agua-canilla-escasez-sed-manos-sucias-contaminacion.jpg?fit=1200%2C640&ssl=1\",\"width\":1200,\"height\":640},{\"@type\":\"BreadcrumbList\",\"@id\":\"https:\/\/elregionalvm.com.ar\/noticias-villa-maria\/informe-el-agua-un-tesoro-incalculable-cada-vez-mas-escaso-y-con-falta-de-control-del-estado\/#breadcrumb\",\"itemListElement\":[{\"@type\":\"ListItem\",\"position\":1,\"name\":\"Portada\",\"item\":\"https:\/\/elregionalvm.com.ar\/noticias-villa-maria\/\"},{\"@type\":\"ListItem\",\"position\":2,\"name\":\"[Informe] El agua: Un tesoro incalculable, cada vez m\u00e1s escaso y con falta de control del estado\"}]},{\"@type\":\"WebSite\",\"@id\":\"http:\/\/elregionalvm.com.ar\/noticias-villa-maria\/#website\",\"url\":\"http:\/\/elregionalvm.com.ar\/noticias-villa-maria\/\",\"name\":\"El Regional\",\"description\":\"Mucho m\u00e1s que informaci\u00f3n\",\"potentialAction\":[{\"@type\":\"SearchAction\",\"target\":{\"@type\":\"EntryPoint\",\"urlTemplate\":\"http:\/\/elregionalvm.com.ar\/noticias-villa-maria\/?s={search_term_string}\"},\"query-input\":{\"@type\":\"PropertyValueSpecification\",\"valueRequired\":true,\"valueName\":\"search_term_string\"}}],\"inLanguage\":\"es\"},{\"@type\":\"Person\",\"@id\":\"http:\/\/elregionalvm.com.ar\/noticias-villa-maria\/#\/schema\/person\/a0fb9c422317faca23d50163151bc354\",\"name\":\"Contenidos El Regional\",\"image\":{\"@type\":\"ImageObject\",\"inLanguage\":\"es\",\"@id\":\"http:\/\/elregionalvm.com.ar\/noticias-villa-maria\/#\/schema\/person\/image\/\",\"url\":\"https:\/\/secure.gravatar.com\/avatar\/265b27cb2209af7bb3a1318f03305787d7981a5cc6e6cd08fe5a4ecdf99d4b48?s=96&d=mm&r=g\",\"contentUrl\":\"https:\/\/secure.gravatar.com\/avatar\/265b27cb2209af7bb3a1318f03305787d7981a5cc6e6cd08fe5a4ecdf99d4b48?s=96&d=mm&r=g\",\"caption\":\"Contenidos El Regional\"},\"url\":\"https:\/\/elregionalvm.com.ar\/noticias-villa-maria\/author\/contenido\/\"}]}<\/script>\n<!-- \/ Yoast SEO plugin. -->","yoast_head_json":{"title":"[Informe] El agua: Un tesoro incalculable, cada vez m\u00e1s escaso y con falta de control del estado - El Regional","robots":{"index":"index","follow":"follow","max-snippet":"max-snippet:-1","max-image-preview":"max-image-preview:large","max-video-preview":"max-video-preview:-1"},"canonical":"https:\/\/elregionalvm.com.ar\/noticias-villa-maria\/informe-el-agua-un-tesoro-incalculable-cada-vez-mas-escaso-y-con-falta-de-control-del-estado\/","og_locale":"es_ES","og_type":"article","og_title":"[Informe] El agua: Un tesoro incalculable, cada vez m\u00e1s escaso y con falta de control del estado - El Regional","og_description":"\u00bfCu\u00e1les son los principales contaminantes y pr\u00e1cticas nocivas sobre las fuentes de agua dulce? \u00bfNos ocupamos en la pr\u00e1ctica de cambiar nuestros h\u00e1bitos? Nueve de cada 10 argentinos cree que las leyes no son estrictas ante delitos ambientales. La lista de los r\u00edos m\u00e1s contaminados de Argentina, seg\u00fan un informe de la Fundaci\u00f3n COLSECOR. Si [&hellip;]","og_url":"https:\/\/elregionalvm.com.ar\/noticias-villa-maria\/informe-el-agua-un-tesoro-incalculable-cada-vez-mas-escaso-y-con-falta-de-control-del-estado\/","og_site_name":"El Regional","article_publisher":"https:\/\/www.facebook.com\/elregionalvm","article_published_time":"2024-04-17T02:54:55+00:00","article_modified_time":"2024-04-19T02:03:50+00:00","og_image":[{"width":1200,"height":640,"url":"https:\/\/elregionalvm.com.ar\/noticias-villa-maria\/wp-content\/uploads\/2024\/04\/agua-canilla-escasez-sed-manos-sucias-contaminacion.jpg","type":"image\/jpeg"}],"author":"Contenidos El Regional","twitter_card":"summary_large_image","twitter_creator":"@elregionalvm1","twitter_site":"@elregionalvm1","twitter_misc":{"Escrito por":"Contenidos El Regional","Tiempo de lectura":"10 minutos"},"schema":{"@context":"https:\/\/schema.org","@graph":[{"@type":"Article","@id":"https:\/\/elregionalvm.com.ar\/noticias-villa-maria\/informe-el-agua-un-tesoro-incalculable-cada-vez-mas-escaso-y-con-falta-de-control-del-estado\/#article","isPartOf":{"@id":"https:\/\/elregionalvm.com.ar\/noticias-villa-maria\/informe-el-agua-un-tesoro-incalculable-cada-vez-mas-escaso-y-con-falta-de-control-del-estado\/"},"author":{"name":"Contenidos El Regional","@id":"http:\/\/elregionalvm.com.ar\/noticias-villa-maria\/#\/schema\/person\/a0fb9c422317faca23d50163151bc354"},"headline":"[Informe] El agua: Un tesoro incalculable, cada vez m\u00e1s escaso y con falta de control del estado","datePublished":"2024-04-17T02:54:55+00:00","dateModified":"2024-04-19T02:03:50+00:00","mainEntityOfPage":{"@id":"https:\/\/elregionalvm.com.ar\/noticias-villa-maria\/informe-el-agua-un-tesoro-incalculable-cada-vez-mas-escaso-y-con-falta-de-control-del-estado\/"},"wordCount":1985,"commentCount":0,"image":{"@id":"https:\/\/elregionalvm.com.ar\/noticias-villa-maria\/informe-el-agua-un-tesoro-incalculable-cada-vez-mas-escaso-y-con-falta-de-control-del-estado\/#primaryimage"},"thumbnailUrl":"https:\/\/i0.wp.com\/elregionalvm.com.ar\/noticias-villa-maria\/wp-content\/uploads\/2024\/04\/agua-canilla-escasez-sed-manos-sucias-contaminacion.jpg?fit=1200%2C640&ssl=1","keywords":["Acceso","agua","cambio clim\u00e1tico","contaminaci\u00f3n","escasez","Fundaci\u00f3n Colsecor","h\u00e1bitos","hidrocarburos","producci\u00f3n agricola","recurso","residuos"],"articleSection":["Econotas","Opini\u00f3n","tercera"],"inLanguage":"es","potentialAction":[{"@type":"CommentAction","name":"Comment","target":["https:\/\/elregionalvm.com.ar\/noticias-villa-maria\/informe-el-agua-un-tesoro-incalculable-cada-vez-mas-escaso-y-con-falta-de-control-del-estado\/#respond"]}]},{"@type":"WebPage","@id":"https:\/\/elregionalvm.com.ar\/noticias-villa-maria\/informe-el-agua-un-tesoro-incalculable-cada-vez-mas-escaso-y-con-falta-de-control-del-estado\/","url":"https:\/\/elregionalvm.com.ar\/noticias-villa-maria\/informe-el-agua-un-tesoro-incalculable-cada-vez-mas-escaso-y-con-falta-de-control-del-estado\/","name":"[Informe] El agua: Un tesoro incalculable, cada vez m\u00e1s escaso y con falta de control del estado - El Regional","isPartOf":{"@id":"http:\/\/elregionalvm.com.ar\/noticias-villa-maria\/#website"},"primaryImageOfPage":{"@id":"https:\/\/elregionalvm.com.ar\/noticias-villa-maria\/informe-el-agua-un-tesoro-incalculable-cada-vez-mas-escaso-y-con-falta-de-control-del-estado\/#primaryimage"},"image":{"@id":"https:\/\/elregionalvm.com.ar\/noticias-villa-maria\/informe-el-agua-un-tesoro-incalculable-cada-vez-mas-escaso-y-con-falta-de-control-del-estado\/#primaryimage"},"thumbnailUrl":"https:\/\/i0.wp.com\/elregionalvm.com.ar\/noticias-villa-maria\/wp-content\/uploads\/2024\/04\/agua-canilla-escasez-sed-manos-sucias-contaminacion.jpg?fit=1200%2C640&ssl=1","datePublished":"2024-04-17T02:54:55+00:00","dateModified":"2024-04-19T02:03:50+00:00","author":{"@id":"http:\/\/elregionalvm.com.ar\/noticias-villa-maria\/#\/schema\/person\/a0fb9c422317faca23d50163151bc354"},"breadcrumb":{"@id":"https:\/\/elregionalvm.com.ar\/noticias-villa-maria\/informe-el-agua-un-tesoro-incalculable-cada-vez-mas-escaso-y-con-falta-de-control-del-estado\/#breadcrumb"},"inLanguage":"es","potentialAction":[{"@type":"ReadAction","target":["https:\/\/elregionalvm.com.ar\/noticias-villa-maria\/informe-el-agua-un-tesoro-incalculable-cada-vez-mas-escaso-y-con-falta-de-control-del-estado\/"]}]},{"@type":"ImageObject","inLanguage":"es","@id":"https:\/\/elregionalvm.com.ar\/noticias-villa-maria\/informe-el-agua-un-tesoro-incalculable-cada-vez-mas-escaso-y-con-falta-de-control-del-estado\/#primaryimage","url":"https:\/\/i0.wp.com\/elregionalvm.com.ar\/noticias-villa-maria\/wp-content\/uploads\/2024\/04\/agua-canilla-escasez-sed-manos-sucias-contaminacion.jpg?fit=1200%2C640&ssl=1","contentUrl":"https:\/\/i0.wp.com\/elregionalvm.com.ar\/noticias-villa-maria\/wp-content\/uploads\/2024\/04\/agua-canilla-escasez-sed-manos-sucias-contaminacion.jpg?fit=1200%2C640&ssl=1","width":1200,"height":640},{"@type":"BreadcrumbList","@id":"https:\/\/elregionalvm.com.ar\/noticias-villa-maria\/informe-el-agua-un-tesoro-incalculable-cada-vez-mas-escaso-y-con-falta-de-control-del-estado\/#breadcrumb","itemListElement":[{"@type":"ListItem","position":1,"name":"Portada","item":"https:\/\/elregionalvm.com.ar\/noticias-villa-maria\/"},{"@type":"ListItem","position":2,"name":"[Informe] El agua: Un tesoro incalculable, cada vez m\u00e1s escaso y con falta de control del estado"}]},{"@type":"WebSite","@id":"http:\/\/elregionalvm.com.ar\/noticias-villa-maria\/#website","url":"http:\/\/elregionalvm.com.ar\/noticias-villa-maria\/","name":"El Regional","description":"Mucho m\u00e1s que informaci\u00f3n","potentialAction":[{"@type":"SearchAction","target":{"@type":"EntryPoint","urlTemplate":"http:\/\/elregionalvm.com.ar\/noticias-villa-maria\/?s={search_term_string}"},"query-input":{"@type":"PropertyValueSpecification","valueRequired":true,"valueName":"search_term_string"}}],"inLanguage":"es"},{"@type":"Person","@id":"http:\/\/elregionalvm.com.ar\/noticias-villa-maria\/#\/schema\/person\/a0fb9c422317faca23d50163151bc354","name":"Contenidos El Regional","image":{"@type":"ImageObject","inLanguage":"es","@id":"http:\/\/elregionalvm.com.ar\/noticias-villa-maria\/#\/schema\/person\/image\/","url":"https:\/\/secure.gravatar.com\/avatar\/265b27cb2209af7bb3a1318f03305787d7981a5cc6e6cd08fe5a4ecdf99d4b48?s=96&d=mm&r=g","contentUrl":"https:\/\/secure.gravatar.com\/avatar\/265b27cb2209af7bb3a1318f03305787d7981a5cc6e6cd08fe5a4ecdf99d4b48?s=96&d=mm&r=g","caption":"Contenidos El Regional"},"url":"https:\/\/elregionalvm.com.ar\/noticias-villa-maria\/author\/contenido\/"}]}},"jetpack_featured_media_url":"https:\/\/i0.wp.com\/elregionalvm.com.ar\/noticias-villa-maria\/wp-content\/uploads\/2024\/04\/agua-canilla-escasez-sed-manos-sucias-contaminacion.jpg?fit=1200%2C640&ssl=1","jetpack_sharing_enabled":true,"_links":{"self":[{"href":"https:\/\/elregionalvm.com.ar\/noticias-villa-maria\/wp-json\/wp\/v2\/posts\/92662","targetHints":{"allow":["GET"]}}],"collection":[{"href":"https:\/\/elregionalvm.com.ar\/noticias-villa-maria\/wp-json\/wp\/v2\/posts"}],"about":[{"href":"https:\/\/elregionalvm.com.ar\/noticias-villa-maria\/wp-json\/wp\/v2\/types\/post"}],"author":[{"embeddable":true,"href":"https:\/\/elregionalvm.com.ar\/noticias-villa-maria\/wp-json\/wp\/v2\/users\/4"}],"replies":[{"embeddable":true,"href":"https:\/\/elregionalvm.com.ar\/noticias-villa-maria\/wp-json\/wp\/v2\/comments?post=92662"}],"version-history":[{"count":3,"href":"https:\/\/elregionalvm.com.ar\/noticias-villa-maria\/wp-json\/wp\/v2\/posts\/92662\/revisions"}],"predecessor-version":[{"id":92668,"href":"https:\/\/elregionalvm.com.ar\/noticias-villa-maria\/wp-json\/wp\/v2\/posts\/92662\/revisions\/92668"}],"wp:featuredmedia":[{"embeddable":true,"href":"https:\/\/elregionalvm.com.ar\/noticias-villa-maria\/wp-json\/wp\/v2\/media\/92664"}],"wp:attachment":[{"href":"https:\/\/elregionalvm.com.ar\/noticias-villa-maria\/wp-json\/wp\/v2\/media?parent=92662"}],"wp:term":[{"taxonomy":"category","embeddable":true,"href":"https:\/\/elregionalvm.com.ar\/noticias-villa-maria\/wp-json\/wp\/v2\/categories?post=92662"},{"taxonomy":"post_tag","embeddable":true,"href":"https:\/\/elregionalvm.com.ar\/noticias-villa-maria\/wp-json\/wp\/v2\/tags?post=92662"}],"curies":[{"name":"wp","href":"https:\/\/api.w.org\/{rel}","templated":true}]}}