{"id":93091,"date":"2024-04-25T22:34:13","date_gmt":"2024-04-25T22:34:13","guid":{"rendered":"https:\/\/elregionalvm.com.ar\/noticias-villa-maria\/?p=93091"},"modified":"2024-04-26T01:12:51","modified_gmt":"2024-04-26T01:12:51","slug":"el-entrenador-de-basquet-julio-lamas-participo-de-la-feria-conectando-saberes","status":"publish","type":"post","link":"https:\/\/elregionalvm.com.ar\/noticias-villa-maria\/el-entrenador-de-basquet-julio-lamas-participo-de-la-feria-conectando-saberes\/","title":{"rendered":"El entrenador de b\u00e1squet, Julio Lamas, particip\u00f3 de la Feria \u00abConectando Saberes\u00bb"},"content":{"rendered":"\n<p>El corredor del Parque de la Vida contin\u00faa recibiendo a ni\u00f1os, ni\u00f1as, j\u00f3venes y adultos en el marco de la Feria Educativa e Institucional Conectando Saberes.<\/p>\n\n\n\n<p>La propuesta cultural se desarrolla hasta el s\u00e1bado 27 de abril con la participaci\u00f3n de destacados conferencistas y artistas nacionales.<\/p>\n\n\n\n<p>En ese sentido, en esta segunda jornada se desarrollaron diversos talleres y shows musicales. As\u00ed, pasaron una charla para emprendedores de La Celina, CHI Sustentable y proyecto de bioconstrucci\u00f3n; luego el joven escritor Augusto Salvatto dio una conferencia sobre herramientas para innovar en tiempos de incertidumbre.<\/p>\n\n\n\n<p>Siguiendo con las propuestas, el Parlamento de los Ni\u00f1os, recibi\u00f3 a Nicol\u00e1s Boretti con una charla denominada \u201cUna mirada hacia el mundo: explor\u00e1 las oportunidades del Comercio Internacional\u201d, y como plato fuerte, el reconocido entrenador Julio Lamas, ante un Teatrino del Subnivel repleto, dio una charla sobre el trabajo en equipo.<\/p>\n\n\n\n<p>Minutos antes de dar su charla, ante la prensa y acompa\u00f1ado por el intendente Eduardo Accastello , Lamas destac\u00f3: \u00abque se den estos espacios lo es todo, es muy importante. Que se de ese momento donde te chocas con una propuesta es lo m\u00e1s importante de todo. Como pa\u00eds, que nuestros j\u00f3venes puedan tener educaci\u00f3n terciaria de la que fuera, me parece super importante\u00bb.<\/p>\n\n\n\n<p>Al finalizar la charla del ex entrenador del seleccionado argentino y del Real Madrid, el Teatrino volvi\u00f3 a ser el epicentro musical con la actuaci\u00f3n de Pedro Bitti. Como cierre art\u00edstico, se espera por los shows de La Poetisa, programado para las 19 horas, y Santi Fiuri, para las 20 hs.<\/p>\n\n\n\n<p>Cabe recordar que esta iniciativa surge de la necesidad de colaborar con la orientaci\u00f3n vocacional de nuestros j\u00f3venes, brindando una experiencia significativa debido a su diversa propuesta educativa y acad\u00e9mica que existe en nuestra ciudad.<\/p>\n\n\n\n<p>La programaci\u00f3n detallada de talleres, conferencias y shows musicales pueden consultarse en: conectandosaberes.villamaria.gob.ar.<\/p>\n\n\n\n<p>Ma\u00f1ana contin\u00faa<\/p>\n\n\n\n<p>Desde las 12 horas en el Teatrino, los representantes del \u00e1rea de Educaci\u00f3n Ambiental del Ministerio de Ambiente y Econom\u00eda Circular de la Provincia de C\u00f3rdoba, Mar\u00eda Soledad Flores y Agust\u00edn Fassi con una charla denominada \u201cNuestro ambiente, nuestra casa. Hacia un desarrollo sostenible y circular\u201d. Por la tarde, desde las 17 horas la docente e investigadora del CONICET, Marina Dom\u00ednguez dar\u00e1 una charla sobre \u201cSer Universidad\u201d.<\/p>\n\n\n\n<p>Mientras que al caer la tarde, desde las 18 horas Ro Heredia, desde las 19 horas El Bigote de Horacio y desde las 20 horas, La Certeza del Cangrejo, son los encargados de cerrar el viernes.<\/p>\n","protected":false},"excerpt":{"rendered":"<p>El corredor del Parque de la Vida contin\u00faa recibiendo a ni\u00f1os, ni\u00f1as, j\u00f3venes y adultos en el marco de la Feria Educativa e Institucional Conectando Saberes. La propuesta cultural se desarrolla hasta el s\u00e1bado 27 de abril con la participaci\u00f3n de destacados conferencistas y artistas nacionales. En ese sentido, en esta segunda jornada se desarrollaron [&hellip;]<\/p>\n","protected":false},"author":4,"featured_media":93092,"comment_status":"open","ping_status":"open","sticky":false,"template":"","format":"standard","meta":{"site-sidebar-layout":"default","site-content-layout":"","ast-site-content-layout":"default","site-content-style":"default","site-sidebar-style":"default","ast-global-header-display":"","ast-banner-title-visibility":"","ast-main-header-display":"","ast-hfb-above-header-display":"","ast-hfb-below-header-display":"","ast-hfb-mobile-header-display":"","site-post-title":"","ast-breadcrumbs-content":"","ast-featured-img":"","footer-sml-layout":"","ast-disable-related-posts":"","theme-transparent-header-meta":"","adv-header-id-meta":"","stick-header-meta":"","header-above-stick-meta":"","header-main-stick-meta":"","header-below-stick-meta":"","astra-migrate-meta-layouts":"set","ast-page-background-enabled":"default","ast-page-background-meta":{"desktop":{"background-color":"","background-image":"","background-repeat":"repeat","background-position":"center center","background-size":"auto","background-attachment":"scroll","background-type":"","background-media":"","overlay-type":"","overlay-color":"","overlay-opacity":"","overlay-gradient":""},"tablet":{"background-color":"","background-image":"","background-repeat":"repeat","background-position":"center center","background-size":"auto","background-attachment":"scroll","background-type":"","background-media":"","overlay-type":"","overlay-color":"","overlay-opacity":"","overlay-gradient":""},"mobile":{"background-color":"","background-image":"","background-repeat":"repeat","background-position":"center center","background-size":"auto","background-attachment":"scroll","background-type":"","background-media":"","overlay-type":"","overlay-color":"","overlay-opacity":"","overlay-gradient":""}},"ast-content-background-meta":{"desktop":{"background-color":"var(--ast-global-color-5)","background-image":"","background-repeat":"repeat","background-position":"center center","background-size":"auto","background-attachment":"scroll","background-type":"","background-media":"","overlay-type":"","overlay-color":"","overlay-opacity":"","overlay-gradient":""},"tablet":{"background-color":"var(--ast-global-color-5)","background-image":"","background-repeat":"repeat","background-position":"center center","background-size":"auto","background-attachment":"scroll","background-type":"","background-media":"","overlay-type":"","overlay-color":"","overlay-opacity":"","overlay-gradient":""},"mobile":{"background-color":"var(--ast-global-color-5)","background-image":"","background-repeat":"repeat","background-position":"center center","background-size":"auto","background-attachment":"scroll","background-type":"","background-media":"","overlay-type":"","overlay-color":"","overlay-opacity":"","overlay-gradient":""}},"_jetpack_memberships_contains_paid_content":false,"_joinchat":[],"footnotes":""},"categories":[15158,15302,5,2],"tags":[],"class_list":["post-93091","post","type-post","status-publish","format-standard","has-post-thumbnail","hentry","category-deporte","category-destacado","category-sociedad","category-villa-maria"],"yoast_head":"<!-- This site is optimized with the Yoast SEO plugin v26.8 - https:\/\/yoast.com\/product\/yoast-seo-wordpress\/ -->\n<title>El entrenador de b\u00e1squet, Julio Lamas, particip\u00f3 de la Feria &quot;Conectando Saberes&quot; - El Regional<\/title>\n<meta name=\"robots\" content=\"index, follow, max-snippet:-1, max-image-preview:large, max-video-preview:-1\" \/>\n<link rel=\"canonical\" href=\"https:\/\/elregionalvm.com.ar\/noticias-villa-maria\/el-entrenador-de-basquet-julio-lamas-participo-de-la-feria-conectando-saberes\/\" \/>\n<meta property=\"og:locale\" content=\"es_ES\" \/>\n<meta property=\"og:type\" content=\"article\" \/>\n<meta property=\"og:title\" content=\"El entrenador de b\u00e1squet, Julio Lamas, particip\u00f3 de la Feria &quot;Conectando Saberes&quot; - El Regional\" \/>\n<meta property=\"og:description\" content=\"El corredor del Parque de la Vida contin\u00faa recibiendo a ni\u00f1os, ni\u00f1as, j\u00f3venes y adultos en el marco de la Feria Educativa e Institucional Conectando Saberes. La propuesta cultural se desarrolla hasta el s\u00e1bado 27 de abril con la participaci\u00f3n de destacados conferencistas y artistas nacionales. En ese sentido, en esta segunda jornada se desarrollaron [&hellip;]\" \/>\n<meta property=\"og:url\" content=\"https:\/\/elregionalvm.com.ar\/noticias-villa-maria\/el-entrenador-de-basquet-julio-lamas-participo-de-la-feria-conectando-saberes\/\" \/>\n<meta property=\"og:site_name\" content=\"El Regional\" \/>\n<meta property=\"article:publisher\" content=\"https:\/\/www.facebook.com\/elregionalvm\" \/>\n<meta property=\"article:published_time\" content=\"2024-04-25T22:34:13+00:00\" \/>\n<meta property=\"article:modified_time\" content=\"2024-04-26T01:12:51+00:00\" \/>\n<meta property=\"og:image\" content=\"https:\/\/elregionalvm.com.ar\/noticias-villa-maria\/wp-content\/uploads\/2024\/04\/WhatsApp-Image-2024-04-25-at-7.13.29-PM.jpeg\" \/>\n\t<meta property=\"og:image:width\" content=\"1599\" \/>\n\t<meta property=\"og:image:height\" content=\"1066\" \/>\n\t<meta property=\"og:image:type\" content=\"image\/jpeg\" \/>\n<meta name=\"author\" content=\"Contenidos El Regional\" \/>\n<meta name=\"twitter:card\" content=\"summary_large_image\" \/>\n<meta name=\"twitter:creator\" content=\"@elregionalvm1\" \/>\n<meta name=\"twitter:site\" content=\"@elregionalvm1\" \/>\n<meta name=\"twitter:label1\" content=\"Escrito por\" \/>\n\t<meta name=\"twitter:data1\" content=\"Contenidos El Regional\" \/>\n\t<meta name=\"twitter:label2\" content=\"Tiempo de lectura\" \/>\n\t<meta name=\"twitter:data2\" content=\"3 minutos\" \/>\n<script type=\"application\/ld+json\" class=\"yoast-schema-graph\">{\"@context\":\"https:\/\/schema.org\",\"@graph\":[{\"@type\":\"Article\",\"@id\":\"https:\/\/elregionalvm.com.ar\/noticias-villa-maria\/el-entrenador-de-basquet-julio-lamas-participo-de-la-feria-conectando-saberes\/#article\",\"isPartOf\":{\"@id\":\"https:\/\/elregionalvm.com.ar\/noticias-villa-maria\/el-entrenador-de-basquet-julio-lamas-participo-de-la-feria-conectando-saberes\/\"},\"author\":{\"name\":\"Contenidos El Regional\",\"@id\":\"http:\/\/elregionalvm.com.ar\/noticias-villa-maria\/#\/schema\/person\/a0fb9c422317faca23d50163151bc354\"},\"headline\":\"El entrenador de b\u00e1squet, Julio Lamas, particip\u00f3 de la Feria \u00abConectando Saberes\u00bb\",\"datePublished\":\"2024-04-25T22:34:13+00:00\",\"dateModified\":\"2024-04-26T01:12:51+00:00\",\"mainEntityOfPage\":{\"@id\":\"https:\/\/elregionalvm.com.ar\/noticias-villa-maria\/el-entrenador-de-basquet-julio-lamas-participo-de-la-feria-conectando-saberes\/\"},\"wordCount\":446,\"commentCount\":0,\"image\":{\"@id\":\"https:\/\/elregionalvm.com.ar\/noticias-villa-maria\/el-entrenador-de-basquet-julio-lamas-participo-de-la-feria-conectando-saberes\/#primaryimage\"},\"thumbnailUrl\":\"https:\/\/i0.wp.com\/elregionalvm.com.ar\/noticias-villa-maria\/wp-content\/uploads\/2024\/04\/WhatsApp-Image-2024-04-25-at-7.13.29-PM.jpeg?fit=1599%2C1066&ssl=1\",\"articleSection\":[\"Deporte\",\"destacado\",\"Sociedad\",\"Villa Mar\u00eda\"],\"inLanguage\":\"es\",\"potentialAction\":[{\"@type\":\"CommentAction\",\"name\":\"Comment\",\"target\":[\"https:\/\/elregionalvm.com.ar\/noticias-villa-maria\/el-entrenador-de-basquet-julio-lamas-participo-de-la-feria-conectando-saberes\/#respond\"]}]},{\"@type\":\"WebPage\",\"@id\":\"https:\/\/elregionalvm.com.ar\/noticias-villa-maria\/el-entrenador-de-basquet-julio-lamas-participo-de-la-feria-conectando-saberes\/\",\"url\":\"https:\/\/elregionalvm.com.ar\/noticias-villa-maria\/el-entrenador-de-basquet-julio-lamas-participo-de-la-feria-conectando-saberes\/\",\"name\":\"El entrenador de b\u00e1squet, Julio Lamas, particip\u00f3 de la Feria \\\"Conectando Saberes\\\" - El Regional\",\"isPartOf\":{\"@id\":\"http:\/\/elregionalvm.com.ar\/noticias-villa-maria\/#website\"},\"primaryImageOfPage\":{\"@id\":\"https:\/\/elregionalvm.com.ar\/noticias-villa-maria\/el-entrenador-de-basquet-julio-lamas-participo-de-la-feria-conectando-saberes\/#primaryimage\"},\"image\":{\"@id\":\"https:\/\/elregionalvm.com.ar\/noticias-villa-maria\/el-entrenador-de-basquet-julio-lamas-participo-de-la-feria-conectando-saberes\/#primaryimage\"},\"thumbnailUrl\":\"https:\/\/i0.wp.com\/elregionalvm.com.ar\/noticias-villa-maria\/wp-content\/uploads\/2024\/04\/WhatsApp-Image-2024-04-25-at-7.13.29-PM.jpeg?fit=1599%2C1066&ssl=1\",\"datePublished\":\"2024-04-25T22:34:13+00:00\",\"dateModified\":\"2024-04-26T01:12:51+00:00\",\"author\":{\"@id\":\"http:\/\/elregionalvm.com.ar\/noticias-villa-maria\/#\/schema\/person\/a0fb9c422317faca23d50163151bc354\"},\"breadcrumb\":{\"@id\":\"https:\/\/elregionalvm.com.ar\/noticias-villa-maria\/el-entrenador-de-basquet-julio-lamas-participo-de-la-feria-conectando-saberes\/#breadcrumb\"},\"inLanguage\":\"es\",\"potentialAction\":[{\"@type\":\"ReadAction\",\"target\":[\"https:\/\/elregionalvm.com.ar\/noticias-villa-maria\/el-entrenador-de-basquet-julio-lamas-participo-de-la-feria-conectando-saberes\/\"]}]},{\"@type\":\"ImageObject\",\"inLanguage\":\"es\",\"@id\":\"https:\/\/elregionalvm.com.ar\/noticias-villa-maria\/el-entrenador-de-basquet-julio-lamas-participo-de-la-feria-conectando-saberes\/#primaryimage\",\"url\":\"https:\/\/i0.wp.com\/elregionalvm.com.ar\/noticias-villa-maria\/wp-content\/uploads\/2024\/04\/WhatsApp-Image-2024-04-25-at-7.13.29-PM.jpeg?fit=1599%2C1066&ssl=1\",\"contentUrl\":\"https:\/\/i0.wp.com\/elregionalvm.com.ar\/noticias-villa-maria\/wp-content\/uploads\/2024\/04\/WhatsApp-Image-2024-04-25-at-7.13.29-PM.jpeg?fit=1599%2C1066&ssl=1\",\"width\":1599,\"height\":1066},{\"@type\":\"BreadcrumbList\",\"@id\":\"https:\/\/elregionalvm.com.ar\/noticias-villa-maria\/el-entrenador-de-basquet-julio-lamas-participo-de-la-feria-conectando-saberes\/#breadcrumb\",\"itemListElement\":[{\"@type\":\"ListItem\",\"position\":1,\"name\":\"Portada\",\"item\":\"https:\/\/elregionalvm.com.ar\/noticias-villa-maria\/\"},{\"@type\":\"ListItem\",\"position\":2,\"name\":\"El entrenador de b\u00e1squet, Julio Lamas, particip\u00f3 de la Feria \u00abConectando Saberes\u00bb\"}]},{\"@type\":\"WebSite\",\"@id\":\"http:\/\/elregionalvm.com.ar\/noticias-villa-maria\/#website\",\"url\":\"http:\/\/elregionalvm.com.ar\/noticias-villa-maria\/\",\"name\":\"El Regional\",\"description\":\"Mucho m\u00e1s que informaci\u00f3n\",\"potentialAction\":[{\"@type\":\"SearchAction\",\"target\":{\"@type\":\"EntryPoint\",\"urlTemplate\":\"http:\/\/elregionalvm.com.ar\/noticias-villa-maria\/?s={search_term_string}\"},\"query-input\":{\"@type\":\"PropertyValueSpecification\",\"valueRequired\":true,\"valueName\":\"search_term_string\"}}],\"inLanguage\":\"es\"},{\"@type\":\"Person\",\"@id\":\"http:\/\/elregionalvm.com.ar\/noticias-villa-maria\/#\/schema\/person\/a0fb9c422317faca23d50163151bc354\",\"name\":\"Contenidos El Regional\",\"image\":{\"@type\":\"ImageObject\",\"inLanguage\":\"es\",\"@id\":\"http:\/\/elregionalvm.com.ar\/noticias-villa-maria\/#\/schema\/person\/image\/\",\"url\":\"https:\/\/secure.gravatar.com\/avatar\/265b27cb2209af7bb3a1318f03305787d7981a5cc6e6cd08fe5a4ecdf99d4b48?s=96&d=mm&r=g\",\"contentUrl\":\"https:\/\/secure.gravatar.com\/avatar\/265b27cb2209af7bb3a1318f03305787d7981a5cc6e6cd08fe5a4ecdf99d4b48?s=96&d=mm&r=g\",\"caption\":\"Contenidos El Regional\"},\"url\":\"https:\/\/elregionalvm.com.ar\/noticias-villa-maria\/author\/contenido\/\"}]}<\/script>\n<!-- \/ Yoast SEO plugin. -->","yoast_head_json":{"title":"El entrenador de b\u00e1squet, Julio Lamas, particip\u00f3 de la Feria \"Conectando Saberes\" - El Regional","robots":{"index":"index","follow":"follow","max-snippet":"max-snippet:-1","max-image-preview":"max-image-preview:large","max-video-preview":"max-video-preview:-1"},"canonical":"https:\/\/elregionalvm.com.ar\/noticias-villa-maria\/el-entrenador-de-basquet-julio-lamas-participo-de-la-feria-conectando-saberes\/","og_locale":"es_ES","og_type":"article","og_title":"El entrenador de b\u00e1squet, Julio Lamas, particip\u00f3 de la Feria \"Conectando Saberes\" - El Regional","og_description":"El corredor del Parque de la Vida contin\u00faa recibiendo a ni\u00f1os, ni\u00f1as, j\u00f3venes y adultos en el marco de la Feria Educativa e Institucional Conectando Saberes. La propuesta cultural se desarrolla hasta el s\u00e1bado 27 de abril con la participaci\u00f3n de destacados conferencistas y artistas nacionales. En ese sentido, en esta segunda jornada se desarrollaron [&hellip;]","og_url":"https:\/\/elregionalvm.com.ar\/noticias-villa-maria\/el-entrenador-de-basquet-julio-lamas-participo-de-la-feria-conectando-saberes\/","og_site_name":"El Regional","article_publisher":"https:\/\/www.facebook.com\/elregionalvm","article_published_time":"2024-04-25T22:34:13+00:00","article_modified_time":"2024-04-26T01:12:51+00:00","og_image":[{"width":1599,"height":1066,"url":"https:\/\/elregionalvm.com.ar\/noticias-villa-maria\/wp-content\/uploads\/2024\/04\/WhatsApp-Image-2024-04-25-at-7.13.29-PM.jpeg","type":"image\/jpeg"}],"author":"Contenidos El Regional","twitter_card":"summary_large_image","twitter_creator":"@elregionalvm1","twitter_site":"@elregionalvm1","twitter_misc":{"Escrito por":"Contenidos El Regional","Tiempo de lectura":"3 minutos"},"schema":{"@context":"https:\/\/schema.org","@graph":[{"@type":"Article","@id":"https:\/\/elregionalvm.com.ar\/noticias-villa-maria\/el-entrenador-de-basquet-julio-lamas-participo-de-la-feria-conectando-saberes\/#article","isPartOf":{"@id":"https:\/\/elregionalvm.com.ar\/noticias-villa-maria\/el-entrenador-de-basquet-julio-lamas-participo-de-la-feria-conectando-saberes\/"},"author":{"name":"Contenidos El Regional","@id":"http:\/\/elregionalvm.com.ar\/noticias-villa-maria\/#\/schema\/person\/a0fb9c422317faca23d50163151bc354"},"headline":"El entrenador de b\u00e1squet, Julio Lamas, particip\u00f3 de la Feria \u00abConectando Saberes\u00bb","datePublished":"2024-04-25T22:34:13+00:00","dateModified":"2024-04-26T01:12:51+00:00","mainEntityOfPage":{"@id":"https:\/\/elregionalvm.com.ar\/noticias-villa-maria\/el-entrenador-de-basquet-julio-lamas-participo-de-la-feria-conectando-saberes\/"},"wordCount":446,"commentCount":0,"image":{"@id":"https:\/\/elregionalvm.com.ar\/noticias-villa-maria\/el-entrenador-de-basquet-julio-lamas-participo-de-la-feria-conectando-saberes\/#primaryimage"},"thumbnailUrl":"https:\/\/i0.wp.com\/elregionalvm.com.ar\/noticias-villa-maria\/wp-content\/uploads\/2024\/04\/WhatsApp-Image-2024-04-25-at-7.13.29-PM.jpeg?fit=1599%2C1066&ssl=1","articleSection":["Deporte","destacado","Sociedad","Villa Mar\u00eda"],"inLanguage":"es","potentialAction":[{"@type":"CommentAction","name":"Comment","target":["https:\/\/elregionalvm.com.ar\/noticias-villa-maria\/el-entrenador-de-basquet-julio-lamas-participo-de-la-feria-conectando-saberes\/#respond"]}]},{"@type":"WebPage","@id":"https:\/\/elregionalvm.com.ar\/noticias-villa-maria\/el-entrenador-de-basquet-julio-lamas-participo-de-la-feria-conectando-saberes\/","url":"https:\/\/elregionalvm.com.ar\/noticias-villa-maria\/el-entrenador-de-basquet-julio-lamas-participo-de-la-feria-conectando-saberes\/","name":"El entrenador de b\u00e1squet, Julio Lamas, particip\u00f3 de la Feria \"Conectando Saberes\" - El Regional","isPartOf":{"@id":"http:\/\/elregionalvm.com.ar\/noticias-villa-maria\/#website"},"primaryImageOfPage":{"@id":"https:\/\/elregionalvm.com.ar\/noticias-villa-maria\/el-entrenador-de-basquet-julio-lamas-participo-de-la-feria-conectando-saberes\/#primaryimage"},"image":{"@id":"https:\/\/elregionalvm.com.ar\/noticias-villa-maria\/el-entrenador-de-basquet-julio-lamas-participo-de-la-feria-conectando-saberes\/#primaryimage"},"thumbnailUrl":"https:\/\/i0.wp.com\/elregionalvm.com.ar\/noticias-villa-maria\/wp-content\/uploads\/2024\/04\/WhatsApp-Image-2024-04-25-at-7.13.29-PM.jpeg?fit=1599%2C1066&ssl=1","datePublished":"2024-04-25T22:34:13+00:00","dateModified":"2024-04-26T01:12:51+00:00","author":{"@id":"http:\/\/elregionalvm.com.ar\/noticias-villa-maria\/#\/schema\/person\/a0fb9c422317faca23d50163151bc354"},"breadcrumb":{"@id":"https:\/\/elregionalvm.com.ar\/noticias-villa-maria\/el-entrenador-de-basquet-julio-lamas-participo-de-la-feria-conectando-saberes\/#breadcrumb"},"inLanguage":"es","potentialAction":[{"@type":"ReadAction","target":["https:\/\/elregionalvm.com.ar\/noticias-villa-maria\/el-entrenador-de-basquet-julio-lamas-participo-de-la-feria-conectando-saberes\/"]}]},{"@type":"ImageObject","inLanguage":"es","@id":"https:\/\/elregionalvm.com.ar\/noticias-villa-maria\/el-entrenador-de-basquet-julio-lamas-participo-de-la-feria-conectando-saberes\/#primaryimage","url":"https:\/\/i0.wp.com\/elregionalvm.com.ar\/noticias-villa-maria\/wp-content\/uploads\/2024\/04\/WhatsApp-Image-2024-04-25-at-7.13.29-PM.jpeg?fit=1599%2C1066&ssl=1","contentUrl":"https:\/\/i0.wp.com\/elregionalvm.com.ar\/noticias-villa-maria\/wp-content\/uploads\/2024\/04\/WhatsApp-Image-2024-04-25-at-7.13.29-PM.jpeg?fit=1599%2C1066&ssl=1","width":1599,"height":1066},{"@type":"BreadcrumbList","@id":"https:\/\/elregionalvm.com.ar\/noticias-villa-maria\/el-entrenador-de-basquet-julio-lamas-participo-de-la-feria-conectando-saberes\/#breadcrumb","itemListElement":[{"@type":"ListItem","position":1,"name":"Portada","item":"https:\/\/elregionalvm.com.ar\/noticias-villa-maria\/"},{"@type":"ListItem","position":2,"name":"El entrenador de b\u00e1squet, Julio Lamas, particip\u00f3 de la Feria \u00abConectando Saberes\u00bb"}]},{"@type":"WebSite","@id":"http:\/\/elregionalvm.com.ar\/noticias-villa-maria\/#website","url":"http:\/\/elregionalvm.com.ar\/noticias-villa-maria\/","name":"El Regional","description":"Mucho m\u00e1s que informaci\u00f3n","potentialAction":[{"@type":"SearchAction","target":{"@type":"EntryPoint","urlTemplate":"http:\/\/elregionalvm.com.ar\/noticias-villa-maria\/?s={search_term_string}"},"query-input":{"@type":"PropertyValueSpecification","valueRequired":true,"valueName":"search_term_string"}}],"inLanguage":"es"},{"@type":"Person","@id":"http:\/\/elregionalvm.com.ar\/noticias-villa-maria\/#\/schema\/person\/a0fb9c422317faca23d50163151bc354","name":"Contenidos El Regional","image":{"@type":"ImageObject","inLanguage":"es","@id":"http:\/\/elregionalvm.com.ar\/noticias-villa-maria\/#\/schema\/person\/image\/","url":"https:\/\/secure.gravatar.com\/avatar\/265b27cb2209af7bb3a1318f03305787d7981a5cc6e6cd08fe5a4ecdf99d4b48?s=96&d=mm&r=g","contentUrl":"https:\/\/secure.gravatar.com\/avatar\/265b27cb2209af7bb3a1318f03305787d7981a5cc6e6cd08fe5a4ecdf99d4b48?s=96&d=mm&r=g","caption":"Contenidos El Regional"},"url":"https:\/\/elregionalvm.com.ar\/noticias-villa-maria\/author\/contenido\/"}]}},"jetpack_featured_media_url":"https:\/\/i0.wp.com\/elregionalvm.com.ar\/noticias-villa-maria\/wp-content\/uploads\/2024\/04\/WhatsApp-Image-2024-04-25-at-7.13.29-PM.jpeg?fit=1599%2C1066&ssl=1","jetpack_sharing_enabled":true,"_links":{"self":[{"href":"https:\/\/elregionalvm.com.ar\/noticias-villa-maria\/wp-json\/wp\/v2\/posts\/93091","targetHints":{"allow":["GET"]}}],"collection":[{"href":"https:\/\/elregionalvm.com.ar\/noticias-villa-maria\/wp-json\/wp\/v2\/posts"}],"about":[{"href":"https:\/\/elregionalvm.com.ar\/noticias-villa-maria\/wp-json\/wp\/v2\/types\/post"}],"author":[{"embeddable":true,"href":"https:\/\/elregionalvm.com.ar\/noticias-villa-maria\/wp-json\/wp\/v2\/users\/4"}],"replies":[{"embeddable":true,"href":"https:\/\/elregionalvm.com.ar\/noticias-villa-maria\/wp-json\/wp\/v2\/comments?post=93091"}],"version-history":[{"count":2,"href":"https:\/\/elregionalvm.com.ar\/noticias-villa-maria\/wp-json\/wp\/v2\/posts\/93091\/revisions"}],"predecessor-version":[{"id":93095,"href":"https:\/\/elregionalvm.com.ar\/noticias-villa-maria\/wp-json\/wp\/v2\/posts\/93091\/revisions\/93095"}],"wp:featuredmedia":[{"embeddable":true,"href":"https:\/\/elregionalvm.com.ar\/noticias-villa-maria\/wp-json\/wp\/v2\/media\/93092"}],"wp:attachment":[{"href":"https:\/\/elregionalvm.com.ar\/noticias-villa-maria\/wp-json\/wp\/v2\/media?parent=93091"}],"wp:term":[{"taxonomy":"category","embeddable":true,"href":"https:\/\/elregionalvm.com.ar\/noticias-villa-maria\/wp-json\/wp\/v2\/categories?post=93091"},{"taxonomy":"post_tag","embeddable":true,"href":"https:\/\/elregionalvm.com.ar\/noticias-villa-maria\/wp-json\/wp\/v2\/tags?post=93091"}],"curies":[{"name":"wp","href":"https:\/\/api.w.org\/{rel}","templated":true}]}}