{"id":93186,"date":"2024-04-29T01:59:22","date_gmt":"2024-04-29T01:59:22","guid":{"rendered":"https:\/\/elregionalvm.com.ar\/noticias-villa-maria\/?p=93186"},"modified":"2024-04-29T01:59:27","modified_gmt":"2024-04-29T01:59:27","slug":"ticino-el-ipem-180-rafael-obligado-celebra-50-anos-de-vida","status":"publish","type":"post","link":"https:\/\/elregionalvm.com.ar\/noticias-villa-maria\/ticino-el-ipem-180-rafael-obligado-celebra-50-anos-de-vida\/","title":{"rendered":"Ticino: El Ipem 180 Rafael Obligado celebra 50 a\u00f1os de vida"},"content":{"rendered":"\n<p><\/p>\n\n\n\n<p><strong>El colegio secundario de Ticino celebra su aniversario n\u00famero 50 este lunes 29 de abril. En la jornada se realizar\u00e1 un acto institucional y habr\u00e1 festejo con mates y torta. En tanto, el domingo 5 de mayo se desarrollar\u00e1 el acto protocolar con autoridades provinciales y regionales. Adem\u00e1s, habr\u00e1 un almuerzo y baile con la participaci\u00f3n de toda la comunidad educativa.<\/strong><\/p>\n\n\n\n<p><\/p>\n\n\n\n<p>El 29 de abril de 1974 nac\u00eda la Escuela de Comercio y el futuro IPEM 180 Rafael Obligado. El Gobierno de la Provincia de C\u00f3rdoba dispuso ese d\u00eda la creaci\u00f3n de una escuela secundaria en la localidad y as\u00ed inici\u00f3 sus actividades en el edificio de la Escuela Nacional N\u00b0 102.<\/p>\n\n\n\n<p>Detr\u00e1s de esta iniciativa estuvieron los nombres del entonces intendente Roberto Stoll, el Dr. Miguel \u00c1ngel Ruffeil, Alejandro Corradini, Jos\u00e9 y Eduardo Bianco, entre tantos otros que lucharon para hacer realidad un sue\u00f1o de toda una comunidad.<\/p>\n\n\n\n<p>Y, fue en 1979, cuando a la entonces Escuela de Comercio se le asign\u00f3 el nombre de \u201cRafael Obligado\u201d por una Resoluci\u00f3n del Ministerio de Educaci\u00f3n de la Provincia de C\u00f3rdoba. El nombre surgi\u00f3 de una terna propuesta por la escuela; integrada tambi\u00e9n por los nombres de Alfonsina Storni y Miguel Can\u00e9.<\/p>\n\n\n\n<p>Su primera aula funcion\u00f3 en la casa de una familia que prest\u00f3 parte de su espacio para que el sue\u00f1o se hiciera realidad. Pas\u00f3 un tiempo hasta que comenz\u00f3 la construcci\u00f3n del actual edificio ubicado en la calle Mendoza.<\/p>\n\n\n\n<p>Desde entonces, se le ha anexado nuevos espacios. Y tanto el personal docente como la cantidad de estudiantes provenientes de Ticino y de otras localidades de la regi\u00f3n fueron en crecimiento constante.<\/p>\n\n\n\n<p><\/p>\n\n\n\n<figure class=\"wp-block-gallery has-nested-images columns-default is-cropped wp-block-gallery-1 is-layout-flex wp-block-gallery-is-layout-flex\">\n<figure class=\"wp-block-image size-large\"><img data-recalc-dims=\"1\" fetchpriority=\"high\" decoding=\"async\" width=\"1024\" height=\"576\" data-id=\"93189\" src=\"https:\/\/i0.wp.com\/elregionalvm.com.ar\/noticias-villa-maria\/wp-content\/uploads\/2024\/04\/Ipem-180-estudiantes-1024x576.jpg?resize=1024%2C576&#038;ssl=1\" alt=\"\" class=\"wp-image-93189\" srcset=\"https:\/\/i0.wp.com\/elregionalvm.com.ar\/noticias-villa-maria\/wp-content\/uploads\/2024\/04\/Ipem-180-estudiantes.jpg?resize=1024%2C576&amp;ssl=1 1024w, https:\/\/i0.wp.com\/elregionalvm.com.ar\/noticias-villa-maria\/wp-content\/uploads\/2024\/04\/Ipem-180-estudiantes.jpg?resize=300%2C169&amp;ssl=1 300w, https:\/\/i0.wp.com\/elregionalvm.com.ar\/noticias-villa-maria\/wp-content\/uploads\/2024\/04\/Ipem-180-estudiantes.jpg?resize=768%2C432&amp;ssl=1 768w, https:\/\/i0.wp.com\/elregionalvm.com.ar\/noticias-villa-maria\/wp-content\/uploads\/2024\/04\/Ipem-180-estudiantes.jpg?resize=1536%2C864&amp;ssl=1 1536w, https:\/\/i0.wp.com\/elregionalvm.com.ar\/noticias-villa-maria\/wp-content\/uploads\/2024\/04\/Ipem-180-estudiantes.jpg?w=1600&amp;ssl=1 1600w\" sizes=\"(max-width: 1000px) 100vw, 1000px\" \/><\/figure>\n\n\n\n<figure class=\"wp-block-image size-large\"><img data-recalc-dims=\"1\" decoding=\"async\" width=\"1024\" height=\"461\" data-id=\"93190\" src=\"https:\/\/i0.wp.com\/elregionalvm.com.ar\/noticias-villa-maria\/wp-content\/uploads\/2024\/04\/Ipem-180-aula-2023.jpg?resize=1024%2C461&#038;ssl=1\" alt=\"\" class=\"wp-image-93190\" srcset=\"https:\/\/i0.wp.com\/elregionalvm.com.ar\/noticias-villa-maria\/wp-content\/uploads\/2024\/04\/Ipem-180-aula-2023.jpg?resize=1024%2C461&amp;ssl=1 1024w, https:\/\/i0.wp.com\/elregionalvm.com.ar\/noticias-villa-maria\/wp-content\/uploads\/2024\/04\/Ipem-180-aula-2023.jpg?resize=300%2C135&amp;ssl=1 300w, https:\/\/i0.wp.com\/elregionalvm.com.ar\/noticias-villa-maria\/wp-content\/uploads\/2024\/04\/Ipem-180-aula-2023.jpg?resize=768%2C346&amp;ssl=1 768w, https:\/\/i0.wp.com\/elregionalvm.com.ar\/noticias-villa-maria\/wp-content\/uploads\/2024\/04\/Ipem-180-aula-2023.jpg?resize=1536%2C692&amp;ssl=1 1536w, https:\/\/i0.wp.com\/elregionalvm.com.ar\/noticias-villa-maria\/wp-content\/uploads\/2024\/04\/Ipem-180-aula-2023.jpg?w=1600&amp;ssl=1 1600w\" sizes=\"(max-width: 1000px) 100vw, 1000px\" \/><\/figure>\n\n\n\n<figure class=\"wp-block-image size-large\"><img data-recalc-dims=\"1\" decoding=\"async\" width=\"1024\" height=\"768\" data-id=\"93188\" src=\"https:\/\/i0.wp.com\/elregionalvm.com.ar\/noticias-villa-maria\/wp-content\/uploads\/2024\/04\/Ipem-Leon-en-nuestro-patio.jpg?resize=1024%2C768&#038;ssl=1\" alt=\"\" class=\"wp-image-93188\" srcset=\"https:\/\/i0.wp.com\/elregionalvm.com.ar\/noticias-villa-maria\/wp-content\/uploads\/2024\/04\/Ipem-Leon-en-nuestro-patio.jpg?resize=1024%2C768&amp;ssl=1 1024w, https:\/\/i0.wp.com\/elregionalvm.com.ar\/noticias-villa-maria\/wp-content\/uploads\/2024\/04\/Ipem-Leon-en-nuestro-patio.jpg?resize=300%2C225&amp;ssl=1 300w, https:\/\/i0.wp.com\/elregionalvm.com.ar\/noticias-villa-maria\/wp-content\/uploads\/2024\/04\/Ipem-Leon-en-nuestro-patio.jpg?resize=768%2C576&amp;ssl=1 768w, https:\/\/i0.wp.com\/elregionalvm.com.ar\/noticias-villa-maria\/wp-content\/uploads\/2024\/04\/Ipem-Leon-en-nuestro-patio.jpg?resize=1536%2C1152&amp;ssl=1 1536w, https:\/\/i0.wp.com\/elregionalvm.com.ar\/noticias-villa-maria\/wp-content\/uploads\/2024\/04\/Ipem-Leon-en-nuestro-patio.jpg?w=1600&amp;ssl=1 1600w\" sizes=\"(max-width: 1000px) 100vw, 1000px\" \/><\/figure>\n\n\n\n<figure class=\"wp-block-image size-large\"><img data-recalc-dims=\"1\" loading=\"lazy\" decoding=\"async\" width=\"1024\" height=\"768\" data-id=\"93191\" src=\"https:\/\/i0.wp.com\/elregionalvm.com.ar\/noticias-villa-maria\/wp-content\/uploads\/2024\/04\/Ipem-180-frente-2024.jpeg?resize=1024%2C768&#038;ssl=1\" alt=\"\" class=\"wp-image-93191\" srcset=\"https:\/\/i0.wp.com\/elregionalvm.com.ar\/noticias-villa-maria\/wp-content\/uploads\/2024\/04\/Ipem-180-frente-2024.jpeg?resize=1024%2C768&amp;ssl=1 1024w, https:\/\/i0.wp.com\/elregionalvm.com.ar\/noticias-villa-maria\/wp-content\/uploads\/2024\/04\/Ipem-180-frente-2024.jpeg?resize=300%2C225&amp;ssl=1 300w, https:\/\/i0.wp.com\/elregionalvm.com.ar\/noticias-villa-maria\/wp-content\/uploads\/2024\/04\/Ipem-180-frente-2024.jpeg?resize=768%2C576&amp;ssl=1 768w, https:\/\/i0.wp.com\/elregionalvm.com.ar\/noticias-villa-maria\/wp-content\/uploads\/2024\/04\/Ipem-180-frente-2024.jpeg?w=1080&amp;ssl=1 1080w\" sizes=\"(max-width: 1000px) 100vw, 1000px\" \/><\/figure>\n<\/figure>\n\n\n\n<p><\/p>\n\n\n\n<p><strong>Acto y festejo<\/strong><\/p>\n\n\n\n<p>Este lunes 29 de abril, se realizar\u00e1 un acto institucional para conmemorar los 50 a\u00f1os de existencia. Los presentes podr\u00e1n recorrer algunas aulas donde se ha preparado material que recuerda la historia y el presente de la instituci\u00f3n, as\u00ed como el reconocimiento a la figura del poeta y docente que le da nombre.<\/p>\n\n\n\n<p>Adem\u00e1s, se realizar\u00e1 una mateada con torta para compartir este festejo entre docentes, estudiantes, directivos, autoridades y familias.<\/p>\n\n\n\n<p>En tanto, el domingo 5 de mayo se desarrollar\u00e1 el acto protocolar frente al establecimiento educativo, con la presencia de autoridades provinciales y de la regi\u00f3n.<\/p>\n\n\n\n<p>Luego, habr\u00e1 un almuerzo y baile en el SUM ubicado en el predio ferroviario para celebrar entre toda la comunidad educativa el cincuentenario de la instituci\u00f3n. &nbsp;<\/p>\n","protected":false},"excerpt":{"rendered":"<p>El colegio secundario de Ticino celebra su aniversario n\u00famero 50 este lunes 29 de abril. En la jornada se realizar\u00e1 un acto institucional y habr\u00e1 festejo con mates y torta. En tanto, el domingo 5 de mayo se desarrollar\u00e1 el acto protocolar con autoridades provinciales y regionales. Adem\u00e1s, habr\u00e1 un almuerzo y baile con la [&hellip;]<\/p>\n","protected":false},"author":4,"featured_media":93192,"comment_status":"open","ping_status":"open","sticky":false,"template":"","format":"standard","meta":{"site-sidebar-layout":"default","site-content-layout":"","ast-site-content-layout":"default","site-content-style":"default","site-sidebar-style":"default","ast-global-header-display":"","ast-banner-title-visibility":"","ast-main-header-display":"","ast-hfb-above-header-display":"","ast-hfb-below-header-display":"","ast-hfb-mobile-header-display":"","site-post-title":"","ast-breadcrumbs-content":"","ast-featured-img":"","footer-sml-layout":"","ast-disable-related-posts":"","theme-transparent-header-meta":"","adv-header-id-meta":"","stick-header-meta":"","header-above-stick-meta":"","header-main-stick-meta":"","header-below-stick-meta":"","astra-migrate-meta-layouts":"set","ast-page-background-enabled":"default","ast-page-background-meta":{"desktop":{"background-color":"","background-image":"","background-repeat":"repeat","background-position":"center center","background-size":"auto","background-attachment":"scroll","background-type":"","background-media":"","overlay-type":"","overlay-color":"","overlay-opacity":"","overlay-gradient":""},"tablet":{"background-color":"","background-image":"","background-repeat":"repeat","background-position":"center center","background-size":"auto","background-attachment":"scroll","background-type":"","background-media":"","overlay-type":"","overlay-color":"","overlay-opacity":"","overlay-gradient":""},"mobile":{"background-color":"","background-image":"","background-repeat":"repeat","background-position":"center center","background-size":"auto","background-attachment":"scroll","background-type":"","background-media":"","overlay-type":"","overlay-color":"","overlay-opacity":"","overlay-gradient":""}},"ast-content-background-meta":{"desktop":{"background-color":"var(--ast-global-color-5)","background-image":"","background-repeat":"repeat","background-position":"center center","background-size":"auto","background-attachment":"scroll","background-type":"","background-media":"","overlay-type":"","overlay-color":"","overlay-opacity":"","overlay-gradient":""},"tablet":{"background-color":"var(--ast-global-color-5)","background-image":"","background-repeat":"repeat","background-position":"center center","background-size":"auto","background-attachment":"scroll","background-type":"","background-media":"","overlay-type":"","overlay-color":"","overlay-opacity":"","overlay-gradient":""},"mobile":{"background-color":"var(--ast-global-color-5)","background-image":"","background-repeat":"repeat","background-position":"center center","background-size":"auto","background-attachment":"scroll","background-type":"","background-media":"","overlay-type":"","overlay-color":"","overlay-opacity":"","overlay-gradient":""}},"_jetpack_memberships_contains_paid_content":false,"_joinchat":[],"footnotes":""},"categories":[15302,2091],"tags":[2489,17778,1223,23910,2157,10714,23909,598],"class_list":["post-93186","post","type-post","status-publish","format-standard","has-post-thumbnail","hentry","category-destacado","category-region","tag-acto","tag-almuerzo","tag-aniversario","tag-cincuentenario","tag-educacion","tag-festejo","tag-ipem-180-rafael-obligado-2","tag-ticino"],"yoast_head":"<!-- This site is optimized with the Yoast SEO plugin v26.8 - https:\/\/yoast.com\/product\/yoast-seo-wordpress\/ -->\n<title>Ticino: El Ipem 180 Rafael Obligado celebra 50 a\u00f1os de vida - El Regional<\/title>\n<meta name=\"robots\" content=\"index, follow, max-snippet:-1, max-image-preview:large, max-video-preview:-1\" \/>\n<link rel=\"canonical\" href=\"https:\/\/elregionalvm.com.ar\/noticias-villa-maria\/ticino-el-ipem-180-rafael-obligado-celebra-50-anos-de-vida\/\" \/>\n<meta property=\"og:locale\" content=\"es_ES\" \/>\n<meta property=\"og:type\" content=\"article\" \/>\n<meta property=\"og:title\" content=\"Ticino: El Ipem 180 Rafael Obligado celebra 50 a\u00f1os de vida - El Regional\" \/>\n<meta property=\"og:description\" content=\"El colegio secundario de Ticino celebra su aniversario n\u00famero 50 este lunes 29 de abril. En la jornada se realizar\u00e1 un acto institucional y habr\u00e1 festejo con mates y torta. En tanto, el domingo 5 de mayo se desarrollar\u00e1 el acto protocolar con autoridades provinciales y regionales. Adem\u00e1s, habr\u00e1 un almuerzo y baile con la [&hellip;]\" \/>\n<meta property=\"og:url\" content=\"https:\/\/elregionalvm.com.ar\/noticias-villa-maria\/ticino-el-ipem-180-rafael-obligado-celebra-50-anos-de-vida\/\" \/>\n<meta property=\"og:site_name\" content=\"El Regional\" \/>\n<meta property=\"article:publisher\" content=\"https:\/\/www.facebook.com\/elregionalvm\" \/>\n<meta property=\"article:published_time\" content=\"2024-04-29T01:59:22+00:00\" \/>\n<meta property=\"article:modified_time\" content=\"2024-04-29T01:59:27+00:00\" \/>\n<meta property=\"og:image\" content=\"https:\/\/elregionalvm.com.ar\/noticias-villa-maria\/wp-content\/uploads\/2024\/04\/Ipem-180-frente-2024-2.jpeg\" \/>\n\t<meta property=\"og:image:width\" content=\"1080\" \/>\n\t<meta property=\"og:image:height\" content=\"810\" \/>\n\t<meta property=\"og:image:type\" content=\"image\/jpeg\" \/>\n<meta name=\"author\" content=\"Contenidos El Regional\" \/>\n<meta name=\"twitter:card\" content=\"summary_large_image\" \/>\n<meta name=\"twitter:creator\" content=\"@elregionalvm1\" \/>\n<meta name=\"twitter:site\" content=\"@elregionalvm1\" \/>\n<meta name=\"twitter:label1\" content=\"Escrito por\" \/>\n\t<meta name=\"twitter:data1\" content=\"Contenidos El Regional\" \/>\n\t<meta name=\"twitter:label2\" content=\"Tiempo de lectura\" \/>\n\t<meta name=\"twitter:data2\" content=\"3 minutos\" \/>\n<script type=\"application\/ld+json\" class=\"yoast-schema-graph\">{\"@context\":\"https:\/\/schema.org\",\"@graph\":[{\"@type\":\"Article\",\"@id\":\"https:\/\/elregionalvm.com.ar\/noticias-villa-maria\/ticino-el-ipem-180-rafael-obligado-celebra-50-anos-de-vida\/#article\",\"isPartOf\":{\"@id\":\"https:\/\/elregionalvm.com.ar\/noticias-villa-maria\/ticino-el-ipem-180-rafael-obligado-celebra-50-anos-de-vida\/\"},\"author\":{\"name\":\"Contenidos El Regional\",\"@id\":\"http:\/\/elregionalvm.com.ar\/noticias-villa-maria\/#\/schema\/person\/a0fb9c422317faca23d50163151bc354\"},\"headline\":\"Ticino: El Ipem 180 Rafael Obligado celebra 50 a\u00f1os de vida\",\"datePublished\":\"2024-04-29T01:59:22+00:00\",\"dateModified\":\"2024-04-29T01:59:27+00:00\",\"mainEntityOfPage\":{\"@id\":\"https:\/\/elregionalvm.com.ar\/noticias-villa-maria\/ticino-el-ipem-180-rafael-obligado-celebra-50-anos-de-vida\/\"},\"wordCount\":420,\"commentCount\":0,\"image\":{\"@id\":\"https:\/\/elregionalvm.com.ar\/noticias-villa-maria\/ticino-el-ipem-180-rafael-obligado-celebra-50-anos-de-vida\/#primaryimage\"},\"thumbnailUrl\":\"https:\/\/i0.wp.com\/elregionalvm.com.ar\/noticias-villa-maria\/wp-content\/uploads\/2024\/04\/Ipem-180-frente-2024-2.jpeg?fit=1080%2C810&ssl=1\",\"keywords\":[\"acto\",\"almuerzo\",\"Aniversario\",\"cincuentenario\",\"Educaci\u00f3n\",\"festejo\",\"Ipem 180 Rafael Obligado\",\"Ticino\"],\"articleSection\":[\"destacado\",\"Regi\u00f3n\"],\"inLanguage\":\"es\",\"potentialAction\":[{\"@type\":\"CommentAction\",\"name\":\"Comment\",\"target\":[\"https:\/\/elregionalvm.com.ar\/noticias-villa-maria\/ticino-el-ipem-180-rafael-obligado-celebra-50-anos-de-vida\/#respond\"]}]},{\"@type\":\"WebPage\",\"@id\":\"https:\/\/elregionalvm.com.ar\/noticias-villa-maria\/ticino-el-ipem-180-rafael-obligado-celebra-50-anos-de-vida\/\",\"url\":\"https:\/\/elregionalvm.com.ar\/noticias-villa-maria\/ticino-el-ipem-180-rafael-obligado-celebra-50-anos-de-vida\/\",\"name\":\"Ticino: El Ipem 180 Rafael Obligado celebra 50 a\u00f1os de vida - El Regional\",\"isPartOf\":{\"@id\":\"http:\/\/elregionalvm.com.ar\/noticias-villa-maria\/#website\"},\"primaryImageOfPage\":{\"@id\":\"https:\/\/elregionalvm.com.ar\/noticias-villa-maria\/ticino-el-ipem-180-rafael-obligado-celebra-50-anos-de-vida\/#primaryimage\"},\"image\":{\"@id\":\"https:\/\/elregionalvm.com.ar\/noticias-villa-maria\/ticino-el-ipem-180-rafael-obligado-celebra-50-anos-de-vida\/#primaryimage\"},\"thumbnailUrl\":\"https:\/\/i0.wp.com\/elregionalvm.com.ar\/noticias-villa-maria\/wp-content\/uploads\/2024\/04\/Ipem-180-frente-2024-2.jpeg?fit=1080%2C810&ssl=1\",\"datePublished\":\"2024-04-29T01:59:22+00:00\",\"dateModified\":\"2024-04-29T01:59:27+00:00\",\"author\":{\"@id\":\"http:\/\/elregionalvm.com.ar\/noticias-villa-maria\/#\/schema\/person\/a0fb9c422317faca23d50163151bc354\"},\"breadcrumb\":{\"@id\":\"https:\/\/elregionalvm.com.ar\/noticias-villa-maria\/ticino-el-ipem-180-rafael-obligado-celebra-50-anos-de-vida\/#breadcrumb\"},\"inLanguage\":\"es\",\"potentialAction\":[{\"@type\":\"ReadAction\",\"target\":[\"https:\/\/elregionalvm.com.ar\/noticias-villa-maria\/ticino-el-ipem-180-rafael-obligado-celebra-50-anos-de-vida\/\"]}]},{\"@type\":\"ImageObject\",\"inLanguage\":\"es\",\"@id\":\"https:\/\/elregionalvm.com.ar\/noticias-villa-maria\/ticino-el-ipem-180-rafael-obligado-celebra-50-anos-de-vida\/#primaryimage\",\"url\":\"https:\/\/i0.wp.com\/elregionalvm.com.ar\/noticias-villa-maria\/wp-content\/uploads\/2024\/04\/Ipem-180-frente-2024-2.jpeg?fit=1080%2C810&ssl=1\",\"contentUrl\":\"https:\/\/i0.wp.com\/elregionalvm.com.ar\/noticias-villa-maria\/wp-content\/uploads\/2024\/04\/Ipem-180-frente-2024-2.jpeg?fit=1080%2C810&ssl=1\",\"width\":1080,\"height\":810},{\"@type\":\"BreadcrumbList\",\"@id\":\"https:\/\/elregionalvm.com.ar\/noticias-villa-maria\/ticino-el-ipem-180-rafael-obligado-celebra-50-anos-de-vida\/#breadcrumb\",\"itemListElement\":[{\"@type\":\"ListItem\",\"position\":1,\"name\":\"Portada\",\"item\":\"https:\/\/elregionalvm.com.ar\/noticias-villa-maria\/\"},{\"@type\":\"ListItem\",\"position\":2,\"name\":\"Ticino: El Ipem 180 Rafael Obligado celebra 50 a\u00f1os de vida\"}]},{\"@type\":\"WebSite\",\"@id\":\"http:\/\/elregionalvm.com.ar\/noticias-villa-maria\/#website\",\"url\":\"http:\/\/elregionalvm.com.ar\/noticias-villa-maria\/\",\"name\":\"El Regional\",\"description\":\"Mucho m\u00e1s que informaci\u00f3n\",\"potentialAction\":[{\"@type\":\"SearchAction\",\"target\":{\"@type\":\"EntryPoint\",\"urlTemplate\":\"http:\/\/elregionalvm.com.ar\/noticias-villa-maria\/?s={search_term_string}\"},\"query-input\":{\"@type\":\"PropertyValueSpecification\",\"valueRequired\":true,\"valueName\":\"search_term_string\"}}],\"inLanguage\":\"es\"},{\"@type\":\"Person\",\"@id\":\"http:\/\/elregionalvm.com.ar\/noticias-villa-maria\/#\/schema\/person\/a0fb9c422317faca23d50163151bc354\",\"name\":\"Contenidos El Regional\",\"image\":{\"@type\":\"ImageObject\",\"inLanguage\":\"es\",\"@id\":\"http:\/\/elregionalvm.com.ar\/noticias-villa-maria\/#\/schema\/person\/image\/\",\"url\":\"https:\/\/secure.gravatar.com\/avatar\/265b27cb2209af7bb3a1318f03305787d7981a5cc6e6cd08fe5a4ecdf99d4b48?s=96&d=mm&r=g\",\"contentUrl\":\"https:\/\/secure.gravatar.com\/avatar\/265b27cb2209af7bb3a1318f03305787d7981a5cc6e6cd08fe5a4ecdf99d4b48?s=96&d=mm&r=g\",\"caption\":\"Contenidos El Regional\"},\"url\":\"https:\/\/elregionalvm.com.ar\/noticias-villa-maria\/author\/contenido\/\"}]}<\/script>\n<!-- \/ Yoast SEO plugin. -->","yoast_head_json":{"title":"Ticino: El Ipem 180 Rafael Obligado celebra 50 a\u00f1os de vida - El Regional","robots":{"index":"index","follow":"follow","max-snippet":"max-snippet:-1","max-image-preview":"max-image-preview:large","max-video-preview":"max-video-preview:-1"},"canonical":"https:\/\/elregionalvm.com.ar\/noticias-villa-maria\/ticino-el-ipem-180-rafael-obligado-celebra-50-anos-de-vida\/","og_locale":"es_ES","og_type":"article","og_title":"Ticino: El Ipem 180 Rafael Obligado celebra 50 a\u00f1os de vida - El Regional","og_description":"El colegio secundario de Ticino celebra su aniversario n\u00famero 50 este lunes 29 de abril. En la jornada se realizar\u00e1 un acto institucional y habr\u00e1 festejo con mates y torta. En tanto, el domingo 5 de mayo se desarrollar\u00e1 el acto protocolar con autoridades provinciales y regionales. Adem\u00e1s, habr\u00e1 un almuerzo y baile con la [&hellip;]","og_url":"https:\/\/elregionalvm.com.ar\/noticias-villa-maria\/ticino-el-ipem-180-rafael-obligado-celebra-50-anos-de-vida\/","og_site_name":"El Regional","article_publisher":"https:\/\/www.facebook.com\/elregionalvm","article_published_time":"2024-04-29T01:59:22+00:00","article_modified_time":"2024-04-29T01:59:27+00:00","og_image":[{"width":1080,"height":810,"url":"https:\/\/elregionalvm.com.ar\/noticias-villa-maria\/wp-content\/uploads\/2024\/04\/Ipem-180-frente-2024-2.jpeg","type":"image\/jpeg"}],"author":"Contenidos El Regional","twitter_card":"summary_large_image","twitter_creator":"@elregionalvm1","twitter_site":"@elregionalvm1","twitter_misc":{"Escrito por":"Contenidos El Regional","Tiempo de lectura":"3 minutos"},"schema":{"@context":"https:\/\/schema.org","@graph":[{"@type":"Article","@id":"https:\/\/elregionalvm.com.ar\/noticias-villa-maria\/ticino-el-ipem-180-rafael-obligado-celebra-50-anos-de-vida\/#article","isPartOf":{"@id":"https:\/\/elregionalvm.com.ar\/noticias-villa-maria\/ticino-el-ipem-180-rafael-obligado-celebra-50-anos-de-vida\/"},"author":{"name":"Contenidos El Regional","@id":"http:\/\/elregionalvm.com.ar\/noticias-villa-maria\/#\/schema\/person\/a0fb9c422317faca23d50163151bc354"},"headline":"Ticino: El Ipem 180 Rafael Obligado celebra 50 a\u00f1os de vida","datePublished":"2024-04-29T01:59:22+00:00","dateModified":"2024-04-29T01:59:27+00:00","mainEntityOfPage":{"@id":"https:\/\/elregionalvm.com.ar\/noticias-villa-maria\/ticino-el-ipem-180-rafael-obligado-celebra-50-anos-de-vida\/"},"wordCount":420,"commentCount":0,"image":{"@id":"https:\/\/elregionalvm.com.ar\/noticias-villa-maria\/ticino-el-ipem-180-rafael-obligado-celebra-50-anos-de-vida\/#primaryimage"},"thumbnailUrl":"https:\/\/i0.wp.com\/elregionalvm.com.ar\/noticias-villa-maria\/wp-content\/uploads\/2024\/04\/Ipem-180-frente-2024-2.jpeg?fit=1080%2C810&ssl=1","keywords":["acto","almuerzo","Aniversario","cincuentenario","Educaci\u00f3n","festejo","Ipem 180 Rafael Obligado","Ticino"],"articleSection":["destacado","Regi\u00f3n"],"inLanguage":"es","potentialAction":[{"@type":"CommentAction","name":"Comment","target":["https:\/\/elregionalvm.com.ar\/noticias-villa-maria\/ticino-el-ipem-180-rafael-obligado-celebra-50-anos-de-vida\/#respond"]}]},{"@type":"WebPage","@id":"https:\/\/elregionalvm.com.ar\/noticias-villa-maria\/ticino-el-ipem-180-rafael-obligado-celebra-50-anos-de-vida\/","url":"https:\/\/elregionalvm.com.ar\/noticias-villa-maria\/ticino-el-ipem-180-rafael-obligado-celebra-50-anos-de-vida\/","name":"Ticino: El Ipem 180 Rafael Obligado celebra 50 a\u00f1os de vida - El Regional","isPartOf":{"@id":"http:\/\/elregionalvm.com.ar\/noticias-villa-maria\/#website"},"primaryImageOfPage":{"@id":"https:\/\/elregionalvm.com.ar\/noticias-villa-maria\/ticino-el-ipem-180-rafael-obligado-celebra-50-anos-de-vida\/#primaryimage"},"image":{"@id":"https:\/\/elregionalvm.com.ar\/noticias-villa-maria\/ticino-el-ipem-180-rafael-obligado-celebra-50-anos-de-vida\/#primaryimage"},"thumbnailUrl":"https:\/\/i0.wp.com\/elregionalvm.com.ar\/noticias-villa-maria\/wp-content\/uploads\/2024\/04\/Ipem-180-frente-2024-2.jpeg?fit=1080%2C810&ssl=1","datePublished":"2024-04-29T01:59:22+00:00","dateModified":"2024-04-29T01:59:27+00:00","author":{"@id":"http:\/\/elregionalvm.com.ar\/noticias-villa-maria\/#\/schema\/person\/a0fb9c422317faca23d50163151bc354"},"breadcrumb":{"@id":"https:\/\/elregionalvm.com.ar\/noticias-villa-maria\/ticino-el-ipem-180-rafael-obligado-celebra-50-anos-de-vida\/#breadcrumb"},"inLanguage":"es","potentialAction":[{"@type":"ReadAction","target":["https:\/\/elregionalvm.com.ar\/noticias-villa-maria\/ticino-el-ipem-180-rafael-obligado-celebra-50-anos-de-vida\/"]}]},{"@type":"ImageObject","inLanguage":"es","@id":"https:\/\/elregionalvm.com.ar\/noticias-villa-maria\/ticino-el-ipem-180-rafael-obligado-celebra-50-anos-de-vida\/#primaryimage","url":"https:\/\/i0.wp.com\/elregionalvm.com.ar\/noticias-villa-maria\/wp-content\/uploads\/2024\/04\/Ipem-180-frente-2024-2.jpeg?fit=1080%2C810&ssl=1","contentUrl":"https:\/\/i0.wp.com\/elregionalvm.com.ar\/noticias-villa-maria\/wp-content\/uploads\/2024\/04\/Ipem-180-frente-2024-2.jpeg?fit=1080%2C810&ssl=1","width":1080,"height":810},{"@type":"BreadcrumbList","@id":"https:\/\/elregionalvm.com.ar\/noticias-villa-maria\/ticino-el-ipem-180-rafael-obligado-celebra-50-anos-de-vida\/#breadcrumb","itemListElement":[{"@type":"ListItem","position":1,"name":"Portada","item":"https:\/\/elregionalvm.com.ar\/noticias-villa-maria\/"},{"@type":"ListItem","position":2,"name":"Ticino: El Ipem 180 Rafael Obligado celebra 50 a\u00f1os de vida"}]},{"@type":"WebSite","@id":"http:\/\/elregionalvm.com.ar\/noticias-villa-maria\/#website","url":"http:\/\/elregionalvm.com.ar\/noticias-villa-maria\/","name":"El Regional","description":"Mucho m\u00e1s que informaci\u00f3n","potentialAction":[{"@type":"SearchAction","target":{"@type":"EntryPoint","urlTemplate":"http:\/\/elregionalvm.com.ar\/noticias-villa-maria\/?s={search_term_string}"},"query-input":{"@type":"PropertyValueSpecification","valueRequired":true,"valueName":"search_term_string"}}],"inLanguage":"es"},{"@type":"Person","@id":"http:\/\/elregionalvm.com.ar\/noticias-villa-maria\/#\/schema\/person\/a0fb9c422317faca23d50163151bc354","name":"Contenidos El Regional","image":{"@type":"ImageObject","inLanguage":"es","@id":"http:\/\/elregionalvm.com.ar\/noticias-villa-maria\/#\/schema\/person\/image\/","url":"https:\/\/secure.gravatar.com\/avatar\/265b27cb2209af7bb3a1318f03305787d7981a5cc6e6cd08fe5a4ecdf99d4b48?s=96&d=mm&r=g","contentUrl":"https:\/\/secure.gravatar.com\/avatar\/265b27cb2209af7bb3a1318f03305787d7981a5cc6e6cd08fe5a4ecdf99d4b48?s=96&d=mm&r=g","caption":"Contenidos El Regional"},"url":"https:\/\/elregionalvm.com.ar\/noticias-villa-maria\/author\/contenido\/"}]}},"jetpack_featured_media_url":"https:\/\/i0.wp.com\/elregionalvm.com.ar\/noticias-villa-maria\/wp-content\/uploads\/2024\/04\/Ipem-180-frente-2024-2.jpeg?fit=1080%2C810&ssl=1","jetpack_sharing_enabled":true,"_links":{"self":[{"href":"https:\/\/elregionalvm.com.ar\/noticias-villa-maria\/wp-json\/wp\/v2\/posts\/93186","targetHints":{"allow":["GET"]}}],"collection":[{"href":"https:\/\/elregionalvm.com.ar\/noticias-villa-maria\/wp-json\/wp\/v2\/posts"}],"about":[{"href":"https:\/\/elregionalvm.com.ar\/noticias-villa-maria\/wp-json\/wp\/v2\/types\/post"}],"author":[{"embeddable":true,"href":"https:\/\/elregionalvm.com.ar\/noticias-villa-maria\/wp-json\/wp\/v2\/users\/4"}],"replies":[{"embeddable":true,"href":"https:\/\/elregionalvm.com.ar\/noticias-villa-maria\/wp-json\/wp\/v2\/comments?post=93186"}],"version-history":[{"count":2,"href":"https:\/\/elregionalvm.com.ar\/noticias-villa-maria\/wp-json\/wp\/v2\/posts\/93186\/revisions"}],"predecessor-version":[{"id":93193,"href":"https:\/\/elregionalvm.com.ar\/noticias-villa-maria\/wp-json\/wp\/v2\/posts\/93186\/revisions\/93193"}],"wp:featuredmedia":[{"embeddable":true,"href":"https:\/\/elregionalvm.com.ar\/noticias-villa-maria\/wp-json\/wp\/v2\/media\/93192"}],"wp:attachment":[{"href":"https:\/\/elregionalvm.com.ar\/noticias-villa-maria\/wp-json\/wp\/v2\/media?parent=93186"}],"wp:term":[{"taxonomy":"category","embeddable":true,"href":"https:\/\/elregionalvm.com.ar\/noticias-villa-maria\/wp-json\/wp\/v2\/categories?post=93186"},{"taxonomy":"post_tag","embeddable":true,"href":"https:\/\/elregionalvm.com.ar\/noticias-villa-maria\/wp-json\/wp\/v2\/tags?post=93186"}],"curies":[{"name":"wp","href":"https:\/\/api.w.org\/{rel}","templated":true}]}}