{"id":93195,"date":"2024-04-29T21:33:22","date_gmt":"2024-04-29T21:33:22","guid":{"rendered":"https:\/\/elregionalvm.com.ar\/noticias-villa-maria\/?p=93195"},"modified":"2024-04-29T21:33:24","modified_gmt":"2024-04-29T21:33:24","slug":"inscripciones-abiertas-para-el-curso-de-posgrado-teorias-psico-sociales-del-aprendizaje-en-la-educacion-universitaria","status":"publish","type":"post","link":"https:\/\/elregionalvm.com.ar\/noticias-villa-maria\/inscripciones-abiertas-para-el-curso-de-posgrado-teorias-psico-sociales-del-aprendizaje-en-la-educacion-universitaria\/","title":{"rendered":"Inscripciones abiertas para el curso de posgrado \u201cTeor\u00edas psico-sociales del aprendizaje en la Educaci\u00f3n Universitaria\u201d"},"content":{"rendered":"\n<p>El&nbsp;<strong>Instituto de Ciencias Humanas<\/strong>&nbsp;de la Universidad Nacional de Villa Mar\u00eda abri\u00f3 las inscripciones al curso de posgrado \u201c<strong><em>Teor\u00edas psico-sociales del aprendizaje en la Educaci\u00f3n Universitaria<\/em><\/strong>\u201c, en el marco de la&nbsp;<strong><em>Especializaci\u00f3n en Docencia Universitaria<\/em>.<em>&nbsp;Inicia el 10 de mayo de modalidad presencial.<\/em><\/strong><\/p>\n\n\n\n<p>Este curso de posgrado tiene su fundamentaci\u00f3n en la aspiraci\u00f3n de una toma de conciencia cr\u00edtica con respecto a la concurrencia de los diferentes campos del saber a la hora de interpretar los fen\u00f3menos de aprendizaje. Focaliza el conocimiento, an\u00e1lisis y problematizaci\u00f3n acerca de la significatividad, potencialidad y limitaciones explicativas que adquieren cada una de las distintas teor\u00edas del aprendizaje, respecto de las pr\u00e1cticas de la ense\u00f1anza.as, entre otras, sobre las cuales es necesario reflexionar en funci\u00f3n de las distintas teor\u00edas del aprendizaje.<\/p>\n\n\n\n<p><strong>Fechas:<\/strong><br>viernes 10 de mayo de 14 a 20 hs y s\u00e1bado 11 de mayo de 9 a 13 hs<\/p>\n\n\n\n<p><strong>Modalidad:<\/strong><br>Presencial<\/p>\n\n\n\n<p><strong>Docente a cargo:<\/strong><br>Dra. Gloria Vadori<\/p>\n\n\n\n<p><strong>Inscripciones<\/strong>:<br><a href=\"https:\/\/docs.google.com\/forms\/d\/e\/1FAIpQLSdMWjJsbuXk-_GTixWnk9Uxn3dUr-cKTfMF2EhdM8bjRcIXeQ\/viewform\" target=\"_blank\" rel=\"noreferrer noopener\">bit.ly\/teorias-psicosociales<\/a><\/p>\n\n\n\n<p><strong>Consultas:<\/strong><br>extensionhumanas@unvm.edu.ar<\/p>\n","protected":false},"excerpt":{"rendered":"<p>El&nbsp;Instituto de Ciencias Humanas&nbsp;de la Universidad Nacional de Villa Mar\u00eda abri\u00f3 las inscripciones al curso de posgrado \u201cTeor\u00edas psico-sociales del aprendizaje en la Educaci\u00f3n Universitaria\u201c, en el marco de la&nbsp;Especializaci\u00f3n en Docencia Universitaria.&nbsp;Inicia el 10 de mayo de modalidad presencial. Este curso de posgrado tiene su fundamentaci\u00f3n en la aspiraci\u00f3n de una toma de conciencia [&hellip;]<\/p>\n","protected":false},"author":4,"featured_media":93196,"comment_status":"open","ping_status":"open","sticky":false,"template":"","format":"standard","meta":{"site-sidebar-layout":"default","site-content-layout":"","ast-site-content-layout":"default","site-content-style":"default","site-sidebar-style":"default","ast-global-header-display":"","ast-banner-title-visibility":"","ast-main-header-display":"","ast-hfb-above-header-display":"","ast-hfb-below-header-display":"","ast-hfb-mobile-header-display":"","site-post-title":"","ast-breadcrumbs-content":"","ast-featured-img":"","footer-sml-layout":"","ast-disable-related-posts":"","theme-transparent-header-meta":"","adv-header-id-meta":"","stick-header-meta":"","header-above-stick-meta":"","header-main-stick-meta":"","header-below-stick-meta":"","astra-migrate-meta-layouts":"set","ast-page-background-enabled":"default","ast-page-background-meta":{"desktop":{"background-color":"","background-image":"","background-repeat":"repeat","background-position":"center center","background-size":"auto","background-attachment":"scroll","background-type":"","background-media":"","overlay-type":"","overlay-color":"","overlay-opacity":"","overlay-gradient":""},"tablet":{"background-color":"","background-image":"","background-repeat":"repeat","background-position":"center center","background-size":"auto","background-attachment":"scroll","background-type":"","background-media":"","overlay-type":"","overlay-color":"","overlay-opacity":"","overlay-gradient":""},"mobile":{"background-color":"","background-image":"","background-repeat":"repeat","background-position":"center center","background-size":"auto","background-attachment":"scroll","background-type":"","background-media":"","overlay-type":"","overlay-color":"","overlay-opacity":"","overlay-gradient":""}},"ast-content-background-meta":{"desktop":{"background-color":"var(--ast-global-color-5)","background-image":"","background-repeat":"repeat","background-position":"center center","background-size":"auto","background-attachment":"scroll","background-type":"","background-media":"","overlay-type":"","overlay-color":"","overlay-opacity":"","overlay-gradient":""},"tablet":{"background-color":"var(--ast-global-color-5)","background-image":"","background-repeat":"repeat","background-position":"center center","background-size":"auto","background-attachment":"scroll","background-type":"","background-media":"","overlay-type":"","overlay-color":"","overlay-opacity":"","overlay-gradient":""},"mobile":{"background-color":"var(--ast-global-color-5)","background-image":"","background-repeat":"repeat","background-position":"center center","background-size":"auto","background-attachment":"scroll","background-type":"","background-media":"","overlay-type":"","overlay-color":"","overlay-opacity":"","overlay-gradient":""}},"_jetpack_memberships_contains_paid_content":false,"_joinchat":[],"footnotes":""},"categories":[15302,5,2],"tags":[],"class_list":["post-93195","post","type-post","status-publish","format-standard","has-post-thumbnail","hentry","category-destacado","category-sociedad","category-villa-maria"],"yoast_head":"<!-- This site is optimized with the Yoast SEO plugin v26.8 - https:\/\/yoast.com\/product\/yoast-seo-wordpress\/ -->\n<title>Inscripciones abiertas para el curso de posgrado \u201cTeor\u00edas psico-sociales del aprendizaje en la Educaci\u00f3n Universitaria\u201d - El Regional<\/title>\n<meta name=\"robots\" content=\"index, follow, max-snippet:-1, max-image-preview:large, max-video-preview:-1\" \/>\n<link rel=\"canonical\" href=\"https:\/\/elregionalvm.com.ar\/noticias-villa-maria\/inscripciones-abiertas-para-el-curso-de-posgrado-teorias-psico-sociales-del-aprendizaje-en-la-educacion-universitaria\/\" \/>\n<meta property=\"og:locale\" content=\"es_ES\" \/>\n<meta property=\"og:type\" content=\"article\" \/>\n<meta property=\"og:title\" content=\"Inscripciones abiertas para el curso de posgrado \u201cTeor\u00edas psico-sociales del aprendizaje en la Educaci\u00f3n Universitaria\u201d - El Regional\" \/>\n<meta property=\"og:description\" content=\"El&nbsp;Instituto de Ciencias Humanas&nbsp;de la Universidad Nacional de Villa Mar\u00eda abri\u00f3 las inscripciones al curso de posgrado \u201cTeor\u00edas psico-sociales del aprendizaje en la Educaci\u00f3n Universitaria\u201c, en el marco de la&nbsp;Especializaci\u00f3n en Docencia Universitaria.&nbsp;Inicia el 10 de mayo de modalidad presencial. Este curso de posgrado tiene su fundamentaci\u00f3n en la aspiraci\u00f3n de una toma de conciencia [&hellip;]\" \/>\n<meta property=\"og:url\" content=\"https:\/\/elregionalvm.com.ar\/noticias-villa-maria\/inscripciones-abiertas-para-el-curso-de-posgrado-teorias-psico-sociales-del-aprendizaje-en-la-educacion-universitaria\/\" \/>\n<meta property=\"og:site_name\" content=\"El Regional\" \/>\n<meta property=\"article:publisher\" content=\"https:\/\/www.facebook.com\/elregionalvm\" \/>\n<meta property=\"article:published_time\" content=\"2024-04-29T21:33:22+00:00\" \/>\n<meta property=\"article:modified_time\" content=\"2024-04-29T21:33:24+00:00\" \/>\n<meta property=\"og:image\" content=\"https:\/\/elregionalvm.com.ar\/noticias-villa-maria\/wp-content\/uploads\/2024\/04\/WhatsApp-Image-2024-04-26-at-14.30.13-980x980-1.jpeg\" \/>\n\t<meta property=\"og:image:width\" content=\"980\" \/>\n\t<meta property=\"og:image:height\" content=\"980\" \/>\n\t<meta property=\"og:image:type\" content=\"image\/jpeg\" \/>\n<meta name=\"author\" content=\"Contenidos El Regional\" \/>\n<meta name=\"twitter:card\" content=\"summary_large_image\" \/>\n<meta name=\"twitter:creator\" content=\"@elregionalvm1\" \/>\n<meta name=\"twitter:site\" content=\"@elregionalvm1\" \/>\n<meta name=\"twitter:label1\" content=\"Escrito por\" \/>\n\t<meta name=\"twitter:data1\" content=\"Contenidos El Regional\" \/>\n\t<meta name=\"twitter:label2\" content=\"Tiempo de lectura\" \/>\n\t<meta name=\"twitter:data2\" content=\"1 minuto\" \/>\n<script type=\"application\/ld+json\" class=\"yoast-schema-graph\">{\"@context\":\"https:\/\/schema.org\",\"@graph\":[{\"@type\":\"Article\",\"@id\":\"https:\/\/elregionalvm.com.ar\/noticias-villa-maria\/inscripciones-abiertas-para-el-curso-de-posgrado-teorias-psico-sociales-del-aprendizaje-en-la-educacion-universitaria\/#article\",\"isPartOf\":{\"@id\":\"https:\/\/elregionalvm.com.ar\/noticias-villa-maria\/inscripciones-abiertas-para-el-curso-de-posgrado-teorias-psico-sociales-del-aprendizaje-en-la-educacion-universitaria\/\"},\"author\":{\"name\":\"Contenidos El Regional\",\"@id\":\"http:\/\/elregionalvm.com.ar\/noticias-villa-maria\/#\/schema\/person\/a0fb9c422317faca23d50163151bc354\"},\"headline\":\"Inscripciones abiertas para el curso de posgrado \u201cTeor\u00edas psico-sociales del aprendizaje en la Educaci\u00f3n Universitaria\u201d\",\"datePublished\":\"2024-04-29T21:33:22+00:00\",\"dateModified\":\"2024-04-29T21:33:24+00:00\",\"mainEntityOfPage\":{\"@id\":\"https:\/\/elregionalvm.com.ar\/noticias-villa-maria\/inscripciones-abiertas-para-el-curso-de-posgrado-teorias-psico-sociales-del-aprendizaje-en-la-educacion-universitaria\/\"},\"wordCount\":195,\"commentCount\":0,\"image\":{\"@id\":\"https:\/\/elregionalvm.com.ar\/noticias-villa-maria\/inscripciones-abiertas-para-el-curso-de-posgrado-teorias-psico-sociales-del-aprendizaje-en-la-educacion-universitaria\/#primaryimage\"},\"thumbnailUrl\":\"https:\/\/i0.wp.com\/elregionalvm.com.ar\/noticias-villa-maria\/wp-content\/uploads\/2024\/04\/WhatsApp-Image-2024-04-26-at-14.30.13-980x980-1.jpeg?fit=980%2C980&ssl=1\",\"articleSection\":[\"destacado\",\"Sociedad\",\"Villa Mar\u00eda\"],\"inLanguage\":\"es\",\"potentialAction\":[{\"@type\":\"CommentAction\",\"name\":\"Comment\",\"target\":[\"https:\/\/elregionalvm.com.ar\/noticias-villa-maria\/inscripciones-abiertas-para-el-curso-de-posgrado-teorias-psico-sociales-del-aprendizaje-en-la-educacion-universitaria\/#respond\"]}]},{\"@type\":\"WebPage\",\"@id\":\"https:\/\/elregionalvm.com.ar\/noticias-villa-maria\/inscripciones-abiertas-para-el-curso-de-posgrado-teorias-psico-sociales-del-aprendizaje-en-la-educacion-universitaria\/\",\"url\":\"https:\/\/elregionalvm.com.ar\/noticias-villa-maria\/inscripciones-abiertas-para-el-curso-de-posgrado-teorias-psico-sociales-del-aprendizaje-en-la-educacion-universitaria\/\",\"name\":\"Inscripciones abiertas para el curso de posgrado \u201cTeor\u00edas psico-sociales del aprendizaje en la Educaci\u00f3n Universitaria\u201d - El Regional\",\"isPartOf\":{\"@id\":\"http:\/\/elregionalvm.com.ar\/noticias-villa-maria\/#website\"},\"primaryImageOfPage\":{\"@id\":\"https:\/\/elregionalvm.com.ar\/noticias-villa-maria\/inscripciones-abiertas-para-el-curso-de-posgrado-teorias-psico-sociales-del-aprendizaje-en-la-educacion-universitaria\/#primaryimage\"},\"image\":{\"@id\":\"https:\/\/elregionalvm.com.ar\/noticias-villa-maria\/inscripciones-abiertas-para-el-curso-de-posgrado-teorias-psico-sociales-del-aprendizaje-en-la-educacion-universitaria\/#primaryimage\"},\"thumbnailUrl\":\"https:\/\/i0.wp.com\/elregionalvm.com.ar\/noticias-villa-maria\/wp-content\/uploads\/2024\/04\/WhatsApp-Image-2024-04-26-at-14.30.13-980x980-1.jpeg?fit=980%2C980&ssl=1\",\"datePublished\":\"2024-04-29T21:33:22+00:00\",\"dateModified\":\"2024-04-29T21:33:24+00:00\",\"author\":{\"@id\":\"http:\/\/elregionalvm.com.ar\/noticias-villa-maria\/#\/schema\/person\/a0fb9c422317faca23d50163151bc354\"},\"breadcrumb\":{\"@id\":\"https:\/\/elregionalvm.com.ar\/noticias-villa-maria\/inscripciones-abiertas-para-el-curso-de-posgrado-teorias-psico-sociales-del-aprendizaje-en-la-educacion-universitaria\/#breadcrumb\"},\"inLanguage\":\"es\",\"potentialAction\":[{\"@type\":\"ReadAction\",\"target\":[\"https:\/\/elregionalvm.com.ar\/noticias-villa-maria\/inscripciones-abiertas-para-el-curso-de-posgrado-teorias-psico-sociales-del-aprendizaje-en-la-educacion-universitaria\/\"]}]},{\"@type\":\"ImageObject\",\"inLanguage\":\"es\",\"@id\":\"https:\/\/elregionalvm.com.ar\/noticias-villa-maria\/inscripciones-abiertas-para-el-curso-de-posgrado-teorias-psico-sociales-del-aprendizaje-en-la-educacion-universitaria\/#primaryimage\",\"url\":\"https:\/\/i0.wp.com\/elregionalvm.com.ar\/noticias-villa-maria\/wp-content\/uploads\/2024\/04\/WhatsApp-Image-2024-04-26-at-14.30.13-980x980-1.jpeg?fit=980%2C980&ssl=1\",\"contentUrl\":\"https:\/\/i0.wp.com\/elregionalvm.com.ar\/noticias-villa-maria\/wp-content\/uploads\/2024\/04\/WhatsApp-Image-2024-04-26-at-14.30.13-980x980-1.jpeg?fit=980%2C980&ssl=1\",\"width\":980,\"height\":980},{\"@type\":\"BreadcrumbList\",\"@id\":\"https:\/\/elregionalvm.com.ar\/noticias-villa-maria\/inscripciones-abiertas-para-el-curso-de-posgrado-teorias-psico-sociales-del-aprendizaje-en-la-educacion-universitaria\/#breadcrumb\",\"itemListElement\":[{\"@type\":\"ListItem\",\"position\":1,\"name\":\"Portada\",\"item\":\"https:\/\/elregionalvm.com.ar\/noticias-villa-maria\/\"},{\"@type\":\"ListItem\",\"position\":2,\"name\":\"Inscripciones abiertas para el curso de posgrado \u201cTeor\u00edas psico-sociales del aprendizaje en la Educaci\u00f3n Universitaria\u201d\"}]},{\"@type\":\"WebSite\",\"@id\":\"http:\/\/elregionalvm.com.ar\/noticias-villa-maria\/#website\",\"url\":\"http:\/\/elregionalvm.com.ar\/noticias-villa-maria\/\",\"name\":\"El Regional\",\"description\":\"Mucho m\u00e1s que informaci\u00f3n\",\"potentialAction\":[{\"@type\":\"SearchAction\",\"target\":{\"@type\":\"EntryPoint\",\"urlTemplate\":\"http:\/\/elregionalvm.com.ar\/noticias-villa-maria\/?s={search_term_string}\"},\"query-input\":{\"@type\":\"PropertyValueSpecification\",\"valueRequired\":true,\"valueName\":\"search_term_string\"}}],\"inLanguage\":\"es\"},{\"@type\":\"Person\",\"@id\":\"http:\/\/elregionalvm.com.ar\/noticias-villa-maria\/#\/schema\/person\/a0fb9c422317faca23d50163151bc354\",\"name\":\"Contenidos El Regional\",\"image\":{\"@type\":\"ImageObject\",\"inLanguage\":\"es\",\"@id\":\"http:\/\/elregionalvm.com.ar\/noticias-villa-maria\/#\/schema\/person\/image\/\",\"url\":\"https:\/\/secure.gravatar.com\/avatar\/265b27cb2209af7bb3a1318f03305787d7981a5cc6e6cd08fe5a4ecdf99d4b48?s=96&d=mm&r=g\",\"contentUrl\":\"https:\/\/secure.gravatar.com\/avatar\/265b27cb2209af7bb3a1318f03305787d7981a5cc6e6cd08fe5a4ecdf99d4b48?s=96&d=mm&r=g\",\"caption\":\"Contenidos El Regional\"},\"url\":\"https:\/\/elregionalvm.com.ar\/noticias-villa-maria\/author\/contenido\/\"}]}<\/script>\n<!-- \/ Yoast SEO plugin. -->","yoast_head_json":{"title":"Inscripciones abiertas para el curso de posgrado \u201cTeor\u00edas psico-sociales del aprendizaje en la Educaci\u00f3n Universitaria\u201d - El Regional","robots":{"index":"index","follow":"follow","max-snippet":"max-snippet:-1","max-image-preview":"max-image-preview:large","max-video-preview":"max-video-preview:-1"},"canonical":"https:\/\/elregionalvm.com.ar\/noticias-villa-maria\/inscripciones-abiertas-para-el-curso-de-posgrado-teorias-psico-sociales-del-aprendizaje-en-la-educacion-universitaria\/","og_locale":"es_ES","og_type":"article","og_title":"Inscripciones abiertas para el curso de posgrado \u201cTeor\u00edas psico-sociales del aprendizaje en la Educaci\u00f3n Universitaria\u201d - El Regional","og_description":"El&nbsp;Instituto de Ciencias Humanas&nbsp;de la Universidad Nacional de Villa Mar\u00eda abri\u00f3 las inscripciones al curso de posgrado \u201cTeor\u00edas psico-sociales del aprendizaje en la Educaci\u00f3n Universitaria\u201c, en el marco de la&nbsp;Especializaci\u00f3n en Docencia Universitaria.&nbsp;Inicia el 10 de mayo de modalidad presencial. Este curso de posgrado tiene su fundamentaci\u00f3n en la aspiraci\u00f3n de una toma de conciencia [&hellip;]","og_url":"https:\/\/elregionalvm.com.ar\/noticias-villa-maria\/inscripciones-abiertas-para-el-curso-de-posgrado-teorias-psico-sociales-del-aprendizaje-en-la-educacion-universitaria\/","og_site_name":"El Regional","article_publisher":"https:\/\/www.facebook.com\/elregionalvm","article_published_time":"2024-04-29T21:33:22+00:00","article_modified_time":"2024-04-29T21:33:24+00:00","og_image":[{"width":980,"height":980,"url":"https:\/\/elregionalvm.com.ar\/noticias-villa-maria\/wp-content\/uploads\/2024\/04\/WhatsApp-Image-2024-04-26-at-14.30.13-980x980-1.jpeg","type":"image\/jpeg"}],"author":"Contenidos El Regional","twitter_card":"summary_large_image","twitter_creator":"@elregionalvm1","twitter_site":"@elregionalvm1","twitter_misc":{"Escrito por":"Contenidos El Regional","Tiempo de lectura":"1 minuto"},"schema":{"@context":"https:\/\/schema.org","@graph":[{"@type":"Article","@id":"https:\/\/elregionalvm.com.ar\/noticias-villa-maria\/inscripciones-abiertas-para-el-curso-de-posgrado-teorias-psico-sociales-del-aprendizaje-en-la-educacion-universitaria\/#article","isPartOf":{"@id":"https:\/\/elregionalvm.com.ar\/noticias-villa-maria\/inscripciones-abiertas-para-el-curso-de-posgrado-teorias-psico-sociales-del-aprendizaje-en-la-educacion-universitaria\/"},"author":{"name":"Contenidos El Regional","@id":"http:\/\/elregionalvm.com.ar\/noticias-villa-maria\/#\/schema\/person\/a0fb9c422317faca23d50163151bc354"},"headline":"Inscripciones abiertas para el curso de posgrado \u201cTeor\u00edas psico-sociales del aprendizaje en la Educaci\u00f3n Universitaria\u201d","datePublished":"2024-04-29T21:33:22+00:00","dateModified":"2024-04-29T21:33:24+00:00","mainEntityOfPage":{"@id":"https:\/\/elregionalvm.com.ar\/noticias-villa-maria\/inscripciones-abiertas-para-el-curso-de-posgrado-teorias-psico-sociales-del-aprendizaje-en-la-educacion-universitaria\/"},"wordCount":195,"commentCount":0,"image":{"@id":"https:\/\/elregionalvm.com.ar\/noticias-villa-maria\/inscripciones-abiertas-para-el-curso-de-posgrado-teorias-psico-sociales-del-aprendizaje-en-la-educacion-universitaria\/#primaryimage"},"thumbnailUrl":"https:\/\/i0.wp.com\/elregionalvm.com.ar\/noticias-villa-maria\/wp-content\/uploads\/2024\/04\/WhatsApp-Image-2024-04-26-at-14.30.13-980x980-1.jpeg?fit=980%2C980&ssl=1","articleSection":["destacado","Sociedad","Villa Mar\u00eda"],"inLanguage":"es","potentialAction":[{"@type":"CommentAction","name":"Comment","target":["https:\/\/elregionalvm.com.ar\/noticias-villa-maria\/inscripciones-abiertas-para-el-curso-de-posgrado-teorias-psico-sociales-del-aprendizaje-en-la-educacion-universitaria\/#respond"]}]},{"@type":"WebPage","@id":"https:\/\/elregionalvm.com.ar\/noticias-villa-maria\/inscripciones-abiertas-para-el-curso-de-posgrado-teorias-psico-sociales-del-aprendizaje-en-la-educacion-universitaria\/","url":"https:\/\/elregionalvm.com.ar\/noticias-villa-maria\/inscripciones-abiertas-para-el-curso-de-posgrado-teorias-psico-sociales-del-aprendizaje-en-la-educacion-universitaria\/","name":"Inscripciones abiertas para el curso de posgrado \u201cTeor\u00edas psico-sociales del aprendizaje en la Educaci\u00f3n Universitaria\u201d - El Regional","isPartOf":{"@id":"http:\/\/elregionalvm.com.ar\/noticias-villa-maria\/#website"},"primaryImageOfPage":{"@id":"https:\/\/elregionalvm.com.ar\/noticias-villa-maria\/inscripciones-abiertas-para-el-curso-de-posgrado-teorias-psico-sociales-del-aprendizaje-en-la-educacion-universitaria\/#primaryimage"},"image":{"@id":"https:\/\/elregionalvm.com.ar\/noticias-villa-maria\/inscripciones-abiertas-para-el-curso-de-posgrado-teorias-psico-sociales-del-aprendizaje-en-la-educacion-universitaria\/#primaryimage"},"thumbnailUrl":"https:\/\/i0.wp.com\/elregionalvm.com.ar\/noticias-villa-maria\/wp-content\/uploads\/2024\/04\/WhatsApp-Image-2024-04-26-at-14.30.13-980x980-1.jpeg?fit=980%2C980&ssl=1","datePublished":"2024-04-29T21:33:22+00:00","dateModified":"2024-04-29T21:33:24+00:00","author":{"@id":"http:\/\/elregionalvm.com.ar\/noticias-villa-maria\/#\/schema\/person\/a0fb9c422317faca23d50163151bc354"},"breadcrumb":{"@id":"https:\/\/elregionalvm.com.ar\/noticias-villa-maria\/inscripciones-abiertas-para-el-curso-de-posgrado-teorias-psico-sociales-del-aprendizaje-en-la-educacion-universitaria\/#breadcrumb"},"inLanguage":"es","potentialAction":[{"@type":"ReadAction","target":["https:\/\/elregionalvm.com.ar\/noticias-villa-maria\/inscripciones-abiertas-para-el-curso-de-posgrado-teorias-psico-sociales-del-aprendizaje-en-la-educacion-universitaria\/"]}]},{"@type":"ImageObject","inLanguage":"es","@id":"https:\/\/elregionalvm.com.ar\/noticias-villa-maria\/inscripciones-abiertas-para-el-curso-de-posgrado-teorias-psico-sociales-del-aprendizaje-en-la-educacion-universitaria\/#primaryimage","url":"https:\/\/i0.wp.com\/elregionalvm.com.ar\/noticias-villa-maria\/wp-content\/uploads\/2024\/04\/WhatsApp-Image-2024-04-26-at-14.30.13-980x980-1.jpeg?fit=980%2C980&ssl=1","contentUrl":"https:\/\/i0.wp.com\/elregionalvm.com.ar\/noticias-villa-maria\/wp-content\/uploads\/2024\/04\/WhatsApp-Image-2024-04-26-at-14.30.13-980x980-1.jpeg?fit=980%2C980&ssl=1","width":980,"height":980},{"@type":"BreadcrumbList","@id":"https:\/\/elregionalvm.com.ar\/noticias-villa-maria\/inscripciones-abiertas-para-el-curso-de-posgrado-teorias-psico-sociales-del-aprendizaje-en-la-educacion-universitaria\/#breadcrumb","itemListElement":[{"@type":"ListItem","position":1,"name":"Portada","item":"https:\/\/elregionalvm.com.ar\/noticias-villa-maria\/"},{"@type":"ListItem","position":2,"name":"Inscripciones abiertas para el curso de posgrado \u201cTeor\u00edas psico-sociales del aprendizaje en la Educaci\u00f3n Universitaria\u201d"}]},{"@type":"WebSite","@id":"http:\/\/elregionalvm.com.ar\/noticias-villa-maria\/#website","url":"http:\/\/elregionalvm.com.ar\/noticias-villa-maria\/","name":"El Regional","description":"Mucho m\u00e1s que informaci\u00f3n","potentialAction":[{"@type":"SearchAction","target":{"@type":"EntryPoint","urlTemplate":"http:\/\/elregionalvm.com.ar\/noticias-villa-maria\/?s={search_term_string}"},"query-input":{"@type":"PropertyValueSpecification","valueRequired":true,"valueName":"search_term_string"}}],"inLanguage":"es"},{"@type":"Person","@id":"http:\/\/elregionalvm.com.ar\/noticias-villa-maria\/#\/schema\/person\/a0fb9c422317faca23d50163151bc354","name":"Contenidos El Regional","image":{"@type":"ImageObject","inLanguage":"es","@id":"http:\/\/elregionalvm.com.ar\/noticias-villa-maria\/#\/schema\/person\/image\/","url":"https:\/\/secure.gravatar.com\/avatar\/265b27cb2209af7bb3a1318f03305787d7981a5cc6e6cd08fe5a4ecdf99d4b48?s=96&d=mm&r=g","contentUrl":"https:\/\/secure.gravatar.com\/avatar\/265b27cb2209af7bb3a1318f03305787d7981a5cc6e6cd08fe5a4ecdf99d4b48?s=96&d=mm&r=g","caption":"Contenidos El Regional"},"url":"https:\/\/elregionalvm.com.ar\/noticias-villa-maria\/author\/contenido\/"}]}},"jetpack_featured_media_url":"https:\/\/i0.wp.com\/elregionalvm.com.ar\/noticias-villa-maria\/wp-content\/uploads\/2024\/04\/WhatsApp-Image-2024-04-26-at-14.30.13-980x980-1.jpeg?fit=980%2C980&ssl=1","jetpack_sharing_enabled":true,"_links":{"self":[{"href":"https:\/\/elregionalvm.com.ar\/noticias-villa-maria\/wp-json\/wp\/v2\/posts\/93195","targetHints":{"allow":["GET"]}}],"collection":[{"href":"https:\/\/elregionalvm.com.ar\/noticias-villa-maria\/wp-json\/wp\/v2\/posts"}],"about":[{"href":"https:\/\/elregionalvm.com.ar\/noticias-villa-maria\/wp-json\/wp\/v2\/types\/post"}],"author":[{"embeddable":true,"href":"https:\/\/elregionalvm.com.ar\/noticias-villa-maria\/wp-json\/wp\/v2\/users\/4"}],"replies":[{"embeddable":true,"href":"https:\/\/elregionalvm.com.ar\/noticias-villa-maria\/wp-json\/wp\/v2\/comments?post=93195"}],"version-history":[{"count":1,"href":"https:\/\/elregionalvm.com.ar\/noticias-villa-maria\/wp-json\/wp\/v2\/posts\/93195\/revisions"}],"predecessor-version":[{"id":93197,"href":"https:\/\/elregionalvm.com.ar\/noticias-villa-maria\/wp-json\/wp\/v2\/posts\/93195\/revisions\/93197"}],"wp:featuredmedia":[{"embeddable":true,"href":"https:\/\/elregionalvm.com.ar\/noticias-villa-maria\/wp-json\/wp\/v2\/media\/93196"}],"wp:attachment":[{"href":"https:\/\/elregionalvm.com.ar\/noticias-villa-maria\/wp-json\/wp\/v2\/media?parent=93195"}],"wp:term":[{"taxonomy":"category","embeddable":true,"href":"https:\/\/elregionalvm.com.ar\/noticias-villa-maria\/wp-json\/wp\/v2\/categories?post=93195"},{"taxonomy":"post_tag","embeddable":true,"href":"https:\/\/elregionalvm.com.ar\/noticias-villa-maria\/wp-json\/wp\/v2\/tags?post=93195"}],"curies":[{"name":"wp","href":"https:\/\/api.w.org\/{rel}","templated":true}]}}