{"id":93198,"date":"2024-04-29T21:35:42","date_gmt":"2024-04-29T21:35:42","guid":{"rendered":"https:\/\/elregionalvm.com.ar\/noticias-villa-maria\/?p=93198"},"modified":"2024-04-29T21:35:44","modified_gmt":"2024-04-29T21:35:44","slug":"estacionamiento-medido-y-tarifado-la-municipalidad-suma-cinco-bocas-de-expendio-para-el-sistema-prepago","status":"publish","type":"post","link":"https:\/\/elregionalvm.com.ar\/noticias-villa-maria\/estacionamiento-medido-y-tarifado-la-municipalidad-suma-cinco-bocas-de-expendio-para-el-sistema-prepago\/","title":{"rendered":"Estacionamiento medido y tarifado: la Municipalidad suma cinco bocas de expendio para el sistema prepago"},"content":{"rendered":"\n<p>A pocos d\u00edas del lanzamiento del Programa de Movilidad Urbana, se incorporan cinco espacios prepagos como alternativa a la APP Villa Mar\u00eda Ciudad para abonar el estacionamiento vehicular entre las calles Salta y San Luis, bulevar Espa\u00f1a &#8211; Alvear, y Rucci &#8211; Mariano Moreno.<\/p>\n\n\n\n<p>En ese sentido, los usuarios podr\u00e1n abonar presencialmente en la sede de la Empresa Municipal de Trasporte Urbano de Pasajeros Emtupse, ubicada a metros del Centro de Trasferencias, y en bocas de expendio ubicados en calles: Jos\u00e9 Ingenieros 489, 9 de Julio 26, Santa Fe 1054, Mitre 202 y General Paz 15. Adem\u00e1s, todo aquel comercio que tenga inter\u00e9s de ser boca de expendio, debe consultar por bases y condiciones en la sede de Emtupse.<\/p>\n\n\n\n<p>Incorporaci\u00f3n del M\u00e9todo Prepago como alternativa<\/p>\n\n\n\n<p>La persona que opte por este sistema deber\u00e1 dirigirse a algunas de las bocas de expendio habilitadas para, mediante su chapa patente y ubicaci\u00f3n, adquirir horas de estacionamiento sin la necesidad de descargar la APP Villa Mar\u00eda Ciudad. Cabe destacar que este m\u00e9todo tendr\u00e1 un valor superior y no contar\u00e1 con la posibilidad de fraccionamiento disponible en la aplicaci\u00f3n.<\/p>\n\n\n\n<p>Hagamos una ciudad ordenada en el tr\u00e1nsito y amigable para todos<\/p>\n","protected":false},"excerpt":{"rendered":"<p>A pocos d\u00edas del lanzamiento del Programa de Movilidad Urbana, se incorporan cinco espacios prepagos como alternativa a la APP Villa Mar\u00eda Ciudad para abonar el estacionamiento vehicular entre las calles Salta y San Luis, bulevar Espa\u00f1a &#8211; Alvear, y Rucci &#8211; Mariano Moreno. En ese sentido, los usuarios podr\u00e1n abonar presencialmente en la sede [&hellip;]<\/p>\n","protected":false},"author":4,"featured_media":91796,"comment_status":"open","ping_status":"open","sticky":false,"template":"","format":"standard","meta":{"site-sidebar-layout":"default","site-content-layout":"","ast-site-content-layout":"default","site-content-style":"default","site-sidebar-style":"default","ast-global-header-display":"","ast-banner-title-visibility":"","ast-main-header-display":"","ast-hfb-above-header-display":"","ast-hfb-below-header-display":"","ast-hfb-mobile-header-display":"","site-post-title":"","ast-breadcrumbs-content":"","ast-featured-img":"","footer-sml-layout":"","ast-disable-related-posts":"","theme-transparent-header-meta":"","adv-header-id-meta":"","stick-header-meta":"","header-above-stick-meta":"","header-main-stick-meta":"","header-below-stick-meta":"","astra-migrate-meta-layouts":"set","ast-page-background-enabled":"default","ast-page-background-meta":{"desktop":{"background-color":"","background-image":"","background-repeat":"repeat","background-position":"center center","background-size":"auto","background-attachment":"scroll","background-type":"","background-media":"","overlay-type":"","overlay-color":"","overlay-opacity":"","overlay-gradient":""},"tablet":{"background-color":"","background-image":"","background-repeat":"repeat","background-position":"center center","background-size":"auto","background-attachment":"scroll","background-type":"","background-media":"","overlay-type":"","overlay-color":"","overlay-opacity":"","overlay-gradient":""},"mobile":{"background-color":"","background-image":"","background-repeat":"repeat","background-position":"center center","background-size":"auto","background-attachment":"scroll","background-type":"","background-media":"","overlay-type":"","overlay-color":"","overlay-opacity":"","overlay-gradient":""}},"ast-content-background-meta":{"desktop":{"background-color":"var(--ast-global-color-5)","background-image":"","background-repeat":"repeat","background-position":"center center","background-size":"auto","background-attachment":"scroll","background-type":"","background-media":"","overlay-type":"","overlay-color":"","overlay-opacity":"","overlay-gradient":""},"tablet":{"background-color":"var(--ast-global-color-5)","background-image":"","background-repeat":"repeat","background-position":"center center","background-size":"auto","background-attachment":"scroll","background-type":"","background-media":"","overlay-type":"","overlay-color":"","overlay-opacity":"","overlay-gradient":""},"mobile":{"background-color":"var(--ast-global-color-5)","background-image":"","background-repeat":"repeat","background-position":"center center","background-size":"auto","background-attachment":"scroll","background-type":"","background-media":"","overlay-type":"","overlay-color":"","overlay-opacity":"","overlay-gradient":""}},"_jetpack_memberships_contains_paid_content":false,"_joinchat":[],"footnotes":""},"categories":[15302,5,2],"tags":[],"class_list":["post-93198","post","type-post","status-publish","format-standard","has-post-thumbnail","hentry","category-destacado","category-sociedad","category-villa-maria"],"yoast_head":"<!-- This site is optimized with the Yoast SEO plugin v26.8 - https:\/\/yoast.com\/product\/yoast-seo-wordpress\/ -->\n<title>Estacionamiento medido y tarifado: la Municipalidad suma cinco bocas de expendio para el sistema prepago - El Regional<\/title>\n<meta name=\"robots\" content=\"index, follow, max-snippet:-1, max-image-preview:large, max-video-preview:-1\" \/>\n<link rel=\"canonical\" href=\"https:\/\/elregionalvm.com.ar\/noticias-villa-maria\/estacionamiento-medido-y-tarifado-la-municipalidad-suma-cinco-bocas-de-expendio-para-el-sistema-prepago\/\" \/>\n<meta property=\"og:locale\" content=\"es_ES\" \/>\n<meta property=\"og:type\" content=\"article\" \/>\n<meta property=\"og:title\" content=\"Estacionamiento medido y tarifado: la Municipalidad suma cinco bocas de expendio para el sistema prepago - El Regional\" \/>\n<meta property=\"og:description\" content=\"A pocos d\u00edas del lanzamiento del Programa de Movilidad Urbana, se incorporan cinco espacios prepagos como alternativa a la APP Villa Mar\u00eda Ciudad para abonar el estacionamiento vehicular entre las calles Salta y San Luis, bulevar Espa\u00f1a &#8211; Alvear, y Rucci &#8211; Mariano Moreno. En ese sentido, los usuarios podr\u00e1n abonar presencialmente en la sede [&hellip;]\" \/>\n<meta property=\"og:url\" content=\"https:\/\/elregionalvm.com.ar\/noticias-villa-maria\/estacionamiento-medido-y-tarifado-la-municipalidad-suma-cinco-bocas-de-expendio-para-el-sistema-prepago\/\" \/>\n<meta property=\"og:site_name\" content=\"El Regional\" \/>\n<meta property=\"article:publisher\" content=\"https:\/\/www.facebook.com\/elregionalvm\" \/>\n<meta property=\"article:published_time\" content=\"2024-04-29T21:35:42+00:00\" \/>\n<meta property=\"article:modified_time\" content=\"2024-04-29T21:35:44+00:00\" \/>\n<meta property=\"og:image\" content=\"https:\/\/elregionalvm.com.ar\/noticias-villa-maria\/wp-content\/uploads\/2024\/03\/Autos-estacionados.jpg\" \/>\n\t<meta property=\"og:image:width\" content=\"1200\" \/>\n\t<meta property=\"og:image:height\" content=\"760\" \/>\n\t<meta property=\"og:image:type\" content=\"image\/jpeg\" \/>\n<meta name=\"author\" content=\"Contenidos El Regional\" \/>\n<meta name=\"twitter:card\" content=\"summary_large_image\" \/>\n<meta name=\"twitter:creator\" content=\"@elregionalvm1\" \/>\n<meta name=\"twitter:site\" content=\"@elregionalvm1\" \/>\n<meta name=\"twitter:label1\" content=\"Escrito por\" \/>\n\t<meta name=\"twitter:data1\" content=\"Contenidos El Regional\" \/>\n\t<meta name=\"twitter:label2\" content=\"Tiempo de lectura\" \/>\n\t<meta name=\"twitter:data2\" content=\"1 minuto\" \/>\n<script type=\"application\/ld+json\" class=\"yoast-schema-graph\">{\"@context\":\"https:\/\/schema.org\",\"@graph\":[{\"@type\":\"Article\",\"@id\":\"https:\/\/elregionalvm.com.ar\/noticias-villa-maria\/estacionamiento-medido-y-tarifado-la-municipalidad-suma-cinco-bocas-de-expendio-para-el-sistema-prepago\/#article\",\"isPartOf\":{\"@id\":\"https:\/\/elregionalvm.com.ar\/noticias-villa-maria\/estacionamiento-medido-y-tarifado-la-municipalidad-suma-cinco-bocas-de-expendio-para-el-sistema-prepago\/\"},\"author\":{\"name\":\"Contenidos El Regional\",\"@id\":\"http:\/\/elregionalvm.com.ar\/noticias-villa-maria\/#\/schema\/person\/a0fb9c422317faca23d50163151bc354\"},\"headline\":\"Estacionamiento medido y tarifado: la Municipalidad suma cinco bocas de expendio para el sistema prepago\",\"datePublished\":\"2024-04-29T21:35:42+00:00\",\"dateModified\":\"2024-04-29T21:35:44+00:00\",\"mainEntityOfPage\":{\"@id\":\"https:\/\/elregionalvm.com.ar\/noticias-villa-maria\/estacionamiento-medido-y-tarifado-la-municipalidad-suma-cinco-bocas-de-expendio-para-el-sistema-prepago\/\"},\"wordCount\":217,\"commentCount\":0,\"image\":{\"@id\":\"https:\/\/elregionalvm.com.ar\/noticias-villa-maria\/estacionamiento-medido-y-tarifado-la-municipalidad-suma-cinco-bocas-de-expendio-para-el-sistema-prepago\/#primaryimage\"},\"thumbnailUrl\":\"https:\/\/i0.wp.com\/elregionalvm.com.ar\/noticias-villa-maria\/wp-content\/uploads\/2024\/03\/Autos-estacionados.jpg?fit=1200%2C760&ssl=1\",\"articleSection\":[\"destacado\",\"Sociedad\",\"Villa Mar\u00eda\"],\"inLanguage\":\"es\",\"potentialAction\":[{\"@type\":\"CommentAction\",\"name\":\"Comment\",\"target\":[\"https:\/\/elregionalvm.com.ar\/noticias-villa-maria\/estacionamiento-medido-y-tarifado-la-municipalidad-suma-cinco-bocas-de-expendio-para-el-sistema-prepago\/#respond\"]}]},{\"@type\":\"WebPage\",\"@id\":\"https:\/\/elregionalvm.com.ar\/noticias-villa-maria\/estacionamiento-medido-y-tarifado-la-municipalidad-suma-cinco-bocas-de-expendio-para-el-sistema-prepago\/\",\"url\":\"https:\/\/elregionalvm.com.ar\/noticias-villa-maria\/estacionamiento-medido-y-tarifado-la-municipalidad-suma-cinco-bocas-de-expendio-para-el-sistema-prepago\/\",\"name\":\"Estacionamiento medido y tarifado: la Municipalidad suma cinco bocas de expendio para el sistema prepago - El Regional\",\"isPartOf\":{\"@id\":\"http:\/\/elregionalvm.com.ar\/noticias-villa-maria\/#website\"},\"primaryImageOfPage\":{\"@id\":\"https:\/\/elregionalvm.com.ar\/noticias-villa-maria\/estacionamiento-medido-y-tarifado-la-municipalidad-suma-cinco-bocas-de-expendio-para-el-sistema-prepago\/#primaryimage\"},\"image\":{\"@id\":\"https:\/\/elregionalvm.com.ar\/noticias-villa-maria\/estacionamiento-medido-y-tarifado-la-municipalidad-suma-cinco-bocas-de-expendio-para-el-sistema-prepago\/#primaryimage\"},\"thumbnailUrl\":\"https:\/\/i0.wp.com\/elregionalvm.com.ar\/noticias-villa-maria\/wp-content\/uploads\/2024\/03\/Autos-estacionados.jpg?fit=1200%2C760&ssl=1\",\"datePublished\":\"2024-04-29T21:35:42+00:00\",\"dateModified\":\"2024-04-29T21:35:44+00:00\",\"author\":{\"@id\":\"http:\/\/elregionalvm.com.ar\/noticias-villa-maria\/#\/schema\/person\/a0fb9c422317faca23d50163151bc354\"},\"breadcrumb\":{\"@id\":\"https:\/\/elregionalvm.com.ar\/noticias-villa-maria\/estacionamiento-medido-y-tarifado-la-municipalidad-suma-cinco-bocas-de-expendio-para-el-sistema-prepago\/#breadcrumb\"},\"inLanguage\":\"es\",\"potentialAction\":[{\"@type\":\"ReadAction\",\"target\":[\"https:\/\/elregionalvm.com.ar\/noticias-villa-maria\/estacionamiento-medido-y-tarifado-la-municipalidad-suma-cinco-bocas-de-expendio-para-el-sistema-prepago\/\"]}]},{\"@type\":\"ImageObject\",\"inLanguage\":\"es\",\"@id\":\"https:\/\/elregionalvm.com.ar\/noticias-villa-maria\/estacionamiento-medido-y-tarifado-la-municipalidad-suma-cinco-bocas-de-expendio-para-el-sistema-prepago\/#primaryimage\",\"url\":\"https:\/\/i0.wp.com\/elregionalvm.com.ar\/noticias-villa-maria\/wp-content\/uploads\/2024\/03\/Autos-estacionados.jpg?fit=1200%2C760&ssl=1\",\"contentUrl\":\"https:\/\/i0.wp.com\/elregionalvm.com.ar\/noticias-villa-maria\/wp-content\/uploads\/2024\/03\/Autos-estacionados.jpg?fit=1200%2C760&ssl=1\",\"width\":1200,\"height\":760},{\"@type\":\"BreadcrumbList\",\"@id\":\"https:\/\/elregionalvm.com.ar\/noticias-villa-maria\/estacionamiento-medido-y-tarifado-la-municipalidad-suma-cinco-bocas-de-expendio-para-el-sistema-prepago\/#breadcrumb\",\"itemListElement\":[{\"@type\":\"ListItem\",\"position\":1,\"name\":\"Portada\",\"item\":\"https:\/\/elregionalvm.com.ar\/noticias-villa-maria\/\"},{\"@type\":\"ListItem\",\"position\":2,\"name\":\"Estacionamiento medido y tarifado: la Municipalidad suma cinco bocas de expendio para el sistema prepago\"}]},{\"@type\":\"WebSite\",\"@id\":\"http:\/\/elregionalvm.com.ar\/noticias-villa-maria\/#website\",\"url\":\"http:\/\/elregionalvm.com.ar\/noticias-villa-maria\/\",\"name\":\"El Regional\",\"description\":\"Mucho m\u00e1s que informaci\u00f3n\",\"potentialAction\":[{\"@type\":\"SearchAction\",\"target\":{\"@type\":\"EntryPoint\",\"urlTemplate\":\"http:\/\/elregionalvm.com.ar\/noticias-villa-maria\/?s={search_term_string}\"},\"query-input\":{\"@type\":\"PropertyValueSpecification\",\"valueRequired\":true,\"valueName\":\"search_term_string\"}}],\"inLanguage\":\"es\"},{\"@type\":\"Person\",\"@id\":\"http:\/\/elregionalvm.com.ar\/noticias-villa-maria\/#\/schema\/person\/a0fb9c422317faca23d50163151bc354\",\"name\":\"Contenidos El Regional\",\"image\":{\"@type\":\"ImageObject\",\"inLanguage\":\"es\",\"@id\":\"http:\/\/elregionalvm.com.ar\/noticias-villa-maria\/#\/schema\/person\/image\/\",\"url\":\"https:\/\/secure.gravatar.com\/avatar\/265b27cb2209af7bb3a1318f03305787d7981a5cc6e6cd08fe5a4ecdf99d4b48?s=96&d=mm&r=g\",\"contentUrl\":\"https:\/\/secure.gravatar.com\/avatar\/265b27cb2209af7bb3a1318f03305787d7981a5cc6e6cd08fe5a4ecdf99d4b48?s=96&d=mm&r=g\",\"caption\":\"Contenidos El Regional\"},\"url\":\"https:\/\/elregionalvm.com.ar\/noticias-villa-maria\/author\/contenido\/\"}]}<\/script>\n<!-- \/ Yoast SEO plugin. -->","yoast_head_json":{"title":"Estacionamiento medido y tarifado: la Municipalidad suma cinco bocas de expendio para el sistema prepago - El Regional","robots":{"index":"index","follow":"follow","max-snippet":"max-snippet:-1","max-image-preview":"max-image-preview:large","max-video-preview":"max-video-preview:-1"},"canonical":"https:\/\/elregionalvm.com.ar\/noticias-villa-maria\/estacionamiento-medido-y-tarifado-la-municipalidad-suma-cinco-bocas-de-expendio-para-el-sistema-prepago\/","og_locale":"es_ES","og_type":"article","og_title":"Estacionamiento medido y tarifado: la Municipalidad suma cinco bocas de expendio para el sistema prepago - El Regional","og_description":"A pocos d\u00edas del lanzamiento del Programa de Movilidad Urbana, se incorporan cinco espacios prepagos como alternativa a la APP Villa Mar\u00eda Ciudad para abonar el estacionamiento vehicular entre las calles Salta y San Luis, bulevar Espa\u00f1a &#8211; Alvear, y Rucci &#8211; Mariano Moreno. En ese sentido, los usuarios podr\u00e1n abonar presencialmente en la sede [&hellip;]","og_url":"https:\/\/elregionalvm.com.ar\/noticias-villa-maria\/estacionamiento-medido-y-tarifado-la-municipalidad-suma-cinco-bocas-de-expendio-para-el-sistema-prepago\/","og_site_name":"El Regional","article_publisher":"https:\/\/www.facebook.com\/elregionalvm","article_published_time":"2024-04-29T21:35:42+00:00","article_modified_time":"2024-04-29T21:35:44+00:00","og_image":[{"width":1200,"height":760,"url":"https:\/\/elregionalvm.com.ar\/noticias-villa-maria\/wp-content\/uploads\/2024\/03\/Autos-estacionados.jpg","type":"image\/jpeg"}],"author":"Contenidos El Regional","twitter_card":"summary_large_image","twitter_creator":"@elregionalvm1","twitter_site":"@elregionalvm1","twitter_misc":{"Escrito por":"Contenidos El Regional","Tiempo de lectura":"1 minuto"},"schema":{"@context":"https:\/\/schema.org","@graph":[{"@type":"Article","@id":"https:\/\/elregionalvm.com.ar\/noticias-villa-maria\/estacionamiento-medido-y-tarifado-la-municipalidad-suma-cinco-bocas-de-expendio-para-el-sistema-prepago\/#article","isPartOf":{"@id":"https:\/\/elregionalvm.com.ar\/noticias-villa-maria\/estacionamiento-medido-y-tarifado-la-municipalidad-suma-cinco-bocas-de-expendio-para-el-sistema-prepago\/"},"author":{"name":"Contenidos El Regional","@id":"http:\/\/elregionalvm.com.ar\/noticias-villa-maria\/#\/schema\/person\/a0fb9c422317faca23d50163151bc354"},"headline":"Estacionamiento medido y tarifado: la Municipalidad suma cinco bocas de expendio para el sistema prepago","datePublished":"2024-04-29T21:35:42+00:00","dateModified":"2024-04-29T21:35:44+00:00","mainEntityOfPage":{"@id":"https:\/\/elregionalvm.com.ar\/noticias-villa-maria\/estacionamiento-medido-y-tarifado-la-municipalidad-suma-cinco-bocas-de-expendio-para-el-sistema-prepago\/"},"wordCount":217,"commentCount":0,"image":{"@id":"https:\/\/elregionalvm.com.ar\/noticias-villa-maria\/estacionamiento-medido-y-tarifado-la-municipalidad-suma-cinco-bocas-de-expendio-para-el-sistema-prepago\/#primaryimage"},"thumbnailUrl":"https:\/\/i0.wp.com\/elregionalvm.com.ar\/noticias-villa-maria\/wp-content\/uploads\/2024\/03\/Autos-estacionados.jpg?fit=1200%2C760&ssl=1","articleSection":["destacado","Sociedad","Villa Mar\u00eda"],"inLanguage":"es","potentialAction":[{"@type":"CommentAction","name":"Comment","target":["https:\/\/elregionalvm.com.ar\/noticias-villa-maria\/estacionamiento-medido-y-tarifado-la-municipalidad-suma-cinco-bocas-de-expendio-para-el-sistema-prepago\/#respond"]}]},{"@type":"WebPage","@id":"https:\/\/elregionalvm.com.ar\/noticias-villa-maria\/estacionamiento-medido-y-tarifado-la-municipalidad-suma-cinco-bocas-de-expendio-para-el-sistema-prepago\/","url":"https:\/\/elregionalvm.com.ar\/noticias-villa-maria\/estacionamiento-medido-y-tarifado-la-municipalidad-suma-cinco-bocas-de-expendio-para-el-sistema-prepago\/","name":"Estacionamiento medido y tarifado: la Municipalidad suma cinco bocas de expendio para el sistema prepago - El Regional","isPartOf":{"@id":"http:\/\/elregionalvm.com.ar\/noticias-villa-maria\/#website"},"primaryImageOfPage":{"@id":"https:\/\/elregionalvm.com.ar\/noticias-villa-maria\/estacionamiento-medido-y-tarifado-la-municipalidad-suma-cinco-bocas-de-expendio-para-el-sistema-prepago\/#primaryimage"},"image":{"@id":"https:\/\/elregionalvm.com.ar\/noticias-villa-maria\/estacionamiento-medido-y-tarifado-la-municipalidad-suma-cinco-bocas-de-expendio-para-el-sistema-prepago\/#primaryimage"},"thumbnailUrl":"https:\/\/i0.wp.com\/elregionalvm.com.ar\/noticias-villa-maria\/wp-content\/uploads\/2024\/03\/Autos-estacionados.jpg?fit=1200%2C760&ssl=1","datePublished":"2024-04-29T21:35:42+00:00","dateModified":"2024-04-29T21:35:44+00:00","author":{"@id":"http:\/\/elregionalvm.com.ar\/noticias-villa-maria\/#\/schema\/person\/a0fb9c422317faca23d50163151bc354"},"breadcrumb":{"@id":"https:\/\/elregionalvm.com.ar\/noticias-villa-maria\/estacionamiento-medido-y-tarifado-la-municipalidad-suma-cinco-bocas-de-expendio-para-el-sistema-prepago\/#breadcrumb"},"inLanguage":"es","potentialAction":[{"@type":"ReadAction","target":["https:\/\/elregionalvm.com.ar\/noticias-villa-maria\/estacionamiento-medido-y-tarifado-la-municipalidad-suma-cinco-bocas-de-expendio-para-el-sistema-prepago\/"]}]},{"@type":"ImageObject","inLanguage":"es","@id":"https:\/\/elregionalvm.com.ar\/noticias-villa-maria\/estacionamiento-medido-y-tarifado-la-municipalidad-suma-cinco-bocas-de-expendio-para-el-sistema-prepago\/#primaryimage","url":"https:\/\/i0.wp.com\/elregionalvm.com.ar\/noticias-villa-maria\/wp-content\/uploads\/2024\/03\/Autos-estacionados.jpg?fit=1200%2C760&ssl=1","contentUrl":"https:\/\/i0.wp.com\/elregionalvm.com.ar\/noticias-villa-maria\/wp-content\/uploads\/2024\/03\/Autos-estacionados.jpg?fit=1200%2C760&ssl=1","width":1200,"height":760},{"@type":"BreadcrumbList","@id":"https:\/\/elregionalvm.com.ar\/noticias-villa-maria\/estacionamiento-medido-y-tarifado-la-municipalidad-suma-cinco-bocas-de-expendio-para-el-sistema-prepago\/#breadcrumb","itemListElement":[{"@type":"ListItem","position":1,"name":"Portada","item":"https:\/\/elregionalvm.com.ar\/noticias-villa-maria\/"},{"@type":"ListItem","position":2,"name":"Estacionamiento medido y tarifado: la Municipalidad suma cinco bocas de expendio para el sistema prepago"}]},{"@type":"WebSite","@id":"http:\/\/elregionalvm.com.ar\/noticias-villa-maria\/#website","url":"http:\/\/elregionalvm.com.ar\/noticias-villa-maria\/","name":"El Regional","description":"Mucho m\u00e1s que informaci\u00f3n","potentialAction":[{"@type":"SearchAction","target":{"@type":"EntryPoint","urlTemplate":"http:\/\/elregionalvm.com.ar\/noticias-villa-maria\/?s={search_term_string}"},"query-input":{"@type":"PropertyValueSpecification","valueRequired":true,"valueName":"search_term_string"}}],"inLanguage":"es"},{"@type":"Person","@id":"http:\/\/elregionalvm.com.ar\/noticias-villa-maria\/#\/schema\/person\/a0fb9c422317faca23d50163151bc354","name":"Contenidos El Regional","image":{"@type":"ImageObject","inLanguage":"es","@id":"http:\/\/elregionalvm.com.ar\/noticias-villa-maria\/#\/schema\/person\/image\/","url":"https:\/\/secure.gravatar.com\/avatar\/265b27cb2209af7bb3a1318f03305787d7981a5cc6e6cd08fe5a4ecdf99d4b48?s=96&d=mm&r=g","contentUrl":"https:\/\/secure.gravatar.com\/avatar\/265b27cb2209af7bb3a1318f03305787d7981a5cc6e6cd08fe5a4ecdf99d4b48?s=96&d=mm&r=g","caption":"Contenidos El Regional"},"url":"https:\/\/elregionalvm.com.ar\/noticias-villa-maria\/author\/contenido\/"}]}},"jetpack_featured_media_url":"https:\/\/i0.wp.com\/elregionalvm.com.ar\/noticias-villa-maria\/wp-content\/uploads\/2024\/03\/Autos-estacionados.jpg?fit=1200%2C760&ssl=1","jetpack_sharing_enabled":true,"_links":{"self":[{"href":"https:\/\/elregionalvm.com.ar\/noticias-villa-maria\/wp-json\/wp\/v2\/posts\/93198","targetHints":{"allow":["GET"]}}],"collection":[{"href":"https:\/\/elregionalvm.com.ar\/noticias-villa-maria\/wp-json\/wp\/v2\/posts"}],"about":[{"href":"https:\/\/elregionalvm.com.ar\/noticias-villa-maria\/wp-json\/wp\/v2\/types\/post"}],"author":[{"embeddable":true,"href":"https:\/\/elregionalvm.com.ar\/noticias-villa-maria\/wp-json\/wp\/v2\/users\/4"}],"replies":[{"embeddable":true,"href":"https:\/\/elregionalvm.com.ar\/noticias-villa-maria\/wp-json\/wp\/v2\/comments?post=93198"}],"version-history":[{"count":1,"href":"https:\/\/elregionalvm.com.ar\/noticias-villa-maria\/wp-json\/wp\/v2\/posts\/93198\/revisions"}],"predecessor-version":[{"id":93199,"href":"https:\/\/elregionalvm.com.ar\/noticias-villa-maria\/wp-json\/wp\/v2\/posts\/93198\/revisions\/93199"}],"wp:featuredmedia":[{"embeddable":true,"href":"https:\/\/elregionalvm.com.ar\/noticias-villa-maria\/wp-json\/wp\/v2\/media\/91796"}],"wp:attachment":[{"href":"https:\/\/elregionalvm.com.ar\/noticias-villa-maria\/wp-json\/wp\/v2\/media?parent=93198"}],"wp:term":[{"taxonomy":"category","embeddable":true,"href":"https:\/\/elregionalvm.com.ar\/noticias-villa-maria\/wp-json\/wp\/v2\/categories?post=93198"},{"taxonomy":"post_tag","embeddable":true,"href":"https:\/\/elregionalvm.com.ar\/noticias-villa-maria\/wp-json\/wp\/v2\/tags?post=93198"}],"curies":[{"name":"wp","href":"https:\/\/api.w.org\/{rel}","templated":true}]}}