{"id":93211,"date":"2024-04-29T21:46:26","date_gmt":"2024-04-29T21:46:26","guid":{"rendered":"https:\/\/elregionalvm.com.ar\/noticias-villa-maria\/?p=93211"},"modified":"2024-04-29T21:46:28","modified_gmt":"2024-04-29T21:46:28","slug":"fpa-secuestro-a-un-camion-que-trasladaba-23-millones-de-pesos-n-ruta-nacional-158","status":"publish","type":"post","link":"https:\/\/elregionalvm.com.ar\/noticias-villa-maria\/fpa-secuestro-a-un-camion-que-trasladaba-23-millones-de-pesos-n-ruta-nacional-158\/","title":{"rendered":"FPA secuestr\u00f3 a un cami\u00f3n que trasladaba 23 millones de pesos n Ruta Nacional 158"},"content":{"rendered":"\n<p><br>Tras un control preventivo desarrollado en Ruta Nacional 158 (Arroyo Algod\u00f3n), grupos operativos de la Fuerza Policial Antinarcotr\u00e1fico incautaron una importante cantidad de dinero.<\/p>\n\n\n\n<figure class=\"wp-block-image size-full\"><img data-recalc-dims=\"1\" fetchpriority=\"high\" decoding=\"async\" width=\"320\" height=\"180\" src=\"https:\/\/i0.wp.com\/elregionalvm.com.ar\/noticias-villa-maria\/wp-content\/uploads\/2024\/04\/WhatsApp-Image-2024-04-27-at-15.00.28-1-320x180-1.jpeg?resize=320%2C180&#038;ssl=1\" alt=\"\" class=\"wp-image-93213\" srcset=\"https:\/\/i0.wp.com\/elregionalvm.com.ar\/noticias-villa-maria\/wp-content\/uploads\/2024\/04\/WhatsApp-Image-2024-04-27-at-15.00.28-1-320x180-1.jpeg?w=320&amp;ssl=1 320w, https:\/\/i0.wp.com\/elregionalvm.com.ar\/noticias-villa-maria\/wp-content\/uploads\/2024\/04\/WhatsApp-Image-2024-04-27-at-15.00.28-1-320x180-1.jpeg?resize=300%2C169&amp;ssl=1 300w\" sizes=\"(max-width: 320px) 100vw, 320px\" \/><\/figure>\n\n\n\n<p>Un cami\u00f3n Scania, con tres tripulantes (uno se encontraba escondido) a bordo, fue registrado de manera exhaustiva por el personal de la FPA. El resultado, fue el secuestro de $ 23.000.000 y cheques.<\/p>\n\n\n\n<figure class=\"wp-block-image size-full\"><img data-recalc-dims=\"1\" fetchpriority=\"high\" decoding=\"async\" width=\"320\" height=\"180\" src=\"https:\/\/i0.wp.com\/elregionalvm.com.ar\/noticias-villa-maria\/wp-content\/uploads\/2024\/04\/WhatsApp-Image-2024-04-27-at-15.00.28-1-320x180-1.jpeg?resize=320%2C180&#038;ssl=1\" alt=\"\" class=\"wp-image-93213\" srcset=\"https:\/\/i0.wp.com\/elregionalvm.com.ar\/noticias-villa-maria\/wp-content\/uploads\/2024\/04\/WhatsApp-Image-2024-04-27-at-15.00.28-1-320x180-1.jpeg?w=320&amp;ssl=1 320w, https:\/\/i0.wp.com\/elregionalvm.com.ar\/noticias-villa-maria\/wp-content\/uploads\/2024\/04\/WhatsApp-Image-2024-04-27-at-15.00.28-1-320x180-1.jpeg?resize=300%2C169&amp;ssl=1 300w\" sizes=\"(max-width: 320px) 100vw, 320px\" \/><\/figure>\n\n\n\n<p>Para destacar, el conductor ten\u00eda 33 a\u00f1os y los dos acompa\u00f1antes 42 y 45. Todos oriundos de la ciudad en Las Varillas. Colabor\u00f3 Polic\u00eda de C\u00f3rdoba.<\/p>\n","protected":false},"excerpt":{"rendered":"<p>Tras un control preventivo desarrollado en Ruta Nacional 158 (Arroyo Algod\u00f3n), grupos operativos de la Fuerza Policial Antinarcotr\u00e1fico incautaron una importante cantidad de dinero. Un cami\u00f3n Scania, con tres tripulantes (uno se encontraba escondido) a bordo, fue registrado de manera exhaustiva por el personal de la FPA. El resultado, fue el secuestro de $ 23.000.000 [&hellip;]<\/p>\n","protected":false},"author":4,"featured_media":93214,"comment_status":"open","ping_status":"open","sticky":false,"template":"","format":"standard","meta":{"site-sidebar-layout":"default","site-content-layout":"","ast-site-content-layout":"default","site-content-style":"default","site-sidebar-style":"default","ast-global-header-display":"","ast-banner-title-visibility":"","ast-main-header-display":"","ast-hfb-above-header-display":"","ast-hfb-below-header-display":"","ast-hfb-mobile-header-display":"","site-post-title":"","ast-breadcrumbs-content":"","ast-featured-img":"","footer-sml-layout":"","ast-disable-related-posts":"","theme-transparent-header-meta":"","adv-header-id-meta":"","stick-header-meta":"","header-above-stick-meta":"","header-main-stick-meta":"","header-below-stick-meta":"","astra-migrate-meta-layouts":"set","ast-page-background-enabled":"default","ast-page-background-meta":{"desktop":{"background-color":"","background-image":"","background-repeat":"repeat","background-position":"center center","background-size":"auto","background-attachment":"scroll","background-type":"","background-media":"","overlay-type":"","overlay-color":"","overlay-opacity":"","overlay-gradient":""},"tablet":{"background-color":"","background-image":"","background-repeat":"repeat","background-position":"center center","background-size":"auto","background-attachment":"scroll","background-type":"","background-media":"","overlay-type":"","overlay-color":"","overlay-opacity":"","overlay-gradient":""},"mobile":{"background-color":"","background-image":"","background-repeat":"repeat","background-position":"center center","background-size":"auto","background-attachment":"scroll","background-type":"","background-media":"","overlay-type":"","overlay-color":"","overlay-opacity":"","overlay-gradient":""}},"ast-content-background-meta":{"desktop":{"background-color":"var(--ast-global-color-5)","background-image":"","background-repeat":"repeat","background-position":"center center","background-size":"auto","background-attachment":"scroll","background-type":"","background-media":"","overlay-type":"","overlay-color":"","overlay-opacity":"","overlay-gradient":""},"tablet":{"background-color":"var(--ast-global-color-5)","background-image":"","background-repeat":"repeat","background-position":"center center","background-size":"auto","background-attachment":"scroll","background-type":"","background-media":"","overlay-type":"","overlay-color":"","overlay-opacity":"","overlay-gradient":""},"mobile":{"background-color":"var(--ast-global-color-5)","background-image":"","background-repeat":"repeat","background-position":"center center","background-size":"auto","background-attachment":"scroll","background-type":"","background-media":"","overlay-type":"","overlay-color":"","overlay-opacity":"","overlay-gradient":""}},"_jetpack_memberships_contains_paid_content":false,"_joinchat":[],"footnotes":""},"categories":[15302,16095,5],"tags":[],"class_list":["post-93211","post","type-post","status-publish","format-standard","has-post-thumbnail","hentry","category-destacado","category-provinciales","category-sociedad"],"yoast_head":"<!-- This site is optimized with the Yoast SEO plugin v26.8 - https:\/\/yoast.com\/product\/yoast-seo-wordpress\/ -->\n<title>FPA secuestr\u00f3 a un cami\u00f3n que trasladaba 23 millones de pesos n Ruta Nacional 158 - El Regional<\/title>\n<meta name=\"robots\" content=\"index, follow, max-snippet:-1, max-image-preview:large, max-video-preview:-1\" \/>\n<link rel=\"canonical\" href=\"https:\/\/elregionalvm.com.ar\/noticias-villa-maria\/fpa-secuestro-a-un-camion-que-trasladaba-23-millones-de-pesos-n-ruta-nacional-158\/\" \/>\n<meta property=\"og:locale\" content=\"es_ES\" \/>\n<meta property=\"og:type\" content=\"article\" \/>\n<meta property=\"og:title\" content=\"FPA secuestr\u00f3 a un cami\u00f3n que trasladaba 23 millones de pesos n Ruta Nacional 158 - El Regional\" \/>\n<meta property=\"og:description\" content=\"Tras un control preventivo desarrollado en Ruta Nacional 158 (Arroyo Algod\u00f3n), grupos operativos de la Fuerza Policial Antinarcotr\u00e1fico incautaron una importante cantidad de dinero. Un cami\u00f3n Scania, con tres tripulantes (uno se encontraba escondido) a bordo, fue registrado de manera exhaustiva por el personal de la FPA. El resultado, fue el secuestro de $ 23.000.000 [&hellip;]\" \/>\n<meta property=\"og:url\" content=\"https:\/\/elregionalvm.com.ar\/noticias-villa-maria\/fpa-secuestro-a-un-camion-que-trasladaba-23-millones-de-pesos-n-ruta-nacional-158\/\" \/>\n<meta property=\"og:site_name\" content=\"El Regional\" \/>\n<meta property=\"article:publisher\" content=\"https:\/\/www.facebook.com\/elregionalvm\" \/>\n<meta property=\"article:published_time\" content=\"2024-04-29T21:46:26+00:00\" \/>\n<meta property=\"article:modified_time\" content=\"2024-04-29T21:46:28+00:00\" \/>\n<meta property=\"og:image\" content=\"https:\/\/elregionalvm.com.ar\/noticias-villa-maria\/wp-content\/uploads\/2024\/04\/WhatsApp-Image-2024-04-27-at-14.41.25-320x180-1.jpeg\" \/>\n\t<meta property=\"og:image:width\" content=\"320\" \/>\n\t<meta property=\"og:image:height\" content=\"180\" \/>\n\t<meta property=\"og:image:type\" content=\"image\/jpeg\" \/>\n<meta name=\"author\" content=\"Contenidos El Regional\" \/>\n<meta name=\"twitter:card\" content=\"summary_large_image\" \/>\n<meta name=\"twitter:creator\" content=\"@elregionalvm1\" \/>\n<meta name=\"twitter:site\" content=\"@elregionalvm1\" \/>\n<meta name=\"twitter:label1\" content=\"Escrito por\" \/>\n\t<meta name=\"twitter:data1\" content=\"Contenidos El Regional\" \/>\n\t<meta name=\"twitter:label2\" content=\"Tiempo de lectura\" \/>\n\t<meta name=\"twitter:data2\" content=\"1 minuto\" \/>\n<script type=\"application\/ld+json\" class=\"yoast-schema-graph\">{\"@context\":\"https:\/\/schema.org\",\"@graph\":[{\"@type\":\"Article\",\"@id\":\"https:\/\/elregionalvm.com.ar\/noticias-villa-maria\/fpa-secuestro-a-un-camion-que-trasladaba-23-millones-de-pesos-n-ruta-nacional-158\/#article\",\"isPartOf\":{\"@id\":\"https:\/\/elregionalvm.com.ar\/noticias-villa-maria\/fpa-secuestro-a-un-camion-que-trasladaba-23-millones-de-pesos-n-ruta-nacional-158\/\"},\"author\":{\"name\":\"Contenidos El Regional\",\"@id\":\"http:\/\/elregionalvm.com.ar\/noticias-villa-maria\/#\/schema\/person\/a0fb9c422317faca23d50163151bc354\"},\"headline\":\"FPA secuestr\u00f3 a un cami\u00f3n que trasladaba 23 millones de pesos n Ruta Nacional 158\",\"datePublished\":\"2024-04-29T21:46:26+00:00\",\"dateModified\":\"2024-04-29T21:46:28+00:00\",\"mainEntityOfPage\":{\"@id\":\"https:\/\/elregionalvm.com.ar\/noticias-villa-maria\/fpa-secuestro-a-un-camion-que-trasladaba-23-millones-de-pesos-n-ruta-nacional-158\/\"},\"wordCount\":99,\"commentCount\":0,\"image\":{\"@id\":\"https:\/\/elregionalvm.com.ar\/noticias-villa-maria\/fpa-secuestro-a-un-camion-que-trasladaba-23-millones-de-pesos-n-ruta-nacional-158\/#primaryimage\"},\"thumbnailUrl\":\"https:\/\/i0.wp.com\/elregionalvm.com.ar\/noticias-villa-maria\/wp-content\/uploads\/2024\/04\/WhatsApp-Image-2024-04-27-at-14.41.25-320x180-1.jpeg?fit=320%2C180&ssl=1\",\"articleSection\":[\"destacado\",\"Provinciales\",\"Sociedad\"],\"inLanguage\":\"es\",\"potentialAction\":[{\"@type\":\"CommentAction\",\"name\":\"Comment\",\"target\":[\"https:\/\/elregionalvm.com.ar\/noticias-villa-maria\/fpa-secuestro-a-un-camion-que-trasladaba-23-millones-de-pesos-n-ruta-nacional-158\/#respond\"]}]},{\"@type\":\"WebPage\",\"@id\":\"https:\/\/elregionalvm.com.ar\/noticias-villa-maria\/fpa-secuestro-a-un-camion-que-trasladaba-23-millones-de-pesos-n-ruta-nacional-158\/\",\"url\":\"https:\/\/elregionalvm.com.ar\/noticias-villa-maria\/fpa-secuestro-a-un-camion-que-trasladaba-23-millones-de-pesos-n-ruta-nacional-158\/\",\"name\":\"FPA secuestr\u00f3 a un cami\u00f3n que trasladaba 23 millones de pesos n Ruta Nacional 158 - El Regional\",\"isPartOf\":{\"@id\":\"http:\/\/elregionalvm.com.ar\/noticias-villa-maria\/#website\"},\"primaryImageOfPage\":{\"@id\":\"https:\/\/elregionalvm.com.ar\/noticias-villa-maria\/fpa-secuestro-a-un-camion-que-trasladaba-23-millones-de-pesos-n-ruta-nacional-158\/#primaryimage\"},\"image\":{\"@id\":\"https:\/\/elregionalvm.com.ar\/noticias-villa-maria\/fpa-secuestro-a-un-camion-que-trasladaba-23-millones-de-pesos-n-ruta-nacional-158\/#primaryimage\"},\"thumbnailUrl\":\"https:\/\/i0.wp.com\/elregionalvm.com.ar\/noticias-villa-maria\/wp-content\/uploads\/2024\/04\/WhatsApp-Image-2024-04-27-at-14.41.25-320x180-1.jpeg?fit=320%2C180&ssl=1\",\"datePublished\":\"2024-04-29T21:46:26+00:00\",\"dateModified\":\"2024-04-29T21:46:28+00:00\",\"author\":{\"@id\":\"http:\/\/elregionalvm.com.ar\/noticias-villa-maria\/#\/schema\/person\/a0fb9c422317faca23d50163151bc354\"},\"breadcrumb\":{\"@id\":\"https:\/\/elregionalvm.com.ar\/noticias-villa-maria\/fpa-secuestro-a-un-camion-que-trasladaba-23-millones-de-pesos-n-ruta-nacional-158\/#breadcrumb\"},\"inLanguage\":\"es\",\"potentialAction\":[{\"@type\":\"ReadAction\",\"target\":[\"https:\/\/elregionalvm.com.ar\/noticias-villa-maria\/fpa-secuestro-a-un-camion-que-trasladaba-23-millones-de-pesos-n-ruta-nacional-158\/\"]}]},{\"@type\":\"ImageObject\",\"inLanguage\":\"es\",\"@id\":\"https:\/\/elregionalvm.com.ar\/noticias-villa-maria\/fpa-secuestro-a-un-camion-que-trasladaba-23-millones-de-pesos-n-ruta-nacional-158\/#primaryimage\",\"url\":\"https:\/\/i0.wp.com\/elregionalvm.com.ar\/noticias-villa-maria\/wp-content\/uploads\/2024\/04\/WhatsApp-Image-2024-04-27-at-14.41.25-320x180-1.jpeg?fit=320%2C180&ssl=1\",\"contentUrl\":\"https:\/\/i0.wp.com\/elregionalvm.com.ar\/noticias-villa-maria\/wp-content\/uploads\/2024\/04\/WhatsApp-Image-2024-04-27-at-14.41.25-320x180-1.jpeg?fit=320%2C180&ssl=1\",\"width\":320,\"height\":180},{\"@type\":\"BreadcrumbList\",\"@id\":\"https:\/\/elregionalvm.com.ar\/noticias-villa-maria\/fpa-secuestro-a-un-camion-que-trasladaba-23-millones-de-pesos-n-ruta-nacional-158\/#breadcrumb\",\"itemListElement\":[{\"@type\":\"ListItem\",\"position\":1,\"name\":\"Portada\",\"item\":\"https:\/\/elregionalvm.com.ar\/noticias-villa-maria\/\"},{\"@type\":\"ListItem\",\"position\":2,\"name\":\"FPA secuestr\u00f3 a un cami\u00f3n que trasladaba 23 millones de pesos n Ruta Nacional 158\"}]},{\"@type\":\"WebSite\",\"@id\":\"http:\/\/elregionalvm.com.ar\/noticias-villa-maria\/#website\",\"url\":\"http:\/\/elregionalvm.com.ar\/noticias-villa-maria\/\",\"name\":\"El Regional\",\"description\":\"Mucho m\u00e1s que informaci\u00f3n\",\"potentialAction\":[{\"@type\":\"SearchAction\",\"target\":{\"@type\":\"EntryPoint\",\"urlTemplate\":\"http:\/\/elregionalvm.com.ar\/noticias-villa-maria\/?s={search_term_string}\"},\"query-input\":{\"@type\":\"PropertyValueSpecification\",\"valueRequired\":true,\"valueName\":\"search_term_string\"}}],\"inLanguage\":\"es\"},{\"@type\":\"Person\",\"@id\":\"http:\/\/elregionalvm.com.ar\/noticias-villa-maria\/#\/schema\/person\/a0fb9c422317faca23d50163151bc354\",\"name\":\"Contenidos El Regional\",\"image\":{\"@type\":\"ImageObject\",\"inLanguage\":\"es\",\"@id\":\"http:\/\/elregionalvm.com.ar\/noticias-villa-maria\/#\/schema\/person\/image\/\",\"url\":\"https:\/\/secure.gravatar.com\/avatar\/265b27cb2209af7bb3a1318f03305787d7981a5cc6e6cd08fe5a4ecdf99d4b48?s=96&d=mm&r=g\",\"contentUrl\":\"https:\/\/secure.gravatar.com\/avatar\/265b27cb2209af7bb3a1318f03305787d7981a5cc6e6cd08fe5a4ecdf99d4b48?s=96&d=mm&r=g\",\"caption\":\"Contenidos El Regional\"},\"url\":\"https:\/\/elregionalvm.com.ar\/noticias-villa-maria\/author\/contenido\/\"}]}<\/script>\n<!-- \/ Yoast SEO plugin. -->","yoast_head_json":{"title":"FPA secuestr\u00f3 a un cami\u00f3n que trasladaba 23 millones de pesos n Ruta Nacional 158 - El Regional","robots":{"index":"index","follow":"follow","max-snippet":"max-snippet:-1","max-image-preview":"max-image-preview:large","max-video-preview":"max-video-preview:-1"},"canonical":"https:\/\/elregionalvm.com.ar\/noticias-villa-maria\/fpa-secuestro-a-un-camion-que-trasladaba-23-millones-de-pesos-n-ruta-nacional-158\/","og_locale":"es_ES","og_type":"article","og_title":"FPA secuestr\u00f3 a un cami\u00f3n que trasladaba 23 millones de pesos n Ruta Nacional 158 - El Regional","og_description":"Tras un control preventivo desarrollado en Ruta Nacional 158 (Arroyo Algod\u00f3n), grupos operativos de la Fuerza Policial Antinarcotr\u00e1fico incautaron una importante cantidad de dinero. Un cami\u00f3n Scania, con tres tripulantes (uno se encontraba escondido) a bordo, fue registrado de manera exhaustiva por el personal de la FPA. El resultado, fue el secuestro de $ 23.000.000 [&hellip;]","og_url":"https:\/\/elregionalvm.com.ar\/noticias-villa-maria\/fpa-secuestro-a-un-camion-que-trasladaba-23-millones-de-pesos-n-ruta-nacional-158\/","og_site_name":"El Regional","article_publisher":"https:\/\/www.facebook.com\/elregionalvm","article_published_time":"2024-04-29T21:46:26+00:00","article_modified_time":"2024-04-29T21:46:28+00:00","og_image":[{"width":320,"height":180,"url":"https:\/\/elregionalvm.com.ar\/noticias-villa-maria\/wp-content\/uploads\/2024\/04\/WhatsApp-Image-2024-04-27-at-14.41.25-320x180-1.jpeg","type":"image\/jpeg"}],"author":"Contenidos El Regional","twitter_card":"summary_large_image","twitter_creator":"@elregionalvm1","twitter_site":"@elregionalvm1","twitter_misc":{"Escrito por":"Contenidos El Regional","Tiempo de lectura":"1 minuto"},"schema":{"@context":"https:\/\/schema.org","@graph":[{"@type":"Article","@id":"https:\/\/elregionalvm.com.ar\/noticias-villa-maria\/fpa-secuestro-a-un-camion-que-trasladaba-23-millones-de-pesos-n-ruta-nacional-158\/#article","isPartOf":{"@id":"https:\/\/elregionalvm.com.ar\/noticias-villa-maria\/fpa-secuestro-a-un-camion-que-trasladaba-23-millones-de-pesos-n-ruta-nacional-158\/"},"author":{"name":"Contenidos El Regional","@id":"http:\/\/elregionalvm.com.ar\/noticias-villa-maria\/#\/schema\/person\/a0fb9c422317faca23d50163151bc354"},"headline":"FPA secuestr\u00f3 a un cami\u00f3n que trasladaba 23 millones de pesos n Ruta Nacional 158","datePublished":"2024-04-29T21:46:26+00:00","dateModified":"2024-04-29T21:46:28+00:00","mainEntityOfPage":{"@id":"https:\/\/elregionalvm.com.ar\/noticias-villa-maria\/fpa-secuestro-a-un-camion-que-trasladaba-23-millones-de-pesos-n-ruta-nacional-158\/"},"wordCount":99,"commentCount":0,"image":{"@id":"https:\/\/elregionalvm.com.ar\/noticias-villa-maria\/fpa-secuestro-a-un-camion-que-trasladaba-23-millones-de-pesos-n-ruta-nacional-158\/#primaryimage"},"thumbnailUrl":"https:\/\/i0.wp.com\/elregionalvm.com.ar\/noticias-villa-maria\/wp-content\/uploads\/2024\/04\/WhatsApp-Image-2024-04-27-at-14.41.25-320x180-1.jpeg?fit=320%2C180&ssl=1","articleSection":["destacado","Provinciales","Sociedad"],"inLanguage":"es","potentialAction":[{"@type":"CommentAction","name":"Comment","target":["https:\/\/elregionalvm.com.ar\/noticias-villa-maria\/fpa-secuestro-a-un-camion-que-trasladaba-23-millones-de-pesos-n-ruta-nacional-158\/#respond"]}]},{"@type":"WebPage","@id":"https:\/\/elregionalvm.com.ar\/noticias-villa-maria\/fpa-secuestro-a-un-camion-que-trasladaba-23-millones-de-pesos-n-ruta-nacional-158\/","url":"https:\/\/elregionalvm.com.ar\/noticias-villa-maria\/fpa-secuestro-a-un-camion-que-trasladaba-23-millones-de-pesos-n-ruta-nacional-158\/","name":"FPA secuestr\u00f3 a un cami\u00f3n que trasladaba 23 millones de pesos n Ruta Nacional 158 - El Regional","isPartOf":{"@id":"http:\/\/elregionalvm.com.ar\/noticias-villa-maria\/#website"},"primaryImageOfPage":{"@id":"https:\/\/elregionalvm.com.ar\/noticias-villa-maria\/fpa-secuestro-a-un-camion-que-trasladaba-23-millones-de-pesos-n-ruta-nacional-158\/#primaryimage"},"image":{"@id":"https:\/\/elregionalvm.com.ar\/noticias-villa-maria\/fpa-secuestro-a-un-camion-que-trasladaba-23-millones-de-pesos-n-ruta-nacional-158\/#primaryimage"},"thumbnailUrl":"https:\/\/i0.wp.com\/elregionalvm.com.ar\/noticias-villa-maria\/wp-content\/uploads\/2024\/04\/WhatsApp-Image-2024-04-27-at-14.41.25-320x180-1.jpeg?fit=320%2C180&ssl=1","datePublished":"2024-04-29T21:46:26+00:00","dateModified":"2024-04-29T21:46:28+00:00","author":{"@id":"http:\/\/elregionalvm.com.ar\/noticias-villa-maria\/#\/schema\/person\/a0fb9c422317faca23d50163151bc354"},"breadcrumb":{"@id":"https:\/\/elregionalvm.com.ar\/noticias-villa-maria\/fpa-secuestro-a-un-camion-que-trasladaba-23-millones-de-pesos-n-ruta-nacional-158\/#breadcrumb"},"inLanguage":"es","potentialAction":[{"@type":"ReadAction","target":["https:\/\/elregionalvm.com.ar\/noticias-villa-maria\/fpa-secuestro-a-un-camion-que-trasladaba-23-millones-de-pesos-n-ruta-nacional-158\/"]}]},{"@type":"ImageObject","inLanguage":"es","@id":"https:\/\/elregionalvm.com.ar\/noticias-villa-maria\/fpa-secuestro-a-un-camion-que-trasladaba-23-millones-de-pesos-n-ruta-nacional-158\/#primaryimage","url":"https:\/\/i0.wp.com\/elregionalvm.com.ar\/noticias-villa-maria\/wp-content\/uploads\/2024\/04\/WhatsApp-Image-2024-04-27-at-14.41.25-320x180-1.jpeg?fit=320%2C180&ssl=1","contentUrl":"https:\/\/i0.wp.com\/elregionalvm.com.ar\/noticias-villa-maria\/wp-content\/uploads\/2024\/04\/WhatsApp-Image-2024-04-27-at-14.41.25-320x180-1.jpeg?fit=320%2C180&ssl=1","width":320,"height":180},{"@type":"BreadcrumbList","@id":"https:\/\/elregionalvm.com.ar\/noticias-villa-maria\/fpa-secuestro-a-un-camion-que-trasladaba-23-millones-de-pesos-n-ruta-nacional-158\/#breadcrumb","itemListElement":[{"@type":"ListItem","position":1,"name":"Portada","item":"https:\/\/elregionalvm.com.ar\/noticias-villa-maria\/"},{"@type":"ListItem","position":2,"name":"FPA secuestr\u00f3 a un cami\u00f3n que trasladaba 23 millones de pesos n Ruta Nacional 158"}]},{"@type":"WebSite","@id":"http:\/\/elregionalvm.com.ar\/noticias-villa-maria\/#website","url":"http:\/\/elregionalvm.com.ar\/noticias-villa-maria\/","name":"El Regional","description":"Mucho m\u00e1s que informaci\u00f3n","potentialAction":[{"@type":"SearchAction","target":{"@type":"EntryPoint","urlTemplate":"http:\/\/elregionalvm.com.ar\/noticias-villa-maria\/?s={search_term_string}"},"query-input":{"@type":"PropertyValueSpecification","valueRequired":true,"valueName":"search_term_string"}}],"inLanguage":"es"},{"@type":"Person","@id":"http:\/\/elregionalvm.com.ar\/noticias-villa-maria\/#\/schema\/person\/a0fb9c422317faca23d50163151bc354","name":"Contenidos El Regional","image":{"@type":"ImageObject","inLanguage":"es","@id":"http:\/\/elregionalvm.com.ar\/noticias-villa-maria\/#\/schema\/person\/image\/","url":"https:\/\/secure.gravatar.com\/avatar\/265b27cb2209af7bb3a1318f03305787d7981a5cc6e6cd08fe5a4ecdf99d4b48?s=96&d=mm&r=g","contentUrl":"https:\/\/secure.gravatar.com\/avatar\/265b27cb2209af7bb3a1318f03305787d7981a5cc6e6cd08fe5a4ecdf99d4b48?s=96&d=mm&r=g","caption":"Contenidos El Regional"},"url":"https:\/\/elregionalvm.com.ar\/noticias-villa-maria\/author\/contenido\/"}]}},"jetpack_featured_media_url":"https:\/\/i0.wp.com\/elregionalvm.com.ar\/noticias-villa-maria\/wp-content\/uploads\/2024\/04\/WhatsApp-Image-2024-04-27-at-14.41.25-320x180-1.jpeg?fit=320%2C180&ssl=1","jetpack_sharing_enabled":true,"_links":{"self":[{"href":"https:\/\/elregionalvm.com.ar\/noticias-villa-maria\/wp-json\/wp\/v2\/posts\/93211","targetHints":{"allow":["GET"]}}],"collection":[{"href":"https:\/\/elregionalvm.com.ar\/noticias-villa-maria\/wp-json\/wp\/v2\/posts"}],"about":[{"href":"https:\/\/elregionalvm.com.ar\/noticias-villa-maria\/wp-json\/wp\/v2\/types\/post"}],"author":[{"embeddable":true,"href":"https:\/\/elregionalvm.com.ar\/noticias-villa-maria\/wp-json\/wp\/v2\/users\/4"}],"replies":[{"embeddable":true,"href":"https:\/\/elregionalvm.com.ar\/noticias-villa-maria\/wp-json\/wp\/v2\/comments?post=93211"}],"version-history":[{"count":1,"href":"https:\/\/elregionalvm.com.ar\/noticias-villa-maria\/wp-json\/wp\/v2\/posts\/93211\/revisions"}],"predecessor-version":[{"id":93215,"href":"https:\/\/elregionalvm.com.ar\/noticias-villa-maria\/wp-json\/wp\/v2\/posts\/93211\/revisions\/93215"}],"wp:featuredmedia":[{"embeddable":true,"href":"https:\/\/elregionalvm.com.ar\/noticias-villa-maria\/wp-json\/wp\/v2\/media\/93214"}],"wp:attachment":[{"href":"https:\/\/elregionalvm.com.ar\/noticias-villa-maria\/wp-json\/wp\/v2\/media?parent=93211"}],"wp:term":[{"taxonomy":"category","embeddable":true,"href":"https:\/\/elregionalvm.com.ar\/noticias-villa-maria\/wp-json\/wp\/v2\/categories?post=93211"},{"taxonomy":"post_tag","embeddable":true,"href":"https:\/\/elregionalvm.com.ar\/noticias-villa-maria\/wp-json\/wp\/v2\/tags?post=93211"}],"curies":[{"name":"wp","href":"https:\/\/api.w.org\/{rel}","templated":true}]}}