{"id":93355,"date":"2024-05-03T22:10:01","date_gmt":"2024-05-03T22:10:01","guid":{"rendered":"https:\/\/elregionalvm.com.ar\/noticias-villa-maria\/?p=93355"},"modified":"2024-05-03T22:10:02","modified_gmt":"2024-05-03T22:10:02","slug":"ya-son-18-las-instituciones-que-trabajan-para-normalizar-su-situacion-a-traves-del-programa-perteneser","status":"publish","type":"post","link":"https:\/\/elregionalvm.com.ar\/noticias-villa-maria\/ya-son-18-las-instituciones-que-trabajan-para-normalizar-su-situacion-a-traves-del-programa-perteneser\/","title":{"rendered":"Ya son 18 las instituciones que trabajan para normalizar su situaci\u00f3n a trav\u00e9s del Programa PerteneSER"},"content":{"rendered":"\n<p>En el marco del programa PerteneSer, 18 instituciones de la ciudad se encuentran en proceso de normalizar su situaci\u00f3n jur\u00eddica.<\/p>\n\n\n\n<p>Adem\u00e1s, 11 entidades ya se constituyeron oficialmente a trav\u00e9s de esta iniciativa que no signific\u00f3 erogaciones para las entidades civiles o fundaciones, salvo la tasa determinada por el colegio de Ciencias Econ\u00f3micas.<\/p>\n\n\n\n<p>Nueva instituci\u00f3n<\/p>\n\n\n\n<p>En el marco del programa municipal, el Club Deportivo Las Playas se constituy\u00f3 como entidad formal, contando entre sus autoridades a Marcos Rimoldi (Presidente), Marina Gabetta (Secretaria) y Vanesa sosa (Tesorera).<\/p>\n\n\n\n<p>Adem\u00e1s, asumieron las nuevas autoridades en los clubes Roque S\u00e1enz Pe\u00f1a (Ivon Maldonado) y Ateneo Familiar (Sergio Bustamante), mientras que Roque Pinto continuar\u00e1 un per\u00edodo m\u00e1s al frente del Baby Futbol Industrial.<\/p>\n\n\n\n<p>Nuevas entidades oficiales<\/p>\n\n\n\n<p>En tal sentido, se establecieron formalmente A.M.A.S. Asociaci\u00f3n Civil, Escuela de Boxeo Eva Per\u00f3n, Los Adoradores Asociaci\u00f3n Civil, baby Deportivo Las Playas, Club Atl\u00e9tico River Plate del Algarrobo, Centro Vecinal Pinar de las Tejas, Club Ateneo Familiar, Baby F\u00fatbol Barrio Industrial, Avisdown Asociaci\u00f3n Civil, Baby F\u00fatbol Roque S\u00e1enz Pe\u00f1a y Asociaci\u00f3n Voley del Sudeste Cordob\u00e9s.<\/p>\n\n\n\n<p>Al respecto, el secretario de Gobierno, Cultura y Relaciones Institucionales, Marcos Bovo, se\u00f1al\u00f3: \u201cdesde el Programa PerteneSER, impulsado por el Municipio, seguimos apoyando y acompa\u00f1ando a instituciones de la ciudad para que puedan obtener su personer\u00eda jur\u00eddica y mantengan la documentaci\u00f3n al d\u00eda ante la IPJ\u201d.<\/p>\n\n\n\n<p>Cabe se\u00f1alar que el citado programa es impulsado desde la Direcci\u00f3n de Relaciones Institucionales a cargo de Noelia Macagno, dependiente de la Secretar\u00eda de Gobierno, Cultura y Relaciones Institucionales.<\/p>\n","protected":false},"excerpt":{"rendered":"<p>En el marco del programa PerteneSer, 18 instituciones de la ciudad se encuentran en proceso de normalizar su situaci\u00f3n jur\u00eddica. Adem\u00e1s, 11 entidades ya se constituyeron oficialmente a trav\u00e9s de esta iniciativa que no signific\u00f3 erogaciones para las entidades civiles o fundaciones, salvo la tasa determinada por el colegio de Ciencias Econ\u00f3micas. Nueva instituci\u00f3n En [&hellip;]<\/p>\n","protected":false},"author":4,"featured_media":93357,"comment_status":"open","ping_status":"open","sticky":false,"template":"","format":"standard","meta":{"site-sidebar-layout":"default","site-content-layout":"","ast-site-content-layout":"default","site-content-style":"default","site-sidebar-style":"default","ast-global-header-display":"","ast-banner-title-visibility":"","ast-main-header-display":"","ast-hfb-above-header-display":"","ast-hfb-below-header-display":"","ast-hfb-mobile-header-display":"","site-post-title":"","ast-breadcrumbs-content":"","ast-featured-img":"","footer-sml-layout":"","ast-disable-related-posts":"","theme-transparent-header-meta":"","adv-header-id-meta":"","stick-header-meta":"","header-above-stick-meta":"","header-main-stick-meta":"","header-below-stick-meta":"","astra-migrate-meta-layouts":"set","ast-page-background-enabled":"default","ast-page-background-meta":{"desktop":{"background-color":"","background-image":"","background-repeat":"repeat","background-position":"center center","background-size":"auto","background-attachment":"scroll","background-type":"","background-media":"","overlay-type":"","overlay-color":"","overlay-opacity":"","overlay-gradient":""},"tablet":{"background-color":"","background-image":"","background-repeat":"repeat","background-position":"center center","background-size":"auto","background-attachment":"scroll","background-type":"","background-media":"","overlay-type":"","overlay-color":"","overlay-opacity":"","overlay-gradient":""},"mobile":{"background-color":"","background-image":"","background-repeat":"repeat","background-position":"center center","background-size":"auto","background-attachment":"scroll","background-type":"","background-media":"","overlay-type":"","overlay-color":"","overlay-opacity":"","overlay-gradient":""}},"ast-content-background-meta":{"desktop":{"background-color":"var(--ast-global-color-5)","background-image":"","background-repeat":"repeat","background-position":"center center","background-size":"auto","background-attachment":"scroll","background-type":"","background-media":"","overlay-type":"","overlay-color":"","overlay-opacity":"","overlay-gradient":""},"tablet":{"background-color":"var(--ast-global-color-5)","background-image":"","background-repeat":"repeat","background-position":"center center","background-size":"auto","background-attachment":"scroll","background-type":"","background-media":"","overlay-type":"","overlay-color":"","overlay-opacity":"","overlay-gradient":""},"mobile":{"background-color":"var(--ast-global-color-5)","background-image":"","background-repeat":"repeat","background-position":"center center","background-size":"auto","background-attachment":"scroll","background-type":"","background-media":"","overlay-type":"","overlay-color":"","overlay-opacity":"","overlay-gradient":""}},"_jetpack_memberships_contains_paid_content":false,"_joinchat":[],"footnotes":""},"categories":[15302,5,2],"tags":[],"class_list":["post-93355","post","type-post","status-publish","format-standard","has-post-thumbnail","hentry","category-destacado","category-sociedad","category-villa-maria"],"yoast_head":"<!-- This site is optimized with the Yoast SEO plugin v26.8 - https:\/\/yoast.com\/product\/yoast-seo-wordpress\/ -->\n<title>Ya son 18 las instituciones que trabajan para normalizar su situaci\u00f3n a trav\u00e9s del Programa PerteneSER - El Regional<\/title>\n<meta name=\"robots\" content=\"index, follow, max-snippet:-1, max-image-preview:large, max-video-preview:-1\" \/>\n<link rel=\"canonical\" href=\"https:\/\/elregionalvm.com.ar\/noticias-villa-maria\/ya-son-18-las-instituciones-que-trabajan-para-normalizar-su-situacion-a-traves-del-programa-perteneser\/\" \/>\n<meta property=\"og:locale\" content=\"es_ES\" \/>\n<meta property=\"og:type\" content=\"article\" \/>\n<meta property=\"og:title\" content=\"Ya son 18 las instituciones que trabajan para normalizar su situaci\u00f3n a trav\u00e9s del Programa PerteneSER - El Regional\" \/>\n<meta property=\"og:description\" content=\"En el marco del programa PerteneSer, 18 instituciones de la ciudad se encuentran en proceso de normalizar su situaci\u00f3n jur\u00eddica. Adem\u00e1s, 11 entidades ya se constituyeron oficialmente a trav\u00e9s de esta iniciativa que no signific\u00f3 erogaciones para las entidades civiles o fundaciones, salvo la tasa determinada por el colegio de Ciencias Econ\u00f3micas. Nueva instituci\u00f3n En [&hellip;]\" \/>\n<meta property=\"og:url\" content=\"https:\/\/elregionalvm.com.ar\/noticias-villa-maria\/ya-son-18-las-instituciones-que-trabajan-para-normalizar-su-situacion-a-traves-del-programa-perteneser\/\" \/>\n<meta property=\"og:site_name\" content=\"El Regional\" \/>\n<meta property=\"article:publisher\" content=\"https:\/\/www.facebook.com\/elregionalvm\" \/>\n<meta property=\"article:published_time\" content=\"2024-05-03T22:10:01+00:00\" \/>\n<meta property=\"article:modified_time\" content=\"2024-05-03T22:10:02+00:00\" \/>\n<meta property=\"og:image\" content=\"https:\/\/elregionalvm.com.ar\/noticias-villa-maria\/wp-content\/uploads\/2024\/05\/WhatsApp-Image-2024-05-03-at-8.56.49-AM-scaled.jpeg\" \/>\n\t<meta property=\"og:image:width\" content=\"2560\" \/>\n\t<meta property=\"og:image:height\" content=\"1706\" \/>\n\t<meta property=\"og:image:type\" content=\"image\/jpeg\" \/>\n<meta name=\"author\" content=\"Contenidos El Regional\" \/>\n<meta name=\"twitter:card\" content=\"summary_large_image\" \/>\n<meta name=\"twitter:creator\" content=\"@elregionalvm1\" \/>\n<meta name=\"twitter:site\" content=\"@elregionalvm1\" \/>\n<meta name=\"twitter:label1\" content=\"Escrito por\" \/>\n\t<meta name=\"twitter:data1\" content=\"Contenidos El Regional\" \/>\n\t<meta name=\"twitter:label2\" content=\"Tiempo de lectura\" \/>\n\t<meta name=\"twitter:data2\" content=\"2 minutos\" \/>\n<script type=\"application\/ld+json\" class=\"yoast-schema-graph\">{\"@context\":\"https:\/\/schema.org\",\"@graph\":[{\"@type\":\"Article\",\"@id\":\"https:\/\/elregionalvm.com.ar\/noticias-villa-maria\/ya-son-18-las-instituciones-que-trabajan-para-normalizar-su-situacion-a-traves-del-programa-perteneser\/#article\",\"isPartOf\":{\"@id\":\"https:\/\/elregionalvm.com.ar\/noticias-villa-maria\/ya-son-18-las-instituciones-que-trabajan-para-normalizar-su-situacion-a-traves-del-programa-perteneser\/\"},\"author\":{\"name\":\"Contenidos El Regional\",\"@id\":\"http:\/\/elregionalvm.com.ar\/noticias-villa-maria\/#\/schema\/person\/a0fb9c422317faca23d50163151bc354\"},\"headline\":\"Ya son 18 las instituciones que trabajan para normalizar su situaci\u00f3n a trav\u00e9s del Programa PerteneSER\",\"datePublished\":\"2024-05-03T22:10:01+00:00\",\"dateModified\":\"2024-05-03T22:10:02+00:00\",\"mainEntityOfPage\":{\"@id\":\"https:\/\/elregionalvm.com.ar\/noticias-villa-maria\/ya-son-18-las-instituciones-que-trabajan-para-normalizar-su-situacion-a-traves-del-programa-perteneser\/\"},\"wordCount\":299,\"commentCount\":0,\"image\":{\"@id\":\"https:\/\/elregionalvm.com.ar\/noticias-villa-maria\/ya-son-18-las-instituciones-que-trabajan-para-normalizar-su-situacion-a-traves-del-programa-perteneser\/#primaryimage\"},\"thumbnailUrl\":\"https:\/\/i0.wp.com\/elregionalvm.com.ar\/noticias-villa-maria\/wp-content\/uploads\/2024\/05\/WhatsApp-Image-2024-05-03-at-8.56.49-AM-scaled.jpeg?fit=2560%2C1706&ssl=1\",\"articleSection\":[\"destacado\",\"Sociedad\",\"Villa Mar\u00eda\"],\"inLanguage\":\"es\",\"potentialAction\":[{\"@type\":\"CommentAction\",\"name\":\"Comment\",\"target\":[\"https:\/\/elregionalvm.com.ar\/noticias-villa-maria\/ya-son-18-las-instituciones-que-trabajan-para-normalizar-su-situacion-a-traves-del-programa-perteneser\/#respond\"]}]},{\"@type\":\"WebPage\",\"@id\":\"https:\/\/elregionalvm.com.ar\/noticias-villa-maria\/ya-son-18-las-instituciones-que-trabajan-para-normalizar-su-situacion-a-traves-del-programa-perteneser\/\",\"url\":\"https:\/\/elregionalvm.com.ar\/noticias-villa-maria\/ya-son-18-las-instituciones-que-trabajan-para-normalizar-su-situacion-a-traves-del-programa-perteneser\/\",\"name\":\"Ya son 18 las instituciones que trabajan para normalizar su situaci\u00f3n a trav\u00e9s del Programa PerteneSER - El Regional\",\"isPartOf\":{\"@id\":\"http:\/\/elregionalvm.com.ar\/noticias-villa-maria\/#website\"},\"primaryImageOfPage\":{\"@id\":\"https:\/\/elregionalvm.com.ar\/noticias-villa-maria\/ya-son-18-las-instituciones-que-trabajan-para-normalizar-su-situacion-a-traves-del-programa-perteneser\/#primaryimage\"},\"image\":{\"@id\":\"https:\/\/elregionalvm.com.ar\/noticias-villa-maria\/ya-son-18-las-instituciones-que-trabajan-para-normalizar-su-situacion-a-traves-del-programa-perteneser\/#primaryimage\"},\"thumbnailUrl\":\"https:\/\/i0.wp.com\/elregionalvm.com.ar\/noticias-villa-maria\/wp-content\/uploads\/2024\/05\/WhatsApp-Image-2024-05-03-at-8.56.49-AM-scaled.jpeg?fit=2560%2C1706&ssl=1\",\"datePublished\":\"2024-05-03T22:10:01+00:00\",\"dateModified\":\"2024-05-03T22:10:02+00:00\",\"author\":{\"@id\":\"http:\/\/elregionalvm.com.ar\/noticias-villa-maria\/#\/schema\/person\/a0fb9c422317faca23d50163151bc354\"},\"breadcrumb\":{\"@id\":\"https:\/\/elregionalvm.com.ar\/noticias-villa-maria\/ya-son-18-las-instituciones-que-trabajan-para-normalizar-su-situacion-a-traves-del-programa-perteneser\/#breadcrumb\"},\"inLanguage\":\"es\",\"potentialAction\":[{\"@type\":\"ReadAction\",\"target\":[\"https:\/\/elregionalvm.com.ar\/noticias-villa-maria\/ya-son-18-las-instituciones-que-trabajan-para-normalizar-su-situacion-a-traves-del-programa-perteneser\/\"]}]},{\"@type\":\"ImageObject\",\"inLanguage\":\"es\",\"@id\":\"https:\/\/elregionalvm.com.ar\/noticias-villa-maria\/ya-son-18-las-instituciones-que-trabajan-para-normalizar-su-situacion-a-traves-del-programa-perteneser\/#primaryimage\",\"url\":\"https:\/\/i0.wp.com\/elregionalvm.com.ar\/noticias-villa-maria\/wp-content\/uploads\/2024\/05\/WhatsApp-Image-2024-05-03-at-8.56.49-AM-scaled.jpeg?fit=2560%2C1706&ssl=1\",\"contentUrl\":\"https:\/\/i0.wp.com\/elregionalvm.com.ar\/noticias-villa-maria\/wp-content\/uploads\/2024\/05\/WhatsApp-Image-2024-05-03-at-8.56.49-AM-scaled.jpeg?fit=2560%2C1706&ssl=1\",\"width\":2560,\"height\":1706},{\"@type\":\"BreadcrumbList\",\"@id\":\"https:\/\/elregionalvm.com.ar\/noticias-villa-maria\/ya-son-18-las-instituciones-que-trabajan-para-normalizar-su-situacion-a-traves-del-programa-perteneser\/#breadcrumb\",\"itemListElement\":[{\"@type\":\"ListItem\",\"position\":1,\"name\":\"Portada\",\"item\":\"https:\/\/elregionalvm.com.ar\/noticias-villa-maria\/\"},{\"@type\":\"ListItem\",\"position\":2,\"name\":\"Ya son 18 las instituciones que trabajan para normalizar su situaci\u00f3n a trav\u00e9s del Programa PerteneSER\"}]},{\"@type\":\"WebSite\",\"@id\":\"http:\/\/elregionalvm.com.ar\/noticias-villa-maria\/#website\",\"url\":\"http:\/\/elregionalvm.com.ar\/noticias-villa-maria\/\",\"name\":\"El Regional\",\"description\":\"Mucho m\u00e1s que informaci\u00f3n\",\"potentialAction\":[{\"@type\":\"SearchAction\",\"target\":{\"@type\":\"EntryPoint\",\"urlTemplate\":\"http:\/\/elregionalvm.com.ar\/noticias-villa-maria\/?s={search_term_string}\"},\"query-input\":{\"@type\":\"PropertyValueSpecification\",\"valueRequired\":true,\"valueName\":\"search_term_string\"}}],\"inLanguage\":\"es\"},{\"@type\":\"Person\",\"@id\":\"http:\/\/elregionalvm.com.ar\/noticias-villa-maria\/#\/schema\/person\/a0fb9c422317faca23d50163151bc354\",\"name\":\"Contenidos El Regional\",\"image\":{\"@type\":\"ImageObject\",\"inLanguage\":\"es\",\"@id\":\"http:\/\/elregionalvm.com.ar\/noticias-villa-maria\/#\/schema\/person\/image\/\",\"url\":\"https:\/\/secure.gravatar.com\/avatar\/265b27cb2209af7bb3a1318f03305787d7981a5cc6e6cd08fe5a4ecdf99d4b48?s=96&d=mm&r=g\",\"contentUrl\":\"https:\/\/secure.gravatar.com\/avatar\/265b27cb2209af7bb3a1318f03305787d7981a5cc6e6cd08fe5a4ecdf99d4b48?s=96&d=mm&r=g\",\"caption\":\"Contenidos El Regional\"},\"url\":\"https:\/\/elregionalvm.com.ar\/noticias-villa-maria\/author\/contenido\/\"}]}<\/script>\n<!-- \/ Yoast SEO plugin. -->","yoast_head_json":{"title":"Ya son 18 las instituciones que trabajan para normalizar su situaci\u00f3n a trav\u00e9s del Programa PerteneSER - El Regional","robots":{"index":"index","follow":"follow","max-snippet":"max-snippet:-1","max-image-preview":"max-image-preview:large","max-video-preview":"max-video-preview:-1"},"canonical":"https:\/\/elregionalvm.com.ar\/noticias-villa-maria\/ya-son-18-las-instituciones-que-trabajan-para-normalizar-su-situacion-a-traves-del-programa-perteneser\/","og_locale":"es_ES","og_type":"article","og_title":"Ya son 18 las instituciones que trabajan para normalizar su situaci\u00f3n a trav\u00e9s del Programa PerteneSER - El Regional","og_description":"En el marco del programa PerteneSer, 18 instituciones de la ciudad se encuentran en proceso de normalizar su situaci\u00f3n jur\u00eddica. Adem\u00e1s, 11 entidades ya se constituyeron oficialmente a trav\u00e9s de esta iniciativa que no signific\u00f3 erogaciones para las entidades civiles o fundaciones, salvo la tasa determinada por el colegio de Ciencias Econ\u00f3micas. Nueva instituci\u00f3n En [&hellip;]","og_url":"https:\/\/elregionalvm.com.ar\/noticias-villa-maria\/ya-son-18-las-instituciones-que-trabajan-para-normalizar-su-situacion-a-traves-del-programa-perteneser\/","og_site_name":"El Regional","article_publisher":"https:\/\/www.facebook.com\/elregionalvm","article_published_time":"2024-05-03T22:10:01+00:00","article_modified_time":"2024-05-03T22:10:02+00:00","og_image":[{"width":2560,"height":1706,"url":"https:\/\/elregionalvm.com.ar\/noticias-villa-maria\/wp-content\/uploads\/2024\/05\/WhatsApp-Image-2024-05-03-at-8.56.49-AM-scaled.jpeg","type":"image\/jpeg"}],"author":"Contenidos El Regional","twitter_card":"summary_large_image","twitter_creator":"@elregionalvm1","twitter_site":"@elregionalvm1","twitter_misc":{"Escrito por":"Contenidos El Regional","Tiempo de lectura":"2 minutos"},"schema":{"@context":"https:\/\/schema.org","@graph":[{"@type":"Article","@id":"https:\/\/elregionalvm.com.ar\/noticias-villa-maria\/ya-son-18-las-instituciones-que-trabajan-para-normalizar-su-situacion-a-traves-del-programa-perteneser\/#article","isPartOf":{"@id":"https:\/\/elregionalvm.com.ar\/noticias-villa-maria\/ya-son-18-las-instituciones-que-trabajan-para-normalizar-su-situacion-a-traves-del-programa-perteneser\/"},"author":{"name":"Contenidos El Regional","@id":"http:\/\/elregionalvm.com.ar\/noticias-villa-maria\/#\/schema\/person\/a0fb9c422317faca23d50163151bc354"},"headline":"Ya son 18 las instituciones que trabajan para normalizar su situaci\u00f3n a trav\u00e9s del Programa PerteneSER","datePublished":"2024-05-03T22:10:01+00:00","dateModified":"2024-05-03T22:10:02+00:00","mainEntityOfPage":{"@id":"https:\/\/elregionalvm.com.ar\/noticias-villa-maria\/ya-son-18-las-instituciones-que-trabajan-para-normalizar-su-situacion-a-traves-del-programa-perteneser\/"},"wordCount":299,"commentCount":0,"image":{"@id":"https:\/\/elregionalvm.com.ar\/noticias-villa-maria\/ya-son-18-las-instituciones-que-trabajan-para-normalizar-su-situacion-a-traves-del-programa-perteneser\/#primaryimage"},"thumbnailUrl":"https:\/\/i0.wp.com\/elregionalvm.com.ar\/noticias-villa-maria\/wp-content\/uploads\/2024\/05\/WhatsApp-Image-2024-05-03-at-8.56.49-AM-scaled.jpeg?fit=2560%2C1706&ssl=1","articleSection":["destacado","Sociedad","Villa Mar\u00eda"],"inLanguage":"es","potentialAction":[{"@type":"CommentAction","name":"Comment","target":["https:\/\/elregionalvm.com.ar\/noticias-villa-maria\/ya-son-18-las-instituciones-que-trabajan-para-normalizar-su-situacion-a-traves-del-programa-perteneser\/#respond"]}]},{"@type":"WebPage","@id":"https:\/\/elregionalvm.com.ar\/noticias-villa-maria\/ya-son-18-las-instituciones-que-trabajan-para-normalizar-su-situacion-a-traves-del-programa-perteneser\/","url":"https:\/\/elregionalvm.com.ar\/noticias-villa-maria\/ya-son-18-las-instituciones-que-trabajan-para-normalizar-su-situacion-a-traves-del-programa-perteneser\/","name":"Ya son 18 las instituciones que trabajan para normalizar su situaci\u00f3n a trav\u00e9s del Programa PerteneSER - El Regional","isPartOf":{"@id":"http:\/\/elregionalvm.com.ar\/noticias-villa-maria\/#website"},"primaryImageOfPage":{"@id":"https:\/\/elregionalvm.com.ar\/noticias-villa-maria\/ya-son-18-las-instituciones-que-trabajan-para-normalizar-su-situacion-a-traves-del-programa-perteneser\/#primaryimage"},"image":{"@id":"https:\/\/elregionalvm.com.ar\/noticias-villa-maria\/ya-son-18-las-instituciones-que-trabajan-para-normalizar-su-situacion-a-traves-del-programa-perteneser\/#primaryimage"},"thumbnailUrl":"https:\/\/i0.wp.com\/elregionalvm.com.ar\/noticias-villa-maria\/wp-content\/uploads\/2024\/05\/WhatsApp-Image-2024-05-03-at-8.56.49-AM-scaled.jpeg?fit=2560%2C1706&ssl=1","datePublished":"2024-05-03T22:10:01+00:00","dateModified":"2024-05-03T22:10:02+00:00","author":{"@id":"http:\/\/elregionalvm.com.ar\/noticias-villa-maria\/#\/schema\/person\/a0fb9c422317faca23d50163151bc354"},"breadcrumb":{"@id":"https:\/\/elregionalvm.com.ar\/noticias-villa-maria\/ya-son-18-las-instituciones-que-trabajan-para-normalizar-su-situacion-a-traves-del-programa-perteneser\/#breadcrumb"},"inLanguage":"es","potentialAction":[{"@type":"ReadAction","target":["https:\/\/elregionalvm.com.ar\/noticias-villa-maria\/ya-son-18-las-instituciones-que-trabajan-para-normalizar-su-situacion-a-traves-del-programa-perteneser\/"]}]},{"@type":"ImageObject","inLanguage":"es","@id":"https:\/\/elregionalvm.com.ar\/noticias-villa-maria\/ya-son-18-las-instituciones-que-trabajan-para-normalizar-su-situacion-a-traves-del-programa-perteneser\/#primaryimage","url":"https:\/\/i0.wp.com\/elregionalvm.com.ar\/noticias-villa-maria\/wp-content\/uploads\/2024\/05\/WhatsApp-Image-2024-05-03-at-8.56.49-AM-scaled.jpeg?fit=2560%2C1706&ssl=1","contentUrl":"https:\/\/i0.wp.com\/elregionalvm.com.ar\/noticias-villa-maria\/wp-content\/uploads\/2024\/05\/WhatsApp-Image-2024-05-03-at-8.56.49-AM-scaled.jpeg?fit=2560%2C1706&ssl=1","width":2560,"height":1706},{"@type":"BreadcrumbList","@id":"https:\/\/elregionalvm.com.ar\/noticias-villa-maria\/ya-son-18-las-instituciones-que-trabajan-para-normalizar-su-situacion-a-traves-del-programa-perteneser\/#breadcrumb","itemListElement":[{"@type":"ListItem","position":1,"name":"Portada","item":"https:\/\/elregionalvm.com.ar\/noticias-villa-maria\/"},{"@type":"ListItem","position":2,"name":"Ya son 18 las instituciones que trabajan para normalizar su situaci\u00f3n a trav\u00e9s del Programa PerteneSER"}]},{"@type":"WebSite","@id":"http:\/\/elregionalvm.com.ar\/noticias-villa-maria\/#website","url":"http:\/\/elregionalvm.com.ar\/noticias-villa-maria\/","name":"El Regional","description":"Mucho m\u00e1s que informaci\u00f3n","potentialAction":[{"@type":"SearchAction","target":{"@type":"EntryPoint","urlTemplate":"http:\/\/elregionalvm.com.ar\/noticias-villa-maria\/?s={search_term_string}"},"query-input":{"@type":"PropertyValueSpecification","valueRequired":true,"valueName":"search_term_string"}}],"inLanguage":"es"},{"@type":"Person","@id":"http:\/\/elregionalvm.com.ar\/noticias-villa-maria\/#\/schema\/person\/a0fb9c422317faca23d50163151bc354","name":"Contenidos El Regional","image":{"@type":"ImageObject","inLanguage":"es","@id":"http:\/\/elregionalvm.com.ar\/noticias-villa-maria\/#\/schema\/person\/image\/","url":"https:\/\/secure.gravatar.com\/avatar\/265b27cb2209af7bb3a1318f03305787d7981a5cc6e6cd08fe5a4ecdf99d4b48?s=96&d=mm&r=g","contentUrl":"https:\/\/secure.gravatar.com\/avatar\/265b27cb2209af7bb3a1318f03305787d7981a5cc6e6cd08fe5a4ecdf99d4b48?s=96&d=mm&r=g","caption":"Contenidos El Regional"},"url":"https:\/\/elregionalvm.com.ar\/noticias-villa-maria\/author\/contenido\/"}]}},"jetpack_featured_media_url":"https:\/\/i0.wp.com\/elregionalvm.com.ar\/noticias-villa-maria\/wp-content\/uploads\/2024\/05\/WhatsApp-Image-2024-05-03-at-8.56.49-AM-scaled.jpeg?fit=2560%2C1706&ssl=1","jetpack_sharing_enabled":true,"_links":{"self":[{"href":"https:\/\/elregionalvm.com.ar\/noticias-villa-maria\/wp-json\/wp\/v2\/posts\/93355","targetHints":{"allow":["GET"]}}],"collection":[{"href":"https:\/\/elregionalvm.com.ar\/noticias-villa-maria\/wp-json\/wp\/v2\/posts"}],"about":[{"href":"https:\/\/elregionalvm.com.ar\/noticias-villa-maria\/wp-json\/wp\/v2\/types\/post"}],"author":[{"embeddable":true,"href":"https:\/\/elregionalvm.com.ar\/noticias-villa-maria\/wp-json\/wp\/v2\/users\/4"}],"replies":[{"embeddable":true,"href":"https:\/\/elregionalvm.com.ar\/noticias-villa-maria\/wp-json\/wp\/v2\/comments?post=93355"}],"version-history":[{"count":1,"href":"https:\/\/elregionalvm.com.ar\/noticias-villa-maria\/wp-json\/wp\/v2\/posts\/93355\/revisions"}],"predecessor-version":[{"id":93358,"href":"https:\/\/elregionalvm.com.ar\/noticias-villa-maria\/wp-json\/wp\/v2\/posts\/93355\/revisions\/93358"}],"wp:featuredmedia":[{"embeddable":true,"href":"https:\/\/elregionalvm.com.ar\/noticias-villa-maria\/wp-json\/wp\/v2\/media\/93357"}],"wp:attachment":[{"href":"https:\/\/elregionalvm.com.ar\/noticias-villa-maria\/wp-json\/wp\/v2\/media?parent=93355"}],"wp:term":[{"taxonomy":"category","embeddable":true,"href":"https:\/\/elregionalvm.com.ar\/noticias-villa-maria\/wp-json\/wp\/v2\/categories?post=93355"},{"taxonomy":"post_tag","embeddable":true,"href":"https:\/\/elregionalvm.com.ar\/noticias-villa-maria\/wp-json\/wp\/v2\/tags?post=93355"}],"curies":[{"name":"wp","href":"https:\/\/api.w.org\/{rel}","templated":true}]}}