{"id":93367,"date":"2024-05-03T22:17:30","date_gmt":"2024-05-03T22:17:30","guid":{"rendered":"https:\/\/elregionalvm.com.ar\/noticias-villa-maria\/?p=93367"},"modified":"2024-05-03T22:17:35","modified_gmt":"2024-05-03T22:17:35","slug":"se-repavimentara-la-ruta-provincial-6-entre-rio-tercero-y-tancacha","status":"publish","type":"post","link":"https:\/\/elregionalvm.com.ar\/noticias-villa-maria\/se-repavimentara-la-ruta-provincial-6-entre-rio-tercero-y-tancacha\/","title":{"rendered":"Se repavimentar\u00e1 la ruta provincial 6, entre R\u00edo Tercero y Tancacha"},"content":{"rendered":"\n<p>El gobernador Mart\u00edn Llaryora firm\u00f3 el contrato para la repavimentaci\u00f3n de la Ruta Provincial 6, entre R\u00edo Tercero y Tancacha, y la ejecuci\u00f3n de trabajos complementarios en rutas aleda\u00f1as por 4 mil millones de pesos.<\/p>\n\n\n\n<figure class=\"wp-block-image size-full\"><img data-recalc-dims=\"1\" fetchpriority=\"high\" decoding=\"async\" width=\"1024\" height=\"682\" src=\"https:\/\/i0.wp.com\/elregionalvm.com.ar\/noticias-villa-maria\/wp-content\/uploads\/2024\/05\/WhatsApp-Image-2024-05-03-at-16.12.17-1024x682-1.jpeg?resize=1024%2C682&#038;ssl=1\" alt=\"\" class=\"wp-image-93369\" srcset=\"https:\/\/i0.wp.com\/elregionalvm.com.ar\/noticias-villa-maria\/wp-content\/uploads\/2024\/05\/WhatsApp-Image-2024-05-03-at-16.12.17-1024x682-1.jpeg?w=1024&amp;ssl=1 1024w, https:\/\/i0.wp.com\/elregionalvm.com.ar\/noticias-villa-maria\/wp-content\/uploads\/2024\/05\/WhatsApp-Image-2024-05-03-at-16.12.17-1024x682-1.jpeg?resize=300%2C200&amp;ssl=1 300w, https:\/\/i0.wp.com\/elregionalvm.com.ar\/noticias-villa-maria\/wp-content\/uploads\/2024\/05\/WhatsApp-Image-2024-05-03-at-16.12.17-1024x682-1.jpeg?resize=768%2C512&amp;ssl=1 768w\" sizes=\"(max-width: 1000px) 100vw, 1000px\" \/><\/figure>\n\n\n\n<p><em>\u201cEstas son obras p\u00fablicas muy importantes, que contribuyen a sostener el empleo y a mejorar la calidad de vida de los vecinos\u201d<\/em>, sostuvo el mandatario provincial.<\/p>\n\n\n\n<p>En el acto, llevado a cabo en Tancacha, Llaryora adem\u00e1s suscribi\u00f3 un convenio con el intendente Santiago Reyneri que contempla el env\u00edo de 140 millones de pesos para la puesta en valor de la plaza Sarmiento, la ejecuci\u00f3n de cord\u00f3n cuneta y adoquinado en la localidad. Los recursos provienen del Fondo Complementario de Obras de Infraestructura para Municipios, Comunas y Comunidades Regionales (FOCOM).<\/p>\n\n\n\n<p><em>\u201cEn cada una de las ciudades y pueblos que estamos recorriendo vamos sembrando una obra, que en estos momentos, es como sembrar un \u00e1rbol de esperanza, para mover los corralones locales y generar empleo\u201d,&nbsp;<\/em>destac\u00f3 el gobernador.<\/p>\n\n\n\n<p>Al respecto, el intendente Reyneri expres\u00f3 su agradecimiento por la presencia del mandatario provincial y destac\u00f3 el trabajo en conjunto:\u00a0<em>\u201cEsta es la foto que quiero que me represente, la de poder trabajar en conjunto a pesar de los colores pol\u00edticos. Me parece que hoy tenemos que estar para levantar la vara, para demostrarle otras cosas a la gente\u201d<\/em>.<\/p>\n\n\n\n<figure class=\"wp-block-image size-full\"><img data-recalc-dims=\"1\" decoding=\"async\" width=\"1024\" height=\"715\" src=\"https:\/\/i0.wp.com\/elregionalvm.com.ar\/noticias-villa-maria\/wp-content\/uploads\/2024\/05\/WhatsApp-Image-2024-05-03-at-16.14.48-1024x715-1.jpeg?resize=1024%2C715&#038;ssl=1\" alt=\"\" class=\"wp-image-93368\" srcset=\"https:\/\/i0.wp.com\/elregionalvm.com.ar\/noticias-villa-maria\/wp-content\/uploads\/2024\/05\/WhatsApp-Image-2024-05-03-at-16.14.48-1024x715-1.jpeg?w=1024&amp;ssl=1 1024w, https:\/\/i0.wp.com\/elregionalvm.com.ar\/noticias-villa-maria\/wp-content\/uploads\/2024\/05\/WhatsApp-Image-2024-05-03-at-16.14.48-1024x715-1.jpeg?resize=300%2C209&amp;ssl=1 300w, https:\/\/i0.wp.com\/elregionalvm.com.ar\/noticias-villa-maria\/wp-content\/uploads\/2024\/05\/WhatsApp-Image-2024-05-03-at-16.14.48-1024x715-1.jpeg?resize=768%2C536&amp;ssl=1 768w\" sizes=\"(max-width: 1000px) 100vw, 1000px\" \/><\/figure>\n\n\n\n<p><strong>Cr\u00e9ditos<\/strong><\/p>\n\n\n\n<p>En la oportunidad, 64 vecinos de la localidad recibieron cr\u00e9ditos del Banco de la Gente con una inversi\u00f3n provincial de m\u00e1s de 10 millones de pesos; y 6 familias fueron beneficiadas con la escritura cumpliendo el sue\u00f1o de tener el hogar propio, como parte del programa Tu Casa Tu Escritura.<\/p>\n\n\n\n<p>Adem\u00e1s, el Gobernador anunci\u00f3 un aporte de 25 millones de pesos para los bomberos voluntarios.<\/p>\n\n\n\n<p>Estuvieron presentes, adem\u00e1s, el ministro de Gobierno, Manuel Calvo; el Secretario General de la Gobernaci\u00f3n, David Consalvi; el director de Vialidad Provincial, Mart\u00edn Guti\u00e9rrez; los secretarios de Coordinaci\u00f3n de Infraestructura, Gustavo Brand\u00e1n; de Cooperaci\u00f3n Institucional, Orlando Arduh; de Econom\u00eda Social, Rosal\u00eda Caseres; y los legisladores Gustavo Pasos y Juan Pablo Peirone.<\/p>\n","protected":false},"excerpt":{"rendered":"<p>El gobernador Mart\u00edn Llaryora firm\u00f3 el contrato para la repavimentaci\u00f3n de la Ruta Provincial 6, entre R\u00edo Tercero y Tancacha, y la ejecuci\u00f3n de trabajos complementarios en rutas aleda\u00f1as por 4 mil millones de pesos. \u201cEstas son obras p\u00fablicas muy importantes, que contribuyen a sostener el empleo y a mejorar la calidad de vida de [&hellip;]<\/p>\n","protected":false},"author":4,"featured_media":93370,"comment_status":"open","ping_status":"open","sticky":false,"template":"","format":"standard","meta":{"site-sidebar-layout":"default","site-content-layout":"","ast-site-content-layout":"default","site-content-style":"default","site-sidebar-style":"default","ast-global-header-display":"","ast-banner-title-visibility":"","ast-main-header-display":"","ast-hfb-above-header-display":"","ast-hfb-below-header-display":"","ast-hfb-mobile-header-display":"","site-post-title":"","ast-breadcrumbs-content":"","ast-featured-img":"","footer-sml-layout":"","ast-disable-related-posts":"","theme-transparent-header-meta":"","adv-header-id-meta":"","stick-header-meta":"","header-above-stick-meta":"","header-main-stick-meta":"","header-below-stick-meta":"","astra-migrate-meta-layouts":"set","ast-page-background-enabled":"default","ast-page-background-meta":{"desktop":{"background-color":"","background-image":"","background-repeat":"repeat","background-position":"center center","background-size":"auto","background-attachment":"scroll","background-type":"","background-media":"","overlay-type":"","overlay-color":"","overlay-opacity":"","overlay-gradient":""},"tablet":{"background-color":"","background-image":"","background-repeat":"repeat","background-position":"center center","background-size":"auto","background-attachment":"scroll","background-type":"","background-media":"","overlay-type":"","overlay-color":"","overlay-opacity":"","overlay-gradient":""},"mobile":{"background-color":"","background-image":"","background-repeat":"repeat","background-position":"center center","background-size":"auto","background-attachment":"scroll","background-type":"","background-media":"","overlay-type":"","overlay-color":"","overlay-opacity":"","overlay-gradient":""}},"ast-content-background-meta":{"desktop":{"background-color":"var(--ast-global-color-5)","background-image":"","background-repeat":"repeat","background-position":"center center","background-size":"auto","background-attachment":"scroll","background-type":"","background-media":"","overlay-type":"","overlay-color":"","overlay-opacity":"","overlay-gradient":""},"tablet":{"background-color":"var(--ast-global-color-5)","background-image":"","background-repeat":"repeat","background-position":"center center","background-size":"auto","background-attachment":"scroll","background-type":"","background-media":"","overlay-type":"","overlay-color":"","overlay-opacity":"","overlay-gradient":""},"mobile":{"background-color":"var(--ast-global-color-5)","background-image":"","background-repeat":"repeat","background-position":"center center","background-size":"auto","background-attachment":"scroll","background-type":"","background-media":"","overlay-type":"","overlay-color":"","overlay-opacity":"","overlay-gradient":""}},"_jetpack_memberships_contains_paid_content":false,"_joinchat":[],"footnotes":""},"categories":[15302,16095,2091,5],"tags":[],"class_list":["post-93367","post","type-post","status-publish","format-standard","has-post-thumbnail","hentry","category-destacado","category-provinciales","category-region","category-sociedad"],"yoast_head":"<!-- This site is optimized with the Yoast SEO plugin v26.8 - https:\/\/yoast.com\/product\/yoast-seo-wordpress\/ -->\n<title>Se repavimentar\u00e1 la ruta provincial 6, entre R\u00edo Tercero y Tancacha - El Regional<\/title>\n<meta name=\"robots\" content=\"index, follow, max-snippet:-1, max-image-preview:large, max-video-preview:-1\" \/>\n<link rel=\"canonical\" href=\"https:\/\/elregionalvm.com.ar\/noticias-villa-maria\/se-repavimentara-la-ruta-provincial-6-entre-rio-tercero-y-tancacha\/\" \/>\n<meta property=\"og:locale\" content=\"es_ES\" \/>\n<meta property=\"og:type\" content=\"article\" \/>\n<meta property=\"og:title\" content=\"Se repavimentar\u00e1 la ruta provincial 6, entre R\u00edo Tercero y Tancacha - El Regional\" \/>\n<meta property=\"og:description\" content=\"El gobernador Mart\u00edn Llaryora firm\u00f3 el contrato para la repavimentaci\u00f3n de la Ruta Provincial 6, entre R\u00edo Tercero y Tancacha, y la ejecuci\u00f3n de trabajos complementarios en rutas aleda\u00f1as por 4 mil millones de pesos. \u201cEstas son obras p\u00fablicas muy importantes, que contribuyen a sostener el empleo y a mejorar la calidad de vida de [&hellip;]\" \/>\n<meta property=\"og:url\" content=\"https:\/\/elregionalvm.com.ar\/noticias-villa-maria\/se-repavimentara-la-ruta-provincial-6-entre-rio-tercero-y-tancacha\/\" \/>\n<meta property=\"og:site_name\" content=\"El Regional\" \/>\n<meta property=\"article:publisher\" content=\"https:\/\/www.facebook.com\/elregionalvm\" \/>\n<meta property=\"article:published_time\" content=\"2024-05-03T22:17:30+00:00\" \/>\n<meta property=\"article:modified_time\" content=\"2024-05-03T22:17:35+00:00\" \/>\n<meta property=\"og:image\" content=\"https:\/\/elregionalvm.com.ar\/noticias-villa-maria\/wp-content\/uploads\/2024\/05\/WhatsApp-Image-2024-05-03-at-16.14.49.jpeg\" \/>\n\t<meta property=\"og:image:width\" content=\"1204\" \/>\n\t<meta property=\"og:image:height\" content=\"803\" \/>\n\t<meta property=\"og:image:type\" content=\"image\/jpeg\" \/>\n<meta name=\"author\" content=\"Contenidos El Regional\" \/>\n<meta name=\"twitter:card\" content=\"summary_large_image\" \/>\n<meta name=\"twitter:creator\" content=\"@elregionalvm1\" \/>\n<meta name=\"twitter:site\" content=\"@elregionalvm1\" \/>\n<meta name=\"twitter:label1\" content=\"Escrito por\" \/>\n\t<meta name=\"twitter:data1\" content=\"Contenidos El Regional\" \/>\n\t<meta name=\"twitter:label2\" content=\"Tiempo de lectura\" \/>\n\t<meta name=\"twitter:data2\" content=\"3 minutos\" \/>\n<script type=\"application\/ld+json\" class=\"yoast-schema-graph\">{\"@context\":\"https:\/\/schema.org\",\"@graph\":[{\"@type\":\"Article\",\"@id\":\"https:\/\/elregionalvm.com.ar\/noticias-villa-maria\/se-repavimentara-la-ruta-provincial-6-entre-rio-tercero-y-tancacha\/#article\",\"isPartOf\":{\"@id\":\"https:\/\/elregionalvm.com.ar\/noticias-villa-maria\/se-repavimentara-la-ruta-provincial-6-entre-rio-tercero-y-tancacha\/\"},\"author\":{\"name\":\"Contenidos El Regional\",\"@id\":\"http:\/\/elregionalvm.com.ar\/noticias-villa-maria\/#\/schema\/person\/a0fb9c422317faca23d50163151bc354\"},\"headline\":\"Se repavimentar\u00e1 la ruta provincial 6, entre R\u00edo Tercero y Tancacha\",\"datePublished\":\"2024-05-03T22:17:30+00:00\",\"dateModified\":\"2024-05-03T22:17:35+00:00\",\"mainEntityOfPage\":{\"@id\":\"https:\/\/elregionalvm.com.ar\/noticias-villa-maria\/se-repavimentara-la-ruta-provincial-6-entre-rio-tercero-y-tancacha\/\"},\"wordCount\":368,\"commentCount\":0,\"image\":{\"@id\":\"https:\/\/elregionalvm.com.ar\/noticias-villa-maria\/se-repavimentara-la-ruta-provincial-6-entre-rio-tercero-y-tancacha\/#primaryimage\"},\"thumbnailUrl\":\"https:\/\/i0.wp.com\/elregionalvm.com.ar\/noticias-villa-maria\/wp-content\/uploads\/2024\/05\/WhatsApp-Image-2024-05-03-at-16.14.49.jpeg?fit=1204%2C803&ssl=1\",\"articleSection\":[\"destacado\",\"Provinciales\",\"Regi\u00f3n\",\"Sociedad\"],\"inLanguage\":\"es\",\"potentialAction\":[{\"@type\":\"CommentAction\",\"name\":\"Comment\",\"target\":[\"https:\/\/elregionalvm.com.ar\/noticias-villa-maria\/se-repavimentara-la-ruta-provincial-6-entre-rio-tercero-y-tancacha\/#respond\"]}]},{\"@type\":\"WebPage\",\"@id\":\"https:\/\/elregionalvm.com.ar\/noticias-villa-maria\/se-repavimentara-la-ruta-provincial-6-entre-rio-tercero-y-tancacha\/\",\"url\":\"https:\/\/elregionalvm.com.ar\/noticias-villa-maria\/se-repavimentara-la-ruta-provincial-6-entre-rio-tercero-y-tancacha\/\",\"name\":\"Se repavimentar\u00e1 la ruta provincial 6, entre R\u00edo Tercero y Tancacha - El Regional\",\"isPartOf\":{\"@id\":\"http:\/\/elregionalvm.com.ar\/noticias-villa-maria\/#website\"},\"primaryImageOfPage\":{\"@id\":\"https:\/\/elregionalvm.com.ar\/noticias-villa-maria\/se-repavimentara-la-ruta-provincial-6-entre-rio-tercero-y-tancacha\/#primaryimage\"},\"image\":{\"@id\":\"https:\/\/elregionalvm.com.ar\/noticias-villa-maria\/se-repavimentara-la-ruta-provincial-6-entre-rio-tercero-y-tancacha\/#primaryimage\"},\"thumbnailUrl\":\"https:\/\/i0.wp.com\/elregionalvm.com.ar\/noticias-villa-maria\/wp-content\/uploads\/2024\/05\/WhatsApp-Image-2024-05-03-at-16.14.49.jpeg?fit=1204%2C803&ssl=1\",\"datePublished\":\"2024-05-03T22:17:30+00:00\",\"dateModified\":\"2024-05-03T22:17:35+00:00\",\"author\":{\"@id\":\"http:\/\/elregionalvm.com.ar\/noticias-villa-maria\/#\/schema\/person\/a0fb9c422317faca23d50163151bc354\"},\"breadcrumb\":{\"@id\":\"https:\/\/elregionalvm.com.ar\/noticias-villa-maria\/se-repavimentara-la-ruta-provincial-6-entre-rio-tercero-y-tancacha\/#breadcrumb\"},\"inLanguage\":\"es\",\"potentialAction\":[{\"@type\":\"ReadAction\",\"target\":[\"https:\/\/elregionalvm.com.ar\/noticias-villa-maria\/se-repavimentara-la-ruta-provincial-6-entre-rio-tercero-y-tancacha\/\"]}]},{\"@type\":\"ImageObject\",\"inLanguage\":\"es\",\"@id\":\"https:\/\/elregionalvm.com.ar\/noticias-villa-maria\/se-repavimentara-la-ruta-provincial-6-entre-rio-tercero-y-tancacha\/#primaryimage\",\"url\":\"https:\/\/i0.wp.com\/elregionalvm.com.ar\/noticias-villa-maria\/wp-content\/uploads\/2024\/05\/WhatsApp-Image-2024-05-03-at-16.14.49.jpeg?fit=1204%2C803&ssl=1\",\"contentUrl\":\"https:\/\/i0.wp.com\/elregionalvm.com.ar\/noticias-villa-maria\/wp-content\/uploads\/2024\/05\/WhatsApp-Image-2024-05-03-at-16.14.49.jpeg?fit=1204%2C803&ssl=1\",\"width\":1204,\"height\":803},{\"@type\":\"BreadcrumbList\",\"@id\":\"https:\/\/elregionalvm.com.ar\/noticias-villa-maria\/se-repavimentara-la-ruta-provincial-6-entre-rio-tercero-y-tancacha\/#breadcrumb\",\"itemListElement\":[{\"@type\":\"ListItem\",\"position\":1,\"name\":\"Portada\",\"item\":\"https:\/\/elregionalvm.com.ar\/noticias-villa-maria\/\"},{\"@type\":\"ListItem\",\"position\":2,\"name\":\"Se repavimentar\u00e1 la ruta provincial 6, entre R\u00edo Tercero y Tancacha\"}]},{\"@type\":\"WebSite\",\"@id\":\"http:\/\/elregionalvm.com.ar\/noticias-villa-maria\/#website\",\"url\":\"http:\/\/elregionalvm.com.ar\/noticias-villa-maria\/\",\"name\":\"El Regional\",\"description\":\"Mucho m\u00e1s que informaci\u00f3n\",\"potentialAction\":[{\"@type\":\"SearchAction\",\"target\":{\"@type\":\"EntryPoint\",\"urlTemplate\":\"http:\/\/elregionalvm.com.ar\/noticias-villa-maria\/?s={search_term_string}\"},\"query-input\":{\"@type\":\"PropertyValueSpecification\",\"valueRequired\":true,\"valueName\":\"search_term_string\"}}],\"inLanguage\":\"es\"},{\"@type\":\"Person\",\"@id\":\"http:\/\/elregionalvm.com.ar\/noticias-villa-maria\/#\/schema\/person\/a0fb9c422317faca23d50163151bc354\",\"name\":\"Contenidos El Regional\",\"image\":{\"@type\":\"ImageObject\",\"inLanguage\":\"es\",\"@id\":\"http:\/\/elregionalvm.com.ar\/noticias-villa-maria\/#\/schema\/person\/image\/\",\"url\":\"https:\/\/secure.gravatar.com\/avatar\/265b27cb2209af7bb3a1318f03305787d7981a5cc6e6cd08fe5a4ecdf99d4b48?s=96&d=mm&r=g\",\"contentUrl\":\"https:\/\/secure.gravatar.com\/avatar\/265b27cb2209af7bb3a1318f03305787d7981a5cc6e6cd08fe5a4ecdf99d4b48?s=96&d=mm&r=g\",\"caption\":\"Contenidos El Regional\"},\"url\":\"https:\/\/elregionalvm.com.ar\/noticias-villa-maria\/author\/contenido\/\"}]}<\/script>\n<!-- \/ Yoast SEO plugin. -->","yoast_head_json":{"title":"Se repavimentar\u00e1 la ruta provincial 6, entre R\u00edo Tercero y Tancacha - El Regional","robots":{"index":"index","follow":"follow","max-snippet":"max-snippet:-1","max-image-preview":"max-image-preview:large","max-video-preview":"max-video-preview:-1"},"canonical":"https:\/\/elregionalvm.com.ar\/noticias-villa-maria\/se-repavimentara-la-ruta-provincial-6-entre-rio-tercero-y-tancacha\/","og_locale":"es_ES","og_type":"article","og_title":"Se repavimentar\u00e1 la ruta provincial 6, entre R\u00edo Tercero y Tancacha - El Regional","og_description":"El gobernador Mart\u00edn Llaryora firm\u00f3 el contrato para la repavimentaci\u00f3n de la Ruta Provincial 6, entre R\u00edo Tercero y Tancacha, y la ejecuci\u00f3n de trabajos complementarios en rutas aleda\u00f1as por 4 mil millones de pesos. \u201cEstas son obras p\u00fablicas muy importantes, que contribuyen a sostener el empleo y a mejorar la calidad de vida de [&hellip;]","og_url":"https:\/\/elregionalvm.com.ar\/noticias-villa-maria\/se-repavimentara-la-ruta-provincial-6-entre-rio-tercero-y-tancacha\/","og_site_name":"El Regional","article_publisher":"https:\/\/www.facebook.com\/elregionalvm","article_published_time":"2024-05-03T22:17:30+00:00","article_modified_time":"2024-05-03T22:17:35+00:00","og_image":[{"width":1204,"height":803,"url":"https:\/\/elregionalvm.com.ar\/noticias-villa-maria\/wp-content\/uploads\/2024\/05\/WhatsApp-Image-2024-05-03-at-16.14.49.jpeg","type":"image\/jpeg"}],"author":"Contenidos El Regional","twitter_card":"summary_large_image","twitter_creator":"@elregionalvm1","twitter_site":"@elregionalvm1","twitter_misc":{"Escrito por":"Contenidos El Regional","Tiempo de lectura":"3 minutos"},"schema":{"@context":"https:\/\/schema.org","@graph":[{"@type":"Article","@id":"https:\/\/elregionalvm.com.ar\/noticias-villa-maria\/se-repavimentara-la-ruta-provincial-6-entre-rio-tercero-y-tancacha\/#article","isPartOf":{"@id":"https:\/\/elregionalvm.com.ar\/noticias-villa-maria\/se-repavimentara-la-ruta-provincial-6-entre-rio-tercero-y-tancacha\/"},"author":{"name":"Contenidos El Regional","@id":"http:\/\/elregionalvm.com.ar\/noticias-villa-maria\/#\/schema\/person\/a0fb9c422317faca23d50163151bc354"},"headline":"Se repavimentar\u00e1 la ruta provincial 6, entre R\u00edo Tercero y Tancacha","datePublished":"2024-05-03T22:17:30+00:00","dateModified":"2024-05-03T22:17:35+00:00","mainEntityOfPage":{"@id":"https:\/\/elregionalvm.com.ar\/noticias-villa-maria\/se-repavimentara-la-ruta-provincial-6-entre-rio-tercero-y-tancacha\/"},"wordCount":368,"commentCount":0,"image":{"@id":"https:\/\/elregionalvm.com.ar\/noticias-villa-maria\/se-repavimentara-la-ruta-provincial-6-entre-rio-tercero-y-tancacha\/#primaryimage"},"thumbnailUrl":"https:\/\/i0.wp.com\/elregionalvm.com.ar\/noticias-villa-maria\/wp-content\/uploads\/2024\/05\/WhatsApp-Image-2024-05-03-at-16.14.49.jpeg?fit=1204%2C803&ssl=1","articleSection":["destacado","Provinciales","Regi\u00f3n","Sociedad"],"inLanguage":"es","potentialAction":[{"@type":"CommentAction","name":"Comment","target":["https:\/\/elregionalvm.com.ar\/noticias-villa-maria\/se-repavimentara-la-ruta-provincial-6-entre-rio-tercero-y-tancacha\/#respond"]}]},{"@type":"WebPage","@id":"https:\/\/elregionalvm.com.ar\/noticias-villa-maria\/se-repavimentara-la-ruta-provincial-6-entre-rio-tercero-y-tancacha\/","url":"https:\/\/elregionalvm.com.ar\/noticias-villa-maria\/se-repavimentara-la-ruta-provincial-6-entre-rio-tercero-y-tancacha\/","name":"Se repavimentar\u00e1 la ruta provincial 6, entre R\u00edo Tercero y Tancacha - El Regional","isPartOf":{"@id":"http:\/\/elregionalvm.com.ar\/noticias-villa-maria\/#website"},"primaryImageOfPage":{"@id":"https:\/\/elregionalvm.com.ar\/noticias-villa-maria\/se-repavimentara-la-ruta-provincial-6-entre-rio-tercero-y-tancacha\/#primaryimage"},"image":{"@id":"https:\/\/elregionalvm.com.ar\/noticias-villa-maria\/se-repavimentara-la-ruta-provincial-6-entre-rio-tercero-y-tancacha\/#primaryimage"},"thumbnailUrl":"https:\/\/i0.wp.com\/elregionalvm.com.ar\/noticias-villa-maria\/wp-content\/uploads\/2024\/05\/WhatsApp-Image-2024-05-03-at-16.14.49.jpeg?fit=1204%2C803&ssl=1","datePublished":"2024-05-03T22:17:30+00:00","dateModified":"2024-05-03T22:17:35+00:00","author":{"@id":"http:\/\/elregionalvm.com.ar\/noticias-villa-maria\/#\/schema\/person\/a0fb9c422317faca23d50163151bc354"},"breadcrumb":{"@id":"https:\/\/elregionalvm.com.ar\/noticias-villa-maria\/se-repavimentara-la-ruta-provincial-6-entre-rio-tercero-y-tancacha\/#breadcrumb"},"inLanguage":"es","potentialAction":[{"@type":"ReadAction","target":["https:\/\/elregionalvm.com.ar\/noticias-villa-maria\/se-repavimentara-la-ruta-provincial-6-entre-rio-tercero-y-tancacha\/"]}]},{"@type":"ImageObject","inLanguage":"es","@id":"https:\/\/elregionalvm.com.ar\/noticias-villa-maria\/se-repavimentara-la-ruta-provincial-6-entre-rio-tercero-y-tancacha\/#primaryimage","url":"https:\/\/i0.wp.com\/elregionalvm.com.ar\/noticias-villa-maria\/wp-content\/uploads\/2024\/05\/WhatsApp-Image-2024-05-03-at-16.14.49.jpeg?fit=1204%2C803&ssl=1","contentUrl":"https:\/\/i0.wp.com\/elregionalvm.com.ar\/noticias-villa-maria\/wp-content\/uploads\/2024\/05\/WhatsApp-Image-2024-05-03-at-16.14.49.jpeg?fit=1204%2C803&ssl=1","width":1204,"height":803},{"@type":"BreadcrumbList","@id":"https:\/\/elregionalvm.com.ar\/noticias-villa-maria\/se-repavimentara-la-ruta-provincial-6-entre-rio-tercero-y-tancacha\/#breadcrumb","itemListElement":[{"@type":"ListItem","position":1,"name":"Portada","item":"https:\/\/elregionalvm.com.ar\/noticias-villa-maria\/"},{"@type":"ListItem","position":2,"name":"Se repavimentar\u00e1 la ruta provincial 6, entre R\u00edo Tercero y Tancacha"}]},{"@type":"WebSite","@id":"http:\/\/elregionalvm.com.ar\/noticias-villa-maria\/#website","url":"http:\/\/elregionalvm.com.ar\/noticias-villa-maria\/","name":"El Regional","description":"Mucho m\u00e1s que informaci\u00f3n","potentialAction":[{"@type":"SearchAction","target":{"@type":"EntryPoint","urlTemplate":"http:\/\/elregionalvm.com.ar\/noticias-villa-maria\/?s={search_term_string}"},"query-input":{"@type":"PropertyValueSpecification","valueRequired":true,"valueName":"search_term_string"}}],"inLanguage":"es"},{"@type":"Person","@id":"http:\/\/elregionalvm.com.ar\/noticias-villa-maria\/#\/schema\/person\/a0fb9c422317faca23d50163151bc354","name":"Contenidos El Regional","image":{"@type":"ImageObject","inLanguage":"es","@id":"http:\/\/elregionalvm.com.ar\/noticias-villa-maria\/#\/schema\/person\/image\/","url":"https:\/\/secure.gravatar.com\/avatar\/265b27cb2209af7bb3a1318f03305787d7981a5cc6e6cd08fe5a4ecdf99d4b48?s=96&d=mm&r=g","contentUrl":"https:\/\/secure.gravatar.com\/avatar\/265b27cb2209af7bb3a1318f03305787d7981a5cc6e6cd08fe5a4ecdf99d4b48?s=96&d=mm&r=g","caption":"Contenidos El Regional"},"url":"https:\/\/elregionalvm.com.ar\/noticias-villa-maria\/author\/contenido\/"}]}},"jetpack_featured_media_url":"https:\/\/i0.wp.com\/elregionalvm.com.ar\/noticias-villa-maria\/wp-content\/uploads\/2024\/05\/WhatsApp-Image-2024-05-03-at-16.14.49.jpeg?fit=1204%2C803&ssl=1","jetpack_sharing_enabled":true,"_links":{"self":[{"href":"https:\/\/elregionalvm.com.ar\/noticias-villa-maria\/wp-json\/wp\/v2\/posts\/93367","targetHints":{"allow":["GET"]}}],"collection":[{"href":"https:\/\/elregionalvm.com.ar\/noticias-villa-maria\/wp-json\/wp\/v2\/posts"}],"about":[{"href":"https:\/\/elregionalvm.com.ar\/noticias-villa-maria\/wp-json\/wp\/v2\/types\/post"}],"author":[{"embeddable":true,"href":"https:\/\/elregionalvm.com.ar\/noticias-villa-maria\/wp-json\/wp\/v2\/users\/4"}],"replies":[{"embeddable":true,"href":"https:\/\/elregionalvm.com.ar\/noticias-villa-maria\/wp-json\/wp\/v2\/comments?post=93367"}],"version-history":[{"count":1,"href":"https:\/\/elregionalvm.com.ar\/noticias-villa-maria\/wp-json\/wp\/v2\/posts\/93367\/revisions"}],"predecessor-version":[{"id":93371,"href":"https:\/\/elregionalvm.com.ar\/noticias-villa-maria\/wp-json\/wp\/v2\/posts\/93367\/revisions\/93371"}],"wp:featuredmedia":[{"embeddable":true,"href":"https:\/\/elregionalvm.com.ar\/noticias-villa-maria\/wp-json\/wp\/v2\/media\/93370"}],"wp:attachment":[{"href":"https:\/\/elregionalvm.com.ar\/noticias-villa-maria\/wp-json\/wp\/v2\/media?parent=93367"}],"wp:term":[{"taxonomy":"category","embeddable":true,"href":"https:\/\/elregionalvm.com.ar\/noticias-villa-maria\/wp-json\/wp\/v2\/categories?post=93367"},{"taxonomy":"post_tag","embeddable":true,"href":"https:\/\/elregionalvm.com.ar\/noticias-villa-maria\/wp-json\/wp\/v2\/tags?post=93367"}],"curies":[{"name":"wp","href":"https:\/\/api.w.org\/{rel}","templated":true}]}}