{"id":93379,"date":"2024-05-03T22:28:53","date_gmt":"2024-05-03T22:28:53","guid":{"rendered":"https:\/\/elregionalvm.com.ar\/noticias-villa-maria\/?p=93379"},"modified":"2024-05-03T22:28:59","modified_gmt":"2024-05-03T22:28:59","slug":"villa-nueva-el-municipio-y-la-unvm-firmaron-un-convenio-de-practicas-profesionales","status":"publish","type":"post","link":"https:\/\/elregionalvm.com.ar\/noticias-villa-maria\/villa-nueva-el-municipio-y-la-unvm-firmaron-un-convenio-de-practicas-profesionales\/","title":{"rendered":"Villa Nueva: El Municipio y la UNVM firmaron un convenio de pr\u00e1cticas profesionales"},"content":{"rendered":"\n<p>La Municipalidad de Villa Nueva y la Universidad Nacional de Villa Mar\u00eda firmaron un convenio de pr\u00e1cticas pre profesionales.<\/p>\n\n\n\n<p>El acuerdo celebra la posibilidad de incluir estudiantes avanzados de Trabajo Social en diferentes espacios y dependencias municipales, con el objetivo de cumplir los protocolos inherentes a la profesi\u00f3n.<\/p>\n\n\n\n<p>Est\u00e1s pr\u00e1cticas ser\u00e1n enriquecedoras en todo sentido, ya que este trabajo colaborativo permitir\u00e1 fortalecer a las instituciones, generando cada vez m\u00e1s condiciones para un desarrollo m\u00e1s eficiente.<\/p>\n\n\n\n<figure class=\"wp-block-image size-large\"><img data-recalc-dims=\"1\" fetchpriority=\"high\" decoding=\"async\" width=\"1024\" height=\"768\" src=\"https:\/\/i0.wp.com\/elregionalvm.com.ar\/noticias-villa-maria\/wp-content\/uploads\/2024\/05\/WhatsApp-Image-2024-05-02-at-8.39.46-AM.jpeg?resize=1024%2C768&#038;ssl=1\" alt=\"\" class=\"wp-image-93380\" srcset=\"https:\/\/i0.wp.com\/elregionalvm.com.ar\/noticias-villa-maria\/wp-content\/uploads\/2024\/05\/WhatsApp-Image-2024-05-02-at-8.39.46-AM.jpeg?resize=1024%2C768&amp;ssl=1 1024w, https:\/\/i0.wp.com\/elregionalvm.com.ar\/noticias-villa-maria\/wp-content\/uploads\/2024\/05\/WhatsApp-Image-2024-05-02-at-8.39.46-AM.jpeg?resize=300%2C225&amp;ssl=1 300w, https:\/\/i0.wp.com\/elregionalvm.com.ar\/noticias-villa-maria\/wp-content\/uploads\/2024\/05\/WhatsApp-Image-2024-05-02-at-8.39.46-AM.jpeg?resize=768%2C576&amp;ssl=1 768w, https:\/\/i0.wp.com\/elregionalvm.com.ar\/noticias-villa-maria\/wp-content\/uploads\/2024\/05\/WhatsApp-Image-2024-05-02-at-8.39.46-AM.jpeg?w=1280&amp;ssl=1 1280w\" sizes=\"(max-width: 1000px) 100vw, 1000px\" \/><\/figure>\n\n\n\n<p>\u00abHoy es otro gran d\u00eda para Villa Nueva\u00bb, sostuvo el Intendente Ignacio Tagni en la firma del convenio que realiz\u00f3 en el Sal\u00f3n de Usos M\u00faltiples del Parque Hip\u00f3lito Yrigoyen. \u00abCelebramos este acuerdo que nos permitir\u00e1 mejorar en todo sentido: a la Universidad, a los estudiantes, a Villa Nueva\u2026tienen las puertas abiertas de la ciudad. Siempre nos vamos a encontrar en estos lugares, buscando fortalecer la educaci\u00f3n, buscando ser m\u00e1s profesionales, y generando m\u00e1s oportunidades en nuestra comunidad\u00bb, concluy\u00f3.<\/p>\n\n\n\n<p>Los estudiantes realizar\u00e1n pr\u00e1cticas en el \u00c1rea Local de Ni\u00f1ez, Violencia familiar, en las Salas Cuna, en el Hogar de D\u00eda para personas mayores, el \u00e1rea de juventud y en la RAAC.<\/p>\n\n\n\n<p>El mismo protocolo ser\u00e1 en el marco de trabajo para la incorporaci\u00f3n de estudiantes de otras carreras para la realizaci\u00f3n de pr\u00e1cticas acad\u00e9micas y pasant\u00edas.<\/p>\n\n\n\n<p>Estuvieron junto al Intendente el Decano de la UNVM Gabriel Su\u00e1rez, la Secretaria Acad\u00e9mica del #IAPCS Florencia Montes y el coordinador del \u00e1rea local de ni\u00f1ez del municipio Marcos S\u00e1nchez.<\/p>\n","protected":false},"excerpt":{"rendered":"<p>La Municipalidad de Villa Nueva y la Universidad Nacional de Villa Mar\u00eda firmaron un convenio de pr\u00e1cticas pre profesionales. El acuerdo celebra la posibilidad de incluir estudiantes avanzados de Trabajo Social en diferentes espacios y dependencias municipales, con el objetivo de cumplir los protocolos inherentes a la profesi\u00f3n. Est\u00e1s pr\u00e1cticas ser\u00e1n enriquecedoras en todo sentido, [&hellip;]<\/p>\n","protected":false},"author":4,"featured_media":93381,"comment_status":"open","ping_status":"open","sticky":false,"template":"","format":"standard","meta":{"site-sidebar-layout":"default","site-content-layout":"","ast-site-content-layout":"default","site-content-style":"default","site-sidebar-style":"default","ast-global-header-display":"","ast-banner-title-visibility":"","ast-main-header-display":"","ast-hfb-above-header-display":"","ast-hfb-below-header-display":"","ast-hfb-mobile-header-display":"","site-post-title":"","ast-breadcrumbs-content":"","ast-featured-img":"","footer-sml-layout":"","ast-disable-related-posts":"","theme-transparent-header-meta":"","adv-header-id-meta":"","stick-header-meta":"","header-above-stick-meta":"","header-main-stick-meta":"","header-below-stick-meta":"","astra-migrate-meta-layouts":"set","ast-page-background-enabled":"default","ast-page-background-meta":{"desktop":{"background-color":"","background-image":"","background-repeat":"repeat","background-position":"center center","background-size":"auto","background-attachment":"scroll","background-type":"","background-media":"","overlay-type":"","overlay-color":"","overlay-opacity":"","overlay-gradient":""},"tablet":{"background-color":"","background-image":"","background-repeat":"repeat","background-position":"center center","background-size":"auto","background-attachment":"scroll","background-type":"","background-media":"","overlay-type":"","overlay-color":"","overlay-opacity":"","overlay-gradient":""},"mobile":{"background-color":"","background-image":"","background-repeat":"repeat","background-position":"center center","background-size":"auto","background-attachment":"scroll","background-type":"","background-media":"","overlay-type":"","overlay-color":"","overlay-opacity":"","overlay-gradient":""}},"ast-content-background-meta":{"desktop":{"background-color":"var(--ast-global-color-5)","background-image":"","background-repeat":"repeat","background-position":"center center","background-size":"auto","background-attachment":"scroll","background-type":"","background-media":"","overlay-type":"","overlay-color":"","overlay-opacity":"","overlay-gradient":""},"tablet":{"background-color":"var(--ast-global-color-5)","background-image":"","background-repeat":"repeat","background-position":"center center","background-size":"auto","background-attachment":"scroll","background-type":"","background-media":"","overlay-type":"","overlay-color":"","overlay-opacity":"","overlay-gradient":""},"mobile":{"background-color":"var(--ast-global-color-5)","background-image":"","background-repeat":"repeat","background-position":"center center","background-size":"auto","background-attachment":"scroll","background-type":"","background-media":"","overlay-type":"","overlay-color":"","overlay-opacity":"","overlay-gradient":""}},"_jetpack_memberships_contains_paid_content":false,"_joinchat":[],"footnotes":""},"categories":[15302,5,2,1408],"tags":[],"class_list":["post-93379","post","type-post","status-publish","format-standard","has-post-thumbnail","hentry","category-destacado","category-sociedad","category-villa-maria","category-villa-nueva"],"yoast_head":"<!-- This site is optimized with the Yoast SEO plugin v26.8 - https:\/\/yoast.com\/product\/yoast-seo-wordpress\/ -->\n<title>Villa Nueva: El Municipio y la UNVM firmaron un convenio de pr\u00e1cticas profesionales - El Regional<\/title>\n<meta name=\"robots\" content=\"index, follow, max-snippet:-1, max-image-preview:large, max-video-preview:-1\" \/>\n<link rel=\"canonical\" href=\"https:\/\/elregionalvm.com.ar\/noticias-villa-maria\/villa-nueva-el-municipio-y-la-unvm-firmaron-un-convenio-de-practicas-profesionales\/\" \/>\n<meta property=\"og:locale\" content=\"es_ES\" \/>\n<meta property=\"og:type\" content=\"article\" \/>\n<meta property=\"og:title\" content=\"Villa Nueva: El Municipio y la UNVM firmaron un convenio de pr\u00e1cticas profesionales - El Regional\" \/>\n<meta property=\"og:description\" content=\"La Municipalidad de Villa Nueva y la Universidad Nacional de Villa Mar\u00eda firmaron un convenio de pr\u00e1cticas pre profesionales. El acuerdo celebra la posibilidad de incluir estudiantes avanzados de Trabajo Social en diferentes espacios y dependencias municipales, con el objetivo de cumplir los protocolos inherentes a la profesi\u00f3n. Est\u00e1s pr\u00e1cticas ser\u00e1n enriquecedoras en todo sentido, [&hellip;]\" \/>\n<meta property=\"og:url\" content=\"https:\/\/elregionalvm.com.ar\/noticias-villa-maria\/villa-nueva-el-municipio-y-la-unvm-firmaron-un-convenio-de-practicas-profesionales\/\" \/>\n<meta property=\"og:site_name\" content=\"El Regional\" \/>\n<meta property=\"article:publisher\" content=\"https:\/\/www.facebook.com\/elregionalvm\" \/>\n<meta property=\"article:published_time\" content=\"2024-05-03T22:28:53+00:00\" \/>\n<meta property=\"article:modified_time\" content=\"2024-05-03T22:28:59+00:00\" \/>\n<meta property=\"og:image\" content=\"https:\/\/elregionalvm.com.ar\/noticias-villa-maria\/wp-content\/uploads\/2024\/05\/WhatsApp-Image-2024-05-02-at-8.39.47-AM.jpeg\" \/>\n\t<meta property=\"og:image:width\" content=\"1280\" \/>\n\t<meta property=\"og:image:height\" content=\"960\" \/>\n\t<meta property=\"og:image:type\" content=\"image\/jpeg\" \/>\n<meta name=\"author\" content=\"Contenidos El Regional\" \/>\n<meta name=\"twitter:card\" content=\"summary_large_image\" \/>\n<meta name=\"twitter:creator\" content=\"@elregionalvm1\" \/>\n<meta name=\"twitter:site\" content=\"@elregionalvm1\" \/>\n<meta name=\"twitter:label1\" content=\"Escrito por\" \/>\n\t<meta name=\"twitter:data1\" content=\"Contenidos El Regional\" \/>\n\t<meta name=\"twitter:label2\" content=\"Tiempo de lectura\" \/>\n\t<meta name=\"twitter:data2\" content=\"2 minutos\" \/>\n<script type=\"application\/ld+json\" class=\"yoast-schema-graph\">{\"@context\":\"https:\/\/schema.org\",\"@graph\":[{\"@type\":\"Article\",\"@id\":\"https:\/\/elregionalvm.com.ar\/noticias-villa-maria\/villa-nueva-el-municipio-y-la-unvm-firmaron-un-convenio-de-practicas-profesionales\/#article\",\"isPartOf\":{\"@id\":\"https:\/\/elregionalvm.com.ar\/noticias-villa-maria\/villa-nueva-el-municipio-y-la-unvm-firmaron-un-convenio-de-practicas-profesionales\/\"},\"author\":{\"name\":\"Contenidos El Regional\",\"@id\":\"http:\/\/elregionalvm.com.ar\/noticias-villa-maria\/#\/schema\/person\/a0fb9c422317faca23d50163151bc354\"},\"headline\":\"Villa Nueva: El Municipio y la UNVM firmaron un convenio de pr\u00e1cticas profesionales\",\"datePublished\":\"2024-05-03T22:28:53+00:00\",\"dateModified\":\"2024-05-03T22:28:59+00:00\",\"mainEntityOfPage\":{\"@id\":\"https:\/\/elregionalvm.com.ar\/noticias-villa-maria\/villa-nueva-el-municipio-y-la-unvm-firmaron-un-convenio-de-practicas-profesionales\/\"},\"wordCount\":284,\"commentCount\":0,\"image\":{\"@id\":\"https:\/\/elregionalvm.com.ar\/noticias-villa-maria\/villa-nueva-el-municipio-y-la-unvm-firmaron-un-convenio-de-practicas-profesionales\/#primaryimage\"},\"thumbnailUrl\":\"https:\/\/i0.wp.com\/elregionalvm.com.ar\/noticias-villa-maria\/wp-content\/uploads\/2024\/05\/WhatsApp-Image-2024-05-02-at-8.39.47-AM.jpeg?fit=1280%2C960&ssl=1\",\"articleSection\":[\"destacado\",\"Sociedad\",\"Villa Mar\u00eda\",\"Villa Nueva\"],\"inLanguage\":\"es\",\"potentialAction\":[{\"@type\":\"CommentAction\",\"name\":\"Comment\",\"target\":[\"https:\/\/elregionalvm.com.ar\/noticias-villa-maria\/villa-nueva-el-municipio-y-la-unvm-firmaron-un-convenio-de-practicas-profesionales\/#respond\"]}]},{\"@type\":\"WebPage\",\"@id\":\"https:\/\/elregionalvm.com.ar\/noticias-villa-maria\/villa-nueva-el-municipio-y-la-unvm-firmaron-un-convenio-de-practicas-profesionales\/\",\"url\":\"https:\/\/elregionalvm.com.ar\/noticias-villa-maria\/villa-nueva-el-municipio-y-la-unvm-firmaron-un-convenio-de-practicas-profesionales\/\",\"name\":\"Villa Nueva: El Municipio y la UNVM firmaron un convenio de pr\u00e1cticas profesionales - El Regional\",\"isPartOf\":{\"@id\":\"http:\/\/elregionalvm.com.ar\/noticias-villa-maria\/#website\"},\"primaryImageOfPage\":{\"@id\":\"https:\/\/elregionalvm.com.ar\/noticias-villa-maria\/villa-nueva-el-municipio-y-la-unvm-firmaron-un-convenio-de-practicas-profesionales\/#primaryimage\"},\"image\":{\"@id\":\"https:\/\/elregionalvm.com.ar\/noticias-villa-maria\/villa-nueva-el-municipio-y-la-unvm-firmaron-un-convenio-de-practicas-profesionales\/#primaryimage\"},\"thumbnailUrl\":\"https:\/\/i0.wp.com\/elregionalvm.com.ar\/noticias-villa-maria\/wp-content\/uploads\/2024\/05\/WhatsApp-Image-2024-05-02-at-8.39.47-AM.jpeg?fit=1280%2C960&ssl=1\",\"datePublished\":\"2024-05-03T22:28:53+00:00\",\"dateModified\":\"2024-05-03T22:28:59+00:00\",\"author\":{\"@id\":\"http:\/\/elregionalvm.com.ar\/noticias-villa-maria\/#\/schema\/person\/a0fb9c422317faca23d50163151bc354\"},\"breadcrumb\":{\"@id\":\"https:\/\/elregionalvm.com.ar\/noticias-villa-maria\/villa-nueva-el-municipio-y-la-unvm-firmaron-un-convenio-de-practicas-profesionales\/#breadcrumb\"},\"inLanguage\":\"es\",\"potentialAction\":[{\"@type\":\"ReadAction\",\"target\":[\"https:\/\/elregionalvm.com.ar\/noticias-villa-maria\/villa-nueva-el-municipio-y-la-unvm-firmaron-un-convenio-de-practicas-profesionales\/\"]}]},{\"@type\":\"ImageObject\",\"inLanguage\":\"es\",\"@id\":\"https:\/\/elregionalvm.com.ar\/noticias-villa-maria\/villa-nueva-el-municipio-y-la-unvm-firmaron-un-convenio-de-practicas-profesionales\/#primaryimage\",\"url\":\"https:\/\/i0.wp.com\/elregionalvm.com.ar\/noticias-villa-maria\/wp-content\/uploads\/2024\/05\/WhatsApp-Image-2024-05-02-at-8.39.47-AM.jpeg?fit=1280%2C960&ssl=1\",\"contentUrl\":\"https:\/\/i0.wp.com\/elregionalvm.com.ar\/noticias-villa-maria\/wp-content\/uploads\/2024\/05\/WhatsApp-Image-2024-05-02-at-8.39.47-AM.jpeg?fit=1280%2C960&ssl=1\",\"width\":1280,\"height\":960},{\"@type\":\"BreadcrumbList\",\"@id\":\"https:\/\/elregionalvm.com.ar\/noticias-villa-maria\/villa-nueva-el-municipio-y-la-unvm-firmaron-un-convenio-de-practicas-profesionales\/#breadcrumb\",\"itemListElement\":[{\"@type\":\"ListItem\",\"position\":1,\"name\":\"Portada\",\"item\":\"https:\/\/elregionalvm.com.ar\/noticias-villa-maria\/\"},{\"@type\":\"ListItem\",\"position\":2,\"name\":\"Villa Nueva: El Municipio y la UNVM firmaron un convenio de pr\u00e1cticas profesionales\"}]},{\"@type\":\"WebSite\",\"@id\":\"http:\/\/elregionalvm.com.ar\/noticias-villa-maria\/#website\",\"url\":\"http:\/\/elregionalvm.com.ar\/noticias-villa-maria\/\",\"name\":\"El Regional\",\"description\":\"Mucho m\u00e1s que informaci\u00f3n\",\"potentialAction\":[{\"@type\":\"SearchAction\",\"target\":{\"@type\":\"EntryPoint\",\"urlTemplate\":\"http:\/\/elregionalvm.com.ar\/noticias-villa-maria\/?s={search_term_string}\"},\"query-input\":{\"@type\":\"PropertyValueSpecification\",\"valueRequired\":true,\"valueName\":\"search_term_string\"}}],\"inLanguage\":\"es\"},{\"@type\":\"Person\",\"@id\":\"http:\/\/elregionalvm.com.ar\/noticias-villa-maria\/#\/schema\/person\/a0fb9c422317faca23d50163151bc354\",\"name\":\"Contenidos El Regional\",\"image\":{\"@type\":\"ImageObject\",\"inLanguage\":\"es\",\"@id\":\"http:\/\/elregionalvm.com.ar\/noticias-villa-maria\/#\/schema\/person\/image\/\",\"url\":\"https:\/\/secure.gravatar.com\/avatar\/265b27cb2209af7bb3a1318f03305787d7981a5cc6e6cd08fe5a4ecdf99d4b48?s=96&d=mm&r=g\",\"contentUrl\":\"https:\/\/secure.gravatar.com\/avatar\/265b27cb2209af7bb3a1318f03305787d7981a5cc6e6cd08fe5a4ecdf99d4b48?s=96&d=mm&r=g\",\"caption\":\"Contenidos El Regional\"},\"url\":\"https:\/\/elregionalvm.com.ar\/noticias-villa-maria\/author\/contenido\/\"}]}<\/script>\n<!-- \/ Yoast SEO plugin. -->","yoast_head_json":{"title":"Villa Nueva: El Municipio y la UNVM firmaron un convenio de pr\u00e1cticas profesionales - El Regional","robots":{"index":"index","follow":"follow","max-snippet":"max-snippet:-1","max-image-preview":"max-image-preview:large","max-video-preview":"max-video-preview:-1"},"canonical":"https:\/\/elregionalvm.com.ar\/noticias-villa-maria\/villa-nueva-el-municipio-y-la-unvm-firmaron-un-convenio-de-practicas-profesionales\/","og_locale":"es_ES","og_type":"article","og_title":"Villa Nueva: El Municipio y la UNVM firmaron un convenio de pr\u00e1cticas profesionales - El Regional","og_description":"La Municipalidad de Villa Nueva y la Universidad Nacional de Villa Mar\u00eda firmaron un convenio de pr\u00e1cticas pre profesionales. El acuerdo celebra la posibilidad de incluir estudiantes avanzados de Trabajo Social en diferentes espacios y dependencias municipales, con el objetivo de cumplir los protocolos inherentes a la profesi\u00f3n. Est\u00e1s pr\u00e1cticas ser\u00e1n enriquecedoras en todo sentido, [&hellip;]","og_url":"https:\/\/elregionalvm.com.ar\/noticias-villa-maria\/villa-nueva-el-municipio-y-la-unvm-firmaron-un-convenio-de-practicas-profesionales\/","og_site_name":"El Regional","article_publisher":"https:\/\/www.facebook.com\/elregionalvm","article_published_time":"2024-05-03T22:28:53+00:00","article_modified_time":"2024-05-03T22:28:59+00:00","og_image":[{"width":1280,"height":960,"url":"https:\/\/elregionalvm.com.ar\/noticias-villa-maria\/wp-content\/uploads\/2024\/05\/WhatsApp-Image-2024-05-02-at-8.39.47-AM.jpeg","type":"image\/jpeg"}],"author":"Contenidos El Regional","twitter_card":"summary_large_image","twitter_creator":"@elregionalvm1","twitter_site":"@elregionalvm1","twitter_misc":{"Escrito por":"Contenidos El Regional","Tiempo de lectura":"2 minutos"},"schema":{"@context":"https:\/\/schema.org","@graph":[{"@type":"Article","@id":"https:\/\/elregionalvm.com.ar\/noticias-villa-maria\/villa-nueva-el-municipio-y-la-unvm-firmaron-un-convenio-de-practicas-profesionales\/#article","isPartOf":{"@id":"https:\/\/elregionalvm.com.ar\/noticias-villa-maria\/villa-nueva-el-municipio-y-la-unvm-firmaron-un-convenio-de-practicas-profesionales\/"},"author":{"name":"Contenidos El Regional","@id":"http:\/\/elregionalvm.com.ar\/noticias-villa-maria\/#\/schema\/person\/a0fb9c422317faca23d50163151bc354"},"headline":"Villa Nueva: El Municipio y la UNVM firmaron un convenio de pr\u00e1cticas profesionales","datePublished":"2024-05-03T22:28:53+00:00","dateModified":"2024-05-03T22:28:59+00:00","mainEntityOfPage":{"@id":"https:\/\/elregionalvm.com.ar\/noticias-villa-maria\/villa-nueva-el-municipio-y-la-unvm-firmaron-un-convenio-de-practicas-profesionales\/"},"wordCount":284,"commentCount":0,"image":{"@id":"https:\/\/elregionalvm.com.ar\/noticias-villa-maria\/villa-nueva-el-municipio-y-la-unvm-firmaron-un-convenio-de-practicas-profesionales\/#primaryimage"},"thumbnailUrl":"https:\/\/i0.wp.com\/elregionalvm.com.ar\/noticias-villa-maria\/wp-content\/uploads\/2024\/05\/WhatsApp-Image-2024-05-02-at-8.39.47-AM.jpeg?fit=1280%2C960&ssl=1","articleSection":["destacado","Sociedad","Villa Mar\u00eda","Villa Nueva"],"inLanguage":"es","potentialAction":[{"@type":"CommentAction","name":"Comment","target":["https:\/\/elregionalvm.com.ar\/noticias-villa-maria\/villa-nueva-el-municipio-y-la-unvm-firmaron-un-convenio-de-practicas-profesionales\/#respond"]}]},{"@type":"WebPage","@id":"https:\/\/elregionalvm.com.ar\/noticias-villa-maria\/villa-nueva-el-municipio-y-la-unvm-firmaron-un-convenio-de-practicas-profesionales\/","url":"https:\/\/elregionalvm.com.ar\/noticias-villa-maria\/villa-nueva-el-municipio-y-la-unvm-firmaron-un-convenio-de-practicas-profesionales\/","name":"Villa Nueva: El Municipio y la UNVM firmaron un convenio de pr\u00e1cticas profesionales - El Regional","isPartOf":{"@id":"http:\/\/elregionalvm.com.ar\/noticias-villa-maria\/#website"},"primaryImageOfPage":{"@id":"https:\/\/elregionalvm.com.ar\/noticias-villa-maria\/villa-nueva-el-municipio-y-la-unvm-firmaron-un-convenio-de-practicas-profesionales\/#primaryimage"},"image":{"@id":"https:\/\/elregionalvm.com.ar\/noticias-villa-maria\/villa-nueva-el-municipio-y-la-unvm-firmaron-un-convenio-de-practicas-profesionales\/#primaryimage"},"thumbnailUrl":"https:\/\/i0.wp.com\/elregionalvm.com.ar\/noticias-villa-maria\/wp-content\/uploads\/2024\/05\/WhatsApp-Image-2024-05-02-at-8.39.47-AM.jpeg?fit=1280%2C960&ssl=1","datePublished":"2024-05-03T22:28:53+00:00","dateModified":"2024-05-03T22:28:59+00:00","author":{"@id":"http:\/\/elregionalvm.com.ar\/noticias-villa-maria\/#\/schema\/person\/a0fb9c422317faca23d50163151bc354"},"breadcrumb":{"@id":"https:\/\/elregionalvm.com.ar\/noticias-villa-maria\/villa-nueva-el-municipio-y-la-unvm-firmaron-un-convenio-de-practicas-profesionales\/#breadcrumb"},"inLanguage":"es","potentialAction":[{"@type":"ReadAction","target":["https:\/\/elregionalvm.com.ar\/noticias-villa-maria\/villa-nueva-el-municipio-y-la-unvm-firmaron-un-convenio-de-practicas-profesionales\/"]}]},{"@type":"ImageObject","inLanguage":"es","@id":"https:\/\/elregionalvm.com.ar\/noticias-villa-maria\/villa-nueva-el-municipio-y-la-unvm-firmaron-un-convenio-de-practicas-profesionales\/#primaryimage","url":"https:\/\/i0.wp.com\/elregionalvm.com.ar\/noticias-villa-maria\/wp-content\/uploads\/2024\/05\/WhatsApp-Image-2024-05-02-at-8.39.47-AM.jpeg?fit=1280%2C960&ssl=1","contentUrl":"https:\/\/i0.wp.com\/elregionalvm.com.ar\/noticias-villa-maria\/wp-content\/uploads\/2024\/05\/WhatsApp-Image-2024-05-02-at-8.39.47-AM.jpeg?fit=1280%2C960&ssl=1","width":1280,"height":960},{"@type":"BreadcrumbList","@id":"https:\/\/elregionalvm.com.ar\/noticias-villa-maria\/villa-nueva-el-municipio-y-la-unvm-firmaron-un-convenio-de-practicas-profesionales\/#breadcrumb","itemListElement":[{"@type":"ListItem","position":1,"name":"Portada","item":"https:\/\/elregionalvm.com.ar\/noticias-villa-maria\/"},{"@type":"ListItem","position":2,"name":"Villa Nueva: El Municipio y la UNVM firmaron un convenio de pr\u00e1cticas profesionales"}]},{"@type":"WebSite","@id":"http:\/\/elregionalvm.com.ar\/noticias-villa-maria\/#website","url":"http:\/\/elregionalvm.com.ar\/noticias-villa-maria\/","name":"El Regional","description":"Mucho m\u00e1s que informaci\u00f3n","potentialAction":[{"@type":"SearchAction","target":{"@type":"EntryPoint","urlTemplate":"http:\/\/elregionalvm.com.ar\/noticias-villa-maria\/?s={search_term_string}"},"query-input":{"@type":"PropertyValueSpecification","valueRequired":true,"valueName":"search_term_string"}}],"inLanguage":"es"},{"@type":"Person","@id":"http:\/\/elregionalvm.com.ar\/noticias-villa-maria\/#\/schema\/person\/a0fb9c422317faca23d50163151bc354","name":"Contenidos El Regional","image":{"@type":"ImageObject","inLanguage":"es","@id":"http:\/\/elregionalvm.com.ar\/noticias-villa-maria\/#\/schema\/person\/image\/","url":"https:\/\/secure.gravatar.com\/avatar\/265b27cb2209af7bb3a1318f03305787d7981a5cc6e6cd08fe5a4ecdf99d4b48?s=96&d=mm&r=g","contentUrl":"https:\/\/secure.gravatar.com\/avatar\/265b27cb2209af7bb3a1318f03305787d7981a5cc6e6cd08fe5a4ecdf99d4b48?s=96&d=mm&r=g","caption":"Contenidos El Regional"},"url":"https:\/\/elregionalvm.com.ar\/noticias-villa-maria\/author\/contenido\/"}]}},"jetpack_featured_media_url":"https:\/\/i0.wp.com\/elregionalvm.com.ar\/noticias-villa-maria\/wp-content\/uploads\/2024\/05\/WhatsApp-Image-2024-05-02-at-8.39.47-AM.jpeg?fit=1280%2C960&ssl=1","jetpack_sharing_enabled":true,"_links":{"self":[{"href":"https:\/\/elregionalvm.com.ar\/noticias-villa-maria\/wp-json\/wp\/v2\/posts\/93379","targetHints":{"allow":["GET"]}}],"collection":[{"href":"https:\/\/elregionalvm.com.ar\/noticias-villa-maria\/wp-json\/wp\/v2\/posts"}],"about":[{"href":"https:\/\/elregionalvm.com.ar\/noticias-villa-maria\/wp-json\/wp\/v2\/types\/post"}],"author":[{"embeddable":true,"href":"https:\/\/elregionalvm.com.ar\/noticias-villa-maria\/wp-json\/wp\/v2\/users\/4"}],"replies":[{"embeddable":true,"href":"https:\/\/elregionalvm.com.ar\/noticias-villa-maria\/wp-json\/wp\/v2\/comments?post=93379"}],"version-history":[{"count":1,"href":"https:\/\/elregionalvm.com.ar\/noticias-villa-maria\/wp-json\/wp\/v2\/posts\/93379\/revisions"}],"predecessor-version":[{"id":93382,"href":"https:\/\/elregionalvm.com.ar\/noticias-villa-maria\/wp-json\/wp\/v2\/posts\/93379\/revisions\/93382"}],"wp:featuredmedia":[{"embeddable":true,"href":"https:\/\/elregionalvm.com.ar\/noticias-villa-maria\/wp-json\/wp\/v2\/media\/93381"}],"wp:attachment":[{"href":"https:\/\/elregionalvm.com.ar\/noticias-villa-maria\/wp-json\/wp\/v2\/media?parent=93379"}],"wp:term":[{"taxonomy":"category","embeddable":true,"href":"https:\/\/elregionalvm.com.ar\/noticias-villa-maria\/wp-json\/wp\/v2\/categories?post=93379"},{"taxonomy":"post_tag","embeddable":true,"href":"https:\/\/elregionalvm.com.ar\/noticias-villa-maria\/wp-json\/wp\/v2\/tags?post=93379"}],"curies":[{"name":"wp","href":"https:\/\/api.w.org\/{rel}","templated":true}]}}