{"id":93584,"date":"2024-05-08T17:32:04","date_gmt":"2024-05-08T17:32:04","guid":{"rendered":"https:\/\/elregionalvm.com.ar\/noticias-villa-maria\/?p=93584"},"modified":"2024-05-08T17:32:13","modified_gmt":"2024-05-08T17:32:13","slug":"rio-cuarto-llaryora-inauguro-la-sede-de-la-fuerza-policial-antinarcotrafico","status":"publish","type":"post","link":"https:\/\/elregionalvm.com.ar\/noticias-villa-maria\/rio-cuarto-llaryora-inauguro-la-sede-de-la-fuerza-policial-antinarcotrafico\/","title":{"rendered":"R\u00edo Cuarto: Llaryora inaugur\u00f3 la sede de la Fuerza Policial Antinarcotr\u00e1fico"},"content":{"rendered":"\n<p>Con la presencia del gobernador Mart\u00edn Llaryora y el Intendente Juan Manuel Llamosas, qued\u00f3 habilitada la sede de la Fuerza Policial Antinarcotr\u00e1fico (FPA) de R\u00edo Cuarto.<\/p>\n\n\n\n<figure class=\"wp-block-image size-full\"><img data-recalc-dims=\"1\" fetchpriority=\"high\" decoding=\"async\" width=\"1024\" height=\"682\" src=\"https:\/\/i0.wp.com\/elregionalvm.com.ar\/noticias-villa-maria\/wp-content\/uploads\/2024\/05\/WhatsApp-Image-2024-05-08-at-13.29.08-1024x682-1.jpeg?resize=1024%2C682&#038;ssl=1\" alt=\"\" class=\"wp-image-93586\" srcset=\"https:\/\/i0.wp.com\/elregionalvm.com.ar\/noticias-villa-maria\/wp-content\/uploads\/2024\/05\/WhatsApp-Image-2024-05-08-at-13.29.08-1024x682-1.jpeg?w=1024&amp;ssl=1 1024w, https:\/\/i0.wp.com\/elregionalvm.com.ar\/noticias-villa-maria\/wp-content\/uploads\/2024\/05\/WhatsApp-Image-2024-05-08-at-13.29.08-1024x682-1.jpeg?resize=300%2C200&amp;ssl=1 300w, https:\/\/i0.wp.com\/elregionalvm.com.ar\/noticias-villa-maria\/wp-content\/uploads\/2024\/05\/WhatsApp-Image-2024-05-08-at-13.29.08-1024x682-1.jpeg?resize=768%2C512&amp;ssl=1 768w\" sizes=\"(max-width: 1000px) 100vw, 1000px\" \/><\/figure>\n\n\n\n<p>De esta manera, efectivos especializados se sumar\u00e1n a la lucha antinarc\u00f3ticos e intensificar\u00e1n las acciones de prevenci\u00f3n e investigaci\u00f3n sobre el comercio ilegal de drogas en el sur de la provincia.<\/p>\n\n\n\n<p>A la fecha, la central de la FPA se encuentra en C\u00f3rdoba Capital y hay otra dependencia en San Francisco. Adem\u00e1s, est\u00e1n en proceso de creaci\u00f3n tres nuevas sedes, en Marcos Ju\u00e1rez, Bell Ville y Villa Dolores.<\/p>\n\n\n\n<p><em>\u201cEs un d\u00eda de alegr\u00eda para los vecinos de bien, para los que queremos vivir en paz y tranquilidad. Y claramente es un d\u00eda de tristeza para los delincuentes y para los narcotraficantes, porque saben que a partir de ahora la capacidad operativa de nuestra fuerza en el sur provincial se ve claramente fortificada\u201d,<\/em>\u00a0destac\u00f3 Mart\u00edn Llaryora.<\/p>\n\n\n\n<p>Y a\u00f1adi\u00f3: \u201c<em>Vamos a federalizar y profundizar la lucha contra el narcotr\u00e1fico para que nuestra provincia se siga distinguiendo en el pa\u00eds. La lucha contra la inseguridad y el narcotr\u00e1fico no son palabras bonitas en C\u00f3rdoba, son hechos\u201d.<\/em><\/p>\n\n\n\n<figure class=\"wp-block-image size-full\"><img data-recalc-dims=\"1\" decoding=\"async\" width=\"1024\" height=\"736\" src=\"https:\/\/i0.wp.com\/elregionalvm.com.ar\/noticias-villa-maria\/wp-content\/uploads\/2024\/05\/WhatsApp-Image-2024-05-08-at-13.26.32-1024x736-1.jpeg?resize=1024%2C736&#038;ssl=1\" alt=\"\" class=\"wp-image-93585\" srcset=\"https:\/\/i0.wp.com\/elregionalvm.com.ar\/noticias-villa-maria\/wp-content\/uploads\/2024\/05\/WhatsApp-Image-2024-05-08-at-13.26.32-1024x736-1.jpeg?w=1024&amp;ssl=1 1024w, https:\/\/i0.wp.com\/elregionalvm.com.ar\/noticias-villa-maria\/wp-content\/uploads\/2024\/05\/WhatsApp-Image-2024-05-08-at-13.26.32-1024x736-1.jpeg?resize=300%2C216&amp;ssl=1 300w, https:\/\/i0.wp.com\/elregionalvm.com.ar\/noticias-villa-maria\/wp-content\/uploads\/2024\/05\/WhatsApp-Image-2024-05-08-at-13.26.32-1024x736-1.jpeg?resize=768%2C552&amp;ssl=1 768w\" sizes=\"(max-width: 1000px) 100vw, 1000px\" \/><\/figure>\n\n\n\n<p>El gobernador enmarc\u00f3 la inauguraci\u00f3n de la sede de la FPA de R\u00edo Cuarto como parte de un trabajo mancomunado entre la Provincia y el Municipio: \u201c<em>No podr\u00edamos estar ac\u00e1 sin el trabajo en conjunto, el apoyo y la voluntad decisiva de un Gobierno municipal que tiene el valor de enfrentar a la delincuencia y al narcotr\u00e1fico\u201d.<\/em><\/p>\n\n\n\n<p>En detalle, la FPA es una instituci\u00f3n civil armada que ejerce su funci\u00f3n en todo el territorio provincial. Tiene a su cargo prevenir, disuadir e investigar delitos relacionados con el narcotr\u00e1fico.<\/p>\n\n\n\n<p>En R\u00edo Cuarto, funcionar\u00e1 en Sobremonte 1376, donde se conform\u00f3 una base operativa para el desarrollo de otros programas de la fuerza. En una primera etapa, contar\u00e1 con cuatro m\u00f3viles y 31 agentes que fueron entrenados especialmente para abordar la lucha contra el narcotr\u00e1fico.<\/p>\n\n\n\n<p>El objetivo a futuro es llegar a 50 efectivos y sumar m\u00e1s veh\u00edculos, seg\u00fan detall\u00f3 el jefe de la FPA, Adri\u00e1n Salcedo.<\/p>\n\n\n\n<p>A su vez, habr\u00e1 un Centro de Inteligencia Regional con implementos tecnol\u00f3gicos, software y hardware. Su funci\u00f3n ser\u00e1 elaborar informes para fortalecer los procesos de investigaci\u00f3n en materia de inteligencia criminal y efectivizar la din\u00e1mica operativa a la hora de interactuar con la Polic\u00eda de C\u00f3rdoba y las fuerzas federales.<\/p>\n\n\n\n<p>En ese sentido, el ministro de Seguridad, Juan Pablo Quinteros, enfatiz\u00f3: \u00ab<em>Sepan que en la zona sur de nuestro territorio, aqu\u00ed en R\u00edo Cuarto, el narcotr\u00e1fico tendr\u00e1 una batalla directa y frontal. A partir de hoy, con mucha m\u00e1s intensidad, presencia y con el profesionalismo y la capacidad con la que ha trabajado la FPA a lo largo de sus nueve a\u00f1os de historia\u00bb.<\/em><\/p>\n\n\n\n<p>A su turno, el intendente Juan Manuel Llamosas, se\u00f1al\u00f3: \u00abQ<em>uiero agradecer el cumplimiento de la palabra del gobernador Mart\u00edn Llaryora, que en su primer d\u00eda de gesti\u00f3n anunci\u00f3 dos medidas fundamentales para la tranquilidad de los vecinos: la creaci\u00f3n de una guardia urbana municipal y la sede de la FPA en R\u00edo Cuarto. Hoy se acaban de cumplir las dos medidas en muy poco tiempo de gesti\u00f3n\u00bb.<\/em><\/p>\n\n\n\n<p>Cabe destacar que la flamante estructura policial responde a la \u00f3rbita del Poder Judicial, considerado un hecho novedoso en Argentina, ya que hasta el momento los organismos encargados de evitar el narcotr\u00e1fico dependieron de los poderes ejecutivos.<\/p>\n\n\n\n<p>\u201c<em>Celebro la propuesta y el apoyo permanente del Gobierno para tener una ocupaci\u00f3n territorial completa en materia de seguridad en la Provincia de C\u00f3rdoba\u201d<\/em>, subray\u00f3 el fiscal general, Juan Manuel Delgado.<\/p>\n\n\n\n<p>A la vez, el secretario de Gobierno de R\u00edo Cuarto, Guillermo De Rivas, consider\u00f3: \u201c<em>La habilitaci\u00f3n de la FPA en R\u00edo Cuarto representa trabajar y concretar en acciones lo que nos comprometimos a realizar en conjunto con el Gobierno, que es servirle a cada uno de los vecinos y ciudadanos, garantiz\u00e1ndoles seguridad y tranquilidad\u201d.<\/em><\/p>\n\n\n\n<p>Estuvieron presentes, adem\u00e1s, el Diputado Nacional Carlos Guti\u00e9rrez; el ministro de Gobierno Manuel Calvo; el legislador Ariel Grich; jueces y fiscales federales, y representantes de las diferentes fuerzas de seguridad.<\/p>\n","protected":false},"excerpt":{"rendered":"<p>Con la presencia del gobernador Mart\u00edn Llaryora y el Intendente Juan Manuel Llamosas, qued\u00f3 habilitada la sede de la Fuerza Policial Antinarcotr\u00e1fico (FPA) de R\u00edo Cuarto. De esta manera, efectivos especializados se sumar\u00e1n a la lucha antinarc\u00f3ticos e intensificar\u00e1n las acciones de prevenci\u00f3n e investigaci\u00f3n sobre el comercio ilegal de drogas en el sur de [&hellip;]<\/p>\n","protected":false},"author":4,"featured_media":93587,"comment_status":"open","ping_status":"open","sticky":false,"template":"","format":"standard","meta":{"site-sidebar-layout":"default","site-content-layout":"","ast-site-content-layout":"default","site-content-style":"default","site-sidebar-style":"default","ast-global-header-display":"","ast-banner-title-visibility":"","ast-main-header-display":"","ast-hfb-above-header-display":"","ast-hfb-below-header-display":"","ast-hfb-mobile-header-display":"","site-post-title":"","ast-breadcrumbs-content":"","ast-featured-img":"","footer-sml-layout":"","ast-disable-related-posts":"","theme-transparent-header-meta":"","adv-header-id-meta":"","stick-header-meta":"","header-above-stick-meta":"","header-main-stick-meta":"","header-below-stick-meta":"","astra-migrate-meta-layouts":"set","ast-page-background-enabled":"default","ast-page-background-meta":{"desktop":{"background-color":"","background-image":"","background-repeat":"repeat","background-position":"center center","background-size":"auto","background-attachment":"scroll","background-type":"","background-media":"","overlay-type":"","overlay-color":"","overlay-opacity":"","overlay-gradient":""},"tablet":{"background-color":"","background-image":"","background-repeat":"repeat","background-position":"center center","background-size":"auto","background-attachment":"scroll","background-type":"","background-media":"","overlay-type":"","overlay-color":"","overlay-opacity":"","overlay-gradient":""},"mobile":{"background-color":"","background-image":"","background-repeat":"repeat","background-position":"center center","background-size":"auto","background-attachment":"scroll","background-type":"","background-media":"","overlay-type":"","overlay-color":"","overlay-opacity":"","overlay-gradient":""}},"ast-content-background-meta":{"desktop":{"background-color":"var(--ast-global-color-5)","background-image":"","background-repeat":"repeat","background-position":"center center","background-size":"auto","background-attachment":"scroll","background-type":"","background-media":"","overlay-type":"","overlay-color":"","overlay-opacity":"","overlay-gradient":""},"tablet":{"background-color":"var(--ast-global-color-5)","background-image":"","background-repeat":"repeat","background-position":"center center","background-size":"auto","background-attachment":"scroll","background-type":"","background-media":"","overlay-type":"","overlay-color":"","overlay-opacity":"","overlay-gradient":""},"mobile":{"background-color":"var(--ast-global-color-5)","background-image":"","background-repeat":"repeat","background-position":"center center","background-size":"auto","background-attachment":"scroll","background-type":"","background-media":"","overlay-type":"","overlay-color":"","overlay-opacity":"","overlay-gradient":""}},"_jetpack_memberships_contains_paid_content":false,"_joinchat":[],"footnotes":""},"categories":[15302,16095,2091,5],"tags":[],"class_list":["post-93584","post","type-post","status-publish","format-standard","has-post-thumbnail","hentry","category-destacado","category-provinciales","category-region","category-sociedad"],"yoast_head":"<!-- This site is optimized with the Yoast SEO plugin v26.8 - https:\/\/yoast.com\/product\/yoast-seo-wordpress\/ -->\n<title>R\u00edo Cuarto: Llaryora inaugur\u00f3 la sede de la Fuerza Policial Antinarcotr\u00e1fico - El Regional<\/title>\n<meta name=\"robots\" content=\"index, follow, max-snippet:-1, max-image-preview:large, max-video-preview:-1\" \/>\n<link rel=\"canonical\" href=\"https:\/\/elregionalvm.com.ar\/noticias-villa-maria\/rio-cuarto-llaryora-inauguro-la-sede-de-la-fuerza-policial-antinarcotrafico\/\" \/>\n<meta property=\"og:locale\" content=\"es_ES\" \/>\n<meta property=\"og:type\" content=\"article\" \/>\n<meta property=\"og:title\" content=\"R\u00edo Cuarto: Llaryora inaugur\u00f3 la sede de la Fuerza Policial Antinarcotr\u00e1fico - El Regional\" \/>\n<meta property=\"og:description\" content=\"Con la presencia del gobernador Mart\u00edn Llaryora y el Intendente Juan Manuel Llamosas, qued\u00f3 habilitada la sede de la Fuerza Policial Antinarcotr\u00e1fico (FPA) de R\u00edo Cuarto. De esta manera, efectivos especializados se sumar\u00e1n a la lucha antinarc\u00f3ticos e intensificar\u00e1n las acciones de prevenci\u00f3n e investigaci\u00f3n sobre el comercio ilegal de drogas en el sur de [&hellip;]\" \/>\n<meta property=\"og:url\" content=\"https:\/\/elregionalvm.com.ar\/noticias-villa-maria\/rio-cuarto-llaryora-inauguro-la-sede-de-la-fuerza-policial-antinarcotrafico\/\" \/>\n<meta property=\"og:site_name\" content=\"El Regional\" \/>\n<meta property=\"article:publisher\" content=\"https:\/\/www.facebook.com\/elregionalvm\" \/>\n<meta property=\"article:published_time\" content=\"2024-05-08T17:32:04+00:00\" \/>\n<meta property=\"article:modified_time\" content=\"2024-05-08T17:32:13+00:00\" \/>\n<meta property=\"og:image\" content=\"https:\/\/elregionalvm.com.ar\/noticias-villa-maria\/wp-content\/uploads\/2024\/05\/WhatsApp-Image-2024-05-08-at-13.24.57.jpeg\" \/>\n\t<meta property=\"og:image:width\" content=\"1418\" \/>\n\t<meta property=\"og:image:height\" content=\"947\" \/>\n\t<meta property=\"og:image:type\" content=\"image\/jpeg\" \/>\n<meta name=\"author\" content=\"Contenidos El Regional\" \/>\n<meta name=\"twitter:card\" content=\"summary_large_image\" \/>\n<meta name=\"twitter:creator\" content=\"@elregionalvm1\" \/>\n<meta name=\"twitter:site\" content=\"@elregionalvm1\" \/>\n<meta name=\"twitter:label1\" content=\"Escrito por\" \/>\n\t<meta name=\"twitter:data1\" content=\"Contenidos El Regional\" \/>\n\t<meta name=\"twitter:label2\" content=\"Tiempo de lectura\" \/>\n\t<meta name=\"twitter:data2\" content=\"4 minutos\" \/>\n<script type=\"application\/ld+json\" class=\"yoast-schema-graph\">{\"@context\":\"https:\/\/schema.org\",\"@graph\":[{\"@type\":\"Article\",\"@id\":\"https:\/\/elregionalvm.com.ar\/noticias-villa-maria\/rio-cuarto-llaryora-inauguro-la-sede-de-la-fuerza-policial-antinarcotrafico\/#article\",\"isPartOf\":{\"@id\":\"https:\/\/elregionalvm.com.ar\/noticias-villa-maria\/rio-cuarto-llaryora-inauguro-la-sede-de-la-fuerza-policial-antinarcotrafico\/\"},\"author\":{\"name\":\"Contenidos El Regional\",\"@id\":\"http:\/\/elregionalvm.com.ar\/noticias-villa-maria\/#\/schema\/person\/a0fb9c422317faca23d50163151bc354\"},\"headline\":\"R\u00edo Cuarto: Llaryora inaugur\u00f3 la sede de la Fuerza Policial Antinarcotr\u00e1fico\",\"datePublished\":\"2024-05-08T17:32:04+00:00\",\"dateModified\":\"2024-05-08T17:32:13+00:00\",\"mainEntityOfPage\":{\"@id\":\"https:\/\/elregionalvm.com.ar\/noticias-villa-maria\/rio-cuarto-llaryora-inauguro-la-sede-de-la-fuerza-policial-antinarcotrafico\/\"},\"wordCount\":748,\"commentCount\":0,\"image\":{\"@id\":\"https:\/\/elregionalvm.com.ar\/noticias-villa-maria\/rio-cuarto-llaryora-inauguro-la-sede-de-la-fuerza-policial-antinarcotrafico\/#primaryimage\"},\"thumbnailUrl\":\"https:\/\/i0.wp.com\/elregionalvm.com.ar\/noticias-villa-maria\/wp-content\/uploads\/2024\/05\/WhatsApp-Image-2024-05-08-at-13.24.57.jpeg?fit=1418%2C947&ssl=1\",\"articleSection\":[\"destacado\",\"Provinciales\",\"Regi\u00f3n\",\"Sociedad\"],\"inLanguage\":\"es\",\"potentialAction\":[{\"@type\":\"CommentAction\",\"name\":\"Comment\",\"target\":[\"https:\/\/elregionalvm.com.ar\/noticias-villa-maria\/rio-cuarto-llaryora-inauguro-la-sede-de-la-fuerza-policial-antinarcotrafico\/#respond\"]}]},{\"@type\":\"WebPage\",\"@id\":\"https:\/\/elregionalvm.com.ar\/noticias-villa-maria\/rio-cuarto-llaryora-inauguro-la-sede-de-la-fuerza-policial-antinarcotrafico\/\",\"url\":\"https:\/\/elregionalvm.com.ar\/noticias-villa-maria\/rio-cuarto-llaryora-inauguro-la-sede-de-la-fuerza-policial-antinarcotrafico\/\",\"name\":\"R\u00edo Cuarto: Llaryora inaugur\u00f3 la sede de la Fuerza Policial Antinarcotr\u00e1fico - El Regional\",\"isPartOf\":{\"@id\":\"http:\/\/elregionalvm.com.ar\/noticias-villa-maria\/#website\"},\"primaryImageOfPage\":{\"@id\":\"https:\/\/elregionalvm.com.ar\/noticias-villa-maria\/rio-cuarto-llaryora-inauguro-la-sede-de-la-fuerza-policial-antinarcotrafico\/#primaryimage\"},\"image\":{\"@id\":\"https:\/\/elregionalvm.com.ar\/noticias-villa-maria\/rio-cuarto-llaryora-inauguro-la-sede-de-la-fuerza-policial-antinarcotrafico\/#primaryimage\"},\"thumbnailUrl\":\"https:\/\/i0.wp.com\/elregionalvm.com.ar\/noticias-villa-maria\/wp-content\/uploads\/2024\/05\/WhatsApp-Image-2024-05-08-at-13.24.57.jpeg?fit=1418%2C947&ssl=1\",\"datePublished\":\"2024-05-08T17:32:04+00:00\",\"dateModified\":\"2024-05-08T17:32:13+00:00\",\"author\":{\"@id\":\"http:\/\/elregionalvm.com.ar\/noticias-villa-maria\/#\/schema\/person\/a0fb9c422317faca23d50163151bc354\"},\"breadcrumb\":{\"@id\":\"https:\/\/elregionalvm.com.ar\/noticias-villa-maria\/rio-cuarto-llaryora-inauguro-la-sede-de-la-fuerza-policial-antinarcotrafico\/#breadcrumb\"},\"inLanguage\":\"es\",\"potentialAction\":[{\"@type\":\"ReadAction\",\"target\":[\"https:\/\/elregionalvm.com.ar\/noticias-villa-maria\/rio-cuarto-llaryora-inauguro-la-sede-de-la-fuerza-policial-antinarcotrafico\/\"]}]},{\"@type\":\"ImageObject\",\"inLanguage\":\"es\",\"@id\":\"https:\/\/elregionalvm.com.ar\/noticias-villa-maria\/rio-cuarto-llaryora-inauguro-la-sede-de-la-fuerza-policial-antinarcotrafico\/#primaryimage\",\"url\":\"https:\/\/i0.wp.com\/elregionalvm.com.ar\/noticias-villa-maria\/wp-content\/uploads\/2024\/05\/WhatsApp-Image-2024-05-08-at-13.24.57.jpeg?fit=1418%2C947&ssl=1\",\"contentUrl\":\"https:\/\/i0.wp.com\/elregionalvm.com.ar\/noticias-villa-maria\/wp-content\/uploads\/2024\/05\/WhatsApp-Image-2024-05-08-at-13.24.57.jpeg?fit=1418%2C947&ssl=1\",\"width\":1418,\"height\":947},{\"@type\":\"BreadcrumbList\",\"@id\":\"https:\/\/elregionalvm.com.ar\/noticias-villa-maria\/rio-cuarto-llaryora-inauguro-la-sede-de-la-fuerza-policial-antinarcotrafico\/#breadcrumb\",\"itemListElement\":[{\"@type\":\"ListItem\",\"position\":1,\"name\":\"Portada\",\"item\":\"https:\/\/elregionalvm.com.ar\/noticias-villa-maria\/\"},{\"@type\":\"ListItem\",\"position\":2,\"name\":\"R\u00edo Cuarto: Llaryora inaugur\u00f3 la sede de la Fuerza Policial Antinarcotr\u00e1fico\"}]},{\"@type\":\"WebSite\",\"@id\":\"http:\/\/elregionalvm.com.ar\/noticias-villa-maria\/#website\",\"url\":\"http:\/\/elregionalvm.com.ar\/noticias-villa-maria\/\",\"name\":\"El Regional\",\"description\":\"Mucho m\u00e1s que informaci\u00f3n\",\"potentialAction\":[{\"@type\":\"SearchAction\",\"target\":{\"@type\":\"EntryPoint\",\"urlTemplate\":\"http:\/\/elregionalvm.com.ar\/noticias-villa-maria\/?s={search_term_string}\"},\"query-input\":{\"@type\":\"PropertyValueSpecification\",\"valueRequired\":true,\"valueName\":\"search_term_string\"}}],\"inLanguage\":\"es\"},{\"@type\":\"Person\",\"@id\":\"http:\/\/elregionalvm.com.ar\/noticias-villa-maria\/#\/schema\/person\/a0fb9c422317faca23d50163151bc354\",\"name\":\"Contenidos El Regional\",\"image\":{\"@type\":\"ImageObject\",\"inLanguage\":\"es\",\"@id\":\"http:\/\/elregionalvm.com.ar\/noticias-villa-maria\/#\/schema\/person\/image\/\",\"url\":\"https:\/\/secure.gravatar.com\/avatar\/265b27cb2209af7bb3a1318f03305787d7981a5cc6e6cd08fe5a4ecdf99d4b48?s=96&d=mm&r=g\",\"contentUrl\":\"https:\/\/secure.gravatar.com\/avatar\/265b27cb2209af7bb3a1318f03305787d7981a5cc6e6cd08fe5a4ecdf99d4b48?s=96&d=mm&r=g\",\"caption\":\"Contenidos El Regional\"},\"url\":\"https:\/\/elregionalvm.com.ar\/noticias-villa-maria\/author\/contenido\/\"}]}<\/script>\n<!-- \/ Yoast SEO plugin. -->","yoast_head_json":{"title":"R\u00edo Cuarto: Llaryora inaugur\u00f3 la sede de la Fuerza Policial Antinarcotr\u00e1fico - El Regional","robots":{"index":"index","follow":"follow","max-snippet":"max-snippet:-1","max-image-preview":"max-image-preview:large","max-video-preview":"max-video-preview:-1"},"canonical":"https:\/\/elregionalvm.com.ar\/noticias-villa-maria\/rio-cuarto-llaryora-inauguro-la-sede-de-la-fuerza-policial-antinarcotrafico\/","og_locale":"es_ES","og_type":"article","og_title":"R\u00edo Cuarto: Llaryora inaugur\u00f3 la sede de la Fuerza Policial Antinarcotr\u00e1fico - El Regional","og_description":"Con la presencia del gobernador Mart\u00edn Llaryora y el Intendente Juan Manuel Llamosas, qued\u00f3 habilitada la sede de la Fuerza Policial Antinarcotr\u00e1fico (FPA) de R\u00edo Cuarto. De esta manera, efectivos especializados se sumar\u00e1n a la lucha antinarc\u00f3ticos e intensificar\u00e1n las acciones de prevenci\u00f3n e investigaci\u00f3n sobre el comercio ilegal de drogas en el sur de [&hellip;]","og_url":"https:\/\/elregionalvm.com.ar\/noticias-villa-maria\/rio-cuarto-llaryora-inauguro-la-sede-de-la-fuerza-policial-antinarcotrafico\/","og_site_name":"El Regional","article_publisher":"https:\/\/www.facebook.com\/elregionalvm","article_published_time":"2024-05-08T17:32:04+00:00","article_modified_time":"2024-05-08T17:32:13+00:00","og_image":[{"width":1418,"height":947,"url":"https:\/\/elregionalvm.com.ar\/noticias-villa-maria\/wp-content\/uploads\/2024\/05\/WhatsApp-Image-2024-05-08-at-13.24.57.jpeg","type":"image\/jpeg"}],"author":"Contenidos El Regional","twitter_card":"summary_large_image","twitter_creator":"@elregionalvm1","twitter_site":"@elregionalvm1","twitter_misc":{"Escrito por":"Contenidos El Regional","Tiempo de lectura":"4 minutos"},"schema":{"@context":"https:\/\/schema.org","@graph":[{"@type":"Article","@id":"https:\/\/elregionalvm.com.ar\/noticias-villa-maria\/rio-cuarto-llaryora-inauguro-la-sede-de-la-fuerza-policial-antinarcotrafico\/#article","isPartOf":{"@id":"https:\/\/elregionalvm.com.ar\/noticias-villa-maria\/rio-cuarto-llaryora-inauguro-la-sede-de-la-fuerza-policial-antinarcotrafico\/"},"author":{"name":"Contenidos El Regional","@id":"http:\/\/elregionalvm.com.ar\/noticias-villa-maria\/#\/schema\/person\/a0fb9c422317faca23d50163151bc354"},"headline":"R\u00edo Cuarto: Llaryora inaugur\u00f3 la sede de la Fuerza Policial Antinarcotr\u00e1fico","datePublished":"2024-05-08T17:32:04+00:00","dateModified":"2024-05-08T17:32:13+00:00","mainEntityOfPage":{"@id":"https:\/\/elregionalvm.com.ar\/noticias-villa-maria\/rio-cuarto-llaryora-inauguro-la-sede-de-la-fuerza-policial-antinarcotrafico\/"},"wordCount":748,"commentCount":0,"image":{"@id":"https:\/\/elregionalvm.com.ar\/noticias-villa-maria\/rio-cuarto-llaryora-inauguro-la-sede-de-la-fuerza-policial-antinarcotrafico\/#primaryimage"},"thumbnailUrl":"https:\/\/i0.wp.com\/elregionalvm.com.ar\/noticias-villa-maria\/wp-content\/uploads\/2024\/05\/WhatsApp-Image-2024-05-08-at-13.24.57.jpeg?fit=1418%2C947&ssl=1","articleSection":["destacado","Provinciales","Regi\u00f3n","Sociedad"],"inLanguage":"es","potentialAction":[{"@type":"CommentAction","name":"Comment","target":["https:\/\/elregionalvm.com.ar\/noticias-villa-maria\/rio-cuarto-llaryora-inauguro-la-sede-de-la-fuerza-policial-antinarcotrafico\/#respond"]}]},{"@type":"WebPage","@id":"https:\/\/elregionalvm.com.ar\/noticias-villa-maria\/rio-cuarto-llaryora-inauguro-la-sede-de-la-fuerza-policial-antinarcotrafico\/","url":"https:\/\/elregionalvm.com.ar\/noticias-villa-maria\/rio-cuarto-llaryora-inauguro-la-sede-de-la-fuerza-policial-antinarcotrafico\/","name":"R\u00edo Cuarto: Llaryora inaugur\u00f3 la sede de la Fuerza Policial Antinarcotr\u00e1fico - El Regional","isPartOf":{"@id":"http:\/\/elregionalvm.com.ar\/noticias-villa-maria\/#website"},"primaryImageOfPage":{"@id":"https:\/\/elregionalvm.com.ar\/noticias-villa-maria\/rio-cuarto-llaryora-inauguro-la-sede-de-la-fuerza-policial-antinarcotrafico\/#primaryimage"},"image":{"@id":"https:\/\/elregionalvm.com.ar\/noticias-villa-maria\/rio-cuarto-llaryora-inauguro-la-sede-de-la-fuerza-policial-antinarcotrafico\/#primaryimage"},"thumbnailUrl":"https:\/\/i0.wp.com\/elregionalvm.com.ar\/noticias-villa-maria\/wp-content\/uploads\/2024\/05\/WhatsApp-Image-2024-05-08-at-13.24.57.jpeg?fit=1418%2C947&ssl=1","datePublished":"2024-05-08T17:32:04+00:00","dateModified":"2024-05-08T17:32:13+00:00","author":{"@id":"http:\/\/elregionalvm.com.ar\/noticias-villa-maria\/#\/schema\/person\/a0fb9c422317faca23d50163151bc354"},"breadcrumb":{"@id":"https:\/\/elregionalvm.com.ar\/noticias-villa-maria\/rio-cuarto-llaryora-inauguro-la-sede-de-la-fuerza-policial-antinarcotrafico\/#breadcrumb"},"inLanguage":"es","potentialAction":[{"@type":"ReadAction","target":["https:\/\/elregionalvm.com.ar\/noticias-villa-maria\/rio-cuarto-llaryora-inauguro-la-sede-de-la-fuerza-policial-antinarcotrafico\/"]}]},{"@type":"ImageObject","inLanguage":"es","@id":"https:\/\/elregionalvm.com.ar\/noticias-villa-maria\/rio-cuarto-llaryora-inauguro-la-sede-de-la-fuerza-policial-antinarcotrafico\/#primaryimage","url":"https:\/\/i0.wp.com\/elregionalvm.com.ar\/noticias-villa-maria\/wp-content\/uploads\/2024\/05\/WhatsApp-Image-2024-05-08-at-13.24.57.jpeg?fit=1418%2C947&ssl=1","contentUrl":"https:\/\/i0.wp.com\/elregionalvm.com.ar\/noticias-villa-maria\/wp-content\/uploads\/2024\/05\/WhatsApp-Image-2024-05-08-at-13.24.57.jpeg?fit=1418%2C947&ssl=1","width":1418,"height":947},{"@type":"BreadcrumbList","@id":"https:\/\/elregionalvm.com.ar\/noticias-villa-maria\/rio-cuarto-llaryora-inauguro-la-sede-de-la-fuerza-policial-antinarcotrafico\/#breadcrumb","itemListElement":[{"@type":"ListItem","position":1,"name":"Portada","item":"https:\/\/elregionalvm.com.ar\/noticias-villa-maria\/"},{"@type":"ListItem","position":2,"name":"R\u00edo Cuarto: Llaryora inaugur\u00f3 la sede de la Fuerza Policial Antinarcotr\u00e1fico"}]},{"@type":"WebSite","@id":"http:\/\/elregionalvm.com.ar\/noticias-villa-maria\/#website","url":"http:\/\/elregionalvm.com.ar\/noticias-villa-maria\/","name":"El Regional","description":"Mucho m\u00e1s que informaci\u00f3n","potentialAction":[{"@type":"SearchAction","target":{"@type":"EntryPoint","urlTemplate":"http:\/\/elregionalvm.com.ar\/noticias-villa-maria\/?s={search_term_string}"},"query-input":{"@type":"PropertyValueSpecification","valueRequired":true,"valueName":"search_term_string"}}],"inLanguage":"es"},{"@type":"Person","@id":"http:\/\/elregionalvm.com.ar\/noticias-villa-maria\/#\/schema\/person\/a0fb9c422317faca23d50163151bc354","name":"Contenidos El Regional","image":{"@type":"ImageObject","inLanguage":"es","@id":"http:\/\/elregionalvm.com.ar\/noticias-villa-maria\/#\/schema\/person\/image\/","url":"https:\/\/secure.gravatar.com\/avatar\/265b27cb2209af7bb3a1318f03305787d7981a5cc6e6cd08fe5a4ecdf99d4b48?s=96&d=mm&r=g","contentUrl":"https:\/\/secure.gravatar.com\/avatar\/265b27cb2209af7bb3a1318f03305787d7981a5cc6e6cd08fe5a4ecdf99d4b48?s=96&d=mm&r=g","caption":"Contenidos El Regional"},"url":"https:\/\/elregionalvm.com.ar\/noticias-villa-maria\/author\/contenido\/"}]}},"jetpack_featured_media_url":"https:\/\/i0.wp.com\/elregionalvm.com.ar\/noticias-villa-maria\/wp-content\/uploads\/2024\/05\/WhatsApp-Image-2024-05-08-at-13.24.57.jpeg?fit=1418%2C947&ssl=1","jetpack_sharing_enabled":true,"_links":{"self":[{"href":"https:\/\/elregionalvm.com.ar\/noticias-villa-maria\/wp-json\/wp\/v2\/posts\/93584","targetHints":{"allow":["GET"]}}],"collection":[{"href":"https:\/\/elregionalvm.com.ar\/noticias-villa-maria\/wp-json\/wp\/v2\/posts"}],"about":[{"href":"https:\/\/elregionalvm.com.ar\/noticias-villa-maria\/wp-json\/wp\/v2\/types\/post"}],"author":[{"embeddable":true,"href":"https:\/\/elregionalvm.com.ar\/noticias-villa-maria\/wp-json\/wp\/v2\/users\/4"}],"replies":[{"embeddable":true,"href":"https:\/\/elregionalvm.com.ar\/noticias-villa-maria\/wp-json\/wp\/v2\/comments?post=93584"}],"version-history":[{"count":1,"href":"https:\/\/elregionalvm.com.ar\/noticias-villa-maria\/wp-json\/wp\/v2\/posts\/93584\/revisions"}],"predecessor-version":[{"id":93588,"href":"https:\/\/elregionalvm.com.ar\/noticias-villa-maria\/wp-json\/wp\/v2\/posts\/93584\/revisions\/93588"}],"wp:featuredmedia":[{"embeddable":true,"href":"https:\/\/elregionalvm.com.ar\/noticias-villa-maria\/wp-json\/wp\/v2\/media\/93587"}],"wp:attachment":[{"href":"https:\/\/elregionalvm.com.ar\/noticias-villa-maria\/wp-json\/wp\/v2\/media?parent=93584"}],"wp:term":[{"taxonomy":"category","embeddable":true,"href":"https:\/\/elregionalvm.com.ar\/noticias-villa-maria\/wp-json\/wp\/v2\/categories?post=93584"},{"taxonomy":"post_tag","embeddable":true,"href":"https:\/\/elregionalvm.com.ar\/noticias-villa-maria\/wp-json\/wp\/v2\/tags?post=93584"}],"curies":[{"name":"wp","href":"https:\/\/api.w.org\/{rel}","templated":true}]}}