{"id":93599,"date":"2024-05-08T17:47:45","date_gmt":"2024-05-08T17:47:45","guid":{"rendered":"https:\/\/elregionalvm.com.ar\/noticias-villa-maria\/?p=93599"},"modified":"2024-05-08T21:28:15","modified_gmt":"2024-05-08T21:28:15","slug":"nueva-maternidad-provincial-a-un-ano-de-su-puesta-en-marcha-los-nacimientos-se-incrementaron-un-67","status":"publish","type":"post","link":"https:\/\/elregionalvm.com.ar\/noticias-villa-maria\/nueva-maternidad-provincial-a-un-ano-de-su-puesta-en-marcha-los-nacimientos-se-incrementaron-un-67\/","title":{"rendered":"Nueva Maternidad Provincial: a un a\u00f1o de su puesta en marcha, los nacimientos se incrementaron un 67 %"},"content":{"rendered":"\n<p>La Maternidad Provincial celebr\u00f3 el primer aniversario de su puesta en marcha, del que particip\u00f3 el ministro Ricardo Pieckenstainer y otras autoridades de la cartera de Salud. Durante el acto, se destac\u00f3 que el establecimiento aument\u00f3 la capacidad de respuesta hacia la comunidad y sum\u00f3 nuevas especialidades en su primer a\u00f1o de funcionamiento.<\/p>\n\n\n\n<figure class=\"wp-block-image size-full\"><img data-recalc-dims=\"1\" fetchpriority=\"high\" decoding=\"async\" width=\"990\" height=\"660\" src=\"https:\/\/i0.wp.com\/elregionalvm.com.ar\/noticias-villa-maria\/wp-content\/uploads\/2024\/05\/WhatsApp-Image-2024-05-08-at-14.31.37.jpeg?resize=990%2C660&#038;ssl=1\" alt=\"\" class=\"wp-image-93601\" srcset=\"https:\/\/i0.wp.com\/elregionalvm.com.ar\/noticias-villa-maria\/wp-content\/uploads\/2024\/05\/WhatsApp-Image-2024-05-08-at-14.31.37.jpeg?w=990&amp;ssl=1 990w, https:\/\/i0.wp.com\/elregionalvm.com.ar\/noticias-villa-maria\/wp-content\/uploads\/2024\/05\/WhatsApp-Image-2024-05-08-at-14.31.37.jpeg?resize=300%2C200&amp;ssl=1 300w, https:\/\/i0.wp.com\/elregionalvm.com.ar\/noticias-villa-maria\/wp-content\/uploads\/2024\/05\/WhatsApp-Image-2024-05-08-at-14.31.37.jpeg?resize=768%2C512&amp;ssl=1 768w\" sizes=\"(max-width: 990px) 100vw, 990px\" \/><\/figure>\n\n\n\n<p>En detalle, se registraron 5.117 nacimientos, lo que representa un crecimiento del 67 por ciento con respecto al a\u00f1o anterior, cuando a\u00fan era la Maternidad de barrio San Vicente.<\/p>\n\n\n\n<p>Tambi\u00e9n se llevaron a cabo 36.984 diagn\u00f3sticos por imagen, 3.553 Papanicolaou, 103.787 consultas obst\u00e9tricas y neonatolog\u00eda, y 56.515 consultas de especialidades, un 100 por ciento m\u00e1s que las registradas en 2022.<\/p>\n\n\n\n<p>Adem\u00e1s, se realizaron 2.055 consultas en medicina fetal, 3.000 estudios de anatom\u00eda patol\u00f3gica y 1.290 consultas de fertilidad, especialidad con la que no se contaba anteriormente en el sector p\u00fablico.<\/p>\n\n\n\n<p>El flamante establecimiento cuenta con una superficie cubierta de 14.750 metros cuadrados. Demand\u00f3 en 2023 una inversi\u00f3n de 3.213 millones de pesos en la obra civil y 1.928 millones de pesos en equipamiento.<\/p>\n\n\n\n<figure class=\"wp-block-image size-full\"><img data-recalc-dims=\"1\" decoding=\"async\" width=\"993\" height=\"662\" src=\"https:\/\/i0.wp.com\/elregionalvm.com.ar\/noticias-villa-maria\/wp-content\/uploads\/2024\/05\/WhatsApp-Image-2024-05-08-at-14.31.37-1.jpeg?resize=993%2C662&#038;ssl=1\" alt=\"\" class=\"wp-image-93600\" srcset=\"https:\/\/i0.wp.com\/elregionalvm.com.ar\/noticias-villa-maria\/wp-content\/uploads\/2024\/05\/WhatsApp-Image-2024-05-08-at-14.31.37-1.jpeg?w=993&amp;ssl=1 993w, https:\/\/i0.wp.com\/elregionalvm.com.ar\/noticias-villa-maria\/wp-content\/uploads\/2024\/05\/WhatsApp-Image-2024-05-08-at-14.31.37-1.jpeg?resize=300%2C200&amp;ssl=1 300w, https:\/\/i0.wp.com\/elregionalvm.com.ar\/noticias-villa-maria\/wp-content\/uploads\/2024\/05\/WhatsApp-Image-2024-05-08-at-14.31.37-1.jpeg?resize=768%2C512&amp;ssl=1 768w\" sizes=\"(max-width: 993px) 100vw, 993px\" \/><\/figure>\n\n\n\n<p>El nuevo edificio alberg\u00f3 todos los servicios de la ex Maternidad de barrio San Vicente y los servicios de gineco-obstetricia y neonatolog\u00eda del Hospital Misericordia.<\/p>\n\n\n\n<p><strong>Un lugar de excelencia<\/strong><\/p>\n\n\n\n<p>El ministro de Salud, Ricardo Pieckenstainer, destac\u00f3: \u201cLa Maternidad es un lugar de excelencia en el que se trabaja con alt\u00edsimos niveles de calidad, de producci\u00f3n cient\u00edfica, acad\u00e9mica y cl\u00ednica, comparables con los mejores centros obst\u00e9tricos y perinatol\u00f3gicos de Sudam\u00e9rica\u201d.<\/p>\n\n\n\n<p>\u201cEsto es posible gracias al trabajo mancomunado que se realiza entre todo el personal de salud, las decisiones pol\u00edticas que se toman y las personas que d\u00eda a d\u00eda transitan el hospital\u201d, agreg\u00f3.<\/p>\n\n\n\n<p>Por su parte, Luis Ahumada, director de la Maternidad, puso en valor que se contin\u00faa trabajando en un plan de mejora de la calidad, y subray\u00f3: \u201cNuestros desaf\u00edos futuros, adem\u00e1s del trabajo transversal para toda la instituci\u00f3n, es fortalecer la atenci\u00f3n en medicina fetal, que es algo que nos caracteriza.\u201d<\/p>\n\n\n\n<p>Vale recordar que previo a su puesta en marcha, se realizaron las correspondientes pruebas en vac\u00edo, la diagramaci\u00f3n de los circuitos internos, diferentes capacitaciones y simulacros; y un operativo de traslado\u202fde las personas internadas en la ex maternidad, que cont\u00f3 con 12 ambulancias; dos de ellas equipadas para Neonatolog\u00eda y 10 para adultos.<\/p>\n\n\n\n<p>Al respecto, Viviana Gonz\u00e1lez, ex directora de la Nueva Maternidad, expres\u00f3: \u201cSi algo tengo que resaltar, es c\u00f3mo nos unimos como provincia los diferentes hospitales para que todo saliera seg\u00fan lo planeado\u201d.<\/p>\n\n\n\n<p>La jornada cont\u00f3 con la presencia del Coro de los Ni\u00f1os Cantores del Colegio Domingo Z\u00edpoli y una Orquesta de Violines.<br>Estuvieron presentes, adem\u00e1s, el secretario y subsecretario de Salud, Carlos Giordana y Sebasti\u00e1n Faule; la subdirectora de la Maternidad, Mirta Ferreyra, miembros del gabinete sanitario e integrantes del equipo de salud de la instituci\u00f3n.<\/p>\n\n\n\n<p><strong>Sobre la Nueva Maternidad<\/strong><\/p>\n\n\n\n<p>El nuevo espacio comenz\u00f3 a funcionar el lunes 24 de abril del 2023, luego de finalizados los preparativos con las pruebas en vac\u00edo, la diagramaci\u00f3n de los circuitos internos, diferentes simulacros y el operativo de traslados de pacientes internados en la ex maternidad.<\/p>\n\n\n\n<p>En su capacidad m\u00e1xima, dispone de 100 camas cr\u00edticas neonatales, 125 camas de internaci\u00f3n de adultos, un completo servicio de diagn\u00f3stico por im\u00e1genes, tom\u00f3grafo, densit\u00f3metro, entre otras prestaciones.<\/p>\n\n\n\n<p>Tambi\u00e9n cuenta con una residencia para madres.<br>Adem\u00e1s, en el edificio funcionan diferentes dependencias y programas de la cartera sanitaria, como las direcciones de Adolescencias, Juventudes y Adultez; y de Salud del Embarazo, Perinatal y de la Ni\u00f1ez; el Programa de Protecci\u00f3n de la Embarazada y su beb\u00e9; y las \u00e1reas de Bio\u00e9tica y Salud para la Diversidad.<\/p>\n","protected":false},"excerpt":{"rendered":"<p>La Maternidad Provincial celebr\u00f3 el primer aniversario de su puesta en marcha, del que particip\u00f3 el ministro Ricardo Pieckenstainer y otras autoridades de la cartera de Salud. Durante el acto, se destac\u00f3 que el establecimiento aument\u00f3 la capacidad de respuesta hacia la comunidad y sum\u00f3 nuevas especialidades en su primer a\u00f1o de funcionamiento. En detalle, [&hellip;]<\/p>\n","protected":false},"author":4,"featured_media":93602,"comment_status":"open","ping_status":"open","sticky":false,"template":"","format":"standard","meta":{"site-sidebar-layout":"default","site-content-layout":"","ast-site-content-layout":"default","site-content-style":"default","site-sidebar-style":"default","ast-global-header-display":"","ast-banner-title-visibility":"","ast-main-header-display":"","ast-hfb-above-header-display":"","ast-hfb-below-header-display":"","ast-hfb-mobile-header-display":"","site-post-title":"","ast-breadcrumbs-content":"","ast-featured-img":"","footer-sml-layout":"","ast-disable-related-posts":"","theme-transparent-header-meta":"","adv-header-id-meta":"","stick-header-meta":"","header-above-stick-meta":"","header-main-stick-meta":"","header-below-stick-meta":"","astra-migrate-meta-layouts":"set","ast-page-background-enabled":"default","ast-page-background-meta":{"desktop":{"background-color":"","background-image":"","background-repeat":"repeat","background-position":"center center","background-size":"auto","background-attachment":"scroll","background-type":"","background-media":"","overlay-type":"","overlay-color":"","overlay-opacity":"","overlay-gradient":""},"tablet":{"background-color":"","background-image":"","background-repeat":"repeat","background-position":"center center","background-size":"auto","background-attachment":"scroll","background-type":"","background-media":"","overlay-type":"","overlay-color":"","overlay-opacity":"","overlay-gradient":""},"mobile":{"background-color":"","background-image":"","background-repeat":"repeat","background-position":"center center","background-size":"auto","background-attachment":"scroll","background-type":"","background-media":"","overlay-type":"","overlay-color":"","overlay-opacity":"","overlay-gradient":""}},"ast-content-background-meta":{"desktop":{"background-color":"var(--ast-global-color-5)","background-image":"","background-repeat":"repeat","background-position":"center center","background-size":"auto","background-attachment":"scroll","background-type":"","background-media":"","overlay-type":"","overlay-color":"","overlay-opacity":"","overlay-gradient":""},"tablet":{"background-color":"var(--ast-global-color-5)","background-image":"","background-repeat":"repeat","background-position":"center center","background-size":"auto","background-attachment":"scroll","background-type":"","background-media":"","overlay-type":"","overlay-color":"","overlay-opacity":"","overlay-gradient":""},"mobile":{"background-color":"var(--ast-global-color-5)","background-image":"","background-repeat":"repeat","background-position":"center center","background-size":"auto","background-attachment":"scroll","background-type":"","background-media":"","overlay-type":"","overlay-color":"","overlay-opacity":"","overlay-gradient":""}},"_jetpack_memberships_contains_paid_content":false,"_joinchat":[],"footnotes":""},"categories":[16095,5],"tags":[],"class_list":["post-93599","post","type-post","status-publish","format-standard","has-post-thumbnail","hentry","category-provinciales","category-sociedad"],"yoast_head":"<!-- This site is optimized with the Yoast SEO plugin v26.8 - https:\/\/yoast.com\/product\/yoast-seo-wordpress\/ -->\n<title>Nueva Maternidad Provincial: a un a\u00f1o de su puesta en marcha, los nacimientos se incrementaron un 67 % - El Regional<\/title>\n<meta name=\"robots\" content=\"index, follow, max-snippet:-1, max-image-preview:large, max-video-preview:-1\" \/>\n<link rel=\"canonical\" href=\"https:\/\/elregionalvm.com.ar\/noticias-villa-maria\/nueva-maternidad-provincial-a-un-ano-de-su-puesta-en-marcha-los-nacimientos-se-incrementaron-un-67\/\" \/>\n<meta property=\"og:locale\" content=\"es_ES\" \/>\n<meta property=\"og:type\" content=\"article\" \/>\n<meta property=\"og:title\" content=\"Nueva Maternidad Provincial: a un a\u00f1o de su puesta en marcha, los nacimientos se incrementaron un 67 % - El Regional\" \/>\n<meta property=\"og:description\" content=\"La Maternidad Provincial celebr\u00f3 el primer aniversario de su puesta en marcha, del que particip\u00f3 el ministro Ricardo Pieckenstainer y otras autoridades de la cartera de Salud. Durante el acto, se destac\u00f3 que el establecimiento aument\u00f3 la capacidad de respuesta hacia la comunidad y sum\u00f3 nuevas especialidades en su primer a\u00f1o de funcionamiento. En detalle, [&hellip;]\" \/>\n<meta property=\"og:url\" content=\"https:\/\/elregionalvm.com.ar\/noticias-villa-maria\/nueva-maternidad-provincial-a-un-ano-de-su-puesta-en-marcha-los-nacimientos-se-incrementaron-un-67\/\" \/>\n<meta property=\"og:site_name\" content=\"El Regional\" \/>\n<meta property=\"article:publisher\" content=\"https:\/\/www.facebook.com\/elregionalvm\" \/>\n<meta property=\"article:published_time\" content=\"2024-05-08T17:47:45+00:00\" \/>\n<meta property=\"article:modified_time\" content=\"2024-05-08T21:28:15+00:00\" \/>\n<meta property=\"og:image\" content=\"https:\/\/elregionalvm.com.ar\/noticias-villa-maria\/wp-content\/uploads\/2024\/05\/WhatsApp-Image-2024-05-08-at-14.31.37-2.jpeg\" \/>\n\t<meta property=\"og:image:width\" content=\"993\" \/>\n\t<meta property=\"og:image:height\" content=\"662\" \/>\n\t<meta property=\"og:image:type\" content=\"image\/jpeg\" \/>\n<meta name=\"author\" content=\"Contenidos El Regional\" \/>\n<meta name=\"twitter:card\" content=\"summary_large_image\" \/>\n<meta name=\"twitter:creator\" content=\"@elregionalvm1\" \/>\n<meta name=\"twitter:site\" content=\"@elregionalvm1\" \/>\n<meta name=\"twitter:label1\" content=\"Escrito por\" \/>\n\t<meta name=\"twitter:data1\" content=\"Contenidos El Regional\" \/>\n\t<meta name=\"twitter:label2\" content=\"Tiempo de lectura\" \/>\n\t<meta name=\"twitter:data2\" content=\"4 minutos\" \/>\n<script type=\"application\/ld+json\" class=\"yoast-schema-graph\">{\"@context\":\"https:\/\/schema.org\",\"@graph\":[{\"@type\":\"Article\",\"@id\":\"https:\/\/elregionalvm.com.ar\/noticias-villa-maria\/nueva-maternidad-provincial-a-un-ano-de-su-puesta-en-marcha-los-nacimientos-se-incrementaron-un-67\/#article\",\"isPartOf\":{\"@id\":\"https:\/\/elregionalvm.com.ar\/noticias-villa-maria\/nueva-maternidad-provincial-a-un-ano-de-su-puesta-en-marcha-los-nacimientos-se-incrementaron-un-67\/\"},\"author\":{\"name\":\"Contenidos El Regional\",\"@id\":\"http:\/\/elregionalvm.com.ar\/noticias-villa-maria\/#\/schema\/person\/a0fb9c422317faca23d50163151bc354\"},\"headline\":\"Nueva Maternidad Provincial: a un a\u00f1o de su puesta en marcha, los nacimientos se incrementaron un 67 %\",\"datePublished\":\"2024-05-08T17:47:45+00:00\",\"dateModified\":\"2024-05-08T21:28:15+00:00\",\"mainEntityOfPage\":{\"@id\":\"https:\/\/elregionalvm.com.ar\/noticias-villa-maria\/nueva-maternidad-provincial-a-un-ano-de-su-puesta-en-marcha-los-nacimientos-se-incrementaron-un-67\/\"},\"wordCount\":653,\"commentCount\":0,\"image\":{\"@id\":\"https:\/\/elregionalvm.com.ar\/noticias-villa-maria\/nueva-maternidad-provincial-a-un-ano-de-su-puesta-en-marcha-los-nacimientos-se-incrementaron-un-67\/#primaryimage\"},\"thumbnailUrl\":\"https:\/\/i0.wp.com\/elregionalvm.com.ar\/noticias-villa-maria\/wp-content\/uploads\/2024\/05\/WhatsApp-Image-2024-05-08-at-14.31.37-2.jpeg?fit=993%2C662&ssl=1\",\"articleSection\":[\"Provinciales\",\"Sociedad\"],\"inLanguage\":\"es\",\"potentialAction\":[{\"@type\":\"CommentAction\",\"name\":\"Comment\",\"target\":[\"https:\/\/elregionalvm.com.ar\/noticias-villa-maria\/nueva-maternidad-provincial-a-un-ano-de-su-puesta-en-marcha-los-nacimientos-se-incrementaron-un-67\/#respond\"]}]},{\"@type\":\"WebPage\",\"@id\":\"https:\/\/elregionalvm.com.ar\/noticias-villa-maria\/nueva-maternidad-provincial-a-un-ano-de-su-puesta-en-marcha-los-nacimientos-se-incrementaron-un-67\/\",\"url\":\"https:\/\/elregionalvm.com.ar\/noticias-villa-maria\/nueva-maternidad-provincial-a-un-ano-de-su-puesta-en-marcha-los-nacimientos-se-incrementaron-un-67\/\",\"name\":\"Nueva Maternidad Provincial: a un a\u00f1o de su puesta en marcha, los nacimientos se incrementaron un 67 % - El Regional\",\"isPartOf\":{\"@id\":\"http:\/\/elregionalvm.com.ar\/noticias-villa-maria\/#website\"},\"primaryImageOfPage\":{\"@id\":\"https:\/\/elregionalvm.com.ar\/noticias-villa-maria\/nueva-maternidad-provincial-a-un-ano-de-su-puesta-en-marcha-los-nacimientos-se-incrementaron-un-67\/#primaryimage\"},\"image\":{\"@id\":\"https:\/\/elregionalvm.com.ar\/noticias-villa-maria\/nueva-maternidad-provincial-a-un-ano-de-su-puesta-en-marcha-los-nacimientos-se-incrementaron-un-67\/#primaryimage\"},\"thumbnailUrl\":\"https:\/\/i0.wp.com\/elregionalvm.com.ar\/noticias-villa-maria\/wp-content\/uploads\/2024\/05\/WhatsApp-Image-2024-05-08-at-14.31.37-2.jpeg?fit=993%2C662&ssl=1\",\"datePublished\":\"2024-05-08T17:47:45+00:00\",\"dateModified\":\"2024-05-08T21:28:15+00:00\",\"author\":{\"@id\":\"http:\/\/elregionalvm.com.ar\/noticias-villa-maria\/#\/schema\/person\/a0fb9c422317faca23d50163151bc354\"},\"breadcrumb\":{\"@id\":\"https:\/\/elregionalvm.com.ar\/noticias-villa-maria\/nueva-maternidad-provincial-a-un-ano-de-su-puesta-en-marcha-los-nacimientos-se-incrementaron-un-67\/#breadcrumb\"},\"inLanguage\":\"es\",\"potentialAction\":[{\"@type\":\"ReadAction\",\"target\":[\"https:\/\/elregionalvm.com.ar\/noticias-villa-maria\/nueva-maternidad-provincial-a-un-ano-de-su-puesta-en-marcha-los-nacimientos-se-incrementaron-un-67\/\"]}]},{\"@type\":\"ImageObject\",\"inLanguage\":\"es\",\"@id\":\"https:\/\/elregionalvm.com.ar\/noticias-villa-maria\/nueva-maternidad-provincial-a-un-ano-de-su-puesta-en-marcha-los-nacimientos-se-incrementaron-un-67\/#primaryimage\",\"url\":\"https:\/\/i0.wp.com\/elregionalvm.com.ar\/noticias-villa-maria\/wp-content\/uploads\/2024\/05\/WhatsApp-Image-2024-05-08-at-14.31.37-2.jpeg?fit=993%2C662&ssl=1\",\"contentUrl\":\"https:\/\/i0.wp.com\/elregionalvm.com.ar\/noticias-villa-maria\/wp-content\/uploads\/2024\/05\/WhatsApp-Image-2024-05-08-at-14.31.37-2.jpeg?fit=993%2C662&ssl=1\",\"width\":993,\"height\":662},{\"@type\":\"BreadcrumbList\",\"@id\":\"https:\/\/elregionalvm.com.ar\/noticias-villa-maria\/nueva-maternidad-provincial-a-un-ano-de-su-puesta-en-marcha-los-nacimientos-se-incrementaron-un-67\/#breadcrumb\",\"itemListElement\":[{\"@type\":\"ListItem\",\"position\":1,\"name\":\"Portada\",\"item\":\"https:\/\/elregionalvm.com.ar\/noticias-villa-maria\/\"},{\"@type\":\"ListItem\",\"position\":2,\"name\":\"Nueva Maternidad Provincial: a un a\u00f1o de su puesta en marcha, los nacimientos se incrementaron un 67 %\"}]},{\"@type\":\"WebSite\",\"@id\":\"http:\/\/elregionalvm.com.ar\/noticias-villa-maria\/#website\",\"url\":\"http:\/\/elregionalvm.com.ar\/noticias-villa-maria\/\",\"name\":\"El Regional\",\"description\":\"Mucho m\u00e1s que informaci\u00f3n\",\"potentialAction\":[{\"@type\":\"SearchAction\",\"target\":{\"@type\":\"EntryPoint\",\"urlTemplate\":\"http:\/\/elregionalvm.com.ar\/noticias-villa-maria\/?s={search_term_string}\"},\"query-input\":{\"@type\":\"PropertyValueSpecification\",\"valueRequired\":true,\"valueName\":\"search_term_string\"}}],\"inLanguage\":\"es\"},{\"@type\":\"Person\",\"@id\":\"http:\/\/elregionalvm.com.ar\/noticias-villa-maria\/#\/schema\/person\/a0fb9c422317faca23d50163151bc354\",\"name\":\"Contenidos El Regional\",\"image\":{\"@type\":\"ImageObject\",\"inLanguage\":\"es\",\"@id\":\"http:\/\/elregionalvm.com.ar\/noticias-villa-maria\/#\/schema\/person\/image\/\",\"url\":\"https:\/\/secure.gravatar.com\/avatar\/265b27cb2209af7bb3a1318f03305787d7981a5cc6e6cd08fe5a4ecdf99d4b48?s=96&d=mm&r=g\",\"contentUrl\":\"https:\/\/secure.gravatar.com\/avatar\/265b27cb2209af7bb3a1318f03305787d7981a5cc6e6cd08fe5a4ecdf99d4b48?s=96&d=mm&r=g\",\"caption\":\"Contenidos El Regional\"},\"url\":\"https:\/\/elregionalvm.com.ar\/noticias-villa-maria\/author\/contenido\/\"}]}<\/script>\n<!-- \/ Yoast SEO plugin. -->","yoast_head_json":{"title":"Nueva Maternidad Provincial: a un a\u00f1o de su puesta en marcha, los nacimientos se incrementaron un 67 % - El Regional","robots":{"index":"index","follow":"follow","max-snippet":"max-snippet:-1","max-image-preview":"max-image-preview:large","max-video-preview":"max-video-preview:-1"},"canonical":"https:\/\/elregionalvm.com.ar\/noticias-villa-maria\/nueva-maternidad-provincial-a-un-ano-de-su-puesta-en-marcha-los-nacimientos-se-incrementaron-un-67\/","og_locale":"es_ES","og_type":"article","og_title":"Nueva Maternidad Provincial: a un a\u00f1o de su puesta en marcha, los nacimientos se incrementaron un 67 % - El Regional","og_description":"La Maternidad Provincial celebr\u00f3 el primer aniversario de su puesta en marcha, del que particip\u00f3 el ministro Ricardo Pieckenstainer y otras autoridades de la cartera de Salud. Durante el acto, se destac\u00f3 que el establecimiento aument\u00f3 la capacidad de respuesta hacia la comunidad y sum\u00f3 nuevas especialidades en su primer a\u00f1o de funcionamiento. En detalle, [&hellip;]","og_url":"https:\/\/elregionalvm.com.ar\/noticias-villa-maria\/nueva-maternidad-provincial-a-un-ano-de-su-puesta-en-marcha-los-nacimientos-se-incrementaron-un-67\/","og_site_name":"El Regional","article_publisher":"https:\/\/www.facebook.com\/elregionalvm","article_published_time":"2024-05-08T17:47:45+00:00","article_modified_time":"2024-05-08T21:28:15+00:00","og_image":[{"width":993,"height":662,"url":"https:\/\/elregionalvm.com.ar\/noticias-villa-maria\/wp-content\/uploads\/2024\/05\/WhatsApp-Image-2024-05-08-at-14.31.37-2.jpeg","type":"image\/jpeg"}],"author":"Contenidos El Regional","twitter_card":"summary_large_image","twitter_creator":"@elregionalvm1","twitter_site":"@elregionalvm1","twitter_misc":{"Escrito por":"Contenidos El Regional","Tiempo de lectura":"4 minutos"},"schema":{"@context":"https:\/\/schema.org","@graph":[{"@type":"Article","@id":"https:\/\/elregionalvm.com.ar\/noticias-villa-maria\/nueva-maternidad-provincial-a-un-ano-de-su-puesta-en-marcha-los-nacimientos-se-incrementaron-un-67\/#article","isPartOf":{"@id":"https:\/\/elregionalvm.com.ar\/noticias-villa-maria\/nueva-maternidad-provincial-a-un-ano-de-su-puesta-en-marcha-los-nacimientos-se-incrementaron-un-67\/"},"author":{"name":"Contenidos El Regional","@id":"http:\/\/elregionalvm.com.ar\/noticias-villa-maria\/#\/schema\/person\/a0fb9c422317faca23d50163151bc354"},"headline":"Nueva Maternidad Provincial: a un a\u00f1o de su puesta en marcha, los nacimientos se incrementaron un 67 %","datePublished":"2024-05-08T17:47:45+00:00","dateModified":"2024-05-08T21:28:15+00:00","mainEntityOfPage":{"@id":"https:\/\/elregionalvm.com.ar\/noticias-villa-maria\/nueva-maternidad-provincial-a-un-ano-de-su-puesta-en-marcha-los-nacimientos-se-incrementaron-un-67\/"},"wordCount":653,"commentCount":0,"image":{"@id":"https:\/\/elregionalvm.com.ar\/noticias-villa-maria\/nueva-maternidad-provincial-a-un-ano-de-su-puesta-en-marcha-los-nacimientos-se-incrementaron-un-67\/#primaryimage"},"thumbnailUrl":"https:\/\/i0.wp.com\/elregionalvm.com.ar\/noticias-villa-maria\/wp-content\/uploads\/2024\/05\/WhatsApp-Image-2024-05-08-at-14.31.37-2.jpeg?fit=993%2C662&ssl=1","articleSection":["Provinciales","Sociedad"],"inLanguage":"es","potentialAction":[{"@type":"CommentAction","name":"Comment","target":["https:\/\/elregionalvm.com.ar\/noticias-villa-maria\/nueva-maternidad-provincial-a-un-ano-de-su-puesta-en-marcha-los-nacimientos-se-incrementaron-un-67\/#respond"]}]},{"@type":"WebPage","@id":"https:\/\/elregionalvm.com.ar\/noticias-villa-maria\/nueva-maternidad-provincial-a-un-ano-de-su-puesta-en-marcha-los-nacimientos-se-incrementaron-un-67\/","url":"https:\/\/elregionalvm.com.ar\/noticias-villa-maria\/nueva-maternidad-provincial-a-un-ano-de-su-puesta-en-marcha-los-nacimientos-se-incrementaron-un-67\/","name":"Nueva Maternidad Provincial: a un a\u00f1o de su puesta en marcha, los nacimientos se incrementaron un 67 % - El Regional","isPartOf":{"@id":"http:\/\/elregionalvm.com.ar\/noticias-villa-maria\/#website"},"primaryImageOfPage":{"@id":"https:\/\/elregionalvm.com.ar\/noticias-villa-maria\/nueva-maternidad-provincial-a-un-ano-de-su-puesta-en-marcha-los-nacimientos-se-incrementaron-un-67\/#primaryimage"},"image":{"@id":"https:\/\/elregionalvm.com.ar\/noticias-villa-maria\/nueva-maternidad-provincial-a-un-ano-de-su-puesta-en-marcha-los-nacimientos-se-incrementaron-un-67\/#primaryimage"},"thumbnailUrl":"https:\/\/i0.wp.com\/elregionalvm.com.ar\/noticias-villa-maria\/wp-content\/uploads\/2024\/05\/WhatsApp-Image-2024-05-08-at-14.31.37-2.jpeg?fit=993%2C662&ssl=1","datePublished":"2024-05-08T17:47:45+00:00","dateModified":"2024-05-08T21:28:15+00:00","author":{"@id":"http:\/\/elregionalvm.com.ar\/noticias-villa-maria\/#\/schema\/person\/a0fb9c422317faca23d50163151bc354"},"breadcrumb":{"@id":"https:\/\/elregionalvm.com.ar\/noticias-villa-maria\/nueva-maternidad-provincial-a-un-ano-de-su-puesta-en-marcha-los-nacimientos-se-incrementaron-un-67\/#breadcrumb"},"inLanguage":"es","potentialAction":[{"@type":"ReadAction","target":["https:\/\/elregionalvm.com.ar\/noticias-villa-maria\/nueva-maternidad-provincial-a-un-ano-de-su-puesta-en-marcha-los-nacimientos-se-incrementaron-un-67\/"]}]},{"@type":"ImageObject","inLanguage":"es","@id":"https:\/\/elregionalvm.com.ar\/noticias-villa-maria\/nueva-maternidad-provincial-a-un-ano-de-su-puesta-en-marcha-los-nacimientos-se-incrementaron-un-67\/#primaryimage","url":"https:\/\/i0.wp.com\/elregionalvm.com.ar\/noticias-villa-maria\/wp-content\/uploads\/2024\/05\/WhatsApp-Image-2024-05-08-at-14.31.37-2.jpeg?fit=993%2C662&ssl=1","contentUrl":"https:\/\/i0.wp.com\/elregionalvm.com.ar\/noticias-villa-maria\/wp-content\/uploads\/2024\/05\/WhatsApp-Image-2024-05-08-at-14.31.37-2.jpeg?fit=993%2C662&ssl=1","width":993,"height":662},{"@type":"BreadcrumbList","@id":"https:\/\/elregionalvm.com.ar\/noticias-villa-maria\/nueva-maternidad-provincial-a-un-ano-de-su-puesta-en-marcha-los-nacimientos-se-incrementaron-un-67\/#breadcrumb","itemListElement":[{"@type":"ListItem","position":1,"name":"Portada","item":"https:\/\/elregionalvm.com.ar\/noticias-villa-maria\/"},{"@type":"ListItem","position":2,"name":"Nueva Maternidad Provincial: a un a\u00f1o de su puesta en marcha, los nacimientos se incrementaron un 67 %"}]},{"@type":"WebSite","@id":"http:\/\/elregionalvm.com.ar\/noticias-villa-maria\/#website","url":"http:\/\/elregionalvm.com.ar\/noticias-villa-maria\/","name":"El Regional","description":"Mucho m\u00e1s que informaci\u00f3n","potentialAction":[{"@type":"SearchAction","target":{"@type":"EntryPoint","urlTemplate":"http:\/\/elregionalvm.com.ar\/noticias-villa-maria\/?s={search_term_string}"},"query-input":{"@type":"PropertyValueSpecification","valueRequired":true,"valueName":"search_term_string"}}],"inLanguage":"es"},{"@type":"Person","@id":"http:\/\/elregionalvm.com.ar\/noticias-villa-maria\/#\/schema\/person\/a0fb9c422317faca23d50163151bc354","name":"Contenidos El Regional","image":{"@type":"ImageObject","inLanguage":"es","@id":"http:\/\/elregionalvm.com.ar\/noticias-villa-maria\/#\/schema\/person\/image\/","url":"https:\/\/secure.gravatar.com\/avatar\/265b27cb2209af7bb3a1318f03305787d7981a5cc6e6cd08fe5a4ecdf99d4b48?s=96&d=mm&r=g","contentUrl":"https:\/\/secure.gravatar.com\/avatar\/265b27cb2209af7bb3a1318f03305787d7981a5cc6e6cd08fe5a4ecdf99d4b48?s=96&d=mm&r=g","caption":"Contenidos El Regional"},"url":"https:\/\/elregionalvm.com.ar\/noticias-villa-maria\/author\/contenido\/"}]}},"jetpack_featured_media_url":"https:\/\/i0.wp.com\/elregionalvm.com.ar\/noticias-villa-maria\/wp-content\/uploads\/2024\/05\/WhatsApp-Image-2024-05-08-at-14.31.37-2.jpeg?fit=993%2C662&ssl=1","jetpack_sharing_enabled":true,"_links":{"self":[{"href":"https:\/\/elregionalvm.com.ar\/noticias-villa-maria\/wp-json\/wp\/v2\/posts\/93599","targetHints":{"allow":["GET"]}}],"collection":[{"href":"https:\/\/elregionalvm.com.ar\/noticias-villa-maria\/wp-json\/wp\/v2\/posts"}],"about":[{"href":"https:\/\/elregionalvm.com.ar\/noticias-villa-maria\/wp-json\/wp\/v2\/types\/post"}],"author":[{"embeddable":true,"href":"https:\/\/elregionalvm.com.ar\/noticias-villa-maria\/wp-json\/wp\/v2\/users\/4"}],"replies":[{"embeddable":true,"href":"https:\/\/elregionalvm.com.ar\/noticias-villa-maria\/wp-json\/wp\/v2\/comments?post=93599"}],"version-history":[{"count":1,"href":"https:\/\/elregionalvm.com.ar\/noticias-villa-maria\/wp-json\/wp\/v2\/posts\/93599\/revisions"}],"predecessor-version":[{"id":93603,"href":"https:\/\/elregionalvm.com.ar\/noticias-villa-maria\/wp-json\/wp\/v2\/posts\/93599\/revisions\/93603"}],"wp:featuredmedia":[{"embeddable":true,"href":"https:\/\/elregionalvm.com.ar\/noticias-villa-maria\/wp-json\/wp\/v2\/media\/93602"}],"wp:attachment":[{"href":"https:\/\/elregionalvm.com.ar\/noticias-villa-maria\/wp-json\/wp\/v2\/media?parent=93599"}],"wp:term":[{"taxonomy":"category","embeddable":true,"href":"https:\/\/elregionalvm.com.ar\/noticias-villa-maria\/wp-json\/wp\/v2\/categories?post=93599"},{"taxonomy":"post_tag","embeddable":true,"href":"https:\/\/elregionalvm.com.ar\/noticias-villa-maria\/wp-json\/wp\/v2\/tags?post=93599"}],"curies":[{"name":"wp","href":"https:\/\/api.w.org\/{rel}","templated":true}]}}